{"id":53212,"date":"2017-08-10T15:49:11","date_gmt":"2017-08-10T18:49:11","guid":{"rendered":"https:\/\/www.jornalja.com.br\/?p=53212"},"modified":"2017-08-10T15:49:11","modified_gmt":"2017-08-10T18:49:11","slug":"expointer-espera-manter-volume-de-r-192-bi-em-negocios","status":"publish","type":"post","link":"https:\/\/www.jornalja.com.br\/arquivo\/expointer-espera-manter-volume-de-r-192-bi-em-negocios\/","title":{"rendered":"Expointer espera manter volume de R$ 1,92 bi em neg\u00f3cios"},"content":{"rendered":"<p>Foi lan\u00e7ado na manh\u00e3 desta quinta-feira a 40\u00aa edi\u00e7\u00e3o da Expointer, que acontece de 26 de agosto a 3 de setembro, no Parque de Exposi\u00e7\u00f5es Assis Brasil, em Esteio.<br \/>\n\u201cA cada edi\u00e7\u00e3o da Expointer, celebramos a for\u00e7a do campo e dos nossos produtores, que mant\u00eam seu dinamismo mesmo diante das dificuldades e seguem mostrando ao mundo o que h\u00e1 de melhor na agricultura e na pecu\u00e1ria do Rio Grande do Sul\u201d, disse o governador Jos\u00e9 Ivo Sartori. Ele ainda salientou que a Expointer \u00e9 um evento consolidado, \u201cporque \u00e9 resultado de uma constru\u00e7\u00e3o coletiva\u201d, disse, no evento promocional realizado no Theatro S\u00e3o Pedro.<br \/>\nPara a 40\u00aa edi\u00e7\u00e3o, a expectativa dos organizadores \u00e9 repetir os n\u00fameros de 2016, quando o volume de neg\u00f3cios chegou a R$ 1,92 bilh\u00e3o. \u201cPelo cen\u00e1rio que estamos vivendo, se conseguirmos repetir o volume de neg\u00f3cios j\u00e1 \u00e9 um bom resultado. \u00c9 claro que a gente sempre busca mais, o desejo \u00e9 esse. E se analisarmos as feiras que j\u00e1 aconteceram este ano, verificasse uma pequena recupera\u00e7\u00e3o\u201d, afirmou o secret\u00e1rio<span class=\"st\"> de Agricultura, <\/span>Ernani Polo.<br \/>\nNo ano passado, a venda de m\u00e1quinas cresceu 12,95% em rela\u00e7\u00e3o a 2015. As propostas e os neg\u00f3cios fechados durante a feira somaram R$ 1,9 bilh\u00e3o. E a comercializa\u00e7\u00e3o de animais totalizou R$ 11,77 milh\u00f5es.<br \/>\n<span class=\"intertit\">Mais de 3 mil animais em exposi\u00e7\u00e3o\u00a0 <\/span><br \/>\nA feira deste ano tem 3.207 animais de argola, de 88 ra\u00e7as, inscritos nas competi\u00e7\u00f5es. Excluindo p\u00e1ssaros e aves, impossibilitados de participar devido \u00e0 gripe avi\u00e1ria, o n\u00famero se manteve est\u00e1vel em rela\u00e7\u00e3o a 2016.<br \/>\nPela primeira vez, os ovinos naturalmente coloridos participam da exposi\u00e7\u00e3o oficial com seis ra\u00e7as: Corriedale, Romney Marsh, Hampshire Down, Texel, Ile de France e Suffolk.<br \/>\nNo gado de corte, houve um aumento expressivo na participa\u00e7\u00e3o da ra\u00e7a Normanda, que passou de oito para 25 animais inscritos, e um crescimento de 44% nas inscri\u00e7\u00f5es de zebu\u00ednos. Vinda de Minas Gerais, a ra\u00e7a Guzolando &#8211; de aptid\u00e3o leiteira, resultado da mistura entre Guzer\u00e1 e Holand\u00eas &#8211; \u00e9 a estreante da feira.<br \/>\nAs inscri\u00e7\u00f5es para os animais r\u00fasticos terminam no dia 14 de agosto, na Secretaria da Agricultura, Pecu\u00e1ria e Irriga\u00e7\u00e3o, juntamente com a dos animais para leil\u00e3o, provas e apresenta\u00e7\u00f5es. O ingresso dos animais come\u00e7a no dia 21, \u00e0s 8h.<br \/>\n<span class=\"intertit\">Agricultura Familiar<\/span><br \/>\nA 19\u00aa Feira da Agricultura Familiar vai contar com 201 empreendimentos dispostos em 198 espa\u00e7os e mais quatro cozinhas. S\u00e3o 145 agroind\u00fastrias familiares, 47 artesanatos rurais, plantas e flores. Ao todo, a mostra envolve 1.340 fam\u00edlias de 131 munic\u00edpios ga\u00fachos.<br \/>\nA feira ter\u00e1 tamb\u00e9m seis expositores de Minas Gerais. Em 2016, o Pavilh\u00e3o da Agricultura Familiar superou os R$ 2 milh\u00f5es em vendas.<br \/>\nO Parque Assis Brasil, em Esteio, tem 45,3 mil metros quadrados de pavilh\u00f5es cobertos, 70 mil metros quadrados de \u00e1rea de exposi\u00e7\u00e3o, nove espa\u00e7os para leil\u00f5es, audit\u00f3rios e 19 locais para julgamentos. A estrutura conta tamb\u00e9m com 10 mil vagas de estacionamento, postos m\u00e9dicos, restaurantes, ag\u00eancias banc\u00e1rias e internet.<br \/>\nA programa\u00e7\u00e3o conta com mais de 280 atra\u00e7\u00f5es simult\u00e2neas, entre exposi\u00e7\u00f5es, palestras t\u00e9cnicas, shows e eventos culturais, al\u00e9m dos julgamentos e leil\u00f5es de animais.<\/p>\n","protected":false},"excerpt":{"rendered":"<p>Foi lan\u00e7ado na manh\u00e3 desta quinta-feira a 40\u00aa edi\u00e7\u00e3o da Expointer, que acontece de 26 de agosto a 3 de setembro, no Parque de Exposi\u00e7\u00f5es Assis Brasil, em Esteio. \u201cA cada edi\u00e7\u00e3o da Expointer, celebramos a for\u00e7a do campo e dos nossos produtores, que mant\u00eam seu dinamismo mesmo diante das dificuldades e seguem mostrando ao [&hellip;]<\/p>\n","protected":false},"author":4,"featured_media":53213,"comment_status":"open","ping_status":"closed","sticky":false,"template":"","format":"standard","meta":{"_jetpack_newsletter_access":"","_jetpack_dont_email_post_to_subs":false,"_jetpack_newsletter_tier_id":0,"_jetpack_memberships_contains_paywalled_content":false,"_jetpack_feature_clip_id":0,"_jetpack_memberships_contains_paid_content":false,"footnotes":"","jetpack_post_was_ever_published":false},"categories":[26],"tags":[],"class_list":["post-53212","post","type-post","status-publish","format-standard","has-post-thumbnail","hentry","category-geral"],"aioseo_notices":[],"aioseo_head":"\n\t\t<!-- All in One SEO 5.0.1.1 - aioseo.com -->\n\t<meta name=\"robots\" content=\"max-image-preview:large\" \/>\n\t<meta name=\"author\" content=\"da Reda\u00e7\u00e3o\"\/>\n\t<link rel=\"canonical\" href=\"https:\/\/www.jornalja.com.br\/arquivo\/expointer-espera-manter-volume-de-r-192-bi-em-negocios\/\" \/>\n\t<meta name=\"generator\" content=\"All in One SEO (AIOSEO) 5.0.1.1\" \/>\n\t\t<meta property=\"og:locale\" content=\"pt_BR\" \/>\n\t\t<meta property=\"og:site_name\" content=\"Arquivo | Jornal J\u00c1 | Porto Alegre\" \/>\n\t\t<meta property=\"og:type\" content=\"article\" \/>\n\t\t<meta property=\"og:title\" content=\"Expointer espera manter volume de R$ 1,92 bi em neg\u00f3cios | Arquivo\" \/>\n\t\t<meta property=\"og:url\" content=\"https:\/\/www.jornalja.com.br\/arquivo\/expointer-espera-manter-volume-de-r-192-bi-em-negocios\/\" \/>\n\t\t<meta property=\"og:image\" content=\"https:\/\/www.jornalja.com.br\/economics\/wp-content\/uploads\/sites\/11\/2026\/08\/ja-folhaderosto-facebook.jpg\" \/>\n\t\t<meta property=\"og:image:secure_url\" content=\"https:\/\/www.jornalja.com.br\/economics\/wp-content\/uploads\/sites\/11\/2026\/08\/ja-folhaderosto-facebook.jpg\" \/>\n\t\t<meta property=\"article:published_time\" content=\"2017-08-10T18:49:11+00:00\" \/>\n\t\t<meta property=\"article:modified_time\" content=\"2017-08-10T18:49:11+00:00\" \/>\n\t\t<meta name=\"twitter:card\" content=\"summary\" \/>\n\t\t<meta name=\"twitter:title\" content=\"Expointer espera manter volume de R$ 1,92 bi em neg\u00f3cios | Arquivo\" \/>\n\t\t<meta name=\"twitter:image\" content=\"https:\/\/www.jornalja.com.br\/economics\/wp-content\/uploads\/sites\/11\/2026\/08\/ja-folhaderosto-facebook.jpg\" \/>\n\t\t<script type=\"application\/ld+json\" class=\"aioseo-schema\">\n\t\t\t{\"@context\":\"https:\\\/\\\/schema.org\",\"@graph\":[{\"@type\":\"BlogPosting\",\"@id\":\"https:\\\/\\\/www.jornalja.com.br\\\/arquivo\\\/expointer-espera-manter-volume-de-r-192-bi-em-negocios\\\/#blogposting\",\"name\":\"Expointer espera manter volume de R$ 1,92 bi em neg\\u00f3cios | Arquivo\",\"headline\":\"Expointer espera manter volume de R$ 1,92 bi em neg\\u00f3cios\",\"author\":{\"@id\":\"https:\\\/\\\/www.jornalja.com.br\\\/arquivo\\\/author\\\/daredacao\\\/#author\"},\"publisher\":{\"@id\":\"https:\\\/\\\/www.jornalja.com.br\\\/arquivo\\\/#organization\"},\"image\":{\"@type\":\"ImageObject\",\"url\":53213},\"datePublished\":\"2017-08-10T15:49:11-03:00\",\"dateModified\":\"2017-08-10T15:49:11-03:00\",\"inLanguage\":\"pt-BR\",\"mainEntityOfPage\":{\"@id\":\"https:\\\/\\\/www.jornalja.com.br\\\/arquivo\\\/expointer-espera-manter-volume-de-r-192-bi-em-negocios\\\/#webpage\"},\"isPartOf\":{\"@id\":\"https:\\\/\\\/www.jornalja.com.br\\\/arquivo\\\/expointer-espera-manter-volume-de-r-192-bi-em-negocios\\\/#webpage\"},\"articleSection\":\"Geral\"},{\"@type\":\"BreadcrumbList\",\"@id\":\"https:\\\/\\\/www.jornalja.com.br\\\/arquivo\\\/expointer-espera-manter-volume-de-r-192-bi-em-negocios\\\/#breadcrumblist\",\"itemListElement\":[{\"@type\":\"ListItem\",\"@id\":\"https:\\\/\\\/www.jornalja.com.br\\\/arquivo#listItem\",\"position\":1,\"name\":\"Home\",\"item\":\"https:\\\/\\\/www.jornalja.com.br\\\/arquivo\",\"nextItem\":{\"@type\":\"ListItem\",\"@id\":\"https:\\\/\\\/www.jornalja.com.br\\\/arquivo\\\/category\\\/geral\\\/#listItem\",\"name\":\"Geral\"}},{\"@type\":\"ListItem\",\"@id\":\"https:\\\/\\\/www.jornalja.com.br\\\/arquivo\\\/category\\\/geral\\\/#listItem\",\"position\":2,\"name\":\"Geral\",\"item\":\"https:\\\/\\\/www.jornalja.com.br\\\/arquivo\\\/category\\\/geral\\\/\",\"nextItem\":{\"@type\":\"ListItem\",\"@id\":\"https:\\\/\\\/www.jornalja.com.br\\\/arquivo\\\/expointer-espera-manter-volume-de-r-192-bi-em-negocios\\\/#listItem\",\"name\":\"Expointer espera manter volume de R$ 1,92 bi em neg\\u00f3cios\"},\"previousItem\":{\"@type\":\"ListItem\",\"@id\":\"https:\\\/\\\/www.jornalja.com.br\\\/arquivo#listItem\",\"name\":\"Home\"}},{\"@type\":\"ListItem\",\"@id\":\"https:\\\/\\\/www.jornalja.com.br\\\/arquivo\\\/expointer-espera-manter-volume-de-r-192-bi-em-negocios\\\/#listItem\",\"position\":3,\"name\":\"Expointer espera manter volume de R$ 1,92 bi em neg\\u00f3cios\",\"previousItem\":{\"@type\":\"ListItem\",\"@id\":\"https:\\\/\\\/www.jornalja.com.br\\\/arquivo\\\/category\\\/geral\\\/#listItem\",\"name\":\"Geral\"}}]},{\"@type\":\"Organization\",\"@id\":\"https:\\\/\\\/www.jornalja.com.br\\\/arquivo\\\/#organization\",\"name\":\"Jornal J\\u00c1\",\"description\":\"Jornal J\\u00c1 | Porto Alegre\",\"url\":\"https:\\\/\\\/www.jornalja.com.br\\\/arquivo\\\/\",\"telephone\":\"+555133307272\",\"logo\":{\"@type\":\"ImageObject\",\"url\":\"https:\\\/\\\/www.jornalja.com.br\\\/wp-content\\\/uploads\\\/cards\\\/JAslogan.png\",\"@id\":\"https:\\\/\\\/www.jornalja.com.br\\\/arquivo\\\/expointer-espera-manter-volume-de-r-192-bi-em-negocios\\\/#organizationLogo\"},\"image\":{\"@id\":\"https:\\\/\\\/www.jornalja.com.br\\\/arquivo\\\/expointer-espera-manter-volume-de-r-192-bi-em-negocios\\\/#organizationLogo\"}},{\"@type\":\"Person\",\"@id\":\"https:\\\/\\\/www.jornalja.com.br\\\/arquivo\\\/author\\\/daredacao\\\/#author\",\"url\":\"https:\\\/\\\/www.jornalja.com.br\\\/arquivo\\\/author\\\/daredacao\\\/\",\"name\":\"da Reda\\u00e7\\u00e3o\",\"image\":{\"@type\":\"ImageObject\",\"@id\":\"https:\\\/\\\/www.jornalja.com.br\\\/arquivo\\\/expointer-espera-manter-volume-de-r-192-bi-em-negocios\\\/#authorImage\",\"url\":\"https:\\\/\\\/secure.gravatar.com\\\/avatar\\\/469fd857d6605ad19919d27ed29d35a968a25f6e8fd9318356bbb7f57aae9c65?s=96&d=mm&r=g\",\"width\":96,\"height\":96,\"caption\":\"da Reda\\u00e7\\u00e3o\"}},{\"@type\":\"WebPage\",\"@id\":\"https:\\\/\\\/www.jornalja.com.br\\\/arquivo\\\/expointer-espera-manter-volume-de-r-192-bi-em-negocios\\\/#webpage\",\"url\":\"https:\\\/\\\/www.jornalja.com.br\\\/arquivo\\\/expointer-espera-manter-volume-de-r-192-bi-em-negocios\\\/\",\"name\":\"Expointer espera manter volume de R$ 1,92 bi em neg\\u00f3cios | Arquivo\",\"inLanguage\":\"pt-BR\",\"isPartOf\":{\"@id\":\"https:\\\/\\\/www.jornalja.com.br\\\/arquivo\\\/#website\"},\"breadcrumb\":{\"@id\":\"https:\\\/\\\/www.jornalja.com.br\\\/arquivo\\\/expointer-espera-manter-volume-de-r-192-bi-em-negocios\\\/#breadcrumblist\"},\"author\":{\"@id\":\"https:\\\/\\\/www.jornalja.com.br\\\/arquivo\\\/author\\\/daredacao\\\/#author\"},\"creator\":{\"@id\":\"https:\\\/\\\/www.jornalja.com.br\\\/arquivo\\\/author\\\/daredacao\\\/#author\"},\"image\":{\"@type\":\"ImageObject\",\"url\":53213,\"@id\":\"https:\\\/\\\/www.jornalja.com.br\\\/arquivo\\\/expointer-espera-manter-volume-de-r-192-bi-em-negocios\\\/#mainImage\"},\"primaryImageOfPage\":{\"@id\":\"https:\\\/\\\/www.jornalja.com.br\\\/arquivo\\\/expointer-espera-manter-volume-de-r-192-bi-em-negocios\\\/#mainImage\"},\"datePublished\":\"2017-08-10T15:49:11-03:00\",\"dateModified\":\"2017-08-10T15:49:11-03:00\"},{\"@type\":\"WebSite\",\"@id\":\"https:\\\/\\\/www.jornalja.com.br\\\/arquivo\\\/#website\",\"url\":\"https:\\\/\\\/www.jornalja.com.br\\\/arquivo\\\/\",\"name\":\"Arquivo\",\"description\":\"Jornal J\\u00c1 | Porto Alegre\",\"inLanguage\":\"pt-BR\",\"publisher\":{\"@id\":\"https:\\\/\\\/www.jornalja.com.br\\\/arquivo\\\/#organization\"}}]}\n\t\t<\/script>\n\t\t<!-- All in One SEO -->\n\n","aioseo_head_json":{"title":"Expointer espera manter volume de R$ 1,92 bi em neg\u00f3cios | Arquivo","description":"","canonical_url":"https:\/\/www.jornalja.com.br\/arquivo\/expointer-espera-manter-volume-de-r-192-bi-em-negocios\/","robots":"max-image-preview:large","keywords":"","webmasterTools":{"miscellaneous":""},"schema":{"@context":"https:\/\/schema.org","@graph":[{"@type":"BlogPosting","@id":"https:\/\/www.jornalja.com.br\/arquivo\/expointer-espera-manter-volume-de-r-192-bi-em-negocios\/#blogposting","name":"Expointer espera manter volume de R$ 1,92 bi em neg\u00f3cios | Arquivo","headline":"Expointer espera manter volume de R$ 1,92 bi em neg\u00f3cios","author":{"@id":"https:\/\/www.jornalja.com.br\/arquivo\/author\/daredacao\/#author"},"publisher":{"@id":"https:\/\/www.jornalja.com.br\/arquivo\/#organization"},"image":{"@type":"ImageObject","url":53213},"datePublished":"2017-08-10T15:49:11-03:00","dateModified":"2017-08-10T15:49:11-03:00","inLanguage":"pt-BR","mainEntityOfPage":{"@id":"https:\/\/www.jornalja.com.br\/arquivo\/expointer-espera-manter-volume-de-r-192-bi-em-negocios\/#webpage"},"isPartOf":{"@id":"https:\/\/www.jornalja.com.br\/arquivo\/expointer-espera-manter-volume-de-r-192-bi-em-negocios\/#webpage"},"articleSection":"Geral"},{"@type":"BreadcrumbList","@id":"https:\/\/www.jornalja.com.br\/arquivo\/expointer-espera-manter-volume-de-r-192-bi-em-negocios\/#breadcrumblist","itemListElement":[{"@type":"ListItem","@id":"https:\/\/www.jornalja.com.br\/arquivo#listItem","position":1,"name":"Home","item":"https:\/\/www.jornalja.com.br\/arquivo","nextItem":{"@type":"ListItem","@id":"https:\/\/www.jornalja.com.br\/arquivo\/category\/geral\/#listItem","name":"Geral"}},{"@type":"ListItem","@id":"https:\/\/www.jornalja.com.br\/arquivo\/category\/geral\/#listItem","position":2,"name":"Geral","item":"https:\/\/www.jornalja.com.br\/arquivo\/category\/geral\/","nextItem":{"@type":"ListItem","@id":"https:\/\/www.jornalja.com.br\/arquivo\/expointer-espera-manter-volume-de-r-192-bi-em-negocios\/#listItem","name":"Expointer espera manter volume de R$ 1,92 bi em neg\u00f3cios"},"previousItem":{"@type":"ListItem","@id":"https:\/\/www.jornalja.com.br\/arquivo#listItem","name":"Home"}},{"@type":"ListItem","@id":"https:\/\/www.jornalja.com.br\/arquivo\/expointer-espera-manter-volume-de-r-192-bi-em-negocios\/#listItem","position":3,"name":"Expointer espera manter volume de R$ 1,92 bi em neg\u00f3cios","previousItem":{"@type":"ListItem","@id":"https:\/\/www.jornalja.com.br\/arquivo\/category\/geral\/#listItem","name":"Geral"}}]},{"@type":"Organization","@id":"https:\/\/www.jornalja.com.br\/arquivo\/#organization","name":"Jornal J\u00c1","description":"Jornal J\u00c1 | Porto Alegre","url":"https:\/\/www.jornalja.com.br\/arquivo\/","telephone":"+555133307272","logo":{"@type":"ImageObject","url":"https:\/\/www.jornalja.com.br\/wp-content\/uploads\/cards\/JAslogan.png","@id":"https:\/\/www.jornalja.com.br\/arquivo\/expointer-espera-manter-volume-de-r-192-bi-em-negocios\/#organizationLogo"},"image":{"@id":"https:\/\/www.jornalja.com.br\/arquivo\/expointer-espera-manter-volume-de-r-192-bi-em-negocios\/#organizationLogo"}},{"@type":"Person","@id":"https:\/\/www.jornalja.com.br\/arquivo\/author\/daredacao\/#author","url":"https:\/\/www.jornalja.com.br\/arquivo\/author\/daredacao\/","name":"da Reda\u00e7\u00e3o","image":{"@type":"ImageObject","@id":"https:\/\/www.jornalja.com.br\/arquivo\/expointer-espera-manter-volume-de-r-192-bi-em-negocios\/#authorImage","url":"https:\/\/secure.gravatar.com\/avatar\/469fd857d6605ad19919d27ed29d35a968a25f6e8fd9318356bbb7f57aae9c65?s=96&d=mm&r=g","width":96,"height":96,"caption":"da Reda\u00e7\u00e3o"}},{"@type":"WebPage","@id":"https:\/\/www.jornalja.com.br\/arquivo\/expointer-espera-manter-volume-de-r-192-bi-em-negocios\/#webpage","url":"https:\/\/www.jornalja.com.br\/arquivo\/expointer-espera-manter-volume-de-r-192-bi-em-negocios\/","name":"Expointer espera manter volume de R$ 1,92 bi em neg\u00f3cios | Arquivo","inLanguage":"pt-BR","isPartOf":{"@id":"https:\/\/www.jornalja.com.br\/arquivo\/#website"},"breadcrumb":{"@id":"https:\/\/www.jornalja.com.br\/arquivo\/expointer-espera-manter-volume-de-r-192-bi-em-negocios\/#breadcrumblist"},"author":{"@id":"https:\/\/www.jornalja.com.br\/arquivo\/author\/daredacao\/#author"},"creator":{"@id":"https:\/\/www.jornalja.com.br\/arquivo\/author\/daredacao\/#author"},"image":{"@type":"ImageObject","url":53213,"@id":"https:\/\/www.jornalja.com.br\/arquivo\/expointer-espera-manter-volume-de-r-192-bi-em-negocios\/#mainImage"},"primaryImageOfPage":{"@id":"https:\/\/www.jornalja.com.br\/arquivo\/expointer-espera-manter-volume-de-r-192-bi-em-negocios\/#mainImage"},"datePublished":"2017-08-10T15:49:11-03:00","dateModified":"2017-08-10T15:49:11-03:00"},{"@type":"WebSite","@id":"https:\/\/www.jornalja.com.br\/arquivo\/#website","url":"https:\/\/www.jornalja.com.br\/arquivo\/","name":"Arquivo","description":"Jornal J\u00c1 | Porto Alegre","inLanguage":"pt-BR","publisher":{"@id":"https:\/\/www.jornalja.com.br\/arquivo\/#organization"}}]},"og:locale":"pt_BR","og:site_name":"Arquivo | Jornal J\u00c1 | Porto Alegre","og:type":"article","og:title":"Expointer espera manter volume de R$ 1,92 bi em neg\u00f3cios | Arquivo","og:url":"https:\/\/www.jornalja.com.br\/arquivo\/expointer-espera-manter-volume-de-r-192-bi-em-negocios\/","og:image":"https:\/\/www.jornalja.com.br\/economics\/wp-content\/uploads\/sites\/11\/2026\/08\/ja-folhaderosto-facebook.jpg","og:image:secure_url":"https:\/\/www.jornalja.com.br\/economics\/wp-content\/uploads\/sites\/11\/2026\/08\/ja-folhaderosto-facebook.jpg","article:published_time":"2017-08-10T18:49:11+00:00","article:modified_time":"2017-08-10T18:49:11+00:00","twitter:card":"summary","twitter:title":"Expointer espera manter volume de R$ 1,92 bi em neg\u00f3cios | Arquivo","twitter:image":"https:\/\/www.jornalja.com.br\/economics\/wp-content\/uploads\/sites\/11\/2026\/08\/ja-folhaderosto-facebook.jpg"},"aioseo_meta_data":{"post_id":"53212","title":null,"description":null,"keywords":null,"keyphrases":null,"primary_term":null,"canonical_url":null,"og_title":null,"og_description":null,"og_object_type":"default","og_image_type":"default","og_image_url":null,"og_image_width":null,"og_image_height":null,"og_image_custom_url":null,"og_image_custom_fields":null,"og_video":null,"og_custom_url":null,"og_article_section":null,"og_article_tags":null,"twitter_use_og":false,"twitter_card":"default","twitter_image_type":"default","twitter_image_url":null,"twitter_image_custom_url":null,"twitter_image_custom_fields":null,"twitter_title":null,"twitter_description":null,"schema":{"blockGraphs":[],"customGraphs":[],"default":{"data":{"Article":[],"Course":[],"Dataset":[],"FAQPage":[],"Movie":[],"Person":[],"Product":[],"ProductReview":[],"Car":[],"Recipe":[],"Service":[],"SoftwareApplication":[],"WebPage":[]},"graphName":"","isEnabled":true},"graphs":[],"defaultGraph":"","defaultPostTypeGraph":""},"schema_type":null,"schema_type_options":null,"pillar_content":false,"robots_default":true,"robots_noindex":false,"robots_noarchive":false,"robots_nosnippet":false,"robots_nofollow":false,"robots_noimageindex":false,"robots_noodp":false,"robots_notranslate":false,"robots_max_snippet":null,"robots_max_videopreview":null,"robots_max_imagepreview":"large","priority":null,"frequency":null,"location":null,"local_seo":null,"breadcrumb_settings":null,"limit_modified_date":false,"ai":null,"created":"2020-12-20 20:26:59","updated":"2025-07-20 00:10:23","seo_analyzer_scan_date":null,"focus_keyword":null,"additional_keywords":null,"truseo_locale":null},"jetpack_sharing_enabled":true,"jetpack-related-posts":[{"id":1280,"url":"https:\/\/www.jornalja.com.br\/arquivo\/o-menino-que-se-tornou-brizola\/","url_meta":{"origin":53212,"position":0},"title":"O Menino que se Tornou Brizola","author":"da Reda\u00e7\u00e3o","date":"28 de julho de 2008","format":false,"excerpt":"Autor: Cleber Dioni A vida de Leonel Brizola, com \u00eanfase para os primeiros anos em Porto Alegre, at\u00e9 o ex\u00edlio no Uruguai e a volta, quinze anos depois. \u00a0\"...\u00c9ramos todos jovens e nos identific\u00e1vamos com aquela massa an\u00f4nima a percorrer as ruas de Porto Alegre, gritando 'Get\u00falio', 'Get\u00falio' e empunhando\u2026","rel":"","context":"Em &quot;Livros&quot;","block_context":{"text":"Livros","link":"https:\/\/www.jornalja.com.br\/arquivo\/category\/livros\/"},"img":{"alt_text":"","src":"https:\/\/i0.wp.com\/www.jornalja.com.br\/wp-content\/uploads\/2008\/07\/brizola.gif?resize=350%2C200&ssl=1","width":350,"height":200},"classes":[]},{"id":12960,"url":"https:\/\/www.jornalja.com.br\/arquivo\/populacao-culpa-empresas-pela-greve-dos-rodoviarios\/","url_meta":{"origin":53212,"position":1},"title":"Popula\u00e7\u00e3o culpa empresas pela greve","author":"Patr\u00edcia Marini","date":"14 de fevereiro de 2014","format":false,"excerpt":"Pesquisa divulgada na edi\u00e7\u00e3o do jornal Metro desta sexta-feira,14, comprova o velho ditado: \u00e9 poss\u00edvel enganar muitos por algum tempo, mas n\u00e3o \u00e9 poss\u00edvel enganar a todos o tempo inteiro. A principal revela\u00e7\u00e3o foi que 59,8% dos entrevistados apontaram as empresas como as principais respons\u00e1veis pela grave e 46% culparam\u2026","rel":"","context":"Em &quot;X.Categorias velhas&quot;","block_context":{"text":"X.Categorias velhas","link":"https:\/\/www.jornalja.com.br\/arquivo\/category\/x-categorias-velhas\/"},"img":{"alt_text":"","src":"","width":0,"height":0},"classes":[]},{"id":13128,"url":"https:\/\/www.jornalja.com.br\/arquivo\/maconha-terra-diz-que-uso-medicinal-e-desculpa\/","url_meta":{"origin":53212,"position":2},"title":"Maconha: Terra diz que uso medicinal \u00e9 desculpa","author":"Patr\u00edcia Marini","date":"4 de junho de 2014","format":false,"excerpt":"A condi\u00e7\u00e3o de pol\u00edtico, em \u00e9poca de campanha de campanha eleitoral, tira for\u00e7a do discurso do m\u00e9dico Osmar Terra contra a legaliza\u00e7\u00e3o da maconha. A tese dele de que a libera\u00e7\u00e3o vai ampliar exponencialmente o consumo \u00e9 discutivel, o consumo \u00e9 corrente. Mas seus alertas quanto aos riscos tem que\u2026","rel":"","context":"Em &quot;X.Categorias velhas&quot;","block_context":{"text":"X.Categorias velhas","link":"https:\/\/www.jornalja.com.br\/arquivo\/category\/x-categorias-velhas\/"},"img":{"alt_text":"","src":"","width":0,"height":0},"classes":[]},{"id":13124,"url":"https:\/\/www.jornalja.com.br\/arquivo\/sangue-latino-no-iecine\/","url_meta":{"origin":53212,"position":3},"title":"Sangue latino no IECINE","author":"da Reda\u00e7\u00e3o","date":"18 de maio de 2014","format":false,"excerpt":"Francisco Ribeiro O Instituto Estadual de Cinema (IECINE) tem a frente, desde abril \u00faltimo, um novo diretor, o cineasta colombiano Juan Zapata, 36, que substitui Luiz Alberto Cassol. Radicado h\u00e1 dez anos em Porto Alegre, Zapata tem diante de si o desafio de conduzir at\u00e9 o final do ano um\u2026","rel":"","context":"Em &quot;Cultura-Geral&quot;","block_context":{"text":"Cultura-Geral","link":"https:\/\/www.jornalja.com.br\/arquivo\/category\/materiasecundaria\/"},"img":{"alt_text":"","src":"","width":0,"height":0},"classes":[]}],"jetpack_shortlink":"https:\/\/wp.me\/pbQjBd-dQg","jetpack_featured_media_url":"","_links":{"self":[{"href":"https:\/\/www.jornalja.com.br\/arquivo\/wp-json\/wp\/v2\/posts\/53212","targetHints":{"allow":["GET"]}}],"collection":[{"href":"https:\/\/www.jornalja.com.br\/arquivo\/wp-json\/wp\/v2\/posts"}],"about":[{"href":"https:\/\/www.jornalja.com.br\/arquivo\/wp-json\/wp\/v2\/types\/post"}],"author":[{"embeddable":true,"href":"https:\/\/www.jornalja.com.br\/arquivo\/wp-json\/wp\/v2\/users\/4"}],"replies":[{"embeddable":true,"href":"https:\/\/www.jornalja.com.br\/arquivo\/wp-json\/wp\/v2\/comments?post=53212"}],"version-history":[{"count":0,"href":"https:\/\/www.jornalja.com.br\/arquivo\/wp-json\/wp\/v2\/posts\/53212\/revisions"}],"wp:attachment":[{"href":"https:\/\/www.jornalja.com.br\/arquivo\/wp-json\/wp\/v2\/media?parent=53212"}],"wp:term":[{"taxonomy":"category","embeddable":true,"href":"https:\/\/www.jornalja.com.br\/arquivo\/wp-json\/wp\/v2\/categories?post=53212"},{"taxonomy":"post_tag","embeddable":true,"href":"https:\/\/www.jornalja.com.br\/arquivo\/wp-json\/wp\/v2\/tags?post=53212"}],"curies":[{"name":"wp","href":"https:\/\/api.w.org\/{rel}","templated":true}]}}