{"id":53278,"date":"2017-08-11T10:26:57","date_gmt":"2017-08-11T13:26:57","guid":{"rendered":"https:\/\/www.jornalja.com.br\/?p=53278"},"modified":"2017-08-11T10:26:57","modified_gmt":"2017-08-11T13:26:57","slug":"movimento-tradicionalista-adere-ao-programa-da-onu-contra-o-machismo","status":"publish","type":"post","link":"https:\/\/www.jornalja.com.br\/arquivo\/movimento-tradicionalista-adere-ao-programa-da-onu-contra-o-machismo\/","title":{"rendered":"Movimento tradicionalista adere ao programa da ONU contra o machismo"},"content":{"rendered":"<p>O Movimento Tradicionalista Ga\u00facho aderiu ao programa \u201cEles por Elas\u201d, desenvolvido pela Organiza\u00e7\u00e3o das Na\u00e7\u00f5es Unidas<em>\u00a0 <\/em>para<em>\u00a0&#8220;engajar homens e meninos para novas rela\u00e7\u00f5es de g\u00eanero sem atitudes e comportamentos machistas&#8221;.\u00a0<\/em><br \/>\nA solenidade aconteceu quinta-feira, 10, na Assembleia Legislativa, durante ato em homenagem \u00e0s novas gest\u00f5es de Prendas e Pe\u00f5es do Rio Grande do Sul, com a presen\u00e7a da diretoria, tradicionalistas e comunidade.<br \/>\nSegundo o presidente do MTG, Nairo Callegaro, trata-se de &#8220;uma oportuna iniciativa pela igualdade de g\u00eanero e a entidade se envolver\u00e1 desde a base, nas entidades tradicionalistas&#8221;.<br \/>\n<em>O Movimento ElesPorElas (HeForShe)<\/em><br \/>\n<em>Criado pela ONU Mulheres, a Entidade das Na\u00e7\u00f5es Unidas para a Igualdade de G\u00eanero e o Empoderamento das Mulheres, o movimento ElesPorElas (HeForShe) \u00e9 um esfor\u00e7o global para envolver homens e meninos na remo\u00e7\u00e3o das barreiras sociais e culturais que impedem as mulheres de atingir seu potencial, e ajudar homens e mulheres a modelarem juntos uma nova sociedade.<\/em><br \/>\n<em>O alcance da igualdade de g\u00eanero requer uma abordagem inclusiva, que reconhe\u00e7a o papel fundamental de homens e meninos como parceiros dos direitos das mulheres e detentores de necessidades pr\u00f3prias baseadas na obten\u00e7\u00e3o deste equil\u00edbrio. <\/em><br \/>\n<em>O movimento ElesPorElas (HeForShe) convoca homens e meninos como parceiros igualit\u00e1rios na elabora\u00e7\u00e3o e implementa\u00e7\u00e3o de uma vis\u00e3o comum da igualdade de g\u00eanero que beneficiar\u00e1 toda a humanidade.<\/em><br \/>\n<em>A meta \u00e9 ambiciosa: garantir o compromisso de 1 bilh\u00e3o de homens de apoiar a igualdade de g\u00eanero e o empoderamento das mulheres, come\u00e7ando com uma mensagem positiva simples e rumo ao envolvimento mais profundo atrav\u00e9s da ado\u00e7\u00e3o de medidas espec\u00edficas que contribuam para a mudan\u00e7a social.<\/em><br \/>\n<em>Objetivo &#8211; O movimento ElesPorElas (HeForShe) tem como objetivo engajar homens e meninos para novas rela\u00e7\u00f5es de g\u00eanero sem atitudes e comportamentos machistas. Para a ONU Mulheres, a voz dos homens \u00e9 poderosa para difundir para o mundo inteiro que a igualdade para todas as mulheres e meninas \u00e9 uma causa de toda a humanidade.<\/em><br \/>\n<em>Nesse sentido, ElesPorElas quer ampliar o di\u00e1logo sobre os direitos das mulheres e acelerar os progressos para alcan\u00e7ar a igualdade de g\u00eanero. Isto ser\u00e1 obtido atrav\u00e9s de uma reformula\u00e7\u00e3o da igualdade de g\u00eanero, fazendo que esta deixe de ser uma quest\u00e3o das mulheres para se tornar uma quest\u00e3o que exige a participa\u00e7\u00e3o de homens e mulheres, beneficiando toda a sociedade nos \u00e2mbitos social, pol\u00edtico e econ\u00f4mico.<\/em><br \/>\n<em>Estrat\u00e9gia global &#8211; O movimento ElesPorElas est\u00e1 organizado nos seguintes princ\u00edpios:<\/em><br \/>\n<em>Aten\u00e7\u00e3o: educa\u00e7\u00e3o, sensibiliza\u00e7\u00e3o e conscientiza\u00e7\u00e3o<\/em><br \/>\n<em>Homens se identifiquem com as quest\u00f5es da igualdade de g\u00eanero, reconhecendo o papel fundamental que eles podem desempenhar para acabar com a desigualdade enfrentada por mulheres e meninas em todo o mundo, em suas pr\u00f3prias vidas e tamb\u00e9m em n\u00edveis mais estruturais em suas comunidades.<\/em><br \/>\n<em>Argumenta\u00e7\u00e3o: impacto atrav\u00e9s de pol\u00edticas e planejamento<\/em><br \/>\n<em>Apoia a agenda de pol\u00edticas e planejamento da ONU Mulheres, envolvendo homens e meninos na realiza\u00e7\u00e3o de seus objetivos estrat\u00e9gicos: Empoderamento Econ\u00f4mico das Mulheres; Fim da Viol\u00eancia Contra as Mulheres; Governan\u00e7a e Lideran\u00e7a; e Paz e Seguran\u00e7a.<\/em><br \/>\n<em>A\u00e7\u00e3o: capta\u00e7\u00e3o de recursos e outras a\u00e7\u00f5es<\/em><br \/>\n<em>Diretrizes de implementa\u00e7\u00e3o abrangentes, possibilitando a mobiliza\u00e7\u00e3o social de indiv\u00edduos, governos, ONGs, ag\u00eancias das Na\u00e7\u00f5es Unidas, universidades e empresas. O programa-piloto \u201cImpacto 10x10x10\u2033 \u00e9 uma proposta para o envolvimento de governos, empresas e universidade.<\/em><br \/>\nCom informa\u00e7\u00f5es do ONU Mulheres (<a href=\"http:\/\/www.onumulheres.org.br\/\" data-saferedirecturl=\"http:\/\/www.google.com\/url?hl=pt-BR&amp;q=http:\/\/www.onumulheres.org.br&amp;source=gmail&amp;ust=1502538533806000&amp;usg=AFQjCNFo5iwF9wXhznZMNpPbK1LcbYu3FA\">www.onumulheres.org.br<\/a>)<\/p>\n","protected":false},"excerpt":{"rendered":"<p>O Movimento Tradicionalista Ga\u00facho aderiu ao programa \u201cEles por Elas\u201d, desenvolvido pela Organiza\u00e7\u00e3o das Na\u00e7\u00f5es Unidas\u00a0 para\u00a0&#8220;engajar homens e meninos para novas rela\u00e7\u00f5es de g\u00eanero sem atitudes e comportamentos machistas&#8221;.\u00a0 A solenidade aconteceu quinta-feira, 10, na Assembleia Legislativa, durante ato em homenagem \u00e0s novas gest\u00f5es de Prendas e Pe\u00f5es do Rio Grande do Sul, com [&hellip;]<\/p>\n","protected":false},"author":4,"featured_media":53280,"comment_status":"open","ping_status":"closed","sticky":false,"template":"","format":"standard","meta":{"_jetpack_newsletter_access":"","_jetpack_dont_email_post_to_subs":false,"_jetpack_newsletter_tier_id":0,"_jetpack_memberships_contains_paywalled_content":false,"_jetpack_feature_clip_id":0,"_jetpack_memberships_contains_paid_content":false,"footnotes":"","jetpack_post_was_ever_published":false},"categories":[26],"tags":[],"class_list":["post-53278","post","type-post","status-publish","format-standard","has-post-thumbnail","hentry","category-geral"],"aioseo_notices":[],"aioseo_head":"\n\t\t<!-- All in One SEO 5.0.1.1 - aioseo.com -->\n\t<meta name=\"robots\" content=\"max-image-preview:large\" \/>\n\t<meta name=\"author\" content=\"da Reda\u00e7\u00e3o\"\/>\n\t<link rel=\"canonical\" href=\"https:\/\/www.jornalja.com.br\/arquivo\/movimento-tradicionalista-adere-ao-programa-da-onu-contra-o-machismo\/\" \/>\n\t<meta name=\"generator\" content=\"All in One SEO (AIOSEO) 5.0.1.1\" \/>\n\t\t<meta property=\"og:locale\" content=\"pt_BR\" \/>\n\t\t<meta property=\"og:site_name\" content=\"Arquivo | Jornal J\u00c1 | Porto Alegre\" \/>\n\t\t<meta property=\"og:type\" content=\"article\" \/>\n\t\t<meta property=\"og:title\" content=\"Movimento tradicionalista adere ao programa da ONU contra o machismo | Arquivo\" \/>\n\t\t<meta property=\"og:url\" content=\"https:\/\/www.jornalja.com.br\/arquivo\/movimento-tradicionalista-adere-ao-programa-da-onu-contra-o-machismo\/\" \/>\n\t\t<meta property=\"og:image\" content=\"https:\/\/www.jornalja.com.br\/economics\/wp-content\/uploads\/sites\/11\/2026\/08\/ja-folhaderosto-facebook.jpg\" \/>\n\t\t<meta property=\"og:image:secure_url\" content=\"https:\/\/www.jornalja.com.br\/economics\/wp-content\/uploads\/sites\/11\/2026\/08\/ja-folhaderosto-facebook.jpg\" \/>\n\t\t<meta property=\"article:published_time\" content=\"2017-08-11T13:26:57+00:00\" \/>\n\t\t<meta property=\"article:modified_time\" content=\"2017-08-11T13:26:57+00:00\" \/>\n\t\t<meta name=\"twitter:card\" content=\"summary\" \/>\n\t\t<meta name=\"twitter:title\" content=\"Movimento tradicionalista adere ao programa da ONU contra o machismo | Arquivo\" \/>\n\t\t<meta name=\"twitter:image\" content=\"https:\/\/www.jornalja.com.br\/economics\/wp-content\/uploads\/sites\/11\/2026\/08\/ja-folhaderosto-facebook.jpg\" \/>\n\t\t<script type=\"application\/ld+json\" class=\"aioseo-schema\">\n\t\t\t{\"@context\":\"https:\\\/\\\/schema.org\",\"@graph\":[{\"@type\":\"BlogPosting\",\"@id\":\"https:\\\/\\\/www.jornalja.com.br\\\/arquivo\\\/movimento-tradicionalista-adere-ao-programa-da-onu-contra-o-machismo\\\/#blogposting\",\"name\":\"Movimento tradicionalista adere ao programa da ONU contra o machismo | Arquivo\",\"headline\":\"Movimento tradicionalista adere ao programa da ONU contra o machismo\",\"author\":{\"@id\":\"https:\\\/\\\/www.jornalja.com.br\\\/arquivo\\\/author\\\/daredacao\\\/#author\"},\"publisher\":{\"@id\":\"https:\\\/\\\/www.jornalja.com.br\\\/arquivo\\\/#organization\"},\"image\":{\"@type\":\"ImageObject\",\"url\":53280},\"datePublished\":\"2017-08-11T10:26:57-03:00\",\"dateModified\":\"2017-08-11T10:26:57-03:00\",\"inLanguage\":\"pt-BR\",\"mainEntityOfPage\":{\"@id\":\"https:\\\/\\\/www.jornalja.com.br\\\/arquivo\\\/movimento-tradicionalista-adere-ao-programa-da-onu-contra-o-machismo\\\/#webpage\"},\"isPartOf\":{\"@id\":\"https:\\\/\\\/www.jornalja.com.br\\\/arquivo\\\/movimento-tradicionalista-adere-ao-programa-da-onu-contra-o-machismo\\\/#webpage\"},\"articleSection\":\"Geral\"},{\"@type\":\"BreadcrumbList\",\"@id\":\"https:\\\/\\\/www.jornalja.com.br\\\/arquivo\\\/movimento-tradicionalista-adere-ao-programa-da-onu-contra-o-machismo\\\/#breadcrumblist\",\"itemListElement\":[{\"@type\":\"ListItem\",\"@id\":\"https:\\\/\\\/www.jornalja.com.br\\\/arquivo#listItem\",\"position\":1,\"name\":\"Home\",\"item\":\"https:\\\/\\\/www.jornalja.com.br\\\/arquivo\",\"nextItem\":{\"@type\":\"ListItem\",\"@id\":\"https:\\\/\\\/www.jornalja.com.br\\\/arquivo\\\/category\\\/geral\\\/#listItem\",\"name\":\"Geral\"}},{\"@type\":\"ListItem\",\"@id\":\"https:\\\/\\\/www.jornalja.com.br\\\/arquivo\\\/category\\\/geral\\\/#listItem\",\"position\":2,\"name\":\"Geral\",\"item\":\"https:\\\/\\\/www.jornalja.com.br\\\/arquivo\\\/category\\\/geral\\\/\",\"nextItem\":{\"@type\":\"ListItem\",\"@id\":\"https:\\\/\\\/www.jornalja.com.br\\\/arquivo\\\/movimento-tradicionalista-adere-ao-programa-da-onu-contra-o-machismo\\\/#listItem\",\"name\":\"Movimento tradicionalista adere ao programa da ONU contra o machismo\"},\"previousItem\":{\"@type\":\"ListItem\",\"@id\":\"https:\\\/\\\/www.jornalja.com.br\\\/arquivo#listItem\",\"name\":\"Home\"}},{\"@type\":\"ListItem\",\"@id\":\"https:\\\/\\\/www.jornalja.com.br\\\/arquivo\\\/movimento-tradicionalista-adere-ao-programa-da-onu-contra-o-machismo\\\/#listItem\",\"position\":3,\"name\":\"Movimento tradicionalista adere ao programa da ONU contra o machismo\",\"previousItem\":{\"@type\":\"ListItem\",\"@id\":\"https:\\\/\\\/www.jornalja.com.br\\\/arquivo\\\/category\\\/geral\\\/#listItem\",\"name\":\"Geral\"}}]},{\"@type\":\"Organization\",\"@id\":\"https:\\\/\\\/www.jornalja.com.br\\\/arquivo\\\/#organization\",\"name\":\"Jornal J\\u00c1\",\"description\":\"Jornal J\\u00c1 | Porto Alegre\",\"url\":\"https:\\\/\\\/www.jornalja.com.br\\\/arquivo\\\/\",\"telephone\":\"+555133307272\",\"logo\":{\"@type\":\"ImageObject\",\"url\":\"https:\\\/\\\/www.jornalja.com.br\\\/wp-content\\\/uploads\\\/cards\\\/JAslogan.png\",\"@id\":\"https:\\\/\\\/www.jornalja.com.br\\\/arquivo\\\/movimento-tradicionalista-adere-ao-programa-da-onu-contra-o-machismo\\\/#organizationLogo\"},\"image\":{\"@id\":\"https:\\\/\\\/www.jornalja.com.br\\\/arquivo\\\/movimento-tradicionalista-adere-ao-programa-da-onu-contra-o-machismo\\\/#organizationLogo\"}},{\"@type\":\"Person\",\"@id\":\"https:\\\/\\\/www.jornalja.com.br\\\/arquivo\\\/author\\\/daredacao\\\/#author\",\"url\":\"https:\\\/\\\/www.jornalja.com.br\\\/arquivo\\\/author\\\/daredacao\\\/\",\"name\":\"da Reda\\u00e7\\u00e3o\",\"image\":{\"@type\":\"ImageObject\",\"@id\":\"https:\\\/\\\/www.jornalja.com.br\\\/arquivo\\\/movimento-tradicionalista-adere-ao-programa-da-onu-contra-o-machismo\\\/#authorImage\",\"url\":\"https:\\\/\\\/secure.gravatar.com\\\/avatar\\\/469fd857d6605ad19919d27ed29d35a968a25f6e8fd9318356bbb7f57aae9c65?s=96&d=mm&r=g\",\"width\":96,\"height\":96,\"caption\":\"da Reda\\u00e7\\u00e3o\"}},{\"@type\":\"WebPage\",\"@id\":\"https:\\\/\\\/www.jornalja.com.br\\\/arquivo\\\/movimento-tradicionalista-adere-ao-programa-da-onu-contra-o-machismo\\\/#webpage\",\"url\":\"https:\\\/\\\/www.jornalja.com.br\\\/arquivo\\\/movimento-tradicionalista-adere-ao-programa-da-onu-contra-o-machismo\\\/\",\"name\":\"Movimento tradicionalista adere ao programa da ONU contra o machismo | Arquivo\",\"inLanguage\":\"pt-BR\",\"isPartOf\":{\"@id\":\"https:\\\/\\\/www.jornalja.com.br\\\/arquivo\\\/#website\"},\"breadcrumb\":{\"@id\":\"https:\\\/\\\/www.jornalja.com.br\\\/arquivo\\\/movimento-tradicionalista-adere-ao-programa-da-onu-contra-o-machismo\\\/#breadcrumblist\"},\"author\":{\"@id\":\"https:\\\/\\\/www.jornalja.com.br\\\/arquivo\\\/author\\\/daredacao\\\/#author\"},\"creator\":{\"@id\":\"https:\\\/\\\/www.jornalja.com.br\\\/arquivo\\\/author\\\/daredacao\\\/#author\"},\"image\":{\"@type\":\"ImageObject\",\"url\":53280,\"@id\":\"https:\\\/\\\/www.jornalja.com.br\\\/arquivo\\\/movimento-tradicionalista-adere-ao-programa-da-onu-contra-o-machismo\\\/#mainImage\"},\"primaryImageOfPage\":{\"@id\":\"https:\\\/\\\/www.jornalja.com.br\\\/arquivo\\\/movimento-tradicionalista-adere-ao-programa-da-onu-contra-o-machismo\\\/#mainImage\"},\"datePublished\":\"2017-08-11T10:26:57-03:00\",\"dateModified\":\"2017-08-11T10:26:57-03:00\"},{\"@type\":\"WebSite\",\"@id\":\"https:\\\/\\\/www.jornalja.com.br\\\/arquivo\\\/#website\",\"url\":\"https:\\\/\\\/www.jornalja.com.br\\\/arquivo\\\/\",\"name\":\"Arquivo\",\"description\":\"Jornal J\\u00c1 | Porto Alegre\",\"inLanguage\":\"pt-BR\",\"publisher\":{\"@id\":\"https:\\\/\\\/www.jornalja.com.br\\\/arquivo\\\/#organization\"}}]}\n\t\t<\/script>\n\t\t<!-- All in One SEO -->\n\n","aioseo_head_json":{"title":"Movimento tradicionalista adere ao programa da ONU contra o machismo | Arquivo","description":"","canonical_url":"https:\/\/www.jornalja.com.br\/arquivo\/movimento-tradicionalista-adere-ao-programa-da-onu-contra-o-machismo\/","robots":"max-image-preview:large","keywords":"","webmasterTools":{"miscellaneous":""},"schema":{"@context":"https:\/\/schema.org","@graph":[{"@type":"BlogPosting","@id":"https:\/\/www.jornalja.com.br\/arquivo\/movimento-tradicionalista-adere-ao-programa-da-onu-contra-o-machismo\/#blogposting","name":"Movimento tradicionalista adere ao programa da ONU contra o machismo | Arquivo","headline":"Movimento tradicionalista adere ao programa da ONU contra o machismo","author":{"@id":"https:\/\/www.jornalja.com.br\/arquivo\/author\/daredacao\/#author"},"publisher":{"@id":"https:\/\/www.jornalja.com.br\/arquivo\/#organization"},"image":{"@type":"ImageObject","url":53280},"datePublished":"2017-08-11T10:26:57-03:00","dateModified":"2017-08-11T10:26:57-03:00","inLanguage":"pt-BR","mainEntityOfPage":{"@id":"https:\/\/www.jornalja.com.br\/arquivo\/movimento-tradicionalista-adere-ao-programa-da-onu-contra-o-machismo\/#webpage"},"isPartOf":{"@id":"https:\/\/www.jornalja.com.br\/arquivo\/movimento-tradicionalista-adere-ao-programa-da-onu-contra-o-machismo\/#webpage"},"articleSection":"Geral"},{"@type":"BreadcrumbList","@id":"https:\/\/www.jornalja.com.br\/arquivo\/movimento-tradicionalista-adere-ao-programa-da-onu-contra-o-machismo\/#breadcrumblist","itemListElement":[{"@type":"ListItem","@id":"https:\/\/www.jornalja.com.br\/arquivo#listItem","position":1,"name":"Home","item":"https:\/\/www.jornalja.com.br\/arquivo","nextItem":{"@type":"ListItem","@id":"https:\/\/www.jornalja.com.br\/arquivo\/category\/geral\/#listItem","name":"Geral"}},{"@type":"ListItem","@id":"https:\/\/www.jornalja.com.br\/arquivo\/category\/geral\/#listItem","position":2,"name":"Geral","item":"https:\/\/www.jornalja.com.br\/arquivo\/category\/geral\/","nextItem":{"@type":"ListItem","@id":"https:\/\/www.jornalja.com.br\/arquivo\/movimento-tradicionalista-adere-ao-programa-da-onu-contra-o-machismo\/#listItem","name":"Movimento tradicionalista adere ao programa da ONU contra o machismo"},"previousItem":{"@type":"ListItem","@id":"https:\/\/www.jornalja.com.br\/arquivo#listItem","name":"Home"}},{"@type":"ListItem","@id":"https:\/\/www.jornalja.com.br\/arquivo\/movimento-tradicionalista-adere-ao-programa-da-onu-contra-o-machismo\/#listItem","position":3,"name":"Movimento tradicionalista adere ao programa da ONU contra o machismo","previousItem":{"@type":"ListItem","@id":"https:\/\/www.jornalja.com.br\/arquivo\/category\/geral\/#listItem","name":"Geral"}}]},{"@type":"Organization","@id":"https:\/\/www.jornalja.com.br\/arquivo\/#organization","name":"Jornal J\u00c1","description":"Jornal J\u00c1 | Porto Alegre","url":"https:\/\/www.jornalja.com.br\/arquivo\/","telephone":"+555133307272","logo":{"@type":"ImageObject","url":"https:\/\/www.jornalja.com.br\/wp-content\/uploads\/cards\/JAslogan.png","@id":"https:\/\/www.jornalja.com.br\/arquivo\/movimento-tradicionalista-adere-ao-programa-da-onu-contra-o-machismo\/#organizationLogo"},"image":{"@id":"https:\/\/www.jornalja.com.br\/arquivo\/movimento-tradicionalista-adere-ao-programa-da-onu-contra-o-machismo\/#organizationLogo"}},{"@type":"Person","@id":"https:\/\/www.jornalja.com.br\/arquivo\/author\/daredacao\/#author","url":"https:\/\/www.jornalja.com.br\/arquivo\/author\/daredacao\/","name":"da Reda\u00e7\u00e3o","image":{"@type":"ImageObject","@id":"https:\/\/www.jornalja.com.br\/arquivo\/movimento-tradicionalista-adere-ao-programa-da-onu-contra-o-machismo\/#authorImage","url":"https:\/\/secure.gravatar.com\/avatar\/469fd857d6605ad19919d27ed29d35a968a25f6e8fd9318356bbb7f57aae9c65?s=96&d=mm&r=g","width":96,"height":96,"caption":"da Reda\u00e7\u00e3o"}},{"@type":"WebPage","@id":"https:\/\/www.jornalja.com.br\/arquivo\/movimento-tradicionalista-adere-ao-programa-da-onu-contra-o-machismo\/#webpage","url":"https:\/\/www.jornalja.com.br\/arquivo\/movimento-tradicionalista-adere-ao-programa-da-onu-contra-o-machismo\/","name":"Movimento tradicionalista adere ao programa da ONU contra o machismo | Arquivo","inLanguage":"pt-BR","isPartOf":{"@id":"https:\/\/www.jornalja.com.br\/arquivo\/#website"},"breadcrumb":{"@id":"https:\/\/www.jornalja.com.br\/arquivo\/movimento-tradicionalista-adere-ao-programa-da-onu-contra-o-machismo\/#breadcrumblist"},"author":{"@id":"https:\/\/www.jornalja.com.br\/arquivo\/author\/daredacao\/#author"},"creator":{"@id":"https:\/\/www.jornalja.com.br\/arquivo\/author\/daredacao\/#author"},"image":{"@type":"ImageObject","url":53280,"@id":"https:\/\/www.jornalja.com.br\/arquivo\/movimento-tradicionalista-adere-ao-programa-da-onu-contra-o-machismo\/#mainImage"},"primaryImageOfPage":{"@id":"https:\/\/www.jornalja.com.br\/arquivo\/movimento-tradicionalista-adere-ao-programa-da-onu-contra-o-machismo\/#mainImage"},"datePublished":"2017-08-11T10:26:57-03:00","dateModified":"2017-08-11T10:26:57-03:00"},{"@type":"WebSite","@id":"https:\/\/www.jornalja.com.br\/arquivo\/#website","url":"https:\/\/www.jornalja.com.br\/arquivo\/","name":"Arquivo","description":"Jornal J\u00c1 | Porto Alegre","inLanguage":"pt-BR","publisher":{"@id":"https:\/\/www.jornalja.com.br\/arquivo\/#organization"}}]},"og:locale":"pt_BR","og:site_name":"Arquivo | Jornal J\u00c1 | Porto Alegre","og:type":"article","og:title":"Movimento tradicionalista adere ao programa da ONU contra o machismo | Arquivo","og:url":"https:\/\/www.jornalja.com.br\/arquivo\/movimento-tradicionalista-adere-ao-programa-da-onu-contra-o-machismo\/","og:image":"https:\/\/www.jornalja.com.br\/economics\/wp-content\/uploads\/sites\/11\/2026\/08\/ja-folhaderosto-facebook.jpg","og:image:secure_url":"https:\/\/www.jornalja.com.br\/economics\/wp-content\/uploads\/sites\/11\/2026\/08\/ja-folhaderosto-facebook.jpg","article:published_time":"2017-08-11T13:26:57+00:00","article:modified_time":"2017-08-11T13:26:57+00:00","twitter:card":"summary","twitter:title":"Movimento tradicionalista adere ao programa da ONU contra o machismo | Arquivo","twitter:image":"https:\/\/www.jornalja.com.br\/economics\/wp-content\/uploads\/sites\/11\/2026\/08\/ja-folhaderosto-facebook.jpg"},"aioseo_meta_data":{"post_id":"53278","title":null,"description":null,"keywords":null,"keyphrases":null,"primary_term":null,"canonical_url":null,"og_title":null,"og_description":null,"og_object_type":"default","og_image_type":"default","og_image_url":null,"og_image_width":null,"og_image_height":null,"og_image_custom_url":null,"og_image_custom_fields":null,"og_video":null,"og_custom_url":null,"og_article_section":null,"og_article_tags":null,"twitter_use_og":false,"twitter_card":"default","twitter_image_type":"default","twitter_image_url":null,"twitter_image_custom_url":null,"twitter_image_custom_fields":null,"twitter_title":null,"twitter_description":null,"schema":{"blockGraphs":[],"customGraphs":[],"default":{"data":{"Article":[],"Course":[],"Dataset":[],"FAQPage":[],"Movie":[],"Person":[],"Product":[],"ProductReview":[],"Car":[],"Recipe":[],"Service":[],"SoftwareApplication":[],"WebPage":[]},"graphName":"","isEnabled":true},"graphs":[]},"schema_type":null,"schema_type_options":null,"pillar_content":false,"robots_default":true,"robots_noindex":false,"robots_noarchive":false,"robots_nosnippet":false,"robots_nofollow":false,"robots_noimageindex":false,"robots_noodp":false,"robots_notranslate":false,"robots_max_snippet":null,"robots_max_videopreview":null,"robots_max_imagepreview":"large","priority":null,"frequency":null,"location":null,"local_seo":null,"breadcrumb_settings":null,"limit_modified_date":false,"ai":null,"created":"2020-12-20 20:26:59","updated":"2025-07-20 00:11:27","seo_analyzer_scan_date":null,"focus_keyword":null,"additional_keywords":null,"truseo_locale":null},"jetpack_sharing_enabled":true,"jetpack-related-posts":[{"id":13240,"url":"https:\/\/www.jornalja.com.br\/arquivo\/plano-diretor-estamos-construindo-o-caos\/","url_meta":{"origin":53278,"position":0},"title":"Plano diretor: &quot;Estamos construindo o caos&quot;","author":"Patr\u00edcia Marini","date":"26 de maio de 2014","format":false,"excerpt":"Desabafo que arquiteta Eliana Castilhos, delegada da Regi\u00e3o de Planejamento 1, postou nas redes sociais \u00e9 um testemunho do ambiente que se criou no Conselho do Plano Diretor de Porto Alegre, onde a aprova\u00e7\u00e3o de grandes empreendimentos \u00e9 empurrada guela abaixo dos conselheiros. Ao CMDUA Como delegada da Regi\u00e3o de\u2026","rel":"","context":"Em &quot;Geral&quot;","block_context":{"text":"Geral","link":"https:\/\/www.jornalja.com.br\/arquivo\/category\/geral\/"},"img":{"alt_text":"","src":"","width":0,"height":0},"classes":[]},{"id":5440,"url":"https:\/\/www.jornalja.com.br\/arquivo\/casarao-da-venancio-destino-permanece-incerto\/","url_meta":{"origin":53278,"position":1},"title":"Estado ainda n\u00e3o sabe o que fazer com casar\u00e3o abandonado h\u00e1 20 anos","author":"Elmar Bones","date":"6 de julho de 2009","format":false,"excerpt":"O casar\u00e3o amarelo, numa esquina nobre de Porto Alegre (Ven\u00e2ncio Aires com Jo\u00e3o Pessoa), j\u00e1 abrigou uma escola. H\u00e1 duas d\u00e9cadas, pelo menos, est\u00e1 abandonado, porque seu propriet\u00e1rio, o governo do Estado do Rio Grande do Sul, n\u00e3o consegue achar um destino para ele. Planos n\u00e3o faltaram. O governador Ol\u00edvio\u2026","rel":"","context":"Em &quot;X.Categorias velhas&quot;","block_context":{"text":"X.Categorias velhas","link":"https:\/\/www.jornalja.com.br\/arquivo\/category\/x-categorias-velhas\/"},"img":{"alt_text":"geraldo1","src":"https:\/\/i0.wp.com\/www.jornalja.com.br\/wp-content\/uploads\/2009\/07\/geraldo1.jpg?resize=350%2C200&ssl=1","width":350,"height":200},"classes":[]},{"id":13101,"url":"https:\/\/www.jornalja.com.br\/arquivo\/morre-um-guerreiro-do-texto\/","url_meta":{"origin":53278,"position":2},"title":"Morre um guerreiro do texto","author":"Patr\u00edcia Marini","date":"14 de maio de 2014","format":false,"excerpt":"Por Ricardo Kotscho Reproduzido do blog do autor, 11\/5\/2014; t\u00edtulo original \u201cE l\u00e1 se foi o nosso Myltainho, guerreiro do texto\u201d. Mi\u00fado e franzino, meu amigo Myltainho era um valente e inconformado guerreiro na luta contra as injusti\u00e7as sociais, a hipocrisia, as maracutaias, o autoritarismo, a intoler\u00e2ncia, a viol\u00eancia, o\u2026","rel":"","context":"Em &quot;Geral&quot;","block_context":{"text":"Geral","link":"https:\/\/www.jornalja.com.br\/arquivo\/category\/geral\/"},"img":{"alt_text":"","src":"","width":0,"height":0},"classes":[]},{"id":13124,"url":"https:\/\/www.jornalja.com.br\/arquivo\/sangue-latino-no-iecine\/","url_meta":{"origin":53278,"position":3},"title":"Sangue latino no IECINE","author":"da Reda\u00e7\u00e3o","date":"18 de maio de 2014","format":false,"excerpt":"Francisco Ribeiro O Instituto Estadual de Cinema (IECINE) tem a frente, desde abril \u00faltimo, um novo diretor, o cineasta colombiano Juan Zapata, 36, que substitui Luiz Alberto Cassol. Radicado h\u00e1 dez anos em Porto Alegre, Zapata tem diante de si o desafio de conduzir at\u00e9 o final do ano um\u2026","rel":"","context":"Em &quot;Cultura-Geral&quot;","block_context":{"text":"Cultura-Geral","link":"https:\/\/www.jornalja.com.br\/arquivo\/category\/materiasecundaria\/"},"img":{"alt_text":"","src":"","width":0,"height":0},"classes":[]}],"jetpack_shortlink":"https:\/\/wp.me\/pbQjBd-dRk","jetpack_featured_media_url":"","_links":{"self":[{"href":"https:\/\/www.jornalja.com.br\/arquivo\/wp-json\/wp\/v2\/posts\/53278","targetHints":{"allow":["GET"]}}],"collection":[{"href":"https:\/\/www.jornalja.com.br\/arquivo\/wp-json\/wp\/v2\/posts"}],"about":[{"href":"https:\/\/www.jornalja.com.br\/arquivo\/wp-json\/wp\/v2\/types\/post"}],"author":[{"embeddable":true,"href":"https:\/\/www.jornalja.com.br\/arquivo\/wp-json\/wp\/v2\/users\/4"}],"replies":[{"embeddable":true,"href":"https:\/\/www.jornalja.com.br\/arquivo\/wp-json\/wp\/v2\/comments?post=53278"}],"version-history":[{"count":0,"href":"https:\/\/www.jornalja.com.br\/arquivo\/wp-json\/wp\/v2\/posts\/53278\/revisions"}],"wp:attachment":[{"href":"https:\/\/www.jornalja.com.br\/arquivo\/wp-json\/wp\/v2\/media?parent=53278"}],"wp:term":[{"taxonomy":"category","embeddable":true,"href":"https:\/\/www.jornalja.com.br\/arquivo\/wp-json\/wp\/v2\/categories?post=53278"},{"taxonomy":"post_tag","embeddable":true,"href":"https:\/\/www.jornalja.com.br\/arquivo\/wp-json\/wp\/v2\/tags?post=53278"}],"curies":[{"name":"wp","href":"https:\/\/api.w.org\/{rel}","templated":true}]}}