{"id":53305,"date":"2017-08-11T10:59:55","date_gmt":"2017-08-11T13:59:55","guid":{"rendered":"https:\/\/www.jornalja.com.br\/?p=53305"},"modified":"2017-08-11T10:59:55","modified_gmt":"2017-08-11T13:59:55","slug":"bikepoa-prefeitura-anuncia-troca-de-400-bicicletas-e-integracao-com-o-tri","status":"publish","type":"post","link":"https:\/\/www.jornalja.com.br\/arquivo\/bikepoa-prefeitura-anuncia-troca-de-400-bicicletas-e-integracao-com-o-tri\/","title":{"rendered":"BikePoa: Prefeitura anuncia troca de 400 bicicletas e integra\u00e7\u00e3o com o TRI"},"content":{"rendered":"<p>O novo modelo das bikes (bicicletas) compartilhadas em Porto Alegre foi apresentado nesta quinta-feira, 10\/08, na Esta\u00e7\u00e3o Iber\u00ea Camargo.<br \/>\nO acordo entre prefeitura, o banco ita\u00fa Unibanco e a empresa tembeci prev\u00ea a substitui\u00e7\u00e3o das esta\u00e7\u00f5es, amplia\u00e7\u00e3o da rede e troca de todas as mais de 400 bicicletas oferecidas para aluguel. Por\u00e9m, ainda n\u00e3o foi definido quando os novos modelos de bike estar\u00e3o dispon\u00edveis ao p\u00fablico. Cada esta\u00e7\u00f5es ainda dever\u00e1 ser ampliada, abrigando at\u00e9 40 bicicletas.<br \/>\nPara os usu\u00e1rios n\u00e3o haver\u00e1 mudan\u00e7as e o valor do passe mensal continua de R$ 10,00, e, do di\u00e1rio, R$ 5,00.<br \/>\nNo evento, o prefeito Nelson Marchezan J\u00fanior anunciou ainda a integra\u00e7\u00e3o do sistema com o cart\u00e3o TRI. \u201cPoder acessar as bicicletas com o cart\u00e3o TRI, que j\u00e1 \u00e9 utilizado no transporte coletivo, \u00e9 um avan\u00e7o no aspecto de integra\u00e7\u00e3o de mobilidade\u201d, anunciou o prefeito. \u201cA bicicleta que est\u00e1 vindo para Porto Alegre \u00e9 a mesma utilizada nas principais capitais mundiais, com tecnologia de muito f\u00e1cil acesso\u201d, completou Marchezan.<br \/>\nJ\u00e1 em rela\u00e7\u00e3o \u00e0s ciclovias, J\u00fanior disse que a prefeitura vai estudar para avan\u00e7ar na mobilidade atrav\u00e9s da bicicleta como um todo. &#8220;N\u00f3s temos muitos planos para Porto Alegre. Vamos pegar esses planos e colocar na vida real da cidade\u201d, concluiu.<br \/>\nPorto Alegre j\u00e1 tem mais de 270 mil usu\u00e1rios cadastrados e 1,8 milh\u00e3o de viagens realizadas. H\u00e1 41 esta\u00e7\u00f5es na cidade. As cinco esta\u00e7\u00f5es mais utilizadas s\u00e3o Reden\u00e7\u00e3o Mercadinho, Iber\u00ea Camargo, Shopping Barra Sul, Shopping Praia de Belas e Lima e Silva.<br \/>\nA m\u00e9dia de uso das bicicletas compartilhadas nos dias de semana \u00e9 de 20 minutos, metade dos 40 minutos utilizados no final de semana.<br \/>\nPara a Prefeitura, o novo modelo \u00e9 mais robusto e tem pe\u00e7as que n\u00e3o podem ser utilizadas em outras bicicletas, nem vendidas, visando \u00e0 quest\u00e3o da seguran\u00e7a.<br \/>\n<span class=\"intertit\">O QUE MUDA<\/span><br \/>\n<strong>Nas bicicletas:<\/strong><br \/>\n&#8211; Design mais moderno e exclusivo para compartilhamento, sendo mais leves, ergon\u00f4micas e robustas;<br \/>\nCesto adapt\u00e1vel para o tamanho da bagagem de m\u00e3o do ciclista, sem acumular \u00e1gua ou sujeira;<br \/>\nPneus com lados reflexivos e em aro 24;<br \/>\nCobre-correntes que protege a roupa do ciclista;<br \/>\nBanco confort\u00e1vel e canote do selim com marcas para ajuste de altura;<br \/>\nSistema de freios \u2018Rollerbrake\u201d, que garante freadas mais seguras;<br \/>\nConfigura\u00e7\u00e3o de marchas para tr\u00eas velocidades;<br \/>\nRefletores frontais e traseiros com sistema de ilumina\u00e7\u00e3o \u201cDynamo\u201d com 10 mil horas de vida \u00fatil e que permanece aceso por at\u00e9 90 segundos;<br \/>\nDispositivo de trava com sistema antifurto.<br \/>\n<strong>Nas esta\u00e7\u00f5es:<\/strong><br \/>\n&#8211; Abastecimento por pain\u00e9is solares que garantem a autossufici\u00eancia energ\u00e9tica (preparadas para eventual uso de bicicletas el\u00e9tricas futuramente);<br \/>\nSolu\u00e7\u00e3o modular para as bicicletas, sendo poss\u00edvel adicionar ou remover docks conforme a necessidade. Sem necessidade de fixa\u00e7\u00e3o ao solo;<br \/>\nM\u00e9dia de 20 vagas por esta\u00e7\u00e3o;<br \/>\nQuiosque com interface de pagamento digital, de forma mais did\u00e1tica e de f\u00e1cil utiliza\u00e7\u00e3o, com comunica\u00e7\u00e3o sem fio que agiliza o processamento de pagamentos e a transmiss\u00e3o de dados.<br \/>\n<strong>No aplicativo:<\/strong><br \/>\n&#8211; Permite o ciclista planejar o passeio, pagar e desbloquear a bicicleta com o c\u00f3digo gerado pelo aplicativo;<br \/>\nEncontrar esta\u00e7\u00f5es pr\u00f3ximas manualmente ou usando GPS do dispositivo;<br \/>\nEncontrar bicicletas dispon\u00edveis por pontos de devolu\u00e7\u00e3o livres;<br \/>\nMarcar as esta\u00e7\u00f5es favoritas;<br \/>\nEncontrar rota para um destino com informa\u00e7\u00f5es de dist\u00e2ncia e eleva\u00e7\u00e3o;<br \/>\nRegistrar as viagens com o GPS.<br \/>\n&nbsp;<\/p>\n","protected":false},"excerpt":{"rendered":"<p>O novo modelo das bikes (bicicletas) compartilhadas em Porto Alegre foi apresentado nesta quinta-feira, 10\/08, na Esta\u00e7\u00e3o Iber\u00ea Camargo. O acordo entre prefeitura, o banco ita\u00fa Unibanco e a empresa tembeci prev\u00ea a substitui\u00e7\u00e3o das esta\u00e7\u00f5es, amplia\u00e7\u00e3o da rede e troca de todas as mais de 400 bicicletas oferecidas para aluguel. Por\u00e9m, ainda n\u00e3o foi [&hellip;]<\/p>\n","protected":false},"author":4,"featured_media":53306,"comment_status":"open","ping_status":"closed","sticky":false,"template":"","format":"standard","meta":{"_jetpack_newsletter_access":"","_jetpack_dont_email_post_to_subs":false,"_jetpack_newsletter_tier_id":0,"_jetpack_memberships_contains_paywalled_content":false,"_jetpack_feature_clip_id":0,"_jetpack_memberships_contains_paid_content":false,"footnotes":"","jetpack_post_was_ever_published":false},"categories":[2022],"tags":[],"class_list":["post-53305","post","type-post","status-publish","format-standard","has-post-thumbnail","hentry","category-notas"],"aioseo_notices":[],"aioseo_head":"\n\t\t<!-- All in One SEO 5.0.1.1 - aioseo.com -->\n\t<meta name=\"robots\" content=\"max-image-preview:large\" \/>\n\t<meta name=\"author\" content=\"da Reda\u00e7\u00e3o\"\/>\n\t<link rel=\"canonical\" href=\"https:\/\/www.jornalja.com.br\/arquivo\/bikepoa-prefeitura-anuncia-troca-de-400-bicicletas-e-integracao-com-o-tri\/\" \/>\n\t<meta name=\"generator\" content=\"All in One SEO (AIOSEO) 5.0.1.1\" \/>\n\t\t<meta property=\"og:locale\" content=\"pt_BR\" \/>\n\t\t<meta property=\"og:site_name\" content=\"Arquivo | Jornal J\u00c1 | Porto Alegre\" \/>\n\t\t<meta property=\"og:type\" content=\"article\" \/>\n\t\t<meta property=\"og:title\" content=\"BikePoa: Prefeitura anuncia troca de 400 bicicletas e integra\u00e7\u00e3o com o TRI | Arquivo\" \/>\n\t\t<meta property=\"og:url\" content=\"https:\/\/www.jornalja.com.br\/arquivo\/bikepoa-prefeitura-anuncia-troca-de-400-bicicletas-e-integracao-com-o-tri\/\" \/>\n\t\t<meta property=\"og:image\" content=\"https:\/\/www.jornalja.com.br\/economics\/wp-content\/uploads\/sites\/11\/2026\/08\/ja-folhaderosto-facebook.jpg\" \/>\n\t\t<meta property=\"og:image:secure_url\" content=\"https:\/\/www.jornalja.com.br\/economics\/wp-content\/uploads\/sites\/11\/2026\/08\/ja-folhaderosto-facebook.jpg\" \/>\n\t\t<meta property=\"article:published_time\" content=\"2017-08-11T13:59:55+00:00\" \/>\n\t\t<meta property=\"article:modified_time\" content=\"2017-08-11T13:59:55+00:00\" \/>\n\t\t<meta name=\"twitter:card\" content=\"summary\" \/>\n\t\t<meta name=\"twitter:title\" content=\"BikePoa: Prefeitura anuncia troca de 400 bicicletas e integra\u00e7\u00e3o com o TRI | Arquivo\" \/>\n\t\t<meta name=\"twitter:image\" content=\"https:\/\/www.jornalja.com.br\/economics\/wp-content\/uploads\/sites\/11\/2026\/08\/ja-folhaderosto-facebook.jpg\" \/>\n\t\t<script type=\"application\/ld+json\" class=\"aioseo-schema\">\n\t\t\t{\"@context\":\"https:\\\/\\\/schema.org\",\"@graph\":[{\"@type\":\"BlogPosting\",\"@id\":\"https:\\\/\\\/www.jornalja.com.br\\\/arquivo\\\/bikepoa-prefeitura-anuncia-troca-de-400-bicicletas-e-integracao-com-o-tri\\\/#blogposting\",\"name\":\"BikePoa: Prefeitura anuncia troca de 400 bicicletas e integra\\u00e7\\u00e3o com o TRI | Arquivo\",\"headline\":\"BikePoa: Prefeitura anuncia troca de 400 bicicletas e integra\\u00e7\\u00e3o com o TRI\",\"author\":{\"@id\":\"https:\\\/\\\/www.jornalja.com.br\\\/arquivo\\\/author\\\/daredacao\\\/#author\"},\"publisher\":{\"@id\":\"https:\\\/\\\/www.jornalja.com.br\\\/arquivo\\\/#organization\"},\"image\":{\"@type\":\"ImageObject\",\"url\":53306},\"datePublished\":\"2017-08-11T10:59:55-03:00\",\"dateModified\":\"2017-08-11T10:59:55-03:00\",\"inLanguage\":\"pt-BR\",\"mainEntityOfPage\":{\"@id\":\"https:\\\/\\\/www.jornalja.com.br\\\/arquivo\\\/bikepoa-prefeitura-anuncia-troca-de-400-bicicletas-e-integracao-com-o-tri\\\/#webpage\"},\"isPartOf\":{\"@id\":\"https:\\\/\\\/www.jornalja.com.br\\\/arquivo\\\/bikepoa-prefeitura-anuncia-troca-de-400-bicicletas-e-integracao-com-o-tri\\\/#webpage\"},\"articleSection\":\"NOTAS\"},{\"@type\":\"BreadcrumbList\",\"@id\":\"https:\\\/\\\/www.jornalja.com.br\\\/arquivo\\\/bikepoa-prefeitura-anuncia-troca-de-400-bicicletas-e-integracao-com-o-tri\\\/#breadcrumblist\",\"itemListElement\":[{\"@type\":\"ListItem\",\"@id\":\"https:\\\/\\\/www.jornalja.com.br\\\/arquivo#listItem\",\"position\":1,\"name\":\"Home\",\"item\":\"https:\\\/\\\/www.jornalja.com.br\\\/arquivo\",\"nextItem\":{\"@type\":\"ListItem\",\"@id\":\"https:\\\/\\\/www.jornalja.com.br\\\/arquivo\\\/category\\\/notas\\\/#listItem\",\"name\":\"NOTAS\"}},{\"@type\":\"ListItem\",\"@id\":\"https:\\\/\\\/www.jornalja.com.br\\\/arquivo\\\/category\\\/notas\\\/#listItem\",\"position\":2,\"name\":\"NOTAS\",\"item\":\"https:\\\/\\\/www.jornalja.com.br\\\/arquivo\\\/category\\\/notas\\\/\",\"nextItem\":{\"@type\":\"ListItem\",\"@id\":\"https:\\\/\\\/www.jornalja.com.br\\\/arquivo\\\/bikepoa-prefeitura-anuncia-troca-de-400-bicicletas-e-integracao-com-o-tri\\\/#listItem\",\"name\":\"BikePoa: Prefeitura anuncia troca de 400 bicicletas e integra\\u00e7\\u00e3o com o TRI\"},\"previousItem\":{\"@type\":\"ListItem\",\"@id\":\"https:\\\/\\\/www.jornalja.com.br\\\/arquivo#listItem\",\"name\":\"Home\"}},{\"@type\":\"ListItem\",\"@id\":\"https:\\\/\\\/www.jornalja.com.br\\\/arquivo\\\/bikepoa-prefeitura-anuncia-troca-de-400-bicicletas-e-integracao-com-o-tri\\\/#listItem\",\"position\":3,\"name\":\"BikePoa: Prefeitura anuncia troca de 400 bicicletas e integra\\u00e7\\u00e3o com o TRI\",\"previousItem\":{\"@type\":\"ListItem\",\"@id\":\"https:\\\/\\\/www.jornalja.com.br\\\/arquivo\\\/category\\\/notas\\\/#listItem\",\"name\":\"NOTAS\"}}]},{\"@type\":\"Organization\",\"@id\":\"https:\\\/\\\/www.jornalja.com.br\\\/arquivo\\\/#organization\",\"name\":\"Jornal J\\u00c1\",\"description\":\"Jornal J\\u00c1 | Porto Alegre\",\"url\":\"https:\\\/\\\/www.jornalja.com.br\\\/arquivo\\\/\",\"telephone\":\"+555133307272\",\"logo\":{\"@type\":\"ImageObject\",\"url\":\"https:\\\/\\\/www.jornalja.com.br\\\/wp-content\\\/uploads\\\/cards\\\/JAslogan.png\",\"@id\":\"https:\\\/\\\/www.jornalja.com.br\\\/arquivo\\\/bikepoa-prefeitura-anuncia-troca-de-400-bicicletas-e-integracao-com-o-tri\\\/#organizationLogo\"},\"image\":{\"@id\":\"https:\\\/\\\/www.jornalja.com.br\\\/arquivo\\\/bikepoa-prefeitura-anuncia-troca-de-400-bicicletas-e-integracao-com-o-tri\\\/#organizationLogo\"}},{\"@type\":\"Person\",\"@id\":\"https:\\\/\\\/www.jornalja.com.br\\\/arquivo\\\/author\\\/daredacao\\\/#author\",\"url\":\"https:\\\/\\\/www.jornalja.com.br\\\/arquivo\\\/author\\\/daredacao\\\/\",\"name\":\"da Reda\\u00e7\\u00e3o\",\"image\":{\"@type\":\"ImageObject\",\"@id\":\"https:\\\/\\\/www.jornalja.com.br\\\/arquivo\\\/bikepoa-prefeitura-anuncia-troca-de-400-bicicletas-e-integracao-com-o-tri\\\/#authorImage\",\"url\":\"https:\\\/\\\/secure.gravatar.com\\\/avatar\\\/469fd857d6605ad19919d27ed29d35a968a25f6e8fd9318356bbb7f57aae9c65?s=96&d=mm&r=g\",\"width\":96,\"height\":96,\"caption\":\"da Reda\\u00e7\\u00e3o\"}},{\"@type\":\"WebPage\",\"@id\":\"https:\\\/\\\/www.jornalja.com.br\\\/arquivo\\\/bikepoa-prefeitura-anuncia-troca-de-400-bicicletas-e-integracao-com-o-tri\\\/#webpage\",\"url\":\"https:\\\/\\\/www.jornalja.com.br\\\/arquivo\\\/bikepoa-prefeitura-anuncia-troca-de-400-bicicletas-e-integracao-com-o-tri\\\/\",\"name\":\"BikePoa: Prefeitura anuncia troca de 400 bicicletas e integra\\u00e7\\u00e3o com o TRI | Arquivo\",\"inLanguage\":\"pt-BR\",\"isPartOf\":{\"@id\":\"https:\\\/\\\/www.jornalja.com.br\\\/arquivo\\\/#website\"},\"breadcrumb\":{\"@id\":\"https:\\\/\\\/www.jornalja.com.br\\\/arquivo\\\/bikepoa-prefeitura-anuncia-troca-de-400-bicicletas-e-integracao-com-o-tri\\\/#breadcrumblist\"},\"author\":{\"@id\":\"https:\\\/\\\/www.jornalja.com.br\\\/arquivo\\\/author\\\/daredacao\\\/#author\"},\"creator\":{\"@id\":\"https:\\\/\\\/www.jornalja.com.br\\\/arquivo\\\/author\\\/daredacao\\\/#author\"},\"image\":{\"@type\":\"ImageObject\",\"url\":53306,\"@id\":\"https:\\\/\\\/www.jornalja.com.br\\\/arquivo\\\/bikepoa-prefeitura-anuncia-troca-de-400-bicicletas-e-integracao-com-o-tri\\\/#mainImage\"},\"primaryImageOfPage\":{\"@id\":\"https:\\\/\\\/www.jornalja.com.br\\\/arquivo\\\/bikepoa-prefeitura-anuncia-troca-de-400-bicicletas-e-integracao-com-o-tri\\\/#mainImage\"},\"datePublished\":\"2017-08-11T10:59:55-03:00\",\"dateModified\":\"2017-08-11T10:59:55-03:00\"},{\"@type\":\"WebSite\",\"@id\":\"https:\\\/\\\/www.jornalja.com.br\\\/arquivo\\\/#website\",\"url\":\"https:\\\/\\\/www.jornalja.com.br\\\/arquivo\\\/\",\"name\":\"Arquivo\",\"description\":\"Jornal J\\u00c1 | Porto Alegre\",\"inLanguage\":\"pt-BR\",\"publisher\":{\"@id\":\"https:\\\/\\\/www.jornalja.com.br\\\/arquivo\\\/#organization\"}}]}\n\t\t<\/script>\n\t\t<!-- All in One SEO -->\n\n","aioseo_head_json":{"title":"BikePoa: Prefeitura anuncia troca de 400 bicicletas e integra\u00e7\u00e3o com o TRI | Arquivo","description":"","canonical_url":"https:\/\/www.jornalja.com.br\/arquivo\/bikepoa-prefeitura-anuncia-troca-de-400-bicicletas-e-integracao-com-o-tri\/","robots":"max-image-preview:large","keywords":"","webmasterTools":{"miscellaneous":""},"schema":{"@context":"https:\/\/schema.org","@graph":[{"@type":"BlogPosting","@id":"https:\/\/www.jornalja.com.br\/arquivo\/bikepoa-prefeitura-anuncia-troca-de-400-bicicletas-e-integracao-com-o-tri\/#blogposting","name":"BikePoa: Prefeitura anuncia troca de 400 bicicletas e integra\u00e7\u00e3o com o TRI | Arquivo","headline":"BikePoa: Prefeitura anuncia troca de 400 bicicletas e integra\u00e7\u00e3o com o TRI","author":{"@id":"https:\/\/www.jornalja.com.br\/arquivo\/author\/daredacao\/#author"},"publisher":{"@id":"https:\/\/www.jornalja.com.br\/arquivo\/#organization"},"image":{"@type":"ImageObject","url":53306},"datePublished":"2017-08-11T10:59:55-03:00","dateModified":"2017-08-11T10:59:55-03:00","inLanguage":"pt-BR","mainEntityOfPage":{"@id":"https:\/\/www.jornalja.com.br\/arquivo\/bikepoa-prefeitura-anuncia-troca-de-400-bicicletas-e-integracao-com-o-tri\/#webpage"},"isPartOf":{"@id":"https:\/\/www.jornalja.com.br\/arquivo\/bikepoa-prefeitura-anuncia-troca-de-400-bicicletas-e-integracao-com-o-tri\/#webpage"},"articleSection":"NOTAS"},{"@type":"BreadcrumbList","@id":"https:\/\/www.jornalja.com.br\/arquivo\/bikepoa-prefeitura-anuncia-troca-de-400-bicicletas-e-integracao-com-o-tri\/#breadcrumblist","itemListElement":[{"@type":"ListItem","@id":"https:\/\/www.jornalja.com.br\/arquivo#listItem","position":1,"name":"Home","item":"https:\/\/www.jornalja.com.br\/arquivo","nextItem":{"@type":"ListItem","@id":"https:\/\/www.jornalja.com.br\/arquivo\/category\/notas\/#listItem","name":"NOTAS"}},{"@type":"ListItem","@id":"https:\/\/www.jornalja.com.br\/arquivo\/category\/notas\/#listItem","position":2,"name":"NOTAS","item":"https:\/\/www.jornalja.com.br\/arquivo\/category\/notas\/","nextItem":{"@type":"ListItem","@id":"https:\/\/www.jornalja.com.br\/arquivo\/bikepoa-prefeitura-anuncia-troca-de-400-bicicletas-e-integracao-com-o-tri\/#listItem","name":"BikePoa: Prefeitura anuncia troca de 400 bicicletas e integra\u00e7\u00e3o com o TRI"},"previousItem":{"@type":"ListItem","@id":"https:\/\/www.jornalja.com.br\/arquivo#listItem","name":"Home"}},{"@type":"ListItem","@id":"https:\/\/www.jornalja.com.br\/arquivo\/bikepoa-prefeitura-anuncia-troca-de-400-bicicletas-e-integracao-com-o-tri\/#listItem","position":3,"name":"BikePoa: Prefeitura anuncia troca de 400 bicicletas e integra\u00e7\u00e3o com o TRI","previousItem":{"@type":"ListItem","@id":"https:\/\/www.jornalja.com.br\/arquivo\/category\/notas\/#listItem","name":"NOTAS"}}]},{"@type":"Organization","@id":"https:\/\/www.jornalja.com.br\/arquivo\/#organization","name":"Jornal J\u00c1","description":"Jornal J\u00c1 | Porto Alegre","url":"https:\/\/www.jornalja.com.br\/arquivo\/","telephone":"+555133307272","logo":{"@type":"ImageObject","url":"https:\/\/www.jornalja.com.br\/wp-content\/uploads\/cards\/JAslogan.png","@id":"https:\/\/www.jornalja.com.br\/arquivo\/bikepoa-prefeitura-anuncia-troca-de-400-bicicletas-e-integracao-com-o-tri\/#organizationLogo"},"image":{"@id":"https:\/\/www.jornalja.com.br\/arquivo\/bikepoa-prefeitura-anuncia-troca-de-400-bicicletas-e-integracao-com-o-tri\/#organizationLogo"}},{"@type":"Person","@id":"https:\/\/www.jornalja.com.br\/arquivo\/author\/daredacao\/#author","url":"https:\/\/www.jornalja.com.br\/arquivo\/author\/daredacao\/","name":"da Reda\u00e7\u00e3o","image":{"@type":"ImageObject","@id":"https:\/\/www.jornalja.com.br\/arquivo\/bikepoa-prefeitura-anuncia-troca-de-400-bicicletas-e-integracao-com-o-tri\/#authorImage","url":"https:\/\/secure.gravatar.com\/avatar\/469fd857d6605ad19919d27ed29d35a968a25f6e8fd9318356bbb7f57aae9c65?s=96&d=mm&r=g","width":96,"height":96,"caption":"da Reda\u00e7\u00e3o"}},{"@type":"WebPage","@id":"https:\/\/www.jornalja.com.br\/arquivo\/bikepoa-prefeitura-anuncia-troca-de-400-bicicletas-e-integracao-com-o-tri\/#webpage","url":"https:\/\/www.jornalja.com.br\/arquivo\/bikepoa-prefeitura-anuncia-troca-de-400-bicicletas-e-integracao-com-o-tri\/","name":"BikePoa: Prefeitura anuncia troca de 400 bicicletas e integra\u00e7\u00e3o com o TRI | Arquivo","inLanguage":"pt-BR","isPartOf":{"@id":"https:\/\/www.jornalja.com.br\/arquivo\/#website"},"breadcrumb":{"@id":"https:\/\/www.jornalja.com.br\/arquivo\/bikepoa-prefeitura-anuncia-troca-de-400-bicicletas-e-integracao-com-o-tri\/#breadcrumblist"},"author":{"@id":"https:\/\/www.jornalja.com.br\/arquivo\/author\/daredacao\/#author"},"creator":{"@id":"https:\/\/www.jornalja.com.br\/arquivo\/author\/daredacao\/#author"},"image":{"@type":"ImageObject","url":53306,"@id":"https:\/\/www.jornalja.com.br\/arquivo\/bikepoa-prefeitura-anuncia-troca-de-400-bicicletas-e-integracao-com-o-tri\/#mainImage"},"primaryImageOfPage":{"@id":"https:\/\/www.jornalja.com.br\/arquivo\/bikepoa-prefeitura-anuncia-troca-de-400-bicicletas-e-integracao-com-o-tri\/#mainImage"},"datePublished":"2017-08-11T10:59:55-03:00","dateModified":"2017-08-11T10:59:55-03:00"},{"@type":"WebSite","@id":"https:\/\/www.jornalja.com.br\/arquivo\/#website","url":"https:\/\/www.jornalja.com.br\/arquivo\/","name":"Arquivo","description":"Jornal J\u00c1 | Porto Alegre","inLanguage":"pt-BR","publisher":{"@id":"https:\/\/www.jornalja.com.br\/arquivo\/#organization"}}]},"og:locale":"pt_BR","og:site_name":"Arquivo | Jornal J\u00c1 | Porto Alegre","og:type":"article","og:title":"BikePoa: Prefeitura anuncia troca de 400 bicicletas e integra\u00e7\u00e3o com o TRI | Arquivo","og:url":"https:\/\/www.jornalja.com.br\/arquivo\/bikepoa-prefeitura-anuncia-troca-de-400-bicicletas-e-integracao-com-o-tri\/","og:image":"https:\/\/www.jornalja.com.br\/economics\/wp-content\/uploads\/sites\/11\/2026\/08\/ja-folhaderosto-facebook.jpg","og:image:secure_url":"https:\/\/www.jornalja.com.br\/economics\/wp-content\/uploads\/sites\/11\/2026\/08\/ja-folhaderosto-facebook.jpg","article:published_time":"2017-08-11T13:59:55+00:00","article:modified_time":"2017-08-11T13:59:55+00:00","twitter:card":"summary","twitter:title":"BikePoa: Prefeitura anuncia troca de 400 bicicletas e integra\u00e7\u00e3o com o TRI | Arquivo","twitter:image":"https:\/\/www.jornalja.com.br\/economics\/wp-content\/uploads\/sites\/11\/2026\/08\/ja-folhaderosto-facebook.jpg"},"aioseo_meta_data":{"post_id":"53305","title":null,"description":null,"keywords":null,"keyphrases":null,"primary_term":null,"canonical_url":null,"og_title":null,"og_description":null,"og_object_type":"default","og_image_type":"default","og_image_url":null,"og_image_width":null,"og_image_height":null,"og_image_custom_url":null,"og_image_custom_fields":null,"og_video":null,"og_custom_url":null,"og_article_section":null,"og_article_tags":null,"twitter_use_og":false,"twitter_card":"default","twitter_image_type":"default","twitter_image_url":null,"twitter_image_custom_url":null,"twitter_image_custom_fields":null,"twitter_title":null,"twitter_description":null,"schema":{"blockGraphs":[],"customGraphs":[],"default":{"data":{"Article":[],"Course":[],"Dataset":[],"FAQPage":[],"Movie":[],"Person":[],"Product":[],"ProductReview":[],"Car":[],"Recipe":[],"Service":[],"SoftwareApplication":[],"WebPage":[]},"graphName":"","isEnabled":true},"graphs":[],"defaultGraph":"","defaultPostTypeGraph":""},"schema_type":null,"schema_type_options":null,"pillar_content":false,"robots_default":true,"robots_noindex":false,"robots_noarchive":false,"robots_nosnippet":false,"robots_nofollow":false,"robots_noimageindex":false,"robots_noodp":false,"robots_notranslate":false,"robots_max_snippet":null,"robots_max_videopreview":null,"robots_max_imagepreview":"large","priority":null,"frequency":null,"location":null,"local_seo":null,"breadcrumb_settings":null,"limit_modified_date":false,"ai":null,"created":"2020-12-20 20:26:59","updated":"2025-07-20 00:11:27","seo_analyzer_scan_date":null,"focus_keyword":null,"additional_keywords":null,"truseo_locale":null},"jetpack_sharing_enabled":true,"jetpack-related-posts":[{"id":12960,"url":"https:\/\/www.jornalja.com.br\/arquivo\/populacao-culpa-empresas-pela-greve-dos-rodoviarios\/","url_meta":{"origin":53305,"position":0},"title":"Popula\u00e7\u00e3o culpa empresas pela greve","author":"Patr\u00edcia Marini","date":"14 de fevereiro de 2014","format":false,"excerpt":"Pesquisa divulgada na edi\u00e7\u00e3o do jornal Metro desta sexta-feira,14, comprova o velho ditado: \u00e9 poss\u00edvel enganar muitos por algum tempo, mas n\u00e3o \u00e9 poss\u00edvel enganar a todos o tempo inteiro. A principal revela\u00e7\u00e3o foi que 59,8% dos entrevistados apontaram as empresas como as principais respons\u00e1veis pela grave e 46% culparam\u2026","rel":"","context":"Em &quot;X.Categorias velhas&quot;","block_context":{"text":"X.Categorias velhas","link":"https:\/\/www.jornalja.com.br\/arquivo\/category\/x-categorias-velhas\/"},"img":{"alt_text":"","src":"","width":0,"height":0},"classes":[]},{"id":13124,"url":"https:\/\/www.jornalja.com.br\/arquivo\/sangue-latino-no-iecine\/","url_meta":{"origin":53305,"position":1},"title":"Sangue latino no IECINE","author":"da Reda\u00e7\u00e3o","date":"18 de maio de 2014","format":false,"excerpt":"Francisco Ribeiro O Instituto Estadual de Cinema (IECINE) tem a frente, desde abril \u00faltimo, um novo diretor, o cineasta colombiano Juan Zapata, 36, que substitui Luiz Alberto Cassol. Radicado h\u00e1 dez anos em Porto Alegre, Zapata tem diante de si o desafio de conduzir at\u00e9 o final do ano um\u2026","rel":"","context":"Em &quot;Cultura-Geral&quot;","block_context":{"text":"Cultura-Geral","link":"https:\/\/www.jornalja.com.br\/arquivo\/category\/materiasecundaria\/"},"img":{"alt_text":"","src":"","width":0,"height":0},"classes":[]},{"id":5440,"url":"https:\/\/www.jornalja.com.br\/arquivo\/casarao-da-venancio-destino-permanece-incerto\/","url_meta":{"origin":53305,"position":2},"title":"Estado ainda n\u00e3o sabe o que fazer com casar\u00e3o abandonado h\u00e1 20 anos","author":"Elmar Bones","date":"6 de julho de 2009","format":false,"excerpt":"O casar\u00e3o amarelo, numa esquina nobre de Porto Alegre (Ven\u00e2ncio Aires com Jo\u00e3o Pessoa), j\u00e1 abrigou uma escola. H\u00e1 duas d\u00e9cadas, pelo menos, est\u00e1 abandonado, porque seu propriet\u00e1rio, o governo do Estado do Rio Grande do Sul, n\u00e3o consegue achar um destino para ele. Planos n\u00e3o faltaram. O governador Ol\u00edvio\u2026","rel":"","context":"Em &quot;X.Categorias velhas&quot;","block_context":{"text":"X.Categorias velhas","link":"https:\/\/www.jornalja.com.br\/arquivo\/category\/x-categorias-velhas\/"},"img":{"alt_text":"geraldo1","src":"https:\/\/i0.wp.com\/www.jornalja.com.br\/wp-content\/uploads\/2009\/07\/geraldo1.jpg?resize=350%2C200&ssl=1","width":350,"height":200},"classes":[]},{"id":14241,"url":"https:\/\/www.jornalja.com.br\/arquivo\/o-guaiba-nas-imagens-poeticas-de-achutti\/","url_meta":{"origin":53305,"position":3},"title":"O Gua\u00edba nas imagens po\u00e9ticas de Achutti","author":"da Reda\u00e7\u00e3o","date":"18 de junho de 2014","format":false,"excerpt":"Em \u201cO Gua\u00edba por Achutti\u201d \u2013 obra financiada via Minist\u00e9rio da Cultura, produ\u00e7\u00e3o executiva de Pedro Longhi, e Fl\u00e1vio Wild como designer \u2013, o fot\u00f3grafo revela a beleza e as mazelas de um espa\u00e7o aqu\u00e1tico de \u00e1guas sempre renovadas, cheio de hist\u00f3rias e lendas como as das cidades que foram\u2026","rel":"","context":"Em &quot;Cultura-Geral&quot;","block_context":{"text":"Cultura-Geral","link":"https:\/\/www.jornalja.com.br\/arquivo\/category\/materiasecundaria\/"},"img":{"alt_text":"","src":"","width":0,"height":0},"classes":[]},{"id":13101,"url":"https:\/\/www.jornalja.com.br\/arquivo\/morre-um-guerreiro-do-texto\/","url_meta":{"origin":53305,"position":4},"title":"Morre um guerreiro do texto","author":"Patr\u00edcia Marini","date":"14 de maio de 2014","format":false,"excerpt":"Por Ricardo Kotscho Reproduzido do blog do autor, 11\/5\/2014; t\u00edtulo original \u201cE l\u00e1 se foi o nosso Myltainho, guerreiro do texto\u201d. Mi\u00fado e franzino, meu amigo Myltainho era um valente e inconformado guerreiro na luta contra as injusti\u00e7as sociais, a hipocrisia, as maracutaias, o autoritarismo, a intoler\u00e2ncia, a viol\u00eancia, o\u2026","rel":"","context":"Em &quot;Geral&quot;","block_context":{"text":"Geral","link":"https:\/\/www.jornalja.com.br\/arquivo\/category\/geral\/"},"img":{"alt_text":"","src":"","width":0,"height":0},"classes":[]},{"id":13240,"url":"https:\/\/www.jornalja.com.br\/arquivo\/plano-diretor-estamos-construindo-o-caos\/","url_meta":{"origin":53305,"position":5},"title":"Plano diretor: &quot;Estamos construindo o caos&quot;","author":"Patr\u00edcia Marini","date":"26 de maio de 2014","format":false,"excerpt":"Desabafo que arquiteta Eliana Castilhos, delegada da Regi\u00e3o de Planejamento 1, postou nas redes sociais \u00e9 um testemunho do ambiente que se criou no Conselho do Plano Diretor de Porto Alegre, onde a aprova\u00e7\u00e3o de grandes empreendimentos \u00e9 empurrada guela abaixo dos conselheiros. Ao CMDUA Como delegada da Regi\u00e3o de\u2026","rel":"","context":"Em &quot;Geral&quot;","block_context":{"text":"Geral","link":"https:\/\/www.jornalja.com.br\/arquivo\/category\/geral\/"},"img":{"alt_text":"","src":"","width":0,"height":0},"classes":[]}],"jetpack_shortlink":"https:\/\/wp.me\/pbQjBd-dRL","jetpack_featured_media_url":"","_links":{"self":[{"href":"https:\/\/www.jornalja.com.br\/arquivo\/wp-json\/wp\/v2\/posts\/53305","targetHints":{"allow":["GET"]}}],"collection":[{"href":"https:\/\/www.jornalja.com.br\/arquivo\/wp-json\/wp\/v2\/posts"}],"about":[{"href":"https:\/\/www.jornalja.com.br\/arquivo\/wp-json\/wp\/v2\/types\/post"}],"author":[{"embeddable":true,"href":"https:\/\/www.jornalja.com.br\/arquivo\/wp-json\/wp\/v2\/users\/4"}],"replies":[{"embeddable":true,"href":"https:\/\/www.jornalja.com.br\/arquivo\/wp-json\/wp\/v2\/comments?post=53305"}],"version-history":[{"count":0,"href":"https:\/\/www.jornalja.com.br\/arquivo\/wp-json\/wp\/v2\/posts\/53305\/revisions"}],"wp:attachment":[{"href":"https:\/\/www.jornalja.com.br\/arquivo\/wp-json\/wp\/v2\/media?parent=53305"}],"wp:term":[{"taxonomy":"category","embeddable":true,"href":"https:\/\/www.jornalja.com.br\/arquivo\/wp-json\/wp\/v2\/categories?post=53305"},{"taxonomy":"post_tag","embeddable":true,"href":"https:\/\/www.jornalja.com.br\/arquivo\/wp-json\/wp\/v2\/tags?post=53305"}],"curies":[{"name":"wp","href":"https:\/\/api.w.org\/{rel}","templated":true}]}}