{"id":53309,"date":"2017-08-12T07:54:08","date_gmt":"2017-08-12T10:54:08","guid":{"rendered":"https:\/\/www.jornalja.com.br\/?p=53309"},"modified":"2017-08-12T07:54:08","modified_gmt":"2017-08-12T10:54:08","slug":"transporte-em-colapso-menos-isencoes-mais-aumento","status":"publish","type":"post","link":"https:\/\/www.jornalja.com.br\/arquivo\/transporte-em-colapso-menos-isencoes-mais-aumento\/","title":{"rendered":"Transporte em colapso: menos isen\u00e7\u00f5es, mais aumento"},"content":{"rendered":"<p>Os \u00f4nibus em Porto Alegre perderam 22 milh\u00f5es de passageiros no ano passado. Para este ano, a estimativa \u00e9 de que o sistema perca mais 11,5% de passageiros. S\u00e3o pessoas que perderam o emprego ou que simplesmente n\u00e3o conseguem mais pagar os R$ 4,05 da passagem.<br \/>\nPara as empresas que operam o sistema, segundo elas informam, \u00e9 um preju\u00edzo que supera os R$ 100 milh\u00f5es desde o ano passado. \u00c9 a conta da crise e do desemprego, que chega para todos.<br \/>\nA situa\u00e7\u00e3o dos usu\u00e1rios que perderam o \u00f4nibus n\u00e3o motivou at\u00e9 agora nenhuma iniciativa importante da prefeitura. Mas a perspectiva de um \u201ccolapso financeiro\u201d nas concession\u00e1rias do transporte p\u00fablico deu origem a medidas emergenciais.<br \/>\nSeis projetos chegaram \u00e0 C\u00e2mara Municipal no final de julho, antes mesmo que terminasse o recesso dos vereadores. Eles cortam benef\u00edcios dos usu\u00e1rios e aliviam custos das empresas, como o aumento da vida \u00fatil dos \u00f4nibus e o fim da obrigatoriedade do cobrador.<br \/>\nCom um decreto, o prefeito retirou a gratuidade da segunda passagem, que vigorava desde 2011. O trabalhador que precisa tomar dois \u00f4nibus para chegar ao servi\u00e7o ter\u00e1 um aumento de 50% na segunda passagem. Segundo a EPTC, eles representam 13% dos usu\u00e1rios. O transporte p\u00fablico em Porto Alegre \u00e9 um servi\u00e7o caro e ruim.<br \/>\nEste ano, a EPTC j\u00e1 aplicou nas concession\u00e1rias mais de cinco mil multas por descumprimento de requisitos contratuais, como atrasos nos \u00f4nibus e realiza\u00e7\u00e3o de menos viagens que o previsto. As propostas da prefeitura para \u201cevitar o colapso\u201d reduzem as isen\u00e7\u00f5es para idosos, estudantes, professores e portadores de necessidades especiais e de doen\u00e7as cr\u00f4nicas.<br \/>\nO fim da obrigatoriedade dos cobradores e o aumento do tempo de uso dos ve\u00edculos tamb\u00e9m est\u00e3o entre as propostas.<br \/>\n<span class=\"intertit\">Mesmo com os cortes, passagem vai subir acima da infla\u00e7\u00e3o<\/span><br \/>\nMesmo que todas as propostas sejam aprovadas, a empresa p\u00fablica afirma que a passagem deve subir para R$ 4,40 no pr\u00f3ximo ano. Se n\u00e3o forem aprovadas, a estimativa \u00e9 de \u00f4nibus a R$ 4,61 em 2018.<br \/>\nInicialmente, a EPTC justificou que os projetos representariam uma economia de R$ 0,78 anuais e que, no melhor dos cen\u00e1rios, a passagem n\u00e3o iria subir. Uma semana depois, a Administra\u00e7\u00e3o recuou e mudou os c\u00e1lculos: a economia \u00e9 de apenas R$ 0,39. Atualmente Porto Alegre \u00e9 a segunda Capital com passagem mais cara \u2013 atr\u00e1s de Curitiba, com R$ 4,25 \u2013 e tamb\u00e9m a segunda com maior percentual de isen\u00e7\u00f5es &#8211; 35%, atr\u00e1s apenas de S\u00e3o Paulo, com 51%.<br \/>\nO diretor-presidente da EPTC, Marcelo Soletti, n\u00e3o garante que o corte das isen\u00e7\u00f5es reflita em redu\u00e7\u00e3o da passagem. \u201cO que podemos garantir \u00e9 que se tirar, o impacto ser\u00e1 menor\u201d. Soletti faz um paralelo entre o advento da gratuidade da segunda passagem, em 2011, com os preju\u00edzos acumulados pela Carris, que remetem ao mesmo ano.<br \/>\nPara seu antecessor, Vanderlei Cappellari, o argumento n\u00e3o \u00e9 v\u00e1lido. \u201cIsso n\u00e3o existe! A segunda passagem est\u00e1 prevista no valor da tarifa\u201d. A gratuidade da segunda passagem foi uma bandeira defendida por Cappellari na EPTC. Em rela\u00e7\u00e3o ao corte de isen\u00e7\u00f5es, sua posi\u00e7\u00e3o coincide com a atual gest\u00e3o. \u201cTem muita injusti\u00e7a no sistema, temos que corrigi-las.\u201d<br \/>\nJ\u00e1 o economista Andr\u00e9 Augustin, da Funda\u00e7\u00e3o de Economia e Estat\u00edstica (FEE), tem uma leitura mais cr\u00edtica sobre as medidas. Para Augustin, \u201ca Prefeitura est\u00e1 se esfor\u00e7ando para falir o sistema\u201d. O economista afirma que o corte de isen\u00e7\u00f5es vai fazer cair ainda mais o n\u00famero de passageiros pagantes. As empresas, segundo ele, poderiam contribuir para o equil\u00edbrio do sistema. \u201cAl\u00e9m disso, a prefeitura poderia, por exemplo, fazer auditoria nas empresas e n\u00e3o aceitar que elas apresentem nota fiscal de combust\u00edvel acima do valor de mercado\u201d.<br \/>\n<span class=\"intertit\">Marchezan recua: 4 meses para o debate <\/span><br \/>\nOs projetos enviados pela Prefeitura ser\u00e3o debatidos ao longo dos pr\u00f3ximos quatro meses. O prefeito concordou pela suspens\u00e3o da tramita\u00e7\u00e3o ap\u00f3s um pedido do l\u00edder do governo, o vereador Claudio Janta (SDD), que havia criticado as medidas e a falta de di\u00e1logo pr\u00e9vio. Uma comiss\u00e3o especial com doze vereadores ir\u00e1 debater as mudan\u00e7as nas isen\u00e7\u00f5es.<br \/>\nO recuo do governo tamb\u00e9m \u00e9 uma jogada estrat\u00e9gica para evitar uma debandada da base de governo e a perda de apoio para outros projetos. No primeiro semestre, o prefeito s\u00f3 foi derrotado uma vez no legislativo, o que significa, na pr\u00e1tica, a maioria a seu favor.<br \/>\n<span class=\"intertit\">Vereadores pedem inspe\u00e7\u00e3o especial ao MPC<\/span><br \/>\nUm grupo de 16 vereadores pediu inspe\u00e7\u00e3o especial do transporte p\u00fablico de Porto Alegre, em fun\u00e7\u00e3o do decreto da segunda passagem. O pedido foi encaminhado ao promotor do Minist\u00e9rio P\u00fablico de Contas, Geraldo Da Camino. Os vereadores argumentam que a medida fere a isonomia do sistema, n\u00e3o garantindo direitos iguais ao usu\u00e1rios e penalizando aqueles que n\u00e3o tem um linha linha direta para seu trajeto normal.<br \/>\nOutro argumento \u00e9 que o decreto fere a concorr\u00eancia p\u00fablica do transporte p\u00fablico que prev\u00ea que \u201ca cria\u00e7\u00e3o ou extin\u00e7\u00e3o de isen\u00e7\u00f5es, gratuidades ou outros benef\u00edcios dados aos USU\u00c1RIOS deveria ser remetido a recalculo tarif\u00e1rio\u201d. A iniciativa partiu da l\u00edder da oposi\u00e7\u00e3o, vereadora Fernanda Melchionna (PSOL). Al\u00e9m dos sete vereadores da bancada de oposi\u00e7\u00e3o, assinaram o pedido vereadores do PDT, PSB, PMDB, PSD, DEM e at\u00e9 do PP, partido do vice-prefeito.<br \/>\n<span class=\"intertit\">EPTC previa queda de R$ 1,40 sem isen\u00e7\u00f5es<\/span><br \/>\nNo site da empresa, est\u00e1 dispon\u00edvel um parecer t\u00e9cnico com a estimativa de redu\u00e7\u00e3o da passagem em at\u00e9 R$ 1,40, em caso de extin\u00e7\u00e3o de todas as gratuidades. Neste caso a passagem chegaria a R$ 2,65, uma redu\u00e7\u00e3o de 34,5%. O documento assinado pelo coordenador de Regula\u00e7\u00e3o de Transportes, M\u00e1rcio Saueressig, foi divulgado em mar\u00e7o, ap\u00f3s o pedido de reajuste feito pela Sindicato das Empresas de \u00d4nibus. Somente com o corte de isen\u00e7\u00f5es proposta pelo governo, a tabela aponta uma redu\u00e7\u00e3o de mais de R$ 0,50. Entretanto, a empresa p\u00fablica prev\u00ea que, mesmo aprovados os projetos, a passagem vai subir.<br \/>\n<span class=\"intertit\">Passagem sobe mais que a infla\u00e7\u00e3o h\u00e1 duas d\u00e9cadas<\/span><br \/>\nEstamos em agosto e a EPTC j\u00e1 prev\u00ea passagens a R$ 4,61 em 2018, caso o sistema se mantenha como est\u00e1, sem a retiradas das isen\u00e7\u00f5es. O valor representa um aumento de 56 centavos ou 13,8%. O reajuste acima da infla\u00e7\u00e3o n\u00e3o \u00e9 novidade.<br \/>\nDesde a cria\u00e7\u00e3o do Plano Real, em 1994, ano ap\u00f3s ano, a tarifa do transporte p\u00fablico \u00e9 reajustada acima da infla\u00e7\u00e3o. No per\u00edodo de 23 anos, superou em quase o dobro o \u00edndice da infla\u00e7\u00e3o. Os dados s\u00e3o do economista da FEE, Andr\u00e9 Augustin. Neste per\u00edodo, o IPCA foi de 421,40% enquanto os reajustes da passagem foram de 913,51%.<\/p>\n","protected":false},"excerpt":{"rendered":"<p>Os \u00f4nibus em Porto Alegre perderam 22 milh\u00f5es de passageiros no ano passado. Para este ano, a estimativa \u00e9 de que o sistema perca mais 11,5% de passageiros. S\u00e3o pessoas que perderam o emprego ou que simplesmente n\u00e3o conseguem mais pagar os R$ 4,05 da passagem. Para as empresas que operam o sistema, segundo elas [&hellip;]<\/p>\n","protected":false},"author":4,"featured_media":53310,"comment_status":"open","ping_status":"closed","sticky":false,"template":"","format":"standard","meta":{"_jetpack_newsletter_access":"","_jetpack_dont_email_post_to_subs":false,"_jetpack_newsletter_tier_id":0,"_jetpack_memberships_contains_paywalled_content":false,"_jetpack_feature_clip_id":0,"_jetpack_memberships_contains_paid_content":false,"footnotes":"","jetpack_post_was_ever_published":false},"categories":[26],"tags":[],"class_list":["post-53309","post","type-post","status-publish","format-standard","has-post-thumbnail","hentry","category-geral"],"aioseo_notices":[],"aioseo_head":"\n\t\t<!-- All in One SEO 5.0.1.1 - aioseo.com -->\n\t<meta name=\"robots\" content=\"max-image-preview:large\" \/>\n\t<meta name=\"author\" content=\"da Reda\u00e7\u00e3o\"\/>\n\t<link rel=\"canonical\" href=\"https:\/\/www.jornalja.com.br\/arquivo\/transporte-em-colapso-menos-isencoes-mais-aumento\/\" \/>\n\t<meta name=\"generator\" content=\"All in One SEO (AIOSEO) 5.0.1.1\" \/>\n\t\t<meta property=\"og:locale\" content=\"pt_BR\" \/>\n\t\t<meta property=\"og:site_name\" content=\"Arquivo | Jornal J\u00c1 | Porto Alegre\" \/>\n\t\t<meta property=\"og:type\" content=\"article\" \/>\n\t\t<meta property=\"og:title\" content=\"Transporte em colapso: menos isen\u00e7\u00f5es, mais aumento | Arquivo\" \/>\n\t\t<meta property=\"og:url\" content=\"https:\/\/www.jornalja.com.br\/arquivo\/transporte-em-colapso-menos-isencoes-mais-aumento\/\" \/>\n\t\t<meta property=\"og:image\" content=\"https:\/\/www.jornalja.com.br\/economics\/wp-content\/uploads\/sites\/11\/2026\/08\/ja-folhaderosto-facebook.jpg\" \/>\n\t\t<meta property=\"og:image:secure_url\" content=\"https:\/\/www.jornalja.com.br\/economics\/wp-content\/uploads\/sites\/11\/2026\/08\/ja-folhaderosto-facebook.jpg\" \/>\n\t\t<meta property=\"article:published_time\" content=\"2017-08-12T10:54:08+00:00\" \/>\n\t\t<meta property=\"article:modified_time\" content=\"2017-08-12T10:54:08+00:00\" \/>\n\t\t<meta name=\"twitter:card\" content=\"summary\" \/>\n\t\t<meta name=\"twitter:title\" content=\"Transporte em colapso: menos isen\u00e7\u00f5es, mais aumento | Arquivo\" \/>\n\t\t<meta name=\"twitter:image\" content=\"https:\/\/www.jornalja.com.br\/economics\/wp-content\/uploads\/sites\/11\/2026\/08\/ja-folhaderosto-facebook.jpg\" \/>\n\t\t<script type=\"application\/ld+json\" class=\"aioseo-schema\">\n\t\t\t{\"@context\":\"https:\\\/\\\/schema.org\",\"@graph\":[{\"@type\":\"BlogPosting\",\"@id\":\"https:\\\/\\\/www.jornalja.com.br\\\/arquivo\\\/transporte-em-colapso-menos-isencoes-mais-aumento\\\/#blogposting\",\"name\":\"Transporte em colapso: menos isen\\u00e7\\u00f5es, mais aumento | Arquivo\",\"headline\":\"Transporte em colapso: menos isen\\u00e7\\u00f5es, mais aumento\",\"author\":{\"@id\":\"https:\\\/\\\/www.jornalja.com.br\\\/arquivo\\\/author\\\/daredacao\\\/#author\"},\"publisher\":{\"@id\":\"https:\\\/\\\/www.jornalja.com.br\\\/arquivo\\\/#organization\"},\"image\":{\"@type\":\"ImageObject\",\"url\":53310},\"datePublished\":\"2017-08-12T07:54:08-03:00\",\"dateModified\":\"2017-08-12T07:54:08-03:00\",\"inLanguage\":\"pt-BR\",\"mainEntityOfPage\":{\"@id\":\"https:\\\/\\\/www.jornalja.com.br\\\/arquivo\\\/transporte-em-colapso-menos-isencoes-mais-aumento\\\/#webpage\"},\"isPartOf\":{\"@id\":\"https:\\\/\\\/www.jornalja.com.br\\\/arquivo\\\/transporte-em-colapso-menos-isencoes-mais-aumento\\\/#webpage\"},\"articleSection\":\"Geral\"},{\"@type\":\"BreadcrumbList\",\"@id\":\"https:\\\/\\\/www.jornalja.com.br\\\/arquivo\\\/transporte-em-colapso-menos-isencoes-mais-aumento\\\/#breadcrumblist\",\"itemListElement\":[{\"@type\":\"ListItem\",\"@id\":\"https:\\\/\\\/www.jornalja.com.br\\\/arquivo#listItem\",\"position\":1,\"name\":\"Home\",\"item\":\"https:\\\/\\\/www.jornalja.com.br\\\/arquivo\",\"nextItem\":{\"@type\":\"ListItem\",\"@id\":\"https:\\\/\\\/www.jornalja.com.br\\\/arquivo\\\/category\\\/geral\\\/#listItem\",\"name\":\"Geral\"}},{\"@type\":\"ListItem\",\"@id\":\"https:\\\/\\\/www.jornalja.com.br\\\/arquivo\\\/category\\\/geral\\\/#listItem\",\"position\":2,\"name\":\"Geral\",\"item\":\"https:\\\/\\\/www.jornalja.com.br\\\/arquivo\\\/category\\\/geral\\\/\",\"nextItem\":{\"@type\":\"ListItem\",\"@id\":\"https:\\\/\\\/www.jornalja.com.br\\\/arquivo\\\/transporte-em-colapso-menos-isencoes-mais-aumento\\\/#listItem\",\"name\":\"Transporte em colapso: menos isen\\u00e7\\u00f5es, mais aumento\"},\"previousItem\":{\"@type\":\"ListItem\",\"@id\":\"https:\\\/\\\/www.jornalja.com.br\\\/arquivo#listItem\",\"name\":\"Home\"}},{\"@type\":\"ListItem\",\"@id\":\"https:\\\/\\\/www.jornalja.com.br\\\/arquivo\\\/transporte-em-colapso-menos-isencoes-mais-aumento\\\/#listItem\",\"position\":3,\"name\":\"Transporte em colapso: menos isen\\u00e7\\u00f5es, mais aumento\",\"previousItem\":{\"@type\":\"ListItem\",\"@id\":\"https:\\\/\\\/www.jornalja.com.br\\\/arquivo\\\/category\\\/geral\\\/#listItem\",\"name\":\"Geral\"}}]},{\"@type\":\"Organization\",\"@id\":\"https:\\\/\\\/www.jornalja.com.br\\\/arquivo\\\/#organization\",\"name\":\"Jornal J\\u00c1\",\"description\":\"Jornal J\\u00c1 | Porto Alegre\",\"url\":\"https:\\\/\\\/www.jornalja.com.br\\\/arquivo\\\/\",\"telephone\":\"+555133307272\",\"logo\":{\"@type\":\"ImageObject\",\"url\":\"https:\\\/\\\/www.jornalja.com.br\\\/wp-content\\\/uploads\\\/cards\\\/JAslogan.png\",\"@id\":\"https:\\\/\\\/www.jornalja.com.br\\\/arquivo\\\/transporte-em-colapso-menos-isencoes-mais-aumento\\\/#organizationLogo\"},\"image\":{\"@id\":\"https:\\\/\\\/www.jornalja.com.br\\\/arquivo\\\/transporte-em-colapso-menos-isencoes-mais-aumento\\\/#organizationLogo\"}},{\"@type\":\"Person\",\"@id\":\"https:\\\/\\\/www.jornalja.com.br\\\/arquivo\\\/author\\\/daredacao\\\/#author\",\"url\":\"https:\\\/\\\/www.jornalja.com.br\\\/arquivo\\\/author\\\/daredacao\\\/\",\"name\":\"da Reda\\u00e7\\u00e3o\",\"image\":{\"@type\":\"ImageObject\",\"@id\":\"https:\\\/\\\/www.jornalja.com.br\\\/arquivo\\\/transporte-em-colapso-menos-isencoes-mais-aumento\\\/#authorImage\",\"url\":\"https:\\\/\\\/secure.gravatar.com\\\/avatar\\\/469fd857d6605ad19919d27ed29d35a968a25f6e8fd9318356bbb7f57aae9c65?s=96&d=mm&r=g\",\"width\":96,\"height\":96,\"caption\":\"da Reda\\u00e7\\u00e3o\"}},{\"@type\":\"WebPage\",\"@id\":\"https:\\\/\\\/www.jornalja.com.br\\\/arquivo\\\/transporte-em-colapso-menos-isencoes-mais-aumento\\\/#webpage\",\"url\":\"https:\\\/\\\/www.jornalja.com.br\\\/arquivo\\\/transporte-em-colapso-menos-isencoes-mais-aumento\\\/\",\"name\":\"Transporte em colapso: menos isen\\u00e7\\u00f5es, mais aumento | Arquivo\",\"inLanguage\":\"pt-BR\",\"isPartOf\":{\"@id\":\"https:\\\/\\\/www.jornalja.com.br\\\/arquivo\\\/#website\"},\"breadcrumb\":{\"@id\":\"https:\\\/\\\/www.jornalja.com.br\\\/arquivo\\\/transporte-em-colapso-menos-isencoes-mais-aumento\\\/#breadcrumblist\"},\"author\":{\"@id\":\"https:\\\/\\\/www.jornalja.com.br\\\/arquivo\\\/author\\\/daredacao\\\/#author\"},\"creator\":{\"@id\":\"https:\\\/\\\/www.jornalja.com.br\\\/arquivo\\\/author\\\/daredacao\\\/#author\"},\"image\":{\"@type\":\"ImageObject\",\"url\":53310,\"@id\":\"https:\\\/\\\/www.jornalja.com.br\\\/arquivo\\\/transporte-em-colapso-menos-isencoes-mais-aumento\\\/#mainImage\"},\"primaryImageOfPage\":{\"@id\":\"https:\\\/\\\/www.jornalja.com.br\\\/arquivo\\\/transporte-em-colapso-menos-isencoes-mais-aumento\\\/#mainImage\"},\"datePublished\":\"2017-08-12T07:54:08-03:00\",\"dateModified\":\"2017-08-12T07:54:08-03:00\"},{\"@type\":\"WebSite\",\"@id\":\"https:\\\/\\\/www.jornalja.com.br\\\/arquivo\\\/#website\",\"url\":\"https:\\\/\\\/www.jornalja.com.br\\\/arquivo\\\/\",\"name\":\"Arquivo\",\"description\":\"Jornal J\\u00c1 | Porto Alegre\",\"inLanguage\":\"pt-BR\",\"publisher\":{\"@id\":\"https:\\\/\\\/www.jornalja.com.br\\\/arquivo\\\/#organization\"}}]}\n\t\t<\/script>\n\t\t<!-- All in One SEO -->\n\n","aioseo_head_json":{"title":"Transporte em colapso: menos isen\u00e7\u00f5es, mais aumento | Arquivo","description":"","canonical_url":"https:\/\/www.jornalja.com.br\/arquivo\/transporte-em-colapso-menos-isencoes-mais-aumento\/","robots":"max-image-preview:large","keywords":"","webmasterTools":{"miscellaneous":""},"schema":{"@context":"https:\/\/schema.org","@graph":[{"@type":"BlogPosting","@id":"https:\/\/www.jornalja.com.br\/arquivo\/transporte-em-colapso-menos-isencoes-mais-aumento\/#blogposting","name":"Transporte em colapso: menos isen\u00e7\u00f5es, mais aumento | Arquivo","headline":"Transporte em colapso: menos isen\u00e7\u00f5es, mais aumento","author":{"@id":"https:\/\/www.jornalja.com.br\/arquivo\/author\/daredacao\/#author"},"publisher":{"@id":"https:\/\/www.jornalja.com.br\/arquivo\/#organization"},"image":{"@type":"ImageObject","url":53310},"datePublished":"2017-08-12T07:54:08-03:00","dateModified":"2017-08-12T07:54:08-03:00","inLanguage":"pt-BR","mainEntityOfPage":{"@id":"https:\/\/www.jornalja.com.br\/arquivo\/transporte-em-colapso-menos-isencoes-mais-aumento\/#webpage"},"isPartOf":{"@id":"https:\/\/www.jornalja.com.br\/arquivo\/transporte-em-colapso-menos-isencoes-mais-aumento\/#webpage"},"articleSection":"Geral"},{"@type":"BreadcrumbList","@id":"https:\/\/www.jornalja.com.br\/arquivo\/transporte-em-colapso-menos-isencoes-mais-aumento\/#breadcrumblist","itemListElement":[{"@type":"ListItem","@id":"https:\/\/www.jornalja.com.br\/arquivo#listItem","position":1,"name":"Home","item":"https:\/\/www.jornalja.com.br\/arquivo","nextItem":{"@type":"ListItem","@id":"https:\/\/www.jornalja.com.br\/arquivo\/category\/geral\/#listItem","name":"Geral"}},{"@type":"ListItem","@id":"https:\/\/www.jornalja.com.br\/arquivo\/category\/geral\/#listItem","position":2,"name":"Geral","item":"https:\/\/www.jornalja.com.br\/arquivo\/category\/geral\/","nextItem":{"@type":"ListItem","@id":"https:\/\/www.jornalja.com.br\/arquivo\/transporte-em-colapso-menos-isencoes-mais-aumento\/#listItem","name":"Transporte em colapso: menos isen\u00e7\u00f5es, mais aumento"},"previousItem":{"@type":"ListItem","@id":"https:\/\/www.jornalja.com.br\/arquivo#listItem","name":"Home"}},{"@type":"ListItem","@id":"https:\/\/www.jornalja.com.br\/arquivo\/transporte-em-colapso-menos-isencoes-mais-aumento\/#listItem","position":3,"name":"Transporte em colapso: menos isen\u00e7\u00f5es, mais aumento","previousItem":{"@type":"ListItem","@id":"https:\/\/www.jornalja.com.br\/arquivo\/category\/geral\/#listItem","name":"Geral"}}]},{"@type":"Organization","@id":"https:\/\/www.jornalja.com.br\/arquivo\/#organization","name":"Jornal J\u00c1","description":"Jornal J\u00c1 | Porto Alegre","url":"https:\/\/www.jornalja.com.br\/arquivo\/","telephone":"+555133307272","logo":{"@type":"ImageObject","url":"https:\/\/www.jornalja.com.br\/wp-content\/uploads\/cards\/JAslogan.png","@id":"https:\/\/www.jornalja.com.br\/arquivo\/transporte-em-colapso-menos-isencoes-mais-aumento\/#organizationLogo"},"image":{"@id":"https:\/\/www.jornalja.com.br\/arquivo\/transporte-em-colapso-menos-isencoes-mais-aumento\/#organizationLogo"}},{"@type":"Person","@id":"https:\/\/www.jornalja.com.br\/arquivo\/author\/daredacao\/#author","url":"https:\/\/www.jornalja.com.br\/arquivo\/author\/daredacao\/","name":"da Reda\u00e7\u00e3o","image":{"@type":"ImageObject","@id":"https:\/\/www.jornalja.com.br\/arquivo\/transporte-em-colapso-menos-isencoes-mais-aumento\/#authorImage","url":"https:\/\/secure.gravatar.com\/avatar\/469fd857d6605ad19919d27ed29d35a968a25f6e8fd9318356bbb7f57aae9c65?s=96&d=mm&r=g","width":96,"height":96,"caption":"da Reda\u00e7\u00e3o"}},{"@type":"WebPage","@id":"https:\/\/www.jornalja.com.br\/arquivo\/transporte-em-colapso-menos-isencoes-mais-aumento\/#webpage","url":"https:\/\/www.jornalja.com.br\/arquivo\/transporte-em-colapso-menos-isencoes-mais-aumento\/","name":"Transporte em colapso: menos isen\u00e7\u00f5es, mais aumento | Arquivo","inLanguage":"pt-BR","isPartOf":{"@id":"https:\/\/www.jornalja.com.br\/arquivo\/#website"},"breadcrumb":{"@id":"https:\/\/www.jornalja.com.br\/arquivo\/transporte-em-colapso-menos-isencoes-mais-aumento\/#breadcrumblist"},"author":{"@id":"https:\/\/www.jornalja.com.br\/arquivo\/author\/daredacao\/#author"},"creator":{"@id":"https:\/\/www.jornalja.com.br\/arquivo\/author\/daredacao\/#author"},"image":{"@type":"ImageObject","url":53310,"@id":"https:\/\/www.jornalja.com.br\/arquivo\/transporte-em-colapso-menos-isencoes-mais-aumento\/#mainImage"},"primaryImageOfPage":{"@id":"https:\/\/www.jornalja.com.br\/arquivo\/transporte-em-colapso-menos-isencoes-mais-aumento\/#mainImage"},"datePublished":"2017-08-12T07:54:08-03:00","dateModified":"2017-08-12T07:54:08-03:00"},{"@type":"WebSite","@id":"https:\/\/www.jornalja.com.br\/arquivo\/#website","url":"https:\/\/www.jornalja.com.br\/arquivo\/","name":"Arquivo","description":"Jornal J\u00c1 | Porto Alegre","inLanguage":"pt-BR","publisher":{"@id":"https:\/\/www.jornalja.com.br\/arquivo\/#organization"}}]},"og:locale":"pt_BR","og:site_name":"Arquivo | Jornal J\u00c1 | Porto Alegre","og:type":"article","og:title":"Transporte em colapso: menos isen\u00e7\u00f5es, mais aumento | Arquivo","og:url":"https:\/\/www.jornalja.com.br\/arquivo\/transporte-em-colapso-menos-isencoes-mais-aumento\/","og:image":"https:\/\/www.jornalja.com.br\/economics\/wp-content\/uploads\/sites\/11\/2026\/08\/ja-folhaderosto-facebook.jpg","og:image:secure_url":"https:\/\/www.jornalja.com.br\/economics\/wp-content\/uploads\/sites\/11\/2026\/08\/ja-folhaderosto-facebook.jpg","article:published_time":"2017-08-12T10:54:08+00:00","article:modified_time":"2017-08-12T10:54:08+00:00","twitter:card":"summary","twitter:title":"Transporte em colapso: menos isen\u00e7\u00f5es, mais aumento | Arquivo","twitter:image":"https:\/\/www.jornalja.com.br\/economics\/wp-content\/uploads\/sites\/11\/2026\/08\/ja-folhaderosto-facebook.jpg"},"aioseo_meta_data":{"post_id":"53309","title":null,"description":null,"keywords":null,"keyphrases":null,"primary_term":null,"canonical_url":null,"og_title":null,"og_description":null,"og_object_type":"default","og_image_type":"default","og_image_url":null,"og_image_width":null,"og_image_height":null,"og_image_custom_url":null,"og_image_custom_fields":null,"og_video":null,"og_custom_url":null,"og_article_section":null,"og_article_tags":null,"twitter_use_og":false,"twitter_card":"default","twitter_image_type":"default","twitter_image_url":null,"twitter_image_custom_url":null,"twitter_image_custom_fields":null,"twitter_title":null,"twitter_description":null,"schema":{"blockGraphs":[],"customGraphs":[],"default":{"data":{"Article":[],"Course":[],"Dataset":[],"FAQPage":[],"Movie":[],"Person":[],"Product":[],"ProductReview":[],"Car":[],"Recipe":[],"Service":[],"SoftwareApplication":[],"WebPage":[]},"graphName":"","isEnabled":true},"graphs":[],"defaultGraph":"","defaultPostTypeGraph":""},"schema_type":null,"schema_type_options":null,"pillar_content":false,"robots_default":true,"robots_noindex":false,"robots_noarchive":false,"robots_nosnippet":false,"robots_nofollow":false,"robots_noimageindex":false,"robots_noodp":false,"robots_notranslate":false,"robots_max_snippet":null,"robots_max_videopreview":null,"robots_max_imagepreview":"large","priority":null,"frequency":null,"location":null,"local_seo":null,"breadcrumb_settings":null,"limit_modified_date":false,"ai":null,"created":"2020-12-20 20:26:59","updated":"2025-07-20 00:13:23","seo_analyzer_scan_date":null,"focus_keyword":null,"additional_keywords":null,"truseo_locale":null},"jetpack_sharing_enabled":true,"jetpack-related-posts":[{"id":13240,"url":"https:\/\/www.jornalja.com.br\/arquivo\/plano-diretor-estamos-construindo-o-caos\/","url_meta":{"origin":53309,"position":0},"title":"Plano diretor: &quot;Estamos construindo o caos&quot;","author":"Patr\u00edcia Marini","date":"26 de maio de 2014","format":false,"excerpt":"Desabafo que arquiteta Eliana Castilhos, delegada da Regi\u00e3o de Planejamento 1, postou nas redes sociais \u00e9 um testemunho do ambiente que se criou no Conselho do Plano Diretor de Porto Alegre, onde a aprova\u00e7\u00e3o de grandes empreendimentos \u00e9 empurrada guela abaixo dos conselheiros. Ao CMDUA Como delegada da Regi\u00e3o de\u2026","rel":"","context":"Em &quot;Geral&quot;","block_context":{"text":"Geral","link":"https:\/\/www.jornalja.com.br\/arquivo\/category\/geral\/"},"img":{"alt_text":"","src":"","width":0,"height":0},"classes":[]},{"id":14241,"url":"https:\/\/www.jornalja.com.br\/arquivo\/o-guaiba-nas-imagens-poeticas-de-achutti\/","url_meta":{"origin":53309,"position":1},"title":"O Gua\u00edba nas imagens po\u00e9ticas de Achutti","author":"da Reda\u00e7\u00e3o","date":"18 de junho de 2014","format":false,"excerpt":"Em \u201cO Gua\u00edba por Achutti\u201d \u2013 obra financiada via Minist\u00e9rio da Cultura, produ\u00e7\u00e3o executiva de Pedro Longhi, e Fl\u00e1vio Wild como designer \u2013, o fot\u00f3grafo revela a beleza e as mazelas de um espa\u00e7o aqu\u00e1tico de \u00e1guas sempre renovadas, cheio de hist\u00f3rias e lendas como as das cidades que foram\u2026","rel":"","context":"Em &quot;Cultura-Geral&quot;","block_context":{"text":"Cultura-Geral","link":"https:\/\/www.jornalja.com.br\/arquivo\/category\/materiasecundaria\/"},"img":{"alt_text":"","src":"","width":0,"height":0},"classes":[]},{"id":13101,"url":"https:\/\/www.jornalja.com.br\/arquivo\/morre-um-guerreiro-do-texto\/","url_meta":{"origin":53309,"position":2},"title":"Morre um guerreiro do texto","author":"Patr\u00edcia Marini","date":"14 de maio de 2014","format":false,"excerpt":"Por Ricardo Kotscho Reproduzido do blog do autor, 11\/5\/2014; t\u00edtulo original \u201cE l\u00e1 se foi o nosso Myltainho, guerreiro do texto\u201d. Mi\u00fado e franzino, meu amigo Myltainho era um valente e inconformado guerreiro na luta contra as injusti\u00e7as sociais, a hipocrisia, as maracutaias, o autoritarismo, a intoler\u00e2ncia, a viol\u00eancia, o\u2026","rel":"","context":"Em &quot;Geral&quot;","block_context":{"text":"Geral","link":"https:\/\/www.jornalja.com.br\/arquivo\/category\/geral\/"},"img":{"alt_text":"","src":"","width":0,"height":0},"classes":[]},{"id":13124,"url":"https:\/\/www.jornalja.com.br\/arquivo\/sangue-latino-no-iecine\/","url_meta":{"origin":53309,"position":3},"title":"Sangue latino no IECINE","author":"da Reda\u00e7\u00e3o","date":"18 de maio de 2014","format":false,"excerpt":"Francisco Ribeiro O Instituto Estadual de Cinema (IECINE) tem a frente, desde abril \u00faltimo, um novo diretor, o cineasta colombiano Juan Zapata, 36, que substitui Luiz Alberto Cassol. Radicado h\u00e1 dez anos em Porto Alegre, Zapata tem diante de si o desafio de conduzir at\u00e9 o final do ano um\u2026","rel":"","context":"Em &quot;Cultura-Geral&quot;","block_context":{"text":"Cultura-Geral","link":"https:\/\/www.jornalja.com.br\/arquivo\/category\/materiasecundaria\/"},"img":{"alt_text":"","src":"","width":0,"height":0},"classes":[]},{"id":12960,"url":"https:\/\/www.jornalja.com.br\/arquivo\/populacao-culpa-empresas-pela-greve-dos-rodoviarios\/","url_meta":{"origin":53309,"position":4},"title":"Popula\u00e7\u00e3o culpa empresas pela greve","author":"Patr\u00edcia Marini","date":"14 de fevereiro de 2014","format":false,"excerpt":"Pesquisa divulgada na edi\u00e7\u00e3o do jornal Metro desta sexta-feira,14, comprova o velho ditado: \u00e9 poss\u00edvel enganar muitos por algum tempo, mas n\u00e3o \u00e9 poss\u00edvel enganar a todos o tempo inteiro. A principal revela\u00e7\u00e3o foi que 59,8% dos entrevistados apontaram as empresas como as principais respons\u00e1veis pela grave e 46% culparam\u2026","rel":"","context":"Em &quot;X.Categorias velhas&quot;","block_context":{"text":"X.Categorias velhas","link":"https:\/\/www.jornalja.com.br\/arquivo\/category\/x-categorias-velhas\/"},"img":{"alt_text":"","src":"","width":0,"height":0},"classes":[]},{"id":5440,"url":"https:\/\/www.jornalja.com.br\/arquivo\/casarao-da-venancio-destino-permanece-incerto\/","url_meta":{"origin":53309,"position":5},"title":"Estado ainda n\u00e3o sabe o que fazer com casar\u00e3o abandonado h\u00e1 20 anos","author":"Elmar Bones","date":"6 de julho de 2009","format":false,"excerpt":"O casar\u00e3o amarelo, numa esquina nobre de Porto Alegre (Ven\u00e2ncio Aires com Jo\u00e3o Pessoa), j\u00e1 abrigou uma escola. H\u00e1 duas d\u00e9cadas, pelo menos, est\u00e1 abandonado, porque seu propriet\u00e1rio, o governo do Estado do Rio Grande do Sul, n\u00e3o consegue achar um destino para ele. Planos n\u00e3o faltaram. O governador Ol\u00edvio\u2026","rel":"","context":"Em &quot;X.Categorias velhas&quot;","block_context":{"text":"X.Categorias velhas","link":"https:\/\/www.jornalja.com.br\/arquivo\/category\/x-categorias-velhas\/"},"img":{"alt_text":"geraldo1","src":"https:\/\/i0.wp.com\/www.jornalja.com.br\/wp-content\/uploads\/2009\/07\/geraldo1.jpg?resize=350%2C200&ssl=1","width":350,"height":200},"classes":[]}],"jetpack_shortlink":"https:\/\/wp.me\/pbQjBd-dRP","jetpack_featured_media_url":"","_links":{"self":[{"href":"https:\/\/www.jornalja.com.br\/arquivo\/wp-json\/wp\/v2\/posts\/53309","targetHints":{"allow":["GET"]}}],"collection":[{"href":"https:\/\/www.jornalja.com.br\/arquivo\/wp-json\/wp\/v2\/posts"}],"about":[{"href":"https:\/\/www.jornalja.com.br\/arquivo\/wp-json\/wp\/v2\/types\/post"}],"author":[{"embeddable":true,"href":"https:\/\/www.jornalja.com.br\/arquivo\/wp-json\/wp\/v2\/users\/4"}],"replies":[{"embeddable":true,"href":"https:\/\/www.jornalja.com.br\/arquivo\/wp-json\/wp\/v2\/comments?post=53309"}],"version-history":[{"count":0,"href":"https:\/\/www.jornalja.com.br\/arquivo\/wp-json\/wp\/v2\/posts\/53309\/revisions"}],"wp:attachment":[{"href":"https:\/\/www.jornalja.com.br\/arquivo\/wp-json\/wp\/v2\/media?parent=53309"}],"wp:term":[{"taxonomy":"category","embeddable":true,"href":"https:\/\/www.jornalja.com.br\/arquivo\/wp-json\/wp\/v2\/categories?post=53309"},{"taxonomy":"post_tag","embeddable":true,"href":"https:\/\/www.jornalja.com.br\/arquivo\/wp-json\/wp\/v2\/tags?post=53309"}],"curies":[{"name":"wp","href":"https:\/\/api.w.org\/{rel}","templated":true}]}}