{"id":53313,"date":"2017-08-13T21:06:59","date_gmt":"2017-08-14T00:06:59","guid":{"rendered":"https:\/\/www.jornalja.com.br\/?p=53313"},"modified":"2017-08-13T21:06:59","modified_gmt":"2017-08-14T00:06:59","slug":"porto-alegre-1910-um-grenal-na-redencao","status":"publish","type":"post","link":"https:\/\/www.jornalja.com.br\/arquivo\/porto-alegre-1910-um-grenal-na-redencao\/","title":{"rendered":"Porto Alegre, 1910: um grenal na Reden\u00e7\u00e3o"},"content":{"rendered":"<p>Fazia frio naquele domingo do inverno portoalegrense de 1910. As p\u00e1ginas esportivas dos jornais destacavam os p\u00e1reos do turfe no Hip\u00f3dromo do Moinhos de Vento.<br \/>\nNo dia 17 de julho, no Campo do Militar, na V\u00e1rzea, hoje Parque da Reden\u00e7\u00e3o, se enfrentavam duas equipes de foot-ball, o esporte que come\u00e7ava a ganhar espa\u00e7o na cidade.<br \/>\nEra a segunda edi\u00e7\u00e3o de um embate que j\u00e1 se anunciava cl\u00e1ssico: Gr\u00eamio Foot Ball Porto Alegrense e Sport Club Internacional. O primeiro jogo entre as duas equipes havia sido um ano antes.<br \/>\nO rec\u00e9m surgido Sport Club Internacional, criado pelos irm\u00e3os Poppe, jovens comerciantes paulistas que chegaram \u00e0 Capital em 1908 e montaram uma loja de roupas, ousou desafiar o j\u00e1 experiente Gr\u00eamio.<br \/>\nCriado em 1903, simultaneamente ao Fussball Club Porto Alegrense, o Gr\u00eamio era dos precursores do esporte na Capital ga\u00facha. Para o primeiro confronto, a dire\u00e7\u00e3o gremista oferecera o segundo time. Os colorados n\u00e3o aceitaram, exigiam o escrete principal. Jogaram. E o gr\u00eamio ganhou de 10 a 0.<br \/>\nO primeiro grenal foi seguido de confraterniza\u00e7\u00e3o com baile e cervejada noite adentro. Ainda assim, no dia 18 de julho de 1909, o Correio do Povo trazia uma advert\u00eancia aos espectadores.\u00a0\u201cAfim de evitar factos desagrad\u00e1veis\u201d, o jornal aconselhava que os espectadores n\u00e3o se pronunciassem \u201cem favor de um ou de outro team\u201d.<br \/>\nRelatava no domingo anterior ter havido \u201dlament\u00e1vel incidente\u201d entre um dos ju\u00edzes e um grupo de assistentes, onde foram ouvidas \u201cphrases pouco gentis\u201d.<br \/>\nO jornal pedia que o entusiasmo fosse moderado visto o \u201cgrande numero de senhoras e senhoritas, \u00e0s quaes n\u00e3o se deve dar o desgosto de testemunhar discuss\u00f5es inconvenientes\u201d.<br \/>\n<span class=\"intertit\">No segundo grenal j\u00e1 teve confus\u00e3o<\/span><br \/>\nNos dias anteriores \u00e0 revanche, Antenor Lemos, jogador mediano, por\u00e9m incentivador da equipe colorada, andava garganteando nas rodas de conversa na Choperia Bopp, na Pra\u00e7a da Alf\u00e2ndega. Bradava que era chegada a hora do troco.<br \/>\nO escrete gremista vinha a campo com Teichmann; Deppermann, Marteu, Bento, Sommer, Mostardeiro, Geyer, Moreira, Booth, Gr\u00fcnewald e Mostardeiro I.<br \/>\nDo lado colorado jogavam: Lindemayer; Mendon\u00e7a, Volksmann, Vinholes II, Kluwe, lemos, Poppe I, Galv\u00e3o, Gafr\u00ea, Chaves e Vinholes.\u00a0O \u00e1rbitro da partida era Theobaldo F\u00f6rnges.<br \/>\nE o Gr\u00eamio ganhou por cinco a zero.<br \/>\nL\u00e1 pelas tantas do segundo tempo, o atleta gremista Edgard Booth, que j\u00e1 havia marcado dois gols, recebeu no meio de campo, driblou toda a defesa colorada e foi parado a botinada pelo zagueiro Volksmann. Fechou o tempo e a partida quase foi encerrada a pau.<br \/>\nO jogo valia pela pela primeira edi\u00e7\u00e3o do campeonato da cidade de 1910, contando com sete equipes: 7 de setembro, Fussball Club Porto Alegre, Frisch Auf, Militar, Nacional (de Santa Catarina), Gr\u00eamio e Internacional.<br \/>\n<span class=\"intertit\">No in\u00edcio do esporte, jogos no campo da antiga V\u00e1rzea<\/span><br \/>\nO futebol come\u00e7ava a crescer em Porto Alegre e a cair na gra\u00e7a do p\u00fablico. Nestes primeiros grenais j\u00e1 se estima um p\u00fablico de cerca de duas mil almas. O esporte ganhava tamb\u00e9m algum espa\u00e7o na imprensa.<br \/>\n<figure id=\"attachment_53315\" aria-describedby=\"caption-attachment-53315\" style=\"width: 400px\" class=\"wp-caption alignnone\"><img loading=\"lazy\" decoding=\"async\" class=\"size-medium wp-image-53315\" src=\"https:\/\/www.jornalja.com.br\/wp-content\/uploads\/2017\/08\/CMPA-futebol.-jogo-no-campo-do-militar-400x260.jpg\" alt=\"\" width=\"400\" height=\"260\" \/><figcaption id=\"caption-attachment-53315\" class=\"wp-caption-text\">Jogo entre Gr\u00eamio e o Militar, tamb\u00e9m pelo citadino de 1910 \/ Arquivo CMPA<\/figcaption><\/figure><br \/>\nMuitos dos jogos eram disputados no Campo do Militar, na V\u00e1rzea. O Militar Foot-Ball Club, campe\u00e3o daquele ano, era formado por alunos da Escola de Guerra &#8211; O &#8220;Velho Casar\u00e3o da V\u00e1rzea&#8221;, atual Col\u00e9gio Militar.<br \/>\nO campo ficava em frente ao Casar\u00e3o, onde hoje passa a avenida Jos\u00e9 Bonif\u00e1cio. No ano seguinte, a escola foi transferida para o Rio de janeiro e o clube, extinto.<br \/>\n<figure id=\"attachment_53316\" aria-describedby=\"caption-attachment-53316\" style=\"width: 400px\" class=\"wp-caption alignnone\"><img loading=\"lazy\" decoding=\"async\" class=\"size-medium wp-image-53316\" src=\"https:\/\/www.jornalja.com.br\/wp-content\/uploads\/2017\/08\/1910-col\u00e9gio-militar-400x177.jpg\" alt=\"\" width=\"400\" height=\"177\" \/><figcaption id=\"caption-attachment-53316\" class=\"wp-caption-text\">A Escola de Guerra, na primeira d\u00e9cada do s\u00e9culo 20. Atualmente o pr\u00e9dio abriga o Col\u00e9gio Militar de Porto Alegre \/ Arquivo CMPA<\/figcaption><\/figure><br \/>\nEm 1909, \u00e9poca da cria\u00e7\u00e3o do Sport Club Internacional, surgiam outros clubes dedicados ao \u201csport inglez\u201d na cidade.<br \/>\nEm 26 de junho, A Federa\u00e7\u00e3o anunciava que no dia seguinte, \u00e0s 3 da tarde, \u201cum grupo de foot-ballers desta capital e que n\u00e3o se acham filiados a nenhuma sociedade, v\u00e3o tratar da funda\u00e7\u00e3o de um club de football e da elei\u00e7\u00e3o de sua primeira directoria\u201d.<br \/>\nNo dia 15 de setembro, foi not\u00edcia a cria\u00e7\u00e3o do Foot-ball Club Theres\u00f3polis. No dia 30 do mesmo m\u00eas, o Correio do Povo noticiava a cria\u00e7\u00e3o do Centro Sportivo Oper\u00e1rio, fundado por \u201cum grupo de obreiros\u201d.\u00a0\u201cA primeira de suas sec\u00e7\u00f5es de sport a inaugurar-se, ser\u00e1 a do foot-ball visto ser o mais preferido pela sociedade porto-alegrense\u201d.<br \/>\nEmbora se acredite que o grenal n\u00famero 2 tenha sido jogado na Reden\u00e7\u00e3o, h\u00e1 controv\u00e9rsias em rela\u00e7\u00e3o ao local.<br \/>\nO Campo da Reden\u00e7\u00e3o \u00e9 o local apontado no livro \u201cA Hist\u00f3ria dos grenais\u201d, de David Coimbra e Nico Noronha e no levantamento \u201cTodos os grenais da Hist\u00f3ria\u201d, realizado pelo jornal Zero Hora.<br \/>\nEntretanto, h\u00e1 fontes que apontam que a partida tenha sido jogada no Moinhos de Vento, na Baixada, antigo campo do Gr\u00eamio. Em \u201cO FOOT-BALL DE TODOS: Uma hist\u00f3ria social do futebol em Porto Alegre, 1903 &#8211; 1918\u201d, disserta\u00e7\u00e3o de mestrado defendida por Ricardo Santos Soares, na PUC-RS em 2014, h\u00e1 uma tabela, elaborada a partir de jornais da \u00e9poca, que traz esta informa\u00e7\u00e3o.<\/p>\n","protected":false},"excerpt":{"rendered":"<p>Fazia frio naquele domingo do inverno portoalegrense de 1910. As p\u00e1ginas esportivas dos jornais destacavam os p\u00e1reos do turfe no Hip\u00f3dromo do Moinhos de Vento. No dia 17 de julho, no Campo do Militar, na V\u00e1rzea, hoje Parque da Reden\u00e7\u00e3o, se enfrentavam duas equipes de foot-ball, o esporte que come\u00e7ava a ganhar espa\u00e7o na cidade. [&hellip;]<\/p>\n","protected":false},"author":4,"featured_media":53314,"comment_status":"open","ping_status":"closed","sticky":false,"template":"","format":"standard","meta":{"_jetpack_newsletter_access":"","_jetpack_dont_email_post_to_subs":false,"_jetpack_newsletter_tier_id":0,"_jetpack_memberships_contains_paywalled_content":false,"_jetpack_feature_clip_id":0,"_jetpack_memberships_contains_paid_content":false,"footnotes":"","jetpack_post_was_ever_published":false},"categories":[26],"tags":[],"class_list":["post-53313","post","type-post","status-publish","format-standard","has-post-thumbnail","hentry","category-geral"],"aioseo_notices":[],"aioseo_head":"\n\t\t<!-- All in One SEO 5.0.1.1 - aioseo.com -->\n\t<meta name=\"robots\" content=\"max-image-preview:large\" \/>\n\t<meta name=\"author\" content=\"da Reda\u00e7\u00e3o\"\/>\n\t<link rel=\"canonical\" href=\"https:\/\/www.jornalja.com.br\/arquivo\/porto-alegre-1910-um-grenal-na-redencao\/\" \/>\n\t<meta name=\"generator\" content=\"All in One SEO (AIOSEO) 5.0.1.1\" \/>\n\t\t<meta property=\"og:locale\" content=\"pt_BR\" \/>\n\t\t<meta property=\"og:site_name\" content=\"Arquivo | Jornal J\u00c1 | Porto Alegre\" \/>\n\t\t<meta property=\"og:type\" content=\"article\" \/>\n\t\t<meta property=\"og:title\" content=\"Porto Alegre, 1910: um grenal na Reden\u00e7\u00e3o | Arquivo\" \/>\n\t\t<meta property=\"og:url\" content=\"https:\/\/www.jornalja.com.br\/arquivo\/porto-alegre-1910-um-grenal-na-redencao\/\" \/>\n\t\t<meta property=\"og:image\" content=\"https:\/\/www.jornalja.com.br\/wp-content\/uploads\/2017\/08\/CMPA-futebol.-jogo-no-campo-do-militar-400x260.jpg\" \/>\n\t\t<meta property=\"og:image:secure_url\" content=\"https:\/\/www.jornalja.com.br\/wp-content\/uploads\/2017\/08\/CMPA-futebol.-jogo-no-campo-do-militar-400x260.jpg\" \/>\n\t\t<meta property=\"article:published_time\" content=\"2017-08-14T00:06:59+00:00\" \/>\n\t\t<meta property=\"article:modified_time\" content=\"2017-08-14T00:06:59+00:00\" \/>\n\t\t<meta name=\"twitter:card\" content=\"summary\" \/>\n\t\t<meta name=\"twitter:title\" content=\"Porto Alegre, 1910: um grenal na Reden\u00e7\u00e3o | Arquivo\" \/>\n\t\t<meta name=\"twitter:image\" content=\"https:\/\/www.jornalja.com.br\/economics\/wp-content\/uploads\/sites\/11\/2026\/08\/ja-folhaderosto-facebook.jpg\" \/>\n\t\t<script type=\"application\/ld+json\" class=\"aioseo-schema\">\n\t\t\t{\"@context\":\"https:\\\/\\\/schema.org\",\"@graph\":[{\"@type\":\"BlogPosting\",\"@id\":\"https:\\\/\\\/www.jornalja.com.br\\\/arquivo\\\/porto-alegre-1910-um-grenal-na-redencao\\\/#blogposting\",\"name\":\"Porto Alegre, 1910: um grenal na Reden\\u00e7\\u00e3o | Arquivo\",\"headline\":\"Porto Alegre, 1910: um grenal na Reden\\u00e7\\u00e3o\",\"author\":{\"@id\":\"https:\\\/\\\/www.jornalja.com.br\\\/arquivo\\\/author\\\/daredacao\\\/#author\"},\"publisher\":{\"@id\":\"https:\\\/\\\/www.jornalja.com.br\\\/arquivo\\\/#organization\"},\"image\":{\"@type\":\"ImageObject\",\"url\":53314},\"datePublished\":\"2017-08-13T21:06:59-03:00\",\"dateModified\":\"2017-08-13T21:06:59-03:00\",\"inLanguage\":\"pt-BR\",\"mainEntityOfPage\":{\"@id\":\"https:\\\/\\\/www.jornalja.com.br\\\/arquivo\\\/porto-alegre-1910-um-grenal-na-redencao\\\/#webpage\"},\"isPartOf\":{\"@id\":\"https:\\\/\\\/www.jornalja.com.br\\\/arquivo\\\/porto-alegre-1910-um-grenal-na-redencao\\\/#webpage\"},\"articleSection\":\"Geral\"},{\"@type\":\"BreadcrumbList\",\"@id\":\"https:\\\/\\\/www.jornalja.com.br\\\/arquivo\\\/porto-alegre-1910-um-grenal-na-redencao\\\/#breadcrumblist\",\"itemListElement\":[{\"@type\":\"ListItem\",\"@id\":\"https:\\\/\\\/www.jornalja.com.br\\\/arquivo#listItem\",\"position\":1,\"name\":\"Home\",\"item\":\"https:\\\/\\\/www.jornalja.com.br\\\/arquivo\",\"nextItem\":{\"@type\":\"ListItem\",\"@id\":\"https:\\\/\\\/www.jornalja.com.br\\\/arquivo\\\/category\\\/geral\\\/#listItem\",\"name\":\"Geral\"}},{\"@type\":\"ListItem\",\"@id\":\"https:\\\/\\\/www.jornalja.com.br\\\/arquivo\\\/category\\\/geral\\\/#listItem\",\"position\":2,\"name\":\"Geral\",\"item\":\"https:\\\/\\\/www.jornalja.com.br\\\/arquivo\\\/category\\\/geral\\\/\",\"nextItem\":{\"@type\":\"ListItem\",\"@id\":\"https:\\\/\\\/www.jornalja.com.br\\\/arquivo\\\/porto-alegre-1910-um-grenal-na-redencao\\\/#listItem\",\"name\":\"Porto Alegre, 1910: um grenal na Reden\\u00e7\\u00e3o\"},\"previousItem\":{\"@type\":\"ListItem\",\"@id\":\"https:\\\/\\\/www.jornalja.com.br\\\/arquivo#listItem\",\"name\":\"Home\"}},{\"@type\":\"ListItem\",\"@id\":\"https:\\\/\\\/www.jornalja.com.br\\\/arquivo\\\/porto-alegre-1910-um-grenal-na-redencao\\\/#listItem\",\"position\":3,\"name\":\"Porto Alegre, 1910: um grenal na Reden\\u00e7\\u00e3o\",\"previousItem\":{\"@type\":\"ListItem\",\"@id\":\"https:\\\/\\\/www.jornalja.com.br\\\/arquivo\\\/category\\\/geral\\\/#listItem\",\"name\":\"Geral\"}}]},{\"@type\":\"Organization\",\"@id\":\"https:\\\/\\\/www.jornalja.com.br\\\/arquivo\\\/#organization\",\"name\":\"Jornal J\\u00c1\",\"description\":\"Jornal J\\u00c1 | Porto Alegre\",\"url\":\"https:\\\/\\\/www.jornalja.com.br\\\/arquivo\\\/\",\"telephone\":\"+555133307272\",\"logo\":{\"@type\":\"ImageObject\",\"url\":\"https:\\\/\\\/www.jornalja.com.br\\\/wp-content\\\/uploads\\\/cards\\\/JAslogan.png\",\"@id\":\"https:\\\/\\\/www.jornalja.com.br\\\/arquivo\\\/porto-alegre-1910-um-grenal-na-redencao\\\/#organizationLogo\"},\"image\":{\"@id\":\"https:\\\/\\\/www.jornalja.com.br\\\/arquivo\\\/porto-alegre-1910-um-grenal-na-redencao\\\/#organizationLogo\"}},{\"@type\":\"Person\",\"@id\":\"https:\\\/\\\/www.jornalja.com.br\\\/arquivo\\\/author\\\/daredacao\\\/#author\",\"url\":\"https:\\\/\\\/www.jornalja.com.br\\\/arquivo\\\/author\\\/daredacao\\\/\",\"name\":\"da Reda\\u00e7\\u00e3o\",\"image\":{\"@type\":\"ImageObject\",\"@id\":\"https:\\\/\\\/www.jornalja.com.br\\\/arquivo\\\/porto-alegre-1910-um-grenal-na-redencao\\\/#authorImage\",\"url\":\"https:\\\/\\\/secure.gravatar.com\\\/avatar\\\/469fd857d6605ad19919d27ed29d35a968a25f6e8fd9318356bbb7f57aae9c65?s=96&d=mm&r=g\",\"width\":96,\"height\":96,\"caption\":\"da Reda\\u00e7\\u00e3o\"}},{\"@type\":\"WebPage\",\"@id\":\"https:\\\/\\\/www.jornalja.com.br\\\/arquivo\\\/porto-alegre-1910-um-grenal-na-redencao\\\/#webpage\",\"url\":\"https:\\\/\\\/www.jornalja.com.br\\\/arquivo\\\/porto-alegre-1910-um-grenal-na-redencao\\\/\",\"name\":\"Porto Alegre, 1910: um grenal na Reden\\u00e7\\u00e3o | Arquivo\",\"inLanguage\":\"pt-BR\",\"isPartOf\":{\"@id\":\"https:\\\/\\\/www.jornalja.com.br\\\/arquivo\\\/#website\"},\"breadcrumb\":{\"@id\":\"https:\\\/\\\/www.jornalja.com.br\\\/arquivo\\\/porto-alegre-1910-um-grenal-na-redencao\\\/#breadcrumblist\"},\"author\":{\"@id\":\"https:\\\/\\\/www.jornalja.com.br\\\/arquivo\\\/author\\\/daredacao\\\/#author\"},\"creator\":{\"@id\":\"https:\\\/\\\/www.jornalja.com.br\\\/arquivo\\\/author\\\/daredacao\\\/#author\"},\"image\":{\"@type\":\"ImageObject\",\"url\":53314,\"@id\":\"https:\\\/\\\/www.jornalja.com.br\\\/arquivo\\\/porto-alegre-1910-um-grenal-na-redencao\\\/#mainImage\"},\"primaryImageOfPage\":{\"@id\":\"https:\\\/\\\/www.jornalja.com.br\\\/arquivo\\\/porto-alegre-1910-um-grenal-na-redencao\\\/#mainImage\"},\"datePublished\":\"2017-08-13T21:06:59-03:00\",\"dateModified\":\"2017-08-13T21:06:59-03:00\"},{\"@type\":\"WebSite\",\"@id\":\"https:\\\/\\\/www.jornalja.com.br\\\/arquivo\\\/#website\",\"url\":\"https:\\\/\\\/www.jornalja.com.br\\\/arquivo\\\/\",\"name\":\"Arquivo\",\"description\":\"Jornal J\\u00c1 | Porto Alegre\",\"inLanguage\":\"pt-BR\",\"publisher\":{\"@id\":\"https:\\\/\\\/www.jornalja.com.br\\\/arquivo\\\/#organization\"}}]}\n\t\t<\/script>\n\t\t<!-- All in One SEO -->\n\n","aioseo_head_json":{"title":"Porto Alegre, 1910: um grenal na Reden\u00e7\u00e3o | Arquivo","description":"","canonical_url":"https:\/\/www.jornalja.com.br\/arquivo\/porto-alegre-1910-um-grenal-na-redencao\/","robots":"max-image-preview:large","keywords":"","webmasterTools":{"miscellaneous":""},"schema":{"@context":"https:\/\/schema.org","@graph":[{"@type":"BlogPosting","@id":"https:\/\/www.jornalja.com.br\/arquivo\/porto-alegre-1910-um-grenal-na-redencao\/#blogposting","name":"Porto Alegre, 1910: um grenal na Reden\u00e7\u00e3o | Arquivo","headline":"Porto Alegre, 1910: um grenal na Reden\u00e7\u00e3o","author":{"@id":"https:\/\/www.jornalja.com.br\/arquivo\/author\/daredacao\/#author"},"publisher":{"@id":"https:\/\/www.jornalja.com.br\/arquivo\/#organization"},"image":{"@type":"ImageObject","url":53314},"datePublished":"2017-08-13T21:06:59-03:00","dateModified":"2017-08-13T21:06:59-03:00","inLanguage":"pt-BR","mainEntityOfPage":{"@id":"https:\/\/www.jornalja.com.br\/arquivo\/porto-alegre-1910-um-grenal-na-redencao\/#webpage"},"isPartOf":{"@id":"https:\/\/www.jornalja.com.br\/arquivo\/porto-alegre-1910-um-grenal-na-redencao\/#webpage"},"articleSection":"Geral"},{"@type":"BreadcrumbList","@id":"https:\/\/www.jornalja.com.br\/arquivo\/porto-alegre-1910-um-grenal-na-redencao\/#breadcrumblist","itemListElement":[{"@type":"ListItem","@id":"https:\/\/www.jornalja.com.br\/arquivo#listItem","position":1,"name":"Home","item":"https:\/\/www.jornalja.com.br\/arquivo","nextItem":{"@type":"ListItem","@id":"https:\/\/www.jornalja.com.br\/arquivo\/category\/geral\/#listItem","name":"Geral"}},{"@type":"ListItem","@id":"https:\/\/www.jornalja.com.br\/arquivo\/category\/geral\/#listItem","position":2,"name":"Geral","item":"https:\/\/www.jornalja.com.br\/arquivo\/category\/geral\/","nextItem":{"@type":"ListItem","@id":"https:\/\/www.jornalja.com.br\/arquivo\/porto-alegre-1910-um-grenal-na-redencao\/#listItem","name":"Porto Alegre, 1910: um grenal na Reden\u00e7\u00e3o"},"previousItem":{"@type":"ListItem","@id":"https:\/\/www.jornalja.com.br\/arquivo#listItem","name":"Home"}},{"@type":"ListItem","@id":"https:\/\/www.jornalja.com.br\/arquivo\/porto-alegre-1910-um-grenal-na-redencao\/#listItem","position":3,"name":"Porto Alegre, 1910: um grenal na Reden\u00e7\u00e3o","previousItem":{"@type":"ListItem","@id":"https:\/\/www.jornalja.com.br\/arquivo\/category\/geral\/#listItem","name":"Geral"}}]},{"@type":"Organization","@id":"https:\/\/www.jornalja.com.br\/arquivo\/#organization","name":"Jornal J\u00c1","description":"Jornal J\u00c1 | Porto Alegre","url":"https:\/\/www.jornalja.com.br\/arquivo\/","telephone":"+555133307272","logo":{"@type":"ImageObject","url":"https:\/\/www.jornalja.com.br\/wp-content\/uploads\/cards\/JAslogan.png","@id":"https:\/\/www.jornalja.com.br\/arquivo\/porto-alegre-1910-um-grenal-na-redencao\/#organizationLogo"},"image":{"@id":"https:\/\/www.jornalja.com.br\/arquivo\/porto-alegre-1910-um-grenal-na-redencao\/#organizationLogo"}},{"@type":"Person","@id":"https:\/\/www.jornalja.com.br\/arquivo\/author\/daredacao\/#author","url":"https:\/\/www.jornalja.com.br\/arquivo\/author\/daredacao\/","name":"da Reda\u00e7\u00e3o","image":{"@type":"ImageObject","@id":"https:\/\/www.jornalja.com.br\/arquivo\/porto-alegre-1910-um-grenal-na-redencao\/#authorImage","url":"https:\/\/secure.gravatar.com\/avatar\/469fd857d6605ad19919d27ed29d35a968a25f6e8fd9318356bbb7f57aae9c65?s=96&d=mm&r=g","width":96,"height":96,"caption":"da Reda\u00e7\u00e3o"}},{"@type":"WebPage","@id":"https:\/\/www.jornalja.com.br\/arquivo\/porto-alegre-1910-um-grenal-na-redencao\/#webpage","url":"https:\/\/www.jornalja.com.br\/arquivo\/porto-alegre-1910-um-grenal-na-redencao\/","name":"Porto Alegre, 1910: um grenal na Reden\u00e7\u00e3o | Arquivo","inLanguage":"pt-BR","isPartOf":{"@id":"https:\/\/www.jornalja.com.br\/arquivo\/#website"},"breadcrumb":{"@id":"https:\/\/www.jornalja.com.br\/arquivo\/porto-alegre-1910-um-grenal-na-redencao\/#breadcrumblist"},"author":{"@id":"https:\/\/www.jornalja.com.br\/arquivo\/author\/daredacao\/#author"},"creator":{"@id":"https:\/\/www.jornalja.com.br\/arquivo\/author\/daredacao\/#author"},"image":{"@type":"ImageObject","url":53314,"@id":"https:\/\/www.jornalja.com.br\/arquivo\/porto-alegre-1910-um-grenal-na-redencao\/#mainImage"},"primaryImageOfPage":{"@id":"https:\/\/www.jornalja.com.br\/arquivo\/porto-alegre-1910-um-grenal-na-redencao\/#mainImage"},"datePublished":"2017-08-13T21:06:59-03:00","dateModified":"2017-08-13T21:06:59-03:00"},{"@type":"WebSite","@id":"https:\/\/www.jornalja.com.br\/arquivo\/#website","url":"https:\/\/www.jornalja.com.br\/arquivo\/","name":"Arquivo","description":"Jornal J\u00c1 | Porto Alegre","inLanguage":"pt-BR","publisher":{"@id":"https:\/\/www.jornalja.com.br\/arquivo\/#organization"}}]},"og:locale":"pt_BR","og:site_name":"Arquivo | Jornal J\u00c1 | Porto Alegre","og:type":"article","og:title":"Porto Alegre, 1910: um grenal na Reden\u00e7\u00e3o | Arquivo","og:url":"https:\/\/www.jornalja.com.br\/arquivo\/porto-alegre-1910-um-grenal-na-redencao\/","og:image":"https:\/\/www.jornalja.com.br\/wp-content\/uploads\/2017\/08\/CMPA-futebol.-jogo-no-campo-do-militar-400x260.jpg","og:image:secure_url":"https:\/\/www.jornalja.com.br\/wp-content\/uploads\/2017\/08\/CMPA-futebol.-jogo-no-campo-do-militar-400x260.jpg","article:published_time":"2017-08-14T00:06:59+00:00","article:modified_time":"2017-08-14T00:06:59+00:00","twitter:card":"summary","twitter:title":"Porto Alegre, 1910: um grenal na Reden\u00e7\u00e3o | Arquivo","twitter:image":"https:\/\/www.jornalja.com.br\/economics\/wp-content\/uploads\/sites\/11\/2026\/08\/ja-folhaderosto-facebook.jpg"},"aioseo_meta_data":{"post_id":"53313","title":null,"description":null,"keywords":null,"keyphrases":null,"primary_term":null,"canonical_url":null,"og_title":null,"og_description":null,"og_object_type":"default","og_image_type":"default","og_image_url":null,"og_image_width":null,"og_image_height":null,"og_image_custom_url":null,"og_image_custom_fields":null,"og_video":null,"og_custom_url":null,"og_article_section":null,"og_article_tags":null,"twitter_use_og":false,"twitter_card":"default","twitter_image_type":"default","twitter_image_url":null,"twitter_image_custom_url":null,"twitter_image_custom_fields":null,"twitter_title":null,"twitter_description":null,"schema":{"blockGraphs":[],"customGraphs":[],"default":{"data":{"Article":[],"Course":[],"Dataset":[],"FAQPage":[],"Movie":[],"Person":[],"Product":[],"ProductReview":[],"Car":[],"Recipe":[],"Service":[],"SoftwareApplication":[],"WebPage":[]},"graphName":"","isEnabled":true},"graphs":[]},"schema_type":null,"schema_type_options":null,"pillar_content":false,"robots_default":true,"robots_noindex":false,"robots_noarchive":false,"robots_nosnippet":false,"robots_nofollow":false,"robots_noimageindex":false,"robots_noodp":false,"robots_notranslate":false,"robots_max_snippet":null,"robots_max_videopreview":null,"robots_max_imagepreview":"large","priority":null,"frequency":null,"location":null,"local_seo":null,"breadcrumb_settings":null,"limit_modified_date":false,"ai":null,"created":"2020-12-20 20:26:59","updated":"2025-07-20 00:14:48","seo_analyzer_scan_date":null,"focus_keyword":null,"additional_keywords":null,"truseo_locale":null},"jetpack_sharing_enabled":true,"jetpack-related-posts":[{"id":13240,"url":"https:\/\/www.jornalja.com.br\/arquivo\/plano-diretor-estamos-construindo-o-caos\/","url_meta":{"origin":53313,"position":0},"title":"Plano diretor: &quot;Estamos construindo o caos&quot;","author":"Patr\u00edcia Marini","date":"26 de maio de 2014","format":false,"excerpt":"Desabafo que arquiteta Eliana Castilhos, delegada da Regi\u00e3o de Planejamento 1, postou nas redes sociais \u00e9 um testemunho do ambiente que se criou no Conselho do Plano Diretor de Porto Alegre, onde a aprova\u00e7\u00e3o de grandes empreendimentos \u00e9 empurrada guela abaixo dos conselheiros. Ao CMDUA Como delegada da Regi\u00e3o de\u2026","rel":"","context":"Em &quot;Geral&quot;","block_context":{"text":"Geral","link":"https:\/\/www.jornalja.com.br\/arquivo\/category\/geral\/"},"img":{"alt_text":"","src":"","width":0,"height":0},"classes":[]},{"id":5440,"url":"https:\/\/www.jornalja.com.br\/arquivo\/casarao-da-venancio-destino-permanece-incerto\/","url_meta":{"origin":53313,"position":1},"title":"Estado ainda n\u00e3o sabe o que fazer com casar\u00e3o abandonado h\u00e1 20 anos","author":"Elmar Bones","date":"6 de julho de 2009","format":false,"excerpt":"O casar\u00e3o amarelo, numa esquina nobre de Porto Alegre (Ven\u00e2ncio Aires com Jo\u00e3o Pessoa), j\u00e1 abrigou uma escola. H\u00e1 duas d\u00e9cadas, pelo menos, est\u00e1 abandonado, porque seu propriet\u00e1rio, o governo do Estado do Rio Grande do Sul, n\u00e3o consegue achar um destino para ele. Planos n\u00e3o faltaram. O governador Ol\u00edvio\u2026","rel":"","context":"Em &quot;X.Categorias velhas&quot;","block_context":{"text":"X.Categorias velhas","link":"https:\/\/www.jornalja.com.br\/arquivo\/category\/x-categorias-velhas\/"},"img":{"alt_text":"geraldo1","src":"https:\/\/i0.wp.com\/www.jornalja.com.br\/wp-content\/uploads\/2009\/07\/geraldo1.jpg?resize=350%2C200&ssl=1","width":350,"height":200},"classes":[]},{"id":13124,"url":"https:\/\/www.jornalja.com.br\/arquivo\/sangue-latino-no-iecine\/","url_meta":{"origin":53313,"position":2},"title":"Sangue latino no IECINE","author":"da Reda\u00e7\u00e3o","date":"18 de maio de 2014","format":false,"excerpt":"Francisco Ribeiro O Instituto Estadual de Cinema (IECINE) tem a frente, desde abril \u00faltimo, um novo diretor, o cineasta colombiano Juan Zapata, 36, que substitui Luiz Alberto Cassol. Radicado h\u00e1 dez anos em Porto Alegre, Zapata tem diante de si o desafio de conduzir at\u00e9 o final do ano um\u2026","rel":"","context":"Em &quot;Cultura-Geral&quot;","block_context":{"text":"Cultura-Geral","link":"https:\/\/www.jornalja.com.br\/arquivo\/category\/materiasecundaria\/"},"img":{"alt_text":"","src":"","width":0,"height":0},"classes":[]},{"id":13109,"url":"https:\/\/www.jornalja.com.br\/arquivo\/judiciario-reconhece-poluicao-eletromagnetica\/","url_meta":{"origin":53313,"position":3},"title":"Judici\u00e1rio reconhece polui\u00e7\u00e3o eletromagn\u00e9tica","author":"Patr\u00edcia Marini","date":"16 de maio de 2014","format":false,"excerpt":"A\u00e7\u00e3o de duas associa\u00e7\u00f5es de moradores foi acolhida pelo Tribunal de Justi\u00e7a de S\u00e3o Paulo que. em decis\u00e3o in\u00e9dita, determinou a redu\u00e7\u00e3o do campo eletromagn\u00e9tico gerado pelas linhas de transmiss\u00e3o de energia que cortam os bairros City Boa\u00e7ava e Alto de Pinheiros. \u00c9 a primeira vez que um tribunal do\u2026","rel":"","context":"Em &quot;X.Categorias velhas&quot;","block_context":{"text":"X.Categorias velhas","link":"https:\/\/www.jornalja.com.br\/arquivo\/category\/x-categorias-velhas\/"},"img":{"alt_text":"","src":"","width":0,"height":0},"classes":[]},{"id":12960,"url":"https:\/\/www.jornalja.com.br\/arquivo\/populacao-culpa-empresas-pela-greve-dos-rodoviarios\/","url_meta":{"origin":53313,"position":4},"title":"Popula\u00e7\u00e3o culpa empresas pela greve","author":"Patr\u00edcia Marini","date":"14 de fevereiro de 2014","format":false,"excerpt":"Pesquisa divulgada na edi\u00e7\u00e3o do jornal Metro desta sexta-feira,14, comprova o velho ditado: \u00e9 poss\u00edvel enganar muitos por algum tempo, mas n\u00e3o \u00e9 poss\u00edvel enganar a todos o tempo inteiro. A principal revela\u00e7\u00e3o foi que 59,8% dos entrevistados apontaram as empresas como as principais respons\u00e1veis pela grave e 46% culparam\u2026","rel":"","context":"Em &quot;X.Categorias velhas&quot;","block_context":{"text":"X.Categorias velhas","link":"https:\/\/www.jornalja.com.br\/arquivo\/category\/x-categorias-velhas\/"},"img":{"alt_text":"","src":"","width":0,"height":0},"classes":[]},{"id":13239,"url":"https:\/\/www.jornalja.com.br\/arquivo\/conselho-desdenha-do-plano-diretor\/","url_meta":{"origin":53313,"position":5},"title":"Porto Alegre: Conselho detona Plano Diretor","author":"Patr\u00edcia Marini","date":"25 de maio de 2014","format":false,"excerpt":"Den\u00fancia do arquiteto e \u00a0urbanista Ibir\u00e1 Santos Lucas. Ele diz que os conselheiros est\u00e3o votando com \"enorme irresponsabilidade\". \"Mudam regime com a maior naturalidade,,,regularizam absurdos de constru\u00e7\u00f5es irregulares... \"O CMDUA est\u00e1 flexibilizando a lei do plano diretor, de uma forma impactante na vida da cidade. Mudam regime com a maior\u2026","rel":"","context":"Em &quot;Geral&quot;","block_context":{"text":"Geral","link":"https:\/\/www.jornalja.com.br\/arquivo\/category\/geral\/"},"img":{"alt_text":"","src":"","width":0,"height":0},"classes":[]}],"jetpack_shortlink":"https:\/\/wp.me\/pbQjBd-dRT","jetpack_featured_media_url":"","_links":{"self":[{"href":"https:\/\/www.jornalja.com.br\/arquivo\/wp-json\/wp\/v2\/posts\/53313","targetHints":{"allow":["GET"]}}],"collection":[{"href":"https:\/\/www.jornalja.com.br\/arquivo\/wp-json\/wp\/v2\/posts"}],"about":[{"href":"https:\/\/www.jornalja.com.br\/arquivo\/wp-json\/wp\/v2\/types\/post"}],"author":[{"embeddable":true,"href":"https:\/\/www.jornalja.com.br\/arquivo\/wp-json\/wp\/v2\/users\/4"}],"replies":[{"embeddable":true,"href":"https:\/\/www.jornalja.com.br\/arquivo\/wp-json\/wp\/v2\/comments?post=53313"}],"version-history":[{"count":0,"href":"https:\/\/www.jornalja.com.br\/arquivo\/wp-json\/wp\/v2\/posts\/53313\/revisions"}],"wp:attachment":[{"href":"https:\/\/www.jornalja.com.br\/arquivo\/wp-json\/wp\/v2\/media?parent=53313"}],"wp:term":[{"taxonomy":"category","embeddable":true,"href":"https:\/\/www.jornalja.com.br\/arquivo\/wp-json\/wp\/v2\/categories?post=53313"},{"taxonomy":"post_tag","embeddable":true,"href":"https:\/\/www.jornalja.com.br\/arquivo\/wp-json\/wp\/v2\/tags?post=53313"}],"curies":[{"name":"wp","href":"https:\/\/api.w.org\/{rel}","templated":true}]}}