{"id":53318,"date":"2017-08-12T15:20:18","date_gmt":"2017-08-12T18:20:18","guid":{"rendered":"https:\/\/www.jornalja.com.br\/?p=53318"},"modified":"2017-08-12T15:20:18","modified_gmt":"2017-08-12T18:20:18","slug":"projetos-que-mexem-nos-salarios-coloca-prefeito-e-servidores-em-rota-de-colisao","status":"publish","type":"post","link":"https:\/\/www.jornalja.com.br\/arquivo\/projetos-que-mexem-nos-salarios-coloca-prefeito-e-servidores-em-rota-de-colisao\/","title":{"rendered":"Projetos que mexem nos sal\u00e1rios coloca prefeito e servidores em rota de colis\u00e3o"},"content":{"rendered":"<p>Um pacote de medidas enviadas por Marchezan \u00e0 C\u00e2mara esquentou ainda mais a rela\u00e7\u00e3o entre o prefeito e os municip\u00e1rios. As propostas de altera\u00e7\u00e3o da Lei Org\u00e2nica do Munic\u00edpio e do Estatuto dos Servidores autorizam o parcelamento de sal\u00e1rios, retiram a licen\u00e7a-pr\u00eamio e mexem com as gratifica\u00e7\u00f5es dos servidores.<br \/>\nNo dia 1\u00ba de agosto, enquanto o prefeito explicava as medidas em entrevistas no gabinete, servidores municipais lotavam a Pra\u00e7a Montevid\u00e9u em frente ao Pa\u00e7o Municipal para protestar. Tr\u00eas mil pessoas participaram do ato, segundo o Sindicato dos Municip\u00e1rios de Porto Alegre (Simpa), que organizou a manifesta\u00e7\u00e3o.<br \/>\nO Simpa j\u00e1 encaminhou a presid\u00eancia da C\u00e2mara de Vereadores um pedido de audi\u00eancia p\u00fablica para discutir os projetos. O Prefeito justificou que as medidas s\u00e3o necess\u00e1rias porque a Prefeitura est\u00e1 quebrada. A licen\u00e7a pr\u00eamio custa R$ 400 milh\u00f5es a cada cinco anos, alegou Marchezan.<br \/>\nO\u00a0diretor do Simpa, Alberto Terres, diz que o discurso de fal\u00eancia \u00e9 t\u00e1tica. O prefeito quer desviar a pauta enquanto entrega os servi\u00e7os p\u00fablicos para a iniciativa privada.<br \/>\nPara o sindicato, Marchezan elegeu os municip\u00e1rios como inimigos. Para Marchezan, as cr\u00edticas s\u00e3o de uma oposi\u00e7\u00e3o partid\u00e1ria de PT e Psol. A rela\u00e7\u00e3o \u00e9 conturbada desde o in\u00edcio da gest\u00e3o.<br \/>\nEm mar\u00e7o, quando prefeito e Simpa se reuniram pela primeira vez, a primeira disc\u00f3rdia. Marchezan queria apresentar o fluxo de caixa da Prefeitura. O sindicato queria apresentar a pauta de reivindica\u00e7\u00f5es aprovada em assembleia.<br \/>\nNo fim de maio, servidores lotaram a sess\u00e3o de vota\u00e7\u00e3o na C\u00e2mara e o prefeito retirou a proposta que acabava com a reposi\u00e7\u00e3o autom\u00e1tica da infla\u00e7\u00e3o nos sal\u00e1rios.<br \/>\n<figure id=\"attachment_51004\" aria-describedby=\"caption-attachment-51004\" style=\"width: 400px\" class=\"wp-caption alignnone\"><img loading=\"lazy\" decoding=\"async\" class=\"size-medium wp-image-51004\" src=\"https:\/\/www.jornalja.com.br\/wp-content\/uploads\/2017\/07\/EDE_5173-400x266.jpg\" alt=\"\" width=\"400\" height=\"266\" \/><figcaption id=\"caption-attachment-51004\" class=\"wp-caption-text\">Discuss\u00e3o e vota\u00e7\u00e3o de projeto do Executivo a respeito do aumento da al\u00edquota da previd\u00eancia dos servidores municipais. Na foto, manifestantes entram no plen\u00e1rio durante a sess\u00e3o.<\/figcaption><\/figure><br \/>\nNo in\u00edcio de julho, a vit\u00f3ria foi do governo. Em sess\u00e3o que teve invas\u00e3o do plen\u00e1rio e vota\u00e7\u00e3o a portas fechadas, foi aprovado o aumento de 11% para 14% da contribui\u00e7\u00e3o dos servidores para o Previmpa, a previd\u00eancia municipal.<\/p>\n","protected":false},"excerpt":{"rendered":"<p>Um pacote de medidas enviadas por Marchezan \u00e0 C\u00e2mara esquentou ainda mais a rela\u00e7\u00e3o entre o prefeito e os municip\u00e1rios. As propostas de altera\u00e7\u00e3o da Lei Org\u00e2nica do Munic\u00edpio e do Estatuto dos Servidores autorizam o parcelamento de sal\u00e1rios, retiram a licen\u00e7a-pr\u00eamio e mexem com as gratifica\u00e7\u00f5es dos servidores. No dia 1\u00ba de agosto, enquanto [&hellip;]<\/p>\n","protected":false},"author":4,"featured_media":52524,"comment_status":"open","ping_status":"closed","sticky":false,"template":"","format":"standard","meta":{"_jetpack_newsletter_access":"","_jetpack_dont_email_post_to_subs":false,"_jetpack_newsletter_tier_id":0,"_jetpack_memberships_contains_paywalled_content":false,"_jetpack_feature_clip_id":0,"_jetpack_memberships_contains_paid_content":false,"footnotes":"","jetpack_post_was_ever_published":false},"categories":[26],"tags":[],"class_list":["post-53318","post","type-post","status-publish","format-standard","has-post-thumbnail","hentry","category-geral"],"aioseo_notices":[],"aioseo_head":"\n\t\t<!-- All in One SEO 5.0.1.1 - aioseo.com -->\n\t<meta name=\"robots\" content=\"max-image-preview:large\" \/>\n\t<meta name=\"author\" content=\"da Reda\u00e7\u00e3o\"\/>\n\t<link rel=\"canonical\" href=\"https:\/\/www.jornalja.com.br\/arquivo\/projetos-que-mexem-nos-salarios-coloca-prefeito-e-servidores-em-rota-de-colisao\/\" \/>\n\t<meta name=\"generator\" content=\"All in One SEO (AIOSEO) 5.0.1.1\" \/>\n\t\t<meta property=\"og:locale\" content=\"pt_BR\" \/>\n\t\t<meta property=\"og:site_name\" content=\"Arquivo | Jornal J\u00c1 | Porto Alegre\" \/>\n\t\t<meta property=\"og:type\" content=\"article\" \/>\n\t\t<meta property=\"og:title\" content=\"Projetos que mexem nos sal\u00e1rios coloca prefeito e servidores em rota de colis\u00e3o | Arquivo\" \/>\n\t\t<meta property=\"og:url\" content=\"https:\/\/www.jornalja.com.br\/arquivo\/projetos-que-mexem-nos-salarios-coloca-prefeito-e-servidores-em-rota-de-colisao\/\" \/>\n\t\t<meta property=\"og:image\" content=\"https:\/\/www.jornalja.com.br\/wp-content\/uploads\/2017\/07\/EDE_5173-400x266.jpg\" \/>\n\t\t<meta property=\"og:image:secure_url\" content=\"https:\/\/www.jornalja.com.br\/wp-content\/uploads\/2017\/07\/EDE_5173-400x266.jpg\" \/>\n\t\t<meta property=\"article:published_time\" content=\"2017-08-12T18:20:18+00:00\" \/>\n\t\t<meta property=\"article:modified_time\" content=\"2017-08-12T18:20:18+00:00\" \/>\n\t\t<meta name=\"twitter:card\" content=\"summary\" \/>\n\t\t<meta name=\"twitter:title\" content=\"Projetos que mexem nos sal\u00e1rios coloca prefeito e servidores em rota de colis\u00e3o | Arquivo\" \/>\n\t\t<meta name=\"twitter:image\" content=\"https:\/\/www.jornalja.com.br\/economics\/wp-content\/uploads\/sites\/11\/2026\/08\/ja-folhaderosto-facebook.jpg\" \/>\n\t\t<script type=\"application\/ld+json\" class=\"aioseo-schema\">\n\t\t\t{\"@context\":\"https:\\\/\\\/schema.org\",\"@graph\":[{\"@type\":\"BlogPosting\",\"@id\":\"https:\\\/\\\/www.jornalja.com.br\\\/arquivo\\\/projetos-que-mexem-nos-salarios-coloca-prefeito-e-servidores-em-rota-de-colisao\\\/#blogposting\",\"name\":\"Projetos que mexem nos sal\\u00e1rios coloca prefeito e servidores em rota de colis\\u00e3o | Arquivo\",\"headline\":\"Projetos que mexem nos sal\\u00e1rios coloca prefeito e servidores em rota de colis\\u00e3o\",\"author\":{\"@id\":\"https:\\\/\\\/www.jornalja.com.br\\\/arquivo\\\/author\\\/daredacao\\\/#author\"},\"publisher\":{\"@id\":\"https:\\\/\\\/www.jornalja.com.br\\\/arquivo\\\/#organization\"},\"image\":{\"@type\":\"ImageObject\",\"url\":52524},\"datePublished\":\"2017-08-12T15:20:18-03:00\",\"dateModified\":\"2017-08-12T15:20:18-03:00\",\"inLanguage\":\"pt-BR\",\"mainEntityOfPage\":{\"@id\":\"https:\\\/\\\/www.jornalja.com.br\\\/arquivo\\\/projetos-que-mexem-nos-salarios-coloca-prefeito-e-servidores-em-rota-de-colisao\\\/#webpage\"},\"isPartOf\":{\"@id\":\"https:\\\/\\\/www.jornalja.com.br\\\/arquivo\\\/projetos-que-mexem-nos-salarios-coloca-prefeito-e-servidores-em-rota-de-colisao\\\/#webpage\"},\"articleSection\":\"Geral\"},{\"@type\":\"BreadcrumbList\",\"@id\":\"https:\\\/\\\/www.jornalja.com.br\\\/arquivo\\\/projetos-que-mexem-nos-salarios-coloca-prefeito-e-servidores-em-rota-de-colisao\\\/#breadcrumblist\",\"itemListElement\":[{\"@type\":\"ListItem\",\"@id\":\"https:\\\/\\\/www.jornalja.com.br\\\/arquivo#listItem\",\"position\":1,\"name\":\"Home\",\"item\":\"https:\\\/\\\/www.jornalja.com.br\\\/arquivo\",\"nextItem\":{\"@type\":\"ListItem\",\"@id\":\"https:\\\/\\\/www.jornalja.com.br\\\/arquivo\\\/category\\\/geral\\\/#listItem\",\"name\":\"Geral\"}},{\"@type\":\"ListItem\",\"@id\":\"https:\\\/\\\/www.jornalja.com.br\\\/arquivo\\\/category\\\/geral\\\/#listItem\",\"position\":2,\"name\":\"Geral\",\"item\":\"https:\\\/\\\/www.jornalja.com.br\\\/arquivo\\\/category\\\/geral\\\/\",\"nextItem\":{\"@type\":\"ListItem\",\"@id\":\"https:\\\/\\\/www.jornalja.com.br\\\/arquivo\\\/projetos-que-mexem-nos-salarios-coloca-prefeito-e-servidores-em-rota-de-colisao\\\/#listItem\",\"name\":\"Projetos que mexem nos sal\\u00e1rios coloca prefeito e servidores em rota de colis\\u00e3o\"},\"previousItem\":{\"@type\":\"ListItem\",\"@id\":\"https:\\\/\\\/www.jornalja.com.br\\\/arquivo#listItem\",\"name\":\"Home\"}},{\"@type\":\"ListItem\",\"@id\":\"https:\\\/\\\/www.jornalja.com.br\\\/arquivo\\\/projetos-que-mexem-nos-salarios-coloca-prefeito-e-servidores-em-rota-de-colisao\\\/#listItem\",\"position\":3,\"name\":\"Projetos que mexem nos sal\\u00e1rios coloca prefeito e servidores em rota de colis\\u00e3o\",\"previousItem\":{\"@type\":\"ListItem\",\"@id\":\"https:\\\/\\\/www.jornalja.com.br\\\/arquivo\\\/category\\\/geral\\\/#listItem\",\"name\":\"Geral\"}}]},{\"@type\":\"Organization\",\"@id\":\"https:\\\/\\\/www.jornalja.com.br\\\/arquivo\\\/#organization\",\"name\":\"Jornal J\\u00c1\",\"description\":\"Jornal J\\u00c1 | Porto Alegre\",\"url\":\"https:\\\/\\\/www.jornalja.com.br\\\/arquivo\\\/\",\"telephone\":\"+555133307272\",\"logo\":{\"@type\":\"ImageObject\",\"url\":\"https:\\\/\\\/www.jornalja.com.br\\\/wp-content\\\/uploads\\\/cards\\\/JAslogan.png\",\"@id\":\"https:\\\/\\\/www.jornalja.com.br\\\/arquivo\\\/projetos-que-mexem-nos-salarios-coloca-prefeito-e-servidores-em-rota-de-colisao\\\/#organizationLogo\"},\"image\":{\"@id\":\"https:\\\/\\\/www.jornalja.com.br\\\/arquivo\\\/projetos-que-mexem-nos-salarios-coloca-prefeito-e-servidores-em-rota-de-colisao\\\/#organizationLogo\"}},{\"@type\":\"Person\",\"@id\":\"https:\\\/\\\/www.jornalja.com.br\\\/arquivo\\\/author\\\/daredacao\\\/#author\",\"url\":\"https:\\\/\\\/www.jornalja.com.br\\\/arquivo\\\/author\\\/daredacao\\\/\",\"name\":\"da Reda\\u00e7\\u00e3o\",\"image\":{\"@type\":\"ImageObject\",\"@id\":\"https:\\\/\\\/www.jornalja.com.br\\\/arquivo\\\/projetos-que-mexem-nos-salarios-coloca-prefeito-e-servidores-em-rota-de-colisao\\\/#authorImage\",\"url\":\"https:\\\/\\\/secure.gravatar.com\\\/avatar\\\/469fd857d6605ad19919d27ed29d35a968a25f6e8fd9318356bbb7f57aae9c65?s=96&d=mm&r=g\",\"width\":96,\"height\":96,\"caption\":\"da Reda\\u00e7\\u00e3o\"}},{\"@type\":\"WebPage\",\"@id\":\"https:\\\/\\\/www.jornalja.com.br\\\/arquivo\\\/projetos-que-mexem-nos-salarios-coloca-prefeito-e-servidores-em-rota-de-colisao\\\/#webpage\",\"url\":\"https:\\\/\\\/www.jornalja.com.br\\\/arquivo\\\/projetos-que-mexem-nos-salarios-coloca-prefeito-e-servidores-em-rota-de-colisao\\\/\",\"name\":\"Projetos que mexem nos sal\\u00e1rios coloca prefeito e servidores em rota de colis\\u00e3o | Arquivo\",\"inLanguage\":\"pt-BR\",\"isPartOf\":{\"@id\":\"https:\\\/\\\/www.jornalja.com.br\\\/arquivo\\\/#website\"},\"breadcrumb\":{\"@id\":\"https:\\\/\\\/www.jornalja.com.br\\\/arquivo\\\/projetos-que-mexem-nos-salarios-coloca-prefeito-e-servidores-em-rota-de-colisao\\\/#breadcrumblist\"},\"author\":{\"@id\":\"https:\\\/\\\/www.jornalja.com.br\\\/arquivo\\\/author\\\/daredacao\\\/#author\"},\"creator\":{\"@id\":\"https:\\\/\\\/www.jornalja.com.br\\\/arquivo\\\/author\\\/daredacao\\\/#author\"},\"image\":{\"@type\":\"ImageObject\",\"url\":52524,\"@id\":\"https:\\\/\\\/www.jornalja.com.br\\\/arquivo\\\/projetos-que-mexem-nos-salarios-coloca-prefeito-e-servidores-em-rota-de-colisao\\\/#mainImage\"},\"primaryImageOfPage\":{\"@id\":\"https:\\\/\\\/www.jornalja.com.br\\\/arquivo\\\/projetos-que-mexem-nos-salarios-coloca-prefeito-e-servidores-em-rota-de-colisao\\\/#mainImage\"},\"datePublished\":\"2017-08-12T15:20:18-03:00\",\"dateModified\":\"2017-08-12T15:20:18-03:00\"},{\"@type\":\"WebSite\",\"@id\":\"https:\\\/\\\/www.jornalja.com.br\\\/arquivo\\\/#website\",\"url\":\"https:\\\/\\\/www.jornalja.com.br\\\/arquivo\\\/\",\"name\":\"Arquivo\",\"description\":\"Jornal J\\u00c1 | Porto Alegre\",\"inLanguage\":\"pt-BR\",\"publisher\":{\"@id\":\"https:\\\/\\\/www.jornalja.com.br\\\/arquivo\\\/#organization\"}}]}\n\t\t<\/script>\n\t\t<!-- All in One SEO -->\n\n","aioseo_head_json":{"title":"Projetos que mexem nos sal\u00e1rios coloca prefeito e servidores em rota de colis\u00e3o | Arquivo","description":"","canonical_url":"https:\/\/www.jornalja.com.br\/arquivo\/projetos-que-mexem-nos-salarios-coloca-prefeito-e-servidores-em-rota-de-colisao\/","robots":"max-image-preview:large","keywords":"","webmasterTools":{"miscellaneous":""},"schema":{"@context":"https:\/\/schema.org","@graph":[{"@type":"BlogPosting","@id":"https:\/\/www.jornalja.com.br\/arquivo\/projetos-que-mexem-nos-salarios-coloca-prefeito-e-servidores-em-rota-de-colisao\/#blogposting","name":"Projetos que mexem nos sal\u00e1rios coloca prefeito e servidores em rota de colis\u00e3o | Arquivo","headline":"Projetos que mexem nos sal\u00e1rios coloca prefeito e servidores em rota de colis\u00e3o","author":{"@id":"https:\/\/www.jornalja.com.br\/arquivo\/author\/daredacao\/#author"},"publisher":{"@id":"https:\/\/www.jornalja.com.br\/arquivo\/#organization"},"image":{"@type":"ImageObject","url":52524},"datePublished":"2017-08-12T15:20:18-03:00","dateModified":"2017-08-12T15:20:18-03:00","inLanguage":"pt-BR","mainEntityOfPage":{"@id":"https:\/\/www.jornalja.com.br\/arquivo\/projetos-que-mexem-nos-salarios-coloca-prefeito-e-servidores-em-rota-de-colisao\/#webpage"},"isPartOf":{"@id":"https:\/\/www.jornalja.com.br\/arquivo\/projetos-que-mexem-nos-salarios-coloca-prefeito-e-servidores-em-rota-de-colisao\/#webpage"},"articleSection":"Geral"},{"@type":"BreadcrumbList","@id":"https:\/\/www.jornalja.com.br\/arquivo\/projetos-que-mexem-nos-salarios-coloca-prefeito-e-servidores-em-rota-de-colisao\/#breadcrumblist","itemListElement":[{"@type":"ListItem","@id":"https:\/\/www.jornalja.com.br\/arquivo#listItem","position":1,"name":"Home","item":"https:\/\/www.jornalja.com.br\/arquivo","nextItem":{"@type":"ListItem","@id":"https:\/\/www.jornalja.com.br\/arquivo\/category\/geral\/#listItem","name":"Geral"}},{"@type":"ListItem","@id":"https:\/\/www.jornalja.com.br\/arquivo\/category\/geral\/#listItem","position":2,"name":"Geral","item":"https:\/\/www.jornalja.com.br\/arquivo\/category\/geral\/","nextItem":{"@type":"ListItem","@id":"https:\/\/www.jornalja.com.br\/arquivo\/projetos-que-mexem-nos-salarios-coloca-prefeito-e-servidores-em-rota-de-colisao\/#listItem","name":"Projetos que mexem nos sal\u00e1rios coloca prefeito e servidores em rota de colis\u00e3o"},"previousItem":{"@type":"ListItem","@id":"https:\/\/www.jornalja.com.br\/arquivo#listItem","name":"Home"}},{"@type":"ListItem","@id":"https:\/\/www.jornalja.com.br\/arquivo\/projetos-que-mexem-nos-salarios-coloca-prefeito-e-servidores-em-rota-de-colisao\/#listItem","position":3,"name":"Projetos que mexem nos sal\u00e1rios coloca prefeito e servidores em rota de colis\u00e3o","previousItem":{"@type":"ListItem","@id":"https:\/\/www.jornalja.com.br\/arquivo\/category\/geral\/#listItem","name":"Geral"}}]},{"@type":"Organization","@id":"https:\/\/www.jornalja.com.br\/arquivo\/#organization","name":"Jornal J\u00c1","description":"Jornal J\u00c1 | Porto Alegre","url":"https:\/\/www.jornalja.com.br\/arquivo\/","telephone":"+555133307272","logo":{"@type":"ImageObject","url":"https:\/\/www.jornalja.com.br\/wp-content\/uploads\/cards\/JAslogan.png","@id":"https:\/\/www.jornalja.com.br\/arquivo\/projetos-que-mexem-nos-salarios-coloca-prefeito-e-servidores-em-rota-de-colisao\/#organizationLogo"},"image":{"@id":"https:\/\/www.jornalja.com.br\/arquivo\/projetos-que-mexem-nos-salarios-coloca-prefeito-e-servidores-em-rota-de-colisao\/#organizationLogo"}},{"@type":"Person","@id":"https:\/\/www.jornalja.com.br\/arquivo\/author\/daredacao\/#author","url":"https:\/\/www.jornalja.com.br\/arquivo\/author\/daredacao\/","name":"da Reda\u00e7\u00e3o","image":{"@type":"ImageObject","@id":"https:\/\/www.jornalja.com.br\/arquivo\/projetos-que-mexem-nos-salarios-coloca-prefeito-e-servidores-em-rota-de-colisao\/#authorImage","url":"https:\/\/secure.gravatar.com\/avatar\/469fd857d6605ad19919d27ed29d35a968a25f6e8fd9318356bbb7f57aae9c65?s=96&d=mm&r=g","width":96,"height":96,"caption":"da Reda\u00e7\u00e3o"}},{"@type":"WebPage","@id":"https:\/\/www.jornalja.com.br\/arquivo\/projetos-que-mexem-nos-salarios-coloca-prefeito-e-servidores-em-rota-de-colisao\/#webpage","url":"https:\/\/www.jornalja.com.br\/arquivo\/projetos-que-mexem-nos-salarios-coloca-prefeito-e-servidores-em-rota-de-colisao\/","name":"Projetos que mexem nos sal\u00e1rios coloca prefeito e servidores em rota de colis\u00e3o | Arquivo","inLanguage":"pt-BR","isPartOf":{"@id":"https:\/\/www.jornalja.com.br\/arquivo\/#website"},"breadcrumb":{"@id":"https:\/\/www.jornalja.com.br\/arquivo\/projetos-que-mexem-nos-salarios-coloca-prefeito-e-servidores-em-rota-de-colisao\/#breadcrumblist"},"author":{"@id":"https:\/\/www.jornalja.com.br\/arquivo\/author\/daredacao\/#author"},"creator":{"@id":"https:\/\/www.jornalja.com.br\/arquivo\/author\/daredacao\/#author"},"image":{"@type":"ImageObject","url":52524,"@id":"https:\/\/www.jornalja.com.br\/arquivo\/projetos-que-mexem-nos-salarios-coloca-prefeito-e-servidores-em-rota-de-colisao\/#mainImage"},"primaryImageOfPage":{"@id":"https:\/\/www.jornalja.com.br\/arquivo\/projetos-que-mexem-nos-salarios-coloca-prefeito-e-servidores-em-rota-de-colisao\/#mainImage"},"datePublished":"2017-08-12T15:20:18-03:00","dateModified":"2017-08-12T15:20:18-03:00"},{"@type":"WebSite","@id":"https:\/\/www.jornalja.com.br\/arquivo\/#website","url":"https:\/\/www.jornalja.com.br\/arquivo\/","name":"Arquivo","description":"Jornal J\u00c1 | Porto Alegre","inLanguage":"pt-BR","publisher":{"@id":"https:\/\/www.jornalja.com.br\/arquivo\/#organization"}}]},"og:locale":"pt_BR","og:site_name":"Arquivo | Jornal J\u00c1 | Porto Alegre","og:type":"article","og:title":"Projetos que mexem nos sal\u00e1rios coloca prefeito e servidores em rota de colis\u00e3o | Arquivo","og:url":"https:\/\/www.jornalja.com.br\/arquivo\/projetos-que-mexem-nos-salarios-coloca-prefeito-e-servidores-em-rota-de-colisao\/","og:image":"https:\/\/www.jornalja.com.br\/wp-content\/uploads\/2017\/07\/EDE_5173-400x266.jpg","og:image:secure_url":"https:\/\/www.jornalja.com.br\/wp-content\/uploads\/2017\/07\/EDE_5173-400x266.jpg","article:published_time":"2017-08-12T18:20:18+00:00","article:modified_time":"2017-08-12T18:20:18+00:00","twitter:card":"summary","twitter:title":"Projetos que mexem nos sal\u00e1rios coloca prefeito e servidores em rota de colis\u00e3o | Arquivo","twitter:image":"https:\/\/www.jornalja.com.br\/economics\/wp-content\/uploads\/sites\/11\/2026\/08\/ja-folhaderosto-facebook.jpg"},"aioseo_meta_data":{"post_id":"53318","title":null,"description":null,"keywords":null,"keyphrases":null,"primary_term":null,"canonical_url":null,"og_title":null,"og_description":null,"og_object_type":"default","og_image_type":"default","og_image_url":null,"og_image_width":null,"og_image_height":null,"og_image_custom_url":null,"og_image_custom_fields":null,"og_video":null,"og_custom_url":null,"og_article_section":null,"og_article_tags":null,"twitter_use_og":false,"twitter_card":"default","twitter_image_type":"default","twitter_image_url":null,"twitter_image_custom_url":null,"twitter_image_custom_fields":null,"twitter_title":null,"twitter_description":null,"schema":{"blockGraphs":[],"customGraphs":[],"default":{"data":{"Article":[],"Course":[],"Dataset":[],"FAQPage":[],"Movie":[],"Person":[],"Product":[],"ProductReview":[],"Car":[],"Recipe":[],"Service":[],"SoftwareApplication":[],"WebPage":[]},"graphName":"","isEnabled":true},"graphs":[],"defaultGraph":"","defaultPostTypeGraph":""},"schema_type":null,"schema_type_options":null,"pillar_content":false,"robots_default":true,"robots_noindex":false,"robots_noarchive":false,"robots_nosnippet":false,"robots_nofollow":false,"robots_noimageindex":false,"robots_noodp":false,"robots_notranslate":false,"robots_max_snippet":null,"robots_max_videopreview":null,"robots_max_imagepreview":"large","priority":null,"frequency":null,"location":null,"local_seo":null,"breadcrumb_settings":null,"limit_modified_date":false,"ai":null,"created":"2020-12-20 20:26:59","updated":"2025-07-20 00:13:23","seo_analyzer_scan_date":null,"focus_keyword":null,"additional_keywords":null,"truseo_locale":null},"jetpack_sharing_enabled":true,"jetpack-related-posts":[{"id":13101,"url":"https:\/\/www.jornalja.com.br\/arquivo\/morre-um-guerreiro-do-texto\/","url_meta":{"origin":53318,"position":0},"title":"Morre um guerreiro do texto","author":"Patr\u00edcia Marini","date":"14 de maio de 2014","format":false,"excerpt":"Por Ricardo Kotscho Reproduzido do blog do autor, 11\/5\/2014; t\u00edtulo original \u201cE l\u00e1 se foi o nosso Myltainho, guerreiro do texto\u201d. Mi\u00fado e franzino, meu amigo Myltainho era um valente e inconformado guerreiro na luta contra as injusti\u00e7as sociais, a hipocrisia, as maracutaias, o autoritarismo, a intoler\u00e2ncia, a viol\u00eancia, o\u2026","rel":"","context":"Em &quot;Geral&quot;","block_context":{"text":"Geral","link":"https:\/\/www.jornalja.com.br\/arquivo\/category\/geral\/"},"img":{"alt_text":"","src":"","width":0,"height":0},"classes":[]},{"id":14241,"url":"https:\/\/www.jornalja.com.br\/arquivo\/o-guaiba-nas-imagens-poeticas-de-achutti\/","url_meta":{"origin":53318,"position":1},"title":"O Gua\u00edba nas imagens po\u00e9ticas de Achutti","author":"da Reda\u00e7\u00e3o","date":"18 de junho de 2014","format":false,"excerpt":"Em \u201cO Gua\u00edba por Achutti\u201d \u2013 obra financiada via Minist\u00e9rio da Cultura, produ\u00e7\u00e3o executiva de Pedro Longhi, e Fl\u00e1vio Wild como designer \u2013, o fot\u00f3grafo revela a beleza e as mazelas de um espa\u00e7o aqu\u00e1tico de \u00e1guas sempre renovadas, cheio de hist\u00f3rias e lendas como as das cidades que foram\u2026","rel":"","context":"Em &quot;Cultura-Geral&quot;","block_context":{"text":"Cultura-Geral","link":"https:\/\/www.jornalja.com.br\/arquivo\/category\/materiasecundaria\/"},"img":{"alt_text":"","src":"","width":0,"height":0},"classes":[]},{"id":13240,"url":"https:\/\/www.jornalja.com.br\/arquivo\/plano-diretor-estamos-construindo-o-caos\/","url_meta":{"origin":53318,"position":2},"title":"Plano diretor: &quot;Estamos construindo o caos&quot;","author":"Patr\u00edcia Marini","date":"26 de maio de 2014","format":false,"excerpt":"Desabafo que arquiteta Eliana Castilhos, delegada da Regi\u00e3o de Planejamento 1, postou nas redes sociais \u00e9 um testemunho do ambiente que se criou no Conselho do Plano Diretor de Porto Alegre, onde a aprova\u00e7\u00e3o de grandes empreendimentos \u00e9 empurrada guela abaixo dos conselheiros. Ao CMDUA Como delegada da Regi\u00e3o de\u2026","rel":"","context":"Em &quot;Geral&quot;","block_context":{"text":"Geral","link":"https:\/\/www.jornalja.com.br\/arquivo\/category\/geral\/"},"img":{"alt_text":"","src":"","width":0,"height":0},"classes":[]},{"id":5440,"url":"https:\/\/www.jornalja.com.br\/arquivo\/casarao-da-venancio-destino-permanece-incerto\/","url_meta":{"origin":53318,"position":3},"title":"Estado ainda n\u00e3o sabe o que fazer com casar\u00e3o abandonado h\u00e1 20 anos","author":"Elmar Bones","date":"6 de julho de 2009","format":false,"excerpt":"O casar\u00e3o amarelo, numa esquina nobre de Porto Alegre (Ven\u00e2ncio Aires com Jo\u00e3o Pessoa), j\u00e1 abrigou uma escola. H\u00e1 duas d\u00e9cadas, pelo menos, est\u00e1 abandonado, porque seu propriet\u00e1rio, o governo do Estado do Rio Grande do Sul, n\u00e3o consegue achar um destino para ele. Planos n\u00e3o faltaram. O governador Ol\u00edvio\u2026","rel":"","context":"Em &quot;X.Categorias velhas&quot;","block_context":{"text":"X.Categorias velhas","link":"https:\/\/www.jornalja.com.br\/arquivo\/category\/x-categorias-velhas\/"},"img":{"alt_text":"geraldo1","src":"https:\/\/i0.wp.com\/www.jornalja.com.br\/wp-content\/uploads\/2009\/07\/geraldo1.jpg?resize=350%2C200&ssl=1","width":350,"height":200},"classes":[]},{"id":13109,"url":"https:\/\/www.jornalja.com.br\/arquivo\/judiciario-reconhece-poluicao-eletromagnetica\/","url_meta":{"origin":53318,"position":4},"title":"Judici\u00e1rio reconhece polui\u00e7\u00e3o eletromagn\u00e9tica","author":"Patr\u00edcia Marini","date":"16 de maio de 2014","format":false,"excerpt":"A\u00e7\u00e3o de duas associa\u00e7\u00f5es de moradores foi acolhida pelo Tribunal de Justi\u00e7a de S\u00e3o Paulo que. em decis\u00e3o in\u00e9dita, determinou a redu\u00e7\u00e3o do campo eletromagn\u00e9tico gerado pelas linhas de transmiss\u00e3o de energia que cortam os bairros City Boa\u00e7ava e Alto de Pinheiros. \u00c9 a primeira vez que um tribunal do\u2026","rel":"","context":"Em &quot;X.Categorias velhas&quot;","block_context":{"text":"X.Categorias velhas","link":"https:\/\/www.jornalja.com.br\/arquivo\/category\/x-categorias-velhas\/"},"img":{"alt_text":"","src":"","width":0,"height":0},"classes":[]},{"id":13124,"url":"https:\/\/www.jornalja.com.br\/arquivo\/sangue-latino-no-iecine\/","url_meta":{"origin":53318,"position":5},"title":"Sangue latino no IECINE","author":"da Reda\u00e7\u00e3o","date":"18 de maio de 2014","format":false,"excerpt":"Francisco Ribeiro O Instituto Estadual de Cinema (IECINE) tem a frente, desde abril \u00faltimo, um novo diretor, o cineasta colombiano Juan Zapata, 36, que substitui Luiz Alberto Cassol. Radicado h\u00e1 dez anos em Porto Alegre, Zapata tem diante de si o desafio de conduzir at\u00e9 o final do ano um\u2026","rel":"","context":"Em &quot;Cultura-Geral&quot;","block_context":{"text":"Cultura-Geral","link":"https:\/\/www.jornalja.com.br\/arquivo\/category\/materiasecundaria\/"},"img":{"alt_text":"","src":"","width":0,"height":0},"classes":[]}],"jetpack_shortlink":"https:\/\/wp.me\/pbQjBd-dRY","jetpack_featured_media_url":"","_links":{"self":[{"href":"https:\/\/www.jornalja.com.br\/arquivo\/wp-json\/wp\/v2\/posts\/53318","targetHints":{"allow":["GET"]}}],"collection":[{"href":"https:\/\/www.jornalja.com.br\/arquivo\/wp-json\/wp\/v2\/posts"}],"about":[{"href":"https:\/\/www.jornalja.com.br\/arquivo\/wp-json\/wp\/v2\/types\/post"}],"author":[{"embeddable":true,"href":"https:\/\/www.jornalja.com.br\/arquivo\/wp-json\/wp\/v2\/users\/4"}],"replies":[{"embeddable":true,"href":"https:\/\/www.jornalja.com.br\/arquivo\/wp-json\/wp\/v2\/comments?post=53318"}],"version-history":[{"count":0,"href":"https:\/\/www.jornalja.com.br\/arquivo\/wp-json\/wp\/v2\/posts\/53318\/revisions"}],"wp:attachment":[{"href":"https:\/\/www.jornalja.com.br\/arquivo\/wp-json\/wp\/v2\/media?parent=53318"}],"wp:term":[{"taxonomy":"category","embeddable":true,"href":"https:\/\/www.jornalja.com.br\/arquivo\/wp-json\/wp\/v2\/categories?post=53318"},{"taxonomy":"post_tag","embeddable":true,"href":"https:\/\/www.jornalja.com.br\/arquivo\/wp-json\/wp\/v2\/tags?post=53318"}],"curies":[{"name":"wp","href":"https:\/\/api.w.org\/{rel}","templated":true}]}}