{"id":53320,"date":"2017-08-11T18:33:22","date_gmt":"2017-08-11T21:33:22","guid":{"rendered":"https:\/\/www.jornalja.com.br\/?p=53320"},"modified":"2017-08-11T18:33:22","modified_gmt":"2017-08-11T21:33:22","slug":"mst-desocupa-area-da-ceee-apos-audiencias-de-conciliacao","status":"publish","type":"post","link":"https:\/\/www.jornalja.com.br\/arquivo\/mst-desocupa-area-da-ceee-apos-audiencias-de-conciliacao\/","title":{"rendered":"MST desocupa \u00e1rea da CEEE ap\u00f3s audi\u00eancias de concilia\u00e7\u00e3o"},"content":{"rendered":"<p><img loading=\"lazy\" decoding=\"async\" class=\"size-medium wp-image-53322 alignleft\" src=\"https:\/\/www.jornalja.com.br\/wp-content\/uploads\/2017\/08\/36104916620_da9f5ae11c_b-400x300.jpg\" alt=\"\" width=\"400\" height=\"300\" \/>Depois de quase nove meses de ocupa\u00e7\u00e3o e tr\u00eas audi\u00eancias de concilia\u00e7\u00e3o no Minist\u00e9rio P\u00fablico Federal (MPF), o Movimento dos Trabalhadores Rurais Sem Terra (MST) desocupou nesta sexta-feira (11\/08) o Horto Florestal Carola, da Companhia Estadual de Distribui\u00e7\u00e3o de Energia El\u00e9trica (CEEE), localizado em Charqueadas, na regi\u00e3o Metropolitana de Porto Alegre.<br \/>\nO lugar era utilizado para fabrica\u00e7\u00e3o de postes de madeira e foi ocupado pela terceira vez dia 14 de novembro de 2016, por cerca de 500 fam\u00edlias do MST. Segundo o movimento, o objetivo era pressionar para cumprimento de Termo de Compromisso, assinado em 2014 pela CEEE e pelo Instituto Nacional de Coloniza\u00e7\u00e3o e Reforma Agr\u00e1ria (Incra), para transformar a \u00e1rea, de 1080 hectares, em assentamento.<br \/>\nConforme o documento, a CEEE teria que retirar a vegeta\u00e7\u00e3o e os tocos de \u00e1rvores do local, onde tamb\u00e9m haviam embalagens cheias e com res\u00edduos de Arseniato de Cobre Cromatado \u2013 produto t\u00f3xico que era utilizado na Usina de Preserva\u00e7\u00e3o de Madeira, que deixou de funcionar em 2013 \u2013, para que o Incra adquirisse a \u00e1rea. \u00c0 \u00e9poca, a empresa e o Instituto tinham 60 dias para cumprir o compromisso, por\u00e9m, o prazo n\u00e3o foi respeitado.<br \/>\nCom a terceira ocupa\u00e7\u00e3o, o processo tramitou na Comarca de Charqueadas, mas o caso foi remetido em janeiro deste ano para a Justi\u00e7a Federal, ap\u00f3s interven\u00e7\u00e3o do MST e do Incra para decl\u00ednio de compet\u00eancia. Desde ent\u00e3o foram realizadas tr\u00eas audi\u00eancias de concilia\u00e7\u00e3o na 9\u00aa Vara Federal de Porto Alegre, que possui compet\u00eancia exclusivamente ambiental, agr\u00e1ria e residual.<br \/>\nA \u00faltima audi\u00eancia foi realizada dia 13 de julho pela ju\u00edza federal substituta Clarides Rahmeier. Ficou acordado que a CEEE cumprir\u00e1 um cronograma para investigar se h\u00e1 contamina\u00e7\u00e3o em parte do horto por produtos t\u00f3xicos que utilizava no tratamento dos postes de madeira. Se comprovada a contamina\u00e7\u00e3o, a Companhia ter\u00e1 que fazer a recupera\u00e7\u00e3o ambiental. O prazo para investiga\u00e7\u00e3o vence em dezembro de 2018. A CEEE tamb\u00e9m se comprometeu a ofertar outras \u00e1reas ao Incra para criar assentamentos.<br \/>\nJ\u00e1 as fam\u00edlias do MST concordaram em desocupar o Horto Florestal Carola em at\u00e9 30 dias, a contar a partir da data desta \u00faltima audi\u00eancia, para dar agilidade ao cumprimento dos acordos estabelecidos na justi\u00e7a. Por sua vez, o Incra reafirma que ainda tem interesse em adquirir a \u00e1rea para destin\u00e1-la \u00e0 reforma agr\u00e1ria.<\/p>\n","protected":false},"excerpt":{"rendered":"<p>Depois de quase nove meses de ocupa\u00e7\u00e3o e tr\u00eas audi\u00eancias de concilia\u00e7\u00e3o no Minist\u00e9rio P\u00fablico Federal (MPF), o Movimento dos Trabalhadores Rurais Sem Terra (MST) desocupou nesta sexta-feira (11\/08) o Horto Florestal Carola, da Companhia Estadual de Distribui\u00e7\u00e3o de Energia El\u00e9trica (CEEE), localizado em Charqueadas, na regi\u00e3o Metropolitana de Porto Alegre. O lugar era utilizado [&hellip;]<\/p>\n","protected":false},"author":4,"featured_media":0,"comment_status":"open","ping_status":"closed","sticky":false,"template":"","format":"standard","meta":{"_jetpack_newsletter_access":"","_jetpack_dont_email_post_to_subs":false,"_jetpack_newsletter_tier_id":0,"_jetpack_memberships_contains_paywalled_content":false,"_jetpack_feature_clip_id":0,"_jetpack_memberships_contains_paid_content":false,"footnotes":"","jetpack_post_was_ever_published":false},"categories":[2022],"tags":[],"class_list":["post-53320","post","type-post","status-publish","format-standard","hentry","category-notas"],"aioseo_notices":[],"aioseo_head":"\n\t\t<!-- All in One SEO 5.0.1.1 - aioseo.com -->\n\t<meta name=\"robots\" content=\"max-image-preview:large\" \/>\n\t<meta name=\"author\" content=\"da Reda\u00e7\u00e3o\"\/>\n\t<link rel=\"canonical\" href=\"https:\/\/www.jornalja.com.br\/arquivo\/mst-desocupa-area-da-ceee-apos-audiencias-de-conciliacao\/\" \/>\n\t<meta name=\"generator\" content=\"All in One SEO (AIOSEO) 5.0.1.1\" \/>\n\t\t<meta property=\"og:locale\" content=\"pt_BR\" \/>\n\t\t<meta property=\"og:site_name\" content=\"Arquivo | Jornal J\u00c1 | Porto Alegre\" \/>\n\t\t<meta property=\"og:type\" content=\"article\" \/>\n\t\t<meta property=\"og:title\" content=\"MST desocupa \u00e1rea da CEEE ap\u00f3s audi\u00eancias de concilia\u00e7\u00e3o | Arquivo\" \/>\n\t\t<meta property=\"og:url\" content=\"https:\/\/www.jornalja.com.br\/arquivo\/mst-desocupa-area-da-ceee-apos-audiencias-de-conciliacao\/\" \/>\n\t\t<meta property=\"og:image\" content=\"https:\/\/www.jornalja.com.br\/wp-content\/uploads\/2017\/08\/36104916620_da9f5ae11c_b-400x300.jpg\" \/>\n\t\t<meta property=\"og:image:secure_url\" content=\"https:\/\/www.jornalja.com.br\/wp-content\/uploads\/2017\/08\/36104916620_da9f5ae11c_b-400x300.jpg\" \/>\n\t\t<meta property=\"article:published_time\" content=\"2017-08-11T21:33:22+00:00\" \/>\n\t\t<meta property=\"article:modified_time\" content=\"2017-08-11T21:33:22+00:00\" \/>\n\t\t<meta name=\"twitter:card\" content=\"summary\" \/>\n\t\t<meta name=\"twitter:title\" content=\"MST desocupa \u00e1rea da CEEE ap\u00f3s audi\u00eancias de concilia\u00e7\u00e3o | Arquivo\" \/>\n\t\t<meta name=\"twitter:image\" content=\"https:\/\/www.jornalja.com.br\/economics\/wp-content\/uploads\/sites\/11\/2026\/08\/ja-folhaderosto-facebook.jpg\" \/>\n\t\t<script type=\"application\/ld+json\" class=\"aioseo-schema\">\n\t\t\t{\"@context\":\"https:\\\/\\\/schema.org\",\"@graph\":[{\"@type\":\"BlogPosting\",\"@id\":\"https:\\\/\\\/www.jornalja.com.br\\\/arquivo\\\/mst-desocupa-area-da-ceee-apos-audiencias-de-conciliacao\\\/#blogposting\",\"name\":\"MST desocupa \\u00e1rea da CEEE ap\\u00f3s audi\\u00eancias de concilia\\u00e7\\u00e3o | Arquivo\",\"headline\":\"MST desocupa \\u00e1rea da CEEE ap\\u00f3s audi\\u00eancias de concilia\\u00e7\\u00e3o\",\"author\":{\"@id\":\"https:\\\/\\\/www.jornalja.com.br\\\/arquivo\\\/author\\\/daredacao\\\/#author\"},\"publisher\":{\"@id\":\"https:\\\/\\\/www.jornalja.com.br\\\/arquivo\\\/#organization\"},\"image\":{\"@type\":\"ImageObject\",\"url\":\"https:\\\/\\\/www.jornalja.com.br\\\/wp-content\\\/uploads\\\/2017\\\/08\\\/36104916620_da9f5ae11c_b-400x300.jpg\",\"@id\":\"https:\\\/\\\/www.jornalja.com.br\\\/arquivo\\\/mst-desocupa-area-da-ceee-apos-audiencias-de-conciliacao\\\/#articleImage\"},\"datePublished\":\"2017-08-11T18:33:22-03:00\",\"dateModified\":\"2017-08-11T18:33:22-03:00\",\"inLanguage\":\"pt-BR\",\"mainEntityOfPage\":{\"@id\":\"https:\\\/\\\/www.jornalja.com.br\\\/arquivo\\\/mst-desocupa-area-da-ceee-apos-audiencias-de-conciliacao\\\/#webpage\"},\"isPartOf\":{\"@id\":\"https:\\\/\\\/www.jornalja.com.br\\\/arquivo\\\/mst-desocupa-area-da-ceee-apos-audiencias-de-conciliacao\\\/#webpage\"},\"articleSection\":\"NOTAS\"},{\"@type\":\"BreadcrumbList\",\"@id\":\"https:\\\/\\\/www.jornalja.com.br\\\/arquivo\\\/mst-desocupa-area-da-ceee-apos-audiencias-de-conciliacao\\\/#breadcrumblist\",\"itemListElement\":[{\"@type\":\"ListItem\",\"@id\":\"https:\\\/\\\/www.jornalja.com.br\\\/arquivo#listItem\",\"position\":1,\"name\":\"Home\",\"item\":\"https:\\\/\\\/www.jornalja.com.br\\\/arquivo\",\"nextItem\":{\"@type\":\"ListItem\",\"@id\":\"https:\\\/\\\/www.jornalja.com.br\\\/arquivo\\\/category\\\/notas\\\/#listItem\",\"name\":\"NOTAS\"}},{\"@type\":\"ListItem\",\"@id\":\"https:\\\/\\\/www.jornalja.com.br\\\/arquivo\\\/category\\\/notas\\\/#listItem\",\"position\":2,\"name\":\"NOTAS\",\"item\":\"https:\\\/\\\/www.jornalja.com.br\\\/arquivo\\\/category\\\/notas\\\/\",\"nextItem\":{\"@type\":\"ListItem\",\"@id\":\"https:\\\/\\\/www.jornalja.com.br\\\/arquivo\\\/mst-desocupa-area-da-ceee-apos-audiencias-de-conciliacao\\\/#listItem\",\"name\":\"MST desocupa \\u00e1rea da CEEE ap\\u00f3s audi\\u00eancias de concilia\\u00e7\\u00e3o\"},\"previousItem\":{\"@type\":\"ListItem\",\"@id\":\"https:\\\/\\\/www.jornalja.com.br\\\/arquivo#listItem\",\"name\":\"Home\"}},{\"@type\":\"ListItem\",\"@id\":\"https:\\\/\\\/www.jornalja.com.br\\\/arquivo\\\/mst-desocupa-area-da-ceee-apos-audiencias-de-conciliacao\\\/#listItem\",\"position\":3,\"name\":\"MST desocupa \\u00e1rea da CEEE ap\\u00f3s audi\\u00eancias de concilia\\u00e7\\u00e3o\",\"previousItem\":{\"@type\":\"ListItem\",\"@id\":\"https:\\\/\\\/www.jornalja.com.br\\\/arquivo\\\/category\\\/notas\\\/#listItem\",\"name\":\"NOTAS\"}}]},{\"@type\":\"Organization\",\"@id\":\"https:\\\/\\\/www.jornalja.com.br\\\/arquivo\\\/#organization\",\"name\":\"Jornal J\\u00c1\",\"description\":\"Jornal J\\u00c1 | Porto Alegre\",\"url\":\"https:\\\/\\\/www.jornalja.com.br\\\/arquivo\\\/\",\"telephone\":\"+555133307272\",\"logo\":{\"@type\":\"ImageObject\",\"url\":\"https:\\\/\\\/www.jornalja.com.br\\\/wp-content\\\/uploads\\\/cards\\\/JAslogan.png\",\"@id\":\"https:\\\/\\\/www.jornalja.com.br\\\/arquivo\\\/mst-desocupa-area-da-ceee-apos-audiencias-de-conciliacao\\\/#organizationLogo\"},\"image\":{\"@id\":\"https:\\\/\\\/www.jornalja.com.br\\\/arquivo\\\/mst-desocupa-area-da-ceee-apos-audiencias-de-conciliacao\\\/#organizationLogo\"}},{\"@type\":\"Person\",\"@id\":\"https:\\\/\\\/www.jornalja.com.br\\\/arquivo\\\/author\\\/daredacao\\\/#author\",\"url\":\"https:\\\/\\\/www.jornalja.com.br\\\/arquivo\\\/author\\\/daredacao\\\/\",\"name\":\"da Reda\\u00e7\\u00e3o\",\"image\":{\"@type\":\"ImageObject\",\"@id\":\"https:\\\/\\\/www.jornalja.com.br\\\/arquivo\\\/mst-desocupa-area-da-ceee-apos-audiencias-de-conciliacao\\\/#authorImage\",\"url\":\"https:\\\/\\\/secure.gravatar.com\\\/avatar\\\/469fd857d6605ad19919d27ed29d35a968a25f6e8fd9318356bbb7f57aae9c65?s=96&d=mm&r=g\",\"width\":96,\"height\":96,\"caption\":\"da Reda\\u00e7\\u00e3o\"}},{\"@type\":\"WebPage\",\"@id\":\"https:\\\/\\\/www.jornalja.com.br\\\/arquivo\\\/mst-desocupa-area-da-ceee-apos-audiencias-de-conciliacao\\\/#webpage\",\"url\":\"https:\\\/\\\/www.jornalja.com.br\\\/arquivo\\\/mst-desocupa-area-da-ceee-apos-audiencias-de-conciliacao\\\/\",\"name\":\"MST desocupa \\u00e1rea da CEEE ap\\u00f3s audi\\u00eancias de concilia\\u00e7\\u00e3o | Arquivo\",\"inLanguage\":\"pt-BR\",\"isPartOf\":{\"@id\":\"https:\\\/\\\/www.jornalja.com.br\\\/arquivo\\\/#website\"},\"breadcrumb\":{\"@id\":\"https:\\\/\\\/www.jornalja.com.br\\\/arquivo\\\/mst-desocupa-area-da-ceee-apos-audiencias-de-conciliacao\\\/#breadcrumblist\"},\"author\":{\"@id\":\"https:\\\/\\\/www.jornalja.com.br\\\/arquivo\\\/author\\\/daredacao\\\/#author\"},\"creator\":{\"@id\":\"https:\\\/\\\/www.jornalja.com.br\\\/arquivo\\\/author\\\/daredacao\\\/#author\"},\"datePublished\":\"2017-08-11T18:33:22-03:00\",\"dateModified\":\"2017-08-11T18:33:22-03:00\"},{\"@type\":\"WebSite\",\"@id\":\"https:\\\/\\\/www.jornalja.com.br\\\/arquivo\\\/#website\",\"url\":\"https:\\\/\\\/www.jornalja.com.br\\\/arquivo\\\/\",\"name\":\"Arquivo\",\"description\":\"Jornal J\\u00c1 | Porto Alegre\",\"inLanguage\":\"pt-BR\",\"publisher\":{\"@id\":\"https:\\\/\\\/www.jornalja.com.br\\\/arquivo\\\/#organization\"}}]}\n\t\t<\/script>\n\t\t<!-- All in One SEO -->\n\n","aioseo_head_json":{"title":"MST desocupa \u00e1rea da CEEE ap\u00f3s audi\u00eancias de concilia\u00e7\u00e3o | Arquivo","description":"","canonical_url":"https:\/\/www.jornalja.com.br\/arquivo\/mst-desocupa-area-da-ceee-apos-audiencias-de-conciliacao\/","robots":"max-image-preview:large","keywords":"","webmasterTools":{"miscellaneous":""},"schema":{"@context":"https:\/\/schema.org","@graph":[{"@type":"BlogPosting","@id":"https:\/\/www.jornalja.com.br\/arquivo\/mst-desocupa-area-da-ceee-apos-audiencias-de-conciliacao\/#blogposting","name":"MST desocupa \u00e1rea da CEEE ap\u00f3s audi\u00eancias de concilia\u00e7\u00e3o | Arquivo","headline":"MST desocupa \u00e1rea da CEEE ap\u00f3s audi\u00eancias de concilia\u00e7\u00e3o","author":{"@id":"https:\/\/www.jornalja.com.br\/arquivo\/author\/daredacao\/#author"},"publisher":{"@id":"https:\/\/www.jornalja.com.br\/arquivo\/#organization"},"image":{"@type":"ImageObject","url":"https:\/\/www.jornalja.com.br\/wp-content\/uploads\/2017\/08\/36104916620_da9f5ae11c_b-400x300.jpg","@id":"https:\/\/www.jornalja.com.br\/arquivo\/mst-desocupa-area-da-ceee-apos-audiencias-de-conciliacao\/#articleImage"},"datePublished":"2017-08-11T18:33:22-03:00","dateModified":"2017-08-11T18:33:22-03:00","inLanguage":"pt-BR","mainEntityOfPage":{"@id":"https:\/\/www.jornalja.com.br\/arquivo\/mst-desocupa-area-da-ceee-apos-audiencias-de-conciliacao\/#webpage"},"isPartOf":{"@id":"https:\/\/www.jornalja.com.br\/arquivo\/mst-desocupa-area-da-ceee-apos-audiencias-de-conciliacao\/#webpage"},"articleSection":"NOTAS"},{"@type":"BreadcrumbList","@id":"https:\/\/www.jornalja.com.br\/arquivo\/mst-desocupa-area-da-ceee-apos-audiencias-de-conciliacao\/#breadcrumblist","itemListElement":[{"@type":"ListItem","@id":"https:\/\/www.jornalja.com.br\/arquivo#listItem","position":1,"name":"Home","item":"https:\/\/www.jornalja.com.br\/arquivo","nextItem":{"@type":"ListItem","@id":"https:\/\/www.jornalja.com.br\/arquivo\/category\/notas\/#listItem","name":"NOTAS"}},{"@type":"ListItem","@id":"https:\/\/www.jornalja.com.br\/arquivo\/category\/notas\/#listItem","position":2,"name":"NOTAS","item":"https:\/\/www.jornalja.com.br\/arquivo\/category\/notas\/","nextItem":{"@type":"ListItem","@id":"https:\/\/www.jornalja.com.br\/arquivo\/mst-desocupa-area-da-ceee-apos-audiencias-de-conciliacao\/#listItem","name":"MST desocupa \u00e1rea da CEEE ap\u00f3s audi\u00eancias de concilia\u00e7\u00e3o"},"previousItem":{"@type":"ListItem","@id":"https:\/\/www.jornalja.com.br\/arquivo#listItem","name":"Home"}},{"@type":"ListItem","@id":"https:\/\/www.jornalja.com.br\/arquivo\/mst-desocupa-area-da-ceee-apos-audiencias-de-conciliacao\/#listItem","position":3,"name":"MST desocupa \u00e1rea da CEEE ap\u00f3s audi\u00eancias de concilia\u00e7\u00e3o","previousItem":{"@type":"ListItem","@id":"https:\/\/www.jornalja.com.br\/arquivo\/category\/notas\/#listItem","name":"NOTAS"}}]},{"@type":"Organization","@id":"https:\/\/www.jornalja.com.br\/arquivo\/#organization","name":"Jornal J\u00c1","description":"Jornal J\u00c1 | Porto Alegre","url":"https:\/\/www.jornalja.com.br\/arquivo\/","telephone":"+555133307272","logo":{"@type":"ImageObject","url":"https:\/\/www.jornalja.com.br\/wp-content\/uploads\/cards\/JAslogan.png","@id":"https:\/\/www.jornalja.com.br\/arquivo\/mst-desocupa-area-da-ceee-apos-audiencias-de-conciliacao\/#organizationLogo"},"image":{"@id":"https:\/\/www.jornalja.com.br\/arquivo\/mst-desocupa-area-da-ceee-apos-audiencias-de-conciliacao\/#organizationLogo"}},{"@type":"Person","@id":"https:\/\/www.jornalja.com.br\/arquivo\/author\/daredacao\/#author","url":"https:\/\/www.jornalja.com.br\/arquivo\/author\/daredacao\/","name":"da Reda\u00e7\u00e3o","image":{"@type":"ImageObject","@id":"https:\/\/www.jornalja.com.br\/arquivo\/mst-desocupa-area-da-ceee-apos-audiencias-de-conciliacao\/#authorImage","url":"https:\/\/secure.gravatar.com\/avatar\/469fd857d6605ad19919d27ed29d35a968a25f6e8fd9318356bbb7f57aae9c65?s=96&d=mm&r=g","width":96,"height":96,"caption":"da Reda\u00e7\u00e3o"}},{"@type":"WebPage","@id":"https:\/\/www.jornalja.com.br\/arquivo\/mst-desocupa-area-da-ceee-apos-audiencias-de-conciliacao\/#webpage","url":"https:\/\/www.jornalja.com.br\/arquivo\/mst-desocupa-area-da-ceee-apos-audiencias-de-conciliacao\/","name":"MST desocupa \u00e1rea da CEEE ap\u00f3s audi\u00eancias de concilia\u00e7\u00e3o | Arquivo","inLanguage":"pt-BR","isPartOf":{"@id":"https:\/\/www.jornalja.com.br\/arquivo\/#website"},"breadcrumb":{"@id":"https:\/\/www.jornalja.com.br\/arquivo\/mst-desocupa-area-da-ceee-apos-audiencias-de-conciliacao\/#breadcrumblist"},"author":{"@id":"https:\/\/www.jornalja.com.br\/arquivo\/author\/daredacao\/#author"},"creator":{"@id":"https:\/\/www.jornalja.com.br\/arquivo\/author\/daredacao\/#author"},"datePublished":"2017-08-11T18:33:22-03:00","dateModified":"2017-08-11T18:33:22-03:00"},{"@type":"WebSite","@id":"https:\/\/www.jornalja.com.br\/arquivo\/#website","url":"https:\/\/www.jornalja.com.br\/arquivo\/","name":"Arquivo","description":"Jornal J\u00c1 | Porto Alegre","inLanguage":"pt-BR","publisher":{"@id":"https:\/\/www.jornalja.com.br\/arquivo\/#organization"}}]},"og:locale":"pt_BR","og:site_name":"Arquivo | Jornal J\u00c1 | Porto Alegre","og:type":"article","og:title":"MST desocupa \u00e1rea da CEEE ap\u00f3s audi\u00eancias de concilia\u00e7\u00e3o | Arquivo","og:url":"https:\/\/www.jornalja.com.br\/arquivo\/mst-desocupa-area-da-ceee-apos-audiencias-de-conciliacao\/","og:image":"https:\/\/www.jornalja.com.br\/wp-content\/uploads\/2017\/08\/36104916620_da9f5ae11c_b-400x300.jpg","og:image:secure_url":"https:\/\/www.jornalja.com.br\/wp-content\/uploads\/2017\/08\/36104916620_da9f5ae11c_b-400x300.jpg","article:published_time":"2017-08-11T21:33:22+00:00","article:modified_time":"2017-08-11T21:33:22+00:00","twitter:card":"summary","twitter:title":"MST desocupa \u00e1rea da CEEE ap\u00f3s audi\u00eancias de concilia\u00e7\u00e3o | Arquivo","twitter:image":"https:\/\/www.jornalja.com.br\/economics\/wp-content\/uploads\/sites\/11\/2026\/08\/ja-folhaderosto-facebook.jpg"},"aioseo_meta_data":{"post_id":"53320","title":null,"description":null,"keywords":null,"keyphrases":null,"primary_term":null,"canonical_url":null,"og_title":null,"og_description":null,"og_object_type":"default","og_image_type":"default","og_image_url":null,"og_image_width":null,"og_image_height":null,"og_image_custom_url":null,"og_image_custom_fields":null,"og_video":null,"og_custom_url":null,"og_article_section":null,"og_article_tags":null,"twitter_use_og":false,"twitter_card":"default","twitter_image_type":"default","twitter_image_url":null,"twitter_image_custom_url":null,"twitter_image_custom_fields":null,"twitter_title":null,"twitter_description":null,"schema":{"blockGraphs":[],"customGraphs":[],"default":{"data":{"Article":[],"Course":[],"Dataset":[],"FAQPage":[],"Movie":[],"Person":[],"Product":[],"ProductReview":[],"Car":[],"Recipe":[],"Service":[],"SoftwareApplication":[],"WebPage":[]},"graphName":"","isEnabled":true},"graphs":[]},"schema_type":null,"schema_type_options":null,"pillar_content":false,"robots_default":true,"robots_noindex":false,"robots_noarchive":false,"robots_nosnippet":false,"robots_nofollow":false,"robots_noimageindex":false,"robots_noodp":false,"robots_notranslate":false,"robots_max_snippet":null,"robots_max_videopreview":null,"robots_max_imagepreview":"large","priority":null,"frequency":null,"location":null,"local_seo":null,"breadcrumb_settings":null,"limit_modified_date":false,"ai":null,"created":"2020-12-20 20:26:59","updated":"2025-07-20 00:13:23","seo_analyzer_scan_date":null,"focus_keyword":null,"additional_keywords":null,"truseo_locale":null},"jetpack_sharing_enabled":true,"jetpack-related-posts":[{"id":5440,"url":"https:\/\/www.jornalja.com.br\/arquivo\/casarao-da-venancio-destino-permanece-incerto\/","url_meta":{"origin":53320,"position":0},"title":"Estado ainda n\u00e3o sabe o que fazer com casar\u00e3o abandonado h\u00e1 20 anos","author":"Elmar Bones","date":"6 de julho de 2009","format":false,"excerpt":"O casar\u00e3o amarelo, numa esquina nobre de Porto Alegre (Ven\u00e2ncio Aires com Jo\u00e3o Pessoa), j\u00e1 abrigou uma escola. H\u00e1 duas d\u00e9cadas, pelo menos, est\u00e1 abandonado, porque seu propriet\u00e1rio, o governo do Estado do Rio Grande do Sul, n\u00e3o consegue achar um destino para ele. Planos n\u00e3o faltaram. O governador Ol\u00edvio\u2026","rel":"","context":"Em &quot;X.Categorias velhas&quot;","block_context":{"text":"X.Categorias velhas","link":"https:\/\/www.jornalja.com.br\/arquivo\/category\/x-categorias-velhas\/"},"img":{"alt_text":"geraldo1","src":"https:\/\/i0.wp.com\/www.jornalja.com.br\/wp-content\/uploads\/2009\/07\/geraldo1.jpg?resize=350%2C200&ssl=1","width":350,"height":200},"classes":[]},{"id":13109,"url":"https:\/\/www.jornalja.com.br\/arquivo\/judiciario-reconhece-poluicao-eletromagnetica\/","url_meta":{"origin":53320,"position":1},"title":"Judici\u00e1rio reconhece polui\u00e7\u00e3o eletromagn\u00e9tica","author":"Patr\u00edcia Marini","date":"16 de maio de 2014","format":false,"excerpt":"A\u00e7\u00e3o de duas associa\u00e7\u00f5es de moradores foi acolhida pelo Tribunal de Justi\u00e7a de S\u00e3o Paulo que. em decis\u00e3o in\u00e9dita, determinou a redu\u00e7\u00e3o do campo eletromagn\u00e9tico gerado pelas linhas de transmiss\u00e3o de energia que cortam os bairros City Boa\u00e7ava e Alto de Pinheiros. \u00c9 a primeira vez que um tribunal do\u2026","rel":"","context":"Em &quot;X.Categorias velhas&quot;","block_context":{"text":"X.Categorias velhas","link":"https:\/\/www.jornalja.com.br\/arquivo\/category\/x-categorias-velhas\/"},"img":{"alt_text":"","src":"","width":0,"height":0},"classes":[]},{"id":13240,"url":"https:\/\/www.jornalja.com.br\/arquivo\/plano-diretor-estamos-construindo-o-caos\/","url_meta":{"origin":53320,"position":2},"title":"Plano diretor: &quot;Estamos construindo o caos&quot;","author":"Patr\u00edcia Marini","date":"26 de maio de 2014","format":false,"excerpt":"Desabafo que arquiteta Eliana Castilhos, delegada da Regi\u00e3o de Planejamento 1, postou nas redes sociais \u00e9 um testemunho do ambiente que se criou no Conselho do Plano Diretor de Porto Alegre, onde a aprova\u00e7\u00e3o de grandes empreendimentos \u00e9 empurrada guela abaixo dos conselheiros. Ao CMDUA Como delegada da Regi\u00e3o de\u2026","rel":"","context":"Em &quot;Geral&quot;","block_context":{"text":"Geral","link":"https:\/\/www.jornalja.com.br\/arquivo\/category\/geral\/"},"img":{"alt_text":"","src":"","width":0,"height":0},"classes":[]},{"id":13124,"url":"https:\/\/www.jornalja.com.br\/arquivo\/sangue-latino-no-iecine\/","url_meta":{"origin":53320,"position":3},"title":"Sangue latino no IECINE","author":"da Reda\u00e7\u00e3o","date":"18 de maio de 2014","format":false,"excerpt":"Francisco Ribeiro O Instituto Estadual de Cinema (IECINE) tem a frente, desde abril \u00faltimo, um novo diretor, o cineasta colombiano Juan Zapata, 36, que substitui Luiz Alberto Cassol. Radicado h\u00e1 dez anos em Porto Alegre, Zapata tem diante de si o desafio de conduzir at\u00e9 o final do ano um\u2026","rel":"","context":"Em &quot;Cultura-Geral&quot;","block_context":{"text":"Cultura-Geral","link":"https:\/\/www.jornalja.com.br\/arquivo\/category\/materiasecundaria\/"},"img":{"alt_text":"","src":"","width":0,"height":0},"classes":[]}],"jetpack_shortlink":"https:\/\/wp.me\/pbQjBd-dS0","jetpack_featured_media_url":"","_links":{"self":[{"href":"https:\/\/www.jornalja.com.br\/arquivo\/wp-json\/wp\/v2\/posts\/53320","targetHints":{"allow":["GET"]}}],"collection":[{"href":"https:\/\/www.jornalja.com.br\/arquivo\/wp-json\/wp\/v2\/posts"}],"about":[{"href":"https:\/\/www.jornalja.com.br\/arquivo\/wp-json\/wp\/v2\/types\/post"}],"author":[{"embeddable":true,"href":"https:\/\/www.jornalja.com.br\/arquivo\/wp-json\/wp\/v2\/users\/4"}],"replies":[{"embeddable":true,"href":"https:\/\/www.jornalja.com.br\/arquivo\/wp-json\/wp\/v2\/comments?post=53320"}],"version-history":[{"count":0,"href":"https:\/\/www.jornalja.com.br\/arquivo\/wp-json\/wp\/v2\/posts\/53320\/revisions"}],"wp:attachment":[{"href":"https:\/\/www.jornalja.com.br\/arquivo\/wp-json\/wp\/v2\/media?parent=53320"}],"wp:term":[{"taxonomy":"category","embeddable":true,"href":"https:\/\/www.jornalja.com.br\/arquivo\/wp-json\/wp\/v2\/categories?post=53320"},{"taxonomy":"post_tag","embeddable":true,"href":"https:\/\/www.jornalja.com.br\/arquivo\/wp-json\/wp\/v2\/tags?post=53320"}],"curies":[{"name":"wp","href":"https:\/\/api.w.org\/{rel}","templated":true}]}}