{"id":53332,"date":"2017-08-12T01:46:19","date_gmt":"2017-08-12T04:46:19","guid":{"rendered":"https:\/\/www.jornalja.com.br\/?p=53332"},"modified":"2017-08-12T01:46:19","modified_gmt":"2017-08-12T04:46:19","slug":"um-dia-de-protestos-contra-o-corte-de-beneficios-no-transporte-coletivo","status":"publish","type":"post","link":"https:\/\/www.jornalja.com.br\/arquivo\/um-dia-de-protestos-contra-o-corte-de-beneficios-no-transporte-coletivo\/","title":{"rendered":"Um dia de protestos contra corte de benef\u00edcios no transporte coletivo"},"content":{"rendered":"<p>A sexta-feira de protestos come\u00e7ou \u00e0s 5h30, quando ainda estava escuro.<br \/>\nUm grupo de estudantes bloqueou com pneus queimados o tr\u00e2nsito na Rua Sarmento Leite, junto ao campus central da Universidade do Rio Grande do Sul.<\/p>\n<article>\n<div class=\"mc-column content-text active-extra-styles \" data-block-type=\"unstyled\" data-block-weight=\"33\">\n<p class=\"content-text__container \" data-track-category=\"Link no Texto\" data-track-links=\"\">Conforme a Empresa P\u00fablica de Transporte e Circula\u00e7\u00e3o (EPTC), cerca de 20 pessoas participaram do protesto. Por volta das 7h30, a Brigada Militar interveio com bombas de g\u00e1s lacrimog\u00eaneo para dispersar os manifestantes.<\/p>\n<\/div>\n<div class=\"mc-column content-media content-media--normal content-photo\" data-block-type=\"backstage-photo\">\n<div class=\"content-media__container\">\n<div class=\"content-media__image-centered\">\n<div class=\"progressive-img can-open-lightbox\" data-min-size=\"1008x642\" data-min-size-url=\"http:\/\/s2.glbimg.com\/jq-DKmpQ4Tl2yEA3SP3tqixyxMM=\/23x92:1252x875\/1008x0\/smart\/filters:strip_icc()\/i.s3.glbimg.com\/v1\/AUTH_59edd422c0c84a879bd37670ae4f538a\/internal_photos\/bs\/2017\/O\/d\/vgGgmBR7i5ZV50hF57Hg\/whatsapp-image-2017-08-11-at-07.32.00.jpeg\" data-max-size=\"1600x1019\" data-max-size-url=\"http:\/\/s2.glbimg.com\/CP5JDYxE6I8UACVAsG8Q7kBkxDg=\/23x92:1252x875\/1600x0\/smart\/filters:strip_icc()\/i.s3.glbimg.com\/v1\/AUTH_59edd422c0c84a879bd37670ae4f538a\/internal_photos\/bs\/2017\/O\/d\/vgGgmBR7i5ZV50hF57Hg\/whatsapp-image-2017-08-11-at-07.32.00.jpeg\" data-media-index=\"0\">\n<div class=\"placeholder-container\">Os bombeiros, logo ap\u00f3s da a\u00e7\u00e3o policial, lavaram a pista e o tr\u00e2nsito foi liberado no local. As oito horas o tr\u00e1fego fluia normal.<\/div>\n<\/div>\n<\/div>\n<\/div>\n<\/div>\n<div class=\"mc-column content-text active-extra-styles \" data-block-type=\"unstyled\" data-block-weight=\"22\"><\/div>\n<div class=\"mc-column content-text active-extra-styles \" data-block-type=\"unstyled\" data-block-weight=\"42\">\n<p class=\"content-text__container \" data-track-category=\"Link no Texto\" data-track-links=\"\">Mas os protestos continuaram ao longo da manh\u00e3, com caminhadas de estudantes por ruas e avenidas na \u00e1rea central. Em frente ao Col\u00e9gio Parob\u00e9, as duas faixas da Avenida Loureiro da Silva foram bloqueadas, por alguns minutos.<\/p>\n<\/div>\n<div class=\"mc-column content-text active-extra-styles \" data-block-type=\"unstyled\" data-block-weight=\"37\">\n<p class=\"content-text__container \" data-track-category=\"Link no Texto\" data-track-links=\"\">Tamb\u00e9m foi registrada uma caminhada pela Avenida Ven\u00e2ncio Aires. No trajeto, em dire\u00e7\u00e3o ao Centro, ruas eram bloqueadas.<\/p>\n<\/div>\n<div class=\"mc-column content-text active-extra-styles \" data-block-type=\"unstyled\" data-block-weight=\"13\">\n<p class=\"content-text__container \" data-track-category=\"Link no Texto\" data-track-links=\"\">A manifesta\u00e7\u00e3o terminou em frente \u00e0 sede da prefeitura, no fim da manh\u00e3.<\/p>\n<p class=\"content-text__container \" data-track-category=\"Link no Texto\" data-track-links=\"\">Os protestos da manh\u00e3 tiveram por alvo o corte (que n\u00e3o atinge estudantes) da segunda passagem gratuita no caso dos passageiros que precisam utilizar dois \u00f4nibus para fazer determinados percursos. Mas tamb\u00e9m aludiam a cortes na educa\u00e7\u00e3o e no ensino t\u00e9cnico.<\/p>\n<\/div>\n<div class=\"mc-column content-text active-extra-styles \" data-block-type=\"unstyled\" data-block-weight=\"53\">\n<p class=\"content-text__container \" data-track-category=\"Link no Texto\" data-track-links=\"\">No fim da tarde, o decreto que acaba com a segunda passagem gratuita foi tamb\u00e9m alvo do Bloco de Luta Pelo Transporte P\u00fablico.<\/p>\n<\/div>\n<div class=\"mc-column content-media content-media--normal content-photo\" data-block-type=\"backstage-photo\">\u00a0O protesto come\u00e7ou por volta de\u00a018h, no largo da Prefeitura \u00a0e durou umas duas horas, quando o grupo se dispersou &#8211; a \u00a0maioria seguiu at\u00e9 o largo Zumbi dos Palmares onde encerrou a manifesta\u00e7\u00e3o e uma parte dirigiu-se ao terminal Parob\u00e9, ao lado do Mercado P\u00fablico, para distribuir panfletos marcando um novo protesto contra as medidas do prefeito para o transporte p\u00fablico. Ser\u00e1 na ter\u00e7a-feira, 15, \u00e0s 18 horas.<\/div>\n<\/article>\n<div class=\"jw-ad-visible\"><\/div>\n<div class=\"jw-ad-visible\"><\/div>\n","protected":false},"excerpt":{"rendered":"<p>A sexta-feira de protestos come\u00e7ou \u00e0s 5h30, quando ainda estava escuro. Um grupo de estudantes bloqueou com pneus queimados o tr\u00e2nsito na Rua Sarmento Leite, junto ao campus central da Universidade do Rio Grande do Sul. Conforme a Empresa P\u00fablica de Transporte e Circula\u00e7\u00e3o (EPTC), cerca de 20 pessoas participaram do protesto. Por volta das [&hellip;]<\/p>\n","protected":false},"author":4,"featured_media":53325,"comment_status":"open","ping_status":"closed","sticky":false,"template":"","format":"standard","meta":{"_jetpack_newsletter_access":"","_jetpack_dont_email_post_to_subs":false,"_jetpack_newsletter_tier_id":0,"_jetpack_memberships_contains_paywalled_content":false,"_jetpack_feature_clip_id":0,"_jetpack_memberships_contains_paid_content":false,"footnotes":"","jetpack_post_was_ever_published":false},"categories":[26],"tags":[],"class_list":["post-53332","post","type-post","status-publish","format-standard","has-post-thumbnail","hentry","category-geral"],"aioseo_notices":[],"aioseo_head":"\n\t\t<!-- All in One SEO 5.0.1.1 - aioseo.com -->\n\t<meta name=\"robots\" content=\"max-image-preview:large\" \/>\n\t<meta name=\"author\" content=\"da Reda\u00e7\u00e3o\"\/>\n\t<link rel=\"canonical\" href=\"https:\/\/www.jornalja.com.br\/arquivo\/um-dia-de-protestos-contra-o-corte-de-beneficios-no-transporte-coletivo\/\" \/>\n\t<meta name=\"generator\" content=\"All in One SEO (AIOSEO) 5.0.1.1\" \/>\n\t\t<meta property=\"og:locale\" content=\"pt_BR\" \/>\n\t\t<meta property=\"og:site_name\" content=\"Arquivo | Jornal J\u00c1 | Porto Alegre\" \/>\n\t\t<meta property=\"og:type\" content=\"article\" \/>\n\t\t<meta property=\"og:title\" content=\"Um dia de protestos contra corte de benef\u00edcios no transporte coletivo | Arquivo\" \/>\n\t\t<meta property=\"og:url\" content=\"https:\/\/www.jornalja.com.br\/arquivo\/um-dia-de-protestos-contra-o-corte-de-beneficios-no-transporte-coletivo\/\" \/>\n\t\t<meta property=\"og:image\" content=\"https:\/\/www.jornalja.com.br\/economics\/wp-content\/uploads\/sites\/11\/2026\/08\/ja-folhaderosto-facebook.jpg\" \/>\n\t\t<meta property=\"og:image:secure_url\" content=\"https:\/\/www.jornalja.com.br\/economics\/wp-content\/uploads\/sites\/11\/2026\/08\/ja-folhaderosto-facebook.jpg\" \/>\n\t\t<meta property=\"article:published_time\" content=\"2017-08-12T04:46:19+00:00\" \/>\n\t\t<meta property=\"article:modified_time\" content=\"2017-08-12T04:46:19+00:00\" \/>\n\t\t<meta name=\"twitter:card\" content=\"summary\" \/>\n\t\t<meta name=\"twitter:title\" content=\"Um dia de protestos contra corte de benef\u00edcios no transporte coletivo | Arquivo\" \/>\n\t\t<meta name=\"twitter:image\" content=\"https:\/\/www.jornalja.com.br\/economics\/wp-content\/uploads\/sites\/11\/2026\/08\/ja-folhaderosto-facebook.jpg\" \/>\n\t\t<script type=\"application\/ld+json\" class=\"aioseo-schema\">\n\t\t\t{\"@context\":\"https:\\\/\\\/schema.org\",\"@graph\":[{\"@type\":\"BlogPosting\",\"@id\":\"https:\\\/\\\/www.jornalja.com.br\\\/arquivo\\\/um-dia-de-protestos-contra-o-corte-de-beneficios-no-transporte-coletivo\\\/#blogposting\",\"name\":\"Um dia de protestos contra corte de benef\\u00edcios no transporte coletivo | Arquivo\",\"headline\":\"Um dia de protestos contra corte de benef\\u00edcios no transporte coletivo\",\"author\":{\"@id\":\"https:\\\/\\\/www.jornalja.com.br\\\/arquivo\\\/author\\\/daredacao\\\/#author\"},\"publisher\":{\"@id\":\"https:\\\/\\\/www.jornalja.com.br\\\/arquivo\\\/#organization\"},\"image\":{\"@type\":\"ImageObject\",\"url\":53325},\"datePublished\":\"2017-08-12T01:46:19-03:00\",\"dateModified\":\"2017-08-12T01:46:19-03:00\",\"inLanguage\":\"pt-BR\",\"mainEntityOfPage\":{\"@id\":\"https:\\\/\\\/www.jornalja.com.br\\\/arquivo\\\/um-dia-de-protestos-contra-o-corte-de-beneficios-no-transporte-coletivo\\\/#webpage\"},\"isPartOf\":{\"@id\":\"https:\\\/\\\/www.jornalja.com.br\\\/arquivo\\\/um-dia-de-protestos-contra-o-corte-de-beneficios-no-transporte-coletivo\\\/#webpage\"},\"articleSection\":\"Geral\"},{\"@type\":\"BreadcrumbList\",\"@id\":\"https:\\\/\\\/www.jornalja.com.br\\\/arquivo\\\/um-dia-de-protestos-contra-o-corte-de-beneficios-no-transporte-coletivo\\\/#breadcrumblist\",\"itemListElement\":[{\"@type\":\"ListItem\",\"@id\":\"https:\\\/\\\/www.jornalja.com.br\\\/arquivo#listItem\",\"position\":1,\"name\":\"Home\",\"item\":\"https:\\\/\\\/www.jornalja.com.br\\\/arquivo\",\"nextItem\":{\"@type\":\"ListItem\",\"@id\":\"https:\\\/\\\/www.jornalja.com.br\\\/arquivo\\\/category\\\/geral\\\/#listItem\",\"name\":\"Geral\"}},{\"@type\":\"ListItem\",\"@id\":\"https:\\\/\\\/www.jornalja.com.br\\\/arquivo\\\/category\\\/geral\\\/#listItem\",\"position\":2,\"name\":\"Geral\",\"item\":\"https:\\\/\\\/www.jornalja.com.br\\\/arquivo\\\/category\\\/geral\\\/\",\"nextItem\":{\"@type\":\"ListItem\",\"@id\":\"https:\\\/\\\/www.jornalja.com.br\\\/arquivo\\\/um-dia-de-protestos-contra-o-corte-de-beneficios-no-transporte-coletivo\\\/#listItem\",\"name\":\"Um dia de protestos contra corte de benef\\u00edcios no transporte coletivo\"},\"previousItem\":{\"@type\":\"ListItem\",\"@id\":\"https:\\\/\\\/www.jornalja.com.br\\\/arquivo#listItem\",\"name\":\"Home\"}},{\"@type\":\"ListItem\",\"@id\":\"https:\\\/\\\/www.jornalja.com.br\\\/arquivo\\\/um-dia-de-protestos-contra-o-corte-de-beneficios-no-transporte-coletivo\\\/#listItem\",\"position\":3,\"name\":\"Um dia de protestos contra corte de benef\\u00edcios no transporte coletivo\",\"previousItem\":{\"@type\":\"ListItem\",\"@id\":\"https:\\\/\\\/www.jornalja.com.br\\\/arquivo\\\/category\\\/geral\\\/#listItem\",\"name\":\"Geral\"}}]},{\"@type\":\"Organization\",\"@id\":\"https:\\\/\\\/www.jornalja.com.br\\\/arquivo\\\/#organization\",\"name\":\"Jornal J\\u00c1\",\"description\":\"Jornal J\\u00c1 | Porto Alegre\",\"url\":\"https:\\\/\\\/www.jornalja.com.br\\\/arquivo\\\/\",\"telephone\":\"+555133307272\",\"logo\":{\"@type\":\"ImageObject\",\"url\":\"https:\\\/\\\/www.jornalja.com.br\\\/wp-content\\\/uploads\\\/cards\\\/JAslogan.png\",\"@id\":\"https:\\\/\\\/www.jornalja.com.br\\\/arquivo\\\/um-dia-de-protestos-contra-o-corte-de-beneficios-no-transporte-coletivo\\\/#organizationLogo\"},\"image\":{\"@id\":\"https:\\\/\\\/www.jornalja.com.br\\\/arquivo\\\/um-dia-de-protestos-contra-o-corte-de-beneficios-no-transporte-coletivo\\\/#organizationLogo\"}},{\"@type\":\"Person\",\"@id\":\"https:\\\/\\\/www.jornalja.com.br\\\/arquivo\\\/author\\\/daredacao\\\/#author\",\"url\":\"https:\\\/\\\/www.jornalja.com.br\\\/arquivo\\\/author\\\/daredacao\\\/\",\"name\":\"da Reda\\u00e7\\u00e3o\",\"image\":{\"@type\":\"ImageObject\",\"@id\":\"https:\\\/\\\/www.jornalja.com.br\\\/arquivo\\\/um-dia-de-protestos-contra-o-corte-de-beneficios-no-transporte-coletivo\\\/#authorImage\",\"url\":\"https:\\\/\\\/secure.gravatar.com\\\/avatar\\\/469fd857d6605ad19919d27ed29d35a968a25f6e8fd9318356bbb7f57aae9c65?s=96&d=mm&r=g\",\"width\":96,\"height\":96,\"caption\":\"da Reda\\u00e7\\u00e3o\"}},{\"@type\":\"WebPage\",\"@id\":\"https:\\\/\\\/www.jornalja.com.br\\\/arquivo\\\/um-dia-de-protestos-contra-o-corte-de-beneficios-no-transporte-coletivo\\\/#webpage\",\"url\":\"https:\\\/\\\/www.jornalja.com.br\\\/arquivo\\\/um-dia-de-protestos-contra-o-corte-de-beneficios-no-transporte-coletivo\\\/\",\"name\":\"Um dia de protestos contra corte de benef\\u00edcios no transporte coletivo | Arquivo\",\"inLanguage\":\"pt-BR\",\"isPartOf\":{\"@id\":\"https:\\\/\\\/www.jornalja.com.br\\\/arquivo\\\/#website\"},\"breadcrumb\":{\"@id\":\"https:\\\/\\\/www.jornalja.com.br\\\/arquivo\\\/um-dia-de-protestos-contra-o-corte-de-beneficios-no-transporte-coletivo\\\/#breadcrumblist\"},\"author\":{\"@id\":\"https:\\\/\\\/www.jornalja.com.br\\\/arquivo\\\/author\\\/daredacao\\\/#author\"},\"creator\":{\"@id\":\"https:\\\/\\\/www.jornalja.com.br\\\/arquivo\\\/author\\\/daredacao\\\/#author\"},\"image\":{\"@type\":\"ImageObject\",\"url\":53325,\"@id\":\"https:\\\/\\\/www.jornalja.com.br\\\/arquivo\\\/um-dia-de-protestos-contra-o-corte-de-beneficios-no-transporte-coletivo\\\/#mainImage\"},\"primaryImageOfPage\":{\"@id\":\"https:\\\/\\\/www.jornalja.com.br\\\/arquivo\\\/um-dia-de-protestos-contra-o-corte-de-beneficios-no-transporte-coletivo\\\/#mainImage\"},\"datePublished\":\"2017-08-12T01:46:19-03:00\",\"dateModified\":\"2017-08-12T01:46:19-03:00\"},{\"@type\":\"WebSite\",\"@id\":\"https:\\\/\\\/www.jornalja.com.br\\\/arquivo\\\/#website\",\"url\":\"https:\\\/\\\/www.jornalja.com.br\\\/arquivo\\\/\",\"name\":\"Arquivo\",\"description\":\"Jornal J\\u00c1 | Porto Alegre\",\"inLanguage\":\"pt-BR\",\"publisher\":{\"@id\":\"https:\\\/\\\/www.jornalja.com.br\\\/arquivo\\\/#organization\"}}]}\n\t\t<\/script>\n\t\t<!-- All in One SEO -->\n\n","aioseo_head_json":{"title":"Um dia de protestos contra corte de benef\u00edcios no transporte coletivo | Arquivo","description":"","canonical_url":"https:\/\/www.jornalja.com.br\/arquivo\/um-dia-de-protestos-contra-o-corte-de-beneficios-no-transporte-coletivo\/","robots":"max-image-preview:large","keywords":"","webmasterTools":{"miscellaneous":""},"schema":{"@context":"https:\/\/schema.org","@graph":[{"@type":"BlogPosting","@id":"https:\/\/www.jornalja.com.br\/arquivo\/um-dia-de-protestos-contra-o-corte-de-beneficios-no-transporte-coletivo\/#blogposting","name":"Um dia de protestos contra corte de benef\u00edcios no transporte coletivo | Arquivo","headline":"Um dia de protestos contra corte de benef\u00edcios no transporte coletivo","author":{"@id":"https:\/\/www.jornalja.com.br\/arquivo\/author\/daredacao\/#author"},"publisher":{"@id":"https:\/\/www.jornalja.com.br\/arquivo\/#organization"},"image":{"@type":"ImageObject","url":53325},"datePublished":"2017-08-12T01:46:19-03:00","dateModified":"2017-08-12T01:46:19-03:00","inLanguage":"pt-BR","mainEntityOfPage":{"@id":"https:\/\/www.jornalja.com.br\/arquivo\/um-dia-de-protestos-contra-o-corte-de-beneficios-no-transporte-coletivo\/#webpage"},"isPartOf":{"@id":"https:\/\/www.jornalja.com.br\/arquivo\/um-dia-de-protestos-contra-o-corte-de-beneficios-no-transporte-coletivo\/#webpage"},"articleSection":"Geral"},{"@type":"BreadcrumbList","@id":"https:\/\/www.jornalja.com.br\/arquivo\/um-dia-de-protestos-contra-o-corte-de-beneficios-no-transporte-coletivo\/#breadcrumblist","itemListElement":[{"@type":"ListItem","@id":"https:\/\/www.jornalja.com.br\/arquivo#listItem","position":1,"name":"Home","item":"https:\/\/www.jornalja.com.br\/arquivo","nextItem":{"@type":"ListItem","@id":"https:\/\/www.jornalja.com.br\/arquivo\/category\/geral\/#listItem","name":"Geral"}},{"@type":"ListItem","@id":"https:\/\/www.jornalja.com.br\/arquivo\/category\/geral\/#listItem","position":2,"name":"Geral","item":"https:\/\/www.jornalja.com.br\/arquivo\/category\/geral\/","nextItem":{"@type":"ListItem","@id":"https:\/\/www.jornalja.com.br\/arquivo\/um-dia-de-protestos-contra-o-corte-de-beneficios-no-transporte-coletivo\/#listItem","name":"Um dia de protestos contra corte de benef\u00edcios no transporte coletivo"},"previousItem":{"@type":"ListItem","@id":"https:\/\/www.jornalja.com.br\/arquivo#listItem","name":"Home"}},{"@type":"ListItem","@id":"https:\/\/www.jornalja.com.br\/arquivo\/um-dia-de-protestos-contra-o-corte-de-beneficios-no-transporte-coletivo\/#listItem","position":3,"name":"Um dia de protestos contra corte de benef\u00edcios no transporte coletivo","previousItem":{"@type":"ListItem","@id":"https:\/\/www.jornalja.com.br\/arquivo\/category\/geral\/#listItem","name":"Geral"}}]},{"@type":"Organization","@id":"https:\/\/www.jornalja.com.br\/arquivo\/#organization","name":"Jornal J\u00c1","description":"Jornal J\u00c1 | Porto Alegre","url":"https:\/\/www.jornalja.com.br\/arquivo\/","telephone":"+555133307272","logo":{"@type":"ImageObject","url":"https:\/\/www.jornalja.com.br\/wp-content\/uploads\/cards\/JAslogan.png","@id":"https:\/\/www.jornalja.com.br\/arquivo\/um-dia-de-protestos-contra-o-corte-de-beneficios-no-transporte-coletivo\/#organizationLogo"},"image":{"@id":"https:\/\/www.jornalja.com.br\/arquivo\/um-dia-de-protestos-contra-o-corte-de-beneficios-no-transporte-coletivo\/#organizationLogo"}},{"@type":"Person","@id":"https:\/\/www.jornalja.com.br\/arquivo\/author\/daredacao\/#author","url":"https:\/\/www.jornalja.com.br\/arquivo\/author\/daredacao\/","name":"da Reda\u00e7\u00e3o","image":{"@type":"ImageObject","@id":"https:\/\/www.jornalja.com.br\/arquivo\/um-dia-de-protestos-contra-o-corte-de-beneficios-no-transporte-coletivo\/#authorImage","url":"https:\/\/secure.gravatar.com\/avatar\/469fd857d6605ad19919d27ed29d35a968a25f6e8fd9318356bbb7f57aae9c65?s=96&d=mm&r=g","width":96,"height":96,"caption":"da Reda\u00e7\u00e3o"}},{"@type":"WebPage","@id":"https:\/\/www.jornalja.com.br\/arquivo\/um-dia-de-protestos-contra-o-corte-de-beneficios-no-transporte-coletivo\/#webpage","url":"https:\/\/www.jornalja.com.br\/arquivo\/um-dia-de-protestos-contra-o-corte-de-beneficios-no-transporte-coletivo\/","name":"Um dia de protestos contra corte de benef\u00edcios no transporte coletivo | Arquivo","inLanguage":"pt-BR","isPartOf":{"@id":"https:\/\/www.jornalja.com.br\/arquivo\/#website"},"breadcrumb":{"@id":"https:\/\/www.jornalja.com.br\/arquivo\/um-dia-de-protestos-contra-o-corte-de-beneficios-no-transporte-coletivo\/#breadcrumblist"},"author":{"@id":"https:\/\/www.jornalja.com.br\/arquivo\/author\/daredacao\/#author"},"creator":{"@id":"https:\/\/www.jornalja.com.br\/arquivo\/author\/daredacao\/#author"},"image":{"@type":"ImageObject","url":53325,"@id":"https:\/\/www.jornalja.com.br\/arquivo\/um-dia-de-protestos-contra-o-corte-de-beneficios-no-transporte-coletivo\/#mainImage"},"primaryImageOfPage":{"@id":"https:\/\/www.jornalja.com.br\/arquivo\/um-dia-de-protestos-contra-o-corte-de-beneficios-no-transporte-coletivo\/#mainImage"},"datePublished":"2017-08-12T01:46:19-03:00","dateModified":"2017-08-12T01:46:19-03:00"},{"@type":"WebSite","@id":"https:\/\/www.jornalja.com.br\/arquivo\/#website","url":"https:\/\/www.jornalja.com.br\/arquivo\/","name":"Arquivo","description":"Jornal J\u00c1 | Porto Alegre","inLanguage":"pt-BR","publisher":{"@id":"https:\/\/www.jornalja.com.br\/arquivo\/#organization"}}]},"og:locale":"pt_BR","og:site_name":"Arquivo | Jornal J\u00c1 | Porto Alegre","og:type":"article","og:title":"Um dia de protestos contra corte de benef\u00edcios no transporte coletivo | Arquivo","og:url":"https:\/\/www.jornalja.com.br\/arquivo\/um-dia-de-protestos-contra-o-corte-de-beneficios-no-transporte-coletivo\/","og:image":"https:\/\/www.jornalja.com.br\/economics\/wp-content\/uploads\/sites\/11\/2026\/08\/ja-folhaderosto-facebook.jpg","og:image:secure_url":"https:\/\/www.jornalja.com.br\/economics\/wp-content\/uploads\/sites\/11\/2026\/08\/ja-folhaderosto-facebook.jpg","article:published_time":"2017-08-12T04:46:19+00:00","article:modified_time":"2017-08-12T04:46:19+00:00","twitter:card":"summary","twitter:title":"Um dia de protestos contra corte de benef\u00edcios no transporte coletivo | Arquivo","twitter:image":"https:\/\/www.jornalja.com.br\/economics\/wp-content\/uploads\/sites\/11\/2026\/08\/ja-folhaderosto-facebook.jpg"},"aioseo_meta_data":{"post_id":"53332","title":null,"description":null,"keywords":null,"keyphrases":null,"primary_term":null,"canonical_url":null,"og_title":null,"og_description":null,"og_object_type":"default","og_image_type":"default","og_image_url":null,"og_image_width":null,"og_image_height":null,"og_image_custom_url":null,"og_image_custom_fields":null,"og_video":null,"og_custom_url":null,"og_article_section":null,"og_article_tags":null,"twitter_use_og":false,"twitter_card":"default","twitter_image_type":"default","twitter_image_url":null,"twitter_image_custom_url":null,"twitter_image_custom_fields":null,"twitter_title":null,"twitter_description":null,"schema":{"blockGraphs":[],"customGraphs":[],"default":{"data":{"Article":[],"Course":[],"Dataset":[],"FAQPage":[],"Movie":[],"Person":[],"Product":[],"ProductReview":[],"Car":[],"Recipe":[],"Service":[],"SoftwareApplication":[],"WebPage":[]},"graphName":"","isEnabled":true},"graphs":[],"defaultGraph":"","defaultPostTypeGraph":""},"schema_type":null,"schema_type_options":null,"pillar_content":false,"robots_default":true,"robots_noindex":false,"robots_noarchive":false,"robots_nosnippet":false,"robots_nofollow":false,"robots_noimageindex":false,"robots_noodp":false,"robots_notranslate":false,"robots_max_snippet":null,"robots_max_videopreview":null,"robots_max_imagepreview":"large","priority":null,"frequency":null,"location":null,"local_seo":null,"breadcrumb_settings":null,"limit_modified_date":false,"ai":null,"created":"2020-12-20 20:26:59","updated":"2025-07-20 00:13:23","seo_analyzer_scan_date":null,"focus_keyword":null,"additional_keywords":null,"truseo_locale":null},"jetpack_sharing_enabled":true,"jetpack-related-posts":[{"id":12960,"url":"https:\/\/www.jornalja.com.br\/arquivo\/populacao-culpa-empresas-pela-greve-dos-rodoviarios\/","url_meta":{"origin":53332,"position":0},"title":"Popula\u00e7\u00e3o culpa empresas pela greve","author":"Patr\u00edcia Marini","date":"14 de fevereiro de 2014","format":false,"excerpt":"Pesquisa divulgada na edi\u00e7\u00e3o do jornal Metro desta sexta-feira,14, comprova o velho ditado: \u00e9 poss\u00edvel enganar muitos por algum tempo, mas n\u00e3o \u00e9 poss\u00edvel enganar a todos o tempo inteiro. A principal revela\u00e7\u00e3o foi que 59,8% dos entrevistados apontaram as empresas como as principais respons\u00e1veis pela grave e 46% culparam\u2026","rel":"","context":"Em &quot;X.Categorias velhas&quot;","block_context":{"text":"X.Categorias velhas","link":"https:\/\/www.jornalja.com.br\/arquivo\/category\/x-categorias-velhas\/"},"img":{"alt_text":"","src":"","width":0,"height":0},"classes":[]},{"id":14241,"url":"https:\/\/www.jornalja.com.br\/arquivo\/o-guaiba-nas-imagens-poeticas-de-achutti\/","url_meta":{"origin":53332,"position":1},"title":"O Gua\u00edba nas imagens po\u00e9ticas de Achutti","author":"da Reda\u00e7\u00e3o","date":"18 de junho de 2014","format":false,"excerpt":"Em \u201cO Gua\u00edba por Achutti\u201d \u2013 obra financiada via Minist\u00e9rio da Cultura, produ\u00e7\u00e3o executiva de Pedro Longhi, e Fl\u00e1vio Wild como designer \u2013, o fot\u00f3grafo revela a beleza e as mazelas de um espa\u00e7o aqu\u00e1tico de \u00e1guas sempre renovadas, cheio de hist\u00f3rias e lendas como as das cidades que foram\u2026","rel":"","context":"Em &quot;Cultura-Geral&quot;","block_context":{"text":"Cultura-Geral","link":"https:\/\/www.jornalja.com.br\/arquivo\/category\/materiasecundaria\/"},"img":{"alt_text":"","src":"","width":0,"height":0},"classes":[]}],"jetpack_shortlink":"https:\/\/wp.me\/pbQjBd-dSc","jetpack_featured_media_url":"","_links":{"self":[{"href":"https:\/\/www.jornalja.com.br\/arquivo\/wp-json\/wp\/v2\/posts\/53332","targetHints":{"allow":["GET"]}}],"collection":[{"href":"https:\/\/www.jornalja.com.br\/arquivo\/wp-json\/wp\/v2\/posts"}],"about":[{"href":"https:\/\/www.jornalja.com.br\/arquivo\/wp-json\/wp\/v2\/types\/post"}],"author":[{"embeddable":true,"href":"https:\/\/www.jornalja.com.br\/arquivo\/wp-json\/wp\/v2\/users\/4"}],"replies":[{"embeddable":true,"href":"https:\/\/www.jornalja.com.br\/arquivo\/wp-json\/wp\/v2\/comments?post=53332"}],"version-history":[{"count":0,"href":"https:\/\/www.jornalja.com.br\/arquivo\/wp-json\/wp\/v2\/posts\/53332\/revisions"}],"wp:attachment":[{"href":"https:\/\/www.jornalja.com.br\/arquivo\/wp-json\/wp\/v2\/media?parent=53332"}],"wp:term":[{"taxonomy":"category","embeddable":true,"href":"https:\/\/www.jornalja.com.br\/arquivo\/wp-json\/wp\/v2\/categories?post=53332"},{"taxonomy":"post_tag","embeddable":true,"href":"https:\/\/www.jornalja.com.br\/arquivo\/wp-json\/wp\/v2\/tags?post=53332"}],"curies":[{"name":"wp","href":"https:\/\/api.w.org\/{rel}","templated":true}]}}