{"id":53385,"date":"2017-08-12T15:18:31","date_gmt":"2017-08-12T18:18:31","guid":{"rendered":"https:\/\/www.jornalja.com.br\/?p=53385"},"modified":"2017-08-12T15:18:31","modified_gmt":"2017-08-12T18:18:31","slug":"primeiro-parque-eolico-da-regiao-metropolitana-gera-energia-para-140-mil-residencias","status":"publish","type":"post","link":"https:\/\/www.jornalja.com.br\/arquivo\/primeiro-parque-eolico-da-regiao-metropolitana-gera-energia-para-140-mil-residencias\/","title":{"rendered":"Inaugurado primeiro parque e\u00f3lico da Regi\u00e3o Metropolitana"},"content":{"rendered":"<p>Com gera\u00e7\u00e3o de energia suficiente para o consumo de 140 mil resid\u00eancias, abastecendo cerca de 320 mil pessoas, o Complexo\u00a0E\u00f3lico Pontal, localizado no distrito de \u00c1guas Claras, em Viam\u00e3o, na Regi\u00e3o Metropolitana, foi inaugurado nesta sexta-feira (11\/08).<br \/>\nO governador Jos\u00e9 Ivo Sartori e o secret\u00e1rio de Minas e Energia, Artur Lemos J\u00fanior, participaram da cerim\u00f4nia.<br \/>\nPara a constru\u00e7\u00e3o e a implanta\u00e7\u00e3o de tr\u00eas parques foram investidos R$ 330 milh\u00f5es.<br \/>\nO parque, que teve o apoio do governo do Estado, BNDES e Badesul, conta com 25 aerogeradores, totalizando 59,8 megawatts de pot\u00eancia instalada. A expectativa da Enerplan \u00e9 chegar a cinco parques, atingindo um investimento na ordem de R$ 600 milh\u00f5es, propiciando gera\u00e7\u00e3o de emprego e renda e distribui\u00e7\u00e3o de energia limpa.<br \/>\n&#8220;O Complexo E\u00f3lico do Pontal simboliza uma mudan\u00e7a de realidade para a regi\u00e3o e um novo momento na gera\u00e7\u00e3o de energia no Rio Grande do Sul e no Brasil&#8221;, afirmou o governador. Sartori disse que essa \u00e9 uma grande vit\u00f3ria para o estado e para os empreendedores. Tamb\u00e9m lembrou que o pa\u00eds\u00a0ocupa a nona coloca\u00e7\u00e3o no ranking mundial de capacidade instalada de energia e\u00f3lica.<br \/>\n<span class=\"intertit\">Setor em crescimento<\/span><br \/>\nDe acordo com a Associa\u00e7\u00e3o Brasileira de Energia E\u00f3lica (ABEE\u00f3lica), nos \u00faltimos seis anos o investimento feito pelas empresas da cadeia produtiva de energia e\u00f3lica somam R$ 48 bilh\u00f5es. Os recursos s\u00e3o calculados em rela\u00e7\u00e3o aos megawatts instalados.<br \/>\nDe 2017 a 2020, estima-se um investimento de cerca de R$ 50 bilh\u00f5es, considerando o que ainda est\u00e1 previsto para ser instalado. Em 2016, a gera\u00e7\u00e3o de energia e\u00f3lica cresceu 55% em rela\u00e7\u00e3o a 2015, de acordo com a C\u00e2mara de Comercializa\u00e7\u00e3o de Energia El\u00e9trica (CCEE).<\/p>\n","protected":false},"excerpt":{"rendered":"<p>Com gera\u00e7\u00e3o de energia suficiente para o consumo de 140 mil resid\u00eancias, abastecendo cerca de 320 mil pessoas, o Complexo\u00a0E\u00f3lico Pontal, localizado no distrito de \u00c1guas Claras, em Viam\u00e3o, na Regi\u00e3o Metropolitana, foi inaugurado nesta sexta-feira (11\/08). O governador Jos\u00e9 Ivo Sartori e o secret\u00e1rio de Minas e Energia, Artur Lemos J\u00fanior, participaram da cerim\u00f4nia. [&hellip;]<\/p>\n","protected":false},"author":4,"featured_media":53386,"comment_status":"open","ping_status":"closed","sticky":false,"template":"","format":"standard","meta":{"_jetpack_newsletter_access":"","_jetpack_dont_email_post_to_subs":false,"_jetpack_newsletter_tier_id":0,"_jetpack_memberships_contains_paywalled_content":false,"_jetpack_feature_clip_id":0,"_jetpack_memberships_contains_paid_content":false,"footnotes":"","jetpack_post_was_ever_published":false},"categories":[26],"tags":[],"class_list":["post-53385","post","type-post","status-publish","format-standard","has-post-thumbnail","hentry","category-geral"],"aioseo_notices":[],"aioseo_head":"\n\t\t<!-- All in One SEO 5.0.1.1 - aioseo.com -->\n\t<meta name=\"robots\" content=\"max-image-preview:large\" \/>\n\t<meta name=\"author\" content=\"da Reda\u00e7\u00e3o\"\/>\n\t<link rel=\"canonical\" href=\"https:\/\/www.jornalja.com.br\/arquivo\/primeiro-parque-eolico-da-regiao-metropolitana-gera-energia-para-140-mil-residencias\/\" \/>\n\t<meta name=\"generator\" content=\"All in One SEO (AIOSEO) 5.0.1.1\" \/>\n\t\t<meta property=\"og:locale\" content=\"pt_BR\" \/>\n\t\t<meta property=\"og:site_name\" content=\"Arquivo | Jornal J\u00c1 | Porto Alegre\" \/>\n\t\t<meta property=\"og:type\" content=\"article\" \/>\n\t\t<meta property=\"og:title\" content=\"Inaugurado primeiro parque e\u00f3lico da Regi\u00e3o Metropolitana | Arquivo\" \/>\n\t\t<meta property=\"og:url\" content=\"https:\/\/www.jornalja.com.br\/arquivo\/primeiro-parque-eolico-da-regiao-metropolitana-gera-energia-para-140-mil-residencias\/\" \/>\n\t\t<meta property=\"og:image\" content=\"https:\/\/www.jornalja.com.br\/economics\/wp-content\/uploads\/sites\/11\/2026\/08\/ja-folhaderosto-facebook.jpg\" \/>\n\t\t<meta property=\"og:image:secure_url\" content=\"https:\/\/www.jornalja.com.br\/economics\/wp-content\/uploads\/sites\/11\/2026\/08\/ja-folhaderosto-facebook.jpg\" \/>\n\t\t<meta property=\"article:published_time\" content=\"2017-08-12T18:18:31+00:00\" \/>\n\t\t<meta property=\"article:modified_time\" content=\"2017-08-12T18:18:31+00:00\" \/>\n\t\t<meta name=\"twitter:card\" content=\"summary\" \/>\n\t\t<meta name=\"twitter:title\" content=\"Inaugurado primeiro parque e\u00f3lico da Regi\u00e3o Metropolitana | Arquivo\" \/>\n\t\t<meta name=\"twitter:image\" content=\"https:\/\/www.jornalja.com.br\/economics\/wp-content\/uploads\/sites\/11\/2026\/08\/ja-folhaderosto-facebook.jpg\" \/>\n\t\t<script type=\"application\/ld+json\" class=\"aioseo-schema\">\n\t\t\t{\"@context\":\"https:\\\/\\\/schema.org\",\"@graph\":[{\"@type\":\"BlogPosting\",\"@id\":\"https:\\\/\\\/www.jornalja.com.br\\\/arquivo\\\/primeiro-parque-eolico-da-regiao-metropolitana-gera-energia-para-140-mil-residencias\\\/#blogposting\",\"name\":\"Inaugurado primeiro parque e\\u00f3lico da Regi\\u00e3o Metropolitana | Arquivo\",\"headline\":\"Inaugurado primeiro parque e\\u00f3lico da Regi\\u00e3o Metropolitana\",\"author\":{\"@id\":\"https:\\\/\\\/www.jornalja.com.br\\\/arquivo\\\/author\\\/daredacao\\\/#author\"},\"publisher\":{\"@id\":\"https:\\\/\\\/www.jornalja.com.br\\\/arquivo\\\/#organization\"},\"image\":{\"@type\":\"ImageObject\",\"url\":53386},\"datePublished\":\"2017-08-12T15:18:31-03:00\",\"dateModified\":\"2017-08-12T15:18:31-03:00\",\"inLanguage\":\"pt-BR\",\"mainEntityOfPage\":{\"@id\":\"https:\\\/\\\/www.jornalja.com.br\\\/arquivo\\\/primeiro-parque-eolico-da-regiao-metropolitana-gera-energia-para-140-mil-residencias\\\/#webpage\"},\"isPartOf\":{\"@id\":\"https:\\\/\\\/www.jornalja.com.br\\\/arquivo\\\/primeiro-parque-eolico-da-regiao-metropolitana-gera-energia-para-140-mil-residencias\\\/#webpage\"},\"articleSection\":\"Geral\"},{\"@type\":\"BreadcrumbList\",\"@id\":\"https:\\\/\\\/www.jornalja.com.br\\\/arquivo\\\/primeiro-parque-eolico-da-regiao-metropolitana-gera-energia-para-140-mil-residencias\\\/#breadcrumblist\",\"itemListElement\":[{\"@type\":\"ListItem\",\"@id\":\"https:\\\/\\\/www.jornalja.com.br\\\/arquivo#listItem\",\"position\":1,\"name\":\"Home\",\"item\":\"https:\\\/\\\/www.jornalja.com.br\\\/arquivo\",\"nextItem\":{\"@type\":\"ListItem\",\"@id\":\"https:\\\/\\\/www.jornalja.com.br\\\/arquivo\\\/category\\\/geral\\\/#listItem\",\"name\":\"Geral\"}},{\"@type\":\"ListItem\",\"@id\":\"https:\\\/\\\/www.jornalja.com.br\\\/arquivo\\\/category\\\/geral\\\/#listItem\",\"position\":2,\"name\":\"Geral\",\"item\":\"https:\\\/\\\/www.jornalja.com.br\\\/arquivo\\\/category\\\/geral\\\/\",\"nextItem\":{\"@type\":\"ListItem\",\"@id\":\"https:\\\/\\\/www.jornalja.com.br\\\/arquivo\\\/primeiro-parque-eolico-da-regiao-metropolitana-gera-energia-para-140-mil-residencias\\\/#listItem\",\"name\":\"Inaugurado primeiro parque e\\u00f3lico da Regi\\u00e3o Metropolitana\"},\"previousItem\":{\"@type\":\"ListItem\",\"@id\":\"https:\\\/\\\/www.jornalja.com.br\\\/arquivo#listItem\",\"name\":\"Home\"}},{\"@type\":\"ListItem\",\"@id\":\"https:\\\/\\\/www.jornalja.com.br\\\/arquivo\\\/primeiro-parque-eolico-da-regiao-metropolitana-gera-energia-para-140-mil-residencias\\\/#listItem\",\"position\":3,\"name\":\"Inaugurado primeiro parque e\\u00f3lico da Regi\\u00e3o Metropolitana\",\"previousItem\":{\"@type\":\"ListItem\",\"@id\":\"https:\\\/\\\/www.jornalja.com.br\\\/arquivo\\\/category\\\/geral\\\/#listItem\",\"name\":\"Geral\"}}]},{\"@type\":\"Organization\",\"@id\":\"https:\\\/\\\/www.jornalja.com.br\\\/arquivo\\\/#organization\",\"name\":\"Jornal J\\u00c1\",\"description\":\"Jornal J\\u00c1 | Porto Alegre\",\"url\":\"https:\\\/\\\/www.jornalja.com.br\\\/arquivo\\\/\",\"telephone\":\"+555133307272\",\"logo\":{\"@type\":\"ImageObject\",\"url\":\"https:\\\/\\\/www.jornalja.com.br\\\/wp-content\\\/uploads\\\/cards\\\/JAslogan.png\",\"@id\":\"https:\\\/\\\/www.jornalja.com.br\\\/arquivo\\\/primeiro-parque-eolico-da-regiao-metropolitana-gera-energia-para-140-mil-residencias\\\/#organizationLogo\"},\"image\":{\"@id\":\"https:\\\/\\\/www.jornalja.com.br\\\/arquivo\\\/primeiro-parque-eolico-da-regiao-metropolitana-gera-energia-para-140-mil-residencias\\\/#organizationLogo\"}},{\"@type\":\"Person\",\"@id\":\"https:\\\/\\\/www.jornalja.com.br\\\/arquivo\\\/author\\\/daredacao\\\/#author\",\"url\":\"https:\\\/\\\/www.jornalja.com.br\\\/arquivo\\\/author\\\/daredacao\\\/\",\"name\":\"da Reda\\u00e7\\u00e3o\",\"image\":{\"@type\":\"ImageObject\",\"@id\":\"https:\\\/\\\/www.jornalja.com.br\\\/arquivo\\\/primeiro-parque-eolico-da-regiao-metropolitana-gera-energia-para-140-mil-residencias\\\/#authorImage\",\"url\":\"https:\\\/\\\/secure.gravatar.com\\\/avatar\\\/469fd857d6605ad19919d27ed29d35a968a25f6e8fd9318356bbb7f57aae9c65?s=96&d=mm&r=g\",\"width\":96,\"height\":96,\"caption\":\"da Reda\\u00e7\\u00e3o\"}},{\"@type\":\"WebPage\",\"@id\":\"https:\\\/\\\/www.jornalja.com.br\\\/arquivo\\\/primeiro-parque-eolico-da-regiao-metropolitana-gera-energia-para-140-mil-residencias\\\/#webpage\",\"url\":\"https:\\\/\\\/www.jornalja.com.br\\\/arquivo\\\/primeiro-parque-eolico-da-regiao-metropolitana-gera-energia-para-140-mil-residencias\\\/\",\"name\":\"Inaugurado primeiro parque e\\u00f3lico da Regi\\u00e3o Metropolitana | Arquivo\",\"inLanguage\":\"pt-BR\",\"isPartOf\":{\"@id\":\"https:\\\/\\\/www.jornalja.com.br\\\/arquivo\\\/#website\"},\"breadcrumb\":{\"@id\":\"https:\\\/\\\/www.jornalja.com.br\\\/arquivo\\\/primeiro-parque-eolico-da-regiao-metropolitana-gera-energia-para-140-mil-residencias\\\/#breadcrumblist\"},\"author\":{\"@id\":\"https:\\\/\\\/www.jornalja.com.br\\\/arquivo\\\/author\\\/daredacao\\\/#author\"},\"creator\":{\"@id\":\"https:\\\/\\\/www.jornalja.com.br\\\/arquivo\\\/author\\\/daredacao\\\/#author\"},\"image\":{\"@type\":\"ImageObject\",\"url\":53386,\"@id\":\"https:\\\/\\\/www.jornalja.com.br\\\/arquivo\\\/primeiro-parque-eolico-da-regiao-metropolitana-gera-energia-para-140-mil-residencias\\\/#mainImage\"},\"primaryImageOfPage\":{\"@id\":\"https:\\\/\\\/www.jornalja.com.br\\\/arquivo\\\/primeiro-parque-eolico-da-regiao-metropolitana-gera-energia-para-140-mil-residencias\\\/#mainImage\"},\"datePublished\":\"2017-08-12T15:18:31-03:00\",\"dateModified\":\"2017-08-12T15:18:31-03:00\"},{\"@type\":\"WebSite\",\"@id\":\"https:\\\/\\\/www.jornalja.com.br\\\/arquivo\\\/#website\",\"url\":\"https:\\\/\\\/www.jornalja.com.br\\\/arquivo\\\/\",\"name\":\"Arquivo\",\"description\":\"Jornal J\\u00c1 | Porto Alegre\",\"inLanguage\":\"pt-BR\",\"publisher\":{\"@id\":\"https:\\\/\\\/www.jornalja.com.br\\\/arquivo\\\/#organization\"}}]}\n\t\t<\/script>\n\t\t<!-- All in One SEO -->\n\n","aioseo_head_json":{"title":"Inaugurado primeiro parque e\u00f3lico da Regi\u00e3o Metropolitana | Arquivo","description":"","canonical_url":"https:\/\/www.jornalja.com.br\/arquivo\/primeiro-parque-eolico-da-regiao-metropolitana-gera-energia-para-140-mil-residencias\/","robots":"max-image-preview:large","keywords":"","webmasterTools":{"miscellaneous":""},"schema":{"@context":"https:\/\/schema.org","@graph":[{"@type":"BlogPosting","@id":"https:\/\/www.jornalja.com.br\/arquivo\/primeiro-parque-eolico-da-regiao-metropolitana-gera-energia-para-140-mil-residencias\/#blogposting","name":"Inaugurado primeiro parque e\u00f3lico da Regi\u00e3o Metropolitana | Arquivo","headline":"Inaugurado primeiro parque e\u00f3lico da Regi\u00e3o Metropolitana","author":{"@id":"https:\/\/www.jornalja.com.br\/arquivo\/author\/daredacao\/#author"},"publisher":{"@id":"https:\/\/www.jornalja.com.br\/arquivo\/#organization"},"image":{"@type":"ImageObject","url":53386},"datePublished":"2017-08-12T15:18:31-03:00","dateModified":"2017-08-12T15:18:31-03:00","inLanguage":"pt-BR","mainEntityOfPage":{"@id":"https:\/\/www.jornalja.com.br\/arquivo\/primeiro-parque-eolico-da-regiao-metropolitana-gera-energia-para-140-mil-residencias\/#webpage"},"isPartOf":{"@id":"https:\/\/www.jornalja.com.br\/arquivo\/primeiro-parque-eolico-da-regiao-metropolitana-gera-energia-para-140-mil-residencias\/#webpage"},"articleSection":"Geral"},{"@type":"BreadcrumbList","@id":"https:\/\/www.jornalja.com.br\/arquivo\/primeiro-parque-eolico-da-regiao-metropolitana-gera-energia-para-140-mil-residencias\/#breadcrumblist","itemListElement":[{"@type":"ListItem","@id":"https:\/\/www.jornalja.com.br\/arquivo#listItem","position":1,"name":"Home","item":"https:\/\/www.jornalja.com.br\/arquivo","nextItem":{"@type":"ListItem","@id":"https:\/\/www.jornalja.com.br\/arquivo\/category\/geral\/#listItem","name":"Geral"}},{"@type":"ListItem","@id":"https:\/\/www.jornalja.com.br\/arquivo\/category\/geral\/#listItem","position":2,"name":"Geral","item":"https:\/\/www.jornalja.com.br\/arquivo\/category\/geral\/","nextItem":{"@type":"ListItem","@id":"https:\/\/www.jornalja.com.br\/arquivo\/primeiro-parque-eolico-da-regiao-metropolitana-gera-energia-para-140-mil-residencias\/#listItem","name":"Inaugurado primeiro parque e\u00f3lico da Regi\u00e3o Metropolitana"},"previousItem":{"@type":"ListItem","@id":"https:\/\/www.jornalja.com.br\/arquivo#listItem","name":"Home"}},{"@type":"ListItem","@id":"https:\/\/www.jornalja.com.br\/arquivo\/primeiro-parque-eolico-da-regiao-metropolitana-gera-energia-para-140-mil-residencias\/#listItem","position":3,"name":"Inaugurado primeiro parque e\u00f3lico da Regi\u00e3o Metropolitana","previousItem":{"@type":"ListItem","@id":"https:\/\/www.jornalja.com.br\/arquivo\/category\/geral\/#listItem","name":"Geral"}}]},{"@type":"Organization","@id":"https:\/\/www.jornalja.com.br\/arquivo\/#organization","name":"Jornal J\u00c1","description":"Jornal J\u00c1 | Porto Alegre","url":"https:\/\/www.jornalja.com.br\/arquivo\/","telephone":"+555133307272","logo":{"@type":"ImageObject","url":"https:\/\/www.jornalja.com.br\/wp-content\/uploads\/cards\/JAslogan.png","@id":"https:\/\/www.jornalja.com.br\/arquivo\/primeiro-parque-eolico-da-regiao-metropolitana-gera-energia-para-140-mil-residencias\/#organizationLogo"},"image":{"@id":"https:\/\/www.jornalja.com.br\/arquivo\/primeiro-parque-eolico-da-regiao-metropolitana-gera-energia-para-140-mil-residencias\/#organizationLogo"}},{"@type":"Person","@id":"https:\/\/www.jornalja.com.br\/arquivo\/author\/daredacao\/#author","url":"https:\/\/www.jornalja.com.br\/arquivo\/author\/daredacao\/","name":"da Reda\u00e7\u00e3o","image":{"@type":"ImageObject","@id":"https:\/\/www.jornalja.com.br\/arquivo\/primeiro-parque-eolico-da-regiao-metropolitana-gera-energia-para-140-mil-residencias\/#authorImage","url":"https:\/\/secure.gravatar.com\/avatar\/469fd857d6605ad19919d27ed29d35a968a25f6e8fd9318356bbb7f57aae9c65?s=96&d=mm&r=g","width":96,"height":96,"caption":"da Reda\u00e7\u00e3o"}},{"@type":"WebPage","@id":"https:\/\/www.jornalja.com.br\/arquivo\/primeiro-parque-eolico-da-regiao-metropolitana-gera-energia-para-140-mil-residencias\/#webpage","url":"https:\/\/www.jornalja.com.br\/arquivo\/primeiro-parque-eolico-da-regiao-metropolitana-gera-energia-para-140-mil-residencias\/","name":"Inaugurado primeiro parque e\u00f3lico da Regi\u00e3o Metropolitana | Arquivo","inLanguage":"pt-BR","isPartOf":{"@id":"https:\/\/www.jornalja.com.br\/arquivo\/#website"},"breadcrumb":{"@id":"https:\/\/www.jornalja.com.br\/arquivo\/primeiro-parque-eolico-da-regiao-metropolitana-gera-energia-para-140-mil-residencias\/#breadcrumblist"},"author":{"@id":"https:\/\/www.jornalja.com.br\/arquivo\/author\/daredacao\/#author"},"creator":{"@id":"https:\/\/www.jornalja.com.br\/arquivo\/author\/daredacao\/#author"},"image":{"@type":"ImageObject","url":53386,"@id":"https:\/\/www.jornalja.com.br\/arquivo\/primeiro-parque-eolico-da-regiao-metropolitana-gera-energia-para-140-mil-residencias\/#mainImage"},"primaryImageOfPage":{"@id":"https:\/\/www.jornalja.com.br\/arquivo\/primeiro-parque-eolico-da-regiao-metropolitana-gera-energia-para-140-mil-residencias\/#mainImage"},"datePublished":"2017-08-12T15:18:31-03:00","dateModified":"2017-08-12T15:18:31-03:00"},{"@type":"WebSite","@id":"https:\/\/www.jornalja.com.br\/arquivo\/#website","url":"https:\/\/www.jornalja.com.br\/arquivo\/","name":"Arquivo","description":"Jornal J\u00c1 | Porto Alegre","inLanguage":"pt-BR","publisher":{"@id":"https:\/\/www.jornalja.com.br\/arquivo\/#organization"}}]},"og:locale":"pt_BR","og:site_name":"Arquivo | Jornal J\u00c1 | Porto Alegre","og:type":"article","og:title":"Inaugurado primeiro parque e\u00f3lico da Regi\u00e3o Metropolitana | Arquivo","og:url":"https:\/\/www.jornalja.com.br\/arquivo\/primeiro-parque-eolico-da-regiao-metropolitana-gera-energia-para-140-mil-residencias\/","og:image":"https:\/\/www.jornalja.com.br\/economics\/wp-content\/uploads\/sites\/11\/2026\/08\/ja-folhaderosto-facebook.jpg","og:image:secure_url":"https:\/\/www.jornalja.com.br\/economics\/wp-content\/uploads\/sites\/11\/2026\/08\/ja-folhaderosto-facebook.jpg","article:published_time":"2017-08-12T18:18:31+00:00","article:modified_time":"2017-08-12T18:18:31+00:00","twitter:card":"summary","twitter:title":"Inaugurado primeiro parque e\u00f3lico da Regi\u00e3o Metropolitana | Arquivo","twitter:image":"https:\/\/www.jornalja.com.br\/economics\/wp-content\/uploads\/sites\/11\/2026\/08\/ja-folhaderosto-facebook.jpg"},"aioseo_meta_data":{"post_id":"53385","title":null,"description":null,"keywords":null,"keyphrases":null,"primary_term":null,"canonical_url":null,"og_title":null,"og_description":null,"og_object_type":"default","og_image_type":"default","og_image_url":null,"og_image_width":null,"og_image_height":null,"og_image_custom_url":null,"og_image_custom_fields":null,"og_video":null,"og_custom_url":null,"og_article_section":null,"og_article_tags":null,"twitter_use_og":false,"twitter_card":"default","twitter_image_type":"default","twitter_image_url":null,"twitter_image_custom_url":null,"twitter_image_custom_fields":null,"twitter_title":null,"twitter_description":null,"schema":{"blockGraphs":[],"customGraphs":[],"default":{"data":{"Article":[],"Course":[],"Dataset":[],"FAQPage":[],"Movie":[],"Person":[],"Product":[],"ProductReview":[],"Car":[],"Recipe":[],"Service":[],"SoftwareApplication":[],"WebPage":[]},"graphName":"","isEnabled":true},"graphs":[],"defaultGraph":"","defaultPostTypeGraph":""},"schema_type":null,"schema_type_options":null,"pillar_content":false,"robots_default":true,"robots_noindex":false,"robots_noarchive":false,"robots_nosnippet":false,"robots_nofollow":false,"robots_noimageindex":false,"robots_noodp":false,"robots_notranslate":false,"robots_max_snippet":null,"robots_max_videopreview":null,"robots_max_imagepreview":"large","priority":null,"frequency":null,"location":null,"local_seo":null,"breadcrumb_settings":null,"limit_modified_date":false,"ai":null,"created":"2020-12-20 20:26:59","updated":"2025-07-20 00:13:23","seo_analyzer_scan_date":null,"focus_keyword":null,"additional_keywords":null,"truseo_locale":null},"jetpack_sharing_enabled":true,"jetpack-related-posts":[{"id":14241,"url":"https:\/\/www.jornalja.com.br\/arquivo\/o-guaiba-nas-imagens-poeticas-de-achutti\/","url_meta":{"origin":53385,"position":0},"title":"O Gua\u00edba nas imagens po\u00e9ticas de Achutti","author":"da Reda\u00e7\u00e3o","date":"18 de junho de 2014","format":false,"excerpt":"Em \u201cO Gua\u00edba por Achutti\u201d \u2013 obra financiada via Minist\u00e9rio da Cultura, produ\u00e7\u00e3o executiva de Pedro Longhi, e Fl\u00e1vio Wild como designer \u2013, o fot\u00f3grafo revela a beleza e as mazelas de um espa\u00e7o aqu\u00e1tico de \u00e1guas sempre renovadas, cheio de hist\u00f3rias e lendas como as das cidades que foram\u2026","rel":"","context":"Em &quot;Cultura-Geral&quot;","block_context":{"text":"Cultura-Geral","link":"https:\/\/www.jornalja.com.br\/arquivo\/category\/materiasecundaria\/"},"img":{"alt_text":"","src":"","width":0,"height":0},"classes":[]},{"id":13101,"url":"https:\/\/www.jornalja.com.br\/arquivo\/morre-um-guerreiro-do-texto\/","url_meta":{"origin":53385,"position":1},"title":"Morre um guerreiro do texto","author":"Patr\u00edcia Marini","date":"14 de maio de 2014","format":false,"excerpt":"Por Ricardo Kotscho Reproduzido do blog do autor, 11\/5\/2014; t\u00edtulo original \u201cE l\u00e1 se foi o nosso Myltainho, guerreiro do texto\u201d. Mi\u00fado e franzino, meu amigo Myltainho era um valente e inconformado guerreiro na luta contra as injusti\u00e7as sociais, a hipocrisia, as maracutaias, o autoritarismo, a intoler\u00e2ncia, a viol\u00eancia, o\u2026","rel":"","context":"Em &quot;Geral&quot;","block_context":{"text":"Geral","link":"https:\/\/www.jornalja.com.br\/arquivo\/category\/geral\/"},"img":{"alt_text":"","src":"","width":0,"height":0},"classes":[]},{"id":12960,"url":"https:\/\/www.jornalja.com.br\/arquivo\/populacao-culpa-empresas-pela-greve-dos-rodoviarios\/","url_meta":{"origin":53385,"position":2},"title":"Popula\u00e7\u00e3o culpa empresas pela greve","author":"Patr\u00edcia Marini","date":"14 de fevereiro de 2014","format":false,"excerpt":"Pesquisa divulgada na edi\u00e7\u00e3o do jornal Metro desta sexta-feira,14, comprova o velho ditado: \u00e9 poss\u00edvel enganar muitos por algum tempo, mas n\u00e3o \u00e9 poss\u00edvel enganar a todos o tempo inteiro. A principal revela\u00e7\u00e3o foi que 59,8% dos entrevistados apontaram as empresas como as principais respons\u00e1veis pela grave e 46% culparam\u2026","rel":"","context":"Em &quot;X.Categorias velhas&quot;","block_context":{"text":"X.Categorias velhas","link":"https:\/\/www.jornalja.com.br\/arquivo\/category\/x-categorias-velhas\/"},"img":{"alt_text":"","src":"","width":0,"height":0},"classes":[]},{"id":13124,"url":"https:\/\/www.jornalja.com.br\/arquivo\/sangue-latino-no-iecine\/","url_meta":{"origin":53385,"position":3},"title":"Sangue latino no IECINE","author":"da Reda\u00e7\u00e3o","date":"18 de maio de 2014","format":false,"excerpt":"Francisco Ribeiro O Instituto Estadual de Cinema (IECINE) tem a frente, desde abril \u00faltimo, um novo diretor, o cineasta colombiano Juan Zapata, 36, que substitui Luiz Alberto Cassol. Radicado h\u00e1 dez anos em Porto Alegre, Zapata tem diante de si o desafio de conduzir at\u00e9 o final do ano um\u2026","rel":"","context":"Em &quot;Cultura-Geral&quot;","block_context":{"text":"Cultura-Geral","link":"https:\/\/www.jornalja.com.br\/arquivo\/category\/materiasecundaria\/"},"img":{"alt_text":"","src":"","width":0,"height":0},"classes":[]}],"jetpack_shortlink":"https:\/\/wp.me\/pbQjBd-dT3","jetpack_featured_media_url":"","_links":{"self":[{"href":"https:\/\/www.jornalja.com.br\/arquivo\/wp-json\/wp\/v2\/posts\/53385","targetHints":{"allow":["GET"]}}],"collection":[{"href":"https:\/\/www.jornalja.com.br\/arquivo\/wp-json\/wp\/v2\/posts"}],"about":[{"href":"https:\/\/www.jornalja.com.br\/arquivo\/wp-json\/wp\/v2\/types\/post"}],"author":[{"embeddable":true,"href":"https:\/\/www.jornalja.com.br\/arquivo\/wp-json\/wp\/v2\/users\/4"}],"replies":[{"embeddable":true,"href":"https:\/\/www.jornalja.com.br\/arquivo\/wp-json\/wp\/v2\/comments?post=53385"}],"version-history":[{"count":0,"href":"https:\/\/www.jornalja.com.br\/arquivo\/wp-json\/wp\/v2\/posts\/53385\/revisions"}],"wp:attachment":[{"href":"https:\/\/www.jornalja.com.br\/arquivo\/wp-json\/wp\/v2\/media?parent=53385"}],"wp:term":[{"taxonomy":"category","embeddable":true,"href":"https:\/\/www.jornalja.com.br\/arquivo\/wp-json\/wp\/v2\/categories?post=53385"},{"taxonomy":"post_tag","embeddable":true,"href":"https:\/\/www.jornalja.com.br\/arquivo\/wp-json\/wp\/v2\/tags?post=53385"}],"curies":[{"name":"wp","href":"https:\/\/api.w.org\/{rel}","templated":true}]}}