{"id":53393,"date":"2017-08-14T11:04:27","date_gmt":"2017-08-14T14:04:27","guid":{"rendered":"https:\/\/www.jornalja.com.br\/?p=53393"},"modified":"2017-08-14T11:04:27","modified_gmt":"2017-08-14T14:04:27","slug":"dez-upas-que-poderiam-atender-2-mil-pessoas-por-dia-seguem-fechadas","status":"publish","type":"post","link":"https:\/\/www.jornalja.com.br\/arquivo\/dez-upas-que-poderiam-atender-2-mil-pessoas-por-dia-seguem-fechadas\/","title":{"rendered":"Dez UPAS que poderiam atender 2 mil pessoas por dia seguem fechadas"},"content":{"rendered":"<p>Dez Unidades de Pronto Atendimento (UPAs) seguem fechadas no Rio Grande do Sul, segundo den\u00fancia do Sindicato M\u00e9dico do RS.<br \/>\nH\u00e1 um ano o Simers alertou que 12 unidades n\u00e3o haviam sido inauguradas e desde ent\u00e3o, segundo nota do sindicato, assinada pelo presidente Paulo de Argollo, apenas duas entraram em funcionamento.<br \/>\nJuntas, diz o Simers, as unidades t\u00eam capacidade de atender aproximadamente 2 mil pacientes por dia.<br \/>\nAs prefeituras alegam que n\u00e3o t\u00eam dinheiro para equipar as unidades, ao custo de, em m\u00e9dia, R$ 1 milh\u00e3o, que deveria ser dividido entre os tr\u00eas n\u00edveis de governo, e esperam a garantia dos repasses estaduais e federais e reajuste dos valores transferidos pela Uni\u00e3o.<br \/>\nAs administra\u00e7\u00f5es municipais temem inaugurar as unidades e serem obrigadas a arcar com o custo integral de manuten\u00e7\u00e3o. Com o passar do tempo, algumas cidades s\u00e3o desabilitadas por ultrapassar o prazo de funcionamento (um ano), como o caso de Uruguaiana.<br \/>\nPela portaria que criou as UPAs, 50% dos recursos de custeio seriam federais, 25% estaduais e 25% municipais. Tanto o Governo Estadual quanto o Minist\u00e9rio da Sa\u00fade explicam que, de acordo com a legisla\u00e7\u00e3o, o in\u00edcio da transfer\u00eancia de recursos est\u00e1 condicionado ao funcionamento da UPA.<br \/>\nEm alguns casos, tamb\u00e9m h\u00e1 entraves burocr\u00e1ticos. A unidade de Uruguaiana, por exemplo, deve ter o seu porte alterado de 2 (250 pacientes por dia) para 1 (150 pacientes por dia) para reduzir o investimento mensal e, assim, conseguir entrar em funcionamento a partir de setembro.<br \/>\nEm Alvorada, a gest\u00e3o municipal prop\u00f4s abrir a unidade gradativamente, iniciando suas atividades em 2018 como pronto atendimento ampliado e migrando para UPA 24h a partir de 2020. O estudo ainda aguarda parecer do Minist\u00e9rio da Sa\u00fade. O \u00f3rg\u00e3o afirmou que colocar\u00e1 as unidades em funcionamento at\u00e9 setembro.<br \/>\nJuntas, as obras destas 10 unidades custaram um total de R$ 26,4 milh\u00f5es. Com estruturas erguidas e equipamentos novos, a ociosidade e o desperd\u00edcio de verba p\u00fablica supera tr\u00eas anos em alguns casos, como em Tr\u00eas Passos e Santo \u00c2ngelo.<br \/>\nEm Alvorada, a solu\u00e7\u00e3o para n\u00e3o manter o espa\u00e7o inativo foi transferir e sede do Servi\u00e7o de Atendimento M\u00f3vel de Urg\u00eancia (Samu) para o local, de acordo com o diretor geral da Secretaria de Sa\u00fade, Guilherme Guterrez.<br \/>\n<img loading=\"lazy\" decoding=\"async\" class=\"alignnone wp-image-53464 size-full\" src=\"https:\/\/www.jornalja.com.br\/wp-content\/uploads\/2017\/08\/INFOGR\u00c1FICO-UPAS-FECHADAS.jpg\" alt=\"\" width=\"802\" height=\"1150\" \/><\/p>\n","protected":false},"excerpt":{"rendered":"<p>Dez Unidades de Pronto Atendimento (UPAs) seguem fechadas no Rio Grande do Sul, segundo den\u00fancia do Sindicato M\u00e9dico do RS. H\u00e1 um ano o Simers alertou que 12 unidades n\u00e3o haviam sido inauguradas e desde ent\u00e3o, segundo nota do sindicato, assinada pelo presidente Paulo de Argollo, apenas duas entraram em funcionamento. Juntas, diz o Simers, [&hellip;]<\/p>\n","protected":false},"author":4,"featured_media":50615,"comment_status":"open","ping_status":"closed","sticky":false,"template":"","format":"standard","meta":{"_jetpack_newsletter_access":"","_jetpack_dont_email_post_to_subs":false,"_jetpack_newsletter_tier_id":0,"_jetpack_memberships_contains_paywalled_content":false,"_jetpack_feature_clip_id":0,"_jetpack_memberships_contains_paid_content":false,"footnotes":"","jetpack_post_was_ever_published":false},"categories":[26],"tags":[],"class_list":["post-53393","post","type-post","status-publish","format-standard","has-post-thumbnail","hentry","category-geral"],"aioseo_notices":[],"aioseo_head":"\n\t\t<!-- All in One SEO 5.0.1.1 - aioseo.com -->\n\t<meta name=\"robots\" content=\"max-image-preview:large\" \/>\n\t<meta name=\"author\" content=\"da Reda\u00e7\u00e3o\"\/>\n\t<link rel=\"canonical\" href=\"https:\/\/www.jornalja.com.br\/arquivo\/dez-upas-que-poderiam-atender-2-mil-pessoas-por-dia-seguem-fechadas\/\" \/>\n\t<meta name=\"generator\" content=\"All in One SEO (AIOSEO) 5.0.1.1\" \/>\n\t\t<meta property=\"og:locale\" content=\"pt_BR\" \/>\n\t\t<meta property=\"og:site_name\" content=\"Arquivo | Jornal J\u00c1 | Porto Alegre\" \/>\n\t\t<meta property=\"og:type\" content=\"article\" \/>\n\t\t<meta property=\"og:title\" content=\"Dez UPAS que poderiam atender 2 mil pessoas por dia seguem fechadas | Arquivo\" \/>\n\t\t<meta property=\"og:url\" content=\"https:\/\/www.jornalja.com.br\/arquivo\/dez-upas-que-poderiam-atender-2-mil-pessoas-por-dia-seguem-fechadas\/\" \/>\n\t\t<meta property=\"og:image\" content=\"https:\/\/www.jornalja.com.br\/wp-content\/uploads\/2017\/08\/INFOGR\u00c1FICO-UPAS-FECHADAS.jpg\" \/>\n\t\t<meta property=\"og:image:secure_url\" content=\"https:\/\/www.jornalja.com.br\/wp-content\/uploads\/2017\/08\/INFOGR\u00c1FICO-UPAS-FECHADAS.jpg\" \/>\n\t\t<meta property=\"article:published_time\" content=\"2017-08-14T14:04:27+00:00\" \/>\n\t\t<meta property=\"article:modified_time\" content=\"2017-08-14T14:04:27+00:00\" \/>\n\t\t<meta name=\"twitter:card\" content=\"summary\" \/>\n\t\t<meta name=\"twitter:title\" content=\"Dez UPAS que poderiam atender 2 mil pessoas por dia seguem fechadas | Arquivo\" \/>\n\t\t<meta name=\"twitter:image\" content=\"https:\/\/www.jornalja.com.br\/economics\/wp-content\/uploads\/sites\/11\/2026\/08\/ja-folhaderosto-facebook.jpg\" \/>\n\t\t<script type=\"application\/ld+json\" class=\"aioseo-schema\">\n\t\t\t{\"@context\":\"https:\\\/\\\/schema.org\",\"@graph\":[{\"@type\":\"BlogPosting\",\"@id\":\"https:\\\/\\\/www.jornalja.com.br\\\/arquivo\\\/dez-upas-que-poderiam-atender-2-mil-pessoas-por-dia-seguem-fechadas\\\/#blogposting\",\"name\":\"Dez UPAS que poderiam atender 2 mil pessoas por dia seguem fechadas | Arquivo\",\"headline\":\"Dez UPAS que poderiam atender 2 mil pessoas por dia seguem fechadas\",\"author\":{\"@id\":\"https:\\\/\\\/www.jornalja.com.br\\\/arquivo\\\/author\\\/daredacao\\\/#author\"},\"publisher\":{\"@id\":\"https:\\\/\\\/www.jornalja.com.br\\\/arquivo\\\/#organization\"},\"image\":{\"@type\":\"ImageObject\",\"url\":50615},\"datePublished\":\"2017-08-14T11:04:27-03:00\",\"dateModified\":\"2017-08-14T11:04:27-03:00\",\"inLanguage\":\"pt-BR\",\"mainEntityOfPage\":{\"@id\":\"https:\\\/\\\/www.jornalja.com.br\\\/arquivo\\\/dez-upas-que-poderiam-atender-2-mil-pessoas-por-dia-seguem-fechadas\\\/#webpage\"},\"isPartOf\":{\"@id\":\"https:\\\/\\\/www.jornalja.com.br\\\/arquivo\\\/dez-upas-que-poderiam-atender-2-mil-pessoas-por-dia-seguem-fechadas\\\/#webpage\"},\"articleSection\":\"Geral\"},{\"@type\":\"BreadcrumbList\",\"@id\":\"https:\\\/\\\/www.jornalja.com.br\\\/arquivo\\\/dez-upas-que-poderiam-atender-2-mil-pessoas-por-dia-seguem-fechadas\\\/#breadcrumblist\",\"itemListElement\":[{\"@type\":\"ListItem\",\"@id\":\"https:\\\/\\\/www.jornalja.com.br\\\/arquivo#listItem\",\"position\":1,\"name\":\"Home\",\"item\":\"https:\\\/\\\/www.jornalja.com.br\\\/arquivo\",\"nextItem\":{\"@type\":\"ListItem\",\"@id\":\"https:\\\/\\\/www.jornalja.com.br\\\/arquivo\\\/category\\\/geral\\\/#listItem\",\"name\":\"Geral\"}},{\"@type\":\"ListItem\",\"@id\":\"https:\\\/\\\/www.jornalja.com.br\\\/arquivo\\\/category\\\/geral\\\/#listItem\",\"position\":2,\"name\":\"Geral\",\"item\":\"https:\\\/\\\/www.jornalja.com.br\\\/arquivo\\\/category\\\/geral\\\/\",\"nextItem\":{\"@type\":\"ListItem\",\"@id\":\"https:\\\/\\\/www.jornalja.com.br\\\/arquivo\\\/dez-upas-que-poderiam-atender-2-mil-pessoas-por-dia-seguem-fechadas\\\/#listItem\",\"name\":\"Dez UPAS que poderiam atender 2 mil pessoas por dia seguem fechadas\"},\"previousItem\":{\"@type\":\"ListItem\",\"@id\":\"https:\\\/\\\/www.jornalja.com.br\\\/arquivo#listItem\",\"name\":\"Home\"}},{\"@type\":\"ListItem\",\"@id\":\"https:\\\/\\\/www.jornalja.com.br\\\/arquivo\\\/dez-upas-que-poderiam-atender-2-mil-pessoas-por-dia-seguem-fechadas\\\/#listItem\",\"position\":3,\"name\":\"Dez UPAS que poderiam atender 2 mil pessoas por dia seguem fechadas\",\"previousItem\":{\"@type\":\"ListItem\",\"@id\":\"https:\\\/\\\/www.jornalja.com.br\\\/arquivo\\\/category\\\/geral\\\/#listItem\",\"name\":\"Geral\"}}]},{\"@type\":\"Organization\",\"@id\":\"https:\\\/\\\/www.jornalja.com.br\\\/arquivo\\\/#organization\",\"name\":\"Jornal J\\u00c1\",\"description\":\"Jornal J\\u00c1 | Porto Alegre\",\"url\":\"https:\\\/\\\/www.jornalja.com.br\\\/arquivo\\\/\",\"telephone\":\"+555133307272\",\"logo\":{\"@type\":\"ImageObject\",\"url\":\"https:\\\/\\\/www.jornalja.com.br\\\/wp-content\\\/uploads\\\/cards\\\/JAslogan.png\",\"@id\":\"https:\\\/\\\/www.jornalja.com.br\\\/arquivo\\\/dez-upas-que-poderiam-atender-2-mil-pessoas-por-dia-seguem-fechadas\\\/#organizationLogo\"},\"image\":{\"@id\":\"https:\\\/\\\/www.jornalja.com.br\\\/arquivo\\\/dez-upas-que-poderiam-atender-2-mil-pessoas-por-dia-seguem-fechadas\\\/#organizationLogo\"}},{\"@type\":\"Person\",\"@id\":\"https:\\\/\\\/www.jornalja.com.br\\\/arquivo\\\/author\\\/daredacao\\\/#author\",\"url\":\"https:\\\/\\\/www.jornalja.com.br\\\/arquivo\\\/author\\\/daredacao\\\/\",\"name\":\"da Reda\\u00e7\\u00e3o\",\"image\":{\"@type\":\"ImageObject\",\"@id\":\"https:\\\/\\\/www.jornalja.com.br\\\/arquivo\\\/dez-upas-que-poderiam-atender-2-mil-pessoas-por-dia-seguem-fechadas\\\/#authorImage\",\"url\":\"https:\\\/\\\/secure.gravatar.com\\\/avatar\\\/469fd857d6605ad19919d27ed29d35a968a25f6e8fd9318356bbb7f57aae9c65?s=96&d=mm&r=g\",\"width\":96,\"height\":96,\"caption\":\"da Reda\\u00e7\\u00e3o\"}},{\"@type\":\"WebPage\",\"@id\":\"https:\\\/\\\/www.jornalja.com.br\\\/arquivo\\\/dez-upas-que-poderiam-atender-2-mil-pessoas-por-dia-seguem-fechadas\\\/#webpage\",\"url\":\"https:\\\/\\\/www.jornalja.com.br\\\/arquivo\\\/dez-upas-que-poderiam-atender-2-mil-pessoas-por-dia-seguem-fechadas\\\/\",\"name\":\"Dez UPAS que poderiam atender 2 mil pessoas por dia seguem fechadas | Arquivo\",\"inLanguage\":\"pt-BR\",\"isPartOf\":{\"@id\":\"https:\\\/\\\/www.jornalja.com.br\\\/arquivo\\\/#website\"},\"breadcrumb\":{\"@id\":\"https:\\\/\\\/www.jornalja.com.br\\\/arquivo\\\/dez-upas-que-poderiam-atender-2-mil-pessoas-por-dia-seguem-fechadas\\\/#breadcrumblist\"},\"author\":{\"@id\":\"https:\\\/\\\/www.jornalja.com.br\\\/arquivo\\\/author\\\/daredacao\\\/#author\"},\"creator\":{\"@id\":\"https:\\\/\\\/www.jornalja.com.br\\\/arquivo\\\/author\\\/daredacao\\\/#author\"},\"image\":{\"@type\":\"ImageObject\",\"url\":50615,\"@id\":\"https:\\\/\\\/www.jornalja.com.br\\\/arquivo\\\/dez-upas-que-poderiam-atender-2-mil-pessoas-por-dia-seguem-fechadas\\\/#mainImage\"},\"primaryImageOfPage\":{\"@id\":\"https:\\\/\\\/www.jornalja.com.br\\\/arquivo\\\/dez-upas-que-poderiam-atender-2-mil-pessoas-por-dia-seguem-fechadas\\\/#mainImage\"},\"datePublished\":\"2017-08-14T11:04:27-03:00\",\"dateModified\":\"2017-08-14T11:04:27-03:00\"},{\"@type\":\"WebSite\",\"@id\":\"https:\\\/\\\/www.jornalja.com.br\\\/arquivo\\\/#website\",\"url\":\"https:\\\/\\\/www.jornalja.com.br\\\/arquivo\\\/\",\"name\":\"Arquivo\",\"description\":\"Jornal J\\u00c1 | Porto Alegre\",\"inLanguage\":\"pt-BR\",\"publisher\":{\"@id\":\"https:\\\/\\\/www.jornalja.com.br\\\/arquivo\\\/#organization\"}}]}\n\t\t<\/script>\n\t\t<!-- All in One SEO -->\n\n","aioseo_head_json":{"title":"Dez UPAS que poderiam atender 2 mil pessoas por dia seguem fechadas | Arquivo","description":"","canonical_url":"https:\/\/www.jornalja.com.br\/arquivo\/dez-upas-que-poderiam-atender-2-mil-pessoas-por-dia-seguem-fechadas\/","robots":"max-image-preview:large","keywords":"","webmasterTools":{"miscellaneous":""},"schema":{"@context":"https:\/\/schema.org","@graph":[{"@type":"BlogPosting","@id":"https:\/\/www.jornalja.com.br\/arquivo\/dez-upas-que-poderiam-atender-2-mil-pessoas-por-dia-seguem-fechadas\/#blogposting","name":"Dez UPAS que poderiam atender 2 mil pessoas por dia seguem fechadas | Arquivo","headline":"Dez UPAS que poderiam atender 2 mil pessoas por dia seguem fechadas","author":{"@id":"https:\/\/www.jornalja.com.br\/arquivo\/author\/daredacao\/#author"},"publisher":{"@id":"https:\/\/www.jornalja.com.br\/arquivo\/#organization"},"image":{"@type":"ImageObject","url":50615},"datePublished":"2017-08-14T11:04:27-03:00","dateModified":"2017-08-14T11:04:27-03:00","inLanguage":"pt-BR","mainEntityOfPage":{"@id":"https:\/\/www.jornalja.com.br\/arquivo\/dez-upas-que-poderiam-atender-2-mil-pessoas-por-dia-seguem-fechadas\/#webpage"},"isPartOf":{"@id":"https:\/\/www.jornalja.com.br\/arquivo\/dez-upas-que-poderiam-atender-2-mil-pessoas-por-dia-seguem-fechadas\/#webpage"},"articleSection":"Geral"},{"@type":"BreadcrumbList","@id":"https:\/\/www.jornalja.com.br\/arquivo\/dez-upas-que-poderiam-atender-2-mil-pessoas-por-dia-seguem-fechadas\/#breadcrumblist","itemListElement":[{"@type":"ListItem","@id":"https:\/\/www.jornalja.com.br\/arquivo#listItem","position":1,"name":"Home","item":"https:\/\/www.jornalja.com.br\/arquivo","nextItem":{"@type":"ListItem","@id":"https:\/\/www.jornalja.com.br\/arquivo\/category\/geral\/#listItem","name":"Geral"}},{"@type":"ListItem","@id":"https:\/\/www.jornalja.com.br\/arquivo\/category\/geral\/#listItem","position":2,"name":"Geral","item":"https:\/\/www.jornalja.com.br\/arquivo\/category\/geral\/","nextItem":{"@type":"ListItem","@id":"https:\/\/www.jornalja.com.br\/arquivo\/dez-upas-que-poderiam-atender-2-mil-pessoas-por-dia-seguem-fechadas\/#listItem","name":"Dez UPAS que poderiam atender 2 mil pessoas por dia seguem fechadas"},"previousItem":{"@type":"ListItem","@id":"https:\/\/www.jornalja.com.br\/arquivo#listItem","name":"Home"}},{"@type":"ListItem","@id":"https:\/\/www.jornalja.com.br\/arquivo\/dez-upas-que-poderiam-atender-2-mil-pessoas-por-dia-seguem-fechadas\/#listItem","position":3,"name":"Dez UPAS que poderiam atender 2 mil pessoas por dia seguem fechadas","previousItem":{"@type":"ListItem","@id":"https:\/\/www.jornalja.com.br\/arquivo\/category\/geral\/#listItem","name":"Geral"}}]},{"@type":"Organization","@id":"https:\/\/www.jornalja.com.br\/arquivo\/#organization","name":"Jornal J\u00c1","description":"Jornal J\u00c1 | Porto Alegre","url":"https:\/\/www.jornalja.com.br\/arquivo\/","telephone":"+555133307272","logo":{"@type":"ImageObject","url":"https:\/\/www.jornalja.com.br\/wp-content\/uploads\/cards\/JAslogan.png","@id":"https:\/\/www.jornalja.com.br\/arquivo\/dez-upas-que-poderiam-atender-2-mil-pessoas-por-dia-seguem-fechadas\/#organizationLogo"},"image":{"@id":"https:\/\/www.jornalja.com.br\/arquivo\/dez-upas-que-poderiam-atender-2-mil-pessoas-por-dia-seguem-fechadas\/#organizationLogo"}},{"@type":"Person","@id":"https:\/\/www.jornalja.com.br\/arquivo\/author\/daredacao\/#author","url":"https:\/\/www.jornalja.com.br\/arquivo\/author\/daredacao\/","name":"da Reda\u00e7\u00e3o","image":{"@type":"ImageObject","@id":"https:\/\/www.jornalja.com.br\/arquivo\/dez-upas-que-poderiam-atender-2-mil-pessoas-por-dia-seguem-fechadas\/#authorImage","url":"https:\/\/secure.gravatar.com\/avatar\/469fd857d6605ad19919d27ed29d35a968a25f6e8fd9318356bbb7f57aae9c65?s=96&d=mm&r=g","width":96,"height":96,"caption":"da Reda\u00e7\u00e3o"}},{"@type":"WebPage","@id":"https:\/\/www.jornalja.com.br\/arquivo\/dez-upas-que-poderiam-atender-2-mil-pessoas-por-dia-seguem-fechadas\/#webpage","url":"https:\/\/www.jornalja.com.br\/arquivo\/dez-upas-que-poderiam-atender-2-mil-pessoas-por-dia-seguem-fechadas\/","name":"Dez UPAS que poderiam atender 2 mil pessoas por dia seguem fechadas | Arquivo","inLanguage":"pt-BR","isPartOf":{"@id":"https:\/\/www.jornalja.com.br\/arquivo\/#website"},"breadcrumb":{"@id":"https:\/\/www.jornalja.com.br\/arquivo\/dez-upas-que-poderiam-atender-2-mil-pessoas-por-dia-seguem-fechadas\/#breadcrumblist"},"author":{"@id":"https:\/\/www.jornalja.com.br\/arquivo\/author\/daredacao\/#author"},"creator":{"@id":"https:\/\/www.jornalja.com.br\/arquivo\/author\/daredacao\/#author"},"image":{"@type":"ImageObject","url":50615,"@id":"https:\/\/www.jornalja.com.br\/arquivo\/dez-upas-que-poderiam-atender-2-mil-pessoas-por-dia-seguem-fechadas\/#mainImage"},"primaryImageOfPage":{"@id":"https:\/\/www.jornalja.com.br\/arquivo\/dez-upas-que-poderiam-atender-2-mil-pessoas-por-dia-seguem-fechadas\/#mainImage"},"datePublished":"2017-08-14T11:04:27-03:00","dateModified":"2017-08-14T11:04:27-03:00"},{"@type":"WebSite","@id":"https:\/\/www.jornalja.com.br\/arquivo\/#website","url":"https:\/\/www.jornalja.com.br\/arquivo\/","name":"Arquivo","description":"Jornal J\u00c1 | Porto Alegre","inLanguage":"pt-BR","publisher":{"@id":"https:\/\/www.jornalja.com.br\/arquivo\/#organization"}}]},"og:locale":"pt_BR","og:site_name":"Arquivo | Jornal J\u00c1 | Porto Alegre","og:type":"article","og:title":"Dez UPAS que poderiam atender 2 mil pessoas por dia seguem fechadas | Arquivo","og:url":"https:\/\/www.jornalja.com.br\/arquivo\/dez-upas-que-poderiam-atender-2-mil-pessoas-por-dia-seguem-fechadas\/","og:image":"https:\/\/www.jornalja.com.br\/wp-content\/uploads\/2017\/08\/INFOGR\u00c1FICO-UPAS-FECHADAS.jpg","og:image:secure_url":"https:\/\/www.jornalja.com.br\/wp-content\/uploads\/2017\/08\/INFOGR\u00c1FICO-UPAS-FECHADAS.jpg","article:published_time":"2017-08-14T14:04:27+00:00","article:modified_time":"2017-08-14T14:04:27+00:00","twitter:card":"summary","twitter:title":"Dez UPAS que poderiam atender 2 mil pessoas por dia seguem fechadas | Arquivo","twitter:image":"https:\/\/www.jornalja.com.br\/economics\/wp-content\/uploads\/sites\/11\/2026\/08\/ja-folhaderosto-facebook.jpg"},"aioseo_meta_data":{"post_id":"53393","title":null,"description":null,"keywords":null,"keyphrases":null,"primary_term":null,"canonical_url":null,"og_title":null,"og_description":null,"og_object_type":"default","og_image_type":"default","og_image_url":null,"og_image_width":null,"og_image_height":null,"og_image_custom_url":null,"og_image_custom_fields":null,"og_video":null,"og_custom_url":null,"og_article_section":null,"og_article_tags":null,"twitter_use_og":false,"twitter_card":"default","twitter_image_type":"default","twitter_image_url":null,"twitter_image_custom_url":null,"twitter_image_custom_fields":null,"twitter_title":null,"twitter_description":null,"schema":{"blockGraphs":[],"customGraphs":[],"default":{"data":{"Article":[],"Course":[],"Dataset":[],"FAQPage":[],"Movie":[],"Person":[],"Product":[],"ProductReview":[],"Car":[],"Recipe":[],"Service":[],"SoftwareApplication":[],"WebPage":[]},"graphName":"","isEnabled":true},"graphs":[],"defaultGraph":"","defaultPostTypeGraph":""},"schema_type":null,"schema_type_options":null,"pillar_content":false,"robots_default":true,"robots_noindex":false,"robots_noarchive":false,"robots_nosnippet":false,"robots_nofollow":false,"robots_noimageindex":false,"robots_noodp":false,"robots_notranslate":false,"robots_max_snippet":null,"robots_max_videopreview":null,"robots_max_imagepreview":"large","priority":null,"frequency":null,"location":null,"local_seo":null,"breadcrumb_settings":null,"limit_modified_date":false,"ai":null,"created":"2020-12-20 20:26:59","updated":"2025-07-20 00:14:48","seo_analyzer_scan_date":null,"focus_keyword":null,"additional_keywords":null,"truseo_locale":null},"jetpack_sharing_enabled":true,"jetpack-related-posts":[{"id":13124,"url":"https:\/\/www.jornalja.com.br\/arquivo\/sangue-latino-no-iecine\/","url_meta":{"origin":53393,"position":0},"title":"Sangue latino no IECINE","author":"da Reda\u00e7\u00e3o","date":"18 de maio de 2014","format":false,"excerpt":"Francisco Ribeiro O Instituto Estadual de Cinema (IECINE) tem a frente, desde abril \u00faltimo, um novo diretor, o cineasta colombiano Juan Zapata, 36, que substitui Luiz Alberto Cassol. Radicado h\u00e1 dez anos em Porto Alegre, Zapata tem diante de si o desafio de conduzir at\u00e9 o final do ano um\u2026","rel":"","context":"Em &quot;Cultura-Geral&quot;","block_context":{"text":"Cultura-Geral","link":"https:\/\/www.jornalja.com.br\/arquivo\/category\/materiasecundaria\/"},"img":{"alt_text":"","src":"","width":0,"height":0},"classes":[]},{"id":14241,"url":"https:\/\/www.jornalja.com.br\/arquivo\/o-guaiba-nas-imagens-poeticas-de-achutti\/","url_meta":{"origin":53393,"position":1},"title":"O Gua\u00edba nas imagens po\u00e9ticas de Achutti","author":"da Reda\u00e7\u00e3o","date":"18 de junho de 2014","format":false,"excerpt":"Em \u201cO Gua\u00edba por Achutti\u201d \u2013 obra financiada via Minist\u00e9rio da Cultura, produ\u00e7\u00e3o executiva de Pedro Longhi, e Fl\u00e1vio Wild como designer \u2013, o fot\u00f3grafo revela a beleza e as mazelas de um espa\u00e7o aqu\u00e1tico de \u00e1guas sempre renovadas, cheio de hist\u00f3rias e lendas como as das cidades que foram\u2026","rel":"","context":"Em &quot;Cultura-Geral&quot;","block_context":{"text":"Cultura-Geral","link":"https:\/\/www.jornalja.com.br\/arquivo\/category\/materiasecundaria\/"},"img":{"alt_text":"","src":"","width":0,"height":0},"classes":[]},{"id":13240,"url":"https:\/\/www.jornalja.com.br\/arquivo\/plano-diretor-estamos-construindo-o-caos\/","url_meta":{"origin":53393,"position":2},"title":"Plano diretor: &quot;Estamos construindo o caos&quot;","author":"Patr\u00edcia Marini","date":"26 de maio de 2014","format":false,"excerpt":"Desabafo que arquiteta Eliana Castilhos, delegada da Regi\u00e3o de Planejamento 1, postou nas redes sociais \u00e9 um testemunho do ambiente que se criou no Conselho do Plano Diretor de Porto Alegre, onde a aprova\u00e7\u00e3o de grandes empreendimentos \u00e9 empurrada guela abaixo dos conselheiros. Ao CMDUA Como delegada da Regi\u00e3o de\u2026","rel":"","context":"Em &quot;Geral&quot;","block_context":{"text":"Geral","link":"https:\/\/www.jornalja.com.br\/arquivo\/category\/geral\/"},"img":{"alt_text":"","src":"","width":0,"height":0},"classes":[]},{"id":13101,"url":"https:\/\/www.jornalja.com.br\/arquivo\/morre-um-guerreiro-do-texto\/","url_meta":{"origin":53393,"position":3},"title":"Morre um guerreiro do texto","author":"Patr\u00edcia Marini","date":"14 de maio de 2014","format":false,"excerpt":"Por Ricardo Kotscho Reproduzido do blog do autor, 11\/5\/2014; t\u00edtulo original \u201cE l\u00e1 se foi o nosso Myltainho, guerreiro do texto\u201d. Mi\u00fado e franzino, meu amigo Myltainho era um valente e inconformado guerreiro na luta contra as injusti\u00e7as sociais, a hipocrisia, as maracutaias, o autoritarismo, a intoler\u00e2ncia, a viol\u00eancia, o\u2026","rel":"","context":"Em &quot;Geral&quot;","block_context":{"text":"Geral","link":"https:\/\/www.jornalja.com.br\/arquivo\/category\/geral\/"},"img":{"alt_text":"","src":"","width":0,"height":0},"classes":[]},{"id":12960,"url":"https:\/\/www.jornalja.com.br\/arquivo\/populacao-culpa-empresas-pela-greve-dos-rodoviarios\/","url_meta":{"origin":53393,"position":4},"title":"Popula\u00e7\u00e3o culpa empresas pela greve","author":"Patr\u00edcia Marini","date":"14 de fevereiro de 2014","format":false,"excerpt":"Pesquisa divulgada na edi\u00e7\u00e3o do jornal Metro desta sexta-feira,14, comprova o velho ditado: \u00e9 poss\u00edvel enganar muitos por algum tempo, mas n\u00e3o \u00e9 poss\u00edvel enganar a todos o tempo inteiro. A principal revela\u00e7\u00e3o foi que 59,8% dos entrevistados apontaram as empresas como as principais respons\u00e1veis pela grave e 46% culparam\u2026","rel":"","context":"Em &quot;X.Categorias velhas&quot;","block_context":{"text":"X.Categorias velhas","link":"https:\/\/www.jornalja.com.br\/arquivo\/category\/x-categorias-velhas\/"},"img":{"alt_text":"","src":"","width":0,"height":0},"classes":[]},{"id":5440,"url":"https:\/\/www.jornalja.com.br\/arquivo\/casarao-da-venancio-destino-permanece-incerto\/","url_meta":{"origin":53393,"position":5},"title":"Estado ainda n\u00e3o sabe o que fazer com casar\u00e3o abandonado h\u00e1 20 anos","author":"Elmar Bones","date":"6 de julho de 2009","format":false,"excerpt":"O casar\u00e3o amarelo, numa esquina nobre de Porto Alegre (Ven\u00e2ncio Aires com Jo\u00e3o Pessoa), j\u00e1 abrigou uma escola. H\u00e1 duas d\u00e9cadas, pelo menos, est\u00e1 abandonado, porque seu propriet\u00e1rio, o governo do Estado do Rio Grande do Sul, n\u00e3o consegue achar um destino para ele. Planos n\u00e3o faltaram. O governador Ol\u00edvio\u2026","rel":"","context":"Em &quot;X.Categorias velhas&quot;","block_context":{"text":"X.Categorias velhas","link":"https:\/\/www.jornalja.com.br\/arquivo\/category\/x-categorias-velhas\/"},"img":{"alt_text":"geraldo1","src":"https:\/\/i0.wp.com\/www.jornalja.com.br\/wp-content\/uploads\/2009\/07\/geraldo1.jpg?resize=350%2C200&ssl=1","width":350,"height":200},"classes":[]}],"jetpack_shortlink":"https:\/\/wp.me\/pbQjBd-dTb","jetpack_featured_media_url":"","_links":{"self":[{"href":"https:\/\/www.jornalja.com.br\/arquivo\/wp-json\/wp\/v2\/posts\/53393","targetHints":{"allow":["GET"]}}],"collection":[{"href":"https:\/\/www.jornalja.com.br\/arquivo\/wp-json\/wp\/v2\/posts"}],"about":[{"href":"https:\/\/www.jornalja.com.br\/arquivo\/wp-json\/wp\/v2\/types\/post"}],"author":[{"embeddable":true,"href":"https:\/\/www.jornalja.com.br\/arquivo\/wp-json\/wp\/v2\/users\/4"}],"replies":[{"embeddable":true,"href":"https:\/\/www.jornalja.com.br\/arquivo\/wp-json\/wp\/v2\/comments?post=53393"}],"version-history":[{"count":0,"href":"https:\/\/www.jornalja.com.br\/arquivo\/wp-json\/wp\/v2\/posts\/53393\/revisions"}],"wp:attachment":[{"href":"https:\/\/www.jornalja.com.br\/arquivo\/wp-json\/wp\/v2\/media?parent=53393"}],"wp:term":[{"taxonomy":"category","embeddable":true,"href":"https:\/\/www.jornalja.com.br\/arquivo\/wp-json\/wp\/v2\/categories?post=53393"},{"taxonomy":"post_tag","embeddable":true,"href":"https:\/\/www.jornalja.com.br\/arquivo\/wp-json\/wp\/v2\/tags?post=53393"}],"curies":[{"name":"wp","href":"https:\/\/api.w.org\/{rel}","templated":true}]}}