{"id":53432,"date":"2017-08-14T10:51:22","date_gmt":"2017-08-14T13:51:22","guid":{"rendered":"https:\/\/www.jornalja.com.br\/?p=53432"},"modified":"2017-08-14T10:51:22","modified_gmt":"2017-08-14T13:51:22","slug":"seguem-as-buscas-por-barco-desaparecido-no-litoral-de-rio-grande","status":"publish","type":"post","link":"https:\/\/www.jornalja.com.br\/arquivo\/seguem-as-buscas-por-barco-desaparecido-no-litoral-de-rio-grande\/","title":{"rendered":"Seguem as buscas por barco desaparecido no litoral de Rio Grande"},"content":{"rendered":"<p>Um navio-patrulha, dois helic\u00f3pteros, duas viaturas terrestres, retomam nesta segunda-feira as buscas para encontrar o Dom Manoel XVI.<br \/>\nO barco pesqueiro, de 22m de comprimento avistado pela \u00faltima vez na madrugada de sexta-feira a cerca de 15 quil\u00f4metros da costa de Rio Grande, em meio ao mar agitado.<br \/>\nNo domingo, as opera\u00e7\u00f5es foram prejudicadas pelo mau tempo que atinge a regi\u00e3o, com chuva constante.<br \/>\nA falta de visibilidade impediu o apoio a\u00e9reo, ficando as buscas a cargo apenas do navio-patrulha P61, da Marinha, e por duas equipes em terra, que buscam pistas na regi\u00e3o costeira.<br \/>\nO barco desapareceu com sete tripulantes. As buscas s\u00e3o\u00a0coordenadas pelo comando do 5\u00ba Distrito Naval da Marinha do Brasil.<br \/>\nO pesqueiro sumiu em meio ao aviso de ressaca emitido pelo Servi\u00e7o Meteorol\u00f3gico Marinho. A Marinha e a propriet\u00e1ria da embarca\u00e7\u00e3o at\u00e9 o domingo \u00e0 noite n\u00e3o haviam divulgado os nomes dos tripulantes do Dom Manoel XVI.<br \/>\nO barco \u00e9 propriedade da Lago Pesca, que tem sede em Laguna, Santa Catarina. O Dom Manoel XVI e outros nove barcos da companhia atuam em Rio Grande. A empresa informou que pediu para suas embarca\u00e7\u00f5es voltarem para a barra, na quarta-feira (9), quando a Marinha disparou aviso de ressaca para a costa ga\u00facha.<br \/>\nA empresa informou que o barco desaparecido estava em boas condi\u00e7\u00f5es e passou por reforma no fim do ano passado.<br \/>\nEram dois barcos pesqueiros, Dom Manoel XV e Dom Manoel XVI, ambos registrados em Laguna, \u00a0que navegavam na \u00e1rea do Farol da Solid\u00e3o, pr\u00f3ximo ao munic\u00edpio de Mostardas, no Litoral Norte, na quinta-feira (10).<br \/>\nPor volta das 14h30min de quinta-feira, os comandantes das embarca\u00e7\u00f5es decidiram voltar para Rio Grande em raz\u00e3o do mar agitado.<br \/>\nA inten\u00e7\u00e3o deles era de ancorar na barra na cidade da Regi\u00e3o Sul por volta das 6h de sexta-feira, mas no retorno, por volta das 4h da madrugada de sexta, a tripula\u00e7\u00e3o do Dom Manoel XV perdeu contato visual e todo tipo de comunica\u00e7\u00e3o com o Dom Manoel XVI. Desde ent\u00e3o, ele segue desaparecido.<\/p>\n","protected":false},"excerpt":{"rendered":"<p>Um navio-patrulha, dois helic\u00f3pteros, duas viaturas terrestres, retomam nesta segunda-feira as buscas para encontrar o Dom Manoel XVI. O barco pesqueiro, de 22m de comprimento avistado pela \u00faltima vez na madrugada de sexta-feira a cerca de 15 quil\u00f4metros da costa de Rio Grande, em meio ao mar agitado. No domingo, as opera\u00e7\u00f5es foram prejudicadas pelo [&hellip;]<\/p>\n","protected":false},"author":4,"featured_media":53434,"comment_status":"open","ping_status":"closed","sticky":false,"template":"","format":"standard","meta":{"_jetpack_memberships_contains_paid_content":false,"footnotes":""},"categories":[26],"tags":[],"class_list":["post-53432","post","type-post","status-publish","format-standard","has-post-thumbnail","hentry","category-geral"],"aioseo_notices":[],"jetpack_featured_media_url":"","jetpack_sharing_enabled":true,"jetpack-related-posts":[{"id":1280,"url":"https:\/\/www.jornalja.com.br\/arquivo\/o-menino-que-se-tornou-brizola\/","url_meta":{"origin":53432,"position":0},"title":"O Menino que se Tornou Brizola","author":"da Reda\u00e7\u00e3o","date":"28 de julho de 2008","format":false,"excerpt":"Autor: Cleber Dioni A vida de Leonel Brizola, com \u00eanfase para os primeiros anos em Porto Alegre, at\u00e9 o ex\u00edlio no Uruguai e a volta, quinze anos depois. \u00a0\"...\u00c9ramos todos jovens e nos identific\u00e1vamos com aquela massa an\u00f4nima a percorrer as ruas de Porto Alegre, gritando 'Get\u00falio', 'Get\u00falio' e empunhando\u2026","rel":"","context":"Em &quot;Livros&quot;","block_context":{"text":"Livros","link":"https:\/\/www.jornalja.com.br\/arquivo\/category\/livros\/"},"img":{"alt_text":"","src":"https:\/\/i0.wp.com\/www.jornalja.com.br\/wp-content\/uploads\/2008\/07\/brizola.gif?resize=350%2C200&ssl=1","width":350,"height":200},"classes":[]}],"jetpack_shortlink":"https:\/\/wp.me\/pbQjBd-dTO","_links":{"self":[{"href":"https:\/\/www.jornalja.com.br\/arquivo\/wp-json\/wp\/v2\/posts\/53432","targetHints":{"allow":["GET"]}}],"collection":[{"href":"https:\/\/www.jornalja.com.br\/arquivo\/wp-json\/wp\/v2\/posts"}],"about":[{"href":"https:\/\/www.jornalja.com.br\/arquivo\/wp-json\/wp\/v2\/types\/post"}],"author":[{"embeddable":true,"href":"https:\/\/www.jornalja.com.br\/arquivo\/wp-json\/wp\/v2\/users\/4"}],"replies":[{"embeddable":true,"href":"https:\/\/www.jornalja.com.br\/arquivo\/wp-json\/wp\/v2\/comments?post=53432"}],"version-history":[{"count":0,"href":"https:\/\/www.jornalja.com.br\/arquivo\/wp-json\/wp\/v2\/posts\/53432\/revisions"}],"wp:featuredmedia":[{"embeddable":true,"href":"https:\/\/www.jornalja.com.br\/arquivo\/wp-json\/"}],"wp:attachment":[{"href":"https:\/\/www.jornalja.com.br\/arquivo\/wp-json\/wp\/v2\/media?parent=53432"}],"wp:term":[{"taxonomy":"category","embeddable":true,"href":"https:\/\/www.jornalja.com.br\/arquivo\/wp-json\/wp\/v2\/categories?post=53432"},{"taxonomy":"post_tag","embeddable":true,"href":"https:\/\/www.jornalja.com.br\/arquivo\/wp-json\/wp\/v2\/tags?post=53432"}],"curies":[{"name":"wp","href":"https:\/\/api.w.org\/{rel}","templated":true}]}}