{"id":53439,"date":"2017-08-14T11:22:34","date_gmt":"2017-08-14T14:22:34","guid":{"rendered":"https:\/\/www.jornalja.com.br\/?p=53439"},"modified":"2017-08-14T11:22:34","modified_gmt":"2017-08-14T14:22:34","slug":"quatro-governadores-na-despedida-a-carlos-araujo-que-fazia-politica-sem-odio","status":"publish","type":"post","link":"https:\/\/www.jornalja.com.br\/arquivo\/quatro-governadores-na-despedida-a-carlos-araujo-que-fazia-politica-sem-odio\/","title":{"rendered":"Quatro governadores na despedida a Carlos Ara\u00fajo, que fazia pol\u00edtica sem \u00f3dio"},"content":{"rendered":"<p>Foram da ex-presidente Dilma Rousseff as \u00faltimas palavras de despedida a Carlos Ara\u00fajo, que morreu na madrugada de sexta-feira e foi velado at\u00e9 o in\u00edcio da noite de s\u00e1bado na Assembleia Legislativa.<br \/>\n\u201cO Carlos viveu intensamente e quis que todos tivessem condi\u00e7\u00f5es de viver intensamente a sua pr\u00f3pria vida. Ele via o mundo sempre de uma forma um pouquinho melhor do que o mundo era, o que ajudou muito a sua capacidade de resistir\u201d, afirmou a ex-presidente.<br \/>\nEla ressaltou a capacidade do ex-companheiro de avaliar a cena pol\u00edtica, enxergando al\u00e9m da apar\u00eancia dos fatos. Ele previu, por exemplo, que na crise pol\u00edtica atual, &#8220;o momento de consolida\u00e7\u00e3o do golpe seria a implanta\u00e7\u00e3o do parlamentarismo\u201d, como est\u00e1 sendo pretendido inclusive pelo presidente Temer.<br \/>\nDilma ressaltou a destacar a capacidade de Ara\u00fajo de fazer amigos independente de ideologias. \u201cCada um de n\u00f3s aqui acha que \u00e9 um amigo especial do Carlos Ara\u00fajo. Essa era a capacidade dele, a capacidade do encantamento\u201d.<br \/>\nAntes, em declara\u00e7\u00f5es \u00e0 imprensa, a ex-presidente disse que perdeu &#8220;um parceiro de toda a vida&#8221;. O vel\u00f3rio de Ara\u00fajo na Assembleia terminou \u00e0s 21h. O corpo foi cremado em cerim\u00f4nia restrita \u00e0 fam\u00edlia.<br \/>\nAntes de Dilma, falou, em nome da fam\u00edlia, o ex-presidente da Ag\u00eancia Nacional de Avia\u00e7\u00e3o Civil (Anac), Milton Zuanazzi. \u201cO Carlos era uma pessoa sem m\u00e1goa e sem \u00f3dio. No in\u00edcio, quando eu era jovem e o conheci, eu n\u00e3o o entendia. Depois eu percebi que quando voc\u00ea n\u00e3o d\u00e1 bola para o passado, quando voc\u00ea pensa no presente e no futuro, voc\u00ea n\u00e3o tem rancor. Porque rancor \u00e9 uma coisa que fica no passado. Essa era a sabedoria do Carlos Ara\u00fajo\u201d, assinalou.<br \/>\nQuatro ex-governadores, muitos parlamentares, quadros hist\u00f3ricos do PDT e lideran\u00e7as de siglas \u00e0 esquerda e a direita na pol\u00edtica ga\u00facha compareceram ao vel\u00f3rio de Ara\u00fajo. Entre os ex-governadores, o pedetista Alceu Collares foi o primeiro a chegar, no mesmo hor\u00e1rio da fam\u00edlia, e acompanhado da esposa, Neusa Canabarro. Em seguida, foi a vez de Tarso Genro (PT). Ol\u00edvio Dutra (PT) chegou no final da tarde, e ficou durante v\u00e1rias horas. E Pedro Simon (PMDB) esteve do final do dia e permaneceu at\u00e9 o t\u00e9rmino das homenagens. (Com informa\u00e7\u00f5es do Correio do Povo)<\/p>\n","protected":false},"excerpt":{"rendered":"<p>Foram da ex-presidente Dilma Rousseff as \u00faltimas palavras de despedida a Carlos Ara\u00fajo, que morreu na madrugada de sexta-feira e foi velado at\u00e9 o in\u00edcio da noite de s\u00e1bado na Assembleia Legislativa. \u201cO Carlos viveu intensamente e quis que todos tivessem condi\u00e7\u00f5es de viver intensamente a sua pr\u00f3pria vida. Ele via o mundo sempre de [&hellip;]<\/p>\n","protected":false},"author":4,"featured_media":53448,"comment_status":"open","ping_status":"closed","sticky":false,"template":"","format":"standard","meta":{"_jetpack_newsletter_access":"","_jetpack_dont_email_post_to_subs":false,"_jetpack_newsletter_tier_id":0,"_jetpack_memberships_contains_paywalled_content":false,"_jetpack_feature_clip_id":0,"_jetpack_memberships_contains_paid_content":false,"footnotes":"","jetpack_post_was_ever_published":false},"categories":[26],"tags":[],"class_list":["post-53439","post","type-post","status-publish","format-standard","has-post-thumbnail","hentry","category-geral"],"aioseo_notices":[],"aioseo_head":"\n\t\t<!-- All in One SEO 5.0.1.1 - aioseo.com -->\n\t<meta name=\"robots\" content=\"max-image-preview:large\" \/>\n\t<meta name=\"author\" content=\"da Reda\u00e7\u00e3o\"\/>\n\t<link rel=\"canonical\" href=\"https:\/\/www.jornalja.com.br\/arquivo\/quatro-governadores-na-despedida-a-carlos-araujo-que-fazia-politica-sem-odio\/\" \/>\n\t<meta name=\"generator\" content=\"All in One SEO (AIOSEO) 5.0.1.1\" \/>\n\t\t<meta property=\"og:locale\" content=\"pt_BR\" \/>\n\t\t<meta property=\"og:site_name\" content=\"Arquivo | Jornal J\u00c1 | Porto Alegre\" \/>\n\t\t<meta property=\"og:type\" content=\"article\" \/>\n\t\t<meta property=\"og:title\" content=\"Quatro governadores na despedida a Carlos Ara\u00fajo, que fazia pol\u00edtica sem \u00f3dio | Arquivo\" \/>\n\t\t<meta property=\"og:url\" content=\"https:\/\/www.jornalja.com.br\/arquivo\/quatro-governadores-na-despedida-a-carlos-araujo-que-fazia-politica-sem-odio\/\" \/>\n\t\t<meta property=\"og:image\" content=\"https:\/\/www.jornalja.com.br\/economics\/wp-content\/uploads\/sites\/11\/2026\/08\/ja-folhaderosto-facebook.jpg\" \/>\n\t\t<meta property=\"og:image:secure_url\" content=\"https:\/\/www.jornalja.com.br\/economics\/wp-content\/uploads\/sites\/11\/2026\/08\/ja-folhaderosto-facebook.jpg\" \/>\n\t\t<meta property=\"article:published_time\" content=\"2017-08-14T14:22:34+00:00\" \/>\n\t\t<meta property=\"article:modified_time\" content=\"2017-08-14T14:22:34+00:00\" \/>\n\t\t<meta name=\"twitter:card\" content=\"summary\" \/>\n\t\t<meta name=\"twitter:title\" content=\"Quatro governadores na despedida a Carlos Ara\u00fajo, que fazia pol\u00edtica sem \u00f3dio | Arquivo\" \/>\n\t\t<meta name=\"twitter:image\" content=\"https:\/\/www.jornalja.com.br\/economics\/wp-content\/uploads\/sites\/11\/2026\/08\/ja-folhaderosto-facebook.jpg\" \/>\n\t\t<script type=\"application\/ld+json\" class=\"aioseo-schema\">\n\t\t\t{\"@context\":\"https:\\\/\\\/schema.org\",\"@graph\":[{\"@type\":\"BlogPosting\",\"@id\":\"https:\\\/\\\/www.jornalja.com.br\\\/arquivo\\\/quatro-governadores-na-despedida-a-carlos-araujo-que-fazia-politica-sem-odio\\\/#blogposting\",\"name\":\"Quatro governadores na despedida a Carlos Ara\\u00fajo, que fazia pol\\u00edtica sem \\u00f3dio | Arquivo\",\"headline\":\"Quatro governadores na despedida a Carlos Ara\\u00fajo, que fazia pol\\u00edtica sem \\u00f3dio\",\"author\":{\"@id\":\"https:\\\/\\\/www.jornalja.com.br\\\/arquivo\\\/author\\\/daredacao\\\/#author\"},\"publisher\":{\"@id\":\"https:\\\/\\\/www.jornalja.com.br\\\/arquivo\\\/#organization\"},\"image\":{\"@type\":\"ImageObject\",\"url\":53448},\"datePublished\":\"2017-08-14T11:22:34-03:00\",\"dateModified\":\"2017-08-14T11:22:34-03:00\",\"inLanguage\":\"pt-BR\",\"mainEntityOfPage\":{\"@id\":\"https:\\\/\\\/www.jornalja.com.br\\\/arquivo\\\/quatro-governadores-na-despedida-a-carlos-araujo-que-fazia-politica-sem-odio\\\/#webpage\"},\"isPartOf\":{\"@id\":\"https:\\\/\\\/www.jornalja.com.br\\\/arquivo\\\/quatro-governadores-na-despedida-a-carlos-araujo-que-fazia-politica-sem-odio\\\/#webpage\"},\"articleSection\":\"Geral\"},{\"@type\":\"BreadcrumbList\",\"@id\":\"https:\\\/\\\/www.jornalja.com.br\\\/arquivo\\\/quatro-governadores-na-despedida-a-carlos-araujo-que-fazia-politica-sem-odio\\\/#breadcrumblist\",\"itemListElement\":[{\"@type\":\"ListItem\",\"@id\":\"https:\\\/\\\/www.jornalja.com.br\\\/arquivo#listItem\",\"position\":1,\"name\":\"Home\",\"item\":\"https:\\\/\\\/www.jornalja.com.br\\\/arquivo\",\"nextItem\":{\"@type\":\"ListItem\",\"@id\":\"https:\\\/\\\/www.jornalja.com.br\\\/arquivo\\\/category\\\/geral\\\/#listItem\",\"name\":\"Geral\"}},{\"@type\":\"ListItem\",\"@id\":\"https:\\\/\\\/www.jornalja.com.br\\\/arquivo\\\/category\\\/geral\\\/#listItem\",\"position\":2,\"name\":\"Geral\",\"item\":\"https:\\\/\\\/www.jornalja.com.br\\\/arquivo\\\/category\\\/geral\\\/\",\"nextItem\":{\"@type\":\"ListItem\",\"@id\":\"https:\\\/\\\/www.jornalja.com.br\\\/arquivo\\\/quatro-governadores-na-despedida-a-carlos-araujo-que-fazia-politica-sem-odio\\\/#listItem\",\"name\":\"Quatro governadores na despedida a Carlos Ara\\u00fajo, que fazia pol\\u00edtica sem \\u00f3dio\"},\"previousItem\":{\"@type\":\"ListItem\",\"@id\":\"https:\\\/\\\/www.jornalja.com.br\\\/arquivo#listItem\",\"name\":\"Home\"}},{\"@type\":\"ListItem\",\"@id\":\"https:\\\/\\\/www.jornalja.com.br\\\/arquivo\\\/quatro-governadores-na-despedida-a-carlos-araujo-que-fazia-politica-sem-odio\\\/#listItem\",\"position\":3,\"name\":\"Quatro governadores na despedida a Carlos Ara\\u00fajo, que fazia pol\\u00edtica sem \\u00f3dio\",\"previousItem\":{\"@type\":\"ListItem\",\"@id\":\"https:\\\/\\\/www.jornalja.com.br\\\/arquivo\\\/category\\\/geral\\\/#listItem\",\"name\":\"Geral\"}}]},{\"@type\":\"Organization\",\"@id\":\"https:\\\/\\\/www.jornalja.com.br\\\/arquivo\\\/#organization\",\"name\":\"Jornal J\\u00c1\",\"description\":\"Jornal J\\u00c1 | Porto Alegre\",\"url\":\"https:\\\/\\\/www.jornalja.com.br\\\/arquivo\\\/\",\"telephone\":\"+555133307272\",\"logo\":{\"@type\":\"ImageObject\",\"url\":\"https:\\\/\\\/www.jornalja.com.br\\\/wp-content\\\/uploads\\\/cards\\\/JAslogan.png\",\"@id\":\"https:\\\/\\\/www.jornalja.com.br\\\/arquivo\\\/quatro-governadores-na-despedida-a-carlos-araujo-que-fazia-politica-sem-odio\\\/#organizationLogo\"},\"image\":{\"@id\":\"https:\\\/\\\/www.jornalja.com.br\\\/arquivo\\\/quatro-governadores-na-despedida-a-carlos-araujo-que-fazia-politica-sem-odio\\\/#organizationLogo\"}},{\"@type\":\"Person\",\"@id\":\"https:\\\/\\\/www.jornalja.com.br\\\/arquivo\\\/author\\\/daredacao\\\/#author\",\"url\":\"https:\\\/\\\/www.jornalja.com.br\\\/arquivo\\\/author\\\/daredacao\\\/\",\"name\":\"da Reda\\u00e7\\u00e3o\",\"image\":{\"@type\":\"ImageObject\",\"@id\":\"https:\\\/\\\/www.jornalja.com.br\\\/arquivo\\\/quatro-governadores-na-despedida-a-carlos-araujo-que-fazia-politica-sem-odio\\\/#authorImage\",\"url\":\"https:\\\/\\\/secure.gravatar.com\\\/avatar\\\/469fd857d6605ad19919d27ed29d35a968a25f6e8fd9318356bbb7f57aae9c65?s=96&d=mm&r=g\",\"width\":96,\"height\":96,\"caption\":\"da Reda\\u00e7\\u00e3o\"}},{\"@type\":\"WebPage\",\"@id\":\"https:\\\/\\\/www.jornalja.com.br\\\/arquivo\\\/quatro-governadores-na-despedida-a-carlos-araujo-que-fazia-politica-sem-odio\\\/#webpage\",\"url\":\"https:\\\/\\\/www.jornalja.com.br\\\/arquivo\\\/quatro-governadores-na-despedida-a-carlos-araujo-que-fazia-politica-sem-odio\\\/\",\"name\":\"Quatro governadores na despedida a Carlos Ara\\u00fajo, que fazia pol\\u00edtica sem \\u00f3dio | Arquivo\",\"inLanguage\":\"pt-BR\",\"isPartOf\":{\"@id\":\"https:\\\/\\\/www.jornalja.com.br\\\/arquivo\\\/#website\"},\"breadcrumb\":{\"@id\":\"https:\\\/\\\/www.jornalja.com.br\\\/arquivo\\\/quatro-governadores-na-despedida-a-carlos-araujo-que-fazia-politica-sem-odio\\\/#breadcrumblist\"},\"author\":{\"@id\":\"https:\\\/\\\/www.jornalja.com.br\\\/arquivo\\\/author\\\/daredacao\\\/#author\"},\"creator\":{\"@id\":\"https:\\\/\\\/www.jornalja.com.br\\\/arquivo\\\/author\\\/daredacao\\\/#author\"},\"image\":{\"@type\":\"ImageObject\",\"url\":53448,\"@id\":\"https:\\\/\\\/www.jornalja.com.br\\\/arquivo\\\/quatro-governadores-na-despedida-a-carlos-araujo-que-fazia-politica-sem-odio\\\/#mainImage\"},\"primaryImageOfPage\":{\"@id\":\"https:\\\/\\\/www.jornalja.com.br\\\/arquivo\\\/quatro-governadores-na-despedida-a-carlos-araujo-que-fazia-politica-sem-odio\\\/#mainImage\"},\"datePublished\":\"2017-08-14T11:22:34-03:00\",\"dateModified\":\"2017-08-14T11:22:34-03:00\"},{\"@type\":\"WebSite\",\"@id\":\"https:\\\/\\\/www.jornalja.com.br\\\/arquivo\\\/#website\",\"url\":\"https:\\\/\\\/www.jornalja.com.br\\\/arquivo\\\/\",\"name\":\"Arquivo\",\"description\":\"Jornal J\\u00c1 | Porto Alegre\",\"inLanguage\":\"pt-BR\",\"publisher\":{\"@id\":\"https:\\\/\\\/www.jornalja.com.br\\\/arquivo\\\/#organization\"}}]}\n\t\t<\/script>\n\t\t<!-- All in One SEO -->\n\n","aioseo_head_json":{"title":"Quatro governadores na despedida a Carlos Ara\u00fajo, que fazia pol\u00edtica sem \u00f3dio | Arquivo","description":"","canonical_url":"https:\/\/www.jornalja.com.br\/arquivo\/quatro-governadores-na-despedida-a-carlos-araujo-que-fazia-politica-sem-odio\/","robots":"max-image-preview:large","keywords":"","webmasterTools":{"miscellaneous":""},"schema":{"@context":"https:\/\/schema.org","@graph":[{"@type":"BlogPosting","@id":"https:\/\/www.jornalja.com.br\/arquivo\/quatro-governadores-na-despedida-a-carlos-araujo-que-fazia-politica-sem-odio\/#blogposting","name":"Quatro governadores na despedida a Carlos Ara\u00fajo, que fazia pol\u00edtica sem \u00f3dio | Arquivo","headline":"Quatro governadores na despedida a Carlos Ara\u00fajo, que fazia pol\u00edtica sem \u00f3dio","author":{"@id":"https:\/\/www.jornalja.com.br\/arquivo\/author\/daredacao\/#author"},"publisher":{"@id":"https:\/\/www.jornalja.com.br\/arquivo\/#organization"},"image":{"@type":"ImageObject","url":53448},"datePublished":"2017-08-14T11:22:34-03:00","dateModified":"2017-08-14T11:22:34-03:00","inLanguage":"pt-BR","mainEntityOfPage":{"@id":"https:\/\/www.jornalja.com.br\/arquivo\/quatro-governadores-na-despedida-a-carlos-araujo-que-fazia-politica-sem-odio\/#webpage"},"isPartOf":{"@id":"https:\/\/www.jornalja.com.br\/arquivo\/quatro-governadores-na-despedida-a-carlos-araujo-que-fazia-politica-sem-odio\/#webpage"},"articleSection":"Geral"},{"@type":"BreadcrumbList","@id":"https:\/\/www.jornalja.com.br\/arquivo\/quatro-governadores-na-despedida-a-carlos-araujo-que-fazia-politica-sem-odio\/#breadcrumblist","itemListElement":[{"@type":"ListItem","@id":"https:\/\/www.jornalja.com.br\/arquivo#listItem","position":1,"name":"Home","item":"https:\/\/www.jornalja.com.br\/arquivo","nextItem":{"@type":"ListItem","@id":"https:\/\/www.jornalja.com.br\/arquivo\/category\/geral\/#listItem","name":"Geral"}},{"@type":"ListItem","@id":"https:\/\/www.jornalja.com.br\/arquivo\/category\/geral\/#listItem","position":2,"name":"Geral","item":"https:\/\/www.jornalja.com.br\/arquivo\/category\/geral\/","nextItem":{"@type":"ListItem","@id":"https:\/\/www.jornalja.com.br\/arquivo\/quatro-governadores-na-despedida-a-carlos-araujo-que-fazia-politica-sem-odio\/#listItem","name":"Quatro governadores na despedida a Carlos Ara\u00fajo, que fazia pol\u00edtica sem \u00f3dio"},"previousItem":{"@type":"ListItem","@id":"https:\/\/www.jornalja.com.br\/arquivo#listItem","name":"Home"}},{"@type":"ListItem","@id":"https:\/\/www.jornalja.com.br\/arquivo\/quatro-governadores-na-despedida-a-carlos-araujo-que-fazia-politica-sem-odio\/#listItem","position":3,"name":"Quatro governadores na despedida a Carlos Ara\u00fajo, que fazia pol\u00edtica sem \u00f3dio","previousItem":{"@type":"ListItem","@id":"https:\/\/www.jornalja.com.br\/arquivo\/category\/geral\/#listItem","name":"Geral"}}]},{"@type":"Organization","@id":"https:\/\/www.jornalja.com.br\/arquivo\/#organization","name":"Jornal J\u00c1","description":"Jornal J\u00c1 | Porto Alegre","url":"https:\/\/www.jornalja.com.br\/arquivo\/","telephone":"+555133307272","logo":{"@type":"ImageObject","url":"https:\/\/www.jornalja.com.br\/wp-content\/uploads\/cards\/JAslogan.png","@id":"https:\/\/www.jornalja.com.br\/arquivo\/quatro-governadores-na-despedida-a-carlos-araujo-que-fazia-politica-sem-odio\/#organizationLogo"},"image":{"@id":"https:\/\/www.jornalja.com.br\/arquivo\/quatro-governadores-na-despedida-a-carlos-araujo-que-fazia-politica-sem-odio\/#organizationLogo"}},{"@type":"Person","@id":"https:\/\/www.jornalja.com.br\/arquivo\/author\/daredacao\/#author","url":"https:\/\/www.jornalja.com.br\/arquivo\/author\/daredacao\/","name":"da Reda\u00e7\u00e3o","image":{"@type":"ImageObject","@id":"https:\/\/www.jornalja.com.br\/arquivo\/quatro-governadores-na-despedida-a-carlos-araujo-que-fazia-politica-sem-odio\/#authorImage","url":"https:\/\/secure.gravatar.com\/avatar\/469fd857d6605ad19919d27ed29d35a968a25f6e8fd9318356bbb7f57aae9c65?s=96&d=mm&r=g","width":96,"height":96,"caption":"da Reda\u00e7\u00e3o"}},{"@type":"WebPage","@id":"https:\/\/www.jornalja.com.br\/arquivo\/quatro-governadores-na-despedida-a-carlos-araujo-que-fazia-politica-sem-odio\/#webpage","url":"https:\/\/www.jornalja.com.br\/arquivo\/quatro-governadores-na-despedida-a-carlos-araujo-que-fazia-politica-sem-odio\/","name":"Quatro governadores na despedida a Carlos Ara\u00fajo, que fazia pol\u00edtica sem \u00f3dio | Arquivo","inLanguage":"pt-BR","isPartOf":{"@id":"https:\/\/www.jornalja.com.br\/arquivo\/#website"},"breadcrumb":{"@id":"https:\/\/www.jornalja.com.br\/arquivo\/quatro-governadores-na-despedida-a-carlos-araujo-que-fazia-politica-sem-odio\/#breadcrumblist"},"author":{"@id":"https:\/\/www.jornalja.com.br\/arquivo\/author\/daredacao\/#author"},"creator":{"@id":"https:\/\/www.jornalja.com.br\/arquivo\/author\/daredacao\/#author"},"image":{"@type":"ImageObject","url":53448,"@id":"https:\/\/www.jornalja.com.br\/arquivo\/quatro-governadores-na-despedida-a-carlos-araujo-que-fazia-politica-sem-odio\/#mainImage"},"primaryImageOfPage":{"@id":"https:\/\/www.jornalja.com.br\/arquivo\/quatro-governadores-na-despedida-a-carlos-araujo-que-fazia-politica-sem-odio\/#mainImage"},"datePublished":"2017-08-14T11:22:34-03:00","dateModified":"2017-08-14T11:22:34-03:00"},{"@type":"WebSite","@id":"https:\/\/www.jornalja.com.br\/arquivo\/#website","url":"https:\/\/www.jornalja.com.br\/arquivo\/","name":"Arquivo","description":"Jornal J\u00c1 | Porto Alegre","inLanguage":"pt-BR","publisher":{"@id":"https:\/\/www.jornalja.com.br\/arquivo\/#organization"}}]},"og:locale":"pt_BR","og:site_name":"Arquivo | Jornal J\u00c1 | Porto Alegre","og:type":"article","og:title":"Quatro governadores na despedida a Carlos Ara\u00fajo, que fazia pol\u00edtica sem \u00f3dio | Arquivo","og:url":"https:\/\/www.jornalja.com.br\/arquivo\/quatro-governadores-na-despedida-a-carlos-araujo-que-fazia-politica-sem-odio\/","og:image":"https:\/\/www.jornalja.com.br\/economics\/wp-content\/uploads\/sites\/11\/2026\/08\/ja-folhaderosto-facebook.jpg","og:image:secure_url":"https:\/\/www.jornalja.com.br\/economics\/wp-content\/uploads\/sites\/11\/2026\/08\/ja-folhaderosto-facebook.jpg","article:published_time":"2017-08-14T14:22:34+00:00","article:modified_time":"2017-08-14T14:22:34+00:00","twitter:card":"summary","twitter:title":"Quatro governadores na despedida a Carlos Ara\u00fajo, que fazia pol\u00edtica sem \u00f3dio | Arquivo","twitter:image":"https:\/\/www.jornalja.com.br\/economics\/wp-content\/uploads\/sites\/11\/2026\/08\/ja-folhaderosto-facebook.jpg"},"aioseo_meta_data":{"post_id":"53439","title":null,"description":null,"keywords":null,"keyphrases":null,"primary_term":null,"canonical_url":null,"og_title":null,"og_description":null,"og_object_type":"default","og_image_type":"default","og_image_url":null,"og_image_width":null,"og_image_height":null,"og_image_custom_url":null,"og_image_custom_fields":null,"og_video":null,"og_custom_url":null,"og_article_section":null,"og_article_tags":null,"twitter_use_og":false,"twitter_card":"default","twitter_image_type":"default","twitter_image_url":null,"twitter_image_custom_url":null,"twitter_image_custom_fields":null,"twitter_title":null,"twitter_description":null,"schema":{"blockGraphs":[],"customGraphs":[],"default":{"data":{"Article":[],"Course":[],"Dataset":[],"FAQPage":[],"Movie":[],"Person":[],"Product":[],"ProductReview":[],"Car":[],"Recipe":[],"Service":[],"SoftwareApplication":[],"WebPage":[]},"graphName":"","isEnabled":true},"graphs":[]},"schema_type":null,"schema_type_options":null,"pillar_content":false,"robots_default":true,"robots_noindex":false,"robots_noarchive":false,"robots_nosnippet":false,"robots_nofollow":false,"robots_noimageindex":false,"robots_noodp":false,"robots_notranslate":false,"robots_max_snippet":null,"robots_max_videopreview":null,"robots_max_imagepreview":"large","priority":null,"frequency":null,"location":null,"local_seo":null,"breadcrumb_settings":null,"limit_modified_date":false,"ai":null,"created":"2020-12-20 20:26:59","updated":"2025-07-20 00:14:48","seo_analyzer_scan_date":null,"focus_keyword":null,"additional_keywords":null,"truseo_locale":null},"jetpack_sharing_enabled":true,"jetpack-related-posts":[{"id":14241,"url":"https:\/\/www.jornalja.com.br\/arquivo\/o-guaiba-nas-imagens-poeticas-de-achutti\/","url_meta":{"origin":53439,"position":0},"title":"O Gua\u00edba nas imagens po\u00e9ticas de Achutti","author":"da Reda\u00e7\u00e3o","date":"18 de junho de 2014","format":false,"excerpt":"Em \u201cO Gua\u00edba por Achutti\u201d \u2013 obra financiada via Minist\u00e9rio da Cultura, produ\u00e7\u00e3o executiva de Pedro Longhi, e Fl\u00e1vio Wild como designer \u2013, o fot\u00f3grafo revela a beleza e as mazelas de um espa\u00e7o aqu\u00e1tico de \u00e1guas sempre renovadas, cheio de hist\u00f3rias e lendas como as das cidades que foram\u2026","rel":"","context":"Em &quot;Cultura-Geral&quot;","block_context":{"text":"Cultura-Geral","link":"https:\/\/www.jornalja.com.br\/arquivo\/category\/materiasecundaria\/"},"img":{"alt_text":"","src":"","width":0,"height":0},"classes":[]},{"id":13128,"url":"https:\/\/www.jornalja.com.br\/arquivo\/maconha-terra-diz-que-uso-medicinal-e-desculpa\/","url_meta":{"origin":53439,"position":1},"title":"Maconha: Terra diz que uso medicinal \u00e9 desculpa","author":"Patr\u00edcia Marini","date":"4 de junho de 2014","format":false,"excerpt":"A condi\u00e7\u00e3o de pol\u00edtico, em \u00e9poca de campanha de campanha eleitoral, tira for\u00e7a do discurso do m\u00e9dico Osmar Terra contra a legaliza\u00e7\u00e3o da maconha. A tese dele de que a libera\u00e7\u00e3o vai ampliar exponencialmente o consumo \u00e9 discutivel, o consumo \u00e9 corrente. Mas seus alertas quanto aos riscos tem que\u2026","rel":"","context":"Em &quot;X.Categorias velhas&quot;","block_context":{"text":"X.Categorias velhas","link":"https:\/\/www.jornalja.com.br\/arquivo\/category\/x-categorias-velhas\/"},"img":{"alt_text":"","src":"","width":0,"height":0},"classes":[]},{"id":13240,"url":"https:\/\/www.jornalja.com.br\/arquivo\/plano-diretor-estamos-construindo-o-caos\/","url_meta":{"origin":53439,"position":2},"title":"Plano diretor: &quot;Estamos construindo o caos&quot;","author":"Patr\u00edcia Marini","date":"26 de maio de 2014","format":false,"excerpt":"Desabafo que arquiteta Eliana Castilhos, delegada da Regi\u00e3o de Planejamento 1, postou nas redes sociais \u00e9 um testemunho do ambiente que se criou no Conselho do Plano Diretor de Porto Alegre, onde a aprova\u00e7\u00e3o de grandes empreendimentos \u00e9 empurrada guela abaixo dos conselheiros. Ao CMDUA Como delegada da Regi\u00e3o de\u2026","rel":"","context":"Em &quot;Geral&quot;","block_context":{"text":"Geral","link":"https:\/\/www.jornalja.com.br\/arquivo\/category\/geral\/"},"img":{"alt_text":"","src":"","width":0,"height":0},"classes":[]},{"id":13124,"url":"https:\/\/www.jornalja.com.br\/arquivo\/sangue-latino-no-iecine\/","url_meta":{"origin":53439,"position":3},"title":"Sangue latino no IECINE","author":"da Reda\u00e7\u00e3o","date":"18 de maio de 2014","format":false,"excerpt":"Francisco Ribeiro O Instituto Estadual de Cinema (IECINE) tem a frente, desde abril \u00faltimo, um novo diretor, o cineasta colombiano Juan Zapata, 36, que substitui Luiz Alberto Cassol. Radicado h\u00e1 dez anos em Porto Alegre, Zapata tem diante de si o desafio de conduzir at\u00e9 o final do ano um\u2026","rel":"","context":"Em &quot;Cultura-Geral&quot;","block_context":{"text":"Cultura-Geral","link":"https:\/\/www.jornalja.com.br\/arquivo\/category\/materiasecundaria\/"},"img":{"alt_text":"","src":"","width":0,"height":0},"classes":[]},{"id":5440,"url":"https:\/\/www.jornalja.com.br\/arquivo\/casarao-da-venancio-destino-permanece-incerto\/","url_meta":{"origin":53439,"position":4},"title":"Estado ainda n\u00e3o sabe o que fazer com casar\u00e3o abandonado h\u00e1 20 anos","author":"Elmar Bones","date":"6 de julho de 2009","format":false,"excerpt":"O casar\u00e3o amarelo, numa esquina nobre de Porto Alegre (Ven\u00e2ncio Aires com Jo\u00e3o Pessoa), j\u00e1 abrigou uma escola. H\u00e1 duas d\u00e9cadas, pelo menos, est\u00e1 abandonado, porque seu propriet\u00e1rio, o governo do Estado do Rio Grande do Sul, n\u00e3o consegue achar um destino para ele. Planos n\u00e3o faltaram. O governador Ol\u00edvio\u2026","rel":"","context":"Em &quot;X.Categorias velhas&quot;","block_context":{"text":"X.Categorias velhas","link":"https:\/\/www.jornalja.com.br\/arquivo\/category\/x-categorias-velhas\/"},"img":{"alt_text":"geraldo1","src":"https:\/\/i0.wp.com\/www.jornalja.com.br\/wp-content\/uploads\/2009\/07\/geraldo1.jpg?resize=350%2C200&ssl=1","width":350,"height":200},"classes":[]}],"jetpack_shortlink":"https:\/\/wp.me\/pbQjBd-dTV","jetpack_featured_media_url":"","_links":{"self":[{"href":"https:\/\/www.jornalja.com.br\/arquivo\/wp-json\/wp\/v2\/posts\/53439","targetHints":{"allow":["GET"]}}],"collection":[{"href":"https:\/\/www.jornalja.com.br\/arquivo\/wp-json\/wp\/v2\/posts"}],"about":[{"href":"https:\/\/www.jornalja.com.br\/arquivo\/wp-json\/wp\/v2\/types\/post"}],"author":[{"embeddable":true,"href":"https:\/\/www.jornalja.com.br\/arquivo\/wp-json\/wp\/v2\/users\/4"}],"replies":[{"embeddable":true,"href":"https:\/\/www.jornalja.com.br\/arquivo\/wp-json\/wp\/v2\/comments?post=53439"}],"version-history":[{"count":0,"href":"https:\/\/www.jornalja.com.br\/arquivo\/wp-json\/wp\/v2\/posts\/53439\/revisions"}],"wp:attachment":[{"href":"https:\/\/www.jornalja.com.br\/arquivo\/wp-json\/wp\/v2\/media?parent=53439"}],"wp:term":[{"taxonomy":"category","embeddable":true,"href":"https:\/\/www.jornalja.com.br\/arquivo\/wp-json\/wp\/v2\/categories?post=53439"},{"taxonomy":"post_tag","embeddable":true,"href":"https:\/\/www.jornalja.com.br\/arquivo\/wp-json\/wp\/v2\/tags?post=53439"}],"curies":[{"name":"wp","href":"https:\/\/api.w.org\/{rel}","templated":true}]}}