{"id":53475,"date":"2017-08-14T22:33:09","date_gmt":"2017-08-15T01:33:09","guid":{"rendered":"https:\/\/www.jornalja.com.br\/?p=53475"},"modified":"2017-08-14T22:33:09","modified_gmt":"2017-08-15T01:33:09","slug":"secretario-de-servicos-urbanos-defende-parcerias-privadas-nao-ha-recursos-publicos","status":"publish","type":"post","link":"https:\/\/www.jornalja.com.br\/arquivo\/secretario-de-servicos-urbanos-defende-parcerias-privadas-nao-ha-recursos-publicos\/","title":{"rendered":"Secret\u00e1rio de servi\u00e7os urbanos defende parcerias privadas: n\u00e3o h\u00e1 recursos p\u00fablicos"},"content":{"rendered":"<p>Ap\u00f3s receber convite, o secret\u00e1rio Municipal de Servi\u00e7os Urbanos, Ramiro Ros\u00e1rio esteve presente nesta segunda, 14\/08, na C\u00e2mara de Vereadores de Porto Alegre, explicando as atuais fun\u00e7\u00f5es da pasta e respondendo questionamentos dos parlamentares.<br \/>\nPara ele, as parcerias p\u00fablico-privadas ser\u00e3o essenciais para que os departamentos possam fazer maiores investimentos, j\u00e1 que n\u00e3o h\u00e1 recursos p\u00fablicos pr\u00f3prios suficientes. &#8220;N\u00e3o temos condi\u00e7\u00f5es de fazer um investimento t\u00e3o grandioso&#8221; explicou o secret\u00e1rio, ao referir-se aos 2,2 bilh\u00f5es necess\u00e1rios para o saneamento, segundo a Prefeitura.<br \/>\nPor meio de slides, Ros\u00e1rio apresentou o funcionamento da pasta que hoje controla seis departamentos de servi\u00e7os p\u00fablicos: o DEP (esgotos pluviais), DMAE (\u00e1gua e esgoto), DIP (ilumina\u00e7\u00e3o p\u00fablica), DMLU (limpeza urbana), DCVU (conserva\u00e7\u00e3o de vias urbanas) e arboriza\u00e7\u00e3o.<br \/>\nFoi apresentado um gr\u00e1fico com o percentual de demandas atendidas em cada departamento quando solicitado atrav\u00e9s do 156. Dmae, DIP e DMLU lideraram os \u00edndice com mais de 90% da ocorr\u00eancias atendidas.<br \/>\n<figure id=\"attachment_53488\" aria-describedby=\"caption-attachment-53488\" style=\"width: 766px\" class=\"wp-caption alignleft\"><img loading=\"lazy\" decoding=\"async\" class=\"size-full wp-image-53488\" src=\"https:\/\/www.jornalja.com.br\/wp-content\/uploads\/2017\/08\/servi\u00e7osurbanos.jpg\" alt=\"\" width=\"766\" height=\"484\" \/><figcaption id=\"caption-attachment-53488\" class=\"wp-caption-text\">Fonte: Secretaria Municipal de Servi\u00e7os Urbanos<\/figcaption><\/figure><br \/>\n<span class=\"intertit\"><strong>PPP&#8217;s ser\u00e3o foco na gest\u00e3o<\/strong><\/span><br \/>\nRamiro defendeu na tribuna o que alcunhou de &#8220;chamamento PPP&#8221;.<br \/>\nPara o DIP, o secret\u00e1rio comemorou na tribuna o primeiro processo de licita\u00e7\u00e3o j\u00e1 aberto. &#8220;Esperamos em maio, junho do ano que vem, divulgar a empresa ou cons\u00f3rcio vencedor que ir\u00e1 fazer toda ilumina\u00e7\u00e3o da cidade, deixando-a mais segura&#8221;, destacou.<br \/>\nO secret\u00e1rio tamb\u00e9m ressaltou o que j\u00e1 foi feito na sua gest\u00e3o. S\u00e3o 28 mutir\u00f5es de limpezas em pra\u00e7as e ruas, revis\u00e3o nos contratos de servi\u00e7os e o aumento na fiscaliza\u00e7\u00e3o e multa para quem comete polui\u00e7\u00e3o ou alguma irregularidade ambiental.<br \/>\nEm sete meses de atua\u00e7\u00e3o, a pasta diz ter faturado R$ 2,2 milh\u00f5es provenientes de multas, quase o mesmo arrecadado nos \u00faltimos tr\u00eas anos, que somou o total de R$ 2,6 milh\u00f5es.<br \/>\n<span class=\"intertit\"><strong>Corrup\u00e7\u00e3o no DEP tamb\u00e9m foi assunto<\/strong><\/span><br \/>\nParlamentares da oposi\u00e7\u00e3o, como os vereadores do PSOL Roberto Robaina e Fernanda Melchionna, questionaram os contratos do DEP e as den\u00fancias de corrup\u00e7\u00e3o no departamento. &#8220;Pedimos uma CPI do DEP desde o come\u00e7o do ano nessa casa e n\u00e3o recebemos nenhuma assinatura da base do governo, se tiv\u00e9ssemos o apoio do secret\u00e1rio esse quadro poderia reverter&#8221;, expressou o vereador Robaina em sua fala.<br \/>\nRamiro alegou que as investiga\u00e7\u00f5es j\u00e1 est\u00e3o sendo feitas pelo Minist\u00e9rio P\u00fablico e pela Procuradoria Geral do Munic\u00edpio atrav\u00e9s de uma auditoria e que est\u00e1 colaborando de todas as formas. &#8220;As portas e os atuais contratos est\u00e3o abertos para os vereadores olharem&#8221;, afirmou o secret\u00e1rio.<br \/>\nRamiro disse tamb\u00e9m que para evitar novas fraudes a Secretaria est\u00e1 sendo criteriosa em rela\u00e7\u00e3o ao contratos: &#8220;Estamos utilizando ferramentas tecnol\u00f3gicas que aprimorem esse controle&#8221;, explicou. Segundo o secret\u00e1rio, os novos contratos firmados devem ter as seguintes obriga\u00e7\u00f5es para as empresas: fotos do antes e depois das obras, GPS nas equipes de trabalho, e ganho por produtividade. O DEP est\u00e1 sendo usado como piloto e o modelo deve se espalhar pelos outros departamentos geridos pela pasta, avisou o secret\u00e1rio.<\/p>\n","protected":false},"excerpt":{"rendered":"<p>Ap\u00f3s receber convite, o secret\u00e1rio Municipal de Servi\u00e7os Urbanos, Ramiro Ros\u00e1rio esteve presente nesta segunda, 14\/08, na C\u00e2mara de Vereadores de Porto Alegre, explicando as atuais fun\u00e7\u00f5es da pasta e respondendo questionamentos dos parlamentares. Para ele, as parcerias p\u00fablico-privadas ser\u00e3o essenciais para que os departamentos possam fazer maiores investimentos, j\u00e1 que n\u00e3o h\u00e1 recursos p\u00fablicos [&hellip;]<\/p>\n","protected":false},"author":4,"featured_media":53486,"comment_status":"open","ping_status":"closed","sticky":false,"template":"","format":"standard","meta":{"_jetpack_newsletter_access":"","_jetpack_dont_email_post_to_subs":false,"_jetpack_newsletter_tier_id":0,"_jetpack_memberships_contains_paywalled_content":false,"_jetpack_feature_clip_id":0,"_jetpack_memberships_contains_paid_content":false,"footnotes":"","jetpack_post_was_ever_published":false},"categories":[26],"tags":[],"class_list":["post-53475","post","type-post","status-publish","format-standard","has-post-thumbnail","hentry","category-geral"],"aioseo_notices":[],"aioseo_head":"\n\t\t<!-- All in One SEO 5.0.1.1 - aioseo.com -->\n\t<meta name=\"robots\" content=\"max-image-preview:large\" \/>\n\t<meta name=\"author\" content=\"da Reda\u00e7\u00e3o\"\/>\n\t<link rel=\"canonical\" href=\"https:\/\/www.jornalja.com.br\/arquivo\/secretario-de-servicos-urbanos-defende-parcerias-privadas-nao-ha-recursos-publicos\/\" \/>\n\t<meta name=\"generator\" content=\"All in One SEO (AIOSEO) 5.0.1.1\" \/>\n\t\t<meta property=\"og:locale\" content=\"pt_BR\" \/>\n\t\t<meta property=\"og:site_name\" content=\"Arquivo | Jornal J\u00c1 | Porto Alegre\" \/>\n\t\t<meta property=\"og:type\" content=\"article\" \/>\n\t\t<meta property=\"og:title\" content=\"Secret\u00e1rio de servi\u00e7os urbanos defende parcerias privadas: n\u00e3o h\u00e1 recursos p\u00fablicos | Arquivo\" \/>\n\t\t<meta property=\"og:url\" content=\"https:\/\/www.jornalja.com.br\/arquivo\/secretario-de-servicos-urbanos-defende-parcerias-privadas-nao-ha-recursos-publicos\/\" \/>\n\t\t<meta property=\"og:image\" content=\"https:\/\/www.jornalja.com.br\/wp-content\/uploads\/2017\/08\/servi\u00e7osurbanos.jpg\" \/>\n\t\t<meta property=\"og:image:secure_url\" content=\"https:\/\/www.jornalja.com.br\/wp-content\/uploads\/2017\/08\/servi\u00e7osurbanos.jpg\" \/>\n\t\t<meta property=\"article:published_time\" content=\"2017-08-15T01:33:09+00:00\" \/>\n\t\t<meta property=\"article:modified_time\" content=\"2017-08-15T01:33:09+00:00\" \/>\n\t\t<meta name=\"twitter:card\" content=\"summary\" \/>\n\t\t<meta name=\"twitter:title\" content=\"Secret\u00e1rio de servi\u00e7os urbanos defende parcerias privadas: n\u00e3o h\u00e1 recursos p\u00fablicos | Arquivo\" \/>\n\t\t<meta name=\"twitter:image\" content=\"https:\/\/www.jornalja.com.br\/economics\/wp-content\/uploads\/sites\/11\/2026\/08\/ja-folhaderosto-facebook.jpg\" \/>\n\t\t<script type=\"application\/ld+json\" class=\"aioseo-schema\">\n\t\t\t{\"@context\":\"https:\\\/\\\/schema.org\",\"@graph\":[{\"@type\":\"BlogPosting\",\"@id\":\"https:\\\/\\\/www.jornalja.com.br\\\/arquivo\\\/secretario-de-servicos-urbanos-defende-parcerias-privadas-nao-ha-recursos-publicos\\\/#blogposting\",\"name\":\"Secret\\u00e1rio de servi\\u00e7os urbanos defende parcerias privadas: n\\u00e3o h\\u00e1 recursos p\\u00fablicos | Arquivo\",\"headline\":\"Secret\\u00e1rio de servi\\u00e7os urbanos defende parcerias privadas: n\\u00e3o h\\u00e1 recursos p\\u00fablicos\",\"author\":{\"@id\":\"https:\\\/\\\/www.jornalja.com.br\\\/arquivo\\\/author\\\/daredacao\\\/#author\"},\"publisher\":{\"@id\":\"https:\\\/\\\/www.jornalja.com.br\\\/arquivo\\\/#organization\"},\"image\":{\"@type\":\"ImageObject\",\"url\":53486},\"datePublished\":\"2017-08-14T22:33:09-03:00\",\"dateModified\":\"2017-08-14T22:33:09-03:00\",\"inLanguage\":\"pt-BR\",\"commentCount\":1,\"mainEntityOfPage\":{\"@id\":\"https:\\\/\\\/www.jornalja.com.br\\\/arquivo\\\/secretario-de-servicos-urbanos-defende-parcerias-privadas-nao-ha-recursos-publicos\\\/#webpage\"},\"isPartOf\":{\"@id\":\"https:\\\/\\\/www.jornalja.com.br\\\/arquivo\\\/secretario-de-servicos-urbanos-defende-parcerias-privadas-nao-ha-recursos-publicos\\\/#webpage\"},\"articleSection\":\"Geral\"},{\"@type\":\"BreadcrumbList\",\"@id\":\"https:\\\/\\\/www.jornalja.com.br\\\/arquivo\\\/secretario-de-servicos-urbanos-defende-parcerias-privadas-nao-ha-recursos-publicos\\\/#breadcrumblist\",\"itemListElement\":[{\"@type\":\"ListItem\",\"@id\":\"https:\\\/\\\/www.jornalja.com.br\\\/arquivo#listItem\",\"position\":1,\"name\":\"Home\",\"item\":\"https:\\\/\\\/www.jornalja.com.br\\\/arquivo\",\"nextItem\":{\"@type\":\"ListItem\",\"@id\":\"https:\\\/\\\/www.jornalja.com.br\\\/arquivo\\\/category\\\/geral\\\/#listItem\",\"name\":\"Geral\"}},{\"@type\":\"ListItem\",\"@id\":\"https:\\\/\\\/www.jornalja.com.br\\\/arquivo\\\/category\\\/geral\\\/#listItem\",\"position\":2,\"name\":\"Geral\",\"item\":\"https:\\\/\\\/www.jornalja.com.br\\\/arquivo\\\/category\\\/geral\\\/\",\"nextItem\":{\"@type\":\"ListItem\",\"@id\":\"https:\\\/\\\/www.jornalja.com.br\\\/arquivo\\\/secretario-de-servicos-urbanos-defende-parcerias-privadas-nao-ha-recursos-publicos\\\/#listItem\",\"name\":\"Secret\\u00e1rio de servi\\u00e7os urbanos defende parcerias privadas: n\\u00e3o h\\u00e1 recursos p\\u00fablicos\"},\"previousItem\":{\"@type\":\"ListItem\",\"@id\":\"https:\\\/\\\/www.jornalja.com.br\\\/arquivo#listItem\",\"name\":\"Home\"}},{\"@type\":\"ListItem\",\"@id\":\"https:\\\/\\\/www.jornalja.com.br\\\/arquivo\\\/secretario-de-servicos-urbanos-defende-parcerias-privadas-nao-ha-recursos-publicos\\\/#listItem\",\"position\":3,\"name\":\"Secret\\u00e1rio de servi\\u00e7os urbanos defende parcerias privadas: n\\u00e3o h\\u00e1 recursos p\\u00fablicos\",\"previousItem\":{\"@type\":\"ListItem\",\"@id\":\"https:\\\/\\\/www.jornalja.com.br\\\/arquivo\\\/category\\\/geral\\\/#listItem\",\"name\":\"Geral\"}}]},{\"@type\":\"Organization\",\"@id\":\"https:\\\/\\\/www.jornalja.com.br\\\/arquivo\\\/#organization\",\"name\":\"Jornal J\\u00c1\",\"description\":\"Jornal J\\u00c1 | Porto Alegre\",\"url\":\"https:\\\/\\\/www.jornalja.com.br\\\/arquivo\\\/\",\"telephone\":\"+555133307272\",\"logo\":{\"@type\":\"ImageObject\",\"url\":\"https:\\\/\\\/www.jornalja.com.br\\\/wp-content\\\/uploads\\\/cards\\\/JAslogan.png\",\"@id\":\"https:\\\/\\\/www.jornalja.com.br\\\/arquivo\\\/secretario-de-servicos-urbanos-defende-parcerias-privadas-nao-ha-recursos-publicos\\\/#organizationLogo\"},\"image\":{\"@id\":\"https:\\\/\\\/www.jornalja.com.br\\\/arquivo\\\/secretario-de-servicos-urbanos-defende-parcerias-privadas-nao-ha-recursos-publicos\\\/#organizationLogo\"}},{\"@type\":\"Person\",\"@id\":\"https:\\\/\\\/www.jornalja.com.br\\\/arquivo\\\/author\\\/daredacao\\\/#author\",\"url\":\"https:\\\/\\\/www.jornalja.com.br\\\/arquivo\\\/author\\\/daredacao\\\/\",\"name\":\"da Reda\\u00e7\\u00e3o\",\"image\":{\"@type\":\"ImageObject\",\"@id\":\"https:\\\/\\\/www.jornalja.com.br\\\/arquivo\\\/secretario-de-servicos-urbanos-defende-parcerias-privadas-nao-ha-recursos-publicos\\\/#authorImage\",\"url\":\"https:\\\/\\\/secure.gravatar.com\\\/avatar\\\/469fd857d6605ad19919d27ed29d35a968a25f6e8fd9318356bbb7f57aae9c65?s=96&d=mm&r=g\",\"width\":96,\"height\":96,\"caption\":\"da Reda\\u00e7\\u00e3o\"}},{\"@type\":\"WebPage\",\"@id\":\"https:\\\/\\\/www.jornalja.com.br\\\/arquivo\\\/secretario-de-servicos-urbanos-defende-parcerias-privadas-nao-ha-recursos-publicos\\\/#webpage\",\"url\":\"https:\\\/\\\/www.jornalja.com.br\\\/arquivo\\\/secretario-de-servicos-urbanos-defende-parcerias-privadas-nao-ha-recursos-publicos\\\/\",\"name\":\"Secret\\u00e1rio de servi\\u00e7os urbanos defende parcerias privadas: n\\u00e3o h\\u00e1 recursos p\\u00fablicos | Arquivo\",\"inLanguage\":\"pt-BR\",\"isPartOf\":{\"@id\":\"https:\\\/\\\/www.jornalja.com.br\\\/arquivo\\\/#website\"},\"breadcrumb\":{\"@id\":\"https:\\\/\\\/www.jornalja.com.br\\\/arquivo\\\/secretario-de-servicos-urbanos-defende-parcerias-privadas-nao-ha-recursos-publicos\\\/#breadcrumblist\"},\"author\":{\"@id\":\"https:\\\/\\\/www.jornalja.com.br\\\/arquivo\\\/author\\\/daredacao\\\/#author\"},\"creator\":{\"@id\":\"https:\\\/\\\/www.jornalja.com.br\\\/arquivo\\\/author\\\/daredacao\\\/#author\"},\"image\":{\"@type\":\"ImageObject\",\"url\":53486,\"@id\":\"https:\\\/\\\/www.jornalja.com.br\\\/arquivo\\\/secretario-de-servicos-urbanos-defende-parcerias-privadas-nao-ha-recursos-publicos\\\/#mainImage\"},\"primaryImageOfPage\":{\"@id\":\"https:\\\/\\\/www.jornalja.com.br\\\/arquivo\\\/secretario-de-servicos-urbanos-defende-parcerias-privadas-nao-ha-recursos-publicos\\\/#mainImage\"},\"datePublished\":\"2017-08-14T22:33:09-03:00\",\"dateModified\":\"2017-08-14T22:33:09-03:00\"},{\"@type\":\"WebSite\",\"@id\":\"https:\\\/\\\/www.jornalja.com.br\\\/arquivo\\\/#website\",\"url\":\"https:\\\/\\\/www.jornalja.com.br\\\/arquivo\\\/\",\"name\":\"Arquivo\",\"description\":\"Jornal J\\u00c1 | Porto Alegre\",\"inLanguage\":\"pt-BR\",\"publisher\":{\"@id\":\"https:\\\/\\\/www.jornalja.com.br\\\/arquivo\\\/#organization\"}}]}\n\t\t<\/script>\n\t\t<!-- All in One SEO -->\n\n","aioseo_head_json":{"title":"Secret\u00e1rio de servi\u00e7os urbanos defende parcerias privadas: n\u00e3o h\u00e1 recursos p\u00fablicos | Arquivo","description":"","canonical_url":"https:\/\/www.jornalja.com.br\/arquivo\/secretario-de-servicos-urbanos-defende-parcerias-privadas-nao-ha-recursos-publicos\/","robots":"max-image-preview:large","keywords":"","webmasterTools":{"miscellaneous":""},"schema":{"@context":"https:\/\/schema.org","@graph":[{"@type":"BlogPosting","@id":"https:\/\/www.jornalja.com.br\/arquivo\/secretario-de-servicos-urbanos-defende-parcerias-privadas-nao-ha-recursos-publicos\/#blogposting","name":"Secret\u00e1rio de servi\u00e7os urbanos defende parcerias privadas: n\u00e3o h\u00e1 recursos p\u00fablicos | Arquivo","headline":"Secret\u00e1rio de servi\u00e7os urbanos defende parcerias privadas: n\u00e3o h\u00e1 recursos p\u00fablicos","author":{"@id":"https:\/\/www.jornalja.com.br\/arquivo\/author\/daredacao\/#author"},"publisher":{"@id":"https:\/\/www.jornalja.com.br\/arquivo\/#organization"},"image":{"@type":"ImageObject","url":53486},"datePublished":"2017-08-14T22:33:09-03:00","dateModified":"2017-08-14T22:33:09-03:00","inLanguage":"pt-BR","commentCount":1,"mainEntityOfPage":{"@id":"https:\/\/www.jornalja.com.br\/arquivo\/secretario-de-servicos-urbanos-defende-parcerias-privadas-nao-ha-recursos-publicos\/#webpage"},"isPartOf":{"@id":"https:\/\/www.jornalja.com.br\/arquivo\/secretario-de-servicos-urbanos-defende-parcerias-privadas-nao-ha-recursos-publicos\/#webpage"},"articleSection":"Geral"},{"@type":"BreadcrumbList","@id":"https:\/\/www.jornalja.com.br\/arquivo\/secretario-de-servicos-urbanos-defende-parcerias-privadas-nao-ha-recursos-publicos\/#breadcrumblist","itemListElement":[{"@type":"ListItem","@id":"https:\/\/www.jornalja.com.br\/arquivo#listItem","position":1,"name":"Home","item":"https:\/\/www.jornalja.com.br\/arquivo","nextItem":{"@type":"ListItem","@id":"https:\/\/www.jornalja.com.br\/arquivo\/category\/geral\/#listItem","name":"Geral"}},{"@type":"ListItem","@id":"https:\/\/www.jornalja.com.br\/arquivo\/category\/geral\/#listItem","position":2,"name":"Geral","item":"https:\/\/www.jornalja.com.br\/arquivo\/category\/geral\/","nextItem":{"@type":"ListItem","@id":"https:\/\/www.jornalja.com.br\/arquivo\/secretario-de-servicos-urbanos-defende-parcerias-privadas-nao-ha-recursos-publicos\/#listItem","name":"Secret\u00e1rio de servi\u00e7os urbanos defende parcerias privadas: n\u00e3o h\u00e1 recursos p\u00fablicos"},"previousItem":{"@type":"ListItem","@id":"https:\/\/www.jornalja.com.br\/arquivo#listItem","name":"Home"}},{"@type":"ListItem","@id":"https:\/\/www.jornalja.com.br\/arquivo\/secretario-de-servicos-urbanos-defende-parcerias-privadas-nao-ha-recursos-publicos\/#listItem","position":3,"name":"Secret\u00e1rio de servi\u00e7os urbanos defende parcerias privadas: n\u00e3o h\u00e1 recursos p\u00fablicos","previousItem":{"@type":"ListItem","@id":"https:\/\/www.jornalja.com.br\/arquivo\/category\/geral\/#listItem","name":"Geral"}}]},{"@type":"Organization","@id":"https:\/\/www.jornalja.com.br\/arquivo\/#organization","name":"Jornal J\u00c1","description":"Jornal J\u00c1 | Porto Alegre","url":"https:\/\/www.jornalja.com.br\/arquivo\/","telephone":"+555133307272","logo":{"@type":"ImageObject","url":"https:\/\/www.jornalja.com.br\/wp-content\/uploads\/cards\/JAslogan.png","@id":"https:\/\/www.jornalja.com.br\/arquivo\/secretario-de-servicos-urbanos-defende-parcerias-privadas-nao-ha-recursos-publicos\/#organizationLogo"},"image":{"@id":"https:\/\/www.jornalja.com.br\/arquivo\/secretario-de-servicos-urbanos-defende-parcerias-privadas-nao-ha-recursos-publicos\/#organizationLogo"}},{"@type":"Person","@id":"https:\/\/www.jornalja.com.br\/arquivo\/author\/daredacao\/#author","url":"https:\/\/www.jornalja.com.br\/arquivo\/author\/daredacao\/","name":"da Reda\u00e7\u00e3o","image":{"@type":"ImageObject","@id":"https:\/\/www.jornalja.com.br\/arquivo\/secretario-de-servicos-urbanos-defende-parcerias-privadas-nao-ha-recursos-publicos\/#authorImage","url":"https:\/\/secure.gravatar.com\/avatar\/469fd857d6605ad19919d27ed29d35a968a25f6e8fd9318356bbb7f57aae9c65?s=96&d=mm&r=g","width":96,"height":96,"caption":"da Reda\u00e7\u00e3o"}},{"@type":"WebPage","@id":"https:\/\/www.jornalja.com.br\/arquivo\/secretario-de-servicos-urbanos-defende-parcerias-privadas-nao-ha-recursos-publicos\/#webpage","url":"https:\/\/www.jornalja.com.br\/arquivo\/secretario-de-servicos-urbanos-defende-parcerias-privadas-nao-ha-recursos-publicos\/","name":"Secret\u00e1rio de servi\u00e7os urbanos defende parcerias privadas: n\u00e3o h\u00e1 recursos p\u00fablicos | Arquivo","inLanguage":"pt-BR","isPartOf":{"@id":"https:\/\/www.jornalja.com.br\/arquivo\/#website"},"breadcrumb":{"@id":"https:\/\/www.jornalja.com.br\/arquivo\/secretario-de-servicos-urbanos-defende-parcerias-privadas-nao-ha-recursos-publicos\/#breadcrumblist"},"author":{"@id":"https:\/\/www.jornalja.com.br\/arquivo\/author\/daredacao\/#author"},"creator":{"@id":"https:\/\/www.jornalja.com.br\/arquivo\/author\/daredacao\/#author"},"image":{"@type":"ImageObject","url":53486,"@id":"https:\/\/www.jornalja.com.br\/arquivo\/secretario-de-servicos-urbanos-defende-parcerias-privadas-nao-ha-recursos-publicos\/#mainImage"},"primaryImageOfPage":{"@id":"https:\/\/www.jornalja.com.br\/arquivo\/secretario-de-servicos-urbanos-defende-parcerias-privadas-nao-ha-recursos-publicos\/#mainImage"},"datePublished":"2017-08-14T22:33:09-03:00","dateModified":"2017-08-14T22:33:09-03:00"},{"@type":"WebSite","@id":"https:\/\/www.jornalja.com.br\/arquivo\/#website","url":"https:\/\/www.jornalja.com.br\/arquivo\/","name":"Arquivo","description":"Jornal J\u00c1 | Porto Alegre","inLanguage":"pt-BR","publisher":{"@id":"https:\/\/www.jornalja.com.br\/arquivo\/#organization"}}]},"og:locale":"pt_BR","og:site_name":"Arquivo | Jornal J\u00c1 | Porto Alegre","og:type":"article","og:title":"Secret\u00e1rio de servi\u00e7os urbanos defende parcerias privadas: n\u00e3o h\u00e1 recursos p\u00fablicos | Arquivo","og:url":"https:\/\/www.jornalja.com.br\/arquivo\/secretario-de-servicos-urbanos-defende-parcerias-privadas-nao-ha-recursos-publicos\/","og:image":"https:\/\/www.jornalja.com.br\/wp-content\/uploads\/2017\/08\/servi\u00e7osurbanos.jpg","og:image:secure_url":"https:\/\/www.jornalja.com.br\/wp-content\/uploads\/2017\/08\/servi\u00e7osurbanos.jpg","article:published_time":"2017-08-15T01:33:09+00:00","article:modified_time":"2017-08-15T01:33:09+00:00","twitter:card":"summary","twitter:title":"Secret\u00e1rio de servi\u00e7os urbanos defende parcerias privadas: n\u00e3o h\u00e1 recursos p\u00fablicos | Arquivo","twitter:image":"https:\/\/www.jornalja.com.br\/economics\/wp-content\/uploads\/sites\/11\/2026\/08\/ja-folhaderosto-facebook.jpg"},"aioseo_meta_data":{"post_id":"53475","title":null,"description":null,"keywords":null,"keyphrases":null,"primary_term":null,"canonical_url":null,"og_title":null,"og_description":null,"og_object_type":"default","og_image_type":"default","og_image_url":null,"og_image_width":null,"og_image_height":null,"og_image_custom_url":null,"og_image_custom_fields":null,"og_video":null,"og_custom_url":null,"og_article_section":null,"og_article_tags":null,"twitter_use_og":false,"twitter_card":"default","twitter_image_type":"default","twitter_image_url":null,"twitter_image_custom_url":null,"twitter_image_custom_fields":null,"twitter_title":null,"twitter_description":null,"schema":{"blockGraphs":[],"customGraphs":[],"default":{"data":{"Article":[],"Course":[],"Dataset":[],"FAQPage":[],"Movie":[],"Person":[],"Product":[],"ProductReview":[],"Car":[],"Recipe":[],"Service":[],"SoftwareApplication":[],"WebPage":[]},"graphName":"","isEnabled":true},"graphs":[],"defaultGraph":"","defaultPostTypeGraph":""},"schema_type":null,"schema_type_options":null,"pillar_content":false,"robots_default":true,"robots_noindex":false,"robots_noarchive":false,"robots_nosnippet":false,"robots_nofollow":false,"robots_noimageindex":false,"robots_noodp":false,"robots_notranslate":false,"robots_max_snippet":null,"robots_max_videopreview":null,"robots_max_imagepreview":"large","priority":null,"frequency":null,"location":null,"local_seo":null,"breadcrumb_settings":null,"limit_modified_date":false,"ai":null,"created":"2020-12-20 20:26:59","updated":"2025-07-20 00:15:41","seo_analyzer_scan_date":null,"focus_keyword":null,"additional_keywords":null,"truseo_locale":null},"jetpack_sharing_enabled":true,"jetpack-related-posts":[{"id":5440,"url":"https:\/\/www.jornalja.com.br\/arquivo\/casarao-da-venancio-destino-permanece-incerto\/","url_meta":{"origin":53475,"position":0},"title":"Estado ainda n\u00e3o sabe o que fazer com casar\u00e3o abandonado h\u00e1 20 anos","author":"Elmar Bones","date":"6 de julho de 2009","format":false,"excerpt":"O casar\u00e3o amarelo, numa esquina nobre de Porto Alegre (Ven\u00e2ncio Aires com Jo\u00e3o Pessoa), j\u00e1 abrigou uma escola. H\u00e1 duas d\u00e9cadas, pelo menos, est\u00e1 abandonado, porque seu propriet\u00e1rio, o governo do Estado do Rio Grande do Sul, n\u00e3o consegue achar um destino para ele. Planos n\u00e3o faltaram. O governador Ol\u00edvio\u2026","rel":"","context":"Em &quot;X.Categorias velhas&quot;","block_context":{"text":"X.Categorias velhas","link":"https:\/\/www.jornalja.com.br\/arquivo\/category\/x-categorias-velhas\/"},"img":{"alt_text":"geraldo1","src":"https:\/\/i0.wp.com\/www.jornalja.com.br\/wp-content\/uploads\/2009\/07\/geraldo1.jpg?resize=350%2C200&ssl=1","width":350,"height":200},"classes":[]},{"id":14241,"url":"https:\/\/www.jornalja.com.br\/arquivo\/o-guaiba-nas-imagens-poeticas-de-achutti\/","url_meta":{"origin":53475,"position":1},"title":"O Gua\u00edba nas imagens po\u00e9ticas de Achutti","author":"da Reda\u00e7\u00e3o","date":"18 de junho de 2014","format":false,"excerpt":"Em \u201cO Gua\u00edba por Achutti\u201d \u2013 obra financiada via Minist\u00e9rio da Cultura, produ\u00e7\u00e3o executiva de Pedro Longhi, e Fl\u00e1vio Wild como designer \u2013, o fot\u00f3grafo revela a beleza e as mazelas de um espa\u00e7o aqu\u00e1tico de \u00e1guas sempre renovadas, cheio de hist\u00f3rias e lendas como as das cidades que foram\u2026","rel":"","context":"Em &quot;Cultura-Geral&quot;","block_context":{"text":"Cultura-Geral","link":"https:\/\/www.jornalja.com.br\/arquivo\/category\/materiasecundaria\/"},"img":{"alt_text":"","src":"","width":0,"height":0},"classes":[]},{"id":13239,"url":"https:\/\/www.jornalja.com.br\/arquivo\/conselho-desdenha-do-plano-diretor\/","url_meta":{"origin":53475,"position":2},"title":"Porto Alegre: Conselho detona Plano Diretor","author":"Patr\u00edcia Marini","date":"25 de maio de 2014","format":false,"excerpt":"Den\u00fancia do arquiteto e \u00a0urbanista Ibir\u00e1 Santos Lucas. Ele diz que os conselheiros est\u00e3o votando com \"enorme irresponsabilidade\". \"Mudam regime com a maior naturalidade,,,regularizam absurdos de constru\u00e7\u00f5es irregulares... \"O CMDUA est\u00e1 flexibilizando a lei do plano diretor, de uma forma impactante na vida da cidade. Mudam regime com a maior\u2026","rel":"","context":"Em &quot;Geral&quot;","block_context":{"text":"Geral","link":"https:\/\/www.jornalja.com.br\/arquivo\/category\/geral\/"},"img":{"alt_text":"","src":"","width":0,"height":0},"classes":[]},{"id":13124,"url":"https:\/\/www.jornalja.com.br\/arquivo\/sangue-latino-no-iecine\/","url_meta":{"origin":53475,"position":3},"title":"Sangue latino no IECINE","author":"da Reda\u00e7\u00e3o","date":"18 de maio de 2014","format":false,"excerpt":"Francisco Ribeiro O Instituto Estadual de Cinema (IECINE) tem a frente, desde abril \u00faltimo, um novo diretor, o cineasta colombiano Juan Zapata, 36, que substitui Luiz Alberto Cassol. Radicado h\u00e1 dez anos em Porto Alegre, Zapata tem diante de si o desafio de conduzir at\u00e9 o final do ano um\u2026","rel":"","context":"Em &quot;Cultura-Geral&quot;","block_context":{"text":"Cultura-Geral","link":"https:\/\/www.jornalja.com.br\/arquivo\/category\/materiasecundaria\/"},"img":{"alt_text":"","src":"","width":0,"height":0},"classes":[]},{"id":13240,"url":"https:\/\/www.jornalja.com.br\/arquivo\/plano-diretor-estamos-construindo-o-caos\/","url_meta":{"origin":53475,"position":4},"title":"Plano diretor: &quot;Estamos construindo o caos&quot;","author":"Patr\u00edcia Marini","date":"26 de maio de 2014","format":false,"excerpt":"Desabafo que arquiteta Eliana Castilhos, delegada da Regi\u00e3o de Planejamento 1, postou nas redes sociais \u00e9 um testemunho do ambiente que se criou no Conselho do Plano Diretor de Porto Alegre, onde a aprova\u00e7\u00e3o de grandes empreendimentos \u00e9 empurrada guela abaixo dos conselheiros. Ao CMDUA Como delegada da Regi\u00e3o de\u2026","rel":"","context":"Em &quot;Geral&quot;","block_context":{"text":"Geral","link":"https:\/\/www.jornalja.com.br\/arquivo\/category\/geral\/"},"img":{"alt_text":"","src":"","width":0,"height":0},"classes":[]},{"id":13101,"url":"https:\/\/www.jornalja.com.br\/arquivo\/morre-um-guerreiro-do-texto\/","url_meta":{"origin":53475,"position":5},"title":"Morre um guerreiro do texto","author":"Patr\u00edcia Marini","date":"14 de maio de 2014","format":false,"excerpt":"Por Ricardo Kotscho Reproduzido do blog do autor, 11\/5\/2014; t\u00edtulo original \u201cE l\u00e1 se foi o nosso Myltainho, guerreiro do texto\u201d. Mi\u00fado e franzino, meu amigo Myltainho era um valente e inconformado guerreiro na luta contra as injusti\u00e7as sociais, a hipocrisia, as maracutaias, o autoritarismo, a intoler\u00e2ncia, a viol\u00eancia, o\u2026","rel":"","context":"Em &quot;Geral&quot;","block_context":{"text":"Geral","link":"https:\/\/www.jornalja.com.br\/arquivo\/category\/geral\/"},"img":{"alt_text":"","src":"","width":0,"height":0},"classes":[]}],"jetpack_shortlink":"https:\/\/wp.me\/pbQjBd-dUv","jetpack_featured_media_url":"","_links":{"self":[{"href":"https:\/\/www.jornalja.com.br\/arquivo\/wp-json\/wp\/v2\/posts\/53475","targetHints":{"allow":["GET"]}}],"collection":[{"href":"https:\/\/www.jornalja.com.br\/arquivo\/wp-json\/wp\/v2\/posts"}],"about":[{"href":"https:\/\/www.jornalja.com.br\/arquivo\/wp-json\/wp\/v2\/types\/post"}],"author":[{"embeddable":true,"href":"https:\/\/www.jornalja.com.br\/arquivo\/wp-json\/wp\/v2\/users\/4"}],"replies":[{"embeddable":true,"href":"https:\/\/www.jornalja.com.br\/arquivo\/wp-json\/wp\/v2\/comments?post=53475"}],"version-history":[{"count":0,"href":"https:\/\/www.jornalja.com.br\/arquivo\/wp-json\/wp\/v2\/posts\/53475\/revisions"}],"wp:attachment":[{"href":"https:\/\/www.jornalja.com.br\/arquivo\/wp-json\/wp\/v2\/media?parent=53475"}],"wp:term":[{"taxonomy":"category","embeddable":true,"href":"https:\/\/www.jornalja.com.br\/arquivo\/wp-json\/wp\/v2\/categories?post=53475"},{"taxonomy":"post_tag","embeddable":true,"href":"https:\/\/www.jornalja.com.br\/arquivo\/wp-json\/wp\/v2\/tags?post=53475"}],"curies":[{"name":"wp","href":"https:\/\/api.w.org\/{rel}","templated":true}]}}