{"id":53495,"date":"2017-08-15T00:01:21","date_gmt":"2017-08-15T03:01:21","guid":{"rendered":"https:\/\/www.jornalja.com.br\/?p=53495"},"modified":"2017-08-15T00:01:21","modified_gmt":"2017-08-15T03:01:21","slug":"juiz-vai-inspecionar-colecoes-da-zoobotanica-para-julgar-acao-do-mp","status":"publish","type":"post","link":"https:\/\/www.jornalja.com.br\/arquivo\/juiz-vai-inspecionar-colecoes-da-zoobotanica-para-julgar-acao-do-mp\/","title":{"rendered":"Juiz vai inspecionar cole\u00e7\u00f5es da Zoobot\u00e2nica para julgar a\u00e7\u00e3o do MP"},"content":{"rendered":"<p><span class=\"assina\">Cleber Dioni Tentardini\u00a0<\/span><br \/>\nO juiz Eug\u00eanio Couto Terra, da\u00a010\u00aa Vara da Fazenda P\u00fablica do Foro Central de Porto Alegre, marcou uma inspe\u00e7\u00e3o judicial nas instala\u00e7\u00f5es do Jardim Bot\u00e2nico de Porto Alegre para o dia 25 deste m\u00eas de agosto, a partir das 9h30. O magistrado est\u00e1 julgando o <a href=\"https:\/\/www.jornalja.com.br\/juiz-busca-argumentos-do-mp-de-contas-para-julgar-acao-da-zoobotanica\/\">pedido de liminar do Minist\u00e9rio P\u00fablico Estadual em uma A\u00e7\u00e3o Civil P\u00fablica <\/a>que tem por fim proteger as cole\u00e7\u00f5es de plantas, animais e f\u00f3sseis, e impedir a demiss\u00e3o dos pesquisadores da FZB.<br \/>\n\u201c<em>O autor da a\u00e7\u00e3o sustenta que, em princ\u00edpio, o modelo proposto pelo ERGS para a transfer\u00eancia das atividades da Funda\u00e7\u00e3o Zoobot\u00e2nica com sua extin\u00e7\u00e3o, notadamente em rela\u00e7\u00e3o ao acervo de bens de qualquer natureza do Jardim Bot\u00e2nico (JB), entre outros do Museu de Ci\u00eancias Naturais (MCN), e tamb\u00e9m a necessidade de ser feita a manuten\u00e7\u00e3o emergencial do muro divis\u00f3rio da \u00e1rea do Jardim Bot\u00e2nico com a Vila Juliano Moreira para evitar invas\u00f5es que ponham em risco o patrim\u00f4nio do JB e MCN, demandam a\u00a0concess\u00e3o de tutela de urg\u00eancia. As diversas tentativas de esclarecimento feitas para a obten\u00e7\u00e3o de um quadro mais claro da situa\u00e7\u00e3o f\u00e1tica n\u00e3o foram suficientes para que o ju\u00edzo formasse uma convic\u00e7\u00e3o sobre o estado da arte das condi\u00e7\u00f5es materiais do objeto da a\u00e7\u00e3o. Em raz\u00e3o disso, antes de apreciar o pedido de tutela de urg\u00eancia, entendo essencial a realiza\u00e7\u00e3o de uma inspe\u00e7\u00e3o judicial&#8230;<\/em>\u201d, justifica o juiz em seu despacho.<br \/>\nE ainda assegurou a cada uma das partes a apresenta\u00e7\u00e3o de at\u00e9 50 fotografias coloridas, todas na forma impressa, no prazo de 20 dias, a contar da intima\u00e7\u00e3o, \u201cpara eventual impugna\u00e7\u00e3o da transcri\u00e7\u00e3o dos termos do auto de inspe\u00e7\u00e3o\u201d.<br \/>\n<span class=\"intertit\">A\u00e7\u00e3o Civil P\u00fablica corre desde fevereiro<\/span><br \/>\nA liminar solicitada pela Promotoria de Justi\u00e7a de Defesa do Meio Ambiente de Porto Alegre impede que o governo do Estado demita o quadro t\u00e9cnico-cient\u00edfico e se desfa\u00e7a de qualquer bem, m\u00f3vel, im\u00f3vel e de animais que constituem o patrim\u00f4nio material e imaterial do Jardim Bot\u00e2nico e do Museu de Ci\u00eancias Naturais, duas das tr\u00eas institui\u00e7\u00f5es vinculadas a FZB. O Parque Zool\u00f3gico n\u00e3o est\u00e1 contemplado nesta a\u00e7\u00e3o.<br \/>\n<figure id=\"attachment_45412\" aria-describedby=\"caption-attachment-45412\" style=\"width: 725px\" class=\"wp-caption alignnone\"><img loading=\"lazy\" decoding=\"async\" class=\"wp-image-45412 size-full\" src=\"https:\/\/www.jornalja.com.br\/wp-content\/uploads\/2017\/03\/Jardim-Bot\u00e2nico-FZB_CleberDioniTentardini-7.jpg\" alt=\"\" width=\"725\" height=\"276\" \/><figcaption id=\"caption-attachment-45412\" class=\"wp-caption-text\">Inspe\u00e7\u00e3o judicial no Jardim Bot\u00e2nico foi marcada para a manh\u00e3 do dia 25 de agosto\/Cleber Dioni<\/figcaption><\/figure><br \/>\nO pedido de liminar pro\u00edbe ainda a rescis\u00e3o de acordos ou contratos que impliquem as atividades de educa\u00e7\u00e3o ambiental, preserva\u00e7\u00e3o dos acervos ou pesquisa cient\u00edfica, e impede o desmembramento ou fracionamento da matr\u00edcula do im\u00f3vel do Jardim Bot\u00e2nico. No caso de descumprimento, multa de R$ 50 mil.<br \/>\nA a\u00e7\u00e3o requer que o Estado apresente em ju\u00edzo um plano para a extin\u00e7\u00e3o da FZB que garanta a continuidade e a mesma qualifica\u00e7\u00e3o de todos os servi\u00e7os e atividades do Jardim Bot\u00e2nico e do Museu de Ci\u00eancias Naturais, e <a href=\"https:\/\/www.jornalja.com.br\/mp-pede-agilidade-da-justica-para-proteger-patrimonio-da-zoobotanica\/\">providenciar imediatamente o conserto do muro que faz a divisa com a Vila Juliano Moreira<\/a>. Por fim, determina ao IPHAE (Instituto do Patrim\u00f4nio Hist\u00f3rico e Art\u00edstico do Estado do Rio Grande do Sul) a <a href=\"https:\/\/www.jornalja.com.br\/jardim-botanico-pode-integrar-o-patrimonio-cultural-e-historico-de-porto-alegre\/\">inscri\u00e7\u00e3o do Jardim Bot\u00e2nico no Livro Tombo<\/a>, por j\u00e1 ter sido declarado patrim\u00f4nio cultural do Estado, em 2003.<br \/>\nNo in\u00edcio de fevereiro deste ano, ap\u00f3s realizar uma vistoria nos acervos do JB e do MCN, a promotora e os colegas Alexandre Saltz,Annelise Steigleder e Josiane Camejo assinaram uma A\u00e7\u00e3o Civil P\u00fablica, com pedido de liminar, contra o Estado, <a href=\"https:\/\/www.jornalja.com.br\/futuro-das-pesquisas-e-do-acervo-da-zoobotanica-ainda-e-desconhecido\/\">decorrente da decis\u00e3o do governo de extinguir a FZB e demitir os funcion\u00e1rios.<\/a> A Lei n. 14.982\/2017 que autoriza a extin\u00e7\u00e3o foi sancionada em 17 de janeiro deste ano.<br \/>\n<figure id=\"attachment_47102\" aria-describedby=\"caption-attachment-47102\" style=\"width: 260px\" class=\"wp-caption alignleft\"><img loading=\"lazy\" decoding=\"async\" class=\"wp-image-47102 size-full\" src=\"https:\/\/www.jornalja.com.br\/wp-content\/uploads\/2017\/04\/43909_260_260__fzb0374.jpg\" alt=\"\" width=\"260\" height=\"146\" \/><figcaption id=\"caption-attachment-47102\" class=\"wp-caption-text\">Muro que circunda o Jardim Bot\u00e2nico foi destru\u00eddo em parte\/Divulga\u00e7\u00e3o<\/figcaption><\/figure><br \/>\nEm quatro dias, produziram mais de 60 p\u00e1ginas com os argumentos para justificar a manuten\u00e7\u00e3o da Zoobot\u00e2nica. Foram citados alguns fatos que colocaram em risco o patrim\u00f4nio ambiental e cultural do Jardim Bot\u00e2nico e do Museu de Ci\u00eancias Naturais, especialmente a queda de mais dois blocos do muro que faz divisa com a vila Juliano Moreira, na avenida Cristiano Fischer, as depreda\u00e7\u00f5es, e as invas\u00f5es do serpent\u00e1rio e de salas administrativas.<\/p>\n","protected":false},"excerpt":{"rendered":"<p>Cleber Dioni Tentardini\u00a0 O juiz Eug\u00eanio Couto Terra, da\u00a010\u00aa Vara da Fazenda P\u00fablica do Foro Central de Porto Alegre, marcou uma inspe\u00e7\u00e3o judicial nas instala\u00e7\u00f5es do Jardim Bot\u00e2nico de Porto Alegre para o dia 25 deste m\u00eas de agosto, a partir das 9h30. O magistrado est\u00e1 julgando o pedido de liminar do Minist\u00e9rio P\u00fablico Estadual [&hellip;]<\/p>\n","protected":false},"author":4,"featured_media":53502,"comment_status":"open","ping_status":"closed","sticky":false,"template":"","format":"standard","meta":{"_jetpack_newsletter_access":"","_jetpack_dont_email_post_to_subs":false,"_jetpack_newsletter_tier_id":0,"_jetpack_memberships_contains_paywalled_content":false,"_jetpack_feature_clip_id":0,"_jetpack_memberships_contains_paid_content":false,"footnotes":"","jetpack_post_was_ever_published":false},"categories":[1998,26],"tags":[],"class_list":["post-53495","post","type-post","status-publish","format-standard","has-post-thumbnail","hentry","category-fundacoes","category-geral"],"aioseo_notices":[],"aioseo_head":"\n\t\t<!-- All in One SEO 5.0.1.1 - aioseo.com -->\n\t<meta name=\"robots\" content=\"max-image-preview:large\" \/>\n\t<meta name=\"author\" content=\"da Reda\u00e7\u00e3o\"\/>\n\t<link rel=\"canonical\" href=\"https:\/\/www.jornalja.com.br\/arquivo\/juiz-vai-inspecionar-colecoes-da-zoobotanica-para-julgar-acao-do-mp\/\" \/>\n\t<meta name=\"generator\" content=\"All in One SEO (AIOSEO) 5.0.1.1\" \/>\n\t\t<meta property=\"og:locale\" content=\"pt_BR\" \/>\n\t\t<meta property=\"og:site_name\" content=\"Arquivo | Jornal J\u00c1 | Porto Alegre\" \/>\n\t\t<meta property=\"og:type\" content=\"article\" \/>\n\t\t<meta property=\"og:title\" content=\"Juiz vai inspecionar cole\u00e7\u00f5es da Zoobot\u00e2nica para julgar a\u00e7\u00e3o do MP | Arquivo\" \/>\n\t\t<meta property=\"og:url\" content=\"https:\/\/www.jornalja.com.br\/arquivo\/juiz-vai-inspecionar-colecoes-da-zoobotanica-para-julgar-acao-do-mp\/\" \/>\n\t\t<meta property=\"og:image\" content=\"https:\/\/www.jornalja.com.br\/wp-content\/uploads\/2017\/03\/Jardim-Bot\u00e2nico-FZB_CleberDioniTentardini-7.jpg\" \/>\n\t\t<meta property=\"og:image:secure_url\" content=\"https:\/\/www.jornalja.com.br\/wp-content\/uploads\/2017\/03\/Jardim-Bot\u00e2nico-FZB_CleberDioniTentardini-7.jpg\" \/>\n\t\t<meta property=\"article:published_time\" content=\"2017-08-15T03:01:21+00:00\" \/>\n\t\t<meta property=\"article:modified_time\" content=\"2017-08-15T03:01:21+00:00\" \/>\n\t\t<meta name=\"twitter:card\" content=\"summary\" \/>\n\t\t<meta name=\"twitter:title\" content=\"Juiz vai inspecionar cole\u00e7\u00f5es da Zoobot\u00e2nica para julgar a\u00e7\u00e3o do MP | Arquivo\" \/>\n\t\t<meta name=\"twitter:image\" content=\"https:\/\/www.jornalja.com.br\/economics\/wp-content\/uploads\/sites\/11\/2026\/08\/ja-folhaderosto-facebook.jpg\" \/>\n\t\t<script type=\"application\/ld+json\" class=\"aioseo-schema\">\n\t\t\t{\"@context\":\"https:\\\/\\\/schema.org\",\"@graph\":[{\"@type\":\"BlogPosting\",\"@id\":\"https:\\\/\\\/www.jornalja.com.br\\\/arquivo\\\/juiz-vai-inspecionar-colecoes-da-zoobotanica-para-julgar-acao-do-mp\\\/#blogposting\",\"name\":\"Juiz vai inspecionar cole\\u00e7\\u00f5es da Zoobot\\u00e2nica para julgar a\\u00e7\\u00e3o do MP | Arquivo\",\"headline\":\"Juiz vai inspecionar cole\\u00e7\\u00f5es da Zoobot\\u00e2nica para julgar a\\u00e7\\u00e3o do MP\",\"author\":{\"@id\":\"https:\\\/\\\/www.jornalja.com.br\\\/arquivo\\\/author\\\/daredacao\\\/#author\"},\"publisher\":{\"@id\":\"https:\\\/\\\/www.jornalja.com.br\\\/arquivo\\\/#organization\"},\"image\":{\"@type\":\"ImageObject\",\"url\":53502},\"datePublished\":\"2017-08-15T00:01:21-03:00\",\"dateModified\":\"2017-08-15T00:01:21-03:00\",\"inLanguage\":\"pt-BR\",\"mainEntityOfPage\":{\"@id\":\"https:\\\/\\\/www.jornalja.com.br\\\/arquivo\\\/juiz-vai-inspecionar-colecoes-da-zoobotanica-para-julgar-acao-do-mp\\\/#webpage\"},\"isPartOf\":{\"@id\":\"https:\\\/\\\/www.jornalja.com.br\\\/arquivo\\\/juiz-vai-inspecionar-colecoes-da-zoobotanica-para-julgar-acao-do-mp\\\/#webpage\"},\"articleSection\":\"Funda\\u00e7\\u00f5es, Geral\"},{\"@type\":\"BreadcrumbList\",\"@id\":\"https:\\\/\\\/www.jornalja.com.br\\\/arquivo\\\/juiz-vai-inspecionar-colecoes-da-zoobotanica-para-julgar-acao-do-mp\\\/#breadcrumblist\",\"itemListElement\":[{\"@type\":\"ListItem\",\"@id\":\"https:\\\/\\\/www.jornalja.com.br\\\/arquivo#listItem\",\"position\":1,\"name\":\"Home\",\"item\":\"https:\\\/\\\/www.jornalja.com.br\\\/arquivo\",\"nextItem\":{\"@type\":\"ListItem\",\"@id\":\"https:\\\/\\\/www.jornalja.com.br\\\/arquivo\\\/category\\\/geral\\\/#listItem\",\"name\":\"Geral\"}},{\"@type\":\"ListItem\",\"@id\":\"https:\\\/\\\/www.jornalja.com.br\\\/arquivo\\\/category\\\/geral\\\/#listItem\",\"position\":2,\"name\":\"Geral\",\"item\":\"https:\\\/\\\/www.jornalja.com.br\\\/arquivo\\\/category\\\/geral\\\/\",\"nextItem\":{\"@type\":\"ListItem\",\"@id\":\"https:\\\/\\\/www.jornalja.com.br\\\/arquivo\\\/juiz-vai-inspecionar-colecoes-da-zoobotanica-para-julgar-acao-do-mp\\\/#listItem\",\"name\":\"Juiz vai inspecionar cole\\u00e7\\u00f5es da Zoobot\\u00e2nica para julgar a\\u00e7\\u00e3o do MP\"},\"previousItem\":{\"@type\":\"ListItem\",\"@id\":\"https:\\\/\\\/www.jornalja.com.br\\\/arquivo#listItem\",\"name\":\"Home\"}},{\"@type\":\"ListItem\",\"@id\":\"https:\\\/\\\/www.jornalja.com.br\\\/arquivo\\\/juiz-vai-inspecionar-colecoes-da-zoobotanica-para-julgar-acao-do-mp\\\/#listItem\",\"position\":3,\"name\":\"Juiz vai inspecionar cole\\u00e7\\u00f5es da Zoobot\\u00e2nica para julgar a\\u00e7\\u00e3o do MP\",\"previousItem\":{\"@type\":\"ListItem\",\"@id\":\"https:\\\/\\\/www.jornalja.com.br\\\/arquivo\\\/category\\\/geral\\\/#listItem\",\"name\":\"Geral\"}}]},{\"@type\":\"Organization\",\"@id\":\"https:\\\/\\\/www.jornalja.com.br\\\/arquivo\\\/#organization\",\"name\":\"Jornal J\\u00c1\",\"description\":\"Jornal J\\u00c1 | Porto Alegre\",\"url\":\"https:\\\/\\\/www.jornalja.com.br\\\/arquivo\\\/\",\"telephone\":\"+555133307272\",\"logo\":{\"@type\":\"ImageObject\",\"url\":\"https:\\\/\\\/www.jornalja.com.br\\\/wp-content\\\/uploads\\\/cards\\\/JAslogan.png\",\"@id\":\"https:\\\/\\\/www.jornalja.com.br\\\/arquivo\\\/juiz-vai-inspecionar-colecoes-da-zoobotanica-para-julgar-acao-do-mp\\\/#organizationLogo\"},\"image\":{\"@id\":\"https:\\\/\\\/www.jornalja.com.br\\\/arquivo\\\/juiz-vai-inspecionar-colecoes-da-zoobotanica-para-julgar-acao-do-mp\\\/#organizationLogo\"}},{\"@type\":\"Person\",\"@id\":\"https:\\\/\\\/www.jornalja.com.br\\\/arquivo\\\/author\\\/daredacao\\\/#author\",\"url\":\"https:\\\/\\\/www.jornalja.com.br\\\/arquivo\\\/author\\\/daredacao\\\/\",\"name\":\"da Reda\\u00e7\\u00e3o\",\"image\":{\"@type\":\"ImageObject\",\"@id\":\"https:\\\/\\\/www.jornalja.com.br\\\/arquivo\\\/juiz-vai-inspecionar-colecoes-da-zoobotanica-para-julgar-acao-do-mp\\\/#authorImage\",\"url\":\"https:\\\/\\\/secure.gravatar.com\\\/avatar\\\/469fd857d6605ad19919d27ed29d35a968a25f6e8fd9318356bbb7f57aae9c65?s=96&d=mm&r=g\",\"width\":96,\"height\":96,\"caption\":\"da Reda\\u00e7\\u00e3o\"}},{\"@type\":\"WebPage\",\"@id\":\"https:\\\/\\\/www.jornalja.com.br\\\/arquivo\\\/juiz-vai-inspecionar-colecoes-da-zoobotanica-para-julgar-acao-do-mp\\\/#webpage\",\"url\":\"https:\\\/\\\/www.jornalja.com.br\\\/arquivo\\\/juiz-vai-inspecionar-colecoes-da-zoobotanica-para-julgar-acao-do-mp\\\/\",\"name\":\"Juiz vai inspecionar cole\\u00e7\\u00f5es da Zoobot\\u00e2nica para julgar a\\u00e7\\u00e3o do MP | Arquivo\",\"inLanguage\":\"pt-BR\",\"isPartOf\":{\"@id\":\"https:\\\/\\\/www.jornalja.com.br\\\/arquivo\\\/#website\"},\"breadcrumb\":{\"@id\":\"https:\\\/\\\/www.jornalja.com.br\\\/arquivo\\\/juiz-vai-inspecionar-colecoes-da-zoobotanica-para-julgar-acao-do-mp\\\/#breadcrumblist\"},\"author\":{\"@id\":\"https:\\\/\\\/www.jornalja.com.br\\\/arquivo\\\/author\\\/daredacao\\\/#author\"},\"creator\":{\"@id\":\"https:\\\/\\\/www.jornalja.com.br\\\/arquivo\\\/author\\\/daredacao\\\/#author\"},\"image\":{\"@type\":\"ImageObject\",\"url\":53502,\"@id\":\"https:\\\/\\\/www.jornalja.com.br\\\/arquivo\\\/juiz-vai-inspecionar-colecoes-da-zoobotanica-para-julgar-acao-do-mp\\\/#mainImage\"},\"primaryImageOfPage\":{\"@id\":\"https:\\\/\\\/www.jornalja.com.br\\\/arquivo\\\/juiz-vai-inspecionar-colecoes-da-zoobotanica-para-julgar-acao-do-mp\\\/#mainImage\"},\"datePublished\":\"2017-08-15T00:01:21-03:00\",\"dateModified\":\"2017-08-15T00:01:21-03:00\"},{\"@type\":\"WebSite\",\"@id\":\"https:\\\/\\\/www.jornalja.com.br\\\/arquivo\\\/#website\",\"url\":\"https:\\\/\\\/www.jornalja.com.br\\\/arquivo\\\/\",\"name\":\"Arquivo\",\"description\":\"Jornal J\\u00c1 | Porto Alegre\",\"inLanguage\":\"pt-BR\",\"publisher\":{\"@id\":\"https:\\\/\\\/www.jornalja.com.br\\\/arquivo\\\/#organization\"}}]}\n\t\t<\/script>\n\t\t<!-- All in One SEO -->\n\n","aioseo_head_json":{"title":"Juiz vai inspecionar cole\u00e7\u00f5es da Zoobot\u00e2nica para julgar a\u00e7\u00e3o do MP | Arquivo","description":"","canonical_url":"https:\/\/www.jornalja.com.br\/arquivo\/juiz-vai-inspecionar-colecoes-da-zoobotanica-para-julgar-acao-do-mp\/","robots":"max-image-preview:large","keywords":"","webmasterTools":{"miscellaneous":""},"schema":{"@context":"https:\/\/schema.org","@graph":[{"@type":"BlogPosting","@id":"https:\/\/www.jornalja.com.br\/arquivo\/juiz-vai-inspecionar-colecoes-da-zoobotanica-para-julgar-acao-do-mp\/#blogposting","name":"Juiz vai inspecionar cole\u00e7\u00f5es da Zoobot\u00e2nica para julgar a\u00e7\u00e3o do MP | Arquivo","headline":"Juiz vai inspecionar cole\u00e7\u00f5es da Zoobot\u00e2nica para julgar a\u00e7\u00e3o do MP","author":{"@id":"https:\/\/www.jornalja.com.br\/arquivo\/author\/daredacao\/#author"},"publisher":{"@id":"https:\/\/www.jornalja.com.br\/arquivo\/#organization"},"image":{"@type":"ImageObject","url":53502},"datePublished":"2017-08-15T00:01:21-03:00","dateModified":"2017-08-15T00:01:21-03:00","inLanguage":"pt-BR","mainEntityOfPage":{"@id":"https:\/\/www.jornalja.com.br\/arquivo\/juiz-vai-inspecionar-colecoes-da-zoobotanica-para-julgar-acao-do-mp\/#webpage"},"isPartOf":{"@id":"https:\/\/www.jornalja.com.br\/arquivo\/juiz-vai-inspecionar-colecoes-da-zoobotanica-para-julgar-acao-do-mp\/#webpage"},"articleSection":"Funda\u00e7\u00f5es, Geral"},{"@type":"BreadcrumbList","@id":"https:\/\/www.jornalja.com.br\/arquivo\/juiz-vai-inspecionar-colecoes-da-zoobotanica-para-julgar-acao-do-mp\/#breadcrumblist","itemListElement":[{"@type":"ListItem","@id":"https:\/\/www.jornalja.com.br\/arquivo#listItem","position":1,"name":"Home","item":"https:\/\/www.jornalja.com.br\/arquivo","nextItem":{"@type":"ListItem","@id":"https:\/\/www.jornalja.com.br\/arquivo\/category\/geral\/#listItem","name":"Geral"}},{"@type":"ListItem","@id":"https:\/\/www.jornalja.com.br\/arquivo\/category\/geral\/#listItem","position":2,"name":"Geral","item":"https:\/\/www.jornalja.com.br\/arquivo\/category\/geral\/","nextItem":{"@type":"ListItem","@id":"https:\/\/www.jornalja.com.br\/arquivo\/juiz-vai-inspecionar-colecoes-da-zoobotanica-para-julgar-acao-do-mp\/#listItem","name":"Juiz vai inspecionar cole\u00e7\u00f5es da Zoobot\u00e2nica para julgar a\u00e7\u00e3o do MP"},"previousItem":{"@type":"ListItem","@id":"https:\/\/www.jornalja.com.br\/arquivo#listItem","name":"Home"}},{"@type":"ListItem","@id":"https:\/\/www.jornalja.com.br\/arquivo\/juiz-vai-inspecionar-colecoes-da-zoobotanica-para-julgar-acao-do-mp\/#listItem","position":3,"name":"Juiz vai inspecionar cole\u00e7\u00f5es da Zoobot\u00e2nica para julgar a\u00e7\u00e3o do MP","previousItem":{"@type":"ListItem","@id":"https:\/\/www.jornalja.com.br\/arquivo\/category\/geral\/#listItem","name":"Geral"}}]},{"@type":"Organization","@id":"https:\/\/www.jornalja.com.br\/arquivo\/#organization","name":"Jornal J\u00c1","description":"Jornal J\u00c1 | Porto Alegre","url":"https:\/\/www.jornalja.com.br\/arquivo\/","telephone":"+555133307272","logo":{"@type":"ImageObject","url":"https:\/\/www.jornalja.com.br\/wp-content\/uploads\/cards\/JAslogan.png","@id":"https:\/\/www.jornalja.com.br\/arquivo\/juiz-vai-inspecionar-colecoes-da-zoobotanica-para-julgar-acao-do-mp\/#organizationLogo"},"image":{"@id":"https:\/\/www.jornalja.com.br\/arquivo\/juiz-vai-inspecionar-colecoes-da-zoobotanica-para-julgar-acao-do-mp\/#organizationLogo"}},{"@type":"Person","@id":"https:\/\/www.jornalja.com.br\/arquivo\/author\/daredacao\/#author","url":"https:\/\/www.jornalja.com.br\/arquivo\/author\/daredacao\/","name":"da Reda\u00e7\u00e3o","image":{"@type":"ImageObject","@id":"https:\/\/www.jornalja.com.br\/arquivo\/juiz-vai-inspecionar-colecoes-da-zoobotanica-para-julgar-acao-do-mp\/#authorImage","url":"https:\/\/secure.gravatar.com\/avatar\/469fd857d6605ad19919d27ed29d35a968a25f6e8fd9318356bbb7f57aae9c65?s=96&d=mm&r=g","width":96,"height":96,"caption":"da Reda\u00e7\u00e3o"}},{"@type":"WebPage","@id":"https:\/\/www.jornalja.com.br\/arquivo\/juiz-vai-inspecionar-colecoes-da-zoobotanica-para-julgar-acao-do-mp\/#webpage","url":"https:\/\/www.jornalja.com.br\/arquivo\/juiz-vai-inspecionar-colecoes-da-zoobotanica-para-julgar-acao-do-mp\/","name":"Juiz vai inspecionar cole\u00e7\u00f5es da Zoobot\u00e2nica para julgar a\u00e7\u00e3o do MP | Arquivo","inLanguage":"pt-BR","isPartOf":{"@id":"https:\/\/www.jornalja.com.br\/arquivo\/#website"},"breadcrumb":{"@id":"https:\/\/www.jornalja.com.br\/arquivo\/juiz-vai-inspecionar-colecoes-da-zoobotanica-para-julgar-acao-do-mp\/#breadcrumblist"},"author":{"@id":"https:\/\/www.jornalja.com.br\/arquivo\/author\/daredacao\/#author"},"creator":{"@id":"https:\/\/www.jornalja.com.br\/arquivo\/author\/daredacao\/#author"},"image":{"@type":"ImageObject","url":53502,"@id":"https:\/\/www.jornalja.com.br\/arquivo\/juiz-vai-inspecionar-colecoes-da-zoobotanica-para-julgar-acao-do-mp\/#mainImage"},"primaryImageOfPage":{"@id":"https:\/\/www.jornalja.com.br\/arquivo\/juiz-vai-inspecionar-colecoes-da-zoobotanica-para-julgar-acao-do-mp\/#mainImage"},"datePublished":"2017-08-15T00:01:21-03:00","dateModified":"2017-08-15T00:01:21-03:00"},{"@type":"WebSite","@id":"https:\/\/www.jornalja.com.br\/arquivo\/#website","url":"https:\/\/www.jornalja.com.br\/arquivo\/","name":"Arquivo","description":"Jornal J\u00c1 | Porto Alegre","inLanguage":"pt-BR","publisher":{"@id":"https:\/\/www.jornalja.com.br\/arquivo\/#organization"}}]},"og:locale":"pt_BR","og:site_name":"Arquivo | Jornal J\u00c1 | Porto Alegre","og:type":"article","og:title":"Juiz vai inspecionar cole\u00e7\u00f5es da Zoobot\u00e2nica para julgar a\u00e7\u00e3o do MP | Arquivo","og:url":"https:\/\/www.jornalja.com.br\/arquivo\/juiz-vai-inspecionar-colecoes-da-zoobotanica-para-julgar-acao-do-mp\/","og:image":"https:\/\/www.jornalja.com.br\/wp-content\/uploads\/2017\/03\/Jardim-Bot\u00e2nico-FZB_CleberDioniTentardini-7.jpg","og:image:secure_url":"https:\/\/www.jornalja.com.br\/wp-content\/uploads\/2017\/03\/Jardim-Bot\u00e2nico-FZB_CleberDioniTentardini-7.jpg","article:published_time":"2017-08-15T03:01:21+00:00","article:modified_time":"2017-08-15T03:01:21+00:00","twitter:card":"summary","twitter:title":"Juiz vai inspecionar cole\u00e7\u00f5es da Zoobot\u00e2nica para julgar a\u00e7\u00e3o do MP | Arquivo","twitter:image":"https:\/\/www.jornalja.com.br\/economics\/wp-content\/uploads\/sites\/11\/2026\/08\/ja-folhaderosto-facebook.jpg"},"aioseo_meta_data":{"post_id":"53495","title":null,"description":null,"keywords":null,"keyphrases":null,"primary_term":null,"canonical_url":null,"og_title":null,"og_description":null,"og_object_type":"default","og_image_type":"default","og_image_url":null,"og_image_width":null,"og_image_height":null,"og_image_custom_url":null,"og_image_custom_fields":null,"og_video":null,"og_custom_url":null,"og_article_section":null,"og_article_tags":null,"twitter_use_og":false,"twitter_card":"default","twitter_image_type":"default","twitter_image_url":null,"twitter_image_custom_url":null,"twitter_image_custom_fields":null,"twitter_title":null,"twitter_description":null,"schema":{"blockGraphs":[],"customGraphs":[],"default":{"data":{"Article":[],"Course":[],"Dataset":[],"FAQPage":[],"Movie":[],"Person":[],"Product":[],"ProductReview":[],"Car":[],"Recipe":[],"Service":[],"SoftwareApplication":[],"WebPage":[]},"graphName":"","isEnabled":true},"graphs":[],"defaultGraph":"","defaultPostTypeGraph":""},"schema_type":null,"schema_type_options":null,"pillar_content":false,"robots_default":true,"robots_noindex":false,"robots_noarchive":false,"robots_nosnippet":false,"robots_nofollow":false,"robots_noimageindex":false,"robots_noodp":false,"robots_notranslate":false,"robots_max_snippet":null,"robots_max_videopreview":null,"robots_max_imagepreview":"large","priority":null,"frequency":null,"location":null,"local_seo":null,"breadcrumb_settings":null,"limit_modified_date":false,"ai":null,"created":"2020-12-20 20:26:59","updated":"2025-07-20 00:15:41","seo_analyzer_scan_date":null,"focus_keyword":null,"additional_keywords":null,"truseo_locale":null},"jetpack_sharing_enabled":true,"jetpack-related-posts":[{"id":1280,"url":"https:\/\/www.jornalja.com.br\/arquivo\/o-menino-que-se-tornou-brizola\/","url_meta":{"origin":53495,"position":0},"title":"O Menino que se Tornou Brizola","author":"da Reda\u00e7\u00e3o","date":"28 de julho de 2008","format":false,"excerpt":"Autor: Cleber Dioni A vida de Leonel Brizola, com \u00eanfase para os primeiros anos em Porto Alegre, at\u00e9 o ex\u00edlio no Uruguai e a volta, quinze anos depois. \u00a0\"...\u00c9ramos todos jovens e nos identific\u00e1vamos com aquela massa an\u00f4nima a percorrer as ruas de Porto Alegre, gritando 'Get\u00falio', 'Get\u00falio' e empunhando\u2026","rel":"","context":"Em &quot;Livros&quot;","block_context":{"text":"Livros","link":"https:\/\/www.jornalja.com.br\/arquivo\/category\/livros\/"},"img":{"alt_text":"","src":"https:\/\/i0.wp.com\/www.jornalja.com.br\/wp-content\/uploads\/2008\/07\/brizola.gif?resize=350%2C200&ssl=1","width":350,"height":200},"classes":[]},{"id":14241,"url":"https:\/\/www.jornalja.com.br\/arquivo\/o-guaiba-nas-imagens-poeticas-de-achutti\/","url_meta":{"origin":53495,"position":1},"title":"O Gua\u00edba nas imagens po\u00e9ticas de Achutti","author":"da Reda\u00e7\u00e3o","date":"18 de junho de 2014","format":false,"excerpt":"Em \u201cO Gua\u00edba por Achutti\u201d \u2013 obra financiada via Minist\u00e9rio da Cultura, produ\u00e7\u00e3o executiva de Pedro Longhi, e Fl\u00e1vio Wild como designer \u2013, o fot\u00f3grafo revela a beleza e as mazelas de um espa\u00e7o aqu\u00e1tico de \u00e1guas sempre renovadas, cheio de hist\u00f3rias e lendas como as das cidades que foram\u2026","rel":"","context":"Em &quot;Cultura-Geral&quot;","block_context":{"text":"Cultura-Geral","link":"https:\/\/www.jornalja.com.br\/arquivo\/category\/materiasecundaria\/"},"img":{"alt_text":"","src":"","width":0,"height":0},"classes":[]},{"id":12960,"url":"https:\/\/www.jornalja.com.br\/arquivo\/populacao-culpa-empresas-pela-greve-dos-rodoviarios\/","url_meta":{"origin":53495,"position":2},"title":"Popula\u00e7\u00e3o culpa empresas pela greve","author":"Patr\u00edcia Marini","date":"14 de fevereiro de 2014","format":false,"excerpt":"Pesquisa divulgada na edi\u00e7\u00e3o do jornal Metro desta sexta-feira,14, comprova o velho ditado: \u00e9 poss\u00edvel enganar muitos por algum tempo, mas n\u00e3o \u00e9 poss\u00edvel enganar a todos o tempo inteiro. A principal revela\u00e7\u00e3o foi que 59,8% dos entrevistados apontaram as empresas como as principais respons\u00e1veis pela grave e 46% culparam\u2026","rel":"","context":"Em &quot;X.Categorias velhas&quot;","block_context":{"text":"X.Categorias velhas","link":"https:\/\/www.jornalja.com.br\/arquivo\/category\/x-categorias-velhas\/"},"img":{"alt_text":"","src":"","width":0,"height":0},"classes":[]},{"id":13124,"url":"https:\/\/www.jornalja.com.br\/arquivo\/sangue-latino-no-iecine\/","url_meta":{"origin":53495,"position":3},"title":"Sangue latino no IECINE","author":"da Reda\u00e7\u00e3o","date":"18 de maio de 2014","format":false,"excerpt":"Francisco Ribeiro O Instituto Estadual de Cinema (IECINE) tem a frente, desde abril \u00faltimo, um novo diretor, o cineasta colombiano Juan Zapata, 36, que substitui Luiz Alberto Cassol. Radicado h\u00e1 dez anos em Porto Alegre, Zapata tem diante de si o desafio de conduzir at\u00e9 o final do ano um\u2026","rel":"","context":"Em &quot;Cultura-Geral&quot;","block_context":{"text":"Cultura-Geral","link":"https:\/\/www.jornalja.com.br\/arquivo\/category\/materiasecundaria\/"},"img":{"alt_text":"","src":"","width":0,"height":0},"classes":[]},{"id":13240,"url":"https:\/\/www.jornalja.com.br\/arquivo\/plano-diretor-estamos-construindo-o-caos\/","url_meta":{"origin":53495,"position":4},"title":"Plano diretor: &quot;Estamos construindo o caos&quot;","author":"Patr\u00edcia Marini","date":"26 de maio de 2014","format":false,"excerpt":"Desabafo que arquiteta Eliana Castilhos, delegada da Regi\u00e3o de Planejamento 1, postou nas redes sociais \u00e9 um testemunho do ambiente que se criou no Conselho do Plano Diretor de Porto Alegre, onde a aprova\u00e7\u00e3o de grandes empreendimentos \u00e9 empurrada guela abaixo dos conselheiros. Ao CMDUA Como delegada da Regi\u00e3o de\u2026","rel":"","context":"Em &quot;Geral&quot;","block_context":{"text":"Geral","link":"https:\/\/www.jornalja.com.br\/arquivo\/category\/geral\/"},"img":{"alt_text":"","src":"","width":0,"height":0},"classes":[]},{"id":5440,"url":"https:\/\/www.jornalja.com.br\/arquivo\/casarao-da-venancio-destino-permanece-incerto\/","url_meta":{"origin":53495,"position":5},"title":"Estado ainda n\u00e3o sabe o que fazer com casar\u00e3o abandonado h\u00e1 20 anos","author":"Elmar Bones","date":"6 de julho de 2009","format":false,"excerpt":"O casar\u00e3o amarelo, numa esquina nobre de Porto Alegre (Ven\u00e2ncio Aires com Jo\u00e3o Pessoa), j\u00e1 abrigou uma escola. H\u00e1 duas d\u00e9cadas, pelo menos, est\u00e1 abandonado, porque seu propriet\u00e1rio, o governo do Estado do Rio Grande do Sul, n\u00e3o consegue achar um destino para ele. Planos n\u00e3o faltaram. O governador Ol\u00edvio\u2026","rel":"","context":"Em &quot;X.Categorias velhas&quot;","block_context":{"text":"X.Categorias velhas","link":"https:\/\/www.jornalja.com.br\/arquivo\/category\/x-categorias-velhas\/"},"img":{"alt_text":"geraldo1","src":"https:\/\/i0.wp.com\/www.jornalja.com.br\/wp-content\/uploads\/2009\/07\/geraldo1.jpg?resize=350%2C200&ssl=1","width":350,"height":200},"classes":[]}],"jetpack_shortlink":"https:\/\/wp.me\/pbQjBd-dUP","jetpack_featured_media_url":"","_links":{"self":[{"href":"https:\/\/www.jornalja.com.br\/arquivo\/wp-json\/wp\/v2\/posts\/53495","targetHints":{"allow":["GET"]}}],"collection":[{"href":"https:\/\/www.jornalja.com.br\/arquivo\/wp-json\/wp\/v2\/posts"}],"about":[{"href":"https:\/\/www.jornalja.com.br\/arquivo\/wp-json\/wp\/v2\/types\/post"}],"author":[{"embeddable":true,"href":"https:\/\/www.jornalja.com.br\/arquivo\/wp-json\/wp\/v2\/users\/4"}],"replies":[{"embeddable":true,"href":"https:\/\/www.jornalja.com.br\/arquivo\/wp-json\/wp\/v2\/comments?post=53495"}],"version-history":[{"count":0,"href":"https:\/\/www.jornalja.com.br\/arquivo\/wp-json\/wp\/v2\/posts\/53495\/revisions"}],"wp:attachment":[{"href":"https:\/\/www.jornalja.com.br\/arquivo\/wp-json\/wp\/v2\/media?parent=53495"}],"wp:term":[{"taxonomy":"category","embeddable":true,"href":"https:\/\/www.jornalja.com.br\/arquivo\/wp-json\/wp\/v2\/categories?post=53495"},{"taxonomy":"post_tag","embeddable":true,"href":"https:\/\/www.jornalja.com.br\/arquivo\/wp-json\/wp\/v2\/tags?post=53495"}],"curies":[{"name":"wp","href":"https:\/\/api.w.org\/{rel}","templated":true}]}}