{"id":53520,"date":"2017-08-15T10:27:46","date_gmt":"2017-08-15T13:27:46","guid":{"rendered":"https:\/\/www.jornalja.com.br\/?p=53520"},"modified":"2017-08-15T10:27:46","modified_gmt":"2017-08-15T13:27:46","slug":"memorial-do-judiciario-faz-encenacao-para-alertar-sobre-abuso-e-exploracao-sexual-de-criancas-e-adolescentes","status":"publish","type":"post","link":"https:\/\/www.jornalja.com.br\/arquivo\/memorial-do-judiciario-faz-encenacao-para-alertar-sobre-abuso-e-exploracao-sexual-de-criancas-e-adolescentes\/","title":{"rendered":"Memorial do Judici\u00e1rio faz encena\u00e7\u00e3o para alertar\u00a0sobre abuso e explora\u00e7\u00e3o sexual de crian\u00e7as e adolescentes"},"content":{"rendered":"<p>Os alunos das turmas de 8\u00ba e 9\u00ba anos do Col\u00e9gio Estadual Olga Ben\u00e1rio Prestes, de Alvorada, tiveram uma aula diferente na manh\u00e3 de segunda-feira (14\/8). Eles assistiram a um teatro de bonecos e depois participaram da encena\u00e7\u00e3o de um J\u00fari, onde eles mesmos foram Juiz, Promotor, Advogado, r\u00e9u e jurados. Mas, o crime que eles tiveram que julgar n\u00e3o \u00e9 levado ao Tribunal do J\u00fari. &#8220;Fizemos uma adapta\u00e7\u00e3o para a atividade ser mais l\u00fadica e com maior intera\u00e7\u00e3o dos jovens, esclareceram as servidoras do Memorial do Judici\u00e1rio, Sabrina Lindemann e Carine Trindade.<br \/>\nDe acordo com estudos e pesquisas sobre o assunto, em 90% das ocorr\u00eancias, o autor \u00e9 algu\u00e9m com quem a v\u00edtima convive, o que, muitas vezes, impede que o crime venha a ser denunciado.\u00a0Por isso, o espet\u00e1culo de bonecos Eu digo N\u00e3o! , criado pela servidora Sabrina Lindemann, que contou com a atua\u00e7\u00e3o de estagi\u00e1rios do Memorial, abordou o drama de uma menina que foi abusada por um vizinho, pai de uma amiga que ia com ela para a escola. &#8220;Geralmente, falamos para os professores, pais, conselheiros tutelares, mas precisamos despertar nos jovens o interesse sobre este tema. Eles t\u00eam que ter esclarecimento sobre os n\u00edveis em que este abuso pode ocorrer&#8221;, afirmou a Assistente Social da Coordenadoria da Inf\u00e2ncia e Juventude, Marleci Hoffmeister.<br \/>\n&nbsp;<\/p>\n","protected":false},"excerpt":{"rendered":"<p>Os alunos das turmas de 8\u00ba e 9\u00ba anos do Col\u00e9gio Estadual Olga Ben\u00e1rio Prestes, de Alvorada, tiveram uma aula diferente na manh\u00e3 de segunda-feira (14\/8). Eles assistiram a um teatro de bonecos e depois participaram da encena\u00e7\u00e3o de um J\u00fari, onde eles mesmos foram Juiz, Promotor, Advogado, r\u00e9u e jurados. Mas, o crime que [&hellip;]<\/p>\n","protected":false},"author":4,"featured_media":0,"comment_status":"open","ping_status":"closed","sticky":false,"template":"","format":"standard","meta":{"_jetpack_newsletter_access":"","_jetpack_dont_email_post_to_subs":false,"_jetpack_newsletter_tier_id":0,"_jetpack_memberships_contains_paywalled_content":false,"_jetpack_feature_clip_id":0,"_jetpack_memberships_contains_paid_content":false,"footnotes":"","jetpack_post_was_ever_published":false},"categories":[2022],"tags":[],"class_list":["post-53520","post","type-post","status-publish","format-standard","hentry","category-notas"],"aioseo_notices":[],"aioseo_head":"\n\t\t<!-- All in One SEO 5.0.1.1 - aioseo.com -->\n\t<meta name=\"robots\" content=\"max-image-preview:large\" \/>\n\t<meta name=\"author\" content=\"da Reda\u00e7\u00e3o\"\/>\n\t<link rel=\"canonical\" href=\"https:\/\/www.jornalja.com.br\/arquivo\/memorial-do-judiciario-faz-encenacao-para-alertar-sobre-abuso-e-exploracao-sexual-de-criancas-e-adolescentes\/\" \/>\n\t<meta name=\"generator\" content=\"All in One SEO (AIOSEO) 5.0.1.1\" \/>\n\t\t<meta property=\"og:locale\" content=\"pt_BR\" \/>\n\t\t<meta property=\"og:site_name\" content=\"Arquivo | Jornal J\u00c1 | Porto Alegre\" \/>\n\t\t<meta property=\"og:type\" content=\"article\" \/>\n\t\t<meta property=\"og:title\" content=\"Memorial do Judici\u00e1rio faz encena\u00e7\u00e3o para alertar sobre abuso e explora\u00e7\u00e3o sexual de crian\u00e7as e adolescentes | Arquivo\" \/>\n\t\t<meta property=\"og:url\" content=\"https:\/\/www.jornalja.com.br\/arquivo\/memorial-do-judiciario-faz-encenacao-para-alertar-sobre-abuso-e-exploracao-sexual-de-criancas-e-adolescentes\/\" \/>\n\t\t<meta property=\"og:image\" content=\"https:\/\/www.jornalja.com.br\/economics\/wp-content\/uploads\/sites\/11\/2026\/08\/ja-folhaderosto-facebook.jpg\" \/>\n\t\t<meta property=\"og:image:secure_url\" content=\"https:\/\/www.jornalja.com.br\/economics\/wp-content\/uploads\/sites\/11\/2026\/08\/ja-folhaderosto-facebook.jpg\" \/>\n\t\t<meta property=\"article:published_time\" content=\"2017-08-15T13:27:46+00:00\" \/>\n\t\t<meta property=\"article:modified_time\" content=\"2017-08-15T13:27:46+00:00\" \/>\n\t\t<meta name=\"twitter:card\" content=\"summary\" \/>\n\t\t<meta name=\"twitter:title\" content=\"Memorial do Judici\u00e1rio faz encena\u00e7\u00e3o para alertar sobre abuso e explora\u00e7\u00e3o sexual de crian\u00e7as e adolescentes | Arquivo\" \/>\n\t\t<meta name=\"twitter:image\" content=\"https:\/\/www.jornalja.com.br\/economics\/wp-content\/uploads\/sites\/11\/2026\/08\/ja-folhaderosto-facebook.jpg\" \/>\n\t\t<script type=\"application\/ld+json\" class=\"aioseo-schema\">\n\t\t\t{\"@context\":\"https:\\\/\\\/schema.org\",\"@graph\":[{\"@type\":\"BlogPosting\",\"@id\":\"https:\\\/\\\/www.jornalja.com.br\\\/arquivo\\\/memorial-do-judiciario-faz-encenacao-para-alertar-sobre-abuso-e-exploracao-sexual-de-criancas-e-adolescentes\\\/#blogposting\",\"name\":\"Memorial do Judici\\u00e1rio faz encena\\u00e7\\u00e3o para alertar sobre abuso e explora\\u00e7\\u00e3o sexual de crian\\u00e7as e adolescentes | Arquivo\",\"headline\":\"Memorial do Judici\\u00e1rio faz encena\\u00e7\\u00e3o para alertar\\u00a0sobre abuso e explora\\u00e7\\u00e3o sexual de crian\\u00e7as e adolescentes\",\"author\":{\"@id\":\"https:\\\/\\\/www.jornalja.com.br\\\/arquivo\\\/author\\\/daredacao\\\/#author\"},\"publisher\":{\"@id\":\"https:\\\/\\\/www.jornalja.com.br\\\/arquivo\\\/#organization\"},\"image\":{\"@type\":\"ImageObject\",\"url\":\"https:\\\/\\\/www.jornalja.com.br\\\/wp-content\\\/uploads\\\/cards\\\/JAslogan.png\",\"@id\":\"https:\\\/\\\/www.jornalja.com.br\\\/arquivo\\\/#articleImage\"},\"datePublished\":\"2017-08-15T10:27:46-03:00\",\"dateModified\":\"2017-08-15T10:27:46-03:00\",\"inLanguage\":\"pt-BR\",\"mainEntityOfPage\":{\"@id\":\"https:\\\/\\\/www.jornalja.com.br\\\/arquivo\\\/memorial-do-judiciario-faz-encenacao-para-alertar-sobre-abuso-e-exploracao-sexual-de-criancas-e-adolescentes\\\/#webpage\"},\"isPartOf\":{\"@id\":\"https:\\\/\\\/www.jornalja.com.br\\\/arquivo\\\/memorial-do-judiciario-faz-encenacao-para-alertar-sobre-abuso-e-exploracao-sexual-de-criancas-e-adolescentes\\\/#webpage\"},\"articleSection\":\"NOTAS\"},{\"@type\":\"BreadcrumbList\",\"@id\":\"https:\\\/\\\/www.jornalja.com.br\\\/arquivo\\\/memorial-do-judiciario-faz-encenacao-para-alertar-sobre-abuso-e-exploracao-sexual-de-criancas-e-adolescentes\\\/#breadcrumblist\",\"itemListElement\":[{\"@type\":\"ListItem\",\"@id\":\"https:\\\/\\\/www.jornalja.com.br\\\/arquivo#listItem\",\"position\":1,\"name\":\"Home\",\"item\":\"https:\\\/\\\/www.jornalja.com.br\\\/arquivo\",\"nextItem\":{\"@type\":\"ListItem\",\"@id\":\"https:\\\/\\\/www.jornalja.com.br\\\/arquivo\\\/category\\\/notas\\\/#listItem\",\"name\":\"NOTAS\"}},{\"@type\":\"ListItem\",\"@id\":\"https:\\\/\\\/www.jornalja.com.br\\\/arquivo\\\/category\\\/notas\\\/#listItem\",\"position\":2,\"name\":\"NOTAS\",\"item\":\"https:\\\/\\\/www.jornalja.com.br\\\/arquivo\\\/category\\\/notas\\\/\",\"nextItem\":{\"@type\":\"ListItem\",\"@id\":\"https:\\\/\\\/www.jornalja.com.br\\\/arquivo\\\/memorial-do-judiciario-faz-encenacao-para-alertar-sobre-abuso-e-exploracao-sexual-de-criancas-e-adolescentes\\\/#listItem\",\"name\":\"Memorial do Judici\\u00e1rio faz encena\\u00e7\\u00e3o para alertar\\u00a0sobre abuso e explora\\u00e7\\u00e3o sexual de crian\\u00e7as e adolescentes\"},\"previousItem\":{\"@type\":\"ListItem\",\"@id\":\"https:\\\/\\\/www.jornalja.com.br\\\/arquivo#listItem\",\"name\":\"Home\"}},{\"@type\":\"ListItem\",\"@id\":\"https:\\\/\\\/www.jornalja.com.br\\\/arquivo\\\/memorial-do-judiciario-faz-encenacao-para-alertar-sobre-abuso-e-exploracao-sexual-de-criancas-e-adolescentes\\\/#listItem\",\"position\":3,\"name\":\"Memorial do Judici\\u00e1rio faz encena\\u00e7\\u00e3o para alertar\\u00a0sobre abuso e explora\\u00e7\\u00e3o sexual de crian\\u00e7as e adolescentes\",\"previousItem\":{\"@type\":\"ListItem\",\"@id\":\"https:\\\/\\\/www.jornalja.com.br\\\/arquivo\\\/category\\\/notas\\\/#listItem\",\"name\":\"NOTAS\"}}]},{\"@type\":\"Organization\",\"@id\":\"https:\\\/\\\/www.jornalja.com.br\\\/arquivo\\\/#organization\",\"name\":\"Jornal J\\u00c1\",\"description\":\"Jornal J\\u00c1 | Porto Alegre\",\"url\":\"https:\\\/\\\/www.jornalja.com.br\\\/arquivo\\\/\",\"telephone\":\"+555133307272\",\"logo\":{\"@type\":\"ImageObject\",\"url\":\"https:\\\/\\\/www.jornalja.com.br\\\/wp-content\\\/uploads\\\/cards\\\/JAslogan.png\",\"@id\":\"https:\\\/\\\/www.jornalja.com.br\\\/arquivo\\\/memorial-do-judiciario-faz-encenacao-para-alertar-sobre-abuso-e-exploracao-sexual-de-criancas-e-adolescentes\\\/#organizationLogo\"},\"image\":{\"@id\":\"https:\\\/\\\/www.jornalja.com.br\\\/arquivo\\\/memorial-do-judiciario-faz-encenacao-para-alertar-sobre-abuso-e-exploracao-sexual-de-criancas-e-adolescentes\\\/#organizationLogo\"}},{\"@type\":\"Person\",\"@id\":\"https:\\\/\\\/www.jornalja.com.br\\\/arquivo\\\/author\\\/daredacao\\\/#author\",\"url\":\"https:\\\/\\\/www.jornalja.com.br\\\/arquivo\\\/author\\\/daredacao\\\/\",\"name\":\"da Reda\\u00e7\\u00e3o\",\"image\":{\"@type\":\"ImageObject\",\"@id\":\"https:\\\/\\\/www.jornalja.com.br\\\/arquivo\\\/memorial-do-judiciario-faz-encenacao-para-alertar-sobre-abuso-e-exploracao-sexual-de-criancas-e-adolescentes\\\/#authorImage\",\"url\":\"https:\\\/\\\/secure.gravatar.com\\\/avatar\\\/469fd857d6605ad19919d27ed29d35a968a25f6e8fd9318356bbb7f57aae9c65?s=96&d=mm&r=g\",\"width\":96,\"height\":96,\"caption\":\"da Reda\\u00e7\\u00e3o\"}},{\"@type\":\"WebPage\",\"@id\":\"https:\\\/\\\/www.jornalja.com.br\\\/arquivo\\\/memorial-do-judiciario-faz-encenacao-para-alertar-sobre-abuso-e-exploracao-sexual-de-criancas-e-adolescentes\\\/#webpage\",\"url\":\"https:\\\/\\\/www.jornalja.com.br\\\/arquivo\\\/memorial-do-judiciario-faz-encenacao-para-alertar-sobre-abuso-e-exploracao-sexual-de-criancas-e-adolescentes\\\/\",\"name\":\"Memorial do Judici\\u00e1rio faz encena\\u00e7\\u00e3o para alertar sobre abuso e explora\\u00e7\\u00e3o sexual de crian\\u00e7as e adolescentes | Arquivo\",\"inLanguage\":\"pt-BR\",\"isPartOf\":{\"@id\":\"https:\\\/\\\/www.jornalja.com.br\\\/arquivo\\\/#website\"},\"breadcrumb\":{\"@id\":\"https:\\\/\\\/www.jornalja.com.br\\\/arquivo\\\/memorial-do-judiciario-faz-encenacao-para-alertar-sobre-abuso-e-exploracao-sexual-de-criancas-e-adolescentes\\\/#breadcrumblist\"},\"author\":{\"@id\":\"https:\\\/\\\/www.jornalja.com.br\\\/arquivo\\\/author\\\/daredacao\\\/#author\"},\"creator\":{\"@id\":\"https:\\\/\\\/www.jornalja.com.br\\\/arquivo\\\/author\\\/daredacao\\\/#author\"},\"datePublished\":\"2017-08-15T10:27:46-03:00\",\"dateModified\":\"2017-08-15T10:27:46-03:00\"},{\"@type\":\"WebSite\",\"@id\":\"https:\\\/\\\/www.jornalja.com.br\\\/arquivo\\\/#website\",\"url\":\"https:\\\/\\\/www.jornalja.com.br\\\/arquivo\\\/\",\"name\":\"Arquivo\",\"description\":\"Jornal J\\u00c1 | Porto Alegre\",\"inLanguage\":\"pt-BR\",\"publisher\":{\"@id\":\"https:\\\/\\\/www.jornalja.com.br\\\/arquivo\\\/#organization\"}}]}\n\t\t<\/script>\n\t\t<!-- All in One SEO -->\n\n","aioseo_head_json":{"title":"Memorial do Judici\u00e1rio faz encena\u00e7\u00e3o para alertar sobre abuso e explora\u00e7\u00e3o sexual de crian\u00e7as e adolescentes | Arquivo","description":"","canonical_url":"https:\/\/www.jornalja.com.br\/arquivo\/memorial-do-judiciario-faz-encenacao-para-alertar-sobre-abuso-e-exploracao-sexual-de-criancas-e-adolescentes\/","robots":"max-image-preview:large","keywords":"","webmasterTools":{"miscellaneous":""},"schema":{"@context":"https:\/\/schema.org","@graph":[{"@type":"BlogPosting","@id":"https:\/\/www.jornalja.com.br\/arquivo\/memorial-do-judiciario-faz-encenacao-para-alertar-sobre-abuso-e-exploracao-sexual-de-criancas-e-adolescentes\/#blogposting","name":"Memorial do Judici\u00e1rio faz encena\u00e7\u00e3o para alertar sobre abuso e explora\u00e7\u00e3o sexual de crian\u00e7as e adolescentes | Arquivo","headline":"Memorial do Judici\u00e1rio faz encena\u00e7\u00e3o para alertar\u00a0sobre abuso e explora\u00e7\u00e3o sexual de crian\u00e7as e adolescentes","author":{"@id":"https:\/\/www.jornalja.com.br\/arquivo\/author\/daredacao\/#author"},"publisher":{"@id":"https:\/\/www.jornalja.com.br\/arquivo\/#organization"},"image":{"@type":"ImageObject","url":"https:\/\/www.jornalja.com.br\/wp-content\/uploads\/cards\/JAslogan.png","@id":"https:\/\/www.jornalja.com.br\/arquivo\/#articleImage"},"datePublished":"2017-08-15T10:27:46-03:00","dateModified":"2017-08-15T10:27:46-03:00","inLanguage":"pt-BR","mainEntityOfPage":{"@id":"https:\/\/www.jornalja.com.br\/arquivo\/memorial-do-judiciario-faz-encenacao-para-alertar-sobre-abuso-e-exploracao-sexual-de-criancas-e-adolescentes\/#webpage"},"isPartOf":{"@id":"https:\/\/www.jornalja.com.br\/arquivo\/memorial-do-judiciario-faz-encenacao-para-alertar-sobre-abuso-e-exploracao-sexual-de-criancas-e-adolescentes\/#webpage"},"articleSection":"NOTAS"},{"@type":"BreadcrumbList","@id":"https:\/\/www.jornalja.com.br\/arquivo\/memorial-do-judiciario-faz-encenacao-para-alertar-sobre-abuso-e-exploracao-sexual-de-criancas-e-adolescentes\/#breadcrumblist","itemListElement":[{"@type":"ListItem","@id":"https:\/\/www.jornalja.com.br\/arquivo#listItem","position":1,"name":"Home","item":"https:\/\/www.jornalja.com.br\/arquivo","nextItem":{"@type":"ListItem","@id":"https:\/\/www.jornalja.com.br\/arquivo\/category\/notas\/#listItem","name":"NOTAS"}},{"@type":"ListItem","@id":"https:\/\/www.jornalja.com.br\/arquivo\/category\/notas\/#listItem","position":2,"name":"NOTAS","item":"https:\/\/www.jornalja.com.br\/arquivo\/category\/notas\/","nextItem":{"@type":"ListItem","@id":"https:\/\/www.jornalja.com.br\/arquivo\/memorial-do-judiciario-faz-encenacao-para-alertar-sobre-abuso-e-exploracao-sexual-de-criancas-e-adolescentes\/#listItem","name":"Memorial do Judici\u00e1rio faz encena\u00e7\u00e3o para alertar\u00a0sobre abuso e explora\u00e7\u00e3o sexual de crian\u00e7as e adolescentes"},"previousItem":{"@type":"ListItem","@id":"https:\/\/www.jornalja.com.br\/arquivo#listItem","name":"Home"}},{"@type":"ListItem","@id":"https:\/\/www.jornalja.com.br\/arquivo\/memorial-do-judiciario-faz-encenacao-para-alertar-sobre-abuso-e-exploracao-sexual-de-criancas-e-adolescentes\/#listItem","position":3,"name":"Memorial do Judici\u00e1rio faz encena\u00e7\u00e3o para alertar\u00a0sobre abuso e explora\u00e7\u00e3o sexual de crian\u00e7as e adolescentes","previousItem":{"@type":"ListItem","@id":"https:\/\/www.jornalja.com.br\/arquivo\/category\/notas\/#listItem","name":"NOTAS"}}]},{"@type":"Organization","@id":"https:\/\/www.jornalja.com.br\/arquivo\/#organization","name":"Jornal J\u00c1","description":"Jornal J\u00c1 | Porto Alegre","url":"https:\/\/www.jornalja.com.br\/arquivo\/","telephone":"+555133307272","logo":{"@type":"ImageObject","url":"https:\/\/www.jornalja.com.br\/wp-content\/uploads\/cards\/JAslogan.png","@id":"https:\/\/www.jornalja.com.br\/arquivo\/memorial-do-judiciario-faz-encenacao-para-alertar-sobre-abuso-e-exploracao-sexual-de-criancas-e-adolescentes\/#organizationLogo"},"image":{"@id":"https:\/\/www.jornalja.com.br\/arquivo\/memorial-do-judiciario-faz-encenacao-para-alertar-sobre-abuso-e-exploracao-sexual-de-criancas-e-adolescentes\/#organizationLogo"}},{"@type":"Person","@id":"https:\/\/www.jornalja.com.br\/arquivo\/author\/daredacao\/#author","url":"https:\/\/www.jornalja.com.br\/arquivo\/author\/daredacao\/","name":"da Reda\u00e7\u00e3o","image":{"@type":"ImageObject","@id":"https:\/\/www.jornalja.com.br\/arquivo\/memorial-do-judiciario-faz-encenacao-para-alertar-sobre-abuso-e-exploracao-sexual-de-criancas-e-adolescentes\/#authorImage","url":"https:\/\/secure.gravatar.com\/avatar\/469fd857d6605ad19919d27ed29d35a968a25f6e8fd9318356bbb7f57aae9c65?s=96&d=mm&r=g","width":96,"height":96,"caption":"da Reda\u00e7\u00e3o"}},{"@type":"WebPage","@id":"https:\/\/www.jornalja.com.br\/arquivo\/memorial-do-judiciario-faz-encenacao-para-alertar-sobre-abuso-e-exploracao-sexual-de-criancas-e-adolescentes\/#webpage","url":"https:\/\/www.jornalja.com.br\/arquivo\/memorial-do-judiciario-faz-encenacao-para-alertar-sobre-abuso-e-exploracao-sexual-de-criancas-e-adolescentes\/","name":"Memorial do Judici\u00e1rio faz encena\u00e7\u00e3o para alertar sobre abuso e explora\u00e7\u00e3o sexual de crian\u00e7as e adolescentes | Arquivo","inLanguage":"pt-BR","isPartOf":{"@id":"https:\/\/www.jornalja.com.br\/arquivo\/#website"},"breadcrumb":{"@id":"https:\/\/www.jornalja.com.br\/arquivo\/memorial-do-judiciario-faz-encenacao-para-alertar-sobre-abuso-e-exploracao-sexual-de-criancas-e-adolescentes\/#breadcrumblist"},"author":{"@id":"https:\/\/www.jornalja.com.br\/arquivo\/author\/daredacao\/#author"},"creator":{"@id":"https:\/\/www.jornalja.com.br\/arquivo\/author\/daredacao\/#author"},"datePublished":"2017-08-15T10:27:46-03:00","dateModified":"2017-08-15T10:27:46-03:00"},{"@type":"WebSite","@id":"https:\/\/www.jornalja.com.br\/arquivo\/#website","url":"https:\/\/www.jornalja.com.br\/arquivo\/","name":"Arquivo","description":"Jornal J\u00c1 | Porto Alegre","inLanguage":"pt-BR","publisher":{"@id":"https:\/\/www.jornalja.com.br\/arquivo\/#organization"}}]},"og:locale":"pt_BR","og:site_name":"Arquivo | Jornal J\u00c1 | Porto Alegre","og:type":"article","og:title":"Memorial do Judici\u00e1rio faz encena\u00e7\u00e3o para alertar sobre abuso e explora\u00e7\u00e3o sexual de crian\u00e7as e adolescentes | Arquivo","og:url":"https:\/\/www.jornalja.com.br\/arquivo\/memorial-do-judiciario-faz-encenacao-para-alertar-sobre-abuso-e-exploracao-sexual-de-criancas-e-adolescentes\/","og:image":"https:\/\/www.jornalja.com.br\/economics\/wp-content\/uploads\/sites\/11\/2026\/08\/ja-folhaderosto-facebook.jpg","og:image:secure_url":"https:\/\/www.jornalja.com.br\/economics\/wp-content\/uploads\/sites\/11\/2026\/08\/ja-folhaderosto-facebook.jpg","article:published_time":"2017-08-15T13:27:46+00:00","article:modified_time":"2017-08-15T13:27:46+00:00","twitter:card":"summary","twitter:title":"Memorial do Judici\u00e1rio faz encena\u00e7\u00e3o para alertar sobre abuso e explora\u00e7\u00e3o sexual de crian\u00e7as e adolescentes | Arquivo","twitter:image":"https:\/\/www.jornalja.com.br\/economics\/wp-content\/uploads\/sites\/11\/2026\/08\/ja-folhaderosto-facebook.jpg"},"aioseo_meta_data":{"post_id":"53520","title":null,"description":null,"keywords":null,"keyphrases":null,"primary_term":null,"canonical_url":null,"og_title":null,"og_description":null,"og_object_type":"default","og_image_type":"default","og_image_url":null,"og_image_width":null,"og_image_height":null,"og_image_custom_url":null,"og_image_custom_fields":null,"og_video":null,"og_custom_url":null,"og_article_section":null,"og_article_tags":null,"twitter_use_og":false,"twitter_card":"default","twitter_image_type":"default","twitter_image_url":null,"twitter_image_custom_url":null,"twitter_image_custom_fields":null,"twitter_title":null,"twitter_description":null,"schema":{"blockGraphs":[],"customGraphs":[],"default":{"data":{"Article":[],"Course":[],"Dataset":[],"FAQPage":[],"Movie":[],"Person":[],"Product":[],"ProductReview":[],"Car":[],"Recipe":[],"Service":[],"SoftwareApplication":[],"WebPage":[]},"graphName":"","isEnabled":true},"graphs":[],"defaultGraph":"","defaultPostTypeGraph":""},"schema_type":null,"schema_type_options":null,"pillar_content":false,"robots_default":true,"robots_noindex":false,"robots_noarchive":false,"robots_nosnippet":false,"robots_nofollow":false,"robots_noimageindex":false,"robots_noodp":false,"robots_notranslate":false,"robots_max_snippet":null,"robots_max_videopreview":null,"robots_max_imagepreview":"large","priority":null,"frequency":null,"location":null,"local_seo":null,"breadcrumb_settings":null,"limit_modified_date":false,"ai":null,"created":"2020-12-20 20:26:59","updated":"2025-07-20 00:15:41","seo_analyzer_scan_date":null,"focus_keyword":null,"additional_keywords":null,"truseo_locale":null},"jetpack_sharing_enabled":true,"jetpack-related-posts":[{"id":13109,"url":"https:\/\/www.jornalja.com.br\/arquivo\/judiciario-reconhece-poluicao-eletromagnetica\/","url_meta":{"origin":53520,"position":0},"title":"Judici\u00e1rio reconhece polui\u00e7\u00e3o eletromagn\u00e9tica","author":"Patr\u00edcia Marini","date":"16 de maio de 2014","format":false,"excerpt":"A\u00e7\u00e3o de duas associa\u00e7\u00f5es de moradores foi acolhida pelo Tribunal de Justi\u00e7a de S\u00e3o Paulo que. em decis\u00e3o in\u00e9dita, determinou a redu\u00e7\u00e3o do campo eletromagn\u00e9tico gerado pelas linhas de transmiss\u00e3o de energia que cortam os bairros City Boa\u00e7ava e Alto de Pinheiros. \u00c9 a primeira vez que um tribunal do\u2026","rel":"","context":"Em &quot;X.Categorias velhas&quot;","block_context":{"text":"X.Categorias velhas","link":"https:\/\/www.jornalja.com.br\/arquivo\/category\/x-categorias-velhas\/"},"img":{"alt_text":"","src":"","width":0,"height":0},"classes":[]},{"id":13240,"url":"https:\/\/www.jornalja.com.br\/arquivo\/plano-diretor-estamos-construindo-o-caos\/","url_meta":{"origin":53520,"position":1},"title":"Plano diretor: &quot;Estamos construindo o caos&quot;","author":"Patr\u00edcia Marini","date":"26 de maio de 2014","format":false,"excerpt":"Desabafo que arquiteta Eliana Castilhos, delegada da Regi\u00e3o de Planejamento 1, postou nas redes sociais \u00e9 um testemunho do ambiente que se criou no Conselho do Plano Diretor de Porto Alegre, onde a aprova\u00e7\u00e3o de grandes empreendimentos \u00e9 empurrada guela abaixo dos conselheiros. Ao CMDUA Como delegada da Regi\u00e3o de\u2026","rel":"","context":"Em &quot;Geral&quot;","block_context":{"text":"Geral","link":"https:\/\/www.jornalja.com.br\/arquivo\/category\/geral\/"},"img":{"alt_text":"","src":"","width":0,"height":0},"classes":[]},{"id":12960,"url":"https:\/\/www.jornalja.com.br\/arquivo\/populacao-culpa-empresas-pela-greve-dos-rodoviarios\/","url_meta":{"origin":53520,"position":2},"title":"Popula\u00e7\u00e3o culpa empresas pela greve","author":"Patr\u00edcia Marini","date":"14 de fevereiro de 2014","format":false,"excerpt":"Pesquisa divulgada na edi\u00e7\u00e3o do jornal Metro desta sexta-feira,14, comprova o velho ditado: \u00e9 poss\u00edvel enganar muitos por algum tempo, mas n\u00e3o \u00e9 poss\u00edvel enganar a todos o tempo inteiro. A principal revela\u00e7\u00e3o foi que 59,8% dos entrevistados apontaram as empresas como as principais respons\u00e1veis pela grave e 46% culparam\u2026","rel":"","context":"Em &quot;X.Categorias velhas&quot;","block_context":{"text":"X.Categorias velhas","link":"https:\/\/www.jornalja.com.br\/arquivo\/category\/x-categorias-velhas\/"},"img":{"alt_text":"","src":"","width":0,"height":0},"classes":[]},{"id":13239,"url":"https:\/\/www.jornalja.com.br\/arquivo\/conselho-desdenha-do-plano-diretor\/","url_meta":{"origin":53520,"position":3},"title":"Porto Alegre: Conselho detona Plano Diretor","author":"Patr\u00edcia Marini","date":"25 de maio de 2014","format":false,"excerpt":"Den\u00fancia do arquiteto e \u00a0urbanista Ibir\u00e1 Santos Lucas. Ele diz que os conselheiros est\u00e3o votando com \"enorme irresponsabilidade\". \"Mudam regime com a maior naturalidade,,,regularizam absurdos de constru\u00e7\u00f5es irregulares... \"O CMDUA est\u00e1 flexibilizando a lei do plano diretor, de uma forma impactante na vida da cidade. Mudam regime com a maior\u2026","rel":"","context":"Em &quot;Geral&quot;","block_context":{"text":"Geral","link":"https:\/\/www.jornalja.com.br\/arquivo\/category\/geral\/"},"img":{"alt_text":"","src":"","width":0,"height":0},"classes":[]},{"id":13101,"url":"https:\/\/www.jornalja.com.br\/arquivo\/morre-um-guerreiro-do-texto\/","url_meta":{"origin":53520,"position":4},"title":"Morre um guerreiro do texto","author":"Patr\u00edcia Marini","date":"14 de maio de 2014","format":false,"excerpt":"Por Ricardo Kotscho Reproduzido do blog do autor, 11\/5\/2014; t\u00edtulo original \u201cE l\u00e1 se foi o nosso Myltainho, guerreiro do texto\u201d. Mi\u00fado e franzino, meu amigo Myltainho era um valente e inconformado guerreiro na luta contra as injusti\u00e7as sociais, a hipocrisia, as maracutaias, o autoritarismo, a intoler\u00e2ncia, a viol\u00eancia, o\u2026","rel":"","context":"Em &quot;Geral&quot;","block_context":{"text":"Geral","link":"https:\/\/www.jornalja.com.br\/arquivo\/category\/geral\/"},"img":{"alt_text":"","src":"","width":0,"height":0},"classes":[]},{"id":13128,"url":"https:\/\/www.jornalja.com.br\/arquivo\/maconha-terra-diz-que-uso-medicinal-e-desculpa\/","url_meta":{"origin":53520,"position":5},"title":"Maconha: Terra diz que uso medicinal \u00e9 desculpa","author":"Patr\u00edcia Marini","date":"4 de junho de 2014","format":false,"excerpt":"A condi\u00e7\u00e3o de pol\u00edtico, em \u00e9poca de campanha de campanha eleitoral, tira for\u00e7a do discurso do m\u00e9dico Osmar Terra contra a legaliza\u00e7\u00e3o da maconha. A tese dele de que a libera\u00e7\u00e3o vai ampliar exponencialmente o consumo \u00e9 discutivel, o consumo \u00e9 corrente. Mas seus alertas quanto aos riscos tem que\u2026","rel":"","context":"Em &quot;X.Categorias velhas&quot;","block_context":{"text":"X.Categorias velhas","link":"https:\/\/www.jornalja.com.br\/arquivo\/category\/x-categorias-velhas\/"},"img":{"alt_text":"","src":"","width":0,"height":0},"classes":[]}],"jetpack_shortlink":"https:\/\/wp.me\/pbQjBd-dVe","jetpack_featured_media_url":"","_links":{"self":[{"href":"https:\/\/www.jornalja.com.br\/arquivo\/wp-json\/wp\/v2\/posts\/53520","targetHints":{"allow":["GET"]}}],"collection":[{"href":"https:\/\/www.jornalja.com.br\/arquivo\/wp-json\/wp\/v2\/posts"}],"about":[{"href":"https:\/\/www.jornalja.com.br\/arquivo\/wp-json\/wp\/v2\/types\/post"}],"author":[{"embeddable":true,"href":"https:\/\/www.jornalja.com.br\/arquivo\/wp-json\/wp\/v2\/users\/4"}],"replies":[{"embeddable":true,"href":"https:\/\/www.jornalja.com.br\/arquivo\/wp-json\/wp\/v2\/comments?post=53520"}],"version-history":[{"count":0,"href":"https:\/\/www.jornalja.com.br\/arquivo\/wp-json\/wp\/v2\/posts\/53520\/revisions"}],"wp:attachment":[{"href":"https:\/\/www.jornalja.com.br\/arquivo\/wp-json\/wp\/v2\/media?parent=53520"}],"wp:term":[{"taxonomy":"category","embeddable":true,"href":"https:\/\/www.jornalja.com.br\/arquivo\/wp-json\/wp\/v2\/categories?post=53520"},{"taxonomy":"post_tag","embeddable":true,"href":"https:\/\/www.jornalja.com.br\/arquivo\/wp-json\/wp\/v2\/tags?post=53520"}],"curies":[{"name":"wp","href":"https:\/\/api.w.org\/{rel}","templated":true}]}}