{"id":53594,"date":"2017-08-16T16:16:45","date_gmt":"2017-08-16T19:16:45","guid":{"rendered":"https:\/\/www.jornalja.com.br\/?p=53594"},"modified":"2017-08-16T16:16:45","modified_gmt":"2017-08-16T19:16:45","slug":"ex-diretor-e-funcionario-do-dmlu-sao-suspeitos-de-desvio-de-produtos-do-tjrs-que-somam-r-100-mil","status":"publish","type":"post","link":"https:\/\/www.jornalja.com.br\/arquivo\/ex-diretor-e-funcionario-do-dmlu-sao-suspeitos-de-desvio-de-produtos-do-tjrs-que-somam-r-100-mil\/","title":{"rendered":"Ex-diretor e funcion\u00e1rio do DMLU suspeitos de desviar R$ 100 mil"},"content":{"rendered":"<p>A investiga\u00e7\u00e3o da Pol\u00edcia Civil aponta para o desvio de 763 itens, m\u00f3veis e eletrodom\u00e9sticos usados, que foram doados pelo Tribunal de Justi\u00e7a do RS ao Departamento Municipal de Limpeza Urbana (DMLU) de Porto Alegre. O valor dos itens chega a R$ 100 mil.<br \/>\nAo menos um ex-diretor e um funcion\u00e1rio da autarquia s\u00e3o suspeitos de participarem do esquema criminoso. Segundo os delegados Andr\u00e9 Lobo Anicet e Max Otto Ritter, a investiga\u00e7\u00e3o come\u00e7ou em junho, a partir de den\u00fancias de irregularidades da dire\u00e7\u00e3o do DMLU.<br \/>\n\u201cExaminando a documenta\u00e7\u00e3o fornecida pelo Departamento de Material e Patrim\u00f4nio do TJ, que doou centenas de bens m\u00f3veis ao DMLU, foi poss\u00edvel verificar que cerca de 800 bens p\u00fablicos, em um valor estimado de R$ 100 mil, foram retirados do dep\u00f3sito do TJRS por servidores do DMLU\u201d, explicam os delegados.<br \/>\nAs retiradas teriam sido realizadas em diversos caminh\u00f5es, durante tr\u00eas dias diferentes. \u201cFoi poss\u00edvel confirmar a materialidade dos crimes de peculato, desvio e apropria\u00e7\u00e3o por parte dos servidores do Departamento, uma vez que, conforme os documentos apresentados, n\u00e3o houve registro de tombamento ou recebimento dos bens do TJRS para a autarquia municipal. Todas as doa\u00e7\u00f5es anteriores ao DMLU tamb\u00e9m ser\u00e3o analisadas, no sentido de verificar a ocorr\u00eancia de outras irregularidades\u201d, acrescentaram os delegados.<br \/>\nNa opera\u00e7\u00e3o, chegou a ser detido Jairo Armando dos Santos, ex-diretor da Divis\u00e3o de Limpeza e Coleta. Ele foi preso por porte ilegal de arma, um rev\u00f3lver 38 que estava municiado. Santos foi ouvido, pagou fian\u00e7a de R$ 3 mil e depois liberado.<br \/>\nNa casa do ex-diretor foram apreendidos, al\u00e9m do rev\u00f3lver, celulares, documentos e Hds. O outro funcion\u00e1rio envolvido seria um gari que atuava como motorista de caminh\u00e3o.<br \/>\nA Pol\u00edcia Civil investiga os crimes de peculato, prevarica\u00e7\u00e3o e associa\u00e7\u00e3o criminosa.\u00a0A a\u00e7\u00e3o foi comandada pela Delegacia de Repress\u00e3o aos Crimes contra a Administra\u00e7\u00e3o P\u00fablica e Ordem Tribut\u00e1ria. Foram cumpridos seis mandados de busca e apreens\u00e3o &#8211; na sede do DMLU, em uma recicladora vinculada \u00e0 autarquia e nas resid\u00eancias dos dois suspeitos.<br \/>\nA Prefeitura divulgou nota sobre a opera\u00e7\u00e3o envolvendo servidores, lembrando que o ex-diretor foi afastado na \u00faltima semana e o outro servidor investigado responder\u00e1 tamb\u00e9m processo administrativo. Veja abaixo:<br \/>\n<em>A Prefeitura de Porto Alegre informa que a opera\u00e7\u00e3o realizada na manh\u00e3 desta quarta-feira, 16, envolvendo o Departamento Municipal de Limpeza Urbana (DMLU), foi desencadeada por den\u00fancia da pr\u00f3pria dire\u00e7\u00e3o do \u00f3rg\u00e3o p\u00fablico feita ao Departamento Estadual de Investiga\u00e7\u00f5es Criminais (Deic). Quanto aos dois servidores envolvidos na investiga\u00e7\u00e3o, o ent\u00e3o diretor da Divis\u00e3o de Limpeza e Coleta foi exonerado do cargo em comiss\u00e3o na \u00faltima semana. Sobre o servidor de carreira do Munic\u00edpio, a Secretaria Municipal de Servi\u00e7os Urbanos adotar\u00e1 junto \u00e0 Procuradoria-Geral do Munic\u00edpio (PGM) as provid\u00eancias necess\u00e1rias para afastamento das fun\u00e7\u00f5es no DMLU e abertura de sindic\u00e2ncia.<\/em><\/p>\n","protected":false},"excerpt":{"rendered":"<p>A investiga\u00e7\u00e3o da Pol\u00edcia Civil aponta para o desvio de 763 itens, m\u00f3veis e eletrodom\u00e9sticos usados, que foram doados pelo Tribunal de Justi\u00e7a do RS ao Departamento Municipal de Limpeza Urbana (DMLU) de Porto Alegre. O valor dos itens chega a R$ 100 mil. Ao menos um ex-diretor e um funcion\u00e1rio da autarquia s\u00e3o suspeitos [&hellip;]<\/p>\n","protected":false},"author":4,"featured_media":53597,"comment_status":"open","ping_status":"closed","sticky":false,"template":"","format":"standard","meta":{"_jetpack_newsletter_access":"","_jetpack_dont_email_post_to_subs":false,"_jetpack_newsletter_tier_id":0,"_jetpack_memberships_contains_paywalled_content":false,"_jetpack_feature_clip_id":0,"_jetpack_memberships_contains_paid_content":false,"footnotes":"","jetpack_post_was_ever_published":false},"categories":[26],"tags":[],"class_list":["post-53594","post","type-post","status-publish","format-standard","has-post-thumbnail","hentry","category-geral"],"aioseo_notices":[],"aioseo_head":"\n\t\t<!-- All in One SEO 5.0.1.1 - aioseo.com -->\n\t<meta name=\"robots\" content=\"max-image-preview:large\" \/>\n\t<meta name=\"author\" content=\"da Reda\u00e7\u00e3o\"\/>\n\t<link rel=\"canonical\" href=\"https:\/\/www.jornalja.com.br\/arquivo\/ex-diretor-e-funcionario-do-dmlu-sao-suspeitos-de-desvio-de-produtos-do-tjrs-que-somam-r-100-mil\/\" \/>\n\t<meta name=\"generator\" content=\"All in One SEO (AIOSEO) 5.0.1.1\" \/>\n\t\t<meta property=\"og:locale\" content=\"pt_BR\" \/>\n\t\t<meta property=\"og:site_name\" content=\"Arquivo | Jornal J\u00c1 | Porto Alegre\" \/>\n\t\t<meta property=\"og:type\" content=\"article\" \/>\n\t\t<meta property=\"og:title\" content=\"Ex-diretor e funcion\u00e1rio do DMLU suspeitos de desviar R$ 100 mil | Arquivo\" \/>\n\t\t<meta property=\"og:url\" content=\"https:\/\/www.jornalja.com.br\/arquivo\/ex-diretor-e-funcionario-do-dmlu-sao-suspeitos-de-desvio-de-produtos-do-tjrs-que-somam-r-100-mil\/\" \/>\n\t\t<meta property=\"og:image\" content=\"https:\/\/www.jornalja.com.br\/economics\/wp-content\/uploads\/sites\/11\/2026\/08\/ja-folhaderosto-facebook.jpg\" \/>\n\t\t<meta property=\"og:image:secure_url\" content=\"https:\/\/www.jornalja.com.br\/economics\/wp-content\/uploads\/sites\/11\/2026\/08\/ja-folhaderosto-facebook.jpg\" \/>\n\t\t<meta property=\"article:published_time\" content=\"2017-08-16T19:16:45+00:00\" \/>\n\t\t<meta property=\"article:modified_time\" content=\"2017-08-16T19:16:45+00:00\" \/>\n\t\t<meta name=\"twitter:card\" content=\"summary\" \/>\n\t\t<meta name=\"twitter:title\" content=\"Ex-diretor e funcion\u00e1rio do DMLU suspeitos de desviar R$ 100 mil | Arquivo\" \/>\n\t\t<meta name=\"twitter:image\" content=\"https:\/\/www.jornalja.com.br\/economics\/wp-content\/uploads\/sites\/11\/2026\/08\/ja-folhaderosto-facebook.jpg\" \/>\n\t\t<script type=\"application\/ld+json\" class=\"aioseo-schema\">\n\t\t\t{\"@context\":\"https:\\\/\\\/schema.org\",\"@graph\":[{\"@type\":\"BlogPosting\",\"@id\":\"https:\\\/\\\/www.jornalja.com.br\\\/arquivo\\\/ex-diretor-e-funcionario-do-dmlu-sao-suspeitos-de-desvio-de-produtos-do-tjrs-que-somam-r-100-mil\\\/#blogposting\",\"name\":\"Ex-diretor e funcion\\u00e1rio do DMLU suspeitos de desviar R$ 100 mil | Arquivo\",\"headline\":\"Ex-diretor e funcion\\u00e1rio do DMLU suspeitos de desviar R$ 100 mil\",\"author\":{\"@id\":\"https:\\\/\\\/www.jornalja.com.br\\\/arquivo\\\/author\\\/daredacao\\\/#author\"},\"publisher\":{\"@id\":\"https:\\\/\\\/www.jornalja.com.br\\\/arquivo\\\/#organization\"},\"image\":{\"@type\":\"ImageObject\",\"url\":53597},\"datePublished\":\"2017-08-16T16:16:45-03:00\",\"dateModified\":\"2017-08-16T16:16:45-03:00\",\"inLanguage\":\"pt-BR\",\"mainEntityOfPage\":{\"@id\":\"https:\\\/\\\/www.jornalja.com.br\\\/arquivo\\\/ex-diretor-e-funcionario-do-dmlu-sao-suspeitos-de-desvio-de-produtos-do-tjrs-que-somam-r-100-mil\\\/#webpage\"},\"isPartOf\":{\"@id\":\"https:\\\/\\\/www.jornalja.com.br\\\/arquivo\\\/ex-diretor-e-funcionario-do-dmlu-sao-suspeitos-de-desvio-de-produtos-do-tjrs-que-somam-r-100-mil\\\/#webpage\"},\"articleSection\":\"Geral\"},{\"@type\":\"BreadcrumbList\",\"@id\":\"https:\\\/\\\/www.jornalja.com.br\\\/arquivo\\\/ex-diretor-e-funcionario-do-dmlu-sao-suspeitos-de-desvio-de-produtos-do-tjrs-que-somam-r-100-mil\\\/#breadcrumblist\",\"itemListElement\":[{\"@type\":\"ListItem\",\"@id\":\"https:\\\/\\\/www.jornalja.com.br\\\/arquivo#listItem\",\"position\":1,\"name\":\"Home\",\"item\":\"https:\\\/\\\/www.jornalja.com.br\\\/arquivo\",\"nextItem\":{\"@type\":\"ListItem\",\"@id\":\"https:\\\/\\\/www.jornalja.com.br\\\/arquivo\\\/category\\\/geral\\\/#listItem\",\"name\":\"Geral\"}},{\"@type\":\"ListItem\",\"@id\":\"https:\\\/\\\/www.jornalja.com.br\\\/arquivo\\\/category\\\/geral\\\/#listItem\",\"position\":2,\"name\":\"Geral\",\"item\":\"https:\\\/\\\/www.jornalja.com.br\\\/arquivo\\\/category\\\/geral\\\/\",\"nextItem\":{\"@type\":\"ListItem\",\"@id\":\"https:\\\/\\\/www.jornalja.com.br\\\/arquivo\\\/ex-diretor-e-funcionario-do-dmlu-sao-suspeitos-de-desvio-de-produtos-do-tjrs-que-somam-r-100-mil\\\/#listItem\",\"name\":\"Ex-diretor e funcion\\u00e1rio do DMLU suspeitos de desviar R$ 100 mil\"},\"previousItem\":{\"@type\":\"ListItem\",\"@id\":\"https:\\\/\\\/www.jornalja.com.br\\\/arquivo#listItem\",\"name\":\"Home\"}},{\"@type\":\"ListItem\",\"@id\":\"https:\\\/\\\/www.jornalja.com.br\\\/arquivo\\\/ex-diretor-e-funcionario-do-dmlu-sao-suspeitos-de-desvio-de-produtos-do-tjrs-que-somam-r-100-mil\\\/#listItem\",\"position\":3,\"name\":\"Ex-diretor e funcion\\u00e1rio do DMLU suspeitos de desviar R$ 100 mil\",\"previousItem\":{\"@type\":\"ListItem\",\"@id\":\"https:\\\/\\\/www.jornalja.com.br\\\/arquivo\\\/category\\\/geral\\\/#listItem\",\"name\":\"Geral\"}}]},{\"@type\":\"Organization\",\"@id\":\"https:\\\/\\\/www.jornalja.com.br\\\/arquivo\\\/#organization\",\"name\":\"Jornal J\\u00c1\",\"description\":\"Jornal J\\u00c1 | Porto Alegre\",\"url\":\"https:\\\/\\\/www.jornalja.com.br\\\/arquivo\\\/\",\"telephone\":\"+555133307272\",\"logo\":{\"@type\":\"ImageObject\",\"url\":\"https:\\\/\\\/www.jornalja.com.br\\\/wp-content\\\/uploads\\\/cards\\\/JAslogan.png\",\"@id\":\"https:\\\/\\\/www.jornalja.com.br\\\/arquivo\\\/ex-diretor-e-funcionario-do-dmlu-sao-suspeitos-de-desvio-de-produtos-do-tjrs-que-somam-r-100-mil\\\/#organizationLogo\"},\"image\":{\"@id\":\"https:\\\/\\\/www.jornalja.com.br\\\/arquivo\\\/ex-diretor-e-funcionario-do-dmlu-sao-suspeitos-de-desvio-de-produtos-do-tjrs-que-somam-r-100-mil\\\/#organizationLogo\"}},{\"@type\":\"Person\",\"@id\":\"https:\\\/\\\/www.jornalja.com.br\\\/arquivo\\\/author\\\/daredacao\\\/#author\",\"url\":\"https:\\\/\\\/www.jornalja.com.br\\\/arquivo\\\/author\\\/daredacao\\\/\",\"name\":\"da Reda\\u00e7\\u00e3o\",\"image\":{\"@type\":\"ImageObject\",\"@id\":\"https:\\\/\\\/www.jornalja.com.br\\\/arquivo\\\/ex-diretor-e-funcionario-do-dmlu-sao-suspeitos-de-desvio-de-produtos-do-tjrs-que-somam-r-100-mil\\\/#authorImage\",\"url\":\"https:\\\/\\\/secure.gravatar.com\\\/avatar\\\/469fd857d6605ad19919d27ed29d35a968a25f6e8fd9318356bbb7f57aae9c65?s=96&d=mm&r=g\",\"width\":96,\"height\":96,\"caption\":\"da Reda\\u00e7\\u00e3o\"}},{\"@type\":\"WebPage\",\"@id\":\"https:\\\/\\\/www.jornalja.com.br\\\/arquivo\\\/ex-diretor-e-funcionario-do-dmlu-sao-suspeitos-de-desvio-de-produtos-do-tjrs-que-somam-r-100-mil\\\/#webpage\",\"url\":\"https:\\\/\\\/www.jornalja.com.br\\\/arquivo\\\/ex-diretor-e-funcionario-do-dmlu-sao-suspeitos-de-desvio-de-produtos-do-tjrs-que-somam-r-100-mil\\\/\",\"name\":\"Ex-diretor e funcion\\u00e1rio do DMLU suspeitos de desviar R$ 100 mil | Arquivo\",\"inLanguage\":\"pt-BR\",\"isPartOf\":{\"@id\":\"https:\\\/\\\/www.jornalja.com.br\\\/arquivo\\\/#website\"},\"breadcrumb\":{\"@id\":\"https:\\\/\\\/www.jornalja.com.br\\\/arquivo\\\/ex-diretor-e-funcionario-do-dmlu-sao-suspeitos-de-desvio-de-produtos-do-tjrs-que-somam-r-100-mil\\\/#breadcrumblist\"},\"author\":{\"@id\":\"https:\\\/\\\/www.jornalja.com.br\\\/arquivo\\\/author\\\/daredacao\\\/#author\"},\"creator\":{\"@id\":\"https:\\\/\\\/www.jornalja.com.br\\\/arquivo\\\/author\\\/daredacao\\\/#author\"},\"image\":{\"@type\":\"ImageObject\",\"url\":53597,\"@id\":\"https:\\\/\\\/www.jornalja.com.br\\\/arquivo\\\/ex-diretor-e-funcionario-do-dmlu-sao-suspeitos-de-desvio-de-produtos-do-tjrs-que-somam-r-100-mil\\\/#mainImage\"},\"primaryImageOfPage\":{\"@id\":\"https:\\\/\\\/www.jornalja.com.br\\\/arquivo\\\/ex-diretor-e-funcionario-do-dmlu-sao-suspeitos-de-desvio-de-produtos-do-tjrs-que-somam-r-100-mil\\\/#mainImage\"},\"datePublished\":\"2017-08-16T16:16:45-03:00\",\"dateModified\":\"2017-08-16T16:16:45-03:00\"},{\"@type\":\"WebSite\",\"@id\":\"https:\\\/\\\/www.jornalja.com.br\\\/arquivo\\\/#website\",\"url\":\"https:\\\/\\\/www.jornalja.com.br\\\/arquivo\\\/\",\"name\":\"Arquivo\",\"description\":\"Jornal J\\u00c1 | Porto Alegre\",\"inLanguage\":\"pt-BR\",\"publisher\":{\"@id\":\"https:\\\/\\\/www.jornalja.com.br\\\/arquivo\\\/#organization\"}}]}\n\t\t<\/script>\n\t\t<!-- All in One SEO -->\n\n","aioseo_head_json":{"title":"Ex-diretor e funcion\u00e1rio do DMLU suspeitos de desviar R$ 100 mil | Arquivo","description":"","canonical_url":"https:\/\/www.jornalja.com.br\/arquivo\/ex-diretor-e-funcionario-do-dmlu-sao-suspeitos-de-desvio-de-produtos-do-tjrs-que-somam-r-100-mil\/","robots":"max-image-preview:large","keywords":"","webmasterTools":{"miscellaneous":""},"schema":{"@context":"https:\/\/schema.org","@graph":[{"@type":"BlogPosting","@id":"https:\/\/www.jornalja.com.br\/arquivo\/ex-diretor-e-funcionario-do-dmlu-sao-suspeitos-de-desvio-de-produtos-do-tjrs-que-somam-r-100-mil\/#blogposting","name":"Ex-diretor e funcion\u00e1rio do DMLU suspeitos de desviar R$ 100 mil | Arquivo","headline":"Ex-diretor e funcion\u00e1rio do DMLU suspeitos de desviar R$ 100 mil","author":{"@id":"https:\/\/www.jornalja.com.br\/arquivo\/author\/daredacao\/#author"},"publisher":{"@id":"https:\/\/www.jornalja.com.br\/arquivo\/#organization"},"image":{"@type":"ImageObject","url":53597},"datePublished":"2017-08-16T16:16:45-03:00","dateModified":"2017-08-16T16:16:45-03:00","inLanguage":"pt-BR","mainEntityOfPage":{"@id":"https:\/\/www.jornalja.com.br\/arquivo\/ex-diretor-e-funcionario-do-dmlu-sao-suspeitos-de-desvio-de-produtos-do-tjrs-que-somam-r-100-mil\/#webpage"},"isPartOf":{"@id":"https:\/\/www.jornalja.com.br\/arquivo\/ex-diretor-e-funcionario-do-dmlu-sao-suspeitos-de-desvio-de-produtos-do-tjrs-que-somam-r-100-mil\/#webpage"},"articleSection":"Geral"},{"@type":"BreadcrumbList","@id":"https:\/\/www.jornalja.com.br\/arquivo\/ex-diretor-e-funcionario-do-dmlu-sao-suspeitos-de-desvio-de-produtos-do-tjrs-que-somam-r-100-mil\/#breadcrumblist","itemListElement":[{"@type":"ListItem","@id":"https:\/\/www.jornalja.com.br\/arquivo#listItem","position":1,"name":"Home","item":"https:\/\/www.jornalja.com.br\/arquivo","nextItem":{"@type":"ListItem","@id":"https:\/\/www.jornalja.com.br\/arquivo\/category\/geral\/#listItem","name":"Geral"}},{"@type":"ListItem","@id":"https:\/\/www.jornalja.com.br\/arquivo\/category\/geral\/#listItem","position":2,"name":"Geral","item":"https:\/\/www.jornalja.com.br\/arquivo\/category\/geral\/","nextItem":{"@type":"ListItem","@id":"https:\/\/www.jornalja.com.br\/arquivo\/ex-diretor-e-funcionario-do-dmlu-sao-suspeitos-de-desvio-de-produtos-do-tjrs-que-somam-r-100-mil\/#listItem","name":"Ex-diretor e funcion\u00e1rio do DMLU suspeitos de desviar R$ 100 mil"},"previousItem":{"@type":"ListItem","@id":"https:\/\/www.jornalja.com.br\/arquivo#listItem","name":"Home"}},{"@type":"ListItem","@id":"https:\/\/www.jornalja.com.br\/arquivo\/ex-diretor-e-funcionario-do-dmlu-sao-suspeitos-de-desvio-de-produtos-do-tjrs-que-somam-r-100-mil\/#listItem","position":3,"name":"Ex-diretor e funcion\u00e1rio do DMLU suspeitos de desviar R$ 100 mil","previousItem":{"@type":"ListItem","@id":"https:\/\/www.jornalja.com.br\/arquivo\/category\/geral\/#listItem","name":"Geral"}}]},{"@type":"Organization","@id":"https:\/\/www.jornalja.com.br\/arquivo\/#organization","name":"Jornal J\u00c1","description":"Jornal J\u00c1 | Porto Alegre","url":"https:\/\/www.jornalja.com.br\/arquivo\/","telephone":"+555133307272","logo":{"@type":"ImageObject","url":"https:\/\/www.jornalja.com.br\/wp-content\/uploads\/cards\/JAslogan.png","@id":"https:\/\/www.jornalja.com.br\/arquivo\/ex-diretor-e-funcionario-do-dmlu-sao-suspeitos-de-desvio-de-produtos-do-tjrs-que-somam-r-100-mil\/#organizationLogo"},"image":{"@id":"https:\/\/www.jornalja.com.br\/arquivo\/ex-diretor-e-funcionario-do-dmlu-sao-suspeitos-de-desvio-de-produtos-do-tjrs-que-somam-r-100-mil\/#organizationLogo"}},{"@type":"Person","@id":"https:\/\/www.jornalja.com.br\/arquivo\/author\/daredacao\/#author","url":"https:\/\/www.jornalja.com.br\/arquivo\/author\/daredacao\/","name":"da Reda\u00e7\u00e3o","image":{"@type":"ImageObject","@id":"https:\/\/www.jornalja.com.br\/arquivo\/ex-diretor-e-funcionario-do-dmlu-sao-suspeitos-de-desvio-de-produtos-do-tjrs-que-somam-r-100-mil\/#authorImage","url":"https:\/\/secure.gravatar.com\/avatar\/469fd857d6605ad19919d27ed29d35a968a25f6e8fd9318356bbb7f57aae9c65?s=96&d=mm&r=g","width":96,"height":96,"caption":"da Reda\u00e7\u00e3o"}},{"@type":"WebPage","@id":"https:\/\/www.jornalja.com.br\/arquivo\/ex-diretor-e-funcionario-do-dmlu-sao-suspeitos-de-desvio-de-produtos-do-tjrs-que-somam-r-100-mil\/#webpage","url":"https:\/\/www.jornalja.com.br\/arquivo\/ex-diretor-e-funcionario-do-dmlu-sao-suspeitos-de-desvio-de-produtos-do-tjrs-que-somam-r-100-mil\/","name":"Ex-diretor e funcion\u00e1rio do DMLU suspeitos de desviar R$ 100 mil | Arquivo","inLanguage":"pt-BR","isPartOf":{"@id":"https:\/\/www.jornalja.com.br\/arquivo\/#website"},"breadcrumb":{"@id":"https:\/\/www.jornalja.com.br\/arquivo\/ex-diretor-e-funcionario-do-dmlu-sao-suspeitos-de-desvio-de-produtos-do-tjrs-que-somam-r-100-mil\/#breadcrumblist"},"author":{"@id":"https:\/\/www.jornalja.com.br\/arquivo\/author\/daredacao\/#author"},"creator":{"@id":"https:\/\/www.jornalja.com.br\/arquivo\/author\/daredacao\/#author"},"image":{"@type":"ImageObject","url":53597,"@id":"https:\/\/www.jornalja.com.br\/arquivo\/ex-diretor-e-funcionario-do-dmlu-sao-suspeitos-de-desvio-de-produtos-do-tjrs-que-somam-r-100-mil\/#mainImage"},"primaryImageOfPage":{"@id":"https:\/\/www.jornalja.com.br\/arquivo\/ex-diretor-e-funcionario-do-dmlu-sao-suspeitos-de-desvio-de-produtos-do-tjrs-que-somam-r-100-mil\/#mainImage"},"datePublished":"2017-08-16T16:16:45-03:00","dateModified":"2017-08-16T16:16:45-03:00"},{"@type":"WebSite","@id":"https:\/\/www.jornalja.com.br\/arquivo\/#website","url":"https:\/\/www.jornalja.com.br\/arquivo\/","name":"Arquivo","description":"Jornal J\u00c1 | Porto Alegre","inLanguage":"pt-BR","publisher":{"@id":"https:\/\/www.jornalja.com.br\/arquivo\/#organization"}}]},"og:locale":"pt_BR","og:site_name":"Arquivo | Jornal J\u00c1 | Porto Alegre","og:type":"article","og:title":"Ex-diretor e funcion\u00e1rio do DMLU suspeitos de desviar R$ 100 mil | Arquivo","og:url":"https:\/\/www.jornalja.com.br\/arquivo\/ex-diretor-e-funcionario-do-dmlu-sao-suspeitos-de-desvio-de-produtos-do-tjrs-que-somam-r-100-mil\/","og:image":"https:\/\/www.jornalja.com.br\/economics\/wp-content\/uploads\/sites\/11\/2026\/08\/ja-folhaderosto-facebook.jpg","og:image:secure_url":"https:\/\/www.jornalja.com.br\/economics\/wp-content\/uploads\/sites\/11\/2026\/08\/ja-folhaderosto-facebook.jpg","article:published_time":"2017-08-16T19:16:45+00:00","article:modified_time":"2017-08-16T19:16:45+00:00","twitter:card":"summary","twitter:title":"Ex-diretor e funcion\u00e1rio do DMLU suspeitos de desviar R$ 100 mil | Arquivo","twitter:image":"https:\/\/www.jornalja.com.br\/economics\/wp-content\/uploads\/sites\/11\/2026\/08\/ja-folhaderosto-facebook.jpg"},"aioseo_meta_data":{"post_id":"53594","title":null,"description":null,"keywords":null,"keyphrases":null,"primary_term":null,"canonical_url":null,"og_title":null,"og_description":null,"og_object_type":"default","og_image_type":"default","og_image_url":null,"og_image_width":null,"og_image_height":null,"og_image_custom_url":null,"og_image_custom_fields":null,"og_video":null,"og_custom_url":null,"og_article_section":null,"og_article_tags":null,"twitter_use_og":false,"twitter_card":"default","twitter_image_type":"default","twitter_image_url":null,"twitter_image_custom_url":null,"twitter_image_custom_fields":null,"twitter_title":null,"twitter_description":null,"schema":{"blockGraphs":[],"customGraphs":[],"default":{"data":{"Article":[],"Course":[],"Dataset":[],"FAQPage":[],"Movie":[],"Person":[],"Product":[],"ProductReview":[],"Car":[],"Recipe":[],"Service":[],"SoftwareApplication":[],"WebPage":[]},"graphName":"","isEnabled":true},"graphs":[]},"schema_type":null,"schema_type_options":null,"pillar_content":false,"robots_default":true,"robots_noindex":false,"robots_noarchive":false,"robots_nosnippet":false,"robots_nofollow":false,"robots_noimageindex":false,"robots_noodp":false,"robots_notranslate":false,"robots_max_snippet":null,"robots_max_videopreview":null,"robots_max_imagepreview":"large","priority":null,"frequency":null,"location":null,"local_seo":null,"breadcrumb_settings":null,"limit_modified_date":false,"ai":null,"created":"2020-12-20 20:26:59","updated":"2025-07-20 00:16:59","seo_analyzer_scan_date":null,"focus_keyword":null,"additional_keywords":null,"truseo_locale":null},"jetpack_sharing_enabled":true,"jetpack-related-posts":[{"id":13240,"url":"https:\/\/www.jornalja.com.br\/arquivo\/plano-diretor-estamos-construindo-o-caos\/","url_meta":{"origin":53594,"position":0},"title":"Plano diretor: &quot;Estamos construindo o caos&quot;","author":"Patr\u00edcia Marini","date":"26 de maio de 2014","format":false,"excerpt":"Desabafo que arquiteta Eliana Castilhos, delegada da Regi\u00e3o de Planejamento 1, postou nas redes sociais \u00e9 um testemunho do ambiente que se criou no Conselho do Plano Diretor de Porto Alegre, onde a aprova\u00e7\u00e3o de grandes empreendimentos \u00e9 empurrada guela abaixo dos conselheiros. Ao CMDUA Como delegada da Regi\u00e3o de\u2026","rel":"","context":"Em &quot;Geral&quot;","block_context":{"text":"Geral","link":"https:\/\/www.jornalja.com.br\/arquivo\/category\/geral\/"},"img":{"alt_text":"","src":"","width":0,"height":0},"classes":[]},{"id":5440,"url":"https:\/\/www.jornalja.com.br\/arquivo\/casarao-da-venancio-destino-permanece-incerto\/","url_meta":{"origin":53594,"position":1},"title":"Estado ainda n\u00e3o sabe o que fazer com casar\u00e3o abandonado h\u00e1 20 anos","author":"Elmar Bones","date":"6 de julho de 2009","format":false,"excerpt":"O casar\u00e3o amarelo, numa esquina nobre de Porto Alegre (Ven\u00e2ncio Aires com Jo\u00e3o Pessoa), j\u00e1 abrigou uma escola. H\u00e1 duas d\u00e9cadas, pelo menos, est\u00e1 abandonado, porque seu propriet\u00e1rio, o governo do Estado do Rio Grande do Sul, n\u00e3o consegue achar um destino para ele. Planos n\u00e3o faltaram. O governador Ol\u00edvio\u2026","rel":"","context":"Em &quot;X.Categorias velhas&quot;","block_context":{"text":"X.Categorias velhas","link":"https:\/\/www.jornalja.com.br\/arquivo\/category\/x-categorias-velhas\/"},"img":{"alt_text":"geraldo1","src":"https:\/\/i0.wp.com\/www.jornalja.com.br\/wp-content\/uploads\/2009\/07\/geraldo1.jpg?resize=350%2C200&ssl=1","width":350,"height":200},"classes":[]},{"id":14241,"url":"https:\/\/www.jornalja.com.br\/arquivo\/o-guaiba-nas-imagens-poeticas-de-achutti\/","url_meta":{"origin":53594,"position":2},"title":"O Gua\u00edba nas imagens po\u00e9ticas de Achutti","author":"da Reda\u00e7\u00e3o","date":"18 de junho de 2014","format":false,"excerpt":"Em \u201cO Gua\u00edba por Achutti\u201d \u2013 obra financiada via Minist\u00e9rio da Cultura, produ\u00e7\u00e3o executiva de Pedro Longhi, e Fl\u00e1vio Wild como designer \u2013, o fot\u00f3grafo revela a beleza e as mazelas de um espa\u00e7o aqu\u00e1tico de \u00e1guas sempre renovadas, cheio de hist\u00f3rias e lendas como as das cidades que foram\u2026","rel":"","context":"Em &quot;Cultura-Geral&quot;","block_context":{"text":"Cultura-Geral","link":"https:\/\/www.jornalja.com.br\/arquivo\/category\/materiasecundaria\/"},"img":{"alt_text":"","src":"","width":0,"height":0},"classes":[]}],"jetpack_shortlink":"https:\/\/wp.me\/pbQjBd-dWq","jetpack_featured_media_url":"","_links":{"self":[{"href":"https:\/\/www.jornalja.com.br\/arquivo\/wp-json\/wp\/v2\/posts\/53594","targetHints":{"allow":["GET"]}}],"collection":[{"href":"https:\/\/www.jornalja.com.br\/arquivo\/wp-json\/wp\/v2\/posts"}],"about":[{"href":"https:\/\/www.jornalja.com.br\/arquivo\/wp-json\/wp\/v2\/types\/post"}],"author":[{"embeddable":true,"href":"https:\/\/www.jornalja.com.br\/arquivo\/wp-json\/wp\/v2\/users\/4"}],"replies":[{"embeddable":true,"href":"https:\/\/www.jornalja.com.br\/arquivo\/wp-json\/wp\/v2\/comments?post=53594"}],"version-history":[{"count":0,"href":"https:\/\/www.jornalja.com.br\/arquivo\/wp-json\/wp\/v2\/posts\/53594\/revisions"}],"wp:attachment":[{"href":"https:\/\/www.jornalja.com.br\/arquivo\/wp-json\/wp\/v2\/media?parent=53594"}],"wp:term":[{"taxonomy":"category","embeddable":true,"href":"https:\/\/www.jornalja.com.br\/arquivo\/wp-json\/wp\/v2\/categories?post=53594"},{"taxonomy":"post_tag","embeddable":true,"href":"https:\/\/www.jornalja.com.br\/arquivo\/wp-json\/wp\/v2\/tags?post=53594"}],"curies":[{"name":"wp","href":"https:\/\/api.w.org\/{rel}","templated":true}]}}