{"id":53608,"date":"2017-08-16T20:41:20","date_gmt":"2017-08-16T23:41:20","guid":{"rendered":"https:\/\/www.jornalja.com.br\/?p=53608"},"modified":"2017-08-16T20:41:20","modified_gmt":"2017-08-16T23:41:20","slug":"secretaria-diz-que-prazo-para-licenca-ambiental-caiu-para-200-dias","status":"publish","type":"post","link":"https:\/\/www.jornalja.com.br\/arquivo\/secretaria-diz-que-prazo-para-licenca-ambiental-caiu-para-200-dias\/","title":{"rendered":"Secret\u00e1ria diz que prazo para licen\u00e7a ambiental no Estado caiu para 200 dias"},"content":{"rendered":"<p><span class=\"intertit assina\">Cleber Dioni Tentardini\u00a0<\/span><br \/>\nA secret\u00e1ria do Ambiente e Desenvolvimento Sustent\u00e1vel (SEMA) e diretora presidente da Fepam, Ana Pellini, disse nesta ter\u00e7a-feira que\u00a0 o prazo m\u00e9dio para licenciamento ambiental no Estado foi reduzido de 900 para 200 dias, na m\u00e9dia. nos dois anos e meio de governo Sartoni.<br \/>\nAna Pellini falou na Federasul nesta quarta-feira de suas iniciativas para\u00a0 &#8220;modernizar a m\u00e1quina p\u00fablica, implantando tecnologia e simplificando a administra\u00e7\u00e3o&#8221;.<br \/>\nEla disse que &#8220;\u00e9 o \u00fanico caminho para o setor p\u00fablico sair da crise financeira&#8221;.<br \/>\nA secret\u00e1ria foi uma das palestrantes, juntamente com\u00a0o presidentes da Companhia de Processamento de Dados do Estado (Procergs), Ant\u00f4nio Ramos Gomes, e Odir Dellagostin, da\u00a0Funda\u00e7\u00e3o de Amparo \u00e0 Pesquisa (Fapergs).<br \/>\nAna Pellini afirmou que &#8220;h\u00e1 um entendimento de que no Rio Grande do Sul o licenciamento ambiental atrasa e afugenta os investidores e que, por isso, todos\u00a0 esfor\u00e7os de sua gest\u00e3o s\u00e3o para tornar &#8220;mais \u00e1geis e baratos&#8221; os procedimentos para quem quer empreender.<br \/>\n&#8220;\u00c9 um novo modelo, implementado em toda a gest\u00e3o pelo governador Sartori, e adaptamos\u00a0nos \u00f3rg\u00e3os ambientais, da SEMA e da Fepam, que trabalham unificadas&#8221;, afirmou.<br \/>\nA titular do Meio Ambiente ressaltou que o processo, hoje unificado e totalmente digital, j\u00e1 reduziu de 900 para 200 dias o prazo m\u00e9dio para os licenciamentos ambientais. \u201cA nossa meta \u00e9 ficar entre 30 e 40 dias, o que seria um recorde nacional\u201d, destacou.\u200b<br \/>\nSegundo a secret\u00e1ria, havia 12.752 processos na Fepam quando ela assumiu. Hoje est\u00e3o em andamento 5.161, menos da metade. \u201cNosso objetivo \u00e9 diminuir para 3.500 processos\u201d, disse.<br \/>\nFalou nas pequenas centrais hidrel\u00e9tricas (PCHs), segundo ela, a melhor fonte para produ\u00e7\u00e3o de energia por estar perto do consumidor, que teve o licenciamento simplificado o que fez retomar os investimentos. \u201cDeu t\u00e3o certo que est\u00e1 servindo de exemplo para t\u00e9cnicos da Aneel&#8221;. A Ag\u00eancia Nacional de Energia El\u00e9trica (Aneel) \u00e9 a reguladora do setor el\u00e9trico brasileiro.<br \/>\nPellini mencionou a necessidade de controlar por GPS a extra\u00e7\u00e3o de areia no Gua\u00edba.<br \/>\n\u201cO Jacu\u00ed hoje \u00e9 totalmente controlado, as empresas s\u00e3o cadastradas, mas ele est\u00e1 exaurido, ent\u00e3o, de onde v\u00e3o tirar areia, que \u00e9 fundamental para v\u00e1rias atividades? Um sobrevoo e se v\u00ea que empresas clandestinas est\u00e3o retirando areia pelas beiradas, em Viam\u00e3o\u201d, ressalta.<br \/>\nSobre o cadastro ambiental rural, o CAR, a secret\u00e1ria informou que 99%\u00a0 dos 480 mil im\u00f3veis rurais registrados est\u00e3o cadastrados.<br \/>\nSobre o Zoneamento Econ\u00f4mico Ecol\u00f3gico, o ZEE, que est\u00e1 em andamento ela n\u00e3o foi precisa: \u201cH\u00e1 muitos anos se fala, mas nunca se conseguiu implementar realmente. Agora temos recurso do BID e teremos um zoneamento fundamental para o planejamento e defini\u00e7\u00e3o das pol\u00edticas p\u00fablicas ambientais\u201d, disse.<br \/>\n\u200bO presidente da Procergs, Ant\u00f4nio Ramos Gomes, falou sobre as tend\u00eancias do Mundo Digital e os impactos das novas tecnologias nas a\u00e7\u00f5es do Governo do Estado.<br \/>\nEle lembrou que a cria\u00e7\u00e3o do Governo Digital, que auxiliou aos contribuintes ga\u00fachos a acessarem os servi\u00e7os p\u00fablicos na palma da m\u00e3o, por meio da plataforma RS Digital, \u00e9 um exemplo que aproxima o governo do cidad\u00e3o.<br \/>\n\u201cAnos atr\u00e1s o Estado investiu no Tudo F\u00e1cil, criando facilidades. Hoje, os ga\u00fachos querem resolver seus problemas sem sair de casa. Por esta raz\u00e3o, estamos investindo em tecnologias, aplicativos e\u00a0softwares\u201d, destacou.<br \/>\nA evolu\u00e7\u00e3o tecnol\u00f3gica, segundo Antonio Ramos Gomes, pode ter seus exemplos na Corsan e na Secretaria da Fazenda.<br \/>\n\u201cA Companhia de Saneamento possui um\u00a0software onde o usu\u00e1rio resolve suas demandas em alguns cliques. Na Fazenda Estadual, a Procergs viabiliza a autoriza\u00e7\u00e3o, gest\u00e3o e controle da emiss\u00e3o das Notas Fiscais Eletr\u00f4nicas\u201d, completou.<br \/>\nJ\u00e1 o presidente da Fapergs, Odir Dellagostin, enfatizou a import\u00e2ncia do investimento em inova\u00e7\u00e3o tecnol\u00f3gica tanto no setor p\u00fablico como na iniciativa privada, mas lamentou que falta est\u00edmulo para o empreendedorismo.<br \/>\nSegundo ele, o Estado possui a maior densidade de doutores por 100 mil habitantes, mais que S\u00e3o Paulo. \u201cPrecisamos de pol\u00edticas de incentivo \u00e0 produ\u00e7\u00e3o de pesquisas. Os doutores se formam pesquisadores e precisam dividir esse conhecimento\u201d, salientou.<\/p>\n","protected":false},"excerpt":{"rendered":"<p>Cleber Dioni Tentardini\u00a0 A secret\u00e1ria do Ambiente e Desenvolvimento Sustent\u00e1vel (SEMA) e diretora presidente da Fepam, Ana Pellini, disse nesta ter\u00e7a-feira que\u00a0 o prazo m\u00e9dio para licenciamento ambiental no Estado foi reduzido de 900 para 200 dias, na m\u00e9dia. nos dois anos e meio de governo Sartoni. Ana Pellini falou na Federasul nesta quarta-feira de [&hellip;]<\/p>\n","protected":false},"author":4,"featured_media":53607,"comment_status":"open","ping_status":"closed","sticky":false,"template":"","format":"standard","meta":{"_jetpack_newsletter_access":"","_jetpack_dont_email_post_to_subs":false,"_jetpack_newsletter_tier_id":0,"_jetpack_memberships_contains_paywalled_content":false,"_jetpack_feature_clip_id":0,"_jetpack_memberships_contains_paid_content":false,"footnotes":"","jetpack_post_was_ever_published":false},"categories":[26],"tags":[],"class_list":["post-53608","post","type-post","status-publish","format-standard","has-post-thumbnail","hentry","category-geral"],"aioseo_notices":[],"aioseo_head":"\n\t\t<!-- All in One SEO 5.0.1.1 - aioseo.com -->\n\t<meta name=\"robots\" content=\"max-image-preview:large\" \/>\n\t<meta name=\"author\" content=\"da Reda\u00e7\u00e3o\"\/>\n\t<link rel=\"canonical\" href=\"https:\/\/www.jornalja.com.br\/arquivo\/secretaria-diz-que-prazo-para-licenca-ambiental-caiu-para-200-dias\/\" \/>\n\t<meta name=\"generator\" content=\"All in One SEO (AIOSEO) 5.0.1.1\" \/>\n\t\t<meta property=\"og:locale\" content=\"pt_BR\" \/>\n\t\t<meta property=\"og:site_name\" content=\"Arquivo | Jornal J\u00c1 | Porto Alegre\" \/>\n\t\t<meta property=\"og:type\" content=\"article\" \/>\n\t\t<meta property=\"og:title\" content=\"Secret\u00e1ria diz que prazo para licen\u00e7a ambiental no Estado caiu para 200 dias | Arquivo\" \/>\n\t\t<meta property=\"og:url\" content=\"https:\/\/www.jornalja.com.br\/arquivo\/secretaria-diz-que-prazo-para-licenca-ambiental-caiu-para-200-dias\/\" \/>\n\t\t<meta property=\"og:image\" content=\"https:\/\/www.jornalja.com.br\/economics\/wp-content\/uploads\/sites\/11\/2026\/08\/ja-folhaderosto-facebook.jpg\" \/>\n\t\t<meta property=\"og:image:secure_url\" content=\"https:\/\/www.jornalja.com.br\/economics\/wp-content\/uploads\/sites\/11\/2026\/08\/ja-folhaderosto-facebook.jpg\" \/>\n\t\t<meta property=\"article:published_time\" content=\"2017-08-16T23:41:20+00:00\" \/>\n\t\t<meta property=\"article:modified_time\" content=\"2017-08-16T23:41:20+00:00\" \/>\n\t\t<meta name=\"twitter:card\" content=\"summary\" \/>\n\t\t<meta name=\"twitter:title\" content=\"Secret\u00e1ria diz que prazo para licen\u00e7a ambiental no Estado caiu para 200 dias | Arquivo\" \/>\n\t\t<meta name=\"twitter:image\" content=\"https:\/\/www.jornalja.com.br\/economics\/wp-content\/uploads\/sites\/11\/2026\/08\/ja-folhaderosto-facebook.jpg\" \/>\n\t\t<script type=\"application\/ld+json\" class=\"aioseo-schema\">\n\t\t\t{\"@context\":\"https:\\\/\\\/schema.org\",\"@graph\":[{\"@type\":\"BlogPosting\",\"@id\":\"https:\\\/\\\/www.jornalja.com.br\\\/arquivo\\\/secretaria-diz-que-prazo-para-licenca-ambiental-caiu-para-200-dias\\\/#blogposting\",\"name\":\"Secret\\u00e1ria diz que prazo para licen\\u00e7a ambiental no Estado caiu para 200 dias | Arquivo\",\"headline\":\"Secret\\u00e1ria diz que prazo para licen\\u00e7a ambiental no Estado caiu para 200 dias\",\"author\":{\"@id\":\"https:\\\/\\\/www.jornalja.com.br\\\/arquivo\\\/author\\\/daredacao\\\/#author\"},\"publisher\":{\"@id\":\"https:\\\/\\\/www.jornalja.com.br\\\/arquivo\\\/#organization\"},\"image\":{\"@type\":\"ImageObject\",\"url\":53607},\"datePublished\":\"2017-08-16T20:41:20-03:00\",\"dateModified\":\"2017-08-16T20:41:20-03:00\",\"inLanguage\":\"pt-BR\",\"mainEntityOfPage\":{\"@id\":\"https:\\\/\\\/www.jornalja.com.br\\\/arquivo\\\/secretaria-diz-que-prazo-para-licenca-ambiental-caiu-para-200-dias\\\/#webpage\"},\"isPartOf\":{\"@id\":\"https:\\\/\\\/www.jornalja.com.br\\\/arquivo\\\/secretaria-diz-que-prazo-para-licenca-ambiental-caiu-para-200-dias\\\/#webpage\"},\"articleSection\":\"Geral\"},{\"@type\":\"BreadcrumbList\",\"@id\":\"https:\\\/\\\/www.jornalja.com.br\\\/arquivo\\\/secretaria-diz-que-prazo-para-licenca-ambiental-caiu-para-200-dias\\\/#breadcrumblist\",\"itemListElement\":[{\"@type\":\"ListItem\",\"@id\":\"https:\\\/\\\/www.jornalja.com.br\\\/arquivo#listItem\",\"position\":1,\"name\":\"Home\",\"item\":\"https:\\\/\\\/www.jornalja.com.br\\\/arquivo\",\"nextItem\":{\"@type\":\"ListItem\",\"@id\":\"https:\\\/\\\/www.jornalja.com.br\\\/arquivo\\\/category\\\/geral\\\/#listItem\",\"name\":\"Geral\"}},{\"@type\":\"ListItem\",\"@id\":\"https:\\\/\\\/www.jornalja.com.br\\\/arquivo\\\/category\\\/geral\\\/#listItem\",\"position\":2,\"name\":\"Geral\",\"item\":\"https:\\\/\\\/www.jornalja.com.br\\\/arquivo\\\/category\\\/geral\\\/\",\"nextItem\":{\"@type\":\"ListItem\",\"@id\":\"https:\\\/\\\/www.jornalja.com.br\\\/arquivo\\\/secretaria-diz-que-prazo-para-licenca-ambiental-caiu-para-200-dias\\\/#listItem\",\"name\":\"Secret\\u00e1ria diz que prazo para licen\\u00e7a ambiental no Estado caiu para 200 dias\"},\"previousItem\":{\"@type\":\"ListItem\",\"@id\":\"https:\\\/\\\/www.jornalja.com.br\\\/arquivo#listItem\",\"name\":\"Home\"}},{\"@type\":\"ListItem\",\"@id\":\"https:\\\/\\\/www.jornalja.com.br\\\/arquivo\\\/secretaria-diz-que-prazo-para-licenca-ambiental-caiu-para-200-dias\\\/#listItem\",\"position\":3,\"name\":\"Secret\\u00e1ria diz que prazo para licen\\u00e7a ambiental no Estado caiu para 200 dias\",\"previousItem\":{\"@type\":\"ListItem\",\"@id\":\"https:\\\/\\\/www.jornalja.com.br\\\/arquivo\\\/category\\\/geral\\\/#listItem\",\"name\":\"Geral\"}}]},{\"@type\":\"Organization\",\"@id\":\"https:\\\/\\\/www.jornalja.com.br\\\/arquivo\\\/#organization\",\"name\":\"Jornal J\\u00c1\",\"description\":\"Jornal J\\u00c1 | Porto Alegre\",\"url\":\"https:\\\/\\\/www.jornalja.com.br\\\/arquivo\\\/\",\"telephone\":\"+555133307272\",\"logo\":{\"@type\":\"ImageObject\",\"url\":\"https:\\\/\\\/www.jornalja.com.br\\\/wp-content\\\/uploads\\\/cards\\\/JAslogan.png\",\"@id\":\"https:\\\/\\\/www.jornalja.com.br\\\/arquivo\\\/secretaria-diz-que-prazo-para-licenca-ambiental-caiu-para-200-dias\\\/#organizationLogo\"},\"image\":{\"@id\":\"https:\\\/\\\/www.jornalja.com.br\\\/arquivo\\\/secretaria-diz-que-prazo-para-licenca-ambiental-caiu-para-200-dias\\\/#organizationLogo\"}},{\"@type\":\"Person\",\"@id\":\"https:\\\/\\\/www.jornalja.com.br\\\/arquivo\\\/author\\\/daredacao\\\/#author\",\"url\":\"https:\\\/\\\/www.jornalja.com.br\\\/arquivo\\\/author\\\/daredacao\\\/\",\"name\":\"da Reda\\u00e7\\u00e3o\",\"image\":{\"@type\":\"ImageObject\",\"@id\":\"https:\\\/\\\/www.jornalja.com.br\\\/arquivo\\\/secretaria-diz-que-prazo-para-licenca-ambiental-caiu-para-200-dias\\\/#authorImage\",\"url\":\"https:\\\/\\\/secure.gravatar.com\\\/avatar\\\/469fd857d6605ad19919d27ed29d35a968a25f6e8fd9318356bbb7f57aae9c65?s=96&d=mm&r=g\",\"width\":96,\"height\":96,\"caption\":\"da Reda\\u00e7\\u00e3o\"}},{\"@type\":\"WebPage\",\"@id\":\"https:\\\/\\\/www.jornalja.com.br\\\/arquivo\\\/secretaria-diz-que-prazo-para-licenca-ambiental-caiu-para-200-dias\\\/#webpage\",\"url\":\"https:\\\/\\\/www.jornalja.com.br\\\/arquivo\\\/secretaria-diz-que-prazo-para-licenca-ambiental-caiu-para-200-dias\\\/\",\"name\":\"Secret\\u00e1ria diz que prazo para licen\\u00e7a ambiental no Estado caiu para 200 dias | Arquivo\",\"inLanguage\":\"pt-BR\",\"isPartOf\":{\"@id\":\"https:\\\/\\\/www.jornalja.com.br\\\/arquivo\\\/#website\"},\"breadcrumb\":{\"@id\":\"https:\\\/\\\/www.jornalja.com.br\\\/arquivo\\\/secretaria-diz-que-prazo-para-licenca-ambiental-caiu-para-200-dias\\\/#breadcrumblist\"},\"author\":{\"@id\":\"https:\\\/\\\/www.jornalja.com.br\\\/arquivo\\\/author\\\/daredacao\\\/#author\"},\"creator\":{\"@id\":\"https:\\\/\\\/www.jornalja.com.br\\\/arquivo\\\/author\\\/daredacao\\\/#author\"},\"image\":{\"@type\":\"ImageObject\",\"url\":53607,\"@id\":\"https:\\\/\\\/www.jornalja.com.br\\\/arquivo\\\/secretaria-diz-que-prazo-para-licenca-ambiental-caiu-para-200-dias\\\/#mainImage\"},\"primaryImageOfPage\":{\"@id\":\"https:\\\/\\\/www.jornalja.com.br\\\/arquivo\\\/secretaria-diz-que-prazo-para-licenca-ambiental-caiu-para-200-dias\\\/#mainImage\"},\"datePublished\":\"2017-08-16T20:41:20-03:00\",\"dateModified\":\"2017-08-16T20:41:20-03:00\"},{\"@type\":\"WebSite\",\"@id\":\"https:\\\/\\\/www.jornalja.com.br\\\/arquivo\\\/#website\",\"url\":\"https:\\\/\\\/www.jornalja.com.br\\\/arquivo\\\/\",\"name\":\"Arquivo\",\"description\":\"Jornal J\\u00c1 | Porto Alegre\",\"inLanguage\":\"pt-BR\",\"publisher\":{\"@id\":\"https:\\\/\\\/www.jornalja.com.br\\\/arquivo\\\/#organization\"}}]}\n\t\t<\/script>\n\t\t<!-- All in One SEO -->\n\n","aioseo_head_json":{"title":"Secret\u00e1ria diz que prazo para licen\u00e7a ambiental no Estado caiu para 200 dias | Arquivo","description":"","canonical_url":"https:\/\/www.jornalja.com.br\/arquivo\/secretaria-diz-que-prazo-para-licenca-ambiental-caiu-para-200-dias\/","robots":"max-image-preview:large","keywords":"","webmasterTools":{"miscellaneous":""},"schema":{"@context":"https:\/\/schema.org","@graph":[{"@type":"BlogPosting","@id":"https:\/\/www.jornalja.com.br\/arquivo\/secretaria-diz-que-prazo-para-licenca-ambiental-caiu-para-200-dias\/#blogposting","name":"Secret\u00e1ria diz que prazo para licen\u00e7a ambiental no Estado caiu para 200 dias | Arquivo","headline":"Secret\u00e1ria diz que prazo para licen\u00e7a ambiental no Estado caiu para 200 dias","author":{"@id":"https:\/\/www.jornalja.com.br\/arquivo\/author\/daredacao\/#author"},"publisher":{"@id":"https:\/\/www.jornalja.com.br\/arquivo\/#organization"},"image":{"@type":"ImageObject","url":53607},"datePublished":"2017-08-16T20:41:20-03:00","dateModified":"2017-08-16T20:41:20-03:00","inLanguage":"pt-BR","mainEntityOfPage":{"@id":"https:\/\/www.jornalja.com.br\/arquivo\/secretaria-diz-que-prazo-para-licenca-ambiental-caiu-para-200-dias\/#webpage"},"isPartOf":{"@id":"https:\/\/www.jornalja.com.br\/arquivo\/secretaria-diz-que-prazo-para-licenca-ambiental-caiu-para-200-dias\/#webpage"},"articleSection":"Geral"},{"@type":"BreadcrumbList","@id":"https:\/\/www.jornalja.com.br\/arquivo\/secretaria-diz-que-prazo-para-licenca-ambiental-caiu-para-200-dias\/#breadcrumblist","itemListElement":[{"@type":"ListItem","@id":"https:\/\/www.jornalja.com.br\/arquivo#listItem","position":1,"name":"Home","item":"https:\/\/www.jornalja.com.br\/arquivo","nextItem":{"@type":"ListItem","@id":"https:\/\/www.jornalja.com.br\/arquivo\/category\/geral\/#listItem","name":"Geral"}},{"@type":"ListItem","@id":"https:\/\/www.jornalja.com.br\/arquivo\/category\/geral\/#listItem","position":2,"name":"Geral","item":"https:\/\/www.jornalja.com.br\/arquivo\/category\/geral\/","nextItem":{"@type":"ListItem","@id":"https:\/\/www.jornalja.com.br\/arquivo\/secretaria-diz-que-prazo-para-licenca-ambiental-caiu-para-200-dias\/#listItem","name":"Secret\u00e1ria diz que prazo para licen\u00e7a ambiental no Estado caiu para 200 dias"},"previousItem":{"@type":"ListItem","@id":"https:\/\/www.jornalja.com.br\/arquivo#listItem","name":"Home"}},{"@type":"ListItem","@id":"https:\/\/www.jornalja.com.br\/arquivo\/secretaria-diz-que-prazo-para-licenca-ambiental-caiu-para-200-dias\/#listItem","position":3,"name":"Secret\u00e1ria diz que prazo para licen\u00e7a ambiental no Estado caiu para 200 dias","previousItem":{"@type":"ListItem","@id":"https:\/\/www.jornalja.com.br\/arquivo\/category\/geral\/#listItem","name":"Geral"}}]},{"@type":"Organization","@id":"https:\/\/www.jornalja.com.br\/arquivo\/#organization","name":"Jornal J\u00c1","description":"Jornal J\u00c1 | Porto Alegre","url":"https:\/\/www.jornalja.com.br\/arquivo\/","telephone":"+555133307272","logo":{"@type":"ImageObject","url":"https:\/\/www.jornalja.com.br\/wp-content\/uploads\/cards\/JAslogan.png","@id":"https:\/\/www.jornalja.com.br\/arquivo\/secretaria-diz-que-prazo-para-licenca-ambiental-caiu-para-200-dias\/#organizationLogo"},"image":{"@id":"https:\/\/www.jornalja.com.br\/arquivo\/secretaria-diz-que-prazo-para-licenca-ambiental-caiu-para-200-dias\/#organizationLogo"}},{"@type":"Person","@id":"https:\/\/www.jornalja.com.br\/arquivo\/author\/daredacao\/#author","url":"https:\/\/www.jornalja.com.br\/arquivo\/author\/daredacao\/","name":"da Reda\u00e7\u00e3o","image":{"@type":"ImageObject","@id":"https:\/\/www.jornalja.com.br\/arquivo\/secretaria-diz-que-prazo-para-licenca-ambiental-caiu-para-200-dias\/#authorImage","url":"https:\/\/secure.gravatar.com\/avatar\/469fd857d6605ad19919d27ed29d35a968a25f6e8fd9318356bbb7f57aae9c65?s=96&d=mm&r=g","width":96,"height":96,"caption":"da Reda\u00e7\u00e3o"}},{"@type":"WebPage","@id":"https:\/\/www.jornalja.com.br\/arquivo\/secretaria-diz-que-prazo-para-licenca-ambiental-caiu-para-200-dias\/#webpage","url":"https:\/\/www.jornalja.com.br\/arquivo\/secretaria-diz-que-prazo-para-licenca-ambiental-caiu-para-200-dias\/","name":"Secret\u00e1ria diz que prazo para licen\u00e7a ambiental no Estado caiu para 200 dias | Arquivo","inLanguage":"pt-BR","isPartOf":{"@id":"https:\/\/www.jornalja.com.br\/arquivo\/#website"},"breadcrumb":{"@id":"https:\/\/www.jornalja.com.br\/arquivo\/secretaria-diz-que-prazo-para-licenca-ambiental-caiu-para-200-dias\/#breadcrumblist"},"author":{"@id":"https:\/\/www.jornalja.com.br\/arquivo\/author\/daredacao\/#author"},"creator":{"@id":"https:\/\/www.jornalja.com.br\/arquivo\/author\/daredacao\/#author"},"image":{"@type":"ImageObject","url":53607,"@id":"https:\/\/www.jornalja.com.br\/arquivo\/secretaria-diz-que-prazo-para-licenca-ambiental-caiu-para-200-dias\/#mainImage"},"primaryImageOfPage":{"@id":"https:\/\/www.jornalja.com.br\/arquivo\/secretaria-diz-que-prazo-para-licenca-ambiental-caiu-para-200-dias\/#mainImage"},"datePublished":"2017-08-16T20:41:20-03:00","dateModified":"2017-08-16T20:41:20-03:00"},{"@type":"WebSite","@id":"https:\/\/www.jornalja.com.br\/arquivo\/#website","url":"https:\/\/www.jornalja.com.br\/arquivo\/","name":"Arquivo","description":"Jornal J\u00c1 | Porto Alegre","inLanguage":"pt-BR","publisher":{"@id":"https:\/\/www.jornalja.com.br\/arquivo\/#organization"}}]},"og:locale":"pt_BR","og:site_name":"Arquivo | Jornal J\u00c1 | Porto Alegre","og:type":"article","og:title":"Secret\u00e1ria diz que prazo para licen\u00e7a ambiental no Estado caiu para 200 dias | Arquivo","og:url":"https:\/\/www.jornalja.com.br\/arquivo\/secretaria-diz-que-prazo-para-licenca-ambiental-caiu-para-200-dias\/","og:image":"https:\/\/www.jornalja.com.br\/economics\/wp-content\/uploads\/sites\/11\/2026\/08\/ja-folhaderosto-facebook.jpg","og:image:secure_url":"https:\/\/www.jornalja.com.br\/economics\/wp-content\/uploads\/sites\/11\/2026\/08\/ja-folhaderosto-facebook.jpg","article:published_time":"2017-08-16T23:41:20+00:00","article:modified_time":"2017-08-16T23:41:20+00:00","twitter:card":"summary","twitter:title":"Secret\u00e1ria diz que prazo para licen\u00e7a ambiental no Estado caiu para 200 dias | Arquivo","twitter:image":"https:\/\/www.jornalja.com.br\/economics\/wp-content\/uploads\/sites\/11\/2026\/08\/ja-folhaderosto-facebook.jpg"},"aioseo_meta_data":{"post_id":"53608","title":null,"description":null,"keywords":null,"keyphrases":null,"primary_term":null,"canonical_url":null,"og_title":null,"og_description":null,"og_object_type":"default","og_image_type":"default","og_image_url":null,"og_image_width":null,"og_image_height":null,"og_image_custom_url":null,"og_image_custom_fields":null,"og_video":null,"og_custom_url":null,"og_article_section":null,"og_article_tags":null,"twitter_use_og":false,"twitter_card":"default","twitter_image_type":"default","twitter_image_url":null,"twitter_image_custom_url":null,"twitter_image_custom_fields":null,"twitter_title":null,"twitter_description":null,"schema":{"blockGraphs":[],"customGraphs":[],"default":{"data":{"Article":[],"Course":[],"Dataset":[],"FAQPage":[],"Movie":[],"Person":[],"Product":[],"ProductReview":[],"Car":[],"Recipe":[],"Service":[],"SoftwareApplication":[],"WebPage":[]},"graphName":"","isEnabled":true},"graphs":[]},"schema_type":null,"schema_type_options":null,"pillar_content":false,"robots_default":true,"robots_noindex":false,"robots_noarchive":false,"robots_nosnippet":false,"robots_nofollow":false,"robots_noimageindex":false,"robots_noodp":false,"robots_notranslate":false,"robots_max_snippet":null,"robots_max_videopreview":null,"robots_max_imagepreview":"large","priority":null,"frequency":null,"location":null,"local_seo":null,"breadcrumb_settings":null,"limit_modified_date":false,"ai":null,"created":"2020-12-20 20:26:59","updated":"2025-07-20 00:19:11","seo_analyzer_scan_date":null,"focus_keyword":null,"additional_keywords":null,"truseo_locale":null},"jetpack_sharing_enabled":true,"jetpack-related-posts":[{"id":5440,"url":"https:\/\/www.jornalja.com.br\/arquivo\/casarao-da-venancio-destino-permanece-incerto\/","url_meta":{"origin":53608,"position":0},"title":"Estado ainda n\u00e3o sabe o que fazer com casar\u00e3o abandonado h\u00e1 20 anos","author":"Elmar Bones","date":"6 de julho de 2009","format":false,"excerpt":"O casar\u00e3o amarelo, numa esquina nobre de Porto Alegre (Ven\u00e2ncio Aires com Jo\u00e3o Pessoa), j\u00e1 abrigou uma escola. H\u00e1 duas d\u00e9cadas, pelo menos, est\u00e1 abandonado, porque seu propriet\u00e1rio, o governo do Estado do Rio Grande do Sul, n\u00e3o consegue achar um destino para ele. Planos n\u00e3o faltaram. O governador Ol\u00edvio\u2026","rel":"","context":"Em &quot;X.Categorias velhas&quot;","block_context":{"text":"X.Categorias velhas","link":"https:\/\/www.jornalja.com.br\/arquivo\/category\/x-categorias-velhas\/"},"img":{"alt_text":"geraldo1","src":"https:\/\/i0.wp.com\/www.jornalja.com.br\/wp-content\/uploads\/2009\/07\/geraldo1.jpg?resize=350%2C200&ssl=1","width":350,"height":200},"classes":[]},{"id":12960,"url":"https:\/\/www.jornalja.com.br\/arquivo\/populacao-culpa-empresas-pela-greve-dos-rodoviarios\/","url_meta":{"origin":53608,"position":1},"title":"Popula\u00e7\u00e3o culpa empresas pela greve","author":"Patr\u00edcia Marini","date":"14 de fevereiro de 2014","format":false,"excerpt":"Pesquisa divulgada na edi\u00e7\u00e3o do jornal Metro desta sexta-feira,14, comprova o velho ditado: \u00e9 poss\u00edvel enganar muitos por algum tempo, mas n\u00e3o \u00e9 poss\u00edvel enganar a todos o tempo inteiro. A principal revela\u00e7\u00e3o foi que 59,8% dos entrevistados apontaram as empresas como as principais respons\u00e1veis pela grave e 46% culparam\u2026","rel":"","context":"Em &quot;X.Categorias velhas&quot;","block_context":{"text":"X.Categorias velhas","link":"https:\/\/www.jornalja.com.br\/arquivo\/category\/x-categorias-velhas\/"},"img":{"alt_text":"","src":"","width":0,"height":0},"classes":[]},{"id":13101,"url":"https:\/\/www.jornalja.com.br\/arquivo\/morre-um-guerreiro-do-texto\/","url_meta":{"origin":53608,"position":2},"title":"Morre um guerreiro do texto","author":"Patr\u00edcia Marini","date":"14 de maio de 2014","format":false,"excerpt":"Por Ricardo Kotscho Reproduzido do blog do autor, 11\/5\/2014; t\u00edtulo original \u201cE l\u00e1 se foi o nosso Myltainho, guerreiro do texto\u201d. Mi\u00fado e franzino, meu amigo Myltainho era um valente e inconformado guerreiro na luta contra as injusti\u00e7as sociais, a hipocrisia, as maracutaias, o autoritarismo, a intoler\u00e2ncia, a viol\u00eancia, o\u2026","rel":"","context":"Em &quot;Geral&quot;","block_context":{"text":"Geral","link":"https:\/\/www.jornalja.com.br\/arquivo\/category\/geral\/"},"img":{"alt_text":"","src":"","width":0,"height":0},"classes":[]},{"id":13124,"url":"https:\/\/www.jornalja.com.br\/arquivo\/sangue-latino-no-iecine\/","url_meta":{"origin":53608,"position":3},"title":"Sangue latino no IECINE","author":"da Reda\u00e7\u00e3o","date":"18 de maio de 2014","format":false,"excerpt":"Francisco Ribeiro O Instituto Estadual de Cinema (IECINE) tem a frente, desde abril \u00faltimo, um novo diretor, o cineasta colombiano Juan Zapata, 36, que substitui Luiz Alberto Cassol. Radicado h\u00e1 dez anos em Porto Alegre, Zapata tem diante de si o desafio de conduzir at\u00e9 o final do ano um\u2026","rel":"","context":"Em &quot;Cultura-Geral&quot;","block_context":{"text":"Cultura-Geral","link":"https:\/\/www.jornalja.com.br\/arquivo\/category\/materiasecundaria\/"},"img":{"alt_text":"","src":"","width":0,"height":0},"classes":[]},{"id":13128,"url":"https:\/\/www.jornalja.com.br\/arquivo\/maconha-terra-diz-que-uso-medicinal-e-desculpa\/","url_meta":{"origin":53608,"position":4},"title":"Maconha: Terra diz que uso medicinal \u00e9 desculpa","author":"Patr\u00edcia Marini","date":"4 de junho de 2014","format":false,"excerpt":"A condi\u00e7\u00e3o de pol\u00edtico, em \u00e9poca de campanha de campanha eleitoral, tira for\u00e7a do discurso do m\u00e9dico Osmar Terra contra a legaliza\u00e7\u00e3o da maconha. A tese dele de que a libera\u00e7\u00e3o vai ampliar exponencialmente o consumo \u00e9 discutivel, o consumo \u00e9 corrente. Mas seus alertas quanto aos riscos tem que\u2026","rel":"","context":"Em &quot;X.Categorias velhas&quot;","block_context":{"text":"X.Categorias velhas","link":"https:\/\/www.jornalja.com.br\/arquivo\/category\/x-categorias-velhas\/"},"img":{"alt_text":"","src":"","width":0,"height":0},"classes":[]},{"id":13240,"url":"https:\/\/www.jornalja.com.br\/arquivo\/plano-diretor-estamos-construindo-o-caos\/","url_meta":{"origin":53608,"position":5},"title":"Plano diretor: &quot;Estamos construindo o caos&quot;","author":"Patr\u00edcia Marini","date":"26 de maio de 2014","format":false,"excerpt":"Desabafo que arquiteta Eliana Castilhos, delegada da Regi\u00e3o de Planejamento 1, postou nas redes sociais \u00e9 um testemunho do ambiente que se criou no Conselho do Plano Diretor de Porto Alegre, onde a aprova\u00e7\u00e3o de grandes empreendimentos \u00e9 empurrada guela abaixo dos conselheiros. Ao CMDUA Como delegada da Regi\u00e3o de\u2026","rel":"","context":"Em &quot;Geral&quot;","block_context":{"text":"Geral","link":"https:\/\/www.jornalja.com.br\/arquivo\/category\/geral\/"},"img":{"alt_text":"","src":"","width":0,"height":0},"classes":[]}],"jetpack_shortlink":"https:\/\/wp.me\/pbQjBd-dWE","jetpack_featured_media_url":"","_links":{"self":[{"href":"https:\/\/www.jornalja.com.br\/arquivo\/wp-json\/wp\/v2\/posts\/53608","targetHints":{"allow":["GET"]}}],"collection":[{"href":"https:\/\/www.jornalja.com.br\/arquivo\/wp-json\/wp\/v2\/posts"}],"about":[{"href":"https:\/\/www.jornalja.com.br\/arquivo\/wp-json\/wp\/v2\/types\/post"}],"author":[{"embeddable":true,"href":"https:\/\/www.jornalja.com.br\/arquivo\/wp-json\/wp\/v2\/users\/4"}],"replies":[{"embeddable":true,"href":"https:\/\/www.jornalja.com.br\/arquivo\/wp-json\/wp\/v2\/comments?post=53608"}],"version-history":[{"count":0,"href":"https:\/\/www.jornalja.com.br\/arquivo\/wp-json\/wp\/v2\/posts\/53608\/revisions"}],"wp:attachment":[{"href":"https:\/\/www.jornalja.com.br\/arquivo\/wp-json\/wp\/v2\/media?parent=53608"}],"wp:term":[{"taxonomy":"category","embeddable":true,"href":"https:\/\/www.jornalja.com.br\/arquivo\/wp-json\/wp\/v2\/categories?post=53608"},{"taxonomy":"post_tag","embeddable":true,"href":"https:\/\/www.jornalja.com.br\/arquivo\/wp-json\/wp\/v2\/tags?post=53608"}],"curies":[{"name":"wp","href":"https:\/\/api.w.org\/{rel}","templated":true}]}}