{"id":53632,"date":"2017-08-17T12:30:36","date_gmt":"2017-08-17T15:30:36","guid":{"rendered":"https:\/\/www.jornalja.com.br\/?p=53632"},"modified":"2017-08-17T12:30:36","modified_gmt":"2017-08-17T15:30:36","slug":"yeda-crusius-rechaca-proposta-do-distritao-e-do-fundo-eleitoral","status":"publish","type":"post","link":"https:\/\/www.jornalja.com.br\/arquivo\/yeda-crusius-rechaca-proposta-do-distritao-e-do-fundo-eleitoral\/","title":{"rendered":"Yeda Crusius recha\u00e7a proposta do &quot;distrit\u00e3o&quot; e do fundo eleitoral"},"content":{"rendered":"<p class=\"m_2310510942193329556MsoBodyText\">\u201cEu sou contra a ideia do \u2018distrit\u00e3o\u2019 e da aprova\u00e7\u00e3o do fundo eleitoral de R$ 3,6 bi, e por isso eu quero uma Reforma Pol\u00edtica mais ampla\u201d, afirma Yeda Crusius (PSDB\/RS), que est\u00e1 na imin\u00eancia de votar, no Plen\u00e1rio da C\u00e2mara dos Deputados, a Proposta de Emenda \u00e0 Constitui\u00e7\u00e3o (PEC 77\/03), projeto que trata do sistema eleitoral.<\/p>\n<p class=\"m_2310510942193329556MsoBodyText\">Ap\u00f3s a aprova\u00e7\u00e3o do texto-base da reforma pol\u00edtica na Comiss\u00e3o Especial, o presidente da Casa e o l\u00edderes partid\u00e1rios decidiram incluir a urg\u00eancia da vota\u00e7\u00e3o da PEC na pauta plen\u00e1ria. Para a parlamentar, a reforma pol\u00edtica \u00e9 a maior e mais importante mudan\u00e7a de que o pa\u00eds precisa no momento. \u201cOs males econ\u00f4micos pelos quais vive o pa\u00eds s\u00e3o, em parte, causados pelo desajuste da estrutura pol\u00edtica. Por isso, a reforma pol\u00edtica \u00e9 important\u00edssima\u201d.<u><\/u><u><\/u><\/p>\n<p class=\"m_2310510942193329556MsoBodyText\"><strong>Distrit\u00e3o<\/strong><\/p>\n<p class=\"m_2310510942193329556MsoBodyText\">Com o distrit\u00e3o, o quociente eleitoral \u00e9 extinto e os mais votados s\u00e3o eleitos. Atualmente, deputados federais, estaduais e vereadores s\u00e3o eleitos no modelo proporcional com lista aberta. Os votos v\u00e1lidos somados de todos os candidatos e da legenda determinam o n\u00famero de vagas. Ficam com as vagas, os eleitos mais votados dentro do partido ou coliga\u00e7\u00e3o. Na Comiss\u00e3o Especial, foi aprovada uma emenda a esta PEC que estabelece o chamado &#8220;distrit\u00e3o&#8221; nas elei\u00e7\u00f5es de 2018 e de 2020 e o distrital misto a partir de 2022. <u><\/u><u><\/u><\/p>\n<p class=\"m_2310510942193329556MsoBodyText\">\u00a0\u201cO que estou vendo, \u00e9 que a reforma pol\u00edtica n\u00e3o vir\u00e1 para consertar os males da atual estrutura partid\u00e1ria e eleitoral. O distrit\u00e3o \u00e9 uma corruptela daquilo que n\u00f3s queremos: o distrital, ou seja, baratear as elei\u00e7\u00f5es; deixar o eleitor e a eleitora mais pr\u00f3ximos do eleito e da eleita; fazer com que o custo geral de fazer pol\u00edtica baixe muito\u201d, enfatiza Yeda Crusius.<u><\/u><u><\/u><\/p>\n<p class=\"m_2310510942193329556MsoBodyText\"><strong>Fundo Eleitoral<\/strong><\/p>\n<p class=\"m_2310510942193329556MsoBodyText\">A PEC 77\/2003 institui o Fundo Especial de Financiamento da Democracia, que ser\u00e1 mantido com recursos p\u00fablicos, previstos no Or\u00e7amento. No texto original, 0,25% da receita corrente l\u00edquida do governo em 12 meses seria destinada a financiar campanhas, com exce\u00e7\u00e3o apenas para as elei\u00e7\u00f5es 2018, que seria de 0,5%, o correspondente a cerca de R$ 3,6 bilh\u00f5es. O parecer do relator aprovado na Comiss\u00e3o Especial tornou a exce\u00e7\u00e3o uma regra.<u><\/u><u><\/u><\/p>\n<p class=\"m_2310510942193329556MsoBodyText\">Yeda Crusius destaca que a popula\u00e7\u00e3o de todos os pa\u00edses sempre pagou pela democracia, por\u00e9m n\u00e3o se pode aceitar que, em um momento de cortes generalizados e de d\u00e9ficit p\u00fablico progressivo, o or\u00e7amento seja ainda mais sobrecarregado. \u201cA Democracia custa, mas este fundo eleitoral em R$ 3,6 bilh\u00f5es \u00e9 injusto e inapropriado, por que ele vem para fazer as elei\u00e7\u00f5es como elas j\u00e1 s\u00e3o, o que n\u00e3o gera nenhuma mudan\u00e7a significativa no sistema pol\u00edtico e eleitoral brasileiro. O Congresso Nacional precisa ter responsabilidade e mudar o sistema eleitoral com a finalidade de baratear as elei\u00e7\u00f5es\u201d.<u><\/u><u><\/u><\/p>\n<p class=\"m_2310510942193329556MsoBodyText\">Sendo aprovada a urg\u00eancia da PEC, o Plen\u00e1rio ir\u00e1 se reunir para apreciar e votar o texto do projeto na sua integralidade. A PEC seguir\u00e1 para o plen\u00e1rio da C\u00e2mara, onde dever\u00e1 ser apreciada e aprovada em dois turnos, para ent\u00e3o seguir para o Senado.<u><\/u><u><\/u><\/p>\n","protected":false},"excerpt":{"rendered":"<p>\u201cEu sou contra a ideia do \u2018distrit\u00e3o\u2019 e da aprova\u00e7\u00e3o do fundo eleitoral de R$ 3,6 bi, e por isso eu quero uma Reforma Pol\u00edtica mais ampla\u201d, afirma Yeda Crusius (PSDB\/RS), que est\u00e1 na imin\u00eancia de votar, no Plen\u00e1rio da C\u00e2mara dos Deputados, a Proposta de Emenda \u00e0 Constitui\u00e7\u00e3o (PEC 77\/03), projeto que trata do [&hellip;]<\/p>\n","protected":false},"author":4,"featured_media":0,"comment_status":"open","ping_status":"closed","sticky":false,"template":"","format":"standard","meta":{"_jetpack_newsletter_access":"","_jetpack_dont_email_post_to_subs":false,"_jetpack_newsletter_tier_id":0,"_jetpack_memberships_contains_paywalled_content":false,"_jetpack_feature_clip_id":0,"_jetpack_memberships_contains_paid_content":false,"footnotes":"","jetpack_post_was_ever_published":false},"categories":[2022],"tags":[],"class_list":["post-53632","post","type-post","status-publish","format-standard","hentry","category-notas"],"aioseo_notices":[],"aioseo_head":"\n\t\t<!-- All in One SEO 5.0.1.1 - aioseo.com -->\n\t<meta name=\"robots\" content=\"max-image-preview:large\" \/>\n\t<meta name=\"author\" content=\"da Reda\u00e7\u00e3o\"\/>\n\t<link rel=\"canonical\" href=\"https:\/\/www.jornalja.com.br\/arquivo\/yeda-crusius-rechaca-proposta-do-distritao-e-do-fundo-eleitoral\/\" \/>\n\t<meta name=\"generator\" content=\"All in One SEO (AIOSEO) 5.0.1.1\" \/>\n\t\t<meta property=\"og:locale\" content=\"pt_BR\" \/>\n\t\t<meta property=\"og:site_name\" content=\"Arquivo | Jornal J\u00c1 | Porto Alegre\" \/>\n\t\t<meta property=\"og:type\" content=\"article\" \/>\n\t\t<meta property=\"og:title\" content=\"Yeda Crusius recha\u00e7a proposta do &quot;distrit\u00e3o&quot; e do fundo eleitoral | Arquivo\" \/>\n\t\t<meta property=\"og:url\" content=\"https:\/\/www.jornalja.com.br\/arquivo\/yeda-crusius-rechaca-proposta-do-distritao-e-do-fundo-eleitoral\/\" \/>\n\t\t<meta property=\"og:image\" content=\"https:\/\/www.jornalja.com.br\/economics\/wp-content\/uploads\/sites\/11\/2026\/08\/ja-folhaderosto-facebook.jpg\" \/>\n\t\t<meta property=\"og:image:secure_url\" content=\"https:\/\/www.jornalja.com.br\/economics\/wp-content\/uploads\/sites\/11\/2026\/08\/ja-folhaderosto-facebook.jpg\" \/>\n\t\t<meta property=\"article:published_time\" content=\"2017-08-17T15:30:36+00:00\" \/>\n\t\t<meta property=\"article:modified_time\" content=\"2017-08-17T15:30:36+00:00\" \/>\n\t\t<meta name=\"twitter:card\" content=\"summary\" \/>\n\t\t<meta name=\"twitter:title\" content=\"Yeda Crusius recha\u00e7a proposta do &quot;distrit\u00e3o&quot; e do fundo eleitoral | Arquivo\" \/>\n\t\t<meta name=\"twitter:image\" content=\"https:\/\/www.jornalja.com.br\/economics\/wp-content\/uploads\/sites\/11\/2026\/08\/ja-folhaderosto-facebook.jpg\" \/>\n\t\t<script type=\"application\/ld+json\" class=\"aioseo-schema\">\n\t\t\t{\"@context\":\"https:\\\/\\\/schema.org\",\"@graph\":[{\"@type\":\"BlogPosting\",\"@id\":\"https:\\\/\\\/www.jornalja.com.br\\\/arquivo\\\/yeda-crusius-rechaca-proposta-do-distritao-e-do-fundo-eleitoral\\\/#blogposting\",\"name\":\"Yeda Crusius recha\\u00e7a proposta do \\\"distrit\\u00e3o\\\" e do fundo eleitoral | Arquivo\",\"headline\":\"Yeda Crusius recha\\u00e7a proposta do &quot;distrit\\u00e3o&quot; e do fundo eleitoral\",\"author\":{\"@id\":\"https:\\\/\\\/www.jornalja.com.br\\\/arquivo\\\/author\\\/daredacao\\\/#author\"},\"publisher\":{\"@id\":\"https:\\\/\\\/www.jornalja.com.br\\\/arquivo\\\/#organization\"},\"image\":{\"@type\":\"ImageObject\",\"url\":\"https:\\\/\\\/www.jornalja.com.br\\\/wp-content\\\/uploads\\\/cards\\\/JAslogan.png\",\"@id\":\"https:\\\/\\\/www.jornalja.com.br\\\/arquivo\\\/#articleImage\"},\"datePublished\":\"2017-08-17T12:30:36-03:00\",\"dateModified\":\"2017-08-17T12:30:36-03:00\",\"inLanguage\":\"pt-BR\",\"mainEntityOfPage\":{\"@id\":\"https:\\\/\\\/www.jornalja.com.br\\\/arquivo\\\/yeda-crusius-rechaca-proposta-do-distritao-e-do-fundo-eleitoral\\\/#webpage\"},\"isPartOf\":{\"@id\":\"https:\\\/\\\/www.jornalja.com.br\\\/arquivo\\\/yeda-crusius-rechaca-proposta-do-distritao-e-do-fundo-eleitoral\\\/#webpage\"},\"articleSection\":\"NOTAS\"},{\"@type\":\"BreadcrumbList\",\"@id\":\"https:\\\/\\\/www.jornalja.com.br\\\/arquivo\\\/yeda-crusius-rechaca-proposta-do-distritao-e-do-fundo-eleitoral\\\/#breadcrumblist\",\"itemListElement\":[{\"@type\":\"ListItem\",\"@id\":\"https:\\\/\\\/www.jornalja.com.br\\\/arquivo#listItem\",\"position\":1,\"name\":\"Home\",\"item\":\"https:\\\/\\\/www.jornalja.com.br\\\/arquivo\",\"nextItem\":{\"@type\":\"ListItem\",\"@id\":\"https:\\\/\\\/www.jornalja.com.br\\\/arquivo\\\/category\\\/notas\\\/#listItem\",\"name\":\"NOTAS\"}},{\"@type\":\"ListItem\",\"@id\":\"https:\\\/\\\/www.jornalja.com.br\\\/arquivo\\\/category\\\/notas\\\/#listItem\",\"position\":2,\"name\":\"NOTAS\",\"item\":\"https:\\\/\\\/www.jornalja.com.br\\\/arquivo\\\/category\\\/notas\\\/\",\"nextItem\":{\"@type\":\"ListItem\",\"@id\":\"https:\\\/\\\/www.jornalja.com.br\\\/arquivo\\\/yeda-crusius-rechaca-proposta-do-distritao-e-do-fundo-eleitoral\\\/#listItem\",\"name\":\"Yeda Crusius recha\\u00e7a proposta do &quot;distrit\\u00e3o&quot; e do fundo eleitoral\"},\"previousItem\":{\"@type\":\"ListItem\",\"@id\":\"https:\\\/\\\/www.jornalja.com.br\\\/arquivo#listItem\",\"name\":\"Home\"}},{\"@type\":\"ListItem\",\"@id\":\"https:\\\/\\\/www.jornalja.com.br\\\/arquivo\\\/yeda-crusius-rechaca-proposta-do-distritao-e-do-fundo-eleitoral\\\/#listItem\",\"position\":3,\"name\":\"Yeda Crusius recha\\u00e7a proposta do &quot;distrit\\u00e3o&quot; e do fundo eleitoral\",\"previousItem\":{\"@type\":\"ListItem\",\"@id\":\"https:\\\/\\\/www.jornalja.com.br\\\/arquivo\\\/category\\\/notas\\\/#listItem\",\"name\":\"NOTAS\"}}]},{\"@type\":\"Organization\",\"@id\":\"https:\\\/\\\/www.jornalja.com.br\\\/arquivo\\\/#organization\",\"name\":\"Jornal J\\u00c1\",\"description\":\"Jornal J\\u00c1 | Porto Alegre\",\"url\":\"https:\\\/\\\/www.jornalja.com.br\\\/arquivo\\\/\",\"telephone\":\"+555133307272\",\"logo\":{\"@type\":\"ImageObject\",\"url\":\"https:\\\/\\\/www.jornalja.com.br\\\/wp-content\\\/uploads\\\/cards\\\/JAslogan.png\",\"@id\":\"https:\\\/\\\/www.jornalja.com.br\\\/arquivo\\\/yeda-crusius-rechaca-proposta-do-distritao-e-do-fundo-eleitoral\\\/#organizationLogo\"},\"image\":{\"@id\":\"https:\\\/\\\/www.jornalja.com.br\\\/arquivo\\\/yeda-crusius-rechaca-proposta-do-distritao-e-do-fundo-eleitoral\\\/#organizationLogo\"}},{\"@type\":\"Person\",\"@id\":\"https:\\\/\\\/www.jornalja.com.br\\\/arquivo\\\/author\\\/daredacao\\\/#author\",\"url\":\"https:\\\/\\\/www.jornalja.com.br\\\/arquivo\\\/author\\\/daredacao\\\/\",\"name\":\"da Reda\\u00e7\\u00e3o\",\"image\":{\"@type\":\"ImageObject\",\"@id\":\"https:\\\/\\\/www.jornalja.com.br\\\/arquivo\\\/yeda-crusius-rechaca-proposta-do-distritao-e-do-fundo-eleitoral\\\/#authorImage\",\"url\":\"https:\\\/\\\/secure.gravatar.com\\\/avatar\\\/469fd857d6605ad19919d27ed29d35a968a25f6e8fd9318356bbb7f57aae9c65?s=96&d=mm&r=g\",\"width\":96,\"height\":96,\"caption\":\"da Reda\\u00e7\\u00e3o\"}},{\"@type\":\"WebPage\",\"@id\":\"https:\\\/\\\/www.jornalja.com.br\\\/arquivo\\\/yeda-crusius-rechaca-proposta-do-distritao-e-do-fundo-eleitoral\\\/#webpage\",\"url\":\"https:\\\/\\\/www.jornalja.com.br\\\/arquivo\\\/yeda-crusius-rechaca-proposta-do-distritao-e-do-fundo-eleitoral\\\/\",\"name\":\"Yeda Crusius recha\\u00e7a proposta do \\\"distrit\\u00e3o\\\" e do fundo eleitoral | Arquivo\",\"inLanguage\":\"pt-BR\",\"isPartOf\":{\"@id\":\"https:\\\/\\\/www.jornalja.com.br\\\/arquivo\\\/#website\"},\"breadcrumb\":{\"@id\":\"https:\\\/\\\/www.jornalja.com.br\\\/arquivo\\\/yeda-crusius-rechaca-proposta-do-distritao-e-do-fundo-eleitoral\\\/#breadcrumblist\"},\"author\":{\"@id\":\"https:\\\/\\\/www.jornalja.com.br\\\/arquivo\\\/author\\\/daredacao\\\/#author\"},\"creator\":{\"@id\":\"https:\\\/\\\/www.jornalja.com.br\\\/arquivo\\\/author\\\/daredacao\\\/#author\"},\"datePublished\":\"2017-08-17T12:30:36-03:00\",\"dateModified\":\"2017-08-17T12:30:36-03:00\"},{\"@type\":\"WebSite\",\"@id\":\"https:\\\/\\\/www.jornalja.com.br\\\/arquivo\\\/#website\",\"url\":\"https:\\\/\\\/www.jornalja.com.br\\\/arquivo\\\/\",\"name\":\"Arquivo\",\"description\":\"Jornal J\\u00c1 | Porto Alegre\",\"inLanguage\":\"pt-BR\",\"publisher\":{\"@id\":\"https:\\\/\\\/www.jornalja.com.br\\\/arquivo\\\/#organization\"}}]}\n\t\t<\/script>\n\t\t<!-- All in One SEO -->\n\n","aioseo_head_json":{"title":"Yeda Crusius recha\u00e7a proposta do \"distrit\u00e3o\" e do fundo eleitoral | Arquivo","description":"","canonical_url":"https:\/\/www.jornalja.com.br\/arquivo\/yeda-crusius-rechaca-proposta-do-distritao-e-do-fundo-eleitoral\/","robots":"max-image-preview:large","keywords":"","webmasterTools":{"miscellaneous":""},"schema":{"@context":"https:\/\/schema.org","@graph":[{"@type":"BlogPosting","@id":"https:\/\/www.jornalja.com.br\/arquivo\/yeda-crusius-rechaca-proposta-do-distritao-e-do-fundo-eleitoral\/#blogposting","name":"Yeda Crusius recha\u00e7a proposta do \"distrit\u00e3o\" e do fundo eleitoral | Arquivo","headline":"Yeda Crusius recha\u00e7a proposta do &quot;distrit\u00e3o&quot; e do fundo eleitoral","author":{"@id":"https:\/\/www.jornalja.com.br\/arquivo\/author\/daredacao\/#author"},"publisher":{"@id":"https:\/\/www.jornalja.com.br\/arquivo\/#organization"},"image":{"@type":"ImageObject","url":"https:\/\/www.jornalja.com.br\/wp-content\/uploads\/cards\/JAslogan.png","@id":"https:\/\/www.jornalja.com.br\/arquivo\/#articleImage"},"datePublished":"2017-08-17T12:30:36-03:00","dateModified":"2017-08-17T12:30:36-03:00","inLanguage":"pt-BR","mainEntityOfPage":{"@id":"https:\/\/www.jornalja.com.br\/arquivo\/yeda-crusius-rechaca-proposta-do-distritao-e-do-fundo-eleitoral\/#webpage"},"isPartOf":{"@id":"https:\/\/www.jornalja.com.br\/arquivo\/yeda-crusius-rechaca-proposta-do-distritao-e-do-fundo-eleitoral\/#webpage"},"articleSection":"NOTAS"},{"@type":"BreadcrumbList","@id":"https:\/\/www.jornalja.com.br\/arquivo\/yeda-crusius-rechaca-proposta-do-distritao-e-do-fundo-eleitoral\/#breadcrumblist","itemListElement":[{"@type":"ListItem","@id":"https:\/\/www.jornalja.com.br\/arquivo#listItem","position":1,"name":"Home","item":"https:\/\/www.jornalja.com.br\/arquivo","nextItem":{"@type":"ListItem","@id":"https:\/\/www.jornalja.com.br\/arquivo\/category\/notas\/#listItem","name":"NOTAS"}},{"@type":"ListItem","@id":"https:\/\/www.jornalja.com.br\/arquivo\/category\/notas\/#listItem","position":2,"name":"NOTAS","item":"https:\/\/www.jornalja.com.br\/arquivo\/category\/notas\/","nextItem":{"@type":"ListItem","@id":"https:\/\/www.jornalja.com.br\/arquivo\/yeda-crusius-rechaca-proposta-do-distritao-e-do-fundo-eleitoral\/#listItem","name":"Yeda Crusius recha\u00e7a proposta do &quot;distrit\u00e3o&quot; e do fundo eleitoral"},"previousItem":{"@type":"ListItem","@id":"https:\/\/www.jornalja.com.br\/arquivo#listItem","name":"Home"}},{"@type":"ListItem","@id":"https:\/\/www.jornalja.com.br\/arquivo\/yeda-crusius-rechaca-proposta-do-distritao-e-do-fundo-eleitoral\/#listItem","position":3,"name":"Yeda Crusius recha\u00e7a proposta do &quot;distrit\u00e3o&quot; e do fundo eleitoral","previousItem":{"@type":"ListItem","@id":"https:\/\/www.jornalja.com.br\/arquivo\/category\/notas\/#listItem","name":"NOTAS"}}]},{"@type":"Organization","@id":"https:\/\/www.jornalja.com.br\/arquivo\/#organization","name":"Jornal J\u00c1","description":"Jornal J\u00c1 | Porto Alegre","url":"https:\/\/www.jornalja.com.br\/arquivo\/","telephone":"+555133307272","logo":{"@type":"ImageObject","url":"https:\/\/www.jornalja.com.br\/wp-content\/uploads\/cards\/JAslogan.png","@id":"https:\/\/www.jornalja.com.br\/arquivo\/yeda-crusius-rechaca-proposta-do-distritao-e-do-fundo-eleitoral\/#organizationLogo"},"image":{"@id":"https:\/\/www.jornalja.com.br\/arquivo\/yeda-crusius-rechaca-proposta-do-distritao-e-do-fundo-eleitoral\/#organizationLogo"}},{"@type":"Person","@id":"https:\/\/www.jornalja.com.br\/arquivo\/author\/daredacao\/#author","url":"https:\/\/www.jornalja.com.br\/arquivo\/author\/daredacao\/","name":"da Reda\u00e7\u00e3o","image":{"@type":"ImageObject","@id":"https:\/\/www.jornalja.com.br\/arquivo\/yeda-crusius-rechaca-proposta-do-distritao-e-do-fundo-eleitoral\/#authorImage","url":"https:\/\/secure.gravatar.com\/avatar\/469fd857d6605ad19919d27ed29d35a968a25f6e8fd9318356bbb7f57aae9c65?s=96&d=mm&r=g","width":96,"height":96,"caption":"da Reda\u00e7\u00e3o"}},{"@type":"WebPage","@id":"https:\/\/www.jornalja.com.br\/arquivo\/yeda-crusius-rechaca-proposta-do-distritao-e-do-fundo-eleitoral\/#webpage","url":"https:\/\/www.jornalja.com.br\/arquivo\/yeda-crusius-rechaca-proposta-do-distritao-e-do-fundo-eleitoral\/","name":"Yeda Crusius recha\u00e7a proposta do \"distrit\u00e3o\" e do fundo eleitoral | Arquivo","inLanguage":"pt-BR","isPartOf":{"@id":"https:\/\/www.jornalja.com.br\/arquivo\/#website"},"breadcrumb":{"@id":"https:\/\/www.jornalja.com.br\/arquivo\/yeda-crusius-rechaca-proposta-do-distritao-e-do-fundo-eleitoral\/#breadcrumblist"},"author":{"@id":"https:\/\/www.jornalja.com.br\/arquivo\/author\/daredacao\/#author"},"creator":{"@id":"https:\/\/www.jornalja.com.br\/arquivo\/author\/daredacao\/#author"},"datePublished":"2017-08-17T12:30:36-03:00","dateModified":"2017-08-17T12:30:36-03:00"},{"@type":"WebSite","@id":"https:\/\/www.jornalja.com.br\/arquivo\/#website","url":"https:\/\/www.jornalja.com.br\/arquivo\/","name":"Arquivo","description":"Jornal J\u00c1 | Porto Alegre","inLanguage":"pt-BR","publisher":{"@id":"https:\/\/www.jornalja.com.br\/arquivo\/#organization"}}]},"og:locale":"pt_BR","og:site_name":"Arquivo | Jornal J\u00c1 | Porto Alegre","og:type":"article","og:title":"Yeda Crusius recha\u00e7a proposta do &quot;distrit\u00e3o&quot; e do fundo eleitoral | Arquivo","og:url":"https:\/\/www.jornalja.com.br\/arquivo\/yeda-crusius-rechaca-proposta-do-distritao-e-do-fundo-eleitoral\/","og:image":"https:\/\/www.jornalja.com.br\/economics\/wp-content\/uploads\/sites\/11\/2026\/08\/ja-folhaderosto-facebook.jpg","og:image:secure_url":"https:\/\/www.jornalja.com.br\/economics\/wp-content\/uploads\/sites\/11\/2026\/08\/ja-folhaderosto-facebook.jpg","article:published_time":"2017-08-17T15:30:36+00:00","article:modified_time":"2017-08-17T15:30:36+00:00","twitter:card":"summary","twitter:title":"Yeda Crusius recha\u00e7a proposta do &quot;distrit\u00e3o&quot; e do fundo eleitoral | Arquivo","twitter:image":"https:\/\/www.jornalja.com.br\/economics\/wp-content\/uploads\/sites\/11\/2026\/08\/ja-folhaderosto-facebook.jpg"},"aioseo_meta_data":{"post_id":"53632","title":null,"description":null,"keywords":null,"keyphrases":null,"primary_term":null,"canonical_url":null,"og_title":null,"og_description":null,"og_object_type":"default","og_image_type":"default","og_image_url":null,"og_image_width":null,"og_image_height":null,"og_image_custom_url":null,"og_image_custom_fields":null,"og_video":null,"og_custom_url":null,"og_article_section":null,"og_article_tags":null,"twitter_use_og":false,"twitter_card":"default","twitter_image_type":"default","twitter_image_url":null,"twitter_image_custom_url":null,"twitter_image_custom_fields":null,"twitter_title":null,"twitter_description":null,"schema":{"blockGraphs":[],"customGraphs":[],"default":{"data":{"Article":[],"Course":[],"Dataset":[],"FAQPage":[],"Movie":[],"Person":[],"Product":[],"ProductReview":[],"Car":[],"Recipe":[],"Service":[],"SoftwareApplication":[],"WebPage":[]},"graphName":"","isEnabled":true},"graphs":[],"defaultGraph":"","defaultPostTypeGraph":""},"schema_type":null,"schema_type_options":null,"pillar_content":false,"robots_default":true,"robots_noindex":false,"robots_noarchive":false,"robots_nosnippet":false,"robots_nofollow":false,"robots_noimageindex":false,"robots_noodp":false,"robots_notranslate":false,"robots_max_snippet":null,"robots_max_videopreview":null,"robots_max_imagepreview":"large","priority":null,"frequency":null,"location":null,"local_seo":null,"breadcrumb_settings":null,"limit_modified_date":false,"ai":null,"created":"2020-12-20 20:26:59","updated":"2025-07-20 00:19:11","seo_analyzer_scan_date":null,"focus_keyword":null,"additional_keywords":null,"truseo_locale":null},"jetpack_sharing_enabled":true,"jetpack-related-posts":[{"id":13128,"url":"https:\/\/www.jornalja.com.br\/arquivo\/maconha-terra-diz-que-uso-medicinal-e-desculpa\/","url_meta":{"origin":53632,"position":0},"title":"Maconha: Terra diz que uso medicinal \u00e9 desculpa","author":"Patr\u00edcia Marini","date":"4 de junho de 2014","format":false,"excerpt":"A condi\u00e7\u00e3o de pol\u00edtico, em \u00e9poca de campanha de campanha eleitoral, tira for\u00e7a do discurso do m\u00e9dico Osmar Terra contra a legaliza\u00e7\u00e3o da maconha. A tese dele de que a libera\u00e7\u00e3o vai ampliar exponencialmente o consumo \u00e9 discutivel, o consumo \u00e9 corrente. Mas seus alertas quanto aos riscos tem que\u2026","rel":"","context":"Em &quot;X.Categorias velhas&quot;","block_context":{"text":"X.Categorias velhas","link":"https:\/\/www.jornalja.com.br\/arquivo\/category\/x-categorias-velhas\/"},"img":{"alt_text":"","src":"","width":0,"height":0},"classes":[]},{"id":13240,"url":"https:\/\/www.jornalja.com.br\/arquivo\/plano-diretor-estamos-construindo-o-caos\/","url_meta":{"origin":53632,"position":1},"title":"Plano diretor: &quot;Estamos construindo o caos&quot;","author":"Patr\u00edcia Marini","date":"26 de maio de 2014","format":false,"excerpt":"Desabafo que arquiteta Eliana Castilhos, delegada da Regi\u00e3o de Planejamento 1, postou nas redes sociais \u00e9 um testemunho do ambiente que se criou no Conselho do Plano Diretor de Porto Alegre, onde a aprova\u00e7\u00e3o de grandes empreendimentos \u00e9 empurrada guela abaixo dos conselheiros. Ao CMDUA Como delegada da Regi\u00e3o de\u2026","rel":"","context":"Em &quot;Geral&quot;","block_context":{"text":"Geral","link":"https:\/\/www.jornalja.com.br\/arquivo\/category\/geral\/"},"img":{"alt_text":"","src":"","width":0,"height":0},"classes":[]},{"id":13124,"url":"https:\/\/www.jornalja.com.br\/arquivo\/sangue-latino-no-iecine\/","url_meta":{"origin":53632,"position":2},"title":"Sangue latino no IECINE","author":"da Reda\u00e7\u00e3o","date":"18 de maio de 2014","format":false,"excerpt":"Francisco Ribeiro O Instituto Estadual de Cinema (IECINE) tem a frente, desde abril \u00faltimo, um novo diretor, o cineasta colombiano Juan Zapata, 36, que substitui Luiz Alberto Cassol. Radicado h\u00e1 dez anos em Porto Alegre, Zapata tem diante de si o desafio de conduzir at\u00e9 o final do ano um\u2026","rel":"","context":"Em &quot;Cultura-Geral&quot;","block_context":{"text":"Cultura-Geral","link":"https:\/\/www.jornalja.com.br\/arquivo\/category\/materiasecundaria\/"},"img":{"alt_text":"","src":"","width":0,"height":0},"classes":[]},{"id":13109,"url":"https:\/\/www.jornalja.com.br\/arquivo\/judiciario-reconhece-poluicao-eletromagnetica\/","url_meta":{"origin":53632,"position":3},"title":"Judici\u00e1rio reconhece polui\u00e7\u00e3o eletromagn\u00e9tica","author":"Patr\u00edcia Marini","date":"16 de maio de 2014","format":false,"excerpt":"A\u00e7\u00e3o de duas associa\u00e7\u00f5es de moradores foi acolhida pelo Tribunal de Justi\u00e7a de S\u00e3o Paulo que. em decis\u00e3o in\u00e9dita, determinou a redu\u00e7\u00e3o do campo eletromagn\u00e9tico gerado pelas linhas de transmiss\u00e3o de energia que cortam os bairros City Boa\u00e7ava e Alto de Pinheiros. \u00c9 a primeira vez que um tribunal do\u2026","rel":"","context":"Em &quot;X.Categorias velhas&quot;","block_context":{"text":"X.Categorias velhas","link":"https:\/\/www.jornalja.com.br\/arquivo\/category\/x-categorias-velhas\/"},"img":{"alt_text":"","src":"","width":0,"height":0},"classes":[]},{"id":14241,"url":"https:\/\/www.jornalja.com.br\/arquivo\/o-guaiba-nas-imagens-poeticas-de-achutti\/","url_meta":{"origin":53632,"position":4},"title":"O Gua\u00edba nas imagens po\u00e9ticas de Achutti","author":"da Reda\u00e7\u00e3o","date":"18 de junho de 2014","format":false,"excerpt":"Em \u201cO Gua\u00edba por Achutti\u201d \u2013 obra financiada via Minist\u00e9rio da Cultura, produ\u00e7\u00e3o executiva de Pedro Longhi, e Fl\u00e1vio Wild como designer \u2013, o fot\u00f3grafo revela a beleza e as mazelas de um espa\u00e7o aqu\u00e1tico de \u00e1guas sempre renovadas, cheio de hist\u00f3rias e lendas como as das cidades que foram\u2026","rel":"","context":"Em &quot;Cultura-Geral&quot;","block_context":{"text":"Cultura-Geral","link":"https:\/\/www.jornalja.com.br\/arquivo\/category\/materiasecundaria\/"},"img":{"alt_text":"","src":"","width":0,"height":0},"classes":[]},{"id":13239,"url":"https:\/\/www.jornalja.com.br\/arquivo\/conselho-desdenha-do-plano-diretor\/","url_meta":{"origin":53632,"position":5},"title":"Porto Alegre: Conselho detona Plano Diretor","author":"Patr\u00edcia Marini","date":"25 de maio de 2014","format":false,"excerpt":"Den\u00fancia do arquiteto e \u00a0urbanista Ibir\u00e1 Santos Lucas. Ele diz que os conselheiros est\u00e3o votando com \"enorme irresponsabilidade\". \"Mudam regime com a maior naturalidade,,,regularizam absurdos de constru\u00e7\u00f5es irregulares... \"O CMDUA est\u00e1 flexibilizando a lei do plano diretor, de uma forma impactante na vida da cidade. Mudam regime com a maior\u2026","rel":"","context":"Em &quot;Geral&quot;","block_context":{"text":"Geral","link":"https:\/\/www.jornalja.com.br\/arquivo\/category\/geral\/"},"img":{"alt_text":"","src":"","width":0,"height":0},"classes":[]}],"jetpack_shortlink":"https:\/\/wp.me\/pbQjBd-dX2","jetpack_featured_media_url":"","_links":{"self":[{"href":"https:\/\/www.jornalja.com.br\/arquivo\/wp-json\/wp\/v2\/posts\/53632","targetHints":{"allow":["GET"]}}],"collection":[{"href":"https:\/\/www.jornalja.com.br\/arquivo\/wp-json\/wp\/v2\/posts"}],"about":[{"href":"https:\/\/www.jornalja.com.br\/arquivo\/wp-json\/wp\/v2\/types\/post"}],"author":[{"embeddable":true,"href":"https:\/\/www.jornalja.com.br\/arquivo\/wp-json\/wp\/v2\/users\/4"}],"replies":[{"embeddable":true,"href":"https:\/\/www.jornalja.com.br\/arquivo\/wp-json\/wp\/v2\/comments?post=53632"}],"version-history":[{"count":0,"href":"https:\/\/www.jornalja.com.br\/arquivo\/wp-json\/wp\/v2\/posts\/53632\/revisions"}],"wp:attachment":[{"href":"https:\/\/www.jornalja.com.br\/arquivo\/wp-json\/wp\/v2\/media?parent=53632"}],"wp:term":[{"taxonomy":"category","embeddable":true,"href":"https:\/\/www.jornalja.com.br\/arquivo\/wp-json\/wp\/v2\/categories?post=53632"},{"taxonomy":"post_tag","embeddable":true,"href":"https:\/\/www.jornalja.com.br\/arquivo\/wp-json\/wp\/v2\/tags?post=53632"}],"curies":[{"name":"wp","href":"https:\/\/api.w.org\/{rel}","templated":true}]}}