{"id":53641,"date":"2017-08-17T12:09:26","date_gmt":"2017-08-17T15:09:26","guid":{"rendered":"https:\/\/www.jornalja.com.br\/?p=53641"},"modified":"2017-08-17T12:09:26","modified_gmt":"2017-08-17T15:09:26","slug":"falta-de-participacao-popular-motivou-decisao-da-justica-sobre-fazenda-arado","status":"publish","type":"post","link":"https:\/\/www.jornalja.com.br\/arquivo\/falta-de-participacao-popular-motivou-decisao-da-justica-sobre-fazenda-arado\/","title":{"rendered":"&quot;Falta de participa\u00e7\u00e3o popular&quot; motivou decis\u00e3o da Justi\u00e7a sobre Fazenda Arado"},"content":{"rendered":"<p>O Tribunal de Justi\u00e7a do Estado deve publicar hoje a decis\u00e3o dos desembargadores da Quarta C\u00e2mara C\u00edvel do TJ\/RS que, por maioria, <a href=\"https:\/\/www.jornalja.com.br\/justica-mantem-suspenso-investimento-imobiliario-na-fazenda-do-arado\/\">negaram recurso movido pela Arado Empreendimentos S.A, que permitia \u00e0 empresa dar continuidade a um projeto de condom\u00ednios fechados na antiga Fazenda Arado\u00a0Velho<\/a>, no Bairro Bel\u00e9m Novo, extremo-sul da Capital ga\u00facha.<br \/>\nA decis\u00e3o \u00e9 de 9 de agosto mas s\u00f3 agora foi inclu\u00edda ao processo.<br \/>\nO relator foi voto vencido. O desembargador Alexandre Mussoi Moreira entendeu que\u00a0n\u00e3o havia urg\u00eancia para conceder a liminar, lembrando que, entre a aprova\u00e7\u00e3o da Lei Complementar e a a\u00e7\u00e3o, transcorreram quase dois anos.<br \/>\nPrevaleceu o entendimento dos outros dois desembargadores, Francesco Conti e Eduardo Uhlein: \u201cN\u00e3o foram contempladas as exig\u00eancias legais para garantia da participa\u00e7\u00e3o popular em decis\u00e3o de tamanha relev\u00e2ncia\u201d.<br \/>\nA inten\u00e7\u00e3o da construtora era apresentar \u00e0 Prefeitura o EVU (Estudo de Viabilidade Urban\u00edstica) enquanto a decis\u00e3o final n\u00e3o \u00e9 dada.<br \/>\nA empresa alegou, no processo que, \u201cembora a Constitui\u00e7\u00e3o Estadual determine a participa\u00e7\u00e3o de entidades comunit\u00e1rias legalmente constitu\u00eddas, n\u00e3o faz refer\u00eancia \u00e0 obrigatoriedade de realiza\u00e7\u00e3o de audi\u00eancia p\u00fablica, sendo que tal exig\u00eancia tamb\u00e9m n\u00e3o encontra respaldo no Plano Diretor.<br \/>\nNa A\u00e7\u00e3o Civil P\u00fablica, a Promotoria do Meio Ambiente, do Minist\u00e9rio P\u00fablico Estadual, defende a inconstitucionalidade da Lei Complementar no 780\/2015, de iniciativa da Prefeitura de Porto Alegre, por n\u00e3o ter sido realizada audi\u00eancia p\u00fablica pr\u00e9via \u00e0 aprova\u00e7\u00e3o da lei, conforme determina o par\u00e1grafo 5\u00ba do art. 177 da Constitui\u00e7\u00e3o Estadual.<br \/>\nEssa lei 780 alterou o regime urban\u00edstico e, consequentemente, o \u00edndice construtivo da \u00e1rea, permitindo a constru\u00e7\u00e3o de\u00a0tr\u00eas condom\u00ednios fechados, num total de 2.300 casas na \u00e1rea de 426 hectares, metade dos quais foi enquadrada como \u00e1rea de preserva\u00e7\u00e3o ambiental.<br \/>\n\u201cOs planos diretores, obrigat\u00f3rios para as cidades com popula\u00e7\u00e3o de mais de vinte mil habitantes e para todos os Munic\u00edpios integrantes da regi\u00e3o metropolitana e das aglomera\u00e7\u00f5es urbanas, al\u00e9m de\u00a0contemplar os aspectos de interesse local e respeitar a voca\u00e7\u00e3o ecol\u00f3gica, ser\u00e3o compatibilizados com as diretrizes do planejamento do desenvolvimento regional, sustentou o Minist\u00e9rio P\u00fablico.\u201d<br \/>\n<span class=\"intertit\">Movimentos ambientais comemoram resultado<\/span><br \/>\nOs movimentos Preserva Bel\u00e9m Novo e Coletivo Ambiente Cr\u00edtico, que est\u00e3o \u00e0 frente da campanha\u00a0#PreservaArado,\u00a0sustentam que a Fazenda do Arado consiste em Patrim\u00f4nio Ambiental, Hist\u00f3rico e Cultural insubstitu\u00edvel na Zona Sul de Porto Alegre.<br \/>\nA campanha divulgou uma nota ontem a noite:<br \/>\n<em>&#8220;Reafirmamos apoio \u00e0s a\u00e7\u00f5es do Minist\u00e9rio P\u00fablico Estadual pelo exerc\u00edcio da defesa dos interesses sociais, correta aplica\u00e7\u00e3o da lei e garantia do Estado Democr\u00e1tico de Direito.\u00a0<\/em><br \/>\n<em>Igualmente reiteramos a confian\u00e7a no Poder Judici\u00e1rio, certos de que a referida decis\u00e3o se consolidar\u00e1 pra repisar a necess\u00e1ria participa\u00e7\u00e3o dos cidad\u00e3os e cidad\u00e3s na gest\u00e3o democr\u00e1tica da cidade e na defesa de seus direitos.<\/em><br \/>\nPorto Alegre, 16 de agosto de 2017.<br \/>\nPreserva Bel\u00e9m Novo \u2013 Coletivo Ambiente Cr\u00edtico<\/p>\n","protected":false},"excerpt":{"rendered":"<p>O Tribunal de Justi\u00e7a do Estado deve publicar hoje a decis\u00e3o dos desembargadores da Quarta C\u00e2mara C\u00edvel do TJ\/RS que, por maioria, negaram recurso movido pela Arado Empreendimentos S.A, que permitia \u00e0 empresa dar continuidade a um projeto de condom\u00ednios fechados na antiga Fazenda Arado\u00a0Velho, no Bairro Bel\u00e9m Novo, extremo-sul da Capital ga\u00facha. A decis\u00e3o [&hellip;]<\/p>\n","protected":false},"author":4,"featured_media":41174,"comment_status":"open","ping_status":"closed","sticky":false,"template":"","format":"standard","meta":{"_jetpack_newsletter_access":"","_jetpack_dont_email_post_to_subs":false,"_jetpack_newsletter_tier_id":0,"_jetpack_memberships_contains_paywalled_content":false,"_jetpack_feature_clip_id":0,"_jetpack_memberships_contains_paid_content":false,"footnotes":"","jetpack_post_was_ever_published":false},"categories":[26],"tags":[],"class_list":["post-53641","post","type-post","status-publish","format-standard","has-post-thumbnail","hentry","category-geral"],"aioseo_notices":[],"aioseo_head":"\n\t\t<!-- All in One SEO 5.0.1.1 - aioseo.com -->\n\t<meta name=\"robots\" content=\"max-image-preview:large\" \/>\n\t<meta name=\"author\" content=\"da Reda\u00e7\u00e3o\"\/>\n\t<link rel=\"canonical\" href=\"https:\/\/www.jornalja.com.br\/arquivo\/falta-de-participacao-popular-motivou-decisao-da-justica-sobre-fazenda-arado\/\" \/>\n\t<meta name=\"generator\" content=\"All in One SEO (AIOSEO) 5.0.1.1\" \/>\n\t\t<meta property=\"og:locale\" content=\"pt_BR\" \/>\n\t\t<meta property=\"og:site_name\" content=\"Arquivo | Jornal J\u00c1 | Porto Alegre\" \/>\n\t\t<meta property=\"og:type\" content=\"article\" \/>\n\t\t<meta property=\"og:title\" content=\"&quot;Falta de participa\u00e7\u00e3o popular&quot; motivou decis\u00e3o da Justi\u00e7a sobre Fazenda Arado | Arquivo\" \/>\n\t\t<meta property=\"og:url\" content=\"https:\/\/www.jornalja.com.br\/arquivo\/falta-de-participacao-popular-motivou-decisao-da-justica-sobre-fazenda-arado\/\" \/>\n\t\t<meta property=\"og:image\" content=\"https:\/\/www.jornalja.com.br\/economics\/wp-content\/uploads\/sites\/11\/2026\/08\/ja-folhaderosto-facebook.jpg\" \/>\n\t\t<meta property=\"og:image:secure_url\" content=\"https:\/\/www.jornalja.com.br\/economics\/wp-content\/uploads\/sites\/11\/2026\/08\/ja-folhaderosto-facebook.jpg\" \/>\n\t\t<meta property=\"article:published_time\" content=\"2017-08-17T15:09:26+00:00\" \/>\n\t\t<meta property=\"article:modified_time\" content=\"2017-08-17T15:09:26+00:00\" \/>\n\t\t<meta name=\"twitter:card\" content=\"summary\" \/>\n\t\t<meta name=\"twitter:title\" content=\"&quot;Falta de participa\u00e7\u00e3o popular&quot; motivou decis\u00e3o da Justi\u00e7a sobre Fazenda Arado | Arquivo\" \/>\n\t\t<meta name=\"twitter:image\" content=\"https:\/\/www.jornalja.com.br\/economics\/wp-content\/uploads\/sites\/11\/2026\/08\/ja-folhaderosto-facebook.jpg\" \/>\n\t\t<script type=\"application\/ld+json\" class=\"aioseo-schema\">\n\t\t\t{\"@context\":\"https:\\\/\\\/schema.org\",\"@graph\":[{\"@type\":\"BlogPosting\",\"@id\":\"https:\\\/\\\/www.jornalja.com.br\\\/arquivo\\\/falta-de-participacao-popular-motivou-decisao-da-justica-sobre-fazenda-arado\\\/#blogposting\",\"name\":\"\\\"Falta de participa\\u00e7\\u00e3o popular\\\" motivou decis\\u00e3o da Justi\\u00e7a sobre Fazenda Arado | Arquivo\",\"headline\":\"&quot;Falta de participa\\u00e7\\u00e3o popular&quot; motivou decis\\u00e3o da Justi\\u00e7a sobre Fazenda Arado\",\"author\":{\"@id\":\"https:\\\/\\\/www.jornalja.com.br\\\/arquivo\\\/author\\\/daredacao\\\/#author\"},\"publisher\":{\"@id\":\"https:\\\/\\\/www.jornalja.com.br\\\/arquivo\\\/#organization\"},\"image\":{\"@type\":\"ImageObject\",\"url\":41174},\"datePublished\":\"2017-08-17T12:09:26-03:00\",\"dateModified\":\"2017-08-17T12:09:26-03:00\",\"inLanguage\":\"pt-BR\",\"mainEntityOfPage\":{\"@id\":\"https:\\\/\\\/www.jornalja.com.br\\\/arquivo\\\/falta-de-participacao-popular-motivou-decisao-da-justica-sobre-fazenda-arado\\\/#webpage\"},\"isPartOf\":{\"@id\":\"https:\\\/\\\/www.jornalja.com.br\\\/arquivo\\\/falta-de-participacao-popular-motivou-decisao-da-justica-sobre-fazenda-arado\\\/#webpage\"},\"articleSection\":\"Geral\"},{\"@type\":\"BreadcrumbList\",\"@id\":\"https:\\\/\\\/www.jornalja.com.br\\\/arquivo\\\/falta-de-participacao-popular-motivou-decisao-da-justica-sobre-fazenda-arado\\\/#breadcrumblist\",\"itemListElement\":[{\"@type\":\"ListItem\",\"@id\":\"https:\\\/\\\/www.jornalja.com.br\\\/arquivo#listItem\",\"position\":1,\"name\":\"Home\",\"item\":\"https:\\\/\\\/www.jornalja.com.br\\\/arquivo\",\"nextItem\":{\"@type\":\"ListItem\",\"@id\":\"https:\\\/\\\/www.jornalja.com.br\\\/arquivo\\\/category\\\/geral\\\/#listItem\",\"name\":\"Geral\"}},{\"@type\":\"ListItem\",\"@id\":\"https:\\\/\\\/www.jornalja.com.br\\\/arquivo\\\/category\\\/geral\\\/#listItem\",\"position\":2,\"name\":\"Geral\",\"item\":\"https:\\\/\\\/www.jornalja.com.br\\\/arquivo\\\/category\\\/geral\\\/\",\"nextItem\":{\"@type\":\"ListItem\",\"@id\":\"https:\\\/\\\/www.jornalja.com.br\\\/arquivo\\\/falta-de-participacao-popular-motivou-decisao-da-justica-sobre-fazenda-arado\\\/#listItem\",\"name\":\"&quot;Falta de participa\\u00e7\\u00e3o popular&quot; motivou decis\\u00e3o da Justi\\u00e7a sobre Fazenda Arado\"},\"previousItem\":{\"@type\":\"ListItem\",\"@id\":\"https:\\\/\\\/www.jornalja.com.br\\\/arquivo#listItem\",\"name\":\"Home\"}},{\"@type\":\"ListItem\",\"@id\":\"https:\\\/\\\/www.jornalja.com.br\\\/arquivo\\\/falta-de-participacao-popular-motivou-decisao-da-justica-sobre-fazenda-arado\\\/#listItem\",\"position\":3,\"name\":\"&quot;Falta de participa\\u00e7\\u00e3o popular&quot; motivou decis\\u00e3o da Justi\\u00e7a sobre Fazenda Arado\",\"previousItem\":{\"@type\":\"ListItem\",\"@id\":\"https:\\\/\\\/www.jornalja.com.br\\\/arquivo\\\/category\\\/geral\\\/#listItem\",\"name\":\"Geral\"}}]},{\"@type\":\"Organization\",\"@id\":\"https:\\\/\\\/www.jornalja.com.br\\\/arquivo\\\/#organization\",\"name\":\"Jornal J\\u00c1\",\"description\":\"Jornal J\\u00c1 | Porto Alegre\",\"url\":\"https:\\\/\\\/www.jornalja.com.br\\\/arquivo\\\/\",\"telephone\":\"+555133307272\",\"logo\":{\"@type\":\"ImageObject\",\"url\":\"https:\\\/\\\/www.jornalja.com.br\\\/wp-content\\\/uploads\\\/cards\\\/JAslogan.png\",\"@id\":\"https:\\\/\\\/www.jornalja.com.br\\\/arquivo\\\/falta-de-participacao-popular-motivou-decisao-da-justica-sobre-fazenda-arado\\\/#organizationLogo\"},\"image\":{\"@id\":\"https:\\\/\\\/www.jornalja.com.br\\\/arquivo\\\/falta-de-participacao-popular-motivou-decisao-da-justica-sobre-fazenda-arado\\\/#organizationLogo\"}},{\"@type\":\"Person\",\"@id\":\"https:\\\/\\\/www.jornalja.com.br\\\/arquivo\\\/author\\\/daredacao\\\/#author\",\"url\":\"https:\\\/\\\/www.jornalja.com.br\\\/arquivo\\\/author\\\/daredacao\\\/\",\"name\":\"da Reda\\u00e7\\u00e3o\",\"image\":{\"@type\":\"ImageObject\",\"@id\":\"https:\\\/\\\/www.jornalja.com.br\\\/arquivo\\\/falta-de-participacao-popular-motivou-decisao-da-justica-sobre-fazenda-arado\\\/#authorImage\",\"url\":\"https:\\\/\\\/secure.gravatar.com\\\/avatar\\\/469fd857d6605ad19919d27ed29d35a968a25f6e8fd9318356bbb7f57aae9c65?s=96&d=mm&r=g\",\"width\":96,\"height\":96,\"caption\":\"da Reda\\u00e7\\u00e3o\"}},{\"@type\":\"WebPage\",\"@id\":\"https:\\\/\\\/www.jornalja.com.br\\\/arquivo\\\/falta-de-participacao-popular-motivou-decisao-da-justica-sobre-fazenda-arado\\\/#webpage\",\"url\":\"https:\\\/\\\/www.jornalja.com.br\\\/arquivo\\\/falta-de-participacao-popular-motivou-decisao-da-justica-sobre-fazenda-arado\\\/\",\"name\":\"\\\"Falta de participa\\u00e7\\u00e3o popular\\\" motivou decis\\u00e3o da Justi\\u00e7a sobre Fazenda Arado | Arquivo\",\"inLanguage\":\"pt-BR\",\"isPartOf\":{\"@id\":\"https:\\\/\\\/www.jornalja.com.br\\\/arquivo\\\/#website\"},\"breadcrumb\":{\"@id\":\"https:\\\/\\\/www.jornalja.com.br\\\/arquivo\\\/falta-de-participacao-popular-motivou-decisao-da-justica-sobre-fazenda-arado\\\/#breadcrumblist\"},\"author\":{\"@id\":\"https:\\\/\\\/www.jornalja.com.br\\\/arquivo\\\/author\\\/daredacao\\\/#author\"},\"creator\":{\"@id\":\"https:\\\/\\\/www.jornalja.com.br\\\/arquivo\\\/author\\\/daredacao\\\/#author\"},\"image\":{\"@type\":\"ImageObject\",\"url\":41174,\"@id\":\"https:\\\/\\\/www.jornalja.com.br\\\/arquivo\\\/falta-de-participacao-popular-motivou-decisao-da-justica-sobre-fazenda-arado\\\/#mainImage\"},\"primaryImageOfPage\":{\"@id\":\"https:\\\/\\\/www.jornalja.com.br\\\/arquivo\\\/falta-de-participacao-popular-motivou-decisao-da-justica-sobre-fazenda-arado\\\/#mainImage\"},\"datePublished\":\"2017-08-17T12:09:26-03:00\",\"dateModified\":\"2017-08-17T12:09:26-03:00\"},{\"@type\":\"WebSite\",\"@id\":\"https:\\\/\\\/www.jornalja.com.br\\\/arquivo\\\/#website\",\"url\":\"https:\\\/\\\/www.jornalja.com.br\\\/arquivo\\\/\",\"name\":\"Arquivo\",\"description\":\"Jornal J\\u00c1 | Porto Alegre\",\"inLanguage\":\"pt-BR\",\"publisher\":{\"@id\":\"https:\\\/\\\/www.jornalja.com.br\\\/arquivo\\\/#organization\"}}]}\n\t\t<\/script>\n\t\t<!-- All in One SEO -->\n\n","aioseo_head_json":{"title":"\"Falta de participa\u00e7\u00e3o popular\" motivou decis\u00e3o da Justi\u00e7a sobre Fazenda Arado | Arquivo","description":"","canonical_url":"https:\/\/www.jornalja.com.br\/arquivo\/falta-de-participacao-popular-motivou-decisao-da-justica-sobre-fazenda-arado\/","robots":"max-image-preview:large","keywords":"","webmasterTools":{"miscellaneous":""},"schema":{"@context":"https:\/\/schema.org","@graph":[{"@type":"BlogPosting","@id":"https:\/\/www.jornalja.com.br\/arquivo\/falta-de-participacao-popular-motivou-decisao-da-justica-sobre-fazenda-arado\/#blogposting","name":"\"Falta de participa\u00e7\u00e3o popular\" motivou decis\u00e3o da Justi\u00e7a sobre Fazenda Arado | Arquivo","headline":"&quot;Falta de participa\u00e7\u00e3o popular&quot; motivou decis\u00e3o da Justi\u00e7a sobre Fazenda Arado","author":{"@id":"https:\/\/www.jornalja.com.br\/arquivo\/author\/daredacao\/#author"},"publisher":{"@id":"https:\/\/www.jornalja.com.br\/arquivo\/#organization"},"image":{"@type":"ImageObject","url":41174},"datePublished":"2017-08-17T12:09:26-03:00","dateModified":"2017-08-17T12:09:26-03:00","inLanguage":"pt-BR","mainEntityOfPage":{"@id":"https:\/\/www.jornalja.com.br\/arquivo\/falta-de-participacao-popular-motivou-decisao-da-justica-sobre-fazenda-arado\/#webpage"},"isPartOf":{"@id":"https:\/\/www.jornalja.com.br\/arquivo\/falta-de-participacao-popular-motivou-decisao-da-justica-sobre-fazenda-arado\/#webpage"},"articleSection":"Geral"},{"@type":"BreadcrumbList","@id":"https:\/\/www.jornalja.com.br\/arquivo\/falta-de-participacao-popular-motivou-decisao-da-justica-sobre-fazenda-arado\/#breadcrumblist","itemListElement":[{"@type":"ListItem","@id":"https:\/\/www.jornalja.com.br\/arquivo#listItem","position":1,"name":"Home","item":"https:\/\/www.jornalja.com.br\/arquivo","nextItem":{"@type":"ListItem","@id":"https:\/\/www.jornalja.com.br\/arquivo\/category\/geral\/#listItem","name":"Geral"}},{"@type":"ListItem","@id":"https:\/\/www.jornalja.com.br\/arquivo\/category\/geral\/#listItem","position":2,"name":"Geral","item":"https:\/\/www.jornalja.com.br\/arquivo\/category\/geral\/","nextItem":{"@type":"ListItem","@id":"https:\/\/www.jornalja.com.br\/arquivo\/falta-de-participacao-popular-motivou-decisao-da-justica-sobre-fazenda-arado\/#listItem","name":"&quot;Falta de participa\u00e7\u00e3o popular&quot; motivou decis\u00e3o da Justi\u00e7a sobre Fazenda Arado"},"previousItem":{"@type":"ListItem","@id":"https:\/\/www.jornalja.com.br\/arquivo#listItem","name":"Home"}},{"@type":"ListItem","@id":"https:\/\/www.jornalja.com.br\/arquivo\/falta-de-participacao-popular-motivou-decisao-da-justica-sobre-fazenda-arado\/#listItem","position":3,"name":"&quot;Falta de participa\u00e7\u00e3o popular&quot; motivou decis\u00e3o da Justi\u00e7a sobre Fazenda Arado","previousItem":{"@type":"ListItem","@id":"https:\/\/www.jornalja.com.br\/arquivo\/category\/geral\/#listItem","name":"Geral"}}]},{"@type":"Organization","@id":"https:\/\/www.jornalja.com.br\/arquivo\/#organization","name":"Jornal J\u00c1","description":"Jornal J\u00c1 | Porto Alegre","url":"https:\/\/www.jornalja.com.br\/arquivo\/","telephone":"+555133307272","logo":{"@type":"ImageObject","url":"https:\/\/www.jornalja.com.br\/wp-content\/uploads\/cards\/JAslogan.png","@id":"https:\/\/www.jornalja.com.br\/arquivo\/falta-de-participacao-popular-motivou-decisao-da-justica-sobre-fazenda-arado\/#organizationLogo"},"image":{"@id":"https:\/\/www.jornalja.com.br\/arquivo\/falta-de-participacao-popular-motivou-decisao-da-justica-sobre-fazenda-arado\/#organizationLogo"}},{"@type":"Person","@id":"https:\/\/www.jornalja.com.br\/arquivo\/author\/daredacao\/#author","url":"https:\/\/www.jornalja.com.br\/arquivo\/author\/daredacao\/","name":"da Reda\u00e7\u00e3o","image":{"@type":"ImageObject","@id":"https:\/\/www.jornalja.com.br\/arquivo\/falta-de-participacao-popular-motivou-decisao-da-justica-sobre-fazenda-arado\/#authorImage","url":"https:\/\/secure.gravatar.com\/avatar\/469fd857d6605ad19919d27ed29d35a968a25f6e8fd9318356bbb7f57aae9c65?s=96&d=mm&r=g","width":96,"height":96,"caption":"da Reda\u00e7\u00e3o"}},{"@type":"WebPage","@id":"https:\/\/www.jornalja.com.br\/arquivo\/falta-de-participacao-popular-motivou-decisao-da-justica-sobre-fazenda-arado\/#webpage","url":"https:\/\/www.jornalja.com.br\/arquivo\/falta-de-participacao-popular-motivou-decisao-da-justica-sobre-fazenda-arado\/","name":"\"Falta de participa\u00e7\u00e3o popular\" motivou decis\u00e3o da Justi\u00e7a sobre Fazenda Arado | Arquivo","inLanguage":"pt-BR","isPartOf":{"@id":"https:\/\/www.jornalja.com.br\/arquivo\/#website"},"breadcrumb":{"@id":"https:\/\/www.jornalja.com.br\/arquivo\/falta-de-participacao-popular-motivou-decisao-da-justica-sobre-fazenda-arado\/#breadcrumblist"},"author":{"@id":"https:\/\/www.jornalja.com.br\/arquivo\/author\/daredacao\/#author"},"creator":{"@id":"https:\/\/www.jornalja.com.br\/arquivo\/author\/daredacao\/#author"},"image":{"@type":"ImageObject","url":41174,"@id":"https:\/\/www.jornalja.com.br\/arquivo\/falta-de-participacao-popular-motivou-decisao-da-justica-sobre-fazenda-arado\/#mainImage"},"primaryImageOfPage":{"@id":"https:\/\/www.jornalja.com.br\/arquivo\/falta-de-participacao-popular-motivou-decisao-da-justica-sobre-fazenda-arado\/#mainImage"},"datePublished":"2017-08-17T12:09:26-03:00","dateModified":"2017-08-17T12:09:26-03:00"},{"@type":"WebSite","@id":"https:\/\/www.jornalja.com.br\/arquivo\/#website","url":"https:\/\/www.jornalja.com.br\/arquivo\/","name":"Arquivo","description":"Jornal J\u00c1 | Porto Alegre","inLanguage":"pt-BR","publisher":{"@id":"https:\/\/www.jornalja.com.br\/arquivo\/#organization"}}]},"og:locale":"pt_BR","og:site_name":"Arquivo | Jornal J\u00c1 | Porto Alegre","og:type":"article","og:title":"&quot;Falta de participa\u00e7\u00e3o popular&quot; motivou decis\u00e3o da Justi\u00e7a sobre Fazenda Arado | Arquivo","og:url":"https:\/\/www.jornalja.com.br\/arquivo\/falta-de-participacao-popular-motivou-decisao-da-justica-sobre-fazenda-arado\/","og:image":"https:\/\/www.jornalja.com.br\/economics\/wp-content\/uploads\/sites\/11\/2026\/08\/ja-folhaderosto-facebook.jpg","og:image:secure_url":"https:\/\/www.jornalja.com.br\/economics\/wp-content\/uploads\/sites\/11\/2026\/08\/ja-folhaderosto-facebook.jpg","article:published_time":"2017-08-17T15:09:26+00:00","article:modified_time":"2017-08-17T15:09:26+00:00","twitter:card":"summary","twitter:title":"&quot;Falta de participa\u00e7\u00e3o popular&quot; motivou decis\u00e3o da Justi\u00e7a sobre Fazenda Arado | Arquivo","twitter:image":"https:\/\/www.jornalja.com.br\/economics\/wp-content\/uploads\/sites\/11\/2026\/08\/ja-folhaderosto-facebook.jpg"},"aioseo_meta_data":{"post_id":"53641","title":null,"description":null,"keywords":null,"keyphrases":null,"primary_term":null,"canonical_url":null,"og_title":null,"og_description":null,"og_object_type":"default","og_image_type":"default","og_image_url":null,"og_image_width":null,"og_image_height":null,"og_image_custom_url":null,"og_image_custom_fields":null,"og_video":null,"og_custom_url":null,"og_article_section":null,"og_article_tags":null,"twitter_use_og":false,"twitter_card":"default","twitter_image_type":"default","twitter_image_url":null,"twitter_image_custom_url":null,"twitter_image_custom_fields":null,"twitter_title":null,"twitter_description":null,"schema":{"blockGraphs":[],"customGraphs":[],"default":{"data":{"Article":[],"Course":[],"Dataset":[],"FAQPage":[],"Movie":[],"Person":[],"Product":[],"ProductReview":[],"Car":[],"Recipe":[],"Service":[],"SoftwareApplication":[],"WebPage":[]},"graphName":"","isEnabled":true},"graphs":[],"defaultGraph":"","defaultPostTypeGraph":""},"schema_type":null,"schema_type_options":null,"pillar_content":false,"robots_default":true,"robots_noindex":false,"robots_noarchive":false,"robots_nosnippet":false,"robots_nofollow":false,"robots_noimageindex":false,"robots_noodp":false,"robots_notranslate":false,"robots_max_snippet":null,"robots_max_videopreview":null,"robots_max_imagepreview":"large","priority":null,"frequency":null,"location":null,"local_seo":null,"breadcrumb_settings":null,"limit_modified_date":false,"ai":null,"created":"2020-12-20 20:26:59","updated":"2025-07-20 00:19:11","seo_analyzer_scan_date":null,"focus_keyword":null,"additional_keywords":null,"truseo_locale":null},"jetpack_sharing_enabled":true,"jetpack-related-posts":[{"id":13109,"url":"https:\/\/www.jornalja.com.br\/arquivo\/judiciario-reconhece-poluicao-eletromagnetica\/","url_meta":{"origin":53641,"position":0},"title":"Judici\u00e1rio reconhece polui\u00e7\u00e3o eletromagn\u00e9tica","author":"Patr\u00edcia Marini","date":"16 de maio de 2014","format":false,"excerpt":"A\u00e7\u00e3o de duas associa\u00e7\u00f5es de moradores foi acolhida pelo Tribunal de Justi\u00e7a de S\u00e3o Paulo que. em decis\u00e3o in\u00e9dita, determinou a redu\u00e7\u00e3o do campo eletromagn\u00e9tico gerado pelas linhas de transmiss\u00e3o de energia que cortam os bairros City Boa\u00e7ava e Alto de Pinheiros. \u00c9 a primeira vez que um tribunal do\u2026","rel":"","context":"Em &quot;X.Categorias velhas&quot;","block_context":{"text":"X.Categorias velhas","link":"https:\/\/www.jornalja.com.br\/arquivo\/category\/x-categorias-velhas\/"},"img":{"alt_text":"","src":"","width":0,"height":0},"classes":[]},{"id":12960,"url":"https:\/\/www.jornalja.com.br\/arquivo\/populacao-culpa-empresas-pela-greve-dos-rodoviarios\/","url_meta":{"origin":53641,"position":1},"title":"Popula\u00e7\u00e3o culpa empresas pela greve","author":"Patr\u00edcia Marini","date":"14 de fevereiro de 2014","format":false,"excerpt":"Pesquisa divulgada na edi\u00e7\u00e3o do jornal Metro desta sexta-feira,14, comprova o velho ditado: \u00e9 poss\u00edvel enganar muitos por algum tempo, mas n\u00e3o \u00e9 poss\u00edvel enganar a todos o tempo inteiro. A principal revela\u00e7\u00e3o foi que 59,8% dos entrevistados apontaram as empresas como as principais respons\u00e1veis pela grave e 46% culparam\u2026","rel":"","context":"Em &quot;X.Categorias velhas&quot;","block_context":{"text":"X.Categorias velhas","link":"https:\/\/www.jornalja.com.br\/arquivo\/category\/x-categorias-velhas\/"},"img":{"alt_text":"","src":"","width":0,"height":0},"classes":[]},{"id":13240,"url":"https:\/\/www.jornalja.com.br\/arquivo\/plano-diretor-estamos-construindo-o-caos\/","url_meta":{"origin":53641,"position":2},"title":"Plano diretor: &quot;Estamos construindo o caos&quot;","author":"Patr\u00edcia Marini","date":"26 de maio de 2014","format":false,"excerpt":"Desabafo que arquiteta Eliana Castilhos, delegada da Regi\u00e3o de Planejamento 1, postou nas redes sociais \u00e9 um testemunho do ambiente que se criou no Conselho do Plano Diretor de Porto Alegre, onde a aprova\u00e7\u00e3o de grandes empreendimentos \u00e9 empurrada guela abaixo dos conselheiros. Ao CMDUA Como delegada da Regi\u00e3o de\u2026","rel":"","context":"Em &quot;Geral&quot;","block_context":{"text":"Geral","link":"https:\/\/www.jornalja.com.br\/arquivo\/category\/geral\/"},"img":{"alt_text":"","src":"","width":0,"height":0},"classes":[]},{"id":13101,"url":"https:\/\/www.jornalja.com.br\/arquivo\/morre-um-guerreiro-do-texto\/","url_meta":{"origin":53641,"position":3},"title":"Morre um guerreiro do texto","author":"Patr\u00edcia Marini","date":"14 de maio de 2014","format":false,"excerpt":"Por Ricardo Kotscho Reproduzido do blog do autor, 11\/5\/2014; t\u00edtulo original \u201cE l\u00e1 se foi o nosso Myltainho, guerreiro do texto\u201d. Mi\u00fado e franzino, meu amigo Myltainho era um valente e inconformado guerreiro na luta contra as injusti\u00e7as sociais, a hipocrisia, as maracutaias, o autoritarismo, a intoler\u00e2ncia, a viol\u00eancia, o\u2026","rel":"","context":"Em &quot;Geral&quot;","block_context":{"text":"Geral","link":"https:\/\/www.jornalja.com.br\/arquivo\/category\/geral\/"},"img":{"alt_text":"","src":"","width":0,"height":0},"classes":[]},{"id":5440,"url":"https:\/\/www.jornalja.com.br\/arquivo\/casarao-da-venancio-destino-permanece-incerto\/","url_meta":{"origin":53641,"position":4},"title":"Estado ainda n\u00e3o sabe o que fazer com casar\u00e3o abandonado h\u00e1 20 anos","author":"Elmar Bones","date":"6 de julho de 2009","format":false,"excerpt":"O casar\u00e3o amarelo, numa esquina nobre de Porto Alegre (Ven\u00e2ncio Aires com Jo\u00e3o Pessoa), j\u00e1 abrigou uma escola. H\u00e1 duas d\u00e9cadas, pelo menos, est\u00e1 abandonado, porque seu propriet\u00e1rio, o governo do Estado do Rio Grande do Sul, n\u00e3o consegue achar um destino para ele. Planos n\u00e3o faltaram. O governador Ol\u00edvio\u2026","rel":"","context":"Em &quot;X.Categorias velhas&quot;","block_context":{"text":"X.Categorias velhas","link":"https:\/\/www.jornalja.com.br\/arquivo\/category\/x-categorias-velhas\/"},"img":{"alt_text":"geraldo1","src":"https:\/\/i0.wp.com\/www.jornalja.com.br\/wp-content\/uploads\/2009\/07\/geraldo1.jpg?resize=350%2C200&ssl=1","width":350,"height":200},"classes":[]},{"id":14241,"url":"https:\/\/www.jornalja.com.br\/arquivo\/o-guaiba-nas-imagens-poeticas-de-achutti\/","url_meta":{"origin":53641,"position":5},"title":"O Gua\u00edba nas imagens po\u00e9ticas de Achutti","author":"da Reda\u00e7\u00e3o","date":"18 de junho de 2014","format":false,"excerpt":"Em \u201cO Gua\u00edba por Achutti\u201d \u2013 obra financiada via Minist\u00e9rio da Cultura, produ\u00e7\u00e3o executiva de Pedro Longhi, e Fl\u00e1vio Wild como designer \u2013, o fot\u00f3grafo revela a beleza e as mazelas de um espa\u00e7o aqu\u00e1tico de \u00e1guas sempre renovadas, cheio de hist\u00f3rias e lendas como as das cidades que foram\u2026","rel":"","context":"Em &quot;Cultura-Geral&quot;","block_context":{"text":"Cultura-Geral","link":"https:\/\/www.jornalja.com.br\/arquivo\/category\/materiasecundaria\/"},"img":{"alt_text":"","src":"","width":0,"height":0},"classes":[]}],"jetpack_shortlink":"https:\/\/wp.me\/pbQjBd-dXb","jetpack_featured_media_url":"","_links":{"self":[{"href":"https:\/\/www.jornalja.com.br\/arquivo\/wp-json\/wp\/v2\/posts\/53641","targetHints":{"allow":["GET"]}}],"collection":[{"href":"https:\/\/www.jornalja.com.br\/arquivo\/wp-json\/wp\/v2\/posts"}],"about":[{"href":"https:\/\/www.jornalja.com.br\/arquivo\/wp-json\/wp\/v2\/types\/post"}],"author":[{"embeddable":true,"href":"https:\/\/www.jornalja.com.br\/arquivo\/wp-json\/wp\/v2\/users\/4"}],"replies":[{"embeddable":true,"href":"https:\/\/www.jornalja.com.br\/arquivo\/wp-json\/wp\/v2\/comments?post=53641"}],"version-history":[{"count":0,"href":"https:\/\/www.jornalja.com.br\/arquivo\/wp-json\/wp\/v2\/posts\/53641\/revisions"}],"wp:attachment":[{"href":"https:\/\/www.jornalja.com.br\/arquivo\/wp-json\/wp\/v2\/media?parent=53641"}],"wp:term":[{"taxonomy":"category","embeddable":true,"href":"https:\/\/www.jornalja.com.br\/arquivo\/wp-json\/wp\/v2\/categories?post=53641"},{"taxonomy":"post_tag","embeddable":true,"href":"https:\/\/www.jornalja.com.br\/arquivo\/wp-json\/wp\/v2\/tags?post=53641"}],"curies":[{"name":"wp","href":"https:\/\/api.w.org\/{rel}","templated":true}]}}