{"id":53669,"date":"2017-08-17T13:22:03","date_gmt":"2017-08-17T16:22:03","guid":{"rendered":"https:\/\/www.jornalja.com.br\/?p=53669"},"modified":"2017-08-17T13:22:03","modified_gmt":"2017-08-17T16:22:03","slug":"estudos-para-concessao-da-iluminacao-publica-da-capital-iniciam-em-setembro","status":"publish","type":"post","link":"https:\/\/www.jornalja.com.br\/arquivo\/estudos-para-concessao-da-iluminacao-publica-da-capital-iniciam-em-setembro\/","title":{"rendered":"Estudos para concess\u00e3o da ilumina\u00e7\u00e3o p\u00fablica da Capital iniciam em setembro"},"content":{"rendered":"<p>Os estudos que far\u00e3o a modelagem da primeira Parceria P\u00fablico-Privada da gest\u00e3o Marchezan j\u00e1 podem ser iniciados. O preg\u00e3o eletr\u00f4nico realizado pelo BNDES foi vencido pelo cons\u00f3rcio formado pelas sociedades Houer Consultoria e Concess\u00f5es, RSI Engenharia Ltda. EPP, Maciel Rocha Sociedade de Advogados e Albino Sociedade de Advogados. O cons\u00f3rcio far\u00e1 a modelagem para a licita\u00e7\u00e3o da ilumina\u00e7\u00e3o p\u00fablica de Porto Alegre.<br \/>\nConforme o cronograma, o leil\u00e3o deve ser realizado em julho de 2018.<br \/>\nA ilumina\u00e7\u00e3o p\u00fablica \u00e9 <a href=\"https:\/\/www.jornalja.com.br\/iluminacao-publica-sera-a-primeira-ppp-da-gestao-marcehzan\/\" target=\"_blank\" rel=\"noopener noreferrer\">a primeira de uma s\u00e9rie de PPPs<\/a> planejada pela Prefeitura, que inclui o tratamento de esgoto da cidade, a gest\u00e3o do Mercado P\u00fablico, a constru\u00e7\u00e3o de uma nova sede para o Hospital Materno-Infantil Presidente Vargas, entre outros setores.<br \/>\nOs consultores do cons\u00f3rcio e do BNDES devem chegar a Porto Alegre na primeira semana de setembro para dar in\u00edcio aos trabalhos. O contrato de consultoria entre o BNDES e Porto Alegre para a estrutura\u00e7\u00e3o da parceria foi assinado nessa segunda-feira, 14, no Rio de Janeiro.<br \/>\nOs integrantes do cons\u00f3rcio foram respons\u00e1veis pela modelagem de projetos de PPP de ilumina\u00e7\u00e3o p\u00fablica para os governos de Bras\u00edlia, Niter\u00f3i e Contagem, al\u00e9m da modelagem de outras de concess\u00f5es e PPPs para os aeroportos de Guarulhos, Campinas, Bras\u00edlia, Gale\u00e3o e Confins, Est\u00e1dio Pl\u00e1cido Aderaldo Castelo e complexos hospitalares no Estado de S\u00e3o Paulo.<br \/>\nCronograma de trabalho aprovado no Conselho Gestor de Parcerias, em dia 30 de junho, sendo setembro o quinto m\u00eas:<br \/>\n<strong>5\u00ba ao 10\u00ba m\u00eas (setembro de 2017 &#8211; fevereiro de 2018) &#8211; Realiza\u00e7\u00e3o dos Estudos<\/strong><\/p>\n<ul>\n<li>Consultoria +BNDES (com diretrizes da prefeitura):<\/li>\n<li>Diagn\u00f3stico da situa\u00e7\u00e3o atual do Parque de IP;<\/li>\n<li>Estudo de engenharia;<\/li>\n<li>Estudos ambientais;<\/li>\n<li>Estudos jur\u00eddicos;<\/li>\n<li>Plano de neg\u00f3cios;<\/li>\n<li>Elabora\u00e7\u00e3o da minuta de edital e contrato e assessoria no processo legislativo.<\/li>\n<\/ul>\n<p><strong>Do 11\u00ba ao 15\u00ba (mar\u00e7o a julho de 2018) &#8211; Leil\u00e3o<\/strong><\/p>\n<ul>\n<li>Consultoria + BNDES + prefeitura:<\/li>\n<li>Realiza\u00e7\u00e3o de audi\u00eancia e consulta p\u00fablicas;<\/li>\n<li>Respostas e questionamentos da consulta;<\/li>\n<li>Resposta aos questionamentos dos \u00f3rg\u00e3os de controle;<\/li>\n<li>Assessoria de comunica\u00e7\u00e3o;<\/li>\n<li>RoadShow e divulga\u00e7\u00e3o do projeto;<\/li>\n<li>Leil\u00e3o.<\/li>\n<\/ul>\n","protected":false},"excerpt":{"rendered":"<p>Os estudos que far\u00e3o a modelagem da primeira Parceria P\u00fablico-Privada da gest\u00e3o Marchezan j\u00e1 podem ser iniciados. O preg\u00e3o eletr\u00f4nico realizado pelo BNDES foi vencido pelo cons\u00f3rcio formado pelas sociedades Houer Consultoria e Concess\u00f5es, RSI Engenharia Ltda. EPP, Maciel Rocha Sociedade de Advogados e Albino Sociedade de Advogados. O cons\u00f3rcio far\u00e1 a modelagem para a [&hellip;]<\/p>\n","protected":false},"author":4,"featured_media":53672,"comment_status":"open","ping_status":"closed","sticky":false,"template":"","format":"standard","meta":{"_jetpack_newsletter_access":"","_jetpack_dont_email_post_to_subs":false,"_jetpack_newsletter_tier_id":0,"_jetpack_memberships_contains_paywalled_content":false,"_jetpack_feature_clip_id":0,"_jetpack_memberships_contains_paid_content":false,"footnotes":"","jetpack_post_was_ever_published":false},"categories":[26],"tags":[],"class_list":["post-53669","post","type-post","status-publish","format-standard","has-post-thumbnail","hentry","category-geral"],"aioseo_notices":[],"aioseo_head":"\n\t\t<!-- All in One SEO 5.0.1.1 - aioseo.com -->\n\t<meta name=\"robots\" content=\"max-image-preview:large\" \/>\n\t<meta name=\"author\" content=\"da Reda\u00e7\u00e3o\"\/>\n\t<link rel=\"canonical\" href=\"https:\/\/www.jornalja.com.br\/arquivo\/estudos-para-concessao-da-iluminacao-publica-da-capital-iniciam-em-setembro\/\" \/>\n\t<meta name=\"generator\" content=\"All in One SEO (AIOSEO) 5.0.1.1\" \/>\n\t\t<meta property=\"og:locale\" content=\"pt_BR\" \/>\n\t\t<meta property=\"og:site_name\" content=\"Arquivo | Jornal J\u00c1 | Porto Alegre\" \/>\n\t\t<meta property=\"og:type\" content=\"article\" \/>\n\t\t<meta property=\"og:title\" content=\"Estudos para concess\u00e3o da ilumina\u00e7\u00e3o p\u00fablica da Capital iniciam em setembro | Arquivo\" \/>\n\t\t<meta property=\"og:url\" content=\"https:\/\/www.jornalja.com.br\/arquivo\/estudos-para-concessao-da-iluminacao-publica-da-capital-iniciam-em-setembro\/\" \/>\n\t\t<meta property=\"og:image\" content=\"https:\/\/www.jornalja.com.br\/economics\/wp-content\/uploads\/sites\/11\/2026\/08\/ja-folhaderosto-facebook.jpg\" \/>\n\t\t<meta property=\"og:image:secure_url\" content=\"https:\/\/www.jornalja.com.br\/economics\/wp-content\/uploads\/sites\/11\/2026\/08\/ja-folhaderosto-facebook.jpg\" \/>\n\t\t<meta property=\"article:published_time\" content=\"2017-08-17T16:22:03+00:00\" \/>\n\t\t<meta property=\"article:modified_time\" content=\"2017-08-17T16:22:03+00:00\" \/>\n\t\t<meta name=\"twitter:card\" content=\"summary\" \/>\n\t\t<meta name=\"twitter:title\" content=\"Estudos para concess\u00e3o da ilumina\u00e7\u00e3o p\u00fablica da Capital iniciam em setembro | Arquivo\" \/>\n\t\t<meta name=\"twitter:image\" content=\"https:\/\/www.jornalja.com.br\/economics\/wp-content\/uploads\/sites\/11\/2026\/08\/ja-folhaderosto-facebook.jpg\" \/>\n\t\t<script type=\"application\/ld+json\" class=\"aioseo-schema\">\n\t\t\t{\"@context\":\"https:\\\/\\\/schema.org\",\"@graph\":[{\"@type\":\"BlogPosting\",\"@id\":\"https:\\\/\\\/www.jornalja.com.br\\\/arquivo\\\/estudos-para-concessao-da-iluminacao-publica-da-capital-iniciam-em-setembro\\\/#blogposting\",\"name\":\"Estudos para concess\\u00e3o da ilumina\\u00e7\\u00e3o p\\u00fablica da Capital iniciam em setembro | Arquivo\",\"headline\":\"Estudos para concess\\u00e3o da ilumina\\u00e7\\u00e3o p\\u00fablica da Capital iniciam em setembro\",\"author\":{\"@id\":\"https:\\\/\\\/www.jornalja.com.br\\\/arquivo\\\/author\\\/daredacao\\\/#author\"},\"publisher\":{\"@id\":\"https:\\\/\\\/www.jornalja.com.br\\\/arquivo\\\/#organization\"},\"image\":{\"@type\":\"ImageObject\",\"url\":53672},\"datePublished\":\"2017-08-17T13:22:03-03:00\",\"dateModified\":\"2017-08-17T13:22:03-03:00\",\"inLanguage\":\"pt-BR\",\"mainEntityOfPage\":{\"@id\":\"https:\\\/\\\/www.jornalja.com.br\\\/arquivo\\\/estudos-para-concessao-da-iluminacao-publica-da-capital-iniciam-em-setembro\\\/#webpage\"},\"isPartOf\":{\"@id\":\"https:\\\/\\\/www.jornalja.com.br\\\/arquivo\\\/estudos-para-concessao-da-iluminacao-publica-da-capital-iniciam-em-setembro\\\/#webpage\"},\"articleSection\":\"Geral\"},{\"@type\":\"BreadcrumbList\",\"@id\":\"https:\\\/\\\/www.jornalja.com.br\\\/arquivo\\\/estudos-para-concessao-da-iluminacao-publica-da-capital-iniciam-em-setembro\\\/#breadcrumblist\",\"itemListElement\":[{\"@type\":\"ListItem\",\"@id\":\"https:\\\/\\\/www.jornalja.com.br\\\/arquivo#listItem\",\"position\":1,\"name\":\"Home\",\"item\":\"https:\\\/\\\/www.jornalja.com.br\\\/arquivo\",\"nextItem\":{\"@type\":\"ListItem\",\"@id\":\"https:\\\/\\\/www.jornalja.com.br\\\/arquivo\\\/category\\\/geral\\\/#listItem\",\"name\":\"Geral\"}},{\"@type\":\"ListItem\",\"@id\":\"https:\\\/\\\/www.jornalja.com.br\\\/arquivo\\\/category\\\/geral\\\/#listItem\",\"position\":2,\"name\":\"Geral\",\"item\":\"https:\\\/\\\/www.jornalja.com.br\\\/arquivo\\\/category\\\/geral\\\/\",\"nextItem\":{\"@type\":\"ListItem\",\"@id\":\"https:\\\/\\\/www.jornalja.com.br\\\/arquivo\\\/estudos-para-concessao-da-iluminacao-publica-da-capital-iniciam-em-setembro\\\/#listItem\",\"name\":\"Estudos para concess\\u00e3o da ilumina\\u00e7\\u00e3o p\\u00fablica da Capital iniciam em setembro\"},\"previousItem\":{\"@type\":\"ListItem\",\"@id\":\"https:\\\/\\\/www.jornalja.com.br\\\/arquivo#listItem\",\"name\":\"Home\"}},{\"@type\":\"ListItem\",\"@id\":\"https:\\\/\\\/www.jornalja.com.br\\\/arquivo\\\/estudos-para-concessao-da-iluminacao-publica-da-capital-iniciam-em-setembro\\\/#listItem\",\"position\":3,\"name\":\"Estudos para concess\\u00e3o da ilumina\\u00e7\\u00e3o p\\u00fablica da Capital iniciam em setembro\",\"previousItem\":{\"@type\":\"ListItem\",\"@id\":\"https:\\\/\\\/www.jornalja.com.br\\\/arquivo\\\/category\\\/geral\\\/#listItem\",\"name\":\"Geral\"}}]},{\"@type\":\"Organization\",\"@id\":\"https:\\\/\\\/www.jornalja.com.br\\\/arquivo\\\/#organization\",\"name\":\"Jornal J\\u00c1\",\"description\":\"Jornal J\\u00c1 | Porto Alegre\",\"url\":\"https:\\\/\\\/www.jornalja.com.br\\\/arquivo\\\/\",\"telephone\":\"+555133307272\",\"logo\":{\"@type\":\"ImageObject\",\"url\":\"https:\\\/\\\/www.jornalja.com.br\\\/wp-content\\\/uploads\\\/cards\\\/JAslogan.png\",\"@id\":\"https:\\\/\\\/www.jornalja.com.br\\\/arquivo\\\/estudos-para-concessao-da-iluminacao-publica-da-capital-iniciam-em-setembro\\\/#organizationLogo\"},\"image\":{\"@id\":\"https:\\\/\\\/www.jornalja.com.br\\\/arquivo\\\/estudos-para-concessao-da-iluminacao-publica-da-capital-iniciam-em-setembro\\\/#organizationLogo\"}},{\"@type\":\"Person\",\"@id\":\"https:\\\/\\\/www.jornalja.com.br\\\/arquivo\\\/author\\\/daredacao\\\/#author\",\"url\":\"https:\\\/\\\/www.jornalja.com.br\\\/arquivo\\\/author\\\/daredacao\\\/\",\"name\":\"da Reda\\u00e7\\u00e3o\",\"image\":{\"@type\":\"ImageObject\",\"@id\":\"https:\\\/\\\/www.jornalja.com.br\\\/arquivo\\\/estudos-para-concessao-da-iluminacao-publica-da-capital-iniciam-em-setembro\\\/#authorImage\",\"url\":\"https:\\\/\\\/secure.gravatar.com\\\/avatar\\\/469fd857d6605ad19919d27ed29d35a968a25f6e8fd9318356bbb7f57aae9c65?s=96&d=mm&r=g\",\"width\":96,\"height\":96,\"caption\":\"da Reda\\u00e7\\u00e3o\"}},{\"@type\":\"WebPage\",\"@id\":\"https:\\\/\\\/www.jornalja.com.br\\\/arquivo\\\/estudos-para-concessao-da-iluminacao-publica-da-capital-iniciam-em-setembro\\\/#webpage\",\"url\":\"https:\\\/\\\/www.jornalja.com.br\\\/arquivo\\\/estudos-para-concessao-da-iluminacao-publica-da-capital-iniciam-em-setembro\\\/\",\"name\":\"Estudos para concess\\u00e3o da ilumina\\u00e7\\u00e3o p\\u00fablica da Capital iniciam em setembro | Arquivo\",\"inLanguage\":\"pt-BR\",\"isPartOf\":{\"@id\":\"https:\\\/\\\/www.jornalja.com.br\\\/arquivo\\\/#website\"},\"breadcrumb\":{\"@id\":\"https:\\\/\\\/www.jornalja.com.br\\\/arquivo\\\/estudos-para-concessao-da-iluminacao-publica-da-capital-iniciam-em-setembro\\\/#breadcrumblist\"},\"author\":{\"@id\":\"https:\\\/\\\/www.jornalja.com.br\\\/arquivo\\\/author\\\/daredacao\\\/#author\"},\"creator\":{\"@id\":\"https:\\\/\\\/www.jornalja.com.br\\\/arquivo\\\/author\\\/daredacao\\\/#author\"},\"image\":{\"@type\":\"ImageObject\",\"url\":53672,\"@id\":\"https:\\\/\\\/www.jornalja.com.br\\\/arquivo\\\/estudos-para-concessao-da-iluminacao-publica-da-capital-iniciam-em-setembro\\\/#mainImage\"},\"primaryImageOfPage\":{\"@id\":\"https:\\\/\\\/www.jornalja.com.br\\\/arquivo\\\/estudos-para-concessao-da-iluminacao-publica-da-capital-iniciam-em-setembro\\\/#mainImage\"},\"datePublished\":\"2017-08-17T13:22:03-03:00\",\"dateModified\":\"2017-08-17T13:22:03-03:00\"},{\"@type\":\"WebSite\",\"@id\":\"https:\\\/\\\/www.jornalja.com.br\\\/arquivo\\\/#website\",\"url\":\"https:\\\/\\\/www.jornalja.com.br\\\/arquivo\\\/\",\"name\":\"Arquivo\",\"description\":\"Jornal J\\u00c1 | Porto Alegre\",\"inLanguage\":\"pt-BR\",\"publisher\":{\"@id\":\"https:\\\/\\\/www.jornalja.com.br\\\/arquivo\\\/#organization\"}}]}\n\t\t<\/script>\n\t\t<!-- All in One SEO -->\n\n","aioseo_head_json":{"title":"Estudos para concess\u00e3o da ilumina\u00e7\u00e3o p\u00fablica da Capital iniciam em setembro | Arquivo","description":"","canonical_url":"https:\/\/www.jornalja.com.br\/arquivo\/estudos-para-concessao-da-iluminacao-publica-da-capital-iniciam-em-setembro\/","robots":"max-image-preview:large","keywords":"","webmasterTools":{"miscellaneous":""},"schema":{"@context":"https:\/\/schema.org","@graph":[{"@type":"BlogPosting","@id":"https:\/\/www.jornalja.com.br\/arquivo\/estudos-para-concessao-da-iluminacao-publica-da-capital-iniciam-em-setembro\/#blogposting","name":"Estudos para concess\u00e3o da ilumina\u00e7\u00e3o p\u00fablica da Capital iniciam em setembro | Arquivo","headline":"Estudos para concess\u00e3o da ilumina\u00e7\u00e3o p\u00fablica da Capital iniciam em setembro","author":{"@id":"https:\/\/www.jornalja.com.br\/arquivo\/author\/daredacao\/#author"},"publisher":{"@id":"https:\/\/www.jornalja.com.br\/arquivo\/#organization"},"image":{"@type":"ImageObject","url":53672},"datePublished":"2017-08-17T13:22:03-03:00","dateModified":"2017-08-17T13:22:03-03:00","inLanguage":"pt-BR","mainEntityOfPage":{"@id":"https:\/\/www.jornalja.com.br\/arquivo\/estudos-para-concessao-da-iluminacao-publica-da-capital-iniciam-em-setembro\/#webpage"},"isPartOf":{"@id":"https:\/\/www.jornalja.com.br\/arquivo\/estudos-para-concessao-da-iluminacao-publica-da-capital-iniciam-em-setembro\/#webpage"},"articleSection":"Geral"},{"@type":"BreadcrumbList","@id":"https:\/\/www.jornalja.com.br\/arquivo\/estudos-para-concessao-da-iluminacao-publica-da-capital-iniciam-em-setembro\/#breadcrumblist","itemListElement":[{"@type":"ListItem","@id":"https:\/\/www.jornalja.com.br\/arquivo#listItem","position":1,"name":"Home","item":"https:\/\/www.jornalja.com.br\/arquivo","nextItem":{"@type":"ListItem","@id":"https:\/\/www.jornalja.com.br\/arquivo\/category\/geral\/#listItem","name":"Geral"}},{"@type":"ListItem","@id":"https:\/\/www.jornalja.com.br\/arquivo\/category\/geral\/#listItem","position":2,"name":"Geral","item":"https:\/\/www.jornalja.com.br\/arquivo\/category\/geral\/","nextItem":{"@type":"ListItem","@id":"https:\/\/www.jornalja.com.br\/arquivo\/estudos-para-concessao-da-iluminacao-publica-da-capital-iniciam-em-setembro\/#listItem","name":"Estudos para concess\u00e3o da ilumina\u00e7\u00e3o p\u00fablica da Capital iniciam em setembro"},"previousItem":{"@type":"ListItem","@id":"https:\/\/www.jornalja.com.br\/arquivo#listItem","name":"Home"}},{"@type":"ListItem","@id":"https:\/\/www.jornalja.com.br\/arquivo\/estudos-para-concessao-da-iluminacao-publica-da-capital-iniciam-em-setembro\/#listItem","position":3,"name":"Estudos para concess\u00e3o da ilumina\u00e7\u00e3o p\u00fablica da Capital iniciam em setembro","previousItem":{"@type":"ListItem","@id":"https:\/\/www.jornalja.com.br\/arquivo\/category\/geral\/#listItem","name":"Geral"}}]},{"@type":"Organization","@id":"https:\/\/www.jornalja.com.br\/arquivo\/#organization","name":"Jornal J\u00c1","description":"Jornal J\u00c1 | Porto Alegre","url":"https:\/\/www.jornalja.com.br\/arquivo\/","telephone":"+555133307272","logo":{"@type":"ImageObject","url":"https:\/\/www.jornalja.com.br\/wp-content\/uploads\/cards\/JAslogan.png","@id":"https:\/\/www.jornalja.com.br\/arquivo\/estudos-para-concessao-da-iluminacao-publica-da-capital-iniciam-em-setembro\/#organizationLogo"},"image":{"@id":"https:\/\/www.jornalja.com.br\/arquivo\/estudos-para-concessao-da-iluminacao-publica-da-capital-iniciam-em-setembro\/#organizationLogo"}},{"@type":"Person","@id":"https:\/\/www.jornalja.com.br\/arquivo\/author\/daredacao\/#author","url":"https:\/\/www.jornalja.com.br\/arquivo\/author\/daredacao\/","name":"da Reda\u00e7\u00e3o","image":{"@type":"ImageObject","@id":"https:\/\/www.jornalja.com.br\/arquivo\/estudos-para-concessao-da-iluminacao-publica-da-capital-iniciam-em-setembro\/#authorImage","url":"https:\/\/secure.gravatar.com\/avatar\/469fd857d6605ad19919d27ed29d35a968a25f6e8fd9318356bbb7f57aae9c65?s=96&d=mm&r=g","width":96,"height":96,"caption":"da Reda\u00e7\u00e3o"}},{"@type":"WebPage","@id":"https:\/\/www.jornalja.com.br\/arquivo\/estudos-para-concessao-da-iluminacao-publica-da-capital-iniciam-em-setembro\/#webpage","url":"https:\/\/www.jornalja.com.br\/arquivo\/estudos-para-concessao-da-iluminacao-publica-da-capital-iniciam-em-setembro\/","name":"Estudos para concess\u00e3o da ilumina\u00e7\u00e3o p\u00fablica da Capital iniciam em setembro | Arquivo","inLanguage":"pt-BR","isPartOf":{"@id":"https:\/\/www.jornalja.com.br\/arquivo\/#website"},"breadcrumb":{"@id":"https:\/\/www.jornalja.com.br\/arquivo\/estudos-para-concessao-da-iluminacao-publica-da-capital-iniciam-em-setembro\/#breadcrumblist"},"author":{"@id":"https:\/\/www.jornalja.com.br\/arquivo\/author\/daredacao\/#author"},"creator":{"@id":"https:\/\/www.jornalja.com.br\/arquivo\/author\/daredacao\/#author"},"image":{"@type":"ImageObject","url":53672,"@id":"https:\/\/www.jornalja.com.br\/arquivo\/estudos-para-concessao-da-iluminacao-publica-da-capital-iniciam-em-setembro\/#mainImage"},"primaryImageOfPage":{"@id":"https:\/\/www.jornalja.com.br\/arquivo\/estudos-para-concessao-da-iluminacao-publica-da-capital-iniciam-em-setembro\/#mainImage"},"datePublished":"2017-08-17T13:22:03-03:00","dateModified":"2017-08-17T13:22:03-03:00"},{"@type":"WebSite","@id":"https:\/\/www.jornalja.com.br\/arquivo\/#website","url":"https:\/\/www.jornalja.com.br\/arquivo\/","name":"Arquivo","description":"Jornal J\u00c1 | Porto Alegre","inLanguage":"pt-BR","publisher":{"@id":"https:\/\/www.jornalja.com.br\/arquivo\/#organization"}}]},"og:locale":"pt_BR","og:site_name":"Arquivo | Jornal J\u00c1 | Porto Alegre","og:type":"article","og:title":"Estudos para concess\u00e3o da ilumina\u00e7\u00e3o p\u00fablica da Capital iniciam em setembro | Arquivo","og:url":"https:\/\/www.jornalja.com.br\/arquivo\/estudos-para-concessao-da-iluminacao-publica-da-capital-iniciam-em-setembro\/","og:image":"https:\/\/www.jornalja.com.br\/economics\/wp-content\/uploads\/sites\/11\/2026\/08\/ja-folhaderosto-facebook.jpg","og:image:secure_url":"https:\/\/www.jornalja.com.br\/economics\/wp-content\/uploads\/sites\/11\/2026\/08\/ja-folhaderosto-facebook.jpg","article:published_time":"2017-08-17T16:22:03+00:00","article:modified_time":"2017-08-17T16:22:03+00:00","twitter:card":"summary","twitter:title":"Estudos para concess\u00e3o da ilumina\u00e7\u00e3o p\u00fablica da Capital iniciam em setembro | Arquivo","twitter:image":"https:\/\/www.jornalja.com.br\/economics\/wp-content\/uploads\/sites\/11\/2026\/08\/ja-folhaderosto-facebook.jpg"},"aioseo_meta_data":{"post_id":"53669","title":null,"description":null,"keywords":null,"keyphrases":null,"primary_term":null,"canonical_url":null,"og_title":null,"og_description":null,"og_object_type":"default","og_image_type":"default","og_image_url":null,"og_image_width":null,"og_image_height":null,"og_image_custom_url":null,"og_image_custom_fields":null,"og_video":null,"og_custom_url":null,"og_article_section":null,"og_article_tags":null,"twitter_use_og":false,"twitter_card":"default","twitter_image_type":"default","twitter_image_url":null,"twitter_image_custom_url":null,"twitter_image_custom_fields":null,"twitter_title":null,"twitter_description":null,"schema":{"blockGraphs":[],"customGraphs":[],"default":{"data":{"Article":[],"Course":[],"Dataset":[],"FAQPage":[],"Movie":[],"Person":[],"Product":[],"ProductReview":[],"Car":[],"Recipe":[],"Service":[],"SoftwareApplication":[],"WebPage":[]},"graphName":"","isEnabled":true},"graphs":[],"defaultGraph":"","defaultPostTypeGraph":""},"schema_type":null,"schema_type_options":null,"pillar_content":false,"robots_default":true,"robots_noindex":false,"robots_noarchive":false,"robots_nosnippet":false,"robots_nofollow":false,"robots_noimageindex":false,"robots_noodp":false,"robots_notranslate":false,"robots_max_snippet":null,"robots_max_videopreview":null,"robots_max_imagepreview":"large","priority":null,"frequency":null,"location":null,"local_seo":null,"breadcrumb_settings":null,"limit_modified_date":false,"ai":null,"created":"2020-12-20 20:26:59","updated":"2025-07-20 00:19:11","seo_analyzer_scan_date":null,"focus_keyword":null,"additional_keywords":null,"truseo_locale":null},"jetpack_sharing_enabled":true,"jetpack-related-posts":[{"id":14241,"url":"https:\/\/www.jornalja.com.br\/arquivo\/o-guaiba-nas-imagens-poeticas-de-achutti\/","url_meta":{"origin":53669,"position":0},"title":"O Gua\u00edba nas imagens po\u00e9ticas de Achutti","author":"da Reda\u00e7\u00e3o","date":"18 de junho de 2014","format":false,"excerpt":"Em \u201cO Gua\u00edba por Achutti\u201d \u2013 obra financiada via Minist\u00e9rio da Cultura, produ\u00e7\u00e3o executiva de Pedro Longhi, e Fl\u00e1vio Wild como designer \u2013, o fot\u00f3grafo revela a beleza e as mazelas de um espa\u00e7o aqu\u00e1tico de \u00e1guas sempre renovadas, cheio de hist\u00f3rias e lendas como as das cidades que foram\u2026","rel":"","context":"Em &quot;Cultura-Geral&quot;","block_context":{"text":"Cultura-Geral","link":"https:\/\/www.jornalja.com.br\/arquivo\/category\/materiasecundaria\/"},"img":{"alt_text":"","src":"","width":0,"height":0},"classes":[]},{"id":13240,"url":"https:\/\/www.jornalja.com.br\/arquivo\/plano-diretor-estamos-construindo-o-caos\/","url_meta":{"origin":53669,"position":1},"title":"Plano diretor: &quot;Estamos construindo o caos&quot;","author":"Patr\u00edcia Marini","date":"26 de maio de 2014","format":false,"excerpt":"Desabafo que arquiteta Eliana Castilhos, delegada da Regi\u00e3o de Planejamento 1, postou nas redes sociais \u00e9 um testemunho do ambiente que se criou no Conselho do Plano Diretor de Porto Alegre, onde a aprova\u00e7\u00e3o de grandes empreendimentos \u00e9 empurrada guela abaixo dos conselheiros. Ao CMDUA Como delegada da Regi\u00e3o de\u2026","rel":"","context":"Em &quot;Geral&quot;","block_context":{"text":"Geral","link":"https:\/\/www.jornalja.com.br\/arquivo\/category\/geral\/"},"img":{"alt_text":"","src":"","width":0,"height":0},"classes":[]},{"id":13124,"url":"https:\/\/www.jornalja.com.br\/arquivo\/sangue-latino-no-iecine\/","url_meta":{"origin":53669,"position":2},"title":"Sangue latino no IECINE","author":"da Reda\u00e7\u00e3o","date":"18 de maio de 2014","format":false,"excerpt":"Francisco Ribeiro O Instituto Estadual de Cinema (IECINE) tem a frente, desde abril \u00faltimo, um novo diretor, o cineasta colombiano Juan Zapata, 36, que substitui Luiz Alberto Cassol. Radicado h\u00e1 dez anos em Porto Alegre, Zapata tem diante de si o desafio de conduzir at\u00e9 o final do ano um\u2026","rel":"","context":"Em &quot;Cultura-Geral&quot;","block_context":{"text":"Cultura-Geral","link":"https:\/\/www.jornalja.com.br\/arquivo\/category\/materiasecundaria\/"},"img":{"alt_text":"","src":"","width":0,"height":0},"classes":[]},{"id":1280,"url":"https:\/\/www.jornalja.com.br\/arquivo\/o-menino-que-se-tornou-brizola\/","url_meta":{"origin":53669,"position":3},"title":"O Menino que se Tornou Brizola","author":"da Reda\u00e7\u00e3o","date":"28 de julho de 2008","format":false,"excerpt":"Autor: Cleber Dioni A vida de Leonel Brizola, com \u00eanfase para os primeiros anos em Porto Alegre, at\u00e9 o ex\u00edlio no Uruguai e a volta, quinze anos depois. \u00a0\"...\u00c9ramos todos jovens e nos identific\u00e1vamos com aquela massa an\u00f4nima a percorrer as ruas de Porto Alegre, gritando 'Get\u00falio', 'Get\u00falio' e empunhando\u2026","rel":"","context":"Em &quot;Livros&quot;","block_context":{"text":"Livros","link":"https:\/\/www.jornalja.com.br\/arquivo\/category\/livros\/"},"img":{"alt_text":"","src":"https:\/\/i0.wp.com\/www.jornalja.com.br\/wp-content\/uploads\/2008\/07\/brizola.gif?resize=350%2C200&ssl=1","width":350,"height":200},"classes":[]},{"id":12960,"url":"https:\/\/www.jornalja.com.br\/arquivo\/populacao-culpa-empresas-pela-greve-dos-rodoviarios\/","url_meta":{"origin":53669,"position":4},"title":"Popula\u00e7\u00e3o culpa empresas pela greve","author":"Patr\u00edcia Marini","date":"14 de fevereiro de 2014","format":false,"excerpt":"Pesquisa divulgada na edi\u00e7\u00e3o do jornal Metro desta sexta-feira,14, comprova o velho ditado: \u00e9 poss\u00edvel enganar muitos por algum tempo, mas n\u00e3o \u00e9 poss\u00edvel enganar a todos o tempo inteiro. A principal revela\u00e7\u00e3o foi que 59,8% dos entrevistados apontaram as empresas como as principais respons\u00e1veis pela grave e 46% culparam\u2026","rel":"","context":"Em &quot;X.Categorias velhas&quot;","block_context":{"text":"X.Categorias velhas","link":"https:\/\/www.jornalja.com.br\/arquivo\/category\/x-categorias-velhas\/"},"img":{"alt_text":"","src":"","width":0,"height":0},"classes":[]},{"id":13128,"url":"https:\/\/www.jornalja.com.br\/arquivo\/maconha-terra-diz-que-uso-medicinal-e-desculpa\/","url_meta":{"origin":53669,"position":5},"title":"Maconha: Terra diz que uso medicinal \u00e9 desculpa","author":"Patr\u00edcia Marini","date":"4 de junho de 2014","format":false,"excerpt":"A condi\u00e7\u00e3o de pol\u00edtico, em \u00e9poca de campanha de campanha eleitoral, tira for\u00e7a do discurso do m\u00e9dico Osmar Terra contra a legaliza\u00e7\u00e3o da maconha. A tese dele de que a libera\u00e7\u00e3o vai ampliar exponencialmente o consumo \u00e9 discutivel, o consumo \u00e9 corrente. Mas seus alertas quanto aos riscos tem que\u2026","rel":"","context":"Em &quot;X.Categorias velhas&quot;","block_context":{"text":"X.Categorias velhas","link":"https:\/\/www.jornalja.com.br\/arquivo\/category\/x-categorias-velhas\/"},"img":{"alt_text":"","src":"","width":0,"height":0},"classes":[]}],"jetpack_shortlink":"https:\/\/wp.me\/pbQjBd-dXD","jetpack_featured_media_url":"","_links":{"self":[{"href":"https:\/\/www.jornalja.com.br\/arquivo\/wp-json\/wp\/v2\/posts\/53669","targetHints":{"allow":["GET"]}}],"collection":[{"href":"https:\/\/www.jornalja.com.br\/arquivo\/wp-json\/wp\/v2\/posts"}],"about":[{"href":"https:\/\/www.jornalja.com.br\/arquivo\/wp-json\/wp\/v2\/types\/post"}],"author":[{"embeddable":true,"href":"https:\/\/www.jornalja.com.br\/arquivo\/wp-json\/wp\/v2\/users\/4"}],"replies":[{"embeddable":true,"href":"https:\/\/www.jornalja.com.br\/arquivo\/wp-json\/wp\/v2\/comments?post=53669"}],"version-history":[{"count":0,"href":"https:\/\/www.jornalja.com.br\/arquivo\/wp-json\/wp\/v2\/posts\/53669\/revisions"}],"wp:attachment":[{"href":"https:\/\/www.jornalja.com.br\/arquivo\/wp-json\/wp\/v2\/media?parent=53669"}],"wp:term":[{"taxonomy":"category","embeddable":true,"href":"https:\/\/www.jornalja.com.br\/arquivo\/wp-json\/wp\/v2\/categories?post=53669"},{"taxonomy":"post_tag","embeddable":true,"href":"https:\/\/www.jornalja.com.br\/arquivo\/wp-json\/wp\/v2\/tags?post=53669"}],"curies":[{"name":"wp","href":"https:\/\/api.w.org\/{rel}","templated":true}]}}