{"id":53678,"date":"2017-08-17T16:59:27","date_gmt":"2017-08-17T19:59:27","guid":{"rendered":"https:\/\/www.jornalja.com.br\/?p=53678"},"modified":"2017-08-17T16:59:27","modified_gmt":"2017-08-17T19:59:27","slug":"secretario-discorda-da-revisao-do-iptu-e-se-demite-e-a-11a-queda-em-oito-meses","status":"publish","type":"post","link":"https:\/\/www.jornalja.com.br\/arquivo\/secretario-discorda-da-revisao-do-iptu-e-se-demite-e-a-11a-queda-em-oito-meses\/","title":{"rendered":"Secret\u00e1rio discorda da revis\u00e3o do IPTU e se demite. \u00c9 a 11\u00aa queda em oito meses"},"content":{"rendered":"<p>Por discordar do projeto que revisa o IPTU de Porto Alegre, o secret\u00e1rio municipal de Desenvolvimento Econ\u00f4mico, Ricardo Gomes, avisou na quarta-feira ao prefeito Nelson Marchezan J\u00fanior que ir\u00e1 deixar o cargo.<br \/>\nGomes alegou que n\u00e3o poderia atrair seus ideais liberais e apoiar projeto que ir\u00e1 trazer aumento de impostos aos contribuintes.<br \/>\n&#8220;Embora eu aceite a ideia da revis\u00e3o da planta de valores do IPTU Municipal, eu divergi do projeto que o governo encaminhou \u00e0 C\u00e2mara com rela\u00e7\u00e3o a dois aspectos fundamentais: um deles \u00e9 a exist\u00eancia de al\u00edquotas progressivas, o que trata de forma desigual os porto-alegrenses; e o segundo \u00e9 que esse projeto, depois do passar do tempo, quando ele for consolidado, ele vai representar um aumento significativo da arrecada\u00e7\u00e3o do tributo na cidade\u201d, destacou Ricardo Gomes em entrevista para a R\u00e1dio Gua\u00edba.<br \/>\nSegundo nota da Prefeitura municipal, <i>Gomes concorda com a revis\u00e3o da planta de valores do IPTU para a corre\u00e7\u00e3o de diversas distor\u00e7\u00f5es, mas por sua posi\u00e7\u00e3o sabidamente liberal se op\u00f4s \u00e0 ado\u00e7\u00e3o de al\u00edquotas progressivas, ainda que o projeto reduza a al\u00edquota atual.<\/i> <i>O aumento de arrecada\u00e7\u00e3o, mesmo que dilu\u00eddo ao longo dos pr\u00f3ximos anos, tamb\u00e9m foi objetado. Marchezan e Gomes s\u00e3o amigos h\u00e1 muitos anos, e o secret\u00e1rio reafirma que continuar\u00e1 apoiando o governo e que a gest\u00e3o est\u00e1 no caminho certo para recuperar Porto Alegre de sua crise.<\/i><\/p>\n<h1 class=\"western\"><span class=\"intertit\" style=\"font-size: medium\">Gest\u00e3o Marchezan tem 11 baixas em oito meses <\/span><\/h1>\n<p>Al\u00e9m de Ricardo Gomes, em menos de nove meses a gest\u00e3o do prefeito de Porto Alegre Nelson Marchezan J\u00fanior j\u00e1 teve outras 10 baixas em cargos importantes.<br \/>\n1 &#8211; No \u00faltimo dia nove, o diretor da Companhia de Processamento de Dados de Porto Alegre (Procempa) Michel Costa se demitiu. Ele responde sindic\u00e2ncia devido a den\u00fancia de uma reportagem que revelou Costa como s\u00f3cio da empresa que testa a instala\u00e7\u00e3o da tecnologia de GPS em \u00f4nibus da Carris e de outra respons\u00e1vel pelo plataforma do Banco de Talentos. Costa ainda presidia o Conselho de Administra\u00e7\u00e3o da Carris.<br \/>\n2 &#8211; O diretor-geral do Departamento Municipal de Limpeza Urbana (DMLU), \u00c1lvaro de Azevedo, foi afastado nem 22 de junho por suspeitas de desviar itens doados pelo TJ\/RS ao departamento municipal. A Pol\u00edcia Civil investiga o crime.<br \/>\n3 \u2013 No lugar de Azevedo, no DMLU, entrou Adenir Matos dos Santos, que deixou a diretoria apenas duas semanas depois, por motiva\u00e7\u00f5es pessoais.<br \/>\n4 \u2013 O procurador-geral do Munic\u00edpio, Bruno Miragem deixou o cargo dia 16 de junho. Saiu por raz\u00f5es pessoais, segundo a Prefeitura. Advogado e consultor jur\u00eddico, Miragem representou a Falconi em um processo de 2014, quando a Justi\u00e7a suspendeu um contrato de R$ 2 milh\u00f5es entre a empresa de consultoria e a Prefeitura de Pelotas. Em Porto Alegre, a Falconi atuou junto \u00e0 Prefeitura atrav\u00e9s da organiza\u00e7\u00e3o Comunitas, cujo contrato foi suspenso pela Justi\u00e7a.<br \/>\n5 &#8211; Kevin Krieger, coordenador da campanha vitoriosa de Marchezan, foi secret\u00e1rio de Rela\u00e7\u00f5es Institucionais e Articula\u00e7\u00e3o Pol\u00edtica e considerado bra\u00e7o direito do prefeito. Tamb\u00e9m saiu alegando motivos pessoais, em 4 de maio. Semanas antes, Krieger havia feito chegar aos jornais seu descontentamento. Estaria se sentindo escanteado.<br \/>\n6 \u2013 O diretor de Jornalismo da Prefeitura Alexandre Bach ficou apenas tr\u00eas semanas no cargo. Na sexta-feira, dia 16 de junho, pediu demiss\u00e3o. \u201cN\u00e3o houve crise alguma na minha sa\u00edda, a decis\u00e3o foi minha porque n\u00e3o consegui conciliar o trabalho na Prefeitura com a atividade que priorizei desde que sa\u00ed da RBS, a produ\u00e7\u00e3o de livros\u201d, justificou o jornalista.<br \/>\n7 \u2013 Ainda em fevereiro, a baixa foi na Carris. Ap\u00f3s 20 anos no cargo, o presidente nomeado por Marchezan pediu para sair. Lu\u00eds Fernando Ferreira tinha o perfil para a vaga: empreendedor, selecionado atrav\u00e9s do banco de talentos, especializado em gest\u00e3o de empresas em crise. Assumiu com a miss\u00e3o de reverter os maus resultados acumulados pela Carris nos \u00faltimos anos. Pediu demiss\u00e3o 20 dias depois.<br \/>\n8 &#8211; Em mar\u00e7o, o adjunto da Secretaria Municipal de Administra\u00e7\u00e3o foi demitido. Carlos Fett ocupava cargo em comiss\u00e3o desde a gest\u00e3o Fortunati. Em paralelo, atuava como pr\u00e9-reitor de assuntos institucionais do grupo Facinepe, investigado pelo Minist\u00e9rio da Educa\u00e7\u00e3o por suspeita de irregularidades em cursos de p\u00f3s-gradua\u00e7\u00e3o.<br \/>\n9 \u2013 Em 18 de julho, a procuradora-geral da Carris Jaqueline Sim\u00f5es pediu desligamento, tamb\u00e9m, por motivos pessoais.<br \/>\n10 \u2013 A chefe de gabinete de Marchezan, Neiva Dalchiavon, deixou o cargo em 1 de junho, por raz\u00f5es pessoais.<\/p>\n","protected":false},"excerpt":{"rendered":"<p>Por discordar do projeto que revisa o IPTU de Porto Alegre, o secret\u00e1rio municipal de Desenvolvimento Econ\u00f4mico, Ricardo Gomes, avisou na quarta-feira ao prefeito Nelson Marchezan J\u00fanior que ir\u00e1 deixar o cargo. Gomes alegou que n\u00e3o poderia atrair seus ideais liberais e apoiar projeto que ir\u00e1 trazer aumento de impostos aos contribuintes. &#8220;Embora eu aceite [&hellip;]<\/p>\n","protected":false},"author":4,"featured_media":53680,"comment_status":"open","ping_status":"closed","sticky":false,"template":"","format":"standard","meta":{"_jetpack_newsletter_access":"","_jetpack_dont_email_post_to_subs":false,"_jetpack_newsletter_tier_id":0,"_jetpack_memberships_contains_paywalled_content":false,"_jetpack_feature_clip_id":0,"_jetpack_memberships_contains_paid_content":false,"footnotes":"","jetpack_post_was_ever_published":false},"categories":[26],"tags":[],"class_list":["post-53678","post","type-post","status-publish","format-standard","has-post-thumbnail","hentry","category-geral"],"aioseo_notices":[],"aioseo_head":"\n\t\t<!-- All in One SEO 5.0.1.1 - aioseo.com -->\n\t<meta name=\"robots\" content=\"max-image-preview:large\" \/>\n\t<meta name=\"author\" content=\"da Reda\u00e7\u00e3o\"\/>\n\t<link rel=\"canonical\" href=\"https:\/\/www.jornalja.com.br\/arquivo\/secretario-discorda-da-revisao-do-iptu-e-se-demite-e-a-11a-queda-em-oito-meses\/\" \/>\n\t<meta name=\"generator\" content=\"All in One SEO (AIOSEO) 5.0.1.1\" \/>\n\t\t<meta property=\"og:locale\" content=\"pt_BR\" \/>\n\t\t<meta property=\"og:site_name\" content=\"Arquivo | Jornal J\u00c1 | Porto Alegre\" \/>\n\t\t<meta property=\"og:type\" content=\"article\" \/>\n\t\t<meta property=\"og:title\" content=\"Secret\u00e1rio discorda da revis\u00e3o do IPTU e se demite. \u00c9 a 11\u00aa queda em oito meses | Arquivo\" \/>\n\t\t<meta property=\"og:url\" content=\"https:\/\/www.jornalja.com.br\/arquivo\/secretario-discorda-da-revisao-do-iptu-e-se-demite-e-a-11a-queda-em-oito-meses\/\" \/>\n\t\t<meta property=\"og:image\" content=\"https:\/\/www.jornalja.com.br\/economics\/wp-content\/uploads\/sites\/11\/2026\/08\/ja-folhaderosto-facebook.jpg\" \/>\n\t\t<meta property=\"og:image:secure_url\" content=\"https:\/\/www.jornalja.com.br\/economics\/wp-content\/uploads\/sites\/11\/2026\/08\/ja-folhaderosto-facebook.jpg\" \/>\n\t\t<meta property=\"article:published_time\" content=\"2017-08-17T19:59:27+00:00\" \/>\n\t\t<meta property=\"article:modified_time\" content=\"2017-08-17T19:59:27+00:00\" \/>\n\t\t<meta name=\"twitter:card\" content=\"summary\" \/>\n\t\t<meta name=\"twitter:title\" content=\"Secret\u00e1rio discorda da revis\u00e3o do IPTU e se demite. \u00c9 a 11\u00aa queda em oito meses | Arquivo\" \/>\n\t\t<meta name=\"twitter:image\" content=\"https:\/\/www.jornalja.com.br\/economics\/wp-content\/uploads\/sites\/11\/2026\/08\/ja-folhaderosto-facebook.jpg\" \/>\n\t\t<script type=\"application\/ld+json\" class=\"aioseo-schema\">\n\t\t\t{\"@context\":\"https:\\\/\\\/schema.org\",\"@graph\":[{\"@type\":\"BlogPosting\",\"@id\":\"https:\\\/\\\/www.jornalja.com.br\\\/arquivo\\\/secretario-discorda-da-revisao-do-iptu-e-se-demite-e-a-11a-queda-em-oito-meses\\\/#blogposting\",\"name\":\"Secret\\u00e1rio discorda da revis\\u00e3o do IPTU e se demite. \\u00c9 a 11\\u00aa queda em oito meses | Arquivo\",\"headline\":\"Secret\\u00e1rio discorda da revis\\u00e3o do IPTU e se demite. \\u00c9 a 11\\u00aa queda em oito meses\",\"author\":{\"@id\":\"https:\\\/\\\/www.jornalja.com.br\\\/arquivo\\\/author\\\/daredacao\\\/#author\"},\"publisher\":{\"@id\":\"https:\\\/\\\/www.jornalja.com.br\\\/arquivo\\\/#organization\"},\"image\":{\"@type\":\"ImageObject\",\"url\":53680},\"datePublished\":\"2017-08-17T16:59:27-03:00\",\"dateModified\":\"2017-08-17T16:59:27-03:00\",\"inLanguage\":\"pt-BR\",\"mainEntityOfPage\":{\"@id\":\"https:\\\/\\\/www.jornalja.com.br\\\/arquivo\\\/secretario-discorda-da-revisao-do-iptu-e-se-demite-e-a-11a-queda-em-oito-meses\\\/#webpage\"},\"isPartOf\":{\"@id\":\"https:\\\/\\\/www.jornalja.com.br\\\/arquivo\\\/secretario-discorda-da-revisao-do-iptu-e-se-demite-e-a-11a-queda-em-oito-meses\\\/#webpage\"},\"articleSection\":\"Geral\"},{\"@type\":\"BreadcrumbList\",\"@id\":\"https:\\\/\\\/www.jornalja.com.br\\\/arquivo\\\/secretario-discorda-da-revisao-do-iptu-e-se-demite-e-a-11a-queda-em-oito-meses\\\/#breadcrumblist\",\"itemListElement\":[{\"@type\":\"ListItem\",\"@id\":\"https:\\\/\\\/www.jornalja.com.br\\\/arquivo#listItem\",\"position\":1,\"name\":\"Home\",\"item\":\"https:\\\/\\\/www.jornalja.com.br\\\/arquivo\",\"nextItem\":{\"@type\":\"ListItem\",\"@id\":\"https:\\\/\\\/www.jornalja.com.br\\\/arquivo\\\/category\\\/geral\\\/#listItem\",\"name\":\"Geral\"}},{\"@type\":\"ListItem\",\"@id\":\"https:\\\/\\\/www.jornalja.com.br\\\/arquivo\\\/category\\\/geral\\\/#listItem\",\"position\":2,\"name\":\"Geral\",\"item\":\"https:\\\/\\\/www.jornalja.com.br\\\/arquivo\\\/category\\\/geral\\\/\",\"nextItem\":{\"@type\":\"ListItem\",\"@id\":\"https:\\\/\\\/www.jornalja.com.br\\\/arquivo\\\/secretario-discorda-da-revisao-do-iptu-e-se-demite-e-a-11a-queda-em-oito-meses\\\/#listItem\",\"name\":\"Secret\\u00e1rio discorda da revis\\u00e3o do IPTU e se demite. \\u00c9 a 11\\u00aa queda em oito meses\"},\"previousItem\":{\"@type\":\"ListItem\",\"@id\":\"https:\\\/\\\/www.jornalja.com.br\\\/arquivo#listItem\",\"name\":\"Home\"}},{\"@type\":\"ListItem\",\"@id\":\"https:\\\/\\\/www.jornalja.com.br\\\/arquivo\\\/secretario-discorda-da-revisao-do-iptu-e-se-demite-e-a-11a-queda-em-oito-meses\\\/#listItem\",\"position\":3,\"name\":\"Secret\\u00e1rio discorda da revis\\u00e3o do IPTU e se demite. \\u00c9 a 11\\u00aa queda em oito meses\",\"previousItem\":{\"@type\":\"ListItem\",\"@id\":\"https:\\\/\\\/www.jornalja.com.br\\\/arquivo\\\/category\\\/geral\\\/#listItem\",\"name\":\"Geral\"}}]},{\"@type\":\"Organization\",\"@id\":\"https:\\\/\\\/www.jornalja.com.br\\\/arquivo\\\/#organization\",\"name\":\"Jornal J\\u00c1\",\"description\":\"Jornal J\\u00c1 | Porto Alegre\",\"url\":\"https:\\\/\\\/www.jornalja.com.br\\\/arquivo\\\/\",\"telephone\":\"+555133307272\",\"logo\":{\"@type\":\"ImageObject\",\"url\":\"https:\\\/\\\/www.jornalja.com.br\\\/wp-content\\\/uploads\\\/cards\\\/JAslogan.png\",\"@id\":\"https:\\\/\\\/www.jornalja.com.br\\\/arquivo\\\/secretario-discorda-da-revisao-do-iptu-e-se-demite-e-a-11a-queda-em-oito-meses\\\/#organizationLogo\"},\"image\":{\"@id\":\"https:\\\/\\\/www.jornalja.com.br\\\/arquivo\\\/secretario-discorda-da-revisao-do-iptu-e-se-demite-e-a-11a-queda-em-oito-meses\\\/#organizationLogo\"}},{\"@type\":\"Person\",\"@id\":\"https:\\\/\\\/www.jornalja.com.br\\\/arquivo\\\/author\\\/daredacao\\\/#author\",\"url\":\"https:\\\/\\\/www.jornalja.com.br\\\/arquivo\\\/author\\\/daredacao\\\/\",\"name\":\"da Reda\\u00e7\\u00e3o\",\"image\":{\"@type\":\"ImageObject\",\"@id\":\"https:\\\/\\\/www.jornalja.com.br\\\/arquivo\\\/secretario-discorda-da-revisao-do-iptu-e-se-demite-e-a-11a-queda-em-oito-meses\\\/#authorImage\",\"url\":\"https:\\\/\\\/secure.gravatar.com\\\/avatar\\\/469fd857d6605ad19919d27ed29d35a968a25f6e8fd9318356bbb7f57aae9c65?s=96&d=mm&r=g\",\"width\":96,\"height\":96,\"caption\":\"da Reda\\u00e7\\u00e3o\"}},{\"@type\":\"WebPage\",\"@id\":\"https:\\\/\\\/www.jornalja.com.br\\\/arquivo\\\/secretario-discorda-da-revisao-do-iptu-e-se-demite-e-a-11a-queda-em-oito-meses\\\/#webpage\",\"url\":\"https:\\\/\\\/www.jornalja.com.br\\\/arquivo\\\/secretario-discorda-da-revisao-do-iptu-e-se-demite-e-a-11a-queda-em-oito-meses\\\/\",\"name\":\"Secret\\u00e1rio discorda da revis\\u00e3o do IPTU e se demite. \\u00c9 a 11\\u00aa queda em oito meses | Arquivo\",\"inLanguage\":\"pt-BR\",\"isPartOf\":{\"@id\":\"https:\\\/\\\/www.jornalja.com.br\\\/arquivo\\\/#website\"},\"breadcrumb\":{\"@id\":\"https:\\\/\\\/www.jornalja.com.br\\\/arquivo\\\/secretario-discorda-da-revisao-do-iptu-e-se-demite-e-a-11a-queda-em-oito-meses\\\/#breadcrumblist\"},\"author\":{\"@id\":\"https:\\\/\\\/www.jornalja.com.br\\\/arquivo\\\/author\\\/daredacao\\\/#author\"},\"creator\":{\"@id\":\"https:\\\/\\\/www.jornalja.com.br\\\/arquivo\\\/author\\\/daredacao\\\/#author\"},\"image\":{\"@type\":\"ImageObject\",\"url\":53680,\"@id\":\"https:\\\/\\\/www.jornalja.com.br\\\/arquivo\\\/secretario-discorda-da-revisao-do-iptu-e-se-demite-e-a-11a-queda-em-oito-meses\\\/#mainImage\"},\"primaryImageOfPage\":{\"@id\":\"https:\\\/\\\/www.jornalja.com.br\\\/arquivo\\\/secretario-discorda-da-revisao-do-iptu-e-se-demite-e-a-11a-queda-em-oito-meses\\\/#mainImage\"},\"datePublished\":\"2017-08-17T16:59:27-03:00\",\"dateModified\":\"2017-08-17T16:59:27-03:00\"},{\"@type\":\"WebSite\",\"@id\":\"https:\\\/\\\/www.jornalja.com.br\\\/arquivo\\\/#website\",\"url\":\"https:\\\/\\\/www.jornalja.com.br\\\/arquivo\\\/\",\"name\":\"Arquivo\",\"description\":\"Jornal J\\u00c1 | Porto Alegre\",\"inLanguage\":\"pt-BR\",\"publisher\":{\"@id\":\"https:\\\/\\\/www.jornalja.com.br\\\/arquivo\\\/#organization\"}}]}\n\t\t<\/script>\n\t\t<!-- All in One SEO -->\n\n","aioseo_head_json":{"title":"Secret\u00e1rio discorda da revis\u00e3o do IPTU e se demite. \u00c9 a 11\u00aa queda em oito meses | Arquivo","description":"","canonical_url":"https:\/\/www.jornalja.com.br\/arquivo\/secretario-discorda-da-revisao-do-iptu-e-se-demite-e-a-11a-queda-em-oito-meses\/","robots":"max-image-preview:large","keywords":"","webmasterTools":{"miscellaneous":""},"schema":{"@context":"https:\/\/schema.org","@graph":[{"@type":"BlogPosting","@id":"https:\/\/www.jornalja.com.br\/arquivo\/secretario-discorda-da-revisao-do-iptu-e-se-demite-e-a-11a-queda-em-oito-meses\/#blogposting","name":"Secret\u00e1rio discorda da revis\u00e3o do IPTU e se demite. \u00c9 a 11\u00aa queda em oito meses | Arquivo","headline":"Secret\u00e1rio discorda da revis\u00e3o do IPTU e se demite. \u00c9 a 11\u00aa queda em oito meses","author":{"@id":"https:\/\/www.jornalja.com.br\/arquivo\/author\/daredacao\/#author"},"publisher":{"@id":"https:\/\/www.jornalja.com.br\/arquivo\/#organization"},"image":{"@type":"ImageObject","url":53680},"datePublished":"2017-08-17T16:59:27-03:00","dateModified":"2017-08-17T16:59:27-03:00","inLanguage":"pt-BR","mainEntityOfPage":{"@id":"https:\/\/www.jornalja.com.br\/arquivo\/secretario-discorda-da-revisao-do-iptu-e-se-demite-e-a-11a-queda-em-oito-meses\/#webpage"},"isPartOf":{"@id":"https:\/\/www.jornalja.com.br\/arquivo\/secretario-discorda-da-revisao-do-iptu-e-se-demite-e-a-11a-queda-em-oito-meses\/#webpage"},"articleSection":"Geral"},{"@type":"BreadcrumbList","@id":"https:\/\/www.jornalja.com.br\/arquivo\/secretario-discorda-da-revisao-do-iptu-e-se-demite-e-a-11a-queda-em-oito-meses\/#breadcrumblist","itemListElement":[{"@type":"ListItem","@id":"https:\/\/www.jornalja.com.br\/arquivo#listItem","position":1,"name":"Home","item":"https:\/\/www.jornalja.com.br\/arquivo","nextItem":{"@type":"ListItem","@id":"https:\/\/www.jornalja.com.br\/arquivo\/category\/geral\/#listItem","name":"Geral"}},{"@type":"ListItem","@id":"https:\/\/www.jornalja.com.br\/arquivo\/category\/geral\/#listItem","position":2,"name":"Geral","item":"https:\/\/www.jornalja.com.br\/arquivo\/category\/geral\/","nextItem":{"@type":"ListItem","@id":"https:\/\/www.jornalja.com.br\/arquivo\/secretario-discorda-da-revisao-do-iptu-e-se-demite-e-a-11a-queda-em-oito-meses\/#listItem","name":"Secret\u00e1rio discorda da revis\u00e3o do IPTU e se demite. \u00c9 a 11\u00aa queda em oito meses"},"previousItem":{"@type":"ListItem","@id":"https:\/\/www.jornalja.com.br\/arquivo#listItem","name":"Home"}},{"@type":"ListItem","@id":"https:\/\/www.jornalja.com.br\/arquivo\/secretario-discorda-da-revisao-do-iptu-e-se-demite-e-a-11a-queda-em-oito-meses\/#listItem","position":3,"name":"Secret\u00e1rio discorda da revis\u00e3o do IPTU e se demite. \u00c9 a 11\u00aa queda em oito meses","previousItem":{"@type":"ListItem","@id":"https:\/\/www.jornalja.com.br\/arquivo\/category\/geral\/#listItem","name":"Geral"}}]},{"@type":"Organization","@id":"https:\/\/www.jornalja.com.br\/arquivo\/#organization","name":"Jornal J\u00c1","description":"Jornal J\u00c1 | Porto Alegre","url":"https:\/\/www.jornalja.com.br\/arquivo\/","telephone":"+555133307272","logo":{"@type":"ImageObject","url":"https:\/\/www.jornalja.com.br\/wp-content\/uploads\/cards\/JAslogan.png","@id":"https:\/\/www.jornalja.com.br\/arquivo\/secretario-discorda-da-revisao-do-iptu-e-se-demite-e-a-11a-queda-em-oito-meses\/#organizationLogo"},"image":{"@id":"https:\/\/www.jornalja.com.br\/arquivo\/secretario-discorda-da-revisao-do-iptu-e-se-demite-e-a-11a-queda-em-oito-meses\/#organizationLogo"}},{"@type":"Person","@id":"https:\/\/www.jornalja.com.br\/arquivo\/author\/daredacao\/#author","url":"https:\/\/www.jornalja.com.br\/arquivo\/author\/daredacao\/","name":"da Reda\u00e7\u00e3o","image":{"@type":"ImageObject","@id":"https:\/\/www.jornalja.com.br\/arquivo\/secretario-discorda-da-revisao-do-iptu-e-se-demite-e-a-11a-queda-em-oito-meses\/#authorImage","url":"https:\/\/secure.gravatar.com\/avatar\/469fd857d6605ad19919d27ed29d35a968a25f6e8fd9318356bbb7f57aae9c65?s=96&d=mm&r=g","width":96,"height":96,"caption":"da Reda\u00e7\u00e3o"}},{"@type":"WebPage","@id":"https:\/\/www.jornalja.com.br\/arquivo\/secretario-discorda-da-revisao-do-iptu-e-se-demite-e-a-11a-queda-em-oito-meses\/#webpage","url":"https:\/\/www.jornalja.com.br\/arquivo\/secretario-discorda-da-revisao-do-iptu-e-se-demite-e-a-11a-queda-em-oito-meses\/","name":"Secret\u00e1rio discorda da revis\u00e3o do IPTU e se demite. \u00c9 a 11\u00aa queda em oito meses | Arquivo","inLanguage":"pt-BR","isPartOf":{"@id":"https:\/\/www.jornalja.com.br\/arquivo\/#website"},"breadcrumb":{"@id":"https:\/\/www.jornalja.com.br\/arquivo\/secretario-discorda-da-revisao-do-iptu-e-se-demite-e-a-11a-queda-em-oito-meses\/#breadcrumblist"},"author":{"@id":"https:\/\/www.jornalja.com.br\/arquivo\/author\/daredacao\/#author"},"creator":{"@id":"https:\/\/www.jornalja.com.br\/arquivo\/author\/daredacao\/#author"},"image":{"@type":"ImageObject","url":53680,"@id":"https:\/\/www.jornalja.com.br\/arquivo\/secretario-discorda-da-revisao-do-iptu-e-se-demite-e-a-11a-queda-em-oito-meses\/#mainImage"},"primaryImageOfPage":{"@id":"https:\/\/www.jornalja.com.br\/arquivo\/secretario-discorda-da-revisao-do-iptu-e-se-demite-e-a-11a-queda-em-oito-meses\/#mainImage"},"datePublished":"2017-08-17T16:59:27-03:00","dateModified":"2017-08-17T16:59:27-03:00"},{"@type":"WebSite","@id":"https:\/\/www.jornalja.com.br\/arquivo\/#website","url":"https:\/\/www.jornalja.com.br\/arquivo\/","name":"Arquivo","description":"Jornal J\u00c1 | Porto Alegre","inLanguage":"pt-BR","publisher":{"@id":"https:\/\/www.jornalja.com.br\/arquivo\/#organization"}}]},"og:locale":"pt_BR","og:site_name":"Arquivo | Jornal J\u00c1 | Porto Alegre","og:type":"article","og:title":"Secret\u00e1rio discorda da revis\u00e3o do IPTU e se demite. \u00c9 a 11\u00aa queda em oito meses | Arquivo","og:url":"https:\/\/www.jornalja.com.br\/arquivo\/secretario-discorda-da-revisao-do-iptu-e-se-demite-e-a-11a-queda-em-oito-meses\/","og:image":"https:\/\/www.jornalja.com.br\/economics\/wp-content\/uploads\/sites\/11\/2026\/08\/ja-folhaderosto-facebook.jpg","og:image:secure_url":"https:\/\/www.jornalja.com.br\/economics\/wp-content\/uploads\/sites\/11\/2026\/08\/ja-folhaderosto-facebook.jpg","article:published_time":"2017-08-17T19:59:27+00:00","article:modified_time":"2017-08-17T19:59:27+00:00","twitter:card":"summary","twitter:title":"Secret\u00e1rio discorda da revis\u00e3o do IPTU e se demite. \u00c9 a 11\u00aa queda em oito meses | Arquivo","twitter:image":"https:\/\/www.jornalja.com.br\/economics\/wp-content\/uploads\/sites\/11\/2026\/08\/ja-folhaderosto-facebook.jpg"},"aioseo_meta_data":{"post_id":"53678","title":null,"description":null,"keywords":null,"keyphrases":null,"primary_term":null,"canonical_url":null,"og_title":null,"og_description":null,"og_object_type":"default","og_image_type":"default","og_image_url":null,"og_image_width":null,"og_image_height":null,"og_image_custom_url":null,"og_image_custom_fields":null,"og_video":null,"og_custom_url":null,"og_article_section":null,"og_article_tags":null,"twitter_use_og":false,"twitter_card":"default","twitter_image_type":"default","twitter_image_url":null,"twitter_image_custom_url":null,"twitter_image_custom_fields":null,"twitter_title":null,"twitter_description":null,"schema":{"blockGraphs":[],"customGraphs":[],"default":{"data":{"Article":[],"Course":[],"Dataset":[],"FAQPage":[],"Movie":[],"Person":[],"Product":[],"ProductReview":[],"Car":[],"Recipe":[],"Service":[],"SoftwareApplication":[],"WebPage":[]},"graphName":"","isEnabled":true},"graphs":[],"defaultGraph":"","defaultPostTypeGraph":""},"schema_type":null,"schema_type_options":null,"pillar_content":false,"robots_default":true,"robots_noindex":false,"robots_noarchive":false,"robots_nosnippet":false,"robots_nofollow":false,"robots_noimageindex":false,"robots_noodp":false,"robots_notranslate":false,"robots_max_snippet":null,"robots_max_videopreview":null,"robots_max_imagepreview":"large","priority":null,"frequency":null,"location":null,"local_seo":null,"breadcrumb_settings":null,"limit_modified_date":false,"ai":null,"created":"2020-12-20 20:26:59","updated":"2025-07-20 00:19:58","seo_analyzer_scan_date":null,"focus_keyword":null,"additional_keywords":null,"truseo_locale":null},"jetpack_sharing_enabled":true,"jetpack-related-posts":[{"id":13240,"url":"https:\/\/www.jornalja.com.br\/arquivo\/plano-diretor-estamos-construindo-o-caos\/","url_meta":{"origin":53678,"position":0},"title":"Plano diretor: &quot;Estamos construindo o caos&quot;","author":"Patr\u00edcia Marini","date":"26 de maio de 2014","format":false,"excerpt":"Desabafo que arquiteta Eliana Castilhos, delegada da Regi\u00e3o de Planejamento 1, postou nas redes sociais \u00e9 um testemunho do ambiente que se criou no Conselho do Plano Diretor de Porto Alegre, onde a aprova\u00e7\u00e3o de grandes empreendimentos \u00e9 empurrada guela abaixo dos conselheiros. Ao CMDUA Como delegada da Regi\u00e3o de\u2026","rel":"","context":"Em &quot;Geral&quot;","block_context":{"text":"Geral","link":"https:\/\/www.jornalja.com.br\/arquivo\/category\/geral\/"},"img":{"alt_text":"","src":"","width":0,"height":0},"classes":[]},{"id":14241,"url":"https:\/\/www.jornalja.com.br\/arquivo\/o-guaiba-nas-imagens-poeticas-de-achutti\/","url_meta":{"origin":53678,"position":1},"title":"O Gua\u00edba nas imagens po\u00e9ticas de Achutti","author":"da Reda\u00e7\u00e3o","date":"18 de junho de 2014","format":false,"excerpt":"Em \u201cO Gua\u00edba por Achutti\u201d \u2013 obra financiada via Minist\u00e9rio da Cultura, produ\u00e7\u00e3o executiva de Pedro Longhi, e Fl\u00e1vio Wild como designer \u2013, o fot\u00f3grafo revela a beleza e as mazelas de um espa\u00e7o aqu\u00e1tico de \u00e1guas sempre renovadas, cheio de hist\u00f3rias e lendas como as das cidades que foram\u2026","rel":"","context":"Em &quot;Cultura-Geral&quot;","block_context":{"text":"Cultura-Geral","link":"https:\/\/www.jornalja.com.br\/arquivo\/category\/materiasecundaria\/"},"img":{"alt_text":"","src":"","width":0,"height":0},"classes":[]},{"id":13124,"url":"https:\/\/www.jornalja.com.br\/arquivo\/sangue-latino-no-iecine\/","url_meta":{"origin":53678,"position":2},"title":"Sangue latino no IECINE","author":"da Reda\u00e7\u00e3o","date":"18 de maio de 2014","format":false,"excerpt":"Francisco Ribeiro O Instituto Estadual de Cinema (IECINE) tem a frente, desde abril \u00faltimo, um novo diretor, o cineasta colombiano Juan Zapata, 36, que substitui Luiz Alberto Cassol. Radicado h\u00e1 dez anos em Porto Alegre, Zapata tem diante de si o desafio de conduzir at\u00e9 o final do ano um\u2026","rel":"","context":"Em &quot;Cultura-Geral&quot;","block_context":{"text":"Cultura-Geral","link":"https:\/\/www.jornalja.com.br\/arquivo\/category\/materiasecundaria\/"},"img":{"alt_text":"","src":"","width":0,"height":0},"classes":[]},{"id":5440,"url":"https:\/\/www.jornalja.com.br\/arquivo\/casarao-da-venancio-destino-permanece-incerto\/","url_meta":{"origin":53678,"position":3},"title":"Estado ainda n\u00e3o sabe o que fazer com casar\u00e3o abandonado h\u00e1 20 anos","author":"Elmar Bones","date":"6 de julho de 2009","format":false,"excerpt":"O casar\u00e3o amarelo, numa esquina nobre de Porto Alegre (Ven\u00e2ncio Aires com Jo\u00e3o Pessoa), j\u00e1 abrigou uma escola. H\u00e1 duas d\u00e9cadas, pelo menos, est\u00e1 abandonado, porque seu propriet\u00e1rio, o governo do Estado do Rio Grande do Sul, n\u00e3o consegue achar um destino para ele. Planos n\u00e3o faltaram. O governador Ol\u00edvio\u2026","rel":"","context":"Em &quot;X.Categorias velhas&quot;","block_context":{"text":"X.Categorias velhas","link":"https:\/\/www.jornalja.com.br\/arquivo\/category\/x-categorias-velhas\/"},"img":{"alt_text":"geraldo1","src":"https:\/\/i0.wp.com\/www.jornalja.com.br\/wp-content\/uploads\/2009\/07\/geraldo1.jpg?resize=350%2C200&ssl=1","width":350,"height":200},"classes":[]},{"id":13101,"url":"https:\/\/www.jornalja.com.br\/arquivo\/morre-um-guerreiro-do-texto\/","url_meta":{"origin":53678,"position":4},"title":"Morre um guerreiro do texto","author":"Patr\u00edcia Marini","date":"14 de maio de 2014","format":false,"excerpt":"Por Ricardo Kotscho Reproduzido do blog do autor, 11\/5\/2014; t\u00edtulo original \u201cE l\u00e1 se foi o nosso Myltainho, guerreiro do texto\u201d. Mi\u00fado e franzino, meu amigo Myltainho era um valente e inconformado guerreiro na luta contra as injusti\u00e7as sociais, a hipocrisia, as maracutaias, o autoritarismo, a intoler\u00e2ncia, a viol\u00eancia, o\u2026","rel":"","context":"Em &quot;Geral&quot;","block_context":{"text":"Geral","link":"https:\/\/www.jornalja.com.br\/arquivo\/category\/geral\/"},"img":{"alt_text":"","src":"","width":0,"height":0},"classes":[]},{"id":1280,"url":"https:\/\/www.jornalja.com.br\/arquivo\/o-menino-que-se-tornou-brizola\/","url_meta":{"origin":53678,"position":5},"title":"O Menino que se Tornou Brizola","author":"da Reda\u00e7\u00e3o","date":"28 de julho de 2008","format":false,"excerpt":"Autor: Cleber Dioni A vida de Leonel Brizola, com \u00eanfase para os primeiros anos em Porto Alegre, at\u00e9 o ex\u00edlio no Uruguai e a volta, quinze anos depois. \u00a0\"...\u00c9ramos todos jovens e nos identific\u00e1vamos com aquela massa an\u00f4nima a percorrer as ruas de Porto Alegre, gritando 'Get\u00falio', 'Get\u00falio' e empunhando\u2026","rel":"","context":"Em &quot;Livros&quot;","block_context":{"text":"Livros","link":"https:\/\/www.jornalja.com.br\/arquivo\/category\/livros\/"},"img":{"alt_text":"","src":"https:\/\/i0.wp.com\/www.jornalja.com.br\/wp-content\/uploads\/2008\/07\/brizola.gif?resize=350%2C200&ssl=1","width":350,"height":200},"classes":[]}],"jetpack_shortlink":"https:\/\/wp.me\/pbQjBd-dXM","jetpack_featured_media_url":"","_links":{"self":[{"href":"https:\/\/www.jornalja.com.br\/arquivo\/wp-json\/wp\/v2\/posts\/53678","targetHints":{"allow":["GET"]}}],"collection":[{"href":"https:\/\/www.jornalja.com.br\/arquivo\/wp-json\/wp\/v2\/posts"}],"about":[{"href":"https:\/\/www.jornalja.com.br\/arquivo\/wp-json\/wp\/v2\/types\/post"}],"author":[{"embeddable":true,"href":"https:\/\/www.jornalja.com.br\/arquivo\/wp-json\/wp\/v2\/users\/4"}],"replies":[{"embeddable":true,"href":"https:\/\/www.jornalja.com.br\/arquivo\/wp-json\/wp\/v2\/comments?post=53678"}],"version-history":[{"count":0,"href":"https:\/\/www.jornalja.com.br\/arquivo\/wp-json\/wp\/v2\/posts\/53678\/revisions"}],"wp:attachment":[{"href":"https:\/\/www.jornalja.com.br\/arquivo\/wp-json\/wp\/v2\/media?parent=53678"}],"wp:term":[{"taxonomy":"category","embeddable":true,"href":"https:\/\/www.jornalja.com.br\/arquivo\/wp-json\/wp\/v2\/categories?post=53678"},{"taxonomy":"post_tag","embeddable":true,"href":"https:\/\/www.jornalja.com.br\/arquivo\/wp-json\/wp\/v2\/tags?post=53678"}],"curies":[{"name":"wp","href":"https:\/\/api.w.org\/{rel}","templated":true}]}}