{"id":53683,"date":"2017-08-17T17:28:54","date_gmt":"2017-08-17T20:28:54","guid":{"rendered":"https:\/\/www.jornalja.com.br\/?p=53683"},"modified":"2017-08-17T17:28:54","modified_gmt":"2017-08-17T20:28:54","slug":"justica-catarinense-barra-projeto-imobiliario-em-area-de-preservacao-no-sul-do-estado","status":"publish","type":"post","link":"https:\/\/www.jornalja.com.br\/arquivo\/justica-catarinense-barra-projeto-imobiliario-em-area-de-preservacao-no-sul-do-estado\/","title":{"rendered":"Justi\u00e7a catarinense barra projeto imobili\u00e1rio em \u00e1rea de preserva\u00e7\u00e3o"},"content":{"rendered":"<p>O Minist\u00e9rio P\u00fablico de Santa Catarina (MP\/SC) conseguiu na Justi\u00e7a restabelecer a prote\u00e7\u00e3o do meio ambiente em Paulo Lopes.<br \/>\nO projeto Porto Baleia n\u00e3o pode ser executado e o Mosaico de Unidades de Conserva\u00e7\u00e3o da Serra do Tabuleiro voltou \u00e0 condi\u00e7\u00e3o de parque.<br \/>\nAs decis\u00f5es liminares do Ju\u00edzo de Garopaba atenderam integralmente os pedidos propostos em a\u00e7\u00e3o civil p\u00fablica ajuizada pelo MP\/SC.<br \/>\nNa a\u00e7\u00e3o, o Promotor de Justi\u00e7a Jos\u00e9 Eduardo Cardoso, titular da Promotoria que atua na \u00e1rea do meio ambiente no \u00e2mbito territorial do Parque Estadual da Serra do Tabuleiro, demonstrou o forte impacto negativo ambiental que o local, composto de dunas, restingas, \u00e1reas alagadas, nascentes, rios e uma grande lagoa, sofreria com a implementa\u00e7\u00e3o do projeto.<br \/>\nO empreendimento Porto Baleia, da empresa Agroland Agroflorestal e Mecanismos de Desenvolvimento Limpo Ltda, prev\u00ea a constru\u00e7\u00e3o de 2,8 mil unidades residenciais, 721 quartos de hotel e 1,8 mil salas comerciais. O fluxo di\u00e1rio de pessoas previsto, sem contar visitantes e prestadores de servi\u00e7o, \u00e9 de mais de 15 mil pessoas.<br \/>\nDocumentos apresentados pelo MP\/SC, como o da Funda\u00e7\u00e3o do Meio Ambiente (FATMA), que negou o pedido de licenciamento da empresa Agroland, mostram que qualquer empreendimento urban\u00edstico naquela \u00e1rea, que agora voltou a pertencer ao Parque Estadual da Serra do Tabuleiro, comprometeria outras APAs (\u00c1reas de Prote\u00e7\u00e3o Ambiental), como a APA da Baleia Franca.<br \/>\nO laudo t\u00e9cnico do Centro de Apoio de Informa\u00e7\u00f5es T\u00e9cnicas e pesquisas (CAT), que tamb\u00e9m foi apresentado pelo MP\/SC, aponta que as caracter\u00edsticas geol\u00f3gicas, geomorfol\u00f3gicas conferem \u00e0 \u00e1rea em quest\u00e3o condicionantes ambientais que imp\u00f5em diversas restri\u00e7\u00f5es de uso.<br \/>\n&#8220;N\u00e3o h\u00e1 d\u00favidas da relev\u00e2ncia ambiental da \u00e1rea, que possui \u00e1reas de prote\u00e7\u00e3o permanente, como dunas, encostas de lagoas, rios, mangues, restinga, esp\u00e9cies de animais de extin\u00e7\u00e3o. Esses fatos s\u00e3o suficientes e justificam a m\u00e1xima prote\u00e7\u00e3o \u00e0 aquela \u00e1rea, do qual deveria, a meu sentir, ser mantida no Parque Estadual da Serra do Tabuleiro&#8221;, escreveu a Ju\u00edza Elaine Cristina de Souza Freitas na decis\u00e3o.<br \/>\nCom a promulga\u00e7\u00e3o da lei estadual16.661\/2009, a \u00e1rea questionada na a\u00e7\u00e3o proposta pelo Minist\u00e9rio P\u00fablico, que integrava o parque estadual, foi recategorizada como \u00c1rea de Prote\u00e7\u00e3o Ambiental (APA). Os parques estaduais apenas autorizam o uso indireto dos recursos naturais; j\u00e1 as APAs autorizam a ocupa\u00e7\u00e3o da \u00e1rea, desde que assegurada a sustentabilidade dos seus recursos naturais e a prote\u00e7\u00e3o a biodiversidade. A decis\u00e3o judicial, portanto, corrigiu o erro e voltou a conferir maior prote\u00e7\u00e3o ao meio ambiente.<br \/>\n<figure id=\"attachment_53689\" aria-describedby=\"caption-attachment-53689\" style=\"width: 434px\" class=\"wp-caption alignnone\"><img loading=\"lazy\" decoding=\"async\" class=\"wp-image-53689 size-full\" src=\"https:\/\/www.jornalja.com.br\/wp-content\/uploads\/2017\/08\/downloadjpg.png\" alt=\"\" width=\"434\" height=\"248\" \/><figcaption id=\"caption-attachment-53689\" class=\"wp-caption-text\">\u00c1rea com campo de dunas envolto de restinga voltou a ter restri\u00e7\u00f5es ambientais\/MP\/SC Divulga\u00e7\u00e3o<\/figcaption><\/figure><br \/>\n<span class=\"intertit\">Mosaico volta \u00e0 condi\u00e7\u00e3o de parque<\/span><br \/>\nA pedido do MPSC, a Ju\u00edza tamb\u00e9m determinou via liminar que o Mosaico de Unidades de Conserva\u00e7\u00e3o da Serra do Tabuleiro volte \u00e0 condi\u00e7\u00e3o de parque. Ela suspendeu, ent\u00e3o, os artigos 4\u00ba, inciso IV, 16, 17, 18 e 19 da Lei estadual n. 16.661\/2009, dispositivos que transformaram aquela parte do parque estadual em \u00c1rea de Prote\u00e7\u00e3o Ambiental (APA). Os efeitos das Leis municipais de Paulo Lopes n. 30\/2010 e 31\/2010, que tornaram a \u00e1rea em quest\u00e3o em \u00e1rea urbana, tamb\u00e9m foram suspensos.<br \/>\nDessa forma, a \u00e1rea, objeto da a\u00e7\u00e3o, volta a ser denominada de Parque Estadual, impossibilitando qualquer atividade direta sem autoriza\u00e7\u00e3o do gestor do parque.<br \/>\n&#8220;O que fez o munic\u00edpio de Paulo Lopes vai de encontro com todas as normas ambientais, j\u00e1 que sem qualquer limita\u00e7\u00e3o, ou mesmo sem regra de ocupa\u00e7\u00e3o, delimita aquela \u00e1rea como urbana, o que, com certeza, diminuir\u00e1, drasticamente, os recursos naturais daquela \u00e1rea, j\u00e1 que ao inv\u00e9s de propor um plano de ocupa\u00e7\u00e3o sustent\u00e1vel, com as fam\u00edlias que j\u00e1 se encontram no local, promove a urbaniza\u00e7\u00e3o daquela \u00e1rea, com a instaura\u00e7\u00e3o de novas propriedades no local&#8221;, explica a Ju\u00edza.<br \/>\nA suspens\u00e3o das leis tamb\u00e9m levou em conta a falta de um sistema de esgoto sanit\u00e1rio, de \u00e1gua tratada e a grande quantidade de res\u00edduos s\u00f3lidos dispostos de forma inadequada no munic\u00edpio de Paulo Lopes. &#8220;&#8230; n\u00e3o h\u00e1 d\u00favidas que as normas previstas nos artigos 4, IV, 16, 17, 18 e 19 da Lei n. 14.661\/2009 afrontam a Constitui\u00e7\u00e3o Estadual e a Constitui\u00e7\u00e3o Federal&#8230;&#8221;, frisa a Ju\u00edza.<br \/>\nAs liminares foram concedidas no dia 17 de julho de 2017. A a\u00e7\u00e3o civil foi proposta pelo MPSC em novembro de 2016. (Autos n\u00ba 0900091-50.2016.8.24.0167)<br \/>\n<span class=\"intertit\">Promotor mostra em \u00e1rea em risco <\/span><br \/>\n\u00c0 frente h\u00e1 23 anos da 4\u00aa Promotoria de Justi\u00e7a de Palho\u00e7a, o Promotor de Justi\u00e7a Jos\u00e9 Eduardo Cardoso foi at\u00e9 o munic\u00edpio de Paulo Lopes para mostrar as belezas naturais do local que \u00e9 alvo de uma A\u00e7\u00e3o Civil P\u00fablica. Entenda mais sobre o caso no v\u00eddeo:<br \/>\n<iframe loading=\"lazy\" title=\"MPSC COMBATE DANO AMBIENTAL EM PAULO LOPES\" width=\"500\" height=\"281\" src=\"https:\/\/www.youtube.com\/embed\/iDZHC-sO5IU?feature=oembed\" frameborder=\"0\" allow=\"accelerometer; autoplay; clipboard-write; encrypted-media; gyroscope; picture-in-picture; web-share\" referrerpolicy=\"strict-origin-when-cross-origin\" allowfullscreen><\/iframe><\/p>\n","protected":false},"excerpt":{"rendered":"<p>O Minist\u00e9rio P\u00fablico de Santa Catarina (MP\/SC) conseguiu na Justi\u00e7a restabelecer a prote\u00e7\u00e3o do meio ambiente em Paulo Lopes. O projeto Porto Baleia n\u00e3o pode ser executado e o Mosaico de Unidades de Conserva\u00e7\u00e3o da Serra do Tabuleiro voltou \u00e0 condi\u00e7\u00e3o de parque. As decis\u00f5es liminares do Ju\u00edzo de Garopaba atenderam integralmente os pedidos propostos [&hellip;]<\/p>\n","protected":false},"author":4,"featured_media":53684,"comment_status":"open","ping_status":"closed","sticky":false,"template":"","format":"standard","meta":{"_jetpack_newsletter_access":"","_jetpack_dont_email_post_to_subs":false,"_jetpack_newsletter_tier_id":0,"_jetpack_memberships_contains_paywalled_content":false,"_jetpack_feature_clip_id":0,"_jetpack_memberships_contains_paid_content":false,"footnotes":"","jetpack_post_was_ever_published":false},"categories":[26],"tags":[],"class_list":["post-53683","post","type-post","status-publish","format-standard","has-post-thumbnail","hentry","category-geral"],"aioseo_notices":[],"aioseo_head":"\n\t\t<!-- All in One SEO 5.0.1.1 - aioseo.com -->\n\t<meta name=\"robots\" content=\"max-image-preview:large\" \/>\n\t<meta name=\"author\" content=\"da Reda\u00e7\u00e3o\"\/>\n\t<link rel=\"canonical\" href=\"https:\/\/www.jornalja.com.br\/arquivo\/justica-catarinense-barra-projeto-imobiliario-em-area-de-preservacao-no-sul-do-estado\/\" \/>\n\t<meta name=\"generator\" content=\"All in One SEO (AIOSEO) 5.0.1.1\" \/>\n\t\t<meta property=\"og:locale\" content=\"pt_BR\" \/>\n\t\t<meta property=\"og:site_name\" content=\"Arquivo | Jornal J\u00c1 | Porto Alegre\" \/>\n\t\t<meta property=\"og:type\" content=\"article\" \/>\n\t\t<meta property=\"og:title\" content=\"Justi\u00e7a catarinense barra projeto imobili\u00e1rio em \u00e1rea de preserva\u00e7\u00e3o | Arquivo\" \/>\n\t\t<meta property=\"og:url\" content=\"https:\/\/www.jornalja.com.br\/arquivo\/justica-catarinense-barra-projeto-imobiliario-em-area-de-preservacao-no-sul-do-estado\/\" \/>\n\t\t<meta property=\"og:image\" content=\"https:\/\/www.jornalja.com.br\/wp-content\/uploads\/2017\/08\/downloadjpg.png\" \/>\n\t\t<meta property=\"og:image:secure_url\" content=\"https:\/\/www.jornalja.com.br\/wp-content\/uploads\/2017\/08\/downloadjpg.png\" \/>\n\t\t<meta property=\"article:published_time\" content=\"2017-08-17T20:28:54+00:00\" \/>\n\t\t<meta property=\"article:modified_time\" content=\"2017-08-17T20:28:54+00:00\" \/>\n\t\t<meta name=\"twitter:card\" content=\"summary\" \/>\n\t\t<meta name=\"twitter:title\" content=\"Justi\u00e7a catarinense barra projeto imobili\u00e1rio em \u00e1rea de preserva\u00e7\u00e3o | Arquivo\" \/>\n\t\t<meta name=\"twitter:image\" content=\"https:\/\/www.jornalja.com.br\/economics\/wp-content\/uploads\/sites\/11\/2026\/08\/ja-folhaderosto-facebook.jpg\" \/>\n\t\t<script type=\"application\/ld+json\" class=\"aioseo-schema\">\n\t\t\t{\"@context\":\"https:\\\/\\\/schema.org\",\"@graph\":[{\"@type\":\"BlogPosting\",\"@id\":\"https:\\\/\\\/www.jornalja.com.br\\\/arquivo\\\/justica-catarinense-barra-projeto-imobiliario-em-area-de-preservacao-no-sul-do-estado\\\/#blogposting\",\"name\":\"Justi\\u00e7a catarinense barra projeto imobili\\u00e1rio em \\u00e1rea de preserva\\u00e7\\u00e3o | Arquivo\",\"headline\":\"Justi\\u00e7a catarinense barra projeto imobili\\u00e1rio em \\u00e1rea de preserva\\u00e7\\u00e3o\",\"author\":{\"@id\":\"https:\\\/\\\/www.jornalja.com.br\\\/arquivo\\\/author\\\/daredacao\\\/#author\"},\"publisher\":{\"@id\":\"https:\\\/\\\/www.jornalja.com.br\\\/arquivo\\\/#organization\"},\"image\":{\"@type\":\"ImageObject\",\"url\":53684},\"datePublished\":\"2017-08-17T17:28:54-03:00\",\"dateModified\":\"2017-08-17T17:28:54-03:00\",\"inLanguage\":\"pt-BR\",\"mainEntityOfPage\":{\"@id\":\"https:\\\/\\\/www.jornalja.com.br\\\/arquivo\\\/justica-catarinense-barra-projeto-imobiliario-em-area-de-preservacao-no-sul-do-estado\\\/#webpage\"},\"isPartOf\":{\"@id\":\"https:\\\/\\\/www.jornalja.com.br\\\/arquivo\\\/justica-catarinense-barra-projeto-imobiliario-em-area-de-preservacao-no-sul-do-estado\\\/#webpage\"},\"articleSection\":\"Geral\"},{\"@type\":\"BreadcrumbList\",\"@id\":\"https:\\\/\\\/www.jornalja.com.br\\\/arquivo\\\/justica-catarinense-barra-projeto-imobiliario-em-area-de-preservacao-no-sul-do-estado\\\/#breadcrumblist\",\"itemListElement\":[{\"@type\":\"ListItem\",\"@id\":\"https:\\\/\\\/www.jornalja.com.br\\\/arquivo#listItem\",\"position\":1,\"name\":\"Home\",\"item\":\"https:\\\/\\\/www.jornalja.com.br\\\/arquivo\",\"nextItem\":{\"@type\":\"ListItem\",\"@id\":\"https:\\\/\\\/www.jornalja.com.br\\\/arquivo\\\/category\\\/geral\\\/#listItem\",\"name\":\"Geral\"}},{\"@type\":\"ListItem\",\"@id\":\"https:\\\/\\\/www.jornalja.com.br\\\/arquivo\\\/category\\\/geral\\\/#listItem\",\"position\":2,\"name\":\"Geral\",\"item\":\"https:\\\/\\\/www.jornalja.com.br\\\/arquivo\\\/category\\\/geral\\\/\",\"nextItem\":{\"@type\":\"ListItem\",\"@id\":\"https:\\\/\\\/www.jornalja.com.br\\\/arquivo\\\/justica-catarinense-barra-projeto-imobiliario-em-area-de-preservacao-no-sul-do-estado\\\/#listItem\",\"name\":\"Justi\\u00e7a catarinense barra projeto imobili\\u00e1rio em \\u00e1rea de preserva\\u00e7\\u00e3o\"},\"previousItem\":{\"@type\":\"ListItem\",\"@id\":\"https:\\\/\\\/www.jornalja.com.br\\\/arquivo#listItem\",\"name\":\"Home\"}},{\"@type\":\"ListItem\",\"@id\":\"https:\\\/\\\/www.jornalja.com.br\\\/arquivo\\\/justica-catarinense-barra-projeto-imobiliario-em-area-de-preservacao-no-sul-do-estado\\\/#listItem\",\"position\":3,\"name\":\"Justi\\u00e7a catarinense barra projeto imobili\\u00e1rio em \\u00e1rea de preserva\\u00e7\\u00e3o\",\"previousItem\":{\"@type\":\"ListItem\",\"@id\":\"https:\\\/\\\/www.jornalja.com.br\\\/arquivo\\\/category\\\/geral\\\/#listItem\",\"name\":\"Geral\"}}]},{\"@type\":\"Organization\",\"@id\":\"https:\\\/\\\/www.jornalja.com.br\\\/arquivo\\\/#organization\",\"name\":\"Jornal J\\u00c1\",\"description\":\"Jornal J\\u00c1 | Porto Alegre\",\"url\":\"https:\\\/\\\/www.jornalja.com.br\\\/arquivo\\\/\",\"telephone\":\"+555133307272\",\"logo\":{\"@type\":\"ImageObject\",\"url\":\"https:\\\/\\\/www.jornalja.com.br\\\/wp-content\\\/uploads\\\/cards\\\/JAslogan.png\",\"@id\":\"https:\\\/\\\/www.jornalja.com.br\\\/arquivo\\\/justica-catarinense-barra-projeto-imobiliario-em-area-de-preservacao-no-sul-do-estado\\\/#organizationLogo\"},\"image\":{\"@id\":\"https:\\\/\\\/www.jornalja.com.br\\\/arquivo\\\/justica-catarinense-barra-projeto-imobiliario-em-area-de-preservacao-no-sul-do-estado\\\/#organizationLogo\"}},{\"@type\":\"Person\",\"@id\":\"https:\\\/\\\/www.jornalja.com.br\\\/arquivo\\\/author\\\/daredacao\\\/#author\",\"url\":\"https:\\\/\\\/www.jornalja.com.br\\\/arquivo\\\/author\\\/daredacao\\\/\",\"name\":\"da Reda\\u00e7\\u00e3o\",\"image\":{\"@type\":\"ImageObject\",\"@id\":\"https:\\\/\\\/www.jornalja.com.br\\\/arquivo\\\/justica-catarinense-barra-projeto-imobiliario-em-area-de-preservacao-no-sul-do-estado\\\/#authorImage\",\"url\":\"https:\\\/\\\/secure.gravatar.com\\\/avatar\\\/469fd857d6605ad19919d27ed29d35a968a25f6e8fd9318356bbb7f57aae9c65?s=96&d=mm&r=g\",\"width\":96,\"height\":96,\"caption\":\"da Reda\\u00e7\\u00e3o\"}},{\"@type\":\"WebPage\",\"@id\":\"https:\\\/\\\/www.jornalja.com.br\\\/arquivo\\\/justica-catarinense-barra-projeto-imobiliario-em-area-de-preservacao-no-sul-do-estado\\\/#webpage\",\"url\":\"https:\\\/\\\/www.jornalja.com.br\\\/arquivo\\\/justica-catarinense-barra-projeto-imobiliario-em-area-de-preservacao-no-sul-do-estado\\\/\",\"name\":\"Justi\\u00e7a catarinense barra projeto imobili\\u00e1rio em \\u00e1rea de preserva\\u00e7\\u00e3o | Arquivo\",\"inLanguage\":\"pt-BR\",\"isPartOf\":{\"@id\":\"https:\\\/\\\/www.jornalja.com.br\\\/arquivo\\\/#website\"},\"breadcrumb\":{\"@id\":\"https:\\\/\\\/www.jornalja.com.br\\\/arquivo\\\/justica-catarinense-barra-projeto-imobiliario-em-area-de-preservacao-no-sul-do-estado\\\/#breadcrumblist\"},\"author\":{\"@id\":\"https:\\\/\\\/www.jornalja.com.br\\\/arquivo\\\/author\\\/daredacao\\\/#author\"},\"creator\":{\"@id\":\"https:\\\/\\\/www.jornalja.com.br\\\/arquivo\\\/author\\\/daredacao\\\/#author\"},\"image\":{\"@type\":\"ImageObject\",\"url\":53684,\"@id\":\"https:\\\/\\\/www.jornalja.com.br\\\/arquivo\\\/justica-catarinense-barra-projeto-imobiliario-em-area-de-preservacao-no-sul-do-estado\\\/#mainImage\"},\"primaryImageOfPage\":{\"@id\":\"https:\\\/\\\/www.jornalja.com.br\\\/arquivo\\\/justica-catarinense-barra-projeto-imobiliario-em-area-de-preservacao-no-sul-do-estado\\\/#mainImage\"},\"datePublished\":\"2017-08-17T17:28:54-03:00\",\"dateModified\":\"2017-08-17T17:28:54-03:00\"},{\"@type\":\"WebSite\",\"@id\":\"https:\\\/\\\/www.jornalja.com.br\\\/arquivo\\\/#website\",\"url\":\"https:\\\/\\\/www.jornalja.com.br\\\/arquivo\\\/\",\"name\":\"Arquivo\",\"description\":\"Jornal J\\u00c1 | Porto Alegre\",\"inLanguage\":\"pt-BR\",\"publisher\":{\"@id\":\"https:\\\/\\\/www.jornalja.com.br\\\/arquivo\\\/#organization\"}}]}\n\t\t<\/script>\n\t\t<!-- All in One SEO -->\n\n","aioseo_head_json":{"title":"Justi\u00e7a catarinense barra projeto imobili\u00e1rio em \u00e1rea de preserva\u00e7\u00e3o | Arquivo","description":"","canonical_url":"https:\/\/www.jornalja.com.br\/arquivo\/justica-catarinense-barra-projeto-imobiliario-em-area-de-preservacao-no-sul-do-estado\/","robots":"max-image-preview:large","keywords":"","webmasterTools":{"miscellaneous":""},"schema":{"@context":"https:\/\/schema.org","@graph":[{"@type":"BlogPosting","@id":"https:\/\/www.jornalja.com.br\/arquivo\/justica-catarinense-barra-projeto-imobiliario-em-area-de-preservacao-no-sul-do-estado\/#blogposting","name":"Justi\u00e7a catarinense barra projeto imobili\u00e1rio em \u00e1rea de preserva\u00e7\u00e3o | Arquivo","headline":"Justi\u00e7a catarinense barra projeto imobili\u00e1rio em \u00e1rea de preserva\u00e7\u00e3o","author":{"@id":"https:\/\/www.jornalja.com.br\/arquivo\/author\/daredacao\/#author"},"publisher":{"@id":"https:\/\/www.jornalja.com.br\/arquivo\/#organization"},"image":{"@type":"ImageObject","url":53684},"datePublished":"2017-08-17T17:28:54-03:00","dateModified":"2017-08-17T17:28:54-03:00","inLanguage":"pt-BR","mainEntityOfPage":{"@id":"https:\/\/www.jornalja.com.br\/arquivo\/justica-catarinense-barra-projeto-imobiliario-em-area-de-preservacao-no-sul-do-estado\/#webpage"},"isPartOf":{"@id":"https:\/\/www.jornalja.com.br\/arquivo\/justica-catarinense-barra-projeto-imobiliario-em-area-de-preservacao-no-sul-do-estado\/#webpage"},"articleSection":"Geral"},{"@type":"BreadcrumbList","@id":"https:\/\/www.jornalja.com.br\/arquivo\/justica-catarinense-barra-projeto-imobiliario-em-area-de-preservacao-no-sul-do-estado\/#breadcrumblist","itemListElement":[{"@type":"ListItem","@id":"https:\/\/www.jornalja.com.br\/arquivo#listItem","position":1,"name":"Home","item":"https:\/\/www.jornalja.com.br\/arquivo","nextItem":{"@type":"ListItem","@id":"https:\/\/www.jornalja.com.br\/arquivo\/category\/geral\/#listItem","name":"Geral"}},{"@type":"ListItem","@id":"https:\/\/www.jornalja.com.br\/arquivo\/category\/geral\/#listItem","position":2,"name":"Geral","item":"https:\/\/www.jornalja.com.br\/arquivo\/category\/geral\/","nextItem":{"@type":"ListItem","@id":"https:\/\/www.jornalja.com.br\/arquivo\/justica-catarinense-barra-projeto-imobiliario-em-area-de-preservacao-no-sul-do-estado\/#listItem","name":"Justi\u00e7a catarinense barra projeto imobili\u00e1rio em \u00e1rea de preserva\u00e7\u00e3o"},"previousItem":{"@type":"ListItem","@id":"https:\/\/www.jornalja.com.br\/arquivo#listItem","name":"Home"}},{"@type":"ListItem","@id":"https:\/\/www.jornalja.com.br\/arquivo\/justica-catarinense-barra-projeto-imobiliario-em-area-de-preservacao-no-sul-do-estado\/#listItem","position":3,"name":"Justi\u00e7a catarinense barra projeto imobili\u00e1rio em \u00e1rea de preserva\u00e7\u00e3o","previousItem":{"@type":"ListItem","@id":"https:\/\/www.jornalja.com.br\/arquivo\/category\/geral\/#listItem","name":"Geral"}}]},{"@type":"Organization","@id":"https:\/\/www.jornalja.com.br\/arquivo\/#organization","name":"Jornal J\u00c1","description":"Jornal J\u00c1 | Porto Alegre","url":"https:\/\/www.jornalja.com.br\/arquivo\/","telephone":"+555133307272","logo":{"@type":"ImageObject","url":"https:\/\/www.jornalja.com.br\/wp-content\/uploads\/cards\/JAslogan.png","@id":"https:\/\/www.jornalja.com.br\/arquivo\/justica-catarinense-barra-projeto-imobiliario-em-area-de-preservacao-no-sul-do-estado\/#organizationLogo"},"image":{"@id":"https:\/\/www.jornalja.com.br\/arquivo\/justica-catarinense-barra-projeto-imobiliario-em-area-de-preservacao-no-sul-do-estado\/#organizationLogo"}},{"@type":"Person","@id":"https:\/\/www.jornalja.com.br\/arquivo\/author\/daredacao\/#author","url":"https:\/\/www.jornalja.com.br\/arquivo\/author\/daredacao\/","name":"da Reda\u00e7\u00e3o","image":{"@type":"ImageObject","@id":"https:\/\/www.jornalja.com.br\/arquivo\/justica-catarinense-barra-projeto-imobiliario-em-area-de-preservacao-no-sul-do-estado\/#authorImage","url":"https:\/\/secure.gravatar.com\/avatar\/469fd857d6605ad19919d27ed29d35a968a25f6e8fd9318356bbb7f57aae9c65?s=96&d=mm&r=g","width":96,"height":96,"caption":"da Reda\u00e7\u00e3o"}},{"@type":"WebPage","@id":"https:\/\/www.jornalja.com.br\/arquivo\/justica-catarinense-barra-projeto-imobiliario-em-area-de-preservacao-no-sul-do-estado\/#webpage","url":"https:\/\/www.jornalja.com.br\/arquivo\/justica-catarinense-barra-projeto-imobiliario-em-area-de-preservacao-no-sul-do-estado\/","name":"Justi\u00e7a catarinense barra projeto imobili\u00e1rio em \u00e1rea de preserva\u00e7\u00e3o | Arquivo","inLanguage":"pt-BR","isPartOf":{"@id":"https:\/\/www.jornalja.com.br\/arquivo\/#website"},"breadcrumb":{"@id":"https:\/\/www.jornalja.com.br\/arquivo\/justica-catarinense-barra-projeto-imobiliario-em-area-de-preservacao-no-sul-do-estado\/#breadcrumblist"},"author":{"@id":"https:\/\/www.jornalja.com.br\/arquivo\/author\/daredacao\/#author"},"creator":{"@id":"https:\/\/www.jornalja.com.br\/arquivo\/author\/daredacao\/#author"},"image":{"@type":"ImageObject","url":53684,"@id":"https:\/\/www.jornalja.com.br\/arquivo\/justica-catarinense-barra-projeto-imobiliario-em-area-de-preservacao-no-sul-do-estado\/#mainImage"},"primaryImageOfPage":{"@id":"https:\/\/www.jornalja.com.br\/arquivo\/justica-catarinense-barra-projeto-imobiliario-em-area-de-preservacao-no-sul-do-estado\/#mainImage"},"datePublished":"2017-08-17T17:28:54-03:00","dateModified":"2017-08-17T17:28:54-03:00"},{"@type":"WebSite","@id":"https:\/\/www.jornalja.com.br\/arquivo\/#website","url":"https:\/\/www.jornalja.com.br\/arquivo\/","name":"Arquivo","description":"Jornal J\u00c1 | Porto Alegre","inLanguage":"pt-BR","publisher":{"@id":"https:\/\/www.jornalja.com.br\/arquivo\/#organization"}}]},"og:locale":"pt_BR","og:site_name":"Arquivo | Jornal J\u00c1 | Porto Alegre","og:type":"article","og:title":"Justi\u00e7a catarinense barra projeto imobili\u00e1rio em \u00e1rea de preserva\u00e7\u00e3o | Arquivo","og:url":"https:\/\/www.jornalja.com.br\/arquivo\/justica-catarinense-barra-projeto-imobiliario-em-area-de-preservacao-no-sul-do-estado\/","og:image":"https:\/\/www.jornalja.com.br\/wp-content\/uploads\/2017\/08\/downloadjpg.png","og:image:secure_url":"https:\/\/www.jornalja.com.br\/wp-content\/uploads\/2017\/08\/downloadjpg.png","article:published_time":"2017-08-17T20:28:54+00:00","article:modified_time":"2017-08-17T20:28:54+00:00","twitter:card":"summary","twitter:title":"Justi\u00e7a catarinense barra projeto imobili\u00e1rio em \u00e1rea de preserva\u00e7\u00e3o | Arquivo","twitter:image":"https:\/\/www.jornalja.com.br\/economics\/wp-content\/uploads\/sites\/11\/2026\/08\/ja-folhaderosto-facebook.jpg"},"aioseo_meta_data":{"post_id":"53683","title":null,"description":null,"keywords":null,"keyphrases":null,"primary_term":null,"canonical_url":null,"og_title":null,"og_description":null,"og_object_type":"default","og_image_type":"default","og_image_url":null,"og_image_width":null,"og_image_height":null,"og_image_custom_url":null,"og_image_custom_fields":null,"og_video":null,"og_custom_url":null,"og_article_section":null,"og_article_tags":null,"twitter_use_og":false,"twitter_card":"default","twitter_image_type":"default","twitter_image_url":null,"twitter_image_custom_url":null,"twitter_image_custom_fields":null,"twitter_title":null,"twitter_description":null,"schema":{"blockGraphs":[],"customGraphs":[],"default":{"data":{"Article":[],"Course":[],"Dataset":[],"FAQPage":[],"Movie":[],"Person":[],"Product":[],"ProductReview":[],"Car":[],"Recipe":[],"Service":[],"SoftwareApplication":[],"WebPage":[]},"graphName":"","isEnabled":true},"graphs":[]},"schema_type":null,"schema_type_options":null,"pillar_content":false,"robots_default":true,"robots_noindex":false,"robots_noarchive":false,"robots_nosnippet":false,"robots_nofollow":false,"robots_noimageindex":false,"robots_noodp":false,"robots_notranslate":false,"robots_max_snippet":null,"robots_max_videopreview":null,"robots_max_imagepreview":"large","priority":null,"frequency":null,"location":null,"local_seo":null,"breadcrumb_settings":null,"limit_modified_date":false,"ai":null,"created":"2020-12-20 20:26:59","updated":"2025-07-20 00:19:58","seo_analyzer_scan_date":null,"focus_keyword":null,"additional_keywords":null,"truseo_locale":null},"jetpack_sharing_enabled":true,"jetpack-related-posts":[{"id":13109,"url":"https:\/\/www.jornalja.com.br\/arquivo\/judiciario-reconhece-poluicao-eletromagnetica\/","url_meta":{"origin":53683,"position":0},"title":"Judici\u00e1rio reconhece polui\u00e7\u00e3o eletromagn\u00e9tica","author":"Patr\u00edcia Marini","date":"16 de maio de 2014","format":false,"excerpt":"A\u00e7\u00e3o de duas associa\u00e7\u00f5es de moradores foi acolhida pelo Tribunal de Justi\u00e7a de S\u00e3o Paulo que. em decis\u00e3o in\u00e9dita, determinou a redu\u00e7\u00e3o do campo eletromagn\u00e9tico gerado pelas linhas de transmiss\u00e3o de energia que cortam os bairros City Boa\u00e7ava e Alto de Pinheiros. \u00c9 a primeira vez que um tribunal do\u2026","rel":"","context":"Em &quot;X.Categorias velhas&quot;","block_context":{"text":"X.Categorias velhas","link":"https:\/\/www.jornalja.com.br\/arquivo\/category\/x-categorias-velhas\/"},"img":{"alt_text":"","src":"","width":0,"height":0},"classes":[]},{"id":13240,"url":"https:\/\/www.jornalja.com.br\/arquivo\/plano-diretor-estamos-construindo-o-caos\/","url_meta":{"origin":53683,"position":1},"title":"Plano diretor: &quot;Estamos construindo o caos&quot;","author":"Patr\u00edcia Marini","date":"26 de maio de 2014","format":false,"excerpt":"Desabafo que arquiteta Eliana Castilhos, delegada da Regi\u00e3o de Planejamento 1, postou nas redes sociais \u00e9 um testemunho do ambiente que se criou no Conselho do Plano Diretor de Porto Alegre, onde a aprova\u00e7\u00e3o de grandes empreendimentos \u00e9 empurrada guela abaixo dos conselheiros. Ao CMDUA Como delegada da Regi\u00e3o de\u2026","rel":"","context":"Em &quot;Geral&quot;","block_context":{"text":"Geral","link":"https:\/\/www.jornalja.com.br\/arquivo\/category\/geral\/"},"img":{"alt_text":"","src":"","width":0,"height":0},"classes":[]},{"id":14241,"url":"https:\/\/www.jornalja.com.br\/arquivo\/o-guaiba-nas-imagens-poeticas-de-achutti\/","url_meta":{"origin":53683,"position":2},"title":"O Gua\u00edba nas imagens po\u00e9ticas de Achutti","author":"da Reda\u00e7\u00e3o","date":"18 de junho de 2014","format":false,"excerpt":"Em \u201cO Gua\u00edba por Achutti\u201d \u2013 obra financiada via Minist\u00e9rio da Cultura, produ\u00e7\u00e3o executiva de Pedro Longhi, e Fl\u00e1vio Wild como designer \u2013, o fot\u00f3grafo revela a beleza e as mazelas de um espa\u00e7o aqu\u00e1tico de \u00e1guas sempre renovadas, cheio de hist\u00f3rias e lendas como as das cidades que foram\u2026","rel":"","context":"Em &quot;Cultura-Geral&quot;","block_context":{"text":"Cultura-Geral","link":"https:\/\/www.jornalja.com.br\/arquivo\/category\/materiasecundaria\/"},"img":{"alt_text":"","src":"","width":0,"height":0},"classes":[]},{"id":13124,"url":"https:\/\/www.jornalja.com.br\/arquivo\/sangue-latino-no-iecine\/","url_meta":{"origin":53683,"position":3},"title":"Sangue latino no IECINE","author":"da Reda\u00e7\u00e3o","date":"18 de maio de 2014","format":false,"excerpt":"Francisco Ribeiro O Instituto Estadual de Cinema (IECINE) tem a frente, desde abril \u00faltimo, um novo diretor, o cineasta colombiano Juan Zapata, 36, que substitui Luiz Alberto Cassol. Radicado h\u00e1 dez anos em Porto Alegre, Zapata tem diante de si o desafio de conduzir at\u00e9 o final do ano um\u2026","rel":"","context":"Em &quot;Cultura-Geral&quot;","block_context":{"text":"Cultura-Geral","link":"https:\/\/www.jornalja.com.br\/arquivo\/category\/materiasecundaria\/"},"img":{"alt_text":"","src":"","width":0,"height":0},"classes":[]},{"id":5440,"url":"https:\/\/www.jornalja.com.br\/arquivo\/casarao-da-venancio-destino-permanece-incerto\/","url_meta":{"origin":53683,"position":4},"title":"Estado ainda n\u00e3o sabe o que fazer com casar\u00e3o abandonado h\u00e1 20 anos","author":"Elmar Bones","date":"6 de julho de 2009","format":false,"excerpt":"O casar\u00e3o amarelo, numa esquina nobre de Porto Alegre (Ven\u00e2ncio Aires com Jo\u00e3o Pessoa), j\u00e1 abrigou uma escola. H\u00e1 duas d\u00e9cadas, pelo menos, est\u00e1 abandonado, porque seu propriet\u00e1rio, o governo do Estado do Rio Grande do Sul, n\u00e3o consegue achar um destino para ele. Planos n\u00e3o faltaram. O governador Ol\u00edvio\u2026","rel":"","context":"Em &quot;X.Categorias velhas&quot;","block_context":{"text":"X.Categorias velhas","link":"https:\/\/www.jornalja.com.br\/arquivo\/category\/x-categorias-velhas\/"},"img":{"alt_text":"geraldo1","src":"https:\/\/i0.wp.com\/www.jornalja.com.br\/wp-content\/uploads\/2009\/07\/geraldo1.jpg?resize=350%2C200&ssl=1","width":350,"height":200},"classes":[]},{"id":12960,"url":"https:\/\/www.jornalja.com.br\/arquivo\/populacao-culpa-empresas-pela-greve-dos-rodoviarios\/","url_meta":{"origin":53683,"position":5},"title":"Popula\u00e7\u00e3o culpa empresas pela greve","author":"Patr\u00edcia Marini","date":"14 de fevereiro de 2014","format":false,"excerpt":"Pesquisa divulgada na edi\u00e7\u00e3o do jornal Metro desta sexta-feira,14, comprova o velho ditado: \u00e9 poss\u00edvel enganar muitos por algum tempo, mas n\u00e3o \u00e9 poss\u00edvel enganar a todos o tempo inteiro. A principal revela\u00e7\u00e3o foi que 59,8% dos entrevistados apontaram as empresas como as principais respons\u00e1veis pela grave e 46% culparam\u2026","rel":"","context":"Em &quot;X.Categorias velhas&quot;","block_context":{"text":"X.Categorias velhas","link":"https:\/\/www.jornalja.com.br\/arquivo\/category\/x-categorias-velhas\/"},"img":{"alt_text":"","src":"","width":0,"height":0},"classes":[]}],"jetpack_shortlink":"https:\/\/wp.me\/pbQjBd-dXR","jetpack_featured_media_url":"","_links":{"self":[{"href":"https:\/\/www.jornalja.com.br\/arquivo\/wp-json\/wp\/v2\/posts\/53683","targetHints":{"allow":["GET"]}}],"collection":[{"href":"https:\/\/www.jornalja.com.br\/arquivo\/wp-json\/wp\/v2\/posts"}],"about":[{"href":"https:\/\/www.jornalja.com.br\/arquivo\/wp-json\/wp\/v2\/types\/post"}],"author":[{"embeddable":true,"href":"https:\/\/www.jornalja.com.br\/arquivo\/wp-json\/wp\/v2\/users\/4"}],"replies":[{"embeddable":true,"href":"https:\/\/www.jornalja.com.br\/arquivo\/wp-json\/wp\/v2\/comments?post=53683"}],"version-history":[{"count":0,"href":"https:\/\/www.jornalja.com.br\/arquivo\/wp-json\/wp\/v2\/posts\/53683\/revisions"}],"wp:attachment":[{"href":"https:\/\/www.jornalja.com.br\/arquivo\/wp-json\/wp\/v2\/media?parent=53683"}],"wp:term":[{"taxonomy":"category","embeddable":true,"href":"https:\/\/www.jornalja.com.br\/arquivo\/wp-json\/wp\/v2\/categories?post=53683"},{"taxonomy":"post_tag","embeddable":true,"href":"https:\/\/www.jornalja.com.br\/arquivo\/wp-json\/wp\/v2\/tags?post=53683"}],"curies":[{"name":"wp","href":"https:\/\/api.w.org\/{rel}","templated":true}]}}