{"id":53699,"date":"2017-08-17T18:18:29","date_gmt":"2017-08-17T21:18:29","guid":{"rendered":"https:\/\/www.jornalja.com.br\/?p=53699"},"modified":"2017-08-17T18:18:29","modified_gmt":"2017-08-17T21:18:29","slug":"tres-ex-prefeitos-comparecem-ao-ato-contra-privatizacao-do-dmae","status":"publish","type":"post","link":"https:\/\/www.jornalja.com.br\/arquivo\/tres-ex-prefeitos-comparecem-ao-ato-contra-privatizacao-do-dmae\/","title":{"rendered":"Tr\u00eas ex-prefeitos comparecem ao ato contra privatiza\u00e7\u00e3o do DMAE"},"content":{"rendered":"<p>Era pouco mais de meio dia quando funcion\u00e1rios, vereadores, ex-diretores, servidores e sindicalistas davam o abra\u00e7o simb\u00f3lico ao Dmae. Tr\u00eas ex-prefeitos estavam na manifesta\u00e7\u00e3o: Jo\u00e3o Ant\u00f4nio Dib, Raul Pont e Jos\u00e9 Fortunati.<br \/>\nO ato, na sede do departamento, \u00e9 mais um protesto contra o projeto do prefeito Nelson Marchezan J\u00fanior que permite concess\u00f5es a grupos privados nos servi\u00e7os de \u00e1gua e esgoto da cidade.<br \/>\nDib, que tamb\u00e9m j\u00e1 foi ex-diretor do departamento, foi \u00fanico que discursou. Lembrou da cria\u00e7\u00e3o do Dmae pelo ent\u00e3o prefeito Loureiro da Silva: &#8220;O melhor prefeito que esta cidade j\u00e1 teve e que criou o Dmae para resolver os problemas de esgoto que a cidade tinha&#8221;.<br \/>\nO abra\u00e7o ao Dmae j\u00e1 se soma a uma s\u00e9rie de atos e manifesta\u00e7\u00f5es contr\u00e1rios a uma poss\u00edvel privatiza\u00e7\u00e3o. <a href=\"https:\/\/www.jornalja.com.br\/ex-diretores-do-dmae-querem-que-marchezan-retire-projeto-que-autoriza-ppps\/\">Ex-diretores j\u00e1 se reuniram contra o projeto do executivo<\/a>, e na segunda, dia 14, servidores entregaram um documento aos vereadores defendendo a manuten\u00e7\u00e3o do Dmae como servi\u00e7o p\u00fablico.<br \/>\nMarchezan j\u00e1 declarou publicamente que o Dmae precisa de 2,7 bilh\u00f5es de reais para investir em saneamento e que a prefeitura n\u00e3o possui esses recursos. Damiani rebateu: \u201cEsse \u00e9 um planejamento para 20 anos\u201d. Arnaldo Dutra lembrou que em 30 anos a rede de esgoto e saneamento pulou de 2% para 80%.<br \/>\nPara Dib, este argumento n\u00e3o \u00e9 v\u00e1lido, j\u00e1 que mesmo que a Prefeitura tivesse dispon\u00edvel estes recursos n\u00e3o seria poss\u00edvel realizar todas as obras necess\u00e1rias de uma vez s\u00f3. &#8220;S\u00e3o investimento para 10, 15 anos, e que a Prefeitura e o Dmae tem condi\u00e7\u00f5es de captar por empr\u00e9stimos ou financiamentos sem depender de dinheiro privado&#8221;, argumentou.<br \/>\nCentenas de pessoas participaram da manifesta\u00e7\u00e3o.<br \/>\n<img loading=\"lazy\" decoding=\"async\" class=\"alignnone wp-image-53707 size-full\" src=\"https:\/\/www.jornalja.com.br\/wp-content\/uploads\/2017\/08\/Foto-Marta-Resing-9.jpg\" alt=\"\" width=\"1150\" height=\"767\" \/><\/p>\n","protected":false},"excerpt":{"rendered":"<p>Era pouco mais de meio dia quando funcion\u00e1rios, vereadores, ex-diretores, servidores e sindicalistas davam o abra\u00e7o simb\u00f3lico ao Dmae. Tr\u00eas ex-prefeitos estavam na manifesta\u00e7\u00e3o: Jo\u00e3o Ant\u00f4nio Dib, Raul Pont e Jos\u00e9 Fortunati. O ato, na sede do departamento, \u00e9 mais um protesto contra o projeto do prefeito Nelson Marchezan J\u00fanior que permite concess\u00f5es a grupos [&hellip;]<\/p>\n","protected":false},"author":4,"featured_media":53706,"comment_status":"open","ping_status":"closed","sticky":false,"template":"","format":"standard","meta":{"_jetpack_newsletter_access":"","_jetpack_dont_email_post_to_subs":false,"_jetpack_newsletter_tier_id":0,"_jetpack_memberships_contains_paywalled_content":false,"_jetpack_feature_clip_id":0,"_jetpack_memberships_contains_paid_content":false,"footnotes":"","jetpack_post_was_ever_published":false},"categories":[26],"tags":[],"class_list":["post-53699","post","type-post","status-publish","format-standard","has-post-thumbnail","hentry","category-geral"],"aioseo_notices":[],"aioseo_head":"\n\t\t<!-- All in One SEO 5.0.1.1 - aioseo.com -->\n\t<meta name=\"robots\" content=\"max-image-preview:large\" \/>\n\t<meta name=\"author\" content=\"da Reda\u00e7\u00e3o\"\/>\n\t<link rel=\"canonical\" href=\"https:\/\/www.jornalja.com.br\/arquivo\/tres-ex-prefeitos-comparecem-ao-ato-contra-privatizacao-do-dmae\/\" \/>\n\t<meta name=\"generator\" content=\"All in One SEO (AIOSEO) 5.0.1.1\" \/>\n\t\t<meta property=\"og:locale\" content=\"pt_BR\" \/>\n\t\t<meta property=\"og:site_name\" content=\"Arquivo | Jornal J\u00c1 | Porto Alegre\" \/>\n\t\t<meta property=\"og:type\" content=\"article\" \/>\n\t\t<meta property=\"og:title\" content=\"Tr\u00eas ex-prefeitos comparecem ao ato contra privatiza\u00e7\u00e3o do DMAE | Arquivo\" \/>\n\t\t<meta property=\"og:url\" content=\"https:\/\/www.jornalja.com.br\/arquivo\/tres-ex-prefeitos-comparecem-ao-ato-contra-privatizacao-do-dmae\/\" \/>\n\t\t<meta property=\"og:image\" content=\"https:\/\/www.jornalja.com.br\/wp-content\/uploads\/2017\/08\/Foto-Marta-Resing-9.jpg\" \/>\n\t\t<meta property=\"og:image:secure_url\" content=\"https:\/\/www.jornalja.com.br\/wp-content\/uploads\/2017\/08\/Foto-Marta-Resing-9.jpg\" \/>\n\t\t<meta property=\"article:published_time\" content=\"2017-08-17T21:18:29+00:00\" \/>\n\t\t<meta property=\"article:modified_time\" content=\"2017-08-17T21:18:29+00:00\" \/>\n\t\t<meta name=\"twitter:card\" content=\"summary\" \/>\n\t\t<meta name=\"twitter:title\" content=\"Tr\u00eas ex-prefeitos comparecem ao ato contra privatiza\u00e7\u00e3o do DMAE | Arquivo\" \/>\n\t\t<meta name=\"twitter:image\" content=\"https:\/\/www.jornalja.com.br\/economics\/wp-content\/uploads\/sites\/11\/2026\/08\/ja-folhaderosto-facebook.jpg\" \/>\n\t\t<script type=\"application\/ld+json\" class=\"aioseo-schema\">\n\t\t\t{\"@context\":\"https:\\\/\\\/schema.org\",\"@graph\":[{\"@type\":\"BlogPosting\",\"@id\":\"https:\\\/\\\/www.jornalja.com.br\\\/arquivo\\\/tres-ex-prefeitos-comparecem-ao-ato-contra-privatizacao-do-dmae\\\/#blogposting\",\"name\":\"Tr\\u00eas ex-prefeitos comparecem ao ato contra privatiza\\u00e7\\u00e3o do DMAE | Arquivo\",\"headline\":\"Tr\\u00eas ex-prefeitos comparecem ao ato contra privatiza\\u00e7\\u00e3o do DMAE\",\"author\":{\"@id\":\"https:\\\/\\\/www.jornalja.com.br\\\/arquivo\\\/author\\\/daredacao\\\/#author\"},\"publisher\":{\"@id\":\"https:\\\/\\\/www.jornalja.com.br\\\/arquivo\\\/#organization\"},\"image\":{\"@type\":\"ImageObject\",\"url\":53706},\"datePublished\":\"2017-08-17T18:18:29-03:00\",\"dateModified\":\"2017-08-17T18:18:29-03:00\",\"inLanguage\":\"pt-BR\",\"mainEntityOfPage\":{\"@id\":\"https:\\\/\\\/www.jornalja.com.br\\\/arquivo\\\/tres-ex-prefeitos-comparecem-ao-ato-contra-privatizacao-do-dmae\\\/#webpage\"},\"isPartOf\":{\"@id\":\"https:\\\/\\\/www.jornalja.com.br\\\/arquivo\\\/tres-ex-prefeitos-comparecem-ao-ato-contra-privatizacao-do-dmae\\\/#webpage\"},\"articleSection\":\"Geral\"},{\"@type\":\"BreadcrumbList\",\"@id\":\"https:\\\/\\\/www.jornalja.com.br\\\/arquivo\\\/tres-ex-prefeitos-comparecem-ao-ato-contra-privatizacao-do-dmae\\\/#breadcrumblist\",\"itemListElement\":[{\"@type\":\"ListItem\",\"@id\":\"https:\\\/\\\/www.jornalja.com.br\\\/arquivo#listItem\",\"position\":1,\"name\":\"Home\",\"item\":\"https:\\\/\\\/www.jornalja.com.br\\\/arquivo\",\"nextItem\":{\"@type\":\"ListItem\",\"@id\":\"https:\\\/\\\/www.jornalja.com.br\\\/arquivo\\\/category\\\/geral\\\/#listItem\",\"name\":\"Geral\"}},{\"@type\":\"ListItem\",\"@id\":\"https:\\\/\\\/www.jornalja.com.br\\\/arquivo\\\/category\\\/geral\\\/#listItem\",\"position\":2,\"name\":\"Geral\",\"item\":\"https:\\\/\\\/www.jornalja.com.br\\\/arquivo\\\/category\\\/geral\\\/\",\"nextItem\":{\"@type\":\"ListItem\",\"@id\":\"https:\\\/\\\/www.jornalja.com.br\\\/arquivo\\\/tres-ex-prefeitos-comparecem-ao-ato-contra-privatizacao-do-dmae\\\/#listItem\",\"name\":\"Tr\\u00eas ex-prefeitos comparecem ao ato contra privatiza\\u00e7\\u00e3o do DMAE\"},\"previousItem\":{\"@type\":\"ListItem\",\"@id\":\"https:\\\/\\\/www.jornalja.com.br\\\/arquivo#listItem\",\"name\":\"Home\"}},{\"@type\":\"ListItem\",\"@id\":\"https:\\\/\\\/www.jornalja.com.br\\\/arquivo\\\/tres-ex-prefeitos-comparecem-ao-ato-contra-privatizacao-do-dmae\\\/#listItem\",\"position\":3,\"name\":\"Tr\\u00eas ex-prefeitos comparecem ao ato contra privatiza\\u00e7\\u00e3o do DMAE\",\"previousItem\":{\"@type\":\"ListItem\",\"@id\":\"https:\\\/\\\/www.jornalja.com.br\\\/arquivo\\\/category\\\/geral\\\/#listItem\",\"name\":\"Geral\"}}]},{\"@type\":\"Organization\",\"@id\":\"https:\\\/\\\/www.jornalja.com.br\\\/arquivo\\\/#organization\",\"name\":\"Jornal J\\u00c1\",\"description\":\"Jornal J\\u00c1 | Porto Alegre\",\"url\":\"https:\\\/\\\/www.jornalja.com.br\\\/arquivo\\\/\",\"telephone\":\"+555133307272\",\"logo\":{\"@type\":\"ImageObject\",\"url\":\"https:\\\/\\\/www.jornalja.com.br\\\/wp-content\\\/uploads\\\/cards\\\/JAslogan.png\",\"@id\":\"https:\\\/\\\/www.jornalja.com.br\\\/arquivo\\\/tres-ex-prefeitos-comparecem-ao-ato-contra-privatizacao-do-dmae\\\/#organizationLogo\"},\"image\":{\"@id\":\"https:\\\/\\\/www.jornalja.com.br\\\/arquivo\\\/tres-ex-prefeitos-comparecem-ao-ato-contra-privatizacao-do-dmae\\\/#organizationLogo\"}},{\"@type\":\"Person\",\"@id\":\"https:\\\/\\\/www.jornalja.com.br\\\/arquivo\\\/author\\\/daredacao\\\/#author\",\"url\":\"https:\\\/\\\/www.jornalja.com.br\\\/arquivo\\\/author\\\/daredacao\\\/\",\"name\":\"da Reda\\u00e7\\u00e3o\",\"image\":{\"@type\":\"ImageObject\",\"@id\":\"https:\\\/\\\/www.jornalja.com.br\\\/arquivo\\\/tres-ex-prefeitos-comparecem-ao-ato-contra-privatizacao-do-dmae\\\/#authorImage\",\"url\":\"https:\\\/\\\/secure.gravatar.com\\\/avatar\\\/469fd857d6605ad19919d27ed29d35a968a25f6e8fd9318356bbb7f57aae9c65?s=96&d=mm&r=g\",\"width\":96,\"height\":96,\"caption\":\"da Reda\\u00e7\\u00e3o\"}},{\"@type\":\"WebPage\",\"@id\":\"https:\\\/\\\/www.jornalja.com.br\\\/arquivo\\\/tres-ex-prefeitos-comparecem-ao-ato-contra-privatizacao-do-dmae\\\/#webpage\",\"url\":\"https:\\\/\\\/www.jornalja.com.br\\\/arquivo\\\/tres-ex-prefeitos-comparecem-ao-ato-contra-privatizacao-do-dmae\\\/\",\"name\":\"Tr\\u00eas ex-prefeitos comparecem ao ato contra privatiza\\u00e7\\u00e3o do DMAE | Arquivo\",\"inLanguage\":\"pt-BR\",\"isPartOf\":{\"@id\":\"https:\\\/\\\/www.jornalja.com.br\\\/arquivo\\\/#website\"},\"breadcrumb\":{\"@id\":\"https:\\\/\\\/www.jornalja.com.br\\\/arquivo\\\/tres-ex-prefeitos-comparecem-ao-ato-contra-privatizacao-do-dmae\\\/#breadcrumblist\"},\"author\":{\"@id\":\"https:\\\/\\\/www.jornalja.com.br\\\/arquivo\\\/author\\\/daredacao\\\/#author\"},\"creator\":{\"@id\":\"https:\\\/\\\/www.jornalja.com.br\\\/arquivo\\\/author\\\/daredacao\\\/#author\"},\"image\":{\"@type\":\"ImageObject\",\"url\":53706,\"@id\":\"https:\\\/\\\/www.jornalja.com.br\\\/arquivo\\\/tres-ex-prefeitos-comparecem-ao-ato-contra-privatizacao-do-dmae\\\/#mainImage\"},\"primaryImageOfPage\":{\"@id\":\"https:\\\/\\\/www.jornalja.com.br\\\/arquivo\\\/tres-ex-prefeitos-comparecem-ao-ato-contra-privatizacao-do-dmae\\\/#mainImage\"},\"datePublished\":\"2017-08-17T18:18:29-03:00\",\"dateModified\":\"2017-08-17T18:18:29-03:00\"},{\"@type\":\"WebSite\",\"@id\":\"https:\\\/\\\/www.jornalja.com.br\\\/arquivo\\\/#website\",\"url\":\"https:\\\/\\\/www.jornalja.com.br\\\/arquivo\\\/\",\"name\":\"Arquivo\",\"description\":\"Jornal J\\u00c1 | Porto Alegre\",\"inLanguage\":\"pt-BR\",\"publisher\":{\"@id\":\"https:\\\/\\\/www.jornalja.com.br\\\/arquivo\\\/#organization\"}}]}\n\t\t<\/script>\n\t\t<!-- All in One SEO -->\n\n","aioseo_head_json":{"title":"Tr\u00eas ex-prefeitos comparecem ao ato contra privatiza\u00e7\u00e3o do DMAE | Arquivo","description":"","canonical_url":"https:\/\/www.jornalja.com.br\/arquivo\/tres-ex-prefeitos-comparecem-ao-ato-contra-privatizacao-do-dmae\/","robots":"max-image-preview:large","keywords":"","webmasterTools":{"miscellaneous":""},"schema":{"@context":"https:\/\/schema.org","@graph":[{"@type":"BlogPosting","@id":"https:\/\/www.jornalja.com.br\/arquivo\/tres-ex-prefeitos-comparecem-ao-ato-contra-privatizacao-do-dmae\/#blogposting","name":"Tr\u00eas ex-prefeitos comparecem ao ato contra privatiza\u00e7\u00e3o do DMAE | Arquivo","headline":"Tr\u00eas ex-prefeitos comparecem ao ato contra privatiza\u00e7\u00e3o do DMAE","author":{"@id":"https:\/\/www.jornalja.com.br\/arquivo\/author\/daredacao\/#author"},"publisher":{"@id":"https:\/\/www.jornalja.com.br\/arquivo\/#organization"},"image":{"@type":"ImageObject","url":53706},"datePublished":"2017-08-17T18:18:29-03:00","dateModified":"2017-08-17T18:18:29-03:00","inLanguage":"pt-BR","mainEntityOfPage":{"@id":"https:\/\/www.jornalja.com.br\/arquivo\/tres-ex-prefeitos-comparecem-ao-ato-contra-privatizacao-do-dmae\/#webpage"},"isPartOf":{"@id":"https:\/\/www.jornalja.com.br\/arquivo\/tres-ex-prefeitos-comparecem-ao-ato-contra-privatizacao-do-dmae\/#webpage"},"articleSection":"Geral"},{"@type":"BreadcrumbList","@id":"https:\/\/www.jornalja.com.br\/arquivo\/tres-ex-prefeitos-comparecem-ao-ato-contra-privatizacao-do-dmae\/#breadcrumblist","itemListElement":[{"@type":"ListItem","@id":"https:\/\/www.jornalja.com.br\/arquivo#listItem","position":1,"name":"Home","item":"https:\/\/www.jornalja.com.br\/arquivo","nextItem":{"@type":"ListItem","@id":"https:\/\/www.jornalja.com.br\/arquivo\/category\/geral\/#listItem","name":"Geral"}},{"@type":"ListItem","@id":"https:\/\/www.jornalja.com.br\/arquivo\/category\/geral\/#listItem","position":2,"name":"Geral","item":"https:\/\/www.jornalja.com.br\/arquivo\/category\/geral\/","nextItem":{"@type":"ListItem","@id":"https:\/\/www.jornalja.com.br\/arquivo\/tres-ex-prefeitos-comparecem-ao-ato-contra-privatizacao-do-dmae\/#listItem","name":"Tr\u00eas ex-prefeitos comparecem ao ato contra privatiza\u00e7\u00e3o do DMAE"},"previousItem":{"@type":"ListItem","@id":"https:\/\/www.jornalja.com.br\/arquivo#listItem","name":"Home"}},{"@type":"ListItem","@id":"https:\/\/www.jornalja.com.br\/arquivo\/tres-ex-prefeitos-comparecem-ao-ato-contra-privatizacao-do-dmae\/#listItem","position":3,"name":"Tr\u00eas ex-prefeitos comparecem ao ato contra privatiza\u00e7\u00e3o do DMAE","previousItem":{"@type":"ListItem","@id":"https:\/\/www.jornalja.com.br\/arquivo\/category\/geral\/#listItem","name":"Geral"}}]},{"@type":"Organization","@id":"https:\/\/www.jornalja.com.br\/arquivo\/#organization","name":"Jornal J\u00c1","description":"Jornal J\u00c1 | Porto Alegre","url":"https:\/\/www.jornalja.com.br\/arquivo\/","telephone":"+555133307272","logo":{"@type":"ImageObject","url":"https:\/\/www.jornalja.com.br\/wp-content\/uploads\/cards\/JAslogan.png","@id":"https:\/\/www.jornalja.com.br\/arquivo\/tres-ex-prefeitos-comparecem-ao-ato-contra-privatizacao-do-dmae\/#organizationLogo"},"image":{"@id":"https:\/\/www.jornalja.com.br\/arquivo\/tres-ex-prefeitos-comparecem-ao-ato-contra-privatizacao-do-dmae\/#organizationLogo"}},{"@type":"Person","@id":"https:\/\/www.jornalja.com.br\/arquivo\/author\/daredacao\/#author","url":"https:\/\/www.jornalja.com.br\/arquivo\/author\/daredacao\/","name":"da Reda\u00e7\u00e3o","image":{"@type":"ImageObject","@id":"https:\/\/www.jornalja.com.br\/arquivo\/tres-ex-prefeitos-comparecem-ao-ato-contra-privatizacao-do-dmae\/#authorImage","url":"https:\/\/secure.gravatar.com\/avatar\/469fd857d6605ad19919d27ed29d35a968a25f6e8fd9318356bbb7f57aae9c65?s=96&d=mm&r=g","width":96,"height":96,"caption":"da Reda\u00e7\u00e3o"}},{"@type":"WebPage","@id":"https:\/\/www.jornalja.com.br\/arquivo\/tres-ex-prefeitos-comparecem-ao-ato-contra-privatizacao-do-dmae\/#webpage","url":"https:\/\/www.jornalja.com.br\/arquivo\/tres-ex-prefeitos-comparecem-ao-ato-contra-privatizacao-do-dmae\/","name":"Tr\u00eas ex-prefeitos comparecem ao ato contra privatiza\u00e7\u00e3o do DMAE | Arquivo","inLanguage":"pt-BR","isPartOf":{"@id":"https:\/\/www.jornalja.com.br\/arquivo\/#website"},"breadcrumb":{"@id":"https:\/\/www.jornalja.com.br\/arquivo\/tres-ex-prefeitos-comparecem-ao-ato-contra-privatizacao-do-dmae\/#breadcrumblist"},"author":{"@id":"https:\/\/www.jornalja.com.br\/arquivo\/author\/daredacao\/#author"},"creator":{"@id":"https:\/\/www.jornalja.com.br\/arquivo\/author\/daredacao\/#author"},"image":{"@type":"ImageObject","url":53706,"@id":"https:\/\/www.jornalja.com.br\/arquivo\/tres-ex-prefeitos-comparecem-ao-ato-contra-privatizacao-do-dmae\/#mainImage"},"primaryImageOfPage":{"@id":"https:\/\/www.jornalja.com.br\/arquivo\/tres-ex-prefeitos-comparecem-ao-ato-contra-privatizacao-do-dmae\/#mainImage"},"datePublished":"2017-08-17T18:18:29-03:00","dateModified":"2017-08-17T18:18:29-03:00"},{"@type":"WebSite","@id":"https:\/\/www.jornalja.com.br\/arquivo\/#website","url":"https:\/\/www.jornalja.com.br\/arquivo\/","name":"Arquivo","description":"Jornal J\u00c1 | Porto Alegre","inLanguage":"pt-BR","publisher":{"@id":"https:\/\/www.jornalja.com.br\/arquivo\/#organization"}}]},"og:locale":"pt_BR","og:site_name":"Arquivo | Jornal J\u00c1 | Porto Alegre","og:type":"article","og:title":"Tr\u00eas ex-prefeitos comparecem ao ato contra privatiza\u00e7\u00e3o do DMAE | Arquivo","og:url":"https:\/\/www.jornalja.com.br\/arquivo\/tres-ex-prefeitos-comparecem-ao-ato-contra-privatizacao-do-dmae\/","og:image":"https:\/\/www.jornalja.com.br\/wp-content\/uploads\/2017\/08\/Foto-Marta-Resing-9.jpg","og:image:secure_url":"https:\/\/www.jornalja.com.br\/wp-content\/uploads\/2017\/08\/Foto-Marta-Resing-9.jpg","article:published_time":"2017-08-17T21:18:29+00:00","article:modified_time":"2017-08-17T21:18:29+00:00","twitter:card":"summary","twitter:title":"Tr\u00eas ex-prefeitos comparecem ao ato contra privatiza\u00e7\u00e3o do DMAE | Arquivo","twitter:image":"https:\/\/www.jornalja.com.br\/economics\/wp-content\/uploads\/sites\/11\/2026\/08\/ja-folhaderosto-facebook.jpg"},"aioseo_meta_data":{"post_id":"53699","title":null,"description":null,"keywords":null,"keyphrases":null,"primary_term":null,"canonical_url":null,"og_title":null,"og_description":null,"og_object_type":"default","og_image_type":"default","og_image_url":null,"og_image_width":null,"og_image_height":null,"og_image_custom_url":null,"og_image_custom_fields":null,"og_video":null,"og_custom_url":null,"og_article_section":null,"og_article_tags":null,"twitter_use_og":false,"twitter_card":"default","twitter_image_type":"default","twitter_image_url":null,"twitter_image_custom_url":null,"twitter_image_custom_fields":null,"twitter_title":null,"twitter_description":null,"schema":{"blockGraphs":[],"customGraphs":[],"default":{"data":{"Article":[],"Course":[],"Dataset":[],"FAQPage":[],"Movie":[],"Person":[],"Product":[],"ProductReview":[],"Car":[],"Recipe":[],"Service":[],"SoftwareApplication":[],"WebPage":[]},"graphName":"","isEnabled":true},"graphs":[],"defaultGraph":"","defaultPostTypeGraph":""},"schema_type":null,"schema_type_options":null,"pillar_content":false,"robots_default":true,"robots_noindex":false,"robots_noarchive":false,"robots_nosnippet":false,"robots_nofollow":false,"robots_noimageindex":false,"robots_noodp":false,"robots_notranslate":false,"robots_max_snippet":null,"robots_max_videopreview":null,"robots_max_imagepreview":"large","priority":null,"frequency":null,"location":null,"local_seo":null,"breadcrumb_settings":null,"limit_modified_date":false,"ai":null,"created":"2020-12-20 20:26:59","updated":"2025-07-20 00:19:58","seo_analyzer_scan_date":null,"focus_keyword":null,"additional_keywords":null,"truseo_locale":null},"jetpack_sharing_enabled":true,"jetpack-related-posts":[{"id":14241,"url":"https:\/\/www.jornalja.com.br\/arquivo\/o-guaiba-nas-imagens-poeticas-de-achutti\/","url_meta":{"origin":53699,"position":0},"title":"O Gua\u00edba nas imagens po\u00e9ticas de Achutti","author":"da Reda\u00e7\u00e3o","date":"18 de junho de 2014","format":false,"excerpt":"Em \u201cO Gua\u00edba por Achutti\u201d \u2013 obra financiada via Minist\u00e9rio da Cultura, produ\u00e7\u00e3o executiva de Pedro Longhi, e Fl\u00e1vio Wild como designer \u2013, o fot\u00f3grafo revela a beleza e as mazelas de um espa\u00e7o aqu\u00e1tico de \u00e1guas sempre renovadas, cheio de hist\u00f3rias e lendas como as das cidades que foram\u2026","rel":"","context":"Em &quot;Cultura-Geral&quot;","block_context":{"text":"Cultura-Geral","link":"https:\/\/www.jornalja.com.br\/arquivo\/category\/materiasecundaria\/"},"img":{"alt_text":"","src":"","width":0,"height":0},"classes":[]},{"id":13240,"url":"https:\/\/www.jornalja.com.br\/arquivo\/plano-diretor-estamos-construindo-o-caos\/","url_meta":{"origin":53699,"position":1},"title":"Plano diretor: &quot;Estamos construindo o caos&quot;","author":"Patr\u00edcia Marini","date":"26 de maio de 2014","format":false,"excerpt":"Desabafo que arquiteta Eliana Castilhos, delegada da Regi\u00e3o de Planejamento 1, postou nas redes sociais \u00e9 um testemunho do ambiente que se criou no Conselho do Plano Diretor de Porto Alegre, onde a aprova\u00e7\u00e3o de grandes empreendimentos \u00e9 empurrada guela abaixo dos conselheiros. Ao CMDUA Como delegada da Regi\u00e3o de\u2026","rel":"","context":"Em &quot;Geral&quot;","block_context":{"text":"Geral","link":"https:\/\/www.jornalja.com.br\/arquivo\/category\/geral\/"},"img":{"alt_text":"","src":"","width":0,"height":0},"classes":[]},{"id":13239,"url":"https:\/\/www.jornalja.com.br\/arquivo\/conselho-desdenha-do-plano-diretor\/","url_meta":{"origin":53699,"position":2},"title":"Porto Alegre: Conselho detona Plano Diretor","author":"Patr\u00edcia Marini","date":"25 de maio de 2014","format":false,"excerpt":"Den\u00fancia do arquiteto e \u00a0urbanista Ibir\u00e1 Santos Lucas. Ele diz que os conselheiros est\u00e3o votando com \"enorme irresponsabilidade\". \"Mudam regime com a maior naturalidade,,,regularizam absurdos de constru\u00e7\u00f5es irregulares... \"O CMDUA est\u00e1 flexibilizando a lei do plano diretor, de uma forma impactante na vida da cidade. Mudam regime com a maior\u2026","rel":"","context":"Em &quot;Geral&quot;","block_context":{"text":"Geral","link":"https:\/\/www.jornalja.com.br\/arquivo\/category\/geral\/"},"img":{"alt_text":"","src":"","width":0,"height":0},"classes":[]},{"id":13128,"url":"https:\/\/www.jornalja.com.br\/arquivo\/maconha-terra-diz-que-uso-medicinal-e-desculpa\/","url_meta":{"origin":53699,"position":3},"title":"Maconha: Terra diz que uso medicinal \u00e9 desculpa","author":"Patr\u00edcia Marini","date":"4 de junho de 2014","format":false,"excerpt":"A condi\u00e7\u00e3o de pol\u00edtico, em \u00e9poca de campanha de campanha eleitoral, tira for\u00e7a do discurso do m\u00e9dico Osmar Terra contra a legaliza\u00e7\u00e3o da maconha. A tese dele de que a libera\u00e7\u00e3o vai ampliar exponencialmente o consumo \u00e9 discutivel, o consumo \u00e9 corrente. Mas seus alertas quanto aos riscos tem que\u2026","rel":"","context":"Em &quot;X.Categorias velhas&quot;","block_context":{"text":"X.Categorias velhas","link":"https:\/\/www.jornalja.com.br\/arquivo\/category\/x-categorias-velhas\/"},"img":{"alt_text":"","src":"","width":0,"height":0},"classes":[]},{"id":13124,"url":"https:\/\/www.jornalja.com.br\/arquivo\/sangue-latino-no-iecine\/","url_meta":{"origin":53699,"position":4},"title":"Sangue latino no IECINE","author":"da Reda\u00e7\u00e3o","date":"18 de maio de 2014","format":false,"excerpt":"Francisco Ribeiro O Instituto Estadual de Cinema (IECINE) tem a frente, desde abril \u00faltimo, um novo diretor, o cineasta colombiano Juan Zapata, 36, que substitui Luiz Alberto Cassol. Radicado h\u00e1 dez anos em Porto Alegre, Zapata tem diante de si o desafio de conduzir at\u00e9 o final do ano um\u2026","rel":"","context":"Em &quot;Cultura-Geral&quot;","block_context":{"text":"Cultura-Geral","link":"https:\/\/www.jornalja.com.br\/arquivo\/category\/materiasecundaria\/"},"img":{"alt_text":"","src":"","width":0,"height":0},"classes":[]},{"id":5440,"url":"https:\/\/www.jornalja.com.br\/arquivo\/casarao-da-venancio-destino-permanece-incerto\/","url_meta":{"origin":53699,"position":5},"title":"Estado ainda n\u00e3o sabe o que fazer com casar\u00e3o abandonado h\u00e1 20 anos","author":"Elmar Bones","date":"6 de julho de 2009","format":false,"excerpt":"O casar\u00e3o amarelo, numa esquina nobre de Porto Alegre (Ven\u00e2ncio Aires com Jo\u00e3o Pessoa), j\u00e1 abrigou uma escola. H\u00e1 duas d\u00e9cadas, pelo menos, est\u00e1 abandonado, porque seu propriet\u00e1rio, o governo do Estado do Rio Grande do Sul, n\u00e3o consegue achar um destino para ele. Planos n\u00e3o faltaram. O governador Ol\u00edvio\u2026","rel":"","context":"Em &quot;X.Categorias velhas&quot;","block_context":{"text":"X.Categorias velhas","link":"https:\/\/www.jornalja.com.br\/arquivo\/category\/x-categorias-velhas\/"},"img":{"alt_text":"geraldo1","src":"https:\/\/i0.wp.com\/www.jornalja.com.br\/wp-content\/uploads\/2009\/07\/geraldo1.jpg?resize=350%2C200&ssl=1","width":350,"height":200},"classes":[]}],"jetpack_shortlink":"https:\/\/wp.me\/pbQjBd-dY7","jetpack_featured_media_url":"","_links":{"self":[{"href":"https:\/\/www.jornalja.com.br\/arquivo\/wp-json\/wp\/v2\/posts\/53699","targetHints":{"allow":["GET"]}}],"collection":[{"href":"https:\/\/www.jornalja.com.br\/arquivo\/wp-json\/wp\/v2\/posts"}],"about":[{"href":"https:\/\/www.jornalja.com.br\/arquivo\/wp-json\/wp\/v2\/types\/post"}],"author":[{"embeddable":true,"href":"https:\/\/www.jornalja.com.br\/arquivo\/wp-json\/wp\/v2\/users\/4"}],"replies":[{"embeddable":true,"href":"https:\/\/www.jornalja.com.br\/arquivo\/wp-json\/wp\/v2\/comments?post=53699"}],"version-history":[{"count":0,"href":"https:\/\/www.jornalja.com.br\/arquivo\/wp-json\/wp\/v2\/posts\/53699\/revisions"}],"wp:attachment":[{"href":"https:\/\/www.jornalja.com.br\/arquivo\/wp-json\/wp\/v2\/media?parent=53699"}],"wp:term":[{"taxonomy":"category","embeddable":true,"href":"https:\/\/www.jornalja.com.br\/arquivo\/wp-json\/wp\/v2\/categories?post=53699"},{"taxonomy":"post_tag","embeddable":true,"href":"https:\/\/www.jornalja.com.br\/arquivo\/wp-json\/wp\/v2\/tags?post=53699"}],"curies":[{"name":"wp","href":"https:\/\/api.w.org\/{rel}","templated":true}]}}