{"id":53747,"date":"2017-08-18T14:44:07","date_gmt":"2017-08-18T17:44:07","guid":{"rendered":"https:\/\/www.jornalja.com.br\/?p=53747"},"modified":"2017-08-18T14:44:07","modified_gmt":"2017-08-18T17:44:07","slug":"campanha-para-memorial-as-vitimas-da-kiss-sera-lancada-dia-21-em-santa-maria","status":"publish","type":"post","link":"https:\/\/www.jornalja.com.br\/arquivo\/campanha-para-memorial-as-vitimas-da-kiss-sera-lancada-dia-21-em-santa-maria\/","title":{"rendered":"Campanha para Memorial \u00e0s V\u00edtimas da Kiss ser\u00e1 lan\u00e7ada em Santa Maria"},"content":{"rendered":"<p>Nesta segunda-feira, 21\/08,\u00a0 a Associa\u00e7\u00e3o dos Familiares de V\u00edtimas e Sobreviventes da Trag\u00e9dia de Santa Maria (AVTSM), juntamente com o Instituto de Arquitetos do Brasil (IAB RS) e a Prefeitura de Santa Maria, lan\u00e7am oficialmente\u00a0<a href=\"http:\/\/www.facebook.com\/events\/131170627494535\/?acontext=%7B%22action_history%22%3A%22%5b%7B%5C%22surface%5C%22%3A%5C%22page%5C%22%2C%5C%22mechanism%5C%22%3A%5C%22page_upcoming_events_card%5C%22%2C%5C%22extra_data%5C%22%3A%5b%5d%7D%5d%22%2C%22has_source%22%3Atrue\">a campanha de arrecada\u00e7\u00e3o para o Memorial \u00e0s V\u00edtimas da Kiss<\/a>.<br \/>\nO ato ser\u00e1 na Pra\u00e7a Saldanha Marinho, no Centro da cidade de Santa Maria, \u00e0s 10h.<br \/>\nAp\u00f3s quatro anos e meio da trag\u00e9dia, ocorrida em 27 de janeiro de 2013, o novo prefeito de Santa Maria, Jorge Pozzobom, decidiu pela desapropria\u00e7\u00e3o do pr\u00e9dio onde funcionava a casa noturna. A\u00a0assinatura do documento ocorreu em 10 de julho passado.<br \/>\nDurante o ato de desapropria\u00e7\u00e3o, Pozzobom assumiu o compromisso de demolir o pr\u00e9dio e entregar o terreno \u00e0 AVTSM at\u00e9 27 de janeiro de 2018 \u2013 data em que a trag\u00e9dia completa cinco anos.<br \/>\nO Memorial deve se tornar realidade ap\u00f3s tr\u00eas etapas, duas delas viabilizadas atrav\u00e9s de um financiamento coletivo.<br \/>\nA primeira ser\u00e1 a realiza\u00e7\u00e3o de um concurso p\u00fablico nacional de arquitetura para selecionar o projeto da obra. O segundo passo ser\u00e1 a contrata\u00e7\u00e3o do profissional vencedor do concurso para a elabora\u00e7\u00e3o dos projetos executivos. A terceira e \u00faltima etapa ser\u00e1 a constru\u00e7\u00e3o do Memorial \u00e0s V\u00edtimas da Kiss.<br \/>\nOs recursos para a execu\u00e7\u00e3o da obra ser\u00e3o captados em outro momento.<br \/>\n\u201cCom absoluto respeito \u00e0 Associa\u00e7\u00e3o e \u00e0 comunidade de Santa Maria, j\u00e1 cumprimos a primeira etapa, que foi a desapropria\u00e7\u00e3o do pr\u00e9dio onde funcionava a Boate Kiss. Agora, o nosso segundo compromisso \u00e9 estar,\u00a0no dia 27 de janeiro de 2018, com o pr\u00e9dio demolido para que possamos lan\u00e7ar a pedra fundamental do memorial. Trabalharemos para isso\u201d, diz o prefeito Jorge Pozzobom.<br \/>\n<span class=\"intertit\">Ato aproxima Associa\u00e7\u00e3o de V\u00edtimas de Prefeitura<\/span><br \/>\nNa opini\u00e3o do presidente da Associa\u00e7\u00e3o, S\u00e9rgio da Silva, a campanha de arrecada\u00e7\u00e3o de doa\u00e7\u00f5es para viabilizar a constru\u00e7\u00e3o do Memorial ressignifica a dor da trag\u00e9dia e coloca novamente a AVTSM como protagonistas da luta contra o esquecimento.<br \/>\n\u201cN\u00f3s, da Associa\u00e7\u00e3o dos Familiares de V\u00edtimas e Sobreviventes, entendemos este ato como uma oportunidade de reconcilia\u00e7\u00e3o Durante tr\u00eas anos, a Administra\u00e7\u00e3o anterior nos virou as costas, tentando abafar a nossa dor. A constru\u00e7\u00e3o do Memorial vai reaproximar \u2013 familiares das v\u00edtimas e sobreviventes \u2013 da cidade e da Prefeitura. E isso pra n\u00f3s \u00e9 um pouco de conforto diante de todo o sofrimento que estamos passando. As pessoas querem esquecer, mas a gente precisa continuar, para que n\u00e3o se repita\u201d, desabafa.<br \/>\nS\u00e9rgio acredita que o engajamento das pessoas durante a campanha de financiamento ser\u00e1 uma resposta para o Estado, para o Brasil e para o mundo de que a cidade est\u00e1 lutando para lidar com as consequ\u00eancias da trag\u00e9dia. \u201cEsperamos que a sociedade demonstre empatia com a nossa causa. A participa\u00e7\u00e3o de todos \u00e9 muito importante para atingir nosso objetivo de homenagear a mem\u00f3ria dos 242 jovens que perderam a vida na trag\u00e9dia\u201d, afirma.<br \/>\nNo evento da pr\u00f3xima segunda-feira, ser\u00e1 feita a explica\u00e7\u00e3o detalhada de todos os processos at\u00e9 a realiza\u00e7\u00e3o do concurso nacional (leia mais abaixo). Para marcar o in\u00edcio da campanha, ser\u00e3o realizadas as primeiras doa\u00e7\u00f5es por pessoas escolhidas pela Associa\u00e7\u00e3o. Tamb\u00e9m est\u00e3o previstas apresenta\u00e7\u00f5es art\u00edsticas e musicais do Coral Illumina, formado por alunos da Escola Municipal de Ensino Fundamental Duque de Caxias, do cantor Beto Pires e do projeto Orquestrando Arte.<br \/>\n<span class=\"intertit\">Como vai funcionar o financiamento coletivo<\/span><br \/>\n<img loading=\"lazy\" decoding=\"async\" class=\"aligncenter wp-image-53749 size-medium\" src=\"https:\/\/www.jornalja.com.br\/wp-content\/uploads\/2017\/08\/memorial-1-400x300.jpg\" alt=\"\" width=\"400\" height=\"300\" \/><br \/>\nDe acordo com o arquiteto do Instituto de Arquitetos do Brasil (IAB RS) e coordenador do Concurso P\u00fablico de Arquitetura para o Memorial das V\u00edtimas da Boate Kiss, Tiago Holzmann da Silva, a campanha de financiamento coletivo vai permitir a constru\u00e7\u00e3o do Memorial de forma exemplar.<br \/>\n\u201cAcreditamos que, com apoio dos familiares e de toda a comunidade, atrav\u00e9s da realiza\u00e7\u00e3o do Concurso P\u00fablico Nacional de Arquitetura, teremos um processo t\u00e9cnico transparente e agregador que garante a alta qualidade do resultado final.&#8221;<br \/>\nPessoas f\u00edsicas ou jur\u00eddicas podem doar utilizando a plataforma de financiamento coletivo dispon\u00edvel no site\u00a0www.juntos.com.br\/memorialkiss, no per\u00edodo de 21 de agosto a 02 de outubro. Ao acessar a p\u00e1gina, o doador deve clicar em \u201cApoiar este projeto\u201d e escolher o valor desejado para a doa\u00e7\u00e3o.<br \/>\nO pagamento ser\u00e1 feito com cart\u00e3o de cr\u00e9dito ou Moip (pagamento online). H\u00e1 ainda a possibilidade de emitir boleto banc\u00e1rio, principalmente para as empresas. As doa\u00e7\u00f5es s\u00e3o declar\u00e1veis no Imposto de Renda e, dependendo do valor, o doador poder\u00e1 ter direito a uma recompensa.<br \/>\n<strong>Valor m\u00ednimo para pessoas f\u00edsicas: R$ 50.00<\/strong><br \/>\n<strong>Valor m\u00ednimo para empresas: R$ 1.000,00<\/strong><br \/>\n*Para os familiares das v\u00edtimas haver\u00e1 a possibilidade de doa\u00e7\u00e3o de um valor diferenciado.<br \/>\n<span class=\"intertit\">Metas da campanha<\/span><br \/>\nMeta m\u00ednima: R$ 250 mil &#8211; concurso completo, eventos, exposi\u00e7\u00e3o, cat\u00e1logo, premia\u00e7\u00f5es;<br \/>\nMeta 2: \u00a0R$ 400 mil &#8211; honor\u00e1rios para o vencedor do concurso referentes ao projeto de arquitetura e paisagismo;<br \/>\nMeta ideal: R$ 500 mil &#8211; complementa\u00e7\u00e3o dos honor\u00e1rios do vencedor para projetos complementares (estrutural, hidrossanit\u00e1rio, el\u00e9trico, luminot\u00e9cnica, PPCI e outros).<br \/>\n<span class=\"culturadestaque\"><strong>Cronograma <\/strong><\/span><br \/>\n21 de agosto:\u00a0Lan\u00e7amento em Santa Maria<br \/>\n21 de agosto a 02 de outubro:\u00a0Per\u00edodo de capta\u00e7\u00e3o<br \/>\n28 de agosto:\u00a0Lan\u00e7amento em Porto Alegre (data e local a definir)<br \/>\n1\u00ba e 02 de setembro:\u00a0Semin\u00e1rio<br \/>\n15 de setembro:\u00a0Divulga\u00e7\u00e3o dos resultados do semin\u00e1rio<br \/>\n12 de outubro:\u00a0Lan\u00e7amento do Concurso P\u00fablico Nacional<br \/>\n27 de novembro:\u00a0Prazo final para entrega das propostas<br \/>\n15 de dezembro:\u00a0Divulga\u00e7\u00e3o da proposta vencedora<br \/>\n27 de janeiro de 2018:\u00a0Assinatura do contrato e lan\u00e7amento da pedra fundamental do Memorial<\/p>\n","protected":false},"excerpt":{"rendered":"<p>Nesta segunda-feira, 21\/08,\u00a0 a Associa\u00e7\u00e3o dos Familiares de V\u00edtimas e Sobreviventes da Trag\u00e9dia de Santa Maria (AVTSM), juntamente com o Instituto de Arquitetos do Brasil (IAB RS) e a Prefeitura de Santa Maria, lan\u00e7am oficialmente\u00a0a campanha de arrecada\u00e7\u00e3o para o Memorial \u00e0s V\u00edtimas da Kiss. O ato ser\u00e1 na Pra\u00e7a Saldanha Marinho, no Centro da [&hellip;]<\/p>\n","protected":false},"author":4,"featured_media":53748,"comment_status":"open","ping_status":"closed","sticky":false,"template":"","format":"standard","meta":{"_jetpack_newsletter_access":"","_jetpack_dont_email_post_to_subs":false,"_jetpack_newsletter_tier_id":0,"_jetpack_memberships_contains_paywalled_content":false,"_jetpack_feature_clip_id":0,"_jetpack_memberships_contains_paid_content":false,"footnotes":"","jetpack_post_was_ever_published":false},"categories":[26],"tags":[],"class_list":["post-53747","post","type-post","status-publish","format-standard","has-post-thumbnail","hentry","category-geral"],"aioseo_notices":[],"aioseo_head":"\n\t\t<!-- All in One SEO 5.0.1.1 - aioseo.com -->\n\t<meta name=\"robots\" content=\"max-image-preview:large\" \/>\n\t<meta name=\"author\" content=\"da Reda\u00e7\u00e3o\"\/>\n\t<link rel=\"canonical\" href=\"https:\/\/www.jornalja.com.br\/arquivo\/campanha-para-memorial-as-vitimas-da-kiss-sera-lancada-dia-21-em-santa-maria\/\" \/>\n\t<meta name=\"generator\" content=\"All in One SEO (AIOSEO) 5.0.1.1\" \/>\n\t\t<meta property=\"og:locale\" content=\"pt_BR\" \/>\n\t\t<meta property=\"og:site_name\" content=\"Arquivo | Jornal J\u00c1 | Porto Alegre\" \/>\n\t\t<meta property=\"og:type\" content=\"article\" \/>\n\t\t<meta property=\"og:title\" content=\"Campanha para Memorial \u00e0s V\u00edtimas da Kiss ser\u00e1 lan\u00e7ada em Santa Maria | Arquivo\" \/>\n\t\t<meta property=\"og:url\" content=\"https:\/\/www.jornalja.com.br\/arquivo\/campanha-para-memorial-as-vitimas-da-kiss-sera-lancada-dia-21-em-santa-maria\/\" \/>\n\t\t<meta property=\"og:image\" content=\"https:\/\/www.jornalja.com.br\/wp-content\/uploads\/2017\/08\/memorial-1-400x300.jpg\" \/>\n\t\t<meta property=\"og:image:secure_url\" content=\"https:\/\/www.jornalja.com.br\/wp-content\/uploads\/2017\/08\/memorial-1-400x300.jpg\" \/>\n\t\t<meta property=\"article:published_time\" content=\"2017-08-18T17:44:07+00:00\" \/>\n\t\t<meta property=\"article:modified_time\" content=\"2017-08-18T17:44:07+00:00\" \/>\n\t\t<meta name=\"twitter:card\" content=\"summary\" \/>\n\t\t<meta name=\"twitter:title\" content=\"Campanha para Memorial \u00e0s V\u00edtimas da Kiss ser\u00e1 lan\u00e7ada em Santa Maria | Arquivo\" \/>\n\t\t<meta name=\"twitter:image\" content=\"https:\/\/www.jornalja.com.br\/economics\/wp-content\/uploads\/sites\/11\/2026\/08\/ja-folhaderosto-facebook.jpg\" \/>\n\t\t<script type=\"application\/ld+json\" class=\"aioseo-schema\">\n\t\t\t{\"@context\":\"https:\\\/\\\/schema.org\",\"@graph\":[{\"@type\":\"BlogPosting\",\"@id\":\"https:\\\/\\\/www.jornalja.com.br\\\/arquivo\\\/campanha-para-memorial-as-vitimas-da-kiss-sera-lancada-dia-21-em-santa-maria\\\/#blogposting\",\"name\":\"Campanha para Memorial \\u00e0s V\\u00edtimas da Kiss ser\\u00e1 lan\\u00e7ada em Santa Maria | Arquivo\",\"headline\":\"Campanha para Memorial \\u00e0s V\\u00edtimas da Kiss ser\\u00e1 lan\\u00e7ada em Santa Maria\",\"author\":{\"@id\":\"https:\\\/\\\/www.jornalja.com.br\\\/arquivo\\\/author\\\/daredacao\\\/#author\"},\"publisher\":{\"@id\":\"https:\\\/\\\/www.jornalja.com.br\\\/arquivo\\\/#organization\"},\"image\":{\"@type\":\"ImageObject\",\"url\":53748},\"datePublished\":\"2017-08-18T14:44:07-03:00\",\"dateModified\":\"2017-08-18T14:44:07-03:00\",\"inLanguage\":\"pt-BR\",\"mainEntityOfPage\":{\"@id\":\"https:\\\/\\\/www.jornalja.com.br\\\/arquivo\\\/campanha-para-memorial-as-vitimas-da-kiss-sera-lancada-dia-21-em-santa-maria\\\/#webpage\"},\"isPartOf\":{\"@id\":\"https:\\\/\\\/www.jornalja.com.br\\\/arquivo\\\/campanha-para-memorial-as-vitimas-da-kiss-sera-lancada-dia-21-em-santa-maria\\\/#webpage\"},\"articleSection\":\"Geral\"},{\"@type\":\"BreadcrumbList\",\"@id\":\"https:\\\/\\\/www.jornalja.com.br\\\/arquivo\\\/campanha-para-memorial-as-vitimas-da-kiss-sera-lancada-dia-21-em-santa-maria\\\/#breadcrumblist\",\"itemListElement\":[{\"@type\":\"ListItem\",\"@id\":\"https:\\\/\\\/www.jornalja.com.br\\\/arquivo#listItem\",\"position\":1,\"name\":\"Home\",\"item\":\"https:\\\/\\\/www.jornalja.com.br\\\/arquivo\",\"nextItem\":{\"@type\":\"ListItem\",\"@id\":\"https:\\\/\\\/www.jornalja.com.br\\\/arquivo\\\/category\\\/geral\\\/#listItem\",\"name\":\"Geral\"}},{\"@type\":\"ListItem\",\"@id\":\"https:\\\/\\\/www.jornalja.com.br\\\/arquivo\\\/category\\\/geral\\\/#listItem\",\"position\":2,\"name\":\"Geral\",\"item\":\"https:\\\/\\\/www.jornalja.com.br\\\/arquivo\\\/category\\\/geral\\\/\",\"nextItem\":{\"@type\":\"ListItem\",\"@id\":\"https:\\\/\\\/www.jornalja.com.br\\\/arquivo\\\/campanha-para-memorial-as-vitimas-da-kiss-sera-lancada-dia-21-em-santa-maria\\\/#listItem\",\"name\":\"Campanha para Memorial \\u00e0s V\\u00edtimas da Kiss ser\\u00e1 lan\\u00e7ada em Santa Maria\"},\"previousItem\":{\"@type\":\"ListItem\",\"@id\":\"https:\\\/\\\/www.jornalja.com.br\\\/arquivo#listItem\",\"name\":\"Home\"}},{\"@type\":\"ListItem\",\"@id\":\"https:\\\/\\\/www.jornalja.com.br\\\/arquivo\\\/campanha-para-memorial-as-vitimas-da-kiss-sera-lancada-dia-21-em-santa-maria\\\/#listItem\",\"position\":3,\"name\":\"Campanha para Memorial \\u00e0s V\\u00edtimas da Kiss ser\\u00e1 lan\\u00e7ada em Santa Maria\",\"previousItem\":{\"@type\":\"ListItem\",\"@id\":\"https:\\\/\\\/www.jornalja.com.br\\\/arquivo\\\/category\\\/geral\\\/#listItem\",\"name\":\"Geral\"}}]},{\"@type\":\"Organization\",\"@id\":\"https:\\\/\\\/www.jornalja.com.br\\\/arquivo\\\/#organization\",\"name\":\"Jornal J\\u00c1\",\"description\":\"Jornal J\\u00c1 | Porto Alegre\",\"url\":\"https:\\\/\\\/www.jornalja.com.br\\\/arquivo\\\/\",\"telephone\":\"+555133307272\",\"logo\":{\"@type\":\"ImageObject\",\"url\":\"https:\\\/\\\/www.jornalja.com.br\\\/wp-content\\\/uploads\\\/cards\\\/JAslogan.png\",\"@id\":\"https:\\\/\\\/www.jornalja.com.br\\\/arquivo\\\/campanha-para-memorial-as-vitimas-da-kiss-sera-lancada-dia-21-em-santa-maria\\\/#organizationLogo\"},\"image\":{\"@id\":\"https:\\\/\\\/www.jornalja.com.br\\\/arquivo\\\/campanha-para-memorial-as-vitimas-da-kiss-sera-lancada-dia-21-em-santa-maria\\\/#organizationLogo\"}},{\"@type\":\"Person\",\"@id\":\"https:\\\/\\\/www.jornalja.com.br\\\/arquivo\\\/author\\\/daredacao\\\/#author\",\"url\":\"https:\\\/\\\/www.jornalja.com.br\\\/arquivo\\\/author\\\/daredacao\\\/\",\"name\":\"da Reda\\u00e7\\u00e3o\",\"image\":{\"@type\":\"ImageObject\",\"@id\":\"https:\\\/\\\/www.jornalja.com.br\\\/arquivo\\\/campanha-para-memorial-as-vitimas-da-kiss-sera-lancada-dia-21-em-santa-maria\\\/#authorImage\",\"url\":\"https:\\\/\\\/secure.gravatar.com\\\/avatar\\\/469fd857d6605ad19919d27ed29d35a968a25f6e8fd9318356bbb7f57aae9c65?s=96&d=mm&r=g\",\"width\":96,\"height\":96,\"caption\":\"da Reda\\u00e7\\u00e3o\"}},{\"@type\":\"WebPage\",\"@id\":\"https:\\\/\\\/www.jornalja.com.br\\\/arquivo\\\/campanha-para-memorial-as-vitimas-da-kiss-sera-lancada-dia-21-em-santa-maria\\\/#webpage\",\"url\":\"https:\\\/\\\/www.jornalja.com.br\\\/arquivo\\\/campanha-para-memorial-as-vitimas-da-kiss-sera-lancada-dia-21-em-santa-maria\\\/\",\"name\":\"Campanha para Memorial \\u00e0s V\\u00edtimas da Kiss ser\\u00e1 lan\\u00e7ada em Santa Maria | Arquivo\",\"inLanguage\":\"pt-BR\",\"isPartOf\":{\"@id\":\"https:\\\/\\\/www.jornalja.com.br\\\/arquivo\\\/#website\"},\"breadcrumb\":{\"@id\":\"https:\\\/\\\/www.jornalja.com.br\\\/arquivo\\\/campanha-para-memorial-as-vitimas-da-kiss-sera-lancada-dia-21-em-santa-maria\\\/#breadcrumblist\"},\"author\":{\"@id\":\"https:\\\/\\\/www.jornalja.com.br\\\/arquivo\\\/author\\\/daredacao\\\/#author\"},\"creator\":{\"@id\":\"https:\\\/\\\/www.jornalja.com.br\\\/arquivo\\\/author\\\/daredacao\\\/#author\"},\"image\":{\"@type\":\"ImageObject\",\"url\":53748,\"@id\":\"https:\\\/\\\/www.jornalja.com.br\\\/arquivo\\\/campanha-para-memorial-as-vitimas-da-kiss-sera-lancada-dia-21-em-santa-maria\\\/#mainImage\"},\"primaryImageOfPage\":{\"@id\":\"https:\\\/\\\/www.jornalja.com.br\\\/arquivo\\\/campanha-para-memorial-as-vitimas-da-kiss-sera-lancada-dia-21-em-santa-maria\\\/#mainImage\"},\"datePublished\":\"2017-08-18T14:44:07-03:00\",\"dateModified\":\"2017-08-18T14:44:07-03:00\"},{\"@type\":\"WebSite\",\"@id\":\"https:\\\/\\\/www.jornalja.com.br\\\/arquivo\\\/#website\",\"url\":\"https:\\\/\\\/www.jornalja.com.br\\\/arquivo\\\/\",\"name\":\"Arquivo\",\"description\":\"Jornal J\\u00c1 | Porto Alegre\",\"inLanguage\":\"pt-BR\",\"publisher\":{\"@id\":\"https:\\\/\\\/www.jornalja.com.br\\\/arquivo\\\/#organization\"}}]}\n\t\t<\/script>\n\t\t<!-- All in One SEO -->\n\n","aioseo_head_json":{"title":"Campanha para Memorial \u00e0s V\u00edtimas da Kiss ser\u00e1 lan\u00e7ada em Santa Maria | Arquivo","description":"","canonical_url":"https:\/\/www.jornalja.com.br\/arquivo\/campanha-para-memorial-as-vitimas-da-kiss-sera-lancada-dia-21-em-santa-maria\/","robots":"max-image-preview:large","keywords":"","webmasterTools":{"miscellaneous":""},"schema":{"@context":"https:\/\/schema.org","@graph":[{"@type":"BlogPosting","@id":"https:\/\/www.jornalja.com.br\/arquivo\/campanha-para-memorial-as-vitimas-da-kiss-sera-lancada-dia-21-em-santa-maria\/#blogposting","name":"Campanha para Memorial \u00e0s V\u00edtimas da Kiss ser\u00e1 lan\u00e7ada em Santa Maria | Arquivo","headline":"Campanha para Memorial \u00e0s V\u00edtimas da Kiss ser\u00e1 lan\u00e7ada em Santa Maria","author":{"@id":"https:\/\/www.jornalja.com.br\/arquivo\/author\/daredacao\/#author"},"publisher":{"@id":"https:\/\/www.jornalja.com.br\/arquivo\/#organization"},"image":{"@type":"ImageObject","url":53748},"datePublished":"2017-08-18T14:44:07-03:00","dateModified":"2017-08-18T14:44:07-03:00","inLanguage":"pt-BR","mainEntityOfPage":{"@id":"https:\/\/www.jornalja.com.br\/arquivo\/campanha-para-memorial-as-vitimas-da-kiss-sera-lancada-dia-21-em-santa-maria\/#webpage"},"isPartOf":{"@id":"https:\/\/www.jornalja.com.br\/arquivo\/campanha-para-memorial-as-vitimas-da-kiss-sera-lancada-dia-21-em-santa-maria\/#webpage"},"articleSection":"Geral"},{"@type":"BreadcrumbList","@id":"https:\/\/www.jornalja.com.br\/arquivo\/campanha-para-memorial-as-vitimas-da-kiss-sera-lancada-dia-21-em-santa-maria\/#breadcrumblist","itemListElement":[{"@type":"ListItem","@id":"https:\/\/www.jornalja.com.br\/arquivo#listItem","position":1,"name":"Home","item":"https:\/\/www.jornalja.com.br\/arquivo","nextItem":{"@type":"ListItem","@id":"https:\/\/www.jornalja.com.br\/arquivo\/category\/geral\/#listItem","name":"Geral"}},{"@type":"ListItem","@id":"https:\/\/www.jornalja.com.br\/arquivo\/category\/geral\/#listItem","position":2,"name":"Geral","item":"https:\/\/www.jornalja.com.br\/arquivo\/category\/geral\/","nextItem":{"@type":"ListItem","@id":"https:\/\/www.jornalja.com.br\/arquivo\/campanha-para-memorial-as-vitimas-da-kiss-sera-lancada-dia-21-em-santa-maria\/#listItem","name":"Campanha para Memorial \u00e0s V\u00edtimas da Kiss ser\u00e1 lan\u00e7ada em Santa Maria"},"previousItem":{"@type":"ListItem","@id":"https:\/\/www.jornalja.com.br\/arquivo#listItem","name":"Home"}},{"@type":"ListItem","@id":"https:\/\/www.jornalja.com.br\/arquivo\/campanha-para-memorial-as-vitimas-da-kiss-sera-lancada-dia-21-em-santa-maria\/#listItem","position":3,"name":"Campanha para Memorial \u00e0s V\u00edtimas da Kiss ser\u00e1 lan\u00e7ada em Santa Maria","previousItem":{"@type":"ListItem","@id":"https:\/\/www.jornalja.com.br\/arquivo\/category\/geral\/#listItem","name":"Geral"}}]},{"@type":"Organization","@id":"https:\/\/www.jornalja.com.br\/arquivo\/#organization","name":"Jornal J\u00c1","description":"Jornal J\u00c1 | Porto Alegre","url":"https:\/\/www.jornalja.com.br\/arquivo\/","telephone":"+555133307272","logo":{"@type":"ImageObject","url":"https:\/\/www.jornalja.com.br\/wp-content\/uploads\/cards\/JAslogan.png","@id":"https:\/\/www.jornalja.com.br\/arquivo\/campanha-para-memorial-as-vitimas-da-kiss-sera-lancada-dia-21-em-santa-maria\/#organizationLogo"},"image":{"@id":"https:\/\/www.jornalja.com.br\/arquivo\/campanha-para-memorial-as-vitimas-da-kiss-sera-lancada-dia-21-em-santa-maria\/#organizationLogo"}},{"@type":"Person","@id":"https:\/\/www.jornalja.com.br\/arquivo\/author\/daredacao\/#author","url":"https:\/\/www.jornalja.com.br\/arquivo\/author\/daredacao\/","name":"da Reda\u00e7\u00e3o","image":{"@type":"ImageObject","@id":"https:\/\/www.jornalja.com.br\/arquivo\/campanha-para-memorial-as-vitimas-da-kiss-sera-lancada-dia-21-em-santa-maria\/#authorImage","url":"https:\/\/secure.gravatar.com\/avatar\/469fd857d6605ad19919d27ed29d35a968a25f6e8fd9318356bbb7f57aae9c65?s=96&d=mm&r=g","width":96,"height":96,"caption":"da Reda\u00e7\u00e3o"}},{"@type":"WebPage","@id":"https:\/\/www.jornalja.com.br\/arquivo\/campanha-para-memorial-as-vitimas-da-kiss-sera-lancada-dia-21-em-santa-maria\/#webpage","url":"https:\/\/www.jornalja.com.br\/arquivo\/campanha-para-memorial-as-vitimas-da-kiss-sera-lancada-dia-21-em-santa-maria\/","name":"Campanha para Memorial \u00e0s V\u00edtimas da Kiss ser\u00e1 lan\u00e7ada em Santa Maria | Arquivo","inLanguage":"pt-BR","isPartOf":{"@id":"https:\/\/www.jornalja.com.br\/arquivo\/#website"},"breadcrumb":{"@id":"https:\/\/www.jornalja.com.br\/arquivo\/campanha-para-memorial-as-vitimas-da-kiss-sera-lancada-dia-21-em-santa-maria\/#breadcrumblist"},"author":{"@id":"https:\/\/www.jornalja.com.br\/arquivo\/author\/daredacao\/#author"},"creator":{"@id":"https:\/\/www.jornalja.com.br\/arquivo\/author\/daredacao\/#author"},"image":{"@type":"ImageObject","url":53748,"@id":"https:\/\/www.jornalja.com.br\/arquivo\/campanha-para-memorial-as-vitimas-da-kiss-sera-lancada-dia-21-em-santa-maria\/#mainImage"},"primaryImageOfPage":{"@id":"https:\/\/www.jornalja.com.br\/arquivo\/campanha-para-memorial-as-vitimas-da-kiss-sera-lancada-dia-21-em-santa-maria\/#mainImage"},"datePublished":"2017-08-18T14:44:07-03:00","dateModified":"2017-08-18T14:44:07-03:00"},{"@type":"WebSite","@id":"https:\/\/www.jornalja.com.br\/arquivo\/#website","url":"https:\/\/www.jornalja.com.br\/arquivo\/","name":"Arquivo","description":"Jornal J\u00c1 | Porto Alegre","inLanguage":"pt-BR","publisher":{"@id":"https:\/\/www.jornalja.com.br\/arquivo\/#organization"}}]},"og:locale":"pt_BR","og:site_name":"Arquivo | Jornal J\u00c1 | Porto Alegre","og:type":"article","og:title":"Campanha para Memorial \u00e0s V\u00edtimas da Kiss ser\u00e1 lan\u00e7ada em Santa Maria | Arquivo","og:url":"https:\/\/www.jornalja.com.br\/arquivo\/campanha-para-memorial-as-vitimas-da-kiss-sera-lancada-dia-21-em-santa-maria\/","og:image":"https:\/\/www.jornalja.com.br\/wp-content\/uploads\/2017\/08\/memorial-1-400x300.jpg","og:image:secure_url":"https:\/\/www.jornalja.com.br\/wp-content\/uploads\/2017\/08\/memorial-1-400x300.jpg","article:published_time":"2017-08-18T17:44:07+00:00","article:modified_time":"2017-08-18T17:44:07+00:00","twitter:card":"summary","twitter:title":"Campanha para Memorial \u00e0s V\u00edtimas da Kiss ser\u00e1 lan\u00e7ada em Santa Maria | Arquivo","twitter:image":"https:\/\/www.jornalja.com.br\/economics\/wp-content\/uploads\/sites\/11\/2026\/08\/ja-folhaderosto-facebook.jpg"},"aioseo_meta_data":{"post_id":"53747","title":null,"description":null,"keywords":null,"keyphrases":null,"primary_term":null,"canonical_url":null,"og_title":null,"og_description":null,"og_object_type":"default","og_image_type":"default","og_image_url":null,"og_image_width":null,"og_image_height":null,"og_image_custom_url":null,"og_image_custom_fields":null,"og_video":null,"og_custom_url":null,"og_article_section":null,"og_article_tags":null,"twitter_use_og":false,"twitter_card":"default","twitter_image_type":"default","twitter_image_url":null,"twitter_image_custom_url":null,"twitter_image_custom_fields":null,"twitter_title":null,"twitter_description":null,"schema":{"blockGraphs":[],"customGraphs":[],"default":{"data":{"Article":[],"Course":[],"Dataset":[],"FAQPage":[],"Movie":[],"Person":[],"Product":[],"ProductReview":[],"Car":[],"Recipe":[],"Service":[],"SoftwareApplication":[],"WebPage":[]},"graphName":"","isEnabled":true},"graphs":[]},"schema_type":null,"schema_type_options":null,"pillar_content":false,"robots_default":true,"robots_noindex":false,"robots_noarchive":false,"robots_nosnippet":false,"robots_nofollow":false,"robots_noimageindex":false,"robots_noodp":false,"robots_notranslate":false,"robots_max_snippet":null,"robots_max_videopreview":null,"robots_max_imagepreview":"large","priority":null,"frequency":null,"location":null,"local_seo":null,"breadcrumb_settings":null,"limit_modified_date":false,"ai":null,"created":"2020-12-20 20:26:59","updated":"2025-07-20 00:19:58","seo_analyzer_scan_date":null,"focus_keyword":null,"additional_keywords":null,"truseo_locale":null},"jetpack_sharing_enabled":true,"jetpack-related-posts":[{"id":13239,"url":"https:\/\/www.jornalja.com.br\/arquivo\/conselho-desdenha-do-plano-diretor\/","url_meta":{"origin":53747,"position":0},"title":"Porto Alegre: Conselho detona Plano Diretor","author":"Patr\u00edcia Marini","date":"25 de maio de 2014","format":false,"excerpt":"Den\u00fancia do arquiteto e \u00a0urbanista Ibir\u00e1 Santos Lucas. Ele diz que os conselheiros est\u00e3o votando com \"enorme irresponsabilidade\". \"Mudam regime com a maior naturalidade,,,regularizam absurdos de constru\u00e7\u00f5es irregulares... \"O CMDUA est\u00e1 flexibilizando a lei do plano diretor, de uma forma impactante na vida da cidade. Mudam regime com a maior\u2026","rel":"","context":"Em &quot;Geral&quot;","block_context":{"text":"Geral","link":"https:\/\/www.jornalja.com.br\/arquivo\/category\/geral\/"},"img":{"alt_text":"","src":"","width":0,"height":0},"classes":[]},{"id":13128,"url":"https:\/\/www.jornalja.com.br\/arquivo\/maconha-terra-diz-que-uso-medicinal-e-desculpa\/","url_meta":{"origin":53747,"position":1},"title":"Maconha: Terra diz que uso medicinal \u00e9 desculpa","author":"Patr\u00edcia Marini","date":"4 de junho de 2014","format":false,"excerpt":"A condi\u00e7\u00e3o de pol\u00edtico, em \u00e9poca de campanha de campanha eleitoral, tira for\u00e7a do discurso do m\u00e9dico Osmar Terra contra a legaliza\u00e7\u00e3o da maconha. A tese dele de que a libera\u00e7\u00e3o vai ampliar exponencialmente o consumo \u00e9 discutivel, o consumo \u00e9 corrente. Mas seus alertas quanto aos riscos tem que\u2026","rel":"","context":"Em &quot;X.Categorias velhas&quot;","block_context":{"text":"X.Categorias velhas","link":"https:\/\/www.jornalja.com.br\/arquivo\/category\/x-categorias-velhas\/"},"img":{"alt_text":"","src":"","width":0,"height":0},"classes":[]},{"id":13240,"url":"https:\/\/www.jornalja.com.br\/arquivo\/plano-diretor-estamos-construindo-o-caos\/","url_meta":{"origin":53747,"position":2},"title":"Plano diretor: &quot;Estamos construindo o caos&quot;","author":"Patr\u00edcia Marini","date":"26 de maio de 2014","format":false,"excerpt":"Desabafo que arquiteta Eliana Castilhos, delegada da Regi\u00e3o de Planejamento 1, postou nas redes sociais \u00e9 um testemunho do ambiente que se criou no Conselho do Plano Diretor de Porto Alegre, onde a aprova\u00e7\u00e3o de grandes empreendimentos \u00e9 empurrada guela abaixo dos conselheiros. Ao CMDUA Como delegada da Regi\u00e3o de\u2026","rel":"","context":"Em &quot;Geral&quot;","block_context":{"text":"Geral","link":"https:\/\/www.jornalja.com.br\/arquivo\/category\/geral\/"},"img":{"alt_text":"","src":"","width":0,"height":0},"classes":[]}],"jetpack_shortlink":"https:\/\/wp.me\/pbQjBd-dYT","jetpack_featured_media_url":"","_links":{"self":[{"href":"https:\/\/www.jornalja.com.br\/arquivo\/wp-json\/wp\/v2\/posts\/53747","targetHints":{"allow":["GET"]}}],"collection":[{"href":"https:\/\/www.jornalja.com.br\/arquivo\/wp-json\/wp\/v2\/posts"}],"about":[{"href":"https:\/\/www.jornalja.com.br\/arquivo\/wp-json\/wp\/v2\/types\/post"}],"author":[{"embeddable":true,"href":"https:\/\/www.jornalja.com.br\/arquivo\/wp-json\/wp\/v2\/users\/4"}],"replies":[{"embeddable":true,"href":"https:\/\/www.jornalja.com.br\/arquivo\/wp-json\/wp\/v2\/comments?post=53747"}],"version-history":[{"count":0,"href":"https:\/\/www.jornalja.com.br\/arquivo\/wp-json\/wp\/v2\/posts\/53747\/revisions"}],"wp:attachment":[{"href":"https:\/\/www.jornalja.com.br\/arquivo\/wp-json\/wp\/v2\/media?parent=53747"}],"wp:term":[{"taxonomy":"category","embeddable":true,"href":"https:\/\/www.jornalja.com.br\/arquivo\/wp-json\/wp\/v2\/categories?post=53747"},{"taxonomy":"post_tag","embeddable":true,"href":"https:\/\/www.jornalja.com.br\/arquivo\/wp-json\/wp\/v2\/tags?post=53747"}],"curies":[{"name":"wp","href":"https:\/\/api.w.org\/{rel}","templated":true}]}}