{"id":53761,"date":"2017-08-18T16:39:58","date_gmt":"2017-08-18T19:39:58","guid":{"rendered":"https:\/\/www.jornalja.com.br\/?p=53761"},"modified":"2017-08-18T16:39:58","modified_gmt":"2017-08-18T19:39:58","slug":"em-quatro-dias-na-orla-do-guaiba-foram-recolhidas-76-toneladas-de-lixo","status":"publish","type":"post","link":"https:\/\/www.jornalja.com.br\/arquivo\/em-quatro-dias-na-orla-do-guaiba-foram-recolhidas-76-toneladas-de-lixo\/","title":{"rendered":"Em quatro dias na orla do Gua\u00edba, foram recolhidas 76 toneladas de lixo"},"content":{"rendered":"<p>As equipes do Departamento Municipal de Limpeza Urbana (DMLU) realizaram nesta semana, de 14 a 17 de agosto, a limpeza da orla do Gua\u00edba em diferentes pontos de Porto Alegre.<br \/>\nNo total, foram recolhidas 76 toneladas de res\u00edduos, como galhos, garrafas PET, fog\u00f5es e at\u00e9 mesmo um vaso sanit\u00e1rio.<br \/>\nO recuo das \u00e1guas do Gua\u00edba, provocado pelo vento Nordeste no \u00faltimo fim de semana, mostrou o tamanho do descaso. O lixo acumulado ficou exposto.<br \/>\nA remo\u00e7\u00e3o teve in\u00edcio na segunda-feira, dia 14, no Catamar\u00e3, em frente ao Barra Shopping Sul, seguindo em frente ao Iber\u00ea Camargo, na orla de Ipanema e pr\u00f3ximo ao Anfiteatro P\u00f4r do Sol. No primeiro dia, a a\u00e7\u00e3o teve o aux\u00edlio de 75 funcion\u00e1rios.<br \/>\nO servi\u00e7o continuou durante a semana, com 45 garis envolvidos na limpeza do entorno do anfiteatro em dire\u00e7\u00e3o ao Est\u00e1dio Beira-Rio.<br \/>\nOs gastos, entre custos administrativos e de disposi\u00e7\u00e3o dos materiais, chegaram a cerca de R$ 47.500, segundo a Prefeitura.<br \/>\nOs res\u00edduos foram destinados para o aterro sanit\u00e1rio, localizado em Minas do Le\u00e3o.<br \/>\nO descarte irregular de lixo em rios ou c\u00f3rregos \u00e9 infra\u00e7\u00e3o grav\u00edssima, sujeito \u00e0 multa de R$ 5.623,48, pelo novo C\u00f3digo Municipal de Limpeza Urbana de Porto Alegre.<br \/>\nMas nem a amea\u00e7a de pesada multa tem sido suficiente para conscientizar os portoalegrenses, principalmente em rela\u00e7\u00e3o ao Gua\u00edba, o t\u00e3o decantado cart\u00e3o postal da cidade.<br \/>\nAs equipes do DMLU, segundo a secretaria, j\u00e1 recolheram nos \u00faltimos tr\u00eas anos, mais de 250 toneladas de lixo retido pela Ecobarreira, instalada na embocadura do Arroio Dil\u00favio. N\u00e3o fosse esse dispositivo, toda essa quantidade de material poluidor iria para o Gua\u00edba.<br \/>\n<span class=\"intertit\"><strong>Balan\u00e7o da limpeza da orla nesta semana:<\/strong><\/span><br \/>\nSegunda-feira, 14 &#8211;\u00a0 34 toneladas<br \/>\nTer\u00e7a-feira, 15 &#8211; 15 toneladas<br \/>\nQuarta-feira, 16 &#8211; 15 toneladas<br \/>\nQuinta-feira, 17 &#8211; 12 toneladas<br \/>\n&nbsp;<\/p>\n","protected":false},"excerpt":{"rendered":"<p>As equipes do Departamento Municipal de Limpeza Urbana (DMLU) realizaram nesta semana, de 14 a 17 de agosto, a limpeza da orla do Gua\u00edba em diferentes pontos de Porto Alegre. No total, foram recolhidas 76 toneladas de res\u00edduos, como galhos, garrafas PET, fog\u00f5es e at\u00e9 mesmo um vaso sanit\u00e1rio. O recuo das \u00e1guas do Gua\u00edba, [&hellip;]<\/p>\n","protected":false},"author":4,"featured_media":53763,"comment_status":"open","ping_status":"closed","sticky":false,"template":"","format":"standard","meta":{"_jetpack_newsletter_access":"","_jetpack_dont_email_post_to_subs":false,"_jetpack_newsletter_tier_id":0,"_jetpack_memberships_contains_paywalled_content":false,"_jetpack_feature_clip_id":0,"_jetpack_memberships_contains_paid_content":false,"footnotes":"","jetpack_post_was_ever_published":false},"categories":[26],"tags":[],"class_list":["post-53761","post","type-post","status-publish","format-standard","has-post-thumbnail","hentry","category-geral"],"aioseo_notices":[],"aioseo_head":"\n\t\t<!-- All in One SEO 5.0.1.1 - aioseo.com -->\n\t<meta name=\"robots\" content=\"max-image-preview:large\" \/>\n\t<meta name=\"author\" content=\"da Reda\u00e7\u00e3o\"\/>\n\t<link rel=\"canonical\" href=\"https:\/\/www.jornalja.com.br\/arquivo\/em-quatro-dias-na-orla-do-guaiba-foram-recolhidas-76-toneladas-de-lixo\/\" \/>\n\t<meta name=\"generator\" content=\"All in One SEO (AIOSEO) 5.0.1.1\" \/>\n\t\t<meta property=\"og:locale\" content=\"pt_BR\" \/>\n\t\t<meta property=\"og:site_name\" content=\"Arquivo | Jornal J\u00c1 | Porto Alegre\" \/>\n\t\t<meta property=\"og:type\" content=\"article\" \/>\n\t\t<meta property=\"og:title\" content=\"Em quatro dias na orla do Gua\u00edba, foram recolhidas 76 toneladas de lixo | Arquivo\" \/>\n\t\t<meta property=\"og:url\" content=\"https:\/\/www.jornalja.com.br\/arquivo\/em-quatro-dias-na-orla-do-guaiba-foram-recolhidas-76-toneladas-de-lixo\/\" \/>\n\t\t<meta property=\"og:image\" content=\"https:\/\/www.jornalja.com.br\/economics\/wp-content\/uploads\/sites\/11\/2026\/08\/ja-folhaderosto-facebook.jpg\" \/>\n\t\t<meta property=\"og:image:secure_url\" content=\"https:\/\/www.jornalja.com.br\/economics\/wp-content\/uploads\/sites\/11\/2026\/08\/ja-folhaderosto-facebook.jpg\" \/>\n\t\t<meta property=\"article:published_time\" content=\"2017-08-18T19:39:58+00:00\" \/>\n\t\t<meta property=\"article:modified_time\" content=\"2017-08-18T19:39:58+00:00\" \/>\n\t\t<meta name=\"twitter:card\" content=\"summary\" \/>\n\t\t<meta name=\"twitter:title\" content=\"Em quatro dias na orla do Gua\u00edba, foram recolhidas 76 toneladas de lixo | Arquivo\" \/>\n\t\t<meta name=\"twitter:image\" content=\"https:\/\/www.jornalja.com.br\/economics\/wp-content\/uploads\/sites\/11\/2026\/08\/ja-folhaderosto-facebook.jpg\" \/>\n\t\t<script type=\"application\/ld+json\" class=\"aioseo-schema\">\n\t\t\t{\"@context\":\"https:\\\/\\\/schema.org\",\"@graph\":[{\"@type\":\"BlogPosting\",\"@id\":\"https:\\\/\\\/www.jornalja.com.br\\\/arquivo\\\/em-quatro-dias-na-orla-do-guaiba-foram-recolhidas-76-toneladas-de-lixo\\\/#blogposting\",\"name\":\"Em quatro dias na orla do Gua\\u00edba, foram recolhidas 76 toneladas de lixo | Arquivo\",\"headline\":\"Em quatro dias na orla do Gua\\u00edba, foram recolhidas 76 toneladas de lixo\",\"author\":{\"@id\":\"https:\\\/\\\/www.jornalja.com.br\\\/arquivo\\\/author\\\/daredacao\\\/#author\"},\"publisher\":{\"@id\":\"https:\\\/\\\/www.jornalja.com.br\\\/arquivo\\\/#organization\"},\"image\":{\"@type\":\"ImageObject\",\"url\":53763},\"datePublished\":\"2017-08-18T16:39:58-03:00\",\"dateModified\":\"2017-08-18T16:39:58-03:00\",\"inLanguage\":\"pt-BR\",\"mainEntityOfPage\":{\"@id\":\"https:\\\/\\\/www.jornalja.com.br\\\/arquivo\\\/em-quatro-dias-na-orla-do-guaiba-foram-recolhidas-76-toneladas-de-lixo\\\/#webpage\"},\"isPartOf\":{\"@id\":\"https:\\\/\\\/www.jornalja.com.br\\\/arquivo\\\/em-quatro-dias-na-orla-do-guaiba-foram-recolhidas-76-toneladas-de-lixo\\\/#webpage\"},\"articleSection\":\"Geral\"},{\"@type\":\"BreadcrumbList\",\"@id\":\"https:\\\/\\\/www.jornalja.com.br\\\/arquivo\\\/em-quatro-dias-na-orla-do-guaiba-foram-recolhidas-76-toneladas-de-lixo\\\/#breadcrumblist\",\"itemListElement\":[{\"@type\":\"ListItem\",\"@id\":\"https:\\\/\\\/www.jornalja.com.br\\\/arquivo#listItem\",\"position\":1,\"name\":\"Home\",\"item\":\"https:\\\/\\\/www.jornalja.com.br\\\/arquivo\",\"nextItem\":{\"@type\":\"ListItem\",\"@id\":\"https:\\\/\\\/www.jornalja.com.br\\\/arquivo\\\/category\\\/geral\\\/#listItem\",\"name\":\"Geral\"}},{\"@type\":\"ListItem\",\"@id\":\"https:\\\/\\\/www.jornalja.com.br\\\/arquivo\\\/category\\\/geral\\\/#listItem\",\"position\":2,\"name\":\"Geral\",\"item\":\"https:\\\/\\\/www.jornalja.com.br\\\/arquivo\\\/category\\\/geral\\\/\",\"nextItem\":{\"@type\":\"ListItem\",\"@id\":\"https:\\\/\\\/www.jornalja.com.br\\\/arquivo\\\/em-quatro-dias-na-orla-do-guaiba-foram-recolhidas-76-toneladas-de-lixo\\\/#listItem\",\"name\":\"Em quatro dias na orla do Gua\\u00edba, foram recolhidas 76 toneladas de lixo\"},\"previousItem\":{\"@type\":\"ListItem\",\"@id\":\"https:\\\/\\\/www.jornalja.com.br\\\/arquivo#listItem\",\"name\":\"Home\"}},{\"@type\":\"ListItem\",\"@id\":\"https:\\\/\\\/www.jornalja.com.br\\\/arquivo\\\/em-quatro-dias-na-orla-do-guaiba-foram-recolhidas-76-toneladas-de-lixo\\\/#listItem\",\"position\":3,\"name\":\"Em quatro dias na orla do Gua\\u00edba, foram recolhidas 76 toneladas de lixo\",\"previousItem\":{\"@type\":\"ListItem\",\"@id\":\"https:\\\/\\\/www.jornalja.com.br\\\/arquivo\\\/category\\\/geral\\\/#listItem\",\"name\":\"Geral\"}}]},{\"@type\":\"Organization\",\"@id\":\"https:\\\/\\\/www.jornalja.com.br\\\/arquivo\\\/#organization\",\"name\":\"Jornal J\\u00c1\",\"description\":\"Jornal J\\u00c1 | Porto Alegre\",\"url\":\"https:\\\/\\\/www.jornalja.com.br\\\/arquivo\\\/\",\"telephone\":\"+555133307272\",\"logo\":{\"@type\":\"ImageObject\",\"url\":\"https:\\\/\\\/www.jornalja.com.br\\\/wp-content\\\/uploads\\\/cards\\\/JAslogan.png\",\"@id\":\"https:\\\/\\\/www.jornalja.com.br\\\/arquivo\\\/em-quatro-dias-na-orla-do-guaiba-foram-recolhidas-76-toneladas-de-lixo\\\/#organizationLogo\"},\"image\":{\"@id\":\"https:\\\/\\\/www.jornalja.com.br\\\/arquivo\\\/em-quatro-dias-na-orla-do-guaiba-foram-recolhidas-76-toneladas-de-lixo\\\/#organizationLogo\"}},{\"@type\":\"Person\",\"@id\":\"https:\\\/\\\/www.jornalja.com.br\\\/arquivo\\\/author\\\/daredacao\\\/#author\",\"url\":\"https:\\\/\\\/www.jornalja.com.br\\\/arquivo\\\/author\\\/daredacao\\\/\",\"name\":\"da Reda\\u00e7\\u00e3o\",\"image\":{\"@type\":\"ImageObject\",\"@id\":\"https:\\\/\\\/www.jornalja.com.br\\\/arquivo\\\/em-quatro-dias-na-orla-do-guaiba-foram-recolhidas-76-toneladas-de-lixo\\\/#authorImage\",\"url\":\"https:\\\/\\\/secure.gravatar.com\\\/avatar\\\/469fd857d6605ad19919d27ed29d35a968a25f6e8fd9318356bbb7f57aae9c65?s=96&d=mm&r=g\",\"width\":96,\"height\":96,\"caption\":\"da Reda\\u00e7\\u00e3o\"}},{\"@type\":\"WebPage\",\"@id\":\"https:\\\/\\\/www.jornalja.com.br\\\/arquivo\\\/em-quatro-dias-na-orla-do-guaiba-foram-recolhidas-76-toneladas-de-lixo\\\/#webpage\",\"url\":\"https:\\\/\\\/www.jornalja.com.br\\\/arquivo\\\/em-quatro-dias-na-orla-do-guaiba-foram-recolhidas-76-toneladas-de-lixo\\\/\",\"name\":\"Em quatro dias na orla do Gua\\u00edba, foram recolhidas 76 toneladas de lixo | Arquivo\",\"inLanguage\":\"pt-BR\",\"isPartOf\":{\"@id\":\"https:\\\/\\\/www.jornalja.com.br\\\/arquivo\\\/#website\"},\"breadcrumb\":{\"@id\":\"https:\\\/\\\/www.jornalja.com.br\\\/arquivo\\\/em-quatro-dias-na-orla-do-guaiba-foram-recolhidas-76-toneladas-de-lixo\\\/#breadcrumblist\"},\"author\":{\"@id\":\"https:\\\/\\\/www.jornalja.com.br\\\/arquivo\\\/author\\\/daredacao\\\/#author\"},\"creator\":{\"@id\":\"https:\\\/\\\/www.jornalja.com.br\\\/arquivo\\\/author\\\/daredacao\\\/#author\"},\"image\":{\"@type\":\"ImageObject\",\"url\":53763,\"@id\":\"https:\\\/\\\/www.jornalja.com.br\\\/arquivo\\\/em-quatro-dias-na-orla-do-guaiba-foram-recolhidas-76-toneladas-de-lixo\\\/#mainImage\"},\"primaryImageOfPage\":{\"@id\":\"https:\\\/\\\/www.jornalja.com.br\\\/arquivo\\\/em-quatro-dias-na-orla-do-guaiba-foram-recolhidas-76-toneladas-de-lixo\\\/#mainImage\"},\"datePublished\":\"2017-08-18T16:39:58-03:00\",\"dateModified\":\"2017-08-18T16:39:58-03:00\"},{\"@type\":\"WebSite\",\"@id\":\"https:\\\/\\\/www.jornalja.com.br\\\/arquivo\\\/#website\",\"url\":\"https:\\\/\\\/www.jornalja.com.br\\\/arquivo\\\/\",\"name\":\"Arquivo\",\"description\":\"Jornal J\\u00c1 | Porto Alegre\",\"inLanguage\":\"pt-BR\",\"publisher\":{\"@id\":\"https:\\\/\\\/www.jornalja.com.br\\\/arquivo\\\/#organization\"}}]}\n\t\t<\/script>\n\t\t<!-- All in One SEO -->\n\n","aioseo_head_json":{"title":"Em quatro dias na orla do Gua\u00edba, foram recolhidas 76 toneladas de lixo | Arquivo","description":"","canonical_url":"https:\/\/www.jornalja.com.br\/arquivo\/em-quatro-dias-na-orla-do-guaiba-foram-recolhidas-76-toneladas-de-lixo\/","robots":"max-image-preview:large","keywords":"","webmasterTools":{"miscellaneous":""},"schema":{"@context":"https:\/\/schema.org","@graph":[{"@type":"BlogPosting","@id":"https:\/\/www.jornalja.com.br\/arquivo\/em-quatro-dias-na-orla-do-guaiba-foram-recolhidas-76-toneladas-de-lixo\/#blogposting","name":"Em quatro dias na orla do Gua\u00edba, foram recolhidas 76 toneladas de lixo | Arquivo","headline":"Em quatro dias na orla do Gua\u00edba, foram recolhidas 76 toneladas de lixo","author":{"@id":"https:\/\/www.jornalja.com.br\/arquivo\/author\/daredacao\/#author"},"publisher":{"@id":"https:\/\/www.jornalja.com.br\/arquivo\/#organization"},"image":{"@type":"ImageObject","url":53763},"datePublished":"2017-08-18T16:39:58-03:00","dateModified":"2017-08-18T16:39:58-03:00","inLanguage":"pt-BR","mainEntityOfPage":{"@id":"https:\/\/www.jornalja.com.br\/arquivo\/em-quatro-dias-na-orla-do-guaiba-foram-recolhidas-76-toneladas-de-lixo\/#webpage"},"isPartOf":{"@id":"https:\/\/www.jornalja.com.br\/arquivo\/em-quatro-dias-na-orla-do-guaiba-foram-recolhidas-76-toneladas-de-lixo\/#webpage"},"articleSection":"Geral"},{"@type":"BreadcrumbList","@id":"https:\/\/www.jornalja.com.br\/arquivo\/em-quatro-dias-na-orla-do-guaiba-foram-recolhidas-76-toneladas-de-lixo\/#breadcrumblist","itemListElement":[{"@type":"ListItem","@id":"https:\/\/www.jornalja.com.br\/arquivo#listItem","position":1,"name":"Home","item":"https:\/\/www.jornalja.com.br\/arquivo","nextItem":{"@type":"ListItem","@id":"https:\/\/www.jornalja.com.br\/arquivo\/category\/geral\/#listItem","name":"Geral"}},{"@type":"ListItem","@id":"https:\/\/www.jornalja.com.br\/arquivo\/category\/geral\/#listItem","position":2,"name":"Geral","item":"https:\/\/www.jornalja.com.br\/arquivo\/category\/geral\/","nextItem":{"@type":"ListItem","@id":"https:\/\/www.jornalja.com.br\/arquivo\/em-quatro-dias-na-orla-do-guaiba-foram-recolhidas-76-toneladas-de-lixo\/#listItem","name":"Em quatro dias na orla do Gua\u00edba, foram recolhidas 76 toneladas de lixo"},"previousItem":{"@type":"ListItem","@id":"https:\/\/www.jornalja.com.br\/arquivo#listItem","name":"Home"}},{"@type":"ListItem","@id":"https:\/\/www.jornalja.com.br\/arquivo\/em-quatro-dias-na-orla-do-guaiba-foram-recolhidas-76-toneladas-de-lixo\/#listItem","position":3,"name":"Em quatro dias na orla do Gua\u00edba, foram recolhidas 76 toneladas de lixo","previousItem":{"@type":"ListItem","@id":"https:\/\/www.jornalja.com.br\/arquivo\/category\/geral\/#listItem","name":"Geral"}}]},{"@type":"Organization","@id":"https:\/\/www.jornalja.com.br\/arquivo\/#organization","name":"Jornal J\u00c1","description":"Jornal J\u00c1 | Porto Alegre","url":"https:\/\/www.jornalja.com.br\/arquivo\/","telephone":"+555133307272","logo":{"@type":"ImageObject","url":"https:\/\/www.jornalja.com.br\/wp-content\/uploads\/cards\/JAslogan.png","@id":"https:\/\/www.jornalja.com.br\/arquivo\/em-quatro-dias-na-orla-do-guaiba-foram-recolhidas-76-toneladas-de-lixo\/#organizationLogo"},"image":{"@id":"https:\/\/www.jornalja.com.br\/arquivo\/em-quatro-dias-na-orla-do-guaiba-foram-recolhidas-76-toneladas-de-lixo\/#organizationLogo"}},{"@type":"Person","@id":"https:\/\/www.jornalja.com.br\/arquivo\/author\/daredacao\/#author","url":"https:\/\/www.jornalja.com.br\/arquivo\/author\/daredacao\/","name":"da Reda\u00e7\u00e3o","image":{"@type":"ImageObject","@id":"https:\/\/www.jornalja.com.br\/arquivo\/em-quatro-dias-na-orla-do-guaiba-foram-recolhidas-76-toneladas-de-lixo\/#authorImage","url":"https:\/\/secure.gravatar.com\/avatar\/469fd857d6605ad19919d27ed29d35a968a25f6e8fd9318356bbb7f57aae9c65?s=96&d=mm&r=g","width":96,"height":96,"caption":"da Reda\u00e7\u00e3o"}},{"@type":"WebPage","@id":"https:\/\/www.jornalja.com.br\/arquivo\/em-quatro-dias-na-orla-do-guaiba-foram-recolhidas-76-toneladas-de-lixo\/#webpage","url":"https:\/\/www.jornalja.com.br\/arquivo\/em-quatro-dias-na-orla-do-guaiba-foram-recolhidas-76-toneladas-de-lixo\/","name":"Em quatro dias na orla do Gua\u00edba, foram recolhidas 76 toneladas de lixo | Arquivo","inLanguage":"pt-BR","isPartOf":{"@id":"https:\/\/www.jornalja.com.br\/arquivo\/#website"},"breadcrumb":{"@id":"https:\/\/www.jornalja.com.br\/arquivo\/em-quatro-dias-na-orla-do-guaiba-foram-recolhidas-76-toneladas-de-lixo\/#breadcrumblist"},"author":{"@id":"https:\/\/www.jornalja.com.br\/arquivo\/author\/daredacao\/#author"},"creator":{"@id":"https:\/\/www.jornalja.com.br\/arquivo\/author\/daredacao\/#author"},"image":{"@type":"ImageObject","url":53763,"@id":"https:\/\/www.jornalja.com.br\/arquivo\/em-quatro-dias-na-orla-do-guaiba-foram-recolhidas-76-toneladas-de-lixo\/#mainImage"},"primaryImageOfPage":{"@id":"https:\/\/www.jornalja.com.br\/arquivo\/em-quatro-dias-na-orla-do-guaiba-foram-recolhidas-76-toneladas-de-lixo\/#mainImage"},"datePublished":"2017-08-18T16:39:58-03:00","dateModified":"2017-08-18T16:39:58-03:00"},{"@type":"WebSite","@id":"https:\/\/www.jornalja.com.br\/arquivo\/#website","url":"https:\/\/www.jornalja.com.br\/arquivo\/","name":"Arquivo","description":"Jornal J\u00c1 | Porto Alegre","inLanguage":"pt-BR","publisher":{"@id":"https:\/\/www.jornalja.com.br\/arquivo\/#organization"}}]},"og:locale":"pt_BR","og:site_name":"Arquivo | Jornal J\u00c1 | Porto Alegre","og:type":"article","og:title":"Em quatro dias na orla do Gua\u00edba, foram recolhidas 76 toneladas de lixo | Arquivo","og:url":"https:\/\/www.jornalja.com.br\/arquivo\/em-quatro-dias-na-orla-do-guaiba-foram-recolhidas-76-toneladas-de-lixo\/","og:image":"https:\/\/www.jornalja.com.br\/economics\/wp-content\/uploads\/sites\/11\/2026\/08\/ja-folhaderosto-facebook.jpg","og:image:secure_url":"https:\/\/www.jornalja.com.br\/economics\/wp-content\/uploads\/sites\/11\/2026\/08\/ja-folhaderosto-facebook.jpg","article:published_time":"2017-08-18T19:39:58+00:00","article:modified_time":"2017-08-18T19:39:58+00:00","twitter:card":"summary","twitter:title":"Em quatro dias na orla do Gua\u00edba, foram recolhidas 76 toneladas de lixo | Arquivo","twitter:image":"https:\/\/www.jornalja.com.br\/economics\/wp-content\/uploads\/sites\/11\/2026\/08\/ja-folhaderosto-facebook.jpg"},"aioseo_meta_data":{"post_id":"53761","title":null,"description":null,"keywords":null,"keyphrases":null,"primary_term":null,"canonical_url":null,"og_title":null,"og_description":null,"og_object_type":"default","og_image_type":"default","og_image_url":null,"og_image_width":null,"og_image_height":null,"og_image_custom_url":null,"og_image_custom_fields":null,"og_video":null,"og_custom_url":null,"og_article_section":null,"og_article_tags":null,"twitter_use_og":false,"twitter_card":"default","twitter_image_type":"default","twitter_image_url":null,"twitter_image_custom_url":null,"twitter_image_custom_fields":null,"twitter_title":null,"twitter_description":null,"schema":{"blockGraphs":[],"customGraphs":[],"default":{"data":{"Article":[],"Course":[],"Dataset":[],"FAQPage":[],"Movie":[],"Person":[],"Product":[],"ProductReview":[],"Car":[],"Recipe":[],"Service":[],"SoftwareApplication":[],"WebPage":[]},"graphName":"","isEnabled":true},"graphs":[],"defaultGraph":"","defaultPostTypeGraph":""},"schema_type":null,"schema_type_options":null,"pillar_content":false,"robots_default":true,"robots_noindex":false,"robots_noarchive":false,"robots_nosnippet":false,"robots_nofollow":false,"robots_noimageindex":false,"robots_noodp":false,"robots_notranslate":false,"robots_max_snippet":null,"robots_max_videopreview":null,"robots_max_imagepreview":"large","priority":null,"frequency":null,"location":null,"local_seo":null,"breadcrumb_settings":null,"limit_modified_date":false,"ai":null,"created":"2020-12-20 20:26:59","updated":"2025-07-20 00:19:58","seo_analyzer_scan_date":null,"focus_keyword":null,"additional_keywords":null,"truseo_locale":null},"jetpack_sharing_enabled":true,"jetpack-related-posts":[{"id":14241,"url":"https:\/\/www.jornalja.com.br\/arquivo\/o-guaiba-nas-imagens-poeticas-de-achutti\/","url_meta":{"origin":53761,"position":0},"title":"O Gua\u00edba nas imagens po\u00e9ticas de Achutti","author":"da Reda\u00e7\u00e3o","date":"18 de junho de 2014","format":false,"excerpt":"Em \u201cO Gua\u00edba por Achutti\u201d \u2013 obra financiada via Minist\u00e9rio da Cultura, produ\u00e7\u00e3o executiva de Pedro Longhi, e Fl\u00e1vio Wild como designer \u2013, o fot\u00f3grafo revela a beleza e as mazelas de um espa\u00e7o aqu\u00e1tico de \u00e1guas sempre renovadas, cheio de hist\u00f3rias e lendas como as das cidades que foram\u2026","rel":"","context":"Em &quot;Cultura-Geral&quot;","block_context":{"text":"Cultura-Geral","link":"https:\/\/www.jornalja.com.br\/arquivo\/category\/materiasecundaria\/"},"img":{"alt_text":"","src":"","width":0,"height":0},"classes":[]},{"id":5440,"url":"https:\/\/www.jornalja.com.br\/arquivo\/casarao-da-venancio-destino-permanece-incerto\/","url_meta":{"origin":53761,"position":1},"title":"Estado ainda n\u00e3o sabe o que fazer com casar\u00e3o abandonado h\u00e1 20 anos","author":"Elmar Bones","date":"6 de julho de 2009","format":false,"excerpt":"O casar\u00e3o amarelo, numa esquina nobre de Porto Alegre (Ven\u00e2ncio Aires com Jo\u00e3o Pessoa), j\u00e1 abrigou uma escola. H\u00e1 duas d\u00e9cadas, pelo menos, est\u00e1 abandonado, porque seu propriet\u00e1rio, o governo do Estado do Rio Grande do Sul, n\u00e3o consegue achar um destino para ele. Planos n\u00e3o faltaram. O governador Ol\u00edvio\u2026","rel":"","context":"Em &quot;X.Categorias velhas&quot;","block_context":{"text":"X.Categorias velhas","link":"https:\/\/www.jornalja.com.br\/arquivo\/category\/x-categorias-velhas\/"},"img":{"alt_text":"geraldo1","src":"https:\/\/i0.wp.com\/www.jornalja.com.br\/wp-content\/uploads\/2009\/07\/geraldo1.jpg?resize=350%2C200&ssl=1","width":350,"height":200},"classes":[]},{"id":13124,"url":"https:\/\/www.jornalja.com.br\/arquivo\/sangue-latino-no-iecine\/","url_meta":{"origin":53761,"position":2},"title":"Sangue latino no IECINE","author":"da Reda\u00e7\u00e3o","date":"18 de maio de 2014","format":false,"excerpt":"Francisco Ribeiro O Instituto Estadual de Cinema (IECINE) tem a frente, desde abril \u00faltimo, um novo diretor, o cineasta colombiano Juan Zapata, 36, que substitui Luiz Alberto Cassol. Radicado h\u00e1 dez anos em Porto Alegre, Zapata tem diante de si o desafio de conduzir at\u00e9 o final do ano um\u2026","rel":"","context":"Em &quot;Cultura-Geral&quot;","block_context":{"text":"Cultura-Geral","link":"https:\/\/www.jornalja.com.br\/arquivo\/category\/materiasecundaria\/"},"img":{"alt_text":"","src":"","width":0,"height":0},"classes":[]},{"id":1280,"url":"https:\/\/www.jornalja.com.br\/arquivo\/o-menino-que-se-tornou-brizola\/","url_meta":{"origin":53761,"position":3},"title":"O Menino que se Tornou Brizola","author":"da Reda\u00e7\u00e3o","date":"28 de julho de 2008","format":false,"excerpt":"Autor: Cleber Dioni A vida de Leonel Brizola, com \u00eanfase para os primeiros anos em Porto Alegre, at\u00e9 o ex\u00edlio no Uruguai e a volta, quinze anos depois. \u00a0\"...\u00c9ramos todos jovens e nos identific\u00e1vamos com aquela massa an\u00f4nima a percorrer as ruas de Porto Alegre, gritando 'Get\u00falio', 'Get\u00falio' e empunhando\u2026","rel":"","context":"Em &quot;Livros&quot;","block_context":{"text":"Livros","link":"https:\/\/www.jornalja.com.br\/arquivo\/category\/livros\/"},"img":{"alt_text":"","src":"https:\/\/i0.wp.com\/www.jornalja.com.br\/wp-content\/uploads\/2008\/07\/brizola.gif?resize=350%2C200&ssl=1","width":350,"height":200},"classes":[]},{"id":13240,"url":"https:\/\/www.jornalja.com.br\/arquivo\/plano-diretor-estamos-construindo-o-caos\/","url_meta":{"origin":53761,"position":4},"title":"Plano diretor: &quot;Estamos construindo o caos&quot;","author":"Patr\u00edcia Marini","date":"26 de maio de 2014","format":false,"excerpt":"Desabafo que arquiteta Eliana Castilhos, delegada da Regi\u00e3o de Planejamento 1, postou nas redes sociais \u00e9 um testemunho do ambiente que se criou no Conselho do Plano Diretor de Porto Alegre, onde a aprova\u00e7\u00e3o de grandes empreendimentos \u00e9 empurrada guela abaixo dos conselheiros. Ao CMDUA Como delegada da Regi\u00e3o de\u2026","rel":"","context":"Em &quot;Geral&quot;","block_context":{"text":"Geral","link":"https:\/\/www.jornalja.com.br\/arquivo\/category\/geral\/"},"img":{"alt_text":"","src":"","width":0,"height":0},"classes":[]},{"id":12960,"url":"https:\/\/www.jornalja.com.br\/arquivo\/populacao-culpa-empresas-pela-greve-dos-rodoviarios\/","url_meta":{"origin":53761,"position":5},"title":"Popula\u00e7\u00e3o culpa empresas pela greve","author":"Patr\u00edcia Marini","date":"14 de fevereiro de 2014","format":false,"excerpt":"Pesquisa divulgada na edi\u00e7\u00e3o do jornal Metro desta sexta-feira,14, comprova o velho ditado: \u00e9 poss\u00edvel enganar muitos por algum tempo, mas n\u00e3o \u00e9 poss\u00edvel enganar a todos o tempo inteiro. A principal revela\u00e7\u00e3o foi que 59,8% dos entrevistados apontaram as empresas como as principais respons\u00e1veis pela grave e 46% culparam\u2026","rel":"","context":"Em &quot;X.Categorias velhas&quot;","block_context":{"text":"X.Categorias velhas","link":"https:\/\/www.jornalja.com.br\/arquivo\/category\/x-categorias-velhas\/"},"img":{"alt_text":"","src":"","width":0,"height":0},"classes":[]}],"jetpack_shortlink":"https:\/\/wp.me\/pbQjBd-dZ7","jetpack_featured_media_url":"","_links":{"self":[{"href":"https:\/\/www.jornalja.com.br\/arquivo\/wp-json\/wp\/v2\/posts\/53761","targetHints":{"allow":["GET"]}}],"collection":[{"href":"https:\/\/www.jornalja.com.br\/arquivo\/wp-json\/wp\/v2\/posts"}],"about":[{"href":"https:\/\/www.jornalja.com.br\/arquivo\/wp-json\/wp\/v2\/types\/post"}],"author":[{"embeddable":true,"href":"https:\/\/www.jornalja.com.br\/arquivo\/wp-json\/wp\/v2\/users\/4"}],"replies":[{"embeddable":true,"href":"https:\/\/www.jornalja.com.br\/arquivo\/wp-json\/wp\/v2\/comments?post=53761"}],"version-history":[{"count":0,"href":"https:\/\/www.jornalja.com.br\/arquivo\/wp-json\/wp\/v2\/posts\/53761\/revisions"}],"wp:attachment":[{"href":"https:\/\/www.jornalja.com.br\/arquivo\/wp-json\/wp\/v2\/media?parent=53761"}],"wp:term":[{"taxonomy":"category","embeddable":true,"href":"https:\/\/www.jornalja.com.br\/arquivo\/wp-json\/wp\/v2\/categories?post=53761"},{"taxonomy":"post_tag","embeddable":true,"href":"https:\/\/www.jornalja.com.br\/arquivo\/wp-json\/wp\/v2\/tags?post=53761"}],"curies":[{"name":"wp","href":"https:\/\/api.w.org\/{rel}","templated":true}]}}