{"id":53789,"date":"2017-08-18T20:59:50","date_gmt":"2017-08-18T23:59:50","guid":{"rendered":"https:\/\/www.jornalja.com.br\/?p=53789"},"modified":"2017-08-18T20:59:50","modified_gmt":"2017-08-18T23:59:50","slug":"mp-pede-intervencao-da-prefeitura-na-noite-da-cidade-baixa","status":"publish","type":"post","link":"https:\/\/www.jornalja.com.br\/arquivo\/mp-pede-intervencao-da-prefeitura-na-noite-da-cidade-baixa\/","title":{"rendered":"Minist\u00e9rio P\u00fablico pede plano para  interven\u00e7\u00e3o na Cidade Baixa"},"content":{"rendered":"<p>O Minist\u00e9rio P\u00fablico expediu nesta sexta-feira,18 uma recomenda\u00e7\u00e3o para que a Prefeitura de Porto Alegre intervenha em rela\u00e7\u00e3o \u00e0 noite da Cidade Baixa.<br \/>\nA Promotoria de Justi\u00e7a de Defesa do Meio Ambiente, atrav\u00e9s dos promotores Annelise Monteiro Steigleder, Ana Maria Moreira Marchesan, Alexandre Saltz e Josiane Superti Brasil Camejo,pediu \u00a0ao prefeito de Porto Alegre, Nelson Marchezan J\u00fanior, para que implemente um plano de interven\u00e7\u00e3o no bairro em no m\u00e1ximo 30 dias.<br \/>\nA Recomenda\u00e7\u00e3o \u00e9 um instrumento extrajudicial.<br \/>\nOs promotores justificam a iniciativa pelas reclama\u00e7\u00f5es de moradores em rela\u00e7\u00e3o ao hor\u00e1rio de funcionamento das casas noturnas e a estabelecimentos que funcionam em desacordo com os respectivos licenciamentos.<br \/>\nOs promotores recomendam o <a href=\"https:\/\/www.jornalja.com.br\/na-noite-selvagem-da-cidade-baixa\/\" target=\"_blank\" rel=\"noopener noreferrer\">fechamento dos bares \u00e0 meia noite<\/a>, cobram a fiscaliza\u00e7\u00e3o em rela\u00e7\u00e3o aos ambulantes e a suspens\u00e3o da emiss\u00e3o de alvar\u00e1s provis\u00f3rios. Segundo os promotores, o bairro Cidade Baixa vem sofrendo, desde 1999, um grave processo de desregulamenta\u00e7\u00e3o em rela\u00e7\u00e3o a outras \u00e1reas da cidade.<br \/>\nA dificuldade no processo de obten\u00e7\u00e3o de alvar\u00e1s provis\u00f3rios \u00e9 uma das principais reclama\u00e7\u00f5es dos donos de bar. Em maio, um <a href=\"https:\/\/www.jornalja.com.br\/boemia-x-sossego-rotinas-em-conflito-na-cidade-baixa\/\" target=\"_blank\" rel=\"noopener noreferrer\">comerciante relatou \u00e0 reportagem<\/a> ser imposs\u00edvel abrir uma casa noturna em Porto Alegre sem estar irregular. H\u00e1 mais de dois anos, ele aguarda a visita dos bombeiros para obter um alvar\u00e1 definitivo.<br \/>\nA Cidade Baixa traz de sua cria\u00e7\u00e3o a caracter\u00edstica de ser um bairro misto, residencial e comercial, diurno e bo\u00eamio. Os <a href=\"https:\/\/www.jornalja.com.br\/um-conflito-que-vem-de-longe\/\" target=\"_blank\" rel=\"noopener noreferrer\">conflitos gerados por esta caracter\u00edstica n\u00e3o s\u00e3o novidade no bairro<\/a>, t\u00eam mais de um s\u00e9culo.<br \/>\n<strong>Veja quais as recomenda\u00e7\u00f5es feitas pelo Minist\u00e9rio P\u00fablico:<\/strong><br \/>\nRevis\u00e3o do Decreto Municipal 17.902\/2012 para limitar o hor\u00e1rio das atividades de bar, restaurante, caf\u00e9 e lancheria at\u00e9 a meia noite.<br \/>\nFiscaliza\u00e7\u00e3o e ado\u00e7\u00e3o de todas as provid\u00eancias cab\u00edveis para impedir a atua\u00e7\u00e3o de comerciantes ambulantes no bairro<br \/>\nSuspens\u00e3o da expedi\u00e7\u00e3o de alvar\u00e1s provis\u00f3rios para bares, restaurantes, caf\u00e9s e lancherias no bairro, enquanto n\u00e3o forem sanados os problemas relatados.<br \/>\nReavalia\u00e7\u00e3o de todos os alvar\u00e1s provis\u00f3rios e definitivos em rela\u00e7\u00e3o ao controle de polariza\u00e7\u00e3o de entretenimento noturno e ao controle das vagas de estacionamento.<br \/>\nElabora\u00e7\u00e3o do Programa de Implanta\u00e7\u00e3o para a \u00c1rea de Anima\u00e7\u00e3o, no Bairro Cidade Baixa, com a participa\u00e7\u00e3o dos setores envolvidos e dos f\u00f3runs de planejamento municipal, em prazo de 360 dias<br \/>\nFiscaliza\u00e7\u00e3o, por meio da EPTC, dos ve\u00edculos automotores que utilizam som e que obstruem as vias p\u00fablicas do Bairro.<br \/>\nFiscaliza\u00e7\u00e3o de todas as atividades de entretenimento noturno no Bairro Cidade baixa em rela\u00e7\u00e3o aos alvar\u00e1s emitidos pela SMIC e ao licenciamento ambiental, coibindo atos atentat\u00f3rios ao sossego p\u00fablico, \u00e0 seguran\u00e7a e \u00e0 limpeza urbana.<br \/>\nCria\u00e7\u00e3o de um canal de di\u00e1logo permanente com os moradores do bairro, para permitir a veicula\u00e7\u00e3o de reclama\u00e7\u00f5es e assegurar o equacionamento de solu\u00e7\u00f5es.<\/p>\n","protected":false},"excerpt":{"rendered":"<p>O Minist\u00e9rio P\u00fablico expediu nesta sexta-feira,18 uma recomenda\u00e7\u00e3o para que a Prefeitura de Porto Alegre intervenha em rela\u00e7\u00e3o \u00e0 noite da Cidade Baixa. A Promotoria de Justi\u00e7a de Defesa do Meio Ambiente, atrav\u00e9s dos promotores Annelise Monteiro Steigleder, Ana Maria Moreira Marchesan, Alexandre Saltz e Josiane Superti Brasil Camejo,pediu \u00a0ao prefeito de Porto Alegre, Nelson [&hellip;]<\/p>\n","protected":false},"author":4,"featured_media":48399,"comment_status":"open","ping_status":"closed","sticky":false,"template":"","format":"standard","meta":{"_jetpack_newsletter_access":"","_jetpack_dont_email_post_to_subs":false,"_jetpack_newsletter_tier_id":0,"_jetpack_memberships_contains_paywalled_content":false,"_jetpack_feature_clip_id":0,"_jetpack_memberships_contains_paid_content":false,"footnotes":"","jetpack_post_was_ever_published":false},"categories":[26],"tags":[],"class_list":["post-53789","post","type-post","status-publish","format-standard","has-post-thumbnail","hentry","category-geral"],"aioseo_notices":[],"aioseo_head":"\n\t\t<!-- All in One SEO 5.0.1.1 - aioseo.com -->\n\t<meta name=\"robots\" content=\"max-image-preview:large\" \/>\n\t<meta name=\"author\" content=\"da Reda\u00e7\u00e3o\"\/>\n\t<link rel=\"canonical\" href=\"https:\/\/www.jornalja.com.br\/arquivo\/mp-pede-intervencao-da-prefeitura-na-noite-da-cidade-baixa\/\" \/>\n\t<meta name=\"generator\" content=\"All in One SEO (AIOSEO) 5.0.1.1\" \/>\n\t\t<meta property=\"og:locale\" content=\"pt_BR\" \/>\n\t\t<meta property=\"og:site_name\" content=\"Arquivo | Jornal J\u00c1 | Porto Alegre\" \/>\n\t\t<meta property=\"og:type\" content=\"article\" \/>\n\t\t<meta property=\"og:title\" content=\"Minist\u00e9rio P\u00fablico pede plano para interven\u00e7\u00e3o na Cidade Baixa | Arquivo\" \/>\n\t\t<meta property=\"og:url\" content=\"https:\/\/www.jornalja.com.br\/arquivo\/mp-pede-intervencao-da-prefeitura-na-noite-da-cidade-baixa\/\" \/>\n\t\t<meta property=\"og:image\" content=\"https:\/\/www.jornalja.com.br\/economics\/wp-content\/uploads\/sites\/11\/2026\/08\/ja-folhaderosto-facebook.jpg\" \/>\n\t\t<meta property=\"og:image:secure_url\" content=\"https:\/\/www.jornalja.com.br\/economics\/wp-content\/uploads\/sites\/11\/2026\/08\/ja-folhaderosto-facebook.jpg\" \/>\n\t\t<meta property=\"article:published_time\" content=\"2017-08-18T23:59:50+00:00\" \/>\n\t\t<meta property=\"article:modified_time\" content=\"2017-08-18T23:59:50+00:00\" \/>\n\t\t<meta name=\"twitter:card\" content=\"summary\" \/>\n\t\t<meta name=\"twitter:title\" content=\"Minist\u00e9rio P\u00fablico pede plano para interven\u00e7\u00e3o na Cidade Baixa | Arquivo\" \/>\n\t\t<meta name=\"twitter:image\" content=\"https:\/\/www.jornalja.com.br\/economics\/wp-content\/uploads\/sites\/11\/2026\/08\/ja-folhaderosto-facebook.jpg\" \/>\n\t\t<script type=\"application\/ld+json\" class=\"aioseo-schema\">\n\t\t\t{\"@context\":\"https:\\\/\\\/schema.org\",\"@graph\":[{\"@type\":\"BlogPosting\",\"@id\":\"https:\\\/\\\/www.jornalja.com.br\\\/arquivo\\\/mp-pede-intervencao-da-prefeitura-na-noite-da-cidade-baixa\\\/#blogposting\",\"name\":\"Minist\\u00e9rio P\\u00fablico pede plano para interven\\u00e7\\u00e3o na Cidade Baixa | Arquivo\",\"headline\":\"Minist\\u00e9rio P\\u00fablico pede plano para  interven\\u00e7\\u00e3o na Cidade Baixa\",\"author\":{\"@id\":\"https:\\\/\\\/www.jornalja.com.br\\\/arquivo\\\/author\\\/daredacao\\\/#author\"},\"publisher\":{\"@id\":\"https:\\\/\\\/www.jornalja.com.br\\\/arquivo\\\/#organization\"},\"image\":{\"@type\":\"ImageObject\",\"url\":48399},\"datePublished\":\"2017-08-18T20:59:50-03:00\",\"dateModified\":\"2017-08-18T20:59:50-03:00\",\"inLanguage\":\"pt-BR\",\"mainEntityOfPage\":{\"@id\":\"https:\\\/\\\/www.jornalja.com.br\\\/arquivo\\\/mp-pede-intervencao-da-prefeitura-na-noite-da-cidade-baixa\\\/#webpage\"},\"isPartOf\":{\"@id\":\"https:\\\/\\\/www.jornalja.com.br\\\/arquivo\\\/mp-pede-intervencao-da-prefeitura-na-noite-da-cidade-baixa\\\/#webpage\"},\"articleSection\":\"Geral\"},{\"@type\":\"BreadcrumbList\",\"@id\":\"https:\\\/\\\/www.jornalja.com.br\\\/arquivo\\\/mp-pede-intervencao-da-prefeitura-na-noite-da-cidade-baixa\\\/#breadcrumblist\",\"itemListElement\":[{\"@type\":\"ListItem\",\"@id\":\"https:\\\/\\\/www.jornalja.com.br\\\/arquivo#listItem\",\"position\":1,\"name\":\"Home\",\"item\":\"https:\\\/\\\/www.jornalja.com.br\\\/arquivo\",\"nextItem\":{\"@type\":\"ListItem\",\"@id\":\"https:\\\/\\\/www.jornalja.com.br\\\/arquivo\\\/category\\\/geral\\\/#listItem\",\"name\":\"Geral\"}},{\"@type\":\"ListItem\",\"@id\":\"https:\\\/\\\/www.jornalja.com.br\\\/arquivo\\\/category\\\/geral\\\/#listItem\",\"position\":2,\"name\":\"Geral\",\"item\":\"https:\\\/\\\/www.jornalja.com.br\\\/arquivo\\\/category\\\/geral\\\/\",\"nextItem\":{\"@type\":\"ListItem\",\"@id\":\"https:\\\/\\\/www.jornalja.com.br\\\/arquivo\\\/mp-pede-intervencao-da-prefeitura-na-noite-da-cidade-baixa\\\/#listItem\",\"name\":\"Minist\\u00e9rio P\\u00fablico pede plano para  interven\\u00e7\\u00e3o na Cidade Baixa\"},\"previousItem\":{\"@type\":\"ListItem\",\"@id\":\"https:\\\/\\\/www.jornalja.com.br\\\/arquivo#listItem\",\"name\":\"Home\"}},{\"@type\":\"ListItem\",\"@id\":\"https:\\\/\\\/www.jornalja.com.br\\\/arquivo\\\/mp-pede-intervencao-da-prefeitura-na-noite-da-cidade-baixa\\\/#listItem\",\"position\":3,\"name\":\"Minist\\u00e9rio P\\u00fablico pede plano para  interven\\u00e7\\u00e3o na Cidade Baixa\",\"previousItem\":{\"@type\":\"ListItem\",\"@id\":\"https:\\\/\\\/www.jornalja.com.br\\\/arquivo\\\/category\\\/geral\\\/#listItem\",\"name\":\"Geral\"}}]},{\"@type\":\"Organization\",\"@id\":\"https:\\\/\\\/www.jornalja.com.br\\\/arquivo\\\/#organization\",\"name\":\"Jornal J\\u00c1\",\"description\":\"Jornal J\\u00c1 | Porto Alegre\",\"url\":\"https:\\\/\\\/www.jornalja.com.br\\\/arquivo\\\/\",\"telephone\":\"+555133307272\",\"logo\":{\"@type\":\"ImageObject\",\"url\":\"https:\\\/\\\/www.jornalja.com.br\\\/wp-content\\\/uploads\\\/cards\\\/JAslogan.png\",\"@id\":\"https:\\\/\\\/www.jornalja.com.br\\\/arquivo\\\/mp-pede-intervencao-da-prefeitura-na-noite-da-cidade-baixa\\\/#organizationLogo\"},\"image\":{\"@id\":\"https:\\\/\\\/www.jornalja.com.br\\\/arquivo\\\/mp-pede-intervencao-da-prefeitura-na-noite-da-cidade-baixa\\\/#organizationLogo\"}},{\"@type\":\"Person\",\"@id\":\"https:\\\/\\\/www.jornalja.com.br\\\/arquivo\\\/author\\\/daredacao\\\/#author\",\"url\":\"https:\\\/\\\/www.jornalja.com.br\\\/arquivo\\\/author\\\/daredacao\\\/\",\"name\":\"da Reda\\u00e7\\u00e3o\",\"image\":{\"@type\":\"ImageObject\",\"@id\":\"https:\\\/\\\/www.jornalja.com.br\\\/arquivo\\\/mp-pede-intervencao-da-prefeitura-na-noite-da-cidade-baixa\\\/#authorImage\",\"url\":\"https:\\\/\\\/secure.gravatar.com\\\/avatar\\\/469fd857d6605ad19919d27ed29d35a968a25f6e8fd9318356bbb7f57aae9c65?s=96&d=mm&r=g\",\"width\":96,\"height\":96,\"caption\":\"da Reda\\u00e7\\u00e3o\"}},{\"@type\":\"WebPage\",\"@id\":\"https:\\\/\\\/www.jornalja.com.br\\\/arquivo\\\/mp-pede-intervencao-da-prefeitura-na-noite-da-cidade-baixa\\\/#webpage\",\"url\":\"https:\\\/\\\/www.jornalja.com.br\\\/arquivo\\\/mp-pede-intervencao-da-prefeitura-na-noite-da-cidade-baixa\\\/\",\"name\":\"Minist\\u00e9rio P\\u00fablico pede plano para interven\\u00e7\\u00e3o na Cidade Baixa | Arquivo\",\"inLanguage\":\"pt-BR\",\"isPartOf\":{\"@id\":\"https:\\\/\\\/www.jornalja.com.br\\\/arquivo\\\/#website\"},\"breadcrumb\":{\"@id\":\"https:\\\/\\\/www.jornalja.com.br\\\/arquivo\\\/mp-pede-intervencao-da-prefeitura-na-noite-da-cidade-baixa\\\/#breadcrumblist\"},\"author\":{\"@id\":\"https:\\\/\\\/www.jornalja.com.br\\\/arquivo\\\/author\\\/daredacao\\\/#author\"},\"creator\":{\"@id\":\"https:\\\/\\\/www.jornalja.com.br\\\/arquivo\\\/author\\\/daredacao\\\/#author\"},\"image\":{\"@type\":\"ImageObject\",\"url\":48399,\"@id\":\"https:\\\/\\\/www.jornalja.com.br\\\/arquivo\\\/mp-pede-intervencao-da-prefeitura-na-noite-da-cidade-baixa\\\/#mainImage\"},\"primaryImageOfPage\":{\"@id\":\"https:\\\/\\\/www.jornalja.com.br\\\/arquivo\\\/mp-pede-intervencao-da-prefeitura-na-noite-da-cidade-baixa\\\/#mainImage\"},\"datePublished\":\"2017-08-18T20:59:50-03:00\",\"dateModified\":\"2017-08-18T20:59:50-03:00\"},{\"@type\":\"WebSite\",\"@id\":\"https:\\\/\\\/www.jornalja.com.br\\\/arquivo\\\/#website\",\"url\":\"https:\\\/\\\/www.jornalja.com.br\\\/arquivo\\\/\",\"name\":\"Arquivo\",\"description\":\"Jornal J\\u00c1 | Porto Alegre\",\"inLanguage\":\"pt-BR\",\"publisher\":{\"@id\":\"https:\\\/\\\/www.jornalja.com.br\\\/arquivo\\\/#organization\"}}]}\n\t\t<\/script>\n\t\t<!-- All in One SEO -->\n\n","aioseo_head_json":{"title":"Minist\u00e9rio P\u00fablico pede plano para interven\u00e7\u00e3o na Cidade Baixa | Arquivo","description":"","canonical_url":"https:\/\/www.jornalja.com.br\/arquivo\/mp-pede-intervencao-da-prefeitura-na-noite-da-cidade-baixa\/","robots":"max-image-preview:large","keywords":"","webmasterTools":{"miscellaneous":""},"schema":{"@context":"https:\/\/schema.org","@graph":[{"@type":"BlogPosting","@id":"https:\/\/www.jornalja.com.br\/arquivo\/mp-pede-intervencao-da-prefeitura-na-noite-da-cidade-baixa\/#blogposting","name":"Minist\u00e9rio P\u00fablico pede plano para interven\u00e7\u00e3o na Cidade Baixa | Arquivo","headline":"Minist\u00e9rio P\u00fablico pede plano para  interven\u00e7\u00e3o na Cidade Baixa","author":{"@id":"https:\/\/www.jornalja.com.br\/arquivo\/author\/daredacao\/#author"},"publisher":{"@id":"https:\/\/www.jornalja.com.br\/arquivo\/#organization"},"image":{"@type":"ImageObject","url":48399},"datePublished":"2017-08-18T20:59:50-03:00","dateModified":"2017-08-18T20:59:50-03:00","inLanguage":"pt-BR","mainEntityOfPage":{"@id":"https:\/\/www.jornalja.com.br\/arquivo\/mp-pede-intervencao-da-prefeitura-na-noite-da-cidade-baixa\/#webpage"},"isPartOf":{"@id":"https:\/\/www.jornalja.com.br\/arquivo\/mp-pede-intervencao-da-prefeitura-na-noite-da-cidade-baixa\/#webpage"},"articleSection":"Geral"},{"@type":"BreadcrumbList","@id":"https:\/\/www.jornalja.com.br\/arquivo\/mp-pede-intervencao-da-prefeitura-na-noite-da-cidade-baixa\/#breadcrumblist","itemListElement":[{"@type":"ListItem","@id":"https:\/\/www.jornalja.com.br\/arquivo#listItem","position":1,"name":"Home","item":"https:\/\/www.jornalja.com.br\/arquivo","nextItem":{"@type":"ListItem","@id":"https:\/\/www.jornalja.com.br\/arquivo\/category\/geral\/#listItem","name":"Geral"}},{"@type":"ListItem","@id":"https:\/\/www.jornalja.com.br\/arquivo\/category\/geral\/#listItem","position":2,"name":"Geral","item":"https:\/\/www.jornalja.com.br\/arquivo\/category\/geral\/","nextItem":{"@type":"ListItem","@id":"https:\/\/www.jornalja.com.br\/arquivo\/mp-pede-intervencao-da-prefeitura-na-noite-da-cidade-baixa\/#listItem","name":"Minist\u00e9rio P\u00fablico pede plano para  interven\u00e7\u00e3o na Cidade Baixa"},"previousItem":{"@type":"ListItem","@id":"https:\/\/www.jornalja.com.br\/arquivo#listItem","name":"Home"}},{"@type":"ListItem","@id":"https:\/\/www.jornalja.com.br\/arquivo\/mp-pede-intervencao-da-prefeitura-na-noite-da-cidade-baixa\/#listItem","position":3,"name":"Minist\u00e9rio P\u00fablico pede plano para  interven\u00e7\u00e3o na Cidade Baixa","previousItem":{"@type":"ListItem","@id":"https:\/\/www.jornalja.com.br\/arquivo\/category\/geral\/#listItem","name":"Geral"}}]},{"@type":"Organization","@id":"https:\/\/www.jornalja.com.br\/arquivo\/#organization","name":"Jornal J\u00c1","description":"Jornal J\u00c1 | Porto Alegre","url":"https:\/\/www.jornalja.com.br\/arquivo\/","telephone":"+555133307272","logo":{"@type":"ImageObject","url":"https:\/\/www.jornalja.com.br\/wp-content\/uploads\/cards\/JAslogan.png","@id":"https:\/\/www.jornalja.com.br\/arquivo\/mp-pede-intervencao-da-prefeitura-na-noite-da-cidade-baixa\/#organizationLogo"},"image":{"@id":"https:\/\/www.jornalja.com.br\/arquivo\/mp-pede-intervencao-da-prefeitura-na-noite-da-cidade-baixa\/#organizationLogo"}},{"@type":"Person","@id":"https:\/\/www.jornalja.com.br\/arquivo\/author\/daredacao\/#author","url":"https:\/\/www.jornalja.com.br\/arquivo\/author\/daredacao\/","name":"da Reda\u00e7\u00e3o","image":{"@type":"ImageObject","@id":"https:\/\/www.jornalja.com.br\/arquivo\/mp-pede-intervencao-da-prefeitura-na-noite-da-cidade-baixa\/#authorImage","url":"https:\/\/secure.gravatar.com\/avatar\/469fd857d6605ad19919d27ed29d35a968a25f6e8fd9318356bbb7f57aae9c65?s=96&d=mm&r=g","width":96,"height":96,"caption":"da Reda\u00e7\u00e3o"}},{"@type":"WebPage","@id":"https:\/\/www.jornalja.com.br\/arquivo\/mp-pede-intervencao-da-prefeitura-na-noite-da-cidade-baixa\/#webpage","url":"https:\/\/www.jornalja.com.br\/arquivo\/mp-pede-intervencao-da-prefeitura-na-noite-da-cidade-baixa\/","name":"Minist\u00e9rio P\u00fablico pede plano para interven\u00e7\u00e3o na Cidade Baixa | Arquivo","inLanguage":"pt-BR","isPartOf":{"@id":"https:\/\/www.jornalja.com.br\/arquivo\/#website"},"breadcrumb":{"@id":"https:\/\/www.jornalja.com.br\/arquivo\/mp-pede-intervencao-da-prefeitura-na-noite-da-cidade-baixa\/#breadcrumblist"},"author":{"@id":"https:\/\/www.jornalja.com.br\/arquivo\/author\/daredacao\/#author"},"creator":{"@id":"https:\/\/www.jornalja.com.br\/arquivo\/author\/daredacao\/#author"},"image":{"@type":"ImageObject","url":48399,"@id":"https:\/\/www.jornalja.com.br\/arquivo\/mp-pede-intervencao-da-prefeitura-na-noite-da-cidade-baixa\/#mainImage"},"primaryImageOfPage":{"@id":"https:\/\/www.jornalja.com.br\/arquivo\/mp-pede-intervencao-da-prefeitura-na-noite-da-cidade-baixa\/#mainImage"},"datePublished":"2017-08-18T20:59:50-03:00","dateModified":"2017-08-18T20:59:50-03:00"},{"@type":"WebSite","@id":"https:\/\/www.jornalja.com.br\/arquivo\/#website","url":"https:\/\/www.jornalja.com.br\/arquivo\/","name":"Arquivo","description":"Jornal J\u00c1 | Porto Alegre","inLanguage":"pt-BR","publisher":{"@id":"https:\/\/www.jornalja.com.br\/arquivo\/#organization"}}]},"og:locale":"pt_BR","og:site_name":"Arquivo | Jornal J\u00c1 | Porto Alegre","og:type":"article","og:title":"Minist\u00e9rio P\u00fablico pede plano para interven\u00e7\u00e3o na Cidade Baixa | Arquivo","og:url":"https:\/\/www.jornalja.com.br\/arquivo\/mp-pede-intervencao-da-prefeitura-na-noite-da-cidade-baixa\/","og:image":"https:\/\/www.jornalja.com.br\/economics\/wp-content\/uploads\/sites\/11\/2026\/08\/ja-folhaderosto-facebook.jpg","og:image:secure_url":"https:\/\/www.jornalja.com.br\/economics\/wp-content\/uploads\/sites\/11\/2026\/08\/ja-folhaderosto-facebook.jpg","article:published_time":"2017-08-18T23:59:50+00:00","article:modified_time":"2017-08-18T23:59:50+00:00","twitter:card":"summary","twitter:title":"Minist\u00e9rio P\u00fablico pede plano para interven\u00e7\u00e3o na Cidade Baixa | Arquivo","twitter:image":"https:\/\/www.jornalja.com.br\/economics\/wp-content\/uploads\/sites\/11\/2026\/08\/ja-folhaderosto-facebook.jpg"},"aioseo_meta_data":{"post_id":"53789","title":null,"description":null,"keywords":null,"keyphrases":null,"primary_term":null,"canonical_url":null,"og_title":null,"og_description":null,"og_object_type":"default","og_image_type":"default","og_image_url":null,"og_image_width":null,"og_image_height":null,"og_image_custom_url":null,"og_image_custom_fields":null,"og_video":null,"og_custom_url":null,"og_article_section":null,"og_article_tags":null,"twitter_use_og":false,"twitter_card":"default","twitter_image_type":"default","twitter_image_url":null,"twitter_image_custom_url":null,"twitter_image_custom_fields":null,"twitter_title":null,"twitter_description":null,"schema":{"blockGraphs":[],"customGraphs":[],"default":{"data":{"Article":[],"Course":[],"Dataset":[],"FAQPage":[],"Movie":[],"Person":[],"Product":[],"ProductReview":[],"Car":[],"Recipe":[],"Service":[],"SoftwareApplication":[],"WebPage":[]},"graphName":"","isEnabled":true},"graphs":[],"defaultGraph":"","defaultPostTypeGraph":""},"schema_type":null,"schema_type_options":null,"pillar_content":false,"robots_default":true,"robots_noindex":false,"robots_noarchive":false,"robots_nosnippet":false,"robots_nofollow":false,"robots_noimageindex":false,"robots_noodp":false,"robots_notranslate":false,"robots_max_snippet":null,"robots_max_videopreview":null,"robots_max_imagepreview":"large","priority":null,"frequency":null,"location":null,"local_seo":null,"breadcrumb_settings":null,"limit_modified_date":false,"ai":null,"created":"2020-12-20 20:26:59","updated":"2025-07-20 00:25:46","seo_analyzer_scan_date":null,"focus_keyword":null,"additional_keywords":null,"truseo_locale":null},"jetpack_sharing_enabled":true,"jetpack-related-posts":[{"id":14241,"url":"https:\/\/www.jornalja.com.br\/arquivo\/o-guaiba-nas-imagens-poeticas-de-achutti\/","url_meta":{"origin":53789,"position":0},"title":"O Gua\u00edba nas imagens po\u00e9ticas de Achutti","author":"da Reda\u00e7\u00e3o","date":"18 de junho de 2014","format":false,"excerpt":"Em \u201cO Gua\u00edba por Achutti\u201d \u2013 obra financiada via Minist\u00e9rio da Cultura, produ\u00e7\u00e3o executiva de Pedro Longhi, e Fl\u00e1vio Wild como designer \u2013, o fot\u00f3grafo revela a beleza e as mazelas de um espa\u00e7o aqu\u00e1tico de \u00e1guas sempre renovadas, cheio de hist\u00f3rias e lendas como as das cidades que foram\u2026","rel":"","context":"Em &quot;Cultura-Geral&quot;","block_context":{"text":"Cultura-Geral","link":"https:\/\/www.jornalja.com.br\/arquivo\/category\/materiasecundaria\/"},"img":{"alt_text":"","src":"","width":0,"height":0},"classes":[]},{"id":13124,"url":"https:\/\/www.jornalja.com.br\/arquivo\/sangue-latino-no-iecine\/","url_meta":{"origin":53789,"position":1},"title":"Sangue latino no IECINE","author":"da Reda\u00e7\u00e3o","date":"18 de maio de 2014","format":false,"excerpt":"Francisco Ribeiro O Instituto Estadual de Cinema (IECINE) tem a frente, desde abril \u00faltimo, um novo diretor, o cineasta colombiano Juan Zapata, 36, que substitui Luiz Alberto Cassol. Radicado h\u00e1 dez anos em Porto Alegre, Zapata tem diante de si o desafio de conduzir at\u00e9 o final do ano um\u2026","rel":"","context":"Em &quot;Cultura-Geral&quot;","block_context":{"text":"Cultura-Geral","link":"https:\/\/www.jornalja.com.br\/arquivo\/category\/materiasecundaria\/"},"img":{"alt_text":"","src":"","width":0,"height":0},"classes":[]},{"id":13240,"url":"https:\/\/www.jornalja.com.br\/arquivo\/plano-diretor-estamos-construindo-o-caos\/","url_meta":{"origin":53789,"position":2},"title":"Plano diretor: &quot;Estamos construindo o caos&quot;","author":"Patr\u00edcia Marini","date":"26 de maio de 2014","format":false,"excerpt":"Desabafo que arquiteta Eliana Castilhos, delegada da Regi\u00e3o de Planejamento 1, postou nas redes sociais \u00e9 um testemunho do ambiente que se criou no Conselho do Plano Diretor de Porto Alegre, onde a aprova\u00e7\u00e3o de grandes empreendimentos \u00e9 empurrada guela abaixo dos conselheiros. Ao CMDUA Como delegada da Regi\u00e3o de\u2026","rel":"","context":"Em &quot;Geral&quot;","block_context":{"text":"Geral","link":"https:\/\/www.jornalja.com.br\/arquivo\/category\/geral\/"},"img":{"alt_text":"","src":"","width":0,"height":0},"classes":[]},{"id":13239,"url":"https:\/\/www.jornalja.com.br\/arquivo\/conselho-desdenha-do-plano-diretor\/","url_meta":{"origin":53789,"position":3},"title":"Porto Alegre: Conselho detona Plano Diretor","author":"Patr\u00edcia Marini","date":"25 de maio de 2014","format":false,"excerpt":"Den\u00fancia do arquiteto e \u00a0urbanista Ibir\u00e1 Santos Lucas. Ele diz que os conselheiros est\u00e3o votando com \"enorme irresponsabilidade\". \"Mudam regime com a maior naturalidade,,,regularizam absurdos de constru\u00e7\u00f5es irregulares... \"O CMDUA est\u00e1 flexibilizando a lei do plano diretor, de uma forma impactante na vida da cidade. Mudam regime com a maior\u2026","rel":"","context":"Em &quot;Geral&quot;","block_context":{"text":"Geral","link":"https:\/\/www.jornalja.com.br\/arquivo\/category\/geral\/"},"img":{"alt_text":"","src":"","width":0,"height":0},"classes":[]},{"id":13101,"url":"https:\/\/www.jornalja.com.br\/arquivo\/morre-um-guerreiro-do-texto\/","url_meta":{"origin":53789,"position":4},"title":"Morre um guerreiro do texto","author":"Patr\u00edcia Marini","date":"14 de maio de 2014","format":false,"excerpt":"Por Ricardo Kotscho Reproduzido do blog do autor, 11\/5\/2014; t\u00edtulo original \u201cE l\u00e1 se foi o nosso Myltainho, guerreiro do texto\u201d. Mi\u00fado e franzino, meu amigo Myltainho era um valente e inconformado guerreiro na luta contra as injusti\u00e7as sociais, a hipocrisia, as maracutaias, o autoritarismo, a intoler\u00e2ncia, a viol\u00eancia, o\u2026","rel":"","context":"Em &quot;Geral&quot;","block_context":{"text":"Geral","link":"https:\/\/www.jornalja.com.br\/arquivo\/category\/geral\/"},"img":{"alt_text":"","src":"","width":0,"height":0},"classes":[]},{"id":13109,"url":"https:\/\/www.jornalja.com.br\/arquivo\/judiciario-reconhece-poluicao-eletromagnetica\/","url_meta":{"origin":53789,"position":5},"title":"Judici\u00e1rio reconhece polui\u00e7\u00e3o eletromagn\u00e9tica","author":"Patr\u00edcia Marini","date":"16 de maio de 2014","format":false,"excerpt":"A\u00e7\u00e3o de duas associa\u00e7\u00f5es de moradores foi acolhida pelo Tribunal de Justi\u00e7a de S\u00e3o Paulo que. em decis\u00e3o in\u00e9dita, determinou a redu\u00e7\u00e3o do campo eletromagn\u00e9tico gerado pelas linhas de transmiss\u00e3o de energia que cortam os bairros City Boa\u00e7ava e Alto de Pinheiros. \u00c9 a primeira vez que um tribunal do\u2026","rel":"","context":"Em &quot;X.Categorias velhas&quot;","block_context":{"text":"X.Categorias velhas","link":"https:\/\/www.jornalja.com.br\/arquivo\/category\/x-categorias-velhas\/"},"img":{"alt_text":"","src":"","width":0,"height":0},"classes":[]}],"jetpack_shortlink":"https:\/\/wp.me\/pbQjBd-dZz","jetpack_featured_media_url":"","_links":{"self":[{"href":"https:\/\/www.jornalja.com.br\/arquivo\/wp-json\/wp\/v2\/posts\/53789","targetHints":{"allow":["GET"]}}],"collection":[{"href":"https:\/\/www.jornalja.com.br\/arquivo\/wp-json\/wp\/v2\/posts"}],"about":[{"href":"https:\/\/www.jornalja.com.br\/arquivo\/wp-json\/wp\/v2\/types\/post"}],"author":[{"embeddable":true,"href":"https:\/\/www.jornalja.com.br\/arquivo\/wp-json\/wp\/v2\/users\/4"}],"replies":[{"embeddable":true,"href":"https:\/\/www.jornalja.com.br\/arquivo\/wp-json\/wp\/v2\/comments?post=53789"}],"version-history":[{"count":0,"href":"https:\/\/www.jornalja.com.br\/arquivo\/wp-json\/wp\/v2\/posts\/53789\/revisions"}],"wp:attachment":[{"href":"https:\/\/www.jornalja.com.br\/arquivo\/wp-json\/wp\/v2\/media?parent=53789"}],"wp:term":[{"taxonomy":"category","embeddable":true,"href":"https:\/\/www.jornalja.com.br\/arquivo\/wp-json\/wp\/v2\/categories?post=53789"},{"taxonomy":"post_tag","embeddable":true,"href":"https:\/\/www.jornalja.com.br\/arquivo\/wp-json\/wp\/v2\/tags?post=53789"}],"curies":[{"name":"wp","href":"https:\/\/api.w.org\/{rel}","templated":true}]}}