{"id":53794,"date":"2017-08-19T13:20:46","date_gmt":"2017-08-19T16:20:46","guid":{"rendered":"https:\/\/www.jornalja.com.br\/?p=53794"},"modified":"2017-08-19T13:20:46","modified_gmt":"2017-08-19T16:20:46","slug":"cade-a-transparencia-prefeito-marchezan","status":"publish","type":"post","link":"https:\/\/www.jornalja.com.br\/arquivo\/cade-a-transparencia-prefeito-marchezan\/","title":{"rendered":"Cad\u00ea a transpar\u00eancia, prefeito Marchezan?"},"content":{"rendered":"<p><span class=\"assina\">N\u00e9lson C\u00fanico *<\/span><br \/>\nTranspar\u00eancia, di\u00e1logo, democracia s\u00e3o conceitos importantes e caros na nossa sociedade. Conquistas hist\u00f3ricas que devem se refletir nas a\u00e7\u00f5es do cidad\u00e3o, no conjunto da sociedade e na administra\u00e7\u00e3o p\u00fablica. No entanto, muitos s\u00e3o os que hoje deturpam tais conceitos com o simples fim de utiliz\u00e1-los como pe\u00e7as de marketing.<br \/>\nVejamos o caso do Prefeito Marchezan, em Porto Alegre. Na campanha eleitoral, repetiu exaustivamente tais conceitos, em especial a transpar\u00eancia. Diante disso, era de se imaginar que, em sua administra\u00e7\u00e3o, essa palavra orientaria as a\u00e7\u00f5es em todos os n\u00edveis e secretarias, n\u00e3o \u00e9 mesmo? Infelizmente, n\u00e3o.<br \/>\nUma das a\u00e7\u00f5es mais b\u00e1sicas para a transpar\u00eancia \u00e9 a divulga\u00e7\u00e3o p\u00fablica das agendas dos gestores. Algo, ali\u00e1s, previsto na legisla\u00e7\u00e3o. Para alguns, uma a\u00e7\u00e3o menos importante, mas \u00e9 justamente a divulga\u00e7\u00e3o da agenda que garante o m\u00ednimo de transpar\u00eancia numa gest\u00e3o. A partir dela, se d\u00e1 o conhecimento \u00e0 sociedade sobre os atos realizados, quem o gestor recebe, onde ele vai quando est\u00e1 fora do seu gabinete, os motivos da agenda realizada.<br \/>\nObservem, por exemplo, as constantes agendas &#8220;secretas&#8221; realizadas pelo presidente golpista Michel Temer.\u00a0 Joesley Batista, dono da JBS, foi recebido no Pal\u00e1cio numa agenda noturna n\u00e3o divulgada, a qual somente tornou-se p\u00fablica a partir da grava\u00e7\u00e3o do empres\u00e1rio do \u00e1udio do presidente tratando de situa\u00e7\u00f5es ilegais e alheias a sua fun\u00e7\u00e3o. Foi a \u00fanica vez que isso ocorreu? Claro que n\u00e3o.\u00a0 Outras tantas agendas foram realizadas por Temer sem o conhecimento do p\u00fablico.<br \/>\nPois bem, isso n\u00e3o ocorre somente em Bras\u00edlia.<br \/>\nOnde est\u00e1 divulgada, por exemplo, a agenda p\u00fablica do prefeito de Porto Alegre? Busquei\u00a0 a agenda de Marchezan e do seu vice Gustavo Paim em portais da prefeitura, no portal Transpar\u00eancia e mesmo nas redes sociais do prefeito. Ela n\u00e3o existe. Talvez resuma-se ao conhecimento de seus assessores mais pr\u00f3ximos. Talvez nem eles tenham conhecimento, visto que volta e meia um dos integrantes no n\u00facleo dirigente da gest\u00e3o se demite devido a desentendimentos com o prefeito que, posteriormente, se tornam p\u00fablicos. O fato \u00e9 que ela n\u00e3o \u00e9 como deveria ser e a legisla\u00e7\u00e3o prev\u00ea que seja de conhecimento da cidade. Nesse caso, o gestor incorre no desrespeito a dois princ\u00edpios da administra\u00e7\u00e3o p\u00fablica: impessoalidade e publicidade. A impessoalidade por tratar uma agenda p\u00fablica do cargo de prefeito, o servidor n\u00famero um da cidade, como algo pessoal. A publicidade, por n\u00e3o divulgar ao p\u00fablico a previs\u00e3o dessas agendas como se a popula\u00e7\u00e3o da cidade n\u00e3o tivesse direito de saber aquilo que o prefeito faz. Agenda de um gestor \u00e9 para ser divulgada e n\u00e3o pode ser tratada, nem a agenda e nem a pr\u00f3pria prefeitura, como a extens\u00e3o pessoal da casa do prefeito.<br \/>\nVejam que n\u00e3o estou fazendo nenhuma acusa\u00e7\u00e3o, exceto a viola\u00e7\u00e3o dos princ\u00edpios da administra\u00e7\u00e3o p\u00fablica por Marchezan. At\u00e9 desconfio dos motivos que o leva a fazer isso, mas n\u00e3o o acuso. Afinal, se a agenda que deveria ser p\u00fablica n\u00e3o o \u00e9, n\u00e3o seria eu a questionar algo que desconhe\u00e7o. \u00c9 o pr\u00f3prio prefeito quem deve esclarecer por quais motivos suas agendas n\u00e3o s\u00e3o p\u00fablicas e n\u00e3o h\u00e1 respeito ao conceito da transpar\u00eancia que ele tanto falou na campanha eleitoral. Se \u00e9 para esconder altos gastos p\u00fablicos com elas, por reunir-se e ter compromissos com setores empresariais de fora da cidade em detrimento dos interesses da popula\u00e7\u00e3o ou mesmo se recebe em seu gabinete pessoas ou realiza atos secretos, \u00e9 ele quem deve responder.<br \/>\nEnt\u00e3o, Marchezan? Seria muito importante dirimirmos essas d\u00favidas. Que raios de motivos que te levam a esconder sua agenda do conjunto da popula\u00e7\u00e3o? Est\u00e1s com a palavra, prefeito. Aguardamos resposta.<br \/>\n* Diretor da Uni\u00e3o das Associa\u00e7\u00f5es de Moradores de Porto Alegre (UAMPA)<\/p>\n","protected":false},"excerpt":{"rendered":"<p>N\u00e9lson C\u00fanico * Transpar\u00eancia, di\u00e1logo, democracia s\u00e3o conceitos importantes e caros na nossa sociedade. Conquistas hist\u00f3ricas que devem se refletir nas a\u00e7\u00f5es do cidad\u00e3o, no conjunto da sociedade e na administra\u00e7\u00e3o p\u00fablica. No entanto, muitos s\u00e3o os que hoje deturpam tais conceitos com o simples fim de utiliz\u00e1-los como pe\u00e7as de marketing. Vejamos o caso [&hellip;]<\/p>\n","protected":false},"author":4,"featured_media":0,"comment_status":"open","ping_status":"closed","sticky":false,"template":"","format":"standard","meta":{"_jetpack_newsletter_access":"","_jetpack_dont_email_post_to_subs":false,"_jetpack_newsletter_tier_id":0,"_jetpack_memberships_contains_paywalled_content":false,"_jetpack_feature_clip_id":0,"_jetpack_memberships_contains_paid_content":false,"footnotes":"","jetpack_post_was_ever_published":false},"categories":[10],"tags":[],"class_list":["post-53794","post","type-post","status-publish","format-standard","hentry","category-analiseopiniao"],"aioseo_notices":[],"aioseo_head":"\n\t\t<!-- All in One SEO 5.0.1.1 - aioseo.com -->\n\t<meta name=\"robots\" content=\"max-image-preview:large\" \/>\n\t<meta name=\"author\" content=\"da Reda\u00e7\u00e3o\"\/>\n\t<link rel=\"canonical\" href=\"https:\/\/www.jornalja.com.br\/arquivo\/cade-a-transparencia-prefeito-marchezan\/\" \/>\n\t<meta name=\"generator\" content=\"All in One SEO (AIOSEO) 5.0.1.1\" \/>\n\t\t<meta property=\"og:locale\" content=\"pt_BR\" \/>\n\t\t<meta property=\"og:site_name\" content=\"Arquivo | Jornal J\u00c1 | Porto Alegre\" \/>\n\t\t<meta property=\"og:type\" content=\"article\" \/>\n\t\t<meta property=\"og:title\" content=\"Cad\u00ea a transpar\u00eancia, prefeito Marchezan? | Arquivo\" \/>\n\t\t<meta property=\"og:url\" content=\"https:\/\/www.jornalja.com.br\/arquivo\/cade-a-transparencia-prefeito-marchezan\/\" \/>\n\t\t<meta property=\"og:image\" content=\"https:\/\/www.jornalja.com.br\/economics\/wp-content\/uploads\/sites\/11\/2026\/08\/ja-folhaderosto-facebook.jpg\" \/>\n\t\t<meta property=\"og:image:secure_url\" content=\"https:\/\/www.jornalja.com.br\/economics\/wp-content\/uploads\/sites\/11\/2026\/08\/ja-folhaderosto-facebook.jpg\" \/>\n\t\t<meta property=\"article:published_time\" content=\"2017-08-19T16:20:46+00:00\" \/>\n\t\t<meta property=\"article:modified_time\" content=\"2017-08-19T16:20:46+00:00\" \/>\n\t\t<meta name=\"twitter:card\" content=\"summary\" \/>\n\t\t<meta name=\"twitter:title\" content=\"Cad\u00ea a transpar\u00eancia, prefeito Marchezan? | Arquivo\" \/>\n\t\t<meta name=\"twitter:image\" content=\"https:\/\/www.jornalja.com.br\/economics\/wp-content\/uploads\/sites\/11\/2026\/08\/ja-folhaderosto-facebook.jpg\" \/>\n\t\t<script type=\"application\/ld+json\" class=\"aioseo-schema\">\n\t\t\t{\"@context\":\"https:\\\/\\\/schema.org\",\"@graph\":[{\"@type\":\"BlogPosting\",\"@id\":\"https:\\\/\\\/www.jornalja.com.br\\\/arquivo\\\/cade-a-transparencia-prefeito-marchezan\\\/#blogposting\",\"name\":\"Cad\\u00ea a transpar\\u00eancia, prefeito Marchezan? | Arquivo\",\"headline\":\"Cad\\u00ea a transpar\\u00eancia, prefeito Marchezan?\",\"author\":{\"@id\":\"https:\\\/\\\/www.jornalja.com.br\\\/arquivo\\\/author\\\/daredacao\\\/#author\"},\"publisher\":{\"@id\":\"https:\\\/\\\/www.jornalja.com.br\\\/arquivo\\\/#organization\"},\"image\":{\"@type\":\"ImageObject\",\"url\":\"https:\\\/\\\/www.jornalja.com.br\\\/wp-content\\\/uploads\\\/cards\\\/JAslogan.png\",\"@id\":\"https:\\\/\\\/www.jornalja.com.br\\\/arquivo\\\/#articleImage\"},\"datePublished\":\"2017-08-19T13:20:46-03:00\",\"dateModified\":\"2017-08-19T13:20:46-03:00\",\"inLanguage\":\"pt-BR\",\"mainEntityOfPage\":{\"@id\":\"https:\\\/\\\/www.jornalja.com.br\\\/arquivo\\\/cade-a-transparencia-prefeito-marchezan\\\/#webpage\"},\"isPartOf\":{\"@id\":\"https:\\\/\\\/www.jornalja.com.br\\\/arquivo\\\/cade-a-transparencia-prefeito-marchezan\\\/#webpage\"},\"articleSection\":\"AN\\u00c1LISE&amp;OPINI\\u00c3O\"},{\"@type\":\"BreadcrumbList\",\"@id\":\"https:\\\/\\\/www.jornalja.com.br\\\/arquivo\\\/cade-a-transparencia-prefeito-marchezan\\\/#breadcrumblist\",\"itemListElement\":[{\"@type\":\"ListItem\",\"@id\":\"https:\\\/\\\/www.jornalja.com.br\\\/arquivo#listItem\",\"position\":1,\"name\":\"Home\",\"item\":\"https:\\\/\\\/www.jornalja.com.br\\\/arquivo\",\"nextItem\":{\"@type\":\"ListItem\",\"@id\":\"https:\\\/\\\/www.jornalja.com.br\\\/arquivo\\\/category\\\/analiseopiniao\\\/#listItem\",\"name\":\"AN\\u00c1LISE&amp;OPINI\\u00c3O\"}},{\"@type\":\"ListItem\",\"@id\":\"https:\\\/\\\/www.jornalja.com.br\\\/arquivo\\\/category\\\/analiseopiniao\\\/#listItem\",\"position\":2,\"name\":\"AN\\u00c1LISE&amp;OPINI\\u00c3O\",\"item\":\"https:\\\/\\\/www.jornalja.com.br\\\/arquivo\\\/category\\\/analiseopiniao\\\/\",\"nextItem\":{\"@type\":\"ListItem\",\"@id\":\"https:\\\/\\\/www.jornalja.com.br\\\/arquivo\\\/cade-a-transparencia-prefeito-marchezan\\\/#listItem\",\"name\":\"Cad\\u00ea a transpar\\u00eancia, prefeito Marchezan?\"},\"previousItem\":{\"@type\":\"ListItem\",\"@id\":\"https:\\\/\\\/www.jornalja.com.br\\\/arquivo#listItem\",\"name\":\"Home\"}},{\"@type\":\"ListItem\",\"@id\":\"https:\\\/\\\/www.jornalja.com.br\\\/arquivo\\\/cade-a-transparencia-prefeito-marchezan\\\/#listItem\",\"position\":3,\"name\":\"Cad\\u00ea a transpar\\u00eancia, prefeito Marchezan?\",\"previousItem\":{\"@type\":\"ListItem\",\"@id\":\"https:\\\/\\\/www.jornalja.com.br\\\/arquivo\\\/category\\\/analiseopiniao\\\/#listItem\",\"name\":\"AN\\u00c1LISE&amp;OPINI\\u00c3O\"}}]},{\"@type\":\"Organization\",\"@id\":\"https:\\\/\\\/www.jornalja.com.br\\\/arquivo\\\/#organization\",\"name\":\"Jornal J\\u00c1\",\"description\":\"Jornal J\\u00c1 | Porto Alegre\",\"url\":\"https:\\\/\\\/www.jornalja.com.br\\\/arquivo\\\/\",\"telephone\":\"+555133307272\",\"logo\":{\"@type\":\"ImageObject\",\"url\":\"https:\\\/\\\/www.jornalja.com.br\\\/wp-content\\\/uploads\\\/cards\\\/JAslogan.png\",\"@id\":\"https:\\\/\\\/www.jornalja.com.br\\\/arquivo\\\/cade-a-transparencia-prefeito-marchezan\\\/#organizationLogo\"},\"image\":{\"@id\":\"https:\\\/\\\/www.jornalja.com.br\\\/arquivo\\\/cade-a-transparencia-prefeito-marchezan\\\/#organizationLogo\"}},{\"@type\":\"Person\",\"@id\":\"https:\\\/\\\/www.jornalja.com.br\\\/arquivo\\\/author\\\/daredacao\\\/#author\",\"url\":\"https:\\\/\\\/www.jornalja.com.br\\\/arquivo\\\/author\\\/daredacao\\\/\",\"name\":\"da Reda\\u00e7\\u00e3o\",\"image\":{\"@type\":\"ImageObject\",\"@id\":\"https:\\\/\\\/www.jornalja.com.br\\\/arquivo\\\/cade-a-transparencia-prefeito-marchezan\\\/#authorImage\",\"url\":\"https:\\\/\\\/secure.gravatar.com\\\/avatar\\\/469fd857d6605ad19919d27ed29d35a968a25f6e8fd9318356bbb7f57aae9c65?s=96&d=mm&r=g\",\"width\":96,\"height\":96,\"caption\":\"da Reda\\u00e7\\u00e3o\"}},{\"@type\":\"WebPage\",\"@id\":\"https:\\\/\\\/www.jornalja.com.br\\\/arquivo\\\/cade-a-transparencia-prefeito-marchezan\\\/#webpage\",\"url\":\"https:\\\/\\\/www.jornalja.com.br\\\/arquivo\\\/cade-a-transparencia-prefeito-marchezan\\\/\",\"name\":\"Cad\\u00ea a transpar\\u00eancia, prefeito Marchezan? | Arquivo\",\"inLanguage\":\"pt-BR\",\"isPartOf\":{\"@id\":\"https:\\\/\\\/www.jornalja.com.br\\\/arquivo\\\/#website\"},\"breadcrumb\":{\"@id\":\"https:\\\/\\\/www.jornalja.com.br\\\/arquivo\\\/cade-a-transparencia-prefeito-marchezan\\\/#breadcrumblist\"},\"author\":{\"@id\":\"https:\\\/\\\/www.jornalja.com.br\\\/arquivo\\\/author\\\/daredacao\\\/#author\"},\"creator\":{\"@id\":\"https:\\\/\\\/www.jornalja.com.br\\\/arquivo\\\/author\\\/daredacao\\\/#author\"},\"datePublished\":\"2017-08-19T13:20:46-03:00\",\"dateModified\":\"2017-08-19T13:20:46-03:00\"},{\"@type\":\"WebSite\",\"@id\":\"https:\\\/\\\/www.jornalja.com.br\\\/arquivo\\\/#website\",\"url\":\"https:\\\/\\\/www.jornalja.com.br\\\/arquivo\\\/\",\"name\":\"Arquivo\",\"description\":\"Jornal J\\u00c1 | Porto Alegre\",\"inLanguage\":\"pt-BR\",\"publisher\":{\"@id\":\"https:\\\/\\\/www.jornalja.com.br\\\/arquivo\\\/#organization\"}}]}\n\t\t<\/script>\n\t\t<!-- All in One SEO -->\n\n","aioseo_head_json":{"title":"Cad\u00ea a transpar\u00eancia, prefeito Marchezan? | Arquivo","description":"","canonical_url":"https:\/\/www.jornalja.com.br\/arquivo\/cade-a-transparencia-prefeito-marchezan\/","robots":"max-image-preview:large","keywords":"","webmasterTools":{"miscellaneous":""},"schema":{"@context":"https:\/\/schema.org","@graph":[{"@type":"BlogPosting","@id":"https:\/\/www.jornalja.com.br\/arquivo\/cade-a-transparencia-prefeito-marchezan\/#blogposting","name":"Cad\u00ea a transpar\u00eancia, prefeito Marchezan? | Arquivo","headline":"Cad\u00ea a transpar\u00eancia, prefeito Marchezan?","author":{"@id":"https:\/\/www.jornalja.com.br\/arquivo\/author\/daredacao\/#author"},"publisher":{"@id":"https:\/\/www.jornalja.com.br\/arquivo\/#organization"},"image":{"@type":"ImageObject","url":"https:\/\/www.jornalja.com.br\/wp-content\/uploads\/cards\/JAslogan.png","@id":"https:\/\/www.jornalja.com.br\/arquivo\/#articleImage"},"datePublished":"2017-08-19T13:20:46-03:00","dateModified":"2017-08-19T13:20:46-03:00","inLanguage":"pt-BR","mainEntityOfPage":{"@id":"https:\/\/www.jornalja.com.br\/arquivo\/cade-a-transparencia-prefeito-marchezan\/#webpage"},"isPartOf":{"@id":"https:\/\/www.jornalja.com.br\/arquivo\/cade-a-transparencia-prefeito-marchezan\/#webpage"},"articleSection":"AN\u00c1LISE&amp;OPINI\u00c3O"},{"@type":"BreadcrumbList","@id":"https:\/\/www.jornalja.com.br\/arquivo\/cade-a-transparencia-prefeito-marchezan\/#breadcrumblist","itemListElement":[{"@type":"ListItem","@id":"https:\/\/www.jornalja.com.br\/arquivo#listItem","position":1,"name":"Home","item":"https:\/\/www.jornalja.com.br\/arquivo","nextItem":{"@type":"ListItem","@id":"https:\/\/www.jornalja.com.br\/arquivo\/category\/analiseopiniao\/#listItem","name":"AN\u00c1LISE&amp;OPINI\u00c3O"}},{"@type":"ListItem","@id":"https:\/\/www.jornalja.com.br\/arquivo\/category\/analiseopiniao\/#listItem","position":2,"name":"AN\u00c1LISE&amp;OPINI\u00c3O","item":"https:\/\/www.jornalja.com.br\/arquivo\/category\/analiseopiniao\/","nextItem":{"@type":"ListItem","@id":"https:\/\/www.jornalja.com.br\/arquivo\/cade-a-transparencia-prefeito-marchezan\/#listItem","name":"Cad\u00ea a transpar\u00eancia, prefeito Marchezan?"},"previousItem":{"@type":"ListItem","@id":"https:\/\/www.jornalja.com.br\/arquivo#listItem","name":"Home"}},{"@type":"ListItem","@id":"https:\/\/www.jornalja.com.br\/arquivo\/cade-a-transparencia-prefeito-marchezan\/#listItem","position":3,"name":"Cad\u00ea a transpar\u00eancia, prefeito Marchezan?","previousItem":{"@type":"ListItem","@id":"https:\/\/www.jornalja.com.br\/arquivo\/category\/analiseopiniao\/#listItem","name":"AN\u00c1LISE&amp;OPINI\u00c3O"}}]},{"@type":"Organization","@id":"https:\/\/www.jornalja.com.br\/arquivo\/#organization","name":"Jornal J\u00c1","description":"Jornal J\u00c1 | Porto Alegre","url":"https:\/\/www.jornalja.com.br\/arquivo\/","telephone":"+555133307272","logo":{"@type":"ImageObject","url":"https:\/\/www.jornalja.com.br\/wp-content\/uploads\/cards\/JAslogan.png","@id":"https:\/\/www.jornalja.com.br\/arquivo\/cade-a-transparencia-prefeito-marchezan\/#organizationLogo"},"image":{"@id":"https:\/\/www.jornalja.com.br\/arquivo\/cade-a-transparencia-prefeito-marchezan\/#organizationLogo"}},{"@type":"Person","@id":"https:\/\/www.jornalja.com.br\/arquivo\/author\/daredacao\/#author","url":"https:\/\/www.jornalja.com.br\/arquivo\/author\/daredacao\/","name":"da Reda\u00e7\u00e3o","image":{"@type":"ImageObject","@id":"https:\/\/www.jornalja.com.br\/arquivo\/cade-a-transparencia-prefeito-marchezan\/#authorImage","url":"https:\/\/secure.gravatar.com\/avatar\/469fd857d6605ad19919d27ed29d35a968a25f6e8fd9318356bbb7f57aae9c65?s=96&d=mm&r=g","width":96,"height":96,"caption":"da Reda\u00e7\u00e3o"}},{"@type":"WebPage","@id":"https:\/\/www.jornalja.com.br\/arquivo\/cade-a-transparencia-prefeito-marchezan\/#webpage","url":"https:\/\/www.jornalja.com.br\/arquivo\/cade-a-transparencia-prefeito-marchezan\/","name":"Cad\u00ea a transpar\u00eancia, prefeito Marchezan? | Arquivo","inLanguage":"pt-BR","isPartOf":{"@id":"https:\/\/www.jornalja.com.br\/arquivo\/#website"},"breadcrumb":{"@id":"https:\/\/www.jornalja.com.br\/arquivo\/cade-a-transparencia-prefeito-marchezan\/#breadcrumblist"},"author":{"@id":"https:\/\/www.jornalja.com.br\/arquivo\/author\/daredacao\/#author"},"creator":{"@id":"https:\/\/www.jornalja.com.br\/arquivo\/author\/daredacao\/#author"},"datePublished":"2017-08-19T13:20:46-03:00","dateModified":"2017-08-19T13:20:46-03:00"},{"@type":"WebSite","@id":"https:\/\/www.jornalja.com.br\/arquivo\/#website","url":"https:\/\/www.jornalja.com.br\/arquivo\/","name":"Arquivo","description":"Jornal J\u00c1 | Porto Alegre","inLanguage":"pt-BR","publisher":{"@id":"https:\/\/www.jornalja.com.br\/arquivo\/#organization"}}]},"og:locale":"pt_BR","og:site_name":"Arquivo | Jornal J\u00c1 | Porto Alegre","og:type":"article","og:title":"Cad\u00ea a transpar\u00eancia, prefeito Marchezan? | Arquivo","og:url":"https:\/\/www.jornalja.com.br\/arquivo\/cade-a-transparencia-prefeito-marchezan\/","og:image":"https:\/\/www.jornalja.com.br\/economics\/wp-content\/uploads\/sites\/11\/2026\/08\/ja-folhaderosto-facebook.jpg","og:image:secure_url":"https:\/\/www.jornalja.com.br\/economics\/wp-content\/uploads\/sites\/11\/2026\/08\/ja-folhaderosto-facebook.jpg","article:published_time":"2017-08-19T16:20:46+00:00","article:modified_time":"2017-08-19T16:20:46+00:00","twitter:card":"summary","twitter:title":"Cad\u00ea a transpar\u00eancia, prefeito Marchezan? | Arquivo","twitter:image":"https:\/\/www.jornalja.com.br\/economics\/wp-content\/uploads\/sites\/11\/2026\/08\/ja-folhaderosto-facebook.jpg"},"aioseo_meta_data":{"post_id":"53794","title":null,"description":null,"keywords":null,"keyphrases":null,"primary_term":null,"canonical_url":null,"og_title":null,"og_description":null,"og_object_type":"default","og_image_type":"default","og_image_url":null,"og_image_width":null,"og_image_height":null,"og_image_custom_url":null,"og_image_custom_fields":null,"og_video":null,"og_custom_url":null,"og_article_section":null,"og_article_tags":null,"twitter_use_og":false,"twitter_card":"default","twitter_image_type":"default","twitter_image_url":null,"twitter_image_custom_url":null,"twitter_image_custom_fields":null,"twitter_title":null,"twitter_description":null,"schema":{"blockGraphs":[],"customGraphs":[],"default":{"data":{"Article":[],"Course":[],"Dataset":[],"FAQPage":[],"Movie":[],"Person":[],"Product":[],"ProductReview":[],"Car":[],"Recipe":[],"Service":[],"SoftwareApplication":[],"WebPage":[]},"graphName":"","isEnabled":true},"graphs":[],"defaultGraph":"","defaultPostTypeGraph":""},"schema_type":null,"schema_type_options":null,"pillar_content":false,"robots_default":true,"robots_noindex":false,"robots_noarchive":false,"robots_nosnippet":false,"robots_nofollow":false,"robots_noimageindex":false,"robots_noodp":false,"robots_notranslate":false,"robots_max_snippet":null,"robots_max_videopreview":null,"robots_max_imagepreview":"large","priority":null,"frequency":null,"location":null,"local_seo":null,"breadcrumb_settings":null,"limit_modified_date":false,"ai":null,"created":"2020-12-20 20:26:59","updated":"2025-07-20 00:25:46","seo_analyzer_scan_date":null,"focus_keyword":null,"additional_keywords":null,"truseo_locale":null},"jetpack_sharing_enabled":true,"jetpack-related-posts":[{"id":14241,"url":"https:\/\/www.jornalja.com.br\/arquivo\/o-guaiba-nas-imagens-poeticas-de-achutti\/","url_meta":{"origin":53794,"position":0},"title":"O Gua\u00edba nas imagens po\u00e9ticas de Achutti","author":"da Reda\u00e7\u00e3o","date":"18 de junho de 2014","format":false,"excerpt":"Em \u201cO Gua\u00edba por Achutti\u201d \u2013 obra financiada via Minist\u00e9rio da Cultura, produ\u00e7\u00e3o executiva de Pedro Longhi, e Fl\u00e1vio Wild como designer \u2013, o fot\u00f3grafo revela a beleza e as mazelas de um espa\u00e7o aqu\u00e1tico de \u00e1guas sempre renovadas, cheio de hist\u00f3rias e lendas como as das cidades que foram\u2026","rel":"","context":"Em &quot;Cultura-Geral&quot;","block_context":{"text":"Cultura-Geral","link":"https:\/\/www.jornalja.com.br\/arquivo\/category\/materiasecundaria\/"},"img":{"alt_text":"","src":"","width":0,"height":0},"classes":[]},{"id":13109,"url":"https:\/\/www.jornalja.com.br\/arquivo\/judiciario-reconhece-poluicao-eletromagnetica\/","url_meta":{"origin":53794,"position":1},"title":"Judici\u00e1rio reconhece polui\u00e7\u00e3o eletromagn\u00e9tica","author":"Patr\u00edcia Marini","date":"16 de maio de 2014","format":false,"excerpt":"A\u00e7\u00e3o de duas associa\u00e7\u00f5es de moradores foi acolhida pelo Tribunal de Justi\u00e7a de S\u00e3o Paulo que. em decis\u00e3o in\u00e9dita, determinou a redu\u00e7\u00e3o do campo eletromagn\u00e9tico gerado pelas linhas de transmiss\u00e3o de energia que cortam os bairros City Boa\u00e7ava e Alto de Pinheiros. \u00c9 a primeira vez que um tribunal do\u2026","rel":"","context":"Em &quot;X.Categorias velhas&quot;","block_context":{"text":"X.Categorias velhas","link":"https:\/\/www.jornalja.com.br\/arquivo\/category\/x-categorias-velhas\/"},"img":{"alt_text":"","src":"","width":0,"height":0},"classes":[]},{"id":13128,"url":"https:\/\/www.jornalja.com.br\/arquivo\/maconha-terra-diz-que-uso-medicinal-e-desculpa\/","url_meta":{"origin":53794,"position":2},"title":"Maconha: Terra diz que uso medicinal \u00e9 desculpa","author":"Patr\u00edcia Marini","date":"4 de junho de 2014","format":false,"excerpt":"A condi\u00e7\u00e3o de pol\u00edtico, em \u00e9poca de campanha de campanha eleitoral, tira for\u00e7a do discurso do m\u00e9dico Osmar Terra contra a legaliza\u00e7\u00e3o da maconha. A tese dele de que a libera\u00e7\u00e3o vai ampliar exponencialmente o consumo \u00e9 discutivel, o consumo \u00e9 corrente. Mas seus alertas quanto aos riscos tem que\u2026","rel":"","context":"Em &quot;X.Categorias velhas&quot;","block_context":{"text":"X.Categorias velhas","link":"https:\/\/www.jornalja.com.br\/arquivo\/category\/x-categorias-velhas\/"},"img":{"alt_text":"","src":"","width":0,"height":0},"classes":[]},{"id":13124,"url":"https:\/\/www.jornalja.com.br\/arquivo\/sangue-latino-no-iecine\/","url_meta":{"origin":53794,"position":3},"title":"Sangue latino no IECINE","author":"da Reda\u00e7\u00e3o","date":"18 de maio de 2014","format":false,"excerpt":"Francisco Ribeiro O Instituto Estadual de Cinema (IECINE) tem a frente, desde abril \u00faltimo, um novo diretor, o cineasta colombiano Juan Zapata, 36, que substitui Luiz Alberto Cassol. Radicado h\u00e1 dez anos em Porto Alegre, Zapata tem diante de si o desafio de conduzir at\u00e9 o final do ano um\u2026","rel":"","context":"Em &quot;Cultura-Geral&quot;","block_context":{"text":"Cultura-Geral","link":"https:\/\/www.jornalja.com.br\/arquivo\/category\/materiasecundaria\/"},"img":{"alt_text":"","src":"","width":0,"height":0},"classes":[]},{"id":5440,"url":"https:\/\/www.jornalja.com.br\/arquivo\/casarao-da-venancio-destino-permanece-incerto\/","url_meta":{"origin":53794,"position":4},"title":"Estado ainda n\u00e3o sabe o que fazer com casar\u00e3o abandonado h\u00e1 20 anos","author":"Elmar Bones","date":"6 de julho de 2009","format":false,"excerpt":"O casar\u00e3o amarelo, numa esquina nobre de Porto Alegre (Ven\u00e2ncio Aires com Jo\u00e3o Pessoa), j\u00e1 abrigou uma escola. H\u00e1 duas d\u00e9cadas, pelo menos, est\u00e1 abandonado, porque seu propriet\u00e1rio, o governo do Estado do Rio Grande do Sul, n\u00e3o consegue achar um destino para ele. Planos n\u00e3o faltaram. O governador Ol\u00edvio\u2026","rel":"","context":"Em &quot;X.Categorias velhas&quot;","block_context":{"text":"X.Categorias velhas","link":"https:\/\/www.jornalja.com.br\/arquivo\/category\/x-categorias-velhas\/"},"img":{"alt_text":"geraldo1","src":"https:\/\/i0.wp.com\/www.jornalja.com.br\/wp-content\/uploads\/2009\/07\/geraldo1.jpg?resize=350%2C200&ssl=1","width":350,"height":200},"classes":[]},{"id":12960,"url":"https:\/\/www.jornalja.com.br\/arquivo\/populacao-culpa-empresas-pela-greve-dos-rodoviarios\/","url_meta":{"origin":53794,"position":5},"title":"Popula\u00e7\u00e3o culpa empresas pela greve","author":"Patr\u00edcia Marini","date":"14 de fevereiro de 2014","format":false,"excerpt":"Pesquisa divulgada na edi\u00e7\u00e3o do jornal Metro desta sexta-feira,14, comprova o velho ditado: \u00e9 poss\u00edvel enganar muitos por algum tempo, mas n\u00e3o \u00e9 poss\u00edvel enganar a todos o tempo inteiro. A principal revela\u00e7\u00e3o foi que 59,8% dos entrevistados apontaram as empresas como as principais respons\u00e1veis pela grave e 46% culparam\u2026","rel":"","context":"Em &quot;X.Categorias velhas&quot;","block_context":{"text":"X.Categorias velhas","link":"https:\/\/www.jornalja.com.br\/arquivo\/category\/x-categorias-velhas\/"},"img":{"alt_text":"","src":"","width":0,"height":0},"classes":[]}],"jetpack_shortlink":"https:\/\/wp.me\/pbQjBd-dZE","jetpack_featured_media_url":"","_links":{"self":[{"href":"https:\/\/www.jornalja.com.br\/arquivo\/wp-json\/wp\/v2\/posts\/53794","targetHints":{"allow":["GET"]}}],"collection":[{"href":"https:\/\/www.jornalja.com.br\/arquivo\/wp-json\/wp\/v2\/posts"}],"about":[{"href":"https:\/\/www.jornalja.com.br\/arquivo\/wp-json\/wp\/v2\/types\/post"}],"author":[{"embeddable":true,"href":"https:\/\/www.jornalja.com.br\/arquivo\/wp-json\/wp\/v2\/users\/4"}],"replies":[{"embeddable":true,"href":"https:\/\/www.jornalja.com.br\/arquivo\/wp-json\/wp\/v2\/comments?post=53794"}],"version-history":[{"count":0,"href":"https:\/\/www.jornalja.com.br\/arquivo\/wp-json\/wp\/v2\/posts\/53794\/revisions"}],"wp:attachment":[{"href":"https:\/\/www.jornalja.com.br\/arquivo\/wp-json\/wp\/v2\/media?parent=53794"}],"wp:term":[{"taxonomy":"category","embeddable":true,"href":"https:\/\/www.jornalja.com.br\/arquivo\/wp-json\/wp\/v2\/categories?post=53794"},{"taxonomy":"post_tag","embeddable":true,"href":"https:\/\/www.jornalja.com.br\/arquivo\/wp-json\/wp\/v2\/tags?post=53794"}],"curies":[{"name":"wp","href":"https:\/\/api.w.org\/{rel}","templated":true}]}}