{"id":53840,"date":"2017-08-20T16:48:11","date_gmt":"2017-08-20T19:48:11","guid":{"rendered":"https:\/\/www.jornalja.com.br\/?p=53840"},"modified":"2017-08-20T16:48:11","modified_gmt":"2017-08-20T19:48:11","slug":"prefeitura-pague-a-cultura-protesta-diretor-no-primeiro-dia-dos-curtas-em-gramado","status":"publish","type":"post","link":"https:\/\/www.jornalja.com.br\/arquivo\/prefeitura-pague-a-cultura-protesta-diretor-no-primeiro-dia-dos-curtas-em-gramado\/","title":{"rendered":"Document\u00e1rios, fic\u00e7\u00e3o e protesto no primeiro dia dos curtas em Gramado"},"content":{"rendered":"<p><span class=\"assina\"><strong>Matheus Chaparini<\/strong><\/span><\/p>\n<div>\n<div>Com dezoito filmes inscritos, a mostra de curtas ga\u00fachos teve sua primeira sess\u00e3o neste s\u00e1bado.<\/div>\n<div>\nA mostra re\u00fane jovens cineastas do estado e profissionais experientes, fic\u00e7\u00e3o, document\u00e1rio, document\u00e1rio falso e at\u00e9 hist\u00f3rias de fam\u00edlia.<\/p>\n<p dir=\"ltr\">\u2018Tele entrega\u2019 abriu a sess\u00e3o, contando o drama de um pai, vivido pelo ator Nando Cunha, na emerg\u00eancia de um hospital, acompanhando um filho que aguarda por um transplante.<\/p>\n<p>O diretor do filme, Roberto Burd, contou que durante a pesquisa para o filme, acompanhou a hist\u00f3ria de uma uma mulher, de cerca de 30 anos, que aguardava na fila dos transplantes, por\u00e9m, mesmo que viesse o cora\u00e7\u00e3o esperado, ela poderia n\u00e3o resistir \u00e0 cirurgia.\n<\/p><\/div>\n<div><\/div>\n<div>\nPara Burd, esta hist\u00f3ria ajudou a criar uma atmosfera de terror de seu curta.<\/p>\n<p dir=\"ltr\">Estudantes de cursos de audiovisual, emplacaram dois trabalhos. O filme 10 segundos, dirigido por Thiago Massimino, \u00e9 um trabalho de conclus\u00e3o do curso de audiovisual da Ulbra, feito com \u201cbaix\u00edssimo custo\u201d, segundo o diretor.<\/p>\n<p dir=\"ltr\">Um homem acorrentado pelos p\u00e9s em um quarto escuro fica ref\u00e9m de seus pensamentos e paran\u00f3ias, em busca de liberta\u00e7\u00e3o.<\/p>\n<p>&#8220;C\u00e1 com meus bot\u00f5es&#8221; foi produzido por estudantes do terceiro ano do curso de audiovisual da Unisinos.O document\u00e1rio retrata a vida de Arno, viciado em futebol de bot\u00e3o, e de sua esposa, Ivone, que convive com o h\u00e1bito do marido.<\/p>\n<p dir=\"ltr\">&#8220;Sena, os fios em prosa&#8221; \u00e9 uma hist\u00f3ria de fam\u00edlia. Feito pelos cineastas Marcelo da Rosa Costa e Cac\u00e1 Sena, o filme \u00e9 uma homenagem ao pai, o artista Antonio Carlos Sena, criador do Teatro Infantil de Marionete, que existe desde 1954.<\/p>\n<p dir=\"ltr\">Sena iniciou no cinema ao doze anos. Criado no bairro Azenha, era vizinho de uma sala de cinema, onde come\u00e7ou trabalhando como volunt\u00e1rio e logo tornou-se uma esp\u00e9cie de gerente, tendo nas m\u00e3os a chave do cinema.<\/p>\n<p>Numa noite, em que a sess\u00e3o foi at\u00e9 muito tarde, seu pai foi a cinema, indignado, porque aquilo n\u00e3o era hora de pi\u00e1 estar fora de casa. Levou o dono do cinema ao desespero. Sena era o \u00fanico que sabia operar o projetor.<\/p>\n<p dir=\"ltr\">&#8220;Luna 13&#8221; \u00e9 um falso document\u00e1rio ambientado nos anos 90. Ap\u00f3s a morte do av\u00f4, o jovem Igor, decide resgatar sua hist\u00f3ria atrav\u00e9s de um document\u00e1rio e entender a obsess\u00e3o do av\u00f4, tido por muitos como louco, por acontecimentos inusitados relacionados.<\/p>\n<p dir=\"ltr\">O diretor Filipe Barros defendeu a import\u00e2ncia de os curtas n\u00e3o ficarem restritos aos festivais e serem disponibilizados na internet para atingir o grande p\u00fablico.<\/p>\n<p><strong>Crise pol\u00edtica pauta os discursos<\/strong><\/p>\n<p dir=\"ltr\">O momento da apresenta\u00e7\u00e3o dos filmes \u00e9 sempre marcado por discursos com teor pol\u00edtico, sobretudo no atual cen\u00e1rio da pol\u00edtica nacional.<\/p>\n<p>O diretor de Sob \u00c1guas Claras e Inocentes, Emiliano Cunha, disse que o filme fala \u201cda sensa\u00e7\u00e3o de ser e estar no Brasil nestes dois hediondos anos.\u201d\n<\/p><\/div>\n<div><\/div>\n<div>Ele criticou tamb\u00e9m o prefeito de Porto Alegre, Nelson Marchezan J\u00fanior, e o secret\u00e1rio municipal de Cultura, Luciano Alabarse.<\/div>\n<div><\/div>\n<div>\nContemplado pelo Fumproarte, o filme \u00e9 um dos projetos que ainda n\u00e3o recebeu o recurso da Prefeitura. \u201cO Fumproarte \u00e9 uma conquista de Porto Alegre. Prefeitura, pague a cultura.\u201d<\/p>\n<p dir=\"ltr\">Giordano Gio, diretor de 1947, tra\u00e7ou um paralelo entre o ano abordado no filme com o momento atual.<\/p>\n<p dir=\"ltr\">Setenta anos depois, observou o diretor, \u201cvemos o crescimento de grupos fascist\u00f3ides e temos um candidato \u00e0 presid\u00eancia neonazista.\u201d O diretor encerrou o discurso pedindo \u201cdiretas j\u00e1 e abaixo o neonazismo.\u201d<\/p>\n<p>O diretor do filme &#8220;Secundas&#8221;, Cac\u00e1 Naz\u00e1rio, subiu ao palco acompanhado por alguns dos estudantes que protagonizaram o document\u00e1rio e o movimento de ocupa\u00e7\u00f5es escolares desencadeado em 2016.\n<\/p><\/div>\n<div>\nCac\u00e1 falou do trauma sofrido pelos meninos e meninas durante a desocupa\u00e7\u00e3o for\u00e7ada da Secretaria da Fazenda pela Brigada Militar e dedicou o filme a Rafael Braga. \u201cUm preso pol\u00edtico no Brasil, enquanto playboy filho de desembargadora \u00e9 pego com 130 kg de maconha e muni\u00e7\u00e3o para armamento pesado e \u00e9 solto. Essa \u00e9 a porra do pa\u00eds que estamos vivendo.\u201d<\/p>\n<p dir=\"ltr\"><strong>Segunda dia tem mais oito curtas<\/strong><\/p>\n<p>Neste domingo, a mostra continua, com a exibi\u00e7\u00e3o de oito curtas metragens. A entrega do Pr\u00eamio Assembleia Legislativa ser\u00e1 no pal\u00e1cio dos Festivais, a partir das 21h. Ao todo s\u00e3o R$ 48 mil em premia\u00e7\u00e3o para a mostra de curtas.\n<\/p><\/div>\n<div>Legenda: &#8220;Prefeitura, pague a cultura&#8221;, cobrou o diretor do filme Sob \u00c1guas Claras e Inocentes, contemplado com Fumproarte e que n\u00e3o recebeu o recurso<\/div>\n<\/div>\n","protected":false},"excerpt":{"rendered":"<p>Matheus Chaparini Com dezoito filmes inscritos, a mostra de curtas ga\u00fachos teve sua primeira sess\u00e3o neste s\u00e1bado. A mostra re\u00fane jovens cineastas do estado e profissionais experientes, fic\u00e7\u00e3o, document\u00e1rio, document\u00e1rio falso e at\u00e9 hist\u00f3rias de fam\u00edlia. \u2018Tele entrega\u2019 abriu a sess\u00e3o, contando o drama de um pai, vivido pelo ator Nando Cunha, na emerg\u00eancia de [&hellip;]<\/p>\n","protected":false},"author":4,"featured_media":53842,"comment_status":"open","ping_status":"closed","sticky":false,"template":"","format":"standard","meta":{"_jetpack_newsletter_access":"","_jetpack_dont_email_post_to_subs":false,"_jetpack_newsletter_tier_id":0,"_jetpack_memberships_contains_paywalled_content":false,"_jetpack_feature_clip_id":0,"_jetpack_memberships_contains_paid_content":false,"footnotes":"","jetpack_post_was_ever_published":false},"categories":[26],"tags":[],"class_list":["post-53840","post","type-post","status-publish","format-standard","has-post-thumbnail","hentry","category-geral"],"aioseo_notices":[],"aioseo_head":"\n\t\t<!-- All in One SEO 5.0.1.1 - aioseo.com -->\n\t<meta name=\"robots\" content=\"max-image-preview:large\" \/>\n\t<meta name=\"author\" content=\"da Reda\u00e7\u00e3o\"\/>\n\t<link rel=\"canonical\" href=\"https:\/\/www.jornalja.com.br\/arquivo\/prefeitura-pague-a-cultura-protesta-diretor-no-primeiro-dia-dos-curtas-em-gramado\/\" \/>\n\t<meta name=\"generator\" content=\"All in One SEO (AIOSEO) 5.0.1.1\" \/>\n\t\t<meta property=\"og:locale\" content=\"pt_BR\" \/>\n\t\t<meta property=\"og:site_name\" content=\"Arquivo | Jornal J\u00c1 | Porto Alegre\" \/>\n\t\t<meta property=\"og:type\" content=\"article\" \/>\n\t\t<meta property=\"og:title\" content=\"Document\u00e1rios, fic\u00e7\u00e3o e protesto no primeiro dia dos curtas em Gramado | Arquivo\" \/>\n\t\t<meta property=\"og:url\" content=\"https:\/\/www.jornalja.com.br\/arquivo\/prefeitura-pague-a-cultura-protesta-diretor-no-primeiro-dia-dos-curtas-em-gramado\/\" \/>\n\t\t<meta property=\"og:image\" content=\"https:\/\/www.jornalja.com.br\/economics\/wp-content\/uploads\/sites\/11\/2026\/08\/ja-folhaderosto-facebook.jpg\" \/>\n\t\t<meta property=\"og:image:secure_url\" content=\"https:\/\/www.jornalja.com.br\/economics\/wp-content\/uploads\/sites\/11\/2026\/08\/ja-folhaderosto-facebook.jpg\" \/>\n\t\t<meta property=\"article:published_time\" content=\"2017-08-20T19:48:11+00:00\" \/>\n\t\t<meta property=\"article:modified_time\" content=\"2017-08-20T19:48:11+00:00\" \/>\n\t\t<meta name=\"twitter:card\" content=\"summary\" \/>\n\t\t<meta name=\"twitter:title\" content=\"Document\u00e1rios, fic\u00e7\u00e3o e protesto no primeiro dia dos curtas em Gramado | Arquivo\" \/>\n\t\t<meta name=\"twitter:image\" content=\"https:\/\/www.jornalja.com.br\/economics\/wp-content\/uploads\/sites\/11\/2026\/08\/ja-folhaderosto-facebook.jpg\" \/>\n\t\t<script type=\"application\/ld+json\" class=\"aioseo-schema\">\n\t\t\t{\"@context\":\"https:\\\/\\\/schema.org\",\"@graph\":[{\"@type\":\"BlogPosting\",\"@id\":\"https:\\\/\\\/www.jornalja.com.br\\\/arquivo\\\/prefeitura-pague-a-cultura-protesta-diretor-no-primeiro-dia-dos-curtas-em-gramado\\\/#blogposting\",\"name\":\"Document\\u00e1rios, fic\\u00e7\\u00e3o e protesto no primeiro dia dos curtas em Gramado | Arquivo\",\"headline\":\"Document\\u00e1rios, fic\\u00e7\\u00e3o e protesto no primeiro dia dos curtas em Gramado\",\"author\":{\"@id\":\"https:\\\/\\\/www.jornalja.com.br\\\/arquivo\\\/author\\\/daredacao\\\/#author\"},\"publisher\":{\"@id\":\"https:\\\/\\\/www.jornalja.com.br\\\/arquivo\\\/#organization\"},\"image\":{\"@type\":\"ImageObject\",\"url\":53842},\"datePublished\":\"2017-08-20T16:48:11-03:00\",\"dateModified\":\"2017-08-20T16:48:11-03:00\",\"inLanguage\":\"pt-BR\",\"mainEntityOfPage\":{\"@id\":\"https:\\\/\\\/www.jornalja.com.br\\\/arquivo\\\/prefeitura-pague-a-cultura-protesta-diretor-no-primeiro-dia-dos-curtas-em-gramado\\\/#webpage\"},\"isPartOf\":{\"@id\":\"https:\\\/\\\/www.jornalja.com.br\\\/arquivo\\\/prefeitura-pague-a-cultura-protesta-diretor-no-primeiro-dia-dos-curtas-em-gramado\\\/#webpage\"},\"articleSection\":\"Geral\"},{\"@type\":\"BreadcrumbList\",\"@id\":\"https:\\\/\\\/www.jornalja.com.br\\\/arquivo\\\/prefeitura-pague-a-cultura-protesta-diretor-no-primeiro-dia-dos-curtas-em-gramado\\\/#breadcrumblist\",\"itemListElement\":[{\"@type\":\"ListItem\",\"@id\":\"https:\\\/\\\/www.jornalja.com.br\\\/arquivo#listItem\",\"position\":1,\"name\":\"Home\",\"item\":\"https:\\\/\\\/www.jornalja.com.br\\\/arquivo\",\"nextItem\":{\"@type\":\"ListItem\",\"@id\":\"https:\\\/\\\/www.jornalja.com.br\\\/arquivo\\\/category\\\/geral\\\/#listItem\",\"name\":\"Geral\"}},{\"@type\":\"ListItem\",\"@id\":\"https:\\\/\\\/www.jornalja.com.br\\\/arquivo\\\/category\\\/geral\\\/#listItem\",\"position\":2,\"name\":\"Geral\",\"item\":\"https:\\\/\\\/www.jornalja.com.br\\\/arquivo\\\/category\\\/geral\\\/\",\"nextItem\":{\"@type\":\"ListItem\",\"@id\":\"https:\\\/\\\/www.jornalja.com.br\\\/arquivo\\\/prefeitura-pague-a-cultura-protesta-diretor-no-primeiro-dia-dos-curtas-em-gramado\\\/#listItem\",\"name\":\"Document\\u00e1rios, fic\\u00e7\\u00e3o e protesto no primeiro dia dos curtas em Gramado\"},\"previousItem\":{\"@type\":\"ListItem\",\"@id\":\"https:\\\/\\\/www.jornalja.com.br\\\/arquivo#listItem\",\"name\":\"Home\"}},{\"@type\":\"ListItem\",\"@id\":\"https:\\\/\\\/www.jornalja.com.br\\\/arquivo\\\/prefeitura-pague-a-cultura-protesta-diretor-no-primeiro-dia-dos-curtas-em-gramado\\\/#listItem\",\"position\":3,\"name\":\"Document\\u00e1rios, fic\\u00e7\\u00e3o e protesto no primeiro dia dos curtas em Gramado\",\"previousItem\":{\"@type\":\"ListItem\",\"@id\":\"https:\\\/\\\/www.jornalja.com.br\\\/arquivo\\\/category\\\/geral\\\/#listItem\",\"name\":\"Geral\"}}]},{\"@type\":\"Organization\",\"@id\":\"https:\\\/\\\/www.jornalja.com.br\\\/arquivo\\\/#organization\",\"name\":\"Jornal J\\u00c1\",\"description\":\"Jornal J\\u00c1 | Porto Alegre\",\"url\":\"https:\\\/\\\/www.jornalja.com.br\\\/arquivo\\\/\",\"telephone\":\"+555133307272\",\"logo\":{\"@type\":\"ImageObject\",\"url\":\"https:\\\/\\\/www.jornalja.com.br\\\/wp-content\\\/uploads\\\/cards\\\/JAslogan.png\",\"@id\":\"https:\\\/\\\/www.jornalja.com.br\\\/arquivo\\\/prefeitura-pague-a-cultura-protesta-diretor-no-primeiro-dia-dos-curtas-em-gramado\\\/#organizationLogo\"},\"image\":{\"@id\":\"https:\\\/\\\/www.jornalja.com.br\\\/arquivo\\\/prefeitura-pague-a-cultura-protesta-diretor-no-primeiro-dia-dos-curtas-em-gramado\\\/#organizationLogo\"}},{\"@type\":\"Person\",\"@id\":\"https:\\\/\\\/www.jornalja.com.br\\\/arquivo\\\/author\\\/daredacao\\\/#author\",\"url\":\"https:\\\/\\\/www.jornalja.com.br\\\/arquivo\\\/author\\\/daredacao\\\/\",\"name\":\"da Reda\\u00e7\\u00e3o\",\"image\":{\"@type\":\"ImageObject\",\"@id\":\"https:\\\/\\\/www.jornalja.com.br\\\/arquivo\\\/prefeitura-pague-a-cultura-protesta-diretor-no-primeiro-dia-dos-curtas-em-gramado\\\/#authorImage\",\"url\":\"https:\\\/\\\/secure.gravatar.com\\\/avatar\\\/469fd857d6605ad19919d27ed29d35a968a25f6e8fd9318356bbb7f57aae9c65?s=96&d=mm&r=g\",\"width\":96,\"height\":96,\"caption\":\"da Reda\\u00e7\\u00e3o\"}},{\"@type\":\"WebPage\",\"@id\":\"https:\\\/\\\/www.jornalja.com.br\\\/arquivo\\\/prefeitura-pague-a-cultura-protesta-diretor-no-primeiro-dia-dos-curtas-em-gramado\\\/#webpage\",\"url\":\"https:\\\/\\\/www.jornalja.com.br\\\/arquivo\\\/prefeitura-pague-a-cultura-protesta-diretor-no-primeiro-dia-dos-curtas-em-gramado\\\/\",\"name\":\"Document\\u00e1rios, fic\\u00e7\\u00e3o e protesto no primeiro dia dos curtas em Gramado | Arquivo\",\"inLanguage\":\"pt-BR\",\"isPartOf\":{\"@id\":\"https:\\\/\\\/www.jornalja.com.br\\\/arquivo\\\/#website\"},\"breadcrumb\":{\"@id\":\"https:\\\/\\\/www.jornalja.com.br\\\/arquivo\\\/prefeitura-pague-a-cultura-protesta-diretor-no-primeiro-dia-dos-curtas-em-gramado\\\/#breadcrumblist\"},\"author\":{\"@id\":\"https:\\\/\\\/www.jornalja.com.br\\\/arquivo\\\/author\\\/daredacao\\\/#author\"},\"creator\":{\"@id\":\"https:\\\/\\\/www.jornalja.com.br\\\/arquivo\\\/author\\\/daredacao\\\/#author\"},\"image\":{\"@type\":\"ImageObject\",\"url\":53842,\"@id\":\"https:\\\/\\\/www.jornalja.com.br\\\/arquivo\\\/prefeitura-pague-a-cultura-protesta-diretor-no-primeiro-dia-dos-curtas-em-gramado\\\/#mainImage\"},\"primaryImageOfPage\":{\"@id\":\"https:\\\/\\\/www.jornalja.com.br\\\/arquivo\\\/prefeitura-pague-a-cultura-protesta-diretor-no-primeiro-dia-dos-curtas-em-gramado\\\/#mainImage\"},\"datePublished\":\"2017-08-20T16:48:11-03:00\",\"dateModified\":\"2017-08-20T16:48:11-03:00\"},{\"@type\":\"WebSite\",\"@id\":\"https:\\\/\\\/www.jornalja.com.br\\\/arquivo\\\/#website\",\"url\":\"https:\\\/\\\/www.jornalja.com.br\\\/arquivo\\\/\",\"name\":\"Arquivo\",\"description\":\"Jornal J\\u00c1 | Porto Alegre\",\"inLanguage\":\"pt-BR\",\"publisher\":{\"@id\":\"https:\\\/\\\/www.jornalja.com.br\\\/arquivo\\\/#organization\"}}]}\n\t\t<\/script>\n\t\t<!-- All in One SEO -->\n\n","aioseo_head_json":{"title":"Document\u00e1rios, fic\u00e7\u00e3o e protesto no primeiro dia dos curtas em Gramado | Arquivo","description":"","canonical_url":"https:\/\/www.jornalja.com.br\/arquivo\/prefeitura-pague-a-cultura-protesta-diretor-no-primeiro-dia-dos-curtas-em-gramado\/","robots":"max-image-preview:large","keywords":"","webmasterTools":{"miscellaneous":""},"schema":{"@context":"https:\/\/schema.org","@graph":[{"@type":"BlogPosting","@id":"https:\/\/www.jornalja.com.br\/arquivo\/prefeitura-pague-a-cultura-protesta-diretor-no-primeiro-dia-dos-curtas-em-gramado\/#blogposting","name":"Document\u00e1rios, fic\u00e7\u00e3o e protesto no primeiro dia dos curtas em Gramado | Arquivo","headline":"Document\u00e1rios, fic\u00e7\u00e3o e protesto no primeiro dia dos curtas em Gramado","author":{"@id":"https:\/\/www.jornalja.com.br\/arquivo\/author\/daredacao\/#author"},"publisher":{"@id":"https:\/\/www.jornalja.com.br\/arquivo\/#organization"},"image":{"@type":"ImageObject","url":53842},"datePublished":"2017-08-20T16:48:11-03:00","dateModified":"2017-08-20T16:48:11-03:00","inLanguage":"pt-BR","mainEntityOfPage":{"@id":"https:\/\/www.jornalja.com.br\/arquivo\/prefeitura-pague-a-cultura-protesta-diretor-no-primeiro-dia-dos-curtas-em-gramado\/#webpage"},"isPartOf":{"@id":"https:\/\/www.jornalja.com.br\/arquivo\/prefeitura-pague-a-cultura-protesta-diretor-no-primeiro-dia-dos-curtas-em-gramado\/#webpage"},"articleSection":"Geral"},{"@type":"BreadcrumbList","@id":"https:\/\/www.jornalja.com.br\/arquivo\/prefeitura-pague-a-cultura-protesta-diretor-no-primeiro-dia-dos-curtas-em-gramado\/#breadcrumblist","itemListElement":[{"@type":"ListItem","@id":"https:\/\/www.jornalja.com.br\/arquivo#listItem","position":1,"name":"Home","item":"https:\/\/www.jornalja.com.br\/arquivo","nextItem":{"@type":"ListItem","@id":"https:\/\/www.jornalja.com.br\/arquivo\/category\/geral\/#listItem","name":"Geral"}},{"@type":"ListItem","@id":"https:\/\/www.jornalja.com.br\/arquivo\/category\/geral\/#listItem","position":2,"name":"Geral","item":"https:\/\/www.jornalja.com.br\/arquivo\/category\/geral\/","nextItem":{"@type":"ListItem","@id":"https:\/\/www.jornalja.com.br\/arquivo\/prefeitura-pague-a-cultura-protesta-diretor-no-primeiro-dia-dos-curtas-em-gramado\/#listItem","name":"Document\u00e1rios, fic\u00e7\u00e3o e protesto no primeiro dia dos curtas em Gramado"},"previousItem":{"@type":"ListItem","@id":"https:\/\/www.jornalja.com.br\/arquivo#listItem","name":"Home"}},{"@type":"ListItem","@id":"https:\/\/www.jornalja.com.br\/arquivo\/prefeitura-pague-a-cultura-protesta-diretor-no-primeiro-dia-dos-curtas-em-gramado\/#listItem","position":3,"name":"Document\u00e1rios, fic\u00e7\u00e3o e protesto no primeiro dia dos curtas em Gramado","previousItem":{"@type":"ListItem","@id":"https:\/\/www.jornalja.com.br\/arquivo\/category\/geral\/#listItem","name":"Geral"}}]},{"@type":"Organization","@id":"https:\/\/www.jornalja.com.br\/arquivo\/#organization","name":"Jornal J\u00c1","description":"Jornal J\u00c1 | Porto Alegre","url":"https:\/\/www.jornalja.com.br\/arquivo\/","telephone":"+555133307272","logo":{"@type":"ImageObject","url":"https:\/\/www.jornalja.com.br\/wp-content\/uploads\/cards\/JAslogan.png","@id":"https:\/\/www.jornalja.com.br\/arquivo\/prefeitura-pague-a-cultura-protesta-diretor-no-primeiro-dia-dos-curtas-em-gramado\/#organizationLogo"},"image":{"@id":"https:\/\/www.jornalja.com.br\/arquivo\/prefeitura-pague-a-cultura-protesta-diretor-no-primeiro-dia-dos-curtas-em-gramado\/#organizationLogo"}},{"@type":"Person","@id":"https:\/\/www.jornalja.com.br\/arquivo\/author\/daredacao\/#author","url":"https:\/\/www.jornalja.com.br\/arquivo\/author\/daredacao\/","name":"da Reda\u00e7\u00e3o","image":{"@type":"ImageObject","@id":"https:\/\/www.jornalja.com.br\/arquivo\/prefeitura-pague-a-cultura-protesta-diretor-no-primeiro-dia-dos-curtas-em-gramado\/#authorImage","url":"https:\/\/secure.gravatar.com\/avatar\/469fd857d6605ad19919d27ed29d35a968a25f6e8fd9318356bbb7f57aae9c65?s=96&d=mm&r=g","width":96,"height":96,"caption":"da Reda\u00e7\u00e3o"}},{"@type":"WebPage","@id":"https:\/\/www.jornalja.com.br\/arquivo\/prefeitura-pague-a-cultura-protesta-diretor-no-primeiro-dia-dos-curtas-em-gramado\/#webpage","url":"https:\/\/www.jornalja.com.br\/arquivo\/prefeitura-pague-a-cultura-protesta-diretor-no-primeiro-dia-dos-curtas-em-gramado\/","name":"Document\u00e1rios, fic\u00e7\u00e3o e protesto no primeiro dia dos curtas em Gramado | Arquivo","inLanguage":"pt-BR","isPartOf":{"@id":"https:\/\/www.jornalja.com.br\/arquivo\/#website"},"breadcrumb":{"@id":"https:\/\/www.jornalja.com.br\/arquivo\/prefeitura-pague-a-cultura-protesta-diretor-no-primeiro-dia-dos-curtas-em-gramado\/#breadcrumblist"},"author":{"@id":"https:\/\/www.jornalja.com.br\/arquivo\/author\/daredacao\/#author"},"creator":{"@id":"https:\/\/www.jornalja.com.br\/arquivo\/author\/daredacao\/#author"},"image":{"@type":"ImageObject","url":53842,"@id":"https:\/\/www.jornalja.com.br\/arquivo\/prefeitura-pague-a-cultura-protesta-diretor-no-primeiro-dia-dos-curtas-em-gramado\/#mainImage"},"primaryImageOfPage":{"@id":"https:\/\/www.jornalja.com.br\/arquivo\/prefeitura-pague-a-cultura-protesta-diretor-no-primeiro-dia-dos-curtas-em-gramado\/#mainImage"},"datePublished":"2017-08-20T16:48:11-03:00","dateModified":"2017-08-20T16:48:11-03:00"},{"@type":"WebSite","@id":"https:\/\/www.jornalja.com.br\/arquivo\/#website","url":"https:\/\/www.jornalja.com.br\/arquivo\/","name":"Arquivo","description":"Jornal J\u00c1 | Porto Alegre","inLanguage":"pt-BR","publisher":{"@id":"https:\/\/www.jornalja.com.br\/arquivo\/#organization"}}]},"og:locale":"pt_BR","og:site_name":"Arquivo | Jornal J\u00c1 | Porto Alegre","og:type":"article","og:title":"Document\u00e1rios, fic\u00e7\u00e3o e protesto no primeiro dia dos curtas em Gramado | Arquivo","og:url":"https:\/\/www.jornalja.com.br\/arquivo\/prefeitura-pague-a-cultura-protesta-diretor-no-primeiro-dia-dos-curtas-em-gramado\/","og:image":"https:\/\/www.jornalja.com.br\/economics\/wp-content\/uploads\/sites\/11\/2026\/08\/ja-folhaderosto-facebook.jpg","og:image:secure_url":"https:\/\/www.jornalja.com.br\/economics\/wp-content\/uploads\/sites\/11\/2026\/08\/ja-folhaderosto-facebook.jpg","article:published_time":"2017-08-20T19:48:11+00:00","article:modified_time":"2017-08-20T19:48:11+00:00","twitter:card":"summary","twitter:title":"Document\u00e1rios, fic\u00e7\u00e3o e protesto no primeiro dia dos curtas em Gramado | Arquivo","twitter:image":"https:\/\/www.jornalja.com.br\/economics\/wp-content\/uploads\/sites\/11\/2026\/08\/ja-folhaderosto-facebook.jpg"},"aioseo_meta_data":{"post_id":"53840","title":null,"description":null,"keywords":null,"keyphrases":null,"primary_term":null,"canonical_url":null,"og_title":null,"og_description":null,"og_object_type":"default","og_image_type":"default","og_image_url":null,"og_image_width":null,"og_image_height":null,"og_image_custom_url":null,"og_image_custom_fields":null,"og_video":null,"og_custom_url":null,"og_article_section":null,"og_article_tags":null,"twitter_use_og":false,"twitter_card":"default","twitter_image_type":"default","twitter_image_url":null,"twitter_image_custom_url":null,"twitter_image_custom_fields":null,"twitter_title":null,"twitter_description":null,"schema":{"blockGraphs":[],"customGraphs":[],"default":{"data":{"Article":[],"Course":[],"Dataset":[],"FAQPage":[],"Movie":[],"Person":[],"Product":[],"ProductReview":[],"Car":[],"Recipe":[],"Service":[],"SoftwareApplication":[],"WebPage":[]},"graphName":"","isEnabled":true},"graphs":[],"defaultGraph":"","defaultPostTypeGraph":""},"schema_type":null,"schema_type_options":null,"pillar_content":false,"robots_default":true,"robots_noindex":false,"robots_noarchive":false,"robots_nosnippet":false,"robots_nofollow":false,"robots_noimageindex":false,"robots_noodp":false,"robots_notranslate":false,"robots_max_snippet":null,"robots_max_videopreview":null,"robots_max_imagepreview":"large","priority":null,"frequency":null,"location":null,"local_seo":null,"breadcrumb_settings":null,"limit_modified_date":false,"ai":null,"created":"2020-12-20 20:26:02","updated":"2025-07-20 00:25:46","seo_analyzer_scan_date":null,"focus_keyword":null,"additional_keywords":null,"truseo_locale":null},"jetpack_sharing_enabled":true,"jetpack-related-posts":[{"id":13124,"url":"https:\/\/www.jornalja.com.br\/arquivo\/sangue-latino-no-iecine\/","url_meta":{"origin":53840,"position":0},"title":"Sangue latino no IECINE","author":"da Reda\u00e7\u00e3o","date":"18 de maio de 2014","format":false,"excerpt":"Francisco Ribeiro O Instituto Estadual de Cinema (IECINE) tem a frente, desde abril \u00faltimo, um novo diretor, o cineasta colombiano Juan Zapata, 36, que substitui Luiz Alberto Cassol. Radicado h\u00e1 dez anos em Porto Alegre, Zapata tem diante de si o desafio de conduzir at\u00e9 o final do ano um\u2026","rel":"","context":"Em &quot;Cultura-Geral&quot;","block_context":{"text":"Cultura-Geral","link":"https:\/\/www.jornalja.com.br\/arquivo\/category\/materiasecundaria\/"},"img":{"alt_text":"","src":"","width":0,"height":0},"classes":[]},{"id":14241,"url":"https:\/\/www.jornalja.com.br\/arquivo\/o-guaiba-nas-imagens-poeticas-de-achutti\/","url_meta":{"origin":53840,"position":1},"title":"O Gua\u00edba nas imagens po\u00e9ticas de Achutti","author":"da Reda\u00e7\u00e3o","date":"18 de junho de 2014","format":false,"excerpt":"Em \u201cO Gua\u00edba por Achutti\u201d \u2013 obra financiada via Minist\u00e9rio da Cultura, produ\u00e7\u00e3o executiva de Pedro Longhi, e Fl\u00e1vio Wild como designer \u2013, o fot\u00f3grafo revela a beleza e as mazelas de um espa\u00e7o aqu\u00e1tico de \u00e1guas sempre renovadas, cheio de hist\u00f3rias e lendas como as das cidades que foram\u2026","rel":"","context":"Em &quot;Cultura-Geral&quot;","block_context":{"text":"Cultura-Geral","link":"https:\/\/www.jornalja.com.br\/arquivo\/category\/materiasecundaria\/"},"img":{"alt_text":"","src":"","width":0,"height":0},"classes":[]},{"id":13101,"url":"https:\/\/www.jornalja.com.br\/arquivo\/morre-um-guerreiro-do-texto\/","url_meta":{"origin":53840,"position":2},"title":"Morre um guerreiro do texto","author":"Patr\u00edcia Marini","date":"14 de maio de 2014","format":false,"excerpt":"Por Ricardo Kotscho Reproduzido do blog do autor, 11\/5\/2014; t\u00edtulo original \u201cE l\u00e1 se foi o nosso Myltainho, guerreiro do texto\u201d. Mi\u00fado e franzino, meu amigo Myltainho era um valente e inconformado guerreiro na luta contra as injusti\u00e7as sociais, a hipocrisia, as maracutaias, o autoritarismo, a intoler\u00e2ncia, a viol\u00eancia, o\u2026","rel":"","context":"Em &quot;Geral&quot;","block_context":{"text":"Geral","link":"https:\/\/www.jornalja.com.br\/arquivo\/category\/geral\/"},"img":{"alt_text":"","src":"","width":0,"height":0},"classes":[]},{"id":1280,"url":"https:\/\/www.jornalja.com.br\/arquivo\/o-menino-que-se-tornou-brizola\/","url_meta":{"origin":53840,"position":3},"title":"O Menino que se Tornou Brizola","author":"da Reda\u00e7\u00e3o","date":"28 de julho de 2008","format":false,"excerpt":"Autor: Cleber Dioni A vida de Leonel Brizola, com \u00eanfase para os primeiros anos em Porto Alegre, at\u00e9 o ex\u00edlio no Uruguai e a volta, quinze anos depois. \u00a0\"...\u00c9ramos todos jovens e nos identific\u00e1vamos com aquela massa an\u00f4nima a percorrer as ruas de Porto Alegre, gritando 'Get\u00falio', 'Get\u00falio' e empunhando\u2026","rel":"","context":"Em &quot;Livros&quot;","block_context":{"text":"Livros","link":"https:\/\/www.jornalja.com.br\/arquivo\/category\/livros\/"},"img":{"alt_text":"","src":"https:\/\/i0.wp.com\/www.jornalja.com.br\/wp-content\/uploads\/2008\/07\/brizola.gif?resize=350%2C200&ssl=1","width":350,"height":200},"classes":[]},{"id":5440,"url":"https:\/\/www.jornalja.com.br\/arquivo\/casarao-da-venancio-destino-permanece-incerto\/","url_meta":{"origin":53840,"position":4},"title":"Estado ainda n\u00e3o sabe o que fazer com casar\u00e3o abandonado h\u00e1 20 anos","author":"Elmar Bones","date":"6 de julho de 2009","format":false,"excerpt":"O casar\u00e3o amarelo, numa esquina nobre de Porto Alegre (Ven\u00e2ncio Aires com Jo\u00e3o Pessoa), j\u00e1 abrigou uma escola. H\u00e1 duas d\u00e9cadas, pelo menos, est\u00e1 abandonado, porque seu propriet\u00e1rio, o governo do Estado do Rio Grande do Sul, n\u00e3o consegue achar um destino para ele. Planos n\u00e3o faltaram. O governador Ol\u00edvio\u2026","rel":"","context":"Em &quot;X.Categorias velhas&quot;","block_context":{"text":"X.Categorias velhas","link":"https:\/\/www.jornalja.com.br\/arquivo\/category\/x-categorias-velhas\/"},"img":{"alt_text":"geraldo1","src":"https:\/\/i0.wp.com\/www.jornalja.com.br\/wp-content\/uploads\/2009\/07\/geraldo1.jpg?resize=350%2C200&ssl=1","width":350,"height":200},"classes":[]},{"id":13240,"url":"https:\/\/www.jornalja.com.br\/arquivo\/plano-diretor-estamos-construindo-o-caos\/","url_meta":{"origin":53840,"position":5},"title":"Plano diretor: &quot;Estamos construindo o caos&quot;","author":"Patr\u00edcia Marini","date":"26 de maio de 2014","format":false,"excerpt":"Desabafo que arquiteta Eliana Castilhos, delegada da Regi\u00e3o de Planejamento 1, postou nas redes sociais \u00e9 um testemunho do ambiente que se criou no Conselho do Plano Diretor de Porto Alegre, onde a aprova\u00e7\u00e3o de grandes empreendimentos \u00e9 empurrada guela abaixo dos conselheiros. Ao CMDUA Como delegada da Regi\u00e3o de\u2026","rel":"","context":"Em &quot;Geral&quot;","block_context":{"text":"Geral","link":"https:\/\/www.jornalja.com.br\/arquivo\/category\/geral\/"},"img":{"alt_text":"","src":"","width":0,"height":0},"classes":[]}],"jetpack_shortlink":"https:\/\/wp.me\/pbQjBd-e0o","jetpack_featured_media_url":"","_links":{"self":[{"href":"https:\/\/www.jornalja.com.br\/arquivo\/wp-json\/wp\/v2\/posts\/53840","targetHints":{"allow":["GET"]}}],"collection":[{"href":"https:\/\/www.jornalja.com.br\/arquivo\/wp-json\/wp\/v2\/posts"}],"about":[{"href":"https:\/\/www.jornalja.com.br\/arquivo\/wp-json\/wp\/v2\/types\/post"}],"author":[{"embeddable":true,"href":"https:\/\/www.jornalja.com.br\/arquivo\/wp-json\/wp\/v2\/users\/4"}],"replies":[{"embeddable":true,"href":"https:\/\/www.jornalja.com.br\/arquivo\/wp-json\/wp\/v2\/comments?post=53840"}],"version-history":[{"count":0,"href":"https:\/\/www.jornalja.com.br\/arquivo\/wp-json\/wp\/v2\/posts\/53840\/revisions"}],"wp:attachment":[{"href":"https:\/\/www.jornalja.com.br\/arquivo\/wp-json\/wp\/v2\/media?parent=53840"}],"wp:term":[{"taxonomy":"category","embeddable":true,"href":"https:\/\/www.jornalja.com.br\/arquivo\/wp-json\/wp\/v2\/categories?post=53840"},{"taxonomy":"post_tag","embeddable":true,"href":"https:\/\/www.jornalja.com.br\/arquivo\/wp-json\/wp\/v2\/tags?post=53840"}],"curies":[{"name":"wp","href":"https:\/\/api.w.org\/{rel}","templated":true}]}}