{"id":53852,"date":"2017-08-21T01:20:20","date_gmt":"2017-08-21T04:20:20","guid":{"rendered":"https:\/\/www.jornalja.com.br\/?p=53852"},"modified":"2017-08-21T01:20:20","modified_gmt":"2017-08-21T04:20:20","slug":"marchezan-vai-a-brasilia-negociar-investimentos-para-porto-alegre","status":"publish","type":"post","link":"https:\/\/www.jornalja.com.br\/arquivo\/marchezan-vai-a-brasilia-negociar-investimentos-para-porto-alegre\/","title":{"rendered":"Marchezan vai a Bras\u00edlia em busca de dinheiro do governo federal"},"content":{"rendered":"<p>Sa\u00fade, educa\u00e7\u00e3o, seguran\u00e7a, infraestrutura e turismo est\u00e3o na pauta da viagem do prefeito Nelson Marchezan J\u00fanior a Bras\u00edlia, a partir desta segunda-feira, 21\/08.<br \/>\nAt\u00e9 quarta-feira, 23, o prefeito ter\u00e1 uma sequ\u00eancia de reuni\u00f5es nos minist\u00e9rios com o objetivo de negociar recursos do governo federal para projetos de qualifica\u00e7\u00e3o dos servi\u00e7os e para investimentos em obras de infraestrutura, envolvendo conv\u00eanios e propostas registradas no Sistema de Conv\u00eanios (Siconv) da Uni\u00e3o.<br \/>\nA agenda come\u00e7a na Secretaria de Governo da Presid\u00eancia da Rep\u00fablica, quando Marchezan ser\u00e1 recebido pelo ministro Ant\u00f4nio Imbassahy. O encontro est\u00e1 pr\u00e9-agendado para a manh\u00e3 da segunda-feira.<br \/>\nNo Minist\u00e9rio das Cidades, o prefeito ter\u00e1 agenda com o ministro Bruno Ara\u00fajo para tratar do in\u00edcio da obra da Bacia do Arroio Areia, que j\u00e1 tem contrato assinado.<br \/>\nA obra de drenagem com investimento de R$ 107 milh\u00f5es beneficiar\u00e1 diretamente 40 mil habitantes, na \u00e1rea localizada entre a avenida Prot\u00e1sio Alves e Assis Brasil. Ser\u00e3o implantados quase 7 mil metros de redes subterr\u00e2neas em 15 ruas, ampliando o sistema de macrodrenagem da regi\u00e3o, e sete bacias de amortecimento de cheias.<br \/>\nA prefeitura tamb\u00e9m mant\u00e9m tratativas com o minist\u00e9rio para licitar a constru\u00e7\u00e3o de sete casas de bombas, no investimento total de R$ 86,9 milh\u00f5es. As estruturas de drenagem beneficiar\u00e3o diretamente 300 mil habitantes.<br \/>\nA programa\u00e7\u00e3o do prefeito na Capital federal incluir\u00e1 ainda interlocu\u00e7\u00f5es com os minist\u00e9rios da Sa\u00fade, Educa\u00e7\u00e3o, Justi\u00e7a e Turismo.<br \/>\n<strong>Sa\u00fade<\/strong> \u2013 O prefeito busca avan\u00e7ar etapas para libera\u00e7\u00e3o de verbas para os tr\u00eas Pronto Atendimentos (PAs) da Capital \u2013 Bom Jesus, Lomba do Pinheiro e Cruzeiro do Sul \u2013, que ser\u00e3o habilitados como Unidades de Pronto Atendimento (UPAs) e dever\u00e3o receber da Uni\u00e3o R$ 900 mil mensais para custeio dos servi\u00e7os.<br \/>\nTamb\u00e9m est\u00e3o na pauta repasses federais para a reabertura do Hospital Parque Bel\u00e9m com habilita\u00e7\u00e3o para leitos cl\u00ednicos, de UTI, de sa\u00fade mental e de longa perman\u00eancia; a transforma\u00e7\u00e3o da unidade S\u00e3o Rafael do Hospital Esp\u00edrita em hospital geral, com 30 leitos de sa\u00fade mental, 75 de longa perman\u00eancia e 14 de UTI; integra\u00e7\u00e3o e amplia\u00e7\u00e3o do atendimento por telemedicina; mutir\u00e3o para realiza\u00e7\u00e3o de exames de imagem junto ao Hospital S\u00edrio Liban\u00eas; e habilita\u00e7\u00e3o do Centro de Especialidades Odontol\u00f3gicas para regularizar os repasses mensais de custeio.<br \/>\n<strong>Educa\u00e7\u00e3o \u2013<\/strong> Junto ao Minist\u00e9rio da Educa\u00e7\u00e3o, agora aguarda libera\u00e7\u00e3o de verbas do Fundo Nacional de Desenvolvimento da Educa\u00e7\u00e3o para investimentos na infraestrutura de atendimento aos alunos: R$ 2,4 milh\u00f5es para o sistema de alarmes contratado para as 99 escolas municipais; R$ 9,3 milh\u00f5es para aquisi\u00e7\u00e3o de computadores e projetores para escolas municipais e conveniadas; R$ 3,1 milh\u00f5es para equipar as cozinhas da rede municipal e conveniada; R$ 6,9 milh\u00f5es para substitui\u00e7\u00e3o do mobili\u00e1rio utilizado pelos estudantes; al\u00e9m de R$ 195 mil em verbas emergenciais para quatro escolas que tiveram comprometimento grave ap\u00f3s os alagamentos registrados no ver\u00e3o.<br \/>\n<strong>Seguran\u00e7a \u2013<\/strong> Compra dos ve\u00edculos depende da libera\u00e7\u00e3o de recursos de emendas parlamentares do deputado federal Jo\u00e3o Derly (R$ 455 mil para sete ve\u00edculos) e de Marchezan (R$ 2,2 milh\u00f5es para 19 viaturas com tecnologia embarcada) enquanto deputado federal. As propostas est\u00e3o no \u00e2mbito da Secretaria Nacional de Seguran\u00e7a P\u00fablica do Minist\u00e9rio da Justi\u00e7a.<br \/>\n<strong>Turismo \u2013<\/strong> Para tornar realidade a cria\u00e7\u00e3o do Centro de Eventos em Porto Alegre, a prefeitura aguarda a confirma\u00e7\u00e3o do Minist\u00e9rio do Turismo para a destina\u00e7\u00e3o de R$ 3 milh\u00f5es \u00e0 elabora\u00e7\u00e3o dos estudos de viabilidade e projeto b\u00e1sico da licita\u00e7\u00e3o que contratar\u00e1 a execu\u00e7\u00e3o da obra, dos R$ 60 milh\u00f5es assegurados em termo de compromisso com a Uni\u00e3o. Os 57 milh\u00f5es restantes ser\u00e3o aplicados pela prefeitura na constru\u00e7\u00e3o das estruturas operacionais b\u00e1sicas, como estacionamento para 900 vagas e \u00e1rea de feiras, dentro de uma \u00e1rea total de aproximadamente 40mil m\u00b2, que receber\u00e1 por meio de Parceria P\u00fablico-Privada (PPP) a instala\u00e7\u00e3o completa da infraestrutura que caracteriza o Centro de Eventos, como audit\u00f3rio, salas de conven\u00e7\u00f5es, espa\u00e7o de alimenta\u00e7\u00e3o e hotel. (Com a Assessoria de Imprensa)<\/p>\n","protected":false},"excerpt":{"rendered":"<p>Sa\u00fade, educa\u00e7\u00e3o, seguran\u00e7a, infraestrutura e turismo est\u00e3o na pauta da viagem do prefeito Nelson Marchezan J\u00fanior a Bras\u00edlia, a partir desta segunda-feira, 21\/08. At\u00e9 quarta-feira, 23, o prefeito ter\u00e1 uma sequ\u00eancia de reuni\u00f5es nos minist\u00e9rios com o objetivo de negociar recursos do governo federal para projetos de qualifica\u00e7\u00e3o dos servi\u00e7os e para investimentos em obras [&hellip;]<\/p>\n","protected":false},"author":4,"featured_media":52608,"comment_status":"open","ping_status":"closed","sticky":false,"template":"","format":"standard","meta":{"_jetpack_newsletter_access":"","_jetpack_dont_email_post_to_subs":false,"_jetpack_newsletter_tier_id":0,"_jetpack_memberships_contains_paywalled_content":false,"_jetpack_feature_clip_id":0,"_jetpack_memberships_contains_paid_content":false,"footnotes":"","jetpack_post_was_ever_published":false},"categories":[26],"tags":[],"class_list":["post-53852","post","type-post","status-publish","format-standard","has-post-thumbnail","hentry","category-geral"],"aioseo_notices":[],"aioseo_head":"\n\t\t<!-- All in One SEO 5.0.1.1 - aioseo.com -->\n\t<meta name=\"robots\" content=\"max-image-preview:large\" \/>\n\t<meta name=\"author\" content=\"da Reda\u00e7\u00e3o\"\/>\n\t<link rel=\"canonical\" href=\"https:\/\/www.jornalja.com.br\/arquivo\/marchezan-vai-a-brasilia-negociar-investimentos-para-porto-alegre\/\" \/>\n\t<meta name=\"generator\" content=\"All in One SEO (AIOSEO) 5.0.1.1\" \/>\n\t\t<meta property=\"og:locale\" content=\"pt_BR\" \/>\n\t\t<meta property=\"og:site_name\" content=\"Arquivo | Jornal J\u00c1 | Porto Alegre\" \/>\n\t\t<meta property=\"og:type\" content=\"article\" \/>\n\t\t<meta property=\"og:title\" content=\"Marchezan vai a Bras\u00edlia em busca de dinheiro do governo federal | Arquivo\" \/>\n\t\t<meta property=\"og:url\" content=\"https:\/\/www.jornalja.com.br\/arquivo\/marchezan-vai-a-brasilia-negociar-investimentos-para-porto-alegre\/\" \/>\n\t\t<meta property=\"og:image\" content=\"https:\/\/www.jornalja.com.br\/economics\/wp-content\/uploads\/sites\/11\/2026\/08\/ja-folhaderosto-facebook.jpg\" \/>\n\t\t<meta property=\"og:image:secure_url\" content=\"https:\/\/www.jornalja.com.br\/economics\/wp-content\/uploads\/sites\/11\/2026\/08\/ja-folhaderosto-facebook.jpg\" \/>\n\t\t<meta property=\"article:published_time\" content=\"2017-08-21T04:20:20+00:00\" \/>\n\t\t<meta property=\"article:modified_time\" content=\"2017-08-21T04:20:20+00:00\" \/>\n\t\t<meta name=\"twitter:card\" content=\"summary\" \/>\n\t\t<meta name=\"twitter:title\" content=\"Marchezan vai a Bras\u00edlia em busca de dinheiro do governo federal | Arquivo\" \/>\n\t\t<meta name=\"twitter:image\" content=\"https:\/\/www.jornalja.com.br\/economics\/wp-content\/uploads\/sites\/11\/2026\/08\/ja-folhaderosto-facebook.jpg\" \/>\n\t\t<script type=\"application\/ld+json\" class=\"aioseo-schema\">\n\t\t\t{\"@context\":\"https:\\\/\\\/schema.org\",\"@graph\":[{\"@type\":\"BlogPosting\",\"@id\":\"https:\\\/\\\/www.jornalja.com.br\\\/arquivo\\\/marchezan-vai-a-brasilia-negociar-investimentos-para-porto-alegre\\\/#blogposting\",\"name\":\"Marchezan vai a Bras\\u00edlia em busca de dinheiro do governo federal | Arquivo\",\"headline\":\"Marchezan vai a Bras\\u00edlia em busca de dinheiro do governo federal\",\"author\":{\"@id\":\"https:\\\/\\\/www.jornalja.com.br\\\/arquivo\\\/author\\\/daredacao\\\/#author\"},\"publisher\":{\"@id\":\"https:\\\/\\\/www.jornalja.com.br\\\/arquivo\\\/#organization\"},\"image\":{\"@type\":\"ImageObject\",\"url\":52608},\"datePublished\":\"2017-08-21T01:20:20-03:00\",\"dateModified\":\"2017-08-21T01:20:20-03:00\",\"inLanguage\":\"pt-BR\",\"commentCount\":1,\"mainEntityOfPage\":{\"@id\":\"https:\\\/\\\/www.jornalja.com.br\\\/arquivo\\\/marchezan-vai-a-brasilia-negociar-investimentos-para-porto-alegre\\\/#webpage\"},\"isPartOf\":{\"@id\":\"https:\\\/\\\/www.jornalja.com.br\\\/arquivo\\\/marchezan-vai-a-brasilia-negociar-investimentos-para-porto-alegre\\\/#webpage\"},\"articleSection\":\"Geral\"},{\"@type\":\"BreadcrumbList\",\"@id\":\"https:\\\/\\\/www.jornalja.com.br\\\/arquivo\\\/marchezan-vai-a-brasilia-negociar-investimentos-para-porto-alegre\\\/#breadcrumblist\",\"itemListElement\":[{\"@type\":\"ListItem\",\"@id\":\"https:\\\/\\\/www.jornalja.com.br\\\/arquivo#listItem\",\"position\":1,\"name\":\"Home\",\"item\":\"https:\\\/\\\/www.jornalja.com.br\\\/arquivo\",\"nextItem\":{\"@type\":\"ListItem\",\"@id\":\"https:\\\/\\\/www.jornalja.com.br\\\/arquivo\\\/category\\\/geral\\\/#listItem\",\"name\":\"Geral\"}},{\"@type\":\"ListItem\",\"@id\":\"https:\\\/\\\/www.jornalja.com.br\\\/arquivo\\\/category\\\/geral\\\/#listItem\",\"position\":2,\"name\":\"Geral\",\"item\":\"https:\\\/\\\/www.jornalja.com.br\\\/arquivo\\\/category\\\/geral\\\/\",\"nextItem\":{\"@type\":\"ListItem\",\"@id\":\"https:\\\/\\\/www.jornalja.com.br\\\/arquivo\\\/marchezan-vai-a-brasilia-negociar-investimentos-para-porto-alegre\\\/#listItem\",\"name\":\"Marchezan vai a Bras\\u00edlia em busca de dinheiro do governo federal\"},\"previousItem\":{\"@type\":\"ListItem\",\"@id\":\"https:\\\/\\\/www.jornalja.com.br\\\/arquivo#listItem\",\"name\":\"Home\"}},{\"@type\":\"ListItem\",\"@id\":\"https:\\\/\\\/www.jornalja.com.br\\\/arquivo\\\/marchezan-vai-a-brasilia-negociar-investimentos-para-porto-alegre\\\/#listItem\",\"position\":3,\"name\":\"Marchezan vai a Bras\\u00edlia em busca de dinheiro do governo federal\",\"previousItem\":{\"@type\":\"ListItem\",\"@id\":\"https:\\\/\\\/www.jornalja.com.br\\\/arquivo\\\/category\\\/geral\\\/#listItem\",\"name\":\"Geral\"}}]},{\"@type\":\"Organization\",\"@id\":\"https:\\\/\\\/www.jornalja.com.br\\\/arquivo\\\/#organization\",\"name\":\"Jornal J\\u00c1\",\"description\":\"Jornal J\\u00c1 | Porto Alegre\",\"url\":\"https:\\\/\\\/www.jornalja.com.br\\\/arquivo\\\/\",\"telephone\":\"+555133307272\",\"logo\":{\"@type\":\"ImageObject\",\"url\":\"https:\\\/\\\/www.jornalja.com.br\\\/wp-content\\\/uploads\\\/cards\\\/JAslogan.png\",\"@id\":\"https:\\\/\\\/www.jornalja.com.br\\\/arquivo\\\/marchezan-vai-a-brasilia-negociar-investimentos-para-porto-alegre\\\/#organizationLogo\"},\"image\":{\"@id\":\"https:\\\/\\\/www.jornalja.com.br\\\/arquivo\\\/marchezan-vai-a-brasilia-negociar-investimentos-para-porto-alegre\\\/#organizationLogo\"}},{\"@type\":\"Person\",\"@id\":\"https:\\\/\\\/www.jornalja.com.br\\\/arquivo\\\/author\\\/daredacao\\\/#author\",\"url\":\"https:\\\/\\\/www.jornalja.com.br\\\/arquivo\\\/author\\\/daredacao\\\/\",\"name\":\"da Reda\\u00e7\\u00e3o\",\"image\":{\"@type\":\"ImageObject\",\"@id\":\"https:\\\/\\\/www.jornalja.com.br\\\/arquivo\\\/marchezan-vai-a-brasilia-negociar-investimentos-para-porto-alegre\\\/#authorImage\",\"url\":\"https:\\\/\\\/secure.gravatar.com\\\/avatar\\\/469fd857d6605ad19919d27ed29d35a968a25f6e8fd9318356bbb7f57aae9c65?s=96&d=mm&r=g\",\"width\":96,\"height\":96,\"caption\":\"da Reda\\u00e7\\u00e3o\"}},{\"@type\":\"WebPage\",\"@id\":\"https:\\\/\\\/www.jornalja.com.br\\\/arquivo\\\/marchezan-vai-a-brasilia-negociar-investimentos-para-porto-alegre\\\/#webpage\",\"url\":\"https:\\\/\\\/www.jornalja.com.br\\\/arquivo\\\/marchezan-vai-a-brasilia-negociar-investimentos-para-porto-alegre\\\/\",\"name\":\"Marchezan vai a Bras\\u00edlia em busca de dinheiro do governo federal | Arquivo\",\"inLanguage\":\"pt-BR\",\"isPartOf\":{\"@id\":\"https:\\\/\\\/www.jornalja.com.br\\\/arquivo\\\/#website\"},\"breadcrumb\":{\"@id\":\"https:\\\/\\\/www.jornalja.com.br\\\/arquivo\\\/marchezan-vai-a-brasilia-negociar-investimentos-para-porto-alegre\\\/#breadcrumblist\"},\"author\":{\"@id\":\"https:\\\/\\\/www.jornalja.com.br\\\/arquivo\\\/author\\\/daredacao\\\/#author\"},\"creator\":{\"@id\":\"https:\\\/\\\/www.jornalja.com.br\\\/arquivo\\\/author\\\/daredacao\\\/#author\"},\"image\":{\"@type\":\"ImageObject\",\"url\":52608,\"@id\":\"https:\\\/\\\/www.jornalja.com.br\\\/arquivo\\\/marchezan-vai-a-brasilia-negociar-investimentos-para-porto-alegre\\\/#mainImage\"},\"primaryImageOfPage\":{\"@id\":\"https:\\\/\\\/www.jornalja.com.br\\\/arquivo\\\/marchezan-vai-a-brasilia-negociar-investimentos-para-porto-alegre\\\/#mainImage\"},\"datePublished\":\"2017-08-21T01:20:20-03:00\",\"dateModified\":\"2017-08-21T01:20:20-03:00\"},{\"@type\":\"WebSite\",\"@id\":\"https:\\\/\\\/www.jornalja.com.br\\\/arquivo\\\/#website\",\"url\":\"https:\\\/\\\/www.jornalja.com.br\\\/arquivo\\\/\",\"name\":\"Arquivo\",\"description\":\"Jornal J\\u00c1 | Porto Alegre\",\"inLanguage\":\"pt-BR\",\"publisher\":{\"@id\":\"https:\\\/\\\/www.jornalja.com.br\\\/arquivo\\\/#organization\"}}]}\n\t\t<\/script>\n\t\t<!-- All in One SEO -->\n\n","aioseo_head_json":{"title":"Marchezan vai a Bras\u00edlia em busca de dinheiro do governo federal | Arquivo","description":"","canonical_url":"https:\/\/www.jornalja.com.br\/arquivo\/marchezan-vai-a-brasilia-negociar-investimentos-para-porto-alegre\/","robots":"max-image-preview:large","keywords":"","webmasterTools":{"miscellaneous":""},"schema":{"@context":"https:\/\/schema.org","@graph":[{"@type":"BlogPosting","@id":"https:\/\/www.jornalja.com.br\/arquivo\/marchezan-vai-a-brasilia-negociar-investimentos-para-porto-alegre\/#blogposting","name":"Marchezan vai a Bras\u00edlia em busca de dinheiro do governo federal | Arquivo","headline":"Marchezan vai a Bras\u00edlia em busca de dinheiro do governo federal","author":{"@id":"https:\/\/www.jornalja.com.br\/arquivo\/author\/daredacao\/#author"},"publisher":{"@id":"https:\/\/www.jornalja.com.br\/arquivo\/#organization"},"image":{"@type":"ImageObject","url":52608},"datePublished":"2017-08-21T01:20:20-03:00","dateModified":"2017-08-21T01:20:20-03:00","inLanguage":"pt-BR","commentCount":1,"mainEntityOfPage":{"@id":"https:\/\/www.jornalja.com.br\/arquivo\/marchezan-vai-a-brasilia-negociar-investimentos-para-porto-alegre\/#webpage"},"isPartOf":{"@id":"https:\/\/www.jornalja.com.br\/arquivo\/marchezan-vai-a-brasilia-negociar-investimentos-para-porto-alegre\/#webpage"},"articleSection":"Geral"},{"@type":"BreadcrumbList","@id":"https:\/\/www.jornalja.com.br\/arquivo\/marchezan-vai-a-brasilia-negociar-investimentos-para-porto-alegre\/#breadcrumblist","itemListElement":[{"@type":"ListItem","@id":"https:\/\/www.jornalja.com.br\/arquivo#listItem","position":1,"name":"Home","item":"https:\/\/www.jornalja.com.br\/arquivo","nextItem":{"@type":"ListItem","@id":"https:\/\/www.jornalja.com.br\/arquivo\/category\/geral\/#listItem","name":"Geral"}},{"@type":"ListItem","@id":"https:\/\/www.jornalja.com.br\/arquivo\/category\/geral\/#listItem","position":2,"name":"Geral","item":"https:\/\/www.jornalja.com.br\/arquivo\/category\/geral\/","nextItem":{"@type":"ListItem","@id":"https:\/\/www.jornalja.com.br\/arquivo\/marchezan-vai-a-brasilia-negociar-investimentos-para-porto-alegre\/#listItem","name":"Marchezan vai a Bras\u00edlia em busca de dinheiro do governo federal"},"previousItem":{"@type":"ListItem","@id":"https:\/\/www.jornalja.com.br\/arquivo#listItem","name":"Home"}},{"@type":"ListItem","@id":"https:\/\/www.jornalja.com.br\/arquivo\/marchezan-vai-a-brasilia-negociar-investimentos-para-porto-alegre\/#listItem","position":3,"name":"Marchezan vai a Bras\u00edlia em busca de dinheiro do governo federal","previousItem":{"@type":"ListItem","@id":"https:\/\/www.jornalja.com.br\/arquivo\/category\/geral\/#listItem","name":"Geral"}}]},{"@type":"Organization","@id":"https:\/\/www.jornalja.com.br\/arquivo\/#organization","name":"Jornal J\u00c1","description":"Jornal J\u00c1 | Porto Alegre","url":"https:\/\/www.jornalja.com.br\/arquivo\/","telephone":"+555133307272","logo":{"@type":"ImageObject","url":"https:\/\/www.jornalja.com.br\/wp-content\/uploads\/cards\/JAslogan.png","@id":"https:\/\/www.jornalja.com.br\/arquivo\/marchezan-vai-a-brasilia-negociar-investimentos-para-porto-alegre\/#organizationLogo"},"image":{"@id":"https:\/\/www.jornalja.com.br\/arquivo\/marchezan-vai-a-brasilia-negociar-investimentos-para-porto-alegre\/#organizationLogo"}},{"@type":"Person","@id":"https:\/\/www.jornalja.com.br\/arquivo\/author\/daredacao\/#author","url":"https:\/\/www.jornalja.com.br\/arquivo\/author\/daredacao\/","name":"da Reda\u00e7\u00e3o","image":{"@type":"ImageObject","@id":"https:\/\/www.jornalja.com.br\/arquivo\/marchezan-vai-a-brasilia-negociar-investimentos-para-porto-alegre\/#authorImage","url":"https:\/\/secure.gravatar.com\/avatar\/469fd857d6605ad19919d27ed29d35a968a25f6e8fd9318356bbb7f57aae9c65?s=96&d=mm&r=g","width":96,"height":96,"caption":"da Reda\u00e7\u00e3o"}},{"@type":"WebPage","@id":"https:\/\/www.jornalja.com.br\/arquivo\/marchezan-vai-a-brasilia-negociar-investimentos-para-porto-alegre\/#webpage","url":"https:\/\/www.jornalja.com.br\/arquivo\/marchezan-vai-a-brasilia-negociar-investimentos-para-porto-alegre\/","name":"Marchezan vai a Bras\u00edlia em busca de dinheiro do governo federal | Arquivo","inLanguage":"pt-BR","isPartOf":{"@id":"https:\/\/www.jornalja.com.br\/arquivo\/#website"},"breadcrumb":{"@id":"https:\/\/www.jornalja.com.br\/arquivo\/marchezan-vai-a-brasilia-negociar-investimentos-para-porto-alegre\/#breadcrumblist"},"author":{"@id":"https:\/\/www.jornalja.com.br\/arquivo\/author\/daredacao\/#author"},"creator":{"@id":"https:\/\/www.jornalja.com.br\/arquivo\/author\/daredacao\/#author"},"image":{"@type":"ImageObject","url":52608,"@id":"https:\/\/www.jornalja.com.br\/arquivo\/marchezan-vai-a-brasilia-negociar-investimentos-para-porto-alegre\/#mainImage"},"primaryImageOfPage":{"@id":"https:\/\/www.jornalja.com.br\/arquivo\/marchezan-vai-a-brasilia-negociar-investimentos-para-porto-alegre\/#mainImage"},"datePublished":"2017-08-21T01:20:20-03:00","dateModified":"2017-08-21T01:20:20-03:00"},{"@type":"WebSite","@id":"https:\/\/www.jornalja.com.br\/arquivo\/#website","url":"https:\/\/www.jornalja.com.br\/arquivo\/","name":"Arquivo","description":"Jornal J\u00c1 | Porto Alegre","inLanguage":"pt-BR","publisher":{"@id":"https:\/\/www.jornalja.com.br\/arquivo\/#organization"}}]},"og:locale":"pt_BR","og:site_name":"Arquivo | Jornal J\u00c1 | Porto Alegre","og:type":"article","og:title":"Marchezan vai a Bras\u00edlia em busca de dinheiro do governo federal | Arquivo","og:url":"https:\/\/www.jornalja.com.br\/arquivo\/marchezan-vai-a-brasilia-negociar-investimentos-para-porto-alegre\/","og:image":"https:\/\/www.jornalja.com.br\/economics\/wp-content\/uploads\/sites\/11\/2026\/08\/ja-folhaderosto-facebook.jpg","og:image:secure_url":"https:\/\/www.jornalja.com.br\/economics\/wp-content\/uploads\/sites\/11\/2026\/08\/ja-folhaderosto-facebook.jpg","article:published_time":"2017-08-21T04:20:20+00:00","article:modified_time":"2017-08-21T04:20:20+00:00","twitter:card":"summary","twitter:title":"Marchezan vai a Bras\u00edlia em busca de dinheiro do governo federal | Arquivo","twitter:image":"https:\/\/www.jornalja.com.br\/economics\/wp-content\/uploads\/sites\/11\/2026\/08\/ja-folhaderosto-facebook.jpg"},"aioseo_meta_data":{"post_id":"53852","title":null,"description":null,"keywords":null,"keyphrases":null,"primary_term":null,"canonical_url":null,"og_title":null,"og_description":null,"og_object_type":"default","og_image_type":"default","og_image_url":null,"og_image_width":null,"og_image_height":null,"og_image_custom_url":null,"og_image_custom_fields":null,"og_video":null,"og_custom_url":null,"og_article_section":null,"og_article_tags":null,"twitter_use_og":false,"twitter_card":"default","twitter_image_type":"default","twitter_image_url":null,"twitter_image_custom_url":null,"twitter_image_custom_fields":null,"twitter_title":null,"twitter_description":null,"schema":{"blockGraphs":[],"customGraphs":[],"default":{"data":{"Article":[],"Course":[],"Dataset":[],"FAQPage":[],"Movie":[],"Person":[],"Product":[],"ProductReview":[],"Car":[],"Recipe":[],"Service":[],"SoftwareApplication":[],"WebPage":[]},"graphName":"","isEnabled":true},"graphs":[],"defaultGraph":"","defaultPostTypeGraph":""},"schema_type":null,"schema_type_options":null,"pillar_content":false,"robots_default":true,"robots_noindex":false,"robots_noarchive":false,"robots_nosnippet":false,"robots_nofollow":false,"robots_noimageindex":false,"robots_noodp":false,"robots_notranslate":false,"robots_max_snippet":null,"robots_max_videopreview":null,"robots_max_imagepreview":"large","priority":null,"frequency":null,"location":null,"local_seo":null,"breadcrumb_settings":null,"limit_modified_date":false,"ai":null,"created":"2020-12-20 20:26:02","updated":"2025-07-20 00:25:46","seo_analyzer_scan_date":null,"focus_keyword":null,"additional_keywords":null,"truseo_locale":null},"jetpack_sharing_enabled":true,"jetpack-related-posts":[{"id":12960,"url":"https:\/\/www.jornalja.com.br\/arquivo\/populacao-culpa-empresas-pela-greve-dos-rodoviarios\/","url_meta":{"origin":53852,"position":0},"title":"Popula\u00e7\u00e3o culpa empresas pela greve","author":"Patr\u00edcia Marini","date":"14 de fevereiro de 2014","format":false,"excerpt":"Pesquisa divulgada na edi\u00e7\u00e3o do jornal Metro desta sexta-feira,14, comprova o velho ditado: \u00e9 poss\u00edvel enganar muitos por algum tempo, mas n\u00e3o \u00e9 poss\u00edvel enganar a todos o tempo inteiro. A principal revela\u00e7\u00e3o foi que 59,8% dos entrevistados apontaram as empresas como as principais respons\u00e1veis pela grave e 46% culparam\u2026","rel":"","context":"Em &quot;X.Categorias velhas&quot;","block_context":{"text":"X.Categorias velhas","link":"https:\/\/www.jornalja.com.br\/arquivo\/category\/x-categorias-velhas\/"},"img":{"alt_text":"","src":"","width":0,"height":0},"classes":[]},{"id":14241,"url":"https:\/\/www.jornalja.com.br\/arquivo\/o-guaiba-nas-imagens-poeticas-de-achutti\/","url_meta":{"origin":53852,"position":1},"title":"O Gua\u00edba nas imagens po\u00e9ticas de Achutti","author":"da Reda\u00e7\u00e3o","date":"18 de junho de 2014","format":false,"excerpt":"Em \u201cO Gua\u00edba por Achutti\u201d \u2013 obra financiada via Minist\u00e9rio da Cultura, produ\u00e7\u00e3o executiva de Pedro Longhi, e Fl\u00e1vio Wild como designer \u2013, o fot\u00f3grafo revela a beleza e as mazelas de um espa\u00e7o aqu\u00e1tico de \u00e1guas sempre renovadas, cheio de hist\u00f3rias e lendas como as das cidades que foram\u2026","rel":"","context":"Em &quot;Cultura-Geral&quot;","block_context":{"text":"Cultura-Geral","link":"https:\/\/www.jornalja.com.br\/arquivo\/category\/materiasecundaria\/"},"img":{"alt_text":"","src":"","width":0,"height":0},"classes":[]},{"id":13124,"url":"https:\/\/www.jornalja.com.br\/arquivo\/sangue-latino-no-iecine\/","url_meta":{"origin":53852,"position":2},"title":"Sangue latino no IECINE","author":"da Reda\u00e7\u00e3o","date":"18 de maio de 2014","format":false,"excerpt":"Francisco Ribeiro O Instituto Estadual de Cinema (IECINE) tem a frente, desde abril \u00faltimo, um novo diretor, o cineasta colombiano Juan Zapata, 36, que substitui Luiz Alberto Cassol. Radicado h\u00e1 dez anos em Porto Alegre, Zapata tem diante de si o desafio de conduzir at\u00e9 o final do ano um\u2026","rel":"","context":"Em &quot;Cultura-Geral&quot;","block_context":{"text":"Cultura-Geral","link":"https:\/\/www.jornalja.com.br\/arquivo\/category\/materiasecundaria\/"},"img":{"alt_text":"","src":"","width":0,"height":0},"classes":[]},{"id":13128,"url":"https:\/\/www.jornalja.com.br\/arquivo\/maconha-terra-diz-que-uso-medicinal-e-desculpa\/","url_meta":{"origin":53852,"position":3},"title":"Maconha: Terra diz que uso medicinal \u00e9 desculpa","author":"Patr\u00edcia Marini","date":"4 de junho de 2014","format":false,"excerpt":"A condi\u00e7\u00e3o de pol\u00edtico, em \u00e9poca de campanha de campanha eleitoral, tira for\u00e7a do discurso do m\u00e9dico Osmar Terra contra a legaliza\u00e7\u00e3o da maconha. A tese dele de que a libera\u00e7\u00e3o vai ampliar exponencialmente o consumo \u00e9 discutivel, o consumo \u00e9 corrente. Mas seus alertas quanto aos riscos tem que\u2026","rel":"","context":"Em &quot;X.Categorias velhas&quot;","block_context":{"text":"X.Categorias velhas","link":"https:\/\/www.jornalja.com.br\/arquivo\/category\/x-categorias-velhas\/"},"img":{"alt_text":"","src":"","width":0,"height":0},"classes":[]},{"id":5440,"url":"https:\/\/www.jornalja.com.br\/arquivo\/casarao-da-venancio-destino-permanece-incerto\/","url_meta":{"origin":53852,"position":4},"title":"Estado ainda n\u00e3o sabe o que fazer com casar\u00e3o abandonado h\u00e1 20 anos","author":"Elmar Bones","date":"6 de julho de 2009","format":false,"excerpt":"O casar\u00e3o amarelo, numa esquina nobre de Porto Alegre (Ven\u00e2ncio Aires com Jo\u00e3o Pessoa), j\u00e1 abrigou uma escola. H\u00e1 duas d\u00e9cadas, pelo menos, est\u00e1 abandonado, porque seu propriet\u00e1rio, o governo do Estado do Rio Grande do Sul, n\u00e3o consegue achar um destino para ele. Planos n\u00e3o faltaram. O governador Ol\u00edvio\u2026","rel":"","context":"Em &quot;X.Categorias velhas&quot;","block_context":{"text":"X.Categorias velhas","link":"https:\/\/www.jornalja.com.br\/arquivo\/category\/x-categorias-velhas\/"},"img":{"alt_text":"geraldo1","src":"https:\/\/i0.wp.com\/www.jornalja.com.br\/wp-content\/uploads\/2009\/07\/geraldo1.jpg?resize=350%2C200&ssl=1","width":350,"height":200},"classes":[]},{"id":13109,"url":"https:\/\/www.jornalja.com.br\/arquivo\/judiciario-reconhece-poluicao-eletromagnetica\/","url_meta":{"origin":53852,"position":5},"title":"Judici\u00e1rio reconhece polui\u00e7\u00e3o eletromagn\u00e9tica","author":"Patr\u00edcia Marini","date":"16 de maio de 2014","format":false,"excerpt":"A\u00e7\u00e3o de duas associa\u00e7\u00f5es de moradores foi acolhida pelo Tribunal de Justi\u00e7a de S\u00e3o Paulo que. em decis\u00e3o in\u00e9dita, determinou a redu\u00e7\u00e3o do campo eletromagn\u00e9tico gerado pelas linhas de transmiss\u00e3o de energia que cortam os bairros City Boa\u00e7ava e Alto de Pinheiros. \u00c9 a primeira vez que um tribunal do\u2026","rel":"","context":"Em &quot;X.Categorias velhas&quot;","block_context":{"text":"X.Categorias velhas","link":"https:\/\/www.jornalja.com.br\/arquivo\/category\/x-categorias-velhas\/"},"img":{"alt_text":"","src":"","width":0,"height":0},"classes":[]}],"jetpack_shortlink":"https:\/\/wp.me\/pbQjBd-e0A","jetpack_featured_media_url":"","_links":{"self":[{"href":"https:\/\/www.jornalja.com.br\/arquivo\/wp-json\/wp\/v2\/posts\/53852","targetHints":{"allow":["GET"]}}],"collection":[{"href":"https:\/\/www.jornalja.com.br\/arquivo\/wp-json\/wp\/v2\/posts"}],"about":[{"href":"https:\/\/www.jornalja.com.br\/arquivo\/wp-json\/wp\/v2\/types\/post"}],"author":[{"embeddable":true,"href":"https:\/\/www.jornalja.com.br\/arquivo\/wp-json\/wp\/v2\/users\/4"}],"replies":[{"embeddable":true,"href":"https:\/\/www.jornalja.com.br\/arquivo\/wp-json\/wp\/v2\/comments?post=53852"}],"version-history":[{"count":0,"href":"https:\/\/www.jornalja.com.br\/arquivo\/wp-json\/wp\/v2\/posts\/53852\/revisions"}],"wp:attachment":[{"href":"https:\/\/www.jornalja.com.br\/arquivo\/wp-json\/wp\/v2\/media?parent=53852"}],"wp:term":[{"taxonomy":"category","embeddable":true,"href":"https:\/\/www.jornalja.com.br\/arquivo\/wp-json\/wp\/v2\/categories?post=53852"},{"taxonomy":"post_tag","embeddable":true,"href":"https:\/\/www.jornalja.com.br\/arquivo\/wp-json\/wp\/v2\/tags?post=53852"}],"curies":[{"name":"wp","href":"https:\/\/api.w.org\/{rel}","templated":true}]}}