{"id":53890,"date":"2017-08-21T14:41:21","date_gmt":"2017-08-21T17:41:21","guid":{"rendered":"https:\/\/www.jornalja.com.br\/?p=53890"},"modified":"2017-08-21T14:41:21","modified_gmt":"2017-08-21T17:41:21","slug":"gramado-documentario-sobre-ocupacoes-e-o-melhor-curta-gaucho","status":"publish","type":"post","link":"https:\/\/www.jornalja.com.br\/arquivo\/gramado-documentario-sobre-ocupacoes-e-o-melhor-curta-gaucho\/","title":{"rendered":"Gramado: document\u00e1rio sobre ocupa\u00e7\u00f5es \u00e9 o melhor curta ga\u00facho"},"content":{"rendered":"<p><span class=\"assina\">Matheus Chaparini<\/span><br \/>\nFui a Gramado com dois objetivos. Cobrir o festival para o J\u00c1 e assistir pela primeira vez o document\u00e1rio Secundas, a convite do diretor Cac\u00e1 Naz\u00e1rio.<br \/>\nO filme mostra o movimento de ocupa\u00e7\u00f5es escolares, desencadeado no Rio grande do Sul &#8211; e diversos outros estados &#8211; ao longo de 2016.<br \/>\nSecundas traz o contexto das lutas dos estudantes, suas pautas, preocupa\u00e7\u00f5es, rela\u00e7\u00f5es. O movimento era s\u00e9rio, mas trazia a leveza e a gra\u00e7a da juventude. Nos atos, os estudantes gritam palavras de ordem, mas tamb\u00e9m cantam, dan\u00e7am, riem, se abra\u00e7am. O document\u00e1rio cria esta atmosfera, situa o espectador e culmina com a tens\u00e3o e a viol\u00eancia do epis\u00f3dio da desocupa\u00e7\u00e3o da Secretaria da Fazenda, em Porto Alegre.<br \/>\n<figure id=\"attachment_53893\" aria-describedby=\"caption-attachment-53893\" style=\"width: 1150px\" class=\"wp-caption alignnone\"><img loading=\"lazy\" decoding=\"async\" class=\"size-full wp-image-53893\" src=\"https:\/\/www.jornalja.com.br\/wp-content\/uploads\/2017\/08\/45-Festival-de-Cinema-de-Gramado-2017-08-20-23-30-39-CLE-1972-1.jpg\" alt=\"\" width=\"1150\" height=\"702\" \/><figcaption id=\"caption-attachment-53893\" class=\"wp-caption-text\">Os vencedores da premia\u00e7\u00e3o Mostra Assembleia Legislativa de Curtas Ga\u00fachos \/ Cleiton Thiele \/ Pressphoto<\/figcaption><\/figure><br \/>\nContribui com o trabalho com um depoimento e algumas das imagens que registrei dentro do pr\u00e9dio da secretaria, quando cobria a manifesta\u00e7\u00e3o dos jovens. Estava no mezanino, anotando \u00e0 pouca luz as informa\u00e7\u00f5es que est\u00e3o nesta mat\u00e9ria, quando os apresentadores Roger Lerina e Marla Martins anunciaram o grande vencedor na noite.<br \/>\nCac\u00e1 Naz\u00e1rio recebeu o pr\u00eamio das m\u00e3os do presidente da Assembleia Legislativa, deputado Edegar Pretto. Subiu ao palco acompanhado do montador do filme, Matheus Piccoli e de um discurso forte. Disse que os estudantes \u201cforam reprimidos pelo governo Sartori que est\u00e1 demitindo sem motivo servidores das funda\u00e7\u00f5es. Essa corja toda que est\u00e1 a\u00ed em n\u00edvel estadual e federal e que derrubou uma presidenta eleita para botar uma quadrilha.\u201d<br \/>\nO pr\u00f3ximo projeto \u00e9 um longa metragem de fic\u00e7\u00e3o, baseado na personagem de uma das estudantes retratadas no document\u00e1rio.<br \/>\nO diretor defendeu a coragem dos estudantes em se manifestarem em defesa de seus direitos e concluiu: \u201cFazer manifesto em Facebook \u00e9 bacana. Mas o que me interessa \u00e9 quem est\u00e1 indo pro pau.\u201d<br \/>\n<span class=\"intertit\">\u201cEste pr\u00eamio n\u00e3o deveria existir\u201d<\/span><br \/>\nO primeiro pr\u00eamio da noite foi o de produ\u00e7\u00e3o executiva, vencido pelo filme Sob \u00c1guas Calmas e Inocentes. \u201cNa nossa opini\u00e3o, este pr\u00eamio nem deveria existir, porque ele n\u00e3o faz sentido\u201d, definiu Pedro Guindani, um dos produtores e presidente da Associa\u00e7\u00e3o Profissional de T\u00e9cnicos Cinematogr\u00e1ficos do RS (APTC). Ele afirmou n\u00e3o ser poss\u00edvel avaliar a produ\u00e7\u00e3o executiva do filme. Guindani sugeriu que a premia\u00e7\u00e3o seja eliminada ou substitu\u00edda por outra.<br \/>\nA equipe prometeu reinvestir o pr\u00eamio de R$ 4 mil reais no cinema ga\u00facho, atrav\u00e9s de inscri\u00e7\u00f5es de filmes em festivais e se p\u00f4s \u00e0 disposi\u00e7\u00e3o para receber projetos.<br \/>\n<span class=\"intertit\">Quatro trof\u00e9us e um filme que n\u00e3o est\u00e1 pago<\/span><br \/>\n<figure id=\"attachment_53902\" aria-describedby=\"caption-attachment-53902\" style=\"width: 1150px\" class=\"wp-caption alignnone\"><img loading=\"lazy\" decoding=\"async\" class=\"size-full wp-image-53902\" src=\"https:\/\/www.jornalja.com.br\/wp-content\/uploads\/2017\/08\/CMGaucho-SOB-AGUAS-CLARAS-E-INOCENTES.jpg\" alt=\"\" width=\"1150\" height=\"622\" \/><figcaption id=\"caption-attachment-53902\" class=\"wp-caption-text\">Sob \u00c1guas Claras e Inocentes ganhou tr\u00eas pr\u00eamios e uma men\u00e7\u00e3o honrosa\/ Edu Rabin \/ Divulga\u00e7\u00e3o<\/figcaption><\/figure><br \/>\nEmiliano Cunha foi um dos grandes vencedores da noite. Seu filme Sob \u00c1guas Claras e Inocentes ganhou tr\u00eas pr\u00eamios &#8211; melhor dire\u00e7\u00e3o, melhor produtor e j\u00fari da cr\u00edtica. Levou ainda uma men\u00e7\u00e3o honrosa \u00e0 equipe. O protagonista do filme \u00e9 vivido por diversos atores e atrizes. O j\u00fari entendeu que n\u00e3o haveria como premiar individualmente e reconheceu o trabalho de composi\u00e7\u00e3o do personagem de v\u00e1rios rostos e vozes.<br \/>\nNo s\u00e1bado, quando o filme foi exibido na Mostra de Curtas Ga\u00fachos, Emiliano aproveitou o discurso para cobrar: \u201cPrefeitura, pague a cultura\u201d. Seu filme foi contemplado pelo Fumproarte, em 2014. Por\u00e9m, at\u00e9 agora, n\u00e3o recebeu todo o dinheiro. Segundo o diretor, ficou faltando a \u00faltima parcela, correspondente a cerca de 40% do valor total da produ\u00e7\u00e3o.<br \/>\nEmiliano dedicou o pr\u00eamio da cr\u00edtica a Cid Nader, cr\u00edtico de cinema e curador de festivais falecido no dia 16 de agosto. \u201cFoi ele quem escreveu minha primeira cr\u00edtica. No dia seguinte pude sentar e conversar pessoalmente com ele. Ali eu quebrei meus tabus de cr\u00edticos de cinema.\u201d<br \/>\nTemporal ganhou tr\u00eas pr\u00eamios &#8211; roteiro, fotografia e edi\u00e7\u00e3o de som. Carine Wallauer, que recebeu o trof\u00e9u pela fotografia do filme, defendeu a import\u00e2ncia do protagonismo das mulheres no cinema, espa\u00e7o de onde h\u00e1 predomin\u00e2ncia masculina.<br \/>\n<span class=\"intertit\">Diverg\u00eancia democr\u00e1tica: dois discursos sobre a TVE<\/span><br \/>\nGestos foi o vencedor do pr\u00eamio Aquisi\u00e7\u00e3o TVE. O filme recebe um pr\u00eamio em dinheiro no valor de R$ 3 mil. A premia\u00e7\u00e3o foi criada em 2014 e retomada pela atual gest\u00e3o em parceria com a Empresa Ga\u00facha de Rodovias (EGR). O filme foi escolhido por uma comiss\u00e3o formada por representantes da Fundacine, Tecna, TVE, FM Cultura e cr\u00edticos de cinema.<br \/>\n<figure id=\"attachment_53898\" aria-describedby=\"caption-attachment-53898\" style=\"width: 1150px\" class=\"wp-caption alignnone\"><img loading=\"lazy\" decoding=\"async\" class=\"size-full wp-image-53898\" src=\"https:\/\/www.jornalja.com.br\/wp-content\/uploads\/2017\/08\/45-Festival-de-Cinema-de-Gramado-2017-08-20-23-01-28-CLE-1837a.jpg\" alt=\"\" width=\"1150\" height=\"767\" \/><figcaption id=\"caption-attachment-53898\" class=\"wp-caption-text\">Marcelo da Rosa Costa, Orestes de Andrade J\u00fanior e Cac\u00e1 Sena \/ Cleiton Thile \/ Pressphoto<\/figcaption><\/figure><br \/>\nO pr\u00eamio foi entregue pelo presidente da Funda\u00e7\u00e3o Piratini, Orestes de Andrade J\u00fanior. \u201cA extin\u00e7\u00e3o da funda\u00e7\u00e3o n\u00e3o representa o fim da TVE\u201d, garantiu Orestes, defendendo que o futuro da emissora passa pela parceria com o setor audiovisual ga\u00facho. O presidente afirmou que a ind\u00fastria audiovisual ga\u00facha j\u00e1 esteve entre as tr\u00eas do pa\u00eds, mas que est\u00e1 ficando para tr\u00e1s e precisa retomar for\u00e7a.<br \/>\nNa sequ\u00eancia, com Orestes ainda no palco, veio a entrega da men\u00e7\u00e3o honrosa ao filme Sena, os fios em prosa, pela import\u00e2ncia hist\u00f3rica. O document\u00e1rio Marcelo da Rosa Costa e Cac\u00e1 Sena, que conta a hist\u00f3ria do artista Antonio Carlos Sena. Como j\u00e1 haviam combinado previamente, \u00a0em caso de premia\u00e7\u00e3o, dedicaram a men\u00e7\u00e3o honrosa \u201c\u00e0 Funda\u00e7\u00e3o Piratini, \u00e0 Zoobot\u00e2nica e a todas institui\u00e7\u00f5es que est\u00e3o sendo agredidas pelo governo.\u201d Ap\u00f3s os discursos, todos posaram para as fotos.<br \/>\n<span class=\"intertit\">Onde anda Yomared?<\/span><br \/>\n<figure id=\"attachment_53896\" aria-describedby=\"caption-attachment-53896\" style=\"width: 600px\" class=\"wp-caption alignnone\"><img loading=\"lazy\" decoding=\"async\" class=\"size-full wp-image-53896\" src=\"https:\/\/www.jornalja.com.br\/wp-content\/uploads\/2017\/08\/yomared-divulga\u00e7\u00e3o.jpg\" alt=\"\" width=\"600\" height=\"385\" \/><figcaption id=\"caption-attachment-53896\" class=\"wp-caption-text\">Yomared recebeu os pr\u00eamios de m\u00fasica, atriz e montagem \/ Divulga\u00e7\u00e3o<\/figcaption><\/figure><br \/>\nMariana Yomared \u00e9 artista de rua. Aos domingos, pode ser vista na Avenida Paulista, onde se apresenta com seu espet\u00e1culo de bambol\u00eas. Na noite de domingo, quando completava 25 anos, recebeu dois pr\u00eamios: m\u00fasica e melhor atriz. Mas n\u00e3o estava em Gramado para receb\u00ea-los.<br \/>\nMariana e Lufe Bolini se conheceram no vale do Anhangaba\u00fa, em S\u00e3o Paulo. Da intimidade da rela\u00e7\u00e3o, sa\u00edram imagens, produzidas sem roteiro pr\u00e9vio, que tomaram forma de filme na etapa de montagem &#8211; que rendeu pr\u00eamio a Lufe. No filme, Yomared conta sua hist\u00f3ria e a de sua fam\u00edlia. O curioso \u00e9 que Yomared n\u00e3o \u00e9 musicista ou atriz profissional.<br \/>\n<figure id=\"attachment_53894\" aria-describedby=\"caption-attachment-53894\" style=\"width: 400px\" class=\"wp-caption alignleft\"><img loading=\"lazy\" decoding=\"async\" class=\"wp-image-53894 size-medium\" src=\"https:\/\/www.jornalja.com.br\/wp-content\/uploads\/2017\/08\/45-Festival-de-Cinema-de-Gramado-2017-08-20-22-47-52-DEV-7939a-400x267.jpg\" alt=\"\" width=\"400\" height=\"267\" \/><figcaption id=\"caption-attachment-53894\" class=\"wp-caption-text\">Lufe Bollini recebeu o pr\u00eamio pela montagem do filmes \/ Diego Vara \/ Pressphoto<\/figcaption><\/figure><br \/>\nFoi Lufe Bolini quem subiu ao palco para receber os tr\u00eas pr\u00eamios.Ele demonstrou surpresa com os pr\u00eamios. Segundo Lufe, Mariana estava aprendendo os instrumentos na \u00e9poca da produ\u00e7\u00e3o do filme, h\u00e1 cerca de um ano. Al\u00e9m disso, Banda da Conven\u00e7\u00e3o de Malabares de Florian\u00f3polis, que divide o pr\u00eamio pela m\u00fasica, foi um grupo criado para um evento espec\u00edfico.<br \/>\n<strong>Trof\u00e9u Assembleia Legislativa<\/strong><br \/>\nMelhor filme: \u201cSecundas\u201d, de Cac\u00e1 Nazario<br \/>\nMelhor dire\u00e7\u00e3o: Emiliano Cunha por \u201cSob \u00c1guas Claras e Inocentes\u201d<br \/>\nMelhor ator: Jo\u00e3o Pedro Prates em \u201c1947\u201d<br \/>\nMelhor atriz: Mariana Yomared em \u201cYomared\u201d<br \/>\nMelhor roteiro: Gabriel Honzik por \u201cTemporal\u201d<br \/>\nMelhor fotografia: Carine Wallauer por \u201cTemporal\u201d<br \/>\nMelhor dire\u00e7\u00e3o de arte: Eduardo Reis por \u201cSolito\u201d<br \/>\nMelhor m\u00fasica: Mariana Yomared e Banda da Conven\u00e7\u00e3o de Malabares de Florian\u00f3polis em \u201cYomared\u201d<br \/>\nMelhor montagem: Lufe Bollini em \u201cYomared\u201d<br \/>\nMelhor edi\u00e7\u00e3o de som: Ivan Lemos e Thiago Gaut\u00e9rio por \u201cTemporal\u201d<br \/>\nMelhor produtor: Ausang, Davi De Oliveira Pinheiro, Emiliano Cunha e Pedro Guindani por \u201cSob \u00c1guas Claras e Inocentes\u201d<br \/>\nMen\u00e7\u00e3o honrosa: ao elenco do filme \u201cSob \u00c1guas Claras e Inocentes\u201d, de Emiliano Cunha<br \/>\n<strong>Pr\u00eamio Aquisi\u00e7\u00e3o TVE<\/strong><br \/>\nVencedor: \u201cGestos\u201d, de Alberto Goldim e J\u00falia Cazarr\u00e9<br \/>\nMen\u00e7\u00e3o honrosa: \u201cSena, o fio em prosa\u201d de Marcelo da Rosa Costa e Cac\u00e1 Sena<br \/>\n<strong>Pr\u00eamio do J\u00fari da Cr\u00edtica<\/strong><br \/>\n\u201cSob \u00c1guas Claras e Inocentes\u201d, de Emiliano Cunha<\/p>\n","protected":false},"excerpt":{"rendered":"<p>Matheus Chaparini Fui a Gramado com dois objetivos. Cobrir o festival para o J\u00c1 e assistir pela primeira vez o document\u00e1rio Secundas, a convite do diretor Cac\u00e1 Naz\u00e1rio. O filme mostra o movimento de ocupa\u00e7\u00f5es escolares, desencadeado no Rio grande do Sul &#8211; e diversos outros estados &#8211; ao longo de 2016. Secundas traz o [&hellip;]<\/p>\n","protected":false},"author":4,"featured_media":53891,"comment_status":"open","ping_status":"closed","sticky":false,"template":"","format":"standard","meta":{"_jetpack_newsletter_access":"","_jetpack_dont_email_post_to_subs":false,"_jetpack_newsletter_tier_id":0,"_jetpack_memberships_contains_paywalled_content":false,"_jetpack_feature_clip_id":0,"_jetpack_memberships_contains_paid_content":false,"footnotes":"","jetpack_post_was_ever_published":false},"categories":[26],"tags":[],"class_list":["post-53890","post","type-post","status-publish","format-standard","has-post-thumbnail","hentry","category-geral"],"aioseo_notices":[],"aioseo_head":"\n\t\t<!-- All in One SEO 5.0.1.1 - aioseo.com -->\n\t<meta name=\"robots\" content=\"max-image-preview:large\" \/>\n\t<meta name=\"author\" content=\"da Reda\u00e7\u00e3o\"\/>\n\t<link rel=\"canonical\" href=\"https:\/\/www.jornalja.com.br\/arquivo\/gramado-documentario-sobre-ocupacoes-e-o-melhor-curta-gaucho\/\" \/>\n\t<meta name=\"generator\" content=\"All in One SEO (AIOSEO) 5.0.1.1\" \/>\n\t\t<meta property=\"og:locale\" content=\"pt_BR\" \/>\n\t\t<meta property=\"og:site_name\" content=\"Arquivo | Jornal J\u00c1 | Porto Alegre\" \/>\n\t\t<meta property=\"og:type\" content=\"article\" \/>\n\t\t<meta property=\"og:title\" content=\"Gramado: document\u00e1rio sobre ocupa\u00e7\u00f5es \u00e9 o melhor curta ga\u00facho | Arquivo\" \/>\n\t\t<meta property=\"og:url\" content=\"https:\/\/www.jornalja.com.br\/arquivo\/gramado-documentario-sobre-ocupacoes-e-o-melhor-curta-gaucho\/\" \/>\n\t\t<meta property=\"og:image\" content=\"https:\/\/www.jornalja.com.br\/wp-content\/uploads\/2017\/08\/45-Festival-de-Cinema-de-Gramado-2017-08-20-23-30-39-CLE-1972-1.jpg\" \/>\n\t\t<meta property=\"og:image:secure_url\" content=\"https:\/\/www.jornalja.com.br\/wp-content\/uploads\/2017\/08\/45-Festival-de-Cinema-de-Gramado-2017-08-20-23-30-39-CLE-1972-1.jpg\" \/>\n\t\t<meta property=\"article:published_time\" content=\"2017-08-21T17:41:21+00:00\" \/>\n\t\t<meta property=\"article:modified_time\" content=\"2017-08-21T17:41:21+00:00\" \/>\n\t\t<meta name=\"twitter:card\" content=\"summary\" \/>\n\t\t<meta name=\"twitter:title\" content=\"Gramado: document\u00e1rio sobre ocupa\u00e7\u00f5es \u00e9 o melhor curta ga\u00facho | Arquivo\" \/>\n\t\t<meta name=\"twitter:image\" content=\"https:\/\/www.jornalja.com.br\/economics\/wp-content\/uploads\/sites\/11\/2026\/08\/ja-folhaderosto-facebook.jpg\" \/>\n\t\t<script type=\"application\/ld+json\" class=\"aioseo-schema\">\n\t\t\t{\"@context\":\"https:\\\/\\\/schema.org\",\"@graph\":[{\"@type\":\"BlogPosting\",\"@id\":\"https:\\\/\\\/www.jornalja.com.br\\\/arquivo\\\/gramado-documentario-sobre-ocupacoes-e-o-melhor-curta-gaucho\\\/#blogposting\",\"name\":\"Gramado: document\\u00e1rio sobre ocupa\\u00e7\\u00f5es \\u00e9 o melhor curta ga\\u00facho | Arquivo\",\"headline\":\"Gramado: document\\u00e1rio sobre ocupa\\u00e7\\u00f5es \\u00e9 o melhor curta ga\\u00facho\",\"author\":{\"@id\":\"https:\\\/\\\/www.jornalja.com.br\\\/arquivo\\\/author\\\/daredacao\\\/#author\"},\"publisher\":{\"@id\":\"https:\\\/\\\/www.jornalja.com.br\\\/arquivo\\\/#organization\"},\"image\":{\"@type\":\"ImageObject\",\"url\":53891},\"datePublished\":\"2017-08-21T14:41:21-03:00\",\"dateModified\":\"2017-08-21T14:41:21-03:00\",\"inLanguage\":\"pt-BR\",\"mainEntityOfPage\":{\"@id\":\"https:\\\/\\\/www.jornalja.com.br\\\/arquivo\\\/gramado-documentario-sobre-ocupacoes-e-o-melhor-curta-gaucho\\\/#webpage\"},\"isPartOf\":{\"@id\":\"https:\\\/\\\/www.jornalja.com.br\\\/arquivo\\\/gramado-documentario-sobre-ocupacoes-e-o-melhor-curta-gaucho\\\/#webpage\"},\"articleSection\":\"Geral\"},{\"@type\":\"BreadcrumbList\",\"@id\":\"https:\\\/\\\/www.jornalja.com.br\\\/arquivo\\\/gramado-documentario-sobre-ocupacoes-e-o-melhor-curta-gaucho\\\/#breadcrumblist\",\"itemListElement\":[{\"@type\":\"ListItem\",\"@id\":\"https:\\\/\\\/www.jornalja.com.br\\\/arquivo#listItem\",\"position\":1,\"name\":\"Home\",\"item\":\"https:\\\/\\\/www.jornalja.com.br\\\/arquivo\",\"nextItem\":{\"@type\":\"ListItem\",\"@id\":\"https:\\\/\\\/www.jornalja.com.br\\\/arquivo\\\/category\\\/geral\\\/#listItem\",\"name\":\"Geral\"}},{\"@type\":\"ListItem\",\"@id\":\"https:\\\/\\\/www.jornalja.com.br\\\/arquivo\\\/category\\\/geral\\\/#listItem\",\"position\":2,\"name\":\"Geral\",\"item\":\"https:\\\/\\\/www.jornalja.com.br\\\/arquivo\\\/category\\\/geral\\\/\",\"nextItem\":{\"@type\":\"ListItem\",\"@id\":\"https:\\\/\\\/www.jornalja.com.br\\\/arquivo\\\/gramado-documentario-sobre-ocupacoes-e-o-melhor-curta-gaucho\\\/#listItem\",\"name\":\"Gramado: document\\u00e1rio sobre ocupa\\u00e7\\u00f5es \\u00e9 o melhor curta ga\\u00facho\"},\"previousItem\":{\"@type\":\"ListItem\",\"@id\":\"https:\\\/\\\/www.jornalja.com.br\\\/arquivo#listItem\",\"name\":\"Home\"}},{\"@type\":\"ListItem\",\"@id\":\"https:\\\/\\\/www.jornalja.com.br\\\/arquivo\\\/gramado-documentario-sobre-ocupacoes-e-o-melhor-curta-gaucho\\\/#listItem\",\"position\":3,\"name\":\"Gramado: document\\u00e1rio sobre ocupa\\u00e7\\u00f5es \\u00e9 o melhor curta ga\\u00facho\",\"previousItem\":{\"@type\":\"ListItem\",\"@id\":\"https:\\\/\\\/www.jornalja.com.br\\\/arquivo\\\/category\\\/geral\\\/#listItem\",\"name\":\"Geral\"}}]},{\"@type\":\"Organization\",\"@id\":\"https:\\\/\\\/www.jornalja.com.br\\\/arquivo\\\/#organization\",\"name\":\"Jornal J\\u00c1\",\"description\":\"Jornal J\\u00c1 | Porto Alegre\",\"url\":\"https:\\\/\\\/www.jornalja.com.br\\\/arquivo\\\/\",\"telephone\":\"+555133307272\",\"logo\":{\"@type\":\"ImageObject\",\"url\":\"https:\\\/\\\/www.jornalja.com.br\\\/wp-content\\\/uploads\\\/cards\\\/JAslogan.png\",\"@id\":\"https:\\\/\\\/www.jornalja.com.br\\\/arquivo\\\/gramado-documentario-sobre-ocupacoes-e-o-melhor-curta-gaucho\\\/#organizationLogo\"},\"image\":{\"@id\":\"https:\\\/\\\/www.jornalja.com.br\\\/arquivo\\\/gramado-documentario-sobre-ocupacoes-e-o-melhor-curta-gaucho\\\/#organizationLogo\"}},{\"@type\":\"Person\",\"@id\":\"https:\\\/\\\/www.jornalja.com.br\\\/arquivo\\\/author\\\/daredacao\\\/#author\",\"url\":\"https:\\\/\\\/www.jornalja.com.br\\\/arquivo\\\/author\\\/daredacao\\\/\",\"name\":\"da Reda\\u00e7\\u00e3o\",\"image\":{\"@type\":\"ImageObject\",\"@id\":\"https:\\\/\\\/www.jornalja.com.br\\\/arquivo\\\/gramado-documentario-sobre-ocupacoes-e-o-melhor-curta-gaucho\\\/#authorImage\",\"url\":\"https:\\\/\\\/secure.gravatar.com\\\/avatar\\\/469fd857d6605ad19919d27ed29d35a968a25f6e8fd9318356bbb7f57aae9c65?s=96&d=mm&r=g\",\"width\":96,\"height\":96,\"caption\":\"da Reda\\u00e7\\u00e3o\"}},{\"@type\":\"WebPage\",\"@id\":\"https:\\\/\\\/www.jornalja.com.br\\\/arquivo\\\/gramado-documentario-sobre-ocupacoes-e-o-melhor-curta-gaucho\\\/#webpage\",\"url\":\"https:\\\/\\\/www.jornalja.com.br\\\/arquivo\\\/gramado-documentario-sobre-ocupacoes-e-o-melhor-curta-gaucho\\\/\",\"name\":\"Gramado: document\\u00e1rio sobre ocupa\\u00e7\\u00f5es \\u00e9 o melhor curta ga\\u00facho | Arquivo\",\"inLanguage\":\"pt-BR\",\"isPartOf\":{\"@id\":\"https:\\\/\\\/www.jornalja.com.br\\\/arquivo\\\/#website\"},\"breadcrumb\":{\"@id\":\"https:\\\/\\\/www.jornalja.com.br\\\/arquivo\\\/gramado-documentario-sobre-ocupacoes-e-o-melhor-curta-gaucho\\\/#breadcrumblist\"},\"author\":{\"@id\":\"https:\\\/\\\/www.jornalja.com.br\\\/arquivo\\\/author\\\/daredacao\\\/#author\"},\"creator\":{\"@id\":\"https:\\\/\\\/www.jornalja.com.br\\\/arquivo\\\/author\\\/daredacao\\\/#author\"},\"image\":{\"@type\":\"ImageObject\",\"url\":53891,\"@id\":\"https:\\\/\\\/www.jornalja.com.br\\\/arquivo\\\/gramado-documentario-sobre-ocupacoes-e-o-melhor-curta-gaucho\\\/#mainImage\"},\"primaryImageOfPage\":{\"@id\":\"https:\\\/\\\/www.jornalja.com.br\\\/arquivo\\\/gramado-documentario-sobre-ocupacoes-e-o-melhor-curta-gaucho\\\/#mainImage\"},\"datePublished\":\"2017-08-21T14:41:21-03:00\",\"dateModified\":\"2017-08-21T14:41:21-03:00\"},{\"@type\":\"WebSite\",\"@id\":\"https:\\\/\\\/www.jornalja.com.br\\\/arquivo\\\/#website\",\"url\":\"https:\\\/\\\/www.jornalja.com.br\\\/arquivo\\\/\",\"name\":\"Arquivo\",\"description\":\"Jornal J\\u00c1 | Porto Alegre\",\"inLanguage\":\"pt-BR\",\"publisher\":{\"@id\":\"https:\\\/\\\/www.jornalja.com.br\\\/arquivo\\\/#organization\"}}]}\n\t\t<\/script>\n\t\t<!-- All in One SEO -->\n\n","aioseo_head_json":{"title":"Gramado: document\u00e1rio sobre ocupa\u00e7\u00f5es \u00e9 o melhor curta ga\u00facho | Arquivo","description":"","canonical_url":"https:\/\/www.jornalja.com.br\/arquivo\/gramado-documentario-sobre-ocupacoes-e-o-melhor-curta-gaucho\/","robots":"max-image-preview:large","keywords":"","webmasterTools":{"miscellaneous":""},"schema":{"@context":"https:\/\/schema.org","@graph":[{"@type":"BlogPosting","@id":"https:\/\/www.jornalja.com.br\/arquivo\/gramado-documentario-sobre-ocupacoes-e-o-melhor-curta-gaucho\/#blogposting","name":"Gramado: document\u00e1rio sobre ocupa\u00e7\u00f5es \u00e9 o melhor curta ga\u00facho | Arquivo","headline":"Gramado: document\u00e1rio sobre ocupa\u00e7\u00f5es \u00e9 o melhor curta ga\u00facho","author":{"@id":"https:\/\/www.jornalja.com.br\/arquivo\/author\/daredacao\/#author"},"publisher":{"@id":"https:\/\/www.jornalja.com.br\/arquivo\/#organization"},"image":{"@type":"ImageObject","url":53891},"datePublished":"2017-08-21T14:41:21-03:00","dateModified":"2017-08-21T14:41:21-03:00","inLanguage":"pt-BR","mainEntityOfPage":{"@id":"https:\/\/www.jornalja.com.br\/arquivo\/gramado-documentario-sobre-ocupacoes-e-o-melhor-curta-gaucho\/#webpage"},"isPartOf":{"@id":"https:\/\/www.jornalja.com.br\/arquivo\/gramado-documentario-sobre-ocupacoes-e-o-melhor-curta-gaucho\/#webpage"},"articleSection":"Geral"},{"@type":"BreadcrumbList","@id":"https:\/\/www.jornalja.com.br\/arquivo\/gramado-documentario-sobre-ocupacoes-e-o-melhor-curta-gaucho\/#breadcrumblist","itemListElement":[{"@type":"ListItem","@id":"https:\/\/www.jornalja.com.br\/arquivo#listItem","position":1,"name":"Home","item":"https:\/\/www.jornalja.com.br\/arquivo","nextItem":{"@type":"ListItem","@id":"https:\/\/www.jornalja.com.br\/arquivo\/category\/geral\/#listItem","name":"Geral"}},{"@type":"ListItem","@id":"https:\/\/www.jornalja.com.br\/arquivo\/category\/geral\/#listItem","position":2,"name":"Geral","item":"https:\/\/www.jornalja.com.br\/arquivo\/category\/geral\/","nextItem":{"@type":"ListItem","@id":"https:\/\/www.jornalja.com.br\/arquivo\/gramado-documentario-sobre-ocupacoes-e-o-melhor-curta-gaucho\/#listItem","name":"Gramado: document\u00e1rio sobre ocupa\u00e7\u00f5es \u00e9 o melhor curta ga\u00facho"},"previousItem":{"@type":"ListItem","@id":"https:\/\/www.jornalja.com.br\/arquivo#listItem","name":"Home"}},{"@type":"ListItem","@id":"https:\/\/www.jornalja.com.br\/arquivo\/gramado-documentario-sobre-ocupacoes-e-o-melhor-curta-gaucho\/#listItem","position":3,"name":"Gramado: document\u00e1rio sobre ocupa\u00e7\u00f5es \u00e9 o melhor curta ga\u00facho","previousItem":{"@type":"ListItem","@id":"https:\/\/www.jornalja.com.br\/arquivo\/category\/geral\/#listItem","name":"Geral"}}]},{"@type":"Organization","@id":"https:\/\/www.jornalja.com.br\/arquivo\/#organization","name":"Jornal J\u00c1","description":"Jornal J\u00c1 | Porto Alegre","url":"https:\/\/www.jornalja.com.br\/arquivo\/","telephone":"+555133307272","logo":{"@type":"ImageObject","url":"https:\/\/www.jornalja.com.br\/wp-content\/uploads\/cards\/JAslogan.png","@id":"https:\/\/www.jornalja.com.br\/arquivo\/gramado-documentario-sobre-ocupacoes-e-o-melhor-curta-gaucho\/#organizationLogo"},"image":{"@id":"https:\/\/www.jornalja.com.br\/arquivo\/gramado-documentario-sobre-ocupacoes-e-o-melhor-curta-gaucho\/#organizationLogo"}},{"@type":"Person","@id":"https:\/\/www.jornalja.com.br\/arquivo\/author\/daredacao\/#author","url":"https:\/\/www.jornalja.com.br\/arquivo\/author\/daredacao\/","name":"da Reda\u00e7\u00e3o","image":{"@type":"ImageObject","@id":"https:\/\/www.jornalja.com.br\/arquivo\/gramado-documentario-sobre-ocupacoes-e-o-melhor-curta-gaucho\/#authorImage","url":"https:\/\/secure.gravatar.com\/avatar\/469fd857d6605ad19919d27ed29d35a968a25f6e8fd9318356bbb7f57aae9c65?s=96&d=mm&r=g","width":96,"height":96,"caption":"da Reda\u00e7\u00e3o"}},{"@type":"WebPage","@id":"https:\/\/www.jornalja.com.br\/arquivo\/gramado-documentario-sobre-ocupacoes-e-o-melhor-curta-gaucho\/#webpage","url":"https:\/\/www.jornalja.com.br\/arquivo\/gramado-documentario-sobre-ocupacoes-e-o-melhor-curta-gaucho\/","name":"Gramado: document\u00e1rio sobre ocupa\u00e7\u00f5es \u00e9 o melhor curta ga\u00facho | Arquivo","inLanguage":"pt-BR","isPartOf":{"@id":"https:\/\/www.jornalja.com.br\/arquivo\/#website"},"breadcrumb":{"@id":"https:\/\/www.jornalja.com.br\/arquivo\/gramado-documentario-sobre-ocupacoes-e-o-melhor-curta-gaucho\/#breadcrumblist"},"author":{"@id":"https:\/\/www.jornalja.com.br\/arquivo\/author\/daredacao\/#author"},"creator":{"@id":"https:\/\/www.jornalja.com.br\/arquivo\/author\/daredacao\/#author"},"image":{"@type":"ImageObject","url":53891,"@id":"https:\/\/www.jornalja.com.br\/arquivo\/gramado-documentario-sobre-ocupacoes-e-o-melhor-curta-gaucho\/#mainImage"},"primaryImageOfPage":{"@id":"https:\/\/www.jornalja.com.br\/arquivo\/gramado-documentario-sobre-ocupacoes-e-o-melhor-curta-gaucho\/#mainImage"},"datePublished":"2017-08-21T14:41:21-03:00","dateModified":"2017-08-21T14:41:21-03:00"},{"@type":"WebSite","@id":"https:\/\/www.jornalja.com.br\/arquivo\/#website","url":"https:\/\/www.jornalja.com.br\/arquivo\/","name":"Arquivo","description":"Jornal J\u00c1 | Porto Alegre","inLanguage":"pt-BR","publisher":{"@id":"https:\/\/www.jornalja.com.br\/arquivo\/#organization"}}]},"og:locale":"pt_BR","og:site_name":"Arquivo | Jornal J\u00c1 | Porto Alegre","og:type":"article","og:title":"Gramado: document\u00e1rio sobre ocupa\u00e7\u00f5es \u00e9 o melhor curta ga\u00facho | Arquivo","og:url":"https:\/\/www.jornalja.com.br\/arquivo\/gramado-documentario-sobre-ocupacoes-e-o-melhor-curta-gaucho\/","og:image":"https:\/\/www.jornalja.com.br\/wp-content\/uploads\/2017\/08\/45-Festival-de-Cinema-de-Gramado-2017-08-20-23-30-39-CLE-1972-1.jpg","og:image:secure_url":"https:\/\/www.jornalja.com.br\/wp-content\/uploads\/2017\/08\/45-Festival-de-Cinema-de-Gramado-2017-08-20-23-30-39-CLE-1972-1.jpg","article:published_time":"2017-08-21T17:41:21+00:00","article:modified_time":"2017-08-21T17:41:21+00:00","twitter:card":"summary","twitter:title":"Gramado: document\u00e1rio sobre ocupa\u00e7\u00f5es \u00e9 o melhor curta ga\u00facho | Arquivo","twitter:image":"https:\/\/www.jornalja.com.br\/economics\/wp-content\/uploads\/sites\/11\/2026\/08\/ja-folhaderosto-facebook.jpg"},"aioseo_meta_data":{"post_id":"53890","title":null,"description":null,"keywords":null,"keyphrases":null,"primary_term":null,"canonical_url":null,"og_title":null,"og_description":null,"og_object_type":"default","og_image_type":"default","og_image_url":null,"og_image_width":null,"og_image_height":null,"og_image_custom_url":null,"og_image_custom_fields":null,"og_video":null,"og_custom_url":null,"og_article_section":null,"og_article_tags":null,"twitter_use_og":false,"twitter_card":"default","twitter_image_type":"default","twitter_image_url":null,"twitter_image_custom_url":null,"twitter_image_custom_fields":null,"twitter_title":null,"twitter_description":null,"schema":{"blockGraphs":[],"customGraphs":[],"default":{"data":{"Article":[],"Course":[],"Dataset":[],"FAQPage":[],"Movie":[],"Person":[],"Product":[],"ProductReview":[],"Car":[],"Recipe":[],"Service":[],"SoftwareApplication":[],"WebPage":[]},"graphName":"","isEnabled":true},"graphs":[],"defaultGraph":"","defaultPostTypeGraph":""},"schema_type":null,"schema_type_options":null,"pillar_content":false,"robots_default":true,"robots_noindex":false,"robots_noarchive":false,"robots_nosnippet":false,"robots_nofollow":false,"robots_noimageindex":false,"robots_noodp":false,"robots_notranslate":false,"robots_max_snippet":null,"robots_max_videopreview":null,"robots_max_imagepreview":"large","priority":null,"frequency":null,"location":null,"local_seo":null,"breadcrumb_settings":null,"limit_modified_date":false,"ai":null,"created":"2020-12-20 20:26:02","updated":"2025-07-20 00:30:11","seo_analyzer_scan_date":null,"focus_keyword":null,"additional_keywords":null,"truseo_locale":null},"jetpack_sharing_enabled":true,"jetpack-related-posts":[{"id":14241,"url":"https:\/\/www.jornalja.com.br\/arquivo\/o-guaiba-nas-imagens-poeticas-de-achutti\/","url_meta":{"origin":53890,"position":0},"title":"O Gua\u00edba nas imagens po\u00e9ticas de Achutti","author":"da Reda\u00e7\u00e3o","date":"18 de junho de 2014","format":false,"excerpt":"Em \u201cO Gua\u00edba por Achutti\u201d \u2013 obra financiada via Minist\u00e9rio da Cultura, produ\u00e7\u00e3o executiva de Pedro Longhi, e Fl\u00e1vio Wild como designer \u2013, o fot\u00f3grafo revela a beleza e as mazelas de um espa\u00e7o aqu\u00e1tico de \u00e1guas sempre renovadas, cheio de hist\u00f3rias e lendas como as das cidades que foram\u2026","rel":"","context":"Em &quot;Cultura-Geral&quot;","block_context":{"text":"Cultura-Geral","link":"https:\/\/www.jornalja.com.br\/arquivo\/category\/materiasecundaria\/"},"img":{"alt_text":"","src":"","width":0,"height":0},"classes":[]},{"id":13124,"url":"https:\/\/www.jornalja.com.br\/arquivo\/sangue-latino-no-iecine\/","url_meta":{"origin":53890,"position":1},"title":"Sangue latino no IECINE","author":"da Reda\u00e7\u00e3o","date":"18 de maio de 2014","format":false,"excerpt":"Francisco Ribeiro O Instituto Estadual de Cinema (IECINE) tem a frente, desde abril \u00faltimo, um novo diretor, o cineasta colombiano Juan Zapata, 36, que substitui Luiz Alberto Cassol. Radicado h\u00e1 dez anos em Porto Alegre, Zapata tem diante de si o desafio de conduzir at\u00e9 o final do ano um\u2026","rel":"","context":"Em &quot;Cultura-Geral&quot;","block_context":{"text":"Cultura-Geral","link":"https:\/\/www.jornalja.com.br\/arquivo\/category\/materiasecundaria\/"},"img":{"alt_text":"","src":"","width":0,"height":0},"classes":[]},{"id":13240,"url":"https:\/\/www.jornalja.com.br\/arquivo\/plano-diretor-estamos-construindo-o-caos\/","url_meta":{"origin":53890,"position":2},"title":"Plano diretor: &quot;Estamos construindo o caos&quot;","author":"Patr\u00edcia Marini","date":"26 de maio de 2014","format":false,"excerpt":"Desabafo que arquiteta Eliana Castilhos, delegada da Regi\u00e3o de Planejamento 1, postou nas redes sociais \u00e9 um testemunho do ambiente que se criou no Conselho do Plano Diretor de Porto Alegre, onde a aprova\u00e7\u00e3o de grandes empreendimentos \u00e9 empurrada guela abaixo dos conselheiros. Ao CMDUA Como delegada da Regi\u00e3o de\u2026","rel":"","context":"Em &quot;Geral&quot;","block_context":{"text":"Geral","link":"https:\/\/www.jornalja.com.br\/arquivo\/category\/geral\/"},"img":{"alt_text":"","src":"","width":0,"height":0},"classes":[]}],"jetpack_shortlink":"https:\/\/wp.me\/pbQjBd-e1c","jetpack_featured_media_url":"","_links":{"self":[{"href":"https:\/\/www.jornalja.com.br\/arquivo\/wp-json\/wp\/v2\/posts\/53890","targetHints":{"allow":["GET"]}}],"collection":[{"href":"https:\/\/www.jornalja.com.br\/arquivo\/wp-json\/wp\/v2\/posts"}],"about":[{"href":"https:\/\/www.jornalja.com.br\/arquivo\/wp-json\/wp\/v2\/types\/post"}],"author":[{"embeddable":true,"href":"https:\/\/www.jornalja.com.br\/arquivo\/wp-json\/wp\/v2\/users\/4"}],"replies":[{"embeddable":true,"href":"https:\/\/www.jornalja.com.br\/arquivo\/wp-json\/wp\/v2\/comments?post=53890"}],"version-history":[{"count":0,"href":"https:\/\/www.jornalja.com.br\/arquivo\/wp-json\/wp\/v2\/posts\/53890\/revisions"}],"wp:attachment":[{"href":"https:\/\/www.jornalja.com.br\/arquivo\/wp-json\/wp\/v2\/media?parent=53890"}],"wp:term":[{"taxonomy":"category","embeddable":true,"href":"https:\/\/www.jornalja.com.br\/arquivo\/wp-json\/wp\/v2\/categories?post=53890"},{"taxonomy":"post_tag","embeddable":true,"href":"https:\/\/www.jornalja.com.br\/arquivo\/wp-json\/wp\/v2\/tags?post=53890"}],"curies":[{"name":"wp","href":"https:\/\/api.w.org\/{rel}","templated":true}]}}