{"id":53908,"date":"2017-08-21T16:58:32","date_gmt":"2017-08-21T19:58:32","guid":{"rendered":"https:\/\/www.jornalja.com.br\/?p=53908"},"modified":"2017-08-21T16:58:32","modified_gmt":"2017-08-21T19:58:32","slug":"lancada-campanha-para-construcao-de-memorial-as-vitimas-da-kiss-em-santa-maria","status":"publish","type":"post","link":"https:\/\/www.jornalja.com.br\/arquivo\/lancada-campanha-para-construcao-de-memorial-as-vitimas-da-kiss-em-santa-maria\/","title":{"rendered":"Lan\u00e7ada campanha para constru\u00e7\u00e3o de Memorial \u00e0s Vitimas da Kiss em Santa Maria"},"content":{"rendered":"<p>Foi lan\u00e7ado oficialmente na manh\u00e3 desta segunda-feira em Santa Maria, regi\u00e3o central do Rio Grande do Sul, a campanha de arrecada\u00e7\u00e3o para o Memorial \u00e0s V\u00edtimas da Kiss. At\u00e9 02 de outubro, pessoas f\u00edsicas e jur\u00eddicas podem colaborar atrav\u00e9s da plataforma online Juntos.com.vc<br \/>\nO projeto viabiliza a realiza\u00e7\u00e3o de um Concurso P\u00fablico Nacional de Arquitetura que contemple todas as etapas (projeto arquitet\u00f4nico, paisag\u00edstico, de estrutura e de instala\u00e7\u00f5es) para a constru\u00e7\u00e3o do Memorial \u00e0s V\u00edtimas da Kiss. O espa\u00e7o ser\u00e1 constru\u00eddo na Rua dos Andradas, no local onde funcionava a casa noturna que incendiou em 27 de janeiro de 2013, ceifando 242 vidas e deixando mais de 600 feridos.<br \/>\nEm seu pronunciamento, o presidente do IAB-RS, Rafael Pavan dos Passos, destacou que esta forma de concurso p\u00fablico para a elabora\u00e7\u00e3o de projetos arquitet\u00f4nicos \u00e9 utilizada em pa\u00edses da Uni\u00e3o Europ\u00e9ia e recomendada pela Organiza\u00e7\u00e3o das Na\u00e7\u00f5es Unidas para a Educa\u00e7\u00e3o, a Ci\u00eancia e a Cultura (Unesco). \u201cQueremos um projeto executado com seguran\u00e7a e dentro das diretrizes corretas, queremos um projeto exemplar, para que nunca mais se repita. O memorial de Santa Maria ser\u00e1 fruto do primeiro projeto no Brasil a ser realizado a partir de financiamento coletivo, onde qualquer pessoa do mundo poder\u00e1 contribuir\u201d, explicou.<br \/>\nEm carta aberta redigida pela AVTSM e lida por \u00c1urea Flores, m\u00e3e de Luis Eduardo Viegas Flores, v\u00edtima da trag\u00e9dia aos 24 anos, traduziu o sentimento dos pais e familiares em rela\u00e7\u00e3o ao espa\u00e7o que vai homenagear as v\u00edtimas da maior trag\u00e9dia j\u00e1 registrada em solo ga\u00facho. \u201cN\u00f3s agradecemos o apoio de todas as pessoas que est\u00e3o conosco at\u00e9 hoje. Foi uma trag\u00e9dia de grande repercuss\u00e3o. Por isso, queremos que o memorial sirva de alerta e seja um local de paz e reflex\u00e3o, mostrando que a vida n\u00e3o pode servir de barganha. Este ato marca uma nova etapa na nossa dif\u00edcil caminhada\u201d, afirmou.<br \/>\nO projeto para constru\u00e7\u00e3o do Memorial \u00e0s V\u00edtimas da Kiss dever\u00e1 passar pela aprova\u00e7\u00e3o da AVTSM, a partir de um semin\u00e1rio a ser realizado em Santa Maria, nos dias 1\u00ba e 02 de setembro. A campanha de financiamento coletivo segue aberta at\u00e9 02 de outubro. No dia 29 de agosto, a proposta ser\u00e1 lan\u00e7ada em Porto Alegre (hor\u00e1rio e local a definir).<br \/>\n<span class=\"intertit\"><strong>SAIBA COMO CONTRIBUIR<\/strong><\/span><br \/>\nPessoas f\u00edsicas ou jur\u00eddicas podem doar utilizando a plataforma de financiamento coletivo dispon\u00edvel no site <a href=\"http:\/\/www.juntos.com.vc\/memorialkiss\" target=\"_blank\" rel=\"noopener noreferrer\">www.juntos.com.vc\/memorialkiss<\/a>, no per\u00edodo de 21 de agosto a 02 de outubro. Ao acessar a p\u00e1gina, o doador deve clicar em \u201cApoiar este projeto\u201d e escolher o valor desejado para a doa\u00e7\u00e3o.<br \/>\nValor m\u00ednimo para pessoas f\u00edsicas: R$ 50.<br \/>\nValor m\u00ednimo para empresas: R$ 1.000.<br \/>\n*Para os familiares das v\u00edtimas haver\u00e1 a possibilidade de doa\u00e7\u00e3o de um valor diferenciado.<br \/>\n<span class=\"intertit\">METAS DA CAMPANHA <\/span><br \/>\nMeta M\u00ednima: R$ 250 mil &#8211; concurso completo, eventos, exposi\u00e7\u00e3o, cat\u00e1logo, premia\u00e7\u00f5es; Meta Intermedi\u00e1ria: R$ 400 mil &#8211; honor\u00e1rios para o vencedor do concurso referentes ao projeto de arquitetura e paisagismo; Meta Final: R$ 500 mil &#8211; complementa\u00e7\u00e3o dos honor\u00e1rios do vencedor para projetos complementares (estrutural, hidrossanit\u00e1rio, el\u00e9trico, luminot\u00e9cnica, PPCI e outros).<br \/>\n<strong>CRONOGRAMA<\/strong><br \/>\n<strong>21 de agosto: <\/strong>Lan\u00e7amento em Santa Maria<br \/>\n<strong>21 de agosto a 02 de outubro: <\/strong>Per\u00edodo de capta\u00e7\u00e3o<br \/>\n<strong>29 de agosto: <\/strong>Lan\u00e7amento em Porto Alegre (local a definir)<br \/>\n<strong>1\u00ba e 02 de setembro: <\/strong>Semin\u00e1rio<br \/>\n<strong>15 de setembro: <\/strong>Divulga\u00e7\u00e3o dos resultados do semin\u00e1rio<br \/>\n<strong>12 de outubro: <\/strong>Lan\u00e7amento do Concurso P\u00fablico Nacional<br \/>\n<strong>27 de novembro: <\/strong>Prazo final para entrega das propostas<br \/>\n<strong>15 de dezembro: <\/strong>Divulga\u00e7\u00e3o da proposta vencedora<br \/>\n<strong>27 de janeiro de 2018: <\/strong>Assinatura do contrato e lan\u00e7amento da pedra fundamental do Memorial<\/p>\n","protected":false},"excerpt":{"rendered":"<p>Foi lan\u00e7ado oficialmente na manh\u00e3 desta segunda-feira em Santa Maria, regi\u00e3o central do Rio Grande do Sul, a campanha de arrecada\u00e7\u00e3o para o Memorial \u00e0s V\u00edtimas da Kiss. At\u00e9 02 de outubro, pessoas f\u00edsicas e jur\u00eddicas podem colaborar atrav\u00e9s da plataforma online Juntos.com.vc O projeto viabiliza a realiza\u00e7\u00e3o de um Concurso P\u00fablico Nacional de Arquitetura [&hellip;]<\/p>\n","protected":false},"author":4,"featured_media":53911,"comment_status":"open","ping_status":"closed","sticky":false,"template":"","format":"standard","meta":{"_jetpack_newsletter_access":"","_jetpack_dont_email_post_to_subs":false,"_jetpack_newsletter_tier_id":0,"_jetpack_memberships_contains_paywalled_content":false,"_jetpack_feature_clip_id":0,"_jetpack_memberships_contains_paid_content":false,"footnotes":"","jetpack_post_was_ever_published":false},"categories":[26],"tags":[],"class_list":["post-53908","post","type-post","status-publish","format-standard","has-post-thumbnail","hentry","category-geral"],"aioseo_notices":[],"aioseo_head":"\n\t\t<!-- All in One SEO 5.0.1.1 - aioseo.com -->\n\t<meta name=\"robots\" content=\"max-image-preview:large\" \/>\n\t<meta name=\"author\" content=\"da Reda\u00e7\u00e3o\"\/>\n\t<link rel=\"canonical\" href=\"https:\/\/www.jornalja.com.br\/arquivo\/lancada-campanha-para-construcao-de-memorial-as-vitimas-da-kiss-em-santa-maria\/\" \/>\n\t<meta name=\"generator\" content=\"All in One SEO (AIOSEO) 5.0.1.1\" \/>\n\t\t<meta property=\"og:locale\" content=\"pt_BR\" \/>\n\t\t<meta property=\"og:site_name\" content=\"Arquivo | Jornal J\u00c1 | Porto Alegre\" \/>\n\t\t<meta property=\"og:type\" content=\"article\" \/>\n\t\t<meta property=\"og:title\" content=\"Lan\u00e7ada campanha para constru\u00e7\u00e3o de Memorial \u00e0s Vitimas da Kiss em Santa Maria | Arquivo\" \/>\n\t\t<meta property=\"og:url\" content=\"https:\/\/www.jornalja.com.br\/arquivo\/lancada-campanha-para-construcao-de-memorial-as-vitimas-da-kiss-em-santa-maria\/\" \/>\n\t\t<meta property=\"og:image\" content=\"https:\/\/www.jornalja.com.br\/economics\/wp-content\/uploads\/sites\/11\/2026\/08\/ja-folhaderosto-facebook.jpg\" \/>\n\t\t<meta property=\"og:image:secure_url\" content=\"https:\/\/www.jornalja.com.br\/economics\/wp-content\/uploads\/sites\/11\/2026\/08\/ja-folhaderosto-facebook.jpg\" \/>\n\t\t<meta property=\"article:published_time\" content=\"2017-08-21T19:58:32+00:00\" \/>\n\t\t<meta property=\"article:modified_time\" content=\"2017-08-21T19:58:32+00:00\" \/>\n\t\t<meta name=\"twitter:card\" content=\"summary\" \/>\n\t\t<meta name=\"twitter:title\" content=\"Lan\u00e7ada campanha para constru\u00e7\u00e3o de Memorial \u00e0s Vitimas da Kiss em Santa Maria | Arquivo\" \/>\n\t\t<meta name=\"twitter:image\" content=\"https:\/\/www.jornalja.com.br\/economics\/wp-content\/uploads\/sites\/11\/2026\/08\/ja-folhaderosto-facebook.jpg\" \/>\n\t\t<script type=\"application\/ld+json\" class=\"aioseo-schema\">\n\t\t\t{\"@context\":\"https:\\\/\\\/schema.org\",\"@graph\":[{\"@type\":\"BlogPosting\",\"@id\":\"https:\\\/\\\/www.jornalja.com.br\\\/arquivo\\\/lancada-campanha-para-construcao-de-memorial-as-vitimas-da-kiss-em-santa-maria\\\/#blogposting\",\"name\":\"Lan\\u00e7ada campanha para constru\\u00e7\\u00e3o de Memorial \\u00e0s Vitimas da Kiss em Santa Maria | Arquivo\",\"headline\":\"Lan\\u00e7ada campanha para constru\\u00e7\\u00e3o de Memorial \\u00e0s Vitimas da Kiss em Santa Maria\",\"author\":{\"@id\":\"https:\\\/\\\/www.jornalja.com.br\\\/arquivo\\\/author\\\/daredacao\\\/#author\"},\"publisher\":{\"@id\":\"https:\\\/\\\/www.jornalja.com.br\\\/arquivo\\\/#organization\"},\"image\":{\"@type\":\"ImageObject\",\"url\":53911},\"datePublished\":\"2017-08-21T16:58:32-03:00\",\"dateModified\":\"2017-08-21T16:58:32-03:00\",\"inLanguage\":\"pt-BR\",\"mainEntityOfPage\":{\"@id\":\"https:\\\/\\\/www.jornalja.com.br\\\/arquivo\\\/lancada-campanha-para-construcao-de-memorial-as-vitimas-da-kiss-em-santa-maria\\\/#webpage\"},\"isPartOf\":{\"@id\":\"https:\\\/\\\/www.jornalja.com.br\\\/arquivo\\\/lancada-campanha-para-construcao-de-memorial-as-vitimas-da-kiss-em-santa-maria\\\/#webpage\"},\"articleSection\":\"Geral\"},{\"@type\":\"BreadcrumbList\",\"@id\":\"https:\\\/\\\/www.jornalja.com.br\\\/arquivo\\\/lancada-campanha-para-construcao-de-memorial-as-vitimas-da-kiss-em-santa-maria\\\/#breadcrumblist\",\"itemListElement\":[{\"@type\":\"ListItem\",\"@id\":\"https:\\\/\\\/www.jornalja.com.br\\\/arquivo#listItem\",\"position\":1,\"name\":\"Home\",\"item\":\"https:\\\/\\\/www.jornalja.com.br\\\/arquivo\",\"nextItem\":{\"@type\":\"ListItem\",\"@id\":\"https:\\\/\\\/www.jornalja.com.br\\\/arquivo\\\/category\\\/geral\\\/#listItem\",\"name\":\"Geral\"}},{\"@type\":\"ListItem\",\"@id\":\"https:\\\/\\\/www.jornalja.com.br\\\/arquivo\\\/category\\\/geral\\\/#listItem\",\"position\":2,\"name\":\"Geral\",\"item\":\"https:\\\/\\\/www.jornalja.com.br\\\/arquivo\\\/category\\\/geral\\\/\",\"nextItem\":{\"@type\":\"ListItem\",\"@id\":\"https:\\\/\\\/www.jornalja.com.br\\\/arquivo\\\/lancada-campanha-para-construcao-de-memorial-as-vitimas-da-kiss-em-santa-maria\\\/#listItem\",\"name\":\"Lan\\u00e7ada campanha para constru\\u00e7\\u00e3o de Memorial \\u00e0s Vitimas da Kiss em Santa Maria\"},\"previousItem\":{\"@type\":\"ListItem\",\"@id\":\"https:\\\/\\\/www.jornalja.com.br\\\/arquivo#listItem\",\"name\":\"Home\"}},{\"@type\":\"ListItem\",\"@id\":\"https:\\\/\\\/www.jornalja.com.br\\\/arquivo\\\/lancada-campanha-para-construcao-de-memorial-as-vitimas-da-kiss-em-santa-maria\\\/#listItem\",\"position\":3,\"name\":\"Lan\\u00e7ada campanha para constru\\u00e7\\u00e3o de Memorial \\u00e0s Vitimas da Kiss em Santa Maria\",\"previousItem\":{\"@type\":\"ListItem\",\"@id\":\"https:\\\/\\\/www.jornalja.com.br\\\/arquivo\\\/category\\\/geral\\\/#listItem\",\"name\":\"Geral\"}}]},{\"@type\":\"Organization\",\"@id\":\"https:\\\/\\\/www.jornalja.com.br\\\/arquivo\\\/#organization\",\"name\":\"Jornal J\\u00c1\",\"description\":\"Jornal J\\u00c1 | Porto Alegre\",\"url\":\"https:\\\/\\\/www.jornalja.com.br\\\/arquivo\\\/\",\"telephone\":\"+555133307272\",\"logo\":{\"@type\":\"ImageObject\",\"url\":\"https:\\\/\\\/www.jornalja.com.br\\\/wp-content\\\/uploads\\\/cards\\\/JAslogan.png\",\"@id\":\"https:\\\/\\\/www.jornalja.com.br\\\/arquivo\\\/lancada-campanha-para-construcao-de-memorial-as-vitimas-da-kiss-em-santa-maria\\\/#organizationLogo\"},\"image\":{\"@id\":\"https:\\\/\\\/www.jornalja.com.br\\\/arquivo\\\/lancada-campanha-para-construcao-de-memorial-as-vitimas-da-kiss-em-santa-maria\\\/#organizationLogo\"}},{\"@type\":\"Person\",\"@id\":\"https:\\\/\\\/www.jornalja.com.br\\\/arquivo\\\/author\\\/daredacao\\\/#author\",\"url\":\"https:\\\/\\\/www.jornalja.com.br\\\/arquivo\\\/author\\\/daredacao\\\/\",\"name\":\"da Reda\\u00e7\\u00e3o\",\"image\":{\"@type\":\"ImageObject\",\"@id\":\"https:\\\/\\\/www.jornalja.com.br\\\/arquivo\\\/lancada-campanha-para-construcao-de-memorial-as-vitimas-da-kiss-em-santa-maria\\\/#authorImage\",\"url\":\"https:\\\/\\\/secure.gravatar.com\\\/avatar\\\/469fd857d6605ad19919d27ed29d35a968a25f6e8fd9318356bbb7f57aae9c65?s=96&d=mm&r=g\",\"width\":96,\"height\":96,\"caption\":\"da Reda\\u00e7\\u00e3o\"}},{\"@type\":\"WebPage\",\"@id\":\"https:\\\/\\\/www.jornalja.com.br\\\/arquivo\\\/lancada-campanha-para-construcao-de-memorial-as-vitimas-da-kiss-em-santa-maria\\\/#webpage\",\"url\":\"https:\\\/\\\/www.jornalja.com.br\\\/arquivo\\\/lancada-campanha-para-construcao-de-memorial-as-vitimas-da-kiss-em-santa-maria\\\/\",\"name\":\"Lan\\u00e7ada campanha para constru\\u00e7\\u00e3o de Memorial \\u00e0s Vitimas da Kiss em Santa Maria | Arquivo\",\"inLanguage\":\"pt-BR\",\"isPartOf\":{\"@id\":\"https:\\\/\\\/www.jornalja.com.br\\\/arquivo\\\/#website\"},\"breadcrumb\":{\"@id\":\"https:\\\/\\\/www.jornalja.com.br\\\/arquivo\\\/lancada-campanha-para-construcao-de-memorial-as-vitimas-da-kiss-em-santa-maria\\\/#breadcrumblist\"},\"author\":{\"@id\":\"https:\\\/\\\/www.jornalja.com.br\\\/arquivo\\\/author\\\/daredacao\\\/#author\"},\"creator\":{\"@id\":\"https:\\\/\\\/www.jornalja.com.br\\\/arquivo\\\/author\\\/daredacao\\\/#author\"},\"image\":{\"@type\":\"ImageObject\",\"url\":53911,\"@id\":\"https:\\\/\\\/www.jornalja.com.br\\\/arquivo\\\/lancada-campanha-para-construcao-de-memorial-as-vitimas-da-kiss-em-santa-maria\\\/#mainImage\"},\"primaryImageOfPage\":{\"@id\":\"https:\\\/\\\/www.jornalja.com.br\\\/arquivo\\\/lancada-campanha-para-construcao-de-memorial-as-vitimas-da-kiss-em-santa-maria\\\/#mainImage\"},\"datePublished\":\"2017-08-21T16:58:32-03:00\",\"dateModified\":\"2017-08-21T16:58:32-03:00\"},{\"@type\":\"WebSite\",\"@id\":\"https:\\\/\\\/www.jornalja.com.br\\\/arquivo\\\/#website\",\"url\":\"https:\\\/\\\/www.jornalja.com.br\\\/arquivo\\\/\",\"name\":\"Arquivo\",\"description\":\"Jornal J\\u00c1 | Porto Alegre\",\"inLanguage\":\"pt-BR\",\"publisher\":{\"@id\":\"https:\\\/\\\/www.jornalja.com.br\\\/arquivo\\\/#organization\"}}]}\n\t\t<\/script>\n\t\t<!-- All in One SEO -->\n\n","aioseo_head_json":{"title":"Lan\u00e7ada campanha para constru\u00e7\u00e3o de Memorial \u00e0s Vitimas da Kiss em Santa Maria | Arquivo","description":"","canonical_url":"https:\/\/www.jornalja.com.br\/arquivo\/lancada-campanha-para-construcao-de-memorial-as-vitimas-da-kiss-em-santa-maria\/","robots":"max-image-preview:large","keywords":"","webmasterTools":{"miscellaneous":""},"schema":{"@context":"https:\/\/schema.org","@graph":[{"@type":"BlogPosting","@id":"https:\/\/www.jornalja.com.br\/arquivo\/lancada-campanha-para-construcao-de-memorial-as-vitimas-da-kiss-em-santa-maria\/#blogposting","name":"Lan\u00e7ada campanha para constru\u00e7\u00e3o de Memorial \u00e0s Vitimas da Kiss em Santa Maria | Arquivo","headline":"Lan\u00e7ada campanha para constru\u00e7\u00e3o de Memorial \u00e0s Vitimas da Kiss em Santa Maria","author":{"@id":"https:\/\/www.jornalja.com.br\/arquivo\/author\/daredacao\/#author"},"publisher":{"@id":"https:\/\/www.jornalja.com.br\/arquivo\/#organization"},"image":{"@type":"ImageObject","url":53911},"datePublished":"2017-08-21T16:58:32-03:00","dateModified":"2017-08-21T16:58:32-03:00","inLanguage":"pt-BR","mainEntityOfPage":{"@id":"https:\/\/www.jornalja.com.br\/arquivo\/lancada-campanha-para-construcao-de-memorial-as-vitimas-da-kiss-em-santa-maria\/#webpage"},"isPartOf":{"@id":"https:\/\/www.jornalja.com.br\/arquivo\/lancada-campanha-para-construcao-de-memorial-as-vitimas-da-kiss-em-santa-maria\/#webpage"},"articleSection":"Geral"},{"@type":"BreadcrumbList","@id":"https:\/\/www.jornalja.com.br\/arquivo\/lancada-campanha-para-construcao-de-memorial-as-vitimas-da-kiss-em-santa-maria\/#breadcrumblist","itemListElement":[{"@type":"ListItem","@id":"https:\/\/www.jornalja.com.br\/arquivo#listItem","position":1,"name":"Home","item":"https:\/\/www.jornalja.com.br\/arquivo","nextItem":{"@type":"ListItem","@id":"https:\/\/www.jornalja.com.br\/arquivo\/category\/geral\/#listItem","name":"Geral"}},{"@type":"ListItem","@id":"https:\/\/www.jornalja.com.br\/arquivo\/category\/geral\/#listItem","position":2,"name":"Geral","item":"https:\/\/www.jornalja.com.br\/arquivo\/category\/geral\/","nextItem":{"@type":"ListItem","@id":"https:\/\/www.jornalja.com.br\/arquivo\/lancada-campanha-para-construcao-de-memorial-as-vitimas-da-kiss-em-santa-maria\/#listItem","name":"Lan\u00e7ada campanha para constru\u00e7\u00e3o de Memorial \u00e0s Vitimas da Kiss em Santa Maria"},"previousItem":{"@type":"ListItem","@id":"https:\/\/www.jornalja.com.br\/arquivo#listItem","name":"Home"}},{"@type":"ListItem","@id":"https:\/\/www.jornalja.com.br\/arquivo\/lancada-campanha-para-construcao-de-memorial-as-vitimas-da-kiss-em-santa-maria\/#listItem","position":3,"name":"Lan\u00e7ada campanha para constru\u00e7\u00e3o de Memorial \u00e0s Vitimas da Kiss em Santa Maria","previousItem":{"@type":"ListItem","@id":"https:\/\/www.jornalja.com.br\/arquivo\/category\/geral\/#listItem","name":"Geral"}}]},{"@type":"Organization","@id":"https:\/\/www.jornalja.com.br\/arquivo\/#organization","name":"Jornal J\u00c1","description":"Jornal J\u00c1 | Porto Alegre","url":"https:\/\/www.jornalja.com.br\/arquivo\/","telephone":"+555133307272","logo":{"@type":"ImageObject","url":"https:\/\/www.jornalja.com.br\/wp-content\/uploads\/cards\/JAslogan.png","@id":"https:\/\/www.jornalja.com.br\/arquivo\/lancada-campanha-para-construcao-de-memorial-as-vitimas-da-kiss-em-santa-maria\/#organizationLogo"},"image":{"@id":"https:\/\/www.jornalja.com.br\/arquivo\/lancada-campanha-para-construcao-de-memorial-as-vitimas-da-kiss-em-santa-maria\/#organizationLogo"}},{"@type":"Person","@id":"https:\/\/www.jornalja.com.br\/arquivo\/author\/daredacao\/#author","url":"https:\/\/www.jornalja.com.br\/arquivo\/author\/daredacao\/","name":"da Reda\u00e7\u00e3o","image":{"@type":"ImageObject","@id":"https:\/\/www.jornalja.com.br\/arquivo\/lancada-campanha-para-construcao-de-memorial-as-vitimas-da-kiss-em-santa-maria\/#authorImage","url":"https:\/\/secure.gravatar.com\/avatar\/469fd857d6605ad19919d27ed29d35a968a25f6e8fd9318356bbb7f57aae9c65?s=96&d=mm&r=g","width":96,"height":96,"caption":"da Reda\u00e7\u00e3o"}},{"@type":"WebPage","@id":"https:\/\/www.jornalja.com.br\/arquivo\/lancada-campanha-para-construcao-de-memorial-as-vitimas-da-kiss-em-santa-maria\/#webpage","url":"https:\/\/www.jornalja.com.br\/arquivo\/lancada-campanha-para-construcao-de-memorial-as-vitimas-da-kiss-em-santa-maria\/","name":"Lan\u00e7ada campanha para constru\u00e7\u00e3o de Memorial \u00e0s Vitimas da Kiss em Santa Maria | Arquivo","inLanguage":"pt-BR","isPartOf":{"@id":"https:\/\/www.jornalja.com.br\/arquivo\/#website"},"breadcrumb":{"@id":"https:\/\/www.jornalja.com.br\/arquivo\/lancada-campanha-para-construcao-de-memorial-as-vitimas-da-kiss-em-santa-maria\/#breadcrumblist"},"author":{"@id":"https:\/\/www.jornalja.com.br\/arquivo\/author\/daredacao\/#author"},"creator":{"@id":"https:\/\/www.jornalja.com.br\/arquivo\/author\/daredacao\/#author"},"image":{"@type":"ImageObject","url":53911,"@id":"https:\/\/www.jornalja.com.br\/arquivo\/lancada-campanha-para-construcao-de-memorial-as-vitimas-da-kiss-em-santa-maria\/#mainImage"},"primaryImageOfPage":{"@id":"https:\/\/www.jornalja.com.br\/arquivo\/lancada-campanha-para-construcao-de-memorial-as-vitimas-da-kiss-em-santa-maria\/#mainImage"},"datePublished":"2017-08-21T16:58:32-03:00","dateModified":"2017-08-21T16:58:32-03:00"},{"@type":"WebSite","@id":"https:\/\/www.jornalja.com.br\/arquivo\/#website","url":"https:\/\/www.jornalja.com.br\/arquivo\/","name":"Arquivo","description":"Jornal J\u00c1 | Porto Alegre","inLanguage":"pt-BR","publisher":{"@id":"https:\/\/www.jornalja.com.br\/arquivo\/#organization"}}]},"og:locale":"pt_BR","og:site_name":"Arquivo | Jornal J\u00c1 | Porto Alegre","og:type":"article","og:title":"Lan\u00e7ada campanha para constru\u00e7\u00e3o de Memorial \u00e0s Vitimas da Kiss em Santa Maria | Arquivo","og:url":"https:\/\/www.jornalja.com.br\/arquivo\/lancada-campanha-para-construcao-de-memorial-as-vitimas-da-kiss-em-santa-maria\/","og:image":"https:\/\/www.jornalja.com.br\/economics\/wp-content\/uploads\/sites\/11\/2026\/08\/ja-folhaderosto-facebook.jpg","og:image:secure_url":"https:\/\/www.jornalja.com.br\/economics\/wp-content\/uploads\/sites\/11\/2026\/08\/ja-folhaderosto-facebook.jpg","article:published_time":"2017-08-21T19:58:32+00:00","article:modified_time":"2017-08-21T19:58:32+00:00","twitter:card":"summary","twitter:title":"Lan\u00e7ada campanha para constru\u00e7\u00e3o de Memorial \u00e0s Vitimas da Kiss em Santa Maria | Arquivo","twitter:image":"https:\/\/www.jornalja.com.br\/economics\/wp-content\/uploads\/sites\/11\/2026\/08\/ja-folhaderosto-facebook.jpg"},"aioseo_meta_data":{"post_id":"53908","title":null,"description":null,"keywords":null,"keyphrases":null,"primary_term":null,"canonical_url":null,"og_title":null,"og_description":null,"og_object_type":"default","og_image_type":"default","og_image_url":null,"og_image_width":null,"og_image_height":null,"og_image_custom_url":null,"og_image_custom_fields":null,"og_video":null,"og_custom_url":null,"og_article_section":null,"og_article_tags":null,"twitter_use_og":false,"twitter_card":"default","twitter_image_type":"default","twitter_image_url":null,"twitter_image_custom_url":null,"twitter_image_custom_fields":null,"twitter_title":null,"twitter_description":null,"schema":{"blockGraphs":[],"customGraphs":[],"default":{"data":{"Article":[],"Course":[],"Dataset":[],"FAQPage":[],"Movie":[],"Person":[],"Product":[],"ProductReview":[],"Car":[],"Recipe":[],"Service":[],"SoftwareApplication":[],"WebPage":[]},"graphName":"","isEnabled":true},"graphs":[],"defaultGraph":"","defaultPostTypeGraph":""},"schema_type":null,"schema_type_options":null,"pillar_content":false,"robots_default":true,"robots_noindex":false,"robots_noarchive":false,"robots_nosnippet":false,"robots_nofollow":false,"robots_noimageindex":false,"robots_noodp":false,"robots_notranslate":false,"robots_max_snippet":null,"robots_max_videopreview":null,"robots_max_imagepreview":"large","priority":null,"frequency":null,"location":null,"local_seo":null,"breadcrumb_settings":null,"limit_modified_date":false,"ai":null,"created":"2020-12-20 20:26:02","updated":"2025-07-20 00:30:11","seo_analyzer_scan_date":null,"focus_keyword":null,"additional_keywords":null,"truseo_locale":null},"jetpack_sharing_enabled":true,"jetpack-related-posts":[{"id":14241,"url":"https:\/\/www.jornalja.com.br\/arquivo\/o-guaiba-nas-imagens-poeticas-de-achutti\/","url_meta":{"origin":53908,"position":0},"title":"O Gua\u00edba nas imagens po\u00e9ticas de Achutti","author":"da Reda\u00e7\u00e3o","date":"18 de junho de 2014","format":false,"excerpt":"Em \u201cO Gua\u00edba por Achutti\u201d \u2013 obra financiada via Minist\u00e9rio da Cultura, produ\u00e7\u00e3o executiva de Pedro Longhi, e Fl\u00e1vio Wild como designer \u2013, o fot\u00f3grafo revela a beleza e as mazelas de um espa\u00e7o aqu\u00e1tico de \u00e1guas sempre renovadas, cheio de hist\u00f3rias e lendas como as das cidades que foram\u2026","rel":"","context":"Em &quot;Cultura-Geral&quot;","block_context":{"text":"Cultura-Geral","link":"https:\/\/www.jornalja.com.br\/arquivo\/category\/materiasecundaria\/"},"img":{"alt_text":"","src":"","width":0,"height":0},"classes":[]},{"id":12960,"url":"https:\/\/www.jornalja.com.br\/arquivo\/populacao-culpa-empresas-pela-greve-dos-rodoviarios\/","url_meta":{"origin":53908,"position":1},"title":"Popula\u00e7\u00e3o culpa empresas pela greve","author":"Patr\u00edcia Marini","date":"14 de fevereiro de 2014","format":false,"excerpt":"Pesquisa divulgada na edi\u00e7\u00e3o do jornal Metro desta sexta-feira,14, comprova o velho ditado: \u00e9 poss\u00edvel enganar muitos por algum tempo, mas n\u00e3o \u00e9 poss\u00edvel enganar a todos o tempo inteiro. A principal revela\u00e7\u00e3o foi que 59,8% dos entrevistados apontaram as empresas como as principais respons\u00e1veis pela grave e 46% culparam\u2026","rel":"","context":"Em &quot;X.Categorias velhas&quot;","block_context":{"text":"X.Categorias velhas","link":"https:\/\/www.jornalja.com.br\/arquivo\/category\/x-categorias-velhas\/"},"img":{"alt_text":"","src":"","width":0,"height":0},"classes":[]},{"id":13128,"url":"https:\/\/www.jornalja.com.br\/arquivo\/maconha-terra-diz-que-uso-medicinal-e-desculpa\/","url_meta":{"origin":53908,"position":2},"title":"Maconha: Terra diz que uso medicinal \u00e9 desculpa","author":"Patr\u00edcia Marini","date":"4 de junho de 2014","format":false,"excerpt":"A condi\u00e7\u00e3o de pol\u00edtico, em \u00e9poca de campanha de campanha eleitoral, tira for\u00e7a do discurso do m\u00e9dico Osmar Terra contra a legaliza\u00e7\u00e3o da maconha. A tese dele de que a libera\u00e7\u00e3o vai ampliar exponencialmente o consumo \u00e9 discutivel, o consumo \u00e9 corrente. Mas seus alertas quanto aos riscos tem que\u2026","rel":"","context":"Em &quot;X.Categorias velhas&quot;","block_context":{"text":"X.Categorias velhas","link":"https:\/\/www.jornalja.com.br\/arquivo\/category\/x-categorias-velhas\/"},"img":{"alt_text":"","src":"","width":0,"height":0},"classes":[]},{"id":13101,"url":"https:\/\/www.jornalja.com.br\/arquivo\/morre-um-guerreiro-do-texto\/","url_meta":{"origin":53908,"position":3},"title":"Morre um guerreiro do texto","author":"Patr\u00edcia Marini","date":"14 de maio de 2014","format":false,"excerpt":"Por Ricardo Kotscho Reproduzido do blog do autor, 11\/5\/2014; t\u00edtulo original \u201cE l\u00e1 se foi o nosso Myltainho, guerreiro do texto\u201d. Mi\u00fado e franzino, meu amigo Myltainho era um valente e inconformado guerreiro na luta contra as injusti\u00e7as sociais, a hipocrisia, as maracutaias, o autoritarismo, a intoler\u00e2ncia, a viol\u00eancia, o\u2026","rel":"","context":"Em &quot;Geral&quot;","block_context":{"text":"Geral","link":"https:\/\/www.jornalja.com.br\/arquivo\/category\/geral\/"},"img":{"alt_text":"","src":"","width":0,"height":0},"classes":[]},{"id":13240,"url":"https:\/\/www.jornalja.com.br\/arquivo\/plano-diretor-estamos-construindo-o-caos\/","url_meta":{"origin":53908,"position":4},"title":"Plano diretor: &quot;Estamos construindo o caos&quot;","author":"Patr\u00edcia Marini","date":"26 de maio de 2014","format":false,"excerpt":"Desabafo que arquiteta Eliana Castilhos, delegada da Regi\u00e3o de Planejamento 1, postou nas redes sociais \u00e9 um testemunho do ambiente que se criou no Conselho do Plano Diretor de Porto Alegre, onde a aprova\u00e7\u00e3o de grandes empreendimentos \u00e9 empurrada guela abaixo dos conselheiros. Ao CMDUA Como delegada da Regi\u00e3o de\u2026","rel":"","context":"Em &quot;Geral&quot;","block_context":{"text":"Geral","link":"https:\/\/www.jornalja.com.br\/arquivo\/category\/geral\/"},"img":{"alt_text":"","src":"","width":0,"height":0},"classes":[]},{"id":13239,"url":"https:\/\/www.jornalja.com.br\/arquivo\/conselho-desdenha-do-plano-diretor\/","url_meta":{"origin":53908,"position":5},"title":"Porto Alegre: Conselho detona Plano Diretor","author":"Patr\u00edcia Marini","date":"25 de maio de 2014","format":false,"excerpt":"Den\u00fancia do arquiteto e \u00a0urbanista Ibir\u00e1 Santos Lucas. Ele diz que os conselheiros est\u00e3o votando com \"enorme irresponsabilidade\". \"Mudam regime com a maior naturalidade,,,regularizam absurdos de constru\u00e7\u00f5es irregulares... \"O CMDUA est\u00e1 flexibilizando a lei do plano diretor, de uma forma impactante na vida da cidade. Mudam regime com a maior\u2026","rel":"","context":"Em &quot;Geral&quot;","block_context":{"text":"Geral","link":"https:\/\/www.jornalja.com.br\/arquivo\/category\/geral\/"},"img":{"alt_text":"","src":"","width":0,"height":0},"classes":[]}],"jetpack_shortlink":"https:\/\/wp.me\/pbQjBd-e1u","jetpack_featured_media_url":"","_links":{"self":[{"href":"https:\/\/www.jornalja.com.br\/arquivo\/wp-json\/wp\/v2\/posts\/53908","targetHints":{"allow":["GET"]}}],"collection":[{"href":"https:\/\/www.jornalja.com.br\/arquivo\/wp-json\/wp\/v2\/posts"}],"about":[{"href":"https:\/\/www.jornalja.com.br\/arquivo\/wp-json\/wp\/v2\/types\/post"}],"author":[{"embeddable":true,"href":"https:\/\/www.jornalja.com.br\/arquivo\/wp-json\/wp\/v2\/users\/4"}],"replies":[{"embeddable":true,"href":"https:\/\/www.jornalja.com.br\/arquivo\/wp-json\/wp\/v2\/comments?post=53908"}],"version-history":[{"count":0,"href":"https:\/\/www.jornalja.com.br\/arquivo\/wp-json\/wp\/v2\/posts\/53908\/revisions"}],"wp:attachment":[{"href":"https:\/\/www.jornalja.com.br\/arquivo\/wp-json\/wp\/v2\/media?parent=53908"}],"wp:term":[{"taxonomy":"category","embeddable":true,"href":"https:\/\/www.jornalja.com.br\/arquivo\/wp-json\/wp\/v2\/categories?post=53908"},{"taxonomy":"post_tag","embeddable":true,"href":"https:\/\/www.jornalja.com.br\/arquivo\/wp-json\/wp\/v2\/tags?post=53908"}],"curies":[{"name":"wp","href":"https:\/\/api.w.org\/{rel}","templated":true}]}}