{"id":53910,"date":"2017-08-21T17:16:24","date_gmt":"2017-08-21T20:16:24","guid":{"rendered":"https:\/\/www.jornalja.com.br\/?p=53910"},"modified":"2017-08-21T17:16:24","modified_gmt":"2017-08-21T20:16:24","slug":"assembleia-instala-frente-parlamentar-em-defesa-dos-correios-publicos","status":"publish","type":"post","link":"https:\/\/www.jornalja.com.br\/arquivo\/assembleia-instala-frente-parlamentar-em-defesa-dos-correios-publicos\/","title":{"rendered":"Assembleia instala Frente Parlamentar em Defesa dos Correios P\u00fablicos"},"content":{"rendered":"<div id=\"dvdestaque\">\n<div id=\"dvtextodestaque\">\n<div>\nCr\u00edticas ao governo federal marcaram a instala\u00e7\u00e3o da Frente Parlamentar em Defesa dos Correios P\u00fablicos no final da manh\u00e3 desta segunda-feira (21) na Assembleia Legislativa. O \u00f3rg\u00e3o, que ser\u00e1 presidido pelo deputado Ad\u00e3o Villaverde (PT), dever\u00e1 atuar em conson\u00e2ncia com a Frente Parlamentar Mista em Defesa do Correios, implantada pelo Congresso Nacional, para evitar a privatiza\u00e7\u00e3o da empresa. \u201cA frente que estamos instalando hoje, mais do que uma necessidade, \u00e9 uma obriga\u00e7\u00e3o neste momento\u00a0<i>bicudo\u00a0<\/i>para o Brasil, Am\u00e9rica Latina e mundo. Esta frente representa nossa rea\u00e7\u00e3o \u00e0 inten\u00e7\u00e3o privatizante e de esvaziamento das fun\u00e7\u00f5es p\u00fablicas demonstrada pelo governo federal\u201d, frisou Villaverde.\n<\/div>\n<p><span class=\"intertit\">Papel social relevante<\/span><br \/>\nO parlamentar afirmou ainda que os Correios cumprem papel social relevante ao empregar cerca de 120 mil pessoas e integrar todos os quadrantes do Brasil. \u201cS\u00e3o mais de 350 anos de atua\u00e7\u00e3o no Pa\u00eds, 120 trabalhadores envolvidos por uma empresa capilarizada por todo o territ\u00f3rio nacional\u201d, enfatizou o petista.<br \/>\nRepresentando a C\u00e2mara dos Deputados, a deputada Maria do Ros\u00e1rio (PT\/RS) declarou que n\u00e3o \u00e9 a primeira vez que a empresa est\u00e1 na mira das privatiza\u00e7\u00f5es. \u201cFoi assim no governo FHC e est\u00e1 sendo assim neste momento em que vivemos sob o signo de um golpe. Vamos potencializar as a\u00e7\u00f5es em defesa do Correio, buscando o apoio das c\u00e2maras de vereadores tamb\u00e9m\u201d, anunciou a parlamentar que integra a frente instalada no Congresso Nacional.<br \/>\nAutora do PL 7638\/2017, que determina que a administra\u00e7\u00e3o p\u00fablica federal contrate, preferencialmente, os servi\u00e7os dos Correios, Ros\u00e1rio sustentou que as dificuldades enfrentadas pela estatal foram geradas pela inoper\u00e2ncia do atual governo, \u201cque evita buscar solu\u00e7\u00f5es para inviabilizar a empresa e privatiz\u00e1-la\u201d. Segundo a deputada, a aprova\u00e7\u00e3o de seu projeto significar\u00e1 uma inje\u00e7\u00e3o de recursos nos Correios na ordem de R$ 20 bilh\u00f5es por ano.<br \/>\n<span class=\"intertit\">Precariza\u00e7\u00e3o da empresa<\/span><br \/>\nO diretor da Federa\u00e7\u00e3o Interestadual dos Sindicatos dos Trabalhadores dos Correios F\u00e1bio da Silva Lopes denunciou a precariza\u00e7\u00e3o da empresa e dos direitos de seus servidores por parte dos governo Temer. \u201cAs medidas adotada pelo governo Temer atacam frontalmente os trabalhadores. Hoje, os Correios tem um ex\u00e9rcito de trabalhadores doente, em fun\u00e7\u00e3o da suspens\u00e3o das f\u00e9rias, direito que foi retirado num s\u00f3 caneta\u00e7o\u201d, apontou.<br \/>\nEle alertou ainda que a privatiza\u00e7\u00e3o poder\u00e1 trazer consequ\u00eancias negativas para a sociedade, especialmente, para as comunidades mais pobres. \u201cObviamente, empresa privada n\u00e3o quer atuar onde n\u00e3o d\u00e1 lucro. Com isso, mais uma vez, quem pagar\u00e1 a conta s\u00e3o os pobres\u201d, frisou.<br \/>\nO secret\u00e1rio-geral do Sindicato dos Trabalhadores em Correios e Tel\u00e9grafos no Rio Grande do Sul (Sintect\/RS), Yuri Aguiar, revelou que a empresa s\u00f3 mant\u00e9m as portas abertas gra\u00e7as aos seus funcion\u00e1rios. \u201cNem material de expediente h\u00e1. Os trabalhadores est\u00e3o tirando dinheiro de seus pr\u00f3prios bolsos para comprar papel e caneta. Do contr\u00e1rio, n\u00e3o d\u00e1 para dar expediente. E a situa\u00e7\u00e3o deve piorar ainda mais com o vencimento dos contratos dos vigilantes, que n\u00e3o ser\u00e1 renovado\u201d, contou.<br \/>\nJ\u00e1 ex-diretor dos Correios no Rio Grande do Sul, Larry Almeida ressaltou que o governo Temer est\u00e1 matando a empresa \u00e0 m\u00edngua ao esvaziar suas fun\u00e7\u00f5es e precarizar as rela\u00e7\u00f5es de trabalho.\n<\/div>\n<\/div>\n","protected":false},"excerpt":{"rendered":"<p>Cr\u00edticas ao governo federal marcaram a instala\u00e7\u00e3o da Frente Parlamentar em Defesa dos Correios P\u00fablicos no final da manh\u00e3 desta segunda-feira (21) na Assembleia Legislativa. O \u00f3rg\u00e3o, que ser\u00e1 presidido pelo deputado Ad\u00e3o Villaverde (PT), dever\u00e1 atuar em conson\u00e2ncia com a Frente Parlamentar Mista em Defesa do Correios, implantada pelo Congresso Nacional, para evitar a [&hellip;]<\/p>\n","protected":false},"author":4,"featured_media":53912,"comment_status":"open","ping_status":"closed","sticky":false,"template":"","format":"standard","meta":{"_jetpack_newsletter_access":"","_jetpack_dont_email_post_to_subs":false,"_jetpack_newsletter_tier_id":0,"_jetpack_memberships_contains_paywalled_content":false,"_jetpack_feature_clip_id":0,"_jetpack_memberships_contains_paid_content":false,"footnotes":"","jetpack_post_was_ever_published":false},"categories":[26],"tags":[],"class_list":["post-53910","post","type-post","status-publish","format-standard","has-post-thumbnail","hentry","category-geral"],"aioseo_notices":[],"aioseo_head":"\n\t\t<!-- All in One SEO 5.0.1.1 - aioseo.com -->\n\t<meta name=\"robots\" content=\"max-image-preview:large\" \/>\n\t<meta name=\"author\" content=\"da Reda\u00e7\u00e3o\"\/>\n\t<link rel=\"canonical\" href=\"https:\/\/www.jornalja.com.br\/arquivo\/assembleia-instala-frente-parlamentar-em-defesa-dos-correios-publicos\/\" \/>\n\t<meta name=\"generator\" content=\"All in One SEO (AIOSEO) 5.0.1.1\" \/>\n\t\t<meta property=\"og:locale\" content=\"pt_BR\" \/>\n\t\t<meta property=\"og:site_name\" content=\"Arquivo | Jornal J\u00c1 | Porto Alegre\" \/>\n\t\t<meta property=\"og:type\" content=\"article\" \/>\n\t\t<meta property=\"og:title\" content=\"Assembleia instala Frente Parlamentar em Defesa dos Correios P\u00fablicos | Arquivo\" \/>\n\t\t<meta property=\"og:url\" content=\"https:\/\/www.jornalja.com.br\/arquivo\/assembleia-instala-frente-parlamentar-em-defesa-dos-correios-publicos\/\" \/>\n\t\t<meta property=\"og:image\" content=\"https:\/\/www.jornalja.com.br\/economics\/wp-content\/uploads\/sites\/11\/2026\/08\/ja-folhaderosto-facebook.jpg\" \/>\n\t\t<meta property=\"og:image:secure_url\" content=\"https:\/\/www.jornalja.com.br\/economics\/wp-content\/uploads\/sites\/11\/2026\/08\/ja-folhaderosto-facebook.jpg\" \/>\n\t\t<meta property=\"article:published_time\" content=\"2017-08-21T20:16:24+00:00\" \/>\n\t\t<meta property=\"article:modified_time\" content=\"2017-08-21T20:16:24+00:00\" \/>\n\t\t<meta name=\"twitter:card\" content=\"summary\" \/>\n\t\t<meta name=\"twitter:title\" content=\"Assembleia instala Frente Parlamentar em Defesa dos Correios P\u00fablicos | Arquivo\" \/>\n\t\t<meta name=\"twitter:image\" content=\"https:\/\/www.jornalja.com.br\/economics\/wp-content\/uploads\/sites\/11\/2026\/08\/ja-folhaderosto-facebook.jpg\" \/>\n\t\t<script type=\"application\/ld+json\" class=\"aioseo-schema\">\n\t\t\t{\"@context\":\"https:\\\/\\\/schema.org\",\"@graph\":[{\"@type\":\"BlogPosting\",\"@id\":\"https:\\\/\\\/www.jornalja.com.br\\\/arquivo\\\/assembleia-instala-frente-parlamentar-em-defesa-dos-correios-publicos\\\/#blogposting\",\"name\":\"Assembleia instala Frente Parlamentar em Defesa dos Correios P\\u00fablicos | Arquivo\",\"headline\":\"Assembleia instala Frente Parlamentar em Defesa dos Correios P\\u00fablicos\",\"author\":{\"@id\":\"https:\\\/\\\/www.jornalja.com.br\\\/arquivo\\\/author\\\/daredacao\\\/#author\"},\"publisher\":{\"@id\":\"https:\\\/\\\/www.jornalja.com.br\\\/arquivo\\\/#organization\"},\"image\":{\"@type\":\"ImageObject\",\"url\":53912},\"datePublished\":\"2017-08-21T17:16:24-03:00\",\"dateModified\":\"2017-08-21T17:16:24-03:00\",\"inLanguage\":\"pt-BR\",\"mainEntityOfPage\":{\"@id\":\"https:\\\/\\\/www.jornalja.com.br\\\/arquivo\\\/assembleia-instala-frente-parlamentar-em-defesa-dos-correios-publicos\\\/#webpage\"},\"isPartOf\":{\"@id\":\"https:\\\/\\\/www.jornalja.com.br\\\/arquivo\\\/assembleia-instala-frente-parlamentar-em-defesa-dos-correios-publicos\\\/#webpage\"},\"articleSection\":\"Geral\"},{\"@type\":\"BreadcrumbList\",\"@id\":\"https:\\\/\\\/www.jornalja.com.br\\\/arquivo\\\/assembleia-instala-frente-parlamentar-em-defesa-dos-correios-publicos\\\/#breadcrumblist\",\"itemListElement\":[{\"@type\":\"ListItem\",\"@id\":\"https:\\\/\\\/www.jornalja.com.br\\\/arquivo#listItem\",\"position\":1,\"name\":\"Home\",\"item\":\"https:\\\/\\\/www.jornalja.com.br\\\/arquivo\",\"nextItem\":{\"@type\":\"ListItem\",\"@id\":\"https:\\\/\\\/www.jornalja.com.br\\\/arquivo\\\/category\\\/geral\\\/#listItem\",\"name\":\"Geral\"}},{\"@type\":\"ListItem\",\"@id\":\"https:\\\/\\\/www.jornalja.com.br\\\/arquivo\\\/category\\\/geral\\\/#listItem\",\"position\":2,\"name\":\"Geral\",\"item\":\"https:\\\/\\\/www.jornalja.com.br\\\/arquivo\\\/category\\\/geral\\\/\",\"nextItem\":{\"@type\":\"ListItem\",\"@id\":\"https:\\\/\\\/www.jornalja.com.br\\\/arquivo\\\/assembleia-instala-frente-parlamentar-em-defesa-dos-correios-publicos\\\/#listItem\",\"name\":\"Assembleia instala Frente Parlamentar em Defesa dos Correios P\\u00fablicos\"},\"previousItem\":{\"@type\":\"ListItem\",\"@id\":\"https:\\\/\\\/www.jornalja.com.br\\\/arquivo#listItem\",\"name\":\"Home\"}},{\"@type\":\"ListItem\",\"@id\":\"https:\\\/\\\/www.jornalja.com.br\\\/arquivo\\\/assembleia-instala-frente-parlamentar-em-defesa-dos-correios-publicos\\\/#listItem\",\"position\":3,\"name\":\"Assembleia instala Frente Parlamentar em Defesa dos Correios P\\u00fablicos\",\"previousItem\":{\"@type\":\"ListItem\",\"@id\":\"https:\\\/\\\/www.jornalja.com.br\\\/arquivo\\\/category\\\/geral\\\/#listItem\",\"name\":\"Geral\"}}]},{\"@type\":\"Organization\",\"@id\":\"https:\\\/\\\/www.jornalja.com.br\\\/arquivo\\\/#organization\",\"name\":\"Jornal J\\u00c1\",\"description\":\"Jornal J\\u00c1 | Porto Alegre\",\"url\":\"https:\\\/\\\/www.jornalja.com.br\\\/arquivo\\\/\",\"telephone\":\"+555133307272\",\"logo\":{\"@type\":\"ImageObject\",\"url\":\"https:\\\/\\\/www.jornalja.com.br\\\/wp-content\\\/uploads\\\/cards\\\/JAslogan.png\",\"@id\":\"https:\\\/\\\/www.jornalja.com.br\\\/arquivo\\\/assembleia-instala-frente-parlamentar-em-defesa-dos-correios-publicos\\\/#organizationLogo\"},\"image\":{\"@id\":\"https:\\\/\\\/www.jornalja.com.br\\\/arquivo\\\/assembleia-instala-frente-parlamentar-em-defesa-dos-correios-publicos\\\/#organizationLogo\"}},{\"@type\":\"Person\",\"@id\":\"https:\\\/\\\/www.jornalja.com.br\\\/arquivo\\\/author\\\/daredacao\\\/#author\",\"url\":\"https:\\\/\\\/www.jornalja.com.br\\\/arquivo\\\/author\\\/daredacao\\\/\",\"name\":\"da Reda\\u00e7\\u00e3o\",\"image\":{\"@type\":\"ImageObject\",\"@id\":\"https:\\\/\\\/www.jornalja.com.br\\\/arquivo\\\/assembleia-instala-frente-parlamentar-em-defesa-dos-correios-publicos\\\/#authorImage\",\"url\":\"https:\\\/\\\/secure.gravatar.com\\\/avatar\\\/469fd857d6605ad19919d27ed29d35a968a25f6e8fd9318356bbb7f57aae9c65?s=96&d=mm&r=g\",\"width\":96,\"height\":96,\"caption\":\"da Reda\\u00e7\\u00e3o\"}},{\"@type\":\"WebPage\",\"@id\":\"https:\\\/\\\/www.jornalja.com.br\\\/arquivo\\\/assembleia-instala-frente-parlamentar-em-defesa-dos-correios-publicos\\\/#webpage\",\"url\":\"https:\\\/\\\/www.jornalja.com.br\\\/arquivo\\\/assembleia-instala-frente-parlamentar-em-defesa-dos-correios-publicos\\\/\",\"name\":\"Assembleia instala Frente Parlamentar em Defesa dos Correios P\\u00fablicos | Arquivo\",\"inLanguage\":\"pt-BR\",\"isPartOf\":{\"@id\":\"https:\\\/\\\/www.jornalja.com.br\\\/arquivo\\\/#website\"},\"breadcrumb\":{\"@id\":\"https:\\\/\\\/www.jornalja.com.br\\\/arquivo\\\/assembleia-instala-frente-parlamentar-em-defesa-dos-correios-publicos\\\/#breadcrumblist\"},\"author\":{\"@id\":\"https:\\\/\\\/www.jornalja.com.br\\\/arquivo\\\/author\\\/daredacao\\\/#author\"},\"creator\":{\"@id\":\"https:\\\/\\\/www.jornalja.com.br\\\/arquivo\\\/author\\\/daredacao\\\/#author\"},\"image\":{\"@type\":\"ImageObject\",\"url\":53912,\"@id\":\"https:\\\/\\\/www.jornalja.com.br\\\/arquivo\\\/assembleia-instala-frente-parlamentar-em-defesa-dos-correios-publicos\\\/#mainImage\"},\"primaryImageOfPage\":{\"@id\":\"https:\\\/\\\/www.jornalja.com.br\\\/arquivo\\\/assembleia-instala-frente-parlamentar-em-defesa-dos-correios-publicos\\\/#mainImage\"},\"datePublished\":\"2017-08-21T17:16:24-03:00\",\"dateModified\":\"2017-08-21T17:16:24-03:00\"},{\"@type\":\"WebSite\",\"@id\":\"https:\\\/\\\/www.jornalja.com.br\\\/arquivo\\\/#website\",\"url\":\"https:\\\/\\\/www.jornalja.com.br\\\/arquivo\\\/\",\"name\":\"Arquivo\",\"description\":\"Jornal J\\u00c1 | Porto Alegre\",\"inLanguage\":\"pt-BR\",\"publisher\":{\"@id\":\"https:\\\/\\\/www.jornalja.com.br\\\/arquivo\\\/#organization\"}}]}\n\t\t<\/script>\n\t\t<!-- All in One SEO -->\n\n","aioseo_head_json":{"title":"Assembleia instala Frente Parlamentar em Defesa dos Correios P\u00fablicos | Arquivo","description":"","canonical_url":"https:\/\/www.jornalja.com.br\/arquivo\/assembleia-instala-frente-parlamentar-em-defesa-dos-correios-publicos\/","robots":"max-image-preview:large","keywords":"","webmasterTools":{"miscellaneous":""},"schema":{"@context":"https:\/\/schema.org","@graph":[{"@type":"BlogPosting","@id":"https:\/\/www.jornalja.com.br\/arquivo\/assembleia-instala-frente-parlamentar-em-defesa-dos-correios-publicos\/#blogposting","name":"Assembleia instala Frente Parlamentar em Defesa dos Correios P\u00fablicos | Arquivo","headline":"Assembleia instala Frente Parlamentar em Defesa dos Correios P\u00fablicos","author":{"@id":"https:\/\/www.jornalja.com.br\/arquivo\/author\/daredacao\/#author"},"publisher":{"@id":"https:\/\/www.jornalja.com.br\/arquivo\/#organization"},"image":{"@type":"ImageObject","url":53912},"datePublished":"2017-08-21T17:16:24-03:00","dateModified":"2017-08-21T17:16:24-03:00","inLanguage":"pt-BR","mainEntityOfPage":{"@id":"https:\/\/www.jornalja.com.br\/arquivo\/assembleia-instala-frente-parlamentar-em-defesa-dos-correios-publicos\/#webpage"},"isPartOf":{"@id":"https:\/\/www.jornalja.com.br\/arquivo\/assembleia-instala-frente-parlamentar-em-defesa-dos-correios-publicos\/#webpage"},"articleSection":"Geral"},{"@type":"BreadcrumbList","@id":"https:\/\/www.jornalja.com.br\/arquivo\/assembleia-instala-frente-parlamentar-em-defesa-dos-correios-publicos\/#breadcrumblist","itemListElement":[{"@type":"ListItem","@id":"https:\/\/www.jornalja.com.br\/arquivo#listItem","position":1,"name":"Home","item":"https:\/\/www.jornalja.com.br\/arquivo","nextItem":{"@type":"ListItem","@id":"https:\/\/www.jornalja.com.br\/arquivo\/category\/geral\/#listItem","name":"Geral"}},{"@type":"ListItem","@id":"https:\/\/www.jornalja.com.br\/arquivo\/category\/geral\/#listItem","position":2,"name":"Geral","item":"https:\/\/www.jornalja.com.br\/arquivo\/category\/geral\/","nextItem":{"@type":"ListItem","@id":"https:\/\/www.jornalja.com.br\/arquivo\/assembleia-instala-frente-parlamentar-em-defesa-dos-correios-publicos\/#listItem","name":"Assembleia instala Frente Parlamentar em Defesa dos Correios P\u00fablicos"},"previousItem":{"@type":"ListItem","@id":"https:\/\/www.jornalja.com.br\/arquivo#listItem","name":"Home"}},{"@type":"ListItem","@id":"https:\/\/www.jornalja.com.br\/arquivo\/assembleia-instala-frente-parlamentar-em-defesa-dos-correios-publicos\/#listItem","position":3,"name":"Assembleia instala Frente Parlamentar em Defesa dos Correios P\u00fablicos","previousItem":{"@type":"ListItem","@id":"https:\/\/www.jornalja.com.br\/arquivo\/category\/geral\/#listItem","name":"Geral"}}]},{"@type":"Organization","@id":"https:\/\/www.jornalja.com.br\/arquivo\/#organization","name":"Jornal J\u00c1","description":"Jornal J\u00c1 | Porto Alegre","url":"https:\/\/www.jornalja.com.br\/arquivo\/","telephone":"+555133307272","logo":{"@type":"ImageObject","url":"https:\/\/www.jornalja.com.br\/wp-content\/uploads\/cards\/JAslogan.png","@id":"https:\/\/www.jornalja.com.br\/arquivo\/assembleia-instala-frente-parlamentar-em-defesa-dos-correios-publicos\/#organizationLogo"},"image":{"@id":"https:\/\/www.jornalja.com.br\/arquivo\/assembleia-instala-frente-parlamentar-em-defesa-dos-correios-publicos\/#organizationLogo"}},{"@type":"Person","@id":"https:\/\/www.jornalja.com.br\/arquivo\/author\/daredacao\/#author","url":"https:\/\/www.jornalja.com.br\/arquivo\/author\/daredacao\/","name":"da Reda\u00e7\u00e3o","image":{"@type":"ImageObject","@id":"https:\/\/www.jornalja.com.br\/arquivo\/assembleia-instala-frente-parlamentar-em-defesa-dos-correios-publicos\/#authorImage","url":"https:\/\/secure.gravatar.com\/avatar\/469fd857d6605ad19919d27ed29d35a968a25f6e8fd9318356bbb7f57aae9c65?s=96&d=mm&r=g","width":96,"height":96,"caption":"da Reda\u00e7\u00e3o"}},{"@type":"WebPage","@id":"https:\/\/www.jornalja.com.br\/arquivo\/assembleia-instala-frente-parlamentar-em-defesa-dos-correios-publicos\/#webpage","url":"https:\/\/www.jornalja.com.br\/arquivo\/assembleia-instala-frente-parlamentar-em-defesa-dos-correios-publicos\/","name":"Assembleia instala Frente Parlamentar em Defesa dos Correios P\u00fablicos | Arquivo","inLanguage":"pt-BR","isPartOf":{"@id":"https:\/\/www.jornalja.com.br\/arquivo\/#website"},"breadcrumb":{"@id":"https:\/\/www.jornalja.com.br\/arquivo\/assembleia-instala-frente-parlamentar-em-defesa-dos-correios-publicos\/#breadcrumblist"},"author":{"@id":"https:\/\/www.jornalja.com.br\/arquivo\/author\/daredacao\/#author"},"creator":{"@id":"https:\/\/www.jornalja.com.br\/arquivo\/author\/daredacao\/#author"},"image":{"@type":"ImageObject","url":53912,"@id":"https:\/\/www.jornalja.com.br\/arquivo\/assembleia-instala-frente-parlamentar-em-defesa-dos-correios-publicos\/#mainImage"},"primaryImageOfPage":{"@id":"https:\/\/www.jornalja.com.br\/arquivo\/assembleia-instala-frente-parlamentar-em-defesa-dos-correios-publicos\/#mainImage"},"datePublished":"2017-08-21T17:16:24-03:00","dateModified":"2017-08-21T17:16:24-03:00"},{"@type":"WebSite","@id":"https:\/\/www.jornalja.com.br\/arquivo\/#website","url":"https:\/\/www.jornalja.com.br\/arquivo\/","name":"Arquivo","description":"Jornal J\u00c1 | Porto Alegre","inLanguage":"pt-BR","publisher":{"@id":"https:\/\/www.jornalja.com.br\/arquivo\/#organization"}}]},"og:locale":"pt_BR","og:site_name":"Arquivo | Jornal J\u00c1 | Porto Alegre","og:type":"article","og:title":"Assembleia instala Frente Parlamentar em Defesa dos Correios P\u00fablicos | Arquivo","og:url":"https:\/\/www.jornalja.com.br\/arquivo\/assembleia-instala-frente-parlamentar-em-defesa-dos-correios-publicos\/","og:image":"https:\/\/www.jornalja.com.br\/economics\/wp-content\/uploads\/sites\/11\/2026\/08\/ja-folhaderosto-facebook.jpg","og:image:secure_url":"https:\/\/www.jornalja.com.br\/economics\/wp-content\/uploads\/sites\/11\/2026\/08\/ja-folhaderosto-facebook.jpg","article:published_time":"2017-08-21T20:16:24+00:00","article:modified_time":"2017-08-21T20:16:24+00:00","twitter:card":"summary","twitter:title":"Assembleia instala Frente Parlamentar em Defesa dos Correios P\u00fablicos | Arquivo","twitter:image":"https:\/\/www.jornalja.com.br\/economics\/wp-content\/uploads\/sites\/11\/2026\/08\/ja-folhaderosto-facebook.jpg"},"aioseo_meta_data":{"post_id":"53910","title":null,"description":null,"keywords":null,"keyphrases":null,"primary_term":null,"canonical_url":null,"og_title":null,"og_description":null,"og_object_type":"default","og_image_type":"default","og_image_url":null,"og_image_width":null,"og_image_height":null,"og_image_custom_url":null,"og_image_custom_fields":null,"og_video":null,"og_custom_url":null,"og_article_section":null,"og_article_tags":null,"twitter_use_og":false,"twitter_card":"default","twitter_image_type":"default","twitter_image_url":null,"twitter_image_custom_url":null,"twitter_image_custom_fields":null,"twitter_title":null,"twitter_description":null,"schema":{"blockGraphs":[],"customGraphs":[],"default":{"data":{"Article":[],"Course":[],"Dataset":[],"FAQPage":[],"Movie":[],"Person":[],"Product":[],"ProductReview":[],"Car":[],"Recipe":[],"Service":[],"SoftwareApplication":[],"WebPage":[]},"graphName":"","isEnabled":true},"graphs":[],"defaultGraph":"","defaultPostTypeGraph":""},"schema_type":null,"schema_type_options":null,"pillar_content":false,"robots_default":true,"robots_noindex":false,"robots_noarchive":false,"robots_nosnippet":false,"robots_nofollow":false,"robots_noimageindex":false,"robots_noodp":false,"robots_notranslate":false,"robots_max_snippet":null,"robots_max_videopreview":null,"robots_max_imagepreview":"large","priority":null,"frequency":null,"location":null,"local_seo":null,"breadcrumb_settings":null,"limit_modified_date":false,"ai":null,"created":"2020-12-20 20:26:02","updated":"2025-07-20 00:30:11","seo_analyzer_scan_date":null,"focus_keyword":null,"additional_keywords":null,"truseo_locale":null},"jetpack_sharing_enabled":true,"jetpack-related-posts":[{"id":5440,"url":"https:\/\/www.jornalja.com.br\/arquivo\/casarao-da-venancio-destino-permanece-incerto\/","url_meta":{"origin":53910,"position":0},"title":"Estado ainda n\u00e3o sabe o que fazer com casar\u00e3o abandonado h\u00e1 20 anos","author":"Elmar Bones","date":"6 de julho de 2009","format":false,"excerpt":"O casar\u00e3o amarelo, numa esquina nobre de Porto Alegre (Ven\u00e2ncio Aires com Jo\u00e3o Pessoa), j\u00e1 abrigou uma escola. H\u00e1 duas d\u00e9cadas, pelo menos, est\u00e1 abandonado, porque seu propriet\u00e1rio, o governo do Estado do Rio Grande do Sul, n\u00e3o consegue achar um destino para ele. Planos n\u00e3o faltaram. O governador Ol\u00edvio\u2026","rel":"","context":"Em &quot;X.Categorias velhas&quot;","block_context":{"text":"X.Categorias velhas","link":"https:\/\/www.jornalja.com.br\/arquivo\/category\/x-categorias-velhas\/"},"img":{"alt_text":"geraldo1","src":"https:\/\/i0.wp.com\/www.jornalja.com.br\/wp-content\/uploads\/2009\/07\/geraldo1.jpg?resize=350%2C200&ssl=1","width":350,"height":200},"classes":[]},{"id":13124,"url":"https:\/\/www.jornalja.com.br\/arquivo\/sangue-latino-no-iecine\/","url_meta":{"origin":53910,"position":1},"title":"Sangue latino no IECINE","author":"da Reda\u00e7\u00e3o","date":"18 de maio de 2014","format":false,"excerpt":"Francisco Ribeiro O Instituto Estadual de Cinema (IECINE) tem a frente, desde abril \u00faltimo, um novo diretor, o cineasta colombiano Juan Zapata, 36, que substitui Luiz Alberto Cassol. Radicado h\u00e1 dez anos em Porto Alegre, Zapata tem diante de si o desafio de conduzir at\u00e9 o final do ano um\u2026","rel":"","context":"Em &quot;Cultura-Geral&quot;","block_context":{"text":"Cultura-Geral","link":"https:\/\/www.jornalja.com.br\/arquivo\/category\/materiasecundaria\/"},"img":{"alt_text":"","src":"","width":0,"height":0},"classes":[]},{"id":13109,"url":"https:\/\/www.jornalja.com.br\/arquivo\/judiciario-reconhece-poluicao-eletromagnetica\/","url_meta":{"origin":53910,"position":2},"title":"Judici\u00e1rio reconhece polui\u00e7\u00e3o eletromagn\u00e9tica","author":"Patr\u00edcia Marini","date":"16 de maio de 2014","format":false,"excerpt":"A\u00e7\u00e3o de duas associa\u00e7\u00f5es de moradores foi acolhida pelo Tribunal de Justi\u00e7a de S\u00e3o Paulo que. em decis\u00e3o in\u00e9dita, determinou a redu\u00e7\u00e3o do campo eletromagn\u00e9tico gerado pelas linhas de transmiss\u00e3o de energia que cortam os bairros City Boa\u00e7ava e Alto de Pinheiros. \u00c9 a primeira vez que um tribunal do\u2026","rel":"","context":"Em &quot;X.Categorias velhas&quot;","block_context":{"text":"X.Categorias velhas","link":"https:\/\/www.jornalja.com.br\/arquivo\/category\/x-categorias-velhas\/"},"img":{"alt_text":"","src":"","width":0,"height":0},"classes":[]},{"id":13128,"url":"https:\/\/www.jornalja.com.br\/arquivo\/maconha-terra-diz-que-uso-medicinal-e-desculpa\/","url_meta":{"origin":53910,"position":3},"title":"Maconha: Terra diz que uso medicinal \u00e9 desculpa","author":"Patr\u00edcia Marini","date":"4 de junho de 2014","format":false,"excerpt":"A condi\u00e7\u00e3o de pol\u00edtico, em \u00e9poca de campanha de campanha eleitoral, tira for\u00e7a do discurso do m\u00e9dico Osmar Terra contra a legaliza\u00e7\u00e3o da maconha. A tese dele de que a libera\u00e7\u00e3o vai ampliar exponencialmente o consumo \u00e9 discutivel, o consumo \u00e9 corrente. Mas seus alertas quanto aos riscos tem que\u2026","rel":"","context":"Em &quot;X.Categorias velhas&quot;","block_context":{"text":"X.Categorias velhas","link":"https:\/\/www.jornalja.com.br\/arquivo\/category\/x-categorias-velhas\/"},"img":{"alt_text":"","src":"","width":0,"height":0},"classes":[]},{"id":12960,"url":"https:\/\/www.jornalja.com.br\/arquivo\/populacao-culpa-empresas-pela-greve-dos-rodoviarios\/","url_meta":{"origin":53910,"position":4},"title":"Popula\u00e7\u00e3o culpa empresas pela greve","author":"Patr\u00edcia Marini","date":"14 de fevereiro de 2014","format":false,"excerpt":"Pesquisa divulgada na edi\u00e7\u00e3o do jornal Metro desta sexta-feira,14, comprova o velho ditado: \u00e9 poss\u00edvel enganar muitos por algum tempo, mas n\u00e3o \u00e9 poss\u00edvel enganar a todos o tempo inteiro. A principal revela\u00e7\u00e3o foi que 59,8% dos entrevistados apontaram as empresas como as principais respons\u00e1veis pela grave e 46% culparam\u2026","rel":"","context":"Em &quot;X.Categorias velhas&quot;","block_context":{"text":"X.Categorias velhas","link":"https:\/\/www.jornalja.com.br\/arquivo\/category\/x-categorias-velhas\/"},"img":{"alt_text":"","src":"","width":0,"height":0},"classes":[]},{"id":14241,"url":"https:\/\/www.jornalja.com.br\/arquivo\/o-guaiba-nas-imagens-poeticas-de-achutti\/","url_meta":{"origin":53910,"position":5},"title":"O Gua\u00edba nas imagens po\u00e9ticas de Achutti","author":"da Reda\u00e7\u00e3o","date":"18 de junho de 2014","format":false,"excerpt":"Em \u201cO Gua\u00edba por Achutti\u201d \u2013 obra financiada via Minist\u00e9rio da Cultura, produ\u00e7\u00e3o executiva de Pedro Longhi, e Fl\u00e1vio Wild como designer \u2013, o fot\u00f3grafo revela a beleza e as mazelas de um espa\u00e7o aqu\u00e1tico de \u00e1guas sempre renovadas, cheio de hist\u00f3rias e lendas como as das cidades que foram\u2026","rel":"","context":"Em &quot;Cultura-Geral&quot;","block_context":{"text":"Cultura-Geral","link":"https:\/\/www.jornalja.com.br\/arquivo\/category\/materiasecundaria\/"},"img":{"alt_text":"","src":"","width":0,"height":0},"classes":[]}],"jetpack_shortlink":"https:\/\/wp.me\/pbQjBd-e1w","jetpack_featured_media_url":"","_links":{"self":[{"href":"https:\/\/www.jornalja.com.br\/arquivo\/wp-json\/wp\/v2\/posts\/53910","targetHints":{"allow":["GET"]}}],"collection":[{"href":"https:\/\/www.jornalja.com.br\/arquivo\/wp-json\/wp\/v2\/posts"}],"about":[{"href":"https:\/\/www.jornalja.com.br\/arquivo\/wp-json\/wp\/v2\/types\/post"}],"author":[{"embeddable":true,"href":"https:\/\/www.jornalja.com.br\/arquivo\/wp-json\/wp\/v2\/users\/4"}],"replies":[{"embeddable":true,"href":"https:\/\/www.jornalja.com.br\/arquivo\/wp-json\/wp\/v2\/comments?post=53910"}],"version-history":[{"count":0,"href":"https:\/\/www.jornalja.com.br\/arquivo\/wp-json\/wp\/v2\/posts\/53910\/revisions"}],"wp:attachment":[{"href":"https:\/\/www.jornalja.com.br\/arquivo\/wp-json\/wp\/v2\/media?parent=53910"}],"wp:term":[{"taxonomy":"category","embeddable":true,"href":"https:\/\/www.jornalja.com.br\/arquivo\/wp-json\/wp\/v2\/categories?post=53910"},{"taxonomy":"post_tag","embeddable":true,"href":"https:\/\/www.jornalja.com.br\/arquivo\/wp-json\/wp\/v2\/tags?post=53910"}],"curies":[{"name":"wp","href":"https:\/\/api.w.org\/{rel}","templated":true}]}}