{"id":53915,"date":"2017-08-22T10:45:05","date_gmt":"2017-08-22T13:45:05","guid":{"rendered":"https:\/\/www.jornalja.com.br\/?p=53915"},"modified":"2017-08-22T10:45:05","modified_gmt":"2017-08-22T13:45:05","slug":"em-audiencia-publica-ex-prefeitos-criticam-falta-de-transparencia-na-gestao-marchezan","status":"publish","type":"post","link":"https:\/\/www.jornalja.com.br\/arquivo\/em-audiencia-publica-ex-prefeitos-criticam-falta-de-transparencia-na-gestao-marchezan\/","title":{"rendered":"Em audi\u00eancia p\u00fablica, ex-prefeitos criticam falta de transpar\u00eancia na gest\u00e3o Marchezan"},"content":{"rendered":"<p>Educa\u00e7\u00e3o, DMAE, Or\u00e7amento Participativo, transporte p\u00fablico ,entre outros temas da gest\u00e3o p\u00fablica de Porto Alegre foram debatidos ontem a noite na audi\u00eancia p\u00fablica ocorrida no Teatro Dante Barone, na Assembleia Legislativa do Rio Grande do Sul.<br \/>\nCompareceram tr\u00eas ex-prefeitos, Jo\u00e3o Ant\u00f4nio Dib, Ol\u00edvio Dutra e Jos\u00e9 Fortunati, que discursaram, deram conselhos e criticaram o atual gestor, Nelson Marchezan J\u00fanior.<br \/>\nO prefeito estava com agenda em bras\u00edlia e o vice, Gustavo Paim, tamb\u00e9m n\u00e3o foi ao\u00a0debate, proposto pelo deputado Ad\u00e3o Villaverde (PT).<br \/>\nJos\u00e9 Fortunati criticou Marchezan por estar apresentando dados equivocados da gest\u00e3o anterior. Lembrou do bom desempenho da capital que obteve conceito B nos dois \u00faltimos anos (2015 e 2016) e conceito A em 2014, no \u00edndice de Responsabilidade Fiscal. e tamb\u00e9m questionou a falta de transpar\u00eancia da atual gest\u00e3o.<br \/>\n&#8220;A atual gest\u00e3o n\u00e3o responde \u00e0s perguntas sobre gastos atrav\u00e9s da Lei de acesso \u00e0 informa\u00e7\u00e3o, no Portal da Transpar\u00eancia, ao contr\u00e1rio da minha gest\u00e3o quando era divulgado um relat\u00f3rio mensal sobre as despesas&#8221;, afirmou.<br \/>\nFortunati admitiu que foram deixados d\u00e9bitos, mas n\u00e3o os &#8220;que o atual prefeito diz&#8221;. Criticou duramente a postura de Marchezan que reclama de uma &#8220;heran\u00e7a maldita&#8221;:<br \/>\n&#8220;Isso mostra a postura de um presidente de partido e n\u00e3o de um gestor. E a consequ\u00eancia \u00e9 que n\u00e3o h\u00e1 pol\u00edticas p\u00fablicas para a cidade&#8221;, ressaltou.<br \/>\nO ex-prefeito trabalhista questionou\u00a0 o parcelamento de sal\u00e1rios, as amea\u00e7as de privatiza\u00e7\u00e3o da Carris e defendeu a manuten\u00e7\u00e3o do servi\u00e7o p\u00fablico no DMAE. Lembrou que o Departamento \u00e9 superavit\u00e1rio e que houve grandes avan\u00e7os atrav\u00e9s do Pisa (Programa Integrado S\u00f3cio-ambiental).<br \/>\nLembrou, ainda, que priorizou a transpar\u00eancia durante sua gest\u00e3o, o que foi reconhecido pelo Tribunal de Contas do Estado classificando a cidade como a mais transparente nas suas contas em todo o estado, e condenou o desmonte nas pol\u00edticas populares.<br \/>\nJo\u00e3o Antonio Dib, que tem se destacado como um dos principais defensores da manuten\u00e7\u00e3o do DMAE p\u00fablico, aconselhou Marchezan: &#8220;n\u00e3o adianta ficar reclamando&#8221;. Lembrou de administra\u00e7\u00f5es passadas como a do prefeito Loureiro da Silva, &#8220;que pegou a administra\u00e7\u00e3o de Porto Alegre em condi\u00e7\u00f5es ruins, com sal\u00e1rios atrasados e dificuldades financeiras, mas que entregou um quadro diferente para o seu sucessor.<br \/>\nOl\u00edvio Dutra foi o terceiro ex-prefeito a falar. Lembrou de feitos da sua gest\u00e3o e da pluralidade partid\u00e1ria da &#8220;Frente Popular&#8221;. Defendeu a import\u00e2ncia das rela\u00e7\u00f5es entre as cidades vizinhas, na Regi\u00e3o Metropolitana, refor\u00e7ou a necessidade de discutir a proposta or\u00e7ament\u00e1ria junto \u00e0 sociedade e ao Poder Legislativo. Tamb\u00e9m defendeu o perfil p\u00fablico do DMAE e seu aperfei\u00e7oamento.<br \/>\n&#8220;O DMAE n\u00e3o \u00e9 uma pol\u00edtica de governo ou de partido, \u00e9 uma pol\u00edtica de estado, deve ser refor\u00e7ada&#8221;.<br \/>\nSobre a Carris, Dutra lembrou das diversas premia\u00e7\u00f5es que a Companhia recebeu, tanto no setor p\u00fablico como da iniciativa privada. &#8220;A Carris tem de ser modelo e par\u00e2metro, tem tudo para ser preservada e aperfei\u00e7oada&#8221;, defendeu o ex-prefeito.<br \/>\nO ex-vereador e vice-prefeito Sebasti\u00e3o Melo foi um tanto sarc\u00e1stico: &#8220;O prefeito lembra aquele personagem da tev\u00ea que diz que aumenta mas n\u00e3o inventa. Ele n\u00e3o inventa mas aumenta muito&#8221; ironizou, referindo-se \u00e0s d\u00edvidas deixadas pela gest\u00e3o anterior.<br \/>\nO diretor do Sindicato dos Municip\u00e1rios de Porto Alegre (Simpa), Jonas Reis, criticou fortemente Marchezan. Disse que o atual prefeito ataca os servidores p\u00fablicos desde antes de come\u00e7ar o seu governo quando, em dezembro do ano passado, quis intervir no pagamento do d\u00e9cimo terceiro.<br \/>\n&#8220;Segundo o Portal da Transpar\u00eancia, h\u00e1 R$ 300 milh\u00f5es no caixa da Prefeitura, ent\u00e3o a crise levantada pelo atual prefeito n\u00e3o \u00e9 real&#8221;, destacou o sindicalista.<br \/>\nReis criticou os \u00faltimos projeto enviados por Marchezan \u00e0 C\u00e2mara, que mexem nos sal\u00e1rios dos servidores e o cancelamento das audi\u00eancias p\u00fablicas do Or\u00e7amento Participativo.<br \/>\nTamb\u00e9m presentes na audi\u00eancia p\u00fablica, deputado estaduais do PT, PMDB, REDE e PC do B, e os vereadores de Porto Alegre, Andr\u00e9 Car\u00fas (PMDB) e Fernanda Melchionna (PSOL), al\u00e9m de representantes de entidades sindicais.<br \/>\n&nbsp;<br \/>\n&nbsp;<\/p>\n","protected":false},"excerpt":{"rendered":"<p>Educa\u00e7\u00e3o, DMAE, Or\u00e7amento Participativo, transporte p\u00fablico ,entre outros temas da gest\u00e3o p\u00fablica de Porto Alegre foram debatidos ontem a noite na audi\u00eancia p\u00fablica ocorrida no Teatro Dante Barone, na Assembleia Legislativa do Rio Grande do Sul. Compareceram tr\u00eas ex-prefeitos, Jo\u00e3o Ant\u00f4nio Dib, Ol\u00edvio Dutra e Jos\u00e9 Fortunati, que discursaram, deram conselhos e criticaram o atual [&hellip;]<\/p>\n","protected":false},"author":4,"featured_media":53939,"comment_status":"open","ping_status":"closed","sticky":false,"template":"","format":"standard","meta":{"_jetpack_newsletter_access":"","_jetpack_dont_email_post_to_subs":false,"_jetpack_newsletter_tier_id":0,"_jetpack_memberships_contains_paywalled_content":false,"_jetpack_feature_clip_id":0,"_jetpack_memberships_contains_paid_content":false,"footnotes":"","jetpack_post_was_ever_published":false},"categories":[26],"tags":[],"class_list":["post-53915","post","type-post","status-publish","format-standard","has-post-thumbnail","hentry","category-geral"],"aioseo_notices":[],"aioseo_head":"\n\t\t<!-- All in One SEO 5.0.1.1 - aioseo.com -->\n\t<meta name=\"robots\" content=\"max-image-preview:large\" \/>\n\t<meta name=\"author\" content=\"da Reda\u00e7\u00e3o\"\/>\n\t<link rel=\"canonical\" href=\"https:\/\/www.jornalja.com.br\/arquivo\/em-audiencia-publica-ex-prefeitos-criticam-falta-de-transparencia-na-gestao-marchezan\/\" \/>\n\t<meta name=\"generator\" content=\"All in One SEO (AIOSEO) 5.0.1.1\" \/>\n\t\t<meta property=\"og:locale\" content=\"pt_BR\" \/>\n\t\t<meta property=\"og:site_name\" content=\"Arquivo | Jornal J\u00c1 | Porto Alegre\" \/>\n\t\t<meta property=\"og:type\" content=\"article\" \/>\n\t\t<meta property=\"og:title\" content=\"Em audi\u00eancia p\u00fablica, ex-prefeitos criticam falta de transpar\u00eancia na gest\u00e3o Marchezan | Arquivo\" \/>\n\t\t<meta property=\"og:url\" content=\"https:\/\/www.jornalja.com.br\/arquivo\/em-audiencia-publica-ex-prefeitos-criticam-falta-de-transparencia-na-gestao-marchezan\/\" \/>\n\t\t<meta property=\"og:image\" content=\"https:\/\/www.jornalja.com.br\/economics\/wp-content\/uploads\/sites\/11\/2026\/08\/ja-folhaderosto-facebook.jpg\" \/>\n\t\t<meta property=\"og:image:secure_url\" content=\"https:\/\/www.jornalja.com.br\/economics\/wp-content\/uploads\/sites\/11\/2026\/08\/ja-folhaderosto-facebook.jpg\" \/>\n\t\t<meta property=\"article:published_time\" content=\"2017-08-22T13:45:05+00:00\" \/>\n\t\t<meta property=\"article:modified_time\" content=\"2017-08-22T13:45:05+00:00\" \/>\n\t\t<meta name=\"twitter:card\" content=\"summary\" \/>\n\t\t<meta name=\"twitter:title\" content=\"Em audi\u00eancia p\u00fablica, ex-prefeitos criticam falta de transpar\u00eancia na gest\u00e3o Marchezan | Arquivo\" \/>\n\t\t<meta name=\"twitter:image\" content=\"https:\/\/www.jornalja.com.br\/economics\/wp-content\/uploads\/sites\/11\/2026\/08\/ja-folhaderosto-facebook.jpg\" \/>\n\t\t<script type=\"application\/ld+json\" class=\"aioseo-schema\">\n\t\t\t{\"@context\":\"https:\\\/\\\/schema.org\",\"@graph\":[{\"@type\":\"BlogPosting\",\"@id\":\"https:\\\/\\\/www.jornalja.com.br\\\/arquivo\\\/em-audiencia-publica-ex-prefeitos-criticam-falta-de-transparencia-na-gestao-marchezan\\\/#blogposting\",\"name\":\"Em audi\\u00eancia p\\u00fablica, ex-prefeitos criticam falta de transpar\\u00eancia na gest\\u00e3o Marchezan | Arquivo\",\"headline\":\"Em audi\\u00eancia p\\u00fablica, ex-prefeitos criticam falta de transpar\\u00eancia na gest\\u00e3o Marchezan\",\"author\":{\"@id\":\"https:\\\/\\\/www.jornalja.com.br\\\/arquivo\\\/author\\\/daredacao\\\/#author\"},\"publisher\":{\"@id\":\"https:\\\/\\\/www.jornalja.com.br\\\/arquivo\\\/#organization\"},\"image\":{\"@type\":\"ImageObject\",\"url\":53939},\"datePublished\":\"2017-08-22T10:45:05-03:00\",\"dateModified\":\"2017-08-22T10:45:05-03:00\",\"inLanguage\":\"pt-BR\",\"mainEntityOfPage\":{\"@id\":\"https:\\\/\\\/www.jornalja.com.br\\\/arquivo\\\/em-audiencia-publica-ex-prefeitos-criticam-falta-de-transparencia-na-gestao-marchezan\\\/#webpage\"},\"isPartOf\":{\"@id\":\"https:\\\/\\\/www.jornalja.com.br\\\/arquivo\\\/em-audiencia-publica-ex-prefeitos-criticam-falta-de-transparencia-na-gestao-marchezan\\\/#webpage\"},\"articleSection\":\"Geral\"},{\"@type\":\"BreadcrumbList\",\"@id\":\"https:\\\/\\\/www.jornalja.com.br\\\/arquivo\\\/em-audiencia-publica-ex-prefeitos-criticam-falta-de-transparencia-na-gestao-marchezan\\\/#breadcrumblist\",\"itemListElement\":[{\"@type\":\"ListItem\",\"@id\":\"https:\\\/\\\/www.jornalja.com.br\\\/arquivo#listItem\",\"position\":1,\"name\":\"Home\",\"item\":\"https:\\\/\\\/www.jornalja.com.br\\\/arquivo\",\"nextItem\":{\"@type\":\"ListItem\",\"@id\":\"https:\\\/\\\/www.jornalja.com.br\\\/arquivo\\\/category\\\/geral\\\/#listItem\",\"name\":\"Geral\"}},{\"@type\":\"ListItem\",\"@id\":\"https:\\\/\\\/www.jornalja.com.br\\\/arquivo\\\/category\\\/geral\\\/#listItem\",\"position\":2,\"name\":\"Geral\",\"item\":\"https:\\\/\\\/www.jornalja.com.br\\\/arquivo\\\/category\\\/geral\\\/\",\"nextItem\":{\"@type\":\"ListItem\",\"@id\":\"https:\\\/\\\/www.jornalja.com.br\\\/arquivo\\\/em-audiencia-publica-ex-prefeitos-criticam-falta-de-transparencia-na-gestao-marchezan\\\/#listItem\",\"name\":\"Em audi\\u00eancia p\\u00fablica, ex-prefeitos criticam falta de transpar\\u00eancia na gest\\u00e3o Marchezan\"},\"previousItem\":{\"@type\":\"ListItem\",\"@id\":\"https:\\\/\\\/www.jornalja.com.br\\\/arquivo#listItem\",\"name\":\"Home\"}},{\"@type\":\"ListItem\",\"@id\":\"https:\\\/\\\/www.jornalja.com.br\\\/arquivo\\\/em-audiencia-publica-ex-prefeitos-criticam-falta-de-transparencia-na-gestao-marchezan\\\/#listItem\",\"position\":3,\"name\":\"Em audi\\u00eancia p\\u00fablica, ex-prefeitos criticam falta de transpar\\u00eancia na gest\\u00e3o Marchezan\",\"previousItem\":{\"@type\":\"ListItem\",\"@id\":\"https:\\\/\\\/www.jornalja.com.br\\\/arquivo\\\/category\\\/geral\\\/#listItem\",\"name\":\"Geral\"}}]},{\"@type\":\"Organization\",\"@id\":\"https:\\\/\\\/www.jornalja.com.br\\\/arquivo\\\/#organization\",\"name\":\"Jornal J\\u00c1\",\"description\":\"Jornal J\\u00c1 | Porto Alegre\",\"url\":\"https:\\\/\\\/www.jornalja.com.br\\\/arquivo\\\/\",\"telephone\":\"+555133307272\",\"logo\":{\"@type\":\"ImageObject\",\"url\":\"https:\\\/\\\/www.jornalja.com.br\\\/wp-content\\\/uploads\\\/cards\\\/JAslogan.png\",\"@id\":\"https:\\\/\\\/www.jornalja.com.br\\\/arquivo\\\/em-audiencia-publica-ex-prefeitos-criticam-falta-de-transparencia-na-gestao-marchezan\\\/#organizationLogo\"},\"image\":{\"@id\":\"https:\\\/\\\/www.jornalja.com.br\\\/arquivo\\\/em-audiencia-publica-ex-prefeitos-criticam-falta-de-transparencia-na-gestao-marchezan\\\/#organizationLogo\"}},{\"@type\":\"Person\",\"@id\":\"https:\\\/\\\/www.jornalja.com.br\\\/arquivo\\\/author\\\/daredacao\\\/#author\",\"url\":\"https:\\\/\\\/www.jornalja.com.br\\\/arquivo\\\/author\\\/daredacao\\\/\",\"name\":\"da Reda\\u00e7\\u00e3o\",\"image\":{\"@type\":\"ImageObject\",\"@id\":\"https:\\\/\\\/www.jornalja.com.br\\\/arquivo\\\/em-audiencia-publica-ex-prefeitos-criticam-falta-de-transparencia-na-gestao-marchezan\\\/#authorImage\",\"url\":\"https:\\\/\\\/secure.gravatar.com\\\/avatar\\\/469fd857d6605ad19919d27ed29d35a968a25f6e8fd9318356bbb7f57aae9c65?s=96&d=mm&r=g\",\"width\":96,\"height\":96,\"caption\":\"da Reda\\u00e7\\u00e3o\"}},{\"@type\":\"WebPage\",\"@id\":\"https:\\\/\\\/www.jornalja.com.br\\\/arquivo\\\/em-audiencia-publica-ex-prefeitos-criticam-falta-de-transparencia-na-gestao-marchezan\\\/#webpage\",\"url\":\"https:\\\/\\\/www.jornalja.com.br\\\/arquivo\\\/em-audiencia-publica-ex-prefeitos-criticam-falta-de-transparencia-na-gestao-marchezan\\\/\",\"name\":\"Em audi\\u00eancia p\\u00fablica, ex-prefeitos criticam falta de transpar\\u00eancia na gest\\u00e3o Marchezan | Arquivo\",\"inLanguage\":\"pt-BR\",\"isPartOf\":{\"@id\":\"https:\\\/\\\/www.jornalja.com.br\\\/arquivo\\\/#website\"},\"breadcrumb\":{\"@id\":\"https:\\\/\\\/www.jornalja.com.br\\\/arquivo\\\/em-audiencia-publica-ex-prefeitos-criticam-falta-de-transparencia-na-gestao-marchezan\\\/#breadcrumblist\"},\"author\":{\"@id\":\"https:\\\/\\\/www.jornalja.com.br\\\/arquivo\\\/author\\\/daredacao\\\/#author\"},\"creator\":{\"@id\":\"https:\\\/\\\/www.jornalja.com.br\\\/arquivo\\\/author\\\/daredacao\\\/#author\"},\"image\":{\"@type\":\"ImageObject\",\"url\":53939,\"@id\":\"https:\\\/\\\/www.jornalja.com.br\\\/arquivo\\\/em-audiencia-publica-ex-prefeitos-criticam-falta-de-transparencia-na-gestao-marchezan\\\/#mainImage\"},\"primaryImageOfPage\":{\"@id\":\"https:\\\/\\\/www.jornalja.com.br\\\/arquivo\\\/em-audiencia-publica-ex-prefeitos-criticam-falta-de-transparencia-na-gestao-marchezan\\\/#mainImage\"},\"datePublished\":\"2017-08-22T10:45:05-03:00\",\"dateModified\":\"2017-08-22T10:45:05-03:00\"},{\"@type\":\"WebSite\",\"@id\":\"https:\\\/\\\/www.jornalja.com.br\\\/arquivo\\\/#website\",\"url\":\"https:\\\/\\\/www.jornalja.com.br\\\/arquivo\\\/\",\"name\":\"Arquivo\",\"description\":\"Jornal J\\u00c1 | Porto Alegre\",\"inLanguage\":\"pt-BR\",\"publisher\":{\"@id\":\"https:\\\/\\\/www.jornalja.com.br\\\/arquivo\\\/#organization\"}}]}\n\t\t<\/script>\n\t\t<!-- All in One SEO -->\n\n","aioseo_head_json":{"title":"Em audi\u00eancia p\u00fablica, ex-prefeitos criticam falta de transpar\u00eancia na gest\u00e3o Marchezan | Arquivo","description":"","canonical_url":"https:\/\/www.jornalja.com.br\/arquivo\/em-audiencia-publica-ex-prefeitos-criticam-falta-de-transparencia-na-gestao-marchezan\/","robots":"max-image-preview:large","keywords":"","webmasterTools":{"miscellaneous":""},"schema":{"@context":"https:\/\/schema.org","@graph":[{"@type":"BlogPosting","@id":"https:\/\/www.jornalja.com.br\/arquivo\/em-audiencia-publica-ex-prefeitos-criticam-falta-de-transparencia-na-gestao-marchezan\/#blogposting","name":"Em audi\u00eancia p\u00fablica, ex-prefeitos criticam falta de transpar\u00eancia na gest\u00e3o Marchezan | Arquivo","headline":"Em audi\u00eancia p\u00fablica, ex-prefeitos criticam falta de transpar\u00eancia na gest\u00e3o Marchezan","author":{"@id":"https:\/\/www.jornalja.com.br\/arquivo\/author\/daredacao\/#author"},"publisher":{"@id":"https:\/\/www.jornalja.com.br\/arquivo\/#organization"},"image":{"@type":"ImageObject","url":53939},"datePublished":"2017-08-22T10:45:05-03:00","dateModified":"2017-08-22T10:45:05-03:00","inLanguage":"pt-BR","mainEntityOfPage":{"@id":"https:\/\/www.jornalja.com.br\/arquivo\/em-audiencia-publica-ex-prefeitos-criticam-falta-de-transparencia-na-gestao-marchezan\/#webpage"},"isPartOf":{"@id":"https:\/\/www.jornalja.com.br\/arquivo\/em-audiencia-publica-ex-prefeitos-criticam-falta-de-transparencia-na-gestao-marchezan\/#webpage"},"articleSection":"Geral"},{"@type":"BreadcrumbList","@id":"https:\/\/www.jornalja.com.br\/arquivo\/em-audiencia-publica-ex-prefeitos-criticam-falta-de-transparencia-na-gestao-marchezan\/#breadcrumblist","itemListElement":[{"@type":"ListItem","@id":"https:\/\/www.jornalja.com.br\/arquivo#listItem","position":1,"name":"Home","item":"https:\/\/www.jornalja.com.br\/arquivo","nextItem":{"@type":"ListItem","@id":"https:\/\/www.jornalja.com.br\/arquivo\/category\/geral\/#listItem","name":"Geral"}},{"@type":"ListItem","@id":"https:\/\/www.jornalja.com.br\/arquivo\/category\/geral\/#listItem","position":2,"name":"Geral","item":"https:\/\/www.jornalja.com.br\/arquivo\/category\/geral\/","nextItem":{"@type":"ListItem","@id":"https:\/\/www.jornalja.com.br\/arquivo\/em-audiencia-publica-ex-prefeitos-criticam-falta-de-transparencia-na-gestao-marchezan\/#listItem","name":"Em audi\u00eancia p\u00fablica, ex-prefeitos criticam falta de transpar\u00eancia na gest\u00e3o Marchezan"},"previousItem":{"@type":"ListItem","@id":"https:\/\/www.jornalja.com.br\/arquivo#listItem","name":"Home"}},{"@type":"ListItem","@id":"https:\/\/www.jornalja.com.br\/arquivo\/em-audiencia-publica-ex-prefeitos-criticam-falta-de-transparencia-na-gestao-marchezan\/#listItem","position":3,"name":"Em audi\u00eancia p\u00fablica, ex-prefeitos criticam falta de transpar\u00eancia na gest\u00e3o Marchezan","previousItem":{"@type":"ListItem","@id":"https:\/\/www.jornalja.com.br\/arquivo\/category\/geral\/#listItem","name":"Geral"}}]},{"@type":"Organization","@id":"https:\/\/www.jornalja.com.br\/arquivo\/#organization","name":"Jornal J\u00c1","description":"Jornal J\u00c1 | Porto Alegre","url":"https:\/\/www.jornalja.com.br\/arquivo\/","telephone":"+555133307272","logo":{"@type":"ImageObject","url":"https:\/\/www.jornalja.com.br\/wp-content\/uploads\/cards\/JAslogan.png","@id":"https:\/\/www.jornalja.com.br\/arquivo\/em-audiencia-publica-ex-prefeitos-criticam-falta-de-transparencia-na-gestao-marchezan\/#organizationLogo"},"image":{"@id":"https:\/\/www.jornalja.com.br\/arquivo\/em-audiencia-publica-ex-prefeitos-criticam-falta-de-transparencia-na-gestao-marchezan\/#organizationLogo"}},{"@type":"Person","@id":"https:\/\/www.jornalja.com.br\/arquivo\/author\/daredacao\/#author","url":"https:\/\/www.jornalja.com.br\/arquivo\/author\/daredacao\/","name":"da Reda\u00e7\u00e3o","image":{"@type":"ImageObject","@id":"https:\/\/www.jornalja.com.br\/arquivo\/em-audiencia-publica-ex-prefeitos-criticam-falta-de-transparencia-na-gestao-marchezan\/#authorImage","url":"https:\/\/secure.gravatar.com\/avatar\/469fd857d6605ad19919d27ed29d35a968a25f6e8fd9318356bbb7f57aae9c65?s=96&d=mm&r=g","width":96,"height":96,"caption":"da Reda\u00e7\u00e3o"}},{"@type":"WebPage","@id":"https:\/\/www.jornalja.com.br\/arquivo\/em-audiencia-publica-ex-prefeitos-criticam-falta-de-transparencia-na-gestao-marchezan\/#webpage","url":"https:\/\/www.jornalja.com.br\/arquivo\/em-audiencia-publica-ex-prefeitos-criticam-falta-de-transparencia-na-gestao-marchezan\/","name":"Em audi\u00eancia p\u00fablica, ex-prefeitos criticam falta de transpar\u00eancia na gest\u00e3o Marchezan | Arquivo","inLanguage":"pt-BR","isPartOf":{"@id":"https:\/\/www.jornalja.com.br\/arquivo\/#website"},"breadcrumb":{"@id":"https:\/\/www.jornalja.com.br\/arquivo\/em-audiencia-publica-ex-prefeitos-criticam-falta-de-transparencia-na-gestao-marchezan\/#breadcrumblist"},"author":{"@id":"https:\/\/www.jornalja.com.br\/arquivo\/author\/daredacao\/#author"},"creator":{"@id":"https:\/\/www.jornalja.com.br\/arquivo\/author\/daredacao\/#author"},"image":{"@type":"ImageObject","url":53939,"@id":"https:\/\/www.jornalja.com.br\/arquivo\/em-audiencia-publica-ex-prefeitos-criticam-falta-de-transparencia-na-gestao-marchezan\/#mainImage"},"primaryImageOfPage":{"@id":"https:\/\/www.jornalja.com.br\/arquivo\/em-audiencia-publica-ex-prefeitos-criticam-falta-de-transparencia-na-gestao-marchezan\/#mainImage"},"datePublished":"2017-08-22T10:45:05-03:00","dateModified":"2017-08-22T10:45:05-03:00"},{"@type":"WebSite","@id":"https:\/\/www.jornalja.com.br\/arquivo\/#website","url":"https:\/\/www.jornalja.com.br\/arquivo\/","name":"Arquivo","description":"Jornal J\u00c1 | Porto Alegre","inLanguage":"pt-BR","publisher":{"@id":"https:\/\/www.jornalja.com.br\/arquivo\/#organization"}}]},"og:locale":"pt_BR","og:site_name":"Arquivo | Jornal J\u00c1 | Porto Alegre","og:type":"article","og:title":"Em audi\u00eancia p\u00fablica, ex-prefeitos criticam falta de transpar\u00eancia na gest\u00e3o Marchezan | Arquivo","og:url":"https:\/\/www.jornalja.com.br\/arquivo\/em-audiencia-publica-ex-prefeitos-criticam-falta-de-transparencia-na-gestao-marchezan\/","og:image":"https:\/\/www.jornalja.com.br\/economics\/wp-content\/uploads\/sites\/11\/2026\/08\/ja-folhaderosto-facebook.jpg","og:image:secure_url":"https:\/\/www.jornalja.com.br\/economics\/wp-content\/uploads\/sites\/11\/2026\/08\/ja-folhaderosto-facebook.jpg","article:published_time":"2017-08-22T13:45:05+00:00","article:modified_time":"2017-08-22T13:45:05+00:00","twitter:card":"summary","twitter:title":"Em audi\u00eancia p\u00fablica, ex-prefeitos criticam falta de transpar\u00eancia na gest\u00e3o Marchezan | Arquivo","twitter:image":"https:\/\/www.jornalja.com.br\/economics\/wp-content\/uploads\/sites\/11\/2026\/08\/ja-folhaderosto-facebook.jpg"},"aioseo_meta_data":{"post_id":"53915","title":null,"description":null,"keywords":null,"keyphrases":null,"primary_term":null,"canonical_url":null,"og_title":null,"og_description":null,"og_object_type":"default","og_image_type":"default","og_image_url":null,"og_image_width":null,"og_image_height":null,"og_image_custom_url":null,"og_image_custom_fields":null,"og_video":null,"og_custom_url":null,"og_article_section":null,"og_article_tags":null,"twitter_use_og":false,"twitter_card":"default","twitter_image_type":"default","twitter_image_url":null,"twitter_image_custom_url":null,"twitter_image_custom_fields":null,"twitter_title":null,"twitter_description":null,"schema":{"blockGraphs":[],"customGraphs":[],"default":{"data":{"Article":[],"Course":[],"Dataset":[],"FAQPage":[],"Movie":[],"Person":[],"Product":[],"ProductReview":[],"Car":[],"Recipe":[],"Service":[],"SoftwareApplication":[],"WebPage":[]},"graphName":"","isEnabled":true},"graphs":[],"defaultGraph":"","defaultPostTypeGraph":""},"schema_type":null,"schema_type_options":null,"pillar_content":false,"robots_default":true,"robots_noindex":false,"robots_noarchive":false,"robots_nosnippet":false,"robots_nofollow":false,"robots_noimageindex":false,"robots_noodp":false,"robots_notranslate":false,"robots_max_snippet":null,"robots_max_videopreview":null,"robots_max_imagepreview":"large","priority":null,"frequency":null,"location":null,"local_seo":null,"breadcrumb_settings":null,"limit_modified_date":false,"ai":null,"created":"2020-12-20 20:26:02","updated":"2025-07-20 00:32:36","seo_analyzer_scan_date":null,"focus_keyword":null,"additional_keywords":null,"truseo_locale":null},"jetpack_sharing_enabled":true,"jetpack-related-posts":[{"id":13128,"url":"https:\/\/www.jornalja.com.br\/arquivo\/maconha-terra-diz-que-uso-medicinal-e-desculpa\/","url_meta":{"origin":53915,"position":0},"title":"Maconha: Terra diz que uso medicinal \u00e9 desculpa","author":"Patr\u00edcia Marini","date":"4 de junho de 2014","format":false,"excerpt":"A condi\u00e7\u00e3o de pol\u00edtico, em \u00e9poca de campanha de campanha eleitoral, tira for\u00e7a do discurso do m\u00e9dico Osmar Terra contra a legaliza\u00e7\u00e3o da maconha. A tese dele de que a libera\u00e7\u00e3o vai ampliar exponencialmente o consumo \u00e9 discutivel, o consumo \u00e9 corrente. Mas seus alertas quanto aos riscos tem que\u2026","rel":"","context":"Em &quot;X.Categorias velhas&quot;","block_context":{"text":"X.Categorias velhas","link":"https:\/\/www.jornalja.com.br\/arquivo\/category\/x-categorias-velhas\/"},"img":{"alt_text":"","src":"","width":0,"height":0},"classes":[]},{"id":14241,"url":"https:\/\/www.jornalja.com.br\/arquivo\/o-guaiba-nas-imagens-poeticas-de-achutti\/","url_meta":{"origin":53915,"position":1},"title":"O Gua\u00edba nas imagens po\u00e9ticas de Achutti","author":"da Reda\u00e7\u00e3o","date":"18 de junho de 2014","format":false,"excerpt":"Em \u201cO Gua\u00edba por Achutti\u201d \u2013 obra financiada via Minist\u00e9rio da Cultura, produ\u00e7\u00e3o executiva de Pedro Longhi, e Fl\u00e1vio Wild como designer \u2013, o fot\u00f3grafo revela a beleza e as mazelas de um espa\u00e7o aqu\u00e1tico de \u00e1guas sempre renovadas, cheio de hist\u00f3rias e lendas como as das cidades que foram\u2026","rel":"","context":"Em &quot;Cultura-Geral&quot;","block_context":{"text":"Cultura-Geral","link":"https:\/\/www.jornalja.com.br\/arquivo\/category\/materiasecundaria\/"},"img":{"alt_text":"","src":"","width":0,"height":0},"classes":[]},{"id":13109,"url":"https:\/\/www.jornalja.com.br\/arquivo\/judiciario-reconhece-poluicao-eletromagnetica\/","url_meta":{"origin":53915,"position":2},"title":"Judici\u00e1rio reconhece polui\u00e7\u00e3o eletromagn\u00e9tica","author":"Patr\u00edcia Marini","date":"16 de maio de 2014","format":false,"excerpt":"A\u00e7\u00e3o de duas associa\u00e7\u00f5es de moradores foi acolhida pelo Tribunal de Justi\u00e7a de S\u00e3o Paulo que. em decis\u00e3o in\u00e9dita, determinou a redu\u00e7\u00e3o do campo eletromagn\u00e9tico gerado pelas linhas de transmiss\u00e3o de energia que cortam os bairros City Boa\u00e7ava e Alto de Pinheiros. \u00c9 a primeira vez que um tribunal do\u2026","rel":"","context":"Em &quot;X.Categorias velhas&quot;","block_context":{"text":"X.Categorias velhas","link":"https:\/\/www.jornalja.com.br\/arquivo\/category\/x-categorias-velhas\/"},"img":{"alt_text":"","src":"","width":0,"height":0},"classes":[]},{"id":13240,"url":"https:\/\/www.jornalja.com.br\/arquivo\/plano-diretor-estamos-construindo-o-caos\/","url_meta":{"origin":53915,"position":3},"title":"Plano diretor: &quot;Estamos construindo o caos&quot;","author":"Patr\u00edcia Marini","date":"26 de maio de 2014","format":false,"excerpt":"Desabafo que arquiteta Eliana Castilhos, delegada da Regi\u00e3o de Planejamento 1, postou nas redes sociais \u00e9 um testemunho do ambiente que se criou no Conselho do Plano Diretor de Porto Alegre, onde a aprova\u00e7\u00e3o de grandes empreendimentos \u00e9 empurrada guela abaixo dos conselheiros. Ao CMDUA Como delegada da Regi\u00e3o de\u2026","rel":"","context":"Em &quot;Geral&quot;","block_context":{"text":"Geral","link":"https:\/\/www.jornalja.com.br\/arquivo\/category\/geral\/"},"img":{"alt_text":"","src":"","width":0,"height":0},"classes":[]},{"id":13101,"url":"https:\/\/www.jornalja.com.br\/arquivo\/morre-um-guerreiro-do-texto\/","url_meta":{"origin":53915,"position":4},"title":"Morre um guerreiro do texto","author":"Patr\u00edcia Marini","date":"14 de maio de 2014","format":false,"excerpt":"Por Ricardo Kotscho Reproduzido do blog do autor, 11\/5\/2014; t\u00edtulo original \u201cE l\u00e1 se foi o nosso Myltainho, guerreiro do texto\u201d. Mi\u00fado e franzino, meu amigo Myltainho era um valente e inconformado guerreiro na luta contra as injusti\u00e7as sociais, a hipocrisia, as maracutaias, o autoritarismo, a intoler\u00e2ncia, a viol\u00eancia, o\u2026","rel":"","context":"Em &quot;Geral&quot;","block_context":{"text":"Geral","link":"https:\/\/www.jornalja.com.br\/arquivo\/category\/geral\/"},"img":{"alt_text":"","src":"","width":0,"height":0},"classes":[]},{"id":13124,"url":"https:\/\/www.jornalja.com.br\/arquivo\/sangue-latino-no-iecine\/","url_meta":{"origin":53915,"position":5},"title":"Sangue latino no IECINE","author":"da Reda\u00e7\u00e3o","date":"18 de maio de 2014","format":false,"excerpt":"Francisco Ribeiro O Instituto Estadual de Cinema (IECINE) tem a frente, desde abril \u00faltimo, um novo diretor, o cineasta colombiano Juan Zapata, 36, que substitui Luiz Alberto Cassol. Radicado h\u00e1 dez anos em Porto Alegre, Zapata tem diante de si o desafio de conduzir at\u00e9 o final do ano um\u2026","rel":"","context":"Em &quot;Cultura-Geral&quot;","block_context":{"text":"Cultura-Geral","link":"https:\/\/www.jornalja.com.br\/arquivo\/category\/materiasecundaria\/"},"img":{"alt_text":"","src":"","width":0,"height":0},"classes":[]}],"jetpack_shortlink":"https:\/\/wp.me\/pbQjBd-e1B","jetpack_featured_media_url":"","_links":{"self":[{"href":"https:\/\/www.jornalja.com.br\/arquivo\/wp-json\/wp\/v2\/posts\/53915","targetHints":{"allow":["GET"]}}],"collection":[{"href":"https:\/\/www.jornalja.com.br\/arquivo\/wp-json\/wp\/v2\/posts"}],"about":[{"href":"https:\/\/www.jornalja.com.br\/arquivo\/wp-json\/wp\/v2\/types\/post"}],"author":[{"embeddable":true,"href":"https:\/\/www.jornalja.com.br\/arquivo\/wp-json\/wp\/v2\/users\/4"}],"replies":[{"embeddable":true,"href":"https:\/\/www.jornalja.com.br\/arquivo\/wp-json\/wp\/v2\/comments?post=53915"}],"version-history":[{"count":0,"href":"https:\/\/www.jornalja.com.br\/arquivo\/wp-json\/wp\/v2\/posts\/53915\/revisions"}],"wp:attachment":[{"href":"https:\/\/www.jornalja.com.br\/arquivo\/wp-json\/wp\/v2\/media?parent=53915"}],"wp:term":[{"taxonomy":"category","embeddable":true,"href":"https:\/\/www.jornalja.com.br\/arquivo\/wp-json\/wp\/v2\/categories?post=53915"},{"taxonomy":"post_tag","embeddable":true,"href":"https:\/\/www.jornalja.com.br\/arquivo\/wp-json\/wp\/v2\/tags?post=53915"}],"curies":[{"name":"wp","href":"https:\/\/api.w.org\/{rel}","templated":true}]}}