{"id":53920,"date":"2017-08-21T17:45:00","date_gmt":"2017-08-21T20:45:00","guid":{"rendered":"https:\/\/www.jornalja.com.br\/?p=53920"},"modified":"2017-08-21T17:45:00","modified_gmt":"2017-08-21T20:45:00","slug":"orcamento-municipal-preve-deficit-de-r-701-milhoes-em-2018","status":"publish","type":"post","link":"https:\/\/www.jornalja.com.br\/arquivo\/orcamento-municipal-preve-deficit-de-r-701-milhoes-em-2018\/","title":{"rendered":"Or\u00e7amento municipal prev\u00ea d\u00e9ficit de R$ 701 milh\u00f5es em 2018"},"content":{"rendered":"<p>O Executivo Municipal de Porto Alegre encaminhou na segunda-feira, 21\/08, o projeto da Lei de Diretrizes Or\u00e7ament\u00e1rias (LDO) para 2018 \u00e0 C\u00e2mara Municipal de Vereadores. Pela proposta, o d\u00e9ficit or\u00e7ament\u00e1rio \u00e9 da ordem de R$ 701 milh\u00f5es. As despesas ficam na casa dos R$ 7,191 bilh\u00f5es.<br \/>\nNesta ter\u00e7a, o\u00a0secret\u00e1rio de Planejamento e Gest\u00e3o, Jos\u00e9 Alfredo\u00a0Parode esteve novamente na C\u00e2mara, desta vez na Cefor (Comiss\u00e3o de Finan\u00e7as e Or\u00e7amento). \u201cPela primeira vez a LDO demonstra a realidade financeira da prefeitura, que tem uma previs\u00e3o de d\u00e9ficit que ultrapassa os R$ 701 milh\u00f5es, lan\u00e7ado em um campo de receitas extraordin\u00e1rias, criado para mostrar o esfor\u00e7o que o Executivo, o Legislativo e o conjunto da sociedade ter\u00e3o pela frente para encontrar o equil\u00edbrio financeiro das contas p\u00fablicas\u201d, disse.<br \/>\nA proposta foi aprovada em assembleia do Conselho do Or\u00e7amento Participativo (COP) em 1\u00ba de agosto. O prefeito em exerc\u00edcio, Gustavo Paim, entregou a proposta ao presidente do Legislativo, vereador C\u00e1ssio Trogildo.<br \/>\nParode disse que o equil\u00edbrio das contas vai depender tanto de a\u00e7\u00f5es na receita quanto despesa, al\u00e9m de projetos que j\u00e1 foram encaminhados e outros que ainda dever\u00e3o ser encaminhados. \u201cSe n\u00e3o houver o equil\u00edbrio das contas, a assist\u00eancia poder\u00e1 se precarizar cada vez mais, principalmente para os cidad\u00e3os que mais precisam\u201d.<br \/>\nA estimativa de receita tribut\u00e1ria \u00e9 de R$ 2,17 bilh\u00f5es, e a receita de transfer\u00eancias correntes \u00e9 de R$ 2,32 bilh\u00f5es. As opera\u00e7\u00f5es de cr\u00e9dito poder\u00e3o chegar a R$ 228,13 milh\u00f5es.<br \/>\nEm outra frente, a despesa de pessoal est\u00e1 projetada em R$ 3,62 bilh\u00f5es, e as outras despesas correntes em R$ 2,24 bilh\u00f5es.<br \/>\nO Executivo Municipal alerta que no primeiro quadrimestre de 2017 a despesa de pessoal ficou em 51,07%, e o limite prudencial da Lei de Responsabilidade Fiscal \u00e9 de 51,3%.<br \/>\nOs investimentos poder\u00e3o somar R$ 554,33 milh\u00f5es, basicamente com opera\u00e7\u00f5es de cr\u00e9dito, conv\u00eanios e recursos vinculados. As invers\u00f5es financeiras poder\u00e3o chegar a R$ 114,72 milh\u00f5es e a amortiza\u00e7\u00e3o da d\u00edvida ser\u00e1 de R$ 215,51 milh\u00f5es.<br \/>\n<span class=\"intertit\">Marchezan est\u00e1 em\u00a0Bras\u00edlia em busca de recursos<\/span><br \/>\nMarchezan foi na segunda para Bras\u00edlia, onde fica at\u00e9 quarta-feira, 23. \u00a0O<a href=\"https:\/\/www.jornalja.com.br\/marchezan-vai-a-brasilia-negociar-investimentos-para-porto-alegre\/\">\u00a0prefeito ter\u00e1 uma sequ\u00eancia de reuni\u00f5es <\/a>com o objetivo de negociar recursos do governo federal para projetos de qualifica\u00e7\u00e3o dos servi\u00e7os e para investimentos em obras de infraestrutura, envolvendo conv\u00eanios e propostas registradas no Sistema de Conv\u00eanios (Siconv) da Uni\u00e3o.<br \/>\nSa\u00fade, educa\u00e7\u00e3o, seguran\u00e7a, infraestrutura e turismo est\u00e3o na pauta da viagem do prefeito Nelson Marchezan J\u00fanior.<\/p>\n","protected":false},"excerpt":{"rendered":"<p>O Executivo Municipal de Porto Alegre encaminhou na segunda-feira, 21\/08, o projeto da Lei de Diretrizes Or\u00e7ament\u00e1rias (LDO) para 2018 \u00e0 C\u00e2mara Municipal de Vereadores. Pela proposta, o d\u00e9ficit or\u00e7ament\u00e1rio \u00e9 da ordem de R$ 701 milh\u00f5es. As despesas ficam na casa dos R$ 7,191 bilh\u00f5es. Nesta ter\u00e7a, o\u00a0secret\u00e1rio de Planejamento e Gest\u00e3o, Jos\u00e9 Alfredo\u00a0Parode [&hellip;]<\/p>\n","protected":false},"author":4,"featured_media":53921,"comment_status":"open","ping_status":"closed","sticky":false,"template":"","format":"standard","meta":{"_jetpack_newsletter_access":"","_jetpack_dont_email_post_to_subs":false,"_jetpack_newsletter_tier_id":0,"_jetpack_memberships_contains_paywalled_content":false,"_jetpack_feature_clip_id":0,"_jetpack_memberships_contains_paid_content":false,"footnotes":"","jetpack_post_was_ever_published":false},"categories":[26],"tags":[],"class_list":["post-53920","post","type-post","status-publish","format-standard","has-post-thumbnail","hentry","category-geral"],"aioseo_notices":[],"aioseo_head":"\n\t\t<!-- All in One SEO 5.0.1.1 - aioseo.com -->\n\t<meta name=\"robots\" content=\"max-image-preview:large\" \/>\n\t<meta name=\"author\" content=\"da Reda\u00e7\u00e3o\"\/>\n\t<link rel=\"canonical\" href=\"https:\/\/www.jornalja.com.br\/arquivo\/orcamento-municipal-preve-deficit-de-r-701-milhoes-em-2018\/\" \/>\n\t<meta name=\"generator\" content=\"All in One SEO (AIOSEO) 5.0.1.1\" \/>\n\t\t<meta property=\"og:locale\" content=\"pt_BR\" \/>\n\t\t<meta property=\"og:site_name\" content=\"Arquivo | Jornal J\u00c1 | Porto Alegre\" \/>\n\t\t<meta property=\"og:type\" content=\"article\" \/>\n\t\t<meta property=\"og:title\" content=\"Or\u00e7amento municipal prev\u00ea d\u00e9ficit de R$ 701 milh\u00f5es em 2018 | Arquivo\" \/>\n\t\t<meta property=\"og:url\" content=\"https:\/\/www.jornalja.com.br\/arquivo\/orcamento-municipal-preve-deficit-de-r-701-milhoes-em-2018\/\" \/>\n\t\t<meta property=\"og:image\" content=\"https:\/\/www.jornalja.com.br\/economics\/wp-content\/uploads\/sites\/11\/2026\/08\/ja-folhaderosto-facebook.jpg\" \/>\n\t\t<meta property=\"og:image:secure_url\" content=\"https:\/\/www.jornalja.com.br\/economics\/wp-content\/uploads\/sites\/11\/2026\/08\/ja-folhaderosto-facebook.jpg\" \/>\n\t\t<meta property=\"article:published_time\" content=\"2017-08-21T20:45:00+00:00\" \/>\n\t\t<meta property=\"article:modified_time\" content=\"2017-08-21T20:45:00+00:00\" \/>\n\t\t<meta name=\"twitter:card\" content=\"summary\" \/>\n\t\t<meta name=\"twitter:title\" content=\"Or\u00e7amento municipal prev\u00ea d\u00e9ficit de R$ 701 milh\u00f5es em 2018 | Arquivo\" \/>\n\t\t<meta name=\"twitter:image\" content=\"https:\/\/www.jornalja.com.br\/economics\/wp-content\/uploads\/sites\/11\/2026\/08\/ja-folhaderosto-facebook.jpg\" \/>\n\t\t<script type=\"application\/ld+json\" class=\"aioseo-schema\">\n\t\t\t{\"@context\":\"https:\\\/\\\/schema.org\",\"@graph\":[{\"@type\":\"BlogPosting\",\"@id\":\"https:\\\/\\\/www.jornalja.com.br\\\/arquivo\\\/orcamento-municipal-preve-deficit-de-r-701-milhoes-em-2018\\\/#blogposting\",\"name\":\"Or\\u00e7amento municipal prev\\u00ea d\\u00e9ficit de R$ 701 milh\\u00f5es em 2018 | Arquivo\",\"headline\":\"Or\\u00e7amento municipal prev\\u00ea d\\u00e9ficit de R$ 701 milh\\u00f5es em 2018\",\"author\":{\"@id\":\"https:\\\/\\\/www.jornalja.com.br\\\/arquivo\\\/author\\\/daredacao\\\/#author\"},\"publisher\":{\"@id\":\"https:\\\/\\\/www.jornalja.com.br\\\/arquivo\\\/#organization\"},\"image\":{\"@type\":\"ImageObject\",\"url\":53921},\"datePublished\":\"2017-08-21T17:45:00-03:00\",\"dateModified\":\"2017-08-21T17:45:00-03:00\",\"inLanguage\":\"pt-BR\",\"mainEntityOfPage\":{\"@id\":\"https:\\\/\\\/www.jornalja.com.br\\\/arquivo\\\/orcamento-municipal-preve-deficit-de-r-701-milhoes-em-2018\\\/#webpage\"},\"isPartOf\":{\"@id\":\"https:\\\/\\\/www.jornalja.com.br\\\/arquivo\\\/orcamento-municipal-preve-deficit-de-r-701-milhoes-em-2018\\\/#webpage\"},\"articleSection\":\"Geral\"},{\"@type\":\"BreadcrumbList\",\"@id\":\"https:\\\/\\\/www.jornalja.com.br\\\/arquivo\\\/orcamento-municipal-preve-deficit-de-r-701-milhoes-em-2018\\\/#breadcrumblist\",\"itemListElement\":[{\"@type\":\"ListItem\",\"@id\":\"https:\\\/\\\/www.jornalja.com.br\\\/arquivo#listItem\",\"position\":1,\"name\":\"Home\",\"item\":\"https:\\\/\\\/www.jornalja.com.br\\\/arquivo\",\"nextItem\":{\"@type\":\"ListItem\",\"@id\":\"https:\\\/\\\/www.jornalja.com.br\\\/arquivo\\\/category\\\/geral\\\/#listItem\",\"name\":\"Geral\"}},{\"@type\":\"ListItem\",\"@id\":\"https:\\\/\\\/www.jornalja.com.br\\\/arquivo\\\/category\\\/geral\\\/#listItem\",\"position\":2,\"name\":\"Geral\",\"item\":\"https:\\\/\\\/www.jornalja.com.br\\\/arquivo\\\/category\\\/geral\\\/\",\"nextItem\":{\"@type\":\"ListItem\",\"@id\":\"https:\\\/\\\/www.jornalja.com.br\\\/arquivo\\\/orcamento-municipal-preve-deficit-de-r-701-milhoes-em-2018\\\/#listItem\",\"name\":\"Or\\u00e7amento municipal prev\\u00ea d\\u00e9ficit de R$ 701 milh\\u00f5es em 2018\"},\"previousItem\":{\"@type\":\"ListItem\",\"@id\":\"https:\\\/\\\/www.jornalja.com.br\\\/arquivo#listItem\",\"name\":\"Home\"}},{\"@type\":\"ListItem\",\"@id\":\"https:\\\/\\\/www.jornalja.com.br\\\/arquivo\\\/orcamento-municipal-preve-deficit-de-r-701-milhoes-em-2018\\\/#listItem\",\"position\":3,\"name\":\"Or\\u00e7amento municipal prev\\u00ea d\\u00e9ficit de R$ 701 milh\\u00f5es em 2018\",\"previousItem\":{\"@type\":\"ListItem\",\"@id\":\"https:\\\/\\\/www.jornalja.com.br\\\/arquivo\\\/category\\\/geral\\\/#listItem\",\"name\":\"Geral\"}}]},{\"@type\":\"Organization\",\"@id\":\"https:\\\/\\\/www.jornalja.com.br\\\/arquivo\\\/#organization\",\"name\":\"Jornal J\\u00c1\",\"description\":\"Jornal J\\u00c1 | Porto Alegre\",\"url\":\"https:\\\/\\\/www.jornalja.com.br\\\/arquivo\\\/\",\"telephone\":\"+555133307272\",\"logo\":{\"@type\":\"ImageObject\",\"url\":\"https:\\\/\\\/www.jornalja.com.br\\\/wp-content\\\/uploads\\\/cards\\\/JAslogan.png\",\"@id\":\"https:\\\/\\\/www.jornalja.com.br\\\/arquivo\\\/orcamento-municipal-preve-deficit-de-r-701-milhoes-em-2018\\\/#organizationLogo\"},\"image\":{\"@id\":\"https:\\\/\\\/www.jornalja.com.br\\\/arquivo\\\/orcamento-municipal-preve-deficit-de-r-701-milhoes-em-2018\\\/#organizationLogo\"}},{\"@type\":\"Person\",\"@id\":\"https:\\\/\\\/www.jornalja.com.br\\\/arquivo\\\/author\\\/daredacao\\\/#author\",\"url\":\"https:\\\/\\\/www.jornalja.com.br\\\/arquivo\\\/author\\\/daredacao\\\/\",\"name\":\"da Reda\\u00e7\\u00e3o\",\"image\":{\"@type\":\"ImageObject\",\"@id\":\"https:\\\/\\\/www.jornalja.com.br\\\/arquivo\\\/orcamento-municipal-preve-deficit-de-r-701-milhoes-em-2018\\\/#authorImage\",\"url\":\"https:\\\/\\\/secure.gravatar.com\\\/avatar\\\/469fd857d6605ad19919d27ed29d35a968a25f6e8fd9318356bbb7f57aae9c65?s=96&d=mm&r=g\",\"width\":96,\"height\":96,\"caption\":\"da Reda\\u00e7\\u00e3o\"}},{\"@type\":\"WebPage\",\"@id\":\"https:\\\/\\\/www.jornalja.com.br\\\/arquivo\\\/orcamento-municipal-preve-deficit-de-r-701-milhoes-em-2018\\\/#webpage\",\"url\":\"https:\\\/\\\/www.jornalja.com.br\\\/arquivo\\\/orcamento-municipal-preve-deficit-de-r-701-milhoes-em-2018\\\/\",\"name\":\"Or\\u00e7amento municipal prev\\u00ea d\\u00e9ficit de R$ 701 milh\\u00f5es em 2018 | Arquivo\",\"inLanguage\":\"pt-BR\",\"isPartOf\":{\"@id\":\"https:\\\/\\\/www.jornalja.com.br\\\/arquivo\\\/#website\"},\"breadcrumb\":{\"@id\":\"https:\\\/\\\/www.jornalja.com.br\\\/arquivo\\\/orcamento-municipal-preve-deficit-de-r-701-milhoes-em-2018\\\/#breadcrumblist\"},\"author\":{\"@id\":\"https:\\\/\\\/www.jornalja.com.br\\\/arquivo\\\/author\\\/daredacao\\\/#author\"},\"creator\":{\"@id\":\"https:\\\/\\\/www.jornalja.com.br\\\/arquivo\\\/author\\\/daredacao\\\/#author\"},\"image\":{\"@type\":\"ImageObject\",\"url\":53921,\"@id\":\"https:\\\/\\\/www.jornalja.com.br\\\/arquivo\\\/orcamento-municipal-preve-deficit-de-r-701-milhoes-em-2018\\\/#mainImage\"},\"primaryImageOfPage\":{\"@id\":\"https:\\\/\\\/www.jornalja.com.br\\\/arquivo\\\/orcamento-municipal-preve-deficit-de-r-701-milhoes-em-2018\\\/#mainImage\"},\"datePublished\":\"2017-08-21T17:45:00-03:00\",\"dateModified\":\"2017-08-21T17:45:00-03:00\"},{\"@type\":\"WebSite\",\"@id\":\"https:\\\/\\\/www.jornalja.com.br\\\/arquivo\\\/#website\",\"url\":\"https:\\\/\\\/www.jornalja.com.br\\\/arquivo\\\/\",\"name\":\"Arquivo\",\"description\":\"Jornal J\\u00c1 | Porto Alegre\",\"inLanguage\":\"pt-BR\",\"publisher\":{\"@id\":\"https:\\\/\\\/www.jornalja.com.br\\\/arquivo\\\/#organization\"}}]}\n\t\t<\/script>\n\t\t<!-- All in One SEO -->\n\n","aioseo_head_json":{"title":"Or\u00e7amento municipal prev\u00ea d\u00e9ficit de R$ 701 milh\u00f5es em 2018 | Arquivo","description":"","canonical_url":"https:\/\/www.jornalja.com.br\/arquivo\/orcamento-municipal-preve-deficit-de-r-701-milhoes-em-2018\/","robots":"max-image-preview:large","keywords":"","webmasterTools":{"miscellaneous":""},"schema":{"@context":"https:\/\/schema.org","@graph":[{"@type":"BlogPosting","@id":"https:\/\/www.jornalja.com.br\/arquivo\/orcamento-municipal-preve-deficit-de-r-701-milhoes-em-2018\/#blogposting","name":"Or\u00e7amento municipal prev\u00ea d\u00e9ficit de R$ 701 milh\u00f5es em 2018 | Arquivo","headline":"Or\u00e7amento municipal prev\u00ea d\u00e9ficit de R$ 701 milh\u00f5es em 2018","author":{"@id":"https:\/\/www.jornalja.com.br\/arquivo\/author\/daredacao\/#author"},"publisher":{"@id":"https:\/\/www.jornalja.com.br\/arquivo\/#organization"},"image":{"@type":"ImageObject","url":53921},"datePublished":"2017-08-21T17:45:00-03:00","dateModified":"2017-08-21T17:45:00-03:00","inLanguage":"pt-BR","mainEntityOfPage":{"@id":"https:\/\/www.jornalja.com.br\/arquivo\/orcamento-municipal-preve-deficit-de-r-701-milhoes-em-2018\/#webpage"},"isPartOf":{"@id":"https:\/\/www.jornalja.com.br\/arquivo\/orcamento-municipal-preve-deficit-de-r-701-milhoes-em-2018\/#webpage"},"articleSection":"Geral"},{"@type":"BreadcrumbList","@id":"https:\/\/www.jornalja.com.br\/arquivo\/orcamento-municipal-preve-deficit-de-r-701-milhoes-em-2018\/#breadcrumblist","itemListElement":[{"@type":"ListItem","@id":"https:\/\/www.jornalja.com.br\/arquivo#listItem","position":1,"name":"Home","item":"https:\/\/www.jornalja.com.br\/arquivo","nextItem":{"@type":"ListItem","@id":"https:\/\/www.jornalja.com.br\/arquivo\/category\/geral\/#listItem","name":"Geral"}},{"@type":"ListItem","@id":"https:\/\/www.jornalja.com.br\/arquivo\/category\/geral\/#listItem","position":2,"name":"Geral","item":"https:\/\/www.jornalja.com.br\/arquivo\/category\/geral\/","nextItem":{"@type":"ListItem","@id":"https:\/\/www.jornalja.com.br\/arquivo\/orcamento-municipal-preve-deficit-de-r-701-milhoes-em-2018\/#listItem","name":"Or\u00e7amento municipal prev\u00ea d\u00e9ficit de R$ 701 milh\u00f5es em 2018"},"previousItem":{"@type":"ListItem","@id":"https:\/\/www.jornalja.com.br\/arquivo#listItem","name":"Home"}},{"@type":"ListItem","@id":"https:\/\/www.jornalja.com.br\/arquivo\/orcamento-municipal-preve-deficit-de-r-701-milhoes-em-2018\/#listItem","position":3,"name":"Or\u00e7amento municipal prev\u00ea d\u00e9ficit de R$ 701 milh\u00f5es em 2018","previousItem":{"@type":"ListItem","@id":"https:\/\/www.jornalja.com.br\/arquivo\/category\/geral\/#listItem","name":"Geral"}}]},{"@type":"Organization","@id":"https:\/\/www.jornalja.com.br\/arquivo\/#organization","name":"Jornal J\u00c1","description":"Jornal J\u00c1 | Porto Alegre","url":"https:\/\/www.jornalja.com.br\/arquivo\/","telephone":"+555133307272","logo":{"@type":"ImageObject","url":"https:\/\/www.jornalja.com.br\/wp-content\/uploads\/cards\/JAslogan.png","@id":"https:\/\/www.jornalja.com.br\/arquivo\/orcamento-municipal-preve-deficit-de-r-701-milhoes-em-2018\/#organizationLogo"},"image":{"@id":"https:\/\/www.jornalja.com.br\/arquivo\/orcamento-municipal-preve-deficit-de-r-701-milhoes-em-2018\/#organizationLogo"}},{"@type":"Person","@id":"https:\/\/www.jornalja.com.br\/arquivo\/author\/daredacao\/#author","url":"https:\/\/www.jornalja.com.br\/arquivo\/author\/daredacao\/","name":"da Reda\u00e7\u00e3o","image":{"@type":"ImageObject","@id":"https:\/\/www.jornalja.com.br\/arquivo\/orcamento-municipal-preve-deficit-de-r-701-milhoes-em-2018\/#authorImage","url":"https:\/\/secure.gravatar.com\/avatar\/469fd857d6605ad19919d27ed29d35a968a25f6e8fd9318356bbb7f57aae9c65?s=96&d=mm&r=g","width":96,"height":96,"caption":"da Reda\u00e7\u00e3o"}},{"@type":"WebPage","@id":"https:\/\/www.jornalja.com.br\/arquivo\/orcamento-municipal-preve-deficit-de-r-701-milhoes-em-2018\/#webpage","url":"https:\/\/www.jornalja.com.br\/arquivo\/orcamento-municipal-preve-deficit-de-r-701-milhoes-em-2018\/","name":"Or\u00e7amento municipal prev\u00ea d\u00e9ficit de R$ 701 milh\u00f5es em 2018 | Arquivo","inLanguage":"pt-BR","isPartOf":{"@id":"https:\/\/www.jornalja.com.br\/arquivo\/#website"},"breadcrumb":{"@id":"https:\/\/www.jornalja.com.br\/arquivo\/orcamento-municipal-preve-deficit-de-r-701-milhoes-em-2018\/#breadcrumblist"},"author":{"@id":"https:\/\/www.jornalja.com.br\/arquivo\/author\/daredacao\/#author"},"creator":{"@id":"https:\/\/www.jornalja.com.br\/arquivo\/author\/daredacao\/#author"},"image":{"@type":"ImageObject","url":53921,"@id":"https:\/\/www.jornalja.com.br\/arquivo\/orcamento-municipal-preve-deficit-de-r-701-milhoes-em-2018\/#mainImage"},"primaryImageOfPage":{"@id":"https:\/\/www.jornalja.com.br\/arquivo\/orcamento-municipal-preve-deficit-de-r-701-milhoes-em-2018\/#mainImage"},"datePublished":"2017-08-21T17:45:00-03:00","dateModified":"2017-08-21T17:45:00-03:00"},{"@type":"WebSite","@id":"https:\/\/www.jornalja.com.br\/arquivo\/#website","url":"https:\/\/www.jornalja.com.br\/arquivo\/","name":"Arquivo","description":"Jornal J\u00c1 | Porto Alegre","inLanguage":"pt-BR","publisher":{"@id":"https:\/\/www.jornalja.com.br\/arquivo\/#organization"}}]},"og:locale":"pt_BR","og:site_name":"Arquivo | Jornal J\u00c1 | Porto Alegre","og:type":"article","og:title":"Or\u00e7amento municipal prev\u00ea d\u00e9ficit de R$ 701 milh\u00f5es em 2018 | Arquivo","og:url":"https:\/\/www.jornalja.com.br\/arquivo\/orcamento-municipal-preve-deficit-de-r-701-milhoes-em-2018\/","og:image":"https:\/\/www.jornalja.com.br\/economics\/wp-content\/uploads\/sites\/11\/2026\/08\/ja-folhaderosto-facebook.jpg","og:image:secure_url":"https:\/\/www.jornalja.com.br\/economics\/wp-content\/uploads\/sites\/11\/2026\/08\/ja-folhaderosto-facebook.jpg","article:published_time":"2017-08-21T20:45:00+00:00","article:modified_time":"2017-08-21T20:45:00+00:00","twitter:card":"summary","twitter:title":"Or\u00e7amento municipal prev\u00ea d\u00e9ficit de R$ 701 milh\u00f5es em 2018 | Arquivo","twitter:image":"https:\/\/www.jornalja.com.br\/economics\/wp-content\/uploads\/sites\/11\/2026\/08\/ja-folhaderosto-facebook.jpg"},"aioseo_meta_data":{"post_id":"53920","title":null,"description":null,"keywords":null,"keyphrases":null,"primary_term":null,"canonical_url":null,"og_title":null,"og_description":null,"og_object_type":"default","og_image_type":"default","og_image_url":null,"og_image_width":null,"og_image_height":null,"og_image_custom_url":null,"og_image_custom_fields":null,"og_video":null,"og_custom_url":null,"og_article_section":null,"og_article_tags":null,"twitter_use_og":false,"twitter_card":"default","twitter_image_type":"default","twitter_image_url":null,"twitter_image_custom_url":null,"twitter_image_custom_fields":null,"twitter_title":null,"twitter_description":null,"schema":{"blockGraphs":[],"customGraphs":[],"default":{"data":{"Article":[],"Course":[],"Dataset":[],"FAQPage":[],"Movie":[],"Person":[],"Product":[],"ProductReview":[],"Car":[],"Recipe":[],"Service":[],"SoftwareApplication":[],"WebPage":[]},"graphName":"","isEnabled":true},"graphs":[],"defaultGraph":"","defaultPostTypeGraph":""},"schema_type":null,"schema_type_options":null,"pillar_content":false,"robots_default":true,"robots_noindex":false,"robots_noarchive":false,"robots_nosnippet":false,"robots_nofollow":false,"robots_noimageindex":false,"robots_noodp":false,"robots_notranslate":false,"robots_max_snippet":null,"robots_max_videopreview":null,"robots_max_imagepreview":"large","priority":null,"frequency":null,"location":null,"local_seo":null,"breadcrumb_settings":null,"limit_modified_date":false,"ai":null,"created":"2020-12-20 20:26:02","updated":"2025-07-20 00:30:11","seo_analyzer_scan_date":null,"focus_keyword":null,"additional_keywords":null,"truseo_locale":null},"jetpack_sharing_enabled":true,"jetpack-related-posts":[{"id":13109,"url":"https:\/\/www.jornalja.com.br\/arquivo\/judiciario-reconhece-poluicao-eletromagnetica\/","url_meta":{"origin":53920,"position":0},"title":"Judici\u00e1rio reconhece polui\u00e7\u00e3o eletromagn\u00e9tica","author":"Patr\u00edcia Marini","date":"16 de maio de 2014","format":false,"excerpt":"A\u00e7\u00e3o de duas associa\u00e7\u00f5es de moradores foi acolhida pelo Tribunal de Justi\u00e7a de S\u00e3o Paulo que. em decis\u00e3o in\u00e9dita, determinou a redu\u00e7\u00e3o do campo eletromagn\u00e9tico gerado pelas linhas de transmiss\u00e3o de energia que cortam os bairros City Boa\u00e7ava e Alto de Pinheiros. \u00c9 a primeira vez que um tribunal do\u2026","rel":"","context":"Em &quot;X.Categorias velhas&quot;","block_context":{"text":"X.Categorias velhas","link":"https:\/\/www.jornalja.com.br\/arquivo\/category\/x-categorias-velhas\/"},"img":{"alt_text":"","src":"","width":0,"height":0},"classes":[]},{"id":5440,"url":"https:\/\/www.jornalja.com.br\/arquivo\/casarao-da-venancio-destino-permanece-incerto\/","url_meta":{"origin":53920,"position":1},"title":"Estado ainda n\u00e3o sabe o que fazer com casar\u00e3o abandonado h\u00e1 20 anos","author":"Elmar Bones","date":"6 de julho de 2009","format":false,"excerpt":"O casar\u00e3o amarelo, numa esquina nobre de Porto Alegre (Ven\u00e2ncio Aires com Jo\u00e3o Pessoa), j\u00e1 abrigou uma escola. H\u00e1 duas d\u00e9cadas, pelo menos, est\u00e1 abandonado, porque seu propriet\u00e1rio, o governo do Estado do Rio Grande do Sul, n\u00e3o consegue achar um destino para ele. Planos n\u00e3o faltaram. O governador Ol\u00edvio\u2026","rel":"","context":"Em &quot;X.Categorias velhas&quot;","block_context":{"text":"X.Categorias velhas","link":"https:\/\/www.jornalja.com.br\/arquivo\/category\/x-categorias-velhas\/"},"img":{"alt_text":"geraldo1","src":"https:\/\/i0.wp.com\/www.jornalja.com.br\/wp-content\/uploads\/2009\/07\/geraldo1.jpg?resize=350%2C200&ssl=1","width":350,"height":200},"classes":[]},{"id":14241,"url":"https:\/\/www.jornalja.com.br\/arquivo\/o-guaiba-nas-imagens-poeticas-de-achutti\/","url_meta":{"origin":53920,"position":2},"title":"O Gua\u00edba nas imagens po\u00e9ticas de Achutti","author":"da Reda\u00e7\u00e3o","date":"18 de junho de 2014","format":false,"excerpt":"Em \u201cO Gua\u00edba por Achutti\u201d \u2013 obra financiada via Minist\u00e9rio da Cultura, produ\u00e7\u00e3o executiva de Pedro Longhi, e Fl\u00e1vio Wild como designer \u2013, o fot\u00f3grafo revela a beleza e as mazelas de um espa\u00e7o aqu\u00e1tico de \u00e1guas sempre renovadas, cheio de hist\u00f3rias e lendas como as das cidades que foram\u2026","rel":"","context":"Em &quot;Cultura-Geral&quot;","block_context":{"text":"Cultura-Geral","link":"https:\/\/www.jornalja.com.br\/arquivo\/category\/materiasecundaria\/"},"img":{"alt_text":"","src":"","width":0,"height":0},"classes":[]},{"id":13240,"url":"https:\/\/www.jornalja.com.br\/arquivo\/plano-diretor-estamos-construindo-o-caos\/","url_meta":{"origin":53920,"position":3},"title":"Plano diretor: &quot;Estamos construindo o caos&quot;","author":"Patr\u00edcia Marini","date":"26 de maio de 2014","format":false,"excerpt":"Desabafo que arquiteta Eliana Castilhos, delegada da Regi\u00e3o de Planejamento 1, postou nas redes sociais \u00e9 um testemunho do ambiente que se criou no Conselho do Plano Diretor de Porto Alegre, onde a aprova\u00e7\u00e3o de grandes empreendimentos \u00e9 empurrada guela abaixo dos conselheiros. Ao CMDUA Como delegada da Regi\u00e3o de\u2026","rel":"","context":"Em &quot;Geral&quot;","block_context":{"text":"Geral","link":"https:\/\/www.jornalja.com.br\/arquivo\/category\/geral\/"},"img":{"alt_text":"","src":"","width":0,"height":0},"classes":[]},{"id":13124,"url":"https:\/\/www.jornalja.com.br\/arquivo\/sangue-latino-no-iecine\/","url_meta":{"origin":53920,"position":4},"title":"Sangue latino no IECINE","author":"da Reda\u00e7\u00e3o","date":"18 de maio de 2014","format":false,"excerpt":"Francisco Ribeiro O Instituto Estadual de Cinema (IECINE) tem a frente, desde abril \u00faltimo, um novo diretor, o cineasta colombiano Juan Zapata, 36, que substitui Luiz Alberto Cassol. Radicado h\u00e1 dez anos em Porto Alegre, Zapata tem diante de si o desafio de conduzir at\u00e9 o final do ano um\u2026","rel":"","context":"Em &quot;Cultura-Geral&quot;","block_context":{"text":"Cultura-Geral","link":"https:\/\/www.jornalja.com.br\/arquivo\/category\/materiasecundaria\/"},"img":{"alt_text":"","src":"","width":0,"height":0},"classes":[]}],"jetpack_shortlink":"https:\/\/wp.me\/pbQjBd-e1G","jetpack_featured_media_url":"","_links":{"self":[{"href":"https:\/\/www.jornalja.com.br\/arquivo\/wp-json\/wp\/v2\/posts\/53920","targetHints":{"allow":["GET"]}}],"collection":[{"href":"https:\/\/www.jornalja.com.br\/arquivo\/wp-json\/wp\/v2\/posts"}],"about":[{"href":"https:\/\/www.jornalja.com.br\/arquivo\/wp-json\/wp\/v2\/types\/post"}],"author":[{"embeddable":true,"href":"https:\/\/www.jornalja.com.br\/arquivo\/wp-json\/wp\/v2\/users\/4"}],"replies":[{"embeddable":true,"href":"https:\/\/www.jornalja.com.br\/arquivo\/wp-json\/wp\/v2\/comments?post=53920"}],"version-history":[{"count":0,"href":"https:\/\/www.jornalja.com.br\/arquivo\/wp-json\/wp\/v2\/posts\/53920\/revisions"}],"wp:attachment":[{"href":"https:\/\/www.jornalja.com.br\/arquivo\/wp-json\/wp\/v2\/media?parent=53920"}],"wp:term":[{"taxonomy":"category","embeddable":true,"href":"https:\/\/www.jornalja.com.br\/arquivo\/wp-json\/wp\/v2\/categories?post=53920"},{"taxonomy":"post_tag","embeddable":true,"href":"https:\/\/www.jornalja.com.br\/arquivo\/wp-json\/wp\/v2\/tags?post=53920"}],"curies":[{"name":"wp","href":"https:\/\/api.w.org\/{rel}","templated":true}]}}