{"id":53942,"date":"2017-08-22T08:52:26","date_gmt":"2017-08-22T11:52:26","guid":{"rendered":"https:\/\/www.jornalja.com.br\/?p=53942"},"modified":"2017-08-22T08:52:26","modified_gmt":"2017-08-22T11:52:26","slug":"atendimento-a-mulheres-agredidas-no-rs-torna-se-modelo-para-judiciario-no-pais","status":"publish","type":"post","link":"https:\/\/www.jornalja.com.br\/arquivo\/atendimento-a-mulheres-agredidas-no-rs-torna-se-modelo-para-judiciario-no-pais\/","title":{"rendered":"Atendimento a mulheres agredidas no RS torna-se modelo para Judici\u00e1rio no pa\u00eds"},"content":{"rendered":"<p><em>O<\/em> Judici\u00e1rio do Rio Grande do Sul apresentou sua bem-sucedida experi\u00eancia com a aplica\u00e7\u00e3o da Justi\u00e7a Restaurativa em casos de viol\u00eancia dom\u00e9stica durante a XI Jornada Maria da Penha, sexta-feira (18), em Salvador (BA).<br \/>\nA presidente do Conselho Nacional de Justi\u00e7a (CNJ) e do Supremo Tribunal Federal (STF), C\u00e1rmen L\u00facia, que abriu o evento, defende a aplica\u00e7\u00e3o de m\u00e9todos e pr\u00e1ticas restaurativas nos casos de viol\u00eancia dom\u00e9stica em todos os tribunais brasileiros.<br \/>\nPara ela, daqui para frente a Justi\u00e7a ter\u00e1 de punir o agressor conforme a lei, mas precisar\u00e1 tamb\u00e9m pensar sobre os motivos da viol\u00eancia para restaurar o tecido social. \u201cSem isso, vamos ter cada vez um n\u00famero maior de lit\u00edgios\u201d, disse a magistrada.<br \/>\nA Justi\u00e7a ga\u00facha foi representada na Jornada pelas ju\u00edzas Madg\u00e9li Frantz Machado, do 1\u00ba Juizado da Viol\u00eancia Dom\u00e9stica e Familiar Contra a Mulher de Porto Alegre, e Andrea Cenne, de Novo Hamburgo.<br \/>\nO Rio Grande do Sul est\u00e1 mais adiantado nessa experi\u00eancia porque \u00e9 pioneiro no estudo da Justi\u00e7a Restaurativa, iniciado em 2004 por iniciativa do juiz Leoberto Brancher, com apoio institucional da Ajuris.<br \/>\n\u201cTivemos tamanho \u00eaxito com a Justi\u00e7a Restaurativa na viol\u00eancia dom\u00e9stica aqui no Rio Grande do Sul que se tornou meta do CNJ\u201d, diz Madg\u00e9li.<br \/>\nAs mulheres agredidas ou amea\u00e7adas, al\u00e9m das medidas protetivas legais, s\u00e3o atendidas por equipes multidisciplinares, envolvendo psicologia, assist\u00eancia social, a fim de se reconstitu\u00edrem como pessoas.<br \/>\nOs homens agressores tamb\u00e9m s\u00e3o alvo dessa aten\u00e7\u00e3o. De 2011 at\u00e9 dezembro de 2016, de 489 casos de agress\u00e3o a mulheres, apenas 11 apresentaram reincid\u00eancia.<br \/>\nNesta segunda-feira (21), no Foro Central \u2013 Pr\u00e9dio I, mulheres v\u00edtimas de viol\u00eancia apresentam trabalhos art\u00edsticos realizados na oficina Arte, Cultura e Afeto, ministrada pela especialista em Arte e Educa\u00e7\u00e3o K\u00e1tia Lovatto, e pela arteterapeuta Glaci Borges de Assis.<br \/>\n\u201cElas usaram a arte como uma ferramenta de supera\u00e7\u00e3o e entenderam que \u00e9 um dos meios de comunica\u00e7\u00e3o do ser humano e que favorece o desenvolvimento da express\u00e3o dos sentimentos, disseram.<br \/>\nA mostra foi apreciada por autoridades, entre elas o diretor do Foro, Amadeo Butelli, e a ju\u00edza Rute Rossato, vice-presidente Cultural da Ajuris, que elogiou os trabalhos.<br \/>\n\u201dEsse projeto \u00e9 o reflexo de um trabalho muito importante de apoio \u00e0s mulheres que s\u00e3o v\u00edtimas de viol\u00eancia dom\u00e9stica. Por meio dele, se estabelece uma rede de prote\u00e7\u00e3o tamb\u00e9m atrav\u00e9s da arte e da cultura\u201d.<br \/>\nUma das mulheres que participa dos c\u00edrculos restaurativos, onde prevalece o di\u00e1logo e a troca dse experi\u00eancias, M.S. acredita que se expressar artisticamente n\u00e3o s\u00f3 ajudou-a a enfrentar o problema vivido com o ex-companheiro agressor como barreiras psicol\u00f3gicas surgidas na inf\u00e2ncia.<br \/>\n&#8211;<br \/>\nFoto: Divulga\u00e7\u00e3o Ajuris\/Carlos Souza<br \/>\nDa esq, para direita:<br \/>\nIvortiz Fernandes, Ju\u00edza de Direito do regime de exce\u00e7\u00e3o criminal do 2\u00ba Juizado de Viol\u00eancia Dom\u00e9stica de Porto Alegre ( est\u00e1 de jaqueta preta)<br \/>\nRute Rossato &#8211; Ju\u00edza de Direito, Vice-Presidente Cultural da Ajuris<br \/>\nMadg\u00e9li Frantz Machado, Ju\u00edza de Direito titular do 1\u00ba Juizado de Viol\u00eancia Dom\u00e9stica de Porto Alegre<br \/>\nAdriana Costa,\u00a0 Delegada de Pol\u00edcia Coordenadora das Delegacias da Mulher do RS<br \/>\nTatiana Bastos , Delegada de Pol\u00edcia titular da DEAM &#8211; Delegacia da Mulher &#8211;\u00a0 de Porto Alegre<br \/>\nAmadeo Buttelli, Juiz de Direito Diretor do Foro da Comarca de Porto Alegre<br \/>\n&#8211;<\/p>\n","protected":false},"excerpt":{"rendered":"<p>O Judici\u00e1rio do Rio Grande do Sul apresentou sua bem-sucedida experi\u00eancia com a aplica\u00e7\u00e3o da Justi\u00e7a Restaurativa em casos de viol\u00eancia dom\u00e9stica durante a XI Jornada Maria da Penha, sexta-feira (18), em Salvador (BA). A presidente do Conselho Nacional de Justi\u00e7a (CNJ) e do Supremo Tribunal Federal (STF), C\u00e1rmen L\u00facia, que abriu o evento, defende [&hellip;]<\/p>\n","protected":false},"author":4,"featured_media":53943,"comment_status":"open","ping_status":"closed","sticky":false,"template":"","format":"standard","meta":{"_jetpack_newsletter_access":"","_jetpack_dont_email_post_to_subs":false,"_jetpack_newsletter_tier_id":0,"_jetpack_memberships_contains_paywalled_content":false,"_jetpack_feature_clip_id":0,"_jetpack_memberships_contains_paid_content":false,"footnotes":"","jetpack_post_was_ever_published":false},"categories":[26],"tags":[],"class_list":["post-53942","post","type-post","status-publish","format-standard","has-post-thumbnail","hentry","category-geral"],"aioseo_notices":[],"aioseo_head":"\n\t\t<!-- All in One SEO 5.0.1.1 - aioseo.com -->\n\t<meta name=\"robots\" content=\"max-image-preview:large\" \/>\n\t<meta name=\"author\" content=\"da Reda\u00e7\u00e3o\"\/>\n\t<link rel=\"canonical\" href=\"https:\/\/www.jornalja.com.br\/arquivo\/atendimento-a-mulheres-agredidas-no-rs-torna-se-modelo-para-judiciario-no-pais\/\" \/>\n\t<meta name=\"generator\" content=\"All in One SEO (AIOSEO) 5.0.1.1\" \/>\n\t\t<meta property=\"og:locale\" content=\"pt_BR\" \/>\n\t\t<meta property=\"og:site_name\" content=\"Arquivo | Jornal J\u00c1 | Porto Alegre\" \/>\n\t\t<meta property=\"og:type\" content=\"article\" \/>\n\t\t<meta property=\"og:title\" content=\"Atendimento a mulheres agredidas no RS torna-se modelo para Judici\u00e1rio no pa\u00eds | Arquivo\" \/>\n\t\t<meta property=\"og:url\" content=\"https:\/\/www.jornalja.com.br\/arquivo\/atendimento-a-mulheres-agredidas-no-rs-torna-se-modelo-para-judiciario-no-pais\/\" \/>\n\t\t<meta property=\"og:image\" content=\"https:\/\/www.jornalja.com.br\/economics\/wp-content\/uploads\/sites\/11\/2026\/08\/ja-folhaderosto-facebook.jpg\" \/>\n\t\t<meta property=\"og:image:secure_url\" content=\"https:\/\/www.jornalja.com.br\/economics\/wp-content\/uploads\/sites\/11\/2026\/08\/ja-folhaderosto-facebook.jpg\" \/>\n\t\t<meta property=\"article:published_time\" content=\"2017-08-22T11:52:26+00:00\" \/>\n\t\t<meta property=\"article:modified_time\" content=\"2017-08-22T11:52:26+00:00\" \/>\n\t\t<meta name=\"twitter:card\" content=\"summary\" \/>\n\t\t<meta name=\"twitter:title\" content=\"Atendimento a mulheres agredidas no RS torna-se modelo para Judici\u00e1rio no pa\u00eds | Arquivo\" \/>\n\t\t<meta name=\"twitter:image\" content=\"https:\/\/www.jornalja.com.br\/economics\/wp-content\/uploads\/sites\/11\/2026\/08\/ja-folhaderosto-facebook.jpg\" \/>\n\t\t<script type=\"application\/ld+json\" class=\"aioseo-schema\">\n\t\t\t{\"@context\":\"https:\\\/\\\/schema.org\",\"@graph\":[{\"@type\":\"BlogPosting\",\"@id\":\"https:\\\/\\\/www.jornalja.com.br\\\/arquivo\\\/atendimento-a-mulheres-agredidas-no-rs-torna-se-modelo-para-judiciario-no-pais\\\/#blogposting\",\"name\":\"Atendimento a mulheres agredidas no RS torna-se modelo para Judici\\u00e1rio no pa\\u00eds | Arquivo\",\"headline\":\"Atendimento a mulheres agredidas no RS torna-se modelo para Judici\\u00e1rio no pa\\u00eds\",\"author\":{\"@id\":\"https:\\\/\\\/www.jornalja.com.br\\\/arquivo\\\/author\\\/daredacao\\\/#author\"},\"publisher\":{\"@id\":\"https:\\\/\\\/www.jornalja.com.br\\\/arquivo\\\/#organization\"},\"image\":{\"@type\":\"ImageObject\",\"url\":53943},\"datePublished\":\"2017-08-22T08:52:26-03:00\",\"dateModified\":\"2017-08-22T08:52:26-03:00\",\"inLanguage\":\"pt-BR\",\"mainEntityOfPage\":{\"@id\":\"https:\\\/\\\/www.jornalja.com.br\\\/arquivo\\\/atendimento-a-mulheres-agredidas-no-rs-torna-se-modelo-para-judiciario-no-pais\\\/#webpage\"},\"isPartOf\":{\"@id\":\"https:\\\/\\\/www.jornalja.com.br\\\/arquivo\\\/atendimento-a-mulheres-agredidas-no-rs-torna-se-modelo-para-judiciario-no-pais\\\/#webpage\"},\"articleSection\":\"Geral\"},{\"@type\":\"BreadcrumbList\",\"@id\":\"https:\\\/\\\/www.jornalja.com.br\\\/arquivo\\\/atendimento-a-mulheres-agredidas-no-rs-torna-se-modelo-para-judiciario-no-pais\\\/#breadcrumblist\",\"itemListElement\":[{\"@type\":\"ListItem\",\"@id\":\"https:\\\/\\\/www.jornalja.com.br\\\/arquivo#listItem\",\"position\":1,\"name\":\"Home\",\"item\":\"https:\\\/\\\/www.jornalja.com.br\\\/arquivo\",\"nextItem\":{\"@type\":\"ListItem\",\"@id\":\"https:\\\/\\\/www.jornalja.com.br\\\/arquivo\\\/category\\\/geral\\\/#listItem\",\"name\":\"Geral\"}},{\"@type\":\"ListItem\",\"@id\":\"https:\\\/\\\/www.jornalja.com.br\\\/arquivo\\\/category\\\/geral\\\/#listItem\",\"position\":2,\"name\":\"Geral\",\"item\":\"https:\\\/\\\/www.jornalja.com.br\\\/arquivo\\\/category\\\/geral\\\/\",\"nextItem\":{\"@type\":\"ListItem\",\"@id\":\"https:\\\/\\\/www.jornalja.com.br\\\/arquivo\\\/atendimento-a-mulheres-agredidas-no-rs-torna-se-modelo-para-judiciario-no-pais\\\/#listItem\",\"name\":\"Atendimento a mulheres agredidas no RS torna-se modelo para Judici\\u00e1rio no pa\\u00eds\"},\"previousItem\":{\"@type\":\"ListItem\",\"@id\":\"https:\\\/\\\/www.jornalja.com.br\\\/arquivo#listItem\",\"name\":\"Home\"}},{\"@type\":\"ListItem\",\"@id\":\"https:\\\/\\\/www.jornalja.com.br\\\/arquivo\\\/atendimento-a-mulheres-agredidas-no-rs-torna-se-modelo-para-judiciario-no-pais\\\/#listItem\",\"position\":3,\"name\":\"Atendimento a mulheres agredidas no RS torna-se modelo para Judici\\u00e1rio no pa\\u00eds\",\"previousItem\":{\"@type\":\"ListItem\",\"@id\":\"https:\\\/\\\/www.jornalja.com.br\\\/arquivo\\\/category\\\/geral\\\/#listItem\",\"name\":\"Geral\"}}]},{\"@type\":\"Organization\",\"@id\":\"https:\\\/\\\/www.jornalja.com.br\\\/arquivo\\\/#organization\",\"name\":\"Jornal J\\u00c1\",\"description\":\"Jornal J\\u00c1 | Porto Alegre\",\"url\":\"https:\\\/\\\/www.jornalja.com.br\\\/arquivo\\\/\",\"telephone\":\"+555133307272\",\"logo\":{\"@type\":\"ImageObject\",\"url\":\"https:\\\/\\\/www.jornalja.com.br\\\/wp-content\\\/uploads\\\/cards\\\/JAslogan.png\",\"@id\":\"https:\\\/\\\/www.jornalja.com.br\\\/arquivo\\\/atendimento-a-mulheres-agredidas-no-rs-torna-se-modelo-para-judiciario-no-pais\\\/#organizationLogo\"},\"image\":{\"@id\":\"https:\\\/\\\/www.jornalja.com.br\\\/arquivo\\\/atendimento-a-mulheres-agredidas-no-rs-torna-se-modelo-para-judiciario-no-pais\\\/#organizationLogo\"}},{\"@type\":\"Person\",\"@id\":\"https:\\\/\\\/www.jornalja.com.br\\\/arquivo\\\/author\\\/daredacao\\\/#author\",\"url\":\"https:\\\/\\\/www.jornalja.com.br\\\/arquivo\\\/author\\\/daredacao\\\/\",\"name\":\"da Reda\\u00e7\\u00e3o\",\"image\":{\"@type\":\"ImageObject\",\"@id\":\"https:\\\/\\\/www.jornalja.com.br\\\/arquivo\\\/atendimento-a-mulheres-agredidas-no-rs-torna-se-modelo-para-judiciario-no-pais\\\/#authorImage\",\"url\":\"https:\\\/\\\/secure.gravatar.com\\\/avatar\\\/469fd857d6605ad19919d27ed29d35a968a25f6e8fd9318356bbb7f57aae9c65?s=96&d=mm&r=g\",\"width\":96,\"height\":96,\"caption\":\"da Reda\\u00e7\\u00e3o\"}},{\"@type\":\"WebPage\",\"@id\":\"https:\\\/\\\/www.jornalja.com.br\\\/arquivo\\\/atendimento-a-mulheres-agredidas-no-rs-torna-se-modelo-para-judiciario-no-pais\\\/#webpage\",\"url\":\"https:\\\/\\\/www.jornalja.com.br\\\/arquivo\\\/atendimento-a-mulheres-agredidas-no-rs-torna-se-modelo-para-judiciario-no-pais\\\/\",\"name\":\"Atendimento a mulheres agredidas no RS torna-se modelo para Judici\\u00e1rio no pa\\u00eds | Arquivo\",\"inLanguage\":\"pt-BR\",\"isPartOf\":{\"@id\":\"https:\\\/\\\/www.jornalja.com.br\\\/arquivo\\\/#website\"},\"breadcrumb\":{\"@id\":\"https:\\\/\\\/www.jornalja.com.br\\\/arquivo\\\/atendimento-a-mulheres-agredidas-no-rs-torna-se-modelo-para-judiciario-no-pais\\\/#breadcrumblist\"},\"author\":{\"@id\":\"https:\\\/\\\/www.jornalja.com.br\\\/arquivo\\\/author\\\/daredacao\\\/#author\"},\"creator\":{\"@id\":\"https:\\\/\\\/www.jornalja.com.br\\\/arquivo\\\/author\\\/daredacao\\\/#author\"},\"image\":{\"@type\":\"ImageObject\",\"url\":53943,\"@id\":\"https:\\\/\\\/www.jornalja.com.br\\\/arquivo\\\/atendimento-a-mulheres-agredidas-no-rs-torna-se-modelo-para-judiciario-no-pais\\\/#mainImage\"},\"primaryImageOfPage\":{\"@id\":\"https:\\\/\\\/www.jornalja.com.br\\\/arquivo\\\/atendimento-a-mulheres-agredidas-no-rs-torna-se-modelo-para-judiciario-no-pais\\\/#mainImage\"},\"datePublished\":\"2017-08-22T08:52:26-03:00\",\"dateModified\":\"2017-08-22T08:52:26-03:00\"},{\"@type\":\"WebSite\",\"@id\":\"https:\\\/\\\/www.jornalja.com.br\\\/arquivo\\\/#website\",\"url\":\"https:\\\/\\\/www.jornalja.com.br\\\/arquivo\\\/\",\"name\":\"Arquivo\",\"description\":\"Jornal J\\u00c1 | Porto Alegre\",\"inLanguage\":\"pt-BR\",\"publisher\":{\"@id\":\"https:\\\/\\\/www.jornalja.com.br\\\/arquivo\\\/#organization\"}}]}\n\t\t<\/script>\n\t\t<!-- All in One SEO -->\n\n","aioseo_head_json":{"title":"Atendimento a mulheres agredidas no RS torna-se modelo para Judici\u00e1rio no pa\u00eds | Arquivo","description":"","canonical_url":"https:\/\/www.jornalja.com.br\/arquivo\/atendimento-a-mulheres-agredidas-no-rs-torna-se-modelo-para-judiciario-no-pais\/","robots":"max-image-preview:large","keywords":"","webmasterTools":{"miscellaneous":""},"schema":{"@context":"https:\/\/schema.org","@graph":[{"@type":"BlogPosting","@id":"https:\/\/www.jornalja.com.br\/arquivo\/atendimento-a-mulheres-agredidas-no-rs-torna-se-modelo-para-judiciario-no-pais\/#blogposting","name":"Atendimento a mulheres agredidas no RS torna-se modelo para Judici\u00e1rio no pa\u00eds | Arquivo","headline":"Atendimento a mulheres agredidas no RS torna-se modelo para Judici\u00e1rio no pa\u00eds","author":{"@id":"https:\/\/www.jornalja.com.br\/arquivo\/author\/daredacao\/#author"},"publisher":{"@id":"https:\/\/www.jornalja.com.br\/arquivo\/#organization"},"image":{"@type":"ImageObject","url":53943},"datePublished":"2017-08-22T08:52:26-03:00","dateModified":"2017-08-22T08:52:26-03:00","inLanguage":"pt-BR","mainEntityOfPage":{"@id":"https:\/\/www.jornalja.com.br\/arquivo\/atendimento-a-mulheres-agredidas-no-rs-torna-se-modelo-para-judiciario-no-pais\/#webpage"},"isPartOf":{"@id":"https:\/\/www.jornalja.com.br\/arquivo\/atendimento-a-mulheres-agredidas-no-rs-torna-se-modelo-para-judiciario-no-pais\/#webpage"},"articleSection":"Geral"},{"@type":"BreadcrumbList","@id":"https:\/\/www.jornalja.com.br\/arquivo\/atendimento-a-mulheres-agredidas-no-rs-torna-se-modelo-para-judiciario-no-pais\/#breadcrumblist","itemListElement":[{"@type":"ListItem","@id":"https:\/\/www.jornalja.com.br\/arquivo#listItem","position":1,"name":"Home","item":"https:\/\/www.jornalja.com.br\/arquivo","nextItem":{"@type":"ListItem","@id":"https:\/\/www.jornalja.com.br\/arquivo\/category\/geral\/#listItem","name":"Geral"}},{"@type":"ListItem","@id":"https:\/\/www.jornalja.com.br\/arquivo\/category\/geral\/#listItem","position":2,"name":"Geral","item":"https:\/\/www.jornalja.com.br\/arquivo\/category\/geral\/","nextItem":{"@type":"ListItem","@id":"https:\/\/www.jornalja.com.br\/arquivo\/atendimento-a-mulheres-agredidas-no-rs-torna-se-modelo-para-judiciario-no-pais\/#listItem","name":"Atendimento a mulheres agredidas no RS torna-se modelo para Judici\u00e1rio no pa\u00eds"},"previousItem":{"@type":"ListItem","@id":"https:\/\/www.jornalja.com.br\/arquivo#listItem","name":"Home"}},{"@type":"ListItem","@id":"https:\/\/www.jornalja.com.br\/arquivo\/atendimento-a-mulheres-agredidas-no-rs-torna-se-modelo-para-judiciario-no-pais\/#listItem","position":3,"name":"Atendimento a mulheres agredidas no RS torna-se modelo para Judici\u00e1rio no pa\u00eds","previousItem":{"@type":"ListItem","@id":"https:\/\/www.jornalja.com.br\/arquivo\/category\/geral\/#listItem","name":"Geral"}}]},{"@type":"Organization","@id":"https:\/\/www.jornalja.com.br\/arquivo\/#organization","name":"Jornal J\u00c1","description":"Jornal J\u00c1 | Porto Alegre","url":"https:\/\/www.jornalja.com.br\/arquivo\/","telephone":"+555133307272","logo":{"@type":"ImageObject","url":"https:\/\/www.jornalja.com.br\/wp-content\/uploads\/cards\/JAslogan.png","@id":"https:\/\/www.jornalja.com.br\/arquivo\/atendimento-a-mulheres-agredidas-no-rs-torna-se-modelo-para-judiciario-no-pais\/#organizationLogo"},"image":{"@id":"https:\/\/www.jornalja.com.br\/arquivo\/atendimento-a-mulheres-agredidas-no-rs-torna-se-modelo-para-judiciario-no-pais\/#organizationLogo"}},{"@type":"Person","@id":"https:\/\/www.jornalja.com.br\/arquivo\/author\/daredacao\/#author","url":"https:\/\/www.jornalja.com.br\/arquivo\/author\/daredacao\/","name":"da Reda\u00e7\u00e3o","image":{"@type":"ImageObject","@id":"https:\/\/www.jornalja.com.br\/arquivo\/atendimento-a-mulheres-agredidas-no-rs-torna-se-modelo-para-judiciario-no-pais\/#authorImage","url":"https:\/\/secure.gravatar.com\/avatar\/469fd857d6605ad19919d27ed29d35a968a25f6e8fd9318356bbb7f57aae9c65?s=96&d=mm&r=g","width":96,"height":96,"caption":"da Reda\u00e7\u00e3o"}},{"@type":"WebPage","@id":"https:\/\/www.jornalja.com.br\/arquivo\/atendimento-a-mulheres-agredidas-no-rs-torna-se-modelo-para-judiciario-no-pais\/#webpage","url":"https:\/\/www.jornalja.com.br\/arquivo\/atendimento-a-mulheres-agredidas-no-rs-torna-se-modelo-para-judiciario-no-pais\/","name":"Atendimento a mulheres agredidas no RS torna-se modelo para Judici\u00e1rio no pa\u00eds | Arquivo","inLanguage":"pt-BR","isPartOf":{"@id":"https:\/\/www.jornalja.com.br\/arquivo\/#website"},"breadcrumb":{"@id":"https:\/\/www.jornalja.com.br\/arquivo\/atendimento-a-mulheres-agredidas-no-rs-torna-se-modelo-para-judiciario-no-pais\/#breadcrumblist"},"author":{"@id":"https:\/\/www.jornalja.com.br\/arquivo\/author\/daredacao\/#author"},"creator":{"@id":"https:\/\/www.jornalja.com.br\/arquivo\/author\/daredacao\/#author"},"image":{"@type":"ImageObject","url":53943,"@id":"https:\/\/www.jornalja.com.br\/arquivo\/atendimento-a-mulheres-agredidas-no-rs-torna-se-modelo-para-judiciario-no-pais\/#mainImage"},"primaryImageOfPage":{"@id":"https:\/\/www.jornalja.com.br\/arquivo\/atendimento-a-mulheres-agredidas-no-rs-torna-se-modelo-para-judiciario-no-pais\/#mainImage"},"datePublished":"2017-08-22T08:52:26-03:00","dateModified":"2017-08-22T08:52:26-03:00"},{"@type":"WebSite","@id":"https:\/\/www.jornalja.com.br\/arquivo\/#website","url":"https:\/\/www.jornalja.com.br\/arquivo\/","name":"Arquivo","description":"Jornal J\u00c1 | Porto Alegre","inLanguage":"pt-BR","publisher":{"@id":"https:\/\/www.jornalja.com.br\/arquivo\/#organization"}}]},"og:locale":"pt_BR","og:site_name":"Arquivo | Jornal J\u00c1 | Porto Alegre","og:type":"article","og:title":"Atendimento a mulheres agredidas no RS torna-se modelo para Judici\u00e1rio no pa\u00eds | Arquivo","og:url":"https:\/\/www.jornalja.com.br\/arquivo\/atendimento-a-mulheres-agredidas-no-rs-torna-se-modelo-para-judiciario-no-pais\/","og:image":"https:\/\/www.jornalja.com.br\/economics\/wp-content\/uploads\/sites\/11\/2026\/08\/ja-folhaderosto-facebook.jpg","og:image:secure_url":"https:\/\/www.jornalja.com.br\/economics\/wp-content\/uploads\/sites\/11\/2026\/08\/ja-folhaderosto-facebook.jpg","article:published_time":"2017-08-22T11:52:26+00:00","article:modified_time":"2017-08-22T11:52:26+00:00","twitter:card":"summary","twitter:title":"Atendimento a mulheres agredidas no RS torna-se modelo para Judici\u00e1rio no pa\u00eds | Arquivo","twitter:image":"https:\/\/www.jornalja.com.br\/economics\/wp-content\/uploads\/sites\/11\/2026\/08\/ja-folhaderosto-facebook.jpg"},"aioseo_meta_data":{"post_id":"53942","title":null,"description":null,"keywords":null,"keyphrases":null,"primary_term":null,"canonical_url":null,"og_title":null,"og_description":null,"og_object_type":"default","og_image_type":"default","og_image_url":null,"og_image_width":null,"og_image_height":null,"og_image_custom_url":null,"og_image_custom_fields":null,"og_video":null,"og_custom_url":null,"og_article_section":null,"og_article_tags":null,"twitter_use_og":false,"twitter_card":"default","twitter_image_type":"default","twitter_image_url":null,"twitter_image_custom_url":null,"twitter_image_custom_fields":null,"twitter_title":null,"twitter_description":null,"schema":{"blockGraphs":[],"customGraphs":[],"default":{"data":{"Article":[],"Course":[],"Dataset":[],"FAQPage":[],"Movie":[],"Person":[],"Product":[],"ProductReview":[],"Car":[],"Recipe":[],"Service":[],"SoftwareApplication":[],"WebPage":[]},"graphName":"","isEnabled":true},"graphs":[],"defaultGraph":"","defaultPostTypeGraph":""},"schema_type":null,"schema_type_options":null,"pillar_content":false,"robots_default":true,"robots_noindex":false,"robots_noarchive":false,"robots_nosnippet":false,"robots_nofollow":false,"robots_noimageindex":false,"robots_noodp":false,"robots_notranslate":false,"robots_max_snippet":null,"robots_max_videopreview":null,"robots_max_imagepreview":"large","priority":null,"frequency":null,"location":null,"local_seo":null,"breadcrumb_settings":null,"limit_modified_date":false,"ai":null,"created":"2020-12-20 20:26:02","updated":"2025-07-20 00:32:36","seo_analyzer_scan_date":null,"focus_keyword":null,"additional_keywords":null,"truseo_locale":null},"jetpack_sharing_enabled":true,"jetpack-related-posts":[{"id":13109,"url":"https:\/\/www.jornalja.com.br\/arquivo\/judiciario-reconhece-poluicao-eletromagnetica\/","url_meta":{"origin":53942,"position":0},"title":"Judici\u00e1rio reconhece polui\u00e7\u00e3o eletromagn\u00e9tica","author":"Patr\u00edcia Marini","date":"16 de maio de 2014","format":false,"excerpt":"A\u00e7\u00e3o de duas associa\u00e7\u00f5es de moradores foi acolhida pelo Tribunal de Justi\u00e7a de S\u00e3o Paulo que. em decis\u00e3o in\u00e9dita, determinou a redu\u00e7\u00e3o do campo eletromagn\u00e9tico gerado pelas linhas de transmiss\u00e3o de energia que cortam os bairros City Boa\u00e7ava e Alto de Pinheiros. \u00c9 a primeira vez que um tribunal do\u2026","rel":"","context":"Em &quot;X.Categorias velhas&quot;","block_context":{"text":"X.Categorias velhas","link":"https:\/\/www.jornalja.com.br\/arquivo\/category\/x-categorias-velhas\/"},"img":{"alt_text":"","src":"","width":0,"height":0},"classes":[]},{"id":13101,"url":"https:\/\/www.jornalja.com.br\/arquivo\/morre-um-guerreiro-do-texto\/","url_meta":{"origin":53942,"position":1},"title":"Morre um guerreiro do texto","author":"Patr\u00edcia Marini","date":"14 de maio de 2014","format":false,"excerpt":"Por Ricardo Kotscho Reproduzido do blog do autor, 11\/5\/2014; t\u00edtulo original \u201cE l\u00e1 se foi o nosso Myltainho, guerreiro do texto\u201d. Mi\u00fado e franzino, meu amigo Myltainho era um valente e inconformado guerreiro na luta contra as injusti\u00e7as sociais, a hipocrisia, as maracutaias, o autoritarismo, a intoler\u00e2ncia, a viol\u00eancia, o\u2026","rel":"","context":"Em &quot;Geral&quot;","block_context":{"text":"Geral","link":"https:\/\/www.jornalja.com.br\/arquivo\/category\/geral\/"},"img":{"alt_text":"","src":"","width":0,"height":0},"classes":[]},{"id":13240,"url":"https:\/\/www.jornalja.com.br\/arquivo\/plano-diretor-estamos-construindo-o-caos\/","url_meta":{"origin":53942,"position":2},"title":"Plano diretor: &quot;Estamos construindo o caos&quot;","author":"Patr\u00edcia Marini","date":"26 de maio de 2014","format":false,"excerpt":"Desabafo que arquiteta Eliana Castilhos, delegada da Regi\u00e3o de Planejamento 1, postou nas redes sociais \u00e9 um testemunho do ambiente que se criou no Conselho do Plano Diretor de Porto Alegre, onde a aprova\u00e7\u00e3o de grandes empreendimentos \u00e9 empurrada guela abaixo dos conselheiros. Ao CMDUA Como delegada da Regi\u00e3o de\u2026","rel":"","context":"Em &quot;Geral&quot;","block_context":{"text":"Geral","link":"https:\/\/www.jornalja.com.br\/arquivo\/category\/geral\/"},"img":{"alt_text":"","src":"","width":0,"height":0},"classes":[]},{"id":5440,"url":"https:\/\/www.jornalja.com.br\/arquivo\/casarao-da-venancio-destino-permanece-incerto\/","url_meta":{"origin":53942,"position":3},"title":"Estado ainda n\u00e3o sabe o que fazer com casar\u00e3o abandonado h\u00e1 20 anos","author":"Elmar Bones","date":"6 de julho de 2009","format":false,"excerpt":"O casar\u00e3o amarelo, numa esquina nobre de Porto Alegre (Ven\u00e2ncio Aires com Jo\u00e3o Pessoa), j\u00e1 abrigou uma escola. H\u00e1 duas d\u00e9cadas, pelo menos, est\u00e1 abandonado, porque seu propriet\u00e1rio, o governo do Estado do Rio Grande do Sul, n\u00e3o consegue achar um destino para ele. Planos n\u00e3o faltaram. O governador Ol\u00edvio\u2026","rel":"","context":"Em &quot;X.Categorias velhas&quot;","block_context":{"text":"X.Categorias velhas","link":"https:\/\/www.jornalja.com.br\/arquivo\/category\/x-categorias-velhas\/"},"img":{"alt_text":"geraldo1","src":"https:\/\/i0.wp.com\/www.jornalja.com.br\/wp-content\/uploads\/2009\/07\/geraldo1.jpg?resize=350%2C200&ssl=1","width":350,"height":200},"classes":[]},{"id":13239,"url":"https:\/\/www.jornalja.com.br\/arquivo\/conselho-desdenha-do-plano-diretor\/","url_meta":{"origin":53942,"position":4},"title":"Porto Alegre: Conselho detona Plano Diretor","author":"Patr\u00edcia Marini","date":"25 de maio de 2014","format":false,"excerpt":"Den\u00fancia do arquiteto e \u00a0urbanista Ibir\u00e1 Santos Lucas. Ele diz que os conselheiros est\u00e3o votando com \"enorme irresponsabilidade\". \"Mudam regime com a maior naturalidade,,,regularizam absurdos de constru\u00e7\u00f5es irregulares... \"O CMDUA est\u00e1 flexibilizando a lei do plano diretor, de uma forma impactante na vida da cidade. Mudam regime com a maior\u2026","rel":"","context":"Em &quot;Geral&quot;","block_context":{"text":"Geral","link":"https:\/\/www.jornalja.com.br\/arquivo\/category\/geral\/"},"img":{"alt_text":"","src":"","width":0,"height":0},"classes":[]},{"id":13124,"url":"https:\/\/www.jornalja.com.br\/arquivo\/sangue-latino-no-iecine\/","url_meta":{"origin":53942,"position":5},"title":"Sangue latino no IECINE","author":"da Reda\u00e7\u00e3o","date":"18 de maio de 2014","format":false,"excerpt":"Francisco Ribeiro O Instituto Estadual de Cinema (IECINE) tem a frente, desde abril \u00faltimo, um novo diretor, o cineasta colombiano Juan Zapata, 36, que substitui Luiz Alberto Cassol. Radicado h\u00e1 dez anos em Porto Alegre, Zapata tem diante de si o desafio de conduzir at\u00e9 o final do ano um\u2026","rel":"","context":"Em &quot;Cultura-Geral&quot;","block_context":{"text":"Cultura-Geral","link":"https:\/\/www.jornalja.com.br\/arquivo\/category\/materiasecundaria\/"},"img":{"alt_text":"","src":"","width":0,"height":0},"classes":[]}],"jetpack_shortlink":"https:\/\/wp.me\/pbQjBd-e22","jetpack_featured_media_url":"","_links":{"self":[{"href":"https:\/\/www.jornalja.com.br\/arquivo\/wp-json\/wp\/v2\/posts\/53942","targetHints":{"allow":["GET"]}}],"collection":[{"href":"https:\/\/www.jornalja.com.br\/arquivo\/wp-json\/wp\/v2\/posts"}],"about":[{"href":"https:\/\/www.jornalja.com.br\/arquivo\/wp-json\/wp\/v2\/types\/post"}],"author":[{"embeddable":true,"href":"https:\/\/www.jornalja.com.br\/arquivo\/wp-json\/wp\/v2\/users\/4"}],"replies":[{"embeddable":true,"href":"https:\/\/www.jornalja.com.br\/arquivo\/wp-json\/wp\/v2\/comments?post=53942"}],"version-history":[{"count":0,"href":"https:\/\/www.jornalja.com.br\/arquivo\/wp-json\/wp\/v2\/posts\/53942\/revisions"}],"wp:attachment":[{"href":"https:\/\/www.jornalja.com.br\/arquivo\/wp-json\/wp\/v2\/media?parent=53942"}],"wp:term":[{"taxonomy":"category","embeddable":true,"href":"https:\/\/www.jornalja.com.br\/arquivo\/wp-json\/wp\/v2\/categories?post=53942"},{"taxonomy":"post_tag","embeddable":true,"href":"https:\/\/www.jornalja.com.br\/arquivo\/wp-json\/wp\/v2\/tags?post=53942"}],"curies":[{"name":"wp","href":"https:\/\/api.w.org\/{rel}","templated":true}]}}