{"id":53962,"date":"2017-08-22T15:30:29","date_gmt":"2017-08-22T18:30:29","guid":{"rendered":"https:\/\/www.jornalja.com.br\/?p=53962"},"modified":"2017-08-22T15:30:29","modified_gmt":"2017-08-22T18:30:29","slug":"governo-do-estado-e-ibama-devem-elaborar-projeto-de-contencao-do-mexilhao-dourado-no-guaiba","status":"publish","type":"post","link":"https:\/\/www.jornalja.com.br\/arquivo\/governo-do-estado-e-ibama-devem-elaborar-projeto-de-contencao-do-mexilhao-dourado-no-guaiba\/","title":{"rendered":"Ibama e SEMA devem elaborar projeto de conten\u00e7\u00e3o do mexilh\u00e3o dourado no Gua\u00edba"},"content":{"rendered":"<p>A prote\u00e7\u00e3o do meio ambiente \u00e9 compet\u00eancia comum da Uni\u00e3o, dos Estados, do Distrito Federal e dos Munic\u00edpios. Com este entendimento, o Tribunal Regional Federal da 4\u00aa Regi\u00e3o (TRF4) manteve, na \u00faltima semana, senten\u00e7a que determina ao estado do Rio Grande do Sul e ao Instituto Brasileiro do Meio Ambiente e dos Recursos Naturais Renov\u00e1veis (Ibama) a elabora\u00e7\u00e3o e implanta\u00e7\u00e3o de um projeto que contenha o mexilh\u00e3o dourado no Rio Gua\u00edba (RS). O molusco ocasiona altera\u00e7\u00e3o e destrui\u00e7\u00e3o de habitats e modifica\u00e7\u00f5es na qualidade de \u00e1gua, precisando ser controlado.<br \/>\nA a\u00e7\u00e3o foi proposta pelo Minist\u00e9rio P\u00fablico Federal (MPF), o qual acompanha a situa\u00e7\u00e3o de invas\u00e3o do mexilh\u00e3o dourado desde o inicio.\u00a0O MPF, o Ibama e o Estado, atrav\u00e9s da Secretaria do Ambiente e Desenvolvimento Sust\u00e1vel (SEMA) n\u00e3o entraram em acordo para resolver o problema. O primeiro ajuizou a\u00e7\u00e3o solicitando medidas para acabar com a prolifera\u00e7\u00e3o dos moluscos.<br \/>\nA 9\u00aa Vara Federal de Porto Alegre julgou parcialmente procedente, condenando os r\u00e9us a cumprir medidas solicitadas, pelo MPF, elaborando e implantando projeto de conten\u00e7\u00e3o dos mexilh\u00f5es. O Ibama e o Estado recorreram ao TRF4, alegando ser compet\u00eancia da Uni\u00e3o o controle de introdu\u00e7\u00e3o de esp\u00e9cies ex\u00f3ticas no Pa\u00eds, visto envolver o estabelecimento de regras e pol\u00edticas p\u00fablicas a respeito.<br \/>\nO relator do caso, juiz federal convocado S\u00e9rgio Renato Tejada Garcia, manteve o entendimento de primeira inst\u00e2ncia. \u201cA prote\u00e7\u00e3o do meio ambiente \u00e9 compet\u00eancia comum da Uni\u00e3o, dos Estados, do Distrito Federal e dos Munic\u00edpios nos termos do artigo 23, VI e VII da Constitui\u00e7\u00e3o de 1988. Em \u00e9pocas de alarmantes desastres ambientais, em rela\u00e7\u00e3o aos quais n\u00e3o h\u00e1 definitiva expectativa de recupera\u00e7\u00e3o de danos, os princ\u00edpios da precau\u00e7\u00e3o e da preven\u00e7\u00e3o adquirem for\u00e7a vital. E o Direito, como um do pilares de um Estado Democr\u00e1tico, deve ser atuante, preciso e efetivo na busca da prote\u00e7\u00e3o do meio ambiente, que \u00e9, em \u00faltima an\u00e1lise, a pr\u00f3pria prote\u00e7\u00e3o da vida\u201d, afirmou o juiz.<\/p>\n","protected":false},"excerpt":{"rendered":"<p>A prote\u00e7\u00e3o do meio ambiente \u00e9 compet\u00eancia comum da Uni\u00e3o, dos Estados, do Distrito Federal e dos Munic\u00edpios. Com este entendimento, o Tribunal Regional Federal da 4\u00aa Regi\u00e3o (TRF4) manteve, na \u00faltima semana, senten\u00e7a que determina ao estado do Rio Grande do Sul e ao Instituto Brasileiro do Meio Ambiente e dos Recursos Naturais Renov\u00e1veis [&hellip;]<\/p>\n","protected":false},"author":4,"featured_media":53968,"comment_status":"open","ping_status":"closed","sticky":false,"template":"","format":"standard","meta":{"_jetpack_newsletter_access":"","_jetpack_dont_email_post_to_subs":false,"_jetpack_newsletter_tier_id":0,"_jetpack_memberships_contains_paywalled_content":false,"_jetpack_feature_clip_id":0,"_jetpack_memberships_contains_paid_content":false,"footnotes":"","jetpack_post_was_ever_published":false},"categories":[26],"tags":[],"class_list":["post-53962","post","type-post","status-publish","format-standard","has-post-thumbnail","hentry","category-geral"],"aioseo_notices":[],"aioseo_head":"\n\t\t<!-- All in One SEO 5.0.1.1 - aioseo.com -->\n\t<meta name=\"robots\" content=\"max-image-preview:large\" \/>\n\t<meta name=\"author\" content=\"da Reda\u00e7\u00e3o\"\/>\n\t<link rel=\"canonical\" href=\"https:\/\/www.jornalja.com.br\/arquivo\/governo-do-estado-e-ibama-devem-elaborar-projeto-de-contencao-do-mexilhao-dourado-no-guaiba\/\" \/>\n\t<meta name=\"generator\" content=\"All in One SEO (AIOSEO) 5.0.1.1\" \/>\n\t\t<meta property=\"og:locale\" content=\"pt_BR\" \/>\n\t\t<meta property=\"og:site_name\" content=\"Arquivo | Jornal J\u00c1 | Porto Alegre\" \/>\n\t\t<meta property=\"og:type\" content=\"article\" \/>\n\t\t<meta property=\"og:title\" content=\"Ibama e SEMA devem elaborar projeto de conten\u00e7\u00e3o do mexilh\u00e3o dourado no Gua\u00edba | Arquivo\" \/>\n\t\t<meta property=\"og:url\" content=\"https:\/\/www.jornalja.com.br\/arquivo\/governo-do-estado-e-ibama-devem-elaborar-projeto-de-contencao-do-mexilhao-dourado-no-guaiba\/\" \/>\n\t\t<meta property=\"og:image\" content=\"https:\/\/www.jornalja.com.br\/economics\/wp-content\/uploads\/sites\/11\/2026\/08\/ja-folhaderosto-facebook.jpg\" \/>\n\t\t<meta property=\"og:image:secure_url\" content=\"https:\/\/www.jornalja.com.br\/economics\/wp-content\/uploads\/sites\/11\/2026\/08\/ja-folhaderosto-facebook.jpg\" \/>\n\t\t<meta property=\"article:published_time\" content=\"2017-08-22T18:30:29+00:00\" \/>\n\t\t<meta property=\"article:modified_time\" content=\"2017-08-22T18:30:29+00:00\" \/>\n\t\t<meta name=\"twitter:card\" content=\"summary\" \/>\n\t\t<meta name=\"twitter:title\" content=\"Ibama e SEMA devem elaborar projeto de conten\u00e7\u00e3o do mexilh\u00e3o dourado no Gua\u00edba | Arquivo\" \/>\n\t\t<meta name=\"twitter:image\" content=\"https:\/\/www.jornalja.com.br\/economics\/wp-content\/uploads\/sites\/11\/2026\/08\/ja-folhaderosto-facebook.jpg\" \/>\n\t\t<script type=\"application\/ld+json\" class=\"aioseo-schema\">\n\t\t\t{\"@context\":\"https:\\\/\\\/schema.org\",\"@graph\":[{\"@type\":\"BlogPosting\",\"@id\":\"https:\\\/\\\/www.jornalja.com.br\\\/arquivo\\\/governo-do-estado-e-ibama-devem-elaborar-projeto-de-contencao-do-mexilhao-dourado-no-guaiba\\\/#blogposting\",\"name\":\"Ibama e SEMA devem elaborar projeto de conten\\u00e7\\u00e3o do mexilh\\u00e3o dourado no Gua\\u00edba | Arquivo\",\"headline\":\"Ibama e SEMA devem elaborar projeto de conten\\u00e7\\u00e3o do mexilh\\u00e3o dourado no Gua\\u00edba\",\"author\":{\"@id\":\"https:\\\/\\\/www.jornalja.com.br\\\/arquivo\\\/author\\\/daredacao\\\/#author\"},\"publisher\":{\"@id\":\"https:\\\/\\\/www.jornalja.com.br\\\/arquivo\\\/#organization\"},\"image\":{\"@type\":\"ImageObject\",\"url\":53968},\"datePublished\":\"2017-08-22T15:30:29-03:00\",\"dateModified\":\"2017-08-22T15:30:29-03:00\",\"inLanguage\":\"pt-BR\",\"mainEntityOfPage\":{\"@id\":\"https:\\\/\\\/www.jornalja.com.br\\\/arquivo\\\/governo-do-estado-e-ibama-devem-elaborar-projeto-de-contencao-do-mexilhao-dourado-no-guaiba\\\/#webpage\"},\"isPartOf\":{\"@id\":\"https:\\\/\\\/www.jornalja.com.br\\\/arquivo\\\/governo-do-estado-e-ibama-devem-elaborar-projeto-de-contencao-do-mexilhao-dourado-no-guaiba\\\/#webpage\"},\"articleSection\":\"Geral\"},{\"@type\":\"BreadcrumbList\",\"@id\":\"https:\\\/\\\/www.jornalja.com.br\\\/arquivo\\\/governo-do-estado-e-ibama-devem-elaborar-projeto-de-contencao-do-mexilhao-dourado-no-guaiba\\\/#breadcrumblist\",\"itemListElement\":[{\"@type\":\"ListItem\",\"@id\":\"https:\\\/\\\/www.jornalja.com.br\\\/arquivo#listItem\",\"position\":1,\"name\":\"Home\",\"item\":\"https:\\\/\\\/www.jornalja.com.br\\\/arquivo\",\"nextItem\":{\"@type\":\"ListItem\",\"@id\":\"https:\\\/\\\/www.jornalja.com.br\\\/arquivo\\\/category\\\/geral\\\/#listItem\",\"name\":\"Geral\"}},{\"@type\":\"ListItem\",\"@id\":\"https:\\\/\\\/www.jornalja.com.br\\\/arquivo\\\/category\\\/geral\\\/#listItem\",\"position\":2,\"name\":\"Geral\",\"item\":\"https:\\\/\\\/www.jornalja.com.br\\\/arquivo\\\/category\\\/geral\\\/\",\"nextItem\":{\"@type\":\"ListItem\",\"@id\":\"https:\\\/\\\/www.jornalja.com.br\\\/arquivo\\\/governo-do-estado-e-ibama-devem-elaborar-projeto-de-contencao-do-mexilhao-dourado-no-guaiba\\\/#listItem\",\"name\":\"Ibama e SEMA devem elaborar projeto de conten\\u00e7\\u00e3o do mexilh\\u00e3o dourado no Gua\\u00edba\"},\"previousItem\":{\"@type\":\"ListItem\",\"@id\":\"https:\\\/\\\/www.jornalja.com.br\\\/arquivo#listItem\",\"name\":\"Home\"}},{\"@type\":\"ListItem\",\"@id\":\"https:\\\/\\\/www.jornalja.com.br\\\/arquivo\\\/governo-do-estado-e-ibama-devem-elaborar-projeto-de-contencao-do-mexilhao-dourado-no-guaiba\\\/#listItem\",\"position\":3,\"name\":\"Ibama e SEMA devem elaborar projeto de conten\\u00e7\\u00e3o do mexilh\\u00e3o dourado no Gua\\u00edba\",\"previousItem\":{\"@type\":\"ListItem\",\"@id\":\"https:\\\/\\\/www.jornalja.com.br\\\/arquivo\\\/category\\\/geral\\\/#listItem\",\"name\":\"Geral\"}}]},{\"@type\":\"Organization\",\"@id\":\"https:\\\/\\\/www.jornalja.com.br\\\/arquivo\\\/#organization\",\"name\":\"Jornal J\\u00c1\",\"description\":\"Jornal J\\u00c1 | Porto Alegre\",\"url\":\"https:\\\/\\\/www.jornalja.com.br\\\/arquivo\\\/\",\"telephone\":\"+555133307272\",\"logo\":{\"@type\":\"ImageObject\",\"url\":\"https:\\\/\\\/www.jornalja.com.br\\\/wp-content\\\/uploads\\\/cards\\\/JAslogan.png\",\"@id\":\"https:\\\/\\\/www.jornalja.com.br\\\/arquivo\\\/governo-do-estado-e-ibama-devem-elaborar-projeto-de-contencao-do-mexilhao-dourado-no-guaiba\\\/#organizationLogo\"},\"image\":{\"@id\":\"https:\\\/\\\/www.jornalja.com.br\\\/arquivo\\\/governo-do-estado-e-ibama-devem-elaborar-projeto-de-contencao-do-mexilhao-dourado-no-guaiba\\\/#organizationLogo\"}},{\"@type\":\"Person\",\"@id\":\"https:\\\/\\\/www.jornalja.com.br\\\/arquivo\\\/author\\\/daredacao\\\/#author\",\"url\":\"https:\\\/\\\/www.jornalja.com.br\\\/arquivo\\\/author\\\/daredacao\\\/\",\"name\":\"da Reda\\u00e7\\u00e3o\",\"image\":{\"@type\":\"ImageObject\",\"@id\":\"https:\\\/\\\/www.jornalja.com.br\\\/arquivo\\\/governo-do-estado-e-ibama-devem-elaborar-projeto-de-contencao-do-mexilhao-dourado-no-guaiba\\\/#authorImage\",\"url\":\"https:\\\/\\\/secure.gravatar.com\\\/avatar\\\/469fd857d6605ad19919d27ed29d35a968a25f6e8fd9318356bbb7f57aae9c65?s=96&d=mm&r=g\",\"width\":96,\"height\":96,\"caption\":\"da Reda\\u00e7\\u00e3o\"}},{\"@type\":\"WebPage\",\"@id\":\"https:\\\/\\\/www.jornalja.com.br\\\/arquivo\\\/governo-do-estado-e-ibama-devem-elaborar-projeto-de-contencao-do-mexilhao-dourado-no-guaiba\\\/#webpage\",\"url\":\"https:\\\/\\\/www.jornalja.com.br\\\/arquivo\\\/governo-do-estado-e-ibama-devem-elaborar-projeto-de-contencao-do-mexilhao-dourado-no-guaiba\\\/\",\"name\":\"Ibama e SEMA devem elaborar projeto de conten\\u00e7\\u00e3o do mexilh\\u00e3o dourado no Gua\\u00edba | Arquivo\",\"inLanguage\":\"pt-BR\",\"isPartOf\":{\"@id\":\"https:\\\/\\\/www.jornalja.com.br\\\/arquivo\\\/#website\"},\"breadcrumb\":{\"@id\":\"https:\\\/\\\/www.jornalja.com.br\\\/arquivo\\\/governo-do-estado-e-ibama-devem-elaborar-projeto-de-contencao-do-mexilhao-dourado-no-guaiba\\\/#breadcrumblist\"},\"author\":{\"@id\":\"https:\\\/\\\/www.jornalja.com.br\\\/arquivo\\\/author\\\/daredacao\\\/#author\"},\"creator\":{\"@id\":\"https:\\\/\\\/www.jornalja.com.br\\\/arquivo\\\/author\\\/daredacao\\\/#author\"},\"image\":{\"@type\":\"ImageObject\",\"url\":53968,\"@id\":\"https:\\\/\\\/www.jornalja.com.br\\\/arquivo\\\/governo-do-estado-e-ibama-devem-elaborar-projeto-de-contencao-do-mexilhao-dourado-no-guaiba\\\/#mainImage\"},\"primaryImageOfPage\":{\"@id\":\"https:\\\/\\\/www.jornalja.com.br\\\/arquivo\\\/governo-do-estado-e-ibama-devem-elaborar-projeto-de-contencao-do-mexilhao-dourado-no-guaiba\\\/#mainImage\"},\"datePublished\":\"2017-08-22T15:30:29-03:00\",\"dateModified\":\"2017-08-22T15:30:29-03:00\"},{\"@type\":\"WebSite\",\"@id\":\"https:\\\/\\\/www.jornalja.com.br\\\/arquivo\\\/#website\",\"url\":\"https:\\\/\\\/www.jornalja.com.br\\\/arquivo\\\/\",\"name\":\"Arquivo\",\"description\":\"Jornal J\\u00c1 | Porto Alegre\",\"inLanguage\":\"pt-BR\",\"publisher\":{\"@id\":\"https:\\\/\\\/www.jornalja.com.br\\\/arquivo\\\/#organization\"}}]}\n\t\t<\/script>\n\t\t<!-- All in One SEO -->\n\n","aioseo_head_json":{"title":"Ibama e SEMA devem elaborar projeto de conten\u00e7\u00e3o do mexilh\u00e3o dourado no Gua\u00edba | Arquivo","description":"","canonical_url":"https:\/\/www.jornalja.com.br\/arquivo\/governo-do-estado-e-ibama-devem-elaborar-projeto-de-contencao-do-mexilhao-dourado-no-guaiba\/","robots":"max-image-preview:large","keywords":"","webmasterTools":{"miscellaneous":""},"schema":{"@context":"https:\/\/schema.org","@graph":[{"@type":"BlogPosting","@id":"https:\/\/www.jornalja.com.br\/arquivo\/governo-do-estado-e-ibama-devem-elaborar-projeto-de-contencao-do-mexilhao-dourado-no-guaiba\/#blogposting","name":"Ibama e SEMA devem elaborar projeto de conten\u00e7\u00e3o do mexilh\u00e3o dourado no Gua\u00edba | Arquivo","headline":"Ibama e SEMA devem elaborar projeto de conten\u00e7\u00e3o do mexilh\u00e3o dourado no Gua\u00edba","author":{"@id":"https:\/\/www.jornalja.com.br\/arquivo\/author\/daredacao\/#author"},"publisher":{"@id":"https:\/\/www.jornalja.com.br\/arquivo\/#organization"},"image":{"@type":"ImageObject","url":53968},"datePublished":"2017-08-22T15:30:29-03:00","dateModified":"2017-08-22T15:30:29-03:00","inLanguage":"pt-BR","mainEntityOfPage":{"@id":"https:\/\/www.jornalja.com.br\/arquivo\/governo-do-estado-e-ibama-devem-elaborar-projeto-de-contencao-do-mexilhao-dourado-no-guaiba\/#webpage"},"isPartOf":{"@id":"https:\/\/www.jornalja.com.br\/arquivo\/governo-do-estado-e-ibama-devem-elaborar-projeto-de-contencao-do-mexilhao-dourado-no-guaiba\/#webpage"},"articleSection":"Geral"},{"@type":"BreadcrumbList","@id":"https:\/\/www.jornalja.com.br\/arquivo\/governo-do-estado-e-ibama-devem-elaborar-projeto-de-contencao-do-mexilhao-dourado-no-guaiba\/#breadcrumblist","itemListElement":[{"@type":"ListItem","@id":"https:\/\/www.jornalja.com.br\/arquivo#listItem","position":1,"name":"Home","item":"https:\/\/www.jornalja.com.br\/arquivo","nextItem":{"@type":"ListItem","@id":"https:\/\/www.jornalja.com.br\/arquivo\/category\/geral\/#listItem","name":"Geral"}},{"@type":"ListItem","@id":"https:\/\/www.jornalja.com.br\/arquivo\/category\/geral\/#listItem","position":2,"name":"Geral","item":"https:\/\/www.jornalja.com.br\/arquivo\/category\/geral\/","nextItem":{"@type":"ListItem","@id":"https:\/\/www.jornalja.com.br\/arquivo\/governo-do-estado-e-ibama-devem-elaborar-projeto-de-contencao-do-mexilhao-dourado-no-guaiba\/#listItem","name":"Ibama e SEMA devem elaborar projeto de conten\u00e7\u00e3o do mexilh\u00e3o dourado no Gua\u00edba"},"previousItem":{"@type":"ListItem","@id":"https:\/\/www.jornalja.com.br\/arquivo#listItem","name":"Home"}},{"@type":"ListItem","@id":"https:\/\/www.jornalja.com.br\/arquivo\/governo-do-estado-e-ibama-devem-elaborar-projeto-de-contencao-do-mexilhao-dourado-no-guaiba\/#listItem","position":3,"name":"Ibama e SEMA devem elaborar projeto de conten\u00e7\u00e3o do mexilh\u00e3o dourado no Gua\u00edba","previousItem":{"@type":"ListItem","@id":"https:\/\/www.jornalja.com.br\/arquivo\/category\/geral\/#listItem","name":"Geral"}}]},{"@type":"Organization","@id":"https:\/\/www.jornalja.com.br\/arquivo\/#organization","name":"Jornal J\u00c1","description":"Jornal J\u00c1 | Porto Alegre","url":"https:\/\/www.jornalja.com.br\/arquivo\/","telephone":"+555133307272","logo":{"@type":"ImageObject","url":"https:\/\/www.jornalja.com.br\/wp-content\/uploads\/cards\/JAslogan.png","@id":"https:\/\/www.jornalja.com.br\/arquivo\/governo-do-estado-e-ibama-devem-elaborar-projeto-de-contencao-do-mexilhao-dourado-no-guaiba\/#organizationLogo"},"image":{"@id":"https:\/\/www.jornalja.com.br\/arquivo\/governo-do-estado-e-ibama-devem-elaborar-projeto-de-contencao-do-mexilhao-dourado-no-guaiba\/#organizationLogo"}},{"@type":"Person","@id":"https:\/\/www.jornalja.com.br\/arquivo\/author\/daredacao\/#author","url":"https:\/\/www.jornalja.com.br\/arquivo\/author\/daredacao\/","name":"da Reda\u00e7\u00e3o","image":{"@type":"ImageObject","@id":"https:\/\/www.jornalja.com.br\/arquivo\/governo-do-estado-e-ibama-devem-elaborar-projeto-de-contencao-do-mexilhao-dourado-no-guaiba\/#authorImage","url":"https:\/\/secure.gravatar.com\/avatar\/469fd857d6605ad19919d27ed29d35a968a25f6e8fd9318356bbb7f57aae9c65?s=96&d=mm&r=g","width":96,"height":96,"caption":"da Reda\u00e7\u00e3o"}},{"@type":"WebPage","@id":"https:\/\/www.jornalja.com.br\/arquivo\/governo-do-estado-e-ibama-devem-elaborar-projeto-de-contencao-do-mexilhao-dourado-no-guaiba\/#webpage","url":"https:\/\/www.jornalja.com.br\/arquivo\/governo-do-estado-e-ibama-devem-elaborar-projeto-de-contencao-do-mexilhao-dourado-no-guaiba\/","name":"Ibama e SEMA devem elaborar projeto de conten\u00e7\u00e3o do mexilh\u00e3o dourado no Gua\u00edba | Arquivo","inLanguage":"pt-BR","isPartOf":{"@id":"https:\/\/www.jornalja.com.br\/arquivo\/#website"},"breadcrumb":{"@id":"https:\/\/www.jornalja.com.br\/arquivo\/governo-do-estado-e-ibama-devem-elaborar-projeto-de-contencao-do-mexilhao-dourado-no-guaiba\/#breadcrumblist"},"author":{"@id":"https:\/\/www.jornalja.com.br\/arquivo\/author\/daredacao\/#author"},"creator":{"@id":"https:\/\/www.jornalja.com.br\/arquivo\/author\/daredacao\/#author"},"image":{"@type":"ImageObject","url":53968,"@id":"https:\/\/www.jornalja.com.br\/arquivo\/governo-do-estado-e-ibama-devem-elaborar-projeto-de-contencao-do-mexilhao-dourado-no-guaiba\/#mainImage"},"primaryImageOfPage":{"@id":"https:\/\/www.jornalja.com.br\/arquivo\/governo-do-estado-e-ibama-devem-elaborar-projeto-de-contencao-do-mexilhao-dourado-no-guaiba\/#mainImage"},"datePublished":"2017-08-22T15:30:29-03:00","dateModified":"2017-08-22T15:30:29-03:00"},{"@type":"WebSite","@id":"https:\/\/www.jornalja.com.br\/arquivo\/#website","url":"https:\/\/www.jornalja.com.br\/arquivo\/","name":"Arquivo","description":"Jornal J\u00c1 | Porto Alegre","inLanguage":"pt-BR","publisher":{"@id":"https:\/\/www.jornalja.com.br\/arquivo\/#organization"}}]},"og:locale":"pt_BR","og:site_name":"Arquivo | Jornal J\u00c1 | Porto Alegre","og:type":"article","og:title":"Ibama e SEMA devem elaborar projeto de conten\u00e7\u00e3o do mexilh\u00e3o dourado no Gua\u00edba | Arquivo","og:url":"https:\/\/www.jornalja.com.br\/arquivo\/governo-do-estado-e-ibama-devem-elaborar-projeto-de-contencao-do-mexilhao-dourado-no-guaiba\/","og:image":"https:\/\/www.jornalja.com.br\/economics\/wp-content\/uploads\/sites\/11\/2026\/08\/ja-folhaderosto-facebook.jpg","og:image:secure_url":"https:\/\/www.jornalja.com.br\/economics\/wp-content\/uploads\/sites\/11\/2026\/08\/ja-folhaderosto-facebook.jpg","article:published_time":"2017-08-22T18:30:29+00:00","article:modified_time":"2017-08-22T18:30:29+00:00","twitter:card":"summary","twitter:title":"Ibama e SEMA devem elaborar projeto de conten\u00e7\u00e3o do mexilh\u00e3o dourado no Gua\u00edba | Arquivo","twitter:image":"https:\/\/www.jornalja.com.br\/economics\/wp-content\/uploads\/sites\/11\/2026\/08\/ja-folhaderosto-facebook.jpg"},"aioseo_meta_data":{"post_id":"53962","title":null,"description":null,"keywords":null,"keyphrases":null,"primary_term":null,"canonical_url":null,"og_title":null,"og_description":null,"og_object_type":"default","og_image_type":"default","og_image_url":null,"og_image_width":null,"og_image_height":null,"og_image_custom_url":null,"og_image_custom_fields":null,"og_video":null,"og_custom_url":null,"og_article_section":null,"og_article_tags":null,"twitter_use_og":false,"twitter_card":"default","twitter_image_type":"default","twitter_image_url":null,"twitter_image_custom_url":null,"twitter_image_custom_fields":null,"twitter_title":null,"twitter_description":null,"schema":{"blockGraphs":[],"customGraphs":[],"default":{"data":{"Article":[],"Course":[],"Dataset":[],"FAQPage":[],"Movie":[],"Person":[],"Product":[],"ProductReview":[],"Car":[],"Recipe":[],"Service":[],"SoftwareApplication":[],"WebPage":[]},"graphName":"","isEnabled":true},"graphs":[],"defaultGraph":"","defaultPostTypeGraph":""},"schema_type":null,"schema_type_options":null,"pillar_content":false,"robots_default":true,"robots_noindex":false,"robots_noarchive":false,"robots_nosnippet":false,"robots_nofollow":false,"robots_noimageindex":false,"robots_noodp":false,"robots_notranslate":false,"robots_max_snippet":null,"robots_max_videopreview":null,"robots_max_imagepreview":"large","priority":null,"frequency":null,"location":null,"local_seo":null,"breadcrumb_settings":null,"limit_modified_date":false,"ai":null,"created":"2020-12-20 20:26:02","updated":"2025-07-20 00:32:36","seo_analyzer_scan_date":null,"focus_keyword":null,"additional_keywords":null,"truseo_locale":null},"jetpack_sharing_enabled":true,"jetpack-related-posts":[{"id":14241,"url":"https:\/\/www.jornalja.com.br\/arquivo\/o-guaiba-nas-imagens-poeticas-de-achutti\/","url_meta":{"origin":53962,"position":0},"title":"O Gua\u00edba nas imagens po\u00e9ticas de Achutti","author":"da Reda\u00e7\u00e3o","date":"18 de junho de 2014","format":false,"excerpt":"Em \u201cO Gua\u00edba por Achutti\u201d \u2013 obra financiada via Minist\u00e9rio da Cultura, produ\u00e7\u00e3o executiva de Pedro Longhi, e Fl\u00e1vio Wild como designer \u2013, o fot\u00f3grafo revela a beleza e as mazelas de um espa\u00e7o aqu\u00e1tico de \u00e1guas sempre renovadas, cheio de hist\u00f3rias e lendas como as das cidades que foram\u2026","rel":"","context":"Em &quot;Cultura-Geral&quot;","block_context":{"text":"Cultura-Geral","link":"https:\/\/www.jornalja.com.br\/arquivo\/category\/materiasecundaria\/"},"img":{"alt_text":"","src":"","width":0,"height":0},"classes":[]},{"id":13109,"url":"https:\/\/www.jornalja.com.br\/arquivo\/judiciario-reconhece-poluicao-eletromagnetica\/","url_meta":{"origin":53962,"position":1},"title":"Judici\u00e1rio reconhece polui\u00e7\u00e3o eletromagn\u00e9tica","author":"Patr\u00edcia Marini","date":"16 de maio de 2014","format":false,"excerpt":"A\u00e7\u00e3o de duas associa\u00e7\u00f5es de moradores foi acolhida pelo Tribunal de Justi\u00e7a de S\u00e3o Paulo que. em decis\u00e3o in\u00e9dita, determinou a redu\u00e7\u00e3o do campo eletromagn\u00e9tico gerado pelas linhas de transmiss\u00e3o de energia que cortam os bairros City Boa\u00e7ava e Alto de Pinheiros. \u00c9 a primeira vez que um tribunal do\u2026","rel":"","context":"Em &quot;X.Categorias velhas&quot;","block_context":{"text":"X.Categorias velhas","link":"https:\/\/www.jornalja.com.br\/arquivo\/category\/x-categorias-velhas\/"},"img":{"alt_text":"","src":"","width":0,"height":0},"classes":[]},{"id":5440,"url":"https:\/\/www.jornalja.com.br\/arquivo\/casarao-da-venancio-destino-permanece-incerto\/","url_meta":{"origin":53962,"position":2},"title":"Estado ainda n\u00e3o sabe o que fazer com casar\u00e3o abandonado h\u00e1 20 anos","author":"Elmar Bones","date":"6 de julho de 2009","format":false,"excerpt":"O casar\u00e3o amarelo, numa esquina nobre de Porto Alegre (Ven\u00e2ncio Aires com Jo\u00e3o Pessoa), j\u00e1 abrigou uma escola. H\u00e1 duas d\u00e9cadas, pelo menos, est\u00e1 abandonado, porque seu propriet\u00e1rio, o governo do Estado do Rio Grande do Sul, n\u00e3o consegue achar um destino para ele. Planos n\u00e3o faltaram. O governador Ol\u00edvio\u2026","rel":"","context":"Em &quot;X.Categorias velhas&quot;","block_context":{"text":"X.Categorias velhas","link":"https:\/\/www.jornalja.com.br\/arquivo\/category\/x-categorias-velhas\/"},"img":{"alt_text":"geraldo1","src":"https:\/\/i0.wp.com\/www.jornalja.com.br\/wp-content\/uploads\/2009\/07\/geraldo1.jpg?resize=350%2C200&ssl=1","width":350,"height":200},"classes":[]},{"id":13128,"url":"https:\/\/www.jornalja.com.br\/arquivo\/maconha-terra-diz-que-uso-medicinal-e-desculpa\/","url_meta":{"origin":53962,"position":3},"title":"Maconha: Terra diz que uso medicinal \u00e9 desculpa","author":"Patr\u00edcia Marini","date":"4 de junho de 2014","format":false,"excerpt":"A condi\u00e7\u00e3o de pol\u00edtico, em \u00e9poca de campanha de campanha eleitoral, tira for\u00e7a do discurso do m\u00e9dico Osmar Terra contra a legaliza\u00e7\u00e3o da maconha. A tese dele de que a libera\u00e7\u00e3o vai ampliar exponencialmente o consumo \u00e9 discutivel, o consumo \u00e9 corrente. Mas seus alertas quanto aos riscos tem que\u2026","rel":"","context":"Em &quot;X.Categorias velhas&quot;","block_context":{"text":"X.Categorias velhas","link":"https:\/\/www.jornalja.com.br\/arquivo\/category\/x-categorias-velhas\/"},"img":{"alt_text":"","src":"","width":0,"height":0},"classes":[]},{"id":13124,"url":"https:\/\/www.jornalja.com.br\/arquivo\/sangue-latino-no-iecine\/","url_meta":{"origin":53962,"position":4},"title":"Sangue latino no IECINE","author":"da Reda\u00e7\u00e3o","date":"18 de maio de 2014","format":false,"excerpt":"Francisco Ribeiro O Instituto Estadual de Cinema (IECINE) tem a frente, desde abril \u00faltimo, um novo diretor, o cineasta colombiano Juan Zapata, 36, que substitui Luiz Alberto Cassol. Radicado h\u00e1 dez anos em Porto Alegre, Zapata tem diante de si o desafio de conduzir at\u00e9 o final do ano um\u2026","rel":"","context":"Em &quot;Cultura-Geral&quot;","block_context":{"text":"Cultura-Geral","link":"https:\/\/www.jornalja.com.br\/arquivo\/category\/materiasecundaria\/"},"img":{"alt_text":"","src":"","width":0,"height":0},"classes":[]},{"id":13240,"url":"https:\/\/www.jornalja.com.br\/arquivo\/plano-diretor-estamos-construindo-o-caos\/","url_meta":{"origin":53962,"position":5},"title":"Plano diretor: &quot;Estamos construindo o caos&quot;","author":"Patr\u00edcia Marini","date":"26 de maio de 2014","format":false,"excerpt":"Desabafo que arquiteta Eliana Castilhos, delegada da Regi\u00e3o de Planejamento 1, postou nas redes sociais \u00e9 um testemunho do ambiente que se criou no Conselho do Plano Diretor de Porto Alegre, onde a aprova\u00e7\u00e3o de grandes empreendimentos \u00e9 empurrada guela abaixo dos conselheiros. Ao CMDUA Como delegada da Regi\u00e3o de\u2026","rel":"","context":"Em &quot;Geral&quot;","block_context":{"text":"Geral","link":"https:\/\/www.jornalja.com.br\/arquivo\/category\/geral\/"},"img":{"alt_text":"","src":"","width":0,"height":0},"classes":[]}],"jetpack_shortlink":"https:\/\/wp.me\/pbQjBd-e2m","jetpack_featured_media_url":"","_links":{"self":[{"href":"https:\/\/www.jornalja.com.br\/arquivo\/wp-json\/wp\/v2\/posts\/53962","targetHints":{"allow":["GET"]}}],"collection":[{"href":"https:\/\/www.jornalja.com.br\/arquivo\/wp-json\/wp\/v2\/posts"}],"about":[{"href":"https:\/\/www.jornalja.com.br\/arquivo\/wp-json\/wp\/v2\/types\/post"}],"author":[{"embeddable":true,"href":"https:\/\/www.jornalja.com.br\/arquivo\/wp-json\/wp\/v2\/users\/4"}],"replies":[{"embeddable":true,"href":"https:\/\/www.jornalja.com.br\/arquivo\/wp-json\/wp\/v2\/comments?post=53962"}],"version-history":[{"count":0,"href":"https:\/\/www.jornalja.com.br\/arquivo\/wp-json\/wp\/v2\/posts\/53962\/revisions"}],"wp:attachment":[{"href":"https:\/\/www.jornalja.com.br\/arquivo\/wp-json\/wp\/v2\/media?parent=53962"}],"wp:term":[{"taxonomy":"category","embeddable":true,"href":"https:\/\/www.jornalja.com.br\/arquivo\/wp-json\/wp\/v2\/categories?post=53962"},{"taxonomy":"post_tag","embeddable":true,"href":"https:\/\/www.jornalja.com.br\/arquivo\/wp-json\/wp\/v2\/tags?post=53962"}],"curies":[{"name":"wp","href":"https:\/\/api.w.org\/{rel}","templated":true}]}}