{"id":53982,"date":"2017-08-22T15:54:59","date_gmt":"2017-08-22T18:54:59","guid":{"rendered":"https:\/\/www.jornalja.com.br\/?p=53982"},"modified":"2017-08-22T15:54:59","modified_gmt":"2017-08-22T18:54:59","slug":"mpsc-quer-obrigar-municipios-do-sul-a-recuperar-area-usada-como-lixao","status":"publish","type":"post","link":"https:\/\/www.jornalja.com.br\/arquivo\/mpsc-quer-obrigar-municipios-do-sul-a-recuperar-area-usada-como-lixao\/","title":{"rendered":"MP\/SC quer obrigar munic\u00edpios do Sul a recuperar \u00e1rea usada como lix\u00e3o"},"content":{"rendered":"<p>Os munic\u00edpios de Laguna, Gravatal, Capivari de Baixo e Tubar\u00e3o n\u00e3o fizeram a recupera\u00e7\u00e3o ambiental da \u00e1rea que utilizavam como lix\u00e3o, conforme haviam se comprometido em acordo extrajudicial com o Minist\u00e9rio P\u00fablico de Santa Catarina (MP\/SC).<br \/>\nO Termo de Ajustamento de Conduta (TAC), assinado em agosto de 2001, est\u00e1 sendo executado. O MP\/SC entrou na Justi\u00e7a na segunda-feira, 14, para proteger o meio ambiente e garantir a sa\u00fade p\u00fablica, pois a \u00e1rea est\u00e1 totalmente degradada e polu\u00edda. Exige tamb\u00e9m que os munic\u00edpios paguem multa pelo descumprimento do acordo.<br \/>\nNa a\u00e7\u00e3o de execu\u00e7\u00e3o de cumprimento de obriga\u00e7\u00e3o de fazer, os Promotores de Justi\u00e7a com atua\u00e7\u00e3o na \u00e1rea do meio ambiente da regi\u00e3o pedem para que o Ju\u00edzo da 2\u00aa Vara C\u00edvel da Comarca de Laguna obrigue os munic\u00edpios a apresentarem \u00e0 Funda\u00e7\u00e3o do Meio Ambiente (Fatma) um novo projeto de recupera\u00e7\u00e3o da \u00e1rea com base em Laudo Pericial produzido com financiamento do Fundo de Reconstitui\u00e7\u00e3o de Bens Lesados. O Laudo Pericial comprovou que o local est\u00e1 severamente contaminado e impr\u00f3prio para a ocupa\u00e7\u00e3o humana. O lix\u00e3o foi desativado em 2003, mas n\u00e3o recebeu obras de recupera\u00e7\u00e3o ambiental adequadas. Hoje os res\u00edduos s\u00f3lidos s\u00e3o destinados a Empresa que det\u00e9m licen\u00e7a ambiental, mas o passivo ambiental foi deixado sem recupera\u00e7\u00e3o.<br \/>\n&#8220;Houve a simples compacta\u00e7\u00e3o do material em meio a camadas de argilas, por\u00e9m camadas finas, pois o material ainda encontra-se em parte na superf\u00edcie. A \u00e1rea possui os materiais que seriam utilizados nas obras de recupera\u00e7\u00e3o ambiental, como tubula\u00e7\u00e3o e calhas de concreto&#8230; O que se percebe \u00e9 um total abandono das atividades sem nenhum tipo de controle da polui\u00e7\u00e3o ambiental&#8221;, descreveu a perita que realizou o Laudo.<br \/>\nA per\u00edcia constatou, ainda, que a polui\u00e7\u00e3o gerada pelo dep\u00f3sito irregular de res\u00edduos do antigo lix\u00e3o causou polui\u00e7\u00e3o das \u00e1guas e do solo na \u00e1rea.<br \/>\nOs munic\u00edpios de Laguna, Gravatal, Capivari de Baixo e Tubar\u00e3o utilizavam a \u00e1rea, que hoje pertence a Pescaria Brava, para depositar res\u00edduos s\u00f3lidos. No TAC firmado com o MPSC, em 2001, os entes p\u00fablicos se comprometeram a desativar o lix\u00e3o e, entre outras medidas, a recuperar o local. Segundo a a\u00e7\u00e3o, os munic\u00edpios contrataram a Funda\u00e7\u00e3o de Apoio \u00e0 Educa\u00e7\u00e3o, Pesquisa e Extens\u00e3o da UNISUL (FAEPESUL) para produzir o projeto de recupera\u00e7\u00e3o. O projeto foi apresentado \u00e0 FATMA, que o analisou e emitiu uma licen\u00e7a ambiental de opera\u00e7\u00e3o para a recupera\u00e7\u00e3o da \u00e1rea com validade de seis meses. A licen\u00e7a n\u00e3o foi renovada e nem as suas condicionantes sequer foram comprovadas.<br \/>\n&#8220;A Funda\u00e7\u00e3o contratada n\u00e3o cumpriu o contrato por alegar poss\u00edvel inadimpl\u00eancia dos contratantes. A FATMA efetuou algumas autua\u00e7\u00f5es ao cons\u00f3rcio (formado pelos munic\u00edpios signat\u00e1rios do TAC) que nenhum efeito pr\u00e1tico surtiram&#8221;, sustentam os Promotores de Justi\u00e7a Ana Paula Destri Pavan, Ernest Surt Hammer Schmidt, Fernanda Broering Dutra e Osvaldo Juvencio Cioffi J\u00fanior na a\u00e7\u00e3o.<br \/>\nDesde 2012, a Promotoria Regional do Meio Ambiente de Tubar\u00e3o, por meio do Promotor de Justi\u00e7a Sandro Araujo, tentou convencer os prefeitos signat\u00e1rios do TAC a cumprirem todas as cl\u00e1usulas do acordo, mas n\u00e3o obteve sucesso.<br \/>\nO Tribunal de Contas do Estado (TCE) tamb\u00e9m apurou diversas irregularidades no processo de requerimento de licenciamento ambiental e chegou a notificar a prefeitura de Tubar\u00e3o para que tomasse as medidas necess\u00e1rias para o controle e monitoramento ambiental do antigo lix\u00e3o em conjunto com os outros munic\u00edpios. No entanto, segundo os Promotores de Justi\u00e7a, nem assim foram tomadas medidas de efetiva recupera\u00e7\u00e3o da \u00e1rea.<br \/>\nO TAC foi assinado dentro do inqu\u00e9rito civil instaurado pelo MPSC com abrang\u00eancia estadual para a implementa\u00e7\u00e3o do Programa institucional &#8220;Lixo Nosso de Cada Dia&#8221;, que visava \u00e0 implanta\u00e7\u00e3o de aterros sanit\u00e1rios mediante licen\u00e7a ambiental, com a desativa\u00e7\u00e3o dos lix\u00f5es e a recupera\u00e7\u00e3o das \u00e1reas degradadas pelo dep\u00f3sito irregular de res\u00edduos s\u00f3lidos nos munic\u00edpios catarinenses.<br \/>\nEm raz\u00e3o do descumprimento do acordo, os Promotores de Justi\u00e7a tamb\u00e9m ajuizaram, paralelamente \u00e0 a\u00e7\u00e3o de recupera\u00e7\u00e3o da \u00e1rea degradada, um outro processo para cobrar multa dos munic\u00edpios signat\u00e1rios do TAC. C\u00e1lculo preliminar indica que a multa pelo descumprimento pode chegar a mais de R$ 42 milh\u00f5es. O valor leva em considera\u00e7\u00e3o o per\u00edodo em atraso, que \u00e9 16\/2\/2004 a 11\/8\/2017.<\/p>\n","protected":false},"excerpt":{"rendered":"<p>Os munic\u00edpios de Laguna, Gravatal, Capivari de Baixo e Tubar\u00e3o n\u00e3o fizeram a recupera\u00e7\u00e3o ambiental da \u00e1rea que utilizavam como lix\u00e3o, conforme haviam se comprometido em acordo extrajudicial com o Minist\u00e9rio P\u00fablico de Santa Catarina (MP\/SC). O Termo de Ajustamento de Conduta (TAC), assinado em agosto de 2001, est\u00e1 sendo executado. O MP\/SC entrou na [&hellip;]<\/p>\n","protected":false},"author":4,"featured_media":53983,"comment_status":"open","ping_status":"closed","sticky":false,"template":"","format":"standard","meta":{"_jetpack_newsletter_access":"","_jetpack_dont_email_post_to_subs":false,"_jetpack_newsletter_tier_id":0,"_jetpack_memberships_contains_paywalled_content":false,"_jetpack_feature_clip_id":0,"_jetpack_memberships_contains_paid_content":false,"footnotes":"","jetpack_post_was_ever_published":false},"categories":[26],"tags":[],"class_list":["post-53982","post","type-post","status-publish","format-standard","has-post-thumbnail","hentry","category-geral"],"aioseo_notices":[],"aioseo_head":"\n\t\t<!-- All in One SEO 5.0.1.1 - aioseo.com -->\n\t<meta name=\"robots\" content=\"max-image-preview:large\" \/>\n\t<meta name=\"author\" content=\"da Reda\u00e7\u00e3o\"\/>\n\t<link rel=\"canonical\" href=\"https:\/\/www.jornalja.com.br\/arquivo\/mpsc-quer-obrigar-municipios-do-sul-a-recuperar-area-usada-como-lixao\/\" \/>\n\t<meta name=\"generator\" content=\"All in One SEO (AIOSEO) 5.0.1.1\" \/>\n\t\t<meta property=\"og:locale\" content=\"pt_BR\" \/>\n\t\t<meta property=\"og:site_name\" content=\"Arquivo | Jornal J\u00c1 | Porto Alegre\" \/>\n\t\t<meta property=\"og:type\" content=\"article\" \/>\n\t\t<meta property=\"og:title\" content=\"MP\/SC quer obrigar munic\u00edpios do Sul a recuperar \u00e1rea usada como lix\u00e3o | Arquivo\" \/>\n\t\t<meta property=\"og:url\" content=\"https:\/\/www.jornalja.com.br\/arquivo\/mpsc-quer-obrigar-municipios-do-sul-a-recuperar-area-usada-como-lixao\/\" \/>\n\t\t<meta property=\"og:image\" content=\"https:\/\/www.jornalja.com.br\/economics\/wp-content\/uploads\/sites\/11\/2026\/08\/ja-folhaderosto-facebook.jpg\" \/>\n\t\t<meta property=\"og:image:secure_url\" content=\"https:\/\/www.jornalja.com.br\/economics\/wp-content\/uploads\/sites\/11\/2026\/08\/ja-folhaderosto-facebook.jpg\" \/>\n\t\t<meta property=\"article:published_time\" content=\"2017-08-22T18:54:59+00:00\" \/>\n\t\t<meta property=\"article:modified_time\" content=\"2017-08-22T18:54:59+00:00\" \/>\n\t\t<meta name=\"twitter:card\" content=\"summary\" \/>\n\t\t<meta name=\"twitter:title\" content=\"MP\/SC quer obrigar munic\u00edpios do Sul a recuperar \u00e1rea usada como lix\u00e3o | Arquivo\" \/>\n\t\t<meta name=\"twitter:image\" content=\"https:\/\/www.jornalja.com.br\/economics\/wp-content\/uploads\/sites\/11\/2026\/08\/ja-folhaderosto-facebook.jpg\" \/>\n\t\t<script type=\"application\/ld+json\" class=\"aioseo-schema\">\n\t\t\t{\"@context\":\"https:\\\/\\\/schema.org\",\"@graph\":[{\"@type\":\"BlogPosting\",\"@id\":\"https:\\\/\\\/www.jornalja.com.br\\\/arquivo\\\/mpsc-quer-obrigar-municipios-do-sul-a-recuperar-area-usada-como-lixao\\\/#blogposting\",\"name\":\"MP\\\/SC quer obrigar munic\\u00edpios do Sul a recuperar \\u00e1rea usada como lix\\u00e3o | Arquivo\",\"headline\":\"MP\\\/SC quer obrigar munic\\u00edpios do Sul a recuperar \\u00e1rea usada como lix\\u00e3o\",\"author\":{\"@id\":\"https:\\\/\\\/www.jornalja.com.br\\\/arquivo\\\/author\\\/daredacao\\\/#author\"},\"publisher\":{\"@id\":\"https:\\\/\\\/www.jornalja.com.br\\\/arquivo\\\/#organization\"},\"image\":{\"@type\":\"ImageObject\",\"url\":53983},\"datePublished\":\"2017-08-22T15:54:59-03:00\",\"dateModified\":\"2017-08-22T15:54:59-03:00\",\"inLanguage\":\"pt-BR\",\"mainEntityOfPage\":{\"@id\":\"https:\\\/\\\/www.jornalja.com.br\\\/arquivo\\\/mpsc-quer-obrigar-municipios-do-sul-a-recuperar-area-usada-como-lixao\\\/#webpage\"},\"isPartOf\":{\"@id\":\"https:\\\/\\\/www.jornalja.com.br\\\/arquivo\\\/mpsc-quer-obrigar-municipios-do-sul-a-recuperar-area-usada-como-lixao\\\/#webpage\"},\"articleSection\":\"Geral\"},{\"@type\":\"BreadcrumbList\",\"@id\":\"https:\\\/\\\/www.jornalja.com.br\\\/arquivo\\\/mpsc-quer-obrigar-municipios-do-sul-a-recuperar-area-usada-como-lixao\\\/#breadcrumblist\",\"itemListElement\":[{\"@type\":\"ListItem\",\"@id\":\"https:\\\/\\\/www.jornalja.com.br\\\/arquivo#listItem\",\"position\":1,\"name\":\"Home\",\"item\":\"https:\\\/\\\/www.jornalja.com.br\\\/arquivo\",\"nextItem\":{\"@type\":\"ListItem\",\"@id\":\"https:\\\/\\\/www.jornalja.com.br\\\/arquivo\\\/category\\\/geral\\\/#listItem\",\"name\":\"Geral\"}},{\"@type\":\"ListItem\",\"@id\":\"https:\\\/\\\/www.jornalja.com.br\\\/arquivo\\\/category\\\/geral\\\/#listItem\",\"position\":2,\"name\":\"Geral\",\"item\":\"https:\\\/\\\/www.jornalja.com.br\\\/arquivo\\\/category\\\/geral\\\/\",\"nextItem\":{\"@type\":\"ListItem\",\"@id\":\"https:\\\/\\\/www.jornalja.com.br\\\/arquivo\\\/mpsc-quer-obrigar-municipios-do-sul-a-recuperar-area-usada-como-lixao\\\/#listItem\",\"name\":\"MP\\\/SC quer obrigar munic\\u00edpios do Sul a recuperar \\u00e1rea usada como lix\\u00e3o\"},\"previousItem\":{\"@type\":\"ListItem\",\"@id\":\"https:\\\/\\\/www.jornalja.com.br\\\/arquivo#listItem\",\"name\":\"Home\"}},{\"@type\":\"ListItem\",\"@id\":\"https:\\\/\\\/www.jornalja.com.br\\\/arquivo\\\/mpsc-quer-obrigar-municipios-do-sul-a-recuperar-area-usada-como-lixao\\\/#listItem\",\"position\":3,\"name\":\"MP\\\/SC quer obrigar munic\\u00edpios do Sul a recuperar \\u00e1rea usada como lix\\u00e3o\",\"previousItem\":{\"@type\":\"ListItem\",\"@id\":\"https:\\\/\\\/www.jornalja.com.br\\\/arquivo\\\/category\\\/geral\\\/#listItem\",\"name\":\"Geral\"}}]},{\"@type\":\"Organization\",\"@id\":\"https:\\\/\\\/www.jornalja.com.br\\\/arquivo\\\/#organization\",\"name\":\"Jornal J\\u00c1\",\"description\":\"Jornal J\\u00c1 | Porto Alegre\",\"url\":\"https:\\\/\\\/www.jornalja.com.br\\\/arquivo\\\/\",\"telephone\":\"+555133307272\",\"logo\":{\"@type\":\"ImageObject\",\"url\":\"https:\\\/\\\/www.jornalja.com.br\\\/wp-content\\\/uploads\\\/cards\\\/JAslogan.png\",\"@id\":\"https:\\\/\\\/www.jornalja.com.br\\\/arquivo\\\/mpsc-quer-obrigar-municipios-do-sul-a-recuperar-area-usada-como-lixao\\\/#organizationLogo\"},\"image\":{\"@id\":\"https:\\\/\\\/www.jornalja.com.br\\\/arquivo\\\/mpsc-quer-obrigar-municipios-do-sul-a-recuperar-area-usada-como-lixao\\\/#organizationLogo\"}},{\"@type\":\"Person\",\"@id\":\"https:\\\/\\\/www.jornalja.com.br\\\/arquivo\\\/author\\\/daredacao\\\/#author\",\"url\":\"https:\\\/\\\/www.jornalja.com.br\\\/arquivo\\\/author\\\/daredacao\\\/\",\"name\":\"da Reda\\u00e7\\u00e3o\",\"image\":{\"@type\":\"ImageObject\",\"@id\":\"https:\\\/\\\/www.jornalja.com.br\\\/arquivo\\\/mpsc-quer-obrigar-municipios-do-sul-a-recuperar-area-usada-como-lixao\\\/#authorImage\",\"url\":\"https:\\\/\\\/secure.gravatar.com\\\/avatar\\\/469fd857d6605ad19919d27ed29d35a968a25f6e8fd9318356bbb7f57aae9c65?s=96&d=mm&r=g\",\"width\":96,\"height\":96,\"caption\":\"da Reda\\u00e7\\u00e3o\"}},{\"@type\":\"WebPage\",\"@id\":\"https:\\\/\\\/www.jornalja.com.br\\\/arquivo\\\/mpsc-quer-obrigar-municipios-do-sul-a-recuperar-area-usada-como-lixao\\\/#webpage\",\"url\":\"https:\\\/\\\/www.jornalja.com.br\\\/arquivo\\\/mpsc-quer-obrigar-municipios-do-sul-a-recuperar-area-usada-como-lixao\\\/\",\"name\":\"MP\\\/SC quer obrigar munic\\u00edpios do Sul a recuperar \\u00e1rea usada como lix\\u00e3o | Arquivo\",\"inLanguage\":\"pt-BR\",\"isPartOf\":{\"@id\":\"https:\\\/\\\/www.jornalja.com.br\\\/arquivo\\\/#website\"},\"breadcrumb\":{\"@id\":\"https:\\\/\\\/www.jornalja.com.br\\\/arquivo\\\/mpsc-quer-obrigar-municipios-do-sul-a-recuperar-area-usada-como-lixao\\\/#breadcrumblist\"},\"author\":{\"@id\":\"https:\\\/\\\/www.jornalja.com.br\\\/arquivo\\\/author\\\/daredacao\\\/#author\"},\"creator\":{\"@id\":\"https:\\\/\\\/www.jornalja.com.br\\\/arquivo\\\/author\\\/daredacao\\\/#author\"},\"image\":{\"@type\":\"ImageObject\",\"url\":53983,\"@id\":\"https:\\\/\\\/www.jornalja.com.br\\\/arquivo\\\/mpsc-quer-obrigar-municipios-do-sul-a-recuperar-area-usada-como-lixao\\\/#mainImage\"},\"primaryImageOfPage\":{\"@id\":\"https:\\\/\\\/www.jornalja.com.br\\\/arquivo\\\/mpsc-quer-obrigar-municipios-do-sul-a-recuperar-area-usada-como-lixao\\\/#mainImage\"},\"datePublished\":\"2017-08-22T15:54:59-03:00\",\"dateModified\":\"2017-08-22T15:54:59-03:00\"},{\"@type\":\"WebSite\",\"@id\":\"https:\\\/\\\/www.jornalja.com.br\\\/arquivo\\\/#website\",\"url\":\"https:\\\/\\\/www.jornalja.com.br\\\/arquivo\\\/\",\"name\":\"Arquivo\",\"description\":\"Jornal J\\u00c1 | Porto Alegre\",\"inLanguage\":\"pt-BR\",\"publisher\":{\"@id\":\"https:\\\/\\\/www.jornalja.com.br\\\/arquivo\\\/#organization\"}}]}\n\t\t<\/script>\n\t\t<!-- All in One SEO -->\n\n","aioseo_head_json":{"title":"MP\/SC quer obrigar munic\u00edpios do Sul a recuperar \u00e1rea usada como lix\u00e3o | Arquivo","description":"","canonical_url":"https:\/\/www.jornalja.com.br\/arquivo\/mpsc-quer-obrigar-municipios-do-sul-a-recuperar-area-usada-como-lixao\/","robots":"max-image-preview:large","keywords":"","webmasterTools":{"miscellaneous":""},"schema":{"@context":"https:\/\/schema.org","@graph":[{"@type":"BlogPosting","@id":"https:\/\/www.jornalja.com.br\/arquivo\/mpsc-quer-obrigar-municipios-do-sul-a-recuperar-area-usada-como-lixao\/#blogposting","name":"MP\/SC quer obrigar munic\u00edpios do Sul a recuperar \u00e1rea usada como lix\u00e3o | Arquivo","headline":"MP\/SC quer obrigar munic\u00edpios do Sul a recuperar \u00e1rea usada como lix\u00e3o","author":{"@id":"https:\/\/www.jornalja.com.br\/arquivo\/author\/daredacao\/#author"},"publisher":{"@id":"https:\/\/www.jornalja.com.br\/arquivo\/#organization"},"image":{"@type":"ImageObject","url":53983},"datePublished":"2017-08-22T15:54:59-03:00","dateModified":"2017-08-22T15:54:59-03:00","inLanguage":"pt-BR","mainEntityOfPage":{"@id":"https:\/\/www.jornalja.com.br\/arquivo\/mpsc-quer-obrigar-municipios-do-sul-a-recuperar-area-usada-como-lixao\/#webpage"},"isPartOf":{"@id":"https:\/\/www.jornalja.com.br\/arquivo\/mpsc-quer-obrigar-municipios-do-sul-a-recuperar-area-usada-como-lixao\/#webpage"},"articleSection":"Geral"},{"@type":"BreadcrumbList","@id":"https:\/\/www.jornalja.com.br\/arquivo\/mpsc-quer-obrigar-municipios-do-sul-a-recuperar-area-usada-como-lixao\/#breadcrumblist","itemListElement":[{"@type":"ListItem","@id":"https:\/\/www.jornalja.com.br\/arquivo#listItem","position":1,"name":"Home","item":"https:\/\/www.jornalja.com.br\/arquivo","nextItem":{"@type":"ListItem","@id":"https:\/\/www.jornalja.com.br\/arquivo\/category\/geral\/#listItem","name":"Geral"}},{"@type":"ListItem","@id":"https:\/\/www.jornalja.com.br\/arquivo\/category\/geral\/#listItem","position":2,"name":"Geral","item":"https:\/\/www.jornalja.com.br\/arquivo\/category\/geral\/","nextItem":{"@type":"ListItem","@id":"https:\/\/www.jornalja.com.br\/arquivo\/mpsc-quer-obrigar-municipios-do-sul-a-recuperar-area-usada-como-lixao\/#listItem","name":"MP\/SC quer obrigar munic\u00edpios do Sul a recuperar \u00e1rea usada como lix\u00e3o"},"previousItem":{"@type":"ListItem","@id":"https:\/\/www.jornalja.com.br\/arquivo#listItem","name":"Home"}},{"@type":"ListItem","@id":"https:\/\/www.jornalja.com.br\/arquivo\/mpsc-quer-obrigar-municipios-do-sul-a-recuperar-area-usada-como-lixao\/#listItem","position":3,"name":"MP\/SC quer obrigar munic\u00edpios do Sul a recuperar \u00e1rea usada como lix\u00e3o","previousItem":{"@type":"ListItem","@id":"https:\/\/www.jornalja.com.br\/arquivo\/category\/geral\/#listItem","name":"Geral"}}]},{"@type":"Organization","@id":"https:\/\/www.jornalja.com.br\/arquivo\/#organization","name":"Jornal J\u00c1","description":"Jornal J\u00c1 | Porto Alegre","url":"https:\/\/www.jornalja.com.br\/arquivo\/","telephone":"+555133307272","logo":{"@type":"ImageObject","url":"https:\/\/www.jornalja.com.br\/wp-content\/uploads\/cards\/JAslogan.png","@id":"https:\/\/www.jornalja.com.br\/arquivo\/mpsc-quer-obrigar-municipios-do-sul-a-recuperar-area-usada-como-lixao\/#organizationLogo"},"image":{"@id":"https:\/\/www.jornalja.com.br\/arquivo\/mpsc-quer-obrigar-municipios-do-sul-a-recuperar-area-usada-como-lixao\/#organizationLogo"}},{"@type":"Person","@id":"https:\/\/www.jornalja.com.br\/arquivo\/author\/daredacao\/#author","url":"https:\/\/www.jornalja.com.br\/arquivo\/author\/daredacao\/","name":"da Reda\u00e7\u00e3o","image":{"@type":"ImageObject","@id":"https:\/\/www.jornalja.com.br\/arquivo\/mpsc-quer-obrigar-municipios-do-sul-a-recuperar-area-usada-como-lixao\/#authorImage","url":"https:\/\/secure.gravatar.com\/avatar\/469fd857d6605ad19919d27ed29d35a968a25f6e8fd9318356bbb7f57aae9c65?s=96&d=mm&r=g","width":96,"height":96,"caption":"da Reda\u00e7\u00e3o"}},{"@type":"WebPage","@id":"https:\/\/www.jornalja.com.br\/arquivo\/mpsc-quer-obrigar-municipios-do-sul-a-recuperar-area-usada-como-lixao\/#webpage","url":"https:\/\/www.jornalja.com.br\/arquivo\/mpsc-quer-obrigar-municipios-do-sul-a-recuperar-area-usada-como-lixao\/","name":"MP\/SC quer obrigar munic\u00edpios do Sul a recuperar \u00e1rea usada como lix\u00e3o | Arquivo","inLanguage":"pt-BR","isPartOf":{"@id":"https:\/\/www.jornalja.com.br\/arquivo\/#website"},"breadcrumb":{"@id":"https:\/\/www.jornalja.com.br\/arquivo\/mpsc-quer-obrigar-municipios-do-sul-a-recuperar-area-usada-como-lixao\/#breadcrumblist"},"author":{"@id":"https:\/\/www.jornalja.com.br\/arquivo\/author\/daredacao\/#author"},"creator":{"@id":"https:\/\/www.jornalja.com.br\/arquivo\/author\/daredacao\/#author"},"image":{"@type":"ImageObject","url":53983,"@id":"https:\/\/www.jornalja.com.br\/arquivo\/mpsc-quer-obrigar-municipios-do-sul-a-recuperar-area-usada-como-lixao\/#mainImage"},"primaryImageOfPage":{"@id":"https:\/\/www.jornalja.com.br\/arquivo\/mpsc-quer-obrigar-municipios-do-sul-a-recuperar-area-usada-como-lixao\/#mainImage"},"datePublished":"2017-08-22T15:54:59-03:00","dateModified":"2017-08-22T15:54:59-03:00"},{"@type":"WebSite","@id":"https:\/\/www.jornalja.com.br\/arquivo\/#website","url":"https:\/\/www.jornalja.com.br\/arquivo\/","name":"Arquivo","description":"Jornal J\u00c1 | Porto Alegre","inLanguage":"pt-BR","publisher":{"@id":"https:\/\/www.jornalja.com.br\/arquivo\/#organization"}}]},"og:locale":"pt_BR","og:site_name":"Arquivo | Jornal J\u00c1 | Porto Alegre","og:type":"article","og:title":"MP\/SC quer obrigar munic\u00edpios do Sul a recuperar \u00e1rea usada como lix\u00e3o | Arquivo","og:url":"https:\/\/www.jornalja.com.br\/arquivo\/mpsc-quer-obrigar-municipios-do-sul-a-recuperar-area-usada-como-lixao\/","og:image":"https:\/\/www.jornalja.com.br\/economics\/wp-content\/uploads\/sites\/11\/2026\/08\/ja-folhaderosto-facebook.jpg","og:image:secure_url":"https:\/\/www.jornalja.com.br\/economics\/wp-content\/uploads\/sites\/11\/2026\/08\/ja-folhaderosto-facebook.jpg","article:published_time":"2017-08-22T18:54:59+00:00","article:modified_time":"2017-08-22T18:54:59+00:00","twitter:card":"summary","twitter:title":"MP\/SC quer obrigar munic\u00edpios do Sul a recuperar \u00e1rea usada como lix\u00e3o | Arquivo","twitter:image":"https:\/\/www.jornalja.com.br\/economics\/wp-content\/uploads\/sites\/11\/2026\/08\/ja-folhaderosto-facebook.jpg"},"aioseo_meta_data":{"post_id":"53982","title":null,"description":null,"keywords":null,"keyphrases":null,"primary_term":null,"canonical_url":null,"og_title":null,"og_description":null,"og_object_type":"default","og_image_type":"default","og_image_url":null,"og_image_width":null,"og_image_height":null,"og_image_custom_url":null,"og_image_custom_fields":null,"og_video":null,"og_custom_url":null,"og_article_section":null,"og_article_tags":null,"twitter_use_og":false,"twitter_card":"default","twitter_image_type":"default","twitter_image_url":null,"twitter_image_custom_url":null,"twitter_image_custom_fields":null,"twitter_title":null,"twitter_description":null,"schema":{"blockGraphs":[],"customGraphs":[],"default":{"data":{"Article":[],"Course":[],"Dataset":[],"FAQPage":[],"Movie":[],"Person":[],"Product":[],"ProductReview":[],"Car":[],"Recipe":[],"Service":[],"SoftwareApplication":[],"WebPage":[]},"graphName":"","isEnabled":true},"graphs":[],"defaultGraph":"","defaultPostTypeGraph":""},"schema_type":null,"schema_type_options":null,"pillar_content":false,"robots_default":true,"robots_noindex":false,"robots_noarchive":false,"robots_nosnippet":false,"robots_nofollow":false,"robots_noimageindex":false,"robots_noodp":false,"robots_notranslate":false,"robots_max_snippet":null,"robots_max_videopreview":null,"robots_max_imagepreview":"large","priority":null,"frequency":null,"location":null,"local_seo":null,"breadcrumb_settings":null,"limit_modified_date":false,"ai":null,"created":"2020-12-20 20:26:02","updated":"2025-07-20 00:32:36","seo_analyzer_scan_date":null,"focus_keyword":null,"additional_keywords":null,"truseo_locale":null},"jetpack_sharing_enabled":true,"jetpack-related-posts":[{"id":13109,"url":"https:\/\/www.jornalja.com.br\/arquivo\/judiciario-reconhece-poluicao-eletromagnetica\/","url_meta":{"origin":53982,"position":0},"title":"Judici\u00e1rio reconhece polui\u00e7\u00e3o eletromagn\u00e9tica","author":"Patr\u00edcia Marini","date":"16 de maio de 2014","format":false,"excerpt":"A\u00e7\u00e3o de duas associa\u00e7\u00f5es de moradores foi acolhida pelo Tribunal de Justi\u00e7a de S\u00e3o Paulo que. em decis\u00e3o in\u00e9dita, determinou a redu\u00e7\u00e3o do campo eletromagn\u00e9tico gerado pelas linhas de transmiss\u00e3o de energia que cortam os bairros City Boa\u00e7ava e Alto de Pinheiros. \u00c9 a primeira vez que um tribunal do\u2026","rel":"","context":"Em &quot;X.Categorias velhas&quot;","block_context":{"text":"X.Categorias velhas","link":"https:\/\/www.jornalja.com.br\/arquivo\/category\/x-categorias-velhas\/"},"img":{"alt_text":"","src":"","width":0,"height":0},"classes":[]},{"id":5440,"url":"https:\/\/www.jornalja.com.br\/arquivo\/casarao-da-venancio-destino-permanece-incerto\/","url_meta":{"origin":53982,"position":1},"title":"Estado ainda n\u00e3o sabe o que fazer com casar\u00e3o abandonado h\u00e1 20 anos","author":"Elmar Bones","date":"6 de julho de 2009","format":false,"excerpt":"O casar\u00e3o amarelo, numa esquina nobre de Porto Alegre (Ven\u00e2ncio Aires com Jo\u00e3o Pessoa), j\u00e1 abrigou uma escola. H\u00e1 duas d\u00e9cadas, pelo menos, est\u00e1 abandonado, porque seu propriet\u00e1rio, o governo do Estado do Rio Grande do Sul, n\u00e3o consegue achar um destino para ele. Planos n\u00e3o faltaram. O governador Ol\u00edvio\u2026","rel":"","context":"Em &quot;X.Categorias velhas&quot;","block_context":{"text":"X.Categorias velhas","link":"https:\/\/www.jornalja.com.br\/arquivo\/category\/x-categorias-velhas\/"},"img":{"alt_text":"geraldo1","src":"https:\/\/i0.wp.com\/www.jornalja.com.br\/wp-content\/uploads\/2009\/07\/geraldo1.jpg?resize=350%2C200&ssl=1","width":350,"height":200},"classes":[]},{"id":13124,"url":"https:\/\/www.jornalja.com.br\/arquivo\/sangue-latino-no-iecine\/","url_meta":{"origin":53982,"position":2},"title":"Sangue latino no IECINE","author":"da Reda\u00e7\u00e3o","date":"18 de maio de 2014","format":false,"excerpt":"Francisco Ribeiro O Instituto Estadual de Cinema (IECINE) tem a frente, desde abril \u00faltimo, um novo diretor, o cineasta colombiano Juan Zapata, 36, que substitui Luiz Alberto Cassol. Radicado h\u00e1 dez anos em Porto Alegre, Zapata tem diante de si o desafio de conduzir at\u00e9 o final do ano um\u2026","rel":"","context":"Em &quot;Cultura-Geral&quot;","block_context":{"text":"Cultura-Geral","link":"https:\/\/www.jornalja.com.br\/arquivo\/category\/materiasecundaria\/"},"img":{"alt_text":"","src":"","width":0,"height":0},"classes":[]},{"id":13240,"url":"https:\/\/www.jornalja.com.br\/arquivo\/plano-diretor-estamos-construindo-o-caos\/","url_meta":{"origin":53982,"position":3},"title":"Plano diretor: &quot;Estamos construindo o caos&quot;","author":"Patr\u00edcia Marini","date":"26 de maio de 2014","format":false,"excerpt":"Desabafo que arquiteta Eliana Castilhos, delegada da Regi\u00e3o de Planejamento 1, postou nas redes sociais \u00e9 um testemunho do ambiente que se criou no Conselho do Plano Diretor de Porto Alegre, onde a aprova\u00e7\u00e3o de grandes empreendimentos \u00e9 empurrada guela abaixo dos conselheiros. Ao CMDUA Como delegada da Regi\u00e3o de\u2026","rel":"","context":"Em &quot;Geral&quot;","block_context":{"text":"Geral","link":"https:\/\/www.jornalja.com.br\/arquivo\/category\/geral\/"},"img":{"alt_text":"","src":"","width":0,"height":0},"classes":[]},{"id":13101,"url":"https:\/\/www.jornalja.com.br\/arquivo\/morre-um-guerreiro-do-texto\/","url_meta":{"origin":53982,"position":4},"title":"Morre um guerreiro do texto","author":"Patr\u00edcia Marini","date":"14 de maio de 2014","format":false,"excerpt":"Por Ricardo Kotscho Reproduzido do blog do autor, 11\/5\/2014; t\u00edtulo original \u201cE l\u00e1 se foi o nosso Myltainho, guerreiro do texto\u201d. Mi\u00fado e franzino, meu amigo Myltainho era um valente e inconformado guerreiro na luta contra as injusti\u00e7as sociais, a hipocrisia, as maracutaias, o autoritarismo, a intoler\u00e2ncia, a viol\u00eancia, o\u2026","rel":"","context":"Em &quot;Geral&quot;","block_context":{"text":"Geral","link":"https:\/\/www.jornalja.com.br\/arquivo\/category\/geral\/"},"img":{"alt_text":"","src":"","width":0,"height":0},"classes":[]},{"id":14241,"url":"https:\/\/www.jornalja.com.br\/arquivo\/o-guaiba-nas-imagens-poeticas-de-achutti\/","url_meta":{"origin":53982,"position":5},"title":"O Gua\u00edba nas imagens po\u00e9ticas de Achutti","author":"da Reda\u00e7\u00e3o","date":"18 de junho de 2014","format":false,"excerpt":"Em \u201cO Gua\u00edba por Achutti\u201d \u2013 obra financiada via Minist\u00e9rio da Cultura, produ\u00e7\u00e3o executiva de Pedro Longhi, e Fl\u00e1vio Wild como designer \u2013, o fot\u00f3grafo revela a beleza e as mazelas de um espa\u00e7o aqu\u00e1tico de \u00e1guas sempre renovadas, cheio de hist\u00f3rias e lendas como as das cidades que foram\u2026","rel":"","context":"Em &quot;Cultura-Geral&quot;","block_context":{"text":"Cultura-Geral","link":"https:\/\/www.jornalja.com.br\/arquivo\/category\/materiasecundaria\/"},"img":{"alt_text":"","src":"","width":0,"height":0},"classes":[]}],"jetpack_shortlink":"https:\/\/wp.me\/pbQjBd-e2G","jetpack_featured_media_url":"","_links":{"self":[{"href":"https:\/\/www.jornalja.com.br\/arquivo\/wp-json\/wp\/v2\/posts\/53982","targetHints":{"allow":["GET"]}}],"collection":[{"href":"https:\/\/www.jornalja.com.br\/arquivo\/wp-json\/wp\/v2\/posts"}],"about":[{"href":"https:\/\/www.jornalja.com.br\/arquivo\/wp-json\/wp\/v2\/types\/post"}],"author":[{"embeddable":true,"href":"https:\/\/www.jornalja.com.br\/arquivo\/wp-json\/wp\/v2\/users\/4"}],"replies":[{"embeddable":true,"href":"https:\/\/www.jornalja.com.br\/arquivo\/wp-json\/wp\/v2\/comments?post=53982"}],"version-history":[{"count":0,"href":"https:\/\/www.jornalja.com.br\/arquivo\/wp-json\/wp\/v2\/posts\/53982\/revisions"}],"wp:attachment":[{"href":"https:\/\/www.jornalja.com.br\/arquivo\/wp-json\/wp\/v2\/media?parent=53982"}],"wp:term":[{"taxonomy":"category","embeddable":true,"href":"https:\/\/www.jornalja.com.br\/arquivo\/wp-json\/wp\/v2\/categories?post=53982"},{"taxonomy":"post_tag","embeddable":true,"href":"https:\/\/www.jornalja.com.br\/arquivo\/wp-json\/wp\/v2\/tags?post=53982"}],"curies":[{"name":"wp","href":"https:\/\/api.w.org\/{rel}","templated":true}]}}