{"id":53987,"date":"2017-08-22T16:48:18","date_gmt":"2017-08-22T19:48:18","guid":{"rendered":"https:\/\/www.jornalja.com.br\/?p=53987"},"modified":"2017-08-22T16:48:18","modified_gmt":"2017-08-22T19:48:18","slug":"contraponto-ao-dia-da-independencia-grito-dos-excluidos-sera-lancado-amanha-na-capital","status":"publish","type":"post","link":"https:\/\/www.jornalja.com.br\/arquivo\/contraponto-ao-dia-da-independencia-grito-dos-excluidos-sera-lancado-amanha-na-capital\/","title":{"rendered":"Contraponto ao Dia da Independ\u00eancia, Grito dos Exclu\u00eddos ser\u00e1 lan\u00e7ado amanh\u00e3 na Capital"},"content":{"rendered":"<p>O 23\u00ba Grito dos\/as Exclu\u00eddos\/as, realizado no dia 7 de setembro, dia da Independ\u00eancia do Brasil, como um contraponto aos eventos promovidos pelo governo federal, ser\u00e1 lan\u00e7ado nesta quarta-feira, 23, em Porto Alegre. O manifesto\u00a0traz como tema \u201cPor direitos e democracia, a luta \u00e9 todo dia\u201d, para chamar a aten\u00e7\u00e3o da sociedade sobre a urg\u00eancia da organiza\u00e7\u00e3o e luta popular frente \u00e0 conjuntura em que o pa\u00eds vive hoje.<br \/>\nPrograma\u00e7\u00e3o<br \/>\n15h\u00a0&#8211; \u00a0Concentra\u00e7\u00e3o na Ocupa\u00e7\u00e3o Mirabal:\u00a0Lutas\u00a0das\u00a0mulheres<br \/>\n16h\u00a0\u2013 Na Praca da Matriz a)Pol\u00edticas\u00a0P\u00fablicas,\u00a0Funda\u00e7\u00f5es\u00a0e\u00a0desmonte\u00a0dos\u00a0servi\u00e7os\u00a0p\u00fablicos;\u00a0\u00a0b)\u00a0Dignidade\u00a0e\u00a0Direitos\u00a0Humanos,\u00a0justi\u00e7a,\u00a0contra\u00a0corrup\u00e7\u00e3o\u00a0e\u00a0privil\u00e9gios;\u00a0c)\u00a0Desmonte\u00a0dos\u00a0direitos\u00a0trabalhistas,\u00a0previdenci\u00e1rios\u00a0e\u00a0da\u00a0cultura.<br \/>\n17h\u00a0\u2013 Viaduto da Borges &#8211;\u00a0popula\u00e7\u00e3o\u00a0em\u00a0situa\u00e7\u00e3o\u00a0de\u00a0rua,\u00a0direito\u00a0\u00e0\u00a0moradia\u00a0e\u00a0\u00e0\u00a0cidade<br \/>\n17h30\u00a0&#8211;\u00a0Ex-Ocupacao Lanceiros Negros \/ Violencia institucional,\u00a0direito\u00a0\u00e0\u00a0cidade<br \/>\n18h\u00a0\u2013 Lancamento do\u00a023\u00ba\u00a0Grito\u00a0dos\u00a0Exclu\u00eddos.\u00a0M\u00edstica\u00a0da\u00a0\u00e1gua\u00a0e\u00a0alimenta\u00e7\u00e3o\u00a0saud\u00e1vel (Traga\u00a0sua\u00a0caneca\u00a0para\u00a0\u00e1gua!)<br \/>\n<strong>Hino\u00a0do\u00a023\u00ba\u00a0Grito\u00a02017<\/strong><br \/>\nAs\u00a0mulheres\u00a0v\u00e3o,\u00a0os\u00a0homens\u00a0tamb\u00e9m<br \/>\nN\u00e3o\u00a0pode\u00a0faltar\u00a0ningu\u00e9m\u00a0no\u00a0grito\u00a0das\u00a0exclu\u00eddas<br \/>\nOs\u00a0jovens\u00a0v\u00e3o,\u00a0as\u00a0crian\u00e7as\u00a0tamb\u00e9m<br \/>\nN\u00e3o\u00a0pode\u00a0faltar\u00a0ningu\u00e9m\u00a0no\u00a0grito\u00a0dos\u00a0exclu\u00eddos<br \/>\nO\u00a0Brasil\u00a0est\u00e1\u00a0sendo\u00a0golpeado<br \/>\nE\u00a0o\u00a0povo\u00a0pagando\u00a0o\u00a0pato<br \/>\nSaquearam\u00a0a\u00a0democracia<br \/>\nSem\u00a0direito\u00a0a\u00a0aposentadoria<br \/>\nSa\u00fade,\u00a0educa\u00e7\u00e3o<br \/>\nMoradia\u00a0e\u00a0ter\u00a0dignidade<br \/>\nMelhorar\u00a0a\u00a0vida\u00a0do\u00a0povo<br \/>\nNo\u00a0campo\u00a0e\u00a0na\u00a0cidade<br \/>\nPor\u00a0direitos\u00a0e\u00a0democracia<br \/>\nA\u00a0luta\u00a0\u00e9\u00a0todo\u00a0dia<br \/>\nPor\u00a0direitos\u00a0e\u00a0democracia<br \/>\nA\u00a0luta\u00a0\u00e9\u00a0todo\u00a0dia<\/p>\n","protected":false},"excerpt":{"rendered":"<p>O 23\u00ba Grito dos\/as Exclu\u00eddos\/as, realizado no dia 7 de setembro, dia da Independ\u00eancia do Brasil, como um contraponto aos eventos promovidos pelo governo federal, ser\u00e1 lan\u00e7ado nesta quarta-feira, 23, em Porto Alegre. O manifesto\u00a0traz como tema \u201cPor direitos e democracia, a luta \u00e9 todo dia\u201d, para chamar a aten\u00e7\u00e3o da sociedade sobre a urg\u00eancia [&hellip;]<\/p>\n","protected":false},"author":4,"featured_media":38820,"comment_status":"open","ping_status":"closed","sticky":false,"template":"","format":"standard","meta":{"_jetpack_newsletter_access":"","_jetpack_dont_email_post_to_subs":false,"_jetpack_newsletter_tier_id":0,"_jetpack_memberships_contains_paywalled_content":false,"_jetpack_feature_clip_id":0,"_jetpack_memberships_contains_paid_content":false,"footnotes":"","jetpack_post_was_ever_published":false},"categories":[26],"tags":[],"class_list":["post-53987","post","type-post","status-publish","format-standard","has-post-thumbnail","hentry","category-geral"],"aioseo_notices":[],"aioseo_head":"\n\t\t<!-- All in One SEO 5.0.1.1 - aioseo.com -->\n\t<meta name=\"robots\" content=\"max-image-preview:large\" \/>\n\t<meta name=\"author\" content=\"da Reda\u00e7\u00e3o\"\/>\n\t<link rel=\"canonical\" href=\"https:\/\/www.jornalja.com.br\/arquivo\/contraponto-ao-dia-da-independencia-grito-dos-excluidos-sera-lancado-amanha-na-capital\/\" \/>\n\t<meta name=\"generator\" content=\"All in One SEO (AIOSEO) 5.0.1.1\" \/>\n\t\t<meta property=\"og:locale\" content=\"pt_BR\" \/>\n\t\t<meta property=\"og:site_name\" content=\"Arquivo | Jornal J\u00c1 | Porto Alegre\" \/>\n\t\t<meta property=\"og:type\" content=\"article\" \/>\n\t\t<meta property=\"og:title\" content=\"Contraponto ao Dia da Independ\u00eancia, Grito dos Exclu\u00eddos ser\u00e1 lan\u00e7ado amanh\u00e3 na Capital | Arquivo\" \/>\n\t\t<meta property=\"og:url\" content=\"https:\/\/www.jornalja.com.br\/arquivo\/contraponto-ao-dia-da-independencia-grito-dos-excluidos-sera-lancado-amanha-na-capital\/\" \/>\n\t\t<meta property=\"og:image\" content=\"https:\/\/www.jornalja.com.br\/economics\/wp-content\/uploads\/sites\/11\/2026\/08\/ja-folhaderosto-facebook.jpg\" \/>\n\t\t<meta property=\"og:image:secure_url\" content=\"https:\/\/www.jornalja.com.br\/economics\/wp-content\/uploads\/sites\/11\/2026\/08\/ja-folhaderosto-facebook.jpg\" \/>\n\t\t<meta property=\"article:published_time\" content=\"2017-08-22T19:48:18+00:00\" \/>\n\t\t<meta property=\"article:modified_time\" content=\"2017-08-22T19:48:18+00:00\" \/>\n\t\t<meta name=\"twitter:card\" content=\"summary\" \/>\n\t\t<meta name=\"twitter:title\" content=\"Contraponto ao Dia da Independ\u00eancia, Grito dos Exclu\u00eddos ser\u00e1 lan\u00e7ado amanh\u00e3 na Capital | Arquivo\" \/>\n\t\t<meta name=\"twitter:image\" content=\"https:\/\/www.jornalja.com.br\/economics\/wp-content\/uploads\/sites\/11\/2026\/08\/ja-folhaderosto-facebook.jpg\" \/>\n\t\t<script type=\"application\/ld+json\" class=\"aioseo-schema\">\n\t\t\t{\"@context\":\"https:\\\/\\\/schema.org\",\"@graph\":[{\"@type\":\"BlogPosting\",\"@id\":\"https:\\\/\\\/www.jornalja.com.br\\\/arquivo\\\/contraponto-ao-dia-da-independencia-grito-dos-excluidos-sera-lancado-amanha-na-capital\\\/#blogposting\",\"name\":\"Contraponto ao Dia da Independ\\u00eancia, Grito dos Exclu\\u00eddos ser\\u00e1 lan\\u00e7ado amanh\\u00e3 na Capital | Arquivo\",\"headline\":\"Contraponto ao Dia da Independ\\u00eancia, Grito dos Exclu\\u00eddos ser\\u00e1 lan\\u00e7ado amanh\\u00e3 na Capital\",\"author\":{\"@id\":\"https:\\\/\\\/www.jornalja.com.br\\\/arquivo\\\/author\\\/daredacao\\\/#author\"},\"publisher\":{\"@id\":\"https:\\\/\\\/www.jornalja.com.br\\\/arquivo\\\/#organization\"},\"image\":{\"@type\":\"ImageObject\",\"url\":38820},\"datePublished\":\"2017-08-22T16:48:18-03:00\",\"dateModified\":\"2017-08-22T16:48:18-03:00\",\"inLanguage\":\"pt-BR\",\"mainEntityOfPage\":{\"@id\":\"https:\\\/\\\/www.jornalja.com.br\\\/arquivo\\\/contraponto-ao-dia-da-independencia-grito-dos-excluidos-sera-lancado-amanha-na-capital\\\/#webpage\"},\"isPartOf\":{\"@id\":\"https:\\\/\\\/www.jornalja.com.br\\\/arquivo\\\/contraponto-ao-dia-da-independencia-grito-dos-excluidos-sera-lancado-amanha-na-capital\\\/#webpage\"},\"articleSection\":\"Geral\"},{\"@type\":\"BreadcrumbList\",\"@id\":\"https:\\\/\\\/www.jornalja.com.br\\\/arquivo\\\/contraponto-ao-dia-da-independencia-grito-dos-excluidos-sera-lancado-amanha-na-capital\\\/#breadcrumblist\",\"itemListElement\":[{\"@type\":\"ListItem\",\"@id\":\"https:\\\/\\\/www.jornalja.com.br\\\/arquivo#listItem\",\"position\":1,\"name\":\"Home\",\"item\":\"https:\\\/\\\/www.jornalja.com.br\\\/arquivo\",\"nextItem\":{\"@type\":\"ListItem\",\"@id\":\"https:\\\/\\\/www.jornalja.com.br\\\/arquivo\\\/category\\\/geral\\\/#listItem\",\"name\":\"Geral\"}},{\"@type\":\"ListItem\",\"@id\":\"https:\\\/\\\/www.jornalja.com.br\\\/arquivo\\\/category\\\/geral\\\/#listItem\",\"position\":2,\"name\":\"Geral\",\"item\":\"https:\\\/\\\/www.jornalja.com.br\\\/arquivo\\\/category\\\/geral\\\/\",\"nextItem\":{\"@type\":\"ListItem\",\"@id\":\"https:\\\/\\\/www.jornalja.com.br\\\/arquivo\\\/contraponto-ao-dia-da-independencia-grito-dos-excluidos-sera-lancado-amanha-na-capital\\\/#listItem\",\"name\":\"Contraponto ao Dia da Independ\\u00eancia, Grito dos Exclu\\u00eddos ser\\u00e1 lan\\u00e7ado amanh\\u00e3 na Capital\"},\"previousItem\":{\"@type\":\"ListItem\",\"@id\":\"https:\\\/\\\/www.jornalja.com.br\\\/arquivo#listItem\",\"name\":\"Home\"}},{\"@type\":\"ListItem\",\"@id\":\"https:\\\/\\\/www.jornalja.com.br\\\/arquivo\\\/contraponto-ao-dia-da-independencia-grito-dos-excluidos-sera-lancado-amanha-na-capital\\\/#listItem\",\"position\":3,\"name\":\"Contraponto ao Dia da Independ\\u00eancia, Grito dos Exclu\\u00eddos ser\\u00e1 lan\\u00e7ado amanh\\u00e3 na Capital\",\"previousItem\":{\"@type\":\"ListItem\",\"@id\":\"https:\\\/\\\/www.jornalja.com.br\\\/arquivo\\\/category\\\/geral\\\/#listItem\",\"name\":\"Geral\"}}]},{\"@type\":\"Organization\",\"@id\":\"https:\\\/\\\/www.jornalja.com.br\\\/arquivo\\\/#organization\",\"name\":\"Jornal J\\u00c1\",\"description\":\"Jornal J\\u00c1 | Porto Alegre\",\"url\":\"https:\\\/\\\/www.jornalja.com.br\\\/arquivo\\\/\",\"telephone\":\"+555133307272\",\"logo\":{\"@type\":\"ImageObject\",\"url\":\"https:\\\/\\\/www.jornalja.com.br\\\/wp-content\\\/uploads\\\/cards\\\/JAslogan.png\",\"@id\":\"https:\\\/\\\/www.jornalja.com.br\\\/arquivo\\\/contraponto-ao-dia-da-independencia-grito-dos-excluidos-sera-lancado-amanha-na-capital\\\/#organizationLogo\"},\"image\":{\"@id\":\"https:\\\/\\\/www.jornalja.com.br\\\/arquivo\\\/contraponto-ao-dia-da-independencia-grito-dos-excluidos-sera-lancado-amanha-na-capital\\\/#organizationLogo\"}},{\"@type\":\"Person\",\"@id\":\"https:\\\/\\\/www.jornalja.com.br\\\/arquivo\\\/author\\\/daredacao\\\/#author\",\"url\":\"https:\\\/\\\/www.jornalja.com.br\\\/arquivo\\\/author\\\/daredacao\\\/\",\"name\":\"da Reda\\u00e7\\u00e3o\",\"image\":{\"@type\":\"ImageObject\",\"@id\":\"https:\\\/\\\/www.jornalja.com.br\\\/arquivo\\\/contraponto-ao-dia-da-independencia-grito-dos-excluidos-sera-lancado-amanha-na-capital\\\/#authorImage\",\"url\":\"https:\\\/\\\/secure.gravatar.com\\\/avatar\\\/469fd857d6605ad19919d27ed29d35a968a25f6e8fd9318356bbb7f57aae9c65?s=96&d=mm&r=g\",\"width\":96,\"height\":96,\"caption\":\"da Reda\\u00e7\\u00e3o\"}},{\"@type\":\"WebPage\",\"@id\":\"https:\\\/\\\/www.jornalja.com.br\\\/arquivo\\\/contraponto-ao-dia-da-independencia-grito-dos-excluidos-sera-lancado-amanha-na-capital\\\/#webpage\",\"url\":\"https:\\\/\\\/www.jornalja.com.br\\\/arquivo\\\/contraponto-ao-dia-da-independencia-grito-dos-excluidos-sera-lancado-amanha-na-capital\\\/\",\"name\":\"Contraponto ao Dia da Independ\\u00eancia, Grito dos Exclu\\u00eddos ser\\u00e1 lan\\u00e7ado amanh\\u00e3 na Capital | Arquivo\",\"inLanguage\":\"pt-BR\",\"isPartOf\":{\"@id\":\"https:\\\/\\\/www.jornalja.com.br\\\/arquivo\\\/#website\"},\"breadcrumb\":{\"@id\":\"https:\\\/\\\/www.jornalja.com.br\\\/arquivo\\\/contraponto-ao-dia-da-independencia-grito-dos-excluidos-sera-lancado-amanha-na-capital\\\/#breadcrumblist\"},\"author\":{\"@id\":\"https:\\\/\\\/www.jornalja.com.br\\\/arquivo\\\/author\\\/daredacao\\\/#author\"},\"creator\":{\"@id\":\"https:\\\/\\\/www.jornalja.com.br\\\/arquivo\\\/author\\\/daredacao\\\/#author\"},\"image\":{\"@type\":\"ImageObject\",\"url\":38820,\"@id\":\"https:\\\/\\\/www.jornalja.com.br\\\/arquivo\\\/contraponto-ao-dia-da-independencia-grito-dos-excluidos-sera-lancado-amanha-na-capital\\\/#mainImage\"},\"primaryImageOfPage\":{\"@id\":\"https:\\\/\\\/www.jornalja.com.br\\\/arquivo\\\/contraponto-ao-dia-da-independencia-grito-dos-excluidos-sera-lancado-amanha-na-capital\\\/#mainImage\"},\"datePublished\":\"2017-08-22T16:48:18-03:00\",\"dateModified\":\"2017-08-22T16:48:18-03:00\"},{\"@type\":\"WebSite\",\"@id\":\"https:\\\/\\\/www.jornalja.com.br\\\/arquivo\\\/#website\",\"url\":\"https:\\\/\\\/www.jornalja.com.br\\\/arquivo\\\/\",\"name\":\"Arquivo\",\"description\":\"Jornal J\\u00c1 | Porto Alegre\",\"inLanguage\":\"pt-BR\",\"publisher\":{\"@id\":\"https:\\\/\\\/www.jornalja.com.br\\\/arquivo\\\/#organization\"}}]}\n\t\t<\/script>\n\t\t<!-- All in One SEO -->\n\n","aioseo_head_json":{"title":"Contraponto ao Dia da Independ\u00eancia, Grito dos Exclu\u00eddos ser\u00e1 lan\u00e7ado amanh\u00e3 na Capital | Arquivo","description":"","canonical_url":"https:\/\/www.jornalja.com.br\/arquivo\/contraponto-ao-dia-da-independencia-grito-dos-excluidos-sera-lancado-amanha-na-capital\/","robots":"max-image-preview:large","keywords":"","webmasterTools":{"miscellaneous":""},"schema":{"@context":"https:\/\/schema.org","@graph":[{"@type":"BlogPosting","@id":"https:\/\/www.jornalja.com.br\/arquivo\/contraponto-ao-dia-da-independencia-grito-dos-excluidos-sera-lancado-amanha-na-capital\/#blogposting","name":"Contraponto ao Dia da Independ\u00eancia, Grito dos Exclu\u00eddos ser\u00e1 lan\u00e7ado amanh\u00e3 na Capital | Arquivo","headline":"Contraponto ao Dia da Independ\u00eancia, Grito dos Exclu\u00eddos ser\u00e1 lan\u00e7ado amanh\u00e3 na Capital","author":{"@id":"https:\/\/www.jornalja.com.br\/arquivo\/author\/daredacao\/#author"},"publisher":{"@id":"https:\/\/www.jornalja.com.br\/arquivo\/#organization"},"image":{"@type":"ImageObject","url":38820},"datePublished":"2017-08-22T16:48:18-03:00","dateModified":"2017-08-22T16:48:18-03:00","inLanguage":"pt-BR","mainEntityOfPage":{"@id":"https:\/\/www.jornalja.com.br\/arquivo\/contraponto-ao-dia-da-independencia-grito-dos-excluidos-sera-lancado-amanha-na-capital\/#webpage"},"isPartOf":{"@id":"https:\/\/www.jornalja.com.br\/arquivo\/contraponto-ao-dia-da-independencia-grito-dos-excluidos-sera-lancado-amanha-na-capital\/#webpage"},"articleSection":"Geral"},{"@type":"BreadcrumbList","@id":"https:\/\/www.jornalja.com.br\/arquivo\/contraponto-ao-dia-da-independencia-grito-dos-excluidos-sera-lancado-amanha-na-capital\/#breadcrumblist","itemListElement":[{"@type":"ListItem","@id":"https:\/\/www.jornalja.com.br\/arquivo#listItem","position":1,"name":"Home","item":"https:\/\/www.jornalja.com.br\/arquivo","nextItem":{"@type":"ListItem","@id":"https:\/\/www.jornalja.com.br\/arquivo\/category\/geral\/#listItem","name":"Geral"}},{"@type":"ListItem","@id":"https:\/\/www.jornalja.com.br\/arquivo\/category\/geral\/#listItem","position":2,"name":"Geral","item":"https:\/\/www.jornalja.com.br\/arquivo\/category\/geral\/","nextItem":{"@type":"ListItem","@id":"https:\/\/www.jornalja.com.br\/arquivo\/contraponto-ao-dia-da-independencia-grito-dos-excluidos-sera-lancado-amanha-na-capital\/#listItem","name":"Contraponto ao Dia da Independ\u00eancia, Grito dos Exclu\u00eddos ser\u00e1 lan\u00e7ado amanh\u00e3 na Capital"},"previousItem":{"@type":"ListItem","@id":"https:\/\/www.jornalja.com.br\/arquivo#listItem","name":"Home"}},{"@type":"ListItem","@id":"https:\/\/www.jornalja.com.br\/arquivo\/contraponto-ao-dia-da-independencia-grito-dos-excluidos-sera-lancado-amanha-na-capital\/#listItem","position":3,"name":"Contraponto ao Dia da Independ\u00eancia, Grito dos Exclu\u00eddos ser\u00e1 lan\u00e7ado amanh\u00e3 na Capital","previousItem":{"@type":"ListItem","@id":"https:\/\/www.jornalja.com.br\/arquivo\/category\/geral\/#listItem","name":"Geral"}}]},{"@type":"Organization","@id":"https:\/\/www.jornalja.com.br\/arquivo\/#organization","name":"Jornal J\u00c1","description":"Jornal J\u00c1 | Porto Alegre","url":"https:\/\/www.jornalja.com.br\/arquivo\/","telephone":"+555133307272","logo":{"@type":"ImageObject","url":"https:\/\/www.jornalja.com.br\/wp-content\/uploads\/cards\/JAslogan.png","@id":"https:\/\/www.jornalja.com.br\/arquivo\/contraponto-ao-dia-da-independencia-grito-dos-excluidos-sera-lancado-amanha-na-capital\/#organizationLogo"},"image":{"@id":"https:\/\/www.jornalja.com.br\/arquivo\/contraponto-ao-dia-da-independencia-grito-dos-excluidos-sera-lancado-amanha-na-capital\/#organizationLogo"}},{"@type":"Person","@id":"https:\/\/www.jornalja.com.br\/arquivo\/author\/daredacao\/#author","url":"https:\/\/www.jornalja.com.br\/arquivo\/author\/daredacao\/","name":"da Reda\u00e7\u00e3o","image":{"@type":"ImageObject","@id":"https:\/\/www.jornalja.com.br\/arquivo\/contraponto-ao-dia-da-independencia-grito-dos-excluidos-sera-lancado-amanha-na-capital\/#authorImage","url":"https:\/\/secure.gravatar.com\/avatar\/469fd857d6605ad19919d27ed29d35a968a25f6e8fd9318356bbb7f57aae9c65?s=96&d=mm&r=g","width":96,"height":96,"caption":"da Reda\u00e7\u00e3o"}},{"@type":"WebPage","@id":"https:\/\/www.jornalja.com.br\/arquivo\/contraponto-ao-dia-da-independencia-grito-dos-excluidos-sera-lancado-amanha-na-capital\/#webpage","url":"https:\/\/www.jornalja.com.br\/arquivo\/contraponto-ao-dia-da-independencia-grito-dos-excluidos-sera-lancado-amanha-na-capital\/","name":"Contraponto ao Dia da Independ\u00eancia, Grito dos Exclu\u00eddos ser\u00e1 lan\u00e7ado amanh\u00e3 na Capital | Arquivo","inLanguage":"pt-BR","isPartOf":{"@id":"https:\/\/www.jornalja.com.br\/arquivo\/#website"},"breadcrumb":{"@id":"https:\/\/www.jornalja.com.br\/arquivo\/contraponto-ao-dia-da-independencia-grito-dos-excluidos-sera-lancado-amanha-na-capital\/#breadcrumblist"},"author":{"@id":"https:\/\/www.jornalja.com.br\/arquivo\/author\/daredacao\/#author"},"creator":{"@id":"https:\/\/www.jornalja.com.br\/arquivo\/author\/daredacao\/#author"},"image":{"@type":"ImageObject","url":38820,"@id":"https:\/\/www.jornalja.com.br\/arquivo\/contraponto-ao-dia-da-independencia-grito-dos-excluidos-sera-lancado-amanha-na-capital\/#mainImage"},"primaryImageOfPage":{"@id":"https:\/\/www.jornalja.com.br\/arquivo\/contraponto-ao-dia-da-independencia-grito-dos-excluidos-sera-lancado-amanha-na-capital\/#mainImage"},"datePublished":"2017-08-22T16:48:18-03:00","dateModified":"2017-08-22T16:48:18-03:00"},{"@type":"WebSite","@id":"https:\/\/www.jornalja.com.br\/arquivo\/#website","url":"https:\/\/www.jornalja.com.br\/arquivo\/","name":"Arquivo","description":"Jornal J\u00c1 | Porto Alegre","inLanguage":"pt-BR","publisher":{"@id":"https:\/\/www.jornalja.com.br\/arquivo\/#organization"}}]},"og:locale":"pt_BR","og:site_name":"Arquivo | Jornal J\u00c1 | Porto Alegre","og:type":"article","og:title":"Contraponto ao Dia da Independ\u00eancia, Grito dos Exclu\u00eddos ser\u00e1 lan\u00e7ado amanh\u00e3 na Capital | Arquivo","og:url":"https:\/\/www.jornalja.com.br\/arquivo\/contraponto-ao-dia-da-independencia-grito-dos-excluidos-sera-lancado-amanha-na-capital\/","og:image":"https:\/\/www.jornalja.com.br\/economics\/wp-content\/uploads\/sites\/11\/2026\/08\/ja-folhaderosto-facebook.jpg","og:image:secure_url":"https:\/\/www.jornalja.com.br\/economics\/wp-content\/uploads\/sites\/11\/2026\/08\/ja-folhaderosto-facebook.jpg","article:published_time":"2017-08-22T19:48:18+00:00","article:modified_time":"2017-08-22T19:48:18+00:00","twitter:card":"summary","twitter:title":"Contraponto ao Dia da Independ\u00eancia, Grito dos Exclu\u00eddos ser\u00e1 lan\u00e7ado amanh\u00e3 na Capital | Arquivo","twitter:image":"https:\/\/www.jornalja.com.br\/economics\/wp-content\/uploads\/sites\/11\/2026\/08\/ja-folhaderosto-facebook.jpg"},"aioseo_meta_data":{"post_id":"53987","title":null,"description":null,"keywords":null,"keyphrases":null,"primary_term":null,"canonical_url":null,"og_title":null,"og_description":null,"og_object_type":"default","og_image_type":"default","og_image_url":null,"og_image_width":null,"og_image_height":null,"og_image_custom_url":null,"og_image_custom_fields":null,"og_video":null,"og_custom_url":null,"og_article_section":null,"og_article_tags":null,"twitter_use_og":false,"twitter_card":"default","twitter_image_type":"default","twitter_image_url":null,"twitter_image_custom_url":null,"twitter_image_custom_fields":null,"twitter_title":null,"twitter_description":null,"schema":{"blockGraphs":[],"customGraphs":[],"default":{"data":{"Article":[],"Course":[],"Dataset":[],"FAQPage":[],"Movie":[],"Person":[],"Product":[],"ProductReview":[],"Car":[],"Recipe":[],"Service":[],"SoftwareApplication":[],"WebPage":[]},"graphName":"","isEnabled":true},"graphs":[]},"schema_type":null,"schema_type_options":null,"pillar_content":false,"robots_default":true,"robots_noindex":false,"robots_noarchive":false,"robots_nosnippet":false,"robots_nofollow":false,"robots_noimageindex":false,"robots_noodp":false,"robots_notranslate":false,"robots_max_snippet":null,"robots_max_videopreview":null,"robots_max_imagepreview":"large","priority":null,"frequency":null,"location":null,"local_seo":null,"breadcrumb_settings":null,"limit_modified_date":false,"ai":null,"created":"2020-12-20 20:26:02","updated":"2025-07-20 00:32:36","seo_analyzer_scan_date":null,"focus_keyword":null,"additional_keywords":null,"truseo_locale":null},"jetpack_sharing_enabled":true,"jetpack-related-posts":[{"id":1280,"url":"https:\/\/www.jornalja.com.br\/arquivo\/o-menino-que-se-tornou-brizola\/","url_meta":{"origin":53987,"position":0},"title":"O Menino que se Tornou Brizola","author":"da Reda\u00e7\u00e3o","date":"28 de julho de 2008","format":false,"excerpt":"Autor: Cleber Dioni A vida de Leonel Brizola, com \u00eanfase para os primeiros anos em Porto Alegre, at\u00e9 o ex\u00edlio no Uruguai e a volta, quinze anos depois. \u00a0\"...\u00c9ramos todos jovens e nos identific\u00e1vamos com aquela massa an\u00f4nima a percorrer as ruas de Porto Alegre, gritando 'Get\u00falio', 'Get\u00falio' e empunhando\u2026","rel":"","context":"Em &quot;Livros&quot;","block_context":{"text":"Livros","link":"https:\/\/www.jornalja.com.br\/arquivo\/category\/livros\/"},"img":{"alt_text":"","src":"https:\/\/i0.wp.com\/www.jornalja.com.br\/wp-content\/uploads\/2008\/07\/brizola.gif?resize=350%2C200&ssl=1","width":350,"height":200},"classes":[]},{"id":13109,"url":"https:\/\/www.jornalja.com.br\/arquivo\/judiciario-reconhece-poluicao-eletromagnetica\/","url_meta":{"origin":53987,"position":1},"title":"Judici\u00e1rio reconhece polui\u00e7\u00e3o eletromagn\u00e9tica","author":"Patr\u00edcia Marini","date":"16 de maio de 2014","format":false,"excerpt":"A\u00e7\u00e3o de duas associa\u00e7\u00f5es de moradores foi acolhida pelo Tribunal de Justi\u00e7a de S\u00e3o Paulo que. em decis\u00e3o in\u00e9dita, determinou a redu\u00e7\u00e3o do campo eletromagn\u00e9tico gerado pelas linhas de transmiss\u00e3o de energia que cortam os bairros City Boa\u00e7ava e Alto de Pinheiros. \u00c9 a primeira vez que um tribunal do\u2026","rel":"","context":"Em &quot;X.Categorias velhas&quot;","block_context":{"text":"X.Categorias velhas","link":"https:\/\/www.jornalja.com.br\/arquivo\/category\/x-categorias-velhas\/"},"img":{"alt_text":"","src":"","width":0,"height":0},"classes":[]},{"id":13101,"url":"https:\/\/www.jornalja.com.br\/arquivo\/morre-um-guerreiro-do-texto\/","url_meta":{"origin":53987,"position":2},"title":"Morre um guerreiro do texto","author":"Patr\u00edcia Marini","date":"14 de maio de 2014","format":false,"excerpt":"Por Ricardo Kotscho Reproduzido do blog do autor, 11\/5\/2014; t\u00edtulo original \u201cE l\u00e1 se foi o nosso Myltainho, guerreiro do texto\u201d. Mi\u00fado e franzino, meu amigo Myltainho era um valente e inconformado guerreiro na luta contra as injusti\u00e7as sociais, a hipocrisia, as maracutaias, o autoritarismo, a intoler\u00e2ncia, a viol\u00eancia, o\u2026","rel":"","context":"Em &quot;Geral&quot;","block_context":{"text":"Geral","link":"https:\/\/www.jornalja.com.br\/arquivo\/category\/geral\/"},"img":{"alt_text":"","src":"","width":0,"height":0},"classes":[]},{"id":13240,"url":"https:\/\/www.jornalja.com.br\/arquivo\/plano-diretor-estamos-construindo-o-caos\/","url_meta":{"origin":53987,"position":3},"title":"Plano diretor: &quot;Estamos construindo o caos&quot;","author":"Patr\u00edcia Marini","date":"26 de maio de 2014","format":false,"excerpt":"Desabafo que arquiteta Eliana Castilhos, delegada da Regi\u00e3o de Planejamento 1, postou nas redes sociais \u00e9 um testemunho do ambiente que se criou no Conselho do Plano Diretor de Porto Alegre, onde a aprova\u00e7\u00e3o de grandes empreendimentos \u00e9 empurrada guela abaixo dos conselheiros. Ao CMDUA Como delegada da Regi\u00e3o de\u2026","rel":"","context":"Em &quot;Geral&quot;","block_context":{"text":"Geral","link":"https:\/\/www.jornalja.com.br\/arquivo\/category\/geral\/"},"img":{"alt_text":"","src":"","width":0,"height":0},"classes":[]},{"id":12960,"url":"https:\/\/www.jornalja.com.br\/arquivo\/populacao-culpa-empresas-pela-greve-dos-rodoviarios\/","url_meta":{"origin":53987,"position":4},"title":"Popula\u00e7\u00e3o culpa empresas pela greve","author":"Patr\u00edcia Marini","date":"14 de fevereiro de 2014","format":false,"excerpt":"Pesquisa divulgada na edi\u00e7\u00e3o do jornal Metro desta sexta-feira,14, comprova o velho ditado: \u00e9 poss\u00edvel enganar muitos por algum tempo, mas n\u00e3o \u00e9 poss\u00edvel enganar a todos o tempo inteiro. A principal revela\u00e7\u00e3o foi que 59,8% dos entrevistados apontaram as empresas como as principais respons\u00e1veis pela grave e 46% culparam\u2026","rel":"","context":"Em &quot;X.Categorias velhas&quot;","block_context":{"text":"X.Categorias velhas","link":"https:\/\/www.jornalja.com.br\/arquivo\/category\/x-categorias-velhas\/"},"img":{"alt_text":"","src":"","width":0,"height":0},"classes":[]},{"id":5440,"url":"https:\/\/www.jornalja.com.br\/arquivo\/casarao-da-venancio-destino-permanece-incerto\/","url_meta":{"origin":53987,"position":5},"title":"Estado ainda n\u00e3o sabe o que fazer com casar\u00e3o abandonado h\u00e1 20 anos","author":"Elmar Bones","date":"6 de julho de 2009","format":false,"excerpt":"O casar\u00e3o amarelo, numa esquina nobre de Porto Alegre (Ven\u00e2ncio Aires com Jo\u00e3o Pessoa), j\u00e1 abrigou uma escola. H\u00e1 duas d\u00e9cadas, pelo menos, est\u00e1 abandonado, porque seu propriet\u00e1rio, o governo do Estado do Rio Grande do Sul, n\u00e3o consegue achar um destino para ele. Planos n\u00e3o faltaram. O governador Ol\u00edvio\u2026","rel":"","context":"Em &quot;X.Categorias velhas&quot;","block_context":{"text":"X.Categorias velhas","link":"https:\/\/www.jornalja.com.br\/arquivo\/category\/x-categorias-velhas\/"},"img":{"alt_text":"geraldo1","src":"https:\/\/i0.wp.com\/www.jornalja.com.br\/wp-content\/uploads\/2009\/07\/geraldo1.jpg?resize=350%2C200&ssl=1","width":350,"height":200},"classes":[]}],"jetpack_shortlink":"https:\/\/wp.me\/pbQjBd-e2L","jetpack_featured_media_url":"","_links":{"self":[{"href":"https:\/\/www.jornalja.com.br\/arquivo\/wp-json\/wp\/v2\/posts\/53987","targetHints":{"allow":["GET"]}}],"collection":[{"href":"https:\/\/www.jornalja.com.br\/arquivo\/wp-json\/wp\/v2\/posts"}],"about":[{"href":"https:\/\/www.jornalja.com.br\/arquivo\/wp-json\/wp\/v2\/types\/post"}],"author":[{"embeddable":true,"href":"https:\/\/www.jornalja.com.br\/arquivo\/wp-json\/wp\/v2\/users\/4"}],"replies":[{"embeddable":true,"href":"https:\/\/www.jornalja.com.br\/arquivo\/wp-json\/wp\/v2\/comments?post=53987"}],"version-history":[{"count":0,"href":"https:\/\/www.jornalja.com.br\/arquivo\/wp-json\/wp\/v2\/posts\/53987\/revisions"}],"wp:attachment":[{"href":"https:\/\/www.jornalja.com.br\/arquivo\/wp-json\/wp\/v2\/media?parent=53987"}],"wp:term":[{"taxonomy":"category","embeddable":true,"href":"https:\/\/www.jornalja.com.br\/arquivo\/wp-json\/wp\/v2\/categories?post=53987"},{"taxonomy":"post_tag","embeddable":true,"href":"https:\/\/www.jornalja.com.br\/arquivo\/wp-json\/wp\/v2\/tags?post=53987"}],"curies":[{"name":"wp","href":"https:\/\/api.w.org\/{rel}","templated":true}]}}