{"id":53992,"date":"2017-08-23T00:42:47","date_gmt":"2017-08-23T03:42:47","guid":{"rendered":"https:\/\/www.jornalja.com.br\/?p=53992"},"modified":"2017-08-23T00:42:47","modified_gmt":"2017-08-23T03:42:47","slug":"greve-e-questao-de-tempo-afirmam-servidores-em-assembleia-contra-pacote-de-marchezan","status":"publish","type":"post","link":"https:\/\/www.jornalja.com.br\/arquivo\/greve-e-questao-de-tempo-afirmam-servidores-em-assembleia-contra-pacote-de-marchezan\/","title":{"rendered":"&quot;Greve \u00e9 quest\u00e3o de tempo&quot;, afirmam servidores em assembleia contra pacote de Marchezan"},"content":{"rendered":"<p>J\u00e1 era come\u00e7o da noite de ter\u00e7a-feira, 22, quando cerca de mil servidores municipais de Porto Alegre reuniram-se na Casa do Ga\u00facho, no Parque da Harmonia, para assembleia organizada pelo Simpa (Sindicato dos Municip\u00e1rios). Em pauta, os pr\u00f3ximos passos da categoria contra os projetos do prefeito Nelson Marchezan J\u00fanior, enviados \u00e0 C\u00e2mara Municipal no segundo semestre de 2017.<br \/>\nNo pacote, est\u00e3o previstas altera\u00e7\u00f5es nos sal\u00e1rios do\u00a0funcionalismo. Somente neste mes de agosto, duas manifesta\u00e7\u00f5es j\u00e1 ocorreram em frente ao Pa\u00e7o Municipal. Outros pequenos atos ocorreram durante toda a semana passada. Uma comiss\u00e3o especial deve ser criada no parlamento para envolver os os vereadores nas discuss\u00f5es.<br \/>\nAntes da decis\u00e3o da assembleia, representantes dos Cores (Conselhos de Representantes Sindicais) se alternavam no microfone, expondo seus pontos de vista e as a\u00e7\u00f5es planejadas por\u00a0cada conselho.<br \/>\n&#8220;Precisamos chegar com a deflagra\u00e7\u00e3o da greve encaminhada na pr\u00f3xima assembleia se nada for alterado&#8221;, disparou um servidor.\u00a0A ideia de greve est\u00e1 muito forte na categoria. &#8220;Estamos agindo com cautela, mas, podemos fazer uma greve que derrote de vez esses projetos&#8221;, explicou o coordenador do Simpa, Alberto Terres.<br \/>\nUma paralisa\u00e7\u00e3o s\u00f3 deve ser anunciada com apoio maci\u00e7o do funcionalismo. Nova assembleia est\u00e1 marcada para o dia 5 de setembro.<br \/>\n<figure id=\"attachment_54045\" aria-describedby=\"caption-attachment-54045\" style=\"width: 1150px\" class=\"wp-caption alignnone\"><img loading=\"lazy\" decoding=\"async\" class=\"wp-image-54045 size-full\" src=\"https:\/\/www.jornalja.com.br\/wp-content\/uploads\/2017\/08\/IMG-20170822-WA0002.jpg\" alt=\"\" width=\"1150\" height=\"766\" \/><figcaption id=\"caption-attachment-54045\" class=\"wp-caption-text\">Nova assembleia da categoria est\u00e1 marcada para o dia 5 de setembro<\/figcaption><\/figure><br \/>\n<span class=\"culturadestaque\">Agenda definida nesta ter\u00e7a:<\/span><br \/>\n:23\/8 &#8211; quarta-feira 14h &#8211; Concentra\u00e7\u00e3o dos Municip\u00e1rios na C\u00e2mara de Vereadores, para acompanhar a vota\u00e7\u00e3o da Comiss\u00e3o Especial de discuss\u00e3o do PLs.<br \/>\n31\/8 &#8211; quinta-feira 18h &#8211; Ato em Defesa de Porto Alegre, no Pa\u00e7o Municipal.<br \/>\n04\/9 \u2013 segunda-feira 18h &#8211; Reuni\u00e3o do Conselho de Representantes Sindicais (CORES) SIMPA.<br \/>\n05\/8 \u2013 ter\u00e7a-feira 18h &#8211; Assembleia Geral dos Municip\u00e1rios.<\/p>\n","protected":false},"excerpt":{"rendered":"<p>J\u00e1 era come\u00e7o da noite de ter\u00e7a-feira, 22, quando cerca de mil servidores municipais de Porto Alegre reuniram-se na Casa do Ga\u00facho, no Parque da Harmonia, para assembleia organizada pelo Simpa (Sindicato dos Municip\u00e1rios). Em pauta, os pr\u00f3ximos passos da categoria contra os projetos do prefeito Nelson Marchezan J\u00fanior, enviados \u00e0 C\u00e2mara Municipal no segundo [&hellip;]<\/p>\n","protected":false},"author":4,"featured_media":54044,"comment_status":"open","ping_status":"closed","sticky":false,"template":"","format":"standard","meta":{"_jetpack_newsletter_access":"","_jetpack_dont_email_post_to_subs":false,"_jetpack_newsletter_tier_id":0,"_jetpack_memberships_contains_paywalled_content":false,"_jetpack_feature_clip_id":0,"_jetpack_memberships_contains_paid_content":false,"footnotes":"","jetpack_post_was_ever_published":false},"categories":[26],"tags":[],"class_list":["post-53992","post","type-post","status-publish","format-standard","has-post-thumbnail","hentry","category-geral"],"aioseo_notices":[],"aioseo_head":"\n\t\t<!-- All in One SEO 5.0.1.1 - aioseo.com -->\n\t<meta name=\"robots\" content=\"max-image-preview:large\" \/>\n\t<meta name=\"author\" content=\"da Reda\u00e7\u00e3o\"\/>\n\t<link rel=\"canonical\" href=\"https:\/\/www.jornalja.com.br\/arquivo\/greve-e-questao-de-tempo-afirmam-servidores-em-assembleia-contra-pacote-de-marchezan\/\" \/>\n\t<meta name=\"generator\" content=\"All in One SEO (AIOSEO) 5.0.1.1\" \/>\n\t\t<meta property=\"og:locale\" content=\"pt_BR\" \/>\n\t\t<meta property=\"og:site_name\" content=\"Arquivo | Jornal J\u00c1 | Porto Alegre\" \/>\n\t\t<meta property=\"og:type\" content=\"article\" \/>\n\t\t<meta property=\"og:title\" content=\"&quot;Greve \u00e9 quest\u00e3o de tempo&quot;, afirmam servidores em assembleia contra pacote de Marchezan | Arquivo\" \/>\n\t\t<meta property=\"og:url\" content=\"https:\/\/www.jornalja.com.br\/arquivo\/greve-e-questao-de-tempo-afirmam-servidores-em-assembleia-contra-pacote-de-marchezan\/\" \/>\n\t\t<meta property=\"og:image\" content=\"https:\/\/www.jornalja.com.br\/wp-content\/uploads\/2017\/08\/IMG-20170822-WA0002.jpg\" \/>\n\t\t<meta property=\"og:image:secure_url\" content=\"https:\/\/www.jornalja.com.br\/wp-content\/uploads\/2017\/08\/IMG-20170822-WA0002.jpg\" \/>\n\t\t<meta property=\"article:published_time\" content=\"2017-08-23T03:42:47+00:00\" \/>\n\t\t<meta property=\"article:modified_time\" content=\"2017-08-23T03:42:47+00:00\" \/>\n\t\t<meta name=\"twitter:card\" content=\"summary\" \/>\n\t\t<meta name=\"twitter:title\" content=\"&quot;Greve \u00e9 quest\u00e3o de tempo&quot;, afirmam servidores em assembleia contra pacote de Marchezan | Arquivo\" \/>\n\t\t<meta name=\"twitter:image\" content=\"https:\/\/www.jornalja.com.br\/economics\/wp-content\/uploads\/sites\/11\/2026\/08\/ja-folhaderosto-facebook.jpg\" \/>\n\t\t<script type=\"application\/ld+json\" class=\"aioseo-schema\">\n\t\t\t{\"@context\":\"https:\\\/\\\/schema.org\",\"@graph\":[{\"@type\":\"BlogPosting\",\"@id\":\"https:\\\/\\\/www.jornalja.com.br\\\/arquivo\\\/greve-e-questao-de-tempo-afirmam-servidores-em-assembleia-contra-pacote-de-marchezan\\\/#blogposting\",\"name\":\"\\\"Greve \\u00e9 quest\\u00e3o de tempo\\\", afirmam servidores em assembleia contra pacote de Marchezan | Arquivo\",\"headline\":\"&quot;Greve \\u00e9 quest\\u00e3o de tempo&quot;, afirmam servidores em assembleia contra pacote de Marchezan\",\"author\":{\"@id\":\"https:\\\/\\\/www.jornalja.com.br\\\/arquivo\\\/author\\\/daredacao\\\/#author\"},\"publisher\":{\"@id\":\"https:\\\/\\\/www.jornalja.com.br\\\/arquivo\\\/#organization\"},\"image\":{\"@type\":\"ImageObject\",\"url\":54044},\"datePublished\":\"2017-08-23T00:42:47-03:00\",\"dateModified\":\"2017-08-23T00:42:47-03:00\",\"inLanguage\":\"pt-BR\",\"mainEntityOfPage\":{\"@id\":\"https:\\\/\\\/www.jornalja.com.br\\\/arquivo\\\/greve-e-questao-de-tempo-afirmam-servidores-em-assembleia-contra-pacote-de-marchezan\\\/#webpage\"},\"isPartOf\":{\"@id\":\"https:\\\/\\\/www.jornalja.com.br\\\/arquivo\\\/greve-e-questao-de-tempo-afirmam-servidores-em-assembleia-contra-pacote-de-marchezan\\\/#webpage\"},\"articleSection\":\"Geral\"},{\"@type\":\"BreadcrumbList\",\"@id\":\"https:\\\/\\\/www.jornalja.com.br\\\/arquivo\\\/greve-e-questao-de-tempo-afirmam-servidores-em-assembleia-contra-pacote-de-marchezan\\\/#breadcrumblist\",\"itemListElement\":[{\"@type\":\"ListItem\",\"@id\":\"https:\\\/\\\/www.jornalja.com.br\\\/arquivo#listItem\",\"position\":1,\"name\":\"Home\",\"item\":\"https:\\\/\\\/www.jornalja.com.br\\\/arquivo\",\"nextItem\":{\"@type\":\"ListItem\",\"@id\":\"https:\\\/\\\/www.jornalja.com.br\\\/arquivo\\\/category\\\/geral\\\/#listItem\",\"name\":\"Geral\"}},{\"@type\":\"ListItem\",\"@id\":\"https:\\\/\\\/www.jornalja.com.br\\\/arquivo\\\/category\\\/geral\\\/#listItem\",\"position\":2,\"name\":\"Geral\",\"item\":\"https:\\\/\\\/www.jornalja.com.br\\\/arquivo\\\/category\\\/geral\\\/\",\"nextItem\":{\"@type\":\"ListItem\",\"@id\":\"https:\\\/\\\/www.jornalja.com.br\\\/arquivo\\\/greve-e-questao-de-tempo-afirmam-servidores-em-assembleia-contra-pacote-de-marchezan\\\/#listItem\",\"name\":\"&quot;Greve \\u00e9 quest\\u00e3o de tempo&quot;, afirmam servidores em assembleia contra pacote de Marchezan\"},\"previousItem\":{\"@type\":\"ListItem\",\"@id\":\"https:\\\/\\\/www.jornalja.com.br\\\/arquivo#listItem\",\"name\":\"Home\"}},{\"@type\":\"ListItem\",\"@id\":\"https:\\\/\\\/www.jornalja.com.br\\\/arquivo\\\/greve-e-questao-de-tempo-afirmam-servidores-em-assembleia-contra-pacote-de-marchezan\\\/#listItem\",\"position\":3,\"name\":\"&quot;Greve \\u00e9 quest\\u00e3o de tempo&quot;, afirmam servidores em assembleia contra pacote de Marchezan\",\"previousItem\":{\"@type\":\"ListItem\",\"@id\":\"https:\\\/\\\/www.jornalja.com.br\\\/arquivo\\\/category\\\/geral\\\/#listItem\",\"name\":\"Geral\"}}]},{\"@type\":\"Organization\",\"@id\":\"https:\\\/\\\/www.jornalja.com.br\\\/arquivo\\\/#organization\",\"name\":\"Jornal J\\u00c1\",\"description\":\"Jornal J\\u00c1 | Porto Alegre\",\"url\":\"https:\\\/\\\/www.jornalja.com.br\\\/arquivo\\\/\",\"telephone\":\"+555133307272\",\"logo\":{\"@type\":\"ImageObject\",\"url\":\"https:\\\/\\\/www.jornalja.com.br\\\/wp-content\\\/uploads\\\/cards\\\/JAslogan.png\",\"@id\":\"https:\\\/\\\/www.jornalja.com.br\\\/arquivo\\\/greve-e-questao-de-tempo-afirmam-servidores-em-assembleia-contra-pacote-de-marchezan\\\/#organizationLogo\"},\"image\":{\"@id\":\"https:\\\/\\\/www.jornalja.com.br\\\/arquivo\\\/greve-e-questao-de-tempo-afirmam-servidores-em-assembleia-contra-pacote-de-marchezan\\\/#organizationLogo\"}},{\"@type\":\"Person\",\"@id\":\"https:\\\/\\\/www.jornalja.com.br\\\/arquivo\\\/author\\\/daredacao\\\/#author\",\"url\":\"https:\\\/\\\/www.jornalja.com.br\\\/arquivo\\\/author\\\/daredacao\\\/\",\"name\":\"da Reda\\u00e7\\u00e3o\",\"image\":{\"@type\":\"ImageObject\",\"@id\":\"https:\\\/\\\/www.jornalja.com.br\\\/arquivo\\\/greve-e-questao-de-tempo-afirmam-servidores-em-assembleia-contra-pacote-de-marchezan\\\/#authorImage\",\"url\":\"https:\\\/\\\/secure.gravatar.com\\\/avatar\\\/469fd857d6605ad19919d27ed29d35a968a25f6e8fd9318356bbb7f57aae9c65?s=96&d=mm&r=g\",\"width\":96,\"height\":96,\"caption\":\"da Reda\\u00e7\\u00e3o\"}},{\"@type\":\"WebPage\",\"@id\":\"https:\\\/\\\/www.jornalja.com.br\\\/arquivo\\\/greve-e-questao-de-tempo-afirmam-servidores-em-assembleia-contra-pacote-de-marchezan\\\/#webpage\",\"url\":\"https:\\\/\\\/www.jornalja.com.br\\\/arquivo\\\/greve-e-questao-de-tempo-afirmam-servidores-em-assembleia-contra-pacote-de-marchezan\\\/\",\"name\":\"\\\"Greve \\u00e9 quest\\u00e3o de tempo\\\", afirmam servidores em assembleia contra pacote de Marchezan | Arquivo\",\"inLanguage\":\"pt-BR\",\"isPartOf\":{\"@id\":\"https:\\\/\\\/www.jornalja.com.br\\\/arquivo\\\/#website\"},\"breadcrumb\":{\"@id\":\"https:\\\/\\\/www.jornalja.com.br\\\/arquivo\\\/greve-e-questao-de-tempo-afirmam-servidores-em-assembleia-contra-pacote-de-marchezan\\\/#breadcrumblist\"},\"author\":{\"@id\":\"https:\\\/\\\/www.jornalja.com.br\\\/arquivo\\\/author\\\/daredacao\\\/#author\"},\"creator\":{\"@id\":\"https:\\\/\\\/www.jornalja.com.br\\\/arquivo\\\/author\\\/daredacao\\\/#author\"},\"image\":{\"@type\":\"ImageObject\",\"url\":54044,\"@id\":\"https:\\\/\\\/www.jornalja.com.br\\\/arquivo\\\/greve-e-questao-de-tempo-afirmam-servidores-em-assembleia-contra-pacote-de-marchezan\\\/#mainImage\"},\"primaryImageOfPage\":{\"@id\":\"https:\\\/\\\/www.jornalja.com.br\\\/arquivo\\\/greve-e-questao-de-tempo-afirmam-servidores-em-assembleia-contra-pacote-de-marchezan\\\/#mainImage\"},\"datePublished\":\"2017-08-23T00:42:47-03:00\",\"dateModified\":\"2017-08-23T00:42:47-03:00\"},{\"@type\":\"WebSite\",\"@id\":\"https:\\\/\\\/www.jornalja.com.br\\\/arquivo\\\/#website\",\"url\":\"https:\\\/\\\/www.jornalja.com.br\\\/arquivo\\\/\",\"name\":\"Arquivo\",\"description\":\"Jornal J\\u00c1 | Porto Alegre\",\"inLanguage\":\"pt-BR\",\"publisher\":{\"@id\":\"https:\\\/\\\/www.jornalja.com.br\\\/arquivo\\\/#organization\"}}]}\n\t\t<\/script>\n\t\t<!-- All in One SEO -->\n\n","aioseo_head_json":{"title":"\"Greve \u00e9 quest\u00e3o de tempo\", afirmam servidores em assembleia contra pacote de Marchezan | Arquivo","description":"","canonical_url":"https:\/\/www.jornalja.com.br\/arquivo\/greve-e-questao-de-tempo-afirmam-servidores-em-assembleia-contra-pacote-de-marchezan\/","robots":"max-image-preview:large","keywords":"","webmasterTools":{"miscellaneous":""},"schema":{"@context":"https:\/\/schema.org","@graph":[{"@type":"BlogPosting","@id":"https:\/\/www.jornalja.com.br\/arquivo\/greve-e-questao-de-tempo-afirmam-servidores-em-assembleia-contra-pacote-de-marchezan\/#blogposting","name":"\"Greve \u00e9 quest\u00e3o de tempo\", afirmam servidores em assembleia contra pacote de Marchezan | Arquivo","headline":"&quot;Greve \u00e9 quest\u00e3o de tempo&quot;, afirmam servidores em assembleia contra pacote de Marchezan","author":{"@id":"https:\/\/www.jornalja.com.br\/arquivo\/author\/daredacao\/#author"},"publisher":{"@id":"https:\/\/www.jornalja.com.br\/arquivo\/#organization"},"image":{"@type":"ImageObject","url":54044},"datePublished":"2017-08-23T00:42:47-03:00","dateModified":"2017-08-23T00:42:47-03:00","inLanguage":"pt-BR","mainEntityOfPage":{"@id":"https:\/\/www.jornalja.com.br\/arquivo\/greve-e-questao-de-tempo-afirmam-servidores-em-assembleia-contra-pacote-de-marchezan\/#webpage"},"isPartOf":{"@id":"https:\/\/www.jornalja.com.br\/arquivo\/greve-e-questao-de-tempo-afirmam-servidores-em-assembleia-contra-pacote-de-marchezan\/#webpage"},"articleSection":"Geral"},{"@type":"BreadcrumbList","@id":"https:\/\/www.jornalja.com.br\/arquivo\/greve-e-questao-de-tempo-afirmam-servidores-em-assembleia-contra-pacote-de-marchezan\/#breadcrumblist","itemListElement":[{"@type":"ListItem","@id":"https:\/\/www.jornalja.com.br\/arquivo#listItem","position":1,"name":"Home","item":"https:\/\/www.jornalja.com.br\/arquivo","nextItem":{"@type":"ListItem","@id":"https:\/\/www.jornalja.com.br\/arquivo\/category\/geral\/#listItem","name":"Geral"}},{"@type":"ListItem","@id":"https:\/\/www.jornalja.com.br\/arquivo\/category\/geral\/#listItem","position":2,"name":"Geral","item":"https:\/\/www.jornalja.com.br\/arquivo\/category\/geral\/","nextItem":{"@type":"ListItem","@id":"https:\/\/www.jornalja.com.br\/arquivo\/greve-e-questao-de-tempo-afirmam-servidores-em-assembleia-contra-pacote-de-marchezan\/#listItem","name":"&quot;Greve \u00e9 quest\u00e3o de tempo&quot;, afirmam servidores em assembleia contra pacote de Marchezan"},"previousItem":{"@type":"ListItem","@id":"https:\/\/www.jornalja.com.br\/arquivo#listItem","name":"Home"}},{"@type":"ListItem","@id":"https:\/\/www.jornalja.com.br\/arquivo\/greve-e-questao-de-tempo-afirmam-servidores-em-assembleia-contra-pacote-de-marchezan\/#listItem","position":3,"name":"&quot;Greve \u00e9 quest\u00e3o de tempo&quot;, afirmam servidores em assembleia contra pacote de Marchezan","previousItem":{"@type":"ListItem","@id":"https:\/\/www.jornalja.com.br\/arquivo\/category\/geral\/#listItem","name":"Geral"}}]},{"@type":"Organization","@id":"https:\/\/www.jornalja.com.br\/arquivo\/#organization","name":"Jornal J\u00c1","description":"Jornal J\u00c1 | Porto Alegre","url":"https:\/\/www.jornalja.com.br\/arquivo\/","telephone":"+555133307272","logo":{"@type":"ImageObject","url":"https:\/\/www.jornalja.com.br\/wp-content\/uploads\/cards\/JAslogan.png","@id":"https:\/\/www.jornalja.com.br\/arquivo\/greve-e-questao-de-tempo-afirmam-servidores-em-assembleia-contra-pacote-de-marchezan\/#organizationLogo"},"image":{"@id":"https:\/\/www.jornalja.com.br\/arquivo\/greve-e-questao-de-tempo-afirmam-servidores-em-assembleia-contra-pacote-de-marchezan\/#organizationLogo"}},{"@type":"Person","@id":"https:\/\/www.jornalja.com.br\/arquivo\/author\/daredacao\/#author","url":"https:\/\/www.jornalja.com.br\/arquivo\/author\/daredacao\/","name":"da Reda\u00e7\u00e3o","image":{"@type":"ImageObject","@id":"https:\/\/www.jornalja.com.br\/arquivo\/greve-e-questao-de-tempo-afirmam-servidores-em-assembleia-contra-pacote-de-marchezan\/#authorImage","url":"https:\/\/secure.gravatar.com\/avatar\/469fd857d6605ad19919d27ed29d35a968a25f6e8fd9318356bbb7f57aae9c65?s=96&d=mm&r=g","width":96,"height":96,"caption":"da Reda\u00e7\u00e3o"}},{"@type":"WebPage","@id":"https:\/\/www.jornalja.com.br\/arquivo\/greve-e-questao-de-tempo-afirmam-servidores-em-assembleia-contra-pacote-de-marchezan\/#webpage","url":"https:\/\/www.jornalja.com.br\/arquivo\/greve-e-questao-de-tempo-afirmam-servidores-em-assembleia-contra-pacote-de-marchezan\/","name":"\"Greve \u00e9 quest\u00e3o de tempo\", afirmam servidores em assembleia contra pacote de Marchezan | Arquivo","inLanguage":"pt-BR","isPartOf":{"@id":"https:\/\/www.jornalja.com.br\/arquivo\/#website"},"breadcrumb":{"@id":"https:\/\/www.jornalja.com.br\/arquivo\/greve-e-questao-de-tempo-afirmam-servidores-em-assembleia-contra-pacote-de-marchezan\/#breadcrumblist"},"author":{"@id":"https:\/\/www.jornalja.com.br\/arquivo\/author\/daredacao\/#author"},"creator":{"@id":"https:\/\/www.jornalja.com.br\/arquivo\/author\/daredacao\/#author"},"image":{"@type":"ImageObject","url":54044,"@id":"https:\/\/www.jornalja.com.br\/arquivo\/greve-e-questao-de-tempo-afirmam-servidores-em-assembleia-contra-pacote-de-marchezan\/#mainImage"},"primaryImageOfPage":{"@id":"https:\/\/www.jornalja.com.br\/arquivo\/greve-e-questao-de-tempo-afirmam-servidores-em-assembleia-contra-pacote-de-marchezan\/#mainImage"},"datePublished":"2017-08-23T00:42:47-03:00","dateModified":"2017-08-23T00:42:47-03:00"},{"@type":"WebSite","@id":"https:\/\/www.jornalja.com.br\/arquivo\/#website","url":"https:\/\/www.jornalja.com.br\/arquivo\/","name":"Arquivo","description":"Jornal J\u00c1 | Porto Alegre","inLanguage":"pt-BR","publisher":{"@id":"https:\/\/www.jornalja.com.br\/arquivo\/#organization"}}]},"og:locale":"pt_BR","og:site_name":"Arquivo | Jornal J\u00c1 | Porto Alegre","og:type":"article","og:title":"&quot;Greve \u00e9 quest\u00e3o de tempo&quot;, afirmam servidores em assembleia contra pacote de Marchezan | Arquivo","og:url":"https:\/\/www.jornalja.com.br\/arquivo\/greve-e-questao-de-tempo-afirmam-servidores-em-assembleia-contra-pacote-de-marchezan\/","og:image":"https:\/\/www.jornalja.com.br\/wp-content\/uploads\/2017\/08\/IMG-20170822-WA0002.jpg","og:image:secure_url":"https:\/\/www.jornalja.com.br\/wp-content\/uploads\/2017\/08\/IMG-20170822-WA0002.jpg","article:published_time":"2017-08-23T03:42:47+00:00","article:modified_time":"2017-08-23T03:42:47+00:00","twitter:card":"summary","twitter:title":"&quot;Greve \u00e9 quest\u00e3o de tempo&quot;, afirmam servidores em assembleia contra pacote de Marchezan | Arquivo","twitter:image":"https:\/\/www.jornalja.com.br\/economics\/wp-content\/uploads\/sites\/11\/2026\/08\/ja-folhaderosto-facebook.jpg"},"aioseo_meta_data":{"post_id":"53992","title":null,"description":null,"keywords":null,"keyphrases":null,"primary_term":null,"canonical_url":null,"og_title":null,"og_description":null,"og_object_type":"default","og_image_type":"default","og_image_url":null,"og_image_width":null,"og_image_height":null,"og_image_custom_url":null,"og_image_custom_fields":null,"og_video":null,"og_custom_url":null,"og_article_section":null,"og_article_tags":null,"twitter_use_og":false,"twitter_card":"default","twitter_image_type":"default","twitter_image_url":null,"twitter_image_custom_url":null,"twitter_image_custom_fields":null,"twitter_title":null,"twitter_description":null,"schema":{"blockGraphs":[],"customGraphs":[],"default":{"data":{"Article":[],"Course":[],"Dataset":[],"FAQPage":[],"Movie":[],"Person":[],"Product":[],"ProductReview":[],"Car":[],"Recipe":[],"Service":[],"SoftwareApplication":[],"WebPage":[]},"graphName":"","isEnabled":true},"graphs":[]},"schema_type":null,"schema_type_options":null,"pillar_content":false,"robots_default":true,"robots_noindex":false,"robots_noarchive":false,"robots_nosnippet":false,"robots_nofollow":false,"robots_noimageindex":false,"robots_noodp":false,"robots_notranslate":false,"robots_max_snippet":null,"robots_max_videopreview":null,"robots_max_imagepreview":"large","priority":null,"frequency":null,"location":null,"local_seo":null,"breadcrumb_settings":null,"limit_modified_date":false,"ai":null,"created":"2020-12-20 20:26:02","updated":"2025-07-20 00:32:36","seo_analyzer_scan_date":null,"focus_keyword":null,"additional_keywords":null,"truseo_locale":null},"jetpack_sharing_enabled":true,"jetpack-related-posts":[{"id":13240,"url":"https:\/\/www.jornalja.com.br\/arquivo\/plano-diretor-estamos-construindo-o-caos\/","url_meta":{"origin":53992,"position":0},"title":"Plano diretor: &quot;Estamos construindo o caos&quot;","author":"Patr\u00edcia Marini","date":"26 de maio de 2014","format":false,"excerpt":"Desabafo que arquiteta Eliana Castilhos, delegada da Regi\u00e3o de Planejamento 1, postou nas redes sociais \u00e9 um testemunho do ambiente que se criou no Conselho do Plano Diretor de Porto Alegre, onde a aprova\u00e7\u00e3o de grandes empreendimentos \u00e9 empurrada guela abaixo dos conselheiros. Ao CMDUA Como delegada da Regi\u00e3o de\u2026","rel":"","context":"Em &quot;Geral&quot;","block_context":{"text":"Geral","link":"https:\/\/www.jornalja.com.br\/arquivo\/category\/geral\/"},"img":{"alt_text":"","src":"","width":0,"height":0},"classes":[]},{"id":13124,"url":"https:\/\/www.jornalja.com.br\/arquivo\/sangue-latino-no-iecine\/","url_meta":{"origin":53992,"position":1},"title":"Sangue latino no IECINE","author":"da Reda\u00e7\u00e3o","date":"18 de maio de 2014","format":false,"excerpt":"Francisco Ribeiro O Instituto Estadual de Cinema (IECINE) tem a frente, desde abril \u00faltimo, um novo diretor, o cineasta colombiano Juan Zapata, 36, que substitui Luiz Alberto Cassol. Radicado h\u00e1 dez anos em Porto Alegre, Zapata tem diante de si o desafio de conduzir at\u00e9 o final do ano um\u2026","rel":"","context":"Em &quot;Cultura-Geral&quot;","block_context":{"text":"Cultura-Geral","link":"https:\/\/www.jornalja.com.br\/arquivo\/category\/materiasecundaria\/"},"img":{"alt_text":"","src":"","width":0,"height":0},"classes":[]},{"id":13101,"url":"https:\/\/www.jornalja.com.br\/arquivo\/morre-um-guerreiro-do-texto\/","url_meta":{"origin":53992,"position":2},"title":"Morre um guerreiro do texto","author":"Patr\u00edcia Marini","date":"14 de maio de 2014","format":false,"excerpt":"Por Ricardo Kotscho Reproduzido do blog do autor, 11\/5\/2014; t\u00edtulo original \u201cE l\u00e1 se foi o nosso Myltainho, guerreiro do texto\u201d. Mi\u00fado e franzino, meu amigo Myltainho era um valente e inconformado guerreiro na luta contra as injusti\u00e7as sociais, a hipocrisia, as maracutaias, o autoritarismo, a intoler\u00e2ncia, a viol\u00eancia, o\u2026","rel":"","context":"Em &quot;Geral&quot;","block_context":{"text":"Geral","link":"https:\/\/www.jornalja.com.br\/arquivo\/category\/geral\/"},"img":{"alt_text":"","src":"","width":0,"height":0},"classes":[]},{"id":13128,"url":"https:\/\/www.jornalja.com.br\/arquivo\/maconha-terra-diz-que-uso-medicinal-e-desculpa\/","url_meta":{"origin":53992,"position":3},"title":"Maconha: Terra diz que uso medicinal \u00e9 desculpa","author":"Patr\u00edcia Marini","date":"4 de junho de 2014","format":false,"excerpt":"A condi\u00e7\u00e3o de pol\u00edtico, em \u00e9poca de campanha de campanha eleitoral, tira for\u00e7a do discurso do m\u00e9dico Osmar Terra contra a legaliza\u00e7\u00e3o da maconha. A tese dele de que a libera\u00e7\u00e3o vai ampliar exponencialmente o consumo \u00e9 discutivel, o consumo \u00e9 corrente. Mas seus alertas quanto aos riscos tem que\u2026","rel":"","context":"Em &quot;X.Categorias velhas&quot;","block_context":{"text":"X.Categorias velhas","link":"https:\/\/www.jornalja.com.br\/arquivo\/category\/x-categorias-velhas\/"},"img":{"alt_text":"","src":"","width":0,"height":0},"classes":[]},{"id":13109,"url":"https:\/\/www.jornalja.com.br\/arquivo\/judiciario-reconhece-poluicao-eletromagnetica\/","url_meta":{"origin":53992,"position":4},"title":"Judici\u00e1rio reconhece polui\u00e7\u00e3o eletromagn\u00e9tica","author":"Patr\u00edcia Marini","date":"16 de maio de 2014","format":false,"excerpt":"A\u00e7\u00e3o de duas associa\u00e7\u00f5es de moradores foi acolhida pelo Tribunal de Justi\u00e7a de S\u00e3o Paulo que. em decis\u00e3o in\u00e9dita, determinou a redu\u00e7\u00e3o do campo eletromagn\u00e9tico gerado pelas linhas de transmiss\u00e3o de energia que cortam os bairros City Boa\u00e7ava e Alto de Pinheiros. \u00c9 a primeira vez que um tribunal do\u2026","rel":"","context":"Em &quot;X.Categorias velhas&quot;","block_context":{"text":"X.Categorias velhas","link":"https:\/\/www.jornalja.com.br\/arquivo\/category\/x-categorias-velhas\/"},"img":{"alt_text":"","src":"","width":0,"height":0},"classes":[]},{"id":5440,"url":"https:\/\/www.jornalja.com.br\/arquivo\/casarao-da-venancio-destino-permanece-incerto\/","url_meta":{"origin":53992,"position":5},"title":"Estado ainda n\u00e3o sabe o que fazer com casar\u00e3o abandonado h\u00e1 20 anos","author":"Elmar Bones","date":"6 de julho de 2009","format":false,"excerpt":"O casar\u00e3o amarelo, numa esquina nobre de Porto Alegre (Ven\u00e2ncio Aires com Jo\u00e3o Pessoa), j\u00e1 abrigou uma escola. H\u00e1 duas d\u00e9cadas, pelo menos, est\u00e1 abandonado, porque seu propriet\u00e1rio, o governo do Estado do Rio Grande do Sul, n\u00e3o consegue achar um destino para ele. Planos n\u00e3o faltaram. O governador Ol\u00edvio\u2026","rel":"","context":"Em &quot;X.Categorias velhas&quot;","block_context":{"text":"X.Categorias velhas","link":"https:\/\/www.jornalja.com.br\/arquivo\/category\/x-categorias-velhas\/"},"img":{"alt_text":"geraldo1","src":"https:\/\/i0.wp.com\/www.jornalja.com.br\/wp-content\/uploads\/2009\/07\/geraldo1.jpg?resize=350%2C200&ssl=1","width":350,"height":200},"classes":[]}],"jetpack_shortlink":"https:\/\/wp.me\/pbQjBd-e2Q","jetpack_featured_media_url":"","_links":{"self":[{"href":"https:\/\/www.jornalja.com.br\/arquivo\/wp-json\/wp\/v2\/posts\/53992","targetHints":{"allow":["GET"]}}],"collection":[{"href":"https:\/\/www.jornalja.com.br\/arquivo\/wp-json\/wp\/v2\/posts"}],"about":[{"href":"https:\/\/www.jornalja.com.br\/arquivo\/wp-json\/wp\/v2\/types\/post"}],"author":[{"embeddable":true,"href":"https:\/\/www.jornalja.com.br\/arquivo\/wp-json\/wp\/v2\/users\/4"}],"replies":[{"embeddable":true,"href":"https:\/\/www.jornalja.com.br\/arquivo\/wp-json\/wp\/v2\/comments?post=53992"}],"version-history":[{"count":0,"href":"https:\/\/www.jornalja.com.br\/arquivo\/wp-json\/wp\/v2\/posts\/53992\/revisions"}],"wp:attachment":[{"href":"https:\/\/www.jornalja.com.br\/arquivo\/wp-json\/wp\/v2\/media?parent=53992"}],"wp:term":[{"taxonomy":"category","embeddable":true,"href":"https:\/\/www.jornalja.com.br\/arquivo\/wp-json\/wp\/v2\/categories?post=53992"},{"taxonomy":"post_tag","embeddable":true,"href":"https:\/\/www.jornalja.com.br\/arquivo\/wp-json\/wp\/v2\/tags?post=53992"}],"curies":[{"name":"wp","href":"https:\/\/api.w.org\/{rel}","templated":true}]}}