{"id":54074,"date":"2017-08-23T15:42:37","date_gmt":"2017-08-23T18:42:37","guid":{"rendered":"https:\/\/www.jornalja.com.br\/?p=54074"},"modified":"2017-08-23T15:42:37","modified_gmt":"2017-08-23T18:42:37","slug":"oficial-de-justica-diz-em-reuniao-com-deputados-que-desocupacao-da-lanceiros-seguira-a-lei","status":"publish","type":"post","link":"https:\/\/www.jornalja.com.br\/arquivo\/oficial-de-justica-diz-em-reuniao-com-deputados-que-desocupacao-da-lanceiros-seguira-a-lei\/","title":{"rendered":"Oficial de Justi\u00e7a diz em reuni\u00e3o com deputados que desocupa\u00e7\u00e3o da \u201cLanceiros\u201d seguir\u00e1 a lei"},"content":{"rendered":"<p>Em reuni\u00e3o da Comiss\u00e3o de Cidadania e Direitos Humanos da Assembleia Legislativa do RS, ocorrida hoje (23\/08), na sala professor Salzano Vieira da Cunha, o presidente da Associa\u00e7\u00e3o dos Oficiais de Justi\u00e7a do Rio Grande do Sul (Abojeris), Jean Gon\u00e7alves, afirmou que zelar\u00e1 pelo cumprimento de todos os crit\u00e9rios do mandado judicial expedido pela ju\u00edza Luciane Marcon Tomazelli, que determina que as fam\u00edlias desalojadas que fazem parte da Ocupa\u00e7\u00e3o Lanceiros tenham algum local, mesmo que provis\u00f3rio, para acolhimento ap\u00f3s o despejo.<br \/>\nO presidente da Comiss\u00e3o, deputado Jeferson Fernandes (PT), durante o per\u00edodo de assuntos gerais da reuni\u00e3o informou ter enviado pedido de informa\u00e7\u00f5es \u00e0 ju\u00edza da 1\u00aa Vara C\u00edvel de Porto Alegre, Fernanda Ajnhorn,\u00a0a respeito do cumprimento de ordem judicial\u00a0 para desocupa\u00e7\u00e3o nesta quinta-feira\u00a0(24), \u00e0s 7h, do pr\u00e9dio na Rua dos Andradas ocupado pelo movimento. O parlamentar manifestou preocupa\u00e7\u00e3o especial quanto\u00a0\u00e0 defini\u00e7\u00e3o de local para instalar as crian\u00e7as, gr\u00e1vidas, pessoas com defici\u00eancia, idosos e ind\u00edgenas l\u00e1 alojados. O descumprimento das exig\u00eancias para a desocupa\u00e7\u00e3o, alertou o deputado \u201caumenta o perigo de conflito desnecess\u00e1rio\u201d.<br \/>\nAl\u00e9m disso, o mandado tamb\u00e9m determina que os \u00f3rg\u00e3os competentes, como conselho tutelar, por exemplo, estejam presentes na desocupa\u00e7\u00e3o. Em reuni\u00e3o convocada pela Brigada Militar, ocorrida na manh\u00e3 de ontem (22), o coronel Jefferson de Barros Jacques, comandante geral do policiamento da Capital, afirmou que o protocolo seguido pela BM j\u00e1 prev\u00ea a presen\u00e7a desses \u00f3rg\u00e3os estatais e que todas essas normativas ser\u00e3o cumpridas.<br \/>\nConforme o presidente da Abojeris, Jean Gon\u00e7alves, a primeira desocupa\u00e7\u00e3o do movimento Lanceiros Negros, ocorrida em 14 de junho, n\u00e3o saiu do controle, apesar da deten\u00e7\u00e3o do deputado estadual Jefferson Fernandes, que, segundo afirma o magistrado, n\u00e3o foi determinada por nenhum dos cinco oficiais de justi\u00e7a presentes na ocasi\u00e3o.<br \/>\n&nbsp;<\/p>\n","protected":false},"excerpt":{"rendered":"<p>Em reuni\u00e3o da Comiss\u00e3o de Cidadania e Direitos Humanos da Assembleia Legislativa do RS, ocorrida hoje (23\/08), na sala professor Salzano Vieira da Cunha, o presidente da Associa\u00e7\u00e3o dos Oficiais de Justi\u00e7a do Rio Grande do Sul (Abojeris), Jean Gon\u00e7alves, afirmou que zelar\u00e1 pelo cumprimento de todos os crit\u00e9rios do mandado judicial expedido pela ju\u00edza [&hellip;]<\/p>\n","protected":false},"author":4,"featured_media":54079,"comment_status":"open","ping_status":"closed","sticky":false,"template":"","format":"standard","meta":{"_jetpack_newsletter_access":"","_jetpack_dont_email_post_to_subs":false,"_jetpack_newsletter_tier_id":0,"_jetpack_memberships_contains_paywalled_content":false,"_jetpack_feature_clip_id":0,"_jetpack_memberships_contains_paid_content":false,"footnotes":"","jetpack_post_was_ever_published":false},"categories":[26],"tags":[],"class_list":["post-54074","post","type-post","status-publish","format-standard","has-post-thumbnail","hentry","category-geral"],"aioseo_notices":[],"aioseo_head":"\n\t\t<!-- All in One SEO 5.0.1.1 - aioseo.com -->\n\t<meta name=\"robots\" content=\"max-image-preview:large\" \/>\n\t<meta name=\"author\" content=\"da Reda\u00e7\u00e3o\"\/>\n\t<link rel=\"canonical\" href=\"https:\/\/www.jornalja.com.br\/arquivo\/oficial-de-justica-diz-em-reuniao-com-deputados-que-desocupacao-da-lanceiros-seguira-a-lei\/\" \/>\n\t<meta name=\"generator\" content=\"All in One SEO (AIOSEO) 5.0.1.1\" \/>\n\t\t<meta property=\"og:locale\" content=\"pt_BR\" \/>\n\t\t<meta property=\"og:site_name\" content=\"Arquivo | Jornal J\u00c1 | Porto Alegre\" \/>\n\t\t<meta property=\"og:type\" content=\"article\" \/>\n\t\t<meta property=\"og:title\" content=\"Oficial de Justi\u00e7a diz em reuni\u00e3o com deputados que desocupa\u00e7\u00e3o da \u201cLanceiros\u201d seguir\u00e1 a lei | Arquivo\" \/>\n\t\t<meta property=\"og:url\" content=\"https:\/\/www.jornalja.com.br\/arquivo\/oficial-de-justica-diz-em-reuniao-com-deputados-que-desocupacao-da-lanceiros-seguira-a-lei\/\" \/>\n\t\t<meta property=\"og:image\" content=\"https:\/\/www.jornalja.com.br\/economics\/wp-content\/uploads\/sites\/11\/2026\/08\/ja-folhaderosto-facebook.jpg\" \/>\n\t\t<meta property=\"og:image:secure_url\" content=\"https:\/\/www.jornalja.com.br\/economics\/wp-content\/uploads\/sites\/11\/2026\/08\/ja-folhaderosto-facebook.jpg\" \/>\n\t\t<meta property=\"article:published_time\" content=\"2017-08-23T18:42:37+00:00\" \/>\n\t\t<meta property=\"article:modified_time\" content=\"2017-08-23T18:42:37+00:00\" \/>\n\t\t<meta name=\"twitter:card\" content=\"summary\" \/>\n\t\t<meta name=\"twitter:title\" content=\"Oficial de Justi\u00e7a diz em reuni\u00e3o com deputados que desocupa\u00e7\u00e3o da \u201cLanceiros\u201d seguir\u00e1 a lei | Arquivo\" \/>\n\t\t<meta name=\"twitter:image\" content=\"https:\/\/www.jornalja.com.br\/economics\/wp-content\/uploads\/sites\/11\/2026\/08\/ja-folhaderosto-facebook.jpg\" \/>\n\t\t<script type=\"application\/ld+json\" class=\"aioseo-schema\">\n\t\t\t{\"@context\":\"https:\\\/\\\/schema.org\",\"@graph\":[{\"@type\":\"BlogPosting\",\"@id\":\"https:\\\/\\\/www.jornalja.com.br\\\/arquivo\\\/oficial-de-justica-diz-em-reuniao-com-deputados-que-desocupacao-da-lanceiros-seguira-a-lei\\\/#blogposting\",\"name\":\"Oficial de Justi\\u00e7a diz em reuni\\u00e3o com deputados que desocupa\\u00e7\\u00e3o da \\u201cLanceiros\\u201d seguir\\u00e1 a lei | Arquivo\",\"headline\":\"Oficial de Justi\\u00e7a diz em reuni\\u00e3o com deputados que desocupa\\u00e7\\u00e3o da \\u201cLanceiros\\u201d seguir\\u00e1 a lei\",\"author\":{\"@id\":\"https:\\\/\\\/www.jornalja.com.br\\\/arquivo\\\/author\\\/daredacao\\\/#author\"},\"publisher\":{\"@id\":\"https:\\\/\\\/www.jornalja.com.br\\\/arquivo\\\/#organization\"},\"image\":{\"@type\":\"ImageObject\",\"url\":54079},\"datePublished\":\"2017-08-23T15:42:37-03:00\",\"dateModified\":\"2017-08-23T15:42:37-03:00\",\"inLanguage\":\"pt-BR\",\"mainEntityOfPage\":{\"@id\":\"https:\\\/\\\/www.jornalja.com.br\\\/arquivo\\\/oficial-de-justica-diz-em-reuniao-com-deputados-que-desocupacao-da-lanceiros-seguira-a-lei\\\/#webpage\"},\"isPartOf\":{\"@id\":\"https:\\\/\\\/www.jornalja.com.br\\\/arquivo\\\/oficial-de-justica-diz-em-reuniao-com-deputados-que-desocupacao-da-lanceiros-seguira-a-lei\\\/#webpage\"},\"articleSection\":\"Geral\"},{\"@type\":\"BreadcrumbList\",\"@id\":\"https:\\\/\\\/www.jornalja.com.br\\\/arquivo\\\/oficial-de-justica-diz-em-reuniao-com-deputados-que-desocupacao-da-lanceiros-seguira-a-lei\\\/#breadcrumblist\",\"itemListElement\":[{\"@type\":\"ListItem\",\"@id\":\"https:\\\/\\\/www.jornalja.com.br\\\/arquivo#listItem\",\"position\":1,\"name\":\"Home\",\"item\":\"https:\\\/\\\/www.jornalja.com.br\\\/arquivo\",\"nextItem\":{\"@type\":\"ListItem\",\"@id\":\"https:\\\/\\\/www.jornalja.com.br\\\/arquivo\\\/category\\\/geral\\\/#listItem\",\"name\":\"Geral\"}},{\"@type\":\"ListItem\",\"@id\":\"https:\\\/\\\/www.jornalja.com.br\\\/arquivo\\\/category\\\/geral\\\/#listItem\",\"position\":2,\"name\":\"Geral\",\"item\":\"https:\\\/\\\/www.jornalja.com.br\\\/arquivo\\\/category\\\/geral\\\/\",\"nextItem\":{\"@type\":\"ListItem\",\"@id\":\"https:\\\/\\\/www.jornalja.com.br\\\/arquivo\\\/oficial-de-justica-diz-em-reuniao-com-deputados-que-desocupacao-da-lanceiros-seguira-a-lei\\\/#listItem\",\"name\":\"Oficial de Justi\\u00e7a diz em reuni\\u00e3o com deputados que desocupa\\u00e7\\u00e3o da \\u201cLanceiros\\u201d seguir\\u00e1 a lei\"},\"previousItem\":{\"@type\":\"ListItem\",\"@id\":\"https:\\\/\\\/www.jornalja.com.br\\\/arquivo#listItem\",\"name\":\"Home\"}},{\"@type\":\"ListItem\",\"@id\":\"https:\\\/\\\/www.jornalja.com.br\\\/arquivo\\\/oficial-de-justica-diz-em-reuniao-com-deputados-que-desocupacao-da-lanceiros-seguira-a-lei\\\/#listItem\",\"position\":3,\"name\":\"Oficial de Justi\\u00e7a diz em reuni\\u00e3o com deputados que desocupa\\u00e7\\u00e3o da \\u201cLanceiros\\u201d seguir\\u00e1 a lei\",\"previousItem\":{\"@type\":\"ListItem\",\"@id\":\"https:\\\/\\\/www.jornalja.com.br\\\/arquivo\\\/category\\\/geral\\\/#listItem\",\"name\":\"Geral\"}}]},{\"@type\":\"Organization\",\"@id\":\"https:\\\/\\\/www.jornalja.com.br\\\/arquivo\\\/#organization\",\"name\":\"Jornal J\\u00c1\",\"description\":\"Jornal J\\u00c1 | Porto Alegre\",\"url\":\"https:\\\/\\\/www.jornalja.com.br\\\/arquivo\\\/\",\"telephone\":\"+555133307272\",\"logo\":{\"@type\":\"ImageObject\",\"url\":\"https:\\\/\\\/www.jornalja.com.br\\\/wp-content\\\/uploads\\\/cards\\\/JAslogan.png\",\"@id\":\"https:\\\/\\\/www.jornalja.com.br\\\/arquivo\\\/oficial-de-justica-diz-em-reuniao-com-deputados-que-desocupacao-da-lanceiros-seguira-a-lei\\\/#organizationLogo\"},\"image\":{\"@id\":\"https:\\\/\\\/www.jornalja.com.br\\\/arquivo\\\/oficial-de-justica-diz-em-reuniao-com-deputados-que-desocupacao-da-lanceiros-seguira-a-lei\\\/#organizationLogo\"}},{\"@type\":\"Person\",\"@id\":\"https:\\\/\\\/www.jornalja.com.br\\\/arquivo\\\/author\\\/daredacao\\\/#author\",\"url\":\"https:\\\/\\\/www.jornalja.com.br\\\/arquivo\\\/author\\\/daredacao\\\/\",\"name\":\"da Reda\\u00e7\\u00e3o\",\"image\":{\"@type\":\"ImageObject\",\"@id\":\"https:\\\/\\\/www.jornalja.com.br\\\/arquivo\\\/oficial-de-justica-diz-em-reuniao-com-deputados-que-desocupacao-da-lanceiros-seguira-a-lei\\\/#authorImage\",\"url\":\"https:\\\/\\\/secure.gravatar.com\\\/avatar\\\/469fd857d6605ad19919d27ed29d35a968a25f6e8fd9318356bbb7f57aae9c65?s=96&d=mm&r=g\",\"width\":96,\"height\":96,\"caption\":\"da Reda\\u00e7\\u00e3o\"}},{\"@type\":\"WebPage\",\"@id\":\"https:\\\/\\\/www.jornalja.com.br\\\/arquivo\\\/oficial-de-justica-diz-em-reuniao-com-deputados-que-desocupacao-da-lanceiros-seguira-a-lei\\\/#webpage\",\"url\":\"https:\\\/\\\/www.jornalja.com.br\\\/arquivo\\\/oficial-de-justica-diz-em-reuniao-com-deputados-que-desocupacao-da-lanceiros-seguira-a-lei\\\/\",\"name\":\"Oficial de Justi\\u00e7a diz em reuni\\u00e3o com deputados que desocupa\\u00e7\\u00e3o da \\u201cLanceiros\\u201d seguir\\u00e1 a lei | Arquivo\",\"inLanguage\":\"pt-BR\",\"isPartOf\":{\"@id\":\"https:\\\/\\\/www.jornalja.com.br\\\/arquivo\\\/#website\"},\"breadcrumb\":{\"@id\":\"https:\\\/\\\/www.jornalja.com.br\\\/arquivo\\\/oficial-de-justica-diz-em-reuniao-com-deputados-que-desocupacao-da-lanceiros-seguira-a-lei\\\/#breadcrumblist\"},\"author\":{\"@id\":\"https:\\\/\\\/www.jornalja.com.br\\\/arquivo\\\/author\\\/daredacao\\\/#author\"},\"creator\":{\"@id\":\"https:\\\/\\\/www.jornalja.com.br\\\/arquivo\\\/author\\\/daredacao\\\/#author\"},\"image\":{\"@type\":\"ImageObject\",\"url\":54079,\"@id\":\"https:\\\/\\\/www.jornalja.com.br\\\/arquivo\\\/oficial-de-justica-diz-em-reuniao-com-deputados-que-desocupacao-da-lanceiros-seguira-a-lei\\\/#mainImage\"},\"primaryImageOfPage\":{\"@id\":\"https:\\\/\\\/www.jornalja.com.br\\\/arquivo\\\/oficial-de-justica-diz-em-reuniao-com-deputados-que-desocupacao-da-lanceiros-seguira-a-lei\\\/#mainImage\"},\"datePublished\":\"2017-08-23T15:42:37-03:00\",\"dateModified\":\"2017-08-23T15:42:37-03:00\"},{\"@type\":\"WebSite\",\"@id\":\"https:\\\/\\\/www.jornalja.com.br\\\/arquivo\\\/#website\",\"url\":\"https:\\\/\\\/www.jornalja.com.br\\\/arquivo\\\/\",\"name\":\"Arquivo\",\"description\":\"Jornal J\\u00c1 | Porto Alegre\",\"inLanguage\":\"pt-BR\",\"publisher\":{\"@id\":\"https:\\\/\\\/www.jornalja.com.br\\\/arquivo\\\/#organization\"}}]}\n\t\t<\/script>\n\t\t<!-- All in One SEO -->\n\n","aioseo_head_json":{"title":"Oficial de Justi\u00e7a diz em reuni\u00e3o com deputados que desocupa\u00e7\u00e3o da \u201cLanceiros\u201d seguir\u00e1 a lei | Arquivo","description":"","canonical_url":"https:\/\/www.jornalja.com.br\/arquivo\/oficial-de-justica-diz-em-reuniao-com-deputados-que-desocupacao-da-lanceiros-seguira-a-lei\/","robots":"max-image-preview:large","keywords":"","webmasterTools":{"miscellaneous":""},"schema":{"@context":"https:\/\/schema.org","@graph":[{"@type":"BlogPosting","@id":"https:\/\/www.jornalja.com.br\/arquivo\/oficial-de-justica-diz-em-reuniao-com-deputados-que-desocupacao-da-lanceiros-seguira-a-lei\/#blogposting","name":"Oficial de Justi\u00e7a diz em reuni\u00e3o com deputados que desocupa\u00e7\u00e3o da \u201cLanceiros\u201d seguir\u00e1 a lei | Arquivo","headline":"Oficial de Justi\u00e7a diz em reuni\u00e3o com deputados que desocupa\u00e7\u00e3o da \u201cLanceiros\u201d seguir\u00e1 a lei","author":{"@id":"https:\/\/www.jornalja.com.br\/arquivo\/author\/daredacao\/#author"},"publisher":{"@id":"https:\/\/www.jornalja.com.br\/arquivo\/#organization"},"image":{"@type":"ImageObject","url":54079},"datePublished":"2017-08-23T15:42:37-03:00","dateModified":"2017-08-23T15:42:37-03:00","inLanguage":"pt-BR","mainEntityOfPage":{"@id":"https:\/\/www.jornalja.com.br\/arquivo\/oficial-de-justica-diz-em-reuniao-com-deputados-que-desocupacao-da-lanceiros-seguira-a-lei\/#webpage"},"isPartOf":{"@id":"https:\/\/www.jornalja.com.br\/arquivo\/oficial-de-justica-diz-em-reuniao-com-deputados-que-desocupacao-da-lanceiros-seguira-a-lei\/#webpage"},"articleSection":"Geral"},{"@type":"BreadcrumbList","@id":"https:\/\/www.jornalja.com.br\/arquivo\/oficial-de-justica-diz-em-reuniao-com-deputados-que-desocupacao-da-lanceiros-seguira-a-lei\/#breadcrumblist","itemListElement":[{"@type":"ListItem","@id":"https:\/\/www.jornalja.com.br\/arquivo#listItem","position":1,"name":"Home","item":"https:\/\/www.jornalja.com.br\/arquivo","nextItem":{"@type":"ListItem","@id":"https:\/\/www.jornalja.com.br\/arquivo\/category\/geral\/#listItem","name":"Geral"}},{"@type":"ListItem","@id":"https:\/\/www.jornalja.com.br\/arquivo\/category\/geral\/#listItem","position":2,"name":"Geral","item":"https:\/\/www.jornalja.com.br\/arquivo\/category\/geral\/","nextItem":{"@type":"ListItem","@id":"https:\/\/www.jornalja.com.br\/arquivo\/oficial-de-justica-diz-em-reuniao-com-deputados-que-desocupacao-da-lanceiros-seguira-a-lei\/#listItem","name":"Oficial de Justi\u00e7a diz em reuni\u00e3o com deputados que desocupa\u00e7\u00e3o da \u201cLanceiros\u201d seguir\u00e1 a lei"},"previousItem":{"@type":"ListItem","@id":"https:\/\/www.jornalja.com.br\/arquivo#listItem","name":"Home"}},{"@type":"ListItem","@id":"https:\/\/www.jornalja.com.br\/arquivo\/oficial-de-justica-diz-em-reuniao-com-deputados-que-desocupacao-da-lanceiros-seguira-a-lei\/#listItem","position":3,"name":"Oficial de Justi\u00e7a diz em reuni\u00e3o com deputados que desocupa\u00e7\u00e3o da \u201cLanceiros\u201d seguir\u00e1 a lei","previousItem":{"@type":"ListItem","@id":"https:\/\/www.jornalja.com.br\/arquivo\/category\/geral\/#listItem","name":"Geral"}}]},{"@type":"Organization","@id":"https:\/\/www.jornalja.com.br\/arquivo\/#organization","name":"Jornal J\u00c1","description":"Jornal J\u00c1 | Porto Alegre","url":"https:\/\/www.jornalja.com.br\/arquivo\/","telephone":"+555133307272","logo":{"@type":"ImageObject","url":"https:\/\/www.jornalja.com.br\/wp-content\/uploads\/cards\/JAslogan.png","@id":"https:\/\/www.jornalja.com.br\/arquivo\/oficial-de-justica-diz-em-reuniao-com-deputados-que-desocupacao-da-lanceiros-seguira-a-lei\/#organizationLogo"},"image":{"@id":"https:\/\/www.jornalja.com.br\/arquivo\/oficial-de-justica-diz-em-reuniao-com-deputados-que-desocupacao-da-lanceiros-seguira-a-lei\/#organizationLogo"}},{"@type":"Person","@id":"https:\/\/www.jornalja.com.br\/arquivo\/author\/daredacao\/#author","url":"https:\/\/www.jornalja.com.br\/arquivo\/author\/daredacao\/","name":"da Reda\u00e7\u00e3o","image":{"@type":"ImageObject","@id":"https:\/\/www.jornalja.com.br\/arquivo\/oficial-de-justica-diz-em-reuniao-com-deputados-que-desocupacao-da-lanceiros-seguira-a-lei\/#authorImage","url":"https:\/\/secure.gravatar.com\/avatar\/469fd857d6605ad19919d27ed29d35a968a25f6e8fd9318356bbb7f57aae9c65?s=96&d=mm&r=g","width":96,"height":96,"caption":"da Reda\u00e7\u00e3o"}},{"@type":"WebPage","@id":"https:\/\/www.jornalja.com.br\/arquivo\/oficial-de-justica-diz-em-reuniao-com-deputados-que-desocupacao-da-lanceiros-seguira-a-lei\/#webpage","url":"https:\/\/www.jornalja.com.br\/arquivo\/oficial-de-justica-diz-em-reuniao-com-deputados-que-desocupacao-da-lanceiros-seguira-a-lei\/","name":"Oficial de Justi\u00e7a diz em reuni\u00e3o com deputados que desocupa\u00e7\u00e3o da \u201cLanceiros\u201d seguir\u00e1 a lei | Arquivo","inLanguage":"pt-BR","isPartOf":{"@id":"https:\/\/www.jornalja.com.br\/arquivo\/#website"},"breadcrumb":{"@id":"https:\/\/www.jornalja.com.br\/arquivo\/oficial-de-justica-diz-em-reuniao-com-deputados-que-desocupacao-da-lanceiros-seguira-a-lei\/#breadcrumblist"},"author":{"@id":"https:\/\/www.jornalja.com.br\/arquivo\/author\/daredacao\/#author"},"creator":{"@id":"https:\/\/www.jornalja.com.br\/arquivo\/author\/daredacao\/#author"},"image":{"@type":"ImageObject","url":54079,"@id":"https:\/\/www.jornalja.com.br\/arquivo\/oficial-de-justica-diz-em-reuniao-com-deputados-que-desocupacao-da-lanceiros-seguira-a-lei\/#mainImage"},"primaryImageOfPage":{"@id":"https:\/\/www.jornalja.com.br\/arquivo\/oficial-de-justica-diz-em-reuniao-com-deputados-que-desocupacao-da-lanceiros-seguira-a-lei\/#mainImage"},"datePublished":"2017-08-23T15:42:37-03:00","dateModified":"2017-08-23T15:42:37-03:00"},{"@type":"WebSite","@id":"https:\/\/www.jornalja.com.br\/arquivo\/#website","url":"https:\/\/www.jornalja.com.br\/arquivo\/","name":"Arquivo","description":"Jornal J\u00c1 | Porto Alegre","inLanguage":"pt-BR","publisher":{"@id":"https:\/\/www.jornalja.com.br\/arquivo\/#organization"}}]},"og:locale":"pt_BR","og:site_name":"Arquivo | Jornal J\u00c1 | Porto Alegre","og:type":"article","og:title":"Oficial de Justi\u00e7a diz em reuni\u00e3o com deputados que desocupa\u00e7\u00e3o da \u201cLanceiros\u201d seguir\u00e1 a lei | Arquivo","og:url":"https:\/\/www.jornalja.com.br\/arquivo\/oficial-de-justica-diz-em-reuniao-com-deputados-que-desocupacao-da-lanceiros-seguira-a-lei\/","og:image":"https:\/\/www.jornalja.com.br\/economics\/wp-content\/uploads\/sites\/11\/2026\/08\/ja-folhaderosto-facebook.jpg","og:image:secure_url":"https:\/\/www.jornalja.com.br\/economics\/wp-content\/uploads\/sites\/11\/2026\/08\/ja-folhaderosto-facebook.jpg","article:published_time":"2017-08-23T18:42:37+00:00","article:modified_time":"2017-08-23T18:42:37+00:00","twitter:card":"summary","twitter:title":"Oficial de Justi\u00e7a diz em reuni\u00e3o com deputados que desocupa\u00e7\u00e3o da \u201cLanceiros\u201d seguir\u00e1 a lei | Arquivo","twitter:image":"https:\/\/www.jornalja.com.br\/economics\/wp-content\/uploads\/sites\/11\/2026\/08\/ja-folhaderosto-facebook.jpg"},"aioseo_meta_data":{"post_id":"54074","title":null,"description":null,"keywords":null,"keyphrases":null,"primary_term":null,"canonical_url":null,"og_title":null,"og_description":null,"og_object_type":"default","og_image_type":"default","og_image_url":null,"og_image_width":null,"og_image_height":null,"og_image_custom_url":null,"og_image_custom_fields":null,"og_video":null,"og_custom_url":null,"og_article_section":null,"og_article_tags":null,"twitter_use_og":false,"twitter_card":"default","twitter_image_type":"default","twitter_image_url":null,"twitter_image_custom_url":null,"twitter_image_custom_fields":null,"twitter_title":null,"twitter_description":null,"schema":{"blockGraphs":[],"customGraphs":[],"default":{"data":{"Article":[],"Course":[],"Dataset":[],"FAQPage":[],"Movie":[],"Person":[],"Product":[],"ProductReview":[],"Car":[],"Recipe":[],"Service":[],"SoftwareApplication":[],"WebPage":[]},"graphName":"","isEnabled":true},"graphs":[],"defaultGraph":"","defaultPostTypeGraph":""},"schema_type":null,"schema_type_options":null,"pillar_content":false,"robots_default":true,"robots_noindex":false,"robots_noarchive":false,"robots_nosnippet":false,"robots_nofollow":false,"robots_noimageindex":false,"robots_noodp":false,"robots_notranslate":false,"robots_max_snippet":null,"robots_max_videopreview":null,"robots_max_imagepreview":"large","priority":null,"frequency":null,"location":null,"local_seo":null,"breadcrumb_settings":null,"limit_modified_date":false,"ai":null,"created":"2020-12-20 20:26:02","updated":"2025-07-20 00:34:01","seo_analyzer_scan_date":null,"focus_keyword":null,"additional_keywords":null,"truseo_locale":null},"jetpack_sharing_enabled":true,"jetpack-related-posts":[{"id":13240,"url":"https:\/\/www.jornalja.com.br\/arquivo\/plano-diretor-estamos-construindo-o-caos\/","url_meta":{"origin":54074,"position":0},"title":"Plano diretor: &quot;Estamos construindo o caos&quot;","author":"Patr\u00edcia Marini","date":"26 de maio de 2014","format":false,"excerpt":"Desabafo que arquiteta Eliana Castilhos, delegada da Regi\u00e3o de Planejamento 1, postou nas redes sociais \u00e9 um testemunho do ambiente que se criou no Conselho do Plano Diretor de Porto Alegre, onde a aprova\u00e7\u00e3o de grandes empreendimentos \u00e9 empurrada guela abaixo dos conselheiros. Ao CMDUA Como delegada da Regi\u00e3o de\u2026","rel":"","context":"Em &quot;Geral&quot;","block_context":{"text":"Geral","link":"https:\/\/www.jornalja.com.br\/arquivo\/category\/geral\/"},"img":{"alt_text":"","src":"","width":0,"height":0},"classes":[]},{"id":5440,"url":"https:\/\/www.jornalja.com.br\/arquivo\/casarao-da-venancio-destino-permanece-incerto\/","url_meta":{"origin":54074,"position":1},"title":"Estado ainda n\u00e3o sabe o que fazer com casar\u00e3o abandonado h\u00e1 20 anos","author":"Elmar Bones","date":"6 de julho de 2009","format":false,"excerpt":"O casar\u00e3o amarelo, numa esquina nobre de Porto Alegre (Ven\u00e2ncio Aires com Jo\u00e3o Pessoa), j\u00e1 abrigou uma escola. H\u00e1 duas d\u00e9cadas, pelo menos, est\u00e1 abandonado, porque seu propriet\u00e1rio, o governo do Estado do Rio Grande do Sul, n\u00e3o consegue achar um destino para ele. Planos n\u00e3o faltaram. O governador Ol\u00edvio\u2026","rel":"","context":"Em &quot;X.Categorias velhas&quot;","block_context":{"text":"X.Categorias velhas","link":"https:\/\/www.jornalja.com.br\/arquivo\/category\/x-categorias-velhas\/"},"img":{"alt_text":"geraldo1","src":"https:\/\/i0.wp.com\/www.jornalja.com.br\/wp-content\/uploads\/2009\/07\/geraldo1.jpg?resize=350%2C200&ssl=1","width":350,"height":200},"classes":[]},{"id":13109,"url":"https:\/\/www.jornalja.com.br\/arquivo\/judiciario-reconhece-poluicao-eletromagnetica\/","url_meta":{"origin":54074,"position":2},"title":"Judici\u00e1rio reconhece polui\u00e7\u00e3o eletromagn\u00e9tica","author":"Patr\u00edcia Marini","date":"16 de maio de 2014","format":false,"excerpt":"A\u00e7\u00e3o de duas associa\u00e7\u00f5es de moradores foi acolhida pelo Tribunal de Justi\u00e7a de S\u00e3o Paulo que. em decis\u00e3o in\u00e9dita, determinou a redu\u00e7\u00e3o do campo eletromagn\u00e9tico gerado pelas linhas de transmiss\u00e3o de energia que cortam os bairros City Boa\u00e7ava e Alto de Pinheiros. \u00c9 a primeira vez que um tribunal do\u2026","rel":"","context":"Em &quot;X.Categorias velhas&quot;","block_context":{"text":"X.Categorias velhas","link":"https:\/\/www.jornalja.com.br\/arquivo\/category\/x-categorias-velhas\/"},"img":{"alt_text":"","src":"","width":0,"height":0},"classes":[]},{"id":13128,"url":"https:\/\/www.jornalja.com.br\/arquivo\/maconha-terra-diz-que-uso-medicinal-e-desculpa\/","url_meta":{"origin":54074,"position":3},"title":"Maconha: Terra diz que uso medicinal \u00e9 desculpa","author":"Patr\u00edcia Marini","date":"4 de junho de 2014","format":false,"excerpt":"A condi\u00e7\u00e3o de pol\u00edtico, em \u00e9poca de campanha de campanha eleitoral, tira for\u00e7a do discurso do m\u00e9dico Osmar Terra contra a legaliza\u00e7\u00e3o da maconha. A tese dele de que a libera\u00e7\u00e3o vai ampliar exponencialmente o consumo \u00e9 discutivel, o consumo \u00e9 corrente. Mas seus alertas quanto aos riscos tem que\u2026","rel":"","context":"Em &quot;X.Categorias velhas&quot;","block_context":{"text":"X.Categorias velhas","link":"https:\/\/www.jornalja.com.br\/arquivo\/category\/x-categorias-velhas\/"},"img":{"alt_text":"","src":"","width":0,"height":0},"classes":[]}],"jetpack_shortlink":"https:\/\/wp.me\/pbQjBd-e4a","jetpack_featured_media_url":"","_links":{"self":[{"href":"https:\/\/www.jornalja.com.br\/arquivo\/wp-json\/wp\/v2\/posts\/54074","targetHints":{"allow":["GET"]}}],"collection":[{"href":"https:\/\/www.jornalja.com.br\/arquivo\/wp-json\/wp\/v2\/posts"}],"about":[{"href":"https:\/\/www.jornalja.com.br\/arquivo\/wp-json\/wp\/v2\/types\/post"}],"author":[{"embeddable":true,"href":"https:\/\/www.jornalja.com.br\/arquivo\/wp-json\/wp\/v2\/users\/4"}],"replies":[{"embeddable":true,"href":"https:\/\/www.jornalja.com.br\/arquivo\/wp-json\/wp\/v2\/comments?post=54074"}],"version-history":[{"count":0,"href":"https:\/\/www.jornalja.com.br\/arquivo\/wp-json\/wp\/v2\/posts\/54074\/revisions"}],"wp:attachment":[{"href":"https:\/\/www.jornalja.com.br\/arquivo\/wp-json\/wp\/v2\/media?parent=54074"}],"wp:term":[{"taxonomy":"category","embeddable":true,"href":"https:\/\/www.jornalja.com.br\/arquivo\/wp-json\/wp\/v2\/categories?post=54074"},{"taxonomy":"post_tag","embeddable":true,"href":"https:\/\/www.jornalja.com.br\/arquivo\/wp-json\/wp\/v2\/tags?post=54074"}],"curies":[{"name":"wp","href":"https:\/\/api.w.org\/{rel}","templated":true}]}}