{"id":54081,"date":"2017-08-23T17:28:34","date_gmt":"2017-08-23T20:28:34","guid":{"rendered":"https:\/\/www.jornalja.com.br\/?p=54081"},"modified":"2017-08-23T17:28:34","modified_gmt":"2017-08-23T20:28:34","slug":"tecnicos-de-universidades-e-empresas-publicas-manifestam-apoio-as-familias-mbya-guarani-em-maquine","status":"publish","type":"post","link":"https:\/\/www.jornalja.com.br\/arquivo\/tecnicos-de-universidades-e-empresas-publicas-manifestam-apoio-as-familias-mbya-guarani-em-maquine\/","title":{"rendered":"T\u00e9cnicos de universidades e empresas p\u00fablicas manifestam apoio \u00e0s fam\u00edlias Mby\u00e1 Guarani, em Maquin\u00e9"},"content":{"rendered":"<p><span class=\"assina\">Ana Barros Pinto<\/span><br \/>\nPerto de completar sete meses da retomada das suas terras ancestrais em Maquin\u00e9, no Litoral Norte ga\u00facho, as 27 fam\u00edlias Mbya Guarani j\u00e1 plantam milho e mant\u00eam boas expectativas para permanecer no local, uma parte da \u00e1rea da extinta Fepagro. O processo de reintegra\u00e7\u00e3o de posse j\u00e1 foi suspenso por tr\u00eas vezes enquanto se tenta negociar uma composi\u00e7\u00e3o com a perman\u00eancia dos ind\u00edgenas e a continuidade da pesquisa.<br \/>\nA Associa\u00e7\u00e3o dos Servidores da Fepagro (Assep) considerava imposs\u00edvel a conviv\u00eancia da pesquisa com os Mbya na \u00e1rea e est\u00e1 debatendo essa possibilidade com seus associados. Pesquisadores antigos \u2013 a maioria dos diretores estava na cria\u00e7\u00e3o da Fepagro -, eles consideram leg\u00edtimos os movimentos sociais e n\u00e3o s\u00e3o contr\u00e1rios aos ind\u00edgenas em Maquin\u00e9, apenas se preocupam com o compartilhamento da \u00e1rea por conta de problemas anteriores em outros locais, disseram na \u00faltima reuni\u00e3o da\u00a0Comiss\u00e3o de Direitos Humanos, da Assembleia Legislativa.<br \/>\nParticiparam da reuni\u00e3o t\u00e9cnicos do Estado (Sema e SDR), professores da Ufrgs e Uergs, os caciques Andr\u00e9 Benites e Joel Pereira, pelo Conselho Estadual dos Povos Ind\u00edgenas (CEPI), Merong Santos e representantes da Raiz Movimento Cidadanista que \u00a0defenderam a possibilidade de uma gest\u00e3o compartilhada da \u00e1rea, que leve em considera\u00e7\u00e3o a manuten\u00e7\u00e3o da pesquisa cient\u00edfica associada ao conhecimento tradicional dos \u00ednd\u00edgenas.<br \/>\nEsse processo j\u00e1 iniciou em meados de julho, em reuni\u00e3o t\u00e9cnica na aldeia Mbya, quando se debateu a possibilidade de pesquisa que integre a ci\u00eancia n\u00e3o ind\u00edgena com o conhecimento tradicional ind\u00edgena. Foi ressaltado o conhecimento milenar dos Mby\u00e1 Guarani na conserva\u00e7\u00e3o e propaga\u00e7\u00e3o de sementes tradicionais. S\u00f3 de milho h\u00e1 uma infinidade de variedades. E como diz um pesquisador da Embrapa \u2013 Clima Temperado: \u201cOs guaranis s\u00e3o os guardi\u00f5es de sementes\u201d.<br \/>\n<figure id=\"attachment_54086\" aria-describedby=\"caption-attachment-54086\" style=\"width: 400px\" class=\"wp-caption alignnone\"><img loading=\"lazy\" decoding=\"async\" class=\"wp-image-54086 size-medium\" src=\"https:\/\/www.jornalja.com.br\/wp-content\/uploads\/2017\/08\/DSCN5619-2-400x266.jpg\" alt=\"\" width=\"400\" height=\"266\" \/><figcaption id=\"caption-attachment-54086\" class=\"wp-caption-text\">Foto: Ana Barros \/ J\u00c1<\/figcaption><\/figure><br \/>\nT\u00e9cnicos e pesquisadores da Ufrgs, Uergs, IFRS, Embrapa, Emater, Sema, CTI, Aepim e Anama, apoiam os ind\u00edgenas e que se prop\u00f5em, junto com os Mbya e pesquisadores da Secretaria da Agricultura, a realizar pesquisas, incentivando a gera\u00e7\u00e3o de saberes intercient\u00edficos. O grupo avalia que uma pesquisa assim inovadora possui grandes chances de obter apoios financeiros de institutos nacionais e internacionais.<br \/>\n&#8220;A Ufrgs realiza projetos de ensino, pesquisa e de extens\u00e3o com a participa\u00e7\u00e3o ind\u00edgena&#8221;, disse o professor de Antropologia Jos\u00e9 Otavio Catafesto.<br \/>\nNo Litoral Norte, professores e pesquisadores t\u00eam trabalhado com diversas comunidades Mby\u00e1-Guarani.<br \/>\n\u201cO vale do Rio Maquin\u00e9 \u00e9 uma \u00e1rea de atua\u00e7\u00e3o por d\u00e9cadas no desenvolvimento de projetos de pesquisa e de experimenta\u00e7\u00e3o na produ\u00e7\u00e3o de alternativas de insumos necess\u00e1rios ao sustento destas comunidades origin\u00e1rias\u201d.<br \/>\nEspecificamente na \u00e1rea da antiga Fepagro, pesquisadores e alunos t\u00eam realizado pesquisas e interven\u00e7\u00e3o com a participa\u00e7\u00e3o dos Mby\u00e1-Guarani nos \u00faltimos anos.<br \/>\nO cacique Andr\u00e9 Benites conhece a \u00e1rea como a palma da m\u00e3o e participou de v\u00e1rias projetos com a equipe da Fepagro e Ufrgs. Mas prefere falar da alegria que a comunidade experimenta ao viver na terra ancestral.<br \/>\n&#8220;Ali tem \u00e1gua limpa, p\u00e1ssaros, plantas medicinais, argila para fazer as casas tradicionais. Tudo o que \u00e9 necess\u00e1rio para o Mbya viver de acordo com a sua cultura. Por isso \u00e9 a retomada guiada por Nhander\u00fa (Deus)&#8221;, disse<br \/>\n<figure id=\"attachment_54085\" aria-describedby=\"caption-attachment-54085\" style=\"width: 400px\" class=\"wp-caption alignnone\"><img loading=\"lazy\" decoding=\"async\" class=\"wp-image-54085 size-medium\" src=\"https:\/\/www.jornalja.com.br\/wp-content\/uploads\/2017\/08\/IMG-20170821-WA0016-400x300.jpg\" alt=\"\" width=\"400\" height=\"300\" \/><figcaption id=\"caption-attachment-54085\" class=\"wp-caption-text\">Foto: Ana Barros \/ J\u00c1<\/figcaption><\/figure><br \/>\nMerong Santos complementou: \u201cEstamos do mesmo lado, queremos que a pesquisa continue e que o povo Guarani mantenha as sementes sagradas\u201d.<br \/>\nAo final, a diretoria da Associa\u00e7\u00e3o dos Servidores da Fepagro informou que debater\u00e1 com os associados a proposta de composi\u00e7\u00e3o, em reuni\u00e3o no dia 23 de agosto, e anunciar\u00e1 a posi\u00e7\u00e3o dos t\u00e9cnicos.<br \/>\n<span class=\"intertit\">Reintegra\u00e7\u00e3o de posse suspensa<\/span><br \/>\nRepresentante da Procuradoria Geral do Estado (PGE) no Conselho Estadual dos Povos Ind\u00edgenas (CEPI), o procurador S\u00edlvio Jardim lembrou aos servidores da ex-Fepagro o quanto todos ali presentes lutaram contra a extin\u00e7\u00e3o das funda\u00e7\u00f5es no Estado. Os deputados Jeferson Fernandes (PT) e Pedro Ruas (PSol) tamb\u00e9m manifestaram essa posi\u00e7\u00e3o e defenderam a solu\u00e7\u00e3o combinada com a presen\u00e7a ind\u00edgena no local.<br \/>\nJardim informou ainda que o processo de reintegra\u00e7\u00e3o de posse vem sendo suspenso justamente para se buscar essa composi\u00e7\u00e3o. Foram feitos tr\u00eas pedidos de suspens\u00e3o do processo de reintegra\u00e7\u00e3o de posse. O \u00faltimo, com o prazo de 10 dias \u00fateis, deve expirar no final do m\u00eas.<br \/>\nEnquanto isso, o secret\u00e1rio da Agricultura, Ernani Polo, tem recebido relat\u00f3rios e cartas dos apoiadores sustentando a import\u00e2ncia de conciliar a pesquisa com a presen\u00e7a Mby\u00e1 na \u00e1rea. O Comit\u00ea Estadual da Reserva da Biosfera Mata Atl\u00e2ntica reconhece tamb\u00e9m a pertin\u00eancia do uso e manejo dos ind\u00edgenas para a conserva\u00e7\u00e3o da mata, &#8220;como um novo paradigma s\u00f3cio ambiental&#8217;.<br \/>\nNa reuni\u00e3o da Comiss\u00e3o que participou, na semana passada, Polo disse que o objetivo da Secretaria \u00e9 preservar a pesquisa. Mas que vai conversar os servidores da extinta Fepagro e da Funai para buscar construir um caminho. E deixou uma porta aberta para negocia\u00e7\u00e3o: \u201cse h\u00e1 como compatibilizar, meu esfor\u00e7o ser\u00e1 nessa dire\u00e7\u00e3o\u201d.<\/p>\n","protected":false},"excerpt":{"rendered":"<p>Ana Barros Pinto Perto de completar sete meses da retomada das suas terras ancestrais em Maquin\u00e9, no Litoral Norte ga\u00facho, as 27 fam\u00edlias Mbya Guarani j\u00e1 plantam milho e mant\u00eam boas expectativas para permanecer no local, uma parte da \u00e1rea da extinta Fepagro. O processo de reintegra\u00e7\u00e3o de posse j\u00e1 foi suspenso por tr\u00eas vezes [&hellip;]<\/p>\n","protected":false},"author":4,"featured_media":54119,"comment_status":"open","ping_status":"closed","sticky":false,"template":"","format":"standard","meta":{"_jetpack_newsletter_access":"","_jetpack_dont_email_post_to_subs":false,"_jetpack_newsletter_tier_id":0,"_jetpack_memberships_contains_paywalled_content":false,"_jetpack_feature_clip_id":0,"_jetpack_memberships_contains_paid_content":false,"footnotes":"","jetpack_post_was_ever_published":false},"categories":[26],"tags":[],"class_list":["post-54081","post","type-post","status-publish","format-standard","has-post-thumbnail","hentry","category-geral"],"aioseo_notices":[],"aioseo_head":"\n\t\t<!-- All in One SEO 5.0.1.1 - aioseo.com -->\n\t<meta name=\"robots\" content=\"max-image-preview:large\" \/>\n\t<meta name=\"author\" content=\"da Reda\u00e7\u00e3o\"\/>\n\t<link rel=\"canonical\" href=\"https:\/\/www.jornalja.com.br\/arquivo\/tecnicos-de-universidades-e-empresas-publicas-manifestam-apoio-as-familias-mbya-guarani-em-maquine\/\" \/>\n\t<meta name=\"generator\" content=\"All in One SEO (AIOSEO) 5.0.1.1\" \/>\n\t\t<meta property=\"og:locale\" content=\"pt_BR\" \/>\n\t\t<meta property=\"og:site_name\" content=\"Arquivo | Jornal J\u00c1 | Porto Alegre\" \/>\n\t\t<meta property=\"og:type\" content=\"article\" \/>\n\t\t<meta property=\"og:title\" content=\"T\u00e9cnicos de universidades e empresas p\u00fablicas manifestam apoio \u00e0s fam\u00edlias Mby\u00e1 Guarani, em Maquin\u00e9 | Arquivo\" \/>\n\t\t<meta property=\"og:url\" content=\"https:\/\/www.jornalja.com.br\/arquivo\/tecnicos-de-universidades-e-empresas-publicas-manifestam-apoio-as-familias-mbya-guarani-em-maquine\/\" \/>\n\t\t<meta property=\"og:image\" content=\"https:\/\/www.jornalja.com.br\/wp-content\/uploads\/2017\/08\/DSCN5619-2-400x266.jpg\" \/>\n\t\t<meta property=\"og:image:secure_url\" content=\"https:\/\/www.jornalja.com.br\/wp-content\/uploads\/2017\/08\/DSCN5619-2-400x266.jpg\" \/>\n\t\t<meta property=\"article:published_time\" content=\"2017-08-23T20:28:34+00:00\" \/>\n\t\t<meta property=\"article:modified_time\" content=\"2017-08-23T20:28:34+00:00\" \/>\n\t\t<meta name=\"twitter:card\" content=\"summary\" \/>\n\t\t<meta name=\"twitter:title\" content=\"T\u00e9cnicos de universidades e empresas p\u00fablicas manifestam apoio \u00e0s fam\u00edlias Mby\u00e1 Guarani, em Maquin\u00e9 | Arquivo\" \/>\n\t\t<meta name=\"twitter:image\" content=\"https:\/\/www.jornalja.com.br\/economics\/wp-content\/uploads\/sites\/11\/2026\/08\/ja-folhaderosto-facebook.jpg\" \/>\n\t\t<script type=\"application\/ld+json\" class=\"aioseo-schema\">\n\t\t\t{\"@context\":\"https:\\\/\\\/schema.org\",\"@graph\":[{\"@type\":\"BlogPosting\",\"@id\":\"https:\\\/\\\/www.jornalja.com.br\\\/arquivo\\\/tecnicos-de-universidades-e-empresas-publicas-manifestam-apoio-as-familias-mbya-guarani-em-maquine\\\/#blogposting\",\"name\":\"T\\u00e9cnicos de universidades e empresas p\\u00fablicas manifestam apoio \\u00e0s fam\\u00edlias Mby\\u00e1 Guarani, em Maquin\\u00e9 | Arquivo\",\"headline\":\"T\\u00e9cnicos de universidades e empresas p\\u00fablicas manifestam apoio \\u00e0s fam\\u00edlias Mby\\u00e1 Guarani, em Maquin\\u00e9\",\"author\":{\"@id\":\"https:\\\/\\\/www.jornalja.com.br\\\/arquivo\\\/author\\\/daredacao\\\/#author\"},\"publisher\":{\"@id\":\"https:\\\/\\\/www.jornalja.com.br\\\/arquivo\\\/#organization\"},\"image\":{\"@type\":\"ImageObject\",\"url\":54119},\"datePublished\":\"2017-08-23T17:28:34-03:00\",\"dateModified\":\"2017-08-23T17:28:34-03:00\",\"inLanguage\":\"pt-BR\",\"mainEntityOfPage\":{\"@id\":\"https:\\\/\\\/www.jornalja.com.br\\\/arquivo\\\/tecnicos-de-universidades-e-empresas-publicas-manifestam-apoio-as-familias-mbya-guarani-em-maquine\\\/#webpage\"},\"isPartOf\":{\"@id\":\"https:\\\/\\\/www.jornalja.com.br\\\/arquivo\\\/tecnicos-de-universidades-e-empresas-publicas-manifestam-apoio-as-familias-mbya-guarani-em-maquine\\\/#webpage\"},\"articleSection\":\"Geral\"},{\"@type\":\"BreadcrumbList\",\"@id\":\"https:\\\/\\\/www.jornalja.com.br\\\/arquivo\\\/tecnicos-de-universidades-e-empresas-publicas-manifestam-apoio-as-familias-mbya-guarani-em-maquine\\\/#breadcrumblist\",\"itemListElement\":[{\"@type\":\"ListItem\",\"@id\":\"https:\\\/\\\/www.jornalja.com.br\\\/arquivo#listItem\",\"position\":1,\"name\":\"Home\",\"item\":\"https:\\\/\\\/www.jornalja.com.br\\\/arquivo\",\"nextItem\":{\"@type\":\"ListItem\",\"@id\":\"https:\\\/\\\/www.jornalja.com.br\\\/arquivo\\\/category\\\/geral\\\/#listItem\",\"name\":\"Geral\"}},{\"@type\":\"ListItem\",\"@id\":\"https:\\\/\\\/www.jornalja.com.br\\\/arquivo\\\/category\\\/geral\\\/#listItem\",\"position\":2,\"name\":\"Geral\",\"item\":\"https:\\\/\\\/www.jornalja.com.br\\\/arquivo\\\/category\\\/geral\\\/\",\"nextItem\":{\"@type\":\"ListItem\",\"@id\":\"https:\\\/\\\/www.jornalja.com.br\\\/arquivo\\\/tecnicos-de-universidades-e-empresas-publicas-manifestam-apoio-as-familias-mbya-guarani-em-maquine\\\/#listItem\",\"name\":\"T\\u00e9cnicos de universidades e empresas p\\u00fablicas manifestam apoio \\u00e0s fam\\u00edlias Mby\\u00e1 Guarani, em Maquin\\u00e9\"},\"previousItem\":{\"@type\":\"ListItem\",\"@id\":\"https:\\\/\\\/www.jornalja.com.br\\\/arquivo#listItem\",\"name\":\"Home\"}},{\"@type\":\"ListItem\",\"@id\":\"https:\\\/\\\/www.jornalja.com.br\\\/arquivo\\\/tecnicos-de-universidades-e-empresas-publicas-manifestam-apoio-as-familias-mbya-guarani-em-maquine\\\/#listItem\",\"position\":3,\"name\":\"T\\u00e9cnicos de universidades e empresas p\\u00fablicas manifestam apoio \\u00e0s fam\\u00edlias Mby\\u00e1 Guarani, em Maquin\\u00e9\",\"previousItem\":{\"@type\":\"ListItem\",\"@id\":\"https:\\\/\\\/www.jornalja.com.br\\\/arquivo\\\/category\\\/geral\\\/#listItem\",\"name\":\"Geral\"}}]},{\"@type\":\"Organization\",\"@id\":\"https:\\\/\\\/www.jornalja.com.br\\\/arquivo\\\/#organization\",\"name\":\"Jornal J\\u00c1\",\"description\":\"Jornal J\\u00c1 | Porto Alegre\",\"url\":\"https:\\\/\\\/www.jornalja.com.br\\\/arquivo\\\/\",\"telephone\":\"+555133307272\",\"logo\":{\"@type\":\"ImageObject\",\"url\":\"https:\\\/\\\/www.jornalja.com.br\\\/wp-content\\\/uploads\\\/cards\\\/JAslogan.png\",\"@id\":\"https:\\\/\\\/www.jornalja.com.br\\\/arquivo\\\/tecnicos-de-universidades-e-empresas-publicas-manifestam-apoio-as-familias-mbya-guarani-em-maquine\\\/#organizationLogo\"},\"image\":{\"@id\":\"https:\\\/\\\/www.jornalja.com.br\\\/arquivo\\\/tecnicos-de-universidades-e-empresas-publicas-manifestam-apoio-as-familias-mbya-guarani-em-maquine\\\/#organizationLogo\"}},{\"@type\":\"Person\",\"@id\":\"https:\\\/\\\/www.jornalja.com.br\\\/arquivo\\\/author\\\/daredacao\\\/#author\",\"url\":\"https:\\\/\\\/www.jornalja.com.br\\\/arquivo\\\/author\\\/daredacao\\\/\",\"name\":\"da Reda\\u00e7\\u00e3o\",\"image\":{\"@type\":\"ImageObject\",\"@id\":\"https:\\\/\\\/www.jornalja.com.br\\\/arquivo\\\/tecnicos-de-universidades-e-empresas-publicas-manifestam-apoio-as-familias-mbya-guarani-em-maquine\\\/#authorImage\",\"url\":\"https:\\\/\\\/secure.gravatar.com\\\/avatar\\\/469fd857d6605ad19919d27ed29d35a968a25f6e8fd9318356bbb7f57aae9c65?s=96&d=mm&r=g\",\"width\":96,\"height\":96,\"caption\":\"da Reda\\u00e7\\u00e3o\"}},{\"@type\":\"WebPage\",\"@id\":\"https:\\\/\\\/www.jornalja.com.br\\\/arquivo\\\/tecnicos-de-universidades-e-empresas-publicas-manifestam-apoio-as-familias-mbya-guarani-em-maquine\\\/#webpage\",\"url\":\"https:\\\/\\\/www.jornalja.com.br\\\/arquivo\\\/tecnicos-de-universidades-e-empresas-publicas-manifestam-apoio-as-familias-mbya-guarani-em-maquine\\\/\",\"name\":\"T\\u00e9cnicos de universidades e empresas p\\u00fablicas manifestam apoio \\u00e0s fam\\u00edlias Mby\\u00e1 Guarani, em Maquin\\u00e9 | Arquivo\",\"inLanguage\":\"pt-BR\",\"isPartOf\":{\"@id\":\"https:\\\/\\\/www.jornalja.com.br\\\/arquivo\\\/#website\"},\"breadcrumb\":{\"@id\":\"https:\\\/\\\/www.jornalja.com.br\\\/arquivo\\\/tecnicos-de-universidades-e-empresas-publicas-manifestam-apoio-as-familias-mbya-guarani-em-maquine\\\/#breadcrumblist\"},\"author\":{\"@id\":\"https:\\\/\\\/www.jornalja.com.br\\\/arquivo\\\/author\\\/daredacao\\\/#author\"},\"creator\":{\"@id\":\"https:\\\/\\\/www.jornalja.com.br\\\/arquivo\\\/author\\\/daredacao\\\/#author\"},\"image\":{\"@type\":\"ImageObject\",\"url\":54119,\"@id\":\"https:\\\/\\\/www.jornalja.com.br\\\/arquivo\\\/tecnicos-de-universidades-e-empresas-publicas-manifestam-apoio-as-familias-mbya-guarani-em-maquine\\\/#mainImage\"},\"primaryImageOfPage\":{\"@id\":\"https:\\\/\\\/www.jornalja.com.br\\\/arquivo\\\/tecnicos-de-universidades-e-empresas-publicas-manifestam-apoio-as-familias-mbya-guarani-em-maquine\\\/#mainImage\"},\"datePublished\":\"2017-08-23T17:28:34-03:00\",\"dateModified\":\"2017-08-23T17:28:34-03:00\"},{\"@type\":\"WebSite\",\"@id\":\"https:\\\/\\\/www.jornalja.com.br\\\/arquivo\\\/#website\",\"url\":\"https:\\\/\\\/www.jornalja.com.br\\\/arquivo\\\/\",\"name\":\"Arquivo\",\"description\":\"Jornal J\\u00c1 | Porto Alegre\",\"inLanguage\":\"pt-BR\",\"publisher\":{\"@id\":\"https:\\\/\\\/www.jornalja.com.br\\\/arquivo\\\/#organization\"}}]}\n\t\t<\/script>\n\t\t<!-- All in One SEO -->\n\n","aioseo_head_json":{"title":"T\u00e9cnicos de universidades e empresas p\u00fablicas manifestam apoio \u00e0s fam\u00edlias Mby\u00e1 Guarani, em Maquin\u00e9 | Arquivo","description":"","canonical_url":"https:\/\/www.jornalja.com.br\/arquivo\/tecnicos-de-universidades-e-empresas-publicas-manifestam-apoio-as-familias-mbya-guarani-em-maquine\/","robots":"max-image-preview:large","keywords":"","webmasterTools":{"miscellaneous":""},"schema":{"@context":"https:\/\/schema.org","@graph":[{"@type":"BlogPosting","@id":"https:\/\/www.jornalja.com.br\/arquivo\/tecnicos-de-universidades-e-empresas-publicas-manifestam-apoio-as-familias-mbya-guarani-em-maquine\/#blogposting","name":"T\u00e9cnicos de universidades e empresas p\u00fablicas manifestam apoio \u00e0s fam\u00edlias Mby\u00e1 Guarani, em Maquin\u00e9 | Arquivo","headline":"T\u00e9cnicos de universidades e empresas p\u00fablicas manifestam apoio \u00e0s fam\u00edlias Mby\u00e1 Guarani, em Maquin\u00e9","author":{"@id":"https:\/\/www.jornalja.com.br\/arquivo\/author\/daredacao\/#author"},"publisher":{"@id":"https:\/\/www.jornalja.com.br\/arquivo\/#organization"},"image":{"@type":"ImageObject","url":54119},"datePublished":"2017-08-23T17:28:34-03:00","dateModified":"2017-08-23T17:28:34-03:00","inLanguage":"pt-BR","mainEntityOfPage":{"@id":"https:\/\/www.jornalja.com.br\/arquivo\/tecnicos-de-universidades-e-empresas-publicas-manifestam-apoio-as-familias-mbya-guarani-em-maquine\/#webpage"},"isPartOf":{"@id":"https:\/\/www.jornalja.com.br\/arquivo\/tecnicos-de-universidades-e-empresas-publicas-manifestam-apoio-as-familias-mbya-guarani-em-maquine\/#webpage"},"articleSection":"Geral"},{"@type":"BreadcrumbList","@id":"https:\/\/www.jornalja.com.br\/arquivo\/tecnicos-de-universidades-e-empresas-publicas-manifestam-apoio-as-familias-mbya-guarani-em-maquine\/#breadcrumblist","itemListElement":[{"@type":"ListItem","@id":"https:\/\/www.jornalja.com.br\/arquivo#listItem","position":1,"name":"Home","item":"https:\/\/www.jornalja.com.br\/arquivo","nextItem":{"@type":"ListItem","@id":"https:\/\/www.jornalja.com.br\/arquivo\/category\/geral\/#listItem","name":"Geral"}},{"@type":"ListItem","@id":"https:\/\/www.jornalja.com.br\/arquivo\/category\/geral\/#listItem","position":2,"name":"Geral","item":"https:\/\/www.jornalja.com.br\/arquivo\/category\/geral\/","nextItem":{"@type":"ListItem","@id":"https:\/\/www.jornalja.com.br\/arquivo\/tecnicos-de-universidades-e-empresas-publicas-manifestam-apoio-as-familias-mbya-guarani-em-maquine\/#listItem","name":"T\u00e9cnicos de universidades e empresas p\u00fablicas manifestam apoio \u00e0s fam\u00edlias Mby\u00e1 Guarani, em Maquin\u00e9"},"previousItem":{"@type":"ListItem","@id":"https:\/\/www.jornalja.com.br\/arquivo#listItem","name":"Home"}},{"@type":"ListItem","@id":"https:\/\/www.jornalja.com.br\/arquivo\/tecnicos-de-universidades-e-empresas-publicas-manifestam-apoio-as-familias-mbya-guarani-em-maquine\/#listItem","position":3,"name":"T\u00e9cnicos de universidades e empresas p\u00fablicas manifestam apoio \u00e0s fam\u00edlias Mby\u00e1 Guarani, em Maquin\u00e9","previousItem":{"@type":"ListItem","@id":"https:\/\/www.jornalja.com.br\/arquivo\/category\/geral\/#listItem","name":"Geral"}}]},{"@type":"Organization","@id":"https:\/\/www.jornalja.com.br\/arquivo\/#organization","name":"Jornal J\u00c1","description":"Jornal J\u00c1 | Porto Alegre","url":"https:\/\/www.jornalja.com.br\/arquivo\/","telephone":"+555133307272","logo":{"@type":"ImageObject","url":"https:\/\/www.jornalja.com.br\/wp-content\/uploads\/cards\/JAslogan.png","@id":"https:\/\/www.jornalja.com.br\/arquivo\/tecnicos-de-universidades-e-empresas-publicas-manifestam-apoio-as-familias-mbya-guarani-em-maquine\/#organizationLogo"},"image":{"@id":"https:\/\/www.jornalja.com.br\/arquivo\/tecnicos-de-universidades-e-empresas-publicas-manifestam-apoio-as-familias-mbya-guarani-em-maquine\/#organizationLogo"}},{"@type":"Person","@id":"https:\/\/www.jornalja.com.br\/arquivo\/author\/daredacao\/#author","url":"https:\/\/www.jornalja.com.br\/arquivo\/author\/daredacao\/","name":"da Reda\u00e7\u00e3o","image":{"@type":"ImageObject","@id":"https:\/\/www.jornalja.com.br\/arquivo\/tecnicos-de-universidades-e-empresas-publicas-manifestam-apoio-as-familias-mbya-guarani-em-maquine\/#authorImage","url":"https:\/\/secure.gravatar.com\/avatar\/469fd857d6605ad19919d27ed29d35a968a25f6e8fd9318356bbb7f57aae9c65?s=96&d=mm&r=g","width":96,"height":96,"caption":"da Reda\u00e7\u00e3o"}},{"@type":"WebPage","@id":"https:\/\/www.jornalja.com.br\/arquivo\/tecnicos-de-universidades-e-empresas-publicas-manifestam-apoio-as-familias-mbya-guarani-em-maquine\/#webpage","url":"https:\/\/www.jornalja.com.br\/arquivo\/tecnicos-de-universidades-e-empresas-publicas-manifestam-apoio-as-familias-mbya-guarani-em-maquine\/","name":"T\u00e9cnicos de universidades e empresas p\u00fablicas manifestam apoio \u00e0s fam\u00edlias Mby\u00e1 Guarani, em Maquin\u00e9 | Arquivo","inLanguage":"pt-BR","isPartOf":{"@id":"https:\/\/www.jornalja.com.br\/arquivo\/#website"},"breadcrumb":{"@id":"https:\/\/www.jornalja.com.br\/arquivo\/tecnicos-de-universidades-e-empresas-publicas-manifestam-apoio-as-familias-mbya-guarani-em-maquine\/#breadcrumblist"},"author":{"@id":"https:\/\/www.jornalja.com.br\/arquivo\/author\/daredacao\/#author"},"creator":{"@id":"https:\/\/www.jornalja.com.br\/arquivo\/author\/daredacao\/#author"},"image":{"@type":"ImageObject","url":54119,"@id":"https:\/\/www.jornalja.com.br\/arquivo\/tecnicos-de-universidades-e-empresas-publicas-manifestam-apoio-as-familias-mbya-guarani-em-maquine\/#mainImage"},"primaryImageOfPage":{"@id":"https:\/\/www.jornalja.com.br\/arquivo\/tecnicos-de-universidades-e-empresas-publicas-manifestam-apoio-as-familias-mbya-guarani-em-maquine\/#mainImage"},"datePublished":"2017-08-23T17:28:34-03:00","dateModified":"2017-08-23T17:28:34-03:00"},{"@type":"WebSite","@id":"https:\/\/www.jornalja.com.br\/arquivo\/#website","url":"https:\/\/www.jornalja.com.br\/arquivo\/","name":"Arquivo","description":"Jornal J\u00c1 | Porto Alegre","inLanguage":"pt-BR","publisher":{"@id":"https:\/\/www.jornalja.com.br\/arquivo\/#organization"}}]},"og:locale":"pt_BR","og:site_name":"Arquivo | Jornal J\u00c1 | Porto Alegre","og:type":"article","og:title":"T\u00e9cnicos de universidades e empresas p\u00fablicas manifestam apoio \u00e0s fam\u00edlias Mby\u00e1 Guarani, em Maquin\u00e9 | Arquivo","og:url":"https:\/\/www.jornalja.com.br\/arquivo\/tecnicos-de-universidades-e-empresas-publicas-manifestam-apoio-as-familias-mbya-guarani-em-maquine\/","og:image":"https:\/\/www.jornalja.com.br\/wp-content\/uploads\/2017\/08\/DSCN5619-2-400x266.jpg","og:image:secure_url":"https:\/\/www.jornalja.com.br\/wp-content\/uploads\/2017\/08\/DSCN5619-2-400x266.jpg","article:published_time":"2017-08-23T20:28:34+00:00","article:modified_time":"2017-08-23T20:28:34+00:00","twitter:card":"summary","twitter:title":"T\u00e9cnicos de universidades e empresas p\u00fablicas manifestam apoio \u00e0s fam\u00edlias Mby\u00e1 Guarani, em Maquin\u00e9 | Arquivo","twitter:image":"https:\/\/www.jornalja.com.br\/economics\/wp-content\/uploads\/sites\/11\/2026\/08\/ja-folhaderosto-facebook.jpg"},"aioseo_meta_data":{"post_id":"54081","title":null,"description":null,"keywords":null,"keyphrases":null,"primary_term":null,"canonical_url":null,"og_title":null,"og_description":null,"og_object_type":"default","og_image_type":"default","og_image_url":null,"og_image_width":null,"og_image_height":null,"og_image_custom_url":null,"og_image_custom_fields":null,"og_video":null,"og_custom_url":null,"og_article_section":null,"og_article_tags":null,"twitter_use_og":false,"twitter_card":"default","twitter_image_type":"default","twitter_image_url":null,"twitter_image_custom_url":null,"twitter_image_custom_fields":null,"twitter_title":null,"twitter_description":null,"schema":{"blockGraphs":[],"customGraphs":[],"default":{"data":{"Article":[],"Course":[],"Dataset":[],"FAQPage":[],"Movie":[],"Person":[],"Product":[],"ProductReview":[],"Car":[],"Recipe":[],"Service":[],"SoftwareApplication":[],"WebPage":[]},"graphName":"","isEnabled":true},"graphs":[],"defaultGraph":"","defaultPostTypeGraph":""},"schema_type":null,"schema_type_options":null,"pillar_content":false,"robots_default":true,"robots_noindex":false,"robots_noarchive":false,"robots_nosnippet":false,"robots_nofollow":false,"robots_noimageindex":false,"robots_noodp":false,"robots_notranslate":false,"robots_max_snippet":null,"robots_max_videopreview":null,"robots_max_imagepreview":"large","priority":null,"frequency":null,"location":null,"local_seo":null,"breadcrumb_settings":null,"limit_modified_date":false,"ai":null,"created":"2020-12-20 20:26:02","updated":"2025-07-20 00:34:01","seo_analyzer_scan_date":null,"focus_keyword":null,"additional_keywords":null,"truseo_locale":null},"jetpack_sharing_enabled":true,"jetpack-related-posts":[{"id":12960,"url":"https:\/\/www.jornalja.com.br\/arquivo\/populacao-culpa-empresas-pela-greve-dos-rodoviarios\/","url_meta":{"origin":54081,"position":0},"title":"Popula\u00e7\u00e3o culpa empresas pela greve","author":"Patr\u00edcia Marini","date":"14 de fevereiro de 2014","format":false,"excerpt":"Pesquisa divulgada na edi\u00e7\u00e3o do jornal Metro desta sexta-feira,14, comprova o velho ditado: \u00e9 poss\u00edvel enganar muitos por algum tempo, mas n\u00e3o \u00e9 poss\u00edvel enganar a todos o tempo inteiro. A principal revela\u00e7\u00e3o foi que 59,8% dos entrevistados apontaram as empresas como as principais respons\u00e1veis pela grave e 46% culparam\u2026","rel":"","context":"Em &quot;X.Categorias velhas&quot;","block_context":{"text":"X.Categorias velhas","link":"https:\/\/www.jornalja.com.br\/arquivo\/category\/x-categorias-velhas\/"},"img":{"alt_text":"","src":"","width":0,"height":0},"classes":[]},{"id":13109,"url":"https:\/\/www.jornalja.com.br\/arquivo\/judiciario-reconhece-poluicao-eletromagnetica\/","url_meta":{"origin":54081,"position":1},"title":"Judici\u00e1rio reconhece polui\u00e7\u00e3o eletromagn\u00e9tica","author":"Patr\u00edcia Marini","date":"16 de maio de 2014","format":false,"excerpt":"A\u00e7\u00e3o de duas associa\u00e7\u00f5es de moradores foi acolhida pelo Tribunal de Justi\u00e7a de S\u00e3o Paulo que. em decis\u00e3o in\u00e9dita, determinou a redu\u00e7\u00e3o do campo eletromagn\u00e9tico gerado pelas linhas de transmiss\u00e3o de energia que cortam os bairros City Boa\u00e7ava e Alto de Pinheiros. \u00c9 a primeira vez que um tribunal do\u2026","rel":"","context":"Em &quot;X.Categorias velhas&quot;","block_context":{"text":"X.Categorias velhas","link":"https:\/\/www.jornalja.com.br\/arquivo\/category\/x-categorias-velhas\/"},"img":{"alt_text":"","src":"","width":0,"height":0},"classes":[]},{"id":13128,"url":"https:\/\/www.jornalja.com.br\/arquivo\/maconha-terra-diz-que-uso-medicinal-e-desculpa\/","url_meta":{"origin":54081,"position":2},"title":"Maconha: Terra diz que uso medicinal \u00e9 desculpa","author":"Patr\u00edcia Marini","date":"4 de junho de 2014","format":false,"excerpt":"A condi\u00e7\u00e3o de pol\u00edtico, em \u00e9poca de campanha de campanha eleitoral, tira for\u00e7a do discurso do m\u00e9dico Osmar Terra contra a legaliza\u00e7\u00e3o da maconha. A tese dele de que a libera\u00e7\u00e3o vai ampliar exponencialmente o consumo \u00e9 discutivel, o consumo \u00e9 corrente. Mas seus alertas quanto aos riscos tem que\u2026","rel":"","context":"Em &quot;X.Categorias velhas&quot;","block_context":{"text":"X.Categorias velhas","link":"https:\/\/www.jornalja.com.br\/arquivo\/category\/x-categorias-velhas\/"},"img":{"alt_text":"","src":"","width":0,"height":0},"classes":[]},{"id":5440,"url":"https:\/\/www.jornalja.com.br\/arquivo\/casarao-da-venancio-destino-permanece-incerto\/","url_meta":{"origin":54081,"position":3},"title":"Estado ainda n\u00e3o sabe o que fazer com casar\u00e3o abandonado h\u00e1 20 anos","author":"Elmar Bones","date":"6 de julho de 2009","format":false,"excerpt":"O casar\u00e3o amarelo, numa esquina nobre de Porto Alegre (Ven\u00e2ncio Aires com Jo\u00e3o Pessoa), j\u00e1 abrigou uma escola. H\u00e1 duas d\u00e9cadas, pelo menos, est\u00e1 abandonado, porque seu propriet\u00e1rio, o governo do Estado do Rio Grande do Sul, n\u00e3o consegue achar um destino para ele. Planos n\u00e3o faltaram. O governador Ol\u00edvio\u2026","rel":"","context":"Em &quot;X.Categorias velhas&quot;","block_context":{"text":"X.Categorias velhas","link":"https:\/\/www.jornalja.com.br\/arquivo\/category\/x-categorias-velhas\/"},"img":{"alt_text":"geraldo1","src":"https:\/\/i0.wp.com\/www.jornalja.com.br\/wp-content\/uploads\/2009\/07\/geraldo1.jpg?resize=350%2C200&ssl=1","width":350,"height":200},"classes":[]},{"id":13124,"url":"https:\/\/www.jornalja.com.br\/arquivo\/sangue-latino-no-iecine\/","url_meta":{"origin":54081,"position":4},"title":"Sangue latino no IECINE","author":"da Reda\u00e7\u00e3o","date":"18 de maio de 2014","format":false,"excerpt":"Francisco Ribeiro O Instituto Estadual de Cinema (IECINE) tem a frente, desde abril \u00faltimo, um novo diretor, o cineasta colombiano Juan Zapata, 36, que substitui Luiz Alberto Cassol. Radicado h\u00e1 dez anos em Porto Alegre, Zapata tem diante de si o desafio de conduzir at\u00e9 o final do ano um\u2026","rel":"","context":"Em &quot;Cultura-Geral&quot;","block_context":{"text":"Cultura-Geral","link":"https:\/\/www.jornalja.com.br\/arquivo\/category\/materiasecundaria\/"},"img":{"alt_text":"","src":"","width":0,"height":0},"classes":[]},{"id":13240,"url":"https:\/\/www.jornalja.com.br\/arquivo\/plano-diretor-estamos-construindo-o-caos\/","url_meta":{"origin":54081,"position":5},"title":"Plano diretor: &quot;Estamos construindo o caos&quot;","author":"Patr\u00edcia Marini","date":"26 de maio de 2014","format":false,"excerpt":"Desabafo que arquiteta Eliana Castilhos, delegada da Regi\u00e3o de Planejamento 1, postou nas redes sociais \u00e9 um testemunho do ambiente que se criou no Conselho do Plano Diretor de Porto Alegre, onde a aprova\u00e7\u00e3o de grandes empreendimentos \u00e9 empurrada guela abaixo dos conselheiros. Ao CMDUA Como delegada da Regi\u00e3o de\u2026","rel":"","context":"Em &quot;Geral&quot;","block_context":{"text":"Geral","link":"https:\/\/www.jornalja.com.br\/arquivo\/category\/geral\/"},"img":{"alt_text":"","src":"","width":0,"height":0},"classes":[]}],"jetpack_shortlink":"https:\/\/wp.me\/pbQjBd-e4h","jetpack_featured_media_url":"","_links":{"self":[{"href":"https:\/\/www.jornalja.com.br\/arquivo\/wp-json\/wp\/v2\/posts\/54081","targetHints":{"allow":["GET"]}}],"collection":[{"href":"https:\/\/www.jornalja.com.br\/arquivo\/wp-json\/wp\/v2\/posts"}],"about":[{"href":"https:\/\/www.jornalja.com.br\/arquivo\/wp-json\/wp\/v2\/types\/post"}],"author":[{"embeddable":true,"href":"https:\/\/www.jornalja.com.br\/arquivo\/wp-json\/wp\/v2\/users\/4"}],"replies":[{"embeddable":true,"href":"https:\/\/www.jornalja.com.br\/arquivo\/wp-json\/wp\/v2\/comments?post=54081"}],"version-history":[{"count":0,"href":"https:\/\/www.jornalja.com.br\/arquivo\/wp-json\/wp\/v2\/posts\/54081\/revisions"}],"wp:attachment":[{"href":"https:\/\/www.jornalja.com.br\/arquivo\/wp-json\/wp\/v2\/media?parent=54081"}],"wp:term":[{"taxonomy":"category","embeddable":true,"href":"https:\/\/www.jornalja.com.br\/arquivo\/wp-json\/wp\/v2\/categories?post=54081"},{"taxonomy":"post_tag","embeddable":true,"href":"https:\/\/www.jornalja.com.br\/arquivo\/wp-json\/wp\/v2\/tags?post=54081"}],"curies":[{"name":"wp","href":"https:\/\/api.w.org\/{rel}","templated":true}]}}