{"id":54104,"date":"2017-08-23T20:19:53","date_gmt":"2017-08-23T23:19:53","guid":{"rendered":"https:\/\/www.jornalja.com.br\/?p=54104"},"modified":"2017-08-23T20:19:53","modified_gmt":"2017-08-23T23:19:53","slug":"revisao-do-iptu-sofre-resistencia-na-camara-de-vereadores","status":"publish","type":"post","link":"https:\/\/www.jornalja.com.br\/arquivo\/revisao-do-iptu-sofre-resistencia-na-camara-de-vereadores\/","title":{"rendered":"Revis\u00e3o do IPTU sofre resist\u00eancia na C\u00e2mara de Vereadores"},"content":{"rendered":"<p><span class=\"assina\">Felipe Uhr<\/span><br \/>\nO secret\u00e1rio municipal da Fazenda Leonardo Busatto esteve nesta quarta-feira na C\u00e2mara de Vereadores apresentando o projeto da Prefeitura de Porto Alegre que altera o IPTU. Diante dos 36 parlamentares, o titular da Fazenda exp\u00f4s, atrav\u00e9s de slides, os motivos de uma revis\u00e3o do imposto sobre os im\u00f3veis, o que n\u00e3o acontece h\u00e1 26 anos.<br \/>\n<strong>O governo prop\u00f5e:<\/strong><\/p>\n<ul>\n<li><span style=\"font-weight: 300\">al\u00edquota zero para im\u00f3veis com valor at\u00e9 R$60 mil<\/span><\/li>\n<li><span style=\"font-weight: 300\"> 0,4% para im\u00f3veis com valor entre R$ 60 e R$ 100 mil<\/span><\/li>\n<li>0,5% para im\u00f3veis com valor entre R$ 100 e R$ 300 mil<\/li>\n<li>0,6% para im\u00f3veis com valor entre R$ 300 e R$ 500 mil<\/li>\n<li>0,7%\u00a0para im\u00f3veis com valor entre R$ 500 mil e R$ 1 milh\u00e3o<\/li>\n<li>0,8%\u00a0para im\u00f3veis com valor de mais de R$ 1 milh\u00e3o<\/li>\n<\/ul>\n<p><strong>Motivos\u00a0<\/strong><br \/>\nEm sua apresenta\u00e7\u00e3o para o IPTU progressivo, o secret\u00e1rio\u00a0classificou como o atual IPTU de injusto e argumentou, e apresentou exemplos de \u00a0im\u00f3veis em que o valor de IPTU cobrado \u00e9 diferente para im\u00f3veis com mesmo valor de mercado, pois o \u00a0valor venal de cada um \u00e9 diferente. H\u00e1 hoje em Porto Alegre, segundo os dados da Fazenda, 5,3 mil im\u00f3veis com valor venal de R$ 45 mil reais e que na realidade valem mais.<br \/>\nSe o projeto for aprovado, 60 mil novos im\u00f3veis ter\u00e3o isentados o seu IPTU, 142 mil ter\u00e3o redu\u00e7\u00e3o e 441 mil sofrer\u00e3o reajustes.<br \/>\n&#8220;A cidade cresceu, im\u00f3veis valorizaram, outros se desvalorizaram. H\u00e1 uma desatualiza\u00e7\u00e3o de 26 anos que precisam ser corrigidos. Trouxemos esse debate para dentro da C\u00e2mara, os t\u00e9cnicos est\u00e3o \u00e0 disposi\u00e7\u00e3o&#8221; justificou Busato.<br \/>\n<span class=\"intertit\">Vereadores divergem do projeto do Executivo<\/span><br \/>\nV\u00e1rios foram os questionamentos feitos pelos vereadores. Jo\u00e3o Bosco Vaz (PDT)\u00a0criticou declara\u00e7\u00f5es do secret\u00e1rio que colocariam os clubes &#8220;como grandes vil\u00f5es&#8221; pelas distor\u00e7\u00f5es no IPTU. Tamb\u00e9m contradisse Busatto quanto ao n\u00famero de clubes existentes na cidade e que passariam a pagar IPTU, e citou a entidade Clar\u00e3o da Lua, que n\u00e3o existe mais. J\u00e1 Camozzato considerou o IPTU progressivo &#8221; um crime&#8221;, pois &#8216;parte do princ\u00edpio de que patrim\u00f4nio e ganho de renda andam juntos. Ela pune ainda mais quem teve patrim\u00f4nio valorizado.&#8221; justificou. J\u00e1 a vereadora Sofia Cavedon (PT) defendeu o IPTU social, para quem mora na periferia e que terrenos usados para especula\u00e7\u00e3o urbana deveriam ter taxados diferentemente. A vereadora Fernanda Melchionna tamb\u00e9m salientou o mesmo problema: &#8220;\u00c9 preciso haver a taxa\u00e7\u00e3o dos vazios urbanos e im\u00f3veis abandonados durante d\u00e9cadas esperando valoriza\u00e7\u00e3o imobili\u00e1ria.&#8221;<br \/>\n<span class=\"intertit\">L\u00edderes da base defenderam revis\u00e3o do imposto<\/span><br \/>\nJ\u00e1 os vereadores da base Cl\u00e0udio Janta (SDD) e Mois\u00e9s Maluco do Bem (PSDB) se posicionaram a favor da revis\u00e3o do IPTU. Janta defendeu a cobran\u00e7a do imposto para clubes com grande rendimento como Gr\u00eamio e Inter.<br \/>\nCorre nos bastidores da C\u00e2mara que o Executivo hoje n\u00e3o tem os votos necess\u00e1rios para aprovar o projeto. Para valer j\u00e1 para o ano de 2018 a revis\u00e3o do IPTU, a aprova\u00e7\u00e3o da medida tem de ocorrer at\u00e9 o dia 29 de setembro. Se n\u00e3o for votada antes disso, o IPTU novo s\u00f3 valera para o ano de 2019. O governo tem pressa e acha que um m\u00eas \u00e9 suficiente para que a proposta seja discutida e aprovada. &#8220;Esse tema j\u00e1 vem sendo discutido pelo legislativo antes de ter chegado aqui, temos a certeza de que at\u00e9 vamos chegar no melhor para a cidade e de um jeito que a C\u00e2mara aprove&#8221; salientou Busato.<br \/>\n&nbsp;<\/p>\n","protected":false},"excerpt":{"rendered":"<p>Felipe Uhr O secret\u00e1rio municipal da Fazenda Leonardo Busatto esteve nesta quarta-feira na C\u00e2mara de Vereadores apresentando o projeto da Prefeitura de Porto Alegre que altera o IPTU. Diante dos 36 parlamentares, o titular da Fazenda exp\u00f4s, atrav\u00e9s de slides, os motivos de uma revis\u00e3o do imposto sobre os im\u00f3veis, o que n\u00e3o acontece h\u00e1 [&hellip;]<\/p>\n","protected":false},"author":4,"featured_media":54121,"comment_status":"open","ping_status":"closed","sticky":false,"template":"","format":"standard","meta":{"_jetpack_newsletter_access":"","_jetpack_dont_email_post_to_subs":false,"_jetpack_newsletter_tier_id":0,"_jetpack_memberships_contains_paywalled_content":false,"_jetpack_feature_clip_id":0,"_jetpack_memberships_contains_paid_content":false,"footnotes":"","jetpack_post_was_ever_published":false},"categories":[26],"tags":[],"class_list":["post-54104","post","type-post","status-publish","format-standard","has-post-thumbnail","hentry","category-geral"],"aioseo_notices":[],"aioseo_head":"\n\t\t<!-- All in One SEO 5.0.1.1 - aioseo.com -->\n\t<meta name=\"robots\" content=\"max-image-preview:large\" \/>\n\t<meta name=\"author\" content=\"da Reda\u00e7\u00e3o\"\/>\n\t<link rel=\"canonical\" href=\"https:\/\/www.jornalja.com.br\/arquivo\/revisao-do-iptu-sofre-resistencia-na-camara-de-vereadores\/\" \/>\n\t<meta name=\"generator\" content=\"All in One SEO (AIOSEO) 5.0.1.1\" \/>\n\t\t<meta property=\"og:locale\" content=\"pt_BR\" \/>\n\t\t<meta property=\"og:site_name\" content=\"Arquivo | Jornal J\u00c1 | Porto Alegre\" \/>\n\t\t<meta property=\"og:type\" content=\"article\" \/>\n\t\t<meta property=\"og:title\" content=\"Revis\u00e3o do IPTU sofre resist\u00eancia na C\u00e2mara de Vereadores | Arquivo\" \/>\n\t\t<meta property=\"og:url\" content=\"https:\/\/www.jornalja.com.br\/arquivo\/revisao-do-iptu-sofre-resistencia-na-camara-de-vereadores\/\" \/>\n\t\t<meta property=\"og:image\" content=\"https:\/\/www.jornalja.com.br\/economics\/wp-content\/uploads\/sites\/11\/2026\/08\/ja-folhaderosto-facebook.jpg\" \/>\n\t\t<meta property=\"og:image:secure_url\" content=\"https:\/\/www.jornalja.com.br\/economics\/wp-content\/uploads\/sites\/11\/2026\/08\/ja-folhaderosto-facebook.jpg\" \/>\n\t\t<meta property=\"article:published_time\" content=\"2017-08-23T23:19:53+00:00\" \/>\n\t\t<meta property=\"article:modified_time\" content=\"2017-08-23T23:19:53+00:00\" \/>\n\t\t<meta name=\"twitter:card\" content=\"summary\" \/>\n\t\t<meta name=\"twitter:title\" content=\"Revis\u00e3o do IPTU sofre resist\u00eancia na C\u00e2mara de Vereadores | Arquivo\" \/>\n\t\t<meta name=\"twitter:image\" content=\"https:\/\/www.jornalja.com.br\/economics\/wp-content\/uploads\/sites\/11\/2026\/08\/ja-folhaderosto-facebook.jpg\" \/>\n\t\t<script type=\"application\/ld+json\" class=\"aioseo-schema\">\n\t\t\t{\"@context\":\"https:\\\/\\\/schema.org\",\"@graph\":[{\"@type\":\"BlogPosting\",\"@id\":\"https:\\\/\\\/www.jornalja.com.br\\\/arquivo\\\/revisao-do-iptu-sofre-resistencia-na-camara-de-vereadores\\\/#blogposting\",\"name\":\"Revis\\u00e3o do IPTU sofre resist\\u00eancia na C\\u00e2mara de Vereadores | Arquivo\",\"headline\":\"Revis\\u00e3o do IPTU sofre resist\\u00eancia na C\\u00e2mara de Vereadores\",\"author\":{\"@id\":\"https:\\\/\\\/www.jornalja.com.br\\\/arquivo\\\/author\\\/daredacao\\\/#author\"},\"publisher\":{\"@id\":\"https:\\\/\\\/www.jornalja.com.br\\\/arquivo\\\/#organization\"},\"image\":{\"@type\":\"ImageObject\",\"url\":54121},\"datePublished\":\"2017-08-23T20:19:53-03:00\",\"dateModified\":\"2017-08-23T20:19:53-03:00\",\"inLanguage\":\"pt-BR\",\"mainEntityOfPage\":{\"@id\":\"https:\\\/\\\/www.jornalja.com.br\\\/arquivo\\\/revisao-do-iptu-sofre-resistencia-na-camara-de-vereadores\\\/#webpage\"},\"isPartOf\":{\"@id\":\"https:\\\/\\\/www.jornalja.com.br\\\/arquivo\\\/revisao-do-iptu-sofre-resistencia-na-camara-de-vereadores\\\/#webpage\"},\"articleSection\":\"Geral\"},{\"@type\":\"BreadcrumbList\",\"@id\":\"https:\\\/\\\/www.jornalja.com.br\\\/arquivo\\\/revisao-do-iptu-sofre-resistencia-na-camara-de-vereadores\\\/#breadcrumblist\",\"itemListElement\":[{\"@type\":\"ListItem\",\"@id\":\"https:\\\/\\\/www.jornalja.com.br\\\/arquivo#listItem\",\"position\":1,\"name\":\"Home\",\"item\":\"https:\\\/\\\/www.jornalja.com.br\\\/arquivo\",\"nextItem\":{\"@type\":\"ListItem\",\"@id\":\"https:\\\/\\\/www.jornalja.com.br\\\/arquivo\\\/category\\\/geral\\\/#listItem\",\"name\":\"Geral\"}},{\"@type\":\"ListItem\",\"@id\":\"https:\\\/\\\/www.jornalja.com.br\\\/arquivo\\\/category\\\/geral\\\/#listItem\",\"position\":2,\"name\":\"Geral\",\"item\":\"https:\\\/\\\/www.jornalja.com.br\\\/arquivo\\\/category\\\/geral\\\/\",\"nextItem\":{\"@type\":\"ListItem\",\"@id\":\"https:\\\/\\\/www.jornalja.com.br\\\/arquivo\\\/revisao-do-iptu-sofre-resistencia-na-camara-de-vereadores\\\/#listItem\",\"name\":\"Revis\\u00e3o do IPTU sofre resist\\u00eancia na C\\u00e2mara de Vereadores\"},\"previousItem\":{\"@type\":\"ListItem\",\"@id\":\"https:\\\/\\\/www.jornalja.com.br\\\/arquivo#listItem\",\"name\":\"Home\"}},{\"@type\":\"ListItem\",\"@id\":\"https:\\\/\\\/www.jornalja.com.br\\\/arquivo\\\/revisao-do-iptu-sofre-resistencia-na-camara-de-vereadores\\\/#listItem\",\"position\":3,\"name\":\"Revis\\u00e3o do IPTU sofre resist\\u00eancia na C\\u00e2mara de Vereadores\",\"previousItem\":{\"@type\":\"ListItem\",\"@id\":\"https:\\\/\\\/www.jornalja.com.br\\\/arquivo\\\/category\\\/geral\\\/#listItem\",\"name\":\"Geral\"}}]},{\"@type\":\"Organization\",\"@id\":\"https:\\\/\\\/www.jornalja.com.br\\\/arquivo\\\/#organization\",\"name\":\"Jornal J\\u00c1\",\"description\":\"Jornal J\\u00c1 | Porto Alegre\",\"url\":\"https:\\\/\\\/www.jornalja.com.br\\\/arquivo\\\/\",\"telephone\":\"+555133307272\",\"logo\":{\"@type\":\"ImageObject\",\"url\":\"https:\\\/\\\/www.jornalja.com.br\\\/wp-content\\\/uploads\\\/cards\\\/JAslogan.png\",\"@id\":\"https:\\\/\\\/www.jornalja.com.br\\\/arquivo\\\/revisao-do-iptu-sofre-resistencia-na-camara-de-vereadores\\\/#organizationLogo\"},\"image\":{\"@id\":\"https:\\\/\\\/www.jornalja.com.br\\\/arquivo\\\/revisao-do-iptu-sofre-resistencia-na-camara-de-vereadores\\\/#organizationLogo\"}},{\"@type\":\"Person\",\"@id\":\"https:\\\/\\\/www.jornalja.com.br\\\/arquivo\\\/author\\\/daredacao\\\/#author\",\"url\":\"https:\\\/\\\/www.jornalja.com.br\\\/arquivo\\\/author\\\/daredacao\\\/\",\"name\":\"da Reda\\u00e7\\u00e3o\",\"image\":{\"@type\":\"ImageObject\",\"@id\":\"https:\\\/\\\/www.jornalja.com.br\\\/arquivo\\\/revisao-do-iptu-sofre-resistencia-na-camara-de-vereadores\\\/#authorImage\",\"url\":\"https:\\\/\\\/secure.gravatar.com\\\/avatar\\\/469fd857d6605ad19919d27ed29d35a968a25f6e8fd9318356bbb7f57aae9c65?s=96&d=mm&r=g\",\"width\":96,\"height\":96,\"caption\":\"da Reda\\u00e7\\u00e3o\"}},{\"@type\":\"WebPage\",\"@id\":\"https:\\\/\\\/www.jornalja.com.br\\\/arquivo\\\/revisao-do-iptu-sofre-resistencia-na-camara-de-vereadores\\\/#webpage\",\"url\":\"https:\\\/\\\/www.jornalja.com.br\\\/arquivo\\\/revisao-do-iptu-sofre-resistencia-na-camara-de-vereadores\\\/\",\"name\":\"Revis\\u00e3o do IPTU sofre resist\\u00eancia na C\\u00e2mara de Vereadores | Arquivo\",\"inLanguage\":\"pt-BR\",\"isPartOf\":{\"@id\":\"https:\\\/\\\/www.jornalja.com.br\\\/arquivo\\\/#website\"},\"breadcrumb\":{\"@id\":\"https:\\\/\\\/www.jornalja.com.br\\\/arquivo\\\/revisao-do-iptu-sofre-resistencia-na-camara-de-vereadores\\\/#breadcrumblist\"},\"author\":{\"@id\":\"https:\\\/\\\/www.jornalja.com.br\\\/arquivo\\\/author\\\/daredacao\\\/#author\"},\"creator\":{\"@id\":\"https:\\\/\\\/www.jornalja.com.br\\\/arquivo\\\/author\\\/daredacao\\\/#author\"},\"image\":{\"@type\":\"ImageObject\",\"url\":54121,\"@id\":\"https:\\\/\\\/www.jornalja.com.br\\\/arquivo\\\/revisao-do-iptu-sofre-resistencia-na-camara-de-vereadores\\\/#mainImage\"},\"primaryImageOfPage\":{\"@id\":\"https:\\\/\\\/www.jornalja.com.br\\\/arquivo\\\/revisao-do-iptu-sofre-resistencia-na-camara-de-vereadores\\\/#mainImage\"},\"datePublished\":\"2017-08-23T20:19:53-03:00\",\"dateModified\":\"2017-08-23T20:19:53-03:00\"},{\"@type\":\"WebSite\",\"@id\":\"https:\\\/\\\/www.jornalja.com.br\\\/arquivo\\\/#website\",\"url\":\"https:\\\/\\\/www.jornalja.com.br\\\/arquivo\\\/\",\"name\":\"Arquivo\",\"description\":\"Jornal J\\u00c1 | Porto Alegre\",\"inLanguage\":\"pt-BR\",\"publisher\":{\"@id\":\"https:\\\/\\\/www.jornalja.com.br\\\/arquivo\\\/#organization\"}}]}\n\t\t<\/script>\n\t\t<!-- All in One SEO -->\n\n","aioseo_head_json":{"title":"Revis\u00e3o do IPTU sofre resist\u00eancia na C\u00e2mara de Vereadores | Arquivo","description":"","canonical_url":"https:\/\/www.jornalja.com.br\/arquivo\/revisao-do-iptu-sofre-resistencia-na-camara-de-vereadores\/","robots":"max-image-preview:large","keywords":"","webmasterTools":{"miscellaneous":""},"schema":{"@context":"https:\/\/schema.org","@graph":[{"@type":"BlogPosting","@id":"https:\/\/www.jornalja.com.br\/arquivo\/revisao-do-iptu-sofre-resistencia-na-camara-de-vereadores\/#blogposting","name":"Revis\u00e3o do IPTU sofre resist\u00eancia na C\u00e2mara de Vereadores | Arquivo","headline":"Revis\u00e3o do IPTU sofre resist\u00eancia na C\u00e2mara de Vereadores","author":{"@id":"https:\/\/www.jornalja.com.br\/arquivo\/author\/daredacao\/#author"},"publisher":{"@id":"https:\/\/www.jornalja.com.br\/arquivo\/#organization"},"image":{"@type":"ImageObject","url":54121},"datePublished":"2017-08-23T20:19:53-03:00","dateModified":"2017-08-23T20:19:53-03:00","inLanguage":"pt-BR","mainEntityOfPage":{"@id":"https:\/\/www.jornalja.com.br\/arquivo\/revisao-do-iptu-sofre-resistencia-na-camara-de-vereadores\/#webpage"},"isPartOf":{"@id":"https:\/\/www.jornalja.com.br\/arquivo\/revisao-do-iptu-sofre-resistencia-na-camara-de-vereadores\/#webpage"},"articleSection":"Geral"},{"@type":"BreadcrumbList","@id":"https:\/\/www.jornalja.com.br\/arquivo\/revisao-do-iptu-sofre-resistencia-na-camara-de-vereadores\/#breadcrumblist","itemListElement":[{"@type":"ListItem","@id":"https:\/\/www.jornalja.com.br\/arquivo#listItem","position":1,"name":"Home","item":"https:\/\/www.jornalja.com.br\/arquivo","nextItem":{"@type":"ListItem","@id":"https:\/\/www.jornalja.com.br\/arquivo\/category\/geral\/#listItem","name":"Geral"}},{"@type":"ListItem","@id":"https:\/\/www.jornalja.com.br\/arquivo\/category\/geral\/#listItem","position":2,"name":"Geral","item":"https:\/\/www.jornalja.com.br\/arquivo\/category\/geral\/","nextItem":{"@type":"ListItem","@id":"https:\/\/www.jornalja.com.br\/arquivo\/revisao-do-iptu-sofre-resistencia-na-camara-de-vereadores\/#listItem","name":"Revis\u00e3o do IPTU sofre resist\u00eancia na C\u00e2mara de Vereadores"},"previousItem":{"@type":"ListItem","@id":"https:\/\/www.jornalja.com.br\/arquivo#listItem","name":"Home"}},{"@type":"ListItem","@id":"https:\/\/www.jornalja.com.br\/arquivo\/revisao-do-iptu-sofre-resistencia-na-camara-de-vereadores\/#listItem","position":3,"name":"Revis\u00e3o do IPTU sofre resist\u00eancia na C\u00e2mara de Vereadores","previousItem":{"@type":"ListItem","@id":"https:\/\/www.jornalja.com.br\/arquivo\/category\/geral\/#listItem","name":"Geral"}}]},{"@type":"Organization","@id":"https:\/\/www.jornalja.com.br\/arquivo\/#organization","name":"Jornal J\u00c1","description":"Jornal J\u00c1 | Porto Alegre","url":"https:\/\/www.jornalja.com.br\/arquivo\/","telephone":"+555133307272","logo":{"@type":"ImageObject","url":"https:\/\/www.jornalja.com.br\/wp-content\/uploads\/cards\/JAslogan.png","@id":"https:\/\/www.jornalja.com.br\/arquivo\/revisao-do-iptu-sofre-resistencia-na-camara-de-vereadores\/#organizationLogo"},"image":{"@id":"https:\/\/www.jornalja.com.br\/arquivo\/revisao-do-iptu-sofre-resistencia-na-camara-de-vereadores\/#organizationLogo"}},{"@type":"Person","@id":"https:\/\/www.jornalja.com.br\/arquivo\/author\/daredacao\/#author","url":"https:\/\/www.jornalja.com.br\/arquivo\/author\/daredacao\/","name":"da Reda\u00e7\u00e3o","image":{"@type":"ImageObject","@id":"https:\/\/www.jornalja.com.br\/arquivo\/revisao-do-iptu-sofre-resistencia-na-camara-de-vereadores\/#authorImage","url":"https:\/\/secure.gravatar.com\/avatar\/469fd857d6605ad19919d27ed29d35a968a25f6e8fd9318356bbb7f57aae9c65?s=96&d=mm&r=g","width":96,"height":96,"caption":"da Reda\u00e7\u00e3o"}},{"@type":"WebPage","@id":"https:\/\/www.jornalja.com.br\/arquivo\/revisao-do-iptu-sofre-resistencia-na-camara-de-vereadores\/#webpage","url":"https:\/\/www.jornalja.com.br\/arquivo\/revisao-do-iptu-sofre-resistencia-na-camara-de-vereadores\/","name":"Revis\u00e3o do IPTU sofre resist\u00eancia na C\u00e2mara de Vereadores | Arquivo","inLanguage":"pt-BR","isPartOf":{"@id":"https:\/\/www.jornalja.com.br\/arquivo\/#website"},"breadcrumb":{"@id":"https:\/\/www.jornalja.com.br\/arquivo\/revisao-do-iptu-sofre-resistencia-na-camara-de-vereadores\/#breadcrumblist"},"author":{"@id":"https:\/\/www.jornalja.com.br\/arquivo\/author\/daredacao\/#author"},"creator":{"@id":"https:\/\/www.jornalja.com.br\/arquivo\/author\/daredacao\/#author"},"image":{"@type":"ImageObject","url":54121,"@id":"https:\/\/www.jornalja.com.br\/arquivo\/revisao-do-iptu-sofre-resistencia-na-camara-de-vereadores\/#mainImage"},"primaryImageOfPage":{"@id":"https:\/\/www.jornalja.com.br\/arquivo\/revisao-do-iptu-sofre-resistencia-na-camara-de-vereadores\/#mainImage"},"datePublished":"2017-08-23T20:19:53-03:00","dateModified":"2017-08-23T20:19:53-03:00"},{"@type":"WebSite","@id":"https:\/\/www.jornalja.com.br\/arquivo\/#website","url":"https:\/\/www.jornalja.com.br\/arquivo\/","name":"Arquivo","description":"Jornal J\u00c1 | Porto Alegre","inLanguage":"pt-BR","publisher":{"@id":"https:\/\/www.jornalja.com.br\/arquivo\/#organization"}}]},"og:locale":"pt_BR","og:site_name":"Arquivo | Jornal J\u00c1 | Porto Alegre","og:type":"article","og:title":"Revis\u00e3o do IPTU sofre resist\u00eancia na C\u00e2mara de Vereadores | Arquivo","og:url":"https:\/\/www.jornalja.com.br\/arquivo\/revisao-do-iptu-sofre-resistencia-na-camara-de-vereadores\/","og:image":"https:\/\/www.jornalja.com.br\/economics\/wp-content\/uploads\/sites\/11\/2026\/08\/ja-folhaderosto-facebook.jpg","og:image:secure_url":"https:\/\/www.jornalja.com.br\/economics\/wp-content\/uploads\/sites\/11\/2026\/08\/ja-folhaderosto-facebook.jpg","article:published_time":"2017-08-23T23:19:53+00:00","article:modified_time":"2017-08-23T23:19:53+00:00","twitter:card":"summary","twitter:title":"Revis\u00e3o do IPTU sofre resist\u00eancia na C\u00e2mara de Vereadores | Arquivo","twitter:image":"https:\/\/www.jornalja.com.br\/economics\/wp-content\/uploads\/sites\/11\/2026\/08\/ja-folhaderosto-facebook.jpg"},"aioseo_meta_data":{"post_id":"54104","title":null,"description":null,"keywords":null,"keyphrases":null,"primary_term":null,"canonical_url":null,"og_title":null,"og_description":null,"og_object_type":"default","og_image_type":"default","og_image_url":null,"og_image_width":null,"og_image_height":null,"og_image_custom_url":null,"og_image_custom_fields":null,"og_video":null,"og_custom_url":null,"og_article_section":null,"og_article_tags":null,"twitter_use_og":false,"twitter_card":"default","twitter_image_type":"default","twitter_image_url":null,"twitter_image_custom_url":null,"twitter_image_custom_fields":null,"twitter_title":null,"twitter_description":null,"schema":{"blockGraphs":[],"customGraphs":[],"default":{"data":{"Article":[],"Course":[],"Dataset":[],"FAQPage":[],"Movie":[],"Person":[],"Product":[],"ProductReview":[],"Car":[],"Recipe":[],"Service":[],"SoftwareApplication":[],"WebPage":[]},"graphName":"","isEnabled":true},"graphs":[]},"schema_type":null,"schema_type_options":null,"pillar_content":false,"robots_default":true,"robots_noindex":false,"robots_noarchive":false,"robots_nosnippet":false,"robots_nofollow":false,"robots_noimageindex":false,"robots_noodp":false,"robots_notranslate":false,"robots_max_snippet":null,"robots_max_videopreview":null,"robots_max_imagepreview":"large","priority":null,"frequency":null,"location":null,"local_seo":null,"breadcrumb_settings":null,"limit_modified_date":false,"ai":null,"created":"2020-12-20 20:26:02","updated":"2025-07-20 00:34:01","seo_analyzer_scan_date":null,"focus_keyword":null,"additional_keywords":null,"truseo_locale":null},"jetpack_sharing_enabled":true,"jetpack-related-posts":[{"id":13240,"url":"https:\/\/www.jornalja.com.br\/arquivo\/plano-diretor-estamos-construindo-o-caos\/","url_meta":{"origin":54104,"position":0},"title":"Plano diretor: &quot;Estamos construindo o caos&quot;","author":"Patr\u00edcia Marini","date":"26 de maio de 2014","format":false,"excerpt":"Desabafo que arquiteta Eliana Castilhos, delegada da Regi\u00e3o de Planejamento 1, postou nas redes sociais \u00e9 um testemunho do ambiente que se criou no Conselho do Plano Diretor de Porto Alegre, onde a aprova\u00e7\u00e3o de grandes empreendimentos \u00e9 empurrada guela abaixo dos conselheiros. Ao CMDUA Como delegada da Regi\u00e3o de\u2026","rel":"","context":"Em &quot;Geral&quot;","block_context":{"text":"Geral","link":"https:\/\/www.jornalja.com.br\/arquivo\/category\/geral\/"},"img":{"alt_text":"","src":"","width":0,"height":0},"classes":[]},{"id":12960,"url":"https:\/\/www.jornalja.com.br\/arquivo\/populacao-culpa-empresas-pela-greve-dos-rodoviarios\/","url_meta":{"origin":54104,"position":1},"title":"Popula\u00e7\u00e3o culpa empresas pela greve","author":"Patr\u00edcia Marini","date":"14 de fevereiro de 2014","format":false,"excerpt":"Pesquisa divulgada na edi\u00e7\u00e3o do jornal Metro desta sexta-feira,14, comprova o velho ditado: \u00e9 poss\u00edvel enganar muitos por algum tempo, mas n\u00e3o \u00e9 poss\u00edvel enganar a todos o tempo inteiro. A principal revela\u00e7\u00e3o foi que 59,8% dos entrevistados apontaram as empresas como as principais respons\u00e1veis pela grave e 46% culparam\u2026","rel":"","context":"Em &quot;X.Categorias velhas&quot;","block_context":{"text":"X.Categorias velhas","link":"https:\/\/www.jornalja.com.br\/arquivo\/category\/x-categorias-velhas\/"},"img":{"alt_text":"","src":"","width":0,"height":0},"classes":[]},{"id":13109,"url":"https:\/\/www.jornalja.com.br\/arquivo\/judiciario-reconhece-poluicao-eletromagnetica\/","url_meta":{"origin":54104,"position":2},"title":"Judici\u00e1rio reconhece polui\u00e7\u00e3o eletromagn\u00e9tica","author":"Patr\u00edcia Marini","date":"16 de maio de 2014","format":false,"excerpt":"A\u00e7\u00e3o de duas associa\u00e7\u00f5es de moradores foi acolhida pelo Tribunal de Justi\u00e7a de S\u00e3o Paulo que. em decis\u00e3o in\u00e9dita, determinou a redu\u00e7\u00e3o do campo eletromagn\u00e9tico gerado pelas linhas de transmiss\u00e3o de energia que cortam os bairros City Boa\u00e7ava e Alto de Pinheiros. \u00c9 a primeira vez que um tribunal do\u2026","rel":"","context":"Em &quot;X.Categorias velhas&quot;","block_context":{"text":"X.Categorias velhas","link":"https:\/\/www.jornalja.com.br\/arquivo\/category\/x-categorias-velhas\/"},"img":{"alt_text":"","src":"","width":0,"height":0},"classes":[]},{"id":14241,"url":"https:\/\/www.jornalja.com.br\/arquivo\/o-guaiba-nas-imagens-poeticas-de-achutti\/","url_meta":{"origin":54104,"position":3},"title":"O Gua\u00edba nas imagens po\u00e9ticas de Achutti","author":"da Reda\u00e7\u00e3o","date":"18 de junho de 2014","format":false,"excerpt":"Em \u201cO Gua\u00edba por Achutti\u201d \u2013 obra financiada via Minist\u00e9rio da Cultura, produ\u00e7\u00e3o executiva de Pedro Longhi, e Fl\u00e1vio Wild como designer \u2013, o fot\u00f3grafo revela a beleza e as mazelas de um espa\u00e7o aqu\u00e1tico de \u00e1guas sempre renovadas, cheio de hist\u00f3rias e lendas como as das cidades que foram\u2026","rel":"","context":"Em &quot;Cultura-Geral&quot;","block_context":{"text":"Cultura-Geral","link":"https:\/\/www.jornalja.com.br\/arquivo\/category\/materiasecundaria\/"},"img":{"alt_text":"","src":"","width":0,"height":0},"classes":[]},{"id":13101,"url":"https:\/\/www.jornalja.com.br\/arquivo\/morre-um-guerreiro-do-texto\/","url_meta":{"origin":54104,"position":4},"title":"Morre um guerreiro do texto","author":"Patr\u00edcia Marini","date":"14 de maio de 2014","format":false,"excerpt":"Por Ricardo Kotscho Reproduzido do blog do autor, 11\/5\/2014; t\u00edtulo original \u201cE l\u00e1 se foi o nosso Myltainho, guerreiro do texto\u201d. Mi\u00fado e franzino, meu amigo Myltainho era um valente e inconformado guerreiro na luta contra as injusti\u00e7as sociais, a hipocrisia, as maracutaias, o autoritarismo, a intoler\u00e2ncia, a viol\u00eancia, o\u2026","rel":"","context":"Em &quot;Geral&quot;","block_context":{"text":"Geral","link":"https:\/\/www.jornalja.com.br\/arquivo\/category\/geral\/"},"img":{"alt_text":"","src":"","width":0,"height":0},"classes":[]},{"id":5440,"url":"https:\/\/www.jornalja.com.br\/arquivo\/casarao-da-venancio-destino-permanece-incerto\/","url_meta":{"origin":54104,"position":5},"title":"Estado ainda n\u00e3o sabe o que fazer com casar\u00e3o abandonado h\u00e1 20 anos","author":"Elmar Bones","date":"6 de julho de 2009","format":false,"excerpt":"O casar\u00e3o amarelo, numa esquina nobre de Porto Alegre (Ven\u00e2ncio Aires com Jo\u00e3o Pessoa), j\u00e1 abrigou uma escola. H\u00e1 duas d\u00e9cadas, pelo menos, est\u00e1 abandonado, porque seu propriet\u00e1rio, o governo do Estado do Rio Grande do Sul, n\u00e3o consegue achar um destino para ele. Planos n\u00e3o faltaram. O governador Ol\u00edvio\u2026","rel":"","context":"Em &quot;X.Categorias velhas&quot;","block_context":{"text":"X.Categorias velhas","link":"https:\/\/www.jornalja.com.br\/arquivo\/category\/x-categorias-velhas\/"},"img":{"alt_text":"geraldo1","src":"https:\/\/i0.wp.com\/www.jornalja.com.br\/wp-content\/uploads\/2009\/07\/geraldo1.jpg?resize=350%2C200&ssl=1","width":350,"height":200},"classes":[]}],"jetpack_shortlink":"https:\/\/wp.me\/pbQjBd-e4E","jetpack_featured_media_url":"","_links":{"self":[{"href":"https:\/\/www.jornalja.com.br\/arquivo\/wp-json\/wp\/v2\/posts\/54104","targetHints":{"allow":["GET"]}}],"collection":[{"href":"https:\/\/www.jornalja.com.br\/arquivo\/wp-json\/wp\/v2\/posts"}],"about":[{"href":"https:\/\/www.jornalja.com.br\/arquivo\/wp-json\/wp\/v2\/types\/post"}],"author":[{"embeddable":true,"href":"https:\/\/www.jornalja.com.br\/arquivo\/wp-json\/wp\/v2\/users\/4"}],"replies":[{"embeddable":true,"href":"https:\/\/www.jornalja.com.br\/arquivo\/wp-json\/wp\/v2\/comments?post=54104"}],"version-history":[{"count":0,"href":"https:\/\/www.jornalja.com.br\/arquivo\/wp-json\/wp\/v2\/posts\/54104\/revisions"}],"wp:attachment":[{"href":"https:\/\/www.jornalja.com.br\/arquivo\/wp-json\/wp\/v2\/media?parent=54104"}],"wp:term":[{"taxonomy":"category","embeddable":true,"href":"https:\/\/www.jornalja.com.br\/arquivo\/wp-json\/wp\/v2\/categories?post=54104"},{"taxonomy":"post_tag","embeddable":true,"href":"https:\/\/www.jornalja.com.br\/arquivo\/wp-json\/wp\/v2\/tags?post=54104"}],"curies":[{"name":"wp","href":"https:\/\/api.w.org\/{rel}","templated":true}]}}