{"id":54105,"date":"2017-08-23T19:50:45","date_gmt":"2017-08-23T22:50:45","guid":{"rendered":"https:\/\/www.jornalja.com.br\/?p=54105"},"modified":"2017-08-23T19:50:45","modified_gmt":"2017-08-23T22:50:45","slug":"tve-quer-parceria-com-setor-audiovisual-para-lancar-edital-de-r-20-milhoes","status":"publish","type":"post","link":"https:\/\/www.jornalja.com.br\/arquivo\/tve-quer-parceria-com-setor-audiovisual-para-lancar-edital-de-r-20-milhoes\/","title":{"rendered":"TVE quer parceria com setor audiovisual para lan\u00e7ar edital de R$ 20 milh\u00f5es"},"content":{"rendered":"<p><span class=\"assina\">Matheus Chaparini<\/span><br \/>\nNa entrega do pr\u00eamio Aquisi\u00e7\u00e3o TVE, em Gramado, no \u00faltimo final de semana, o presidente da Funda\u00e7\u00e3o Piratini, Orestes de Andrade J\u00fanior, fez uma provoca\u00e7\u00e3o aos profissionais do setor audiovisual: \u201ceu quero falar de parceria porque o futuro da TVE passa pela parceria com o setor audiovisual ga\u00facho.\u201d Orestes afirmou que o estado j\u00e1 foi o terceiro do pa\u00eds no setor e hoje n\u00e3o figura nem entre as dez.<br \/>\n\u201cChegou a hora de recuperar este espa\u00e7o. Temos que trabalhar para, no ano que vem, lan\u00e7ar um edital superior a 20 milh\u00f5es de reais\u00a0para colocar na ind\u00fastria audiovisual do RS. Eu pe\u00e7o a parceria de voc\u00eas para isso\u201d, afirmou, citando a parceria com a EGR (Empresa Ga\u00facho de Rodovias), que possibilitou a premia\u00e7\u00e3o.<br \/>\nOrestes afirmou que a TVE foi a primeira emissora p\u00fablica a lan\u00e7ar um edital do tipo. Realizado pela gest\u00e3o anterior, do presidente Pedro Os\u00f3rio, em 2014, o edital PRODAV-01\/2014 disponibilizou quase R$ 4 milh\u00f5es (R$ 3.930.000) para a produ\u00e7\u00e3o audiovisual. Entre 65 s\u00e9ries e document\u00e1rios inscritos, foram selecionadas cinco, que come\u00e7am a ir ao ar ainda este ano.<br \/>\nPara a exibi\u00e7\u00e3o, a emissora precisa pagar para a Ancine uma contrapartida, de cerca de R$ 300 mil, pelo direito de exibi\u00e7\u00e3o. A dire\u00e7\u00e3o est\u00e1 buscando parcerias privadas para este investimento. Da mesma forma, se for viabilizado o novo edital, ser\u00e1 necess\u00e1ria uma contrapartida, que fica entre 7,5% e 10%.<br \/>\n<span class=\"intertit\">Fundo do audiovisual ter\u00e1 R$ 1 bilh\u00e3o por ano<\/span><br \/>\nOs recursos para estes editais vem do Fundo Setorial Audiovisual, recurso repassado pela Ancine atrav\u00e9s do BRDE. No in\u00edcio deste ano, o diretor de Planejamento do BRDE, Luiz Corr\u00eaa Noronha, anunciou que o banco vai repassar R$ 5 bilh\u00f5es nos pr\u00f3ximos cinco anos. Estes recursos s\u00e3o destinados a todas as etapas de produ\u00e7\u00e3o de curtas, longas, document\u00e1rios e s\u00e9ries, al\u00e9m da cria\u00e7\u00e3o de novas salas de cinema no interior do pa\u00eds.<br \/>\nEm 2013, primeiro ano de atua\u00e7\u00e3o do BRDE junto ao Fundo, foram viabilizados 66 contratos, no valor total de R$ 68,2 milh\u00f5es. Em 2016, o n\u00famero de contratos foi de 580 e o valor repassado chegou a R$ 343,8 milh\u00f5es.<br \/>\nNomeado por Sartori para fazer a transi\u00e7\u00e3o das emissoras, com o processo de extin\u00e7\u00e3o da Funda\u00e7\u00e3o Piratini, Orestes afirma que, para viabilizar o edital, primeiro \u00e9 necess\u00e1rio resolver a situa\u00e7\u00e3o da TV. Atualmente, a extin\u00e7\u00e3o das funda\u00e7\u00f5es est\u00e1 sendo discutida na Justi\u00e7a do Trabalho, entre governo e sindicatos representativos das categorias envolvidas.<br \/>\n<span class=\"intertit\">S\u00e9ries contempladas v\u00e3o ao ar em outubro<\/span><br \/>\nA s\u00e9rie Turma 5B, da Prana Filmes, j\u00e1 est\u00e1 em fase final e tem previs\u00e3o de exibi\u00e7\u00e3o para outubro deste ano. A s\u00e9rie de treze epis\u00f3dios conta a hist\u00f3ria de uma turma da quinta s\u00e9rie do Col\u00e9gio General Coelho: a mais enlouquecedora e inteligente que j\u00e1 existiu, levando os professores ao limite. Para evitar que todos pe\u00e7am demiss\u00e3o, a diretora contrata um novo conselheiro educacional: Ricardo, a esperan\u00e7a do corpo docente.<br \/>\nOs outros selecionados foram \u201cUm lugar para estar\u201d, da Esta\u00e7\u00e3o El\u00e9trica, na faixa doc turismo; \u201cFam\u00edlia Pereira\u201d, da Saladamidia, doc cultura criativa; \u201cFormigas\u201d, da Gusgus Cinema; fic\u00e7\u00e3o para adolescentes; \u201cInimigo Interno\u201d; da Margem Cinema Brasil, fic\u00e7\u00e3o para adultos.<\/p>\n","protected":false},"excerpt":{"rendered":"<p>Matheus Chaparini Na entrega do pr\u00eamio Aquisi\u00e7\u00e3o TVE, em Gramado, no \u00faltimo final de semana, o presidente da Funda\u00e7\u00e3o Piratini, Orestes de Andrade J\u00fanior, fez uma provoca\u00e7\u00e3o aos profissionais do setor audiovisual: \u201ceu quero falar de parceria porque o futuro da TVE passa pela parceria com o setor audiovisual ga\u00facho.\u201d Orestes afirmou que o estado [&hellip;]<\/p>\n","protected":false},"author":4,"featured_media":50965,"comment_status":"open","ping_status":"closed","sticky":false,"template":"","format":"standard","meta":{"_jetpack_newsletter_access":"","_jetpack_dont_email_post_to_subs":false,"_jetpack_newsletter_tier_id":0,"_jetpack_memberships_contains_paywalled_content":false,"_jetpack_feature_clip_id":0,"_jetpack_memberships_contains_paid_content":false,"footnotes":"","jetpack_post_was_ever_published":false},"categories":[26],"tags":[],"class_list":["post-54105","post","type-post","status-publish","format-standard","has-post-thumbnail","hentry","category-geral"],"aioseo_notices":[],"aioseo_head":"\n\t\t<!-- All in One SEO 5.0.1.1 - aioseo.com -->\n\t<meta name=\"robots\" content=\"max-image-preview:large\" \/>\n\t<meta name=\"author\" content=\"da Reda\u00e7\u00e3o\"\/>\n\t<link rel=\"canonical\" href=\"https:\/\/www.jornalja.com.br\/arquivo\/tve-quer-parceria-com-setor-audiovisual-para-lancar-edital-de-r-20-milhoes\/\" \/>\n\t<meta name=\"generator\" content=\"All in One SEO (AIOSEO) 5.0.1.1\" \/>\n\t\t<meta property=\"og:locale\" content=\"pt_BR\" \/>\n\t\t<meta property=\"og:site_name\" content=\"Arquivo | Jornal J\u00c1 | Porto Alegre\" \/>\n\t\t<meta property=\"og:type\" content=\"article\" \/>\n\t\t<meta property=\"og:title\" content=\"TVE quer parceria com setor audiovisual para lan\u00e7ar edital de R$ 20 milh\u00f5es | Arquivo\" \/>\n\t\t<meta property=\"og:url\" content=\"https:\/\/www.jornalja.com.br\/arquivo\/tve-quer-parceria-com-setor-audiovisual-para-lancar-edital-de-r-20-milhoes\/\" \/>\n\t\t<meta property=\"og:image\" content=\"https:\/\/www.jornalja.com.br\/economics\/wp-content\/uploads\/sites\/11\/2026\/08\/ja-folhaderosto-facebook.jpg\" \/>\n\t\t<meta property=\"og:image:secure_url\" content=\"https:\/\/www.jornalja.com.br\/economics\/wp-content\/uploads\/sites\/11\/2026\/08\/ja-folhaderosto-facebook.jpg\" \/>\n\t\t<meta property=\"article:published_time\" content=\"2017-08-23T22:50:45+00:00\" \/>\n\t\t<meta property=\"article:modified_time\" content=\"2017-08-23T22:50:45+00:00\" \/>\n\t\t<meta name=\"twitter:card\" content=\"summary\" \/>\n\t\t<meta name=\"twitter:title\" content=\"TVE quer parceria com setor audiovisual para lan\u00e7ar edital de R$ 20 milh\u00f5es | Arquivo\" \/>\n\t\t<meta name=\"twitter:image\" content=\"https:\/\/www.jornalja.com.br\/economics\/wp-content\/uploads\/sites\/11\/2026\/08\/ja-folhaderosto-facebook.jpg\" \/>\n\t\t<script type=\"application\/ld+json\" class=\"aioseo-schema\">\n\t\t\t{\"@context\":\"https:\\\/\\\/schema.org\",\"@graph\":[{\"@type\":\"BlogPosting\",\"@id\":\"https:\\\/\\\/www.jornalja.com.br\\\/arquivo\\\/tve-quer-parceria-com-setor-audiovisual-para-lancar-edital-de-r-20-milhoes\\\/#blogposting\",\"name\":\"TVE quer parceria com setor audiovisual para lan\\u00e7ar edital de R$ 20 milh\\u00f5es | Arquivo\",\"headline\":\"TVE quer parceria com setor audiovisual para lan\\u00e7ar edital de R$ 20 milh\\u00f5es\",\"author\":{\"@id\":\"https:\\\/\\\/www.jornalja.com.br\\\/arquivo\\\/author\\\/daredacao\\\/#author\"},\"publisher\":{\"@id\":\"https:\\\/\\\/www.jornalja.com.br\\\/arquivo\\\/#organization\"},\"image\":{\"@type\":\"ImageObject\",\"url\":50965},\"datePublished\":\"2017-08-23T19:50:45-03:00\",\"dateModified\":\"2017-08-23T19:50:45-03:00\",\"inLanguage\":\"pt-BR\",\"mainEntityOfPage\":{\"@id\":\"https:\\\/\\\/www.jornalja.com.br\\\/arquivo\\\/tve-quer-parceria-com-setor-audiovisual-para-lancar-edital-de-r-20-milhoes\\\/#webpage\"},\"isPartOf\":{\"@id\":\"https:\\\/\\\/www.jornalja.com.br\\\/arquivo\\\/tve-quer-parceria-com-setor-audiovisual-para-lancar-edital-de-r-20-milhoes\\\/#webpage\"},\"articleSection\":\"Geral\"},{\"@type\":\"BreadcrumbList\",\"@id\":\"https:\\\/\\\/www.jornalja.com.br\\\/arquivo\\\/tve-quer-parceria-com-setor-audiovisual-para-lancar-edital-de-r-20-milhoes\\\/#breadcrumblist\",\"itemListElement\":[{\"@type\":\"ListItem\",\"@id\":\"https:\\\/\\\/www.jornalja.com.br\\\/arquivo#listItem\",\"position\":1,\"name\":\"Home\",\"item\":\"https:\\\/\\\/www.jornalja.com.br\\\/arquivo\",\"nextItem\":{\"@type\":\"ListItem\",\"@id\":\"https:\\\/\\\/www.jornalja.com.br\\\/arquivo\\\/category\\\/geral\\\/#listItem\",\"name\":\"Geral\"}},{\"@type\":\"ListItem\",\"@id\":\"https:\\\/\\\/www.jornalja.com.br\\\/arquivo\\\/category\\\/geral\\\/#listItem\",\"position\":2,\"name\":\"Geral\",\"item\":\"https:\\\/\\\/www.jornalja.com.br\\\/arquivo\\\/category\\\/geral\\\/\",\"nextItem\":{\"@type\":\"ListItem\",\"@id\":\"https:\\\/\\\/www.jornalja.com.br\\\/arquivo\\\/tve-quer-parceria-com-setor-audiovisual-para-lancar-edital-de-r-20-milhoes\\\/#listItem\",\"name\":\"TVE quer parceria com setor audiovisual para lan\\u00e7ar edital de R$ 20 milh\\u00f5es\"},\"previousItem\":{\"@type\":\"ListItem\",\"@id\":\"https:\\\/\\\/www.jornalja.com.br\\\/arquivo#listItem\",\"name\":\"Home\"}},{\"@type\":\"ListItem\",\"@id\":\"https:\\\/\\\/www.jornalja.com.br\\\/arquivo\\\/tve-quer-parceria-com-setor-audiovisual-para-lancar-edital-de-r-20-milhoes\\\/#listItem\",\"position\":3,\"name\":\"TVE quer parceria com setor audiovisual para lan\\u00e7ar edital de R$ 20 milh\\u00f5es\",\"previousItem\":{\"@type\":\"ListItem\",\"@id\":\"https:\\\/\\\/www.jornalja.com.br\\\/arquivo\\\/category\\\/geral\\\/#listItem\",\"name\":\"Geral\"}}]},{\"@type\":\"Organization\",\"@id\":\"https:\\\/\\\/www.jornalja.com.br\\\/arquivo\\\/#organization\",\"name\":\"Jornal J\\u00c1\",\"description\":\"Jornal J\\u00c1 | Porto Alegre\",\"url\":\"https:\\\/\\\/www.jornalja.com.br\\\/arquivo\\\/\",\"telephone\":\"+555133307272\",\"logo\":{\"@type\":\"ImageObject\",\"url\":\"https:\\\/\\\/www.jornalja.com.br\\\/wp-content\\\/uploads\\\/cards\\\/JAslogan.png\",\"@id\":\"https:\\\/\\\/www.jornalja.com.br\\\/arquivo\\\/tve-quer-parceria-com-setor-audiovisual-para-lancar-edital-de-r-20-milhoes\\\/#organizationLogo\"},\"image\":{\"@id\":\"https:\\\/\\\/www.jornalja.com.br\\\/arquivo\\\/tve-quer-parceria-com-setor-audiovisual-para-lancar-edital-de-r-20-milhoes\\\/#organizationLogo\"}},{\"@type\":\"Person\",\"@id\":\"https:\\\/\\\/www.jornalja.com.br\\\/arquivo\\\/author\\\/daredacao\\\/#author\",\"url\":\"https:\\\/\\\/www.jornalja.com.br\\\/arquivo\\\/author\\\/daredacao\\\/\",\"name\":\"da Reda\\u00e7\\u00e3o\",\"image\":{\"@type\":\"ImageObject\",\"@id\":\"https:\\\/\\\/www.jornalja.com.br\\\/arquivo\\\/tve-quer-parceria-com-setor-audiovisual-para-lancar-edital-de-r-20-milhoes\\\/#authorImage\",\"url\":\"https:\\\/\\\/secure.gravatar.com\\\/avatar\\\/469fd857d6605ad19919d27ed29d35a968a25f6e8fd9318356bbb7f57aae9c65?s=96&d=mm&r=g\",\"width\":96,\"height\":96,\"caption\":\"da Reda\\u00e7\\u00e3o\"}},{\"@type\":\"WebPage\",\"@id\":\"https:\\\/\\\/www.jornalja.com.br\\\/arquivo\\\/tve-quer-parceria-com-setor-audiovisual-para-lancar-edital-de-r-20-milhoes\\\/#webpage\",\"url\":\"https:\\\/\\\/www.jornalja.com.br\\\/arquivo\\\/tve-quer-parceria-com-setor-audiovisual-para-lancar-edital-de-r-20-milhoes\\\/\",\"name\":\"TVE quer parceria com setor audiovisual para lan\\u00e7ar edital de R$ 20 milh\\u00f5es | Arquivo\",\"inLanguage\":\"pt-BR\",\"isPartOf\":{\"@id\":\"https:\\\/\\\/www.jornalja.com.br\\\/arquivo\\\/#website\"},\"breadcrumb\":{\"@id\":\"https:\\\/\\\/www.jornalja.com.br\\\/arquivo\\\/tve-quer-parceria-com-setor-audiovisual-para-lancar-edital-de-r-20-milhoes\\\/#breadcrumblist\"},\"author\":{\"@id\":\"https:\\\/\\\/www.jornalja.com.br\\\/arquivo\\\/author\\\/daredacao\\\/#author\"},\"creator\":{\"@id\":\"https:\\\/\\\/www.jornalja.com.br\\\/arquivo\\\/author\\\/daredacao\\\/#author\"},\"image\":{\"@type\":\"ImageObject\",\"url\":50965,\"@id\":\"https:\\\/\\\/www.jornalja.com.br\\\/arquivo\\\/tve-quer-parceria-com-setor-audiovisual-para-lancar-edital-de-r-20-milhoes\\\/#mainImage\"},\"primaryImageOfPage\":{\"@id\":\"https:\\\/\\\/www.jornalja.com.br\\\/arquivo\\\/tve-quer-parceria-com-setor-audiovisual-para-lancar-edital-de-r-20-milhoes\\\/#mainImage\"},\"datePublished\":\"2017-08-23T19:50:45-03:00\",\"dateModified\":\"2017-08-23T19:50:45-03:00\"},{\"@type\":\"WebSite\",\"@id\":\"https:\\\/\\\/www.jornalja.com.br\\\/arquivo\\\/#website\",\"url\":\"https:\\\/\\\/www.jornalja.com.br\\\/arquivo\\\/\",\"name\":\"Arquivo\",\"description\":\"Jornal J\\u00c1 | Porto Alegre\",\"inLanguage\":\"pt-BR\",\"publisher\":{\"@id\":\"https:\\\/\\\/www.jornalja.com.br\\\/arquivo\\\/#organization\"}}]}\n\t\t<\/script>\n\t\t<!-- All in One SEO -->\n\n","aioseo_head_json":{"title":"TVE quer parceria com setor audiovisual para lan\u00e7ar edital de R$ 20 milh\u00f5es | Arquivo","description":"","canonical_url":"https:\/\/www.jornalja.com.br\/arquivo\/tve-quer-parceria-com-setor-audiovisual-para-lancar-edital-de-r-20-milhoes\/","robots":"max-image-preview:large","keywords":"","webmasterTools":{"miscellaneous":""},"schema":{"@context":"https:\/\/schema.org","@graph":[{"@type":"BlogPosting","@id":"https:\/\/www.jornalja.com.br\/arquivo\/tve-quer-parceria-com-setor-audiovisual-para-lancar-edital-de-r-20-milhoes\/#blogposting","name":"TVE quer parceria com setor audiovisual para lan\u00e7ar edital de R$ 20 milh\u00f5es | Arquivo","headline":"TVE quer parceria com setor audiovisual para lan\u00e7ar edital de R$ 20 milh\u00f5es","author":{"@id":"https:\/\/www.jornalja.com.br\/arquivo\/author\/daredacao\/#author"},"publisher":{"@id":"https:\/\/www.jornalja.com.br\/arquivo\/#organization"},"image":{"@type":"ImageObject","url":50965},"datePublished":"2017-08-23T19:50:45-03:00","dateModified":"2017-08-23T19:50:45-03:00","inLanguage":"pt-BR","mainEntityOfPage":{"@id":"https:\/\/www.jornalja.com.br\/arquivo\/tve-quer-parceria-com-setor-audiovisual-para-lancar-edital-de-r-20-milhoes\/#webpage"},"isPartOf":{"@id":"https:\/\/www.jornalja.com.br\/arquivo\/tve-quer-parceria-com-setor-audiovisual-para-lancar-edital-de-r-20-milhoes\/#webpage"},"articleSection":"Geral"},{"@type":"BreadcrumbList","@id":"https:\/\/www.jornalja.com.br\/arquivo\/tve-quer-parceria-com-setor-audiovisual-para-lancar-edital-de-r-20-milhoes\/#breadcrumblist","itemListElement":[{"@type":"ListItem","@id":"https:\/\/www.jornalja.com.br\/arquivo#listItem","position":1,"name":"Home","item":"https:\/\/www.jornalja.com.br\/arquivo","nextItem":{"@type":"ListItem","@id":"https:\/\/www.jornalja.com.br\/arquivo\/category\/geral\/#listItem","name":"Geral"}},{"@type":"ListItem","@id":"https:\/\/www.jornalja.com.br\/arquivo\/category\/geral\/#listItem","position":2,"name":"Geral","item":"https:\/\/www.jornalja.com.br\/arquivo\/category\/geral\/","nextItem":{"@type":"ListItem","@id":"https:\/\/www.jornalja.com.br\/arquivo\/tve-quer-parceria-com-setor-audiovisual-para-lancar-edital-de-r-20-milhoes\/#listItem","name":"TVE quer parceria com setor audiovisual para lan\u00e7ar edital de R$ 20 milh\u00f5es"},"previousItem":{"@type":"ListItem","@id":"https:\/\/www.jornalja.com.br\/arquivo#listItem","name":"Home"}},{"@type":"ListItem","@id":"https:\/\/www.jornalja.com.br\/arquivo\/tve-quer-parceria-com-setor-audiovisual-para-lancar-edital-de-r-20-milhoes\/#listItem","position":3,"name":"TVE quer parceria com setor audiovisual para lan\u00e7ar edital de R$ 20 milh\u00f5es","previousItem":{"@type":"ListItem","@id":"https:\/\/www.jornalja.com.br\/arquivo\/category\/geral\/#listItem","name":"Geral"}}]},{"@type":"Organization","@id":"https:\/\/www.jornalja.com.br\/arquivo\/#organization","name":"Jornal J\u00c1","description":"Jornal J\u00c1 | Porto Alegre","url":"https:\/\/www.jornalja.com.br\/arquivo\/","telephone":"+555133307272","logo":{"@type":"ImageObject","url":"https:\/\/www.jornalja.com.br\/wp-content\/uploads\/cards\/JAslogan.png","@id":"https:\/\/www.jornalja.com.br\/arquivo\/tve-quer-parceria-com-setor-audiovisual-para-lancar-edital-de-r-20-milhoes\/#organizationLogo"},"image":{"@id":"https:\/\/www.jornalja.com.br\/arquivo\/tve-quer-parceria-com-setor-audiovisual-para-lancar-edital-de-r-20-milhoes\/#organizationLogo"}},{"@type":"Person","@id":"https:\/\/www.jornalja.com.br\/arquivo\/author\/daredacao\/#author","url":"https:\/\/www.jornalja.com.br\/arquivo\/author\/daredacao\/","name":"da Reda\u00e7\u00e3o","image":{"@type":"ImageObject","@id":"https:\/\/www.jornalja.com.br\/arquivo\/tve-quer-parceria-com-setor-audiovisual-para-lancar-edital-de-r-20-milhoes\/#authorImage","url":"https:\/\/secure.gravatar.com\/avatar\/469fd857d6605ad19919d27ed29d35a968a25f6e8fd9318356bbb7f57aae9c65?s=96&d=mm&r=g","width":96,"height":96,"caption":"da Reda\u00e7\u00e3o"}},{"@type":"WebPage","@id":"https:\/\/www.jornalja.com.br\/arquivo\/tve-quer-parceria-com-setor-audiovisual-para-lancar-edital-de-r-20-milhoes\/#webpage","url":"https:\/\/www.jornalja.com.br\/arquivo\/tve-quer-parceria-com-setor-audiovisual-para-lancar-edital-de-r-20-milhoes\/","name":"TVE quer parceria com setor audiovisual para lan\u00e7ar edital de R$ 20 milh\u00f5es | Arquivo","inLanguage":"pt-BR","isPartOf":{"@id":"https:\/\/www.jornalja.com.br\/arquivo\/#website"},"breadcrumb":{"@id":"https:\/\/www.jornalja.com.br\/arquivo\/tve-quer-parceria-com-setor-audiovisual-para-lancar-edital-de-r-20-milhoes\/#breadcrumblist"},"author":{"@id":"https:\/\/www.jornalja.com.br\/arquivo\/author\/daredacao\/#author"},"creator":{"@id":"https:\/\/www.jornalja.com.br\/arquivo\/author\/daredacao\/#author"},"image":{"@type":"ImageObject","url":50965,"@id":"https:\/\/www.jornalja.com.br\/arquivo\/tve-quer-parceria-com-setor-audiovisual-para-lancar-edital-de-r-20-milhoes\/#mainImage"},"primaryImageOfPage":{"@id":"https:\/\/www.jornalja.com.br\/arquivo\/tve-quer-parceria-com-setor-audiovisual-para-lancar-edital-de-r-20-milhoes\/#mainImage"},"datePublished":"2017-08-23T19:50:45-03:00","dateModified":"2017-08-23T19:50:45-03:00"},{"@type":"WebSite","@id":"https:\/\/www.jornalja.com.br\/arquivo\/#website","url":"https:\/\/www.jornalja.com.br\/arquivo\/","name":"Arquivo","description":"Jornal J\u00c1 | Porto Alegre","inLanguage":"pt-BR","publisher":{"@id":"https:\/\/www.jornalja.com.br\/arquivo\/#organization"}}]},"og:locale":"pt_BR","og:site_name":"Arquivo | Jornal J\u00c1 | Porto Alegre","og:type":"article","og:title":"TVE quer parceria com setor audiovisual para lan\u00e7ar edital de R$ 20 milh\u00f5es | Arquivo","og:url":"https:\/\/www.jornalja.com.br\/arquivo\/tve-quer-parceria-com-setor-audiovisual-para-lancar-edital-de-r-20-milhoes\/","og:image":"https:\/\/www.jornalja.com.br\/economics\/wp-content\/uploads\/sites\/11\/2026\/08\/ja-folhaderosto-facebook.jpg","og:image:secure_url":"https:\/\/www.jornalja.com.br\/economics\/wp-content\/uploads\/sites\/11\/2026\/08\/ja-folhaderosto-facebook.jpg","article:published_time":"2017-08-23T22:50:45+00:00","article:modified_time":"2017-08-23T22:50:45+00:00","twitter:card":"summary","twitter:title":"TVE quer parceria com setor audiovisual para lan\u00e7ar edital de R$ 20 milh\u00f5es | Arquivo","twitter:image":"https:\/\/www.jornalja.com.br\/economics\/wp-content\/uploads\/sites\/11\/2026\/08\/ja-folhaderosto-facebook.jpg"},"aioseo_meta_data":{"post_id":"54105","title":null,"description":null,"keywords":null,"keyphrases":null,"primary_term":null,"canonical_url":null,"og_title":null,"og_description":null,"og_object_type":"default","og_image_type":"default","og_image_url":null,"og_image_width":null,"og_image_height":null,"og_image_custom_url":null,"og_image_custom_fields":null,"og_video":null,"og_custom_url":null,"og_article_section":null,"og_article_tags":null,"twitter_use_og":false,"twitter_card":"default","twitter_image_type":"default","twitter_image_url":null,"twitter_image_custom_url":null,"twitter_image_custom_fields":null,"twitter_title":null,"twitter_description":null,"schema":{"blockGraphs":[],"customGraphs":[],"default":{"data":{"Article":[],"Course":[],"Dataset":[],"FAQPage":[],"Movie":[],"Person":[],"Product":[],"ProductReview":[],"Car":[],"Recipe":[],"Service":[],"SoftwareApplication":[],"WebPage":[]},"graphName":"","isEnabled":true},"graphs":[]},"schema_type":null,"schema_type_options":null,"pillar_content":false,"robots_default":true,"robots_noindex":false,"robots_noarchive":false,"robots_nosnippet":false,"robots_nofollow":false,"robots_noimageindex":false,"robots_noodp":false,"robots_notranslate":false,"robots_max_snippet":null,"robots_max_videopreview":null,"robots_max_imagepreview":"large","priority":null,"frequency":null,"location":null,"local_seo":null,"breadcrumb_settings":null,"limit_modified_date":false,"ai":null,"created":"2020-12-20 20:26:02","updated":"2025-07-20 00:34:01","seo_analyzer_scan_date":null,"focus_keyword":null,"additional_keywords":null,"truseo_locale":null},"jetpack_sharing_enabled":true,"jetpack-related-posts":[{"id":13124,"url":"https:\/\/www.jornalja.com.br\/arquivo\/sangue-latino-no-iecine\/","url_meta":{"origin":54105,"position":0},"title":"Sangue latino no IECINE","author":"da Reda\u00e7\u00e3o","date":"18 de maio de 2014","format":false,"excerpt":"Francisco Ribeiro O Instituto Estadual de Cinema (IECINE) tem a frente, desde abril \u00faltimo, um novo diretor, o cineasta colombiano Juan Zapata, 36, que substitui Luiz Alberto Cassol. Radicado h\u00e1 dez anos em Porto Alegre, Zapata tem diante de si o desafio de conduzir at\u00e9 o final do ano um\u2026","rel":"","context":"Em &quot;Cultura-Geral&quot;","block_context":{"text":"Cultura-Geral","link":"https:\/\/www.jornalja.com.br\/arquivo\/category\/materiasecundaria\/"},"img":{"alt_text":"","src":"","width":0,"height":0},"classes":[]},{"id":5440,"url":"https:\/\/www.jornalja.com.br\/arquivo\/casarao-da-venancio-destino-permanece-incerto\/","url_meta":{"origin":54105,"position":1},"title":"Estado ainda n\u00e3o sabe o que fazer com casar\u00e3o abandonado h\u00e1 20 anos","author":"Elmar Bones","date":"6 de julho de 2009","format":false,"excerpt":"O casar\u00e3o amarelo, numa esquina nobre de Porto Alegre (Ven\u00e2ncio Aires com Jo\u00e3o Pessoa), j\u00e1 abrigou uma escola. H\u00e1 duas d\u00e9cadas, pelo menos, est\u00e1 abandonado, porque seu propriet\u00e1rio, o governo do Estado do Rio Grande do Sul, n\u00e3o consegue achar um destino para ele. Planos n\u00e3o faltaram. O governador Ol\u00edvio\u2026","rel":"","context":"Em &quot;X.Categorias velhas&quot;","block_context":{"text":"X.Categorias velhas","link":"https:\/\/www.jornalja.com.br\/arquivo\/category\/x-categorias-velhas\/"},"img":{"alt_text":"geraldo1","src":"https:\/\/i0.wp.com\/www.jornalja.com.br\/wp-content\/uploads\/2009\/07\/geraldo1.jpg?resize=350%2C200&ssl=1","width":350,"height":200},"classes":[]},{"id":13239,"url":"https:\/\/www.jornalja.com.br\/arquivo\/conselho-desdenha-do-plano-diretor\/","url_meta":{"origin":54105,"position":2},"title":"Porto Alegre: Conselho detona Plano Diretor","author":"Patr\u00edcia Marini","date":"25 de maio de 2014","format":false,"excerpt":"Den\u00fancia do arquiteto e \u00a0urbanista Ibir\u00e1 Santos Lucas. Ele diz que os conselheiros est\u00e3o votando com \"enorme irresponsabilidade\". \"Mudam regime com a maior naturalidade,,,regularizam absurdos de constru\u00e7\u00f5es irregulares... \"O CMDUA est\u00e1 flexibilizando a lei do plano diretor, de uma forma impactante na vida da cidade. Mudam regime com a maior\u2026","rel":"","context":"Em &quot;Geral&quot;","block_context":{"text":"Geral","link":"https:\/\/www.jornalja.com.br\/arquivo\/category\/geral\/"},"img":{"alt_text":"","src":"","width":0,"height":0},"classes":[]},{"id":13240,"url":"https:\/\/www.jornalja.com.br\/arquivo\/plano-diretor-estamos-construindo-o-caos\/","url_meta":{"origin":54105,"position":3},"title":"Plano diretor: &quot;Estamos construindo o caos&quot;","author":"Patr\u00edcia Marini","date":"26 de maio de 2014","format":false,"excerpt":"Desabafo que arquiteta Eliana Castilhos, delegada da Regi\u00e3o de Planejamento 1, postou nas redes sociais \u00e9 um testemunho do ambiente que se criou no Conselho do Plano Diretor de Porto Alegre, onde a aprova\u00e7\u00e3o de grandes empreendimentos \u00e9 empurrada guela abaixo dos conselheiros. Ao CMDUA Como delegada da Regi\u00e3o de\u2026","rel":"","context":"Em &quot;Geral&quot;","block_context":{"text":"Geral","link":"https:\/\/www.jornalja.com.br\/arquivo\/category\/geral\/"},"img":{"alt_text":"","src":"","width":0,"height":0},"classes":[]}],"jetpack_shortlink":"https:\/\/wp.me\/pbQjBd-e4F","jetpack_featured_media_url":"","_links":{"self":[{"href":"https:\/\/www.jornalja.com.br\/arquivo\/wp-json\/wp\/v2\/posts\/54105","targetHints":{"allow":["GET"]}}],"collection":[{"href":"https:\/\/www.jornalja.com.br\/arquivo\/wp-json\/wp\/v2\/posts"}],"about":[{"href":"https:\/\/www.jornalja.com.br\/arquivo\/wp-json\/wp\/v2\/types\/post"}],"author":[{"embeddable":true,"href":"https:\/\/www.jornalja.com.br\/arquivo\/wp-json\/wp\/v2\/users\/4"}],"replies":[{"embeddable":true,"href":"https:\/\/www.jornalja.com.br\/arquivo\/wp-json\/wp\/v2\/comments?post=54105"}],"version-history":[{"count":0,"href":"https:\/\/www.jornalja.com.br\/arquivo\/wp-json\/wp\/v2\/posts\/54105\/revisions"}],"wp:attachment":[{"href":"https:\/\/www.jornalja.com.br\/arquivo\/wp-json\/wp\/v2\/media?parent=54105"}],"wp:term":[{"taxonomy":"category","embeddable":true,"href":"https:\/\/www.jornalja.com.br\/arquivo\/wp-json\/wp\/v2\/categories?post=54105"},{"taxonomy":"post_tag","embeddable":true,"href":"https:\/\/www.jornalja.com.br\/arquivo\/wp-json\/wp\/v2\/tags?post=54105"}],"curies":[{"name":"wp","href":"https:\/\/api.w.org\/{rel}","templated":true}]}}