{"id":54106,"date":"2017-08-23T19:12:40","date_gmt":"2017-08-23T22:12:40","guid":{"rendered":"https:\/\/www.jornalja.com.br\/?p=54106"},"modified":"2017-08-23T19:12:40","modified_gmt":"2017-08-23T22:12:40","slug":"brasileiros-a-revista-suspende-edicao-impressa-e-migra-para-o-digital","status":"publish","type":"post","link":"https:\/\/www.jornalja.com.br\/arquivo\/brasileiros-a-revista-suspende-edicao-impressa-e-migra-para-o-digital\/","title":{"rendered":"Revista &quot;Brasileiros&quot; suspende edi\u00e7\u00e3o impressa e migra para o digital"},"content":{"rendered":"<p>A revista Brasileiros, fundada h\u00e1 dez anos em S\u00e3o Paulo, est\u00e1 migrando da m\u00eddia impressa para a eletr\u00f4nica., na qual j\u00e1 vinha operando.<br \/>\nA revista mensal de 100 p\u00e1ginas ficou insustent\u00e1vel desde a perda de an\u00fancios do governo federal a partir do impeachment de Dilma Rousseff.<br \/>\nO projeto continua sob a dire\u00e7\u00e3o de Helio Campos Mello, ex-veja, ex-isto\u00e9, mas mudou boa parte da equipe, na qual despontaram, desde o in\u00edcio, o editor Nirlando Beir\u00e3o e o rep\u00f3rter Ricardo Kotscho, ex-assessor de imprensa do presidente Lula.<br \/>\nN\u00e3o \u00e9 um projeto petista, mas tinha o DNA de ve\u00edculos de centro-esquerda como Caros Amigos, GGN, Viomundo, 247 e outros menos vis\u00edveis.<br \/>\nNuma mensagem aos amigos, assinantes, colaboradores, leitores e torcedores em geral, o diretor Helio Campos Mello escreveu que a revista Brasileiros (mais a Cultura, um subproduto tamb\u00e9m mensal) passa a ser \u201cespecial\u201d, isto \u00e9, ser\u00e1 editada \u201cquando houver oportunidade para tal\u201d, quem sabe quatro vezes por ano, dependendo da disponibilidade de \u201ccombust\u00edvel\u201d ou, seja, anunciantes ou patrocinadores.<br \/>\nA revista Arte!Brasileiros, que se encaixou num nicho exclusivo, continua bimestral.<br \/>\nFoi, portanto, uma virada do impresso para o eletr\u00f4nico. \u201cDepois de diminuir o tamanho do barco, tripula\u00e7\u00e3o inclusa, concentramos esfor\u00e7os no <strong><em>paginaB!<\/em><\/strong>, portal com a mesma pegada editorial mas com desenho mais contempor\u00e2neo\u201d, diz Campos Mello, destacando que o projeto continua buscando refletir a realidade brasileira, contando inclusive com novos colunistas como Renato Janine Ribeiro, S\u00e9rgio Vaz, Peter Pal Pelbert e outros. O novo editor \u00e9 Paulo Motoryn, da \u201cnova guarda\u201d.<br \/>\nA mudan\u00e7a. anunciada no dia 22 de agosto.<br \/>\n\u201cHORA DE VIRAR A P\u00c1GINA<br \/>\nA Brasileiros foi fundada dez anos atr\u00e1s no embalo de um Pa\u00eds mergulhado na democracia, que buscava crescer economicamente e pretendia dar voz a seus cidad\u00e3os.<br \/>\nA liberdade de se expressar, o respeito \u00e0s diferen\u00e7as, o cuidado com o outro, formavam parte dos princ\u00edpios da revista e de um momento nacional e internacional que acompanhava o melhor da contemporaneidade.<br \/>\nConsegu\u00edamos desenvolver semin\u00e1rios p\u00fablicos, com acesso gratuito a milhares de pessoas, nos quais especialistas discutiam \u201ccomo se faz um Pa\u00eds\u201d. Neste per\u00edodo, desenvolvemos in\u00fameras iniciativas editoriais ligadas \u00e0 inova\u00e7\u00e3o, pol\u00edtica, economia, arte e cultura.<br \/>\nContudo, h\u00e1 tr\u00eas anos, este cen\u00e1rio mudou. Instaurou-se um quadro de esfacelamento nacional, de recursos escassos. A classe m\u00e9dia foi impelida a pagar a conta e enormes grupos que, na fartura de antes, ganharam inclus\u00e3o social, perderam seu poder de compra. Pior foi que aquela oportunidade\u00a0 de acesso, se possibilitou a compra de geladeiras e televis\u00f5es, passou ao largo da obten\u00e7\u00e3o do capital cultural, necess\u00e1rio para crescer efetivamente.<br \/>\nDiante disto, m\u00eddias capazes de nos fazer refletir sobre o momento que vivemos tornam-se ainda mais fundamentais. M\u00eddias que tenham como premissa o rigor editorial. Por isso, a Brasileiros se reposiciona perante o mercado, desenvolvendo um novo produto, que ter\u00e1 conte\u00fado desenvolvido com foco na reflex\u00e3o: o novo portal <strong>p\u00e1ginaB!<\/strong><br \/>\nMantendo nossos princ\u00edpios, seguindo a s\u00f3lida linha editorial das revistas, o <strong>p\u00e1ginaB!<\/strong> privilegiar\u00e1 em ambiente digital an\u00e1lises, grandes reportagens, bel\u00edssimas imagens, artigos e, como sempre, o cuidado com o leitor. Este projeto dar\u00e1 espa\u00e7o de forma especial \u00e0 linguagem de v\u00eddeo. Entrevistas com especialistas em literatura, arte contempor\u00e2nea, comportamento, educa\u00e7\u00e3o, antrop\u00f3logos, fil\u00f3sofos, economistas, psicanalistas que semanalmente ter\u00e3o destaques por tema.<br \/>\nAs revistas Brasileiros e CULTURA!Brasileiros em formato impresso ganhar\u00e3o edi\u00e7\u00f5es especiais e deixar\u00e3o de circular mensalmente. A ARTE!Brasileiros continuar\u00e1 a ser impressa bimestralmente.<br \/>\nVamos virar a p\u00e1gina. O portal p\u00e1ginaB nasce em agosto de 2017 para refor\u00e7ar mais uma vez um dos ideais da Brasileiros, de que reflex\u00e3o \u00e9 o que conta.<br \/>\nContinue conosco. Acesse <a href=\"http:\/\/www.paginab.com.br\" data-saferedirecturl=\"http:\/\/www.google.com\/url?hl=pt-BR&amp;q=http:\/\/www.paginab.com.br&amp;source=gmail&amp;ust=1503605608605000&amp;usg=AFQjCNHNyLaD_RsbsL7dV-WuW0ndcOBpCQ\">www.paginab.com.br<\/a> \u201d<\/p>\n","protected":false},"excerpt":{"rendered":"<p>A revista Brasileiros, fundada h\u00e1 dez anos em S\u00e3o Paulo, est\u00e1 migrando da m\u00eddia impressa para a eletr\u00f4nica., na qual j\u00e1 vinha operando. A revista mensal de 100 p\u00e1ginas ficou insustent\u00e1vel desde a perda de an\u00fancios do governo federal a partir do impeachment de Dilma Rousseff. O projeto continua sob a dire\u00e7\u00e3o de Helio Campos [&hellip;]<\/p>\n","protected":false},"author":4,"featured_media":54111,"comment_status":"open","ping_status":"closed","sticky":false,"template":"","format":"standard","meta":{"_jetpack_newsletter_access":"","_jetpack_dont_email_post_to_subs":false,"_jetpack_newsletter_tier_id":0,"_jetpack_memberships_contains_paywalled_content":false,"_jetpack_feature_clip_id":0,"_jetpack_memberships_contains_paid_content":false,"footnotes":"","jetpack_post_was_ever_published":false},"categories":[26],"tags":[],"class_list":["post-54106","post","type-post","status-publish","format-standard","has-post-thumbnail","hentry","category-geral"],"aioseo_notices":[],"aioseo_head":"\n\t\t<!-- All in One SEO 5.0.1.1 - aioseo.com -->\n\t<meta name=\"robots\" content=\"max-image-preview:large\" \/>\n\t<meta name=\"author\" content=\"da Reda\u00e7\u00e3o\"\/>\n\t<link rel=\"canonical\" href=\"https:\/\/www.jornalja.com.br\/arquivo\/brasileiros-a-revista-suspende-edicao-impressa-e-migra-para-o-digital\/\" \/>\n\t<meta name=\"generator\" content=\"All in One SEO (AIOSEO) 5.0.1.1\" \/>\n\t\t<meta property=\"og:locale\" content=\"pt_BR\" \/>\n\t\t<meta property=\"og:site_name\" content=\"Arquivo | Jornal J\u00c1 | Porto Alegre\" \/>\n\t\t<meta property=\"og:type\" content=\"article\" \/>\n\t\t<meta property=\"og:title\" content=\"Revista &quot;Brasileiros&quot; suspende edi\u00e7\u00e3o impressa e migra para o digital | Arquivo\" \/>\n\t\t<meta property=\"og:url\" content=\"https:\/\/www.jornalja.com.br\/arquivo\/brasileiros-a-revista-suspende-edicao-impressa-e-migra-para-o-digital\/\" \/>\n\t\t<meta property=\"og:image\" content=\"https:\/\/www.jornalja.com.br\/economics\/wp-content\/uploads\/sites\/11\/2026\/08\/ja-folhaderosto-facebook.jpg\" \/>\n\t\t<meta property=\"og:image:secure_url\" content=\"https:\/\/www.jornalja.com.br\/economics\/wp-content\/uploads\/sites\/11\/2026\/08\/ja-folhaderosto-facebook.jpg\" \/>\n\t\t<meta property=\"article:published_time\" content=\"2017-08-23T22:12:40+00:00\" \/>\n\t\t<meta property=\"article:modified_time\" content=\"2017-08-23T22:12:40+00:00\" \/>\n\t\t<meta name=\"twitter:card\" content=\"summary\" \/>\n\t\t<meta name=\"twitter:title\" content=\"Revista &quot;Brasileiros&quot; suspende edi\u00e7\u00e3o impressa e migra para o digital | Arquivo\" \/>\n\t\t<meta name=\"twitter:image\" content=\"https:\/\/www.jornalja.com.br\/economics\/wp-content\/uploads\/sites\/11\/2026\/08\/ja-folhaderosto-facebook.jpg\" \/>\n\t\t<script type=\"application\/ld+json\" class=\"aioseo-schema\">\n\t\t\t{\"@context\":\"https:\\\/\\\/schema.org\",\"@graph\":[{\"@type\":\"BlogPosting\",\"@id\":\"https:\\\/\\\/www.jornalja.com.br\\\/arquivo\\\/brasileiros-a-revista-suspende-edicao-impressa-e-migra-para-o-digital\\\/#blogposting\",\"name\":\"Revista \\\"Brasileiros\\\" suspende edi\\u00e7\\u00e3o impressa e migra para o digital | Arquivo\",\"headline\":\"Revista &quot;Brasileiros&quot; suspende edi\\u00e7\\u00e3o impressa e migra para o digital\",\"author\":{\"@id\":\"https:\\\/\\\/www.jornalja.com.br\\\/arquivo\\\/author\\\/daredacao\\\/#author\"},\"publisher\":{\"@id\":\"https:\\\/\\\/www.jornalja.com.br\\\/arquivo\\\/#organization\"},\"image\":{\"@type\":\"ImageObject\",\"url\":54111},\"datePublished\":\"2017-08-23T19:12:40-03:00\",\"dateModified\":\"2017-08-23T19:12:40-03:00\",\"inLanguage\":\"pt-BR\",\"mainEntityOfPage\":{\"@id\":\"https:\\\/\\\/www.jornalja.com.br\\\/arquivo\\\/brasileiros-a-revista-suspende-edicao-impressa-e-migra-para-o-digital\\\/#webpage\"},\"isPartOf\":{\"@id\":\"https:\\\/\\\/www.jornalja.com.br\\\/arquivo\\\/brasileiros-a-revista-suspende-edicao-impressa-e-migra-para-o-digital\\\/#webpage\"},\"articleSection\":\"Geral\"},{\"@type\":\"BreadcrumbList\",\"@id\":\"https:\\\/\\\/www.jornalja.com.br\\\/arquivo\\\/brasileiros-a-revista-suspende-edicao-impressa-e-migra-para-o-digital\\\/#breadcrumblist\",\"itemListElement\":[{\"@type\":\"ListItem\",\"@id\":\"https:\\\/\\\/www.jornalja.com.br\\\/arquivo#listItem\",\"position\":1,\"name\":\"Home\",\"item\":\"https:\\\/\\\/www.jornalja.com.br\\\/arquivo\",\"nextItem\":{\"@type\":\"ListItem\",\"@id\":\"https:\\\/\\\/www.jornalja.com.br\\\/arquivo\\\/category\\\/geral\\\/#listItem\",\"name\":\"Geral\"}},{\"@type\":\"ListItem\",\"@id\":\"https:\\\/\\\/www.jornalja.com.br\\\/arquivo\\\/category\\\/geral\\\/#listItem\",\"position\":2,\"name\":\"Geral\",\"item\":\"https:\\\/\\\/www.jornalja.com.br\\\/arquivo\\\/category\\\/geral\\\/\",\"nextItem\":{\"@type\":\"ListItem\",\"@id\":\"https:\\\/\\\/www.jornalja.com.br\\\/arquivo\\\/brasileiros-a-revista-suspende-edicao-impressa-e-migra-para-o-digital\\\/#listItem\",\"name\":\"Revista &quot;Brasileiros&quot; suspende edi\\u00e7\\u00e3o impressa e migra para o digital\"},\"previousItem\":{\"@type\":\"ListItem\",\"@id\":\"https:\\\/\\\/www.jornalja.com.br\\\/arquivo#listItem\",\"name\":\"Home\"}},{\"@type\":\"ListItem\",\"@id\":\"https:\\\/\\\/www.jornalja.com.br\\\/arquivo\\\/brasileiros-a-revista-suspende-edicao-impressa-e-migra-para-o-digital\\\/#listItem\",\"position\":3,\"name\":\"Revista &quot;Brasileiros&quot; suspende edi\\u00e7\\u00e3o impressa e migra para o digital\",\"previousItem\":{\"@type\":\"ListItem\",\"@id\":\"https:\\\/\\\/www.jornalja.com.br\\\/arquivo\\\/category\\\/geral\\\/#listItem\",\"name\":\"Geral\"}}]},{\"@type\":\"Organization\",\"@id\":\"https:\\\/\\\/www.jornalja.com.br\\\/arquivo\\\/#organization\",\"name\":\"Jornal J\\u00c1\",\"description\":\"Jornal J\\u00c1 | Porto Alegre\",\"url\":\"https:\\\/\\\/www.jornalja.com.br\\\/arquivo\\\/\",\"telephone\":\"+555133307272\",\"logo\":{\"@type\":\"ImageObject\",\"url\":\"https:\\\/\\\/www.jornalja.com.br\\\/wp-content\\\/uploads\\\/cards\\\/JAslogan.png\",\"@id\":\"https:\\\/\\\/www.jornalja.com.br\\\/arquivo\\\/brasileiros-a-revista-suspende-edicao-impressa-e-migra-para-o-digital\\\/#organizationLogo\"},\"image\":{\"@id\":\"https:\\\/\\\/www.jornalja.com.br\\\/arquivo\\\/brasileiros-a-revista-suspende-edicao-impressa-e-migra-para-o-digital\\\/#organizationLogo\"}},{\"@type\":\"Person\",\"@id\":\"https:\\\/\\\/www.jornalja.com.br\\\/arquivo\\\/author\\\/daredacao\\\/#author\",\"url\":\"https:\\\/\\\/www.jornalja.com.br\\\/arquivo\\\/author\\\/daredacao\\\/\",\"name\":\"da Reda\\u00e7\\u00e3o\",\"image\":{\"@type\":\"ImageObject\",\"@id\":\"https:\\\/\\\/www.jornalja.com.br\\\/arquivo\\\/brasileiros-a-revista-suspende-edicao-impressa-e-migra-para-o-digital\\\/#authorImage\",\"url\":\"https:\\\/\\\/secure.gravatar.com\\\/avatar\\\/469fd857d6605ad19919d27ed29d35a968a25f6e8fd9318356bbb7f57aae9c65?s=96&d=mm&r=g\",\"width\":96,\"height\":96,\"caption\":\"da Reda\\u00e7\\u00e3o\"}},{\"@type\":\"WebPage\",\"@id\":\"https:\\\/\\\/www.jornalja.com.br\\\/arquivo\\\/brasileiros-a-revista-suspende-edicao-impressa-e-migra-para-o-digital\\\/#webpage\",\"url\":\"https:\\\/\\\/www.jornalja.com.br\\\/arquivo\\\/brasileiros-a-revista-suspende-edicao-impressa-e-migra-para-o-digital\\\/\",\"name\":\"Revista \\\"Brasileiros\\\" suspende edi\\u00e7\\u00e3o impressa e migra para o digital | Arquivo\",\"inLanguage\":\"pt-BR\",\"isPartOf\":{\"@id\":\"https:\\\/\\\/www.jornalja.com.br\\\/arquivo\\\/#website\"},\"breadcrumb\":{\"@id\":\"https:\\\/\\\/www.jornalja.com.br\\\/arquivo\\\/brasileiros-a-revista-suspende-edicao-impressa-e-migra-para-o-digital\\\/#breadcrumblist\"},\"author\":{\"@id\":\"https:\\\/\\\/www.jornalja.com.br\\\/arquivo\\\/author\\\/daredacao\\\/#author\"},\"creator\":{\"@id\":\"https:\\\/\\\/www.jornalja.com.br\\\/arquivo\\\/author\\\/daredacao\\\/#author\"},\"image\":{\"@type\":\"ImageObject\",\"url\":54111,\"@id\":\"https:\\\/\\\/www.jornalja.com.br\\\/arquivo\\\/brasileiros-a-revista-suspende-edicao-impressa-e-migra-para-o-digital\\\/#mainImage\"},\"primaryImageOfPage\":{\"@id\":\"https:\\\/\\\/www.jornalja.com.br\\\/arquivo\\\/brasileiros-a-revista-suspende-edicao-impressa-e-migra-para-o-digital\\\/#mainImage\"},\"datePublished\":\"2017-08-23T19:12:40-03:00\",\"dateModified\":\"2017-08-23T19:12:40-03:00\"},{\"@type\":\"WebSite\",\"@id\":\"https:\\\/\\\/www.jornalja.com.br\\\/arquivo\\\/#website\",\"url\":\"https:\\\/\\\/www.jornalja.com.br\\\/arquivo\\\/\",\"name\":\"Arquivo\",\"description\":\"Jornal J\\u00c1 | Porto Alegre\",\"inLanguage\":\"pt-BR\",\"publisher\":{\"@id\":\"https:\\\/\\\/www.jornalja.com.br\\\/arquivo\\\/#organization\"}}]}\n\t\t<\/script>\n\t\t<!-- All in One SEO -->\n\n","aioseo_head_json":{"title":"Revista \"Brasileiros\" suspende edi\u00e7\u00e3o impressa e migra para o digital | Arquivo","description":"","canonical_url":"https:\/\/www.jornalja.com.br\/arquivo\/brasileiros-a-revista-suspende-edicao-impressa-e-migra-para-o-digital\/","robots":"max-image-preview:large","keywords":"","webmasterTools":{"miscellaneous":""},"schema":{"@context":"https:\/\/schema.org","@graph":[{"@type":"BlogPosting","@id":"https:\/\/www.jornalja.com.br\/arquivo\/brasileiros-a-revista-suspende-edicao-impressa-e-migra-para-o-digital\/#blogposting","name":"Revista \"Brasileiros\" suspende edi\u00e7\u00e3o impressa e migra para o digital | Arquivo","headline":"Revista &quot;Brasileiros&quot; suspende edi\u00e7\u00e3o impressa e migra para o digital","author":{"@id":"https:\/\/www.jornalja.com.br\/arquivo\/author\/daredacao\/#author"},"publisher":{"@id":"https:\/\/www.jornalja.com.br\/arquivo\/#organization"},"image":{"@type":"ImageObject","url":54111},"datePublished":"2017-08-23T19:12:40-03:00","dateModified":"2017-08-23T19:12:40-03:00","inLanguage":"pt-BR","mainEntityOfPage":{"@id":"https:\/\/www.jornalja.com.br\/arquivo\/brasileiros-a-revista-suspende-edicao-impressa-e-migra-para-o-digital\/#webpage"},"isPartOf":{"@id":"https:\/\/www.jornalja.com.br\/arquivo\/brasileiros-a-revista-suspende-edicao-impressa-e-migra-para-o-digital\/#webpage"},"articleSection":"Geral"},{"@type":"BreadcrumbList","@id":"https:\/\/www.jornalja.com.br\/arquivo\/brasileiros-a-revista-suspende-edicao-impressa-e-migra-para-o-digital\/#breadcrumblist","itemListElement":[{"@type":"ListItem","@id":"https:\/\/www.jornalja.com.br\/arquivo#listItem","position":1,"name":"Home","item":"https:\/\/www.jornalja.com.br\/arquivo","nextItem":{"@type":"ListItem","@id":"https:\/\/www.jornalja.com.br\/arquivo\/category\/geral\/#listItem","name":"Geral"}},{"@type":"ListItem","@id":"https:\/\/www.jornalja.com.br\/arquivo\/category\/geral\/#listItem","position":2,"name":"Geral","item":"https:\/\/www.jornalja.com.br\/arquivo\/category\/geral\/","nextItem":{"@type":"ListItem","@id":"https:\/\/www.jornalja.com.br\/arquivo\/brasileiros-a-revista-suspende-edicao-impressa-e-migra-para-o-digital\/#listItem","name":"Revista &quot;Brasileiros&quot; suspende edi\u00e7\u00e3o impressa e migra para o digital"},"previousItem":{"@type":"ListItem","@id":"https:\/\/www.jornalja.com.br\/arquivo#listItem","name":"Home"}},{"@type":"ListItem","@id":"https:\/\/www.jornalja.com.br\/arquivo\/brasileiros-a-revista-suspende-edicao-impressa-e-migra-para-o-digital\/#listItem","position":3,"name":"Revista &quot;Brasileiros&quot; suspende edi\u00e7\u00e3o impressa e migra para o digital","previousItem":{"@type":"ListItem","@id":"https:\/\/www.jornalja.com.br\/arquivo\/category\/geral\/#listItem","name":"Geral"}}]},{"@type":"Organization","@id":"https:\/\/www.jornalja.com.br\/arquivo\/#organization","name":"Jornal J\u00c1","description":"Jornal J\u00c1 | Porto Alegre","url":"https:\/\/www.jornalja.com.br\/arquivo\/","telephone":"+555133307272","logo":{"@type":"ImageObject","url":"https:\/\/www.jornalja.com.br\/wp-content\/uploads\/cards\/JAslogan.png","@id":"https:\/\/www.jornalja.com.br\/arquivo\/brasileiros-a-revista-suspende-edicao-impressa-e-migra-para-o-digital\/#organizationLogo"},"image":{"@id":"https:\/\/www.jornalja.com.br\/arquivo\/brasileiros-a-revista-suspende-edicao-impressa-e-migra-para-o-digital\/#organizationLogo"}},{"@type":"Person","@id":"https:\/\/www.jornalja.com.br\/arquivo\/author\/daredacao\/#author","url":"https:\/\/www.jornalja.com.br\/arquivo\/author\/daredacao\/","name":"da Reda\u00e7\u00e3o","image":{"@type":"ImageObject","@id":"https:\/\/www.jornalja.com.br\/arquivo\/brasileiros-a-revista-suspende-edicao-impressa-e-migra-para-o-digital\/#authorImage","url":"https:\/\/secure.gravatar.com\/avatar\/469fd857d6605ad19919d27ed29d35a968a25f6e8fd9318356bbb7f57aae9c65?s=96&d=mm&r=g","width":96,"height":96,"caption":"da Reda\u00e7\u00e3o"}},{"@type":"WebPage","@id":"https:\/\/www.jornalja.com.br\/arquivo\/brasileiros-a-revista-suspende-edicao-impressa-e-migra-para-o-digital\/#webpage","url":"https:\/\/www.jornalja.com.br\/arquivo\/brasileiros-a-revista-suspende-edicao-impressa-e-migra-para-o-digital\/","name":"Revista \"Brasileiros\" suspende edi\u00e7\u00e3o impressa e migra para o digital | Arquivo","inLanguage":"pt-BR","isPartOf":{"@id":"https:\/\/www.jornalja.com.br\/arquivo\/#website"},"breadcrumb":{"@id":"https:\/\/www.jornalja.com.br\/arquivo\/brasileiros-a-revista-suspende-edicao-impressa-e-migra-para-o-digital\/#breadcrumblist"},"author":{"@id":"https:\/\/www.jornalja.com.br\/arquivo\/author\/daredacao\/#author"},"creator":{"@id":"https:\/\/www.jornalja.com.br\/arquivo\/author\/daredacao\/#author"},"image":{"@type":"ImageObject","url":54111,"@id":"https:\/\/www.jornalja.com.br\/arquivo\/brasileiros-a-revista-suspende-edicao-impressa-e-migra-para-o-digital\/#mainImage"},"primaryImageOfPage":{"@id":"https:\/\/www.jornalja.com.br\/arquivo\/brasileiros-a-revista-suspende-edicao-impressa-e-migra-para-o-digital\/#mainImage"},"datePublished":"2017-08-23T19:12:40-03:00","dateModified":"2017-08-23T19:12:40-03:00"},{"@type":"WebSite","@id":"https:\/\/www.jornalja.com.br\/arquivo\/#website","url":"https:\/\/www.jornalja.com.br\/arquivo\/","name":"Arquivo","description":"Jornal J\u00c1 | Porto Alegre","inLanguage":"pt-BR","publisher":{"@id":"https:\/\/www.jornalja.com.br\/arquivo\/#organization"}}]},"og:locale":"pt_BR","og:site_name":"Arquivo | Jornal J\u00c1 | Porto Alegre","og:type":"article","og:title":"Revista &quot;Brasileiros&quot; suspende edi\u00e7\u00e3o impressa e migra para o digital | Arquivo","og:url":"https:\/\/www.jornalja.com.br\/arquivo\/brasileiros-a-revista-suspende-edicao-impressa-e-migra-para-o-digital\/","og:image":"https:\/\/www.jornalja.com.br\/economics\/wp-content\/uploads\/sites\/11\/2026\/08\/ja-folhaderosto-facebook.jpg","og:image:secure_url":"https:\/\/www.jornalja.com.br\/economics\/wp-content\/uploads\/sites\/11\/2026\/08\/ja-folhaderosto-facebook.jpg","article:published_time":"2017-08-23T22:12:40+00:00","article:modified_time":"2017-08-23T22:12:40+00:00","twitter:card":"summary","twitter:title":"Revista &quot;Brasileiros&quot; suspende edi\u00e7\u00e3o impressa e migra para o digital | Arquivo","twitter:image":"https:\/\/www.jornalja.com.br\/economics\/wp-content\/uploads\/sites\/11\/2026\/08\/ja-folhaderosto-facebook.jpg"},"aioseo_meta_data":{"post_id":"54106","title":null,"description":null,"keywords":null,"keyphrases":null,"primary_term":null,"canonical_url":null,"og_title":null,"og_description":null,"og_object_type":"default","og_image_type":"default","og_image_url":null,"og_image_width":null,"og_image_height":null,"og_image_custom_url":null,"og_image_custom_fields":null,"og_video":null,"og_custom_url":null,"og_article_section":null,"og_article_tags":null,"twitter_use_og":false,"twitter_card":"default","twitter_image_type":"default","twitter_image_url":null,"twitter_image_custom_url":null,"twitter_image_custom_fields":null,"twitter_title":null,"twitter_description":null,"schema":{"blockGraphs":[],"customGraphs":[],"default":{"data":{"Article":[],"Course":[],"Dataset":[],"FAQPage":[],"Movie":[],"Person":[],"Product":[],"ProductReview":[],"Car":[],"Recipe":[],"Service":[],"SoftwareApplication":[],"WebPage":[]},"graphName":"","isEnabled":true},"graphs":[],"defaultGraph":"","defaultPostTypeGraph":""},"schema_type":null,"schema_type_options":null,"pillar_content":false,"robots_default":true,"robots_noindex":false,"robots_noarchive":false,"robots_nosnippet":false,"robots_nofollow":false,"robots_noimageindex":false,"robots_noodp":false,"robots_notranslate":false,"robots_max_snippet":null,"robots_max_videopreview":null,"robots_max_imagepreview":"large","priority":null,"frequency":null,"location":null,"local_seo":null,"breadcrumb_settings":null,"limit_modified_date":false,"ai":null,"created":"2020-12-20 20:26:02","updated":"2025-07-20 00:34:01","seo_analyzer_scan_date":null,"focus_keyword":null,"additional_keywords":null,"truseo_locale":null},"jetpack_sharing_enabled":true,"jetpack-related-posts":[{"id":13101,"url":"https:\/\/www.jornalja.com.br\/arquivo\/morre-um-guerreiro-do-texto\/","url_meta":{"origin":54106,"position":0},"title":"Morre um guerreiro do texto","author":"Patr\u00edcia Marini","date":"14 de maio de 2014","format":false,"excerpt":"Por Ricardo Kotscho Reproduzido do blog do autor, 11\/5\/2014; t\u00edtulo original \u201cE l\u00e1 se foi o nosso Myltainho, guerreiro do texto\u201d. Mi\u00fado e franzino, meu amigo Myltainho era um valente e inconformado guerreiro na luta contra as injusti\u00e7as sociais, a hipocrisia, as maracutaias, o autoritarismo, a intoler\u00e2ncia, a viol\u00eancia, o\u2026","rel":"","context":"Em &quot;Geral&quot;","block_context":{"text":"Geral","link":"https:\/\/www.jornalja.com.br\/arquivo\/category\/geral\/"},"img":{"alt_text":"","src":"","width":0,"height":0},"classes":[]},{"id":14241,"url":"https:\/\/www.jornalja.com.br\/arquivo\/o-guaiba-nas-imagens-poeticas-de-achutti\/","url_meta":{"origin":54106,"position":1},"title":"O Gua\u00edba nas imagens po\u00e9ticas de Achutti","author":"da Reda\u00e7\u00e3o","date":"18 de junho de 2014","format":false,"excerpt":"Em \u201cO Gua\u00edba por Achutti\u201d \u2013 obra financiada via Minist\u00e9rio da Cultura, produ\u00e7\u00e3o executiva de Pedro Longhi, e Fl\u00e1vio Wild como designer \u2013, o fot\u00f3grafo revela a beleza e as mazelas de um espa\u00e7o aqu\u00e1tico de \u00e1guas sempre renovadas, cheio de hist\u00f3rias e lendas como as das cidades que foram\u2026","rel":"","context":"Em &quot;Cultura-Geral&quot;","block_context":{"text":"Cultura-Geral","link":"https:\/\/www.jornalja.com.br\/arquivo\/category\/materiasecundaria\/"},"img":{"alt_text":"","src":"","width":0,"height":0},"classes":[]},{"id":13109,"url":"https:\/\/www.jornalja.com.br\/arquivo\/judiciario-reconhece-poluicao-eletromagnetica\/","url_meta":{"origin":54106,"position":2},"title":"Judici\u00e1rio reconhece polui\u00e7\u00e3o eletromagn\u00e9tica","author":"Patr\u00edcia Marini","date":"16 de maio de 2014","format":false,"excerpt":"A\u00e7\u00e3o de duas associa\u00e7\u00f5es de moradores foi acolhida pelo Tribunal de Justi\u00e7a de S\u00e3o Paulo que. em decis\u00e3o in\u00e9dita, determinou a redu\u00e7\u00e3o do campo eletromagn\u00e9tico gerado pelas linhas de transmiss\u00e3o de energia que cortam os bairros City Boa\u00e7ava e Alto de Pinheiros. \u00c9 a primeira vez que um tribunal do\u2026","rel":"","context":"Em &quot;X.Categorias velhas&quot;","block_context":{"text":"X.Categorias velhas","link":"https:\/\/www.jornalja.com.br\/arquivo\/category\/x-categorias-velhas\/"},"img":{"alt_text":"","src":"","width":0,"height":0},"classes":[]},{"id":5440,"url":"https:\/\/www.jornalja.com.br\/arquivo\/casarao-da-venancio-destino-permanece-incerto\/","url_meta":{"origin":54106,"position":3},"title":"Estado ainda n\u00e3o sabe o que fazer com casar\u00e3o abandonado h\u00e1 20 anos","author":"Elmar Bones","date":"6 de julho de 2009","format":false,"excerpt":"O casar\u00e3o amarelo, numa esquina nobre de Porto Alegre (Ven\u00e2ncio Aires com Jo\u00e3o Pessoa), j\u00e1 abrigou uma escola. H\u00e1 duas d\u00e9cadas, pelo menos, est\u00e1 abandonado, porque seu propriet\u00e1rio, o governo do Estado do Rio Grande do Sul, n\u00e3o consegue achar um destino para ele. Planos n\u00e3o faltaram. O governador Ol\u00edvio\u2026","rel":"","context":"Em &quot;X.Categorias velhas&quot;","block_context":{"text":"X.Categorias velhas","link":"https:\/\/www.jornalja.com.br\/arquivo\/category\/x-categorias-velhas\/"},"img":{"alt_text":"geraldo1","src":"https:\/\/i0.wp.com\/www.jornalja.com.br\/wp-content\/uploads\/2009\/07\/geraldo1.jpg?resize=350%2C200&ssl=1","width":350,"height":200},"classes":[]},{"id":13124,"url":"https:\/\/www.jornalja.com.br\/arquivo\/sangue-latino-no-iecine\/","url_meta":{"origin":54106,"position":4},"title":"Sangue latino no IECINE","author":"da Reda\u00e7\u00e3o","date":"18 de maio de 2014","format":false,"excerpt":"Francisco Ribeiro O Instituto Estadual de Cinema (IECINE) tem a frente, desde abril \u00faltimo, um novo diretor, o cineasta colombiano Juan Zapata, 36, que substitui Luiz Alberto Cassol. Radicado h\u00e1 dez anos em Porto Alegre, Zapata tem diante de si o desafio de conduzir at\u00e9 o final do ano um\u2026","rel":"","context":"Em &quot;Cultura-Geral&quot;","block_context":{"text":"Cultura-Geral","link":"https:\/\/www.jornalja.com.br\/arquivo\/category\/materiasecundaria\/"},"img":{"alt_text":"","src":"","width":0,"height":0},"classes":[]},{"id":13128,"url":"https:\/\/www.jornalja.com.br\/arquivo\/maconha-terra-diz-que-uso-medicinal-e-desculpa\/","url_meta":{"origin":54106,"position":5},"title":"Maconha: Terra diz que uso medicinal \u00e9 desculpa","author":"Patr\u00edcia Marini","date":"4 de junho de 2014","format":false,"excerpt":"A condi\u00e7\u00e3o de pol\u00edtico, em \u00e9poca de campanha de campanha eleitoral, tira for\u00e7a do discurso do m\u00e9dico Osmar Terra contra a legaliza\u00e7\u00e3o da maconha. A tese dele de que a libera\u00e7\u00e3o vai ampliar exponencialmente o consumo \u00e9 discutivel, o consumo \u00e9 corrente. Mas seus alertas quanto aos riscos tem que\u2026","rel":"","context":"Em &quot;X.Categorias velhas&quot;","block_context":{"text":"X.Categorias velhas","link":"https:\/\/www.jornalja.com.br\/arquivo\/category\/x-categorias-velhas\/"},"img":{"alt_text":"","src":"","width":0,"height":0},"classes":[]}],"jetpack_shortlink":"https:\/\/wp.me\/pbQjBd-e4G","jetpack_featured_media_url":"","_links":{"self":[{"href":"https:\/\/www.jornalja.com.br\/arquivo\/wp-json\/wp\/v2\/posts\/54106","targetHints":{"allow":["GET"]}}],"collection":[{"href":"https:\/\/www.jornalja.com.br\/arquivo\/wp-json\/wp\/v2\/posts"}],"about":[{"href":"https:\/\/www.jornalja.com.br\/arquivo\/wp-json\/wp\/v2\/types\/post"}],"author":[{"embeddable":true,"href":"https:\/\/www.jornalja.com.br\/arquivo\/wp-json\/wp\/v2\/users\/4"}],"replies":[{"embeddable":true,"href":"https:\/\/www.jornalja.com.br\/arquivo\/wp-json\/wp\/v2\/comments?post=54106"}],"version-history":[{"count":0,"href":"https:\/\/www.jornalja.com.br\/arquivo\/wp-json\/wp\/v2\/posts\/54106\/revisions"}],"wp:attachment":[{"href":"https:\/\/www.jornalja.com.br\/arquivo\/wp-json\/wp\/v2\/media?parent=54106"}],"wp:term":[{"taxonomy":"category","embeddable":true,"href":"https:\/\/www.jornalja.com.br\/arquivo\/wp-json\/wp\/v2\/categories?post=54106"},{"taxonomy":"post_tag","embeddable":true,"href":"https:\/\/www.jornalja.com.br\/arquivo\/wp-json\/wp\/v2\/tags?post=54106"}],"curies":[{"name":"wp","href":"https:\/\/api.w.org\/{rel}","templated":true}]}}