{"id":54117,"date":"2017-08-23T20:26:30","date_gmt":"2017-08-23T23:26:30","guid":{"rendered":"https:\/\/www.jornalja.com.br\/?p=54117"},"modified":"2017-08-23T20:26:30","modified_gmt":"2017-08-23T23:26:30","slug":"marchezan-diz-que-destravou-obra-anunciada-duas-vezes-por-fortunati","status":"publish","type":"post","link":"https:\/\/www.jornalja.com.br\/arquivo\/marchezan-diz-que-destravou-obra-anunciada-duas-vezes-por-fortunati\/","title":{"rendered":"Marchezan diz que &quot;destravou&quot; obra anunciada duas vezes por Fortunati"},"content":{"rendered":"<p>A drenagem do arroio Areia, na zona Norte de Porto Alegre, anunciada pelo prefeito Nelson Marchezan na ter\u00e7a-feira (22) rendeu manchetes em pelo menos duas oportunidades durante a gest\u00e3o de Jos\u00e9 Fortunati.<br \/>\nEm julho de 2015, Fortunati apresentou &#8220;o maior projeto de drenagem da hist\u00f3ria de Porto Alegre&#8221; &#8211; um conjunto de obras que contaria com R$ 237 milh\u00f5es do PAC para evitar as enchentes em 19 bairros cortados pelos arroios Areia (14 bairros)\u00a0 e Moinhos (5 bairros), nas zonas norte e leste da cidade.<br \/>\nFortunati anunciou, na \u00e9poca, a abertura da licita\u00e7\u00e3o para as obras e previu sua conclus\u00e3o em quatro anos e meio, a partir de mar\u00e7o de 2016.<br \/>\nEm 23 de dezembro de 2016, Fortunati convocou a imprensa novamente para a assinatura do contrato, que seria encaminhado ao minist\u00e9rio das Cidades para a libera\u00e7\u00e3o dos recursos. O in\u00edcio foi previsto para o &#8220;primeiro semestre de 2017&#8221;.<br \/>\nAgora, o prefeito Nelson Marchezan, ap\u00f3s audi\u00eancia com o ministro das cidades, Bruno Ara\u00fajo (um dos ministros do PSDB no governo Temer), anunciou que &#8220;a obra foi destravada em Brasilia&#8221; e que na sexta-feira, 25, Ara\u00fajo estar\u00e1 em Porto Alegre &#8220;para assinar a autoriza\u00e7\u00e3o de in\u00edcio dos projetos e execu\u00e7\u00e3o de obras da Bacia Hidrogr\u00e1fica do Arroio Areia&#8221;.<br \/>\nCom recursos a fundo perdido do governo federal, ser\u00e3o investido R$ 100 milh\u00f5es para projetos e obras de implanta\u00e7\u00e3o de sete mil metros de galerias pluviais, ampliando o sistema de macrodrenagem e evitando os constantes alagamentos existentes na regi\u00e3o.<br \/>\n\u201cS\u00e3o recursos importantes, porque s\u00e3o a fundo perdido, s\u00e3o recursos do Tesouro Nacional, e s\u00e3o para enfrentar uma situa\u00e7\u00e3o constrangedora para os habitantes desses 14 bairros que sofrem com os alagamentos\u201d, disse o prefeito.<br \/>\nTamb\u00e9m est\u00e1 prevista a constru\u00e7\u00e3o de sete bacias de amortecimentos de cheias (grandes reservat\u00f3rios que cont\u00e9m a \u00e1gua da chuva, evitando alagamentos) e a reforma e amplia\u00e7\u00e3o da casa de bombas S\u00edlvio Brum, localizada na avenida Sert\u00f3rio.<br \/>\nAtualmente, esta casa de bombas funciona com menos da metade de sua capacidade e apresenta problemas nas comportas (em caso de eleva\u00e7\u00e3o do Gua\u00edba, ocorre retorno de \u00e1gua por vazamentos) com riscos de acidentes.<br \/>\nAs obras ajudar\u00e3o a eliminar pontos hist\u00f3ricos de alagamentos em Porto Alegre, como na Nilo Pe\u00e7anha com Teixeira Mendes e nas proximidades da Avenida Sert\u00f3rio.<br \/>\n\u201cTemos assistido ao longo do tempo o grande dano que alagamentos provocam nessas regi\u00f5es. Os recursos necess\u00e1rios est\u00e3o garantidos e podemos avan\u00e7ar bastante nessa obra\u201d, diz o ministro Bruno Ara\u00fajo.<br \/>\n<span class=\"intertit\">A obra vai atender 14 bairros<\/span><br \/>\nBoa Vista, Ch\u00e1cara das Pedras, Cristo Redentor, Higien\u00f3polis, Jardim S\u00e3o Pedro, Jardim Floresta, Jardim Carvalho, Passo D\u2019Areia, Santa Maria Goretti, S\u00e3o Jo\u00e3o, Tr\u00eas Figueiras, Vila Ipiranga, Bom Jesus e Vila Jardim.<br \/>\n<span class=\"intertit\">Ruas e avenidas que receber\u00e3o interven\u00e7\u00f5es<\/span><br \/>\nRuas Ibirapuit\u00e3, Marechal Jos\u00e9 In\u00e1cio da Silva, Cel. Feij\u00f3, Sap\u00e9, Roque Callage e avenidas do Forte, Sert\u00f3rio, Pl\u00ednio Brasil Milano, Carneiro da Fontoura, Visconde de Pelotas, Anita Garibaldi, General Em\u00edlio L\u00facio Esteves, Teixeira Mendes, Nilo Pe\u00e7anha e Assis Brasil.<br \/>\n<span class=\"intertit\"><strong>\u00a0<\/strong>As pra\u00e7as onde ser\u00e3o feitas as bacias de conten\u00e7\u00e3o<\/span><br \/>\n1 &#8211; Pra\u00e7a Lopes Trov\u00e3o \u2013 capacidade de armazenamento de 4.860m\u00b3.<br \/>\n2 &#8211; Pra\u00e7a Luis Blessman \u2013 capacidade de armazenamento de 7.020m\u00b3.<br \/>\n3 &#8211; Country Club\u00a0 \u2013 capacidade de armazenamento de 26.000m\u00b3.<br \/>\n4 &#8211; Pra\u00e7a Irani Bertelli \u2013 capacidade de armazenamento de 4.600m\u00b3.<br \/>\n5 &#8211; Pra\u00e7a Fortunato Pimentel\u00a0 \u2013 capacidade de armazenamento de 8.190m\u00b3.<br \/>\n6 &#8211; Reservat\u00f3rio rua Mal. Sime\u00e3o &#8211; capacidade de armazenamento de 3.400m\u00b3.<br \/>\n7 &#8211; Reservat\u00f3rio rua Gal. Couto De Magalh\u00e3es \u2013 capacidade de armazenamento de 3.360m\u00b3.<br \/>\n&nbsp;<\/p>\n","protected":false},"excerpt":{"rendered":"<p>A drenagem do arroio Areia, na zona Norte de Porto Alegre, anunciada pelo prefeito Nelson Marchezan na ter\u00e7a-feira (22) rendeu manchetes em pelo menos duas oportunidades durante a gest\u00e3o de Jos\u00e9 Fortunati. Em julho de 2015, Fortunati apresentou &#8220;o maior projeto de drenagem da hist\u00f3ria de Porto Alegre&#8221; &#8211; um conjunto de obras que contaria [&hellip;]<\/p>\n","protected":false},"author":4,"featured_media":54129,"comment_status":"open","ping_status":"closed","sticky":false,"template":"","format":"standard","meta":{"_jetpack_newsletter_access":"","_jetpack_dont_email_post_to_subs":false,"_jetpack_newsletter_tier_id":0,"_jetpack_memberships_contains_paywalled_content":false,"_jetpack_feature_clip_id":0,"_jetpack_memberships_contains_paid_content":false,"footnotes":"","jetpack_post_was_ever_published":false},"categories":[26],"tags":[],"class_list":["post-54117","post","type-post","status-publish","format-standard","has-post-thumbnail","hentry","category-geral"],"aioseo_notices":[],"aioseo_head":"\n\t\t<!-- All in One SEO 5.0.1.1 - aioseo.com -->\n\t<meta name=\"robots\" content=\"max-image-preview:large\" \/>\n\t<meta name=\"author\" content=\"da Reda\u00e7\u00e3o\"\/>\n\t<link rel=\"canonical\" href=\"https:\/\/www.jornalja.com.br\/arquivo\/marchezan-diz-que-destravou-obra-anunciada-duas-vezes-por-fortunati\/\" \/>\n\t<meta name=\"generator\" content=\"All in One SEO (AIOSEO) 5.0.1.1\" \/>\n\t\t<meta property=\"og:locale\" content=\"pt_BR\" \/>\n\t\t<meta property=\"og:site_name\" content=\"Arquivo | Jornal J\u00c1 | Porto Alegre\" \/>\n\t\t<meta property=\"og:type\" content=\"article\" \/>\n\t\t<meta property=\"og:title\" content=\"Marchezan diz que &quot;destravou&quot; obra anunciada duas vezes por Fortunati | Arquivo\" \/>\n\t\t<meta property=\"og:url\" content=\"https:\/\/www.jornalja.com.br\/arquivo\/marchezan-diz-que-destravou-obra-anunciada-duas-vezes-por-fortunati\/\" \/>\n\t\t<meta property=\"og:image\" content=\"https:\/\/www.jornalja.com.br\/economics\/wp-content\/uploads\/sites\/11\/2026\/08\/ja-folhaderosto-facebook.jpg\" \/>\n\t\t<meta property=\"og:image:secure_url\" content=\"https:\/\/www.jornalja.com.br\/economics\/wp-content\/uploads\/sites\/11\/2026\/08\/ja-folhaderosto-facebook.jpg\" \/>\n\t\t<meta property=\"article:published_time\" content=\"2017-08-23T23:26:30+00:00\" \/>\n\t\t<meta property=\"article:modified_time\" content=\"2017-08-23T23:26:30+00:00\" \/>\n\t\t<meta name=\"twitter:card\" content=\"summary\" \/>\n\t\t<meta name=\"twitter:title\" content=\"Marchezan diz que &quot;destravou&quot; obra anunciada duas vezes por Fortunati | Arquivo\" \/>\n\t\t<meta name=\"twitter:image\" content=\"https:\/\/www.jornalja.com.br\/economics\/wp-content\/uploads\/sites\/11\/2026\/08\/ja-folhaderosto-facebook.jpg\" \/>\n\t\t<script type=\"application\/ld+json\" class=\"aioseo-schema\">\n\t\t\t{\"@context\":\"https:\\\/\\\/schema.org\",\"@graph\":[{\"@type\":\"BlogPosting\",\"@id\":\"https:\\\/\\\/www.jornalja.com.br\\\/arquivo\\\/marchezan-diz-que-destravou-obra-anunciada-duas-vezes-por-fortunati\\\/#blogposting\",\"name\":\"Marchezan diz que \\\"destravou\\\" obra anunciada duas vezes por Fortunati | Arquivo\",\"headline\":\"Marchezan diz que &quot;destravou&quot; obra anunciada duas vezes por Fortunati\",\"author\":{\"@id\":\"https:\\\/\\\/www.jornalja.com.br\\\/arquivo\\\/author\\\/daredacao\\\/#author\"},\"publisher\":{\"@id\":\"https:\\\/\\\/www.jornalja.com.br\\\/arquivo\\\/#organization\"},\"image\":{\"@type\":\"ImageObject\",\"url\":54129},\"datePublished\":\"2017-08-23T20:26:30-03:00\",\"dateModified\":\"2017-08-23T20:26:30-03:00\",\"inLanguage\":\"pt-BR\",\"mainEntityOfPage\":{\"@id\":\"https:\\\/\\\/www.jornalja.com.br\\\/arquivo\\\/marchezan-diz-que-destravou-obra-anunciada-duas-vezes-por-fortunati\\\/#webpage\"},\"isPartOf\":{\"@id\":\"https:\\\/\\\/www.jornalja.com.br\\\/arquivo\\\/marchezan-diz-que-destravou-obra-anunciada-duas-vezes-por-fortunati\\\/#webpage\"},\"articleSection\":\"Geral\"},{\"@type\":\"BreadcrumbList\",\"@id\":\"https:\\\/\\\/www.jornalja.com.br\\\/arquivo\\\/marchezan-diz-que-destravou-obra-anunciada-duas-vezes-por-fortunati\\\/#breadcrumblist\",\"itemListElement\":[{\"@type\":\"ListItem\",\"@id\":\"https:\\\/\\\/www.jornalja.com.br\\\/arquivo#listItem\",\"position\":1,\"name\":\"Home\",\"item\":\"https:\\\/\\\/www.jornalja.com.br\\\/arquivo\",\"nextItem\":{\"@type\":\"ListItem\",\"@id\":\"https:\\\/\\\/www.jornalja.com.br\\\/arquivo\\\/category\\\/geral\\\/#listItem\",\"name\":\"Geral\"}},{\"@type\":\"ListItem\",\"@id\":\"https:\\\/\\\/www.jornalja.com.br\\\/arquivo\\\/category\\\/geral\\\/#listItem\",\"position\":2,\"name\":\"Geral\",\"item\":\"https:\\\/\\\/www.jornalja.com.br\\\/arquivo\\\/category\\\/geral\\\/\",\"nextItem\":{\"@type\":\"ListItem\",\"@id\":\"https:\\\/\\\/www.jornalja.com.br\\\/arquivo\\\/marchezan-diz-que-destravou-obra-anunciada-duas-vezes-por-fortunati\\\/#listItem\",\"name\":\"Marchezan diz que &quot;destravou&quot; obra anunciada duas vezes por Fortunati\"},\"previousItem\":{\"@type\":\"ListItem\",\"@id\":\"https:\\\/\\\/www.jornalja.com.br\\\/arquivo#listItem\",\"name\":\"Home\"}},{\"@type\":\"ListItem\",\"@id\":\"https:\\\/\\\/www.jornalja.com.br\\\/arquivo\\\/marchezan-diz-que-destravou-obra-anunciada-duas-vezes-por-fortunati\\\/#listItem\",\"position\":3,\"name\":\"Marchezan diz que &quot;destravou&quot; obra anunciada duas vezes por Fortunati\",\"previousItem\":{\"@type\":\"ListItem\",\"@id\":\"https:\\\/\\\/www.jornalja.com.br\\\/arquivo\\\/category\\\/geral\\\/#listItem\",\"name\":\"Geral\"}}]},{\"@type\":\"Organization\",\"@id\":\"https:\\\/\\\/www.jornalja.com.br\\\/arquivo\\\/#organization\",\"name\":\"Jornal J\\u00c1\",\"description\":\"Jornal J\\u00c1 | Porto Alegre\",\"url\":\"https:\\\/\\\/www.jornalja.com.br\\\/arquivo\\\/\",\"telephone\":\"+555133307272\",\"logo\":{\"@type\":\"ImageObject\",\"url\":\"https:\\\/\\\/www.jornalja.com.br\\\/wp-content\\\/uploads\\\/cards\\\/JAslogan.png\",\"@id\":\"https:\\\/\\\/www.jornalja.com.br\\\/arquivo\\\/marchezan-diz-que-destravou-obra-anunciada-duas-vezes-por-fortunati\\\/#organizationLogo\"},\"image\":{\"@id\":\"https:\\\/\\\/www.jornalja.com.br\\\/arquivo\\\/marchezan-diz-que-destravou-obra-anunciada-duas-vezes-por-fortunati\\\/#organizationLogo\"}},{\"@type\":\"Person\",\"@id\":\"https:\\\/\\\/www.jornalja.com.br\\\/arquivo\\\/author\\\/daredacao\\\/#author\",\"url\":\"https:\\\/\\\/www.jornalja.com.br\\\/arquivo\\\/author\\\/daredacao\\\/\",\"name\":\"da Reda\\u00e7\\u00e3o\",\"image\":{\"@type\":\"ImageObject\",\"@id\":\"https:\\\/\\\/www.jornalja.com.br\\\/arquivo\\\/marchezan-diz-que-destravou-obra-anunciada-duas-vezes-por-fortunati\\\/#authorImage\",\"url\":\"https:\\\/\\\/secure.gravatar.com\\\/avatar\\\/469fd857d6605ad19919d27ed29d35a968a25f6e8fd9318356bbb7f57aae9c65?s=96&d=mm&r=g\",\"width\":96,\"height\":96,\"caption\":\"da Reda\\u00e7\\u00e3o\"}},{\"@type\":\"WebPage\",\"@id\":\"https:\\\/\\\/www.jornalja.com.br\\\/arquivo\\\/marchezan-diz-que-destravou-obra-anunciada-duas-vezes-por-fortunati\\\/#webpage\",\"url\":\"https:\\\/\\\/www.jornalja.com.br\\\/arquivo\\\/marchezan-diz-que-destravou-obra-anunciada-duas-vezes-por-fortunati\\\/\",\"name\":\"Marchezan diz que \\\"destravou\\\" obra anunciada duas vezes por Fortunati | Arquivo\",\"inLanguage\":\"pt-BR\",\"isPartOf\":{\"@id\":\"https:\\\/\\\/www.jornalja.com.br\\\/arquivo\\\/#website\"},\"breadcrumb\":{\"@id\":\"https:\\\/\\\/www.jornalja.com.br\\\/arquivo\\\/marchezan-diz-que-destravou-obra-anunciada-duas-vezes-por-fortunati\\\/#breadcrumblist\"},\"author\":{\"@id\":\"https:\\\/\\\/www.jornalja.com.br\\\/arquivo\\\/author\\\/daredacao\\\/#author\"},\"creator\":{\"@id\":\"https:\\\/\\\/www.jornalja.com.br\\\/arquivo\\\/author\\\/daredacao\\\/#author\"},\"image\":{\"@type\":\"ImageObject\",\"url\":54129,\"@id\":\"https:\\\/\\\/www.jornalja.com.br\\\/arquivo\\\/marchezan-diz-que-destravou-obra-anunciada-duas-vezes-por-fortunati\\\/#mainImage\"},\"primaryImageOfPage\":{\"@id\":\"https:\\\/\\\/www.jornalja.com.br\\\/arquivo\\\/marchezan-diz-que-destravou-obra-anunciada-duas-vezes-por-fortunati\\\/#mainImage\"},\"datePublished\":\"2017-08-23T20:26:30-03:00\",\"dateModified\":\"2017-08-23T20:26:30-03:00\"},{\"@type\":\"WebSite\",\"@id\":\"https:\\\/\\\/www.jornalja.com.br\\\/arquivo\\\/#website\",\"url\":\"https:\\\/\\\/www.jornalja.com.br\\\/arquivo\\\/\",\"name\":\"Arquivo\",\"description\":\"Jornal J\\u00c1 | Porto Alegre\",\"inLanguage\":\"pt-BR\",\"publisher\":{\"@id\":\"https:\\\/\\\/www.jornalja.com.br\\\/arquivo\\\/#organization\"}}]}\n\t\t<\/script>\n\t\t<!-- All in One SEO -->\n\n","aioseo_head_json":{"title":"Marchezan diz que \"destravou\" obra anunciada duas vezes por Fortunati | Arquivo","description":"","canonical_url":"https:\/\/www.jornalja.com.br\/arquivo\/marchezan-diz-que-destravou-obra-anunciada-duas-vezes-por-fortunati\/","robots":"max-image-preview:large","keywords":"","webmasterTools":{"miscellaneous":""},"schema":{"@context":"https:\/\/schema.org","@graph":[{"@type":"BlogPosting","@id":"https:\/\/www.jornalja.com.br\/arquivo\/marchezan-diz-que-destravou-obra-anunciada-duas-vezes-por-fortunati\/#blogposting","name":"Marchezan diz que \"destravou\" obra anunciada duas vezes por Fortunati | Arquivo","headline":"Marchezan diz que &quot;destravou&quot; obra anunciada duas vezes por Fortunati","author":{"@id":"https:\/\/www.jornalja.com.br\/arquivo\/author\/daredacao\/#author"},"publisher":{"@id":"https:\/\/www.jornalja.com.br\/arquivo\/#organization"},"image":{"@type":"ImageObject","url":54129},"datePublished":"2017-08-23T20:26:30-03:00","dateModified":"2017-08-23T20:26:30-03:00","inLanguage":"pt-BR","mainEntityOfPage":{"@id":"https:\/\/www.jornalja.com.br\/arquivo\/marchezan-diz-que-destravou-obra-anunciada-duas-vezes-por-fortunati\/#webpage"},"isPartOf":{"@id":"https:\/\/www.jornalja.com.br\/arquivo\/marchezan-diz-que-destravou-obra-anunciada-duas-vezes-por-fortunati\/#webpage"},"articleSection":"Geral"},{"@type":"BreadcrumbList","@id":"https:\/\/www.jornalja.com.br\/arquivo\/marchezan-diz-que-destravou-obra-anunciada-duas-vezes-por-fortunati\/#breadcrumblist","itemListElement":[{"@type":"ListItem","@id":"https:\/\/www.jornalja.com.br\/arquivo#listItem","position":1,"name":"Home","item":"https:\/\/www.jornalja.com.br\/arquivo","nextItem":{"@type":"ListItem","@id":"https:\/\/www.jornalja.com.br\/arquivo\/category\/geral\/#listItem","name":"Geral"}},{"@type":"ListItem","@id":"https:\/\/www.jornalja.com.br\/arquivo\/category\/geral\/#listItem","position":2,"name":"Geral","item":"https:\/\/www.jornalja.com.br\/arquivo\/category\/geral\/","nextItem":{"@type":"ListItem","@id":"https:\/\/www.jornalja.com.br\/arquivo\/marchezan-diz-que-destravou-obra-anunciada-duas-vezes-por-fortunati\/#listItem","name":"Marchezan diz que &quot;destravou&quot; obra anunciada duas vezes por Fortunati"},"previousItem":{"@type":"ListItem","@id":"https:\/\/www.jornalja.com.br\/arquivo#listItem","name":"Home"}},{"@type":"ListItem","@id":"https:\/\/www.jornalja.com.br\/arquivo\/marchezan-diz-que-destravou-obra-anunciada-duas-vezes-por-fortunati\/#listItem","position":3,"name":"Marchezan diz que &quot;destravou&quot; obra anunciada duas vezes por Fortunati","previousItem":{"@type":"ListItem","@id":"https:\/\/www.jornalja.com.br\/arquivo\/category\/geral\/#listItem","name":"Geral"}}]},{"@type":"Organization","@id":"https:\/\/www.jornalja.com.br\/arquivo\/#organization","name":"Jornal J\u00c1","description":"Jornal J\u00c1 | Porto Alegre","url":"https:\/\/www.jornalja.com.br\/arquivo\/","telephone":"+555133307272","logo":{"@type":"ImageObject","url":"https:\/\/www.jornalja.com.br\/wp-content\/uploads\/cards\/JAslogan.png","@id":"https:\/\/www.jornalja.com.br\/arquivo\/marchezan-diz-que-destravou-obra-anunciada-duas-vezes-por-fortunati\/#organizationLogo"},"image":{"@id":"https:\/\/www.jornalja.com.br\/arquivo\/marchezan-diz-que-destravou-obra-anunciada-duas-vezes-por-fortunati\/#organizationLogo"}},{"@type":"Person","@id":"https:\/\/www.jornalja.com.br\/arquivo\/author\/daredacao\/#author","url":"https:\/\/www.jornalja.com.br\/arquivo\/author\/daredacao\/","name":"da Reda\u00e7\u00e3o","image":{"@type":"ImageObject","@id":"https:\/\/www.jornalja.com.br\/arquivo\/marchezan-diz-que-destravou-obra-anunciada-duas-vezes-por-fortunati\/#authorImage","url":"https:\/\/secure.gravatar.com\/avatar\/469fd857d6605ad19919d27ed29d35a968a25f6e8fd9318356bbb7f57aae9c65?s=96&d=mm&r=g","width":96,"height":96,"caption":"da Reda\u00e7\u00e3o"}},{"@type":"WebPage","@id":"https:\/\/www.jornalja.com.br\/arquivo\/marchezan-diz-que-destravou-obra-anunciada-duas-vezes-por-fortunati\/#webpage","url":"https:\/\/www.jornalja.com.br\/arquivo\/marchezan-diz-que-destravou-obra-anunciada-duas-vezes-por-fortunati\/","name":"Marchezan diz que \"destravou\" obra anunciada duas vezes por Fortunati | Arquivo","inLanguage":"pt-BR","isPartOf":{"@id":"https:\/\/www.jornalja.com.br\/arquivo\/#website"},"breadcrumb":{"@id":"https:\/\/www.jornalja.com.br\/arquivo\/marchezan-diz-que-destravou-obra-anunciada-duas-vezes-por-fortunati\/#breadcrumblist"},"author":{"@id":"https:\/\/www.jornalja.com.br\/arquivo\/author\/daredacao\/#author"},"creator":{"@id":"https:\/\/www.jornalja.com.br\/arquivo\/author\/daredacao\/#author"},"image":{"@type":"ImageObject","url":54129,"@id":"https:\/\/www.jornalja.com.br\/arquivo\/marchezan-diz-que-destravou-obra-anunciada-duas-vezes-por-fortunati\/#mainImage"},"primaryImageOfPage":{"@id":"https:\/\/www.jornalja.com.br\/arquivo\/marchezan-diz-que-destravou-obra-anunciada-duas-vezes-por-fortunati\/#mainImage"},"datePublished":"2017-08-23T20:26:30-03:00","dateModified":"2017-08-23T20:26:30-03:00"},{"@type":"WebSite","@id":"https:\/\/www.jornalja.com.br\/arquivo\/#website","url":"https:\/\/www.jornalja.com.br\/arquivo\/","name":"Arquivo","description":"Jornal J\u00c1 | Porto Alegre","inLanguage":"pt-BR","publisher":{"@id":"https:\/\/www.jornalja.com.br\/arquivo\/#organization"}}]},"og:locale":"pt_BR","og:site_name":"Arquivo | Jornal J\u00c1 | Porto Alegre","og:type":"article","og:title":"Marchezan diz que &quot;destravou&quot; obra anunciada duas vezes por Fortunati | Arquivo","og:url":"https:\/\/www.jornalja.com.br\/arquivo\/marchezan-diz-que-destravou-obra-anunciada-duas-vezes-por-fortunati\/","og:image":"https:\/\/www.jornalja.com.br\/economics\/wp-content\/uploads\/sites\/11\/2026\/08\/ja-folhaderosto-facebook.jpg","og:image:secure_url":"https:\/\/www.jornalja.com.br\/economics\/wp-content\/uploads\/sites\/11\/2026\/08\/ja-folhaderosto-facebook.jpg","article:published_time":"2017-08-23T23:26:30+00:00","article:modified_time":"2017-08-23T23:26:30+00:00","twitter:card":"summary","twitter:title":"Marchezan diz que &quot;destravou&quot; obra anunciada duas vezes por Fortunati | Arquivo","twitter:image":"https:\/\/www.jornalja.com.br\/economics\/wp-content\/uploads\/sites\/11\/2026\/08\/ja-folhaderosto-facebook.jpg"},"aioseo_meta_data":{"post_id":"54117","title":null,"description":null,"keywords":null,"keyphrases":null,"primary_term":null,"canonical_url":null,"og_title":null,"og_description":null,"og_object_type":"default","og_image_type":"default","og_image_url":null,"og_image_width":null,"og_image_height":null,"og_image_custom_url":null,"og_image_custom_fields":null,"og_video":null,"og_custom_url":null,"og_article_section":null,"og_article_tags":null,"twitter_use_og":false,"twitter_card":"default","twitter_image_type":"default","twitter_image_url":null,"twitter_image_custom_url":null,"twitter_image_custom_fields":null,"twitter_title":null,"twitter_description":null,"schema":{"blockGraphs":[],"customGraphs":[],"default":{"data":{"Article":[],"Course":[],"Dataset":[],"FAQPage":[],"Movie":[],"Person":[],"Product":[],"ProductReview":[],"Car":[],"Recipe":[],"Service":[],"SoftwareApplication":[],"WebPage":[]},"graphName":"","isEnabled":true},"graphs":[]},"schema_type":null,"schema_type_options":null,"pillar_content":false,"robots_default":true,"robots_noindex":false,"robots_noarchive":false,"robots_nosnippet":false,"robots_nofollow":false,"robots_noimageindex":false,"robots_noodp":false,"robots_notranslate":false,"robots_max_snippet":null,"robots_max_videopreview":null,"robots_max_imagepreview":"large","priority":null,"frequency":null,"location":null,"local_seo":null,"breadcrumb_settings":null,"limit_modified_date":false,"ai":null,"created":"2020-12-20 20:26:02","updated":"2025-07-20 00:34:01","seo_analyzer_scan_date":null,"focus_keyword":null,"additional_keywords":null,"truseo_locale":null},"jetpack_sharing_enabled":true,"jetpack-related-posts":[{"id":14241,"url":"https:\/\/www.jornalja.com.br\/arquivo\/o-guaiba-nas-imagens-poeticas-de-achutti\/","url_meta":{"origin":54117,"position":0},"title":"O Gua\u00edba nas imagens po\u00e9ticas de Achutti","author":"da Reda\u00e7\u00e3o","date":"18 de junho de 2014","format":false,"excerpt":"Em \u201cO Gua\u00edba por Achutti\u201d \u2013 obra financiada via Minist\u00e9rio da Cultura, produ\u00e7\u00e3o executiva de Pedro Longhi, e Fl\u00e1vio Wild como designer \u2013, o fot\u00f3grafo revela a beleza e as mazelas de um espa\u00e7o aqu\u00e1tico de \u00e1guas sempre renovadas, cheio de hist\u00f3rias e lendas como as das cidades que foram\u2026","rel":"","context":"Em &quot;Cultura-Geral&quot;","block_context":{"text":"Cultura-Geral","link":"https:\/\/www.jornalja.com.br\/arquivo\/category\/materiasecundaria\/"},"img":{"alt_text":"","src":"","width":0,"height":0},"classes":[]},{"id":13240,"url":"https:\/\/www.jornalja.com.br\/arquivo\/plano-diretor-estamos-construindo-o-caos\/","url_meta":{"origin":54117,"position":1},"title":"Plano diretor: &quot;Estamos construindo o caos&quot;","author":"Patr\u00edcia Marini","date":"26 de maio de 2014","format":false,"excerpt":"Desabafo que arquiteta Eliana Castilhos, delegada da Regi\u00e3o de Planejamento 1, postou nas redes sociais \u00e9 um testemunho do ambiente que se criou no Conselho do Plano Diretor de Porto Alegre, onde a aprova\u00e7\u00e3o de grandes empreendimentos \u00e9 empurrada guela abaixo dos conselheiros. Ao CMDUA Como delegada da Regi\u00e3o de\u2026","rel":"","context":"Em &quot;Geral&quot;","block_context":{"text":"Geral","link":"https:\/\/www.jornalja.com.br\/arquivo\/category\/geral\/"},"img":{"alt_text":"","src":"","width":0,"height":0},"classes":[]},{"id":13124,"url":"https:\/\/www.jornalja.com.br\/arquivo\/sangue-latino-no-iecine\/","url_meta":{"origin":54117,"position":2},"title":"Sangue latino no IECINE","author":"da Reda\u00e7\u00e3o","date":"18 de maio de 2014","format":false,"excerpt":"Francisco Ribeiro O Instituto Estadual de Cinema (IECINE) tem a frente, desde abril \u00faltimo, um novo diretor, o cineasta colombiano Juan Zapata, 36, que substitui Luiz Alberto Cassol. Radicado h\u00e1 dez anos em Porto Alegre, Zapata tem diante de si o desafio de conduzir at\u00e9 o final do ano um\u2026","rel":"","context":"Em &quot;Cultura-Geral&quot;","block_context":{"text":"Cultura-Geral","link":"https:\/\/www.jornalja.com.br\/arquivo\/category\/materiasecundaria\/"},"img":{"alt_text":"","src":"","width":0,"height":0},"classes":[]},{"id":1280,"url":"https:\/\/www.jornalja.com.br\/arquivo\/o-menino-que-se-tornou-brizola\/","url_meta":{"origin":54117,"position":3},"title":"O Menino que se Tornou Brizola","author":"da Reda\u00e7\u00e3o","date":"28 de julho de 2008","format":false,"excerpt":"Autor: Cleber Dioni A vida de Leonel Brizola, com \u00eanfase para os primeiros anos em Porto Alegre, at\u00e9 o ex\u00edlio no Uruguai e a volta, quinze anos depois. \u00a0\"...\u00c9ramos todos jovens e nos identific\u00e1vamos com aquela massa an\u00f4nima a percorrer as ruas de Porto Alegre, gritando 'Get\u00falio', 'Get\u00falio' e empunhando\u2026","rel":"","context":"Em &quot;Livros&quot;","block_context":{"text":"Livros","link":"https:\/\/www.jornalja.com.br\/arquivo\/category\/livros\/"},"img":{"alt_text":"","src":"https:\/\/i0.wp.com\/www.jornalja.com.br\/wp-content\/uploads\/2008\/07\/brizola.gif?resize=350%2C200&ssl=1","width":350,"height":200},"classes":[]},{"id":13109,"url":"https:\/\/www.jornalja.com.br\/arquivo\/judiciario-reconhece-poluicao-eletromagnetica\/","url_meta":{"origin":54117,"position":4},"title":"Judici\u00e1rio reconhece polui\u00e7\u00e3o eletromagn\u00e9tica","author":"Patr\u00edcia Marini","date":"16 de maio de 2014","format":false,"excerpt":"A\u00e7\u00e3o de duas associa\u00e7\u00f5es de moradores foi acolhida pelo Tribunal de Justi\u00e7a de S\u00e3o Paulo que. em decis\u00e3o in\u00e9dita, determinou a redu\u00e7\u00e3o do campo eletromagn\u00e9tico gerado pelas linhas de transmiss\u00e3o de energia que cortam os bairros City Boa\u00e7ava e Alto de Pinheiros. \u00c9 a primeira vez que um tribunal do\u2026","rel":"","context":"Em &quot;X.Categorias velhas&quot;","block_context":{"text":"X.Categorias velhas","link":"https:\/\/www.jornalja.com.br\/arquivo\/category\/x-categorias-velhas\/"},"img":{"alt_text":"","src":"","width":0,"height":0},"classes":[]},{"id":5440,"url":"https:\/\/www.jornalja.com.br\/arquivo\/casarao-da-venancio-destino-permanece-incerto\/","url_meta":{"origin":54117,"position":5},"title":"Estado ainda n\u00e3o sabe o que fazer com casar\u00e3o abandonado h\u00e1 20 anos","author":"Elmar Bones","date":"6 de julho de 2009","format":false,"excerpt":"O casar\u00e3o amarelo, numa esquina nobre de Porto Alegre (Ven\u00e2ncio Aires com Jo\u00e3o Pessoa), j\u00e1 abrigou uma escola. H\u00e1 duas d\u00e9cadas, pelo menos, est\u00e1 abandonado, porque seu propriet\u00e1rio, o governo do Estado do Rio Grande do Sul, n\u00e3o consegue achar um destino para ele. Planos n\u00e3o faltaram. O governador Ol\u00edvio\u2026","rel":"","context":"Em &quot;X.Categorias velhas&quot;","block_context":{"text":"X.Categorias velhas","link":"https:\/\/www.jornalja.com.br\/arquivo\/category\/x-categorias-velhas\/"},"img":{"alt_text":"geraldo1","src":"https:\/\/i0.wp.com\/www.jornalja.com.br\/wp-content\/uploads\/2009\/07\/geraldo1.jpg?resize=350%2C200&ssl=1","width":350,"height":200},"classes":[]}],"jetpack_shortlink":"https:\/\/wp.me\/pbQjBd-e4R","jetpack_featured_media_url":"","_links":{"self":[{"href":"https:\/\/www.jornalja.com.br\/arquivo\/wp-json\/wp\/v2\/posts\/54117","targetHints":{"allow":["GET"]}}],"collection":[{"href":"https:\/\/www.jornalja.com.br\/arquivo\/wp-json\/wp\/v2\/posts"}],"about":[{"href":"https:\/\/www.jornalja.com.br\/arquivo\/wp-json\/wp\/v2\/types\/post"}],"author":[{"embeddable":true,"href":"https:\/\/www.jornalja.com.br\/arquivo\/wp-json\/wp\/v2\/users\/4"}],"replies":[{"embeddable":true,"href":"https:\/\/www.jornalja.com.br\/arquivo\/wp-json\/wp\/v2\/comments?post=54117"}],"version-history":[{"count":0,"href":"https:\/\/www.jornalja.com.br\/arquivo\/wp-json\/wp\/v2\/posts\/54117\/revisions"}],"wp:attachment":[{"href":"https:\/\/www.jornalja.com.br\/arquivo\/wp-json\/wp\/v2\/media?parent=54117"}],"wp:term":[{"taxonomy":"category","embeddable":true,"href":"https:\/\/www.jornalja.com.br\/arquivo\/wp-json\/wp\/v2\/categories?post=54117"},{"taxonomy":"post_tag","embeddable":true,"href":"https:\/\/www.jornalja.com.br\/arquivo\/wp-json\/wp\/v2\/tags?post=54117"}],"curies":[{"name":"wp","href":"https:\/\/api.w.org\/{rel}","templated":true}]}}