{"id":54193,"date":"2017-08-25T09:15:34","date_gmt":"2017-08-25T12:15:34","guid":{"rendered":"https:\/\/www.jornalja.com.br\/?p=54193"},"modified":"2017-08-25T09:15:34","modified_gmt":"2017-08-25T12:15:34","slug":"distribuidoras-estimam-perdas-de-r-100-milhoes-em-desvios-de-energia-no-rs","status":"publish","type":"post","link":"https:\/\/www.jornalja.com.br\/arquivo\/distribuidoras-estimam-perdas-de-r-100-milhoes-em-desvios-de-energia-no-rs\/","title":{"rendered":"Distribuidoras estimam perdas de R$ 100 milh\u00f5es em desvios de energia  no RS"},"content":{"rendered":"<p>As duas distribuidoras do Grupo CPFL Energia no Rio Grande do Sul (RGE e RGESul) fizeram, entre janeiro e julho deste anos, 87 mil inspe\u00e7\u00f5es na rede de distribui\u00e7\u00e3o para detectar adultera\u00e7\u00f5es e conex\u00f5es clandestinas, os populares gatos.<br \/>\nEm 22 mil delasfoi identificado algum tipo de problema.\u00a0 Esse tipo de pr\u00e1tica, al\u00e9m de crime tipificado no C\u00f3digo Penal, compromete todo os sistema de abastecimento das cidades, uma vez que pode ocasionar falhas e sobre cargas na rede.<br \/>\nA estimativa \u00e9 de at\u00e9 o final do ano as duas distribuidoras, juntas, recuperem o montante de R$ 97,8 milh\u00f5es em energia desviada do sistema.<br \/>\nDe acordo com dados da Ger\u00eancia de Servi\u00e7os de Recupera\u00e7\u00e3o de Energia da RGE e RGE Sul, neste ano foram intensificadas as a\u00e7\u00f5es conjuntas com a Pol\u00edcia Civil ga\u00facha. Todos os meses, em m\u00e9dia, dois clientes foram flagrados e autuados em flagrante pela Pol\u00edcia pelo furto de energia el\u00e9trica.<br \/>\nMesmo que as a\u00e7\u00f5es policiais tenham foco principal os clientes comerciais e empresariais, as opera\u00e7\u00f5es da RGE e RGE Sul tamb\u00e9m abrangem os clientes residenciais, que integram a maior parcela dos clientes ativos.<br \/>\nSegundo o gerente Alexsandro da Silva Souza, nas inspe\u00e7\u00f5es nas unidades consumidoras, quando h\u00e1 o flagrante de irregularidades, s\u00e3o feitos os c\u00e1lculos da quantidade de energia furtada e o consumo que n\u00e3o passou pela medi\u00e7\u00e3o \u00e9 cobrado.<br \/>\n&#8220;Al\u00e9m disso, as a\u00e7\u00f5es da ger\u00eancia incluem o desligamento de liga\u00e7\u00f5es em invas\u00f5es e \u00e1reas n\u00e3o regulamentadas pelo poder p\u00fablico. O modelo utilizado atualmente \u00e9 t\u00e3o eficiente que \u00e9 uma quest\u00e3o e tempo para identificar quem frauda ou furta energia el\u00e9trica\u201c, explica Souza.<br \/>\nPara identificar os fraudadores, al\u00e9m das inspe\u00e7\u00f5es de campo, os profissionais trabalham com o cruzamento de dados de consumo e intelig\u00eancia artificial, que permitem identificar com mais precis\u00e3o poss\u00edveis fraudes.<br \/>\nRastrear e fazer o desligamento dessas liga\u00e7\u00f5es clandestinas \u00e9 uma quest\u00e3o p\u00fablica. Esse procedimento evita acidentes graves e fatais. Tamb\u00e9m ajuda a evitar curtos-circuitos que afetam a rede e que, em muitos casos, provocam o desligamento e a queima de equipamentos e eletrodom\u00e9sticos de toda uma vizinhan\u00e7a.<br \/>\nAs liga\u00e7\u00f5es irregulares tamb\u00e9m s\u00e3o respons\u00e1veis pela sobrecarga da rede de energia el\u00e9trica que deixa o sistema de distribui\u00e7\u00e3o mais suscet\u00edvel \u00e0 interrup\u00e7\u00e3o.<br \/>\n\u201cA regulariza\u00e7\u00e3o destes clientes n\u00e3o apenas traz cidadania para essa parcela da popula\u00e7\u00e3o, como tamb\u00e9m beneficia todos os consumidores com um servi\u00e7o de melhor qualidade\u201d, afirma Alexsandro Souza.<br \/>\n(Com informa\u00e7\u00f5es da Assessoria de Imprensa)<\/p>\n","protected":false},"excerpt":{"rendered":"<p>As duas distribuidoras do Grupo CPFL Energia no Rio Grande do Sul (RGE e RGESul) fizeram, entre janeiro e julho deste anos, 87 mil inspe\u00e7\u00f5es na rede de distribui\u00e7\u00e3o para detectar adultera\u00e7\u00f5es e conex\u00f5es clandestinas, os populares gatos. Em 22 mil delasfoi identificado algum tipo de problema.\u00a0 Esse tipo de pr\u00e1tica, al\u00e9m de crime tipificado [&hellip;]<\/p>\n","protected":false},"author":4,"featured_media":54232,"comment_status":"open","ping_status":"closed","sticky":false,"template":"","format":"standard","meta":{"_jetpack_newsletter_access":"","_jetpack_dont_email_post_to_subs":false,"_jetpack_newsletter_tier_id":0,"_jetpack_memberships_contains_paywalled_content":false,"_jetpack_feature_clip_id":0,"_jetpack_memberships_contains_paid_content":false,"footnotes":"","jetpack_post_was_ever_published":false},"categories":[26],"tags":[],"class_list":["post-54193","post","type-post","status-publish","format-standard","has-post-thumbnail","hentry","category-geral"],"aioseo_notices":[],"aioseo_head":"\n\t\t<!-- All in One SEO 5.0.1.1 - aioseo.com -->\n\t<meta name=\"robots\" content=\"max-image-preview:large\" \/>\n\t<meta name=\"author\" content=\"da Reda\u00e7\u00e3o\"\/>\n\t<link rel=\"canonical\" href=\"https:\/\/www.jornalja.com.br\/arquivo\/distribuidoras-estimam-perdas-de-r-100-milhoes-em-desvios-de-energia-no-rs\/\" \/>\n\t<meta name=\"generator\" content=\"All in One SEO (AIOSEO) 5.0.1.1\" \/>\n\t\t<meta property=\"og:locale\" content=\"pt_BR\" \/>\n\t\t<meta property=\"og:site_name\" content=\"Arquivo | Jornal J\u00c1 | Porto Alegre\" \/>\n\t\t<meta property=\"og:type\" content=\"article\" \/>\n\t\t<meta property=\"og:title\" content=\"Distribuidoras estimam perdas de R$ 100 milh\u00f5es em desvios de energia no RS | Arquivo\" \/>\n\t\t<meta property=\"og:url\" content=\"https:\/\/www.jornalja.com.br\/arquivo\/distribuidoras-estimam-perdas-de-r-100-milhoes-em-desvios-de-energia-no-rs\/\" \/>\n\t\t<meta property=\"og:image\" content=\"https:\/\/www.jornalja.com.br\/economics\/wp-content\/uploads\/sites\/11\/2026\/08\/ja-folhaderosto-facebook.jpg\" \/>\n\t\t<meta property=\"og:image:secure_url\" content=\"https:\/\/www.jornalja.com.br\/economics\/wp-content\/uploads\/sites\/11\/2026\/08\/ja-folhaderosto-facebook.jpg\" \/>\n\t\t<meta property=\"article:published_time\" content=\"2017-08-25T12:15:34+00:00\" \/>\n\t\t<meta property=\"article:modified_time\" content=\"2017-08-25T12:15:34+00:00\" \/>\n\t\t<meta name=\"twitter:card\" content=\"summary\" \/>\n\t\t<meta name=\"twitter:title\" content=\"Distribuidoras estimam perdas de R$ 100 milh\u00f5es em desvios de energia no RS | Arquivo\" \/>\n\t\t<meta name=\"twitter:image\" content=\"https:\/\/www.jornalja.com.br\/economics\/wp-content\/uploads\/sites\/11\/2026\/08\/ja-folhaderosto-facebook.jpg\" \/>\n\t\t<script type=\"application\/ld+json\" class=\"aioseo-schema\">\n\t\t\t{\"@context\":\"https:\\\/\\\/schema.org\",\"@graph\":[{\"@type\":\"BlogPosting\",\"@id\":\"https:\\\/\\\/www.jornalja.com.br\\\/arquivo\\\/distribuidoras-estimam-perdas-de-r-100-milhoes-em-desvios-de-energia-no-rs\\\/#blogposting\",\"name\":\"Distribuidoras estimam perdas de R$ 100 milh\\u00f5es em desvios de energia no RS | Arquivo\",\"headline\":\"Distribuidoras estimam perdas de R$ 100 milh\\u00f5es em desvios de energia  no RS\",\"author\":{\"@id\":\"https:\\\/\\\/www.jornalja.com.br\\\/arquivo\\\/author\\\/daredacao\\\/#author\"},\"publisher\":{\"@id\":\"https:\\\/\\\/www.jornalja.com.br\\\/arquivo\\\/#organization\"},\"image\":{\"@type\":\"ImageObject\",\"url\":54232},\"datePublished\":\"2017-08-25T09:15:34-03:00\",\"dateModified\":\"2017-08-25T09:15:34-03:00\",\"inLanguage\":\"pt-BR\",\"mainEntityOfPage\":{\"@id\":\"https:\\\/\\\/www.jornalja.com.br\\\/arquivo\\\/distribuidoras-estimam-perdas-de-r-100-milhoes-em-desvios-de-energia-no-rs\\\/#webpage\"},\"isPartOf\":{\"@id\":\"https:\\\/\\\/www.jornalja.com.br\\\/arquivo\\\/distribuidoras-estimam-perdas-de-r-100-milhoes-em-desvios-de-energia-no-rs\\\/#webpage\"},\"articleSection\":\"Geral\"},{\"@type\":\"BreadcrumbList\",\"@id\":\"https:\\\/\\\/www.jornalja.com.br\\\/arquivo\\\/distribuidoras-estimam-perdas-de-r-100-milhoes-em-desvios-de-energia-no-rs\\\/#breadcrumblist\",\"itemListElement\":[{\"@type\":\"ListItem\",\"@id\":\"https:\\\/\\\/www.jornalja.com.br\\\/arquivo#listItem\",\"position\":1,\"name\":\"Home\",\"item\":\"https:\\\/\\\/www.jornalja.com.br\\\/arquivo\",\"nextItem\":{\"@type\":\"ListItem\",\"@id\":\"https:\\\/\\\/www.jornalja.com.br\\\/arquivo\\\/category\\\/geral\\\/#listItem\",\"name\":\"Geral\"}},{\"@type\":\"ListItem\",\"@id\":\"https:\\\/\\\/www.jornalja.com.br\\\/arquivo\\\/category\\\/geral\\\/#listItem\",\"position\":2,\"name\":\"Geral\",\"item\":\"https:\\\/\\\/www.jornalja.com.br\\\/arquivo\\\/category\\\/geral\\\/\",\"nextItem\":{\"@type\":\"ListItem\",\"@id\":\"https:\\\/\\\/www.jornalja.com.br\\\/arquivo\\\/distribuidoras-estimam-perdas-de-r-100-milhoes-em-desvios-de-energia-no-rs\\\/#listItem\",\"name\":\"Distribuidoras estimam perdas de R$ 100 milh\\u00f5es em desvios de energia  no RS\"},\"previousItem\":{\"@type\":\"ListItem\",\"@id\":\"https:\\\/\\\/www.jornalja.com.br\\\/arquivo#listItem\",\"name\":\"Home\"}},{\"@type\":\"ListItem\",\"@id\":\"https:\\\/\\\/www.jornalja.com.br\\\/arquivo\\\/distribuidoras-estimam-perdas-de-r-100-milhoes-em-desvios-de-energia-no-rs\\\/#listItem\",\"position\":3,\"name\":\"Distribuidoras estimam perdas de R$ 100 milh\\u00f5es em desvios de energia  no RS\",\"previousItem\":{\"@type\":\"ListItem\",\"@id\":\"https:\\\/\\\/www.jornalja.com.br\\\/arquivo\\\/category\\\/geral\\\/#listItem\",\"name\":\"Geral\"}}]},{\"@type\":\"Organization\",\"@id\":\"https:\\\/\\\/www.jornalja.com.br\\\/arquivo\\\/#organization\",\"name\":\"Jornal J\\u00c1\",\"description\":\"Jornal J\\u00c1 | Porto Alegre\",\"url\":\"https:\\\/\\\/www.jornalja.com.br\\\/arquivo\\\/\",\"telephone\":\"+555133307272\",\"logo\":{\"@type\":\"ImageObject\",\"url\":\"https:\\\/\\\/www.jornalja.com.br\\\/wp-content\\\/uploads\\\/cards\\\/JAslogan.png\",\"@id\":\"https:\\\/\\\/www.jornalja.com.br\\\/arquivo\\\/distribuidoras-estimam-perdas-de-r-100-milhoes-em-desvios-de-energia-no-rs\\\/#organizationLogo\"},\"image\":{\"@id\":\"https:\\\/\\\/www.jornalja.com.br\\\/arquivo\\\/distribuidoras-estimam-perdas-de-r-100-milhoes-em-desvios-de-energia-no-rs\\\/#organizationLogo\"}},{\"@type\":\"Person\",\"@id\":\"https:\\\/\\\/www.jornalja.com.br\\\/arquivo\\\/author\\\/daredacao\\\/#author\",\"url\":\"https:\\\/\\\/www.jornalja.com.br\\\/arquivo\\\/author\\\/daredacao\\\/\",\"name\":\"da Reda\\u00e7\\u00e3o\",\"image\":{\"@type\":\"ImageObject\",\"@id\":\"https:\\\/\\\/www.jornalja.com.br\\\/arquivo\\\/distribuidoras-estimam-perdas-de-r-100-milhoes-em-desvios-de-energia-no-rs\\\/#authorImage\",\"url\":\"https:\\\/\\\/secure.gravatar.com\\\/avatar\\\/469fd857d6605ad19919d27ed29d35a968a25f6e8fd9318356bbb7f57aae9c65?s=96&d=mm&r=g\",\"width\":96,\"height\":96,\"caption\":\"da Reda\\u00e7\\u00e3o\"}},{\"@type\":\"WebPage\",\"@id\":\"https:\\\/\\\/www.jornalja.com.br\\\/arquivo\\\/distribuidoras-estimam-perdas-de-r-100-milhoes-em-desvios-de-energia-no-rs\\\/#webpage\",\"url\":\"https:\\\/\\\/www.jornalja.com.br\\\/arquivo\\\/distribuidoras-estimam-perdas-de-r-100-milhoes-em-desvios-de-energia-no-rs\\\/\",\"name\":\"Distribuidoras estimam perdas de R$ 100 milh\\u00f5es em desvios de energia no RS | Arquivo\",\"inLanguage\":\"pt-BR\",\"isPartOf\":{\"@id\":\"https:\\\/\\\/www.jornalja.com.br\\\/arquivo\\\/#website\"},\"breadcrumb\":{\"@id\":\"https:\\\/\\\/www.jornalja.com.br\\\/arquivo\\\/distribuidoras-estimam-perdas-de-r-100-milhoes-em-desvios-de-energia-no-rs\\\/#breadcrumblist\"},\"author\":{\"@id\":\"https:\\\/\\\/www.jornalja.com.br\\\/arquivo\\\/author\\\/daredacao\\\/#author\"},\"creator\":{\"@id\":\"https:\\\/\\\/www.jornalja.com.br\\\/arquivo\\\/author\\\/daredacao\\\/#author\"},\"image\":{\"@type\":\"ImageObject\",\"url\":54232,\"@id\":\"https:\\\/\\\/www.jornalja.com.br\\\/arquivo\\\/distribuidoras-estimam-perdas-de-r-100-milhoes-em-desvios-de-energia-no-rs\\\/#mainImage\"},\"primaryImageOfPage\":{\"@id\":\"https:\\\/\\\/www.jornalja.com.br\\\/arquivo\\\/distribuidoras-estimam-perdas-de-r-100-milhoes-em-desvios-de-energia-no-rs\\\/#mainImage\"},\"datePublished\":\"2017-08-25T09:15:34-03:00\",\"dateModified\":\"2017-08-25T09:15:34-03:00\"},{\"@type\":\"WebSite\",\"@id\":\"https:\\\/\\\/www.jornalja.com.br\\\/arquivo\\\/#website\",\"url\":\"https:\\\/\\\/www.jornalja.com.br\\\/arquivo\\\/\",\"name\":\"Arquivo\",\"description\":\"Jornal J\\u00c1 | Porto Alegre\",\"inLanguage\":\"pt-BR\",\"publisher\":{\"@id\":\"https:\\\/\\\/www.jornalja.com.br\\\/arquivo\\\/#organization\"}}]}\n\t\t<\/script>\n\t\t<!-- All in One SEO -->\n\n","aioseo_head_json":{"title":"Distribuidoras estimam perdas de R$ 100 milh\u00f5es em desvios de energia no RS | Arquivo","description":"","canonical_url":"https:\/\/www.jornalja.com.br\/arquivo\/distribuidoras-estimam-perdas-de-r-100-milhoes-em-desvios-de-energia-no-rs\/","robots":"max-image-preview:large","keywords":"","webmasterTools":{"miscellaneous":""},"schema":{"@context":"https:\/\/schema.org","@graph":[{"@type":"BlogPosting","@id":"https:\/\/www.jornalja.com.br\/arquivo\/distribuidoras-estimam-perdas-de-r-100-milhoes-em-desvios-de-energia-no-rs\/#blogposting","name":"Distribuidoras estimam perdas de R$ 100 milh\u00f5es em desvios de energia no RS | Arquivo","headline":"Distribuidoras estimam perdas de R$ 100 milh\u00f5es em desvios de energia  no RS","author":{"@id":"https:\/\/www.jornalja.com.br\/arquivo\/author\/daredacao\/#author"},"publisher":{"@id":"https:\/\/www.jornalja.com.br\/arquivo\/#organization"},"image":{"@type":"ImageObject","url":54232},"datePublished":"2017-08-25T09:15:34-03:00","dateModified":"2017-08-25T09:15:34-03:00","inLanguage":"pt-BR","mainEntityOfPage":{"@id":"https:\/\/www.jornalja.com.br\/arquivo\/distribuidoras-estimam-perdas-de-r-100-milhoes-em-desvios-de-energia-no-rs\/#webpage"},"isPartOf":{"@id":"https:\/\/www.jornalja.com.br\/arquivo\/distribuidoras-estimam-perdas-de-r-100-milhoes-em-desvios-de-energia-no-rs\/#webpage"},"articleSection":"Geral"},{"@type":"BreadcrumbList","@id":"https:\/\/www.jornalja.com.br\/arquivo\/distribuidoras-estimam-perdas-de-r-100-milhoes-em-desvios-de-energia-no-rs\/#breadcrumblist","itemListElement":[{"@type":"ListItem","@id":"https:\/\/www.jornalja.com.br\/arquivo#listItem","position":1,"name":"Home","item":"https:\/\/www.jornalja.com.br\/arquivo","nextItem":{"@type":"ListItem","@id":"https:\/\/www.jornalja.com.br\/arquivo\/category\/geral\/#listItem","name":"Geral"}},{"@type":"ListItem","@id":"https:\/\/www.jornalja.com.br\/arquivo\/category\/geral\/#listItem","position":2,"name":"Geral","item":"https:\/\/www.jornalja.com.br\/arquivo\/category\/geral\/","nextItem":{"@type":"ListItem","@id":"https:\/\/www.jornalja.com.br\/arquivo\/distribuidoras-estimam-perdas-de-r-100-milhoes-em-desvios-de-energia-no-rs\/#listItem","name":"Distribuidoras estimam perdas de R$ 100 milh\u00f5es em desvios de energia  no RS"},"previousItem":{"@type":"ListItem","@id":"https:\/\/www.jornalja.com.br\/arquivo#listItem","name":"Home"}},{"@type":"ListItem","@id":"https:\/\/www.jornalja.com.br\/arquivo\/distribuidoras-estimam-perdas-de-r-100-milhoes-em-desvios-de-energia-no-rs\/#listItem","position":3,"name":"Distribuidoras estimam perdas de R$ 100 milh\u00f5es em desvios de energia  no RS","previousItem":{"@type":"ListItem","@id":"https:\/\/www.jornalja.com.br\/arquivo\/category\/geral\/#listItem","name":"Geral"}}]},{"@type":"Organization","@id":"https:\/\/www.jornalja.com.br\/arquivo\/#organization","name":"Jornal J\u00c1","description":"Jornal J\u00c1 | Porto Alegre","url":"https:\/\/www.jornalja.com.br\/arquivo\/","telephone":"+555133307272","logo":{"@type":"ImageObject","url":"https:\/\/www.jornalja.com.br\/wp-content\/uploads\/cards\/JAslogan.png","@id":"https:\/\/www.jornalja.com.br\/arquivo\/distribuidoras-estimam-perdas-de-r-100-milhoes-em-desvios-de-energia-no-rs\/#organizationLogo"},"image":{"@id":"https:\/\/www.jornalja.com.br\/arquivo\/distribuidoras-estimam-perdas-de-r-100-milhoes-em-desvios-de-energia-no-rs\/#organizationLogo"}},{"@type":"Person","@id":"https:\/\/www.jornalja.com.br\/arquivo\/author\/daredacao\/#author","url":"https:\/\/www.jornalja.com.br\/arquivo\/author\/daredacao\/","name":"da Reda\u00e7\u00e3o","image":{"@type":"ImageObject","@id":"https:\/\/www.jornalja.com.br\/arquivo\/distribuidoras-estimam-perdas-de-r-100-milhoes-em-desvios-de-energia-no-rs\/#authorImage","url":"https:\/\/secure.gravatar.com\/avatar\/469fd857d6605ad19919d27ed29d35a968a25f6e8fd9318356bbb7f57aae9c65?s=96&d=mm&r=g","width":96,"height":96,"caption":"da Reda\u00e7\u00e3o"}},{"@type":"WebPage","@id":"https:\/\/www.jornalja.com.br\/arquivo\/distribuidoras-estimam-perdas-de-r-100-milhoes-em-desvios-de-energia-no-rs\/#webpage","url":"https:\/\/www.jornalja.com.br\/arquivo\/distribuidoras-estimam-perdas-de-r-100-milhoes-em-desvios-de-energia-no-rs\/","name":"Distribuidoras estimam perdas de R$ 100 milh\u00f5es em desvios de energia no RS | Arquivo","inLanguage":"pt-BR","isPartOf":{"@id":"https:\/\/www.jornalja.com.br\/arquivo\/#website"},"breadcrumb":{"@id":"https:\/\/www.jornalja.com.br\/arquivo\/distribuidoras-estimam-perdas-de-r-100-milhoes-em-desvios-de-energia-no-rs\/#breadcrumblist"},"author":{"@id":"https:\/\/www.jornalja.com.br\/arquivo\/author\/daredacao\/#author"},"creator":{"@id":"https:\/\/www.jornalja.com.br\/arquivo\/author\/daredacao\/#author"},"image":{"@type":"ImageObject","url":54232,"@id":"https:\/\/www.jornalja.com.br\/arquivo\/distribuidoras-estimam-perdas-de-r-100-milhoes-em-desvios-de-energia-no-rs\/#mainImage"},"primaryImageOfPage":{"@id":"https:\/\/www.jornalja.com.br\/arquivo\/distribuidoras-estimam-perdas-de-r-100-milhoes-em-desvios-de-energia-no-rs\/#mainImage"},"datePublished":"2017-08-25T09:15:34-03:00","dateModified":"2017-08-25T09:15:34-03:00"},{"@type":"WebSite","@id":"https:\/\/www.jornalja.com.br\/arquivo\/#website","url":"https:\/\/www.jornalja.com.br\/arquivo\/","name":"Arquivo","description":"Jornal J\u00c1 | Porto Alegre","inLanguage":"pt-BR","publisher":{"@id":"https:\/\/www.jornalja.com.br\/arquivo\/#organization"}}]},"og:locale":"pt_BR","og:site_name":"Arquivo | Jornal J\u00c1 | Porto Alegre","og:type":"article","og:title":"Distribuidoras estimam perdas de R$ 100 milh\u00f5es em desvios de energia no RS | Arquivo","og:url":"https:\/\/www.jornalja.com.br\/arquivo\/distribuidoras-estimam-perdas-de-r-100-milhoes-em-desvios-de-energia-no-rs\/","og:image":"https:\/\/www.jornalja.com.br\/economics\/wp-content\/uploads\/sites\/11\/2026\/08\/ja-folhaderosto-facebook.jpg","og:image:secure_url":"https:\/\/www.jornalja.com.br\/economics\/wp-content\/uploads\/sites\/11\/2026\/08\/ja-folhaderosto-facebook.jpg","article:published_time":"2017-08-25T12:15:34+00:00","article:modified_time":"2017-08-25T12:15:34+00:00","twitter:card":"summary","twitter:title":"Distribuidoras estimam perdas de R$ 100 milh\u00f5es em desvios de energia no RS | Arquivo","twitter:image":"https:\/\/www.jornalja.com.br\/economics\/wp-content\/uploads\/sites\/11\/2026\/08\/ja-folhaderosto-facebook.jpg"},"aioseo_meta_data":{"post_id":"54193","title":null,"description":null,"keywords":null,"keyphrases":null,"primary_term":null,"canonical_url":null,"og_title":null,"og_description":null,"og_object_type":"default","og_image_type":"default","og_image_url":null,"og_image_width":null,"og_image_height":null,"og_image_custom_url":null,"og_image_custom_fields":null,"og_video":null,"og_custom_url":null,"og_article_section":null,"og_article_tags":null,"twitter_use_og":false,"twitter_card":"default","twitter_image_type":"default","twitter_image_url":null,"twitter_image_custom_url":null,"twitter_image_custom_fields":null,"twitter_title":null,"twitter_description":null,"schema":{"blockGraphs":[],"customGraphs":[],"default":{"data":{"Article":[],"Course":[],"Dataset":[],"FAQPage":[],"Movie":[],"Person":[],"Product":[],"ProductReview":[],"Car":[],"Recipe":[],"Service":[],"SoftwareApplication":[],"WebPage":[]},"graphName":"","isEnabled":true},"graphs":[]},"schema_type":null,"schema_type_options":null,"pillar_content":false,"robots_default":true,"robots_noindex":false,"robots_noarchive":false,"robots_nosnippet":false,"robots_nofollow":false,"robots_noimageindex":false,"robots_noodp":false,"robots_notranslate":false,"robots_max_snippet":null,"robots_max_videopreview":null,"robots_max_imagepreview":"large","priority":null,"frequency":null,"location":null,"local_seo":null,"breadcrumb_settings":null,"limit_modified_date":false,"ai":null,"created":"2020-12-20 20:26:02","updated":"2025-07-20 00:36:24","seo_analyzer_scan_date":null,"focus_keyword":null,"additional_keywords":null,"truseo_locale":null},"jetpack_sharing_enabled":true,"jetpack-related-posts":[{"id":13109,"url":"https:\/\/www.jornalja.com.br\/arquivo\/judiciario-reconhece-poluicao-eletromagnetica\/","url_meta":{"origin":54193,"position":0},"title":"Judici\u00e1rio reconhece polui\u00e7\u00e3o eletromagn\u00e9tica","author":"Patr\u00edcia Marini","date":"16 de maio de 2014","format":false,"excerpt":"A\u00e7\u00e3o de duas associa\u00e7\u00f5es de moradores foi acolhida pelo Tribunal de Justi\u00e7a de S\u00e3o Paulo que. em decis\u00e3o in\u00e9dita, determinou a redu\u00e7\u00e3o do campo eletromagn\u00e9tico gerado pelas linhas de transmiss\u00e3o de energia que cortam os bairros City Boa\u00e7ava e Alto de Pinheiros. \u00c9 a primeira vez que um tribunal do\u2026","rel":"","context":"Em &quot;X.Categorias velhas&quot;","block_context":{"text":"X.Categorias velhas","link":"https:\/\/www.jornalja.com.br\/arquivo\/category\/x-categorias-velhas\/"},"img":{"alt_text":"","src":"","width":0,"height":0},"classes":[]},{"id":13124,"url":"https:\/\/www.jornalja.com.br\/arquivo\/sangue-latino-no-iecine\/","url_meta":{"origin":54193,"position":1},"title":"Sangue latino no IECINE","author":"da Reda\u00e7\u00e3o","date":"18 de maio de 2014","format":false,"excerpt":"Francisco Ribeiro O Instituto Estadual de Cinema (IECINE) tem a frente, desde abril \u00faltimo, um novo diretor, o cineasta colombiano Juan Zapata, 36, que substitui Luiz Alberto Cassol. Radicado h\u00e1 dez anos em Porto Alegre, Zapata tem diante de si o desafio de conduzir at\u00e9 o final do ano um\u2026","rel":"","context":"Em &quot;Cultura-Geral&quot;","block_context":{"text":"Cultura-Geral","link":"https:\/\/www.jornalja.com.br\/arquivo\/category\/materiasecundaria\/"},"img":{"alt_text":"","src":"","width":0,"height":0},"classes":[]},{"id":12960,"url":"https:\/\/www.jornalja.com.br\/arquivo\/populacao-culpa-empresas-pela-greve-dos-rodoviarios\/","url_meta":{"origin":54193,"position":2},"title":"Popula\u00e7\u00e3o culpa empresas pela greve","author":"Patr\u00edcia Marini","date":"14 de fevereiro de 2014","format":false,"excerpt":"Pesquisa divulgada na edi\u00e7\u00e3o do jornal Metro desta sexta-feira,14, comprova o velho ditado: \u00e9 poss\u00edvel enganar muitos por algum tempo, mas n\u00e3o \u00e9 poss\u00edvel enganar a todos o tempo inteiro. A principal revela\u00e7\u00e3o foi que 59,8% dos entrevistados apontaram as empresas como as principais respons\u00e1veis pela grave e 46% culparam\u2026","rel":"","context":"Em &quot;X.Categorias velhas&quot;","block_context":{"text":"X.Categorias velhas","link":"https:\/\/www.jornalja.com.br\/arquivo\/category\/x-categorias-velhas\/"},"img":{"alt_text":"","src":"","width":0,"height":0},"classes":[]},{"id":5440,"url":"https:\/\/www.jornalja.com.br\/arquivo\/casarao-da-venancio-destino-permanece-incerto\/","url_meta":{"origin":54193,"position":3},"title":"Estado ainda n\u00e3o sabe o que fazer com casar\u00e3o abandonado h\u00e1 20 anos","author":"Elmar Bones","date":"6 de julho de 2009","format":false,"excerpt":"O casar\u00e3o amarelo, numa esquina nobre de Porto Alegre (Ven\u00e2ncio Aires com Jo\u00e3o Pessoa), j\u00e1 abrigou uma escola. H\u00e1 duas d\u00e9cadas, pelo menos, est\u00e1 abandonado, porque seu propriet\u00e1rio, o governo do Estado do Rio Grande do Sul, n\u00e3o consegue achar um destino para ele. Planos n\u00e3o faltaram. O governador Ol\u00edvio\u2026","rel":"","context":"Em &quot;X.Categorias velhas&quot;","block_context":{"text":"X.Categorias velhas","link":"https:\/\/www.jornalja.com.br\/arquivo\/category\/x-categorias-velhas\/"},"img":{"alt_text":"geraldo1","src":"https:\/\/i0.wp.com\/www.jornalja.com.br\/wp-content\/uploads\/2009\/07\/geraldo1.jpg?resize=350%2C200&ssl=1","width":350,"height":200},"classes":[]},{"id":14241,"url":"https:\/\/www.jornalja.com.br\/arquivo\/o-guaiba-nas-imagens-poeticas-de-achutti\/","url_meta":{"origin":54193,"position":4},"title":"O Gua\u00edba nas imagens po\u00e9ticas de Achutti","author":"da Reda\u00e7\u00e3o","date":"18 de junho de 2014","format":false,"excerpt":"Em \u201cO Gua\u00edba por Achutti\u201d \u2013 obra financiada via Minist\u00e9rio da Cultura, produ\u00e7\u00e3o executiva de Pedro Longhi, e Fl\u00e1vio Wild como designer \u2013, o fot\u00f3grafo revela a beleza e as mazelas de um espa\u00e7o aqu\u00e1tico de \u00e1guas sempre renovadas, cheio de hist\u00f3rias e lendas como as das cidades que foram\u2026","rel":"","context":"Em &quot;Cultura-Geral&quot;","block_context":{"text":"Cultura-Geral","link":"https:\/\/www.jornalja.com.br\/arquivo\/category\/materiasecundaria\/"},"img":{"alt_text":"","src":"","width":0,"height":0},"classes":[]},{"id":13128,"url":"https:\/\/www.jornalja.com.br\/arquivo\/maconha-terra-diz-que-uso-medicinal-e-desculpa\/","url_meta":{"origin":54193,"position":5},"title":"Maconha: Terra diz que uso medicinal \u00e9 desculpa","author":"Patr\u00edcia Marini","date":"4 de junho de 2014","format":false,"excerpt":"A condi\u00e7\u00e3o de pol\u00edtico, em \u00e9poca de campanha de campanha eleitoral, tira for\u00e7a do discurso do m\u00e9dico Osmar Terra contra a legaliza\u00e7\u00e3o da maconha. A tese dele de que a libera\u00e7\u00e3o vai ampliar exponencialmente o consumo \u00e9 discutivel, o consumo \u00e9 corrente. Mas seus alertas quanto aos riscos tem que\u2026","rel":"","context":"Em &quot;X.Categorias velhas&quot;","block_context":{"text":"X.Categorias velhas","link":"https:\/\/www.jornalja.com.br\/arquivo\/category\/x-categorias-velhas\/"},"img":{"alt_text":"","src":"","width":0,"height":0},"classes":[]}],"jetpack_shortlink":"https:\/\/wp.me\/pbQjBd-e65","jetpack_featured_media_url":"","_links":{"self":[{"href":"https:\/\/www.jornalja.com.br\/arquivo\/wp-json\/wp\/v2\/posts\/54193","targetHints":{"allow":["GET"]}}],"collection":[{"href":"https:\/\/www.jornalja.com.br\/arquivo\/wp-json\/wp\/v2\/posts"}],"about":[{"href":"https:\/\/www.jornalja.com.br\/arquivo\/wp-json\/wp\/v2\/types\/post"}],"author":[{"embeddable":true,"href":"https:\/\/www.jornalja.com.br\/arquivo\/wp-json\/wp\/v2\/users\/4"}],"replies":[{"embeddable":true,"href":"https:\/\/www.jornalja.com.br\/arquivo\/wp-json\/wp\/v2\/comments?post=54193"}],"version-history":[{"count":0,"href":"https:\/\/www.jornalja.com.br\/arquivo\/wp-json\/wp\/v2\/posts\/54193\/revisions"}],"wp:attachment":[{"href":"https:\/\/www.jornalja.com.br\/arquivo\/wp-json\/wp\/v2\/media?parent=54193"}],"wp:term":[{"taxonomy":"category","embeddable":true,"href":"https:\/\/www.jornalja.com.br\/arquivo\/wp-json\/wp\/v2\/categories?post=54193"},{"taxonomy":"post_tag","embeddable":true,"href":"https:\/\/www.jornalja.com.br\/arquivo\/wp-json\/wp\/v2\/tags?post=54193"}],"curies":[{"name":"wp","href":"https:\/\/api.w.org\/{rel}","templated":true}]}}