{"id":54198,"date":"2017-08-25T09:56:52","date_gmt":"2017-08-25T12:56:52","guid":{"rendered":"https:\/\/www.jornalja.com.br\/?p=54198"},"modified":"2017-08-25T09:56:52","modified_gmt":"2017-08-25T12:56:52","slug":"obra-contra-enchentes-em-porto-alegre-e-esperada-ha-mais-de-30-anos","status":"publish","type":"post","link":"https:\/\/www.jornalja.com.br\/arquivo\/obra-contra-enchentes-em-porto-alegre-e-esperada-ha-mais-de-30-anos\/","title":{"rendered":"Obra contra enchentes em Porto Alegre \u00e9 esperada h\u00e1 mais de 30 anos"},"content":{"rendered":"<div>Esperada h\u00e1 mais de 30 anos pelos moradores que sofrem com frequentes inunda\u00e7\u00f5es, , a drenagem do Arroio Areia, que corta 14 bairros de Porto Alegre, rendeu mais um &#8220;ato p\u00fablico&#8221; na manh\u00e3 desta sexta-feira.<\/div>\n<div><\/div>\n<div>O ministro das Cidades, Bruno Ara\u00fajo, do PSDB, veio de Brasilia para a assinatura do contrato que autoriza o prefeito Nelson Marchezan a &#8220;elaborar projetos e executar as obras&#8221;.<\/div>\n<div><\/div>\n<div>Para n\u00e3o deixar o PSDB colher s\u00f3zinho os louros, outros dois ministros do PMDB de Temer engrossaram o evento: Osmar Terra, da Sa\u00fade, e Eliseu Padilha, da Casa Civil.<\/div>\n<div><\/div>\n<div>Os recursos est\u00e3o dispon\u00edveis. Ser\u00e3o 106 milh\u00f5es de reais que vir\u00e3o do governo federal, &#8220;doados pelo Tesouro Nacional&#8221;, como disse o ministro em entrevista.<\/div>\n<div><\/div>\n<div>A obra inclui a constru\u00e7\u00e3o de sete reservat\u00f3rios e 18 trechos de galerias para escoar as \u00e1guas que a cada chuva inundam uma regi\u00e3o onde vivem 30 mil familias, segundo a prefeitura.<\/div>\n<div><\/div>\n<div>N\u00e3o foi informada a data para in\u00edcio da obra, que tem prazo para conclus\u00e3o de\u00a0 quatro anos e meio.<\/div>\n<div><\/div>\n<div>Em dezembro do ano passado, num dos \u00faltimos atos do seu governo, o ex-prefeito Jos\u00e9 Fortunati\u00a0 j\u00e1 &#8220;assinou o contrato para o in\u00edcio das obras na regi\u00e3o do Arroio Areia&#8221;<\/div>\n<div>&#8220;Esse \u00e9 um momento muito importante para a Capital, porque trata-se de um dos grandes projetos de drenagem para a cidade\u201d, disse o prefeito Jos\u00e9 Fortunati.<\/div>\n<div><\/div>\n<div>&#8220;Ele ressaltou o empenho das equipes t\u00e9cnicas das secretarias de Gest\u00e3o e do DEP, al\u00e9m da Caixa, para a conclus\u00e3o do projeto e in\u00edcio das obras&#8221;, segundo nota \u00e0 imprensa distribuida pela prefeitura.<\/div>\n<div><\/div>\n<div>\u201cN\u00e3o tenho d\u00favidas de que ser\u00e1 uma obra hist\u00f3rica para Porto Alegre, por solucionar os problemas de alagamento na regi\u00e3o\u201d, observou o diretor-geral do DEP, Ren\u00e9 Jos\u00e9 Machado de Souza.<\/div>\n<div><\/div>\n<div>Tamb\u00e9m participaram da assinatura, o secret\u00e1rio de Gest\u00e3o, Urbano Schimitt, e o superintendente da Caixa, Pedro Lacerda, al\u00e9m dos representantes do grupo ACA, Luiz Felipe Vaccaro, e da RGS Engenharia, Odilon Menezes.<\/div>\n<div><\/div>\n<div>Em entrevista, depois da assinatura, nesta sexta-feira, o ministro Bruno Ara\u00fajo explicou que o projeto n\u00e3o andou porque o minist\u00e9rio estava fazendo uma triagem para selecionar as obras mais urgentes, porque n\u00e3o h\u00e1 verba para todas. Ele n\u00e3o explicou por que foi necess\u00e1ria uma nova autoriza\u00e7\u00e3o.<\/div>\n<div><\/div>\n<div><span class=\"intertit\">Um pacote maior<\/span><\/div>\n<div><\/div>\n<div>A drenagem do Areia \u00e9 parte de um projeto maior, j\u00e1 aprovado para drenagem em Porto Alegre. O total dos recursos destinados pelo governo federal para a cidade chega a R$ 237 milh\u00f5es.<\/div>\n<div><\/div>\n<div>Os recursos, concedidos a fundo perdido (sem exig\u00eancia de reembolso), s\u00e3o provenientes de verba do Plano Nacional de Gest\u00e3o de Risco e Resposta a Desastres Naturais, o chamado PAC Preven\u00e7\u00e3o.<\/div>\n<div><\/div>\n<div>Este PAC prev\u00ea a execu\u00e7\u00e3o de obras estruturantes de preven\u00e7\u00e3o de inunda\u00e7\u00f5es e conten\u00e7\u00e3o de cheias em munic\u00edpios de risco.<\/div>\n<div><\/div>\n<div>As obras contra cheias a serem executadas na Capital integram o Programa de Drenagem Urbana de Porto Alegre \u2013 DrenaPOA.<\/div>\n<div><\/div>\n<div>Ser\u00e3o beneficiadas as bacias hidrogr\u00e1ficas dos arroios Moinho e Areia, o Sistema de Prote\u00e7\u00e3o Contra as Cheias (com recupera\u00e7\u00e3o de algumas casas de bombas) e projetos executivos para as bacias hidrogr\u00e1ficas dos arroios Guabiroba e Manec\u00e3o.<\/div>\n<div><\/div>\n<div><strong>Bacia do Arroio Areia &#8211;<\/strong> Estas obras ter\u00e3o investimento de R$ 106 milh\u00f5es e beneficiar\u00e3o 178 mil habitantes dos 14 bairros atingidos. Ser\u00e3o implantados quase 7 mil metros de galerias pluviais em 15 ruas, ampliando o sistema de macrodrenagem da regi\u00e3o, bem como implanta\u00e7\u00e3o de sete bacias de amortecimento de cheias. Nesta obra tamb\u00e9m ser\u00e1 reformada e ampliada a casa de bombas S\u00edlvio Brum. Ap\u00f3s conclus\u00e3o do projeto e in\u00edcio das escava\u00e7\u00f5es, o tempo de execu\u00e7\u00e3o das estruturas dever\u00e1 estender-se por 4 anos e meio.<\/div>\n<div>\n<\/div>\n<div><\/div>\n<div><strong>Vias que receber\u00e3o interven\u00e7\u00f5es<\/strong> &#8211; Ruas Ibirapuit\u00e3, Marechal Jos\u00e9 In\u00e1cio da Silva, Cel. Feij\u00f3, Sap\u00e9, Roque Callage e avenidas do Forte, Sert\u00f3rio, Pl\u00ednio Brasil Milano, Carneiro da Fontoura, Visconde de Pelotas, Anita Garibaldi, General Em\u00edlio L\u00facio Esteves, Teixeira Mendes, Nilo Pe\u00e7anha e Assis Brasil.<\/div>\n<div><\/div>\n<div><strong>Pra\u00e7as que receber\u00e3o bacias de conten\u00e7\u00e3o:<\/strong><\/div>\n<div>1 &#8211; Pra\u00e7a Lopes Trov\u00e3o \u2013 capacidade de armazenamento de 4.860m\u00b3.<\/div>\n<div>2 &#8211; Pra\u00e7a Luis Blessman \u2013 capacidade de armazenamento de 7.020m\u00b3.<\/div>\n<div>3 &#8211; Country Club \u00a0\u2013 capacidade de armazenamento de 26.000m\u00b3.<\/div>\n<div>4 &#8211; Pra\u00e7a Irani Bertelli \u2013 capacidade de armazenamento de 4.600m\u00b3.<\/div>\n<div>5 &#8211; Pra\u00e7a Fortunato Pimentel \u00a0\u2013 capacidade de armazenamento de 8.190m\u00b3.<\/div>\n<div>6 &#8211; Reservat\u00f3rio rua Mal. Sime\u00e3o &#8211; capacidade de armazenamento de 3.400m\u00b3.<\/div>\n<div>7 &#8211; Reservat\u00f3rio rua Gal. Couto De Magalh\u00e3es \u2013 capacidade de armazenamento de 3.360m\u00b3.<\/div>\n<div><\/div>\n<div><strong>Casa de bombas<\/strong> &#8211; Ser\u00e1 ampliada e reformada a casa de bombas Silvio Brum, localizada na avenida Sert\u00f3rio, 3424. A sala de geradores existente ser\u00e1 ampliada para implanta\u00e7\u00e3o de novos dispositivos, ou seja, mesmo com a falta de energia el\u00e9trica, as bombas continuar\u00e3o funcionando. Hoje, a casa de bombas tem uma capacidade de bombeamento de 7,5 m\u00b3 por segundo. Ap\u00f3s a amplia\u00e7\u00e3o, a casa de bombas passar\u00e1 a ter uma capacidade de vaz\u00e3o de 10 m\u00b3 por segundo.<\/div>\n","protected":false},"excerpt":{"rendered":"<p>Esperada h\u00e1 mais de 30 anos pelos moradores que sofrem com frequentes inunda\u00e7\u00f5es, , a drenagem do Arroio Areia, que corta 14 bairros de Porto Alegre, rendeu mais um &#8220;ato p\u00fablico&#8221; na manh\u00e3 desta sexta-feira. O ministro das Cidades, Bruno Ara\u00fajo, do PSDB, veio de Brasilia para a assinatura do contrato que autoriza o prefeito [&hellip;]<\/p>\n","protected":false},"author":4,"featured_media":54225,"comment_status":"open","ping_status":"closed","sticky":false,"template":"","format":"standard","meta":{"_jetpack_newsletter_access":"","_jetpack_dont_email_post_to_subs":false,"_jetpack_newsletter_tier_id":0,"_jetpack_memberships_contains_paywalled_content":false,"_jetpack_feature_clip_id":0,"_jetpack_memberships_contains_paid_content":false,"footnotes":"","jetpack_post_was_ever_published":false},"categories":[26],"tags":[],"class_list":["post-54198","post","type-post","status-publish","format-standard","has-post-thumbnail","hentry","category-geral"],"aioseo_notices":[],"aioseo_head":"\n\t\t<!-- All in One SEO 5.0.1.1 - aioseo.com -->\n\t<meta name=\"robots\" content=\"max-image-preview:large\" \/>\n\t<meta name=\"author\" content=\"da Reda\u00e7\u00e3o\"\/>\n\t<link rel=\"canonical\" href=\"https:\/\/www.jornalja.com.br\/arquivo\/obra-contra-enchentes-em-porto-alegre-e-esperada-ha-mais-de-30-anos\/\" \/>\n\t<meta name=\"generator\" content=\"All in One SEO (AIOSEO) 5.0.1.1\" \/>\n\t\t<meta property=\"og:locale\" content=\"pt_BR\" \/>\n\t\t<meta property=\"og:site_name\" content=\"Arquivo | Jornal J\u00c1 | Porto Alegre\" \/>\n\t\t<meta property=\"og:type\" content=\"article\" \/>\n\t\t<meta property=\"og:title\" content=\"Obra contra enchentes em Porto Alegre \u00e9 esperada h\u00e1 mais de 30 anos | Arquivo\" \/>\n\t\t<meta property=\"og:url\" content=\"https:\/\/www.jornalja.com.br\/arquivo\/obra-contra-enchentes-em-porto-alegre-e-esperada-ha-mais-de-30-anos\/\" \/>\n\t\t<meta property=\"og:image\" content=\"https:\/\/www.jornalja.com.br\/economics\/wp-content\/uploads\/sites\/11\/2026\/08\/ja-folhaderosto-facebook.jpg\" \/>\n\t\t<meta property=\"og:image:secure_url\" content=\"https:\/\/www.jornalja.com.br\/economics\/wp-content\/uploads\/sites\/11\/2026\/08\/ja-folhaderosto-facebook.jpg\" \/>\n\t\t<meta property=\"article:published_time\" content=\"2017-08-25T12:56:52+00:00\" \/>\n\t\t<meta property=\"article:modified_time\" content=\"2017-08-25T12:56:52+00:00\" \/>\n\t\t<meta name=\"twitter:card\" content=\"summary\" \/>\n\t\t<meta name=\"twitter:title\" content=\"Obra contra enchentes em Porto Alegre \u00e9 esperada h\u00e1 mais de 30 anos | Arquivo\" \/>\n\t\t<meta name=\"twitter:image\" content=\"https:\/\/www.jornalja.com.br\/economics\/wp-content\/uploads\/sites\/11\/2026\/08\/ja-folhaderosto-facebook.jpg\" \/>\n\t\t<script type=\"application\/ld+json\" class=\"aioseo-schema\">\n\t\t\t{\"@context\":\"https:\\\/\\\/schema.org\",\"@graph\":[{\"@type\":\"BlogPosting\",\"@id\":\"https:\\\/\\\/www.jornalja.com.br\\\/arquivo\\\/obra-contra-enchentes-em-porto-alegre-e-esperada-ha-mais-de-30-anos\\\/#blogposting\",\"name\":\"Obra contra enchentes em Porto Alegre \\u00e9 esperada h\\u00e1 mais de 30 anos | Arquivo\",\"headline\":\"Obra contra enchentes em Porto Alegre \\u00e9 esperada h\\u00e1 mais de 30 anos\",\"author\":{\"@id\":\"https:\\\/\\\/www.jornalja.com.br\\\/arquivo\\\/author\\\/daredacao\\\/#author\"},\"publisher\":{\"@id\":\"https:\\\/\\\/www.jornalja.com.br\\\/arquivo\\\/#organization\"},\"image\":{\"@type\":\"ImageObject\",\"url\":54225},\"datePublished\":\"2017-08-25T09:56:52-03:00\",\"dateModified\":\"2017-08-25T09:56:52-03:00\",\"inLanguage\":\"pt-BR\",\"mainEntityOfPage\":{\"@id\":\"https:\\\/\\\/www.jornalja.com.br\\\/arquivo\\\/obra-contra-enchentes-em-porto-alegre-e-esperada-ha-mais-de-30-anos\\\/#webpage\"},\"isPartOf\":{\"@id\":\"https:\\\/\\\/www.jornalja.com.br\\\/arquivo\\\/obra-contra-enchentes-em-porto-alegre-e-esperada-ha-mais-de-30-anos\\\/#webpage\"},\"articleSection\":\"Geral\"},{\"@type\":\"BreadcrumbList\",\"@id\":\"https:\\\/\\\/www.jornalja.com.br\\\/arquivo\\\/obra-contra-enchentes-em-porto-alegre-e-esperada-ha-mais-de-30-anos\\\/#breadcrumblist\",\"itemListElement\":[{\"@type\":\"ListItem\",\"@id\":\"https:\\\/\\\/www.jornalja.com.br\\\/arquivo#listItem\",\"position\":1,\"name\":\"Home\",\"item\":\"https:\\\/\\\/www.jornalja.com.br\\\/arquivo\",\"nextItem\":{\"@type\":\"ListItem\",\"@id\":\"https:\\\/\\\/www.jornalja.com.br\\\/arquivo\\\/category\\\/geral\\\/#listItem\",\"name\":\"Geral\"}},{\"@type\":\"ListItem\",\"@id\":\"https:\\\/\\\/www.jornalja.com.br\\\/arquivo\\\/category\\\/geral\\\/#listItem\",\"position\":2,\"name\":\"Geral\",\"item\":\"https:\\\/\\\/www.jornalja.com.br\\\/arquivo\\\/category\\\/geral\\\/\",\"nextItem\":{\"@type\":\"ListItem\",\"@id\":\"https:\\\/\\\/www.jornalja.com.br\\\/arquivo\\\/obra-contra-enchentes-em-porto-alegre-e-esperada-ha-mais-de-30-anos\\\/#listItem\",\"name\":\"Obra contra enchentes em Porto Alegre \\u00e9 esperada h\\u00e1 mais de 30 anos\"},\"previousItem\":{\"@type\":\"ListItem\",\"@id\":\"https:\\\/\\\/www.jornalja.com.br\\\/arquivo#listItem\",\"name\":\"Home\"}},{\"@type\":\"ListItem\",\"@id\":\"https:\\\/\\\/www.jornalja.com.br\\\/arquivo\\\/obra-contra-enchentes-em-porto-alegre-e-esperada-ha-mais-de-30-anos\\\/#listItem\",\"position\":3,\"name\":\"Obra contra enchentes em Porto Alegre \\u00e9 esperada h\\u00e1 mais de 30 anos\",\"previousItem\":{\"@type\":\"ListItem\",\"@id\":\"https:\\\/\\\/www.jornalja.com.br\\\/arquivo\\\/category\\\/geral\\\/#listItem\",\"name\":\"Geral\"}}]},{\"@type\":\"Organization\",\"@id\":\"https:\\\/\\\/www.jornalja.com.br\\\/arquivo\\\/#organization\",\"name\":\"Jornal J\\u00c1\",\"description\":\"Jornal J\\u00c1 | Porto Alegre\",\"url\":\"https:\\\/\\\/www.jornalja.com.br\\\/arquivo\\\/\",\"telephone\":\"+555133307272\",\"logo\":{\"@type\":\"ImageObject\",\"url\":\"https:\\\/\\\/www.jornalja.com.br\\\/wp-content\\\/uploads\\\/cards\\\/JAslogan.png\",\"@id\":\"https:\\\/\\\/www.jornalja.com.br\\\/arquivo\\\/obra-contra-enchentes-em-porto-alegre-e-esperada-ha-mais-de-30-anos\\\/#organizationLogo\"},\"image\":{\"@id\":\"https:\\\/\\\/www.jornalja.com.br\\\/arquivo\\\/obra-contra-enchentes-em-porto-alegre-e-esperada-ha-mais-de-30-anos\\\/#organizationLogo\"}},{\"@type\":\"Person\",\"@id\":\"https:\\\/\\\/www.jornalja.com.br\\\/arquivo\\\/author\\\/daredacao\\\/#author\",\"url\":\"https:\\\/\\\/www.jornalja.com.br\\\/arquivo\\\/author\\\/daredacao\\\/\",\"name\":\"da Reda\\u00e7\\u00e3o\",\"image\":{\"@type\":\"ImageObject\",\"@id\":\"https:\\\/\\\/www.jornalja.com.br\\\/arquivo\\\/obra-contra-enchentes-em-porto-alegre-e-esperada-ha-mais-de-30-anos\\\/#authorImage\",\"url\":\"https:\\\/\\\/secure.gravatar.com\\\/avatar\\\/469fd857d6605ad19919d27ed29d35a968a25f6e8fd9318356bbb7f57aae9c65?s=96&d=mm&r=g\",\"width\":96,\"height\":96,\"caption\":\"da Reda\\u00e7\\u00e3o\"}},{\"@type\":\"WebPage\",\"@id\":\"https:\\\/\\\/www.jornalja.com.br\\\/arquivo\\\/obra-contra-enchentes-em-porto-alegre-e-esperada-ha-mais-de-30-anos\\\/#webpage\",\"url\":\"https:\\\/\\\/www.jornalja.com.br\\\/arquivo\\\/obra-contra-enchentes-em-porto-alegre-e-esperada-ha-mais-de-30-anos\\\/\",\"name\":\"Obra contra enchentes em Porto Alegre \\u00e9 esperada h\\u00e1 mais de 30 anos | Arquivo\",\"inLanguage\":\"pt-BR\",\"isPartOf\":{\"@id\":\"https:\\\/\\\/www.jornalja.com.br\\\/arquivo\\\/#website\"},\"breadcrumb\":{\"@id\":\"https:\\\/\\\/www.jornalja.com.br\\\/arquivo\\\/obra-contra-enchentes-em-porto-alegre-e-esperada-ha-mais-de-30-anos\\\/#breadcrumblist\"},\"author\":{\"@id\":\"https:\\\/\\\/www.jornalja.com.br\\\/arquivo\\\/author\\\/daredacao\\\/#author\"},\"creator\":{\"@id\":\"https:\\\/\\\/www.jornalja.com.br\\\/arquivo\\\/author\\\/daredacao\\\/#author\"},\"image\":{\"@type\":\"ImageObject\",\"url\":54225,\"@id\":\"https:\\\/\\\/www.jornalja.com.br\\\/arquivo\\\/obra-contra-enchentes-em-porto-alegre-e-esperada-ha-mais-de-30-anos\\\/#mainImage\"},\"primaryImageOfPage\":{\"@id\":\"https:\\\/\\\/www.jornalja.com.br\\\/arquivo\\\/obra-contra-enchentes-em-porto-alegre-e-esperada-ha-mais-de-30-anos\\\/#mainImage\"},\"datePublished\":\"2017-08-25T09:56:52-03:00\",\"dateModified\":\"2017-08-25T09:56:52-03:00\"},{\"@type\":\"WebSite\",\"@id\":\"https:\\\/\\\/www.jornalja.com.br\\\/arquivo\\\/#website\",\"url\":\"https:\\\/\\\/www.jornalja.com.br\\\/arquivo\\\/\",\"name\":\"Arquivo\",\"description\":\"Jornal J\\u00c1 | Porto Alegre\",\"inLanguage\":\"pt-BR\",\"publisher\":{\"@id\":\"https:\\\/\\\/www.jornalja.com.br\\\/arquivo\\\/#organization\"}}]}\n\t\t<\/script>\n\t\t<!-- All in One SEO -->\n\n","aioseo_head_json":{"title":"Obra contra enchentes em Porto Alegre \u00e9 esperada h\u00e1 mais de 30 anos | Arquivo","description":"","canonical_url":"https:\/\/www.jornalja.com.br\/arquivo\/obra-contra-enchentes-em-porto-alegre-e-esperada-ha-mais-de-30-anos\/","robots":"max-image-preview:large","keywords":"","webmasterTools":{"miscellaneous":""},"schema":{"@context":"https:\/\/schema.org","@graph":[{"@type":"BlogPosting","@id":"https:\/\/www.jornalja.com.br\/arquivo\/obra-contra-enchentes-em-porto-alegre-e-esperada-ha-mais-de-30-anos\/#blogposting","name":"Obra contra enchentes em Porto Alegre \u00e9 esperada h\u00e1 mais de 30 anos | Arquivo","headline":"Obra contra enchentes em Porto Alegre \u00e9 esperada h\u00e1 mais de 30 anos","author":{"@id":"https:\/\/www.jornalja.com.br\/arquivo\/author\/daredacao\/#author"},"publisher":{"@id":"https:\/\/www.jornalja.com.br\/arquivo\/#organization"},"image":{"@type":"ImageObject","url":54225},"datePublished":"2017-08-25T09:56:52-03:00","dateModified":"2017-08-25T09:56:52-03:00","inLanguage":"pt-BR","mainEntityOfPage":{"@id":"https:\/\/www.jornalja.com.br\/arquivo\/obra-contra-enchentes-em-porto-alegre-e-esperada-ha-mais-de-30-anos\/#webpage"},"isPartOf":{"@id":"https:\/\/www.jornalja.com.br\/arquivo\/obra-contra-enchentes-em-porto-alegre-e-esperada-ha-mais-de-30-anos\/#webpage"},"articleSection":"Geral"},{"@type":"BreadcrumbList","@id":"https:\/\/www.jornalja.com.br\/arquivo\/obra-contra-enchentes-em-porto-alegre-e-esperada-ha-mais-de-30-anos\/#breadcrumblist","itemListElement":[{"@type":"ListItem","@id":"https:\/\/www.jornalja.com.br\/arquivo#listItem","position":1,"name":"Home","item":"https:\/\/www.jornalja.com.br\/arquivo","nextItem":{"@type":"ListItem","@id":"https:\/\/www.jornalja.com.br\/arquivo\/category\/geral\/#listItem","name":"Geral"}},{"@type":"ListItem","@id":"https:\/\/www.jornalja.com.br\/arquivo\/category\/geral\/#listItem","position":2,"name":"Geral","item":"https:\/\/www.jornalja.com.br\/arquivo\/category\/geral\/","nextItem":{"@type":"ListItem","@id":"https:\/\/www.jornalja.com.br\/arquivo\/obra-contra-enchentes-em-porto-alegre-e-esperada-ha-mais-de-30-anos\/#listItem","name":"Obra contra enchentes em Porto Alegre \u00e9 esperada h\u00e1 mais de 30 anos"},"previousItem":{"@type":"ListItem","@id":"https:\/\/www.jornalja.com.br\/arquivo#listItem","name":"Home"}},{"@type":"ListItem","@id":"https:\/\/www.jornalja.com.br\/arquivo\/obra-contra-enchentes-em-porto-alegre-e-esperada-ha-mais-de-30-anos\/#listItem","position":3,"name":"Obra contra enchentes em Porto Alegre \u00e9 esperada h\u00e1 mais de 30 anos","previousItem":{"@type":"ListItem","@id":"https:\/\/www.jornalja.com.br\/arquivo\/category\/geral\/#listItem","name":"Geral"}}]},{"@type":"Organization","@id":"https:\/\/www.jornalja.com.br\/arquivo\/#organization","name":"Jornal J\u00c1","description":"Jornal J\u00c1 | Porto Alegre","url":"https:\/\/www.jornalja.com.br\/arquivo\/","telephone":"+555133307272","logo":{"@type":"ImageObject","url":"https:\/\/www.jornalja.com.br\/wp-content\/uploads\/cards\/JAslogan.png","@id":"https:\/\/www.jornalja.com.br\/arquivo\/obra-contra-enchentes-em-porto-alegre-e-esperada-ha-mais-de-30-anos\/#organizationLogo"},"image":{"@id":"https:\/\/www.jornalja.com.br\/arquivo\/obra-contra-enchentes-em-porto-alegre-e-esperada-ha-mais-de-30-anos\/#organizationLogo"}},{"@type":"Person","@id":"https:\/\/www.jornalja.com.br\/arquivo\/author\/daredacao\/#author","url":"https:\/\/www.jornalja.com.br\/arquivo\/author\/daredacao\/","name":"da Reda\u00e7\u00e3o","image":{"@type":"ImageObject","@id":"https:\/\/www.jornalja.com.br\/arquivo\/obra-contra-enchentes-em-porto-alegre-e-esperada-ha-mais-de-30-anos\/#authorImage","url":"https:\/\/secure.gravatar.com\/avatar\/469fd857d6605ad19919d27ed29d35a968a25f6e8fd9318356bbb7f57aae9c65?s=96&d=mm&r=g","width":96,"height":96,"caption":"da Reda\u00e7\u00e3o"}},{"@type":"WebPage","@id":"https:\/\/www.jornalja.com.br\/arquivo\/obra-contra-enchentes-em-porto-alegre-e-esperada-ha-mais-de-30-anos\/#webpage","url":"https:\/\/www.jornalja.com.br\/arquivo\/obra-contra-enchentes-em-porto-alegre-e-esperada-ha-mais-de-30-anos\/","name":"Obra contra enchentes em Porto Alegre \u00e9 esperada h\u00e1 mais de 30 anos | Arquivo","inLanguage":"pt-BR","isPartOf":{"@id":"https:\/\/www.jornalja.com.br\/arquivo\/#website"},"breadcrumb":{"@id":"https:\/\/www.jornalja.com.br\/arquivo\/obra-contra-enchentes-em-porto-alegre-e-esperada-ha-mais-de-30-anos\/#breadcrumblist"},"author":{"@id":"https:\/\/www.jornalja.com.br\/arquivo\/author\/daredacao\/#author"},"creator":{"@id":"https:\/\/www.jornalja.com.br\/arquivo\/author\/daredacao\/#author"},"image":{"@type":"ImageObject","url":54225,"@id":"https:\/\/www.jornalja.com.br\/arquivo\/obra-contra-enchentes-em-porto-alegre-e-esperada-ha-mais-de-30-anos\/#mainImage"},"primaryImageOfPage":{"@id":"https:\/\/www.jornalja.com.br\/arquivo\/obra-contra-enchentes-em-porto-alegre-e-esperada-ha-mais-de-30-anos\/#mainImage"},"datePublished":"2017-08-25T09:56:52-03:00","dateModified":"2017-08-25T09:56:52-03:00"},{"@type":"WebSite","@id":"https:\/\/www.jornalja.com.br\/arquivo\/#website","url":"https:\/\/www.jornalja.com.br\/arquivo\/","name":"Arquivo","description":"Jornal J\u00c1 | Porto Alegre","inLanguage":"pt-BR","publisher":{"@id":"https:\/\/www.jornalja.com.br\/arquivo\/#organization"}}]},"og:locale":"pt_BR","og:site_name":"Arquivo | Jornal J\u00c1 | Porto Alegre","og:type":"article","og:title":"Obra contra enchentes em Porto Alegre \u00e9 esperada h\u00e1 mais de 30 anos | Arquivo","og:url":"https:\/\/www.jornalja.com.br\/arquivo\/obra-contra-enchentes-em-porto-alegre-e-esperada-ha-mais-de-30-anos\/","og:image":"https:\/\/www.jornalja.com.br\/economics\/wp-content\/uploads\/sites\/11\/2026\/08\/ja-folhaderosto-facebook.jpg","og:image:secure_url":"https:\/\/www.jornalja.com.br\/economics\/wp-content\/uploads\/sites\/11\/2026\/08\/ja-folhaderosto-facebook.jpg","article:published_time":"2017-08-25T12:56:52+00:00","article:modified_time":"2017-08-25T12:56:52+00:00","twitter:card":"summary","twitter:title":"Obra contra enchentes em Porto Alegre \u00e9 esperada h\u00e1 mais de 30 anos | Arquivo","twitter:image":"https:\/\/www.jornalja.com.br\/economics\/wp-content\/uploads\/sites\/11\/2026\/08\/ja-folhaderosto-facebook.jpg"},"aioseo_meta_data":{"post_id":"54198","title":null,"description":null,"keywords":null,"keyphrases":null,"primary_term":null,"canonical_url":null,"og_title":null,"og_description":null,"og_object_type":"default","og_image_type":"default","og_image_url":null,"og_image_width":null,"og_image_height":null,"og_image_custom_url":null,"og_image_custom_fields":null,"og_video":null,"og_custom_url":null,"og_article_section":null,"og_article_tags":null,"twitter_use_og":false,"twitter_card":"default","twitter_image_type":"default","twitter_image_url":null,"twitter_image_custom_url":null,"twitter_image_custom_fields":null,"twitter_title":null,"twitter_description":null,"schema":{"blockGraphs":[],"customGraphs":[],"default":{"data":{"Article":[],"Course":[],"Dataset":[],"FAQPage":[],"Movie":[],"Person":[],"Product":[],"ProductReview":[],"Car":[],"Recipe":[],"Service":[],"SoftwareApplication":[],"WebPage":[]},"graphName":"","isEnabled":true},"graphs":[]},"schema_type":null,"schema_type_options":null,"pillar_content":false,"robots_default":true,"robots_noindex":false,"robots_noarchive":false,"robots_nosnippet":false,"robots_nofollow":false,"robots_noimageindex":false,"robots_noodp":false,"robots_notranslate":false,"robots_max_snippet":null,"robots_max_videopreview":null,"robots_max_imagepreview":"large","priority":null,"frequency":null,"location":null,"local_seo":null,"breadcrumb_settings":null,"limit_modified_date":false,"ai":null,"created":"2020-12-20 20:26:02","updated":"2025-07-20 00:36:24","seo_analyzer_scan_date":null,"focus_keyword":null,"additional_keywords":null,"truseo_locale":null},"jetpack_sharing_enabled":true,"jetpack-related-posts":[{"id":13124,"url":"https:\/\/www.jornalja.com.br\/arquivo\/sangue-latino-no-iecine\/","url_meta":{"origin":54198,"position":0},"title":"Sangue latino no IECINE","author":"da Reda\u00e7\u00e3o","date":"18 de maio de 2014","format":false,"excerpt":"Francisco Ribeiro O Instituto Estadual de Cinema (IECINE) tem a frente, desde abril \u00faltimo, um novo diretor, o cineasta colombiano Juan Zapata, 36, que substitui Luiz Alberto Cassol. Radicado h\u00e1 dez anos em Porto Alegre, Zapata tem diante de si o desafio de conduzir at\u00e9 o final do ano um\u2026","rel":"","context":"Em &quot;Cultura-Geral&quot;","block_context":{"text":"Cultura-Geral","link":"https:\/\/www.jornalja.com.br\/arquivo\/category\/materiasecundaria\/"},"img":{"alt_text":"","src":"","width":0,"height":0},"classes":[]},{"id":1280,"url":"https:\/\/www.jornalja.com.br\/arquivo\/o-menino-que-se-tornou-brizola\/","url_meta":{"origin":54198,"position":1},"title":"O Menino que se Tornou Brizola","author":"da Reda\u00e7\u00e3o","date":"28 de julho de 2008","format":false,"excerpt":"Autor: Cleber Dioni A vida de Leonel Brizola, com \u00eanfase para os primeiros anos em Porto Alegre, at\u00e9 o ex\u00edlio no Uruguai e a volta, quinze anos depois. \u00a0\"...\u00c9ramos todos jovens e nos identific\u00e1vamos com aquela massa an\u00f4nima a percorrer as ruas de Porto Alegre, gritando 'Get\u00falio', 'Get\u00falio' e empunhando\u2026","rel":"","context":"Em &quot;Livros&quot;","block_context":{"text":"Livros","link":"https:\/\/www.jornalja.com.br\/arquivo\/category\/livros\/"},"img":{"alt_text":"","src":"https:\/\/i0.wp.com\/www.jornalja.com.br\/wp-content\/uploads\/2008\/07\/brizola.gif?resize=350%2C200&ssl=1","width":350,"height":200},"classes":[]},{"id":14241,"url":"https:\/\/www.jornalja.com.br\/arquivo\/o-guaiba-nas-imagens-poeticas-de-achutti\/","url_meta":{"origin":54198,"position":2},"title":"O Gua\u00edba nas imagens po\u00e9ticas de Achutti","author":"da Reda\u00e7\u00e3o","date":"18 de junho de 2014","format":false,"excerpt":"Em \u201cO Gua\u00edba por Achutti\u201d \u2013 obra financiada via Minist\u00e9rio da Cultura, produ\u00e7\u00e3o executiva de Pedro Longhi, e Fl\u00e1vio Wild como designer \u2013, o fot\u00f3grafo revela a beleza e as mazelas de um espa\u00e7o aqu\u00e1tico de \u00e1guas sempre renovadas, cheio de hist\u00f3rias e lendas como as das cidades que foram\u2026","rel":"","context":"Em &quot;Cultura-Geral&quot;","block_context":{"text":"Cultura-Geral","link":"https:\/\/www.jornalja.com.br\/arquivo\/category\/materiasecundaria\/"},"img":{"alt_text":"","src":"","width":0,"height":0},"classes":[]},{"id":13240,"url":"https:\/\/www.jornalja.com.br\/arquivo\/plano-diretor-estamos-construindo-o-caos\/","url_meta":{"origin":54198,"position":3},"title":"Plano diretor: &quot;Estamos construindo o caos&quot;","author":"Patr\u00edcia Marini","date":"26 de maio de 2014","format":false,"excerpt":"Desabafo que arquiteta Eliana Castilhos, delegada da Regi\u00e3o de Planejamento 1, postou nas redes sociais \u00e9 um testemunho do ambiente que se criou no Conselho do Plano Diretor de Porto Alegre, onde a aprova\u00e7\u00e3o de grandes empreendimentos \u00e9 empurrada guela abaixo dos conselheiros. Ao CMDUA Como delegada da Regi\u00e3o de\u2026","rel":"","context":"Em &quot;Geral&quot;","block_context":{"text":"Geral","link":"https:\/\/www.jornalja.com.br\/arquivo\/category\/geral\/"},"img":{"alt_text":"","src":"","width":0,"height":0},"classes":[]},{"id":5440,"url":"https:\/\/www.jornalja.com.br\/arquivo\/casarao-da-venancio-destino-permanece-incerto\/","url_meta":{"origin":54198,"position":4},"title":"Estado ainda n\u00e3o sabe o que fazer com casar\u00e3o abandonado h\u00e1 20 anos","author":"Elmar Bones","date":"6 de julho de 2009","format":false,"excerpt":"O casar\u00e3o amarelo, numa esquina nobre de Porto Alegre (Ven\u00e2ncio Aires com Jo\u00e3o Pessoa), j\u00e1 abrigou uma escola. H\u00e1 duas d\u00e9cadas, pelo menos, est\u00e1 abandonado, porque seu propriet\u00e1rio, o governo do Estado do Rio Grande do Sul, n\u00e3o consegue achar um destino para ele. Planos n\u00e3o faltaram. O governador Ol\u00edvio\u2026","rel":"","context":"Em &quot;X.Categorias velhas&quot;","block_context":{"text":"X.Categorias velhas","link":"https:\/\/www.jornalja.com.br\/arquivo\/category\/x-categorias-velhas\/"},"img":{"alt_text":"geraldo1","src":"https:\/\/i0.wp.com\/www.jornalja.com.br\/wp-content\/uploads\/2009\/07\/geraldo1.jpg?resize=350%2C200&ssl=1","width":350,"height":200},"classes":[]},{"id":12960,"url":"https:\/\/www.jornalja.com.br\/arquivo\/populacao-culpa-empresas-pela-greve-dos-rodoviarios\/","url_meta":{"origin":54198,"position":5},"title":"Popula\u00e7\u00e3o culpa empresas pela greve","author":"Patr\u00edcia Marini","date":"14 de fevereiro de 2014","format":false,"excerpt":"Pesquisa divulgada na edi\u00e7\u00e3o do jornal Metro desta sexta-feira,14, comprova o velho ditado: \u00e9 poss\u00edvel enganar muitos por algum tempo, mas n\u00e3o \u00e9 poss\u00edvel enganar a todos o tempo inteiro. A principal revela\u00e7\u00e3o foi que 59,8% dos entrevistados apontaram as empresas como as principais respons\u00e1veis pela grave e 46% culparam\u2026","rel":"","context":"Em &quot;X.Categorias velhas&quot;","block_context":{"text":"X.Categorias velhas","link":"https:\/\/www.jornalja.com.br\/arquivo\/category\/x-categorias-velhas\/"},"img":{"alt_text":"","src":"","width":0,"height":0},"classes":[]}],"jetpack_shortlink":"https:\/\/wp.me\/pbQjBd-e6a","jetpack_featured_media_url":"","_links":{"self":[{"href":"https:\/\/www.jornalja.com.br\/arquivo\/wp-json\/wp\/v2\/posts\/54198","targetHints":{"allow":["GET"]}}],"collection":[{"href":"https:\/\/www.jornalja.com.br\/arquivo\/wp-json\/wp\/v2\/posts"}],"about":[{"href":"https:\/\/www.jornalja.com.br\/arquivo\/wp-json\/wp\/v2\/types\/post"}],"author":[{"embeddable":true,"href":"https:\/\/www.jornalja.com.br\/arquivo\/wp-json\/wp\/v2\/users\/4"}],"replies":[{"embeddable":true,"href":"https:\/\/www.jornalja.com.br\/arquivo\/wp-json\/wp\/v2\/comments?post=54198"}],"version-history":[{"count":0,"href":"https:\/\/www.jornalja.com.br\/arquivo\/wp-json\/wp\/v2\/posts\/54198\/revisions"}],"wp:attachment":[{"href":"https:\/\/www.jornalja.com.br\/arquivo\/wp-json\/wp\/v2\/media?parent=54198"}],"wp:term":[{"taxonomy":"category","embeddable":true,"href":"https:\/\/www.jornalja.com.br\/arquivo\/wp-json\/wp\/v2\/categories?post=54198"},{"taxonomy":"post_tag","embeddable":true,"href":"https:\/\/www.jornalja.com.br\/arquivo\/wp-json\/wp\/v2\/tags?post=54198"}],"curies":[{"name":"wp","href":"https:\/\/api.w.org\/{rel}","templated":true}]}}