{"id":54214,"date":"2017-08-25T10:56:11","date_gmt":"2017-08-25T13:56:11","guid":{"rendered":"https:\/\/www.jornalja.com.br\/?p=54214"},"modified":"2017-08-25T10:56:11","modified_gmt":"2017-08-25T13:56:11","slug":"iluminacao-terceirizada-bndes-escolhe-consorcio-que-vai-definir-as-regras","status":"publish","type":"post","link":"https:\/\/www.jornalja.com.br\/arquivo\/iluminacao-terceirizada-bndes-escolhe-consorcio-que-vai-definir-as-regras\/","title":{"rendered":"Ilumina\u00e7\u00e3o terceirizada: cons\u00f3rcio tem seis meses para definir as regras"},"content":{"rendered":"<p><span style=\"font-family: Arial;font-size: medium\">Est\u00e3o definidos os cons\u00f3rcios que far\u00e3o a modelagem das Parcerias P\u00fablico Privadas (PPPs) de ilumina\u00e7\u00e3o p\u00fablica das prefeituras de Porto Alegre (RS) e Teresina (PI).<\/span><br \/>\n<span style=\"font-family: Arial;font-size: medium\">A diretoria do Banco Nacional de Desenvolvimento Econ\u00f4mico e Social (BNDES) homologou os cons\u00f3rcios Houer (Porto Alegre) e N\u00facleo (Teresina) como vencedores do preg\u00e3o eletr\u00f4nico para contrata\u00e7\u00e3o de servi\u00e7os t\u00e9cnicos especializados para \u201cestrutura\u00e7\u00e3o de projeto de moderniza\u00e7\u00e3o, eficientiza\u00e7\u00e3o, expans\u00e3o, opera\u00e7\u00e3o e manuten\u00e7\u00e3o da infraestrutura da rede de ilumina\u00e7\u00e3o p\u00fablica\u201d dos dois munic\u00edpios. <\/span><br \/>\n<span style=\"font-family: Arial;font-size: medium\">O cons\u00f3rcio Houer, que venceu o preg\u00e3o de Porto Alegre, \u00e9 formado pelas empresas Houer Concess\u00f5es, RSI Engenharia, Albino Advogados Associados e Maciel Rocha Advogados. <\/span><br \/>\n<span style=\"font-family: Arial;font-size: medium\">No caso de Teresina, o cons\u00f3rcio \u00e9 formado pelas empresas N\u00facleo Engenharia Consultiva S.A., Thoreos Consultoria LTDA, Vasconcelos e Santos LTDA e Souza, Cescon, Barrieu &amp; Flesch Sociedade de Advogados. <\/span><br \/>\n<span style=\"font-family: Arial;font-size: medium\">O valor da proposta vencedora para Teresina foi de R$ 1,475 milh\u00e3o (des\u00e1gio de 86,6%) e para Porto Alegre foi de R$ 870 mil (des\u00e1gio de 80,2%). Cada preg\u00e3o atraiu 14 cons\u00f3rcios para a disputa. <\/span><br \/>\n<span style=\"font-family: Arial;font-size: medium\">Os grupos ganhadores ter\u00e3o seis meses para terminar os estudos, e a expectativa \u00e9 de que o leil\u00e3o de licita\u00e7\u00e3o das duas PPPs seja realizado no segundo trimestre de 2018.<\/span><br \/>\n<span style=\"font-family: Arial;font-size: medium\">No \u00faltimo dia 14 de agosto, o BNDES assinou contrato com as prefeituras de Porto Alegre e Teresina, pelo qual o Banco se compromete a prestar apoio t\u00e9cnico para a modelagem das PPPs de ilumina\u00e7\u00e3o p\u00fablica das duas cidades. <\/span><br \/>\n<span style=\"font-family: Arial;font-size: medium\">Al\u00e9m de contribuir tecnicamente para a imparcialidade, a qualidade e as condi\u00e7\u00f5es de concorr\u00eancia da licita\u00e7\u00e3o dos projetos, o BNDES ir\u00e1 apoiar a condu\u00e7\u00e3o dos processos licitat\u00f3rios a serem realizados pelos dois munic\u00edpios. <\/span><br \/>\n<span style=\"font-family: Arial;font-size: medium\">Os dois cons\u00f3rcios vencedores ir\u00e3o realizar os estudos para realiza\u00e7\u00e3o de plano de neg\u00f3cios, avalia\u00e7\u00e3o econ\u00f4mico-financeira do projeto, v\u00e1rios relat\u00f3rios (de engenharia; de an\u00e1lises de potencial de implementa\u00e7\u00e3o de novos servi\u00e7os e tecnologias; de estudos ambientais) e o plano de ilumina\u00e7\u00e3o de destaque, al\u00e9m de se responsabilizar pelas assessorias Jur\u00eddica e de Comunica\u00e7\u00e3o.<\/span><br \/>\n<span style=\"font-family: Arial;font-size: medium\">O Munic\u00edpio de Porto Alegre conta atualmente com cerca de 80 mil pontos de ilumina\u00e7\u00e3o p\u00fablica e, segundo a Prefeitura, possui um d\u00e9ficit de 3 mil pontos na rede atual. Estimativas preliminares indicam a necessidade de investimentos da ordem de R$ 350 milh\u00f5es, que poderiam ser efetuados no \u00e2mbito da futura PPP. <\/span><br \/>\n<span style=\"font-family: Arial;font-size: medium\">J\u00e1 Teresina possui um parque de ilumina\u00e7\u00e3o p\u00fablica com cerca de 86,8 mil pontos. Segundo o Plano Diretor de Ilumina\u00e7\u00e3o P\u00fablica da capital piauiense, o n\u00edvel de ilumin\u00e2ncia das ruas e pra\u00e7as \u00e9 considerado baixo, denotando grande necessidade de investimentos e melhoria nos servi\u00e7os. <\/span><br \/>\n<span style=\"font-family: Arial;font-size: medium\">Estima-se, preliminarmente, que uma futura PPP viabilizaria cerca de R$ 300 milh\u00f5es em investimentos.<\/span><br \/>\n<span style=\"font-family: Arial;font-size: medium\">At\u00e9 o fim deste ano, o BNDES deve lan\u00e7ar edital para escolha do cons\u00f3rcio que far\u00e1 a modelagem da PPP de ilumina\u00e7\u00e3o p\u00fablica de mais uma capital: Macap\u00e1 (AP). Em 2015 e 2016, o BNDES trabalhou na modelagem da primeira PPP de ilumina\u00e7\u00e3o p\u00fablica, do munic\u00edpio de Belo Horizonte (MG).<\/span><br \/>\n(Com informa\u00e7\u00f5es da Assessoria de Imprensa)<\/p>\n","protected":false},"excerpt":{"rendered":"<p>Est\u00e3o definidos os cons\u00f3rcios que far\u00e3o a modelagem das Parcerias P\u00fablico Privadas (PPPs) de ilumina\u00e7\u00e3o p\u00fablica das prefeituras de Porto Alegre (RS) e Teresina (PI). A diretoria do Banco Nacional de Desenvolvimento Econ\u00f4mico e Social (BNDES) homologou os cons\u00f3rcios Houer (Porto Alegre) e N\u00facleo (Teresina) como vencedores do preg\u00e3o eletr\u00f4nico para contrata\u00e7\u00e3o de servi\u00e7os t\u00e9cnicos [&hellip;]<\/p>\n","protected":false},"author":4,"featured_media":54228,"comment_status":"open","ping_status":"closed","sticky":false,"template":"","format":"standard","meta":{"_jetpack_newsletter_access":"","_jetpack_dont_email_post_to_subs":false,"_jetpack_newsletter_tier_id":0,"_jetpack_memberships_contains_paywalled_content":false,"_jetpack_feature_clip_id":0,"_jetpack_memberships_contains_paid_content":false,"footnotes":"","jetpack_post_was_ever_published":false},"categories":[26],"tags":[],"class_list":["post-54214","post","type-post","status-publish","format-standard","has-post-thumbnail","hentry","category-geral"],"aioseo_notices":[],"aioseo_head":"\n\t\t<!-- All in One SEO 5.0.1.1 - aioseo.com -->\n\t<meta name=\"robots\" content=\"max-image-preview:large\" \/>\n\t<meta name=\"author\" content=\"da Reda\u00e7\u00e3o\"\/>\n\t<link rel=\"canonical\" href=\"https:\/\/www.jornalja.com.br\/arquivo\/iluminacao-terceirizada-bndes-escolhe-consorcio-que-vai-definir-as-regras\/\" \/>\n\t<meta name=\"generator\" content=\"All in One SEO (AIOSEO) 5.0.1.1\" \/>\n\t\t<meta property=\"og:locale\" content=\"pt_BR\" \/>\n\t\t<meta property=\"og:site_name\" content=\"Arquivo | Jornal J\u00c1 | Porto Alegre\" \/>\n\t\t<meta property=\"og:type\" content=\"article\" \/>\n\t\t<meta property=\"og:title\" content=\"Ilumina\u00e7\u00e3o terceirizada: cons\u00f3rcio tem seis meses para definir as regras | Arquivo\" \/>\n\t\t<meta property=\"og:url\" content=\"https:\/\/www.jornalja.com.br\/arquivo\/iluminacao-terceirizada-bndes-escolhe-consorcio-que-vai-definir-as-regras\/\" \/>\n\t\t<meta property=\"og:image\" content=\"https:\/\/www.jornalja.com.br\/economics\/wp-content\/uploads\/sites\/11\/2026\/08\/ja-folhaderosto-facebook.jpg\" \/>\n\t\t<meta property=\"og:image:secure_url\" content=\"https:\/\/www.jornalja.com.br\/economics\/wp-content\/uploads\/sites\/11\/2026\/08\/ja-folhaderosto-facebook.jpg\" \/>\n\t\t<meta property=\"article:published_time\" content=\"2017-08-25T13:56:11+00:00\" \/>\n\t\t<meta property=\"article:modified_time\" content=\"2017-08-25T13:56:11+00:00\" \/>\n\t\t<meta name=\"twitter:card\" content=\"summary\" \/>\n\t\t<meta name=\"twitter:title\" content=\"Ilumina\u00e7\u00e3o terceirizada: cons\u00f3rcio tem seis meses para definir as regras | Arquivo\" \/>\n\t\t<meta name=\"twitter:image\" content=\"https:\/\/www.jornalja.com.br\/economics\/wp-content\/uploads\/sites\/11\/2026\/08\/ja-folhaderosto-facebook.jpg\" \/>\n\t\t<script type=\"application\/ld+json\" class=\"aioseo-schema\">\n\t\t\t{\"@context\":\"https:\\\/\\\/schema.org\",\"@graph\":[{\"@type\":\"BlogPosting\",\"@id\":\"https:\\\/\\\/www.jornalja.com.br\\\/arquivo\\\/iluminacao-terceirizada-bndes-escolhe-consorcio-que-vai-definir-as-regras\\\/#blogposting\",\"name\":\"Ilumina\\u00e7\\u00e3o terceirizada: cons\\u00f3rcio tem seis meses para definir as regras | Arquivo\",\"headline\":\"Ilumina\\u00e7\\u00e3o terceirizada: cons\\u00f3rcio tem seis meses para definir as regras\",\"author\":{\"@id\":\"https:\\\/\\\/www.jornalja.com.br\\\/arquivo\\\/author\\\/daredacao\\\/#author\"},\"publisher\":{\"@id\":\"https:\\\/\\\/www.jornalja.com.br\\\/arquivo\\\/#organization\"},\"image\":{\"@type\":\"ImageObject\",\"url\":54228},\"datePublished\":\"2017-08-25T10:56:11-03:00\",\"dateModified\":\"2017-08-25T10:56:11-03:00\",\"inLanguage\":\"pt-BR\",\"mainEntityOfPage\":{\"@id\":\"https:\\\/\\\/www.jornalja.com.br\\\/arquivo\\\/iluminacao-terceirizada-bndes-escolhe-consorcio-que-vai-definir-as-regras\\\/#webpage\"},\"isPartOf\":{\"@id\":\"https:\\\/\\\/www.jornalja.com.br\\\/arquivo\\\/iluminacao-terceirizada-bndes-escolhe-consorcio-que-vai-definir-as-regras\\\/#webpage\"},\"articleSection\":\"Geral\"},{\"@type\":\"BreadcrumbList\",\"@id\":\"https:\\\/\\\/www.jornalja.com.br\\\/arquivo\\\/iluminacao-terceirizada-bndes-escolhe-consorcio-que-vai-definir-as-regras\\\/#breadcrumblist\",\"itemListElement\":[{\"@type\":\"ListItem\",\"@id\":\"https:\\\/\\\/www.jornalja.com.br\\\/arquivo#listItem\",\"position\":1,\"name\":\"Home\",\"item\":\"https:\\\/\\\/www.jornalja.com.br\\\/arquivo\",\"nextItem\":{\"@type\":\"ListItem\",\"@id\":\"https:\\\/\\\/www.jornalja.com.br\\\/arquivo\\\/category\\\/geral\\\/#listItem\",\"name\":\"Geral\"}},{\"@type\":\"ListItem\",\"@id\":\"https:\\\/\\\/www.jornalja.com.br\\\/arquivo\\\/category\\\/geral\\\/#listItem\",\"position\":2,\"name\":\"Geral\",\"item\":\"https:\\\/\\\/www.jornalja.com.br\\\/arquivo\\\/category\\\/geral\\\/\",\"nextItem\":{\"@type\":\"ListItem\",\"@id\":\"https:\\\/\\\/www.jornalja.com.br\\\/arquivo\\\/iluminacao-terceirizada-bndes-escolhe-consorcio-que-vai-definir-as-regras\\\/#listItem\",\"name\":\"Ilumina\\u00e7\\u00e3o terceirizada: cons\\u00f3rcio tem seis meses para definir as regras\"},\"previousItem\":{\"@type\":\"ListItem\",\"@id\":\"https:\\\/\\\/www.jornalja.com.br\\\/arquivo#listItem\",\"name\":\"Home\"}},{\"@type\":\"ListItem\",\"@id\":\"https:\\\/\\\/www.jornalja.com.br\\\/arquivo\\\/iluminacao-terceirizada-bndes-escolhe-consorcio-que-vai-definir-as-regras\\\/#listItem\",\"position\":3,\"name\":\"Ilumina\\u00e7\\u00e3o terceirizada: cons\\u00f3rcio tem seis meses para definir as regras\",\"previousItem\":{\"@type\":\"ListItem\",\"@id\":\"https:\\\/\\\/www.jornalja.com.br\\\/arquivo\\\/category\\\/geral\\\/#listItem\",\"name\":\"Geral\"}}]},{\"@type\":\"Organization\",\"@id\":\"https:\\\/\\\/www.jornalja.com.br\\\/arquivo\\\/#organization\",\"name\":\"Jornal J\\u00c1\",\"description\":\"Jornal J\\u00c1 | Porto Alegre\",\"url\":\"https:\\\/\\\/www.jornalja.com.br\\\/arquivo\\\/\",\"telephone\":\"+555133307272\",\"logo\":{\"@type\":\"ImageObject\",\"url\":\"https:\\\/\\\/www.jornalja.com.br\\\/wp-content\\\/uploads\\\/cards\\\/JAslogan.png\",\"@id\":\"https:\\\/\\\/www.jornalja.com.br\\\/arquivo\\\/iluminacao-terceirizada-bndes-escolhe-consorcio-que-vai-definir-as-regras\\\/#organizationLogo\"},\"image\":{\"@id\":\"https:\\\/\\\/www.jornalja.com.br\\\/arquivo\\\/iluminacao-terceirizada-bndes-escolhe-consorcio-que-vai-definir-as-regras\\\/#organizationLogo\"}},{\"@type\":\"Person\",\"@id\":\"https:\\\/\\\/www.jornalja.com.br\\\/arquivo\\\/author\\\/daredacao\\\/#author\",\"url\":\"https:\\\/\\\/www.jornalja.com.br\\\/arquivo\\\/author\\\/daredacao\\\/\",\"name\":\"da Reda\\u00e7\\u00e3o\",\"image\":{\"@type\":\"ImageObject\",\"@id\":\"https:\\\/\\\/www.jornalja.com.br\\\/arquivo\\\/iluminacao-terceirizada-bndes-escolhe-consorcio-que-vai-definir-as-regras\\\/#authorImage\",\"url\":\"https:\\\/\\\/secure.gravatar.com\\\/avatar\\\/469fd857d6605ad19919d27ed29d35a968a25f6e8fd9318356bbb7f57aae9c65?s=96&d=mm&r=g\",\"width\":96,\"height\":96,\"caption\":\"da Reda\\u00e7\\u00e3o\"}},{\"@type\":\"WebPage\",\"@id\":\"https:\\\/\\\/www.jornalja.com.br\\\/arquivo\\\/iluminacao-terceirizada-bndes-escolhe-consorcio-que-vai-definir-as-regras\\\/#webpage\",\"url\":\"https:\\\/\\\/www.jornalja.com.br\\\/arquivo\\\/iluminacao-terceirizada-bndes-escolhe-consorcio-que-vai-definir-as-regras\\\/\",\"name\":\"Ilumina\\u00e7\\u00e3o terceirizada: cons\\u00f3rcio tem seis meses para definir as regras | Arquivo\",\"inLanguage\":\"pt-BR\",\"isPartOf\":{\"@id\":\"https:\\\/\\\/www.jornalja.com.br\\\/arquivo\\\/#website\"},\"breadcrumb\":{\"@id\":\"https:\\\/\\\/www.jornalja.com.br\\\/arquivo\\\/iluminacao-terceirizada-bndes-escolhe-consorcio-que-vai-definir-as-regras\\\/#breadcrumblist\"},\"author\":{\"@id\":\"https:\\\/\\\/www.jornalja.com.br\\\/arquivo\\\/author\\\/daredacao\\\/#author\"},\"creator\":{\"@id\":\"https:\\\/\\\/www.jornalja.com.br\\\/arquivo\\\/author\\\/daredacao\\\/#author\"},\"image\":{\"@type\":\"ImageObject\",\"url\":54228,\"@id\":\"https:\\\/\\\/www.jornalja.com.br\\\/arquivo\\\/iluminacao-terceirizada-bndes-escolhe-consorcio-que-vai-definir-as-regras\\\/#mainImage\"},\"primaryImageOfPage\":{\"@id\":\"https:\\\/\\\/www.jornalja.com.br\\\/arquivo\\\/iluminacao-terceirizada-bndes-escolhe-consorcio-que-vai-definir-as-regras\\\/#mainImage\"},\"datePublished\":\"2017-08-25T10:56:11-03:00\",\"dateModified\":\"2017-08-25T10:56:11-03:00\"},{\"@type\":\"WebSite\",\"@id\":\"https:\\\/\\\/www.jornalja.com.br\\\/arquivo\\\/#website\",\"url\":\"https:\\\/\\\/www.jornalja.com.br\\\/arquivo\\\/\",\"name\":\"Arquivo\",\"description\":\"Jornal J\\u00c1 | Porto Alegre\",\"inLanguage\":\"pt-BR\",\"publisher\":{\"@id\":\"https:\\\/\\\/www.jornalja.com.br\\\/arquivo\\\/#organization\"}}]}\n\t\t<\/script>\n\t\t<!-- All in One SEO -->\n\n","aioseo_head_json":{"title":"Ilumina\u00e7\u00e3o terceirizada: cons\u00f3rcio tem seis meses para definir as regras | Arquivo","description":"","canonical_url":"https:\/\/www.jornalja.com.br\/arquivo\/iluminacao-terceirizada-bndes-escolhe-consorcio-que-vai-definir-as-regras\/","robots":"max-image-preview:large","keywords":"","webmasterTools":{"miscellaneous":""},"schema":{"@context":"https:\/\/schema.org","@graph":[{"@type":"BlogPosting","@id":"https:\/\/www.jornalja.com.br\/arquivo\/iluminacao-terceirizada-bndes-escolhe-consorcio-que-vai-definir-as-regras\/#blogposting","name":"Ilumina\u00e7\u00e3o terceirizada: cons\u00f3rcio tem seis meses para definir as regras | Arquivo","headline":"Ilumina\u00e7\u00e3o terceirizada: cons\u00f3rcio tem seis meses para definir as regras","author":{"@id":"https:\/\/www.jornalja.com.br\/arquivo\/author\/daredacao\/#author"},"publisher":{"@id":"https:\/\/www.jornalja.com.br\/arquivo\/#organization"},"image":{"@type":"ImageObject","url":54228},"datePublished":"2017-08-25T10:56:11-03:00","dateModified":"2017-08-25T10:56:11-03:00","inLanguage":"pt-BR","mainEntityOfPage":{"@id":"https:\/\/www.jornalja.com.br\/arquivo\/iluminacao-terceirizada-bndes-escolhe-consorcio-que-vai-definir-as-regras\/#webpage"},"isPartOf":{"@id":"https:\/\/www.jornalja.com.br\/arquivo\/iluminacao-terceirizada-bndes-escolhe-consorcio-que-vai-definir-as-regras\/#webpage"},"articleSection":"Geral"},{"@type":"BreadcrumbList","@id":"https:\/\/www.jornalja.com.br\/arquivo\/iluminacao-terceirizada-bndes-escolhe-consorcio-que-vai-definir-as-regras\/#breadcrumblist","itemListElement":[{"@type":"ListItem","@id":"https:\/\/www.jornalja.com.br\/arquivo#listItem","position":1,"name":"Home","item":"https:\/\/www.jornalja.com.br\/arquivo","nextItem":{"@type":"ListItem","@id":"https:\/\/www.jornalja.com.br\/arquivo\/category\/geral\/#listItem","name":"Geral"}},{"@type":"ListItem","@id":"https:\/\/www.jornalja.com.br\/arquivo\/category\/geral\/#listItem","position":2,"name":"Geral","item":"https:\/\/www.jornalja.com.br\/arquivo\/category\/geral\/","nextItem":{"@type":"ListItem","@id":"https:\/\/www.jornalja.com.br\/arquivo\/iluminacao-terceirizada-bndes-escolhe-consorcio-que-vai-definir-as-regras\/#listItem","name":"Ilumina\u00e7\u00e3o terceirizada: cons\u00f3rcio tem seis meses para definir as regras"},"previousItem":{"@type":"ListItem","@id":"https:\/\/www.jornalja.com.br\/arquivo#listItem","name":"Home"}},{"@type":"ListItem","@id":"https:\/\/www.jornalja.com.br\/arquivo\/iluminacao-terceirizada-bndes-escolhe-consorcio-que-vai-definir-as-regras\/#listItem","position":3,"name":"Ilumina\u00e7\u00e3o terceirizada: cons\u00f3rcio tem seis meses para definir as regras","previousItem":{"@type":"ListItem","@id":"https:\/\/www.jornalja.com.br\/arquivo\/category\/geral\/#listItem","name":"Geral"}}]},{"@type":"Organization","@id":"https:\/\/www.jornalja.com.br\/arquivo\/#organization","name":"Jornal J\u00c1","description":"Jornal J\u00c1 | Porto Alegre","url":"https:\/\/www.jornalja.com.br\/arquivo\/","telephone":"+555133307272","logo":{"@type":"ImageObject","url":"https:\/\/www.jornalja.com.br\/wp-content\/uploads\/cards\/JAslogan.png","@id":"https:\/\/www.jornalja.com.br\/arquivo\/iluminacao-terceirizada-bndes-escolhe-consorcio-que-vai-definir-as-regras\/#organizationLogo"},"image":{"@id":"https:\/\/www.jornalja.com.br\/arquivo\/iluminacao-terceirizada-bndes-escolhe-consorcio-que-vai-definir-as-regras\/#organizationLogo"}},{"@type":"Person","@id":"https:\/\/www.jornalja.com.br\/arquivo\/author\/daredacao\/#author","url":"https:\/\/www.jornalja.com.br\/arquivo\/author\/daredacao\/","name":"da Reda\u00e7\u00e3o","image":{"@type":"ImageObject","@id":"https:\/\/www.jornalja.com.br\/arquivo\/iluminacao-terceirizada-bndes-escolhe-consorcio-que-vai-definir-as-regras\/#authorImage","url":"https:\/\/secure.gravatar.com\/avatar\/469fd857d6605ad19919d27ed29d35a968a25f6e8fd9318356bbb7f57aae9c65?s=96&d=mm&r=g","width":96,"height":96,"caption":"da Reda\u00e7\u00e3o"}},{"@type":"WebPage","@id":"https:\/\/www.jornalja.com.br\/arquivo\/iluminacao-terceirizada-bndes-escolhe-consorcio-que-vai-definir-as-regras\/#webpage","url":"https:\/\/www.jornalja.com.br\/arquivo\/iluminacao-terceirizada-bndes-escolhe-consorcio-que-vai-definir-as-regras\/","name":"Ilumina\u00e7\u00e3o terceirizada: cons\u00f3rcio tem seis meses para definir as regras | Arquivo","inLanguage":"pt-BR","isPartOf":{"@id":"https:\/\/www.jornalja.com.br\/arquivo\/#website"},"breadcrumb":{"@id":"https:\/\/www.jornalja.com.br\/arquivo\/iluminacao-terceirizada-bndes-escolhe-consorcio-que-vai-definir-as-regras\/#breadcrumblist"},"author":{"@id":"https:\/\/www.jornalja.com.br\/arquivo\/author\/daredacao\/#author"},"creator":{"@id":"https:\/\/www.jornalja.com.br\/arquivo\/author\/daredacao\/#author"},"image":{"@type":"ImageObject","url":54228,"@id":"https:\/\/www.jornalja.com.br\/arquivo\/iluminacao-terceirizada-bndes-escolhe-consorcio-que-vai-definir-as-regras\/#mainImage"},"primaryImageOfPage":{"@id":"https:\/\/www.jornalja.com.br\/arquivo\/iluminacao-terceirizada-bndes-escolhe-consorcio-que-vai-definir-as-regras\/#mainImage"},"datePublished":"2017-08-25T10:56:11-03:00","dateModified":"2017-08-25T10:56:11-03:00"},{"@type":"WebSite","@id":"https:\/\/www.jornalja.com.br\/arquivo\/#website","url":"https:\/\/www.jornalja.com.br\/arquivo\/","name":"Arquivo","description":"Jornal J\u00c1 | Porto Alegre","inLanguage":"pt-BR","publisher":{"@id":"https:\/\/www.jornalja.com.br\/arquivo\/#organization"}}]},"og:locale":"pt_BR","og:site_name":"Arquivo | Jornal J\u00c1 | Porto Alegre","og:type":"article","og:title":"Ilumina\u00e7\u00e3o terceirizada: cons\u00f3rcio tem seis meses para definir as regras | Arquivo","og:url":"https:\/\/www.jornalja.com.br\/arquivo\/iluminacao-terceirizada-bndes-escolhe-consorcio-que-vai-definir-as-regras\/","og:image":"https:\/\/www.jornalja.com.br\/economics\/wp-content\/uploads\/sites\/11\/2026\/08\/ja-folhaderosto-facebook.jpg","og:image:secure_url":"https:\/\/www.jornalja.com.br\/economics\/wp-content\/uploads\/sites\/11\/2026\/08\/ja-folhaderosto-facebook.jpg","article:published_time":"2017-08-25T13:56:11+00:00","article:modified_time":"2017-08-25T13:56:11+00:00","twitter:card":"summary","twitter:title":"Ilumina\u00e7\u00e3o terceirizada: cons\u00f3rcio tem seis meses para definir as regras | Arquivo","twitter:image":"https:\/\/www.jornalja.com.br\/economics\/wp-content\/uploads\/sites\/11\/2026\/08\/ja-folhaderosto-facebook.jpg"},"aioseo_meta_data":{"post_id":"54214","title":null,"description":null,"keywords":null,"keyphrases":null,"primary_term":null,"canonical_url":null,"og_title":null,"og_description":null,"og_object_type":"default","og_image_type":"default","og_image_url":null,"og_image_width":null,"og_image_height":null,"og_image_custom_url":null,"og_image_custom_fields":null,"og_video":null,"og_custom_url":null,"og_article_section":null,"og_article_tags":null,"twitter_use_og":false,"twitter_card":"default","twitter_image_type":"default","twitter_image_url":null,"twitter_image_custom_url":null,"twitter_image_custom_fields":null,"twitter_title":null,"twitter_description":null,"schema":{"blockGraphs":[],"customGraphs":[],"default":{"data":{"Article":[],"Course":[],"Dataset":[],"FAQPage":[],"Movie":[],"Person":[],"Product":[],"ProductReview":[],"Car":[],"Recipe":[],"Service":[],"SoftwareApplication":[],"WebPage":[]},"graphName":"","isEnabled":true},"graphs":[],"defaultGraph":"","defaultPostTypeGraph":""},"schema_type":null,"schema_type_options":null,"pillar_content":false,"robots_default":true,"robots_noindex":false,"robots_noarchive":false,"robots_nosnippet":false,"robots_nofollow":false,"robots_noimageindex":false,"robots_noodp":false,"robots_notranslate":false,"robots_max_snippet":null,"robots_max_videopreview":null,"robots_max_imagepreview":"large","priority":null,"frequency":null,"location":null,"local_seo":null,"breadcrumb_settings":null,"limit_modified_date":false,"ai":null,"created":"2020-12-20 20:26:02","updated":"2025-07-20 00:36:24","seo_analyzer_scan_date":null,"focus_keyword":null,"additional_keywords":null,"truseo_locale":null},"jetpack_sharing_enabled":true,"jetpack-related-posts":[{"id":14241,"url":"https:\/\/www.jornalja.com.br\/arquivo\/o-guaiba-nas-imagens-poeticas-de-achutti\/","url_meta":{"origin":54214,"position":0},"title":"O Gua\u00edba nas imagens po\u00e9ticas de Achutti","author":"da Reda\u00e7\u00e3o","date":"18 de junho de 2014","format":false,"excerpt":"Em \u201cO Gua\u00edba por Achutti\u201d \u2013 obra financiada via Minist\u00e9rio da Cultura, produ\u00e7\u00e3o executiva de Pedro Longhi, e Fl\u00e1vio Wild como designer \u2013, o fot\u00f3grafo revela a beleza e as mazelas de um espa\u00e7o aqu\u00e1tico de \u00e1guas sempre renovadas, cheio de hist\u00f3rias e lendas como as das cidades que foram\u2026","rel":"","context":"Em &quot;Cultura-Geral&quot;","block_context":{"text":"Cultura-Geral","link":"https:\/\/www.jornalja.com.br\/arquivo\/category\/materiasecundaria\/"},"img":{"alt_text":"","src":"","width":0,"height":0},"classes":[]},{"id":12960,"url":"https:\/\/www.jornalja.com.br\/arquivo\/populacao-culpa-empresas-pela-greve-dos-rodoviarios\/","url_meta":{"origin":54214,"position":1},"title":"Popula\u00e7\u00e3o culpa empresas pela greve","author":"Patr\u00edcia Marini","date":"14 de fevereiro de 2014","format":false,"excerpt":"Pesquisa divulgada na edi\u00e7\u00e3o do jornal Metro desta sexta-feira,14, comprova o velho ditado: \u00e9 poss\u00edvel enganar muitos por algum tempo, mas n\u00e3o \u00e9 poss\u00edvel enganar a todos o tempo inteiro. A principal revela\u00e7\u00e3o foi que 59,8% dos entrevistados apontaram as empresas como as principais respons\u00e1veis pela grave e 46% culparam\u2026","rel":"","context":"Em &quot;X.Categorias velhas&quot;","block_context":{"text":"X.Categorias velhas","link":"https:\/\/www.jornalja.com.br\/arquivo\/category\/x-categorias-velhas\/"},"img":{"alt_text":"","src":"","width":0,"height":0},"classes":[]},{"id":1280,"url":"https:\/\/www.jornalja.com.br\/arquivo\/o-menino-que-se-tornou-brizola\/","url_meta":{"origin":54214,"position":2},"title":"O Menino que se Tornou Brizola","author":"da Reda\u00e7\u00e3o","date":"28 de julho de 2008","format":false,"excerpt":"Autor: Cleber Dioni A vida de Leonel Brizola, com \u00eanfase para os primeiros anos em Porto Alegre, at\u00e9 o ex\u00edlio no Uruguai e a volta, quinze anos depois. \u00a0\"...\u00c9ramos todos jovens e nos identific\u00e1vamos com aquela massa an\u00f4nima a percorrer as ruas de Porto Alegre, gritando 'Get\u00falio', 'Get\u00falio' e empunhando\u2026","rel":"","context":"Em &quot;Livros&quot;","block_context":{"text":"Livros","link":"https:\/\/www.jornalja.com.br\/arquivo\/category\/livros\/"},"img":{"alt_text":"","src":"https:\/\/i0.wp.com\/www.jornalja.com.br\/wp-content\/uploads\/2008\/07\/brizola.gif?resize=350%2C200&ssl=1","width":350,"height":200},"classes":[]},{"id":13124,"url":"https:\/\/www.jornalja.com.br\/arquivo\/sangue-latino-no-iecine\/","url_meta":{"origin":54214,"position":3},"title":"Sangue latino no IECINE","author":"da Reda\u00e7\u00e3o","date":"18 de maio de 2014","format":false,"excerpt":"Francisco Ribeiro O Instituto Estadual de Cinema (IECINE) tem a frente, desde abril \u00faltimo, um novo diretor, o cineasta colombiano Juan Zapata, 36, que substitui Luiz Alberto Cassol. Radicado h\u00e1 dez anos em Porto Alegre, Zapata tem diante de si o desafio de conduzir at\u00e9 o final do ano um\u2026","rel":"","context":"Em &quot;Cultura-Geral&quot;","block_context":{"text":"Cultura-Geral","link":"https:\/\/www.jornalja.com.br\/arquivo\/category\/materiasecundaria\/"},"img":{"alt_text":"","src":"","width":0,"height":0},"classes":[]},{"id":13240,"url":"https:\/\/www.jornalja.com.br\/arquivo\/plano-diretor-estamos-construindo-o-caos\/","url_meta":{"origin":54214,"position":4},"title":"Plano diretor: &quot;Estamos construindo o caos&quot;","author":"Patr\u00edcia Marini","date":"26 de maio de 2014","format":false,"excerpt":"Desabafo que arquiteta Eliana Castilhos, delegada da Regi\u00e3o de Planejamento 1, postou nas redes sociais \u00e9 um testemunho do ambiente que se criou no Conselho do Plano Diretor de Porto Alegre, onde a aprova\u00e7\u00e3o de grandes empreendimentos \u00e9 empurrada guela abaixo dos conselheiros. Ao CMDUA Como delegada da Regi\u00e3o de\u2026","rel":"","context":"Em &quot;Geral&quot;","block_context":{"text":"Geral","link":"https:\/\/www.jornalja.com.br\/arquivo\/category\/geral\/"},"img":{"alt_text":"","src":"","width":0,"height":0},"classes":[]},{"id":13239,"url":"https:\/\/www.jornalja.com.br\/arquivo\/conselho-desdenha-do-plano-diretor\/","url_meta":{"origin":54214,"position":5},"title":"Porto Alegre: Conselho detona Plano Diretor","author":"Patr\u00edcia Marini","date":"25 de maio de 2014","format":false,"excerpt":"Den\u00fancia do arquiteto e \u00a0urbanista Ibir\u00e1 Santos Lucas. Ele diz que os conselheiros est\u00e3o votando com \"enorme irresponsabilidade\". \"Mudam regime com a maior naturalidade,,,regularizam absurdos de constru\u00e7\u00f5es irregulares... \"O CMDUA est\u00e1 flexibilizando a lei do plano diretor, de uma forma impactante na vida da cidade. Mudam regime com a maior\u2026","rel":"","context":"Em &quot;Geral&quot;","block_context":{"text":"Geral","link":"https:\/\/www.jornalja.com.br\/arquivo\/category\/geral\/"},"img":{"alt_text":"","src":"","width":0,"height":0},"classes":[]}],"jetpack_shortlink":"https:\/\/wp.me\/pbQjBd-e6q","jetpack_featured_media_url":"","_links":{"self":[{"href":"https:\/\/www.jornalja.com.br\/arquivo\/wp-json\/wp\/v2\/posts\/54214","targetHints":{"allow":["GET"]}}],"collection":[{"href":"https:\/\/www.jornalja.com.br\/arquivo\/wp-json\/wp\/v2\/posts"}],"about":[{"href":"https:\/\/www.jornalja.com.br\/arquivo\/wp-json\/wp\/v2\/types\/post"}],"author":[{"embeddable":true,"href":"https:\/\/www.jornalja.com.br\/arquivo\/wp-json\/wp\/v2\/users\/4"}],"replies":[{"embeddable":true,"href":"https:\/\/www.jornalja.com.br\/arquivo\/wp-json\/wp\/v2\/comments?post=54214"}],"version-history":[{"count":0,"href":"https:\/\/www.jornalja.com.br\/arquivo\/wp-json\/wp\/v2\/posts\/54214\/revisions"}],"wp:attachment":[{"href":"https:\/\/www.jornalja.com.br\/arquivo\/wp-json\/wp\/v2\/media?parent=54214"}],"wp:term":[{"taxonomy":"category","embeddable":true,"href":"https:\/\/www.jornalja.com.br\/arquivo\/wp-json\/wp\/v2\/categories?post=54214"},{"taxonomy":"post_tag","embeddable":true,"href":"https:\/\/www.jornalja.com.br\/arquivo\/wp-json\/wp\/v2\/tags?post=54214"}],"curies":[{"name":"wp","href":"https:\/\/api.w.org\/{rel}","templated":true}]}}