{"id":54233,"date":"2017-08-25T14:59:20","date_gmt":"2017-08-25T17:59:20","guid":{"rendered":"https:\/\/www.jornalja.com.br\/?p=54233"},"modified":"2017-08-25T14:59:20","modified_gmt":"2017-08-25T17:59:20","slug":"demhab-condominio-na-restinga-nao-pode-receber-familias-dos-lanceiros-negros","status":"publish","type":"post","link":"https:\/\/www.jornalja.com.br\/arquivo\/demhab-condominio-na-restinga-nao-pode-receber-familias-dos-lanceiros-negros\/","title":{"rendered":"Condom\u00ednio na Restinga n\u00e3o pode receber fam\u00edlias dos Lanceiros Negros"},"content":{"rendered":"<p style=\"text-align: left\">Um acordo permitiu a sa\u00edda pac\u00edfica das fam\u00edlias da Ocupa\u00e7\u00e3o Lanceiros do pr\u00e9dio do antigo Hotel A\u00e7ores, na rua dos Andradas. A negocia\u00e7\u00e3o envolveu representantes do movimento, Brigada Militar, Prefeitura, deputados e vereadores e garantiu uma sa\u00edda bem diferente da reintegra\u00e7\u00e3o de posse anterior, em junho, quando houve viol\u00eancia e deten\u00e7\u00f5es na retirada das fam\u00edlias.<\/p>\n<p>Ficou acertado que 24 fam\u00edlias passar\u00e3o a receber aluguel social durante seis meses atrav\u00e9s da Secretaria Municipal de Desenvolvimento Social (SMDS). Foi ainda divulgado que parte do acordo envolvia ainda a destina\u00e7\u00e3o das fam\u00edlias para o conjunto residencial Jardim Belize, na Restinga, que faz parte do programa Minha Casa, Minha Vida.<br \/>\nMenos de vinte e quatro horas ap\u00f3s a desocupa\u00e7\u00e3o, o Demhab (Departamento Municipal de Habita\u00e7\u00e3o) lan\u00e7ou nota afirmando que n\u00e3o procede a informa\u00e7\u00e3o de que as fam\u00edlias poder\u00e3o ser alocadas no condom\u00ednio. O Demhab informa que o Jardim Belize tem ao todo 760 unidades, todas j\u00e1 destinadas a fam\u00edlias cadastradas, al\u00e9m de uma lista de supl\u00eancia, caso algum contemplado desista. Na semana passada<a href=\"http:\/\/www2.portoalegre.rs.gov.br\/portal_pmpa_novo\/default.php?p_noticia=999192139&amp;ASSINADOS+CONTRATOS+DE+260+UNIDADES+DO+RESIDENCIAL+JARDIM+BELIZE&amp;ASSINADOS+CONTRATOS+DE+260+UNIDADES+DO+JARDIM+BELIZE\" target=\"_blank\" rel=\"noopener noreferrer\"> foram assinados contratos<\/a> de 260 apartamentos do residencial.<br \/>\n<figure id=\"attachment_54234\" aria-describedby=\"caption-attachment-54234\" style=\"width: 1150px\" class=\"wp-caption alignnone\"><img loading=\"lazy\" decoding=\"async\" class=\"size-full wp-image-54234\" src=\"https:\/\/www.jornalja.com.br\/wp-content\/uploads\/2017\/08\/21103963_10208419287194516_878093577_o.jpg\" alt=\"\" width=\"1150\" height=\"711\" \/><figcaption id=\"caption-attachment-54234\" class=\"wp-caption-text\">Rua dos Andradas ficou isolada desde a madrugada da quinta-feira em fun\u00e7\u00e3o da reintegra\u00e7\u00e3o de posse \/ Ricardo Stricher<\/figcaption><\/figure><br \/>\nA assessoria de imprensa da entidade garante que a secret\u00e1ria do Desenvolvimento Social do Munic\u00edpio, Maria de F\u00e1tima Paludo n\u00e3o assinou acordo referente \u00e0 aloca\u00e7\u00e3o das fam\u00edlias no condom\u00ednio.<br \/>\nDepois de horas de negocia\u00e7\u00e3o e de um dia inteiro de isolamento na rua dos Andradas, \u00e0s 18h30min, as fam\u00edlias da ocupa\u00e7\u00e3o Lanceiros Negros Vivem deixaram o pr\u00e9dio com seus pertences, sem incidentes de viol\u00eancia.<br \/>\n<figure id=\"attachment_50906\" aria-describedby=\"caption-attachment-50906\" style=\"width: 1150px\" class=\"wp-caption alignnone\"><img loading=\"lazy\" decoding=\"async\" class=\"size-full wp-image-50906\" src=\"https:\/\/www.jornalja.com.br\/wp-content\/uploads\/2017\/07\/Ocupa\u00e7\u00e3o-Lanceiros-Negros-Vivem.-Primeiro-dia.-04.07.17-Matheus-Chaparini-20.jpg\" alt=\"\" width=\"1150\" height=\"647\" \/><figcaption id=\"caption-attachment-50906\" class=\"wp-caption-text\">Edif\u00edcio de sete andares foi ocupado pelas fam\u00edlias no dia 4 de julho \/ Matheus Chaparini<\/figcaption><\/figure><br \/>\nAs fam\u00edlias foram levadas provisoriamente para o Centro Vida, localizado na avenida Baltazar de Oliveira Garc\u00eda, na zona norte. O comit\u00ea de negocia\u00e7\u00e3o para a desocupa\u00e7\u00e3o incluiu o comandante do Comando de Policiamento da Capital (CPC), coronel Jeferson de Barros Jacques, representantes da Defensoria P\u00fablica, do Minist\u00e9rio P\u00fablico, da Funda\u00e7\u00e3o de Assist\u00eancia Social e Cidadania (Fasc) e do Conselho Tutelar, o deputado estadual Jeferson Fernandes (PT), presidente da Comiss\u00e3o de Direitos Humanos e Cidadania da Assembleia Legislativa, a deputada estadual Manuela D\u2019\u00c1vila (PCdoB).<br \/>\n<strong>\u00cdntegra da nota do Demhab:<\/strong><br \/>\nA Secretaria Municipal de Desenvolvimento Social (SMDS), por meio Departamento Municipal de Habita\u00e7\u00e3o (Demhab) esclarece que N\u00c3O PROCEDE a informa\u00e7\u00e3o que vem sendo divulgada sobre a poss\u00edvel aloca\u00e7\u00e3o das fam\u00edlias do grupo Lanceiros Negros no Residencial Jardim Belize, no Bairro Restinga.<br \/>\nN\u00e3o h\u00e1 possibilidade de se acatar a sugest\u00e3o levantada por alguns membros da comiss\u00e3o de negocia\u00e7\u00e3o. O empreendimento destina-se \u00e0s fam\u00edlias j\u00e1 cadastradas, aprovadas e com suplentes, que se inscreveram no Programa Minha Casa Minha Vida e atendem a crit\u00e9rios e par\u00e2metros do Minist\u00e9rio das Cidades.<br \/>\nO residencial conta com 760 unidades habitacionais e j\u00e1 est\u00e1 em fase de assinatura de contratos com a Caixa. As chaves come\u00e7am a ser entregues nos pr\u00f3ximos dias, quando ser\u00e3o agendadas as mudan\u00e7as.<br \/>\nA SMDS, como ficou acordado, garantir\u00e1 os alugu\u00e9is sociais para 24 fam\u00edlias do grupo Lanceiros Negros pelo prazo de seis meses. Aqueles que se interessarem e atenderem os crit\u00e9rios e par\u00e2metros do Minist\u00e9rio das Cidades para se inscreverem no Programa Minha Casa Minha Vida poder\u00e3o faz\u00ea-lo, quando abrirem novas inscri\u00e7\u00f5es, e aguardar a chamada de acordo com as normas legais. H\u00e1 tamb\u00e9m a possibilidade de os moradores se organizarem em cooperativa, para encaminhar projeto habitacional diretamente \u00e0 entidade financiadora, com aux\u00edlio t\u00e9cnico do Demhab.<\/p>\n","protected":false},"excerpt":{"rendered":"<p>Um acordo permitiu a sa\u00edda pac\u00edfica das fam\u00edlias da Ocupa\u00e7\u00e3o Lanceiros do pr\u00e9dio do antigo Hotel A\u00e7ores, na rua dos Andradas. A negocia\u00e7\u00e3o envolveu representantes do movimento, Brigada Militar, Prefeitura, deputados e vereadores e garantiu uma sa\u00edda bem diferente da reintegra\u00e7\u00e3o de posse anterior, em junho, quando houve viol\u00eancia e deten\u00e7\u00f5es na retirada das fam\u00edlias. [&hellip;]<\/p>\n","protected":false},"author":4,"featured_media":54235,"comment_status":"open","ping_status":"closed","sticky":false,"template":"","format":"standard","meta":{"_jetpack_newsletter_access":"","_jetpack_dont_email_post_to_subs":false,"_jetpack_newsletter_tier_id":0,"_jetpack_memberships_contains_paywalled_content":false,"_jetpack_feature_clip_id":0,"_jetpack_memberships_contains_paid_content":false,"footnotes":"","jetpack_post_was_ever_published":false},"categories":[26],"tags":[],"class_list":["post-54233","post","type-post","status-publish","format-standard","has-post-thumbnail","hentry","category-geral"],"aioseo_notices":[],"aioseo_head":"\n\t\t<!-- All in One SEO 5.0.1.1 - aioseo.com -->\n\t<meta name=\"robots\" content=\"max-image-preview:large\" \/>\n\t<meta name=\"author\" content=\"da Reda\u00e7\u00e3o\"\/>\n\t<link rel=\"canonical\" href=\"https:\/\/www.jornalja.com.br\/arquivo\/demhab-condominio-na-restinga-nao-pode-receber-familias-dos-lanceiros-negros\/\" \/>\n\t<meta name=\"generator\" content=\"All in One SEO (AIOSEO) 5.0.1.1\" \/>\n\t\t<meta property=\"og:locale\" content=\"pt_BR\" \/>\n\t\t<meta property=\"og:site_name\" content=\"Arquivo | Jornal J\u00c1 | Porto Alegre\" \/>\n\t\t<meta property=\"og:type\" content=\"article\" \/>\n\t\t<meta property=\"og:title\" content=\"Condom\u00ednio na Restinga n\u00e3o pode receber fam\u00edlias dos Lanceiros Negros | Arquivo\" \/>\n\t\t<meta property=\"og:url\" content=\"https:\/\/www.jornalja.com.br\/arquivo\/demhab-condominio-na-restinga-nao-pode-receber-familias-dos-lanceiros-negros\/\" \/>\n\t\t<meta property=\"og:image\" content=\"https:\/\/www.jornalja.com.br\/wp-content\/uploads\/2017\/08\/21103963_10208419287194516_878093577_o.jpg\" \/>\n\t\t<meta property=\"og:image:secure_url\" content=\"https:\/\/www.jornalja.com.br\/wp-content\/uploads\/2017\/08\/21103963_10208419287194516_878093577_o.jpg\" \/>\n\t\t<meta property=\"article:published_time\" content=\"2017-08-25T17:59:20+00:00\" \/>\n\t\t<meta property=\"article:modified_time\" content=\"2017-08-25T17:59:20+00:00\" \/>\n\t\t<meta name=\"twitter:card\" content=\"summary\" \/>\n\t\t<meta name=\"twitter:title\" content=\"Condom\u00ednio na Restinga n\u00e3o pode receber fam\u00edlias dos Lanceiros Negros | Arquivo\" \/>\n\t\t<meta name=\"twitter:image\" content=\"https:\/\/www.jornalja.com.br\/economics\/wp-content\/uploads\/sites\/11\/2026\/08\/ja-folhaderosto-facebook.jpg\" \/>\n\t\t<script type=\"application\/ld+json\" class=\"aioseo-schema\">\n\t\t\t{\"@context\":\"https:\\\/\\\/schema.org\",\"@graph\":[{\"@type\":\"BlogPosting\",\"@id\":\"https:\\\/\\\/www.jornalja.com.br\\\/arquivo\\\/demhab-condominio-na-restinga-nao-pode-receber-familias-dos-lanceiros-negros\\\/#blogposting\",\"name\":\"Condom\\u00ednio na Restinga n\\u00e3o pode receber fam\\u00edlias dos Lanceiros Negros | Arquivo\",\"headline\":\"Condom\\u00ednio na Restinga n\\u00e3o pode receber fam\\u00edlias dos Lanceiros Negros\",\"author\":{\"@id\":\"https:\\\/\\\/www.jornalja.com.br\\\/arquivo\\\/author\\\/daredacao\\\/#author\"},\"publisher\":{\"@id\":\"https:\\\/\\\/www.jornalja.com.br\\\/arquivo\\\/#organization\"},\"image\":{\"@type\":\"ImageObject\",\"url\":54235},\"datePublished\":\"2017-08-25T14:59:20-03:00\",\"dateModified\":\"2017-08-25T14:59:20-03:00\",\"inLanguage\":\"pt-BR\",\"mainEntityOfPage\":{\"@id\":\"https:\\\/\\\/www.jornalja.com.br\\\/arquivo\\\/demhab-condominio-na-restinga-nao-pode-receber-familias-dos-lanceiros-negros\\\/#webpage\"},\"isPartOf\":{\"@id\":\"https:\\\/\\\/www.jornalja.com.br\\\/arquivo\\\/demhab-condominio-na-restinga-nao-pode-receber-familias-dos-lanceiros-negros\\\/#webpage\"},\"articleSection\":\"Geral\"},{\"@type\":\"BreadcrumbList\",\"@id\":\"https:\\\/\\\/www.jornalja.com.br\\\/arquivo\\\/demhab-condominio-na-restinga-nao-pode-receber-familias-dos-lanceiros-negros\\\/#breadcrumblist\",\"itemListElement\":[{\"@type\":\"ListItem\",\"@id\":\"https:\\\/\\\/www.jornalja.com.br\\\/arquivo#listItem\",\"position\":1,\"name\":\"Home\",\"item\":\"https:\\\/\\\/www.jornalja.com.br\\\/arquivo\",\"nextItem\":{\"@type\":\"ListItem\",\"@id\":\"https:\\\/\\\/www.jornalja.com.br\\\/arquivo\\\/category\\\/geral\\\/#listItem\",\"name\":\"Geral\"}},{\"@type\":\"ListItem\",\"@id\":\"https:\\\/\\\/www.jornalja.com.br\\\/arquivo\\\/category\\\/geral\\\/#listItem\",\"position\":2,\"name\":\"Geral\",\"item\":\"https:\\\/\\\/www.jornalja.com.br\\\/arquivo\\\/category\\\/geral\\\/\",\"nextItem\":{\"@type\":\"ListItem\",\"@id\":\"https:\\\/\\\/www.jornalja.com.br\\\/arquivo\\\/demhab-condominio-na-restinga-nao-pode-receber-familias-dos-lanceiros-negros\\\/#listItem\",\"name\":\"Condom\\u00ednio na Restinga n\\u00e3o pode receber fam\\u00edlias dos Lanceiros Negros\"},\"previousItem\":{\"@type\":\"ListItem\",\"@id\":\"https:\\\/\\\/www.jornalja.com.br\\\/arquivo#listItem\",\"name\":\"Home\"}},{\"@type\":\"ListItem\",\"@id\":\"https:\\\/\\\/www.jornalja.com.br\\\/arquivo\\\/demhab-condominio-na-restinga-nao-pode-receber-familias-dos-lanceiros-negros\\\/#listItem\",\"position\":3,\"name\":\"Condom\\u00ednio na Restinga n\\u00e3o pode receber fam\\u00edlias dos Lanceiros Negros\",\"previousItem\":{\"@type\":\"ListItem\",\"@id\":\"https:\\\/\\\/www.jornalja.com.br\\\/arquivo\\\/category\\\/geral\\\/#listItem\",\"name\":\"Geral\"}}]},{\"@type\":\"Organization\",\"@id\":\"https:\\\/\\\/www.jornalja.com.br\\\/arquivo\\\/#organization\",\"name\":\"Jornal J\\u00c1\",\"description\":\"Jornal J\\u00c1 | Porto Alegre\",\"url\":\"https:\\\/\\\/www.jornalja.com.br\\\/arquivo\\\/\",\"telephone\":\"+555133307272\",\"logo\":{\"@type\":\"ImageObject\",\"url\":\"https:\\\/\\\/www.jornalja.com.br\\\/wp-content\\\/uploads\\\/cards\\\/JAslogan.png\",\"@id\":\"https:\\\/\\\/www.jornalja.com.br\\\/arquivo\\\/demhab-condominio-na-restinga-nao-pode-receber-familias-dos-lanceiros-negros\\\/#organizationLogo\"},\"image\":{\"@id\":\"https:\\\/\\\/www.jornalja.com.br\\\/arquivo\\\/demhab-condominio-na-restinga-nao-pode-receber-familias-dos-lanceiros-negros\\\/#organizationLogo\"}},{\"@type\":\"Person\",\"@id\":\"https:\\\/\\\/www.jornalja.com.br\\\/arquivo\\\/author\\\/daredacao\\\/#author\",\"url\":\"https:\\\/\\\/www.jornalja.com.br\\\/arquivo\\\/author\\\/daredacao\\\/\",\"name\":\"da Reda\\u00e7\\u00e3o\",\"image\":{\"@type\":\"ImageObject\",\"@id\":\"https:\\\/\\\/www.jornalja.com.br\\\/arquivo\\\/demhab-condominio-na-restinga-nao-pode-receber-familias-dos-lanceiros-negros\\\/#authorImage\",\"url\":\"https:\\\/\\\/secure.gravatar.com\\\/avatar\\\/469fd857d6605ad19919d27ed29d35a968a25f6e8fd9318356bbb7f57aae9c65?s=96&d=mm&r=g\",\"width\":96,\"height\":96,\"caption\":\"da Reda\\u00e7\\u00e3o\"}},{\"@type\":\"WebPage\",\"@id\":\"https:\\\/\\\/www.jornalja.com.br\\\/arquivo\\\/demhab-condominio-na-restinga-nao-pode-receber-familias-dos-lanceiros-negros\\\/#webpage\",\"url\":\"https:\\\/\\\/www.jornalja.com.br\\\/arquivo\\\/demhab-condominio-na-restinga-nao-pode-receber-familias-dos-lanceiros-negros\\\/\",\"name\":\"Condom\\u00ednio na Restinga n\\u00e3o pode receber fam\\u00edlias dos Lanceiros Negros | Arquivo\",\"inLanguage\":\"pt-BR\",\"isPartOf\":{\"@id\":\"https:\\\/\\\/www.jornalja.com.br\\\/arquivo\\\/#website\"},\"breadcrumb\":{\"@id\":\"https:\\\/\\\/www.jornalja.com.br\\\/arquivo\\\/demhab-condominio-na-restinga-nao-pode-receber-familias-dos-lanceiros-negros\\\/#breadcrumblist\"},\"author\":{\"@id\":\"https:\\\/\\\/www.jornalja.com.br\\\/arquivo\\\/author\\\/daredacao\\\/#author\"},\"creator\":{\"@id\":\"https:\\\/\\\/www.jornalja.com.br\\\/arquivo\\\/author\\\/daredacao\\\/#author\"},\"image\":{\"@type\":\"ImageObject\",\"url\":54235,\"@id\":\"https:\\\/\\\/www.jornalja.com.br\\\/arquivo\\\/demhab-condominio-na-restinga-nao-pode-receber-familias-dos-lanceiros-negros\\\/#mainImage\"},\"primaryImageOfPage\":{\"@id\":\"https:\\\/\\\/www.jornalja.com.br\\\/arquivo\\\/demhab-condominio-na-restinga-nao-pode-receber-familias-dos-lanceiros-negros\\\/#mainImage\"},\"datePublished\":\"2017-08-25T14:59:20-03:00\",\"dateModified\":\"2017-08-25T14:59:20-03:00\"},{\"@type\":\"WebSite\",\"@id\":\"https:\\\/\\\/www.jornalja.com.br\\\/arquivo\\\/#website\",\"url\":\"https:\\\/\\\/www.jornalja.com.br\\\/arquivo\\\/\",\"name\":\"Arquivo\",\"description\":\"Jornal J\\u00c1 | Porto Alegre\",\"inLanguage\":\"pt-BR\",\"publisher\":{\"@id\":\"https:\\\/\\\/www.jornalja.com.br\\\/arquivo\\\/#organization\"}}]}\n\t\t<\/script>\n\t\t<!-- All in One SEO -->\n\n","aioseo_head_json":{"title":"Condom\u00ednio na Restinga n\u00e3o pode receber fam\u00edlias dos Lanceiros Negros | Arquivo","description":"","canonical_url":"https:\/\/www.jornalja.com.br\/arquivo\/demhab-condominio-na-restinga-nao-pode-receber-familias-dos-lanceiros-negros\/","robots":"max-image-preview:large","keywords":"","webmasterTools":{"miscellaneous":""},"schema":{"@context":"https:\/\/schema.org","@graph":[{"@type":"BlogPosting","@id":"https:\/\/www.jornalja.com.br\/arquivo\/demhab-condominio-na-restinga-nao-pode-receber-familias-dos-lanceiros-negros\/#blogposting","name":"Condom\u00ednio na Restinga n\u00e3o pode receber fam\u00edlias dos Lanceiros Negros | Arquivo","headline":"Condom\u00ednio na Restinga n\u00e3o pode receber fam\u00edlias dos Lanceiros Negros","author":{"@id":"https:\/\/www.jornalja.com.br\/arquivo\/author\/daredacao\/#author"},"publisher":{"@id":"https:\/\/www.jornalja.com.br\/arquivo\/#organization"},"image":{"@type":"ImageObject","url":54235},"datePublished":"2017-08-25T14:59:20-03:00","dateModified":"2017-08-25T14:59:20-03:00","inLanguage":"pt-BR","mainEntityOfPage":{"@id":"https:\/\/www.jornalja.com.br\/arquivo\/demhab-condominio-na-restinga-nao-pode-receber-familias-dos-lanceiros-negros\/#webpage"},"isPartOf":{"@id":"https:\/\/www.jornalja.com.br\/arquivo\/demhab-condominio-na-restinga-nao-pode-receber-familias-dos-lanceiros-negros\/#webpage"},"articleSection":"Geral"},{"@type":"BreadcrumbList","@id":"https:\/\/www.jornalja.com.br\/arquivo\/demhab-condominio-na-restinga-nao-pode-receber-familias-dos-lanceiros-negros\/#breadcrumblist","itemListElement":[{"@type":"ListItem","@id":"https:\/\/www.jornalja.com.br\/arquivo#listItem","position":1,"name":"Home","item":"https:\/\/www.jornalja.com.br\/arquivo","nextItem":{"@type":"ListItem","@id":"https:\/\/www.jornalja.com.br\/arquivo\/category\/geral\/#listItem","name":"Geral"}},{"@type":"ListItem","@id":"https:\/\/www.jornalja.com.br\/arquivo\/category\/geral\/#listItem","position":2,"name":"Geral","item":"https:\/\/www.jornalja.com.br\/arquivo\/category\/geral\/","nextItem":{"@type":"ListItem","@id":"https:\/\/www.jornalja.com.br\/arquivo\/demhab-condominio-na-restinga-nao-pode-receber-familias-dos-lanceiros-negros\/#listItem","name":"Condom\u00ednio na Restinga n\u00e3o pode receber fam\u00edlias dos Lanceiros Negros"},"previousItem":{"@type":"ListItem","@id":"https:\/\/www.jornalja.com.br\/arquivo#listItem","name":"Home"}},{"@type":"ListItem","@id":"https:\/\/www.jornalja.com.br\/arquivo\/demhab-condominio-na-restinga-nao-pode-receber-familias-dos-lanceiros-negros\/#listItem","position":3,"name":"Condom\u00ednio na Restinga n\u00e3o pode receber fam\u00edlias dos Lanceiros Negros","previousItem":{"@type":"ListItem","@id":"https:\/\/www.jornalja.com.br\/arquivo\/category\/geral\/#listItem","name":"Geral"}}]},{"@type":"Organization","@id":"https:\/\/www.jornalja.com.br\/arquivo\/#organization","name":"Jornal J\u00c1","description":"Jornal J\u00c1 | Porto Alegre","url":"https:\/\/www.jornalja.com.br\/arquivo\/","telephone":"+555133307272","logo":{"@type":"ImageObject","url":"https:\/\/www.jornalja.com.br\/wp-content\/uploads\/cards\/JAslogan.png","@id":"https:\/\/www.jornalja.com.br\/arquivo\/demhab-condominio-na-restinga-nao-pode-receber-familias-dos-lanceiros-negros\/#organizationLogo"},"image":{"@id":"https:\/\/www.jornalja.com.br\/arquivo\/demhab-condominio-na-restinga-nao-pode-receber-familias-dos-lanceiros-negros\/#organizationLogo"}},{"@type":"Person","@id":"https:\/\/www.jornalja.com.br\/arquivo\/author\/daredacao\/#author","url":"https:\/\/www.jornalja.com.br\/arquivo\/author\/daredacao\/","name":"da Reda\u00e7\u00e3o","image":{"@type":"ImageObject","@id":"https:\/\/www.jornalja.com.br\/arquivo\/demhab-condominio-na-restinga-nao-pode-receber-familias-dos-lanceiros-negros\/#authorImage","url":"https:\/\/secure.gravatar.com\/avatar\/469fd857d6605ad19919d27ed29d35a968a25f6e8fd9318356bbb7f57aae9c65?s=96&d=mm&r=g","width":96,"height":96,"caption":"da Reda\u00e7\u00e3o"}},{"@type":"WebPage","@id":"https:\/\/www.jornalja.com.br\/arquivo\/demhab-condominio-na-restinga-nao-pode-receber-familias-dos-lanceiros-negros\/#webpage","url":"https:\/\/www.jornalja.com.br\/arquivo\/demhab-condominio-na-restinga-nao-pode-receber-familias-dos-lanceiros-negros\/","name":"Condom\u00ednio na Restinga n\u00e3o pode receber fam\u00edlias dos Lanceiros Negros | Arquivo","inLanguage":"pt-BR","isPartOf":{"@id":"https:\/\/www.jornalja.com.br\/arquivo\/#website"},"breadcrumb":{"@id":"https:\/\/www.jornalja.com.br\/arquivo\/demhab-condominio-na-restinga-nao-pode-receber-familias-dos-lanceiros-negros\/#breadcrumblist"},"author":{"@id":"https:\/\/www.jornalja.com.br\/arquivo\/author\/daredacao\/#author"},"creator":{"@id":"https:\/\/www.jornalja.com.br\/arquivo\/author\/daredacao\/#author"},"image":{"@type":"ImageObject","url":54235,"@id":"https:\/\/www.jornalja.com.br\/arquivo\/demhab-condominio-na-restinga-nao-pode-receber-familias-dos-lanceiros-negros\/#mainImage"},"primaryImageOfPage":{"@id":"https:\/\/www.jornalja.com.br\/arquivo\/demhab-condominio-na-restinga-nao-pode-receber-familias-dos-lanceiros-negros\/#mainImage"},"datePublished":"2017-08-25T14:59:20-03:00","dateModified":"2017-08-25T14:59:20-03:00"},{"@type":"WebSite","@id":"https:\/\/www.jornalja.com.br\/arquivo\/#website","url":"https:\/\/www.jornalja.com.br\/arquivo\/","name":"Arquivo","description":"Jornal J\u00c1 | Porto Alegre","inLanguage":"pt-BR","publisher":{"@id":"https:\/\/www.jornalja.com.br\/arquivo\/#organization"}}]},"og:locale":"pt_BR","og:site_name":"Arquivo | Jornal J\u00c1 | Porto Alegre","og:type":"article","og:title":"Condom\u00ednio na Restinga n\u00e3o pode receber fam\u00edlias dos Lanceiros Negros | Arquivo","og:url":"https:\/\/www.jornalja.com.br\/arquivo\/demhab-condominio-na-restinga-nao-pode-receber-familias-dos-lanceiros-negros\/","og:image":"https:\/\/www.jornalja.com.br\/wp-content\/uploads\/2017\/08\/21103963_10208419287194516_878093577_o.jpg","og:image:secure_url":"https:\/\/www.jornalja.com.br\/wp-content\/uploads\/2017\/08\/21103963_10208419287194516_878093577_o.jpg","article:published_time":"2017-08-25T17:59:20+00:00","article:modified_time":"2017-08-25T17:59:20+00:00","twitter:card":"summary","twitter:title":"Condom\u00ednio na Restinga n\u00e3o pode receber fam\u00edlias dos Lanceiros Negros | Arquivo","twitter:image":"https:\/\/www.jornalja.com.br\/economics\/wp-content\/uploads\/sites\/11\/2026\/08\/ja-folhaderosto-facebook.jpg"},"aioseo_meta_data":{"post_id":"54233","title":null,"description":null,"keywords":null,"keyphrases":null,"primary_term":null,"canonical_url":null,"og_title":null,"og_description":null,"og_object_type":"default","og_image_type":"default","og_image_url":null,"og_image_width":null,"og_image_height":null,"og_image_custom_url":null,"og_image_custom_fields":null,"og_video":null,"og_custom_url":null,"og_article_section":null,"og_article_tags":null,"twitter_use_og":false,"twitter_card":"default","twitter_image_type":"default","twitter_image_url":null,"twitter_image_custom_url":null,"twitter_image_custom_fields":null,"twitter_title":null,"twitter_description":null,"schema":{"blockGraphs":[],"customGraphs":[],"default":{"data":{"Article":[],"Course":[],"Dataset":[],"FAQPage":[],"Movie":[],"Person":[],"Product":[],"ProductReview":[],"Car":[],"Recipe":[],"Service":[],"SoftwareApplication":[],"WebPage":[]},"graphName":"","isEnabled":true},"graphs":[],"defaultGraph":"","defaultPostTypeGraph":""},"schema_type":null,"schema_type_options":null,"pillar_content":false,"robots_default":true,"robots_noindex":false,"robots_noarchive":false,"robots_nosnippet":false,"robots_nofollow":false,"robots_noimageindex":false,"robots_noodp":false,"robots_notranslate":false,"robots_max_snippet":null,"robots_max_videopreview":null,"robots_max_imagepreview":"large","priority":null,"frequency":null,"location":null,"local_seo":null,"breadcrumb_settings":null,"limit_modified_date":false,"ai":null,"created":"2020-12-20 20:26:02","updated":"2025-07-20 00:36:24","seo_analyzer_scan_date":null,"focus_keyword":null,"additional_keywords":null,"truseo_locale":null},"jetpack_sharing_enabled":true,"jetpack-related-posts":[{"id":13124,"url":"https:\/\/www.jornalja.com.br\/arquivo\/sangue-latino-no-iecine\/","url_meta":{"origin":54233,"position":0},"title":"Sangue latino no IECINE","author":"da Reda\u00e7\u00e3o","date":"18 de maio de 2014","format":false,"excerpt":"Francisco Ribeiro O Instituto Estadual de Cinema (IECINE) tem a frente, desde abril \u00faltimo, um novo diretor, o cineasta colombiano Juan Zapata, 36, que substitui Luiz Alberto Cassol. Radicado h\u00e1 dez anos em Porto Alegre, Zapata tem diante de si o desafio de conduzir at\u00e9 o final do ano um\u2026","rel":"","context":"Em &quot;Cultura-Geral&quot;","block_context":{"text":"Cultura-Geral","link":"https:\/\/www.jornalja.com.br\/arquivo\/category\/materiasecundaria\/"},"img":{"alt_text":"","src":"","width":0,"height":0},"classes":[]},{"id":5440,"url":"https:\/\/www.jornalja.com.br\/arquivo\/casarao-da-venancio-destino-permanece-incerto\/","url_meta":{"origin":54233,"position":1},"title":"Estado ainda n\u00e3o sabe o que fazer com casar\u00e3o abandonado h\u00e1 20 anos","author":"Elmar Bones","date":"6 de julho de 2009","format":false,"excerpt":"O casar\u00e3o amarelo, numa esquina nobre de Porto Alegre (Ven\u00e2ncio Aires com Jo\u00e3o Pessoa), j\u00e1 abrigou uma escola. H\u00e1 duas d\u00e9cadas, pelo menos, est\u00e1 abandonado, porque seu propriet\u00e1rio, o governo do Estado do Rio Grande do Sul, n\u00e3o consegue achar um destino para ele. Planos n\u00e3o faltaram. O governador Ol\u00edvio\u2026","rel":"","context":"Em &quot;X.Categorias velhas&quot;","block_context":{"text":"X.Categorias velhas","link":"https:\/\/www.jornalja.com.br\/arquivo\/category\/x-categorias-velhas\/"},"img":{"alt_text":"geraldo1","src":"https:\/\/i0.wp.com\/www.jornalja.com.br\/wp-content\/uploads\/2009\/07\/geraldo1.jpg?resize=350%2C200&ssl=1","width":350,"height":200},"classes":[]},{"id":13240,"url":"https:\/\/www.jornalja.com.br\/arquivo\/plano-diretor-estamos-construindo-o-caos\/","url_meta":{"origin":54233,"position":2},"title":"Plano diretor: &quot;Estamos construindo o caos&quot;","author":"Patr\u00edcia Marini","date":"26 de maio de 2014","format":false,"excerpt":"Desabafo que arquiteta Eliana Castilhos, delegada da Regi\u00e3o de Planejamento 1, postou nas redes sociais \u00e9 um testemunho do ambiente que se criou no Conselho do Plano Diretor de Porto Alegre, onde a aprova\u00e7\u00e3o de grandes empreendimentos \u00e9 empurrada guela abaixo dos conselheiros. Ao CMDUA Como delegada da Regi\u00e3o de\u2026","rel":"","context":"Em &quot;Geral&quot;","block_context":{"text":"Geral","link":"https:\/\/www.jornalja.com.br\/arquivo\/category\/geral\/"},"img":{"alt_text":"","src":"","width":0,"height":0},"classes":[]},{"id":13128,"url":"https:\/\/www.jornalja.com.br\/arquivo\/maconha-terra-diz-que-uso-medicinal-e-desculpa\/","url_meta":{"origin":54233,"position":3},"title":"Maconha: Terra diz que uso medicinal \u00e9 desculpa","author":"Patr\u00edcia Marini","date":"4 de junho de 2014","format":false,"excerpt":"A condi\u00e7\u00e3o de pol\u00edtico, em \u00e9poca de campanha de campanha eleitoral, tira for\u00e7a do discurso do m\u00e9dico Osmar Terra contra a legaliza\u00e7\u00e3o da maconha. A tese dele de que a libera\u00e7\u00e3o vai ampliar exponencialmente o consumo \u00e9 discutivel, o consumo \u00e9 corrente. Mas seus alertas quanto aos riscos tem que\u2026","rel":"","context":"Em &quot;X.Categorias velhas&quot;","block_context":{"text":"X.Categorias velhas","link":"https:\/\/www.jornalja.com.br\/arquivo\/category\/x-categorias-velhas\/"},"img":{"alt_text":"","src":"","width":0,"height":0},"classes":[]},{"id":13101,"url":"https:\/\/www.jornalja.com.br\/arquivo\/morre-um-guerreiro-do-texto\/","url_meta":{"origin":54233,"position":4},"title":"Morre um guerreiro do texto","author":"Patr\u00edcia Marini","date":"14 de maio de 2014","format":false,"excerpt":"Por Ricardo Kotscho Reproduzido do blog do autor, 11\/5\/2014; t\u00edtulo original \u201cE l\u00e1 se foi o nosso Myltainho, guerreiro do texto\u201d. Mi\u00fado e franzino, meu amigo Myltainho era um valente e inconformado guerreiro na luta contra as injusti\u00e7as sociais, a hipocrisia, as maracutaias, o autoritarismo, a intoler\u00e2ncia, a viol\u00eancia, o\u2026","rel":"","context":"Em &quot;Geral&quot;","block_context":{"text":"Geral","link":"https:\/\/www.jornalja.com.br\/arquivo\/category\/geral\/"},"img":{"alt_text":"","src":"","width":0,"height":0},"classes":[]}],"jetpack_shortlink":"https:\/\/wp.me\/pbQjBd-e6J","jetpack_featured_media_url":"","_links":{"self":[{"href":"https:\/\/www.jornalja.com.br\/arquivo\/wp-json\/wp\/v2\/posts\/54233","targetHints":{"allow":["GET"]}}],"collection":[{"href":"https:\/\/www.jornalja.com.br\/arquivo\/wp-json\/wp\/v2\/posts"}],"about":[{"href":"https:\/\/www.jornalja.com.br\/arquivo\/wp-json\/wp\/v2\/types\/post"}],"author":[{"embeddable":true,"href":"https:\/\/www.jornalja.com.br\/arquivo\/wp-json\/wp\/v2\/users\/4"}],"replies":[{"embeddable":true,"href":"https:\/\/www.jornalja.com.br\/arquivo\/wp-json\/wp\/v2\/comments?post=54233"}],"version-history":[{"count":0,"href":"https:\/\/www.jornalja.com.br\/arquivo\/wp-json\/wp\/v2\/posts\/54233\/revisions"}],"wp:attachment":[{"href":"https:\/\/www.jornalja.com.br\/arquivo\/wp-json\/wp\/v2\/media?parent=54233"}],"wp:term":[{"taxonomy":"category","embeddable":true,"href":"https:\/\/www.jornalja.com.br\/arquivo\/wp-json\/wp\/v2\/categories?post=54233"},{"taxonomy":"post_tag","embeddable":true,"href":"https:\/\/www.jornalja.com.br\/arquivo\/wp-json\/wp\/v2\/tags?post=54233"}],"curies":[{"name":"wp","href":"https:\/\/api.w.org\/{rel}","templated":true}]}}