{"id":54323,"date":"2017-08-27T08:51:18","date_gmt":"2017-08-27T11:51:18","guid":{"rendered":"https:\/\/www.jornalja.com.br\/?p=54323"},"modified":"2017-08-27T08:51:18","modified_gmt":"2017-08-27T11:51:18","slug":"populacao-carceraria-feminina-cresce-700-em-dezesseis-anos-no-brasil","status":"publish","type":"post","link":"https:\/\/www.jornalja.com.br\/arquivo\/populacao-carceraria-feminina-cresce-700-em-dezesseis-anos-no-brasil\/","title":{"rendered":"Popula\u00e7\u00e3o carcer\u00e1ria feminina cresce 700% em dezesseis anos no Brasil"},"content":{"rendered":"<p><span style=\"color: #333333\"><span style=\"font-family: 'Open Sans', sans-serif\">A popula\u00e7\u00e3o carcer\u00e1ria feminina cresceu 698% no Brasil em 16 anos, segundo dados mais recentes do Departamento Penitenci\u00e1rio Nacional (Depen), \u00f3rg\u00e3o do Minist\u00e9rio da Justi\u00e7a. No ano 2000, havia 5.601 mulheres cumprindo medidas de priva\u00e7\u00e3o de liberdade. Em 2016, o n\u00famero saltou para 44.721. Apenas em dois anos, entre dezembro de 2014 e dezembro de 2016, houve aumento de 19,6%, subindo de 37.380 para 44.721.<\/span><\/span><br \/>\n<span style=\"color: #333333\"><span style=\"font-family: 'Open Sans', sans-serif\">As informa\u00e7\u00f5es foram enviadas ao Supremo Tribunal Federal (STF), nesta semana, por solicita\u00e7\u00e3o do ministro Ricardo Lewandowski, em decis\u00e3o que deu seguimento a um pedido de <\/span><\/span><em><span style=\"color: #333333\"><span style=\"font-family: 'Open Sans', sans-serif\">habeas corpus <\/span><\/span><\/em><span style=\"color: #333333\"><span style=\"font-family: 'Open Sans', sans-serif\">que pretende libertar todas as mulheres gr\u00e1vidas, pu\u00e9rperas (que deram \u00e0 luz em at\u00e9 45 dias) ou m\u00e3es de crian\u00e7as com at\u00e9 12 anos de idade sob sua responsabilidade que estejam presas provisoriamente, ou seja, encarceradas ainda sem condena\u00e7\u00e3o definitiva da Justi\u00e7a. De todas as mulheres presas atualmente no pa\u00eds, 43% ainda n\u00e3o tiveram seus casos julgados em definitivo.<\/span><\/span><br \/>\n<span style=\"color: #333333\"><span style=\"font-family: 'Open Sans', sans-serif\">A admiss\u00e3o da a\u00e7\u00e3o, impetrada pelo Coletivo de Advogados em Direitos Humanos (CADHu), representa uma atitude rara na Corte, pois pretende beneficiar um coletivo de pessoas, n\u00e3o um s\u00f3 indiv\u00edduo. <\/span><\/span><br \/>\n<span class=\"intertit\"><strong><span style=\"color: #333333\"><span style=\"font-family: 'Open Sans', sans-serif\"><b>Gestantes encarceradas<\/b><\/span><\/span><\/strong><\/span><br \/>\n<span style=\"color: #333333\"><span style=\"font-family: 'Open Sans', sans-serif\">Do total de mulheres presas, 80% s\u00e3o m\u00e3es e respons\u00e1veis principais, ou mesmo \u00fanicas, pelos cuidados de filhas e filhos, motivo pelo qual os \u201cefeitos do encarceramento feminino geram outras graves consequ\u00eancias sociais\u201d, informa o Depen.<\/span><\/span><br \/>\n<span style=\"color: #333333\"><span style=\"font-family: 'Open Sans', sans-serif\">No pedido de informa\u00e7\u00f5es ao Minist\u00e9rio da Justi\u00e7a, o ministro Ricardo Lewandowski solicitou que fossem identificadas todas as mulheres gr\u00e1vidas ou m\u00e3es de crian\u00e7as no c\u00e1rcere. Apenas dez estados disponibilizaram os dados, enviando os nomes de 113 mulheres gestantes ou com filhos que as acompanham no c\u00e1rcere, distribu\u00eddas por 41 unidades prisionais. Organiza\u00e7\u00f5es de defesa dos direitos das mulheres, no entanto, estimam que esse n\u00famero seja bem maior.<\/span><\/span><br \/>\n<span class=\"intertit\"><strong><span style=\"color: #333333\"><span style=\"font-family: 'Open Sans', sans-serif\"><b>Tr\u00e1fico de drogas<\/b><\/span><\/span><\/strong><\/span><br \/>\nNa compara\u00e7\u00e3o entre diferentes pa\u00edses, o Brasil apresenta a quinta maior popula\u00e7\u00e3o carcer\u00e1ria feminina do mundo, atr\u00e1s de Estados Unidos (205.400 detentas), China (103.766) R\u00fassia (53.304) e Tail\u00e2ndia (44.751), de acordo com dados do Infopen Mulheres, lan\u00e7ado em 2015. Do total de mulheres presas, 60% est\u00e3o encarceradas por crimes relacionados ao tr\u00e1fico de drogas. \u201cO tr\u00e1fico \u00e9 sempre colocado como uma gravidade imensa, mesmo que a pessoa n\u00e3o tenha condena\u00e7\u00f5es, seja r\u00e9 prim\u00e1ria, a grande regra \u00e9 que ela seja presa\u201d, critica o defensor federal Gustavo Ribeiro.<\/p>\n","protected":false},"excerpt":{"rendered":"<p>A popula\u00e7\u00e3o carcer\u00e1ria feminina cresceu 698% no Brasil em 16 anos, segundo dados mais recentes do Departamento Penitenci\u00e1rio Nacional (Depen), \u00f3rg\u00e3o do Minist\u00e9rio da Justi\u00e7a. No ano 2000, havia 5.601 mulheres cumprindo medidas de priva\u00e7\u00e3o de liberdade. Em 2016, o n\u00famero saltou para 44.721. Apenas em dois anos, entre dezembro de 2014 e dezembro de [&hellip;]<\/p>\n","protected":false},"author":4,"featured_media":0,"comment_status":"open","ping_status":"closed","sticky":false,"template":"","format":"standard","meta":{"_jetpack_newsletter_access":"","_jetpack_dont_email_post_to_subs":false,"_jetpack_newsletter_tier_id":0,"_jetpack_memberships_contains_paywalled_content":false,"_jetpack_feature_clip_id":0,"_jetpack_memberships_contains_paid_content":false,"footnotes":"","jetpack_post_was_ever_published":false},"categories":[2022],"tags":[],"class_list":["post-54323","post","type-post","status-publish","format-standard","hentry","category-notas"],"aioseo_notices":[],"aioseo_head":"\n\t\t<!-- All in One SEO 5.0.1.1 - aioseo.com -->\n\t<meta name=\"robots\" content=\"max-image-preview:large\" \/>\n\t<meta name=\"author\" content=\"da Reda\u00e7\u00e3o\"\/>\n\t<link rel=\"canonical\" href=\"https:\/\/www.jornalja.com.br\/arquivo\/populacao-carceraria-feminina-cresce-700-em-dezesseis-anos-no-brasil\/\" \/>\n\t<meta name=\"generator\" content=\"All in One SEO (AIOSEO) 5.0.1.1\" \/>\n\t\t<meta property=\"og:locale\" content=\"pt_BR\" \/>\n\t\t<meta property=\"og:site_name\" content=\"Arquivo | Jornal J\u00c1 | Porto Alegre\" \/>\n\t\t<meta property=\"og:type\" content=\"article\" \/>\n\t\t<meta property=\"og:title\" content=\"Popula\u00e7\u00e3o carcer\u00e1ria feminina cresce 700% em dezesseis anos no Brasil | Arquivo\" \/>\n\t\t<meta property=\"og:url\" content=\"https:\/\/www.jornalja.com.br\/arquivo\/populacao-carceraria-feminina-cresce-700-em-dezesseis-anos-no-brasil\/\" \/>\n\t\t<meta property=\"og:image\" content=\"https:\/\/www.jornalja.com.br\/economics\/wp-content\/uploads\/sites\/11\/2026\/08\/ja-folhaderosto-facebook.jpg\" \/>\n\t\t<meta property=\"og:image:secure_url\" content=\"https:\/\/www.jornalja.com.br\/economics\/wp-content\/uploads\/sites\/11\/2026\/08\/ja-folhaderosto-facebook.jpg\" \/>\n\t\t<meta property=\"article:published_time\" content=\"2017-08-27T11:51:18+00:00\" \/>\n\t\t<meta property=\"article:modified_time\" content=\"2017-08-27T11:51:18+00:00\" \/>\n\t\t<meta name=\"twitter:card\" content=\"summary\" \/>\n\t\t<meta name=\"twitter:title\" content=\"Popula\u00e7\u00e3o carcer\u00e1ria feminina cresce 700% em dezesseis anos no Brasil | Arquivo\" \/>\n\t\t<meta name=\"twitter:image\" content=\"https:\/\/www.jornalja.com.br\/economics\/wp-content\/uploads\/sites\/11\/2026\/08\/ja-folhaderosto-facebook.jpg\" \/>\n\t\t<script type=\"application\/ld+json\" class=\"aioseo-schema\">\n\t\t\t{\"@context\":\"https:\\\/\\\/schema.org\",\"@graph\":[{\"@type\":\"BlogPosting\",\"@id\":\"https:\\\/\\\/www.jornalja.com.br\\\/arquivo\\\/populacao-carceraria-feminina-cresce-700-em-dezesseis-anos-no-brasil\\\/#blogposting\",\"name\":\"Popula\\u00e7\\u00e3o carcer\\u00e1ria feminina cresce 700% em dezesseis anos no Brasil | Arquivo\",\"headline\":\"Popula\\u00e7\\u00e3o carcer\\u00e1ria feminina cresce 700% em dezesseis anos no Brasil\",\"author\":{\"@id\":\"https:\\\/\\\/www.jornalja.com.br\\\/arquivo\\\/author\\\/daredacao\\\/#author\"},\"publisher\":{\"@id\":\"https:\\\/\\\/www.jornalja.com.br\\\/arquivo\\\/#organization\"},\"image\":{\"@type\":\"ImageObject\",\"url\":\"https:\\\/\\\/www.jornalja.com.br\\\/wp-content\\\/uploads\\\/cards\\\/JAslogan.png\",\"@id\":\"https:\\\/\\\/www.jornalja.com.br\\\/arquivo\\\/#articleImage\"},\"datePublished\":\"2017-08-27T08:51:18-03:00\",\"dateModified\":\"2017-08-27T08:51:18-03:00\",\"inLanguage\":\"pt-BR\",\"mainEntityOfPage\":{\"@id\":\"https:\\\/\\\/www.jornalja.com.br\\\/arquivo\\\/populacao-carceraria-feminina-cresce-700-em-dezesseis-anos-no-brasil\\\/#webpage\"},\"isPartOf\":{\"@id\":\"https:\\\/\\\/www.jornalja.com.br\\\/arquivo\\\/populacao-carceraria-feminina-cresce-700-em-dezesseis-anos-no-brasil\\\/#webpage\"},\"articleSection\":\"NOTAS\"},{\"@type\":\"BreadcrumbList\",\"@id\":\"https:\\\/\\\/www.jornalja.com.br\\\/arquivo\\\/populacao-carceraria-feminina-cresce-700-em-dezesseis-anos-no-brasil\\\/#breadcrumblist\",\"itemListElement\":[{\"@type\":\"ListItem\",\"@id\":\"https:\\\/\\\/www.jornalja.com.br\\\/arquivo#listItem\",\"position\":1,\"name\":\"Home\",\"item\":\"https:\\\/\\\/www.jornalja.com.br\\\/arquivo\",\"nextItem\":{\"@type\":\"ListItem\",\"@id\":\"https:\\\/\\\/www.jornalja.com.br\\\/arquivo\\\/category\\\/notas\\\/#listItem\",\"name\":\"NOTAS\"}},{\"@type\":\"ListItem\",\"@id\":\"https:\\\/\\\/www.jornalja.com.br\\\/arquivo\\\/category\\\/notas\\\/#listItem\",\"position\":2,\"name\":\"NOTAS\",\"item\":\"https:\\\/\\\/www.jornalja.com.br\\\/arquivo\\\/category\\\/notas\\\/\",\"nextItem\":{\"@type\":\"ListItem\",\"@id\":\"https:\\\/\\\/www.jornalja.com.br\\\/arquivo\\\/populacao-carceraria-feminina-cresce-700-em-dezesseis-anos-no-brasil\\\/#listItem\",\"name\":\"Popula\\u00e7\\u00e3o carcer\\u00e1ria feminina cresce 700% em dezesseis anos no Brasil\"},\"previousItem\":{\"@type\":\"ListItem\",\"@id\":\"https:\\\/\\\/www.jornalja.com.br\\\/arquivo#listItem\",\"name\":\"Home\"}},{\"@type\":\"ListItem\",\"@id\":\"https:\\\/\\\/www.jornalja.com.br\\\/arquivo\\\/populacao-carceraria-feminina-cresce-700-em-dezesseis-anos-no-brasil\\\/#listItem\",\"position\":3,\"name\":\"Popula\\u00e7\\u00e3o carcer\\u00e1ria feminina cresce 700% em dezesseis anos no Brasil\",\"previousItem\":{\"@type\":\"ListItem\",\"@id\":\"https:\\\/\\\/www.jornalja.com.br\\\/arquivo\\\/category\\\/notas\\\/#listItem\",\"name\":\"NOTAS\"}}]},{\"@type\":\"Organization\",\"@id\":\"https:\\\/\\\/www.jornalja.com.br\\\/arquivo\\\/#organization\",\"name\":\"Jornal J\\u00c1\",\"description\":\"Jornal J\\u00c1 | Porto Alegre\",\"url\":\"https:\\\/\\\/www.jornalja.com.br\\\/arquivo\\\/\",\"telephone\":\"+555133307272\",\"logo\":{\"@type\":\"ImageObject\",\"url\":\"https:\\\/\\\/www.jornalja.com.br\\\/wp-content\\\/uploads\\\/cards\\\/JAslogan.png\",\"@id\":\"https:\\\/\\\/www.jornalja.com.br\\\/arquivo\\\/populacao-carceraria-feminina-cresce-700-em-dezesseis-anos-no-brasil\\\/#organizationLogo\"},\"image\":{\"@id\":\"https:\\\/\\\/www.jornalja.com.br\\\/arquivo\\\/populacao-carceraria-feminina-cresce-700-em-dezesseis-anos-no-brasil\\\/#organizationLogo\"}},{\"@type\":\"Person\",\"@id\":\"https:\\\/\\\/www.jornalja.com.br\\\/arquivo\\\/author\\\/daredacao\\\/#author\",\"url\":\"https:\\\/\\\/www.jornalja.com.br\\\/arquivo\\\/author\\\/daredacao\\\/\",\"name\":\"da Reda\\u00e7\\u00e3o\",\"image\":{\"@type\":\"ImageObject\",\"@id\":\"https:\\\/\\\/www.jornalja.com.br\\\/arquivo\\\/populacao-carceraria-feminina-cresce-700-em-dezesseis-anos-no-brasil\\\/#authorImage\",\"url\":\"https:\\\/\\\/secure.gravatar.com\\\/avatar\\\/469fd857d6605ad19919d27ed29d35a968a25f6e8fd9318356bbb7f57aae9c65?s=96&d=mm&r=g\",\"width\":96,\"height\":96,\"caption\":\"da Reda\\u00e7\\u00e3o\"}},{\"@type\":\"WebPage\",\"@id\":\"https:\\\/\\\/www.jornalja.com.br\\\/arquivo\\\/populacao-carceraria-feminina-cresce-700-em-dezesseis-anos-no-brasil\\\/#webpage\",\"url\":\"https:\\\/\\\/www.jornalja.com.br\\\/arquivo\\\/populacao-carceraria-feminina-cresce-700-em-dezesseis-anos-no-brasil\\\/\",\"name\":\"Popula\\u00e7\\u00e3o carcer\\u00e1ria feminina cresce 700% em dezesseis anos no Brasil | Arquivo\",\"inLanguage\":\"pt-BR\",\"isPartOf\":{\"@id\":\"https:\\\/\\\/www.jornalja.com.br\\\/arquivo\\\/#website\"},\"breadcrumb\":{\"@id\":\"https:\\\/\\\/www.jornalja.com.br\\\/arquivo\\\/populacao-carceraria-feminina-cresce-700-em-dezesseis-anos-no-brasil\\\/#breadcrumblist\"},\"author\":{\"@id\":\"https:\\\/\\\/www.jornalja.com.br\\\/arquivo\\\/author\\\/daredacao\\\/#author\"},\"creator\":{\"@id\":\"https:\\\/\\\/www.jornalja.com.br\\\/arquivo\\\/author\\\/daredacao\\\/#author\"},\"datePublished\":\"2017-08-27T08:51:18-03:00\",\"dateModified\":\"2017-08-27T08:51:18-03:00\"},{\"@type\":\"WebSite\",\"@id\":\"https:\\\/\\\/www.jornalja.com.br\\\/arquivo\\\/#website\",\"url\":\"https:\\\/\\\/www.jornalja.com.br\\\/arquivo\\\/\",\"name\":\"Arquivo\",\"description\":\"Jornal J\\u00c1 | Porto Alegre\",\"inLanguage\":\"pt-BR\",\"publisher\":{\"@id\":\"https:\\\/\\\/www.jornalja.com.br\\\/arquivo\\\/#organization\"}}]}\n\t\t<\/script>\n\t\t<!-- All in One SEO -->\n\n","aioseo_head_json":{"title":"Popula\u00e7\u00e3o carcer\u00e1ria feminina cresce 700% em dezesseis anos no Brasil | Arquivo","description":"","canonical_url":"https:\/\/www.jornalja.com.br\/arquivo\/populacao-carceraria-feminina-cresce-700-em-dezesseis-anos-no-brasil\/","robots":"max-image-preview:large","keywords":"","webmasterTools":{"miscellaneous":""},"schema":{"@context":"https:\/\/schema.org","@graph":[{"@type":"BlogPosting","@id":"https:\/\/www.jornalja.com.br\/arquivo\/populacao-carceraria-feminina-cresce-700-em-dezesseis-anos-no-brasil\/#blogposting","name":"Popula\u00e7\u00e3o carcer\u00e1ria feminina cresce 700% em dezesseis anos no Brasil | Arquivo","headline":"Popula\u00e7\u00e3o carcer\u00e1ria feminina cresce 700% em dezesseis anos no Brasil","author":{"@id":"https:\/\/www.jornalja.com.br\/arquivo\/author\/daredacao\/#author"},"publisher":{"@id":"https:\/\/www.jornalja.com.br\/arquivo\/#organization"},"image":{"@type":"ImageObject","url":"https:\/\/www.jornalja.com.br\/wp-content\/uploads\/cards\/JAslogan.png","@id":"https:\/\/www.jornalja.com.br\/arquivo\/#articleImage"},"datePublished":"2017-08-27T08:51:18-03:00","dateModified":"2017-08-27T08:51:18-03:00","inLanguage":"pt-BR","mainEntityOfPage":{"@id":"https:\/\/www.jornalja.com.br\/arquivo\/populacao-carceraria-feminina-cresce-700-em-dezesseis-anos-no-brasil\/#webpage"},"isPartOf":{"@id":"https:\/\/www.jornalja.com.br\/arquivo\/populacao-carceraria-feminina-cresce-700-em-dezesseis-anos-no-brasil\/#webpage"},"articleSection":"NOTAS"},{"@type":"BreadcrumbList","@id":"https:\/\/www.jornalja.com.br\/arquivo\/populacao-carceraria-feminina-cresce-700-em-dezesseis-anos-no-brasil\/#breadcrumblist","itemListElement":[{"@type":"ListItem","@id":"https:\/\/www.jornalja.com.br\/arquivo#listItem","position":1,"name":"Home","item":"https:\/\/www.jornalja.com.br\/arquivo","nextItem":{"@type":"ListItem","@id":"https:\/\/www.jornalja.com.br\/arquivo\/category\/notas\/#listItem","name":"NOTAS"}},{"@type":"ListItem","@id":"https:\/\/www.jornalja.com.br\/arquivo\/category\/notas\/#listItem","position":2,"name":"NOTAS","item":"https:\/\/www.jornalja.com.br\/arquivo\/category\/notas\/","nextItem":{"@type":"ListItem","@id":"https:\/\/www.jornalja.com.br\/arquivo\/populacao-carceraria-feminina-cresce-700-em-dezesseis-anos-no-brasil\/#listItem","name":"Popula\u00e7\u00e3o carcer\u00e1ria feminina cresce 700% em dezesseis anos no Brasil"},"previousItem":{"@type":"ListItem","@id":"https:\/\/www.jornalja.com.br\/arquivo#listItem","name":"Home"}},{"@type":"ListItem","@id":"https:\/\/www.jornalja.com.br\/arquivo\/populacao-carceraria-feminina-cresce-700-em-dezesseis-anos-no-brasil\/#listItem","position":3,"name":"Popula\u00e7\u00e3o carcer\u00e1ria feminina cresce 700% em dezesseis anos no Brasil","previousItem":{"@type":"ListItem","@id":"https:\/\/www.jornalja.com.br\/arquivo\/category\/notas\/#listItem","name":"NOTAS"}}]},{"@type":"Organization","@id":"https:\/\/www.jornalja.com.br\/arquivo\/#organization","name":"Jornal J\u00c1","description":"Jornal J\u00c1 | Porto Alegre","url":"https:\/\/www.jornalja.com.br\/arquivo\/","telephone":"+555133307272","logo":{"@type":"ImageObject","url":"https:\/\/www.jornalja.com.br\/wp-content\/uploads\/cards\/JAslogan.png","@id":"https:\/\/www.jornalja.com.br\/arquivo\/populacao-carceraria-feminina-cresce-700-em-dezesseis-anos-no-brasil\/#organizationLogo"},"image":{"@id":"https:\/\/www.jornalja.com.br\/arquivo\/populacao-carceraria-feminina-cresce-700-em-dezesseis-anos-no-brasil\/#organizationLogo"}},{"@type":"Person","@id":"https:\/\/www.jornalja.com.br\/arquivo\/author\/daredacao\/#author","url":"https:\/\/www.jornalja.com.br\/arquivo\/author\/daredacao\/","name":"da Reda\u00e7\u00e3o","image":{"@type":"ImageObject","@id":"https:\/\/www.jornalja.com.br\/arquivo\/populacao-carceraria-feminina-cresce-700-em-dezesseis-anos-no-brasil\/#authorImage","url":"https:\/\/secure.gravatar.com\/avatar\/469fd857d6605ad19919d27ed29d35a968a25f6e8fd9318356bbb7f57aae9c65?s=96&d=mm&r=g","width":96,"height":96,"caption":"da Reda\u00e7\u00e3o"}},{"@type":"WebPage","@id":"https:\/\/www.jornalja.com.br\/arquivo\/populacao-carceraria-feminina-cresce-700-em-dezesseis-anos-no-brasil\/#webpage","url":"https:\/\/www.jornalja.com.br\/arquivo\/populacao-carceraria-feminina-cresce-700-em-dezesseis-anos-no-brasil\/","name":"Popula\u00e7\u00e3o carcer\u00e1ria feminina cresce 700% em dezesseis anos no Brasil | Arquivo","inLanguage":"pt-BR","isPartOf":{"@id":"https:\/\/www.jornalja.com.br\/arquivo\/#website"},"breadcrumb":{"@id":"https:\/\/www.jornalja.com.br\/arquivo\/populacao-carceraria-feminina-cresce-700-em-dezesseis-anos-no-brasil\/#breadcrumblist"},"author":{"@id":"https:\/\/www.jornalja.com.br\/arquivo\/author\/daredacao\/#author"},"creator":{"@id":"https:\/\/www.jornalja.com.br\/arquivo\/author\/daredacao\/#author"},"datePublished":"2017-08-27T08:51:18-03:00","dateModified":"2017-08-27T08:51:18-03:00"},{"@type":"WebSite","@id":"https:\/\/www.jornalja.com.br\/arquivo\/#website","url":"https:\/\/www.jornalja.com.br\/arquivo\/","name":"Arquivo","description":"Jornal J\u00c1 | Porto Alegre","inLanguage":"pt-BR","publisher":{"@id":"https:\/\/www.jornalja.com.br\/arquivo\/#organization"}}]},"og:locale":"pt_BR","og:site_name":"Arquivo | Jornal J\u00c1 | Porto Alegre","og:type":"article","og:title":"Popula\u00e7\u00e3o carcer\u00e1ria feminina cresce 700% em dezesseis anos no Brasil | Arquivo","og:url":"https:\/\/www.jornalja.com.br\/arquivo\/populacao-carceraria-feminina-cresce-700-em-dezesseis-anos-no-brasil\/","og:image":"https:\/\/www.jornalja.com.br\/economics\/wp-content\/uploads\/sites\/11\/2026\/08\/ja-folhaderosto-facebook.jpg","og:image:secure_url":"https:\/\/www.jornalja.com.br\/economics\/wp-content\/uploads\/sites\/11\/2026\/08\/ja-folhaderosto-facebook.jpg","article:published_time":"2017-08-27T11:51:18+00:00","article:modified_time":"2017-08-27T11:51:18+00:00","twitter:card":"summary","twitter:title":"Popula\u00e7\u00e3o carcer\u00e1ria feminina cresce 700% em dezesseis anos no Brasil | Arquivo","twitter:image":"https:\/\/www.jornalja.com.br\/economics\/wp-content\/uploads\/sites\/11\/2026\/08\/ja-folhaderosto-facebook.jpg"},"aioseo_meta_data":{"post_id":"54323","title":null,"description":null,"keywords":null,"keyphrases":null,"primary_term":null,"canonical_url":null,"og_title":null,"og_description":null,"og_object_type":"default","og_image_type":"default","og_image_url":null,"og_image_width":null,"og_image_height":null,"og_image_custom_url":null,"og_image_custom_fields":null,"og_video":null,"og_custom_url":null,"og_article_section":null,"og_article_tags":null,"twitter_use_og":false,"twitter_card":"default","twitter_image_type":"default","twitter_image_url":null,"twitter_image_custom_url":null,"twitter_image_custom_fields":null,"twitter_title":null,"twitter_description":null,"schema":{"blockGraphs":[],"customGraphs":[],"default":{"data":{"Article":[],"Course":[],"Dataset":[],"FAQPage":[],"Movie":[],"Person":[],"Product":[],"ProductReview":[],"Car":[],"Recipe":[],"Service":[],"SoftwareApplication":[],"WebPage":[]},"graphName":"","isEnabled":true},"graphs":[],"defaultGraph":"","defaultPostTypeGraph":""},"schema_type":null,"schema_type_options":null,"pillar_content":false,"robots_default":true,"robots_noindex":false,"robots_noarchive":false,"robots_nosnippet":false,"robots_nofollow":false,"robots_noimageindex":false,"robots_noodp":false,"robots_notranslate":false,"robots_max_snippet":null,"robots_max_videopreview":null,"robots_max_imagepreview":"large","priority":null,"frequency":null,"location":null,"local_seo":null,"breadcrumb_settings":null,"limit_modified_date":false,"ai":null,"created":"2020-12-20 20:26:02","updated":"2025-07-20 00:37:24","seo_analyzer_scan_date":null,"focus_keyword":null,"additional_keywords":null,"truseo_locale":null},"jetpack_sharing_enabled":true,"jetpack-related-posts":[{"id":13124,"url":"https:\/\/www.jornalja.com.br\/arquivo\/sangue-latino-no-iecine\/","url_meta":{"origin":54323,"position":0},"title":"Sangue latino no IECINE","author":"da Reda\u00e7\u00e3o","date":"18 de maio de 2014","format":false,"excerpt":"Francisco Ribeiro O Instituto Estadual de Cinema (IECINE) tem a frente, desde abril \u00faltimo, um novo diretor, o cineasta colombiano Juan Zapata, 36, que substitui Luiz Alberto Cassol. Radicado h\u00e1 dez anos em Porto Alegre, Zapata tem diante de si o desafio de conduzir at\u00e9 o final do ano um\u2026","rel":"","context":"Em &quot;Cultura-Geral&quot;","block_context":{"text":"Cultura-Geral","link":"https:\/\/www.jornalja.com.br\/arquivo\/category\/materiasecundaria\/"},"img":{"alt_text":"","src":"","width":0,"height":0},"classes":[]},{"id":14241,"url":"https:\/\/www.jornalja.com.br\/arquivo\/o-guaiba-nas-imagens-poeticas-de-achutti\/","url_meta":{"origin":54323,"position":1},"title":"O Gua\u00edba nas imagens po\u00e9ticas de Achutti","author":"da Reda\u00e7\u00e3o","date":"18 de junho de 2014","format":false,"excerpt":"Em \u201cO Gua\u00edba por Achutti\u201d \u2013 obra financiada via Minist\u00e9rio da Cultura, produ\u00e7\u00e3o executiva de Pedro Longhi, e Fl\u00e1vio Wild como designer \u2013, o fot\u00f3grafo revela a beleza e as mazelas de um espa\u00e7o aqu\u00e1tico de \u00e1guas sempre renovadas, cheio de hist\u00f3rias e lendas como as das cidades que foram\u2026","rel":"","context":"Em &quot;Cultura-Geral&quot;","block_context":{"text":"Cultura-Geral","link":"https:\/\/www.jornalja.com.br\/arquivo\/category\/materiasecundaria\/"},"img":{"alt_text":"","src":"","width":0,"height":0},"classes":[]},{"id":1280,"url":"https:\/\/www.jornalja.com.br\/arquivo\/o-menino-que-se-tornou-brizola\/","url_meta":{"origin":54323,"position":2},"title":"O Menino que se Tornou Brizola","author":"da Reda\u00e7\u00e3o","date":"28 de julho de 2008","format":false,"excerpt":"Autor: Cleber Dioni A vida de Leonel Brizola, com \u00eanfase para os primeiros anos em Porto Alegre, at\u00e9 o ex\u00edlio no Uruguai e a volta, quinze anos depois. \u00a0\"...\u00c9ramos todos jovens e nos identific\u00e1vamos com aquela massa an\u00f4nima a percorrer as ruas de Porto Alegre, gritando 'Get\u00falio', 'Get\u00falio' e empunhando\u2026","rel":"","context":"Em &quot;Livros&quot;","block_context":{"text":"Livros","link":"https:\/\/www.jornalja.com.br\/arquivo\/category\/livros\/"},"img":{"alt_text":"","src":"https:\/\/i0.wp.com\/www.jornalja.com.br\/wp-content\/uploads\/2008\/07\/brizola.gif?resize=350%2C200&ssl=1","width":350,"height":200},"classes":[]},{"id":12960,"url":"https:\/\/www.jornalja.com.br\/arquivo\/populacao-culpa-empresas-pela-greve-dos-rodoviarios\/","url_meta":{"origin":54323,"position":3},"title":"Popula\u00e7\u00e3o culpa empresas pela greve","author":"Patr\u00edcia Marini","date":"14 de fevereiro de 2014","format":false,"excerpt":"Pesquisa divulgada na edi\u00e7\u00e3o do jornal Metro desta sexta-feira,14, comprova o velho ditado: \u00e9 poss\u00edvel enganar muitos por algum tempo, mas n\u00e3o \u00e9 poss\u00edvel enganar a todos o tempo inteiro. A principal revela\u00e7\u00e3o foi que 59,8% dos entrevistados apontaram as empresas como as principais respons\u00e1veis pela grave e 46% culparam\u2026","rel":"","context":"Em &quot;X.Categorias velhas&quot;","block_context":{"text":"X.Categorias velhas","link":"https:\/\/www.jornalja.com.br\/arquivo\/category\/x-categorias-velhas\/"},"img":{"alt_text":"","src":"","width":0,"height":0},"classes":[]},{"id":13109,"url":"https:\/\/www.jornalja.com.br\/arquivo\/judiciario-reconhece-poluicao-eletromagnetica\/","url_meta":{"origin":54323,"position":4},"title":"Judici\u00e1rio reconhece polui\u00e7\u00e3o eletromagn\u00e9tica","author":"Patr\u00edcia Marini","date":"16 de maio de 2014","format":false,"excerpt":"A\u00e7\u00e3o de duas associa\u00e7\u00f5es de moradores foi acolhida pelo Tribunal de Justi\u00e7a de S\u00e3o Paulo que. em decis\u00e3o in\u00e9dita, determinou a redu\u00e7\u00e3o do campo eletromagn\u00e9tico gerado pelas linhas de transmiss\u00e3o de energia que cortam os bairros City Boa\u00e7ava e Alto de Pinheiros. \u00c9 a primeira vez que um tribunal do\u2026","rel":"","context":"Em &quot;X.Categorias velhas&quot;","block_context":{"text":"X.Categorias velhas","link":"https:\/\/www.jornalja.com.br\/arquivo\/category\/x-categorias-velhas\/"},"img":{"alt_text":"","src":"","width":0,"height":0},"classes":[]},{"id":13101,"url":"https:\/\/www.jornalja.com.br\/arquivo\/morre-um-guerreiro-do-texto\/","url_meta":{"origin":54323,"position":5},"title":"Morre um guerreiro do texto","author":"Patr\u00edcia Marini","date":"14 de maio de 2014","format":false,"excerpt":"Por Ricardo Kotscho Reproduzido do blog do autor, 11\/5\/2014; t\u00edtulo original \u201cE l\u00e1 se foi o nosso Myltainho, guerreiro do texto\u201d. Mi\u00fado e franzino, meu amigo Myltainho era um valente e inconformado guerreiro na luta contra as injusti\u00e7as sociais, a hipocrisia, as maracutaias, o autoritarismo, a intoler\u00e2ncia, a viol\u00eancia, o\u2026","rel":"","context":"Em &quot;Geral&quot;","block_context":{"text":"Geral","link":"https:\/\/www.jornalja.com.br\/arquivo\/category\/geral\/"},"img":{"alt_text":"","src":"","width":0,"height":0},"classes":[]}],"jetpack_shortlink":"https:\/\/wp.me\/pbQjBd-e8b","jetpack_featured_media_url":"","_links":{"self":[{"href":"https:\/\/www.jornalja.com.br\/arquivo\/wp-json\/wp\/v2\/posts\/54323","targetHints":{"allow":["GET"]}}],"collection":[{"href":"https:\/\/www.jornalja.com.br\/arquivo\/wp-json\/wp\/v2\/posts"}],"about":[{"href":"https:\/\/www.jornalja.com.br\/arquivo\/wp-json\/wp\/v2\/types\/post"}],"author":[{"embeddable":true,"href":"https:\/\/www.jornalja.com.br\/arquivo\/wp-json\/wp\/v2\/users\/4"}],"replies":[{"embeddable":true,"href":"https:\/\/www.jornalja.com.br\/arquivo\/wp-json\/wp\/v2\/comments?post=54323"}],"version-history":[{"count":0,"href":"https:\/\/www.jornalja.com.br\/arquivo\/wp-json\/wp\/v2\/posts\/54323\/revisions"}],"wp:attachment":[{"href":"https:\/\/www.jornalja.com.br\/arquivo\/wp-json\/wp\/v2\/media?parent=54323"}],"wp:term":[{"taxonomy":"category","embeddable":true,"href":"https:\/\/www.jornalja.com.br\/arquivo\/wp-json\/wp\/v2\/categories?post=54323"},{"taxonomy":"post_tag","embeddable":true,"href":"https:\/\/www.jornalja.com.br\/arquivo\/wp-json\/wp\/v2\/tags?post=54323"}],"curies":[{"name":"wp","href":"https:\/\/api.w.org\/{rel}","templated":true}]}}